{"id":9411,"date":"2013-12-05T08:44:11","date_gmt":"2013-12-05T08:44:11","guid":{"rendered":"http:\/\/destinocastillayleon.es\/index\/?p=9411"},"modified":"2015-05-02T22:04:09","modified_gmt":"2015-05-02T20:04:09","slug":"jornadas-del-cardo-rojo-de-agreda-soria","status":"publish","type":"post","link":"https:\/\/destinocastillayleon.es\/index\/jornadas-del-cardo-rojo-de-agreda-soria\/","title":{"rendered":"V Jornadas del Cardo Rojo de \u00c1greda, Soria"},"content":{"rendered":"<p style=\"text-align: justify;\"><strong>Del 6 al 8 de diciembre<\/strong> se celebrar\u00e1 en \u00c1greda, Soria (<a title=\"Como llegar a \u00c1greda con google maps\" href=\"https:\/\/maps.google.es\/maps?q=agreda&amp;ie=UTF8&amp;hnear=%C3%81greda,+Soria,+Castilla+y+Le%C3%B3n&amp;t=h&amp;z=15\" target=\"_blank\">ver c\u00f3mo llegar<\/a>) las<strong> V Jornadas del Cardo Rojo. <\/strong>Tres d\u00edas repletos de actividades para degustar esta verdura que, t\u00edpica de la Navidad, puede consumirse durante todo el a\u00f1o.<\/p>\n<p>&nbsp; <\/p>\n<h2>V Jornadas del Cardo Rojo de \u00c1greda, Soria<\/h2>\n<p><a href=\"http:\/\/destinocastillayleon.es\/index\/wp-content\/uploads\/2013\/12\/CARTEL-JORNADAS-CARDO-13.jpg\"><img decoding=\"async\" class=\"wp-image-9413 aligncenter\" title=\"Jornadas del Cardo Rojo de \u00c1greda CARTEL JORNADAS CARDO 2013 en \u00c1greda, Soria\" alt=\"CARTEL JORNADAS CARDO 2013 en \u00c1greda, Soria\" src=\"http:\/\/destinocastillayleon.es\/index\/wp-content\/uploads\/2013\/12\/CARTEL-JORNADAS-CARDO-13.jpg\" width=\"640\" srcset=\"https:\/\/destinocastillayleon.es\/index\/wp-content\/uploads\/2013\/12\/CARTEL-JORNADAS-CARDO-13.jpg 376w, https:\/\/destinocastillayleon.es\/index\/wp-content\/uploads\/2013\/12\/CARTEL-JORNADAS-CARDO-13-212x300.jpg 212w, https:\/\/destinocastillayleon.es\/index\/wp-content\/uploads\/2013\/12\/CARTEL-JORNADAS-CARDO-13-725x1024.jpg 725w\" sizes=\"(max-width: 376px) 100vw, 376px\" \/><\/a><br \/>\n&nbsp; <\/p>\n<h3>Programa de las V Jornadas del Cardo Rojo<\/h3>\n<h4>VIERNES 6 de diciembre<\/h4>\n<p style=\"text-align: justify;\"><strong>18:00h \u2013 Inauguraci\u00f3n de las V Jornadas del Cardo Rojo de \u00c1greda<\/strong>. Palacio Castej\u00f3n.<br \/>\nConferencia: \u201cSoria sentir rural\u201d. A cargo de Eva S\u00e1nchez Ballesteros. Redactora de Cadena Ser Arag\u00f3n. Palacio Castej\u00f3n<\/p>\n<p style=\"text-align: justify;\"><strong>19:00h \u2013 Inauguraci\u00f3n Exposiciones: \u00abV Concurso de Fotograf\u00eda \u201cFiestas y Tradiciones de \u00c1greda a lo largo de la historia\u201d<\/strong>.<br \/>\n\u201cLabores de Punto de Cruz, Petit Poin, Punto Largo y Punto\u00a0Yugoslavo\u201d. Organizado por Academia de Arte Patricia Berdonces. Sala de Exposiciones \u201cJos\u00e9 M\u00aa Garc\u00eda Royo\u201d. Palacio Castej\u00f3n.<\/p>\n<p>&nbsp; <\/p>\n<h4>S\u00c1BADO 7 de diciembre<\/h4>\n<p style=\"text-align: justify;\"><strong>12:00h \u2013 Visita guiada por las Huertas \u00c1rabes, espacios naturales donde se cultiva el Cardo Rojo de \u00c1greda.<\/strong> Se partir\u00e1 de la Oficina de Turismo. Plaza Mayor.<\/p>\n<p style=\"text-align: justify;\"><strong>18:00h \u2013 Taller del Cardo Rojo de \u00c1greda,<\/strong> a cargo de la Asociaci\u00f3n de Mujeres \u201cEl Moncayo\u201d.Palacio Castej\u00f3n.<br \/>\nDegustaci\u00f3n de platos elaborados a base de Cardo Rojo de \u00c1greda, Organizado por la Asociaci\u00f3n de Mujeres \u201cEl Moncayo\u201d. Palacio Castej\u00f3n.<\/p>\n<p style=\"text-align: justify;\"><strong>19:00h \u2013 Actuaci\u00f3n musical \u201cCALEANA<\/strong> \u201c Entrega de premios a los ganadores del Concurso Fotogr\u00e1fico \u201cFiestas y Tradiciones de \u00c1greda a lo largo de la Historia\u201d y del II Certamen Literario de Turismo Medioambiental\u201cVilla de\u00a0\u00c1greda 2013: El Moncayo\u201d.<\/p>\n<p>&nbsp; <\/p>\n<h4>DOMINGO 8 de diciembre<\/h4>\n<p style=\"text-align: justify;\"><strong> 12:00h \u2013 Visita guiada por las Huertas \u00c1rabes,<\/strong> espacios naturales donde se cultiva el Cardo\u00a0Rojo de \u00c1greda. Se partir\u00e1 de la Oficina de Turismo. Plaza Mayor. Colabora: \u201cAsociaci\u00f3n Pro Turismo Horizonte Moncayo\u201d<\/p>\n<p style=\"text-align: justify;\"><strong>18:00h \u2013 Actuaci\u00f3n de la Coral y Orquesta \u201cVilla de \u00c1greda\u201d<\/strong>. Palacio Castej\u00f3n.<\/p>\n<p>&nbsp; <\/p>\n<h3 style=\"text-align: justify;\"><strong>Men\u00fas degustaci\u00f3n del Cardo Rojo de \u00c1greda<\/strong><\/h3>\n<p style=\"text-align: justify;\">La forma m\u00e1s habitual de cocinar el cardo es mediante su cocci\u00f3n en agua hirviendo con sal y un poco de lim\u00f3n a fuego medio. Pero si te acercas a \u00c1greda, los fines de semana de\u00a0\u00a0noviembre, diciembre\u00a0y\u00a0enero podr\u00e1s disfrutar\u00a0del cardo rojo en los men\u00fas degustaci\u00f3n y tapas en\u00a0los bares y restaurantes de esta localidad soriana.<\/p>\n<p>&nbsp; <\/p>\n<h4>Tipos de men\u00fa<\/h4>\n<p>Encontrar\u00e1s los <strong>Men\u00fas degustaci\u00f3n de Cardo Rojo<\/strong> en:<br \/>\n&nbsp; &#8211; Restaurante \u201cDo\u00f1a Juana\u201d<br \/>\n&nbsp; &#8211; Restaurante \u201cEl Bosque\u201d<br \/>\n&nbsp; &#8211; Restaurante \u201cTierra de Fronteras\u201d<br \/>\n&nbsp; &#8211; Restaurante \u201cLa Sinagoga\u201d<\/p>\n<p>Para degustar las <strong>Tapas de Cardo Rojo<\/strong>:<br \/>\n&nbsp; &#8211; Bar \u201cLos Arcos \u201c<br \/>\n&nbsp; &#8211; Bar \u201cYumay\u201d<br \/>\n&nbsp; &#8211; Bar \u201cChester\u201d<br \/>\n&nbsp; &#8211; Bar Cafeteria \u201cDo\u00f1a Juana\u201d<br \/>\n&nbsp; &#8211; Bar \u201cBeatle-Yus\u201d<br \/>\n&nbsp; &#8211; Bar \u201cTierra de Fronteras\u201d<br \/>\n&nbsp; &#8211; Bar \u201cGarito del Eve \u201c<br \/>\n&nbsp; &#8211; Bar \u201cEl Bosque\u201d<br \/>\n&nbsp; &#8211; Bar \u201cLa Sinagoga\u201d<br \/>\n&nbsp; &#8211; Cafeter\u00eda \u201cLa Espiga de Oro\u201d<br \/>\n&nbsp;<br \/>\n<strong>Desc\u00e1rgate <a title=\"Folleto V jornadas del cardo rojo en \u00c1greda Soria\" href=\"http:\/\/www.agreda.es\/index.php\/mod.documentos\/mem.descargar\/fichero.documentos_Jornadas_Carlo_Rojo_2013_4969bce2%232E%23pdf\" target=\"_blank\">aqu\u00ed<\/a><\/strong> el folleto informativo de estas V jornadas del Cardo Rojo de \u00c1greda.<br \/>\n&nbsp; <\/p>\n<h4>Art\u00edculos Relacionados:<\/h4>\n<p>&nbsp; &nbsp; <strong>\u2022 <\/strong><a href=\"http:\/\/destinocastillayleon.es\/index\/jornadas-fiestas-de-la-matanza-en-castilla-leon\/\"><span style=\"color: #000000;\">Jornadas y Fiestas de la Matanza en Castilla y Le\u00f3n<\/span><\/a><br \/>\n&nbsp; &nbsp; <strong>\u2022 <\/strong><a href=\"http:\/\/destinocastillayleon.es\/index\/ferias-de-los-dulces-de-las-monjas-en-valladolid-salamanca\/\"><span style=\"color: #000000;\">Ferias de los Dulces de las Monjas en Valladolid y Salamanca<\/span><\/a><br \/>\n&nbsp; &nbsp; <strong>\u2022 <\/strong><a href=\"http:\/\/destinocastillayleon.es\/index\/pasar-fin-de-semana-en-soria\/\"><span style=\"color: #000000;\">Pasar un fin de semana en Soria I<\/span><\/a><br \/>\n&nbsp; &nbsp; <strong>\u2022 <\/strong><a href=\"http:\/\/destinocastillayleon.es\/index\/pasar-fin-de-semana-en-soria-ii\/\"><span style=\"color: #000000;\">Pasar un fin de semana en Soria II<\/span><\/a><br \/>\n&nbsp; <\/p>\n","protected":false},"excerpt":{"rendered":"<p>Es la quinta edici\u00f3n de estas jornadas dedicadas al Cardo Rojo de \u00c1greda en Soria. Tienen un completo programa de actividades, m\u00fasica, exposiciones,tapas y men\u00fas degustaci\u00f3n del cardo para chuparse los dedos. \u00a1Echa un vistazo! <\/p>\n","protected":false},"author":6,"featured_media":9415,"comment_status":"open","ping_status":"closed","sticky":false,"template":"","format":"standard","meta":{"rop_custom_images_group":[],"rop_custom_messages_group":[],"rop_publish_now":"initial","rop_publish_now_accounts":{"twitter_1150954226_1150954226":""},"rop_publish_now_history":[],"rop_publish_now_status":"pending","footnotes":""},"categories":[77,303,4477,68,41],"tags":[3832,1192,1194,986,3807,2600,1193,823,1191],"class_list":["post-9411","post","type-post","status-publish","format-standard","has-post-thumbnail","hentry","category-actualidad-y-agenda-de-castilla-y-leon","category-gastronomia","category-jornadas-gastronomicas","category-post_inicial","category-soria","tag-cardo-rojo-de-soria","tag-comer-en-agreda","tag-como-preparar-cardo-rojo","tag-gastronomia-en-soria","tag-jornadas-del-cardo-rojo","tag-jornadas-del-cardo-rojo-de-agreda","tag-jornadas-gastronomicas-castilla-y-leon","tag-turismo-gastronomico-en-soria","tag-v-jornadas-del-cardo-rojo-en-agreda"],"yoast_head":"<!-- This site is optimized with the Yoast SEO Premium plugin v20.4 (Yoast SEO v27.4) - https:\/\/yoast.com\/product\/yoast-seo-premium-wordpress\/ -->\n<title>V Jornadas del Cardo Rojo de \u00c1greda, Soria<\/title>\n<meta name=\"description\" content=\"Disfruta de estas Jornadas del Cardo Rojo en \u00c1greda, Soria. Tienen un completo programa de actividades y podr\u00e1s tapear y probar sus men\u00fas degustaci\u00f3n\" \/>\n<meta name=\"robots\" content=\"index, follow, max-snippet:-1, max-image-preview:large, max-video-preview:-1\" \/>\n<link rel=\"canonical\" href=\"https:\/\/destinocastillayleon.es\/index\/jornadas-del-cardo-rojo-de-agreda-soria\/\" \/>\n<meta property=\"og:locale\" content=\"es_ES\" \/>\n<meta property=\"og:type\" content=\"article\" \/>\n<meta property=\"og:title\" content=\"V Jornadas del Cardo Rojo de \u00c1greda, Soria\" \/>\n<meta property=\"og:description\" content=\"Disfruta de estas Jornadas del Cardo Rojo en \u00c1greda, Soria. Tienen un completo programa de actividades y podr\u00e1s tapear y probar sus men\u00fas degustaci\u00f3n\" \/>\n<meta property=\"og:url\" content=\"https:\/\/destinocastillayleon.es\/index\/jornadas-del-cardo-rojo-de-agreda-soria\/\" \/>\n<meta property=\"og:site_name\" content=\"Destino Castilla y Le\u00f3n\" \/>\n<meta property=\"article:publisher\" content=\"https:\/\/www.facebook.com\/DestinoCastillaYLeon\/\" \/>\n<meta property=\"article:published_time\" content=\"2013-12-05T08:44:11+00:00\" \/>\n<meta property=\"article:modified_time\" content=\"2015-05-02T20:04:09+00:00\" \/>\n<meta property=\"og:image\" content=\"https:\/\/destinocastillayleon.es\/index\/wp-content\/uploads\/2013\/12\/ee0bb582c3a87f6421334d44601b07ca.jpg\" \/>\n\t<meta property=\"og:image:width\" content=\"653\" \/>\n\t<meta property=\"og:image:height\" content=\"531\" \/>\n\t<meta property=\"og:image:type\" content=\"image\/jpeg\" \/>\n<meta name=\"author\" content=\"Lola Hernandez\" \/>\n<meta name=\"twitter:card\" content=\"summary_large_image\" \/>\n<meta name=\"twitter:creator\" content=\"@destinocyl\" \/>\n<meta name=\"twitter:site\" content=\"@destinocyl\" \/>\n<meta name=\"twitter:label1\" content=\"Escrito por\" \/>\n\t<meta name=\"twitter:data1\" content=\"Lola Hernandez\" \/>\n\t<meta name=\"twitter:label2\" content=\"Tiempo de lectura\" \/>\n\t<meta name=\"twitter:data2\" content=\"3 minutos\" \/>\n<script type=\"application\/ld+json\" class=\"yoast-schema-graph\">{\"@context\":\"https:\\\/\\\/schema.org\",\"@graph\":[{\"@type\":\"Article\",\"@id\":\"https:\\\/\\\/destinocastillayleon.es\\\/index\\\/jornadas-del-cardo-rojo-de-agreda-soria\\\/#article\",\"isPartOf\":{\"@id\":\"https:\\\/\\\/destinocastillayleon.es\\\/index\\\/jornadas-del-cardo-rojo-de-agreda-soria\\\/\"},\"author\":{\"name\":\"Lola Hernandez\",\"@id\":\"https:\\\/\\\/destinocastillayleon.es\\\/index\\\/#\\\/schema\\\/person\\\/49ffcb7eb307589ba529009335ed7767\"},\"headline\":\"V Jornadas del Cardo Rojo de \u00c1greda, Soria\",\"datePublished\":\"2013-12-05T08:44:11+00:00\",\"dateModified\":\"2015-05-02T20:04:09+00:00\",\"mainEntityOfPage\":{\"@id\":\"https:\\\/\\\/destinocastillayleon.es\\\/index\\\/jornadas-del-cardo-rojo-de-agreda-soria\\\/\"},\"wordCount\":562,\"commentCount\":0,\"image\":{\"@id\":\"https:\\\/\\\/destinocastillayleon.es\\\/index\\\/jornadas-del-cardo-rojo-de-agreda-soria\\\/#primaryimage\"},\"thumbnailUrl\":\"https:\\\/\\\/destinocastillayleon.es\\\/index\\\/wp-content\\\/uploads\\\/2013\\\/12\\\/ee0bb582c3a87f6421334d44601b07ca.jpg\",\"keywords\":[\"cardo rojo de soria\",\"Comer en \u00c1greda\",\"C\u00f3mo preparar Cardo Rojo\",\"gastronom\u00eda en Soria\",\"Jornadas del Cardo Rojo\",\"Jornadas del Cardo Rojo de \u00c1greda\",\"Jornadas gastron\u00f3micas Castilla y Le\u00f3n\",\"turismo gastronomico en Soria\",\"V jornadas del cardo rojo en \u00c1greda\"],\"articleSection\":[\"Actualidad\",\"Gastronomia\",\"jornadas gastron\u00f3micas\",\"Post_inicial\",\"Soria\"],\"inLanguage\":\"es\",\"potentialAction\":[{\"@type\":\"CommentAction\",\"name\":\"Comment\",\"target\":[\"https:\\\/\\\/destinocastillayleon.es\\\/index\\\/jornadas-del-cardo-rojo-de-agreda-soria\\\/#respond\"]}]},{\"@type\":\"WebPage\",\"@id\":\"https:\\\/\\\/destinocastillayleon.es\\\/index\\\/jornadas-del-cardo-rojo-de-agreda-soria\\\/\",\"url\":\"https:\\\/\\\/destinocastillayleon.es\\\/index\\\/jornadas-del-cardo-rojo-de-agreda-soria\\\/\",\"name\":\"V Jornadas del Cardo Rojo de \u00c1greda, Soria\",\"isPartOf\":{\"@id\":\"https:\\\/\\\/destinocastillayleon.es\\\/index\\\/#website\"},\"primaryImageOfPage\":{\"@id\":\"https:\\\/\\\/destinocastillayleon.es\\\/index\\\/jornadas-del-cardo-rojo-de-agreda-soria\\\/#primaryimage\"},\"image\":{\"@id\":\"https:\\\/\\\/destinocastillayleon.es\\\/index\\\/jornadas-del-cardo-rojo-de-agreda-soria\\\/#primaryimage\"},\"thumbnailUrl\":\"https:\\\/\\\/destinocastillayleon.es\\\/index\\\/wp-content\\\/uploads\\\/2013\\\/12\\\/ee0bb582c3a87f6421334d44601b07ca.jpg\",\"datePublished\":\"2013-12-05T08:44:11+00:00\",\"dateModified\":\"2015-05-02T20:04:09+00:00\",\"author\":{\"@id\":\"https:\\\/\\\/destinocastillayleon.es\\\/index\\\/#\\\/schema\\\/person\\\/49ffcb7eb307589ba529009335ed7767\"},\"description\":\"Disfruta de estas Jornadas del Cardo Rojo en \u00c1greda, Soria. Tienen un completo programa de actividades y podr\u00e1s tapear y probar sus men\u00fas degustaci\u00f3n\",\"breadcrumb\":{\"@id\":\"https:\\\/\\\/destinocastillayleon.es\\\/index\\\/jornadas-del-cardo-rojo-de-agreda-soria\\\/#breadcrumb\"},\"inLanguage\":\"es\",\"potentialAction\":[{\"@type\":\"ReadAction\",\"target\":[\"https:\\\/\\\/destinocastillayleon.es\\\/index\\\/jornadas-del-cardo-rojo-de-agreda-soria\\\/\"]}]},{\"@type\":\"ImageObject\",\"inLanguage\":\"es\",\"@id\":\"https:\\\/\\\/destinocastillayleon.es\\\/index\\\/jornadas-del-cardo-rojo-de-agreda-soria\\\/#primaryimage\",\"url\":\"https:\\\/\\\/destinocastillayleon.es\\\/index\\\/wp-content\\\/uploads\\\/2013\\\/12\\\/ee0bb582c3a87f6421334d44601b07ca.jpg\",\"contentUrl\":\"https:\\\/\\\/destinocastillayleon.es\\\/index\\\/wp-content\\\/uploads\\\/2013\\\/12\\\/ee0bb582c3a87f6421334d44601b07ca.jpg\",\"width\":653,\"height\":531},{\"@type\":\"BreadcrumbList\",\"@id\":\"https:\\\/\\\/destinocastillayleon.es\\\/index\\\/jornadas-del-cardo-rojo-de-agreda-soria\\\/#breadcrumb\",\"itemListElement\":[{\"@type\":\"ListItem\",\"position\":1,\"name\":\"Portada\",\"item\":\"https:\\\/\\\/destinocastillayleon.es\\\/index\\\/\"},{\"@type\":\"ListItem\",\"position\":2,\"name\":\"V Jornadas del Cardo Rojo de \u00c1greda, Soria\"}]},{\"@type\":\"WebSite\",\"@id\":\"https:\\\/\\\/destinocastillayleon.es\\\/index\\\/#website\",\"url\":\"https:\\\/\\\/destinocastillayleon.es\\\/index\\\/\",\"name\":\"Destino Castilla y Le\u00f3n\",\"description\":\"Medio digital independiente y revista de Castilla y Le\u00f3n dedicado al turismo, gastronom\u00eda y vino de Castilla y Le\u00f3n\",\"potentialAction\":[{\"@type\":\"SearchAction\",\"target\":{\"@type\":\"EntryPoint\",\"urlTemplate\":\"https:\\\/\\\/destinocastillayleon.es\\\/index\\\/?s={search_term_string}\"},\"query-input\":{\"@type\":\"PropertyValueSpecification\",\"valueRequired\":true,\"valueName\":\"search_term_string\"}}],\"inLanguage\":\"es\"},{\"@type\":\"Person\",\"@id\":\"https:\\\/\\\/destinocastillayleon.es\\\/index\\\/#\\\/schema\\\/person\\\/49ffcb7eb307589ba529009335ed7767\",\"name\":\"Lola Hernandez\",\"image\":{\"@type\":\"ImageObject\",\"inLanguage\":\"es\",\"@id\":\"https:\\\/\\\/secure.gravatar.com\\\/avatar\\\/72ead65e55ad0522fba484acfe2842bf78b2f7c727df41d76fed78a85519da34?s=96&d=mm&r=g\",\"url\":\"https:\\\/\\\/secure.gravatar.com\\\/avatar\\\/72ead65e55ad0522fba484acfe2842bf78b2f7c727df41d76fed78a85519da34?s=96&d=mm&r=g\",\"contentUrl\":\"https:\\\/\\\/secure.gravatar.com\\\/avatar\\\/72ead65e55ad0522fba484acfe2842bf78b2f7c727df41d76fed78a85519da34?s=96&d=mm&r=g\",\"caption\":\"Lola Hernandez\"},\"description\":\"Lola Hern\u00e1ndez fue fundadora y directora de www.destinocastillayleon.es Escribiendo sobre turismo, gastronom\u00eda y vino de su tierra de origen, Castilla y Le\u00f3n.\",\"sameAs\":[\"http:\\\/\\\/www.destinoysabor.com\\\/blog\"],\"url\":\"https:\\\/\\\/destinocastillayleon.es\\\/index\\\/author\\\/lola-hernandez\\\/\"}]}<\/script>\n<!-- \/ Yoast SEO Premium plugin. -->","yoast_head_json":{"title":"V Jornadas del Cardo Rojo de \u00c1greda, Soria","description":"Disfruta de estas Jornadas del Cardo Rojo en \u00c1greda, Soria. Tienen un completo programa de actividades y podr\u00e1s tapear y probar sus men\u00fas degustaci\u00f3n","robots":{"index":"index","follow":"follow","max-snippet":"max-snippet:-1","max-image-preview":"max-image-preview:large","max-video-preview":"max-video-preview:-1"},"canonical":"https:\/\/destinocastillayleon.es\/index\/jornadas-del-cardo-rojo-de-agreda-soria\/","og_locale":"es_ES","og_type":"article","og_title":"V Jornadas del Cardo Rojo de \u00c1greda, Soria","og_description":"Disfruta de estas Jornadas del Cardo Rojo en \u00c1greda, Soria. Tienen un completo programa de actividades y podr\u00e1s tapear y probar sus men\u00fas degustaci\u00f3n","og_url":"https:\/\/destinocastillayleon.es\/index\/jornadas-del-cardo-rojo-de-agreda-soria\/","og_site_name":"Destino Castilla y Le\u00f3n","article_publisher":"https:\/\/www.facebook.com\/DestinoCastillaYLeon\/","article_published_time":"2013-12-05T08:44:11+00:00","article_modified_time":"2015-05-02T20:04:09+00:00","og_image":[{"width":653,"height":531,"url":"https:\/\/destinocastillayleon.es\/index\/wp-content\/uploads\/2013\/12\/ee0bb582c3a87f6421334d44601b07ca.jpg","type":"image\/jpeg"}],"author":"Lola Hernandez","twitter_card":"summary_large_image","twitter_creator":"@destinocyl","twitter_site":"@destinocyl","twitter_misc":{"Escrito por":"Lola Hernandez","Tiempo de lectura":"3 minutos"},"schema":{"@context":"https:\/\/schema.org","@graph":[{"@type":"Article","@id":"https:\/\/destinocastillayleon.es\/index\/jornadas-del-cardo-rojo-de-agreda-soria\/#article","isPartOf":{"@id":"https:\/\/destinocastillayleon.es\/index\/jornadas-del-cardo-rojo-de-agreda-soria\/"},"author":{"name":"Lola Hernandez","@id":"https:\/\/destinocastillayleon.es\/index\/#\/schema\/person\/49ffcb7eb307589ba529009335ed7767"},"headline":"V Jornadas del Cardo Rojo de \u00c1greda, Soria","datePublished":"2013-12-05T08:44:11+00:00","dateModified":"2015-05-02T20:04:09+00:00","mainEntityOfPage":{"@id":"https:\/\/destinocastillayleon.es\/index\/jornadas-del-cardo-rojo-de-agreda-soria\/"},"wordCount":562,"commentCount":0,"image":{"@id":"https:\/\/destinocastillayleon.es\/index\/jornadas-del-cardo-rojo-de-agreda-soria\/#primaryimage"},"thumbnailUrl":"https:\/\/destinocastillayleon.es\/index\/wp-content\/uploads\/2013\/12\/ee0bb582c3a87f6421334d44601b07ca.jpg","keywords":["cardo rojo de soria","Comer en \u00c1greda","C\u00f3mo preparar Cardo Rojo","gastronom\u00eda en Soria","Jornadas del Cardo Rojo","Jornadas del Cardo Rojo de \u00c1greda","Jornadas gastron\u00f3micas Castilla y Le\u00f3n","turismo gastronomico en Soria","V jornadas del cardo rojo en \u00c1greda"],"articleSection":["Actualidad","Gastronomia","jornadas gastron\u00f3micas","Post_inicial","Soria"],"inLanguage":"es","potentialAction":[{"@type":"CommentAction","name":"Comment","target":["https:\/\/destinocastillayleon.es\/index\/jornadas-del-cardo-rojo-de-agreda-soria\/#respond"]}]},{"@type":"WebPage","@id":"https:\/\/destinocastillayleon.es\/index\/jornadas-del-cardo-rojo-de-agreda-soria\/","url":"https:\/\/destinocastillayleon.es\/index\/jornadas-del-cardo-rojo-de-agreda-soria\/","name":"V Jornadas del Cardo Rojo de \u00c1greda, Soria","isPartOf":{"@id":"https:\/\/destinocastillayleon.es\/index\/#website"},"primaryImageOfPage":{"@id":"https:\/\/destinocastillayleon.es\/index\/jornadas-del-cardo-rojo-de-agreda-soria\/#primaryimage"},"image":{"@id":"https:\/\/destinocastillayleon.es\/index\/jornadas-del-cardo-rojo-de-agreda-soria\/#primaryimage"},"thumbnailUrl":"https:\/\/destinocastillayleon.es\/index\/wp-content\/uploads\/2013\/12\/ee0bb582c3a87f6421334d44601b07ca.jpg","datePublished":"2013-12-05T08:44:11+00:00","dateModified":"2015-05-02T20:04:09+00:00","author":{"@id":"https:\/\/destinocastillayleon.es\/index\/#\/schema\/person\/49ffcb7eb307589ba529009335ed7767"},"description":"Disfruta de estas Jornadas del Cardo Rojo en \u00c1greda, Soria. Tienen un completo programa de actividades y podr\u00e1s tapear y probar sus men\u00fas degustaci\u00f3n","breadcrumb":{"@id":"https:\/\/destinocastillayleon.es\/index\/jornadas-del-cardo-rojo-de-agreda-soria\/#breadcrumb"},"inLanguage":"es","potentialAction":[{"@type":"ReadAction","target":["https:\/\/destinocastillayleon.es\/index\/jornadas-del-cardo-rojo-de-agreda-soria\/"]}]},{"@type":"ImageObject","inLanguage":"es","@id":"https:\/\/destinocastillayleon.es\/index\/jornadas-del-cardo-rojo-de-agreda-soria\/#primaryimage","url":"https:\/\/destinocastillayleon.es\/index\/wp-content\/uploads\/2013\/12\/ee0bb582c3a87f6421334d44601b07ca.jpg","contentUrl":"https:\/\/destinocastillayleon.es\/index\/wp-content\/uploads\/2013\/12\/ee0bb582c3a87f6421334d44601b07ca.jpg","width":653,"height":531},{"@type":"BreadcrumbList","@id":"https:\/\/destinocastillayleon.es\/index\/jornadas-del-cardo-rojo-de-agreda-soria\/#breadcrumb","itemListElement":[{"@type":"ListItem","position":1,"name":"Portada","item":"https:\/\/destinocastillayleon.es\/index\/"},{"@type":"ListItem","position":2,"name":"V Jornadas del Cardo Rojo de \u00c1greda, Soria"}]},{"@type":"WebSite","@id":"https:\/\/destinocastillayleon.es\/index\/#website","url":"https:\/\/destinocastillayleon.es\/index\/","name":"Destino Castilla y Le\u00f3n","description":"Medio digital independiente y revista de Castilla y Le\u00f3n dedicado al turismo, gastronom\u00eda y vino de Castilla y Le\u00f3n","potentialAction":[{"@type":"SearchAction","target":{"@type":"EntryPoint","urlTemplate":"https:\/\/destinocastillayleon.es\/index\/?s={search_term_string}"},"query-input":{"@type":"PropertyValueSpecification","valueRequired":true,"valueName":"search_term_string"}}],"inLanguage":"es"},{"@type":"Person","@id":"https:\/\/destinocastillayleon.es\/index\/#\/schema\/person\/49ffcb7eb307589ba529009335ed7767","name":"Lola Hernandez","image":{"@type":"ImageObject","inLanguage":"es","@id":"https:\/\/secure.gravatar.com\/avatar\/72ead65e55ad0522fba484acfe2842bf78b2f7c727df41d76fed78a85519da34?s=96&d=mm&r=g","url":"https:\/\/secure.gravatar.com\/avatar\/72ead65e55ad0522fba484acfe2842bf78b2f7c727df41d76fed78a85519da34?s=96&d=mm&r=g","contentUrl":"https:\/\/secure.gravatar.com\/avatar\/72ead65e55ad0522fba484acfe2842bf78b2f7c727df41d76fed78a85519da34?s=96&d=mm&r=g","caption":"Lola Hernandez"},"description":"Lola Hern\u00e1ndez fue fundadora y directora de www.destinocastillayleon.es Escribiendo sobre turismo, gastronom\u00eda y vino de su tierra de origen, Castilla y Le\u00f3n.","sameAs":["http:\/\/www.destinoysabor.com\/blog"],"url":"https:\/\/destinocastillayleon.es\/index\/author\/lola-hernandez\/"}]}},"_links":{"self":[{"href":"https:\/\/destinocastillayleon.es\/index\/wp-json\/wp\/v2\/posts\/9411","targetHints":{"allow":["GET"]}}],"collection":[{"href":"https:\/\/destinocastillayleon.es\/index\/wp-json\/wp\/v2\/posts"}],"about":[{"href":"https:\/\/destinocastillayleon.es\/index\/wp-json\/wp\/v2\/types\/post"}],"author":[{"embeddable":true,"href":"https:\/\/destinocastillayleon.es\/index\/wp-json\/wp\/v2\/users\/6"}],"replies":[{"embeddable":true,"href":"https:\/\/destinocastillayleon.es\/index\/wp-json\/wp\/v2\/comments?post=9411"}],"version-history":[{"count":14,"href":"https:\/\/destinocastillayleon.es\/index\/wp-json\/wp\/v2\/posts\/9411\/revisions"}],"predecessor-version":[{"id":19070,"href":"https:\/\/destinocastillayleon.es\/index\/wp-json\/wp\/v2\/posts\/9411\/revisions\/19070"}],"wp:featuredmedia":[{"embeddable":true,"href":"https:\/\/destinocastillayleon.es\/index\/wp-json\/wp\/v2\/media\/9415"}],"wp:attachment":[{"href":"https:\/\/destinocastillayleon.es\/index\/wp-json\/wp\/v2\/media?parent=9411"}],"wp:term":[{"taxonomy":"category","embeddable":true,"href":"https:\/\/destinocastillayleon.es\/index\/wp-json\/wp\/v2\/categories?post=9411"},{"taxonomy":"post_tag","embeddable":true,"href":"https:\/\/destinocastillayleon.es\/index\/wp-json\/wp\/v2\/tags?post=9411"}],"curies":[{"name":"wp","href":"https:\/\/api.w.org\/{rel}","templated":true}]}}