{"id":9299,"date":"2013-12-01T12:52:03","date_gmt":"2013-12-01T12:52:03","guid":{"rendered":"http:\/\/destinocastillayleon.es\/index\/?p=9299"},"modified":"2015-05-02T22:14:31","modified_gmt":"2015-05-02T20:14:31","slug":"iv-feria-de-la-miel","status":"publish","type":"post","link":"https:\/\/destinocastillayleon.es\/index\/iv-feria-de-la-miel\/","title":{"rendered":"IV Feria de la Miel en Aldeatejada, Salamanca"},"content":{"rendered":"<h3>C\u00f3mo llegar a Aldetejada<\/h3>\n<p style=\"text-align: justify;\">En Aldeatejada, Salamanca, (<a title=\"como llegar a Aldeatejada, Salamanca\" href=\"https:\/\/maps.google.es\/maps?q=Aldeatejada,+Salamanca&amp;ie=UTF8&amp;hnear=Aldeatejada,+Salamanca,+Castilla+y+Le%C3%B3n&amp;t=h&amp;z=15\" target=\"_blank\">ver como llegar<\/a>) se celebra a lo largo del d\u00eda de hoy<strong> la IV Feria de la Miel<\/strong>.<\/p>\n<p>&nbsp;<br \/>\n<a style=\"text-align: justify;\" href=\"http:\/\/destinocastillayleon.es\/index\/wp-content\/uploads\/2013\/12\/Cartel-IV-Feria-de-la-Miel.jpg\"><img decoding=\"async\" class=\" wp-image-9300 alignleft\" title=\"Cartel IV Feria de la Miel\" alt=\"Cartel IV Feria de la Miel\" src=\"http:\/\/destinocastillayleon.es\/index\/wp-content\/uploads\/2013\/12\/Cartel-IV-Feria-de-la-Miel.jpg\" width=\"480\" srcset=\"https:\/\/destinocastillayleon.es\/index\/wp-content\/uploads\/2013\/12\/Cartel-IV-Feria-de-la-Miel.jpg 375w, https:\/\/destinocastillayleon.es\/index\/wp-content\/uploads\/2013\/12\/Cartel-IV-Feria-de-la-Miel-212x300.jpg 212w, https:\/\/destinocastillayleon.es\/index\/wp-content\/uploads\/2013\/12\/Cartel-IV-Feria-de-la-Miel-723x1024.jpg 723w\" sizes=\"(max-width: 375px) 100vw, 375px\" \/><\/a><br \/>\n&nbsp;<\/p>\n<h2>Programa de la IV Feria de la Miel<\/h2>\n<p><strong>1:00<\/strong> Inauguraci\u00f3n oficial de la feria.<br \/>\n<strong>11:15<\/strong> Demostraci\u00f3n de corte de la miel.<br \/>\n<strong>11:30<\/strong> Degustaci\u00f3n de miel y maridajes por los distintos stands.<br \/>\n<strong>11:45<\/strong> Prueba el pincho con miel en las casetas.<br \/>\n<strong>12:00<\/strong> Showcooking con esencia de miel.<br \/>\n<strong>12:30<\/strong> Conferencia: \u00bfLa importancia de la cosm\u00e9tica natural derivada de los productos de la colmena\u00bf.<br \/>\n<strong>13:00<\/strong> Showcooking con esencia de miel.<br \/>\n<strong>13:30<\/strong> Demostraci\u00f3n de corte de la miel.<br \/>\n<strong>13:45<\/strong> Showcooking con esencia de miel.<br \/>\n<strong>14:00<\/strong> El peso de un \u00bfpersonaje sorpresa\u00bf se donar\u00e1 en miel al Banco de Alimentos.<br \/>\n<strong>17:00<\/strong> Taller de maridajes con miel.<br \/>\n<strong>17:30<\/strong> Showcooking con esencia de miel.<br \/>\n<strong>18:00<\/strong> Taller para ni\u00f1os de realizaci\u00f3n de velas.<br \/>\n<strong>18:15<\/strong> Showcooking con esencia de miel.<br \/>\n<strong>18:30<\/strong> Cuentacuentos \u00bfLas abejas y las flores\u00bf.<br \/>\n<strong>19:00<\/strong> Showcooking con esencia de miel.<br \/>\n<strong>19:00<\/strong> Taller de galletas de abejas, para los ni\u00f1os que vengan disfrazados de abeja.<br \/>\n<strong>19:30<\/strong> Showcooking con esencia de miel.<br \/>\n<strong>19:45<\/strong> Entrega de premios al pincho con miel m\u00e1s votado y al stand mejor decorado.<br \/>\n<strong>20:00<\/strong> Cierre de la feria.<br \/>\n<strong>20:30<\/strong> Partido solidario en beneficio a PROYECTO HOMBRE SALAMANCA. Pabell\u00f3n Polideportivo de Aldeatejada.<\/p>\n<h3>La importancia de la Miel<\/h3>\n<p style=\"text-align: justify;\">La miel es uno de los alimentos m\u00e1s beneficiosos para la salud, sobretodo en estas fechas, con la llegada de la nieve y los resfriados. Este\u00a0\u00a0fluido dulce y viscoso producido por las\u00a0abejas\u00a0a partir del\u00a0n\u00e9ctar\u00a0de las\u00a0flores<strong>\u00a0tiene muchas propiedades terap\u00e9uticas.<\/strong>\u00a0Ayuda a suavizar las irritaciones de garganta as\u00ed como a cicatrizar y a prevenir infecciones en heridas o quemaduras superficiales.<\/p>\n<p style=\"text-align: justify;\">Tambi\u00e9n se utiliza en cosm\u00e9tica en cremas, mascarillas de limpieza facial y t\u00f3nicos por sus cualidades astringentes y suavizantes.<\/p>\n<p>Si est\u00e1s cerca de Aldeatejada en el d\u00eda de hoy, no te pierdas esta feria dedicada en exclusiva a este dulce y saludable alimento. \u00bfTe gusta la miel? Cu\u00e9ntanoslo!<br \/>\n&nbsp;<\/p>\n","protected":false},"excerpt":{"rendered":"<p>Hoy se celebra la feria de la miel en Aldeatejada, Salamanca con un repleto programa de actividades sobre las abejas y sus mieles.<\/p>\n","protected":false},"author":6,"featured_media":9301,"comment_status":"open","ping_status":"closed","sticky":false,"template":"","format":"standard","meta":{"rop_custom_images_group":[],"rop_custom_messages_group":[],"rop_publish_now":"initial","rop_publish_now_accounts":{"twitter_1150954226_1150954226":""},"rop_publish_now_history":[],"rop_publish_now_status":"pending","footnotes":""},"categories":[77,303,4477,68,1],"tags":[2575,539,1167,1169,3782,3783,2577],"class_list":["post-9299","post","type-post","status-publish","format-standard","has-post-thumbnail","hentry","category-actualidad-y-agenda-de-castilla-y-leon","category-gastronomia","category-jornadas-gastronomicas","category-post_inicial","category-uncategorized","tag-feria-en-aldeatejada","tag-gastronomia-en-castilla-y-leon","tag-iv-feria-de-la-miel-en-aldeatejada","tag-jornadas-gastronomicas-en-salamanca","tag-miel-de-castilla-y-leon","tag-miel-de-salamanca","tag-visitar-aldetejada"],"yoast_head":"<!-- This site is optimized with the Yoast SEO Premium plugin v20.4 (Yoast SEO v27.4) - https:\/\/yoast.com\/product\/yoast-seo-premium-wordpress\/ -->\n<title>IV Feria de la Miel en Aldeatejada, Salamanca<\/title>\n<meta name=\"description\" content=\"Hoy se celebra la feria de la miel en Aldeatejada, Salamanca con un repleto programa de actividades sobre las abejas y sus mieles.\" \/>\n<meta name=\"robots\" content=\"index, follow, max-snippet:-1, max-image-preview:large, max-video-preview:-1\" \/>\n<link rel=\"canonical\" href=\"https:\/\/destinocastillayleon.es\/index\/iv-feria-de-la-miel\/\" \/>\n<meta property=\"og:locale\" content=\"es_ES\" \/>\n<meta property=\"og:type\" content=\"article\" \/>\n<meta property=\"og:title\" content=\"IV Feria de la Miel en Aldeatejada, Salamanca\" \/>\n<meta property=\"og:description\" content=\"Hoy se celebra la feria de la miel en Aldeatejada, Salamanca con un repleto programa de actividades sobre las abejas y sus mieles.\" \/>\n<meta property=\"og:url\" content=\"https:\/\/destinocastillayleon.es\/index\/iv-feria-de-la-miel\/\" \/>\n<meta property=\"og:site_name\" content=\"Destino Castilla y Le\u00f3n\" \/>\n<meta property=\"article:publisher\" content=\"https:\/\/www.facebook.com\/DestinoCastillaYLeon\/\" \/>\n<meta property=\"article:published_time\" content=\"2013-12-01T12:52:03+00:00\" \/>\n<meta property=\"article:modified_time\" content=\"2015-05-02T20:14:31+00:00\" \/>\n<meta property=\"og:image\" content=\"https:\/\/destinocastillayleon.es\/index\/wp-content\/uploads\/2013\/12\/Cartel-IV-Feria-de-la-Miel_portada.jpg\" \/>\n\t<meta property=\"og:image:width\" content=\"600\" \/>\n\t<meta property=\"og:image:height\" content=\"531\" \/>\n\t<meta property=\"og:image:type\" content=\"image\/jpeg\" \/>\n<meta name=\"author\" content=\"Lola Hernandez\" \/>\n<meta name=\"twitter:card\" content=\"summary_large_image\" \/>\n<meta name=\"twitter:creator\" content=\"@destinocyl\" \/>\n<meta name=\"twitter:site\" content=\"@destinocyl\" \/>\n<meta name=\"twitter:label1\" content=\"Escrito por\" \/>\n\t<meta name=\"twitter:data1\" content=\"Lola Hernandez\" \/>\n\t<meta name=\"twitter:label2\" content=\"Tiempo de lectura\" \/>\n\t<meta name=\"twitter:data2\" content=\"2 minutos\" \/>\n<script type=\"application\/ld+json\" class=\"yoast-schema-graph\">{\"@context\":\"https:\\\/\\\/schema.org\",\"@graph\":[{\"@type\":\"Article\",\"@id\":\"https:\\\/\\\/destinocastillayleon.es\\\/index\\\/iv-feria-de-la-miel\\\/#article\",\"isPartOf\":{\"@id\":\"https:\\\/\\\/destinocastillayleon.es\\\/index\\\/iv-feria-de-la-miel\\\/\"},\"author\":{\"name\":\"Lola Hernandez\",\"@id\":\"https:\\\/\\\/destinocastillayleon.es\\\/index\\\/#\\\/schema\\\/person\\\/49ffcb7eb307589ba529009335ed7767\"},\"headline\":\"IV Feria de la Miel en Aldeatejada, Salamanca\",\"datePublished\":\"2013-12-01T12:52:03+00:00\",\"dateModified\":\"2015-05-02T20:14:31+00:00\",\"mainEntityOfPage\":{\"@id\":\"https:\\\/\\\/destinocastillayleon.es\\\/index\\\/iv-feria-de-la-miel\\\/\"},\"wordCount\":341,\"commentCount\":0,\"image\":{\"@id\":\"https:\\\/\\\/destinocastillayleon.es\\\/index\\\/iv-feria-de-la-miel\\\/#primaryimage\"},\"thumbnailUrl\":\"https:\\\/\\\/destinocastillayleon.es\\\/index\\\/wp-content\\\/uploads\\\/2013\\\/12\\\/Cartel-IV-Feria-de-la-Miel_portada.jpg\",\"keywords\":[\"Feria en Aldeatejada\",\"Gastronomia en Castilla y Le\u00f3n\",\"IV Feria de la Miel en Aldeatejada\",\"jornadas gastron\u00f3micas en Salamanca\",\"miel de Castilla y Le\u00f3n\",\"miel de Salamanca\",\"visitar Aldetejada\"],\"articleSection\":[\"Actualidad\",\"Gastronomia\",\"jornadas gastron\u00f3micas\",\"Post_inicial\",\"Uncategorized\"],\"inLanguage\":\"es\",\"potentialAction\":[{\"@type\":\"CommentAction\",\"name\":\"Comment\",\"target\":[\"https:\\\/\\\/destinocastillayleon.es\\\/index\\\/iv-feria-de-la-miel\\\/#respond\"]}]},{\"@type\":\"WebPage\",\"@id\":\"https:\\\/\\\/destinocastillayleon.es\\\/index\\\/iv-feria-de-la-miel\\\/\",\"url\":\"https:\\\/\\\/destinocastillayleon.es\\\/index\\\/iv-feria-de-la-miel\\\/\",\"name\":\"IV Feria de la Miel en Aldeatejada, Salamanca\",\"isPartOf\":{\"@id\":\"https:\\\/\\\/destinocastillayleon.es\\\/index\\\/#website\"},\"primaryImageOfPage\":{\"@id\":\"https:\\\/\\\/destinocastillayleon.es\\\/index\\\/iv-feria-de-la-miel\\\/#primaryimage\"},\"image\":{\"@id\":\"https:\\\/\\\/destinocastillayleon.es\\\/index\\\/iv-feria-de-la-miel\\\/#primaryimage\"},\"thumbnailUrl\":\"https:\\\/\\\/destinocastillayleon.es\\\/index\\\/wp-content\\\/uploads\\\/2013\\\/12\\\/Cartel-IV-Feria-de-la-Miel_portada.jpg\",\"datePublished\":\"2013-12-01T12:52:03+00:00\",\"dateModified\":\"2015-05-02T20:14:31+00:00\",\"author\":{\"@id\":\"https:\\\/\\\/destinocastillayleon.es\\\/index\\\/#\\\/schema\\\/person\\\/49ffcb7eb307589ba529009335ed7767\"},\"description\":\"Hoy se celebra la feria de la miel en Aldeatejada, Salamanca con un repleto programa de actividades sobre las abejas y sus mieles.\",\"breadcrumb\":{\"@id\":\"https:\\\/\\\/destinocastillayleon.es\\\/index\\\/iv-feria-de-la-miel\\\/#breadcrumb\"},\"inLanguage\":\"es\",\"potentialAction\":[{\"@type\":\"ReadAction\",\"target\":[\"https:\\\/\\\/destinocastillayleon.es\\\/index\\\/iv-feria-de-la-miel\\\/\"]}]},{\"@type\":\"ImageObject\",\"inLanguage\":\"es\",\"@id\":\"https:\\\/\\\/destinocastillayleon.es\\\/index\\\/iv-feria-de-la-miel\\\/#primaryimage\",\"url\":\"https:\\\/\\\/destinocastillayleon.es\\\/index\\\/wp-content\\\/uploads\\\/2013\\\/12\\\/Cartel-IV-Feria-de-la-Miel_portada.jpg\",\"contentUrl\":\"https:\\\/\\\/destinocastillayleon.es\\\/index\\\/wp-content\\\/uploads\\\/2013\\\/12\\\/Cartel-IV-Feria-de-la-Miel_portada.jpg\",\"width\":600,\"height\":531},{\"@type\":\"BreadcrumbList\",\"@id\":\"https:\\\/\\\/destinocastillayleon.es\\\/index\\\/iv-feria-de-la-miel\\\/#breadcrumb\",\"itemListElement\":[{\"@type\":\"ListItem\",\"position\":1,\"name\":\"Portada\",\"item\":\"https:\\\/\\\/destinocastillayleon.es\\\/index\\\/\"},{\"@type\":\"ListItem\",\"position\":2,\"name\":\"IV Feria de la Miel en Aldeatejada, Salamanca\"}]},{\"@type\":\"WebSite\",\"@id\":\"https:\\\/\\\/destinocastillayleon.es\\\/index\\\/#website\",\"url\":\"https:\\\/\\\/destinocastillayleon.es\\\/index\\\/\",\"name\":\"Destino Castilla y Le\u00f3n\",\"description\":\"Medio digital independiente y revista de Castilla y Le\u00f3n dedicado al turismo, gastronom\u00eda y vino de Castilla y Le\u00f3n\",\"potentialAction\":[{\"@type\":\"SearchAction\",\"target\":{\"@type\":\"EntryPoint\",\"urlTemplate\":\"https:\\\/\\\/destinocastillayleon.es\\\/index\\\/?s={search_term_string}\"},\"query-input\":{\"@type\":\"PropertyValueSpecification\",\"valueRequired\":true,\"valueName\":\"search_term_string\"}}],\"inLanguage\":\"es\"},{\"@type\":\"Person\",\"@id\":\"https:\\\/\\\/destinocastillayleon.es\\\/index\\\/#\\\/schema\\\/person\\\/49ffcb7eb307589ba529009335ed7767\",\"name\":\"Lola Hernandez\",\"image\":{\"@type\":\"ImageObject\",\"inLanguage\":\"es\",\"@id\":\"https:\\\/\\\/secure.gravatar.com\\\/avatar\\\/72ead65e55ad0522fba484acfe2842bf78b2f7c727df41d76fed78a85519da34?s=96&d=mm&r=g\",\"url\":\"https:\\\/\\\/secure.gravatar.com\\\/avatar\\\/72ead65e55ad0522fba484acfe2842bf78b2f7c727df41d76fed78a85519da34?s=96&d=mm&r=g\",\"contentUrl\":\"https:\\\/\\\/secure.gravatar.com\\\/avatar\\\/72ead65e55ad0522fba484acfe2842bf78b2f7c727df41d76fed78a85519da34?s=96&d=mm&r=g\",\"caption\":\"Lola Hernandez\"},\"description\":\"Lola Hern\u00e1ndez fue fundadora y directora de www.destinocastillayleon.es Escribiendo sobre turismo, gastronom\u00eda y vino de su tierra de origen, Castilla y Le\u00f3n.\",\"sameAs\":[\"http:\\\/\\\/www.destinoysabor.com\\\/blog\"],\"url\":\"https:\\\/\\\/destinocastillayleon.es\\\/index\\\/author\\\/lola-hernandez\\\/\"}]}<\/script>\n<!-- \/ Yoast SEO Premium plugin. -->","yoast_head_json":{"title":"IV Feria de la Miel en Aldeatejada, Salamanca","description":"Hoy se celebra la feria de la miel en Aldeatejada, Salamanca con un repleto programa de actividades sobre las abejas y sus mieles.","robots":{"index":"index","follow":"follow","max-snippet":"max-snippet:-1","max-image-preview":"max-image-preview:large","max-video-preview":"max-video-preview:-1"},"canonical":"https:\/\/destinocastillayleon.es\/index\/iv-feria-de-la-miel\/","og_locale":"es_ES","og_type":"article","og_title":"IV Feria de la Miel en Aldeatejada, Salamanca","og_description":"Hoy se celebra la feria de la miel en Aldeatejada, Salamanca con un repleto programa de actividades sobre las abejas y sus mieles.","og_url":"https:\/\/destinocastillayleon.es\/index\/iv-feria-de-la-miel\/","og_site_name":"Destino Castilla y Le\u00f3n","article_publisher":"https:\/\/www.facebook.com\/DestinoCastillaYLeon\/","article_published_time":"2013-12-01T12:52:03+00:00","article_modified_time":"2015-05-02T20:14:31+00:00","og_image":[{"width":600,"height":531,"url":"https:\/\/destinocastillayleon.es\/index\/wp-content\/uploads\/2013\/12\/Cartel-IV-Feria-de-la-Miel_portada.jpg","type":"image\/jpeg"}],"author":"Lola Hernandez","twitter_card":"summary_large_image","twitter_creator":"@destinocyl","twitter_site":"@destinocyl","twitter_misc":{"Escrito por":"Lola Hernandez","Tiempo de lectura":"2 minutos"},"schema":{"@context":"https:\/\/schema.org","@graph":[{"@type":"Article","@id":"https:\/\/destinocastillayleon.es\/index\/iv-feria-de-la-miel\/#article","isPartOf":{"@id":"https:\/\/destinocastillayleon.es\/index\/iv-feria-de-la-miel\/"},"author":{"name":"Lola Hernandez","@id":"https:\/\/destinocastillayleon.es\/index\/#\/schema\/person\/49ffcb7eb307589ba529009335ed7767"},"headline":"IV Feria de la Miel en Aldeatejada, Salamanca","datePublished":"2013-12-01T12:52:03+00:00","dateModified":"2015-05-02T20:14:31+00:00","mainEntityOfPage":{"@id":"https:\/\/destinocastillayleon.es\/index\/iv-feria-de-la-miel\/"},"wordCount":341,"commentCount":0,"image":{"@id":"https:\/\/destinocastillayleon.es\/index\/iv-feria-de-la-miel\/#primaryimage"},"thumbnailUrl":"https:\/\/destinocastillayleon.es\/index\/wp-content\/uploads\/2013\/12\/Cartel-IV-Feria-de-la-Miel_portada.jpg","keywords":["Feria en Aldeatejada","Gastronomia en Castilla y Le\u00f3n","IV Feria de la Miel en Aldeatejada","jornadas gastron\u00f3micas en Salamanca","miel de Castilla y Le\u00f3n","miel de Salamanca","visitar Aldetejada"],"articleSection":["Actualidad","Gastronomia","jornadas gastron\u00f3micas","Post_inicial","Uncategorized"],"inLanguage":"es","potentialAction":[{"@type":"CommentAction","name":"Comment","target":["https:\/\/destinocastillayleon.es\/index\/iv-feria-de-la-miel\/#respond"]}]},{"@type":"WebPage","@id":"https:\/\/destinocastillayleon.es\/index\/iv-feria-de-la-miel\/","url":"https:\/\/destinocastillayleon.es\/index\/iv-feria-de-la-miel\/","name":"IV Feria de la Miel en Aldeatejada, Salamanca","isPartOf":{"@id":"https:\/\/destinocastillayleon.es\/index\/#website"},"primaryImageOfPage":{"@id":"https:\/\/destinocastillayleon.es\/index\/iv-feria-de-la-miel\/#primaryimage"},"image":{"@id":"https:\/\/destinocastillayleon.es\/index\/iv-feria-de-la-miel\/#primaryimage"},"thumbnailUrl":"https:\/\/destinocastillayleon.es\/index\/wp-content\/uploads\/2013\/12\/Cartel-IV-Feria-de-la-Miel_portada.jpg","datePublished":"2013-12-01T12:52:03+00:00","dateModified":"2015-05-02T20:14:31+00:00","author":{"@id":"https:\/\/destinocastillayleon.es\/index\/#\/schema\/person\/49ffcb7eb307589ba529009335ed7767"},"description":"Hoy se celebra la feria de la miel en Aldeatejada, Salamanca con un repleto programa de actividades sobre las abejas y sus mieles.","breadcrumb":{"@id":"https:\/\/destinocastillayleon.es\/index\/iv-feria-de-la-miel\/#breadcrumb"},"inLanguage":"es","potentialAction":[{"@type":"ReadAction","target":["https:\/\/destinocastillayleon.es\/index\/iv-feria-de-la-miel\/"]}]},{"@type":"ImageObject","inLanguage":"es","@id":"https:\/\/destinocastillayleon.es\/index\/iv-feria-de-la-miel\/#primaryimage","url":"https:\/\/destinocastillayleon.es\/index\/wp-content\/uploads\/2013\/12\/Cartel-IV-Feria-de-la-Miel_portada.jpg","contentUrl":"https:\/\/destinocastillayleon.es\/index\/wp-content\/uploads\/2013\/12\/Cartel-IV-Feria-de-la-Miel_portada.jpg","width":600,"height":531},{"@type":"BreadcrumbList","@id":"https:\/\/destinocastillayleon.es\/index\/iv-feria-de-la-miel\/#breadcrumb","itemListElement":[{"@type":"ListItem","position":1,"name":"Portada","item":"https:\/\/destinocastillayleon.es\/index\/"},{"@type":"ListItem","position":2,"name":"IV Feria de la Miel en Aldeatejada, Salamanca"}]},{"@type":"WebSite","@id":"https:\/\/destinocastillayleon.es\/index\/#website","url":"https:\/\/destinocastillayleon.es\/index\/","name":"Destino Castilla y Le\u00f3n","description":"Medio digital independiente y revista de Castilla y Le\u00f3n dedicado al turismo, gastronom\u00eda y vino de Castilla y Le\u00f3n","potentialAction":[{"@type":"SearchAction","target":{"@type":"EntryPoint","urlTemplate":"https:\/\/destinocastillayleon.es\/index\/?s={search_term_string}"},"query-input":{"@type":"PropertyValueSpecification","valueRequired":true,"valueName":"search_term_string"}}],"inLanguage":"es"},{"@type":"Person","@id":"https:\/\/destinocastillayleon.es\/index\/#\/schema\/person\/49ffcb7eb307589ba529009335ed7767","name":"Lola Hernandez","image":{"@type":"ImageObject","inLanguage":"es","@id":"https:\/\/secure.gravatar.com\/avatar\/72ead65e55ad0522fba484acfe2842bf78b2f7c727df41d76fed78a85519da34?s=96&d=mm&r=g","url":"https:\/\/secure.gravatar.com\/avatar\/72ead65e55ad0522fba484acfe2842bf78b2f7c727df41d76fed78a85519da34?s=96&d=mm&r=g","contentUrl":"https:\/\/secure.gravatar.com\/avatar\/72ead65e55ad0522fba484acfe2842bf78b2f7c727df41d76fed78a85519da34?s=96&d=mm&r=g","caption":"Lola Hernandez"},"description":"Lola Hern\u00e1ndez fue fundadora y directora de www.destinocastillayleon.es Escribiendo sobre turismo, gastronom\u00eda y vino de su tierra de origen, Castilla y Le\u00f3n.","sameAs":["http:\/\/www.destinoysabor.com\/blog"],"url":"https:\/\/destinocastillayleon.es\/index\/author\/lola-hernandez\/"}]}},"_links":{"self":[{"href":"https:\/\/destinocastillayleon.es\/index\/wp-json\/wp\/v2\/posts\/9299","targetHints":{"allow":["GET"]}}],"collection":[{"href":"https:\/\/destinocastillayleon.es\/index\/wp-json\/wp\/v2\/posts"}],"about":[{"href":"https:\/\/destinocastillayleon.es\/index\/wp-json\/wp\/v2\/types\/post"}],"author":[{"embeddable":true,"href":"https:\/\/destinocastillayleon.es\/index\/wp-json\/wp\/v2\/users\/6"}],"replies":[{"embeddable":true,"href":"https:\/\/destinocastillayleon.es\/index\/wp-json\/wp\/v2\/comments?post=9299"}],"version-history":[{"count":9,"href":"https:\/\/destinocastillayleon.es\/index\/wp-json\/wp\/v2\/posts\/9299\/revisions"}],"predecessor-version":[{"id":19074,"href":"https:\/\/destinocastillayleon.es\/index\/wp-json\/wp\/v2\/posts\/9299\/revisions\/19074"}],"wp:featuredmedia":[{"embeddable":true,"href":"https:\/\/destinocastillayleon.es\/index\/wp-json\/wp\/v2\/media\/9301"}],"wp:attachment":[{"href":"https:\/\/destinocastillayleon.es\/index\/wp-json\/wp\/v2\/media?parent=9299"}],"wp:term":[{"taxonomy":"category","embeddable":true,"href":"https:\/\/destinocastillayleon.es\/index\/wp-json\/wp\/v2\/categories?post=9299"},{"taxonomy":"post_tag","embeddable":true,"href":"https:\/\/destinocastillayleon.es\/index\/wp-json\/wp\/v2\/tags?post=9299"}],"curies":[{"name":"wp","href":"https:\/\/api.w.org\/{rel}","templated":true}]}}