{"id":9181,"date":"2013-11-25T18:09:14","date_gmt":"2013-11-25T18:09:14","guid":{"rendered":"http:\/\/destinocastillayleon.es\/index\/?p=9181"},"modified":"2022-03-21T12:35:00","modified_gmt":"2022-03-21T11:35:00","slug":"descubre-la-alberca","status":"publish","type":"post","link":"https:\/\/destinocastillayleon.es\/index\/descubre-la-alberca\/","title":{"rendered":"Descubre la Alberca y su Senda de las Ra\u00edces"},"content":{"rendered":"<p style=\"text-align: justify;\">La Alberca es <strong>una de las joyas mejor conservadas de la Sierra de Salamanca<\/strong> junto a las poblaciones vecinas como\u00a0<a title=\"En ruta por la Sierra de Francia, el coraz\u00f3n verde de Salamanca\" href=\"http:\/\/destinocastillayleon.es\/index\/viaje-la-sierra-de-francia\/\" target=\"_blank\" rel=\"noopener\">Mogarraz y Miranda del Casta\u00f1ar<\/a>. Una poblaci\u00f3n que conserva como ninguna <strong>su arquitectura y tradiciones m\u00e1s vivas<\/strong> y que ha conseguido atraer las miradas de los viajeros m\u00e1s despiertos.<\/p>\n<p>&nbsp; <\/p>\n<h3>Visitando la Alberca<\/h3>\n<p>&nbsp;<br \/>\n<center><a data-size=\"640x428\" title=\"Fachadas t\u00edpicas de la Alberca\" href=\"http:\/\/destinocastillayleon.es\/index\/wp-content\/uploads\/2013\/11\/Fachadas-de-las-casas-tipicas-de-la-Alberca.jpg\" target=\"_blank\" rel=\"noopener\"><img decoding=\"async\" class=\"size-full wp-image-9182 aligncenter\" alt=\"Fachadas de las casas tipicas de la Alberca\" src=\"http:\/\/destinocastillayleon.es\/index\/wp-content\/uploads\/2013\/11\/Fachadas-de-las-casas-tipicas-de-la-Alberca.jpg\" width=\"640\" height=\"480\"\/><\/center><\/a><\/p>\n<p>&nbsp; <\/p>\n<p>Se conservan muchas edificaciones antiguas en las que se observan <strong>vigas de madera decorando sus fachadas con hermosas balcones repletos de flores. \u00a0<\/strong>Las casas actuales, aunque se est\u00e1n reconstruyendo con estructuras de acero y hormig\u00f3n, mantienen en su exterior la esencia de las construcciones antiguas.<\/p>\n<p>&nbsp;<br \/>\n<center><img decoding=\"async\" class=\"size-full wp-image-9183 aligncenter\" alt=\"Plaza Mayor de la Alberca\" src=\"http:\/\/destinocastillayleon.es\/index\/wp-content\/uploads\/2013\/11\/Plaza-Mayor-de-la-Alberca.jpg\" width=\"640\" height=\"480\"\/><\/center><\/p>\n<p>&nbsp; <\/p>\n<p>Pasamos una ma\u00f1ana callejeando por la Alberca y descubriendo los encantadores rincones de esta poblaci\u00f3n serrana. Tras subir y bajar sus empinadas cuestas, acabamos con ganas de probar la cocina tradicional de la Alberca.<\/p>\n<p>&nbsp; <\/p>\n<h3>Comer en la Alberca<\/h3>\n<p>Decidimos comer en la plaza mayor, donde encontramos una de las fotograf\u00edas m\u00e1s famosas de La Alberca. El lugar se llama <strong>Restaurante \u00ab<a href=\"http:\/\/www.elbalcondelaplaza.com\/\">El Balc\u00f3n de la Plaza<\/a>.<\/strong> All\u00ed degustamos la <strong>\u00abEnsalada Serrana\u00bb<\/strong> una ensalada agridulce que lleva fruta como la naranja y embutidos como el chorizo y el lomo, todo ello macerado durante todo un d\u00eda. <strong>\u00a1Un sabor sorprendente!<\/strong> En este mismo restaurante y en los establecimientos cercanos podr\u00e1s disfrutar de una abundante carta a base de productos de la matanza.<\/p>\n<p>&nbsp;<br \/>\n<center><a title=\"Enlace a nuestra entrada sobre la receta de ensalada serrana de La Alberca\" href=\"http:\/\/destinocastillayleon.es\/index\/ensalada-serrana-tipica-de-la-alberca\/\" target=\"_blank\" rel=\"noopener\"><img decoding=\"async\" class=\"size-full wp-image-9184 aligncenter\" title=\"Ensalada Serrana t\u00edpica de la Alberca\" alt=\"Ensalada Serrana t\u00edpica de la Alberca\" src=\"http:\/\/destinocastillayleon.es\/index\/wp-content\/uploads\/2013\/11\/Ensalada-Serrana.jpg\" width=\"640\" height=\"480\" srcset=\"https:\/\/destinocastillayleon.es\/index\/wp-content\/uploads\/2013\/11\/Ensalada-Serrana.jpg 640w, https:\/\/destinocastillayleon.es\/index\/wp-content\/uploads\/2013\/11\/Ensalada-Serrana-300x225.jpg 300w\" sizes=\"(max-width: 640px) 100vw, 640px\" \/><\/center><\/a><br \/>\n&nbsp; <\/p>\n<p style=\"text-align: left;\">En la plaza mayor encontramos una simp\u00e1tica lugare\u00f1a que se dedica a la venta de<strong> productos t\u00edpicos como el turr\u00f3n, los frutos secos, la miel y jalea real<\/strong>. La<strong> <a title=\"Oficina de turismo de la Alberca en Google+\" href=\"https:\/\/plus.google.com\/115234113201025087703\/about?gl=es&amp;hl=es\" target=\"_blank\" rel=\"noopener\">oficina de turismo de la Alberca<\/a> <\/strong>(que se ubica en la plaza mayor) estaba cerrada, as\u00ed que gracias a esta mujer descubrimos varias rutas de senderismo para caminar por la Sierra de Francia.<\/p>\n<p>&nbsp; <\/p>\n<h3 style=\"text-align: left;\">Senderismo por la Sierra de Francia, la ruta GR10<\/h3>\n<p>Hay varias rutas de senderismo que parten desde la Alberca, todas ellas muy bien se\u00f1alizadas. No tienen p\u00e9rdida. Una es la ruta circular conocida como <strong>la \u201cRuta de las Ra\u00edces\u201d<\/strong> y la otra pertenece a la ruta GR10. Ambas rutas comparten los primeros kil\u00f3metros.<\/p>\n<p>&nbsp;<br \/>\n<center><a data-size=\"640x428\" href=\"http:\/\/destinocastillayleon.es\/index\/wp-content\/uploads\/2013\/11\/rutas-de-senderismo-en-la-Alberca.jpg\"><img decoding=\"async\" class=\"alignnone size-full wp-image-9189 aligncenter\" alt=\"rutas de senderismo en la Alberca\" src=\"http:\/\/destinocastillayleon.es\/index\/wp-content\/uploads\/2013\/11\/rutas-de-senderismo-en-la-Alberca.jpg\" width=\"640\" height=\"480\"\/><\/center><\/a><br \/>\n&nbsp; <\/p>\n<p>Nos guiaron hasta la salida del pueblo, donde se inician estos recorridos. La Ruta de las Ra\u00edces est\u00e1 se\u00f1alizada con marcas blancas y amarillas. Recorre varios robledales y por el camino encuentras obras escult\u00f3ricas modernas, que se integran en la naturaleza al recrear formas y elementos naturales o de su explotaci\u00f3n agr\u00edcola y ganadera.<\/p>\n<p>&nbsp;<br \/>\n<center><a data-size=\"735x531\" href=\"http:\/\/destinocastillayleon.es\/index\/wp-content\/uploads\/2013\/11\/ruta-de-las-raices-en-la-Alberca.jpg\"><img decoding=\"async\" class=\"wp-image-9190 aligncenter\" alt=\"ruta de las raices en la Alberca\" src=\"http:\/\/destinocastillayleon.es\/index\/wp-content\/uploads\/2013\/11\/ruta-de-las-raices-en-la-Alberca.jpg\" width=\"640\" height=\"480\"\/><\/center><\/a><\/p>\n<p>&nbsp; <\/p>\n<p>La senda GR10, como no pod\u00eda ser de otro modo, est\u00e1 se\u00f1alizada con las marcas rojas y blancas. <strong>Este camino conecta La Alberca con el vecino pueblo de Monforte de la Sierra, el que podr\u00edamos llamar \u201cla otra Alberca\u201d.<\/strong>\u00a0 Este camino atraviesa el monte hasta alcanzar un canal de riego.<\/p>\n<p>&nbsp; <\/p>\n<p><a data-size=\"640x428\" href=\"http:\/\/destinocastillayleon.es\/index\/wp-content\/uploads\/2013\/11\/Ruta-GR10-Alberca-Monforte.jpg\"><img decoding=\"async\" class=\"size-full wp-image-9191 aligncenter\" alt=\"Ruta GR10 Alberca-Monforte\" src=\"http:\/\/destinocastillayleon.es\/index\/wp-content\/uploads\/2013\/11\/Ruta-GR10-Alberca-Monforte.jpg\" width=\"640\" height=\"480\"\/><\/center><\/a><\/p>\n<p>&nbsp; <\/p>\n<p>Nosotros seguimos los primeros kil\u00f3metros de la Ruta de las Ra\u00edces, donde pudimos ver varias esculturas que componen esta senda circular. <strong>Este camino es algo menos de 7 kil\u00f3metros, de una dificultad media baja.<\/strong> Nosotros improvisamos la caminata, y aunque a \u00faltima hora empezamos a echar en falta agua, no es dura. En aproximadamente 2 horas se puede hacer.<\/p>\n<p>&nbsp;<br \/>\n<center><a data-size=\"640x428\" href=\"http:\/\/destinocastillayleon.es\/index\/wp-content\/uploads\/2013\/11\/ruta-de-las-raices-en-la-Alberca1.jpg\"><img decoding=\"async\" class=\"size-full wp-image-9192 aligncenter\" alt=\"ruta de las raices en la Alberca\" src=\"http:\/\/destinocastillayleon.es\/index\/wp-content\/uploads\/2013\/11\/ruta-de-las-raices-en-la-Alberca1.jpg\" width=\"640\" height=\"480\"\/><\/center><\/a><\/p>\n<p>&nbsp; <\/p>\n<p>Tras hacer como un tercio de este camino, existe una bifurcaci\u00f3n en la Ermita de San Blas. Si tomas el camino de la izquierda contin\u00faas por la senda de las ra\u00edces. Nosotros fuimos por la derecha, siguiendo el GR10. Tras pasar primero por caminos rurales, donde vimos algunas fincas y explotaciones agropecuarias, se llega una zona algo m\u00e1s salvaje pero perfectamente se\u00f1alizada. Bajando por el monte se llega al canal de riego y el camino se vuelve mucho m\u00e1s sencillo.<\/p>\n<p>&nbsp; <\/p>\n<p><a data-size=\"640x428\" href=\"http:\/\/destinocastillayleon.es\/index\/wp-content\/uploads\/2013\/11\/4298cbaad26d2522e4e592a022d3d54b.jpg\"><img decoding=\"async\" class=\"size-full wp-image-9193 aligncenter\" alt=\"Ermita en la Alberca dentro de la senda de las ra\u00edces\" src=\"http:\/\/destinocastillayleon.es\/index\/wp-content\/uploads\/2013\/11\/4298cbaad26d2522e4e592a022d3d54b.jpg\" width=\"640\" height=\"480\"\/><\/center><\/a><\/p>\n<p>&nbsp; <\/p>\n<p>Por este canal<strong> se llega a la carretera que baja a Monforte de la Sierra.<\/strong> Ya que hab\u00edamos llegado a este sitio, decidimos darnos una vuelta. Este pueblo es muy similar a La Alberca, aunque no es tan conocido ni tan visitado. Llegado el caso, podr\u00edamos decir que es m\u00e1s aut\u00e9ntico, lo que nos permite recomendarlo para los amantes de los lugares que siguen libres del turismo.<\/p>\n<p>&nbsp;<br \/>\n<center><a data-size=\"640x428\" href=\"http:\/\/destinocastillayleon.es\/index\/wp-content\/uploads\/2013\/11\/Monforte-de-la-Sierra-cerca-de-la-Alberca.jpg\"><img decoding=\"async\" class=\"size-full wp-image-9194 aligncenter\" alt=\"Monforte de la Sierra, cerca de la Alberca\" src=\"http:\/\/destinocastillayleon.es\/index\/wp-content\/uploads\/2013\/11\/Monforte-de-la-Sierra-cerca-de-la-Alberca.jpg\" width=\"640\" height=\"480\"\/><\/center><\/a><\/p>\n<p>&nbsp; <\/p>\n<p>Para volver puedes tomar el mismo camino de ida o la carretera que une ambas poblaciones. Nosotros volvimos por el mismo camino hasta llegar a la ermita de San Blas. Una vez all\u00ed nos reincorporamos a la senda de las ra\u00edces hasta la Alberca.<\/p>\n<p>&nbsp; <\/p>\n<h3>De vuelta a la Alberca, qu\u00e9 ver<\/h3>\n<h4>Museo etnogr\u00e1fico y tienda de antiguedades<\/h4>\n<p>A la vuelta nos dimos otro paseo por la villa, visitando el interior de\u00a0<strong>la Iglesia de Nuestra Se\u00f1ora de la Asunci\u00f3n<\/strong>. Una joya en piedra, <strong>crisol de estilos que le dan un aspecto \u00fanico<\/strong>. Tambi\u00e9n visitamos una tienda de antig\u00fcedades. All\u00ed nos informaron de la existencia de la<strong> <a title=\"Casa Museo Satur Juanela en la Alberca, Salamanca\" href=\"http:\/\/www.casamuseosaturjuanela.com\/\" target=\"_blank\" rel=\"noopener\">Casa Museo Satur Juanela en\u00a0La Alberca<\/a>,<\/strong> regentados por los due\u00f1os de esta singular tienda y que muestra c\u00f3mo era una casa antiguamente y c\u00f3mo se viv\u00eda en la Alberca cuando no hab\u00eda ni luz ni agua corriente, relatando sus m\u00e1s arraigadas tradiciones. Esperamos poder conocerlo en otra visita.<\/p>\n<p>&nbsp;<br \/>\n<center><a data-size=\"640x428\" href=\"http:\/\/destinocastillayleon.es\/index\/wp-content\/uploads\/2013\/11\/Iglesia-de-la-Alberca.jpg\"><img decoding=\"async\" class=\"size-full wp-image-9195 aligncenter\" alt=\"Iglesia de la Alberca\" src=\"http:\/\/destinocastillayleon.es\/index\/wp-content\/uploads\/2013\/11\/Iglesia-de-la-Alberca.jpg\" width=\"640\" height=\"480\"\/><\/center><\/a><\/p>\n<p>&nbsp; <\/p>\n<h3>Gastronom\u00eda de la Sierra de Francia; el hornazo charro<\/h4>\n<p>Pero no pod\u00edamos irnos de La Alberca sin probar la gastronom\u00eda t\u00edpica del lugar. Ya hab\u00edamos probado los vinos de la DOP. Sierra de Salamanca, pero nos faltaba degustar <strong>su singular hornazo charro<\/strong>.<\/p>\n<p>&nbsp;<br \/>\n<center><a data-size=\"640x428\" href=\"http:\/\/destinocastillayleon.es\/index\/wp-content\/uploads\/2013\/11\/82296edb30ef8b2af17179f8a10990be.jpg\"><img decoding=\"async\" class=\"size-full wp-image-9196 aligncenter\" title=\"Hornazo de La Alberca y otros productos t\u00edpicos\" alt=\"Hornazo de La Alberca y otros productos t\u00edpicos\" src=\"http:\/\/destinocastillayleon.es\/index\/wp-content\/uploads\/2013\/11\/82296edb30ef8b2af17179f8a10990be.jpg\" width=\"640\" height=\"480\"\/><\/center><\/a><\/p>\n<p>&nbsp; <\/p>\n<h4>El obrador \u00abEl Pan Negro<\/h4>\n<p><strong>En el obrador \u201c<a href=\"https:\/\/www.facebook.com\/pasteleriamariluzl\">El Pan Negro<\/a>\u201d,<\/strong> en la calle Tablado 17, su amigable gerente Mariluz, nos recibi\u00f3 con una sonrisa. Tras comprar un trozo de hornazo, que estaba exquisito, nos dio a probar las pastas t\u00edpicas de la zona como <strong>las rosquillas \u00abteresina\u00bb<\/strong>\u00a0elaboradas con la receta familiar, los turrones caseros o las floretas. No s\u00f3lo tienen dulces de toda la vida, Mariluz tambi\u00e9n innova en su pasteler\u00eda y las <strong>morcillas de chocolate<\/strong> de creaci\u00f3n propia son muy ricas adem\u00e1s de divertidas.<strong> \u00a1\u00a1Parecen aut\u00e9nticas morcillas!!<\/strong><\/p>\n<p>&nbsp; <\/p>\n<p><center><a data-size=\"640x480\" href=\"http:\/\/destinocastillayleon.es\/index\/wp-content\/uploads\/2013\/11\/8ec3ab57e7b20387e393dd1da7ae02bf.jpg\"><img decoding=\"async\" class=\"size-full wp-image-9197 aligncenter\" alt=\"Pasteler\u00eda pan negro en la Alberca, Salamanca\" src=\"http:\/\/destinocastillayleon.es\/index\/wp-content\/uploads\/2013\/11\/8ec3ab57e7b20387e393dd1da7ae02bf.jpg\" width=\"640\" height=\"480\" srcset=\"https:\/\/destinocastillayleon.es\/index\/wp-content\/uploads\/2013\/11\/8ec3ab57e7b20387e393dd1da7ae02bf.jpg 640w, https:\/\/destinocastillayleon.es\/index\/wp-content\/uploads\/2013\/11\/8ec3ab57e7b20387e393dd1da7ae02bf-300x225.jpg 300w\" sizes=\"(max-width: 640px) 100vw, 640px\" \/><\/center><\/a><\/p>\n<p>&nbsp; <\/p>\n<p>La tienda es muy original, merece la pena una visita si vas por all\u00ed. Cualquier \u00e9poca del a\u00f1o es buena para descubrir la Alberca.<strong>\u00a0\u00bfHas estado all\u00ed? \u00a1\u00a1Cu\u00e9ntanoslo!!<\/strong><\/p>\n<p>&nbsp; <\/p>\n<h4>Art\u00edculos relacionados:<\/h4>\n<p>&nbsp; &nbsp; <strong>\u2022 <\/strong><a title=\"Enlace a nuestra gastroexperiencias en la Sierra de Francia\" href=\"http:\/\/destinocastillayleon.es\/index\/viaje-la-sierra-de-francia\/\" target=\"_blank\" rel=\"noopener\"><span style=\"color: #000000;\">Gastroexperiencias en la Sierra de Francia<\/a>.<br \/>\n&nbsp; &nbsp; <strong>\u2022 <\/strong><a title=\"Enlace a nuestra entrada sobre la receta de ensalada serrana de La Alberca\" href=\"http:\/\/destinocastillayleon.es\/index\/ensalada-serrana-tipica-de-la-alberca\/\" target=\"_blank\" rel=\"noopener\"><span style=\"color: #000000;\">Receta de Ensalada Serrana de La Alberca<\/a>.<br \/>\n&nbsp; &nbsp; <strong>\u2022 <\/strong><a title=\"Enlace a nuestra entrada sobre qu\u00e9 ver y qu\u00e9 hacer en Ciudad Rodrigo\" href=\"http:\/\/destinocastillayleon.es\/index\/visitando-ciudad-rodrigo\/\" target=\"_blank\" rel=\"noopener\"><span style=\"color: #000000;\">Qu\u00e9 ver y qu\u00e9 hacer en Ciudad Rodrigo<\/a>.<br \/>\n&nbsp; &nbsp; <strong>\u2022 <\/strong><a title=\"Enlace a nuestra entrada sobre la gastroexperiencia en el Restaurante El Molino en Miranda del Casta\u00f1ar\" href=\"http:\/\/destinocastillayleon.es\/index\/comer-en-el-restaurante-el-molino-de-miranda\/\" target=\"_blank\" rel=\"noopener\"><span style=\"color: #000000;\">Comiendo en el Restaurante &#8216;El Molino&#8217; en Miranda del Casta\u00f1ar<\/a>.<br \/>\n&nbsp; &nbsp; <strong>\u2022 <\/strong><a title=\"Enlace a nuestra entrada sobre el vino blanco la Zorra de la DOP. Sierra de Salamanca\" href=\"http:\/\/destinocastillayleon.es\/index\/cata-del-vino-blanco-la-zorra-de-la-do-sierra-de-salamanca\/\" target=\"_blank\" rel=\"noopener\"><span style=\"color: #000000;\">Catando el vino blanco la Zorra de la D.O.P. Sierra de Salamanca<\/a>.<br \/>\n&nbsp; &nbsp; <strong>\u2022 <\/strong><a title=\"Enlace a nuestra entrada sobre el oleturismo en Castilla y Le\u00f3n, conociendo nuestro aceite de oliva\" href=\"http:\/\/destinocastillayleon.es\/index\/oleoturismo-en-castilla-leon\/\" target=\"_blank\" rel=\"noopener\"><span style=\"color: #000000;\">Oleturismo en Castilla y Le\u00f3n, conociendo nuestro aceite de oliva<\/a>.<br \/>\n&nbsp; <\/p>\n","protected":false},"excerpt":{"rendered":"<p>La Alberca es una poblaci\u00f3n de la Sierra de Francia que a\u00fan conserva la autenticidad de sus casas, su gastronom\u00eda y m\u00e1s arraigadas tradiciones. \u00a1Descubre la senda de las ra\u00edces!!<\/p>\n","protected":false},"author":6,"featured_media":9183,"comment_status":"open","ping_status":"closed","sticky":false,"template":"","format":"standard","meta":{"rop_custom_images_group":[],"rop_custom_messages_group":[],"rop_publish_now":"initial","rop_publish_now_accounts":{"twitter_1150954226_1150954226":""},"rop_publish_now_history":[],"rop_publish_now_status":"pending","footnotes":""},"categories":[68,45,384,74,40,4795,3209,1],"tags":[5475,1140,3791,769,1142,1138,533,1141,2566,3790,369,688,535,2565],"class_list":["post-9181","post","type-post","status-publish","format-standard","has-post-thumbnail","hentry","category-post_inicial","category-provincias","category-rutas-2","category-rutas_por_cyl","category-salamanca","category-salamanca-turismo","category-senderismo-2","category-uncategorized","tag-asalamanca","tag-comer-en-la-alberca","tag-descubre-la-alberca-y-su-senda-de-las-raices","tag-destino-castilla-y-leon","tag-gastronomia-de-la-alberca","tag-que-ver-en-la-alberca","tag-que-ver-en-salamanca","tag-senda-de-las-raices-en-la-alberca","tag-senderismo-en-la-alberca","tag-senderismo-en-la-sierra-de-francia","tag-turismo-en-castilla-y-leon","tag-turismo-en-la-sierra-de-francia","tag-turismo-en-salamanca","tag-visitar-la-alberca"],"yoast_head":"<!-- This site is optimized with the Yoast SEO Premium plugin v20.4 (Yoast SEO v27.4) - https:\/\/yoast.com\/product\/yoast-seo-premium-wordpress\/ -->\n<title>Descubre la Alberca y su Senda de las Ra\u00edces<\/title>\n<meta name=\"description\" content=\"Descubre en La Alberca, ruta &quot;Senda de las ra\u00edces&quot;; y adem\u00e1s en esta poblaci\u00f3n de la Sierra de Francia ver\u00e1s sus tradiciones y su autenticidad.\" \/>\n<meta name=\"robots\" content=\"index, follow, max-snippet:-1, max-image-preview:large, max-video-preview:-1\" \/>\n<link rel=\"canonical\" href=\"https:\/\/destinocastillayleon.es\/index\/descubre-la-alberca\/\" \/>\n<meta property=\"og:locale\" content=\"es_ES\" \/>\n<meta property=\"og:type\" content=\"article\" \/>\n<meta property=\"og:title\" content=\"Descubre la Alberca y su Senda de las Ra\u00edces\" \/>\n<meta property=\"og:description\" content=\"La Alberca es una poblaci\u00f3n de la Sierra de Francia que a\u00fan conserva la autenticidad de sus casas, su gastronom\u00eda y m\u00e1s arraigadas tradiciones. \u00a1Descubre la senda de las ra\u00edces!!\" \/>\n<meta property=\"og:url\" content=\"https:\/\/destinocastillayleon.es\/index\/descubre-la-alberca\/\" \/>\n<meta property=\"og:site_name\" content=\"Destino Castilla y Le\u00f3n\" \/>\n<meta property=\"article:publisher\" content=\"https:\/\/www.facebook.com\/DestinoCastillaYLeon\/\" \/>\n<meta property=\"article:published_time\" content=\"2013-11-25T18:09:14+00:00\" \/>\n<meta property=\"article:modified_time\" content=\"2022-03-21T11:35:00+00:00\" \/>\n<meta property=\"og:image\" content=\"https:\/\/destinocastillayleon.es\/index\/wp-content\/uploads\/2013\/11\/Plaza-Mayor-de-la-Alberca.jpg\" \/>\n\t<meta property=\"og:image:width\" content=\"640\" \/>\n\t<meta property=\"og:image:height\" content=\"428\" \/>\n\t<meta property=\"og:image:type\" content=\"image\/jpeg\" \/>\n<meta name=\"author\" content=\"Lola Hernandez\" \/>\n<meta name=\"twitter:card\" content=\"summary_large_image\" \/>\n<meta name=\"twitter:creator\" content=\"@destinocyl\" \/>\n<meta name=\"twitter:site\" content=\"@destinocyl\" \/>\n<meta name=\"twitter:label1\" content=\"Escrito por\" \/>\n\t<meta name=\"twitter:data1\" content=\"Lola Hernandez\" \/>\n\t<meta name=\"twitter:label2\" content=\"Tiempo de lectura\" \/>\n\t<meta name=\"twitter:data2\" content=\"6 minutos\" \/>\n<script type=\"application\/ld+json\" class=\"yoast-schema-graph\">{\"@context\":\"https:\\\/\\\/schema.org\",\"@graph\":[{\"@type\":\"Article\",\"@id\":\"https:\\\/\\\/destinocastillayleon.es\\\/index\\\/descubre-la-alberca\\\/#article\",\"isPartOf\":{\"@id\":\"https:\\\/\\\/destinocastillayleon.es\\\/index\\\/descubre-la-alberca\\\/\"},\"author\":{\"name\":\"Lola Hernandez\",\"@id\":\"https:\\\/\\\/destinocastillayleon.es\\\/index\\\/#\\\/schema\\\/person\\\/49ffcb7eb307589ba529009335ed7767\"},\"headline\":\"Descubre la Alberca y su Senda de las Ra\u00edces\",\"datePublished\":\"2013-11-25T18:09:14+00:00\",\"dateModified\":\"2022-03-21T11:35:00+00:00\",\"mainEntityOfPage\":{\"@id\":\"https:\\\/\\\/destinocastillayleon.es\\\/index\\\/descubre-la-alberca\\\/\"},\"wordCount\":1133,\"commentCount\":1,\"image\":{\"@id\":\"https:\\\/\\\/destinocastillayleon.es\\\/index\\\/descubre-la-alberca\\\/#primaryimage\"},\"thumbnailUrl\":\"https:\\\/\\\/destinocastillayleon.es\\\/index\\\/wp-content\\\/uploads\\\/2013\\\/11\\\/Plaza-Mayor-de-la-Alberca.jpg\",\"keywords\":[\"asalamanca\",\"comer en la Alberca\",\"Descubre la Alberca y su Senda de las Ra\u00edces\",\"Destino Castilla y Le\u00f3n\",\"gastronom\u00eda de la Alberca\",\"Que ver en la Alberca\",\"Que ver en Salamanca\",\"Senda de las ra\u00edces en la Alberca\",\"senderismo en la Alberca\",\"senderismo en la Sierra de Francia\",\"turismo en Castilla y Le\u00f3n\",\"turismo en la Sierra de Francia\",\"Turismo en Salamanca\",\"visitar la alberca\"],\"articleSection\":[\"Post_inicial\",\"Provincias\",\"Rutas\",\"Rutas por Castilla y Le\u00f3n\",\"Salamanca\",\"Salamanca Turismo\",\"Senderismo\",\"Uncategorized\"],\"inLanguage\":\"es\",\"potentialAction\":[{\"@type\":\"CommentAction\",\"name\":\"Comment\",\"target\":[\"https:\\\/\\\/destinocastillayleon.es\\\/index\\\/descubre-la-alberca\\\/#respond\"]}]},{\"@type\":\"WebPage\",\"@id\":\"https:\\\/\\\/destinocastillayleon.es\\\/index\\\/descubre-la-alberca\\\/\",\"url\":\"https:\\\/\\\/destinocastillayleon.es\\\/index\\\/descubre-la-alberca\\\/\",\"name\":\"Descubre la Alberca y su Senda de las Ra\u00edces\",\"isPartOf\":{\"@id\":\"https:\\\/\\\/destinocastillayleon.es\\\/index\\\/#website\"},\"primaryImageOfPage\":{\"@id\":\"https:\\\/\\\/destinocastillayleon.es\\\/index\\\/descubre-la-alberca\\\/#primaryimage\"},\"image\":{\"@id\":\"https:\\\/\\\/destinocastillayleon.es\\\/index\\\/descubre-la-alberca\\\/#primaryimage\"},\"thumbnailUrl\":\"https:\\\/\\\/destinocastillayleon.es\\\/index\\\/wp-content\\\/uploads\\\/2013\\\/11\\\/Plaza-Mayor-de-la-Alberca.jpg\",\"datePublished\":\"2013-11-25T18:09:14+00:00\",\"dateModified\":\"2022-03-21T11:35:00+00:00\",\"author\":{\"@id\":\"https:\\\/\\\/destinocastillayleon.es\\\/index\\\/#\\\/schema\\\/person\\\/49ffcb7eb307589ba529009335ed7767\"},\"description\":\"Descubre en La Alberca, ruta \\\"Senda de las ra\u00edces\\\"; y adem\u00e1s en esta poblaci\u00f3n de la Sierra de Francia ver\u00e1s sus tradiciones y su autenticidad.\",\"breadcrumb\":{\"@id\":\"https:\\\/\\\/destinocastillayleon.es\\\/index\\\/descubre-la-alberca\\\/#breadcrumb\"},\"inLanguage\":\"es\",\"potentialAction\":[{\"@type\":\"ReadAction\",\"target\":[\"https:\\\/\\\/destinocastillayleon.es\\\/index\\\/descubre-la-alberca\\\/\"]}]},{\"@type\":\"ImageObject\",\"inLanguage\":\"es\",\"@id\":\"https:\\\/\\\/destinocastillayleon.es\\\/index\\\/descubre-la-alberca\\\/#primaryimage\",\"url\":\"https:\\\/\\\/destinocastillayleon.es\\\/index\\\/wp-content\\\/uploads\\\/2013\\\/11\\\/Plaza-Mayor-de-la-Alberca.jpg\",\"contentUrl\":\"https:\\\/\\\/destinocastillayleon.es\\\/index\\\/wp-content\\\/uploads\\\/2013\\\/11\\\/Plaza-Mayor-de-la-Alberca.jpg\",\"width\":640,\"height\":428},{\"@type\":\"BreadcrumbList\",\"@id\":\"https:\\\/\\\/destinocastillayleon.es\\\/index\\\/descubre-la-alberca\\\/#breadcrumb\",\"itemListElement\":[{\"@type\":\"ListItem\",\"position\":1,\"name\":\"Portada\",\"item\":\"https:\\\/\\\/destinocastillayleon.es\\\/index\\\/\"},{\"@type\":\"ListItem\",\"position\":2,\"name\":\"Descubre la Alberca y su Senda de las Ra\u00edces\"}]},{\"@type\":\"WebSite\",\"@id\":\"https:\\\/\\\/destinocastillayleon.es\\\/index\\\/#website\",\"url\":\"https:\\\/\\\/destinocastillayleon.es\\\/index\\\/\",\"name\":\"Destino Castilla y Le\u00f3n\",\"description\":\"Medio digital independiente y revista de Castilla y Le\u00f3n dedicado al turismo, gastronom\u00eda y vino de Castilla y Le\u00f3n\",\"potentialAction\":[{\"@type\":\"SearchAction\",\"target\":{\"@type\":\"EntryPoint\",\"urlTemplate\":\"https:\\\/\\\/destinocastillayleon.es\\\/index\\\/?s={search_term_string}\"},\"query-input\":{\"@type\":\"PropertyValueSpecification\",\"valueRequired\":true,\"valueName\":\"search_term_string\"}}],\"inLanguage\":\"es\"},{\"@type\":\"Person\",\"@id\":\"https:\\\/\\\/destinocastillayleon.es\\\/index\\\/#\\\/schema\\\/person\\\/49ffcb7eb307589ba529009335ed7767\",\"name\":\"Lola Hernandez\",\"image\":{\"@type\":\"ImageObject\",\"inLanguage\":\"es\",\"@id\":\"https:\\\/\\\/secure.gravatar.com\\\/avatar\\\/72ead65e55ad0522fba484acfe2842bf78b2f7c727df41d76fed78a85519da34?s=96&d=mm&r=g\",\"url\":\"https:\\\/\\\/secure.gravatar.com\\\/avatar\\\/72ead65e55ad0522fba484acfe2842bf78b2f7c727df41d76fed78a85519da34?s=96&d=mm&r=g\",\"contentUrl\":\"https:\\\/\\\/secure.gravatar.com\\\/avatar\\\/72ead65e55ad0522fba484acfe2842bf78b2f7c727df41d76fed78a85519da34?s=96&d=mm&r=g\",\"caption\":\"Lola Hernandez\"},\"description\":\"Lola Hern\u00e1ndez fue fundadora y directora de www.destinocastillayleon.es Escribiendo sobre turismo, gastronom\u00eda y vino de su tierra de origen, Castilla y Le\u00f3n.\",\"sameAs\":[\"http:\\\/\\\/www.destinoysabor.com\\\/blog\"],\"url\":\"https:\\\/\\\/destinocastillayleon.es\\\/index\\\/author\\\/lola-hernandez\\\/\"}]}<\/script>\n<!-- \/ Yoast SEO Premium plugin. -->","yoast_head_json":{"title":"Descubre la Alberca y su Senda de las Ra\u00edces","description":"Descubre en La Alberca, ruta \"Senda de las ra\u00edces\"; y adem\u00e1s en esta poblaci\u00f3n de la Sierra de Francia ver\u00e1s sus tradiciones y su autenticidad.","robots":{"index":"index","follow":"follow","max-snippet":"max-snippet:-1","max-image-preview":"max-image-preview:large","max-video-preview":"max-video-preview:-1"},"canonical":"https:\/\/destinocastillayleon.es\/index\/descubre-la-alberca\/","og_locale":"es_ES","og_type":"article","og_title":"Descubre la Alberca y su Senda de las Ra\u00edces","og_description":"La Alberca es una poblaci\u00f3n de la Sierra de Francia que a\u00fan conserva la autenticidad de sus casas, su gastronom\u00eda y m\u00e1s arraigadas tradiciones. \u00a1Descubre la senda de las ra\u00edces!!","og_url":"https:\/\/destinocastillayleon.es\/index\/descubre-la-alberca\/","og_site_name":"Destino Castilla y Le\u00f3n","article_publisher":"https:\/\/www.facebook.com\/DestinoCastillaYLeon\/","article_published_time":"2013-11-25T18:09:14+00:00","article_modified_time":"2022-03-21T11:35:00+00:00","og_image":[{"width":640,"height":428,"url":"https:\/\/destinocastillayleon.es\/index\/wp-content\/uploads\/2013\/11\/Plaza-Mayor-de-la-Alberca.jpg","type":"image\/jpeg"}],"author":"Lola Hernandez","twitter_card":"summary_large_image","twitter_creator":"@destinocyl","twitter_site":"@destinocyl","twitter_misc":{"Escrito por":"Lola Hernandez","Tiempo de lectura":"6 minutos"},"schema":{"@context":"https:\/\/schema.org","@graph":[{"@type":"Article","@id":"https:\/\/destinocastillayleon.es\/index\/descubre-la-alberca\/#article","isPartOf":{"@id":"https:\/\/destinocastillayleon.es\/index\/descubre-la-alberca\/"},"author":{"name":"Lola Hernandez","@id":"https:\/\/destinocastillayleon.es\/index\/#\/schema\/person\/49ffcb7eb307589ba529009335ed7767"},"headline":"Descubre la Alberca y su Senda de las Ra\u00edces","datePublished":"2013-11-25T18:09:14+00:00","dateModified":"2022-03-21T11:35:00+00:00","mainEntityOfPage":{"@id":"https:\/\/destinocastillayleon.es\/index\/descubre-la-alberca\/"},"wordCount":1133,"commentCount":1,"image":{"@id":"https:\/\/destinocastillayleon.es\/index\/descubre-la-alberca\/#primaryimage"},"thumbnailUrl":"https:\/\/destinocastillayleon.es\/index\/wp-content\/uploads\/2013\/11\/Plaza-Mayor-de-la-Alberca.jpg","keywords":["asalamanca","comer en la Alberca","Descubre la Alberca y su Senda de las Ra\u00edces","Destino Castilla y Le\u00f3n","gastronom\u00eda de la Alberca","Que ver en la Alberca","Que ver en Salamanca","Senda de las ra\u00edces en la Alberca","senderismo en la Alberca","senderismo en la Sierra de Francia","turismo en Castilla y Le\u00f3n","turismo en la Sierra de Francia","Turismo en Salamanca","visitar la alberca"],"articleSection":["Post_inicial","Provincias","Rutas","Rutas por Castilla y Le\u00f3n","Salamanca","Salamanca Turismo","Senderismo","Uncategorized"],"inLanguage":"es","potentialAction":[{"@type":"CommentAction","name":"Comment","target":["https:\/\/destinocastillayleon.es\/index\/descubre-la-alberca\/#respond"]}]},{"@type":"WebPage","@id":"https:\/\/destinocastillayleon.es\/index\/descubre-la-alberca\/","url":"https:\/\/destinocastillayleon.es\/index\/descubre-la-alberca\/","name":"Descubre la Alberca y su Senda de las Ra\u00edces","isPartOf":{"@id":"https:\/\/destinocastillayleon.es\/index\/#website"},"primaryImageOfPage":{"@id":"https:\/\/destinocastillayleon.es\/index\/descubre-la-alberca\/#primaryimage"},"image":{"@id":"https:\/\/destinocastillayleon.es\/index\/descubre-la-alberca\/#primaryimage"},"thumbnailUrl":"https:\/\/destinocastillayleon.es\/index\/wp-content\/uploads\/2013\/11\/Plaza-Mayor-de-la-Alberca.jpg","datePublished":"2013-11-25T18:09:14+00:00","dateModified":"2022-03-21T11:35:00+00:00","author":{"@id":"https:\/\/destinocastillayleon.es\/index\/#\/schema\/person\/49ffcb7eb307589ba529009335ed7767"},"description":"Descubre en La Alberca, ruta \"Senda de las ra\u00edces\"; y adem\u00e1s en esta poblaci\u00f3n de la Sierra de Francia ver\u00e1s sus tradiciones y su autenticidad.","breadcrumb":{"@id":"https:\/\/destinocastillayleon.es\/index\/descubre-la-alberca\/#breadcrumb"},"inLanguage":"es","potentialAction":[{"@type":"ReadAction","target":["https:\/\/destinocastillayleon.es\/index\/descubre-la-alberca\/"]}]},{"@type":"ImageObject","inLanguage":"es","@id":"https:\/\/destinocastillayleon.es\/index\/descubre-la-alberca\/#primaryimage","url":"https:\/\/destinocastillayleon.es\/index\/wp-content\/uploads\/2013\/11\/Plaza-Mayor-de-la-Alberca.jpg","contentUrl":"https:\/\/destinocastillayleon.es\/index\/wp-content\/uploads\/2013\/11\/Plaza-Mayor-de-la-Alberca.jpg","width":640,"height":428},{"@type":"BreadcrumbList","@id":"https:\/\/destinocastillayleon.es\/index\/descubre-la-alberca\/#breadcrumb","itemListElement":[{"@type":"ListItem","position":1,"name":"Portada","item":"https:\/\/destinocastillayleon.es\/index\/"},{"@type":"ListItem","position":2,"name":"Descubre la Alberca y su Senda de las Ra\u00edces"}]},{"@type":"WebSite","@id":"https:\/\/destinocastillayleon.es\/index\/#website","url":"https:\/\/destinocastillayleon.es\/index\/","name":"Destino Castilla y Le\u00f3n","description":"Medio digital independiente y revista de Castilla y Le\u00f3n dedicado al turismo, gastronom\u00eda y vino de Castilla y Le\u00f3n","potentialAction":[{"@type":"SearchAction","target":{"@type":"EntryPoint","urlTemplate":"https:\/\/destinocastillayleon.es\/index\/?s={search_term_string}"},"query-input":{"@type":"PropertyValueSpecification","valueRequired":true,"valueName":"search_term_string"}}],"inLanguage":"es"},{"@type":"Person","@id":"https:\/\/destinocastillayleon.es\/index\/#\/schema\/person\/49ffcb7eb307589ba529009335ed7767","name":"Lola Hernandez","image":{"@type":"ImageObject","inLanguage":"es","@id":"https:\/\/secure.gravatar.com\/avatar\/72ead65e55ad0522fba484acfe2842bf78b2f7c727df41d76fed78a85519da34?s=96&d=mm&r=g","url":"https:\/\/secure.gravatar.com\/avatar\/72ead65e55ad0522fba484acfe2842bf78b2f7c727df41d76fed78a85519da34?s=96&d=mm&r=g","contentUrl":"https:\/\/secure.gravatar.com\/avatar\/72ead65e55ad0522fba484acfe2842bf78b2f7c727df41d76fed78a85519da34?s=96&d=mm&r=g","caption":"Lola Hernandez"},"description":"Lola Hern\u00e1ndez fue fundadora y directora de www.destinocastillayleon.es Escribiendo sobre turismo, gastronom\u00eda y vino de su tierra de origen, Castilla y Le\u00f3n.","sameAs":["http:\/\/www.destinoysabor.com\/blog"],"url":"https:\/\/destinocastillayleon.es\/index\/author\/lola-hernandez\/"}]}},"_links":{"self":[{"href":"https:\/\/destinocastillayleon.es\/index\/wp-json\/wp\/v2\/posts\/9181","targetHints":{"allow":["GET"]}}],"collection":[{"href":"https:\/\/destinocastillayleon.es\/index\/wp-json\/wp\/v2\/posts"}],"about":[{"href":"https:\/\/destinocastillayleon.es\/index\/wp-json\/wp\/v2\/types\/post"}],"author":[{"embeddable":true,"href":"https:\/\/destinocastillayleon.es\/index\/wp-json\/wp\/v2\/users\/6"}],"replies":[{"embeddable":true,"href":"https:\/\/destinocastillayleon.es\/index\/wp-json\/wp\/v2\/comments?post=9181"}],"version-history":[{"count":21,"href":"https:\/\/destinocastillayleon.es\/index\/wp-json\/wp\/v2\/posts\/9181\/revisions"}],"predecessor-version":[{"id":35092,"href":"https:\/\/destinocastillayleon.es\/index\/wp-json\/wp\/v2\/posts\/9181\/revisions\/35092"}],"wp:featuredmedia":[{"embeddable":true,"href":"https:\/\/destinocastillayleon.es\/index\/wp-json\/wp\/v2\/media\/9183"}],"wp:attachment":[{"href":"https:\/\/destinocastillayleon.es\/index\/wp-json\/wp\/v2\/media?parent=9181"}],"wp:term":[{"taxonomy":"category","embeddable":true,"href":"https:\/\/destinocastillayleon.es\/index\/wp-json\/wp\/v2\/categories?post=9181"},{"taxonomy":"post_tag","embeddable":true,"href":"https:\/\/destinocastillayleon.es\/index\/wp-json\/wp\/v2\/tags?post=9181"}],"curies":[{"name":"wp","href":"https:\/\/api.w.org\/{rel}","templated":true}]}}