{"id":8412,"date":"2023-04-19T08:51:08","date_gmt":"2023-04-19T06:51:08","guid":{"rendered":"http:\/\/destinocastillayleon.es\/index\/?p=8412"},"modified":"2023-04-19T08:47:49","modified_gmt":"2023-04-19T06:47:49","slug":"museo-casa-lis","status":"publish","type":"post","link":"https:\/\/destinocastillayleon.es\/index\/museo-casa-lis\/","title":{"rendered":"Museo Casa Lis, la joya del Art Nouveau y el Art Dec\u00f3 de Salamanca"},"content":{"rendered":"<p>Pese a que Salamanca es sobre todo famosa por su edificios sobrios y elegantes de una piedra dorada que marca un estilo de ciudad, <strong>entre sus m\u00e1s hermosos edificios, cuenta con este Museo Casa Lis; en si mismo, uno de los mejores ejemplos de modernismo del siglo XX;<\/strong> pero es que la colecci\u00f3n que atesora hace que este conjunto sobresalga a nivel internacional y sea una parada muy recomendable visitando Salamanca.<\/p>\n<p>Y es que la primera vez que visitamos este <a title=\"Museo Casa Lis de Salamanca\" href=\"http:\/\/www.museocasalis.org\/nuevaweb\/\" target=\"_blank\" rel=\"NoFollow noopener\">Museo Casa Lis<\/a> pensamos directamente: &#8211;<strong>\u00a1C\u00f3mo no hemos estado aqu\u00ed antes!<\/strong>-.<\/strong><\/p>\n<h3><strong>\u00cdndice de contenidos<\/strong><\/h3>\n<p>Para que sea m\u00e1s \u00fatil <strong>esta breve gu\u00eda sobre este museo tan especial de Salamanca,<\/strong> hemos creado este \u00edndice con los principales contenidos.<\/p>\n<p><strong>Museo Casa Lis de Salamanca: <\/strong><\/p>\n<ul>\n<li><a href=\"#Visita\">Historia del edificio<\/a>.<\/li>\n<li><a href=\"#Origen\">Origen de la colecci\u00f3n<\/a>.<\/li>\n<li><a href=\"#Estilos\">Comprender el Art Nouveau y el Art D\u00e9co<\/a>.<\/li>\n<li><a href=\"#Coleccion\">Colecci\u00f3n del Museo Casa Lis<\/a>.<\/li>\n<li><a href=\"#Informacion\">Informaci\u00f3n para programar una visita<\/a>.<\/li>\n<li><a href=\"#Video\">V\u00eddeo de una visita<\/a>.<\/li>\n<\/ul>\n<p><strong>Informaci\u00f3n general sobre Salamanca: <\/strong><\/p>\n<ul>\n<li><a href=\"#Llegar\">\u00bfC\u00f3mo llegar?<\/a><\/li>\n<li><a href=\"#Dormir\">\u00bfD\u00f3nde alojarte?<\/a><\/li>\n<li><a href=\"#Comer\">\u00bfD\u00f3nde comer?<\/a><\/li>\n<li><a href=\"#Actividades\">M\u00e1s actividades en Salamanca<\/a><\/li>\n<li><a href=\"#Historia\">Breve contexto hist\u00f3rico<\/a>.<\/li>\n<\/ul>\n<p><strong>Esperamos que sea de utilidad,<\/strong> y recuerda que pinchando en este \u00edndice, puedes ir directamente a ese contenido.<br \/>\n&nbsp;<\/p>\n<h3><strong>Preparando el viaje<\/strong><\/h3>\n<p>Indicaros que, <strong>lo que sobran en Salamanca son motivos para visitarla y disfrutar de ella.<\/strong> Nosotros hemos estado en innumerables ocasiones, y aunque cre\u00edamos conocerla muy bien, en una de las \u00faltimas ocasiones que, vino de la mano del Ayuntamiento de la Ciudad, <a href=\"https:\/\/destinocastillayleon.es\/index\/redescubriendo-salamanca\/\">redescubrimos Salamanca<\/a> con actividades diferentes.<\/p>\n<figure id=\"attachment_34954\" aria-describedby=\"caption-attachment-34954\" style=\"width: 580px\" class=\"wp-caption aligncenter\"><img decoding=\"async\" src=\"https:\/\/destinocastillayleon.es\/index\/wp-content\/uploads\/2022\/02\/7ba875e8a9002fd98f561d378660858f.jpg\" alt=\"Vistas desde las torres de la Clerec\u00eda - Destino Castilla y Le\u00f3n\" width=\"580\" class=\"size-full wp-image-34954\" srcset=\"https:\/\/destinocastillayleon.es\/index\/wp-content\/uploads\/2022\/02\/7ba875e8a9002fd98f561d378660858f.jpg 640w, https:\/\/destinocastillayleon.es\/index\/wp-content\/uploads\/2022\/02\/7ba875e8a9002fd98f561d378660858f-300x169.jpg 300w\" sizes=\"(max-width: 640px) 100vw, 640px\" \/><figcaption id=\"caption-attachment-34954\" class=\"wp-caption-text\">Vistas desde las torres de la Clerec\u00eda &#8211; Destino Castilla y Le\u00f3n<\/figcaption><\/figure>\n<p>Toda una experiencia que <strong>nos permiti\u00f3 ver Salamanca de una forma diferente, y totalmente recomendable.<\/strong> Pod\u00e9is conocer estas <strong>nuevas experiencias en Salamanca<\/strong> en <a href=\"https:\/\/destinocastillayleon.es\/index\/redescubriendo-salamanca\/\">nuestra publicaci\u00f3n<\/a>. <a name=\"Visita\"><\/a><br \/>\n&nbsp;<\/p>\n<h2><strong>Visita a la Casa Museo Casa Lis<\/strong><\/h2>\n<p>Antes de centrarse en la propia colecci\u00f3n de este museo, <strong>es interesante conocer el contexto del propio edificio, que ya por s\u00ed mismo merecer\u00eda ser visitable;<\/strong> aunque es la conjunci\u00f3n de edificio y colecci\u00f3n lo que hace que esta visita sea tan especial.<\/p>\n<figure id=\"attachment_36718\" aria-describedby=\"caption-attachment-36718\" style=\"width: 640px\" class=\"wp-caption aligncenter\"><img decoding=\"async\" src=\"https:\/\/destinocastillayleon.es\/index\/wp-content\/uploads\/2023\/04\/Fachada-principal-de-la-Casa-Museo-Casa-Lis-de-Salamanca-Destino-Castilla-y-Leon.jpg\" alt=\"Fachada principal de la Casa Museo Casa Lis de Salamanca - Destino Castilla y Le\u00f3n\" width=\"640\" height=\"360\" class=\"size-full wp-image-36718\" srcset=\"https:\/\/destinocastillayleon.es\/index\/wp-content\/uploads\/2023\/04\/Fachada-principal-de-la-Casa-Museo-Casa-Lis-de-Salamanca-Destino-Castilla-y-Leon.jpg 640w, https:\/\/destinocastillayleon.es\/index\/wp-content\/uploads\/2023\/04\/Fachada-principal-de-la-Casa-Museo-Casa-Lis-de-Salamanca-Destino-Castilla-y-Leon-300x169.jpg 300w\" sizes=\"(max-width: 640px) 100vw, 640px\" \/><figcaption id=\"caption-attachment-36718\" class=\"wp-caption-text\">Fachada principal de la Casa Museo Casa Lis de Salamanca &#8211; Destino Castilla y Le\u00f3n<\/figcaption><\/figure>\n<p>Y es que la historia de la Casa, construida por D. Miguel de Lis a principios del s. XX, su recuperaci\u00f3n y c\u00f3mo lleg\u00f3 hasta all\u00ed <strong>la fant\u00e1stica colecci\u00f3n de obras de Art Nouveau y Art Dec\u00f3<\/strong> que alberga el museo, es fascinante y engancha a partes iguales. Una historia incre\u00edble, casi novelesca, pero tan dura y cierta como la vida misma. <a name=\"Edificio\"><\/a><\/p>\n<h3><strong>La Historia de la Casa Lis<\/strong><\/h2>\n<p><strong>La Historia de la Casa Lis es un fiel reflejo del abandono del patrimonio arquitect\u00f3nico de Castilla y Le\u00f3n durante d\u00e9cadas.<\/strong> Esta casa fue dise\u00f1ada por el arquitecto Joaqu\u00edn de Vargas y Aguirre a principios del s. XX por encargo <strong>D. Miguel de Lis<\/strong>, propietario de una f\u00e1brica de curtidos salmantina que hab\u00eda heredado de su padre. <\/p>\n<figure id=\"attachment_36723\" aria-describedby=\"caption-attachment-36723\" style=\"width: 640px\" class=\"wp-caption aligncenter\"><img decoding=\"async\" src=\"https:\/\/destinocastillayleon.es\/index\/wp-content\/uploads\/2023\/04\/Vidriera-en-el-techo-de-la-Casa-Lis-Destino-Castilla-y-Leon.jpg\" alt=\"Caf\u00e9 de la Casa Museo Casa Lis - Destino Castilla y Le\u00f3n\" width=\"640\" height=\"360\" class=\"size-full wp-image-36723\" srcset=\"https:\/\/destinocastillayleon.es\/index\/wp-content\/uploads\/2023\/04\/Vidriera-en-el-techo-de-la-Casa-Lis-Destino-Castilla-y-Leon.jpg 640w, https:\/\/destinocastillayleon.es\/index\/wp-content\/uploads\/2023\/04\/Vidriera-en-el-techo-de-la-Casa-Lis-Destino-Castilla-y-Leon-300x169.jpg 300w\" sizes=\"(max-width: 640px) 100vw, 640px\" \/><figcaption id=\"caption-attachment-36723\" class=\"wp-caption-text\">Caf\u00e9 de la Casa Museo Casa Lis &#8211; Destino Castilla y Le\u00f3n<\/figcaption><\/figure>\n<p>Este pr\u00f3spero negocio le facilit\u00f3 una desahogada posici\u00f3n econ\u00f3mica, de modo que D. Miguel fue uno los hombres m\u00e1s pudientes de Salamanca a principios del s.XX. D. Miguel <strong>hab\u00eda viajado por Europa y conoc\u00eda la nueva corriente arquitect\u00f3nica modernista que ya se estaba dando en ciudades como Par\u00eds o Barcelona.<\/strong><\/p>\n<p>Como construcci\u00f3n, el propio edificio <strong>fue muy criticado en su \u00e9poca<\/strong> ya que integraba por primera vez elementos de la arquitectura industrial como las vigas de acero con uso residencial.<strong> Toda una novedad para la \u00e9poca<\/strong>. La casa contaba con habitaciones para el verano y para el invierno, destacando su patio interior, originariamente abierto al aire libre y <strong>la galer\u00eda vidrieras art\u00edsticas desde la que se contempla el r\u00edo Tormes.<\/strong><\/strong><\/p>\n<figure id=\"attachment_24681\" aria-describedby=\"caption-attachment-24681\" style=\"width: 640px\" class=\"wp-caption aligncenter\"><img decoding=\"async\" src=\"https:\/\/destinocastillayleon.es\/index\/wp-content\/uploads\/2017\/02\/Fachada-exterior-sur-al-Museo-Casa-Lis-Imagen-de-In-ArQadia.jpg\" alt=\"Fachada exterior sur al Museo Casa Lis - Imagen de In ArQadia\" width=\"640\" height=\"389\" class=\"size-full wp-image-24681\" srcset=\"https:\/\/destinocastillayleon.es\/index\/wp-content\/uploads\/2017\/02\/Fachada-exterior-sur-al-Museo-Casa-Lis-Imagen-de-In-ArQadia.jpg 640w, https:\/\/destinocastillayleon.es\/index\/wp-content\/uploads\/2017\/02\/Fachada-exterior-sur-al-Museo-Casa-Lis-Imagen-de-In-ArQadia-300x182.jpg 300w\" sizes=\"(max-width: 640px) 100vw, 640px\" \/><figcaption id=\"caption-attachment-24681\" class=\"wp-caption-text\">Fachada exterior sur al Museo Casa Lis &#8211; Imagen de In ArQadia<\/figcaption><\/figure>\n<blockquote><p>Es a partir de 1927 cuando comienza a pasar de mano en mano y a encontrarse, en la d\u00e9cada de los 70&#8242; cerrada, abandonada y sin uso, sufriendo numerosos robos y en un estado de ruina inminente.<\/p><\/blockquote>\n<p>Afortunadamente, <strong>a finales de los 80&#8217;s el Ayuntamiento de Salamanca interviene en el edificio, tomando cartas en el asunto e inician unas labores de conservaci\u00f3n y restauraci\u00f3n,<\/strong> llegando a d\u00eda de hoy uno de los edificios de arte modernista Art Nouveau m\u00e1s singulares por su belleza del mundo. <a name=\"Origen\"><\/a><\/p>\n<h3><strong>El origen de la colecci\u00f3n<\/strong><\/h3>\n<p>Es curioso como casi por casualidad, a la hora de iniciar el proyecto de conservaci\u00f3n del edificio, el Ayuntamiento de Salamanca se enter\u00f3 de que hay el anticuario, <strong>Manuel Ramos Andrade de origen salmantino, deseaba ceder su colecci\u00f3n de mu\u00f1ecas y otras obras pertenecientes al Art Nouveau y Art Dec\u00f3 <\/strong>a cambio de que las obras de la colecci\u00f3n nunca se separen.<\/p>\n<figure id=\"attachment_34946\" aria-describedby=\"caption-attachment-34946\" style=\"width: 640px\" class=\"wp-caption aligncenter\"><img decoding=\"async\" src=\"https:\/\/destinocastillayleon.es\/index\/wp-content\/uploads\/2022\/02\/daab5ae0bd9757ee314ac663c5290535.jpg\" alt=\"Casa Museo Casa Lis\" title=\"Piezas de la Casa Museo Casa Lis - Destino Castilla y Le\u00f3n\" width=\"640\" height=\"514\" class=\"size-full wp-image-34946\" srcset=\"https:\/\/destinocastillayleon.es\/index\/wp-content\/uploads\/2022\/02\/daab5ae0bd9757ee314ac663c5290535.jpg 640w, https:\/\/destinocastillayleon.es\/index\/wp-content\/uploads\/2022\/02\/daab5ae0bd9757ee314ac663c5290535-300x241.jpg 300w\" sizes=\"(max-width: 640px) 100vw, 640px\" \/><figcaption id=\"caption-attachment-34946\" class=\"wp-caption-text\">Piezas de la Casa Museo Casa Lis &#8211; Destino Castilla y Le\u00f3n<\/figcaption><\/figure>\n<p>Tras la cesi\u00f3n de esta colecci\u00f3n que forma la base de los fondos de este museo, <strong>se cre\u00f3 la Fundaci\u00f3n que lleva su nombre y que gestiona el Museo Art Nouveau y Art D\u00e9co y que, seg\u00fan su voluntad, desarrolla otras funciones sociales<\/strong> como la concesi\u00f3n de ayudas sociales a los ancianos y becas de estudio a los ni\u00f1os de su pueblo natal, <a title=\"Ayuntamiento de Navasfr\u00edas\" href=\"http:\/\/www.aytonavasfrias.com\/\" target=\"_blank\" rel=\"noopener\">Navasfr\u00edas<\/a>. Y cuya <strong>gesti\u00f3n es 100% privada. <\/strong> <a name=\"Estilos\"><\/a><\/p>\n<h3><strong>Modernismo si,.. \u00bfpero Art D\u00e9co y Art Nouveau?<\/strong><\/h3>\n<p>Es posible que a estas alturas te est\u00e9s preguntado <strong>qu\u00e9 diferencias hay entre Art Nouveau y el Art D\u00e9co.<\/strong> Ambos, estilos enclavados en el modernismo, nombre que se da a estos estilos en Espa\u00f1a; <strong>pero que a su vez, son corrientes diferentes y con caracter\u00edsticas propias<\/strong> y que en la colecci\u00f3n de la Casa Museo Casa Lis vas a reconocer en cuanto te demos algunas pinceladas.<\/p>\n<h4><strong>Art Nouveau<\/strong><\/h4>\n<p>Es un estilo que se crea antes que el Art D\u00e9co; <strong>durante los \u00faltimos compases del siglo XIX e inicios del siglo XX.<\/strong> Fue el primer impulso del <em>Modernismo<\/em>. <\/p>\n<p>Su est\u00e9tica <strong>pretend\u00eda romper con los estilos imperantes en aquel momento,<\/strong> m\u00e1s basados en movimientos rom\u00e1nticos historicistas, como el neog\u00f3tico, o los m\u00e1s academicistas, como el historicismo,.. o incluso las fusiones ecl\u00e9cticas.<\/p>\n<figure id=\"attachment_36727\" aria-describedby=\"caption-attachment-36727\" style=\"width: 340px\" class=\"wp-caption aligncenter\"><img decoding=\"async\" src=\"https:\/\/destinocastillayleon.es\/index\/wp-content\/uploads\/2023\/04\/Bailarina-con-manto-de-estilo-Art-Nouveau-en-la-Casa-Lis-Destino-Castilla-y-Leon.jpg\" alt=\"Bailarina con manto, de estilo Art Nouveau en la Casa Lis - Destino Castilla y Le\u00f3n\" width=\"340\" height=\"489\" class=\"size-full wp-image-36727\" srcset=\"https:\/\/destinocastillayleon.es\/index\/wp-content\/uploads\/2023\/04\/Bailarina-con-manto-de-estilo-Art-Nouveau-en-la-Casa-Lis-Destino-Castilla-y-Leon.jpg 340w, https:\/\/destinocastillayleon.es\/index\/wp-content\/uploads\/2023\/04\/Bailarina-con-manto-de-estilo-Art-Nouveau-en-la-Casa-Lis-Destino-Castilla-y-Leon-209x300.jpg 209w\" sizes=\"(max-width: 340px) 100vw, 340px\" \/><figcaption id=\"caption-attachment-36727\" class=\"wp-caption-text\">Bailarina con manto, de estilo Art Nouveau en la Casa Lis &#8211; Destino Castilla y Le\u00f3n<\/figcaption><\/figure>\n<p>Los artistas de este momento van a romper con todo lo conocido previamente, <strong>creando nuevas est\u00e9ticas, inspiradas en la naturaleza, las l\u00edneas curvas, muy femenino, llegando al erotismo, y gracias a la industrializaci\u00f3n,<\/strong> van a querer su aplicaci\u00f3n a todos los elementos de la vida cotidiana.<\/p>\n<h4><strong>Art D\u00e9co<\/strong><\/h4>\n<p>En el periodo de entre guerras, <strong>la est\u00e9tica volver\u00e1 a cambiar, a una economizaci\u00f3n de la producci\u00f3n,<\/strong> por lo que las l\u00edneas curvas <strong>se estilizan a\u00fan m\u00e1s y se transmutan en rectas.<\/strong> Este efecto se vuelve m\u00e1s claro tras la II Guerra Mundial y perdurar\u00e1 hasta los a\u00f1os 50&#8217;s del siglo XX.<\/p>\n<figure id=\"attachment_36724\" aria-describedby=\"caption-attachment-36724\" style=\"width: 325px\" class=\"wp-caption aligncenter\"><img decoding=\"async\" src=\"https:\/\/destinocastillayleon.es\/index\/wp-content\/uploads\/2023\/04\/Pieza-de-estilo-Art-Nouveau-en-la-Casa-Museo-Casa-Lis-Destino-Castilla-y-Leon.jpg\" alt=\"Pieza de estilo Art D\u00e9co en la Casa Museo Casa Lis - Destino Castilla y Le\u00f3n\" width=\"325\" height=\"498\" class=\"size-full wp-image-36724\" srcset=\"https:\/\/destinocastillayleon.es\/index\/wp-content\/uploads\/2023\/04\/Pieza-de-estilo-Art-Nouveau-en-la-Casa-Museo-Casa-Lis-Destino-Castilla-y-Leon.jpg 325w, https:\/\/destinocastillayleon.es\/index\/wp-content\/uploads\/2023\/04\/Pieza-de-estilo-Art-Nouveau-en-la-Casa-Museo-Casa-Lis-Destino-Castilla-y-Leon-196x300.jpg 196w\" sizes=\"(max-width: 325px) 100vw, 325px\" \/><figcaption id=\"caption-attachment-36724\" class=\"wp-caption-text\">Pieza de estilo Art D\u00e9co en la Casa Museo Casa Lis &#8211; Destino Castilla y Le\u00f3n<\/figcaption><\/figure>\n<p>As\u00ed pues, son <strong>dise\u00f1os m\u00e1s sencillos y discretos, buscando la monumentalidad.<\/strong> Este estilo desde finales los 40&#8217;s ir\u00e1 transmutando hacia un racionalismo, aunque a\u00fan tendr\u00e1 en la automoci\u00f3n un \u00faltimo resquicio influido por los cohetes y la aviaci\u00f3n.<a name=\"Coleccion\"><\/a><br \/>\n&nbsp;<\/p>\n<h3><strong>\u00bfQu\u00e9 te encontrar\u00e1s en el Museo Casa Lis de Salamanca?<\/strong><\/h3>\n<p>A lo largo de nuestras visitas, <strong>hemos visto c\u00f3mo la distribuci\u00f3n de las colecciones han ido variando a lo largo de los a\u00f1os.<\/strong> No obstante, a lo largo de los dos pisos de esta vivienda, <strong>articulada en torno a un patio interior, actualmente cerrado con una hermos\u00edsima vidriera de colores<\/strong> y con motivos modernistas. <\/p>\n<figure id=\"attachment_36716\" aria-describedby=\"caption-attachment-36716\" style=\"width: 640px\" class=\"wp-caption aligncenter\"><img decoding=\"async\" src=\"https:\/\/destinocastillayleon.es\/index\/wp-content\/uploads\/2023\/04\/Patio-interior-de-la-Casa-Lis-que-articula-la-distribucion-del-resto-de-salas-expositivas-Destino-Castilla-y-Leon.jpg\" alt=\"Patio interior de la Casa Lis que articula la distribuci\u00f3n del resto de salas expositivas - Destino Castilla y Le\u00f3n\" width=\"640\" height=\"360\" class=\"size-full wp-image-36716\" \/><figcaption id=\"caption-attachment-36716\" class=\"wp-caption-text\">Patio interior de la Casa Lis que articula la distribuci\u00f3n del resto de salas expositivas &#8211; Destino Castilla y Le\u00f3n<\/figcaption><\/figure>\n<p>En las diferentes dependencias <strong>podr\u00e1s disfrutar de diferentes colecciones<\/strong> tem\u00e1ticas:<\/p>\n<h4><strong>Colecci\u00f3n de mu\u00f1ecas<\/strong><\/h4>\n<p>Una impresionante e inquietante colecci\u00f3n de <strong>mu\u00f1ecas de porcelana francesas del s. XIX y aut\u00f3matas<\/strong>, que ha sido definida como la mejor colecci\u00f3n expuesta al p\u00fablico a nivel mundial.<\/p>\n<figure id=\"attachment_36720\" aria-describedby=\"caption-attachment-36720\" style=\"width: 640px\" class=\"wp-caption aligncenter\"><img decoding=\"async\" src=\"https:\/\/destinocastillayleon.es\/index\/wp-content\/uploads\/2023\/04\/Coleccion-de-munecas-clasicas-en-la-Casa-Lis-Destino-Castilla-y-Leon.jpg\" alt=\"Colecci\u00f3n de mu\u00f1ecas cl\u00e1sicas en la Casa Lis - Destino Castilla y Le\u00f3n\" width=\"640\" height=\"360\" class=\"size-full wp-image-36720\" srcset=\"https:\/\/destinocastillayleon.es\/index\/wp-content\/uploads\/2023\/04\/Coleccion-de-munecas-clasicas-en-la-Casa-Lis-Destino-Castilla-y-Leon.jpg 640w, https:\/\/destinocastillayleon.es\/index\/wp-content\/uploads\/2023\/04\/Coleccion-de-munecas-clasicas-en-la-Casa-Lis-Destino-Castilla-y-Leon-300x169.jpg 300w\" sizes=\"(max-width: 640px) 100vw, 640px\" \/><figcaption id=\"caption-attachment-36720\" class=\"wp-caption-text\">Colecci\u00f3n de mu\u00f1ecas cl\u00e1sicas en la Casa Lis &#8211; Destino Castilla y Le\u00f3n<\/figcaption><\/figure>\n<h4><strong>Colecci\u00f3n de criselefantinas<\/strong><\/h4>\n<p>No te puedes perder sus <strong>criselefantinas <\/strong>de <strong>Demetre Chiparus<\/strong> o <strong>Ferdinand Preiss<\/strong>, peque\u00f1as esculturas que combinan el metal para las vestimentas y el marfil para las partes desnudas del cuerpo como la cara o las manos y que se han convertido en icono del <strong>Art D\u00e9co. \u00a1Nos dejaron maravillados! <\/strong><\/p>\n<figure id=\"attachment_36719\" aria-describedby=\"caption-attachment-36719\" style=\"width: 350px\" class=\"wp-caption aligncenter\"><img decoding=\"async\" src=\"https:\/\/destinocastillayleon.es\/index\/wp-content\/uploads\/2023\/04\/Escultura-criselefantina-de-corte-Art-Nouveau-de-la-Casa-Lis-Destino-Castilla-y-Leon.jpg\" alt=\"Escultura criselefantina de corte Art Nouveau de la Casa Lis - Destino Castilla y Le\u00f3n\" width=\"350\" height=\"495\" class=\"size-full wp-image-36719\" srcset=\"https:\/\/destinocastillayleon.es\/index\/wp-content\/uploads\/2023\/04\/Escultura-criselefantina-de-corte-Art-Nouveau-de-la-Casa-Lis-Destino-Castilla-y-Leon.jpg 350w, https:\/\/destinocastillayleon.es\/index\/wp-content\/uploads\/2023\/04\/Escultura-criselefantina-de-corte-Art-Nouveau-de-la-Casa-Lis-Destino-Castilla-y-Leon-212x300.jpg 212w\" sizes=\"(max-width: 350px) 100vw, 350px\" \/><figcaption id=\"caption-attachment-36719\" class=\"wp-caption-text\">Escultura criselefantina de corte Art Nouveau de la Casa Lis &#8211; Destino Castilla y Le\u00f3n<\/figcaption><\/figure>\n<h4><strong>Colecci\u00f3n de joyas y vidrios iridiscentes<\/strong><\/h4>\n<p><strong>Las Joyas de Masriera o Faberge <\/strong>son incre\u00edbles. Delicadas y sofisticadas, que adornaban a las mujeres pertenecientes a la burgues\u00eda de principios del s. XX.<\/p>\n<figure id=\"attachment_36717\" aria-describedby=\"caption-attachment-36717\" style=\"width: 300px\" class=\"wp-caption aligncenter\"><img decoding=\"async\" src=\"https:\/\/destinocastillayleon.es\/index\/wp-content\/uploads\/2023\/04\/Jarron-de-vidrio-de-la-coleccion-vidrios-iridiscentes-de-estilo-Art-Nouveau-en-la-Casa-Lis-Destino-Castilla-y-Leon.jpg\" alt=\"Jarr\u00f3n de vidrio de la colecci\u00f3n vidrios iridiscentes de estilo Art Nouveau en la Casa Lis - Destino Castilla y Le\u00f3n\" width=\"300\" height=\"490\" class=\"size-full wp-image-36717\" srcset=\"https:\/\/destinocastillayleon.es\/index\/wp-content\/uploads\/2023\/04\/Jarron-de-vidrio-de-la-coleccion-vidrios-iridiscentes-de-estilo-Art-Nouveau-en-la-Casa-Lis-Destino-Castilla-y-Leon.jpg 300w, https:\/\/destinocastillayleon.es\/index\/wp-content\/uploads\/2023\/04\/Jarron-de-vidrio-de-la-coleccion-vidrios-iridiscentes-de-estilo-Art-Nouveau-en-la-Casa-Lis-Destino-Castilla-y-Leon-184x300.jpg 184w\" sizes=\"(max-width: 300px) 100vw, 300px\" \/><figcaption id=\"caption-attachment-36717\" class=\"wp-caption-text\">Jarr\u00f3n de vidrio de la colecci\u00f3n vidrios iridiscentes de estilo Art Nouveau en la Casa Lis &#8211; Destino Castilla y Le\u00f3n<\/figcaption><\/figure>\n<p><strong>Vidrios iridiscentes de los talleres<\/strong> Loetz, Kralik, Pallme K\u00f6nig y de la escuela de Nancy con piezas del famoso artista franc\u00e9s <strong>\u00c9mile Gall\u00e9 y<\/strong> los <strong>Hermanos Daum<\/strong> o <strong>Paul Nicolas.<\/strong><\/p>\n<h4><strong>Colecci\u00f3n de mobiliario original de inicios del siglo XX<\/strong><\/h4>\n<p><strong>Originales muebles de Homar, Majorelle y Busquets<\/strong> al gusto de la \u00e9poca con detalles vegetales, l\u00edneas curvadas y alguna que otra lib\u00e9lula, animal recurrente en el modernismo espa\u00f1ol.<\/p>\n<figure id=\"attachment_36721\" aria-describedby=\"caption-attachment-36721\" style=\"width: 640px\" class=\"wp-caption aligncenter\"><img decoding=\"async\" src=\"https:\/\/destinocastillayleon.es\/index\/wp-content\/uploads\/2023\/04\/Coleccion-de-muebles-clasicos-de-estilo-modernista-en-la-Casa-Museo-Casa-Lis-Destino-Castilla-y-Leon.jpg\" alt=\"Colecci\u00f3n de muebles cl\u00e1sicos de estilo modernista en la Casa Museo Casa Lis - Destino Castilla y Le\u00f3n\" width=\"640\" height=\"360\" class=\"size-full wp-image-36721\" srcset=\"https:\/\/destinocastillayleon.es\/index\/wp-content\/uploads\/2023\/04\/Coleccion-de-muebles-clasicos-de-estilo-modernista-en-la-Casa-Museo-Casa-Lis-Destino-Castilla-y-Leon.jpg 640w, https:\/\/destinocastillayleon.es\/index\/wp-content\/uploads\/2023\/04\/Coleccion-de-muebles-clasicos-de-estilo-modernista-en-la-Casa-Museo-Casa-Lis-Destino-Castilla-y-Leon-300x169.jpg 300w\" sizes=\"(max-width: 640px) 100vw, 640px\" \/><figcaption id=\"caption-attachment-36721\" class=\"wp-caption-text\">Colecci\u00f3n de muebles cl\u00e1sicos de estilo modernista en la Casa Museo Casa Lis &#8211; Destino Castilla y Le\u00f3n<\/figcaption><\/figure>\n<h4><strong>Colecci\u00f3n de porcelanas<\/strong><\/h4>\n<p><strong>Fin\u00edsimas porcelanas de Rosenthal, Royal Copenhagen, Mariano Benlliure, Gustave Guetant<\/strong> o <strong>Zuloaga<\/strong>. Personalmente nos gust\u00f3 la porcelana del beso.<\/p>\n<h3><strong>Referente del Art Nouveau y Art Dec\u00f3<\/strong><\/h4>\n<p>Esta <strong>Casa Museo Casa Lis es un referente del Art Nouveau y Art Dec\u00f3 del mundo.<\/strong> Uno de los pocos lugares donde podr\u00e1s ver la evoluci\u00f3n de grandes y reconocidos artistas como \u00c9mile Galle.<strong> Un hervidero cultural donde no faltan exposiciones temporales, conferencias o pasarelas de moda. <\/strong><\/p>\n<figure style=\"width: 420px\" class=\"wp-caption aligncenter\"><img decoding=\"async\" src=\"http:\/\/www.museocasalis.org\/nuevaweb\/wp-content\/gallery\/otras-colecciones-casa-lis-02\/salome-beltran-mases.jpg\" width=\"420\" alt=\"Casa Museo Casa Lis\" title=\"\u2018Salom\u00e9\u2019. F. Beltr\u00e1n Mass\u00e9s. \u00d3leo sobre lienzo. 98 x 79 cm. C. 1932 - Imagen de \u00d3scar J. Gonz\u00e1lez Hern\u00e1ndez.\" class=\"size-full\" \/><figcaption class=\"wp-caption-text\">\u2018Salom\u00e9\u2019. F. Beltr\u00e1n Mass\u00e9s. \u00d3leo sobre lienzo. 98 x 79 cm. C. 1932 &#8211; Imagen de \u00d3scar J. Gonz\u00e1lez Hern\u00e1ndez.<\/figcaption><\/figure>\n<h4><strong>Y tambi\u00e9n imprescindible<\/strong><\/h4>\n<p>Otro lugar que no debes perderte en una visita a esta Casa Museo Casa Lis y que recomendamos es, <strong>hacer un alto en la cafeter\u00eda, all\u00ed el caf\u00e9 y los muffins de chocolate est\u00e1n riqu\u00edsimos<\/strong>. Desde all\u00ed podr\u00e1s observar unas impresionantes vistas sobre el r\u00edo Tormes. <\/p>\n<figure id=\"attachment_36722\" aria-describedby=\"caption-attachment-36722\" style=\"width: 640px\" class=\"wp-caption aligncenter\"><img decoding=\"async\" src=\"https:\/\/destinocastillayleon.es\/index\/wp-content\/uploads\/2023\/04\/Cafe-de-la-Casa-Museo-Casa-Lis-Destino-Castilla-y-Leon.jpg\" alt=\"Caf\u00e9 de la Casa Museo Casa Lis - Destino Castilla y Le\u00f3n\" width=\"640\" height=\"360\" class=\"size-full wp-image-36722\" srcset=\"https:\/\/destinocastillayleon.es\/index\/wp-content\/uploads\/2023\/04\/Cafe-de-la-Casa-Museo-Casa-Lis-Destino-Castilla-y-Leon.jpg 640w, https:\/\/destinocastillayleon.es\/index\/wp-content\/uploads\/2023\/04\/Cafe-de-la-Casa-Museo-Casa-Lis-Destino-Castilla-y-Leon-300x169.jpg 300w\" sizes=\"(max-width: 640px) 100vw, 640px\" \/><figcaption id=\"caption-attachment-36722\" class=\"wp-caption-text\">Caf\u00e9 de la Casa Museo Casa Lis &#8211; Destino Castilla y Le\u00f3n<\/figcaption><\/figure>\n<blockquote><p>Nosotros, cada vez que visitamos este museo, nos quedamos con ganas de quedarnos un poquito m\u00e1s. Podr\u00edamos pasarnos horas admirando cada una de sus colecciones. Su visita merece la pena. <\/p><\/blockquote>\n<p>Y t\u00fa, <strong>\u00bfConoc\u00edas la Casa Museo Casa Lis?<\/strong> Pod\u00e9is encontrar informaci\u00f3n actualizada (horarios, tarifas y dem\u00e1s) en la<strong> <a title=\"Informaci\u00f3n pr\u00e1ctica del Museo Casa Lis\" href=\"http:\/\/www.museocasalis.org\/nuevaweb\/visitanos\/planos-museo\" target=\"_blank\" rel=\"noopener\">p\u00e1gina web del Museo Casa Lis<\/a>.<\/strong>  <a name=\"Informacion\"><\/a><br \/>\n&nbsp;<\/p>\n<h3><strong>Informaci\u00f3n pr\u00e1ctica para visitar la Casa Museo Casa Lis<\/strong><\/h3>\n<h4><strong>Situaci\u00f3n<\/h4>\n<p>Casa Museo Casa Lis<\/strong><br \/>\nCalle Gibraltar, 14<br \/>\n37008 &#8211; Salamanca<\/p>\n<h4><strong>Coste de las entradas<\/strong><\/h4>\n<ul>Adultos: 5,00 \u20ac\/persona.<br \/>\nEstudiantes y jubilados: 3,00 \u20ac\/persona.<br \/>\nDesempleados: 1,00 \u20ac\/persona.<br \/>\nMenores de 14 a\u00f1os y Residentes de Navasfr\u00edas: Gratu\u00edta.<br \/>\nJueves: Entrada gratuita para todos los p\u00fablicos de 11:00 a 14:00 horas.<\/ul>\n<h4><strong>Horario<\/strong><\/h4>\n<p>El horario del museo, el Caf\u00e9 y La Tienda de Lis es: <\/p>\n<ul>De lunes a viernes y los domingos: entre las 11:00 y las 19:00 horas.<br \/>\nS\u00e1bado: entre las 11 y las 20:00 horas.<br \/>\nEn Semana Santa: Horarios especiales, consultar web.<\/ul>\n<p> <a name=\"Video\"><\/a><\/p>\n<p><!-- \n\n<h4><strong>Entradas<\/strong><\/h4>\n\n\nPuedes adquirir tu entrada de forma anticipada y evitar colas para <a href=\"\" target=\"_Blank\" rel=\"NoFollow noopener\"><strong>acceder al Casa Museo Casa Lis<\/strong><\/a> online.\n\n&nbsp --><\/p>\n<h3><strong>V\u00eddeo de una de nuestras \u00faltimas experiencias visitando la Casa Museo Casa Lis<\/strong><\/h3>\n<p>Y como una imagen vale m\u00e1s que mil palabras, os dejamos <strong>un v\u00eddeo de nuestra experiencia<\/strong> visitando esta Casa Museo Casa Lis:<\/p>\n<p><center><iframe width=\"560\" height=\"315\" src=\"https:\/\/www.youtube.com\/embed\/UCFMvKIVlrQ\" title=\"YouTube video player\" frameborder=\"0\" allow=\"accelerometer; autoplay; clipboard-write; encrypted-media; gyroscope; picture-in-picture; web-share\" allowfullscreen><\/iframe><\/center><\/p>\n<p>Si os gusta, <strong>pod\u00e9is encontrar <a href=\"https:\/\/www.youtube.com\/watch?v=a7VLOdWI-8Y&#038;list=PLnt7C4Mj05Ltw3TbPsggeVu8mm5HN2AjD\" rel=\"noopener nofollow\" target=\"_blank\">m\u00e1s v\u00eddeos sobre Salamanca<\/a> en nuestra lista de reproducci\u00f3n<\/strong> del canal compartido con Destino y Sabor. <a name=\"Llegar\"><\/a><br \/>\n&nbsp;<\/p>\n<h2><strong>Informaci\u00f3n general sobre Salamanca<\/strong><\/h2>\n<h3><strong>\u00bfC\u00f3mo llegar?<\/strong><\/h3>\n<p><strong>La ciudad de <a href=\"https:\/\/goo.gl\/maps\/q4V6Gy6GztpirgHRA\" rel=\"noopener nofollow\" target=\"_blank\">Salamanca<\/a> est\u00e1 relativamente bien comunicada,<\/strong> pues est\u00e1 en la intersecci\u00f3n de dos importantes autov\u00edas, <strong>La autov\u00eda Burgos-Lisboa A62 y la de la V\u00eda de la Plata, A66.<\/strong> Adicionalmente, desde Madrid, partiendo desde \u00c1vila, <strong>la Autov\u00eda A50<\/strong> conecta estas dos capitales de Castilla y Le\u00f3n por carretera.<\/p>\n<figure id=\"attachment_34964\" aria-describedby=\"caption-attachment-34964\" style=\"width: 580px\" class=\"wp-caption aligncenter\"><img decoding=\"async\" src=\"https:\/\/destinocastillayleon.es\/index\/wp-content\/uploads\/2022\/02\/Entrada-a-Salamanca-desde-la-A62-Imagen-de-CylTV.jpg\" alt=\"Entrada a Salamanca desde la A62 - Imagen de CylTV\" width=\"580\" height=\"326\" class=\"size-full wp-image-34964\" srcset=\"https:\/\/destinocastillayleon.es\/index\/wp-content\/uploads\/2022\/02\/Entrada-a-Salamanca-desde-la-A62-Imagen-de-CylTV.jpg 580w, https:\/\/destinocastillayleon.es\/index\/wp-content\/uploads\/2022\/02\/Entrada-a-Salamanca-desde-la-A62-Imagen-de-CylTV-300x169.jpg 300w\" sizes=\"(max-width: 580px) 100vw, 580px\" \/><figcaption id=\"caption-attachment-34964\" class=\"wp-caption-text\">Entrada a Salamanca desde la A62 &#8211; Imagen de CylTV<\/figcaption><\/figure>\n<p>Aunque existe desde Valladolid una <strong>conexi\u00f3n ferroviaria,<\/strong> hasta que no se ejecute la variante desde Medina del Campo de la red de Alta Velocidad, el ferrocarril no es una gran ventaja. <a name=\"Dormir\"><\/a><\/p>\n<h3><strong>\u00bfD\u00f3nde alojarte?<\/strong><\/h3>\n<p>Ya lo hemos compartido en diversas ocasiones. <strong>Nosotros tenemos experiencias positivas en Salamanca, ajustadas a todos los presupuestos.<\/strong> Desde lo m\u00e1s econ\u00f3mico, pero c\u00f3modo, limpio y bien situado <a href=\"https:\/\/www.booking.com\/hotel\/es\/hostal-mindanao.es.html?sid=c07c3c6d3b88b9bfc3748a5e4a24e278;group_adults=2;type=total;group_children=1;aid=1281624;sb_price_type=total;dist=0;dest_id=-400105;no_rooms=1;atlas_src=sr_iw_btn;dest_type=city;ucfs=1;room1=A%2CA%2C12\" target=\"_Blank \" rel=\"NoFollow noopener\"><strong>Hostal Mindanao<\/strong><\/a>.<\/p>\n<p><center><iframe width=\"560\" height=\"315\" src=\"https:\/\/www.youtube.com\/embed\/b3BVeszDmPs\" title=\"YouTube video player\" frameborder=\"0\" allow=\"accelerometer; autoplay; clipboard-write; encrypted-media; gyroscope; picture-in-picture; web-share\" allowfullscreen><\/iframe><\/center><\/p>\n<p>Algo m\u00e1s superior, pero sin grandes dispendios, igualmente hemos estado muy c\u00f3modos en <a href=\"https:\/\/www.booking.com\/hotel\/es\/ibis-salamanca.es.html?aid=1281624;sid=c07c3c6d3b88b9bfc3748a5e4a24e278;atlas_src=sr_iw_btn;dest_id=-400105;dest_type=city;dist=0;group_adults=2;group_children=1;no_rooms=1;room1=A%2CA%2C12;sb_price_type=total;type=total;ucfs=1&#038;\" target=\"_Blank\" rel=\"NoFollow noopener\"><strong>Hotel Ibis Salamanca<\/strong><\/a>; y por supuesto, en el Top, colocamos nuestra experiencia de <a href=\"https:\/\/www.booking.com\/hotel\/es\/room-mate-vega.es.html?aid=1281624;sid=c07c3c6d3b88b9bfc3748a5e4a24e278;atlas_src=sr_iw_title;dest_id=-400105;dest_type=city;dist=0;group_adults=2;group_children=1;no_rooms=1;room1=A%2CA%2C12;sb_price_type=total;type=total;ucfs=1&#038;\" target=\"_Blank \" rel=\"NoFollow noopener\"><strong>alojarse en el Hotel Ikonik Plaza Mercado<\/strong><\/a>; un hotel boutique en el centro de la ciudad. <a name=\"Comer\"><\/a><\/p>\n<h3><strong>\u00bfD\u00f3nde comer?<\/strong><\/h3>\n<p>Desde luego, <strong>la gastronom\u00eda no deber\u00eda faltar en ninguna visita a Salamanca.<\/strong> Desde una ruta de tapas, donde con la consumici\u00f3n es posible en <a href=\"https:\/\/destinocastillayleon.es\/index\/tapeo-por-salamanca\/\">algunos sitios disfrutar de una tapa<\/a>; a mucha oferta de gran calidad.<\/p>\n<p><center><iframe width=\"560\" height=\"315\" src=\"https:\/\/www.youtube.com\/embed\/tnnQGKd68mE\" title=\"YouTube video player\" frameborder=\"0\" allow=\"accelerometer; autoplay; clipboard-write; encrypted-media; gyroscope; picture-in-picture; web-share\" allowfullscreen><\/iframe><\/center><\/p>\n<p>Nuestros compa\u00f1eros de La Mesa del Conde <strong>hicieron una gran labor recopilando <a href=\"https:\/\/lamesadelconde.es\/oferta-gastronomica-en-salamanca\/\" target=\"_Blank\" rel=\"doFollow noopener\">algunos de los restaurantes y experiencias<\/a> que disfrutamos durante un de nuestras visitas.<\/strong> No obstante, y en la plaza mayor, muy interesante es el <a href=\"https:\/\/lamesadelconde.es\/las-tapas-de-gonzalo-en-salamanca\/\" target=\"_Blank\" rel=\"DoFollow noopener\"><strong>Restaurante Las Tapas de Gonzalo<\/strong><\/a>. Sea cual sea tu estilo, seguro que <strong>disfrutar\u00e1s mucho con los productos t\u00edpicos de Salamanca,<\/strong> o catando sus vinos de Arribes o Sierra de Salamanca, aunque a veces cuesta encontrarlos. <a name=\"Actividades\"><\/a><\/p>\n<h3><strong>Otras actividades en Salamanca<\/strong><\/h3>\n<p>Evidentemente, Salamanca <strong>es una ciudad que permite disfrutar de una gran variedad de actividades \u00fanicas,<\/strong> que permiten conocerla de una forma amena y divertida. Sin duda, <strong>la <a href=\"https:\/\/www.civitatis.com\/es\/salamanca\/free-tour-misterios-leyendas\/?aid=99913\" target=\"_Blank\" rel=\"noopener\">visita guiada a Salamanca<\/a> es posiblemente la mejor forma de descubrir los secretos de la ciudad.<\/strong> <\/p>\n<p>Desde <strong>la t\u00edpica <a href=\"https:\/\/www.civitatis.com\/es\/salamanca\/tour-salamanca-completo\/?aid=99913\" target=\"_Blank\" rel=\"noopener\">visita guiada por la ciudad<\/a>,<\/strong> descubriendo sus secretos; que si adem\u00e1s es <a href=\"?aid=99913\" target=\"_Blank\" rel=\"noopener\"><strong>una visita teatralizada<\/strong><\/a>, es todo un espect\u00e1culo.<\/p>\n<figure id=\"attachment_34956\" aria-describedby=\"caption-attachment-34956\" style=\"width: 580px\" class=\"wp-caption aligncenter\"><img decoding=\"async\" src=\"https:\/\/destinocastillayleon.es\/index\/wp-content\/uploads\/2022\/02\/cd091d54ce25a05937b84599992d1932.jpg\" alt=\"Visita nocturna a Salamanca - Destino Castilla y Le\u00f3n\" width=\"580\" class=\"size-full wp-image-34956\" srcset=\"https:\/\/destinocastillayleon.es\/index\/wp-content\/uploads\/2022\/02\/cd091d54ce25a05937b84599992d1932.jpg 640w, https:\/\/destinocastillayleon.es\/index\/wp-content\/uploads\/2022\/02\/cd091d54ce25a05937b84599992d1932-300x169.jpg 300w\" sizes=\"(max-width: 640px) 100vw, 640px\" \/><figcaption id=\"caption-attachment-34956\" class=\"wp-caption-text\">Visita nocturna a Salamanca &#8211; Destino Castilla y Le\u00f3n<\/figcaption><\/figure>\n<p>Y como existen versiones para todos los p\u00fablicos y tem\u00e1ticas. Dada la magia inherente de la ciudad de Salamanca, nosotros <strong>recomendamos <a href=\"https:\/\/www.civitatis.com\/es\/salamanca\/tour-nocturno-salamanca\/?aid=99913\" target=\"_Blank\" rel=\"noopener\">la visita nocturna<\/a>,<\/strong> que ya te contamos <a href=\"https:\/\/destinocastillayleon.es\/index\/visita-guiada-nocturna-por-salamanca\/\">aqu\u00ed<\/a>. Aunque es aconsejable hacer noche en la ciudad.<\/p>\n<figure id=\"attachment_35878\" aria-describedby=\"caption-attachment-35878\" style=\"width: 580px\" class=\"wp-caption aligncenter\"><img decoding=\"async\" src=\"https:\/\/destinocastillayleon.es\/index\/wp-content\/uploads\/2022\/10\/Salamanca-en-Bicicleta-Destino-Castilla-y-Leon.jpg\" alt=\"Salamanca en Bicicleta - Destino Castilla y Le\u00f3n\" width=\"580\" class=\"size-full wp-image-35878\" srcset=\"https:\/\/destinocastillayleon.es\/index\/wp-content\/uploads\/2022\/10\/Salamanca-en-Bicicleta-Destino-Castilla-y-Leon.jpg 1210w, https:\/\/destinocastillayleon.es\/index\/wp-content\/uploads\/2022\/10\/Salamanca-en-Bicicleta-Destino-Castilla-y-Leon-300x156.jpg 300w, https:\/\/destinocastillayleon.es\/index\/wp-content\/uploads\/2022\/10\/Salamanca-en-Bicicleta-Destino-Castilla-y-Leon-1024x533.jpg 1024w, https:\/\/destinocastillayleon.es\/index\/wp-content\/uploads\/2022\/10\/Salamanca-en-Bicicleta-Destino-Castilla-y-Leon-768x400.jpg 768w\" sizes=\"(max-width: 1210px) 100vw, 1210px\" \/><figcaption id=\"caption-attachment-35878\" class=\"wp-caption-text\">Salamanca en Bicicleta &#8211; Destino Castilla y Le\u00f3n<\/figcaption><\/figure>\n<p>Aunque si quer\u00e9is abarcar mucho m\u00e1s, <strong>para los menos convencionales, <a href=\"https:\/\/www.civitatis.com\/es\/salamanca\/tour-bicicleta-salamanca\/?aid=99913\" target=\"_Blank\" rel=\"noopener\">la visita guiada en bicicleta<\/a> es una pasada.<\/strong> Nosotros ya la vivimos y aunque hay que tener piernas, es una forma de disfrutar de m\u00e1s paisajes de Salamanca.  <a name=\"Historia\"><\/a><\/p>\n<h3><strong>Breve contexto hist\u00f3rico de la ciudad<\/strong><\/h3>\n<p>En esta publicaci\u00f3n no nos vamos a extender mucho. <strong>Indicar que esta ciudad estuvo habitada desde el neol\u00edtico en el cerro m\u00e1s occidental, el conocido como <a href=\"https:\/\/youtu.be\/UCFMvKIVlrQ\" rel=\"noopener\" target=\"_blank\">Cerro San Vicente<\/a>;<\/strong> algo contrastado con los yacimientos arqueol\u00f3gicos all\u00ed descubiertos. En \u00e9poca romana se desplaza al cerro de las Catedrales, <strong>siendo una ciudad de la v\u00eda romana V\u00eda de la Plata.<\/strong><\/p>\n<figure id=\"attachment_35875\" aria-describedby=\"caption-attachment-35875\" style=\"width: 580px\" class=\"wp-caption aligncenter\"><img decoding=\"async\" src=\"https:\/\/destinocastillayleon.es\/index\/wp-content\/uploads\/2022\/10\/Puente-romano-y-catedrales-de-Salamanca-Destino-Castilla-y-Leon.jpg\" alt=\"Puente romano y catedrales de Salamanca - Destino Castilla y Le\u00f3n\" width=\"580\" class=\"size-full wp-image-35875\" srcset=\"https:\/\/destinocastillayleon.es\/index\/wp-content\/uploads\/2022\/10\/Puente-romano-y-catedrales-de-Salamanca-Destino-Castilla-y-Leon.jpg 640w, https:\/\/destinocastillayleon.es\/index\/wp-content\/uploads\/2022\/10\/Puente-romano-y-catedrales-de-Salamanca-Destino-Castilla-y-Leon-300x169.jpg 300w\" sizes=\"(max-width: 640px) 100vw, 640px\" \/><figcaption id=\"caption-attachment-35875\" class=\"wp-caption-text\">Puente romano y catedrales de Salamanca &#8211; Destino Castilla y Le\u00f3n<\/figcaption><\/figure>\n<p>Durante varios siglos fue abandonada <strong>en el Desierto del Duero,<\/strong> hasta que Alfonso VI de Le\u00f3n repuebla la ciudad y <strong>levanta la primera catedral rom\u00e1nica.<\/strong> <a href=\"https:\/\/destinocastillayleon.es\/index\/la-catedral-vieja-de-salamanca\/\" >La Catedral Vieja<\/a>. En ella durante el siglo XII se desarrolla el germen de la primera universidad espa\u00f1ola, y tercera del mundo. De esta forma, Salamanca quedar\u00e1 ligada al estudio y la universidad.<\/p>\n<figure id=\"attachment_24682\" aria-describedby=\"caption-attachment-24682\" style=\"width: 580px\" class=\"wp-caption aligncenter\"><img decoding=\"async\" src=\"https:\/\/destinocastillayleon.es\/index\/wp-content\/uploads\/2017\/02\/9f02da610f9fd57917dbbeed02d36632.jpg\" alt=\"Fachada principal del edificio hist\u00f3rico de la Universidad de-Salamanca - Destino Castilla y Le\u00f3n\" width=\"580\" class=\"size-full wp-image-24682\" srcset=\"https:\/\/destinocastillayleon.es\/index\/wp-content\/uploads\/2017\/02\/9f02da610f9fd57917dbbeed02d36632.jpg 640w, https:\/\/destinocastillayleon.es\/index\/wp-content\/uploads\/2017\/02\/9f02da610f9fd57917dbbeed02d36632-300x188.jpg 300w\" sizes=\"(max-width: 640px) 100vw, 640px\" \/><figcaption id=\"caption-attachment-24682\" class=\"wp-caption-text\">Fachada principal del edificio hist\u00f3rico de la Universidad de Salamanca &#8211; Destino Castilla y Le\u00f3n<\/figcaption><\/figure>\n<p>Tiempo despu\u00e9s, <strong>el crecimiento de la ciudad aconsejar\u00e1 construir <a href=\"https:\/\/destinocastillayleon.es\/index\/catedral-nueva-de-salamanca\/\">una nueva Catedral<\/a>, en estilo m\u00e1s moderno y m\u00e1s grande.<\/strong> Tambi\u00e9n el aumento de la importancia de <strong>la universidad<\/strong> permitir\u00e1 la construcci\u00f3n de nuevos edificios asociados a la actividad docente, con las Escuelas Mayores y Menores. La invasi\u00f3n francesa traer\u00e1 caos y destrucci\u00f3n a la ciudad, que solo a finales del siglo XIX permite recuperar el pulso de una incipiente burgues\u00eda, como la de D. Miguel de Lis, que ser\u00e1 el promotor de esta vivienda tan magn\u00edfica.<br \/>\n&nbsp;<br \/>\n&nbsp;<br \/>\nY ya veis qu\u00e9, <strong>gran museo os espera en Salamanca y que no os pod\u00e9is perder.<\/strong> Si no lo conoc\u00edas, os recomendamos organizaros una escapada a la ciudad dorada del Tormes, y <strong>agendar una visita a la Casa Museo Casa Lis.<\/strong><br \/>\n&nbsp;<\/p>\n<h4>Tambi\u00e9n te puede interesar<\/h4>\n<ul>\n<li><a href=\"https:\/\/destinocastillayleon.es\/index\/redescubriendo-salamanca\/\">Redescubriendo Salamanca con actividades diferentes<\/a>.<\/li>\n<li><a href=\"https:\/\/destinocastillayleon.es\/index\/visita-guiada-nocturna-por-salamanca\">Visitando Salamanca de Noche<\/a>.<\/li>\n<li><a title=\"Los museos gastron\u00f3micos m\u00e1s curiosos de Catilla y Leon\" href=\"http:\/\/destinocastillayleon.es\/index\/los-museos-gastronomicos-mas-curiosos-de-castilla-leon\/\" target=\"_blank\" rel=\"noopener\">Los Museos Gastron\u00f3micos m\u00e1s curiosos de Castilla y Le\u00f3n<\/a>.<\/li>\n<li><a title=\"Safari fotogr\u00e1fico nocturno por Salamanca\" href=\"http:\/\/destinocastillayleon.es\/index\/visitando-salamanca-de-noche\/\" target=\"_blank\" rel=\"noopener\">Safari fotogr\u00e1fico nocturno por Salamanca<\/a>.<\/li>\n<li><a href=\"https:\/\/destinocastillayleon.es\/index\/salamanca-en-bicicleta\/\">Salamanca en bicicleta<\/a>.<\/li>\n<\/ul>\n<p>&nbsp;<br \/>\n&nbsp;<\/p>\n","protected":false},"excerpt":{"rendered":"<p>Conoce por qu\u00e9 tienes que agendarte una visita a la Casa Museo Casa Lis, si visitas la ciudad de Salamanca. Conocer\u00e1s la joya del modernismo de la ciudad dorada del Tormes.<\/p>\n","protected":false},"author":6,"featured_media":8421,"comment_status":"open","ping_status":"closed","sticky":false,"template":"","format":"standard","meta":{"rop_custom_images_group":[],"rop_custom_messages_group":[],"rop_publish_now":"initial","rop_publish_now_accounts":{"twitter_1150954226_1150954226":""},"rop_publish_now_history":[],"rop_publish_now_status":"pending","footnotes":""},"categories":[68,73,40,4795],"tags":[2479,1850,3697,6001],"class_list":["post-8412","post","type-post","status-publish","format-standard","has-post-thumbnail","hentry","category-post_inicial","category-punto_singular","category-salamanca","category-salamanca-turismo","tag-casa-lis","tag-museos-de-castilla-y-leon","tag-museos-de-salamanca","tag-salamancacyltb"],"yoast_head":"<!-- This site is optimized with the Yoast SEO Premium plugin v20.4 (Yoast SEO v27.4) - https:\/\/yoast.com\/product\/yoast-seo-premium-wordpress\/ -->\n<title>Museo Casa Lis, joya del Art Nouveau y Art Dec\u00f3 en Salamanca<\/title>\n<meta name=\"description\" content=\"Ag\u00e9ndate la visita a la Casa Museo Casa Lis, si vas a Salamanca. Conocer\u00e1s la joya del modernismo de la ciudad dorada del Tormes.\" \/>\n<meta name=\"robots\" content=\"index, follow, max-snippet:-1, max-image-preview:large, max-video-preview:-1\" \/>\n<link rel=\"canonical\" href=\"https:\/\/destinocastillayleon.es\/index\/museo-casa-lis\/\" \/>\n<meta property=\"og:locale\" content=\"es_ES\" \/>\n<meta property=\"og:type\" content=\"article\" \/>\n<meta property=\"og:title\" content=\"Museo Casa Lis, joya del Art Nouveau y Art Dec\u00f3 en Salamanca - Destino Castilla y Le\u00f3n\" \/>\n<meta property=\"og:description\" content=\"Conoce por qu\u00e9 tienes que agendarte una visita a la Casa Museo Casa Lis, si visitas la ciudad de Salamanca. Conocer\u00e1s la joya del modernismo de la ciudad dorada del Tormes.\" \/>\n<meta property=\"og:url\" content=\"https:\/\/destinocastillayleon.es\/index\/museo-casa-lis\/\" \/>\n<meta property=\"og:site_name\" content=\"Destino Castilla y Le\u00f3n\" \/>\n<meta property=\"article:publisher\" content=\"https:\/\/www.facebook.com\/DestinoCastillaYLeon\/\" \/>\n<meta property=\"article:published_time\" content=\"2023-04-19T06:51:08+00:00\" \/>\n<meta property=\"og:image\" content=\"https:\/\/destinocastillayleon.es\/index\/wp-content\/uploads\/2013\/10\/Museo-Casa-Lis.jpg\" \/>\n\t<meta property=\"og:image:width\" content=\"470\" \/>\n\t<meta property=\"og:image:height\" content=\"260\" \/>\n\t<meta property=\"og:image:type\" content=\"image\/jpeg\" \/>\n<meta name=\"author\" content=\"Lola Hernandez\" \/>\n<meta name=\"twitter:card\" content=\"summary_large_image\" \/>\n<meta name=\"twitter:title\" content=\"Museo Casa Lis, joya del Art Nouveau y Art Dec\u00f3 en Salamanca - Destino Castilla y Le\u00f3n\" \/>\n<meta name=\"twitter:description\" content=\"Conoce por qu\u00e9 tienes que agendarte una visita a la Casa Museo Casa Lis, si visitas la ciudad de Salamanca. Conocer\u00e1s la joya del modernismo de la ciudad dorada del Tormes.\" \/>\n<meta name=\"twitter:image\" content=\"http:\/\/destinocastillayleon.es\/index\/wp-content\/uploads\/2013\/10\/Museo-Casa-Lis.jpg\" \/>\n<meta name=\"twitter:creator\" content=\"@destinocyl\" \/>\n<meta name=\"twitter:site\" content=\"@destinocyl\" \/>\n<meta name=\"twitter:label1\" content=\"Escrito por\" \/>\n\t<meta name=\"twitter:data1\" content=\"Lola Hernandez\" \/>\n\t<meta name=\"twitter:label2\" content=\"Tiempo de lectura\" \/>\n\t<meta name=\"twitter:data2\" content=\"17 minutos\" \/>\n<script type=\"application\/ld+json\" class=\"yoast-schema-graph\">{\"@context\":\"https:\\\/\\\/schema.org\",\"@graph\":[{\"@type\":\"Article\",\"@id\":\"https:\\\/\\\/destinocastillayleon.es\\\/index\\\/museo-casa-lis\\\/#article\",\"isPartOf\":{\"@id\":\"https:\\\/\\\/destinocastillayleon.es\\\/index\\\/museo-casa-lis\\\/\"},\"author\":{\"name\":\"Lola Hernandez\",\"@id\":\"https:\\\/\\\/destinocastillayleon.es\\\/index\\\/#\\\/schema\\\/person\\\/49ffcb7eb307589ba529009335ed7767\"},\"headline\":\"Museo Casa Lis, la joya del Art Nouveau y el Art Dec\u00f3 de Salamanca\",\"datePublished\":\"2023-04-19T06:51:08+00:00\",\"mainEntityOfPage\":{\"@id\":\"https:\\\/\\\/destinocastillayleon.es\\\/index\\\/museo-casa-lis\\\/\"},\"wordCount\":2986,\"commentCount\":2,\"image\":{\"@id\":\"https:\\\/\\\/destinocastillayleon.es\\\/index\\\/museo-casa-lis\\\/#primaryimage\"},\"thumbnailUrl\":\"https:\\\/\\\/destinocastillayleon.es\\\/index\\\/wp-content\\\/uploads\\\/2013\\\/10\\\/Museo-Casa-Lis.jpg\",\"keywords\":[\"Casa Lis\",\"museos de Castilla y Le\u00f3n\",\"museos de Salamanca\",\"SalamancaCyLTB\"],\"articleSection\":[\"Post_inicial\",\"Punto Singular\",\"Salamanca\",\"Salamanca Turismo\"],\"inLanguage\":\"es\",\"potentialAction\":[{\"@type\":\"CommentAction\",\"name\":\"Comment\",\"target\":[\"https:\\\/\\\/destinocastillayleon.es\\\/index\\\/museo-casa-lis\\\/#respond\"]}]},{\"@type\":\"WebPage\",\"@id\":\"https:\\\/\\\/destinocastillayleon.es\\\/index\\\/museo-casa-lis\\\/\",\"url\":\"https:\\\/\\\/destinocastillayleon.es\\\/index\\\/museo-casa-lis\\\/\",\"name\":\"Museo Casa Lis, joya del Art Nouveau y Art Dec\u00f3 en Salamanca\",\"isPartOf\":{\"@id\":\"https:\\\/\\\/destinocastillayleon.es\\\/index\\\/#website\"},\"primaryImageOfPage\":{\"@id\":\"https:\\\/\\\/destinocastillayleon.es\\\/index\\\/museo-casa-lis\\\/#primaryimage\"},\"image\":{\"@id\":\"https:\\\/\\\/destinocastillayleon.es\\\/index\\\/museo-casa-lis\\\/#primaryimage\"},\"thumbnailUrl\":\"https:\\\/\\\/destinocastillayleon.es\\\/index\\\/wp-content\\\/uploads\\\/2013\\\/10\\\/Museo-Casa-Lis.jpg\",\"datePublished\":\"2023-04-19T06:51:08+00:00\",\"author\":{\"@id\":\"https:\\\/\\\/destinocastillayleon.es\\\/index\\\/#\\\/schema\\\/person\\\/49ffcb7eb307589ba529009335ed7767\"},\"description\":\"Ag\u00e9ndate la visita a la Casa Museo Casa Lis, si vas a Salamanca. Conocer\u00e1s la joya del modernismo de la ciudad dorada del Tormes.\",\"breadcrumb\":{\"@id\":\"https:\\\/\\\/destinocastillayleon.es\\\/index\\\/museo-casa-lis\\\/#breadcrumb\"},\"inLanguage\":\"es\",\"potentialAction\":[{\"@type\":\"ReadAction\",\"target\":[\"https:\\\/\\\/destinocastillayleon.es\\\/index\\\/museo-casa-lis\\\/\"]}]},{\"@type\":\"ImageObject\",\"inLanguage\":\"es\",\"@id\":\"https:\\\/\\\/destinocastillayleon.es\\\/index\\\/museo-casa-lis\\\/#primaryimage\",\"url\":\"https:\\\/\\\/destinocastillayleon.es\\\/index\\\/wp-content\\\/uploads\\\/2013\\\/10\\\/Museo-Casa-Lis.jpg\",\"contentUrl\":\"https:\\\/\\\/destinocastillayleon.es\\\/index\\\/wp-content\\\/uploads\\\/2013\\\/10\\\/Museo-Casa-Lis.jpg\",\"width\":470,\"height\":260},{\"@type\":\"BreadcrumbList\",\"@id\":\"https:\\\/\\\/destinocastillayleon.es\\\/index\\\/museo-casa-lis\\\/#breadcrumb\",\"itemListElement\":[{\"@type\":\"ListItem\",\"position\":1,\"name\":\"Portada\",\"item\":\"https:\\\/\\\/destinocastillayleon.es\\\/index\\\/\"},{\"@type\":\"ListItem\",\"position\":2,\"name\":\"Museo Casa Lis, la joya del Art Nouveau y el Art Dec\u00f3 de Salamanca\"}]},{\"@type\":\"WebSite\",\"@id\":\"https:\\\/\\\/destinocastillayleon.es\\\/index\\\/#website\",\"url\":\"https:\\\/\\\/destinocastillayleon.es\\\/index\\\/\",\"name\":\"Destino Castilla y Le\u00f3n\",\"description\":\"Medio digital independiente y revista de Castilla y Le\u00f3n dedicado al turismo, gastronom\u00eda y vino de Castilla y Le\u00f3n\",\"potentialAction\":[{\"@type\":\"SearchAction\",\"target\":{\"@type\":\"EntryPoint\",\"urlTemplate\":\"https:\\\/\\\/destinocastillayleon.es\\\/index\\\/?s={search_term_string}\"},\"query-input\":{\"@type\":\"PropertyValueSpecification\",\"valueRequired\":true,\"valueName\":\"search_term_string\"}}],\"inLanguage\":\"es\"},{\"@type\":\"Person\",\"@id\":\"https:\\\/\\\/destinocastillayleon.es\\\/index\\\/#\\\/schema\\\/person\\\/49ffcb7eb307589ba529009335ed7767\",\"name\":\"Lola Hernandez\",\"image\":{\"@type\":\"ImageObject\",\"inLanguage\":\"es\",\"@id\":\"https:\\\/\\\/secure.gravatar.com\\\/avatar\\\/72ead65e55ad0522fba484acfe2842bf78b2f7c727df41d76fed78a85519da34?s=96&d=mm&r=g\",\"url\":\"https:\\\/\\\/secure.gravatar.com\\\/avatar\\\/72ead65e55ad0522fba484acfe2842bf78b2f7c727df41d76fed78a85519da34?s=96&d=mm&r=g\",\"contentUrl\":\"https:\\\/\\\/secure.gravatar.com\\\/avatar\\\/72ead65e55ad0522fba484acfe2842bf78b2f7c727df41d76fed78a85519da34?s=96&d=mm&r=g\",\"caption\":\"Lola Hernandez\"},\"description\":\"Lola Hern\u00e1ndez fue fundadora y directora de www.destinocastillayleon.es Escribiendo sobre turismo, gastronom\u00eda y vino de su tierra de origen, Castilla y Le\u00f3n.\",\"sameAs\":[\"http:\\\/\\\/www.destinoysabor.com\\\/blog\"],\"url\":\"https:\\\/\\\/destinocastillayleon.es\\\/index\\\/author\\\/lola-hernandez\\\/\"}]}<\/script>\n<!-- \/ Yoast SEO Premium plugin. -->","yoast_head_json":{"title":"Museo Casa Lis, joya del Art Nouveau y Art Dec\u00f3 en Salamanca","description":"Ag\u00e9ndate la visita a la Casa Museo Casa Lis, si vas a Salamanca. Conocer\u00e1s la joya del modernismo de la ciudad dorada del Tormes.","robots":{"index":"index","follow":"follow","max-snippet":"max-snippet:-1","max-image-preview":"max-image-preview:large","max-video-preview":"max-video-preview:-1"},"canonical":"https:\/\/destinocastillayleon.es\/index\/museo-casa-lis\/","og_locale":"es_ES","og_type":"article","og_title":"Museo Casa Lis, joya del Art Nouveau y Art Dec\u00f3 en Salamanca - Destino Castilla y Le\u00f3n","og_description":"Conoce por qu\u00e9 tienes que agendarte una visita a la Casa Museo Casa Lis, si visitas la ciudad de Salamanca. Conocer\u00e1s la joya del modernismo de la ciudad dorada del Tormes.","og_url":"https:\/\/destinocastillayleon.es\/index\/museo-casa-lis\/","og_site_name":"Destino Castilla y Le\u00f3n","article_publisher":"https:\/\/www.facebook.com\/DestinoCastillaYLeon\/","article_published_time":"2023-04-19T06:51:08+00:00","og_image":[{"width":470,"height":260,"url":"https:\/\/destinocastillayleon.es\/index\/wp-content\/uploads\/2013\/10\/Museo-Casa-Lis.jpg","type":"image\/jpeg"}],"author":"Lola Hernandez","twitter_card":"summary_large_image","twitter_title":"Museo Casa Lis, joya del Art Nouveau y Art Dec\u00f3 en Salamanca - Destino Castilla y Le\u00f3n","twitter_description":"Conoce por qu\u00e9 tienes que agendarte una visita a la Casa Museo Casa Lis, si visitas la ciudad de Salamanca. Conocer\u00e1s la joya del modernismo de la ciudad dorada del Tormes.","twitter_image":"http:\/\/destinocastillayleon.es\/index\/wp-content\/uploads\/2013\/10\/Museo-Casa-Lis.jpg","twitter_creator":"@destinocyl","twitter_site":"@destinocyl","twitter_misc":{"Escrito por":"Lola Hernandez","Tiempo de lectura":"17 minutos"},"schema":{"@context":"https:\/\/schema.org","@graph":[{"@type":"Article","@id":"https:\/\/destinocastillayleon.es\/index\/museo-casa-lis\/#article","isPartOf":{"@id":"https:\/\/destinocastillayleon.es\/index\/museo-casa-lis\/"},"author":{"name":"Lola Hernandez","@id":"https:\/\/destinocastillayleon.es\/index\/#\/schema\/person\/49ffcb7eb307589ba529009335ed7767"},"headline":"Museo Casa Lis, la joya del Art Nouveau y el Art Dec\u00f3 de Salamanca","datePublished":"2023-04-19T06:51:08+00:00","mainEntityOfPage":{"@id":"https:\/\/destinocastillayleon.es\/index\/museo-casa-lis\/"},"wordCount":2986,"commentCount":2,"image":{"@id":"https:\/\/destinocastillayleon.es\/index\/museo-casa-lis\/#primaryimage"},"thumbnailUrl":"https:\/\/destinocastillayleon.es\/index\/wp-content\/uploads\/2013\/10\/Museo-Casa-Lis.jpg","keywords":["Casa Lis","museos de Castilla y Le\u00f3n","museos de Salamanca","SalamancaCyLTB"],"articleSection":["Post_inicial","Punto Singular","Salamanca","Salamanca Turismo"],"inLanguage":"es","potentialAction":[{"@type":"CommentAction","name":"Comment","target":["https:\/\/destinocastillayleon.es\/index\/museo-casa-lis\/#respond"]}]},{"@type":"WebPage","@id":"https:\/\/destinocastillayleon.es\/index\/museo-casa-lis\/","url":"https:\/\/destinocastillayleon.es\/index\/museo-casa-lis\/","name":"Museo Casa Lis, joya del Art Nouveau y Art Dec\u00f3 en Salamanca","isPartOf":{"@id":"https:\/\/destinocastillayleon.es\/index\/#website"},"primaryImageOfPage":{"@id":"https:\/\/destinocastillayleon.es\/index\/museo-casa-lis\/#primaryimage"},"image":{"@id":"https:\/\/destinocastillayleon.es\/index\/museo-casa-lis\/#primaryimage"},"thumbnailUrl":"https:\/\/destinocastillayleon.es\/index\/wp-content\/uploads\/2013\/10\/Museo-Casa-Lis.jpg","datePublished":"2023-04-19T06:51:08+00:00","author":{"@id":"https:\/\/destinocastillayleon.es\/index\/#\/schema\/person\/49ffcb7eb307589ba529009335ed7767"},"description":"Ag\u00e9ndate la visita a la Casa Museo Casa Lis, si vas a Salamanca. Conocer\u00e1s la joya del modernismo de la ciudad dorada del Tormes.","breadcrumb":{"@id":"https:\/\/destinocastillayleon.es\/index\/museo-casa-lis\/#breadcrumb"},"inLanguage":"es","potentialAction":[{"@type":"ReadAction","target":["https:\/\/destinocastillayleon.es\/index\/museo-casa-lis\/"]}]},{"@type":"ImageObject","inLanguage":"es","@id":"https:\/\/destinocastillayleon.es\/index\/museo-casa-lis\/#primaryimage","url":"https:\/\/destinocastillayleon.es\/index\/wp-content\/uploads\/2013\/10\/Museo-Casa-Lis.jpg","contentUrl":"https:\/\/destinocastillayleon.es\/index\/wp-content\/uploads\/2013\/10\/Museo-Casa-Lis.jpg","width":470,"height":260},{"@type":"BreadcrumbList","@id":"https:\/\/destinocastillayleon.es\/index\/museo-casa-lis\/#breadcrumb","itemListElement":[{"@type":"ListItem","position":1,"name":"Portada","item":"https:\/\/destinocastillayleon.es\/index\/"},{"@type":"ListItem","position":2,"name":"Museo Casa Lis, la joya del Art Nouveau y el Art Dec\u00f3 de Salamanca"}]},{"@type":"WebSite","@id":"https:\/\/destinocastillayleon.es\/index\/#website","url":"https:\/\/destinocastillayleon.es\/index\/","name":"Destino Castilla y Le\u00f3n","description":"Medio digital independiente y revista de Castilla y Le\u00f3n dedicado al turismo, gastronom\u00eda y vino de Castilla y Le\u00f3n","potentialAction":[{"@type":"SearchAction","target":{"@type":"EntryPoint","urlTemplate":"https:\/\/destinocastillayleon.es\/index\/?s={search_term_string}"},"query-input":{"@type":"PropertyValueSpecification","valueRequired":true,"valueName":"search_term_string"}}],"inLanguage":"es"},{"@type":"Person","@id":"https:\/\/destinocastillayleon.es\/index\/#\/schema\/person\/49ffcb7eb307589ba529009335ed7767","name":"Lola Hernandez","image":{"@type":"ImageObject","inLanguage":"es","@id":"https:\/\/secure.gravatar.com\/avatar\/72ead65e55ad0522fba484acfe2842bf78b2f7c727df41d76fed78a85519da34?s=96&d=mm&r=g","url":"https:\/\/secure.gravatar.com\/avatar\/72ead65e55ad0522fba484acfe2842bf78b2f7c727df41d76fed78a85519da34?s=96&d=mm&r=g","contentUrl":"https:\/\/secure.gravatar.com\/avatar\/72ead65e55ad0522fba484acfe2842bf78b2f7c727df41d76fed78a85519da34?s=96&d=mm&r=g","caption":"Lola Hernandez"},"description":"Lola Hern\u00e1ndez fue fundadora y directora de www.destinocastillayleon.es Escribiendo sobre turismo, gastronom\u00eda y vino de su tierra de origen, Castilla y Le\u00f3n.","sameAs":["http:\/\/www.destinoysabor.com\/blog"],"url":"https:\/\/destinocastillayleon.es\/index\/author\/lola-hernandez\/"}]}},"_links":{"self":[{"href":"https:\/\/destinocastillayleon.es\/index\/wp-json\/wp\/v2\/posts\/8412","targetHints":{"allow":["GET"]}}],"collection":[{"href":"https:\/\/destinocastillayleon.es\/index\/wp-json\/wp\/v2\/posts"}],"about":[{"href":"https:\/\/destinocastillayleon.es\/index\/wp-json\/wp\/v2\/types\/post"}],"author":[{"embeddable":true,"href":"https:\/\/destinocastillayleon.es\/index\/wp-json\/wp\/v2\/users\/6"}],"replies":[{"embeddable":true,"href":"https:\/\/destinocastillayleon.es\/index\/wp-json\/wp\/v2\/comments?post=8412"}],"version-history":[{"count":29,"href":"https:\/\/destinocastillayleon.es\/index\/wp-json\/wp\/v2\/posts\/8412\/revisions"}],"predecessor-version":[{"id":36733,"href":"https:\/\/destinocastillayleon.es\/index\/wp-json\/wp\/v2\/posts\/8412\/revisions\/36733"}],"wp:featuredmedia":[{"embeddable":true,"href":"https:\/\/destinocastillayleon.es\/index\/wp-json\/wp\/v2\/media\/8421"}],"wp:attachment":[{"href":"https:\/\/destinocastillayleon.es\/index\/wp-json\/wp\/v2\/media?parent=8412"}],"wp:term":[{"taxonomy":"category","embeddable":true,"href":"https:\/\/destinocastillayleon.es\/index\/wp-json\/wp\/v2\/categories?post=8412"},{"taxonomy":"post_tag","embeddable":true,"href":"https:\/\/destinocastillayleon.es\/index\/wp-json\/wp\/v2\/tags?post=8412"}],"curies":[{"name":"wp","href":"https:\/\/api.w.org\/{rel}","templated":true}]}}