{"id":8260,"date":"2013-10-23T15:08:45","date_gmt":"2013-10-23T15:08:45","guid":{"rendered":"http:\/\/destinocastillayleon.es\/index\/?p=8260"},"modified":"2014-10-30T11:24:06","modified_gmt":"2014-10-30T10:24:06","slug":"semana-micologica-en-soria","status":"publish","type":"post","link":"https:\/\/destinocastillayleon.es\/index\/semana-micologica-en-soria\/","title":{"rendered":"\u00a1Ya estamos en la Semana Micol\u00f3gica de Soria!"},"content":{"rendered":"<p style=\"text-align: justify;\">Soria ha sabido ganarse la fama y reconocimiento entre los mejores chefs del pa\u00eds. Como afirma el medi\u00e1tico chef Mario Sandoval, <strong>\u00ab<a title=\"Entrevista a Mario Sandoval\" href=\"http:\/\/www.desdesoria.es\/?p=12953\" target=\"_blank\">Soria es Capital de la Seta<\/a>\u00bb <\/strong>y as\u00ed es,<strong>\u00a0<\/strong>\u00a0entre sus bosques, reserva de la Bioesfera, surgen grandes y variadas clases de hongos que se servir\u00e1n para los mejores guisos.<\/p>\n<p>&nbsp; <\/p>\n<h3>Semana Micol\u00f3gica de Soria 2013<\/h3>\n<p><strong>Del 19 al 27 de octubre<\/strong>, es decir, en estos momentos, se est\u00e1 llevando a cabo en Soria la\u00a0<strong>Semana de la Tapa Micol\u00f3gica en la que\u00a0<\/strong>\u00a047 establecimientos <strong>(41 en la ciudad, 6 en la provincia)<\/strong> ofrecen aut\u00e9nticas obras de arte gastron\u00f3micas en miniatura a base de su mejor producto de temporada, la seta. Si te acercas hasta Soria esta semana <strong>encontrar\u00e1s verdaderas joyas de la tapa<\/strong>, que mezclan tradici\u00f3n y modernidad a partes iguales.<br \/>\n&nbsp;<br \/>\n<figure id=\"attachment_8262\" aria-describedby=\"caption-attachment-8262\" style=\"width: 631px\" class=\"wp-caption aligncenter\"><a href=\"http:\/\/destinocastillayleon.es\/index\/wp-content\/uploads\/2013\/10\/6351271d84d1e2e975967694dce30ebe.jpg\"><img decoding=\"async\" class=\"size-full wp-image-8262 \" title=\"Premio Mejor Tapa Micol\u00f3gica 2012 en la Semana Micol\u00f3gica de Soria\" alt=\"Premio Mejor Tapa Micol\u00f3gica 2012 en la Semana Micol\u00f3gica de Soria\" src=\"http:\/\/destinocastillayleon.es\/index\/wp-content\/uploads\/2013\/10\/6351271d84d1e2e975967694dce30ebe.jpg\" width=\"631\" height=\"425\" srcset=\"https:\/\/destinocastillayleon.es\/index\/wp-content\/uploads\/2013\/10\/6351271d84d1e2e975967694dce30ebe.jpg 631w, https:\/\/destinocastillayleon.es\/index\/wp-content\/uploads\/2013\/10\/6351271d84d1e2e975967694dce30ebe-300x202.jpg 300w\" sizes=\"(max-width: 631px) 100vw, 631px\" \/><\/a><figcaption id=\"caption-attachment-8262\" class=\"wp-caption-text\">Crocanti de setas, de Restaurante la Chistera, premio \u00abMejor Tapa Micol\u00f3gica 2012\u00bb<\/figcaption><\/figure><br \/>\n&nbsp; <\/p>\n<p>En esta Semana Micol\u00f3gica de Soria<strong> se podr\u00e1n degustar\u00a0tapas con aroma oriental<\/strong> que emplean algas,\u00a0<em>risottos<\/em>\u00a0de ascendencia italiana, simulaciones de dulces como bombones, postres de esencia francesa o caf\u00e9s virtuales como capuccinos o cortados. Todas ellas a <strong>un precio popular de 1,5 euros<\/strong>.<br \/>\n&nbsp;<br \/>\n<a href=\"http:\/\/destinocastillayleon.es\/index\/wp-content\/uploads\/2013\/10\/cartel-tapa-micologica-Soria-2013.jpg\"><img decoding=\"async\" class=\"size-full wp-image-8268 aligncenter\" alt=\"cartel-tapa-micologica-Soria-2013\" src=\"http:\/\/destinocastillayleon.es\/index\/wp-content\/uploads\/2013\/10\/cartel-tapa-micologica-Soria-2013.jpg\" width=\"320\" \/><\/a><br \/>\n&nbsp;<br \/>\nAdem\u00e1s, Asohtur, la\u00a0\u00a0Agrupaci\u00f3n Soriana de Hosteler\u00eda y Turismo premiar\u00e1 a los establecimientos participantes con distintos premios como el \u00abPremio a la Tapa Mediterr\u00e1nea\u00bb, \u00a0\u00ab<em><strong>Mejor Tapa Micol\u00f3gica Provincial<\/strong><\/em>\u00bb o el premio \u00abal mejor servicio\u00bb.\u00a0El p\u00fablico elegir\u00e1 por votaci\u00f3n el premio a la \u00ab<strong>Tapa Micol\u00f3gica Popular<\/strong>\u00bb cuyo voto le permitir\u00e1 participar en\u00a0el sorteo de <strong>un viaje de nueve d\u00edas para dos personas a la Riviera Maya<\/strong>, y del sorteo del premio \u00ab<em><strong>Tu peso en cerveza<\/strong><\/em>\u00bb (promoci\u00f3n exclusiva para mayores de 18 a\u00f1os), por gentileza de Amstel.<\/p>\n<p>La semana micol\u00f3gica ya tiene app <strong>\u00abEl marat\u00f3n de las Tapas\u00bb <\/strong>que podr\u00e1s descargar en tu smartphone y tablet y descubrir los establecimientos que ya han visitado y puntuado otros participantes.<\/p>\n<p>Hemos escrito este post gracias a: <strong><a title=\"Caminos de Soria\" href=\"http:\/\/www.caminosoria.com\/comer-y-dormir\/rutas-gastronomicas\/1300-semana-de-la-tapa-micologica-de-soria.html\" target=\"_blank\">Caminos de Soria<\/a>\u00a0aqu\u00ed podr\u00e1s ver algunas de las tapas presentadas este a\u00f1o.\u00a0<\/strong><br \/>\n&nbsp; <\/p>\n<h4>Encontrar\u00e1s m\u00e1s informaci\u00f3n en:<\/h4>\n<p>&nbsp; &nbsp;&#8211; Web <a title=\"web oficial asohtur\" href=\"http:\/\/www.asohtur.com\/\" target=\"_blank\">Asohtur<\/a><br \/>\n&nbsp; &nbsp;&#8211; Twitter de <a title=\"perfil de asohtur en Twittter\" href=\"https:\/\/twitter.com\/Asohtur\" target=\"_blank\"> Asohtur<\/a><br \/>\n&nbsp; &nbsp;&#8211; Facebook de <a title=\"Asohtur\" href=\"https:\/\/www.facebook.com\/Asohtur?fref=ts\" target=\"_blank\">Asohtur<\/a><br \/>\n&nbsp; <\/p>\n<h4>Art\u00edculos relacionados:<\/h4>\n<p>&nbsp; &nbsp; <strong>\u2022 <\/strong><a title=\"Champi\u00f1ones a la crema y nuez moscada\" href=\"http:\/\/destinocastillayleon.es\/index\/champinones-la-crema-nuez-mosc\/&quot;\" target=\"_blank\">Champi\u00f1ones a la crema y nuez moscada<\/a>.<br \/>\n&nbsp; &nbsp; <strong>\u2022 <\/strong><a title=\"Jornadas gastron\u00f3micas y micol\u00f3gicas para disfrutar del Bierzo en Oto\u00f1o\" href=\"http:\/\/destinocastillayleon.es\/index\/xxix-jornadas-gastronomicas-del-bierzo\/&quot;\" target=\"_blank\">Jornadas gastron\u00f3micas y micol\u00f3gicas para disfrutar del Bierzo en Oto\u00f1o<\/a>.<br \/>\n&nbsp; &nbsp; <strong>\u2022 <\/strong><a title=\"Disfruta de las jornadas micol\u00f3gicas en la monta\u00f1a palentina \u00a1Que planazos!\" href=\"http:\/\/destinocastillayleon.es\/index\/jornadas-micologicas-en-castilla-leon\/\" target=\"_blank\">Disfruta de las jornadas micol\u00f3gicas en la monta\u00f1a palentina \u00a1Que planazos!<\/a>.<br \/>\n&nbsp; &nbsp; <strong>\u2022 <\/strong><a title=\"10 lugares para recolectar setas en Castilla y Le\u00f3n y disfrutar del oto\u00f1o\" href=\"http:\/\/destinocastillayleon.es\/index\/10-lugares-para-recolectar-setas-en-castilla-leon-disfrutar-del-otono\/\" target=\"_blank\">10 lugares para recolectar setas en Castilla y Le\u00f3n y disfrutar del oto\u00f1o<\/a>.<br \/>\n&nbsp; <\/p>\n","protected":false},"excerpt":{"rendered":"<p>Del 19 al 27 de octubre, es decir, en estos momentos, se est\u00e1 llevando a cabo en Soria la Semana de la Tapa Micol\u00f3gica en la que  47 establecimientos (41 en la ciudad, 6 en la provincia) ofrecen aut\u00e9nticas obras de arte gastron\u00f3micas en miniatura a base de su mejor producto de temporada, la seta. Si te acercas hasta Soria esta semana encontrar\u00e1s verdaderas joyas de la tapa, que mezclan tradici\u00f3n y modernidad a partes iguales.<\/p>\n","protected":false},"author":6,"featured_media":8262,"comment_status":"open","ping_status":"closed","sticky":false,"template":"","format":"standard","meta":{"rop_custom_images_group":[],"rop_custom_messages_group":[],"rop_publish_now":"initial","rop_publish_now_accounts":{"twitter_1150954226_1150954226":""},"rop_publish_now_history":[],"rop_publish_now_status":"pending","footnotes":""},"categories":[77,303,68,41,3493,1],"tags":[3666,988,986,987,985,3665],"class_list":["post-8260","post","type-post","status-publish","format-standard","has-post-thumbnail","hentry","category-actualidad-y-agenda-de-castilla-y-leon","category-gastronomia","category-post_inicial","category-soria","category-turismo-micologico","category-uncategorized","tag-actividades-gastronomicas-en-soria","tag-cartel-de-la-semana-micologica-de-soria","tag-gastronomia-en-soria","tag-semana-micologica-en-soria-2013","tag-tapas-de-setas","tag-ya-estamos-en-la-semana-micologica-de-soria"],"yoast_head":"<!-- This site is optimized with the Yoast SEO Premium plugin v20.4 (Yoast SEO v27.4) - https:\/\/yoast.com\/product\/yoast-seo-premium-wordpress\/ -->\n<title>\u00a1Ya estamos en la Semana Micol\u00f3gica de Soria!<\/title>\n<meta name=\"description\" content=\"Del 19 al 27 de octubre, se realiza la Semana Micol\u00f3gica de Soria, en la que 47 establecimientos ofrecen aut\u00e9nticas obras de arte gastron\u00f3micas a base de setas.\" \/>\n<meta name=\"robots\" content=\"index, follow, max-snippet:-1, max-image-preview:large, max-video-preview:-1\" \/>\n<link rel=\"canonical\" href=\"https:\/\/destinocastillayleon.es\/index\/semana-micologica-en-soria\/\" \/>\n<meta property=\"og:locale\" content=\"es_ES\" \/>\n<meta property=\"og:type\" content=\"article\" \/>\n<meta property=\"og:title\" content=\"\u00a1Ya estamos en la Semana Micol\u00f3gica de Soria!\" \/>\n<meta property=\"og:description\" content=\"Del 19 al 27 de octubre, es decir, en estos momentos, se est\u00e1 llevando a cabo en Soria la Semana de la Tapa Micol\u00f3gica en la que 47 establecimientos (41 en la ciudad, 6 en la provincia) ofrecen aut\u00e9nticas obras de arte gastron\u00f3micas en miniatura a base de su mejor producto de temporada, la seta. Si te acercas hasta Soria esta semana encontrar\u00e1s verdaderas joyas de la tapa, que mezclan tradici\u00f3n y modernidad a partes iguales.\" \/>\n<meta property=\"og:url\" content=\"https:\/\/destinocastillayleon.es\/index\/semana-micologica-en-soria\/\" \/>\n<meta property=\"og:site_name\" content=\"Destino Castilla y Le\u00f3n\" \/>\n<meta property=\"article:publisher\" content=\"https:\/\/www.facebook.com\/DestinoCastillaYLeon\/\" \/>\n<meta property=\"article:published_time\" content=\"2013-10-23T15:08:45+00:00\" \/>\n<meta property=\"article:modified_time\" content=\"2014-10-30T10:24:06+00:00\" \/>\n<meta property=\"og:image\" content=\"https:\/\/destinocastillayleon.es\/index\/wp-content\/uploads\/2013\/10\/6351271d84d1e2e975967694dce30ebe.jpg\" \/>\n\t<meta property=\"og:image:width\" content=\"631\" \/>\n\t<meta property=\"og:image:height\" content=\"425\" \/>\n\t<meta property=\"og:image:type\" content=\"image\/jpeg\" \/>\n<meta name=\"author\" content=\"Lola Hernandez\" \/>\n<meta name=\"twitter:card\" content=\"summary_large_image\" \/>\n<meta name=\"twitter:creator\" content=\"@destinocyl\" \/>\n<meta name=\"twitter:site\" content=\"@destinocyl\" \/>\n<meta name=\"twitter:label1\" content=\"Escrito por\" \/>\n\t<meta name=\"twitter:data1\" content=\"Lola Hernandez\" \/>\n\t<meta name=\"twitter:label2\" content=\"Tiempo de lectura\" \/>\n\t<meta name=\"twitter:data2\" content=\"2 minutos\" \/>\n<script type=\"application\/ld+json\" class=\"yoast-schema-graph\">{\"@context\":\"https:\\\/\\\/schema.org\",\"@graph\":[{\"@type\":\"Article\",\"@id\":\"https:\\\/\\\/destinocastillayleon.es\\\/index\\\/semana-micologica-en-soria\\\/#article\",\"isPartOf\":{\"@id\":\"https:\\\/\\\/destinocastillayleon.es\\\/index\\\/semana-micologica-en-soria\\\/\"},\"author\":{\"name\":\"Lola Hernandez\",\"@id\":\"https:\\\/\\\/destinocastillayleon.es\\\/index\\\/#\\\/schema\\\/person\\\/49ffcb7eb307589ba529009335ed7767\"},\"headline\":\"\u00a1Ya estamos en la Semana Micol\u00f3gica de Soria!\",\"datePublished\":\"2013-10-23T15:08:45+00:00\",\"dateModified\":\"2014-10-30T10:24:06+00:00\",\"mainEntityOfPage\":{\"@id\":\"https:\\\/\\\/destinocastillayleon.es\\\/index\\\/semana-micologica-en-soria\\\/\"},\"wordCount\":453,\"commentCount\":2,\"image\":{\"@id\":\"https:\\\/\\\/destinocastillayleon.es\\\/index\\\/semana-micologica-en-soria\\\/#primaryimage\"},\"thumbnailUrl\":\"https:\\\/\\\/destinocastillayleon.es\\\/index\\\/wp-content\\\/uploads\\\/2013\\\/10\\\/6351271d84d1e2e975967694dce30ebe.jpg\",\"keywords\":[\"actividades gastron\u00f3micas en Soria\",\"cartel de la semana micol\u00f3gica de Soria\",\"gastronom\u00eda en Soria\",\"Semana Micol\u00f3gica en Soria 2013\",\"tapas de setas\",\"\u00a1Ya estamos en la Semana Micol\u00f3gica de Soria!\"],\"articleSection\":[\"Actualidad\",\"Gastronomia\",\"Post_inicial\",\"Soria\",\"Turismo Micologico\",\"Uncategorized\"],\"inLanguage\":\"es\",\"potentialAction\":[{\"@type\":\"CommentAction\",\"name\":\"Comment\",\"target\":[\"https:\\\/\\\/destinocastillayleon.es\\\/index\\\/semana-micologica-en-soria\\\/#respond\"]}]},{\"@type\":\"WebPage\",\"@id\":\"https:\\\/\\\/destinocastillayleon.es\\\/index\\\/semana-micologica-en-soria\\\/\",\"url\":\"https:\\\/\\\/destinocastillayleon.es\\\/index\\\/semana-micologica-en-soria\\\/\",\"name\":\"\u00a1Ya estamos en la Semana Micol\u00f3gica de Soria!\",\"isPartOf\":{\"@id\":\"https:\\\/\\\/destinocastillayleon.es\\\/index\\\/#website\"},\"primaryImageOfPage\":{\"@id\":\"https:\\\/\\\/destinocastillayleon.es\\\/index\\\/semana-micologica-en-soria\\\/#primaryimage\"},\"image\":{\"@id\":\"https:\\\/\\\/destinocastillayleon.es\\\/index\\\/semana-micologica-en-soria\\\/#primaryimage\"},\"thumbnailUrl\":\"https:\\\/\\\/destinocastillayleon.es\\\/index\\\/wp-content\\\/uploads\\\/2013\\\/10\\\/6351271d84d1e2e975967694dce30ebe.jpg\",\"datePublished\":\"2013-10-23T15:08:45+00:00\",\"dateModified\":\"2014-10-30T10:24:06+00:00\",\"author\":{\"@id\":\"https:\\\/\\\/destinocastillayleon.es\\\/index\\\/#\\\/schema\\\/person\\\/49ffcb7eb307589ba529009335ed7767\"},\"description\":\"Del 19 al 27 de octubre, se realiza la Semana Micol\u00f3gica de Soria, en la que 47 establecimientos ofrecen aut\u00e9nticas obras de arte gastron\u00f3micas a base de setas.\",\"breadcrumb\":{\"@id\":\"https:\\\/\\\/destinocastillayleon.es\\\/index\\\/semana-micologica-en-soria\\\/#breadcrumb\"},\"inLanguage\":\"es\",\"potentialAction\":[{\"@type\":\"ReadAction\",\"target\":[\"https:\\\/\\\/destinocastillayleon.es\\\/index\\\/semana-micologica-en-soria\\\/\"]}]},{\"@type\":\"ImageObject\",\"inLanguage\":\"es\",\"@id\":\"https:\\\/\\\/destinocastillayleon.es\\\/index\\\/semana-micologica-en-soria\\\/#primaryimage\",\"url\":\"https:\\\/\\\/destinocastillayleon.es\\\/index\\\/wp-content\\\/uploads\\\/2013\\\/10\\\/6351271d84d1e2e975967694dce30ebe.jpg\",\"contentUrl\":\"https:\\\/\\\/destinocastillayleon.es\\\/index\\\/wp-content\\\/uploads\\\/2013\\\/10\\\/6351271d84d1e2e975967694dce30ebe.jpg\",\"width\":631,\"height\":425,\"caption\":\"Cocant\"},{\"@type\":\"BreadcrumbList\",\"@id\":\"https:\\\/\\\/destinocastillayleon.es\\\/index\\\/semana-micologica-en-soria\\\/#breadcrumb\",\"itemListElement\":[{\"@type\":\"ListItem\",\"position\":1,\"name\":\"Portada\",\"item\":\"https:\\\/\\\/destinocastillayleon.es\\\/index\\\/\"},{\"@type\":\"ListItem\",\"position\":2,\"name\":\"\u00a1Ya estamos en la Semana Micol\u00f3gica de Soria!\"}]},{\"@type\":\"WebSite\",\"@id\":\"https:\\\/\\\/destinocastillayleon.es\\\/index\\\/#website\",\"url\":\"https:\\\/\\\/destinocastillayleon.es\\\/index\\\/\",\"name\":\"Destino Castilla y Le\u00f3n\",\"description\":\"Medio digital independiente y revista de Castilla y Le\u00f3n dedicado al turismo, gastronom\u00eda y vino de Castilla y Le\u00f3n\",\"potentialAction\":[{\"@type\":\"SearchAction\",\"target\":{\"@type\":\"EntryPoint\",\"urlTemplate\":\"https:\\\/\\\/destinocastillayleon.es\\\/index\\\/?s={search_term_string}\"},\"query-input\":{\"@type\":\"PropertyValueSpecification\",\"valueRequired\":true,\"valueName\":\"search_term_string\"}}],\"inLanguage\":\"es\"},{\"@type\":\"Person\",\"@id\":\"https:\\\/\\\/destinocastillayleon.es\\\/index\\\/#\\\/schema\\\/person\\\/49ffcb7eb307589ba529009335ed7767\",\"name\":\"Lola Hernandez\",\"image\":{\"@type\":\"ImageObject\",\"inLanguage\":\"es\",\"@id\":\"https:\\\/\\\/secure.gravatar.com\\\/avatar\\\/72ead65e55ad0522fba484acfe2842bf78b2f7c727df41d76fed78a85519da34?s=96&d=mm&r=g\",\"url\":\"https:\\\/\\\/secure.gravatar.com\\\/avatar\\\/72ead65e55ad0522fba484acfe2842bf78b2f7c727df41d76fed78a85519da34?s=96&d=mm&r=g\",\"contentUrl\":\"https:\\\/\\\/secure.gravatar.com\\\/avatar\\\/72ead65e55ad0522fba484acfe2842bf78b2f7c727df41d76fed78a85519da34?s=96&d=mm&r=g\",\"caption\":\"Lola Hernandez\"},\"description\":\"Lola Hern\u00e1ndez fue fundadora y directora de www.destinocastillayleon.es Escribiendo sobre turismo, gastronom\u00eda y vino de su tierra de origen, Castilla y Le\u00f3n.\",\"sameAs\":[\"http:\\\/\\\/www.destinoysabor.com\\\/blog\"],\"url\":\"https:\\\/\\\/destinocastillayleon.es\\\/index\\\/author\\\/lola-hernandez\\\/\"}]}<\/script>\n<!-- \/ Yoast SEO Premium plugin. -->","yoast_head_json":{"title":"\u00a1Ya estamos en la Semana Micol\u00f3gica de Soria!","description":"Del 19 al 27 de octubre, se realiza la Semana Micol\u00f3gica de Soria, en la que 47 establecimientos ofrecen aut\u00e9nticas obras de arte gastron\u00f3micas a base de setas.","robots":{"index":"index","follow":"follow","max-snippet":"max-snippet:-1","max-image-preview":"max-image-preview:large","max-video-preview":"max-video-preview:-1"},"canonical":"https:\/\/destinocastillayleon.es\/index\/semana-micologica-en-soria\/","og_locale":"es_ES","og_type":"article","og_title":"\u00a1Ya estamos en la Semana Micol\u00f3gica de Soria!","og_description":"Del 19 al 27 de octubre, es decir, en estos momentos, se est\u00e1 llevando a cabo en Soria la Semana de la Tapa Micol\u00f3gica en la que 47 establecimientos (41 en la ciudad, 6 en la provincia) ofrecen aut\u00e9nticas obras de arte gastron\u00f3micas en miniatura a base de su mejor producto de temporada, la seta. Si te acercas hasta Soria esta semana encontrar\u00e1s verdaderas joyas de la tapa, que mezclan tradici\u00f3n y modernidad a partes iguales.","og_url":"https:\/\/destinocastillayleon.es\/index\/semana-micologica-en-soria\/","og_site_name":"Destino Castilla y Le\u00f3n","article_publisher":"https:\/\/www.facebook.com\/DestinoCastillaYLeon\/","article_published_time":"2013-10-23T15:08:45+00:00","article_modified_time":"2014-10-30T10:24:06+00:00","og_image":[{"width":631,"height":425,"url":"https:\/\/destinocastillayleon.es\/index\/wp-content\/uploads\/2013\/10\/6351271d84d1e2e975967694dce30ebe.jpg","type":"image\/jpeg"}],"author":"Lola Hernandez","twitter_card":"summary_large_image","twitter_creator":"@destinocyl","twitter_site":"@destinocyl","twitter_misc":{"Escrito por":"Lola Hernandez","Tiempo de lectura":"2 minutos"},"schema":{"@context":"https:\/\/schema.org","@graph":[{"@type":"Article","@id":"https:\/\/destinocastillayleon.es\/index\/semana-micologica-en-soria\/#article","isPartOf":{"@id":"https:\/\/destinocastillayleon.es\/index\/semana-micologica-en-soria\/"},"author":{"name":"Lola Hernandez","@id":"https:\/\/destinocastillayleon.es\/index\/#\/schema\/person\/49ffcb7eb307589ba529009335ed7767"},"headline":"\u00a1Ya estamos en la Semana Micol\u00f3gica de Soria!","datePublished":"2013-10-23T15:08:45+00:00","dateModified":"2014-10-30T10:24:06+00:00","mainEntityOfPage":{"@id":"https:\/\/destinocastillayleon.es\/index\/semana-micologica-en-soria\/"},"wordCount":453,"commentCount":2,"image":{"@id":"https:\/\/destinocastillayleon.es\/index\/semana-micologica-en-soria\/#primaryimage"},"thumbnailUrl":"https:\/\/destinocastillayleon.es\/index\/wp-content\/uploads\/2013\/10\/6351271d84d1e2e975967694dce30ebe.jpg","keywords":["actividades gastron\u00f3micas en Soria","cartel de la semana micol\u00f3gica de Soria","gastronom\u00eda en Soria","Semana Micol\u00f3gica en Soria 2013","tapas de setas","\u00a1Ya estamos en la Semana Micol\u00f3gica de Soria!"],"articleSection":["Actualidad","Gastronomia","Post_inicial","Soria","Turismo Micologico","Uncategorized"],"inLanguage":"es","potentialAction":[{"@type":"CommentAction","name":"Comment","target":["https:\/\/destinocastillayleon.es\/index\/semana-micologica-en-soria\/#respond"]}]},{"@type":"WebPage","@id":"https:\/\/destinocastillayleon.es\/index\/semana-micologica-en-soria\/","url":"https:\/\/destinocastillayleon.es\/index\/semana-micologica-en-soria\/","name":"\u00a1Ya estamos en la Semana Micol\u00f3gica de Soria!","isPartOf":{"@id":"https:\/\/destinocastillayleon.es\/index\/#website"},"primaryImageOfPage":{"@id":"https:\/\/destinocastillayleon.es\/index\/semana-micologica-en-soria\/#primaryimage"},"image":{"@id":"https:\/\/destinocastillayleon.es\/index\/semana-micologica-en-soria\/#primaryimage"},"thumbnailUrl":"https:\/\/destinocastillayleon.es\/index\/wp-content\/uploads\/2013\/10\/6351271d84d1e2e975967694dce30ebe.jpg","datePublished":"2013-10-23T15:08:45+00:00","dateModified":"2014-10-30T10:24:06+00:00","author":{"@id":"https:\/\/destinocastillayleon.es\/index\/#\/schema\/person\/49ffcb7eb307589ba529009335ed7767"},"description":"Del 19 al 27 de octubre, se realiza la Semana Micol\u00f3gica de Soria, en la que 47 establecimientos ofrecen aut\u00e9nticas obras de arte gastron\u00f3micas a base de setas.","breadcrumb":{"@id":"https:\/\/destinocastillayleon.es\/index\/semana-micologica-en-soria\/#breadcrumb"},"inLanguage":"es","potentialAction":[{"@type":"ReadAction","target":["https:\/\/destinocastillayleon.es\/index\/semana-micologica-en-soria\/"]}]},{"@type":"ImageObject","inLanguage":"es","@id":"https:\/\/destinocastillayleon.es\/index\/semana-micologica-en-soria\/#primaryimage","url":"https:\/\/destinocastillayleon.es\/index\/wp-content\/uploads\/2013\/10\/6351271d84d1e2e975967694dce30ebe.jpg","contentUrl":"https:\/\/destinocastillayleon.es\/index\/wp-content\/uploads\/2013\/10\/6351271d84d1e2e975967694dce30ebe.jpg","width":631,"height":425,"caption":"Cocant"},{"@type":"BreadcrumbList","@id":"https:\/\/destinocastillayleon.es\/index\/semana-micologica-en-soria\/#breadcrumb","itemListElement":[{"@type":"ListItem","position":1,"name":"Portada","item":"https:\/\/destinocastillayleon.es\/index\/"},{"@type":"ListItem","position":2,"name":"\u00a1Ya estamos en la Semana Micol\u00f3gica de Soria!"}]},{"@type":"WebSite","@id":"https:\/\/destinocastillayleon.es\/index\/#website","url":"https:\/\/destinocastillayleon.es\/index\/","name":"Destino Castilla y Le\u00f3n","description":"Medio digital independiente y revista de Castilla y Le\u00f3n dedicado al turismo, gastronom\u00eda y vino de Castilla y Le\u00f3n","potentialAction":[{"@type":"SearchAction","target":{"@type":"EntryPoint","urlTemplate":"https:\/\/destinocastillayleon.es\/index\/?s={search_term_string}"},"query-input":{"@type":"PropertyValueSpecification","valueRequired":true,"valueName":"search_term_string"}}],"inLanguage":"es"},{"@type":"Person","@id":"https:\/\/destinocastillayleon.es\/index\/#\/schema\/person\/49ffcb7eb307589ba529009335ed7767","name":"Lola Hernandez","image":{"@type":"ImageObject","inLanguage":"es","@id":"https:\/\/secure.gravatar.com\/avatar\/72ead65e55ad0522fba484acfe2842bf78b2f7c727df41d76fed78a85519da34?s=96&d=mm&r=g","url":"https:\/\/secure.gravatar.com\/avatar\/72ead65e55ad0522fba484acfe2842bf78b2f7c727df41d76fed78a85519da34?s=96&d=mm&r=g","contentUrl":"https:\/\/secure.gravatar.com\/avatar\/72ead65e55ad0522fba484acfe2842bf78b2f7c727df41d76fed78a85519da34?s=96&d=mm&r=g","caption":"Lola Hernandez"},"description":"Lola Hern\u00e1ndez fue fundadora y directora de www.destinocastillayleon.es Escribiendo sobre turismo, gastronom\u00eda y vino de su tierra de origen, Castilla y Le\u00f3n.","sameAs":["http:\/\/www.destinoysabor.com\/blog"],"url":"https:\/\/destinocastillayleon.es\/index\/author\/lola-hernandez\/"}]}},"_links":{"self":[{"href":"https:\/\/destinocastillayleon.es\/index\/wp-json\/wp\/v2\/posts\/8260","targetHints":{"allow":["GET"]}}],"collection":[{"href":"https:\/\/destinocastillayleon.es\/index\/wp-json\/wp\/v2\/posts"}],"about":[{"href":"https:\/\/destinocastillayleon.es\/index\/wp-json\/wp\/v2\/types\/post"}],"author":[{"embeddable":true,"href":"https:\/\/destinocastillayleon.es\/index\/wp-json\/wp\/v2\/users\/6"}],"replies":[{"embeddable":true,"href":"https:\/\/destinocastillayleon.es\/index\/wp-json\/wp\/v2\/comments?post=8260"}],"version-history":[{"count":8,"href":"https:\/\/destinocastillayleon.es\/index\/wp-json\/wp\/v2\/posts\/8260\/revisions"}],"predecessor-version":[{"id":16618,"href":"https:\/\/destinocastillayleon.es\/index\/wp-json\/wp\/v2\/posts\/8260\/revisions\/16618"}],"wp:featuredmedia":[{"embeddable":true,"href":"https:\/\/destinocastillayleon.es\/index\/wp-json\/wp\/v2\/media\/8262"}],"wp:attachment":[{"href":"https:\/\/destinocastillayleon.es\/index\/wp-json\/wp\/v2\/media?parent=8260"}],"wp:term":[{"taxonomy":"category","embeddable":true,"href":"https:\/\/destinocastillayleon.es\/index\/wp-json\/wp\/v2\/categories?post=8260"},{"taxonomy":"post_tag","embeddable":true,"href":"https:\/\/destinocastillayleon.es\/index\/wp-json\/wp\/v2\/tags?post=8260"}],"curies":[{"name":"wp","href":"https:\/\/api.w.org\/{rel}","templated":true}]}}