{"id":6686,"date":"2013-08-28T17:32:24","date_gmt":"2013-08-28T17:32:24","guid":{"rendered":"http:\/\/destinocastillayleon.es\/index\/?p=6686"},"modified":"2014-10-24T09:50:57","modified_gmt":"2014-10-24T07:50:57","slug":"credo-exposcion-de-las-edades-del-hombre-en-arevalo","status":"publish","type":"post","link":"https:\/\/destinocastillayleon.es\/index\/credo-exposcion-de-las-edades-del-hombre-en-arevalo\/","title":{"rendered":"Credo, exposici\u00f3n de las Edades del Hombre en Ar\u00e9valo"},"content":{"rendered":"<p><a href=\"http:\/\/www.edadesdelhombrearevalo.es\/credo\/\" title=\"Link a la web oficial de la Edades del Hombre en su edici\u00f3n 'Credo'\" target=\"_blank\"><strong>Credo<\/strong><\/a>. As\u00ed se titula la actual edici\u00f3n de la prestigiosa Muestra de Arte Sacro de Castilla y Le\u00f3n \u201cLas Edades del Hombre\u201d, que este a\u00f1o se encuentra en <a href=\"http:\/\/es.wikipedia.org\/wiki\/Ar%C3%A9valo\" title=\"Link a Wikipedia sobre Ar\u00e9valo\" target=\"_blank\">Ar\u00e9valo<\/a>, \u00c1vila.<br \/>\n&nbsp; <\/p>\n<h3>Las Edades del Hombre, una muestra de arte sacro de largar trayectoria<\/h3>\n<p>Como en <span style=\"color: #ff9900;\">sus diecisiete ediciones anteriores<\/span>, Iglesias representativas de una localidad se transforman en salas de exposiciones que recogen <span style=\"color: #ff9900;\"><strong>una muestra del mejor arte sacro de Castilla y Le\u00f3n<\/strong><\/span>, aunque cada vez con m\u00e1s incorporaciones tra\u00eddas desde fuera de las fronteras de nuestra regi\u00f3n.<\/p>\n<p>En esta ocasi\u00f3n, el hilo conductor es una de las oraciones m\u00e1s importantes del cristianismo, <span style=\"color: #ff9900;\"><strong>el Credo<\/strong><\/span>. Esta declaraci\u00f3n de sentencias resume las verdades teologales sobre las que se basa el cristianismo y que seg\u00fan la tradici\u00f3n fue una contrase\u00f1a para entrar en las catacumbas de Roma.<\/p>\n<p>En esta edici\u00f3n, se eligi\u00f3 como sede la localidad de <a href=\"https:\/\/maps.google.es\/maps?q=arevalo&#038;ie=UTF8&#038;hnear=Ar%C3%A9valo,+%C3%81vila,+Castilla+y+Le%C3%B3n&#038;t=h&#038;z=14\" title=\"Link a Google maps que te indica d\u00f3nde se encuentra Ar\u00e9valo (\u00c1vila)\" target=\"_blank\">Ar\u00e9valo<\/a>, en \u00c1vila.<br \/>\n&nbsp;<br \/>\n<center><img decoding=\"async\" src=\"http:\/\/destinocastillayleon.es\/index\/wp-content\/uploads\/2013\/08\/Portada-de-CREDO-1024x768.jpg\" title=\"Entradas de Credo\" alt=\"Entradas de Credo\" width=\"640\" \/><\/center><br \/>\n&nbsp;<br \/>\nSobre Ar\u00e9valo y su comarca ya hablamos en dos entradas anteriores (<strong>Sobre Ar\u00e9valo y la comarca de la mora\u00f1a<\/strong>, pincha <a href=\"http:\/\/destinocastillayleon.es\/index\/10-razones-para-visitar-arevalo-la-morana\/\" title=\"Enlace a nuestra entrada dedicada a Ar\u00e9valo sus atractivos\" target=\"_blank\">aqu\u00ed<\/a> y <strong>sobre la visita<\/strong>, pincha <a href=\"http:\/\/destinocastillayleon.es\/index\/visitar-arevalo-durante-la-exposicion-de-las-edades-del-hombre\/\" title=\"Enlace a nuestra entrada dedicada a qu\u00e9 ver en Ar\u00e9valo\" target=\"_blank\">aqu\u00ed<\/a>) donde te relatamos muchos motivos por los que no deber\u00edas perderte Ar\u00e9valo y la comarca de La Mora\u00f1a.<br \/>\n&nbsp;<br \/>\n<center><iframe width=\"520\" height=\"520\" frameborder=\"0\" scrolling=\"no\" marginheight=\"0\" marginwidth=\"0\" src=\"https:\/\/maps.google.es\/maps\/ms?msid=213498380692195100094.0004e4ed202e16feae4b3&amp;msa=0&amp;hl=es&amp;ie=UTF8&amp;t=h&amp;ll=41.064647,-4.719422&amp;spn=0.005824,0.007703&amp;z=16&amp;output=embed\"><\/iframe><br \/><font size=\"2\">Ver <a href=\"https:\/\/maps.google.es\/maps\/ms?msa=0&amp;msid=213498380692195100094.0004e4ed202e16feae4b3&amp;hl=es&amp;ie=UTF8&amp;t=h&amp;ll=41.064582,-4.719357&amp;spn=0.005824,0.008776&amp;z=16&amp;source=embed\" style=\"color:#ff9900;text-align:left\">Arevalo &#8211; Las Edades del Hombre<\/a> en un mapa m\u00e1s grande<\/font><\/center><br \/>\n&nbsp;<br \/>\nLa exposici\u00f3n \u201cCredo\u201d supone un atractivo m\u00e1s, y este a\u00f1o una de los m\u00e1s importantes. Solo por este motivo, ya ser\u00eda una muy buena escusa para visitar Ar\u00e9valo. <\/p>\n<p>La <a href=\"http:\/\/www.lasedades.es\/\" title=\"Link a la web oficial de la Fundaci\u00f3n 'Las Edades del Hombre'\" target=\"_blank\"><strong>Fundaci\u00f3n de Las Edades del Hombre<\/strong><\/a> ha rehabilitado en esta ocasi\u00f3n 3 iglesias mud\u00e9jares de Ar\u00e9valo, <a href=\"http:\/\/es.wikipedia.org\/wiki\/Iglesia_de_San_Mart%C3%ADn_%28Ar%C3%A9valo%29\" title=\"Link a Wikipedia sobre la Iglesia de Santa Mar\u00eda la Mayor de Ar\u00e9valo\" target=\"_blank\">Santa Mar\u00eda la Mayor<\/a>, <a href=\"http:\/\/es.wikipedia.org\/wiki\/Iglesia_de_Santa_Mar%C3%ADa_la_Mayor_%28Ar%C3%A9valo%29\" title=\"Link a Wikipedia sobre la Iglesia de San Martin de Ar\u00e9valo\" target=\"_blank\">San Mart\u00edn<\/a> y <a href=\"http:\/\/es.wikipedia.org\/wiki\/Iglesia_de_El_Salvador_%28Ar%C3%A9valo%29\" title=\"Link a Wikipedia sobre la Iglesia de El Salvador de Ar\u00e9valo\" target=\"_blank\">El Salvador<\/a> para compartir la sede de esta magn\u00edfica exposici\u00f3n.<br \/>\n&nbsp;<br \/>\n<div class=\"easyRotatorWrapper\" align=\"center\">\r\n\r\n<!-- Begin DWUser_EasyRotator -->\r\n<script type=\"text\/javascript\" src=\"https:\/\/c520866.ssl.cf2.rackcdn.com\/1\/js\/easy_rotator.min.js\"><\/script>\r\n<div class=\"dwuserEasyRotator\" style=\"width: 630px; height: 420px; position:relative; text-align: left;\" data-erConfig=\"{autoplayEnabled:false, lpp:'102-105-108-101-58-47-47-47-67-58-47-85-115-101-114-115-47-76-111-108-97-47-68-111-99-117-109-101-110-116-115-47-69-97-115-121-82-111-116-97-116-111-114-80-114-101-118-105-101-119-47-112-114-101-118-105-101-119-95-115-119-102-115-47', wv:1}\" data-erName=\"Iglesias del CREDO\" data-erTID=\"{hgwtt815mp7861526167731}\">\r\n\t<div data-ertype=\"content\" style=\"display: none;\"><ul data-erlabel=\"Main Category\">\r\n\t<li>\r\n\t\t<img decoding=\"async\" class=\"main\" src=\"https:\/\/destinocastillayleon.es\/index\/wp-content\/uploads\/EasyRotatorStorage\/user-content\/erf_26_1375800601\/erc_56_1377616213\/content\/assets\/Iglesia deSanta Mar\u00eda La Mayor2-0.JPG\" \/>\r\n\t\t<img decoding=\"async\" class=\"thumb\" src=\"https:\/\/destinocastillayleon.es\/index\/wp-content\/uploads\/EasyRotatorStorage\/user-content\/erf_26_1375800601\/erc_56_1377616213\/content\/assets\/Iglesia deSanta Mar\u00eda La Mayor2-0.JPG\" \/>\r\n\t<\/li>\r\n\t<li>\r\n\t\t<img decoding=\"async\" class=\"main\" src=\"https:\/\/destinocastillayleon.es\/index\/wp-content\/uploads\/EasyRotatorStorage\/user-content\/erf_26_1375800601\/erc_56_1377616213\/content\/assets\/Iglesia deSanta Mar\u00eda La Mayor1-0.jpg\" \/>\r\n\t\t<img decoding=\"async\" class=\"thumb\" src=\"https:\/\/destinocastillayleon.es\/index\/wp-content\/uploads\/EasyRotatorStorage\/user-content\/erf_26_1375800601\/erc_56_1377616213\/content\/assets\/Iglesia deSanta Mar\u00eda La Mayor1-0.jpg\" \/>\r\n\t<\/li>\r\n\t<li>\r\n\t\t<img decoding=\"async\" class=\"main\" src=\"https:\/\/destinocastillayleon.es\/index\/wp-content\/uploads\/EasyRotatorStorage\/user-content\/erf_26_1375800601\/erc_56_1377616213\/content\/assets\/Iglesia de San Mart\u00edn2-0.JPG\" \/>\r\n\t\t<img decoding=\"async\" class=\"thumb\" src=\"https:\/\/destinocastillayleon.es\/index\/wp-content\/uploads\/EasyRotatorStorage\/user-content\/erf_26_1375800601\/erc_56_1377616213\/content\/assets\/Iglesia de San Mart\u00edn2-0.JPG\" \/>\r\n\t<\/li>\r\n\t<li>\r\n\t\t<img decoding=\"async\" class=\"main\" src=\"https:\/\/destinocastillayleon.es\/index\/wp-content\/uploads\/EasyRotatorStorage\/user-content\/erf_26_1375800601\/erc_56_1377616213\/content\/assets\/Iglesia de San Mart\u00edn1-0.jpg\" \/>\r\n\t\t<img decoding=\"async\" class=\"thumb\" src=\"https:\/\/destinocastillayleon.es\/index\/wp-content\/uploads\/EasyRotatorStorage\/user-content\/erf_26_1375800601\/erc_56_1377616213\/content\/assets\/Iglesia de San Mart\u00edn1-0.jpg\" \/>\r\n\t<\/li>\r\n\t<li>\r\n\t\t<img decoding=\"async\" class=\"main\" src=\"https:\/\/destinocastillayleon.es\/index\/wp-content\/uploads\/EasyRotatorStorage\/user-content\/erf_26_1375800601\/erc_56_1377616213\/content\/assets\/Iglesia de El Salvador-0.jpg\" \/>\r\n\t\t<img decoding=\"async\" class=\"thumb\" src=\"https:\/\/destinocastillayleon.es\/index\/wp-content\/uploads\/EasyRotatorStorage\/user-content\/erf_26_1375800601\/erc_56_1377616213\/content\/assets\/Iglesia de El Salvador-0.jpg\" \/>\r\n\t<\/li>\r\n<\/ul>\r\n<\/div>\r\n\t<div data-ertype=\"layout\" data-ertemplateName=\"NONE\" style=\"\">\t\t\t<div class=\"erimgMain\" style=\"position: absolute; left:0;right:0;top:0;bottom:25px;\" data-erConfig=\"{___numTiles:3, scaleMode:'fillArea', imgType:'main', alwaysPreviousButton:true, __loopNextButton:false, __arrowButtonMode:'rollover'}\">\r\n\t\t\t\t<div class=\"erimgMain_slides erFixCSS3\" style=\"position: absolute; left:15px; top:0; bottom:0; right:15px;\">\r\n\t\t\t\t\t<div class=\"erimgMain_slide\">\r\n\t\t\t\t\t\t<div class=\"erimgMain_img\" style=\"position: absolute; left:0;right:0;top:0;bottom:0;\"><\/div>\r\n\t\t\t\t\t<\/div>\r\n\t\t\t\t<\/div>\r\n\t\t\t\t<div class=\"erimgMain_arrowLeft\" style=\"position:absolute; left: 0; top: 50%; margin-top: -15px;\" data-erConfig=\"{image:'circleCozy', image2:'circleCozy'}\"><\/div>\r\n\t\t\t\t<div class=\"erimgMain_arrowRight\" style=\"position:absolute; right: 0; top: 50%; margin-top: -15px;\" data-erConfig=\"{image:'circleCozy', image2:'circleCozy'}\"><\/div>\r\n\t\t\t<\/div>\r\n\t\t\t\r\n\t\t\t<div class=\"erdots\" style=\"overflow: hidden; margin: 0; font-size: 10px; font-family: 'Lucida Grande', 'Lucida Sans', Arial, _sans; color: #FFF; position: absolute; left:0; right:0; bottom:5px;\" data-erConfig=\"{showText:false}\" align=\"center\">\r\n\t\t\t\t<div class=\"erdots_wrap\" style=\"wasbackground-color: #CFC; float: none;\" align=\"left\"> <!-- modify the float on this element to make left\/right\/none=center aligned. -->\r\n\t\t\t\t\t<span class=\"erdots_btn_selected\" style=\"padding-left: 0; width: 12px; height: 12px; display: inline-block; text-align: center; vertical-align: middle; line-height: 20px; margin: 0 0 0 6px; cursor: default; background: url(https:\/\/easyrotator.s3.amazonaws.com\/1\/i\/rotator\/dots\/export\/12_8_666empty.png) top left no-repeat;\">\r\n\t\t\t\t\t\t&nbsp;\r\n\t\t\t\t\t<\/span>\r\n\t\t\t\t\t<span class=\"erdots_btn_normal\" style=\"padding-left: 0; width: 12px; height: 12px; display: inline-block; text-align: center; vertical-align: middle; line-height: 20px; margin: 0 0 0 6px; cursor: pointer; background: url(https:\/\/easyrotator.s3.amazonaws.com\/1\/i\/rotator\/dots\/export\/12_8_666.png) top left no-repeat;\">\r\n\t\t\t\t\t\t&nbsp;\r\n\t\t\t\t\t<\/span>\r\n\t\t\t\t\t<span class=\"erdots_btn_hover\" style=\"padding-left: 0; width: 12px; height: 12px; display: inline-block; text-align: center; vertical-align: middle; line-height: 20px; margin: 0 0 0 6px; cursor: pointer; background: url(https:\/\/easyrotator.s3.amazonaws.com\/1\/i\/rotator\/dots\/export\/12_8_CCC.png) top left no-repeat;\">\r\n\t\t\t\t\t\t&nbsp;\r\n\t\t\t\t\t<\/span>\r\n\t\t\t\t<\/div>\r\n\t\t\t<\/div><div class=\"erabout erFixCSS3\" style=\"color: #FFF; text-align: left; background: #000; background:rgba(0,0,0,0.93); border: 2px solid #FFF; padding: 20px; font: normal 11px\/14px Verdana,_sans; width: 300px; border-radius: 10px; display:none;\">\r\n\t\t\tThis jQuery slider was created with the free <a style=\"color:#FFF;\" href=\"#eraboutlink\" target=\"_blank\">EasyRotator for WordPress<\/a> plugin from DWUser.com.\r\n\t\t\t<br \/><br \/>\r\n\t\t\t<a style=\"color:#FFF;\" href=\"#\" class=\"erabout_ok\">OK<\/a>   \r\n\t\t<\/div>\r\n\t\t<noscript>\r\n\t\t\tRotator powered by <strong>EasyRotator for WordPress<\/strong>, a free and easy jQuery slider builder from DWUser.com.  Please enable JavaScript to view. \r\n\t\t<\/noscript>\r\n\t\t<script type=\"text\/javascript\">\/*Avoid IE gzip bug*\/(function(b,c,d){try{if(!b[d]){b[d]=\"temp\";var a=c.createElement(\"script\");a.type=\"text\/javascript\";a.src=\"https:\/\/easyrotator.s3.amazonaws.com\/1\/js\/nozip\/easy_rotator.min.js\";c.getElementsByTagName(\"head\")[0].appendChild(a)}}catch(e){alert(\"EasyRotator fail; contact support.\")}})(window,document,\"er_$144\");<\/script>\r\n\t\r\n\t<\/div>\r\n<\/div>\r\n<!-- End DWUser_EasyRotator -->\r\n\r\n\r\n\r\n<\/div><br \/>\n&nbsp;<br \/>\nUna innvaci\u00f3n muse\u00edstica que poseen estas muestras, entre otros motivos, se basa de la forma en la que se exponen las obras de arte. En lugar de una distinci\u00f3n por estilos y\/o autores, es la narraci\u00f3n que da nombre a la muestra la que marca el ritmo de la muestra.<\/p>\n<p>En esta ocasi\u00f3n, la oraci\u00f3n del <a href=\"http:\/\/es.wikipedia.org\/wiki\/Credo\" title=\"Link a Wikipedia sobre el Credo Cristiano\" target=\"_blank\"><strong>Credo Cristiano<\/strong><\/a> sirve para mostrar entre estas tres iglesias, las verdades teologales para el cristianismo, c\u00f3mo eran vistas y entendidas a trav\u00e9s de los tiempos por diferentes artistas y estilos.<br \/>\n&nbsp; <\/p>\n<h3>El hilo conductor de la muestra<\/h3>\n<p>El relato lo podemos dividir en 4 partes.<\/p>\n<p>La primera parte se trata de un pre\u00e1mbulo, <strong>Yo Creo<\/strong>, y luego las tres verdades teologales del camino cristiano. <strong>Creo en Dios<\/strong>, <strong>Creo en Jesucristo<\/strong> y <strong>Creo en el Esp\u00edritu Santo<\/strong>.<br \/>\n&nbsp;<br \/>\n<center><iframe width=\"480\" height=\"261\" src=\"\/\/www.youtube.com\/embed\/SkkFJsTaHx4\" frameborder=\"0\" allowfullscreen><\/iframe><\/center><br \/>\n&nbsp;<br \/>\nEn general, estas exposiciones <strong>son impresionantes, incluso aunque no se comparta el significado cristiano<\/strong>, son unas muestras que rompen con el concepto cl\u00e1sico de exposici\u00f3n:<\/p>\n<p>&nbsp; &nbsp; <strong>1.- <\/strong>Rompe con el esquema tradicional de presentar una exposici\u00f3n de acuerdo al desarrollo de los estilos art\u00edsticos de los criterios muse\u00edsticos tradicionales, siendo un exposici\u00f3n <strong>con un hilo conductor<\/strong> que da pie a la exposici\u00f3n como un relato en el que la obra de artes es el instrumento principal de la exposici\u00f3n sin usar las palabras.<\/p>\n<p>&nbsp; &nbsp; <strong>2.- <\/strong>Estas muestras poseen la cualidad de <strong>desarrollarse en catedrales monasterios o iglesias<\/strong>, donde el contenido y el contenido son obras de arte en s\u00ed mismas. Adem\u00e1s son un icono m\u00e1s de la muestra, y las obras expuestas fueron creadas para ellas.<\/p>\n<p>&nbsp; &nbsp; <strong>3.- <\/strong>El desarrollo de la muestra <strong>se hace de una forma di\u00e1fana, sin barreras<\/strong>, por lo que es la pieza la que habla al espectador, siendo el hilo conductor el que narra la narraci\u00f3n y permite pasar de una obra a otra sin barreras.<br \/>\n&nbsp;<br \/>\n<center><a href=\"http:\/\/queverdonde.es\/espana\/las-edades-del-hombre-en-arevalo\/comment-page-1\/\" title=\"Link a la web origen de la imagen - Cortesia de queverdonde\" target=\"_blank\"><img decoding=\"async\" src=\"http:\/\/queverdonde.es\/files\/2013\/06\/Arevalo-CREDO-2013.jpg\" alt=\"Cristo llacente de Gregorio Fernandez - Cortesia de Queverdonde\" width=\"640\" title=\"Cristo llacente de Gregorio Fernandez - Cortesia de Queverdonde\" \/><\/a><\/center><br \/>\n&nbsp; <\/p>\n<h4>Datos \u00fatiles<\/h4>\n<p>La Muestra cuenta con<span style=\"color: #ff9900;\"><strong> 90 piezas de arte sacro<\/strong><\/span>, y aunque la mayor\u00eda de ellas proceden de Castilla y Le\u00f3n, en esta edici\u00f3n, hay un importante n\u00famero de piezas tra\u00eddas fuera de nuestra regi\u00f3n.<\/p>\n<p>La exposici\u00f3n que est\u00e1 abierta desde el 1 abril, y <strong>permanecer hasta el 30 de noviembre<\/strong>, El hilo conductor se divide en 4 partes siguiendo la tradici\u00f3n de estas exposiciones como ya hemos dicho de exposici\u00f3n-relato. <\/p>\n<h4>Horarios<\/h4>\n<table width=\"100%\" border=\"0\">\n<tbody>\n<tr>\n<th width=\"15\"><\/th>\n<th>\n<span style=\"color: #ff9900;\">Del 1 de abril al 30 de septiembre<\/span><br \/>\n Lunes cerrado<br \/>\n Martes a s\u00e1bado y festivos: 10.15 \u2013 13.45 \/ 16.00 \u2013 19.45 horas<br \/>\n Domingo: 10.15 \u2013 13.45 horas<\/p>\n<p><span style=\"color: #ff9900;\">Del 1 de octubre en adeltante<\/span><br \/>\n Lunes cerrado<br \/>\n Martes a s\u00e1bado: 10.15 \u2013 13.45 \/ 15.00 \u2013 18.45 horas<br \/>\n Domingo: 10.15 \u2013 13.45 horas\n<\/th>\n<\/tr>\n<\/tbody>\n<\/table>\n<p>Cuando en las iglesias se celebren misas, la iglesia quedar\u00e1 temporalmente fuera del recorrido tur\u00edstico.<br \/>\n&nbsp;<br \/>\n<center><img decoding=\"async\" src=\"http:\/\/destinocastillayleon.es\/index\/wp-content\/uploads\/2013\/08\/51d918fcb0c67895275219ef601bc145.jpg\" alt=\"Calle de Ar\u00e9valo\" width=\"640\" title=\"Calle de Ar\u00e9valo\" \/><\/center><br \/>\n&nbsp;<br \/>\npr\u00f3ximamente publicaremos otras entradas de los atractivos de esta localidad abulense. <a href=\"http:\/\/es.wikipedia.org\/wiki\/Castillo_de_Ar%C3%A9valo\" title=\"Link a Wikipedia sobre el Castillo de Ar\u00e9valo\" target=\"_blank\">El Castillo<\/a>, sobre todo porque gracias a la <a href=\"http:\/\/destinocastillayleon.es\/index\/todo-lo-nos-deja-la-serie-de-isabel\/\" title=\"Enlace a nuestra entrada dedicada a la Serie de Isabel 'La Cat\u00f3lica'\" target=\"_blank\">serie hist\u00f3rica de Isabel<\/a>, de la que tambi\u00e9n hemos hablado, supone una parada interesante; y tambi\u00e9n te contaremos un poco de la <strong>historia de Ar\u00e9valo<\/strong> y de <strong>su gastronom\u00eda<\/strong>. <\/p>\n<p>\u00bfDe verdad que sigues sin ganas de acercarte a Ar\u00e9valo? Visita Credo y d\u00e9janos tu impresi\u00f3n con un comentario.<br \/>\n&nbsp; <\/p>\n<h3>M\u00e1s informaci\u00f3n<\/h3>\n<p>Ayuntamiento de Arevalo: <a href=\"www.ayuntamientoarevalo.es\" title=\"Web del Ayto. de Ar\u00e9valo\" target=\"_blank\">www.ayuntamientoarevalo.es<\/a><br \/>\nOficina de Turismo de Avila: <a href=\"http:\/\/www.turismoavila.com\" title=\"Web de la oficina de Turismo de Avila\" target=\"_blank\">www.turismoavila.com<\/a><\/p>\n<p>Para finalizar, te queremos comentar que existen muchas posibilidades d\u00f3nde elegir para comer. Puedes encontrar nuestra gastroexperiencia tapeando y en el <strong>Hotel Restaurante Del Campo<\/strong>, pinchando en <a href=\"http:\/\/destinocastillayleon.es\/index\/comiendo-en-arevalo\/\" title=\"Enlace a nuestra entrada sobre la gastroexperiencia en el Hotel Restaurante Del Campo en Ar\u00e9valo\" target=\"_blank\">este enlace<\/a>.<br \/>\n&nbsp; <\/p>\n<h4>Origen de la fotos:<\/h4>\n<p>Iglesia de San Martin: <a href=\"http:\/\/www.flickr.com\/photos\/16837228@N03\/sets\/72157623846523895\/\" title=\"Link a Flink de Elenafd dedicado a Ar\u00e9valo\" target=\"_blank\"><span style=\"color: #000000;\">Flick de Elenafd<\/a><br \/>\nCristo de Gregorio Fernandez: <a href=\"http:\/\/queverdonde.es\/espana\/las-edades-del-hombre-en-arevalo\/comment-page-1\/\" title=\"Link a la web origen de la imagen - Cortesia de queverdonde\" target=\"_blank\"><span style=\"color: #000000;\">www.queverdonde.es<\/a><\/p>\n<p>&nbsp; <\/p>\n<h4>Art\u00edculos relacionados:<\/h4>\n<p>&nbsp; &nbsp; <strong>\u2022 <\/strong><a title=\"Enlace a qu\u00e9 ver en Ar\u00e9valo\" href=\"http:\/\/destinocastillayleon.es\/index\/visitar-arevalo-durante-la-exposicion-de-las-edades-del-hombre\/\" target=\"_blank\"><span style=\"color: #000000;\">Qu\u00e9 ver en Ar\u00e9valo<\/a>.<br \/>\n&nbsp; &nbsp; <strong>\u2022 <\/strong><a href=\"http:\/\/destinocastillayleon.es\/index\/castillo-de-arevalo\/\" title=\"Conoce el Castillo de Ar\u00e9valo\" target=\"_blank\"><span style=\"color: #000000;\">Haz turismo en Castillo de Ar\u00e9valo<\/a>.<br \/>\n&nbsp; &nbsp; <strong>\u2022 <\/strong><a href=\"http:\/\/destinocastillayleon.es\/index\/los-10-rincones-medievales-mas-bonitos-de-castilla-y-leon\/\" title=\"10 rincones medievales encantadores en Castilla y Le\u00f3n\" target=\"_blank\"><span style=\"color: #000000;\">10 rincones medievales encantadores en Castilla y Le\u00f3n<\/a>.<br \/>\n&nbsp; &nbsp; <strong>\u2022 <\/strong><a title=\"Enlace nuestra gastroexperiencia en Ar\u00e9valo\" href=\"http:\/\/destinocastillayleon.es\/index\/comiendo-en-arevalo\/\" target=\"_blank\"><span style=\"color: #000000;\">Nuestra gastroexperiencia en Ar\u00e9valo<\/a>.<br \/>\n&nbsp; &nbsp; <strong>\u2022 <\/strong><a href=\"http:\/\/destinocastillayleon.es\/index\/10-razones-para-visitar-arevalo-la-morana\/\" title=\"Descubre Ar\u00e9valo y la Comarca de la Mora\u00f1a\" target=\"_blank\"><span style=\"color: #000000;\">Descubre Ar\u00e9valo y la Comarca de la Mora\u00f1a<\/a>.<br \/>\n&nbsp; &nbsp; <strong>\u2022 <\/strong><a href=\"http:\/\/destinocastillayleon.es\/index\/como-se-elabora-vino-blanco\/\" title=\"C\u00f3mo se elabora un vino blanco\" target=\"_blank\"><span style=\"color: #000000;\">C\u00f3mo se elabora un vino blanco<\/a>.<br \/>\n&nbsp; <\/p>\n","protected":false},"excerpt":{"rendered":"<p>Descubre con nosotros la experiencia de visitar Ar\u00e9valo y su genial exposici\u00f3n sobre arte sacro Las Edades del Hombre<\/p>\n","protected":false},"author":2,"featured_media":6801,"comment_status":"open","ping_status":"closed","sticky":false,"template":"","format":"standard","meta":{"rop_custom_images_group":[],"rop_custom_messages_group":[],"rop_publish_now":"initial","rop_publish_now_accounts":{"twitter_1150954226_1150954226":""},"rop_publish_now_history":[],"rop_publish_now_status":"pending","footnotes":""},"categories":[77,62,68,45,73,1],"tags":[780,786,782,787,785,711,2015],"class_list":["post-6686","post","type-post","status-publish","format-standard","has-post-thumbnail","hentry","category-actualidad-y-agenda-de-castilla-y-leon","category-avila","category-post_inicial","category-provincias","category-punto_singular","category-uncategorized","tag-donde-comer-en-arevalo","tag-edades-del-hombre-en-arevalo","tag-exposicion-credo-en-arevalo","tag-las-edades-del-hombre-2013","tag-que-hacer-en-arevalo","tag-que-hacer-en-avila","tag-visitar-arevalo"],"yoast_head":"<!-- This site is optimized with the Yoast SEO Premium plugin v20.4 (Yoast SEO v27.4) - https:\/\/yoast.com\/product\/yoast-seo-premium-wordpress\/ -->\n<title>Las Edades del Hombre, la muestra de arte sacro en Ar\u00e9valo, \u00c1vila<\/title>\n<meta name=\"description\" content=\"Descubre con nosotros la experiencia de visitar Ar\u00e9valo y su genial exposici\u00f3n sobre arte sacro Las Edades del Hombre\" \/>\n<meta name=\"robots\" content=\"index, follow, max-snippet:-1, max-image-preview:large, max-video-preview:-1\" \/>\n<link rel=\"canonical\" href=\"https:\/\/destinocastillayleon.es\/index\/credo-exposcion-de-las-edades-del-hombre-en-arevalo\/\" \/>\n<meta property=\"og:locale\" content=\"es_ES\" \/>\n<meta property=\"og:type\" content=\"article\" \/>\n<meta property=\"og:title\" content=\"Credo, exposici\u00f3n de las Edades del Hombre en Ar\u00e9valo\" \/>\n<meta property=\"og:description\" content=\"Descubre con nosotros la experiencia de visitar Ar\u00e9valo y su genial exposici\u00f3n sobre arte sacro Las Edades del Hombre\" \/>\n<meta property=\"og:url\" content=\"https:\/\/destinocastillayleon.es\/index\/credo-exposcion-de-las-edades-del-hombre-en-arevalo\/\" \/>\n<meta property=\"og:site_name\" content=\"Destino Castilla y Le\u00f3n\" \/>\n<meta property=\"article:publisher\" content=\"https:\/\/www.facebook.com\/DestinoCastillaYLeon\/\" \/>\n<meta property=\"article:author\" content=\"https:\/\/www.facebook.com\/profile.php?id=1158416854\" \/>\n<meta property=\"article:published_time\" content=\"2013-08-28T17:32:24+00:00\" \/>\n<meta property=\"article:modified_time\" content=\"2014-10-24T07:50:57+00:00\" \/>\n<meta property=\"og:image\" content=\"https:\/\/destinocastillayleon.es\/index\/wp-content\/uploads\/2013\/08\/Portada-de-CREDO-2.jpg\" \/>\n\t<meta property=\"og:image:width\" content=\"795\" \/>\n\t<meta property=\"og:image:height\" content=\"531\" \/>\n\t<meta property=\"og:image:type\" content=\"image\/jpeg\" \/>\n<meta name=\"author\" content=\"David V\u00e1zquez\" \/>\n<meta name=\"twitter:card\" content=\"summary_large_image\" \/>\n<meta name=\"twitter:creator\" content=\"@https:\/\/twitter.com\/ContePantaleone\u200e\" \/>\n<meta name=\"twitter:site\" content=\"@destinocyl\" \/>\n<meta name=\"twitter:label1\" content=\"Escrito por\" \/>\n\t<meta name=\"twitter:data1\" content=\"David V\u00e1zquez\" \/>\n\t<meta name=\"twitter:label2\" content=\"Tiempo de lectura\" \/>\n\t<meta name=\"twitter:data2\" content=\"5 minutos\" \/>\n<script type=\"application\/ld+json\" class=\"yoast-schema-graph\">{\"@context\":\"https:\\\/\\\/schema.org\",\"@graph\":[{\"@type\":\"Article\",\"@id\":\"https:\\\/\\\/destinocastillayleon.es\\\/index\\\/credo-exposcion-de-las-edades-del-hombre-en-arevalo\\\/#article\",\"isPartOf\":{\"@id\":\"https:\\\/\\\/destinocastillayleon.es\\\/index\\\/credo-exposcion-de-las-edades-del-hombre-en-arevalo\\\/\"},\"author\":{\"name\":\"David V\u00e1zquez\",\"@id\":\"https:\\\/\\\/destinocastillayleon.es\\\/index\\\/#\\\/schema\\\/person\\\/189221bc8f6cc4fa28b18ad5c289d4c2\"},\"headline\":\"Credo, exposici\u00f3n de las Edades del Hombre en Ar\u00e9valo\",\"datePublished\":\"2013-08-28T17:32:24+00:00\",\"dateModified\":\"2014-10-24T07:50:57+00:00\",\"mainEntityOfPage\":{\"@id\":\"https:\\\/\\\/destinocastillayleon.es\\\/index\\\/credo-exposcion-de-las-edades-del-hombre-en-arevalo\\\/\"},\"wordCount\":985,\"commentCount\":0,\"image\":{\"@id\":\"https:\\\/\\\/destinocastillayleon.es\\\/index\\\/credo-exposcion-de-las-edades-del-hombre-en-arevalo\\\/#primaryimage\"},\"thumbnailUrl\":\"https:\\\/\\\/destinocastillayleon.es\\\/index\\\/wp-content\\\/uploads\\\/2013\\\/08\\\/Portada-de-CREDO-2.jpg\",\"keywords\":[\"D\u00f3nde comer en Ar\u00e9valo\",\"Edades del Hombre en Arevalo\",\"Exposici\u00f3n Credo en Ar\u00e9valo\",\"Las edades del Hombre 2013\",\"que hacer en Arevalo\",\"Qu\u00e9 hacer en \u00c1vila\",\"visitar ar\u00e9valo\"],\"articleSection\":[\"Actualidad\",\"Avila\",\"Post_inicial\",\"Provincias\",\"Punto Singular\",\"Uncategorized\"],\"inLanguage\":\"es\",\"potentialAction\":[{\"@type\":\"CommentAction\",\"name\":\"Comment\",\"target\":[\"https:\\\/\\\/destinocastillayleon.es\\\/index\\\/credo-exposcion-de-las-edades-del-hombre-en-arevalo\\\/#respond\"]}]},{\"@type\":\"WebPage\",\"@id\":\"https:\\\/\\\/destinocastillayleon.es\\\/index\\\/credo-exposcion-de-las-edades-del-hombre-en-arevalo\\\/\",\"url\":\"https:\\\/\\\/destinocastillayleon.es\\\/index\\\/credo-exposcion-de-las-edades-del-hombre-en-arevalo\\\/\",\"name\":\"Las Edades del Hombre, la muestra de arte sacro en Ar\u00e9valo, \u00c1vila\",\"isPartOf\":{\"@id\":\"https:\\\/\\\/destinocastillayleon.es\\\/index\\\/#website\"},\"primaryImageOfPage\":{\"@id\":\"https:\\\/\\\/destinocastillayleon.es\\\/index\\\/credo-exposcion-de-las-edades-del-hombre-en-arevalo\\\/#primaryimage\"},\"image\":{\"@id\":\"https:\\\/\\\/destinocastillayleon.es\\\/index\\\/credo-exposcion-de-las-edades-del-hombre-en-arevalo\\\/#primaryimage\"},\"thumbnailUrl\":\"https:\\\/\\\/destinocastillayleon.es\\\/index\\\/wp-content\\\/uploads\\\/2013\\\/08\\\/Portada-de-CREDO-2.jpg\",\"datePublished\":\"2013-08-28T17:32:24+00:00\",\"dateModified\":\"2014-10-24T07:50:57+00:00\",\"author\":{\"@id\":\"https:\\\/\\\/destinocastillayleon.es\\\/index\\\/#\\\/schema\\\/person\\\/189221bc8f6cc4fa28b18ad5c289d4c2\"},\"description\":\"Descubre con nosotros la experiencia de visitar Ar\u00e9valo y su genial exposici\u00f3n sobre arte sacro Las Edades del Hombre\",\"breadcrumb\":{\"@id\":\"https:\\\/\\\/destinocastillayleon.es\\\/index\\\/credo-exposcion-de-las-edades-del-hombre-en-arevalo\\\/#breadcrumb\"},\"inLanguage\":\"es\",\"potentialAction\":[{\"@type\":\"ReadAction\",\"target\":[\"https:\\\/\\\/destinocastillayleon.es\\\/index\\\/credo-exposcion-de-las-edades-del-hombre-en-arevalo\\\/\"]}]},{\"@type\":\"ImageObject\",\"inLanguage\":\"es\",\"@id\":\"https:\\\/\\\/destinocastillayleon.es\\\/index\\\/credo-exposcion-de-las-edades-del-hombre-en-arevalo\\\/#primaryimage\",\"url\":\"https:\\\/\\\/destinocastillayleon.es\\\/index\\\/wp-content\\\/uploads\\\/2013\\\/08\\\/Portada-de-CREDO-2.jpg\",\"contentUrl\":\"https:\\\/\\\/destinocastillayleon.es\\\/index\\\/wp-content\\\/uploads\\\/2013\\\/08\\\/Portada-de-CREDO-2.jpg\",\"width\":795,\"height\":531},{\"@type\":\"BreadcrumbList\",\"@id\":\"https:\\\/\\\/destinocastillayleon.es\\\/index\\\/credo-exposcion-de-las-edades-del-hombre-en-arevalo\\\/#breadcrumb\",\"itemListElement\":[{\"@type\":\"ListItem\",\"position\":1,\"name\":\"Portada\",\"item\":\"https:\\\/\\\/destinocastillayleon.es\\\/index\\\/\"},{\"@type\":\"ListItem\",\"position\":2,\"name\":\"Credo, exposici\u00f3n de las Edades del Hombre en Ar\u00e9valo\"}]},{\"@type\":\"WebSite\",\"@id\":\"https:\\\/\\\/destinocastillayleon.es\\\/index\\\/#website\",\"url\":\"https:\\\/\\\/destinocastillayleon.es\\\/index\\\/\",\"name\":\"Destino Castilla y Le\u00f3n\",\"description\":\"Medio digital independiente y revista de Castilla y Le\u00f3n dedicado al turismo, gastronom\u00eda y vino de Castilla y Le\u00f3n\",\"potentialAction\":[{\"@type\":\"SearchAction\",\"target\":{\"@type\":\"EntryPoint\",\"urlTemplate\":\"https:\\\/\\\/destinocastillayleon.es\\\/index\\\/?s={search_term_string}\"},\"query-input\":{\"@type\":\"PropertyValueSpecification\",\"valueRequired\":true,\"valueName\":\"search_term_string\"}}],\"inLanguage\":\"es\"},{\"@type\":\"Person\",\"@id\":\"https:\\\/\\\/destinocastillayleon.es\\\/index\\\/#\\\/schema\\\/person\\\/189221bc8f6cc4fa28b18ad5c289d4c2\",\"name\":\"David V\u00e1zquez\",\"image\":{\"@type\":\"ImageObject\",\"inLanguage\":\"es\",\"@id\":\"https:\\\/\\\/secure.gravatar.com\\\/avatar\\\/cd12db6c575a90c3b75cfa0f794b74d425201c768612fad17e9f13cd33d48be8?s=96&d=mm&r=g\",\"url\":\"https:\\\/\\\/secure.gravatar.com\\\/avatar\\\/cd12db6c575a90c3b75cfa0f794b74d425201c768612fad17e9f13cd33d48be8?s=96&d=mm&r=g\",\"contentUrl\":\"https:\\\/\\\/secure.gravatar.com\\\/avatar\\\/cd12db6c575a90c3b75cfa0f794b74d425201c768612fad17e9f13cd33d48be8?s=96&d=mm&r=g\",\"caption\":\"David V\u00e1zquez\"},\"description\":\"Ingeniero Industrial de vocaci\u00f3n y profesi\u00f3n, he encontrado en los blogs la forma de plasmar mi pasi\u00f3n por los viajes, la gastronom\u00eda y los vinos. Especialmente los procedentes de Castilla y Le\u00f3n\",\"sameAs\":[\"https:\\\/\\\/www.destinocastillayleon.es\",\"https:\\\/\\\/www.facebook.com\\\/profile.php?id=1158416854\",\"https:\\\/\\\/instagram.com\\\/conte.pantaleone\",\"https:\\\/\\\/www.linkedin.com\\\/pub\\\/david-vazquez-lozano\\\/37\\\/17a\\\/25a\",\"https:\\\/\\\/x.com\\\/https:\\\/\\\/twitter.com\\\/ContePantaleone\u200e\"],\"url\":\"https:\\\/\\\/destinocastillayleon.es\\\/index\\\/author\\\/coadministradorcyl\\\/\"}]}<\/script>\n<!-- \/ Yoast SEO Premium plugin. -->","yoast_head_json":{"title":"Las Edades del Hombre, la muestra de arte sacro en Ar\u00e9valo, \u00c1vila","description":"Descubre con nosotros la experiencia de visitar Ar\u00e9valo y su genial exposici\u00f3n sobre arte sacro Las Edades del Hombre","robots":{"index":"index","follow":"follow","max-snippet":"max-snippet:-1","max-image-preview":"max-image-preview:large","max-video-preview":"max-video-preview:-1"},"canonical":"https:\/\/destinocastillayleon.es\/index\/credo-exposcion-de-las-edades-del-hombre-en-arevalo\/","og_locale":"es_ES","og_type":"article","og_title":"Credo, exposici\u00f3n de las Edades del Hombre en Ar\u00e9valo","og_description":"Descubre con nosotros la experiencia de visitar Ar\u00e9valo y su genial exposici\u00f3n sobre arte sacro Las Edades del Hombre","og_url":"https:\/\/destinocastillayleon.es\/index\/credo-exposcion-de-las-edades-del-hombre-en-arevalo\/","og_site_name":"Destino Castilla y Le\u00f3n","article_publisher":"https:\/\/www.facebook.com\/DestinoCastillaYLeon\/","article_author":"https:\/\/www.facebook.com\/profile.php?id=1158416854","article_published_time":"2013-08-28T17:32:24+00:00","article_modified_time":"2014-10-24T07:50:57+00:00","og_image":[{"width":795,"height":531,"url":"https:\/\/destinocastillayleon.es\/index\/wp-content\/uploads\/2013\/08\/Portada-de-CREDO-2.jpg","type":"image\/jpeg"}],"author":"David V\u00e1zquez","twitter_card":"summary_large_image","twitter_creator":"@https:\/\/twitter.com\/ContePantaleone\u200e","twitter_site":"@destinocyl","twitter_misc":{"Escrito por":"David V\u00e1zquez","Tiempo de lectura":"5 minutos"},"schema":{"@context":"https:\/\/schema.org","@graph":[{"@type":"Article","@id":"https:\/\/destinocastillayleon.es\/index\/credo-exposcion-de-las-edades-del-hombre-en-arevalo\/#article","isPartOf":{"@id":"https:\/\/destinocastillayleon.es\/index\/credo-exposcion-de-las-edades-del-hombre-en-arevalo\/"},"author":{"name":"David V\u00e1zquez","@id":"https:\/\/destinocastillayleon.es\/index\/#\/schema\/person\/189221bc8f6cc4fa28b18ad5c289d4c2"},"headline":"Credo, exposici\u00f3n de las Edades del Hombre en Ar\u00e9valo","datePublished":"2013-08-28T17:32:24+00:00","dateModified":"2014-10-24T07:50:57+00:00","mainEntityOfPage":{"@id":"https:\/\/destinocastillayleon.es\/index\/credo-exposcion-de-las-edades-del-hombre-en-arevalo\/"},"wordCount":985,"commentCount":0,"image":{"@id":"https:\/\/destinocastillayleon.es\/index\/credo-exposcion-de-las-edades-del-hombre-en-arevalo\/#primaryimage"},"thumbnailUrl":"https:\/\/destinocastillayleon.es\/index\/wp-content\/uploads\/2013\/08\/Portada-de-CREDO-2.jpg","keywords":["D\u00f3nde comer en Ar\u00e9valo","Edades del Hombre en Arevalo","Exposici\u00f3n Credo en Ar\u00e9valo","Las edades del Hombre 2013","que hacer en Arevalo","Qu\u00e9 hacer en \u00c1vila","visitar ar\u00e9valo"],"articleSection":["Actualidad","Avila","Post_inicial","Provincias","Punto Singular","Uncategorized"],"inLanguage":"es","potentialAction":[{"@type":"CommentAction","name":"Comment","target":["https:\/\/destinocastillayleon.es\/index\/credo-exposcion-de-las-edades-del-hombre-en-arevalo\/#respond"]}]},{"@type":"WebPage","@id":"https:\/\/destinocastillayleon.es\/index\/credo-exposcion-de-las-edades-del-hombre-en-arevalo\/","url":"https:\/\/destinocastillayleon.es\/index\/credo-exposcion-de-las-edades-del-hombre-en-arevalo\/","name":"Las Edades del Hombre, la muestra de arte sacro en Ar\u00e9valo, \u00c1vila","isPartOf":{"@id":"https:\/\/destinocastillayleon.es\/index\/#website"},"primaryImageOfPage":{"@id":"https:\/\/destinocastillayleon.es\/index\/credo-exposcion-de-las-edades-del-hombre-en-arevalo\/#primaryimage"},"image":{"@id":"https:\/\/destinocastillayleon.es\/index\/credo-exposcion-de-las-edades-del-hombre-en-arevalo\/#primaryimage"},"thumbnailUrl":"https:\/\/destinocastillayleon.es\/index\/wp-content\/uploads\/2013\/08\/Portada-de-CREDO-2.jpg","datePublished":"2013-08-28T17:32:24+00:00","dateModified":"2014-10-24T07:50:57+00:00","author":{"@id":"https:\/\/destinocastillayleon.es\/index\/#\/schema\/person\/189221bc8f6cc4fa28b18ad5c289d4c2"},"description":"Descubre con nosotros la experiencia de visitar Ar\u00e9valo y su genial exposici\u00f3n sobre arte sacro Las Edades del Hombre","breadcrumb":{"@id":"https:\/\/destinocastillayleon.es\/index\/credo-exposcion-de-las-edades-del-hombre-en-arevalo\/#breadcrumb"},"inLanguage":"es","potentialAction":[{"@type":"ReadAction","target":["https:\/\/destinocastillayleon.es\/index\/credo-exposcion-de-las-edades-del-hombre-en-arevalo\/"]}]},{"@type":"ImageObject","inLanguage":"es","@id":"https:\/\/destinocastillayleon.es\/index\/credo-exposcion-de-las-edades-del-hombre-en-arevalo\/#primaryimage","url":"https:\/\/destinocastillayleon.es\/index\/wp-content\/uploads\/2013\/08\/Portada-de-CREDO-2.jpg","contentUrl":"https:\/\/destinocastillayleon.es\/index\/wp-content\/uploads\/2013\/08\/Portada-de-CREDO-2.jpg","width":795,"height":531},{"@type":"BreadcrumbList","@id":"https:\/\/destinocastillayleon.es\/index\/credo-exposcion-de-las-edades-del-hombre-en-arevalo\/#breadcrumb","itemListElement":[{"@type":"ListItem","position":1,"name":"Portada","item":"https:\/\/destinocastillayleon.es\/index\/"},{"@type":"ListItem","position":2,"name":"Credo, exposici\u00f3n de las Edades del Hombre en Ar\u00e9valo"}]},{"@type":"WebSite","@id":"https:\/\/destinocastillayleon.es\/index\/#website","url":"https:\/\/destinocastillayleon.es\/index\/","name":"Destino Castilla y Le\u00f3n","description":"Medio digital independiente y revista de Castilla y Le\u00f3n dedicado al turismo, gastronom\u00eda y vino de Castilla y Le\u00f3n","potentialAction":[{"@type":"SearchAction","target":{"@type":"EntryPoint","urlTemplate":"https:\/\/destinocastillayleon.es\/index\/?s={search_term_string}"},"query-input":{"@type":"PropertyValueSpecification","valueRequired":true,"valueName":"search_term_string"}}],"inLanguage":"es"},{"@type":"Person","@id":"https:\/\/destinocastillayleon.es\/index\/#\/schema\/person\/189221bc8f6cc4fa28b18ad5c289d4c2","name":"David V\u00e1zquez","image":{"@type":"ImageObject","inLanguage":"es","@id":"https:\/\/secure.gravatar.com\/avatar\/cd12db6c575a90c3b75cfa0f794b74d425201c768612fad17e9f13cd33d48be8?s=96&d=mm&r=g","url":"https:\/\/secure.gravatar.com\/avatar\/cd12db6c575a90c3b75cfa0f794b74d425201c768612fad17e9f13cd33d48be8?s=96&d=mm&r=g","contentUrl":"https:\/\/secure.gravatar.com\/avatar\/cd12db6c575a90c3b75cfa0f794b74d425201c768612fad17e9f13cd33d48be8?s=96&d=mm&r=g","caption":"David V\u00e1zquez"},"description":"Ingeniero Industrial de vocaci\u00f3n y profesi\u00f3n, he encontrado en los blogs la forma de plasmar mi pasi\u00f3n por los viajes, la gastronom\u00eda y los vinos. Especialmente los procedentes de Castilla y Le\u00f3n","sameAs":["https:\/\/www.destinocastillayleon.es","https:\/\/www.facebook.com\/profile.php?id=1158416854","https:\/\/instagram.com\/conte.pantaleone","https:\/\/www.linkedin.com\/pub\/david-vazquez-lozano\/37\/17a\/25a","https:\/\/x.com\/https:\/\/twitter.com\/ContePantaleone\u200e"],"url":"https:\/\/destinocastillayleon.es\/index\/author\/coadministradorcyl\/"}]}},"_links":{"self":[{"href":"https:\/\/destinocastillayleon.es\/index\/wp-json\/wp\/v2\/posts\/6686","targetHints":{"allow":["GET"]}}],"collection":[{"href":"https:\/\/destinocastillayleon.es\/index\/wp-json\/wp\/v2\/posts"}],"about":[{"href":"https:\/\/destinocastillayleon.es\/index\/wp-json\/wp\/v2\/types\/post"}],"author":[{"embeddable":true,"href":"https:\/\/destinocastillayleon.es\/index\/wp-json\/wp\/v2\/users\/2"}],"replies":[{"embeddable":true,"href":"https:\/\/destinocastillayleon.es\/index\/wp-json\/wp\/v2\/comments?post=6686"}],"version-history":[{"count":38,"href":"https:\/\/destinocastillayleon.es\/index\/wp-json\/wp\/v2\/posts\/6686\/revisions"}],"predecessor-version":[{"id":16564,"href":"https:\/\/destinocastillayleon.es\/index\/wp-json\/wp\/v2\/posts\/6686\/revisions\/16564"}],"wp:featuredmedia":[{"embeddable":true,"href":"https:\/\/destinocastillayleon.es\/index\/wp-json\/wp\/v2\/media\/6801"}],"wp:attachment":[{"href":"https:\/\/destinocastillayleon.es\/index\/wp-json\/wp\/v2\/media?parent=6686"}],"wp:term":[{"taxonomy":"category","embeddable":true,"href":"https:\/\/destinocastillayleon.es\/index\/wp-json\/wp\/v2\/categories?post=6686"},{"taxonomy":"post_tag","embeddable":true,"href":"https:\/\/destinocastillayleon.es\/index\/wp-json\/wp\/v2\/tags?post=6686"}],"curies":[{"name":"wp","href":"https:\/\/api.w.org\/{rel}","templated":true}]}}