{"id":6665,"date":"2013-08-23T11:12:44","date_gmt":"2013-08-23T11:12:44","guid":{"rendered":"http:\/\/destinocastillayleon.es\/index\/?p=6665"},"modified":"2014-10-23T13:46:30","modified_gmt":"2014-10-23T11:46:30","slug":"mercados-con-causa-este-fin-de-semana-en-castilla-leon","status":"publish","type":"post","link":"https:\/\/destinocastillayleon.es\/index\/mercados-con-causa-este-fin-de-semana-en-castilla-leon\/","title":{"rendered":"Mercados con causa este fin de semana en Castilla y Le\u00f3n"},"content":{"rendered":"<p>Nos apasionan los mercados tradicionales, sus artesanos, sus productos hechos a mano, tan aut\u00e9nticos algunos de ellos, pero<strong>\u00a0m\u00e1s a\u00fan si estos mercados tienen su propia causa.<\/strong><\/p>\n<p>Este fin de semana podremos disfrutar de dos mercados artesanales con diferentes causas en Segovia y salamanca, \u00a0ambas dignas de ser reivindicadas.<br \/>\n&nbsp;<\/p>\n<h3><a title=\"Mercado de la Miel en Tejares de Fuentide\u00f1a, Segovia\" href=\"http:\/\/segoviaaldia.es\/not\/5831\/a_la_rica_miel_de_tejares_de_fuentiduena\/\" target=\"_blank\">Mercado de la Miel en Tejares de Fuentide\u00f1a, Segovia<\/a><\/h3>\n<p><strong>El s\u00e1bado 24 de agosto<\/strong> la Asociaci\u00f3n Amigos de Tejares organiza <strong>el primer Mercado de la miel<\/strong>, donde podremos disfrutar de varios stands con productos gastron\u00f3micos y artesanales de la provincia de Segovia. Cester\u00eda, alfarer\u00eda, vidrio, bisuter\u00eda, peleter\u00eda, etnograf\u00eda o cosm\u00e9tica son algunas de las t\u00e9cnicas que se podr\u00e1n ver, admirar y comprar en el mercado, as\u00ed como <strong>disfrutar de\u00a0talleres de belleza para adultos y de telar tradicional, alfarer\u00eda y chapas para ni\u00f1os.<\/strong><br \/>\n&nbsp;<br \/>\n<center><a href=\"http:\/\/destinocastillayleon.es\/index\/mercados-con-causa-este-fin-de-semana-en-castilla-leon\/img_19767\/\" rel=\"attachment wp-att-6680\"><img decoding=\"async\" class=\"size-full wp-image-6680 aligncenter\" alt=\"img_19767\" src=\"http:\/\/destinocastillayleon.es\/index\/wp-content\/uploads\/2013\/08\/img_19767.jpg\" width=\"280\" height=\"377\" srcset=\"https:\/\/destinocastillayleon.es\/index\/wp-content\/uploads\/2013\/08\/img_19767.jpg 280w, https:\/\/destinocastillayleon.es\/index\/wp-content\/uploads\/2013\/08\/img_19767-222x300.jpg 222w\" sizes=\"(max-width: 280px) 100vw, 280px\" \/><\/a><\/center><br \/>\n&nbsp;<br \/>\nLa inauguraci\u00f3n del mercado tendr\u00e1 lugar a las 10 de la ma\u00f1ana, con representantes de la asociaci\u00f3n, la Diputaci\u00f3n de Segovia y de la Comunidad de Villa y Tierra de Fuentidue\u00f1a. A\u00a0las 12.30, Jos\u00e9 Mart\u00edn Sancho, diputado de Desarrollo Rural y Medio Ambiente, ser\u00e1 el encargado de realizar el preg\u00f3n que <span style=\"color: #ff9900;\"><strong>se espera reivindique el papel tan importante del mundo rural sostenible.<\/strong><\/span><\/p>\n<p>A las 18,30 horas est\u00e1 programada<strong>\u00a0una serie de charlas tituladas \u00abHacia el desarrollo rural\u00bb<\/strong> d\u00f3nde podremos conocer el\u00a0<strong>Plan estrat\u00e9gico provincial de la Diputaci\u00f3n de Segovia<\/strong>, <strong>el Proyecto agrario de Viveros y Campi\u00f1as, <\/strong>y c\u00f3mo Vinos de Valtiendas ha conseguido su propia denominaci\u00f3n de calidad.<\/p>\n<p><strong>\u00bfEs posible el desarrollo rural sostenible? \u00a1Nosotros apostamos a que s\u00ed!<\/strong><\/p>\n<p><strong>M\u00e1s informaci\u00f3n <a title=\"Tejares (Segovia) reivindicar\u00e1 el mundo rural sostenible en el IV Mercado de la Miel, que reunir\u00e1 a 30 artesanos\" href=\"http:\/\/www.europapress.es\/turismo\/turismo-verde-noticias\/noticia-tejares-segovia-reivindicara-mundo-rural-sostenible-iv-mercado-miel-reunira-30-artesanos-20130813180133.html\" target=\"_blank\">aqu\u00ed<\/a>.<\/strong><br \/>\n&nbsp;<\/p>\n<h3><a title=\"Mercadillo solidario \" href=\"http:\/\/www.i-bejar.com\/noticia\/nuevo-mercadillo-solidario-candelario-5622.asp\" target=\"_blank\">Mercadillo Solidario en Candelario #Salamanca<\/a><\/h3>\n<p>Es la segunda vez que se organiza este mercadillo en Calendario, Salamanca. \u00a0El a\u00f1o pasado se recaud\u00f3 hasta 3.544 \u20ac \u00a0y se espera que la afluencia de visitantes sea mayor en esta ocasi\u00f3n. La recaudaci\u00f3n ir\u00e1 destinada \u00edntegramente a la realizaci\u00f3n de<strong><span style=\"color: #ff9900;\"> proyectos solidarios en Per\u00fa, Gambia y Senegal por la Asociaci\u00f3n \u00abEl Sornabique\u00bb.<\/span> Podr\u00e1s llevar y comprar todos los cachivaches que quieras <\/strong>y como el d\u00eda pinta caliente, ses ha dispuesto una barra con refrescos y otras bebidas tambi\u00e9n solidaria.<br \/>\n&nbsp;<br \/>\n<center><a href=\"https:\/\/sphotos-a-mad.xx.fbcdn.net\/hphotos-prn2\/s403x403\/1235115_209618629204520_95351990_n.jpg\"><img decoding=\"async\" class=\"aligncenter\" alt=\"\" src=\"https:\/\/sphotos-a-mad.xx.fbcdn.net\/hphotos-prn2\/s403x403\/1235115_209618629204520_95351990_n.jpg\" width=\"284\" height=\"403\" \/><\/a><\/center><br \/>\n&nbsp;<br \/>\nEste s\u00e1bado 24 de agosto te esperan en Candelario con todos tus cachivaches, junto a a la casa de la sal. M\u00e1s informaci\u00f3n del evento <a title=\"Evento en Facebook Mercado solidario en Candelario, Salamanca\" href=\"https:\/\/www.facebook.com\/events\/626306300735199\/?hc_location=stream\" target=\"_blank\">aqu\u00ed<\/a>.<\/p>\n<p>Y hasta aqu\u00ed el post de hoy. Desconocemos otros mercados con causa que puedan celebrarse en pr\u00f3ximas fechas. <strong>\u00bfNos ayudas a completar el art\u00edculo? \u00a1Nos leemos!.\u00a0<\/strong><br \/>\n&nbsp; <\/p>\n","protected":false},"excerpt":{"rendered":"<p>\u00danete a los mercados con causa este fin de semana, 24 de agosto de 2013 en Castilla y Le\u00f3n<\/p>\n","protected":false},"author":6,"featured_media":6668,"comment_status":"open","ping_status":"closed","sticky":false,"template":"","format":"standard","meta":{"rop_custom_images_group":[],"rop_custom_messages_group":[],"rop_publish_now":"initial","rop_publish_now_accounts":{"twitter_1150954226_1150954226":""},"rop_publish_now_history":[],"rop_publish_now_status":"pending","footnotes":""},"categories":[77,68,1],"tags":[2288,775,3603,776,2177],"class_list":["post-6665","post","type-post","status-publish","format-standard","has-post-thumbnail","hentry","category-actualidad-y-agenda-de-castilla-y-leon","category-post_inicial","category-uncategorized","tag-causas-solidarias","tag-mercadillo-solidario-en-candelario-salamanca","tag-mercadillos-artesanales-de-castilla-y-leon","tag-mercado-de-la-miel-en-tejares-de-fuentidena","tag-mercados-medievales-en-castilla-y-leon"],"yoast_head":"<!-- This site is optimized with the Yoast SEO Premium plugin v20.4 (Yoast SEO v27.4) - https:\/\/yoast.com\/product\/yoast-seo-premium-wordpress\/ -->\n<title>Mercados con causa este fin de semana en Castilla y Le\u00f3n<\/title>\n<meta name=\"description\" content=\"\u00danete a los mercados con causa este fin de semana, 24 de agosto de 2013 en Castilla y Le\u00f3n\" \/>\n<meta name=\"robots\" content=\"index, follow, max-snippet:-1, max-image-preview:large, max-video-preview:-1\" \/>\n<link rel=\"canonical\" href=\"https:\/\/destinocastillayleon.es\/index\/mercados-con-causa-este-fin-de-semana-en-castilla-leon\/\" \/>\n<meta property=\"og:locale\" content=\"es_ES\" \/>\n<meta property=\"og:type\" content=\"article\" \/>\n<meta property=\"og:title\" content=\"Mercados con causa este fin de semana en Castilla y Le\u00f3n\" \/>\n<meta property=\"og:description\" content=\"\u00danete a los mercados con causa este fin de semana, 24 de agosto de 2013 en Castilla y Le\u00f3n\" \/>\n<meta property=\"og:url\" content=\"https:\/\/destinocastillayleon.es\/index\/mercados-con-causa-este-fin-de-semana-en-castilla-leon\/\" \/>\n<meta property=\"og:site_name\" content=\"Destino Castilla y Le\u00f3n\" \/>\n<meta property=\"article:publisher\" content=\"https:\/\/www.facebook.com\/DestinoCastillaYLeon\/\" \/>\n<meta property=\"article:published_time\" content=\"2013-08-23T11:12:44+00:00\" \/>\n<meta property=\"article:modified_time\" content=\"2014-10-23T11:46:30+00:00\" \/>\n<meta property=\"og:image\" content=\"https:\/\/destinocastillayleon.es\/index\/wp-content\/uploads\/2013\/08\/Artesa-IBZ.jpg\" \/>\n\t<meta property=\"og:image:width\" content=\"708\" \/>\n\t<meta property=\"og:image:height\" content=\"531\" \/>\n\t<meta property=\"og:image:type\" content=\"image\/jpeg\" \/>\n<meta name=\"author\" content=\"Lola Hernandez\" \/>\n<meta name=\"twitter:card\" content=\"summary_large_image\" \/>\n<meta name=\"twitter:creator\" content=\"@destinocyl\" \/>\n<meta name=\"twitter:site\" content=\"@destinocyl\" \/>\n<meta name=\"twitter:label1\" content=\"Escrito por\" \/>\n\t<meta name=\"twitter:data1\" content=\"Lola Hernandez\" \/>\n\t<meta name=\"twitter:label2\" content=\"Tiempo de lectura\" \/>\n\t<meta name=\"twitter:data2\" content=\"2 minutos\" \/>\n<script type=\"application\/ld+json\" class=\"yoast-schema-graph\">{\"@context\":\"https:\\\/\\\/schema.org\",\"@graph\":[{\"@type\":\"Article\",\"@id\":\"https:\\\/\\\/destinocastillayleon.es\\\/index\\\/mercados-con-causa-este-fin-de-semana-en-castilla-leon\\\/#article\",\"isPartOf\":{\"@id\":\"https:\\\/\\\/destinocastillayleon.es\\\/index\\\/mercados-con-causa-este-fin-de-semana-en-castilla-leon\\\/\"},\"author\":{\"name\":\"Lola Hernandez\",\"@id\":\"https:\\\/\\\/destinocastillayleon.es\\\/index\\\/#\\\/schema\\\/person\\\/49ffcb7eb307589ba529009335ed7767\"},\"headline\":\"Mercados con causa este fin de semana en Castilla y Le\u00f3n\",\"datePublished\":\"2013-08-23T11:12:44+00:00\",\"dateModified\":\"2014-10-23T11:46:30+00:00\",\"mainEntityOfPage\":{\"@id\":\"https:\\\/\\\/destinocastillayleon.es\\\/index\\\/mercados-con-causa-este-fin-de-semana-en-castilla-leon\\\/\"},\"wordCount\":450,\"commentCount\":0,\"image\":{\"@id\":\"https:\\\/\\\/destinocastillayleon.es\\\/index\\\/mercados-con-causa-este-fin-de-semana-en-castilla-leon\\\/#primaryimage\"},\"thumbnailUrl\":\"https:\\\/\\\/destinocastillayleon.es\\\/index\\\/wp-content\\\/uploads\\\/2013\\\/08\\\/Artesa-IBZ.jpg\",\"keywords\":[\"causas solidarias\",\"Mercadillo Solidario en Candelario #Salamanca\",\"Mercadillos artesanales de Castilla y Le\u00f3n\",\"Mercado de la Miel en Tejares de Fuentide\u00f1a\",\"mercados medievales en Castilla y Le\u00f3n\"],\"articleSection\":[\"Actualidad\",\"Post_inicial\",\"Uncategorized\"],\"inLanguage\":\"es\",\"potentialAction\":[{\"@type\":\"CommentAction\",\"name\":\"Comment\",\"target\":[\"https:\\\/\\\/destinocastillayleon.es\\\/index\\\/mercados-con-causa-este-fin-de-semana-en-castilla-leon\\\/#respond\"]}]},{\"@type\":\"WebPage\",\"@id\":\"https:\\\/\\\/destinocastillayleon.es\\\/index\\\/mercados-con-causa-este-fin-de-semana-en-castilla-leon\\\/\",\"url\":\"https:\\\/\\\/destinocastillayleon.es\\\/index\\\/mercados-con-causa-este-fin-de-semana-en-castilla-leon\\\/\",\"name\":\"Mercados con causa este fin de semana en Castilla y Le\u00f3n\",\"isPartOf\":{\"@id\":\"https:\\\/\\\/destinocastillayleon.es\\\/index\\\/#website\"},\"primaryImageOfPage\":{\"@id\":\"https:\\\/\\\/destinocastillayleon.es\\\/index\\\/mercados-con-causa-este-fin-de-semana-en-castilla-leon\\\/#primaryimage\"},\"image\":{\"@id\":\"https:\\\/\\\/destinocastillayleon.es\\\/index\\\/mercados-con-causa-este-fin-de-semana-en-castilla-leon\\\/#primaryimage\"},\"thumbnailUrl\":\"https:\\\/\\\/destinocastillayleon.es\\\/index\\\/wp-content\\\/uploads\\\/2013\\\/08\\\/Artesa-IBZ.jpg\",\"datePublished\":\"2013-08-23T11:12:44+00:00\",\"dateModified\":\"2014-10-23T11:46:30+00:00\",\"author\":{\"@id\":\"https:\\\/\\\/destinocastillayleon.es\\\/index\\\/#\\\/schema\\\/person\\\/49ffcb7eb307589ba529009335ed7767\"},\"description\":\"\u00danete a los mercados con causa este fin de semana, 24 de agosto de 2013 en Castilla y Le\u00f3n\",\"breadcrumb\":{\"@id\":\"https:\\\/\\\/destinocastillayleon.es\\\/index\\\/mercados-con-causa-este-fin-de-semana-en-castilla-leon\\\/#breadcrumb\"},\"inLanguage\":\"es\",\"potentialAction\":[{\"@type\":\"ReadAction\",\"target\":[\"https:\\\/\\\/destinocastillayleon.es\\\/index\\\/mercados-con-causa-este-fin-de-semana-en-castilla-leon\\\/\"]}]},{\"@type\":\"ImageObject\",\"inLanguage\":\"es\",\"@id\":\"https:\\\/\\\/destinocastillayleon.es\\\/index\\\/mercados-con-causa-este-fin-de-semana-en-castilla-leon\\\/#primaryimage\",\"url\":\"https:\\\/\\\/destinocastillayleon.es\\\/index\\\/wp-content\\\/uploads\\\/2013\\\/08\\\/Artesa-IBZ.jpg\",\"contentUrl\":\"https:\\\/\\\/destinocastillayleon.es\\\/index\\\/wp-content\\\/uploads\\\/2013\\\/08\\\/Artesa-IBZ.jpg\",\"width\":708,\"height\":531},{\"@type\":\"BreadcrumbList\",\"@id\":\"https:\\\/\\\/destinocastillayleon.es\\\/index\\\/mercados-con-causa-este-fin-de-semana-en-castilla-leon\\\/#breadcrumb\",\"itemListElement\":[{\"@type\":\"ListItem\",\"position\":1,\"name\":\"Portada\",\"item\":\"https:\\\/\\\/destinocastillayleon.es\\\/index\\\/\"},{\"@type\":\"ListItem\",\"position\":2,\"name\":\"Mercados con causa este fin de semana en Castilla y Le\u00f3n\"}]},{\"@type\":\"WebSite\",\"@id\":\"https:\\\/\\\/destinocastillayleon.es\\\/index\\\/#website\",\"url\":\"https:\\\/\\\/destinocastillayleon.es\\\/index\\\/\",\"name\":\"Destino Castilla y Le\u00f3n\",\"description\":\"Medio digital independiente y revista de Castilla y Le\u00f3n dedicado al turismo, gastronom\u00eda y vino de Castilla y Le\u00f3n\",\"potentialAction\":[{\"@type\":\"SearchAction\",\"target\":{\"@type\":\"EntryPoint\",\"urlTemplate\":\"https:\\\/\\\/destinocastillayleon.es\\\/index\\\/?s={search_term_string}\"},\"query-input\":{\"@type\":\"PropertyValueSpecification\",\"valueRequired\":true,\"valueName\":\"search_term_string\"}}],\"inLanguage\":\"es\"},{\"@type\":\"Person\",\"@id\":\"https:\\\/\\\/destinocastillayleon.es\\\/index\\\/#\\\/schema\\\/person\\\/49ffcb7eb307589ba529009335ed7767\",\"name\":\"Lola Hernandez\",\"image\":{\"@type\":\"ImageObject\",\"inLanguage\":\"es\",\"@id\":\"https:\\\/\\\/secure.gravatar.com\\\/avatar\\\/72ead65e55ad0522fba484acfe2842bf78b2f7c727df41d76fed78a85519da34?s=96&d=mm&r=g\",\"url\":\"https:\\\/\\\/secure.gravatar.com\\\/avatar\\\/72ead65e55ad0522fba484acfe2842bf78b2f7c727df41d76fed78a85519da34?s=96&d=mm&r=g\",\"contentUrl\":\"https:\\\/\\\/secure.gravatar.com\\\/avatar\\\/72ead65e55ad0522fba484acfe2842bf78b2f7c727df41d76fed78a85519da34?s=96&d=mm&r=g\",\"caption\":\"Lola Hernandez\"},\"description\":\"Lola Hern\u00e1ndez fue fundadora y directora de www.destinocastillayleon.es Escribiendo sobre turismo, gastronom\u00eda y vino de su tierra de origen, Castilla y Le\u00f3n.\",\"sameAs\":[\"http:\\\/\\\/www.destinoysabor.com\\\/blog\"],\"url\":\"https:\\\/\\\/destinocastillayleon.es\\\/index\\\/author\\\/lola-hernandez\\\/\"}]}<\/script>\n<!-- \/ Yoast SEO Premium plugin. -->","yoast_head_json":{"title":"Mercados con causa este fin de semana en Castilla y Le\u00f3n","description":"\u00danete a los mercados con causa este fin de semana, 24 de agosto de 2013 en Castilla y Le\u00f3n","robots":{"index":"index","follow":"follow","max-snippet":"max-snippet:-1","max-image-preview":"max-image-preview:large","max-video-preview":"max-video-preview:-1"},"canonical":"https:\/\/destinocastillayleon.es\/index\/mercados-con-causa-este-fin-de-semana-en-castilla-leon\/","og_locale":"es_ES","og_type":"article","og_title":"Mercados con causa este fin de semana en Castilla y Le\u00f3n","og_description":"\u00danete a los mercados con causa este fin de semana, 24 de agosto de 2013 en Castilla y Le\u00f3n","og_url":"https:\/\/destinocastillayleon.es\/index\/mercados-con-causa-este-fin-de-semana-en-castilla-leon\/","og_site_name":"Destino Castilla y Le\u00f3n","article_publisher":"https:\/\/www.facebook.com\/DestinoCastillaYLeon\/","article_published_time":"2013-08-23T11:12:44+00:00","article_modified_time":"2014-10-23T11:46:30+00:00","og_image":[{"width":708,"height":531,"url":"https:\/\/destinocastillayleon.es\/index\/wp-content\/uploads\/2013\/08\/Artesa-IBZ.jpg","type":"image\/jpeg"}],"author":"Lola Hernandez","twitter_card":"summary_large_image","twitter_creator":"@destinocyl","twitter_site":"@destinocyl","twitter_misc":{"Escrito por":"Lola Hernandez","Tiempo de lectura":"2 minutos"},"schema":{"@context":"https:\/\/schema.org","@graph":[{"@type":"Article","@id":"https:\/\/destinocastillayleon.es\/index\/mercados-con-causa-este-fin-de-semana-en-castilla-leon\/#article","isPartOf":{"@id":"https:\/\/destinocastillayleon.es\/index\/mercados-con-causa-este-fin-de-semana-en-castilla-leon\/"},"author":{"name":"Lola Hernandez","@id":"https:\/\/destinocastillayleon.es\/index\/#\/schema\/person\/49ffcb7eb307589ba529009335ed7767"},"headline":"Mercados con causa este fin de semana en Castilla y Le\u00f3n","datePublished":"2013-08-23T11:12:44+00:00","dateModified":"2014-10-23T11:46:30+00:00","mainEntityOfPage":{"@id":"https:\/\/destinocastillayleon.es\/index\/mercados-con-causa-este-fin-de-semana-en-castilla-leon\/"},"wordCount":450,"commentCount":0,"image":{"@id":"https:\/\/destinocastillayleon.es\/index\/mercados-con-causa-este-fin-de-semana-en-castilla-leon\/#primaryimage"},"thumbnailUrl":"https:\/\/destinocastillayleon.es\/index\/wp-content\/uploads\/2013\/08\/Artesa-IBZ.jpg","keywords":["causas solidarias","Mercadillo Solidario en Candelario #Salamanca","Mercadillos artesanales de Castilla y Le\u00f3n","Mercado de la Miel en Tejares de Fuentide\u00f1a","mercados medievales en Castilla y Le\u00f3n"],"articleSection":["Actualidad","Post_inicial","Uncategorized"],"inLanguage":"es","potentialAction":[{"@type":"CommentAction","name":"Comment","target":["https:\/\/destinocastillayleon.es\/index\/mercados-con-causa-este-fin-de-semana-en-castilla-leon\/#respond"]}]},{"@type":"WebPage","@id":"https:\/\/destinocastillayleon.es\/index\/mercados-con-causa-este-fin-de-semana-en-castilla-leon\/","url":"https:\/\/destinocastillayleon.es\/index\/mercados-con-causa-este-fin-de-semana-en-castilla-leon\/","name":"Mercados con causa este fin de semana en Castilla y Le\u00f3n","isPartOf":{"@id":"https:\/\/destinocastillayleon.es\/index\/#website"},"primaryImageOfPage":{"@id":"https:\/\/destinocastillayleon.es\/index\/mercados-con-causa-este-fin-de-semana-en-castilla-leon\/#primaryimage"},"image":{"@id":"https:\/\/destinocastillayleon.es\/index\/mercados-con-causa-este-fin-de-semana-en-castilla-leon\/#primaryimage"},"thumbnailUrl":"https:\/\/destinocastillayleon.es\/index\/wp-content\/uploads\/2013\/08\/Artesa-IBZ.jpg","datePublished":"2013-08-23T11:12:44+00:00","dateModified":"2014-10-23T11:46:30+00:00","author":{"@id":"https:\/\/destinocastillayleon.es\/index\/#\/schema\/person\/49ffcb7eb307589ba529009335ed7767"},"description":"\u00danete a los mercados con causa este fin de semana, 24 de agosto de 2013 en Castilla y Le\u00f3n","breadcrumb":{"@id":"https:\/\/destinocastillayleon.es\/index\/mercados-con-causa-este-fin-de-semana-en-castilla-leon\/#breadcrumb"},"inLanguage":"es","potentialAction":[{"@type":"ReadAction","target":["https:\/\/destinocastillayleon.es\/index\/mercados-con-causa-este-fin-de-semana-en-castilla-leon\/"]}]},{"@type":"ImageObject","inLanguage":"es","@id":"https:\/\/destinocastillayleon.es\/index\/mercados-con-causa-este-fin-de-semana-en-castilla-leon\/#primaryimage","url":"https:\/\/destinocastillayleon.es\/index\/wp-content\/uploads\/2013\/08\/Artesa-IBZ.jpg","contentUrl":"https:\/\/destinocastillayleon.es\/index\/wp-content\/uploads\/2013\/08\/Artesa-IBZ.jpg","width":708,"height":531},{"@type":"BreadcrumbList","@id":"https:\/\/destinocastillayleon.es\/index\/mercados-con-causa-este-fin-de-semana-en-castilla-leon\/#breadcrumb","itemListElement":[{"@type":"ListItem","position":1,"name":"Portada","item":"https:\/\/destinocastillayleon.es\/index\/"},{"@type":"ListItem","position":2,"name":"Mercados con causa este fin de semana en Castilla y Le\u00f3n"}]},{"@type":"WebSite","@id":"https:\/\/destinocastillayleon.es\/index\/#website","url":"https:\/\/destinocastillayleon.es\/index\/","name":"Destino Castilla y Le\u00f3n","description":"Medio digital independiente y revista de Castilla y Le\u00f3n dedicado al turismo, gastronom\u00eda y vino de Castilla y Le\u00f3n","potentialAction":[{"@type":"SearchAction","target":{"@type":"EntryPoint","urlTemplate":"https:\/\/destinocastillayleon.es\/index\/?s={search_term_string}"},"query-input":{"@type":"PropertyValueSpecification","valueRequired":true,"valueName":"search_term_string"}}],"inLanguage":"es"},{"@type":"Person","@id":"https:\/\/destinocastillayleon.es\/index\/#\/schema\/person\/49ffcb7eb307589ba529009335ed7767","name":"Lola Hernandez","image":{"@type":"ImageObject","inLanguage":"es","@id":"https:\/\/secure.gravatar.com\/avatar\/72ead65e55ad0522fba484acfe2842bf78b2f7c727df41d76fed78a85519da34?s=96&d=mm&r=g","url":"https:\/\/secure.gravatar.com\/avatar\/72ead65e55ad0522fba484acfe2842bf78b2f7c727df41d76fed78a85519da34?s=96&d=mm&r=g","contentUrl":"https:\/\/secure.gravatar.com\/avatar\/72ead65e55ad0522fba484acfe2842bf78b2f7c727df41d76fed78a85519da34?s=96&d=mm&r=g","caption":"Lola Hernandez"},"description":"Lola Hern\u00e1ndez fue fundadora y directora de www.destinocastillayleon.es Escribiendo sobre turismo, gastronom\u00eda y vino de su tierra de origen, Castilla y Le\u00f3n.","sameAs":["http:\/\/www.destinoysabor.com\/blog"],"url":"https:\/\/destinocastillayleon.es\/index\/author\/lola-hernandez\/"}]}},"_links":{"self":[{"href":"https:\/\/destinocastillayleon.es\/index\/wp-json\/wp\/v2\/posts\/6665","targetHints":{"allow":["GET"]}}],"collection":[{"href":"https:\/\/destinocastillayleon.es\/index\/wp-json\/wp\/v2\/posts"}],"about":[{"href":"https:\/\/destinocastillayleon.es\/index\/wp-json\/wp\/v2\/types\/post"}],"author":[{"embeddable":true,"href":"https:\/\/destinocastillayleon.es\/index\/wp-json\/wp\/v2\/users\/6"}],"replies":[{"embeddable":true,"href":"https:\/\/destinocastillayleon.es\/index\/wp-json\/wp\/v2\/comments?post=6665"}],"version-history":[{"count":16,"href":"https:\/\/destinocastillayleon.es\/index\/wp-json\/wp\/v2\/posts\/6665\/revisions"}],"predecessor-version":[{"id":16550,"href":"https:\/\/destinocastillayleon.es\/index\/wp-json\/wp\/v2\/posts\/6665\/revisions\/16550"}],"wp:featuredmedia":[{"embeddable":true,"href":"https:\/\/destinocastillayleon.es\/index\/wp-json\/wp\/v2\/media\/6668"}],"wp:attachment":[{"href":"https:\/\/destinocastillayleon.es\/index\/wp-json\/wp\/v2\/media?parent=6665"}],"wp:term":[{"taxonomy":"category","embeddable":true,"href":"https:\/\/destinocastillayleon.es\/index\/wp-json\/wp\/v2\/categories?post=6665"},{"taxonomy":"post_tag","embeddable":true,"href":"https:\/\/destinocastillayleon.es\/index\/wp-json\/wp\/v2\/tags?post=6665"}],"curies":[{"name":"wp","href":"https:\/\/api.w.org\/{rel}","templated":true}]}}