{"id":6598,"date":"2013-09-02T11:18:40","date_gmt":"2013-09-02T11:18:40","guid":{"rendered":"http:\/\/destinocastillayleon.es\/index\/?p=6598"},"modified":"2018-08-22T21:52:48","modified_gmt":"2018-08-22T19:52:48","slug":"crianza-2009-de-bodegas-legarisde-bodegas-legaris","status":"publish","type":"post","link":"https:\/\/destinocastillayleon.es\/index\/crianza-2009-de-bodegas-legarisde-bodegas-legaris\/","title":{"rendered":"Cata del vino crianza 2009 de Bodegas Legaris"},"content":{"rendered":"<p>Recientemente hemos visitado las Bodegas Legaris, junto a <a href=\"https:\/\/maps.google.es\/maps?saddr=Pe%C3%B1afiel&#038;daddr=Ctra.+Pe%C3%B1afiel-Encinas+de+Esgueva,+k.+2,5+47316+Curiel+de+Duero&#038;hl=es&#038;ie=UTF8&#038;ll=41.632766,-4.101462&#038;spn=0.024859,0.038581&#038;sll=41.620896,-4.095926&#038;sspn=0.012432,0.01929&#038;geocode=FQe-egIdoBDB_ylh7pJShetGDTE_l2BBti5vXA%3BFaAVewIdSoDB_yFyLZO7Of4abynbu6pMkexGDTFyLZO7Of4abw&#038;oq=Pe%C3%B1af&#038;t=h&#038;mra=ls&#038;z=15\" title=\"Link a Google maps que te indica c\u00f3mo llegar a las Bodegas Legaris en Curiel del Duero\" target=\"_blank\">Curiel del Duero<\/a> dentro de <strong><span style=\"color: #ff9900;\"una visita enotur\u00edstica a la zona de Pe\u00f1afiel<\/span><\/strong><\/span>, tal y como te lo comentamos en la entrada dedicada Pe\u00f1afiel que puedes encontrar <a href=\"http:\/\/destinocastillayleon.es\/index\/visitar-penafiel\/\" title=\"Enlace a nuestra entrada dedicada al enoturismo en Pe\u00f1afiel\" target=\"_blank\">pinchando aqu\u00ed<\/a>. Fruto de esta visita fue esta cata de <strong>Crianza 2009 de Bodegas Legaris<\/strong>.<br \/>\n\u00a0<\/p>\n<h3>Enoturismo en Bodegas Legaris<\/h3>\n<p>Bodegas Legaris ha dise\u00f1ado la bodega de modo que <strong>realizar visitas enotur\u00edsticas sea f\u00e1cil<\/strong>, interesante y adem\u00e1s educativo para los amantes del vino, ya que es posible recorrer las diferentes salas donde se realiza el proceso de elaboraci\u00f3n del vino incluso aunque se est\u00e9 trabajando a pleno rendimiento. <\/p>\n<p>Esto se consigue mediante una disposici\u00f3n de la bodega donde la visita se hace desde unos pasillo elevados, con lo que adem\u00e1s es posible por unos ventanales estrat\u00e9gicamente situados, contemplar el origen de todo; los vi\u00f1edos.<br \/>\n\u00a0<br \/>\n<center><a title=\"Bodegas Legaris Curiel de Duero\" href=\"http:\/\/www.minube.com\/fotos\/rincon\/964511\/6178591\"> <img decoding=\"async\" title=\"Bodegas Legaris Curiel de Duero - cortesia de minube\" alt=\"Bodegas Legaris Curiel de Duero \" src=\"http:\/\/esphoto980x880.mnstatic.com\/bodegas-legaris_6178591.jpg\" width=\"480\" \/><\/a><\/center><br \/>\n\u00a0<br \/>\nTe contamos nuestra experiencia <a href=\"http:\/\/destinocastillayleon.es\/index\/enoturismo-en-bodegas-legaris\/\" title=\"Enlace a nuestra entrada dedicada al enoturismo en Bodegas Legaris\" target=\"_blank\"><strong>pinchando aqu\u00ed<\/strong><\/a>.<\/p>\n<p>Puedes concertar una visita con ellos desde su p\u00e1gina web: <a href=\"http:\/\/www.legaris.com\/LEGARIS\/indexcf4c.html\" title=\"web oficial de Bodegas Legaris\" target=\"_blank\">www.Legaris.com<\/a><\/p>\n<p>En esta visita nos dieron a catar diversos vinos y nos llevamos <span style=\"color: #ff9900;\"><strong>una botella del crianza 2009<\/strong><\/span> para una degustaci\u00f3n m\u00e1s tranquila.<br \/>\n\u00a0<\/p>\n<h2>Cata del crianza 2009 de Bodegas Legaris<\/h2>\n<p><strong>Denominaci\u00f3n de Origen:<\/strong> <a href=\"http:\/\/www.riberadelduero.es\/\" title=\"Link a la web oficial de la D.O. Ribera del Duero\" target=\"_blank\">D.O. Ribera del Duero<\/a>.<\/p>\n<p><strong>Variedad:<\/strong> 100% <a href=\"http:\/\/es.wikipedia.org\/wiki\/Tempranillo_%28uva%29\" title=\"Link a Wikipedia sobre la uva Tempranillo\" target=\"_blank\">uva tempranillo<\/a>, uva tinta fina.<\/p>\n<p><strong>Viticultura y crianza:<\/strong> El car\u00e1cter de Legaris procede fundamentalmente del vi\u00f1edo, utilizando t\u00e9cnicas modernas para anticiparse a las necesidades de la vid. <\/p>\n<p>La crianza se realizado <strong>en barricas de roble franc\u00e9s y americano durante 12 meses<\/strong>, combinando una amplia gama de tostados y diferentes tipos de grano. Finlamente, se realiz\u00f3 el <em><a href=\"http:\/\/diccionarios.hola.com\/vinos\/coupage\/\" title=\"Link a la web de diccionarios del vino sobre 'coupage'\" target=\"_blank\">coupage <\/a><\/em>definitivo en dep\u00f3sito. Para mantener inalteradas las caracter\u00edsticas del vino, se clarific\u00f3 con clara de huevo natural y con una suave filtraci\u00f3n antes de embotellar.<br \/>\n\u00a0<br \/>\n<center><img decoding=\"async\" src=\"http:\/\/media.ocu.org\/selectormedia\/zoom\/icrt\/WG2013ES-0154-00_00.jpg\" alt=\"Botella de vino tinto crianza de Bodegas Legaris\" title=\"Botella de vino tinto crianza de Bodegas Legaris\" width=\"420\"\/><\/center><br \/>\n\u00a0<\/p>\n<h4>Caracter\u00edsticas:<\/h4>\n<p>Color <strong>rojo granate intenso con reflejos del mismo color<\/strong>. En nariz presenta una buena intensidad arom\u00e1tica con presencia de<strong> frutas negras bien integradas<\/strong>, con notas complejas de su permanencia en roble. <\/p>\n<p>En boca es amplio, con buena estructura y volumen y <strong>posee un postgusto largo y sabroso<\/strong>.<br \/>\n\u00a0<\/p>\n<h4>Nuestra impresi\u00f3n:<\/h4>\n<p>El Crianza 2009 de Bodegas Legaris se trata de un vino oloroso <strong>bien armonizado<\/strong>. De con un rojo intenso; como el de <strong>una picota madura<\/strong>. La corona posee destellos anaranjados muy atractivos.<\/p>\n<p>Tras un decantado, los aromas fluyen. Se distinguen los llamados<strong> frutos rojos, tipo cereza, frambuesa<\/strong>. Nosotros encontramos unos toques a moras maduras y cereza picota muy finos.<\/p>\n<p>En boca aunque astringente como todo tempranillo, resulta muy agradable. Sabroso sin resultar pesado. El <a href=\"http:\/\/es.wikipedia.org\/wiki\/Buqu%C3%A9\" title=\"Link a Wikipedia sobre el 'bouquet'\" target=\"_blank\"><em>bouquet <\/em><\/a>o retrogusto se mantiene un par de minutos.<br \/>\n\u00a0<br \/>\n<center><img decoding=\"async\" src=\"http:\/\/destinocastillayleon.es\/index\/wp-content\/uploads\/2013\/08\/Botella-Crianza-2009.jpg\" alt=\"Botella de vino Crianza 2009 de Bodegas Legaris\" title=\"Botella de vino Crianza 2009 de Bodegas Legaris\" width=\"380\"\/><\/center><br \/>\n\u00a0<\/p>\n<h4>Nuestra valoraci\u00f3n:<\/h4>\n<p>Se trata de un gran vino. Potente en sabor, pero que no satura. Muy equilibrado. Posiblemente no sea el mejor que hayamos catado, aunque no queremos quitar importancia al buen hacer empleado. Por esa raz\u00f3na este Crianza 2009 de Bodegas Legaris lo valoramos muy positivamente.<br \/>\n\u00a0<br \/>\n<center><img decoding=\"async\" src=\"http:\/\/destinocastillayleon.es\/index\/wp-content\/uploads\/2013\/08\/Valoracion-4-de-5-1024x411.jpg\" alt=\"Valoraci\u00f3n de 4 sobre 5 para este vino\" title=\"Valoraci\u00f3n de 4 sobre 5 para este vino\" width=\"520\" \/><\/center><br \/>\n\u00a0<\/p>\n<h4>Maridaje:<\/h4>\n<p>Se trata de <strong>un vino muy vers\u00e1til<\/strong>, pues aunque con el gusto de un vino con crianza, no resulta excesivamente fuerte en el paladar, por lo que creemos que puede ser combinado con <strong>legumbres, arroces, quesos y carnes rojas<\/strong>.<\/p>\n<p>Nosotros lo maridamos con un buen chulet\u00f3n abulense al punto y resulto una grata combinaci\u00f3n.<br \/>\n\u00a0<br \/>\n<center><img decoding=\"async\" src=\"http:\/\/destinocastillayleon.es\/index\/wp-content\/uploads\/2013\/08\/Maridaje-Crianza-2009.jpg\" alt=\"Botella y maridaje de vino Crianza 2009 de Bodegas Legaris\" title=\"Botella y maridaje de vino Crianza 2009 de Bodegas Legaris\" width=\"480\"\/><\/center><br \/>\n\u00a0<\/p>\n<p>\u00bfTe gustan los vinos crianza? \u00bfHas probado alguna vez este crianza 2009 de Bodegas Legaris o vinos de esta bodega? Dejanos tu impresi\u00f3n sobre este vino con un comentario.<br \/>\n\u00a0<\/p>\n<h4>Otros vinos relacionados<\/h4>\n<ul>\n<li><a href=\"http:\/\/destinocastillayleon.es\/index\/vino-tinto-robre-arco-de-curiel\/\" title=\"Tinto roble de la Ribera del Duero Arco de Curiel\"><span style=\"color: #000000;\">Tinto roble del 2012, de la Ribera del Duero, Arco de Curiel<\/span><\/a>.<\/li>\n<li><a href=\"http:\/\/destinocastillayleon.es\/index\/arzuaga-reserva-2008-joya-de-la-ribera-del-duero\/\" title=\"Tinto Reserva del 2009 de la Ribera del Duero, Arzuaga\"><span style=\"color: #000000;\">Tinto Reserva del 2009, de la Ribera del Duero, Arzuaga<\/span><\/a>.<\/li>\n<li><a href=\"http:\/\/destinocastillayleon.es\/index\/catando-el-tinto-crianza-100-mencia-ledo-8\/\" title=\"Tinto crianza del 2011 de El Bierzo, Ledo 8\"><span style=\"color: #000000;\">Tinto crianza del 2011 de El Bierzo, Ledo 8<\/span><\/a>.<\/li>\n<li><a href=\"http:\/\/destinocastillayleon.es\/index\/cata-del-vino-tinto-fuentespina-seleccion-de-bodegas-avelino-vegas\/\" title=\"Tinto vendimia seleccionada del 2011 de la Ribera del Duero, Fuentespina Selecci\u00f3n\"><span style=\"color: #000000;\">Tinto vendimia seleccionada del 2011 de la Ribera del Duero, Fuentespina Selecci\u00f3n<\/span><\/a>.<\/li>\n<\/ul>\n<p>Y por si tambi\u00e9n te interesan otros temas&#8230;<br \/>\n\u00a0 <\/p>\n<h4>Otros art\u00edculos relacionados<\/h4>\n<ul>\n<li><a href=\"http:\/\/destinocastillayleon.es\/index\/enoturismo-urbano-en-senorita-malauva\/\" title=\"Enoturismo urbano en Valladolid, Palencia y Madrid en la Se\u00f1orita Malauva\"><span style=\"color: #000000;\">Enoturismo urbano en Valladolid, Palencia y Madrid en la Se\u00f1orita Malauva<\/span><\/a>.<\/li>\n<li><a href=\"http:\/\/destinocastillayleon.es\/index\/ficha-de-cata-la-metodologia-para-degustar-buen-vino\/\" title=\"C\u00f3mo se cata un vino. Ficha de cata oficial de CINVE\"><span style=\"color: #000000;\">C\u00f3mo se cata un vino. Ficha de cata oficial de CINVE<\/span><\/a>.<\/li>\n<li><a href=\"http:\/\/destinocastillayleon.es\/index\/enoturismo-en-bodegas-legaris\/\" title=\"Enoturismo: Visita a las Bodegas Legaris en la Ribera del Duero\"><span style=\"color: #000000;\">Visita a las Bodegas Legaris en la Ribera del Duero<\/span><\/a>.<\/li>\n<\/ul>\n<p>\u00a0 <\/p>\n","protected":false},"excerpt":{"rendered":"<p>Compartimos nuestra impresi\u00f3n tras la cata del Crianza 2009 de Bodegas Legaris. Un vino muy agradable y sabroso al paladar que recomendamos con un gran vino<\/p>\n","protected":false},"author":2,"featured_media":6923,"comment_status":"open","ping_status":"closed","sticky":false,"template":"","format":"standard","meta":{"rop_custom_images_group":[],"rop_custom_messages_group":[],"rop_publish_now":"initial","rop_publish_now_accounts":{"twitter_1150954226_1150954226":""},"rop_publish_now_history":[],"rop_publish_now_status":"pending","footnotes":""},"categories":[48,68,932],"tags":[641,3612,760,523,4525,3613,3628,522,514],"class_list":["post-6598","post","type-post","status-publish","format-standard","has-post-thumbnail","hentry","category-enoturismo","category-post_inicial","category-vino_tinto","tag-bodegas-legaris","tag-bodegas-visitables-en-penafiel","tag-cata-de-vino-legaris","tag-enoturismo-en-la-ribera-del-duero","tag-nota-de-cata-del-crianza-2009-de-bodegas-legaris","tag-tintos-crianza-de-bodegas-legaris","tag-tintos-crianza-de-la-ribera-del-duero","tag-vino-de-la-do-ribera-de-duero","tag-vinos-de-castilla-y-leon"],"yoast_head":"<!-- This site is optimized with the Yoast SEO Premium plugin v20.4 (Yoast SEO v27.4) - https:\/\/yoast.com\/product\/yoast-seo-premium-wordpress\/ -->\n<title>Conoce nuestra cata del Crianza 2009 de Bodegas Legaris<\/title>\n<meta name=\"description\" content=\"Compartimos nuestra impresi\u00f3n tras la cata del Crianza 2009 de Bodegas Legaris. Un vino muy agradable y sabroso al paladar que recomendamos con un gran vino\" \/>\n<meta name=\"robots\" content=\"index, follow, max-snippet:-1, max-image-preview:large, max-video-preview:-1\" \/>\n<link rel=\"canonical\" href=\"https:\/\/destinocastillayleon.es\/index\/crianza-2009-de-bodegas-legarisde-bodegas-legaris\/\" \/>\n<meta property=\"og:locale\" content=\"es_ES\" \/>\n<meta property=\"og:type\" content=\"article\" \/>\n<meta property=\"og:title\" content=\"Cata del vino crianza 2009 de Bodegas Legaris\" \/>\n<meta property=\"og:description\" content=\"Compartimos nuestra impresi\u00f3n tras la cata del Crianza 2009 de Bodegas Legaris. Un vino muy agradable y sabroso al paladar que recomendamos con un gran vino\" \/>\n<meta property=\"og:url\" content=\"https:\/\/destinocastillayleon.es\/index\/crianza-2009-de-bodegas-legarisde-bodegas-legaris\/\" \/>\n<meta property=\"og:site_name\" content=\"Destino Castilla y Le\u00f3n\" \/>\n<meta property=\"article:publisher\" content=\"https:\/\/www.facebook.com\/DestinoCastillaYLeon\/\" \/>\n<meta property=\"article:author\" content=\"https:\/\/www.facebook.com\/profile.php?id=1158416854\" \/>\n<meta property=\"article:published_time\" content=\"2013-09-02T11:18:40+00:00\" \/>\n<meta property=\"article:modified_time\" content=\"2018-08-22T19:52:48+00:00\" \/>\n<meta property=\"og:image\" content=\"https:\/\/destinocastillayleon.es\/index\/wp-content\/uploads\/2013\/08\/Portada-de-las-Bodegas-Legaris2.jpg\" \/>\n\t<meta property=\"og:image:width\" content=\"646\" \/>\n\t<meta property=\"og:image:height\" content=\"434\" \/>\n\t<meta property=\"og:image:type\" content=\"image\/jpeg\" \/>\n<meta name=\"author\" content=\"David V\u00e1zquez\" \/>\n<meta name=\"twitter:card\" content=\"summary_large_image\" \/>\n<meta name=\"twitter:creator\" content=\"@https:\/\/twitter.com\/ContePantaleone\u200e\" \/>\n<meta name=\"twitter:site\" content=\"@destinocyl\" \/>\n<meta name=\"twitter:label1\" content=\"Escrito por\" \/>\n\t<meta name=\"twitter:data1\" content=\"David V\u00e1zquez\" \/>\n<script type=\"application\/ld+json\" class=\"yoast-schema-graph\">{\"@context\":\"https:\\\/\\\/schema.org\",\"@graph\":[{\"@type\":\"Article\",\"@id\":\"https:\\\/\\\/destinocastillayleon.es\\\/index\\\/crianza-2009-de-bodegas-legarisde-bodegas-legaris\\\/#article\",\"isPartOf\":{\"@id\":\"https:\\\/\\\/destinocastillayleon.es\\\/index\\\/crianza-2009-de-bodegas-legarisde-bodegas-legaris\\\/\"},\"author\":{\"name\":\"David V\u00e1zquez\",\"@id\":\"https:\\\/\\\/destinocastillayleon.es\\\/index\\\/#\\\/schema\\\/person\\\/189221bc8f6cc4fa28b18ad5c289d4c2\"},\"headline\":\"Cata del vino crianza 2009 de Bodegas Legaris\",\"datePublished\":\"2013-09-02T11:18:40+00:00\",\"dateModified\":\"2018-08-22T19:52:48+00:00\",\"mainEntityOfPage\":{\"@id\":\"https:\\\/\\\/destinocastillayleon.es\\\/index\\\/crianza-2009-de-bodegas-legarisde-bodegas-legaris\\\/\"},\"wordCount\":20,\"commentCount\":0,\"image\":{\"@id\":\"https:\\\/\\\/destinocastillayleon.es\\\/index\\\/crianza-2009-de-bodegas-legarisde-bodegas-legaris\\\/#primaryimage\"},\"thumbnailUrl\":\"https:\\\/\\\/destinocastillayleon.es\\\/index\\\/wp-content\\\/uploads\\\/2013\\\/08\\\/Portada-de-las-Bodegas-Legaris2.jpg\",\"keywords\":[\"Bodegas Legaris\",\"bodegas visitables en Pe\u00f1afiel\",\"cata de vino Legaris\",\"enoturismo en la Ribera del Duero\",\"nota de cata del Crianza 2009 de Bodegas Legaris\",\"tintos crianza de Bodegas Legaris\",\"tintos crianza de la Ribera del Duero\",\"Vino de la DO. Ribera de Duero\",\"vinos de Castilla y Le\u00f3n\"],\"articleSection\":[\"enoturismo\",\"Post_inicial\",\"vino_tinto\"],\"inLanguage\":\"es\",\"potentialAction\":[{\"@type\":\"CommentAction\",\"name\":\"Comment\",\"target\":[\"https:\\\/\\\/destinocastillayleon.es\\\/index\\\/crianza-2009-de-bodegas-legarisde-bodegas-legaris\\\/#respond\"]}]},{\"@type\":\"WebPage\",\"@id\":\"https:\\\/\\\/destinocastillayleon.es\\\/index\\\/crianza-2009-de-bodegas-legarisde-bodegas-legaris\\\/\",\"url\":\"https:\\\/\\\/destinocastillayleon.es\\\/index\\\/crianza-2009-de-bodegas-legarisde-bodegas-legaris\\\/\",\"name\":\"Conoce nuestra cata del Crianza 2009 de Bodegas Legaris\",\"isPartOf\":{\"@id\":\"https:\\\/\\\/destinocastillayleon.es\\\/index\\\/#website\"},\"primaryImageOfPage\":{\"@id\":\"https:\\\/\\\/destinocastillayleon.es\\\/index\\\/crianza-2009-de-bodegas-legarisde-bodegas-legaris\\\/#primaryimage\"},\"image\":{\"@id\":\"https:\\\/\\\/destinocastillayleon.es\\\/index\\\/crianza-2009-de-bodegas-legarisde-bodegas-legaris\\\/#primaryimage\"},\"thumbnailUrl\":\"https:\\\/\\\/destinocastillayleon.es\\\/index\\\/wp-content\\\/uploads\\\/2013\\\/08\\\/Portada-de-las-Bodegas-Legaris2.jpg\",\"datePublished\":\"2013-09-02T11:18:40+00:00\",\"dateModified\":\"2018-08-22T19:52:48+00:00\",\"author\":{\"@id\":\"https:\\\/\\\/destinocastillayleon.es\\\/index\\\/#\\\/schema\\\/person\\\/189221bc8f6cc4fa28b18ad5c289d4c2\"},\"description\":\"Compartimos nuestra impresi\u00f3n tras la cata del Crianza 2009 de Bodegas Legaris. Un vino muy agradable y sabroso al paladar que recomendamos con un gran vino\",\"breadcrumb\":{\"@id\":\"https:\\\/\\\/destinocastillayleon.es\\\/index\\\/crianza-2009-de-bodegas-legarisde-bodegas-legaris\\\/#breadcrumb\"},\"inLanguage\":\"es\",\"potentialAction\":[{\"@type\":\"ReadAction\",\"target\":[\"https:\\\/\\\/destinocastillayleon.es\\\/index\\\/crianza-2009-de-bodegas-legarisde-bodegas-legaris\\\/\"]}]},{\"@type\":\"ImageObject\",\"inLanguage\":\"es\",\"@id\":\"https:\\\/\\\/destinocastillayleon.es\\\/index\\\/crianza-2009-de-bodegas-legarisde-bodegas-legaris\\\/#primaryimage\",\"url\":\"https:\\\/\\\/destinocastillayleon.es\\\/index\\\/wp-content\\\/uploads\\\/2013\\\/08\\\/Portada-de-las-Bodegas-Legaris2.jpg\",\"contentUrl\":\"https:\\\/\\\/destinocastillayleon.es\\\/index\\\/wp-content\\\/uploads\\\/2013\\\/08\\\/Portada-de-las-Bodegas-Legaris2.jpg\",\"width\":646,\"height\":434},{\"@type\":\"BreadcrumbList\",\"@id\":\"https:\\\/\\\/destinocastillayleon.es\\\/index\\\/crianza-2009-de-bodegas-legarisde-bodegas-legaris\\\/#breadcrumb\",\"itemListElement\":[{\"@type\":\"ListItem\",\"position\":1,\"name\":\"Portada\",\"item\":\"https:\\\/\\\/destinocastillayleon.es\\\/index\\\/\"},{\"@type\":\"ListItem\",\"position\":2,\"name\":\"Cata del vino crianza 2009 de Bodegas Legaris\"}]},{\"@type\":\"WebSite\",\"@id\":\"https:\\\/\\\/destinocastillayleon.es\\\/index\\\/#website\",\"url\":\"https:\\\/\\\/destinocastillayleon.es\\\/index\\\/\",\"name\":\"Destino Castilla y Le\u00f3n\",\"description\":\"Medio digital independiente y revista de Castilla y Le\u00f3n dedicado al turismo, gastronom\u00eda y vino de Castilla y Le\u00f3n\",\"potentialAction\":[{\"@type\":\"SearchAction\",\"target\":{\"@type\":\"EntryPoint\",\"urlTemplate\":\"https:\\\/\\\/destinocastillayleon.es\\\/index\\\/?s={search_term_string}\"},\"query-input\":{\"@type\":\"PropertyValueSpecification\",\"valueRequired\":true,\"valueName\":\"search_term_string\"}}],\"inLanguage\":\"es\"},{\"@type\":\"Person\",\"@id\":\"https:\\\/\\\/destinocastillayleon.es\\\/index\\\/#\\\/schema\\\/person\\\/189221bc8f6cc4fa28b18ad5c289d4c2\",\"name\":\"David V\u00e1zquez\",\"image\":{\"@type\":\"ImageObject\",\"inLanguage\":\"es\",\"@id\":\"https:\\\/\\\/secure.gravatar.com\\\/avatar\\\/cd12db6c575a90c3b75cfa0f794b74d425201c768612fad17e9f13cd33d48be8?s=96&d=mm&r=g\",\"url\":\"https:\\\/\\\/secure.gravatar.com\\\/avatar\\\/cd12db6c575a90c3b75cfa0f794b74d425201c768612fad17e9f13cd33d48be8?s=96&d=mm&r=g\",\"contentUrl\":\"https:\\\/\\\/secure.gravatar.com\\\/avatar\\\/cd12db6c575a90c3b75cfa0f794b74d425201c768612fad17e9f13cd33d48be8?s=96&d=mm&r=g\",\"caption\":\"David V\u00e1zquez\"},\"description\":\"Ingeniero Industrial de vocaci\u00f3n y profesi\u00f3n, he encontrado en los blogs la forma de plasmar mi pasi\u00f3n por los viajes, la gastronom\u00eda y los vinos. Especialmente los procedentes de Castilla y Le\u00f3n\",\"sameAs\":[\"https:\\\/\\\/www.destinocastillayleon.es\",\"https:\\\/\\\/www.facebook.com\\\/profile.php?id=1158416854\",\"https:\\\/\\\/instagram.com\\\/conte.pantaleone\",\"https:\\\/\\\/www.linkedin.com\\\/pub\\\/david-vazquez-lozano\\\/37\\\/17a\\\/25a\",\"https:\\\/\\\/x.com\\\/https:\\\/\\\/twitter.com\\\/ContePantaleone\u200e\"],\"url\":\"https:\\\/\\\/destinocastillayleon.es\\\/index\\\/author\\\/coadministradorcyl\\\/\"}]}<\/script>\n<!-- \/ Yoast SEO Premium plugin. -->","yoast_head_json":{"title":"Conoce nuestra cata del Crianza 2009 de Bodegas Legaris","description":"Compartimos nuestra impresi\u00f3n tras la cata del Crianza 2009 de Bodegas Legaris. Un vino muy agradable y sabroso al paladar que recomendamos con un gran vino","robots":{"index":"index","follow":"follow","max-snippet":"max-snippet:-1","max-image-preview":"max-image-preview:large","max-video-preview":"max-video-preview:-1"},"canonical":"https:\/\/destinocastillayleon.es\/index\/crianza-2009-de-bodegas-legarisde-bodegas-legaris\/","og_locale":"es_ES","og_type":"article","og_title":"Cata del vino crianza 2009 de Bodegas Legaris","og_description":"Compartimos nuestra impresi\u00f3n tras la cata del Crianza 2009 de Bodegas Legaris. Un vino muy agradable y sabroso al paladar que recomendamos con un gran vino","og_url":"https:\/\/destinocastillayleon.es\/index\/crianza-2009-de-bodegas-legarisde-bodegas-legaris\/","og_site_name":"Destino Castilla y Le\u00f3n","article_publisher":"https:\/\/www.facebook.com\/DestinoCastillaYLeon\/","article_author":"https:\/\/www.facebook.com\/profile.php?id=1158416854","article_published_time":"2013-09-02T11:18:40+00:00","article_modified_time":"2018-08-22T19:52:48+00:00","og_image":[{"width":646,"height":434,"url":"https:\/\/destinocastillayleon.es\/index\/wp-content\/uploads\/2013\/08\/Portada-de-las-Bodegas-Legaris2.jpg","type":"image\/jpeg"}],"author":"David V\u00e1zquez","twitter_card":"summary_large_image","twitter_creator":"@https:\/\/twitter.com\/ContePantaleone\u200e","twitter_site":"@destinocyl","twitter_misc":{"Escrito por":"David V\u00e1zquez"},"schema":{"@context":"https:\/\/schema.org","@graph":[{"@type":"Article","@id":"https:\/\/destinocastillayleon.es\/index\/crianza-2009-de-bodegas-legarisde-bodegas-legaris\/#article","isPartOf":{"@id":"https:\/\/destinocastillayleon.es\/index\/crianza-2009-de-bodegas-legarisde-bodegas-legaris\/"},"author":{"name":"David V\u00e1zquez","@id":"https:\/\/destinocastillayleon.es\/index\/#\/schema\/person\/189221bc8f6cc4fa28b18ad5c289d4c2"},"headline":"Cata del vino crianza 2009 de Bodegas Legaris","datePublished":"2013-09-02T11:18:40+00:00","dateModified":"2018-08-22T19:52:48+00:00","mainEntityOfPage":{"@id":"https:\/\/destinocastillayleon.es\/index\/crianza-2009-de-bodegas-legarisde-bodegas-legaris\/"},"wordCount":20,"commentCount":0,"image":{"@id":"https:\/\/destinocastillayleon.es\/index\/crianza-2009-de-bodegas-legarisde-bodegas-legaris\/#primaryimage"},"thumbnailUrl":"https:\/\/destinocastillayleon.es\/index\/wp-content\/uploads\/2013\/08\/Portada-de-las-Bodegas-Legaris2.jpg","keywords":["Bodegas Legaris","bodegas visitables en Pe\u00f1afiel","cata de vino Legaris","enoturismo en la Ribera del Duero","nota de cata del Crianza 2009 de Bodegas Legaris","tintos crianza de Bodegas Legaris","tintos crianza de la Ribera del Duero","Vino de la DO. Ribera de Duero","vinos de Castilla y Le\u00f3n"],"articleSection":["enoturismo","Post_inicial","vino_tinto"],"inLanguage":"es","potentialAction":[{"@type":"CommentAction","name":"Comment","target":["https:\/\/destinocastillayleon.es\/index\/crianza-2009-de-bodegas-legarisde-bodegas-legaris\/#respond"]}]},{"@type":"WebPage","@id":"https:\/\/destinocastillayleon.es\/index\/crianza-2009-de-bodegas-legarisde-bodegas-legaris\/","url":"https:\/\/destinocastillayleon.es\/index\/crianza-2009-de-bodegas-legarisde-bodegas-legaris\/","name":"Conoce nuestra cata del Crianza 2009 de Bodegas Legaris","isPartOf":{"@id":"https:\/\/destinocastillayleon.es\/index\/#website"},"primaryImageOfPage":{"@id":"https:\/\/destinocastillayleon.es\/index\/crianza-2009-de-bodegas-legarisde-bodegas-legaris\/#primaryimage"},"image":{"@id":"https:\/\/destinocastillayleon.es\/index\/crianza-2009-de-bodegas-legarisde-bodegas-legaris\/#primaryimage"},"thumbnailUrl":"https:\/\/destinocastillayleon.es\/index\/wp-content\/uploads\/2013\/08\/Portada-de-las-Bodegas-Legaris2.jpg","datePublished":"2013-09-02T11:18:40+00:00","dateModified":"2018-08-22T19:52:48+00:00","author":{"@id":"https:\/\/destinocastillayleon.es\/index\/#\/schema\/person\/189221bc8f6cc4fa28b18ad5c289d4c2"},"description":"Compartimos nuestra impresi\u00f3n tras la cata del Crianza 2009 de Bodegas Legaris. Un vino muy agradable y sabroso al paladar que recomendamos con un gran vino","breadcrumb":{"@id":"https:\/\/destinocastillayleon.es\/index\/crianza-2009-de-bodegas-legarisde-bodegas-legaris\/#breadcrumb"},"inLanguage":"es","potentialAction":[{"@type":"ReadAction","target":["https:\/\/destinocastillayleon.es\/index\/crianza-2009-de-bodegas-legarisde-bodegas-legaris\/"]}]},{"@type":"ImageObject","inLanguage":"es","@id":"https:\/\/destinocastillayleon.es\/index\/crianza-2009-de-bodegas-legarisde-bodegas-legaris\/#primaryimage","url":"https:\/\/destinocastillayleon.es\/index\/wp-content\/uploads\/2013\/08\/Portada-de-las-Bodegas-Legaris2.jpg","contentUrl":"https:\/\/destinocastillayleon.es\/index\/wp-content\/uploads\/2013\/08\/Portada-de-las-Bodegas-Legaris2.jpg","width":646,"height":434},{"@type":"BreadcrumbList","@id":"https:\/\/destinocastillayleon.es\/index\/crianza-2009-de-bodegas-legarisde-bodegas-legaris\/#breadcrumb","itemListElement":[{"@type":"ListItem","position":1,"name":"Portada","item":"https:\/\/destinocastillayleon.es\/index\/"},{"@type":"ListItem","position":2,"name":"Cata del vino crianza 2009 de Bodegas Legaris"}]},{"@type":"WebSite","@id":"https:\/\/destinocastillayleon.es\/index\/#website","url":"https:\/\/destinocastillayleon.es\/index\/","name":"Destino Castilla y Le\u00f3n","description":"Medio digital independiente y revista de Castilla y Le\u00f3n dedicado al turismo, gastronom\u00eda y vino de Castilla y Le\u00f3n","potentialAction":[{"@type":"SearchAction","target":{"@type":"EntryPoint","urlTemplate":"https:\/\/destinocastillayleon.es\/index\/?s={search_term_string}"},"query-input":{"@type":"PropertyValueSpecification","valueRequired":true,"valueName":"search_term_string"}}],"inLanguage":"es"},{"@type":"Person","@id":"https:\/\/destinocastillayleon.es\/index\/#\/schema\/person\/189221bc8f6cc4fa28b18ad5c289d4c2","name":"David V\u00e1zquez","image":{"@type":"ImageObject","inLanguage":"es","@id":"https:\/\/secure.gravatar.com\/avatar\/cd12db6c575a90c3b75cfa0f794b74d425201c768612fad17e9f13cd33d48be8?s=96&d=mm&r=g","url":"https:\/\/secure.gravatar.com\/avatar\/cd12db6c575a90c3b75cfa0f794b74d425201c768612fad17e9f13cd33d48be8?s=96&d=mm&r=g","contentUrl":"https:\/\/secure.gravatar.com\/avatar\/cd12db6c575a90c3b75cfa0f794b74d425201c768612fad17e9f13cd33d48be8?s=96&d=mm&r=g","caption":"David V\u00e1zquez"},"description":"Ingeniero Industrial de vocaci\u00f3n y profesi\u00f3n, he encontrado en los blogs la forma de plasmar mi pasi\u00f3n por los viajes, la gastronom\u00eda y los vinos. Especialmente los procedentes de Castilla y Le\u00f3n","sameAs":["https:\/\/www.destinocastillayleon.es","https:\/\/www.facebook.com\/profile.php?id=1158416854","https:\/\/instagram.com\/conte.pantaleone","https:\/\/www.linkedin.com\/pub\/david-vazquez-lozano\/37\/17a\/25a","https:\/\/x.com\/https:\/\/twitter.com\/ContePantaleone\u200e"],"url":"https:\/\/destinocastillayleon.es\/index\/author\/coadministradorcyl\/"}]}},"_links":{"self":[{"href":"https:\/\/destinocastillayleon.es\/index\/wp-json\/wp\/v2\/posts\/6598","targetHints":{"allow":["GET"]}}],"collection":[{"href":"https:\/\/destinocastillayleon.es\/index\/wp-json\/wp\/v2\/posts"}],"about":[{"href":"https:\/\/destinocastillayleon.es\/index\/wp-json\/wp\/v2\/types\/post"}],"author":[{"embeddable":true,"href":"https:\/\/destinocastillayleon.es\/index\/wp-json\/wp\/v2\/users\/2"}],"replies":[{"embeddable":true,"href":"https:\/\/destinocastillayleon.es\/index\/wp-json\/wp\/v2\/comments?post=6598"}],"version-history":[{"count":34,"href":"https:\/\/destinocastillayleon.es\/index\/wp-json\/wp\/v2\/posts\/6598\/revisions"}],"predecessor-version":[{"id":28701,"href":"https:\/\/destinocastillayleon.es\/index\/wp-json\/wp\/v2\/posts\/6598\/revisions\/28701"}],"wp:featuredmedia":[{"embeddable":true,"href":"https:\/\/destinocastillayleon.es\/index\/wp-json\/wp\/v2\/media\/6923"}],"wp:attachment":[{"href":"https:\/\/destinocastillayleon.es\/index\/wp-json\/wp\/v2\/media?parent=6598"}],"wp:term":[{"taxonomy":"category","embeddable":true,"href":"https:\/\/destinocastillayleon.es\/index\/wp-json\/wp\/v2\/categories?post=6598"},{"taxonomy":"post_tag","embeddable":true,"href":"https:\/\/destinocastillayleon.es\/index\/wp-json\/wp\/v2\/tags?post=6598"}],"curies":[{"name":"wp","href":"https:\/\/api.w.org\/{rel}","templated":true}]}}