{"id":6308,"date":"2013-08-31T10:23:10","date_gmt":"2013-08-31T10:23:10","guid":{"rendered":"http:\/\/destinocastillayleon.es\/index\/?p=6308"},"modified":"2016-12-18T22:24:16","modified_gmt":"2016-12-18T21:24:16","slug":"rompiendo-fronteras-guadalajara","status":"publish","type":"post","link":"https:\/\/destinocastillayleon.es\/index\/rompiendo-fronteras-guadalajara\/","title":{"rendered":"Cruzando fronteras: Guadalajara"},"content":{"rendered":"<p>Inauguramos esta secci\u00f3n con una visita a la otra Castilla,<strong> <a title=\"Link a Wikipedia sobre Castilla La Mancha\" href=\"http:\/\/es.wikipedia.org\/wiki\/Castilla-La_Mancha\" target=\"_blank\">Castilla la Mancha<\/a><\/strong>,<strong> tierra hermana muy\u00a0ligada a Castilla y Le\u00f3n<\/strong>, compartiendo una historia com\u00fan.<br \/>\n&nbsp;<br \/>\n<!--\n\n\n<h3>C\u00f3mo llegar<\/h3>\n\n\nViajar hasta <a title=\"Link a Google maps que te posiciona Guadalajara\" href=\"https:\/\/maps.google.es\/maps?q=Guadalajara&amp;hl=es&amp;sll=39.457085,-5.877864&amp;sspn=0.051359,0.077162&amp;oq=Guad&amp;t=h&amp;hnear=Guadalajara,+Castilla-La+Mancha&amp;z=13\" target=\"_blank\">Guadalajara<\/a> es f\u00e1cil, llegar\u00e1s en coche por la nacional <strong>N-320<\/strong>, o por la <strong>autov\u00eda A2<\/strong>. Si te encuentras en Madrid, tambi\u00e9n puedes tomar un <strong><a title=\"Link a la web de Renfe sobre los Cercan\u00edas a Guadalajara\" href=\"http:\/\/www.renfe.com\/viajeros\/cercanias\/madrid\/civis.html\" target=\"_blank\">cercan\u00edas, l\u00ednea C2<\/a> <\/strong>en Atocha, Nuevos Ministerios o Chamartin. Por un precio bastante reducido puedes estar en apenas una hora.\n&nbsp; \n\n\n<h3>Historia de la Ciudad<\/h3>\n\n\nPosiblemente, el origen de la ciudad sea unos asentamientos <a title=\"Link a Wikipedia sobre los \u00cdberos\" href=\"http:\/\/es.wikipedia.org\/wiki\/Ibero\" target=\"_blank\">\u00edberos<\/a>, de los que apenas quedan algunos restos p\u00e9treos esparcidos en el entorno.\n&nbsp; \n\n\n<h4>Herencia de nuestro pasado y de Roma<\/h4>\n\n\nEl <a title=\"Link a Wikipedia sobre el Puente del Henares en Guadalajara\" href=\"es.wikipedia.org\/wiki\/Puente_del_Henares_(Guadalajara)\" target=\"_blank\">puente sobre el r\u00edo Henares<\/a> posee tantas modificaciones que es imposible saber si \u00e9ste es el original de \u00e9poca romana. Existen <a title=\"Link a Wikipedia sobre las Cr\u00f3nicas de Antonino que hablan de las v\u00edas romanas en Espa\u00f1a\" href=\"http:\/\/es.wikipedia.org\/wiki\/Itinerario_de_Antonino\" target=\"_blank\">cr\u00f3nicas romanas<\/a> que indican que exist\u00eda una ruta denominada<strong> v\u00eda Domiciana,<\/strong> y algunas piedras del puente poseen un tratamiento de estilo romano. Lo curioso de este puente es que no hay un arco igual a otro.\n&nbsp; \n<center><img decoding=\"async\" title=\"Puente sobre el Henares a su paso por Guadalajar - Cortes\u00eda de Wikipedia\" alt=\"Puente sobre el Henares a su paso por Guadalajar - Cortes\u00eda de Wikipedia\" src=\"http:\/\/upload.wikimedia.org\/wikipedia\/commons\/thumb\/2\/24\/Henares_Bridge%2C_Guadalajara.jpg\/800px-Henares_Bridge%2C_Guadalajara.jpg\" width=\"640\" \/><\/center>\n&nbsp; \nLo que si se ha podido rastrear son asentamientos visigodos, como necr\u00f3polis y cer\u00e1micas. La verdadera fundaci\u00f3n se encuentra en la\u00a0<a title=\"Link a Wikipedia sobre el Al'Andalus\" href=\"http:\/\/es.wikipedia.org\/wiki\/Andalus%C3%AD\" target=\"_blank\">ocupaci\u00f3n andalus\u00ed<\/a>.\u00a0Sin duda, el origen del alc\u00e1zar es de esta \u00e9poca.\u00a0Esta fortificaci\u00f3n apoyar\u00eda a una muralla a lo largo del cerro donde se asienta la ciudad.\n&nbsp; \n\n\n<h4>El paso de los \u00e1rabes<\/h4>\n\n\nEl <a title=\"Link a Wikipedia sobre Abdarahman III\" href=\"http:\/\/es.wikipedia.org\/wiki\/Abd_al-Rahman_III\" target=\"_blank\">califa Abd al-Rahman III<\/a> visit\u00f3 la ciudad con asiduidad y utiliz\u00f3 el alc\u00e1zar como base militar por ser lugar de paso hacia las batallas con los reinos cristianos del norte de la pen\u00ednsula Ib\u00e9rica.\n&nbsp; \n<center><img decoding=\"async\" title=\"Abd al-Rahman III - Cortes\u00eda de Wikipedia\" alt=\"Abd al-Rahman III - Cortes\u00eda de Wikipedia\" src=\"http:\/\/upload.wikimedia.org\/wikipedia\/commons\/d\/df\/AbderramanIII.jpg\" width=\"220\" \/><\/center>\n&nbsp; \n<strong>De esta \u00e9poca es la concatedral<\/strong>, que antiguamente fue una mezquita y el urbanismo del centro hist\u00f3rico. El dominio andalus\u00ed de la ciudad fue de casi cuatro siglos, hasta que a finales del siglo XI pas\u00f3 a manos de Alfonso VI de Castilla.\n&nbsp; \n<H4>Reconquista cristiana<\/h4>\n\n\nLa <a title=\"Link a Wikipedia sobre la Catedral de Guadalajara\" href=\"http:\/\/es.wikipedia.org\/wiki\/Concatedral_de_Santa_Mar%C3%ADa_de_Guadalajara\" target=\"_blank\">iglesia de Santa Mar\u00eda<\/a>, actual concatedral fue reedificada como iglesia cristiana y fue <strong>s\u00edmbolo del poder castellano<\/strong>. Desde Guadalajara, era posible lanzarse a reconquistar el<a title=\"Link a Wikipedia sobre el Reino de Taifa de Toledo\" href=\"http:\/\/es.wikipedia.org\/wiki\/Taifa_de_Toledo\" target=\"_blank\"> reino de Taifa de Toledo<\/a>.\n&nbsp; \n\n\n<h4>Tiempos de explendor durante la edad moderna<\/h4>\n\n\n<strong>La llegada de grandes familias en busca de nuevas tierras procedentes del norte de Castilla y de Navarra,<\/strong> como los Orozco y los Mendoza dio un paso a una \u00e9poca de esplendor a la villa, dando <a title=\"Link a Wikipedia sobre Alfonso VII de Castilla\" href=\"http:\/\/es.wikipedia.org\/wiki\/Alfonso_VII_de_Castilla\" target=\"_blank\">Alfonso VII<\/a> su primer fuero en 1133.\n&nbsp; \n\n\n<h4>El Cardenal Mendoza en Guadalajara<\/h4>\n\n\nEn la segunda mitad del siglo XIV se estableci\u00f3 en Guadalajara <a title=\"Link a Wikipedia sobre la Casa familar de los Mendoza\" href=\"http:\/\/es.wikipedia.org\/wiki\/Familia_de_Mendoza\" target=\"_blank\">la familia Mendoza<\/a>, cuyo destino en adelante marc\u00f3 el de la ciudad. Entre los miembros de esta familia figuran <a title=\"Link a Wikipedia sobre I\u00f1igo L\u00f3pez de Mendoza, marqu\u00e9s de Santillana\" href=\"http:\/\/es.wikipedia.org\/wiki\/Marqu%C3%A9s_de_Santillana\" target=\"_blank\">\u00cd\u00f1igo L\u00f3pez de Mendoza<\/a>, el marqu\u00e9s de Santillana, y <a title=\"Link a Wikipedia sobre Pedro L\u00f3peza de Mendoza, el Cardenal Mendoza\" href=\"http:\/\/es.wikipedia.org\/wiki\/Pedro_Gonz%C3%A1lez_de_Mendoza_%28cardenal%29\" target=\"_blank\">Pedro Gonz\u00e1lez de Mendoza<\/a>, m\u00e1s conocido como <strong>el Cardenal Mendoza.\u00a0<\/strong>\n&nbsp; \n<center><img decoding=\"async\" title=\"Busto de El Cardenal Mendoza\" alt=\"Busto de El Cardenal Mendoza\" src=\"http:\/\/destinocastillayleon.es\/index\/wp-content\/uploads\/2013\/08\/El-Cardenal-Mendoza.jpg\" width=\"420\" \/><\/center>\n&nbsp; \nTras el auge del s. XVI, durante el siglo siguiente <strong>los Mendoza trasladaron su sede a Madrid, mermando poco a poco el desarrollo de la ciudad.<\/strong> Durante la<a title=\"Link a Wikipedia sobre la guerra de Sucesi\u00f3n\" href=\"http:\/\/es.wikipedia.org\/wiki\/Guerra_de_Sucesi%C3%B3n_Espa%C3%B1ola\" target=\"_blank\"> Guerra de Sucesi\u00f3n Espa\u00f1ola<\/a>, Guadalajara fue saqueada. <a title=\"Link a Wikipedia sobre el Rey Felipe V de Anjou, primer Rey Borb\u00f3n en Espa\u00f1a\" href=\"http:\/\/es.wikipedia.org\/wiki\/Felipe_V_de_Espa%C3%B1a\" target=\"_blank\">Felipe V<\/a> orden\u00f3 el establecimiento de la Real F\u00e1brica de Pa\u00f1os de Guadalajara, que funcion\u00f3 en el \u00c1lcazar hasta principios del siglo XIX.\n&nbsp; \n\n\n<h4>Inicio de la decadencia<\/h4>\n\n\n<strong>En 1808 Guadalajara fue tomada por el ej\u00e9rcito franc\u00e9s<\/strong>; y durante <a title=\"Link a Wikipedia sobre la invasi\u00f3n francesa y Guerra de la Independencia\" href=\"http:\/\/es.wikipedia.org\/wiki\/Guerra_de_la_Independencia_Espa%C3%B1ola\" target=\"_blank\">la Guerra de la Independencia Espa\u00f1ola<\/a> y fue parcialmente destruida. Tras estos desastres, la f\u00e1brica de pa\u00f1os fue cerrada, y Guadalajara fue entrando en la \u00f3rbita de Madrid.\n&nbsp; \n\n\n<h4>El Guadalajara actual<\/h4>\n\n\nDespu\u00e9s de la <a title=\"Link a Wikipedia sobre la Guerra Civil Espa\u00f1ola\" href=\"http:\/\/es.wikipedia.org\/wiki\/Guerra_Civil_Espa%C3%B1ola\" target=\"_blank\">Guerra Civil Espa\u00f1ola<\/a>, qued\u00f3 nuevamente semidestruida, por lo que en 1959 Guadalajara fue incluida en los planes de desarrollo como un pol\u00edgono industrial alternativo a los de Madrid.\n&nbsp; \n\n\n<h3>Qu\u00e9 visitar<\/h3>\n\n\n<strong><a title=\"Link a Wikipedia sobre Guadalajara\" href=\"http:\/\/es.wikipedia.org\/wiki\/Guadalajara_%28Espa%C3%B1a%29\" target=\"_blank\">Guadalajara <\/a>es una ciudad con mucha historia<\/strong>, y posee un casco antiguo hermoso de ver, pero su cercan\u00eda a Madrid ha eclipsado su crecimiento como ciudad aut\u00f3noma.\n&nbsp; \n\n\n<h4>Ruta tur\u00edstica recomendada<\/h4>\n\n\n<center><iframe src=\"https:\/\/maps.google.com\/maps\/ms?msa=0&amp;msid=213498380692195100094.0004e498f8eb8e989da8c&amp;hl=es&amp;ie=UTF8&amp;t=h&amp;ll=40.635059,-3.166037&amp;spn=0.011724,0.017552&amp;z=15&amp;output=embed\" height=\"480\" width=\"640\" frameborder=\"0\" marginwidth=\"0\" marginheight=\"0\" scrolling=\"no\"><\/iframe><\/center>Conoce en un <a style=\"color: #ff9100; text-align: center;\" href=\"https:\/\/maps.google.com\/maps\/ms?msa=0&amp;msid=213498380692195100094.0004e498f8eb8e989da8c&amp;hl=es&amp;ie=UTF8&amp;t=h&amp;ll=40.635059,-3.166037&amp;spn=0.011724,0.017552&amp;z=15&amp;source=embed\">mapa m\u00e1s grande<\/a> nuestra ruta por Guadalajara.\n&nbsp; \n\n\n<h4>Ruinas del antiguo Alcazar<\/h4>\n\n\n<strong>Llegando a Guadalajara, encontramos las ruinas del que fue <a title=\"Link a Wikipedia sobre el Alc\u00e1zar de Guadalajara\" href=\"http:\/\/es.wikipedia.org\/wiki\/Alc%C3%A1zar_de_Guadalajara\" target=\"_blank\">el Alc\u00e1zar de Guadalajara<\/a>.<\/strong> Una construcci\u00f3n defensiva en un estado deplorable de conservaci\u00f3n que habla de la fundaci\u00f3n de la ciudad sobre restos hispanorromanos (que posiblemente estuviesen sobre un poblado \u00edbero). Sobre todo debido a la mala calidad de los materiales constructivos.\n\nFue terminado de construir por <a title=\"Link a Wikipedia sobre Abdarahman III\" href=\"http:\/\/es.wikipedia.org\/wiki\/Abd_al-Rahman_III\" target=\"_blank\">Abderram\u00e1n III<\/a> para defenderse de las incursiones cristianas que a\u00fan estaban en la frontera del r\u00edo Duero. Visitar este alc\u00e1zar es posible, encuentra toda la informaci\u00f3n<strong>\u00a0en\u00a0el folleto de visita\u00a0<strong><a title=\"Descarga el folleto de visita del Alc\u00e1zar de Guadalajara\" href=\"http:\/\/www.guadalajara.es\/recursos\/doc\/Turismo\/Monumentos_guias\/34500_285285201374032.pdf\" target=\"_blank\">aqu\u00ed<\/a>.<\/strong><\/strong>\n&nbsp; \n<center><img decoding=\"async\" title=\"Alc\u00e1zar de Guadalajara - cortes\u00eda de Wikipedia\" alt=\"Alc\u00e1zar de Guadalajara\" src=\"http:\/\/upload.wikimedia.org\/wikipedia\/commons\/e\/e5\/RuinasAlcazarGuadalajara2006.jpg\" width=\"640\" \/><\/center>\n&nbsp; \n\n\n<h4>Palacio del Infantado<\/h4>\n\n\nDestacamos subiendo a la parte de la ciudad m\u00e1s antigua desde la Avenida del Ej\u00e9rcito, <strong>el impresionante <a title=\"Link a Wikipedia sobre el Palacio del Infantado\" href=\"http:\/\/es.wikipedia.org\/wiki\/Palacio_del_Infantado\" target=\"_blank\">Palacio del Infantado<\/a>.<\/strong> Casa madre de <a title=\"Link a Wikipedia sobre la Casa familar de los Mendoza\" href=\"http:\/\/es.wikipedia.org\/wiki\/Casa_de_Mendoza\" target=\"_blank\">la familia de los Mendoza<\/a>.\n&nbsp; \n<center><img decoding=\"async\" title=\"Escultura de D. Pedro L\u00f3pez de Mendoza, el Cardenal Mendoza\" alt=\"Escultura de D. Pedro L\u00f3pez de Mendoza, el Cardenal Mendoza\" src=\"http:\/\/destinocastillayleon.es\/index\/wp-content\/uploads\/2013\/08\/Escultura-del-Cardenal-Mendoza.jpg\" width=\"640\" \/><\/center>\n&nbsp; \nEste palacio de corte renacentista sustituye a uno original m\u00e1s antiguo. Junto a \u00e9l, actualmente existe <strong>una estatua que recuerda a uno de los m\u00e1s ilustres miembros de tan noble familia, el<a title=\"Link a Wikipedia sobre el Cardenal Mendoza\" href=\"http:\/\/es.wikipedia.org\/wiki\/Pedro_Gonz%C3%A1lez_de_Mendoza_%28cardenal%29\" target=\"_blank\"> Cardenal Pedro de Mendoza<\/a><\/strong>, amigo y aliado de los <a title=\"Link a Wikipedia sobre los Reyes Cat\u00f3licos\" href=\"http:\/\/es.wikipedia.org\/wiki\/Reyes_Cat%C3%B3licos\" target=\"_blank\">Reyes Cat\u00f3licos<\/a>, que dar\u00eda a\u00fan m\u00e1s fama y grandeza a esta familia.\n&nbsp; \n[easyrotator]erf_7_1377701743\/erf_42_1377701759\/erc_13_1377701806[\/easyrotator]\n&nbsp; \nActualmente el palacio est\u00e1 cedido a la fundaci\u00f3n del Archivo Historico de Guadalajara, siendo tambi\u00e9n <strong>sede del Museo Provincial de Guadalajara.<\/strong> No debes perder la oportunidad de visitarlo. Puedes encontrar m\u00e1s informaci\u00f3n en cuanto horarios, exposiciones y dem\u00e1s en la web: de\u00a0<a title=\"Link a la web oficial del Museo en el Palacio del Infantado\" href=\"http:\/\/www.turismocastillalamancha.com\/arte-cultura\/monumentos\/guadalajara\/palacio-del-infantado\/\" target=\"_blank\">Turismo Castilla La Mancha<\/a>\n\nSi nos adentramos en <strong>los jardines que se encuentran a la derecha de la fachada principal,<\/strong> adem\u00e1s de disfrutar de una espacio muy hermoso, podemos encontrar una de las torres de la antigua muralla. La conocida como el <a title=\"Link a Wikipedia sobre el Torre\u00f3n de Alvar Fa\u00f1ez\" href=\"http:\/\/es.wikipedia.org\/wiki\/Torre%C3%B3n_de_%C3%81lvar_F%C3%A1%C3%B1ez\" target=\"_blank\">Torre\u00f3n de Alvar F\u00e1\u00f1ez de Minaya<\/a>. En su interior se conserva un centro de interpretaci\u00f3n.\n&nbsp; \n\n\n<h4>Torre\u00f3n de Alvar Fa\u00f1ez<\/h4>\n\n\n<center><img decoding=\"async\" title=\"Torre\u00f3n de Alvar Fa\u00f1ez en Guadalajara\" alt=\"Torre\u00f3n de Alvar Fa\u00f1ez en Guadalajara\" src=\"http:\/\/upload.wikimedia.org\/wikipedia\/commons\/thumb\/a\/a4\/Torre%C3%B3n_de_%C3%81lvarez_F%C3%A1%C3%B1ez2.jpg\/800px-Torre%C3%B3n_de_%C3%81lvarez_F%C3%A1%C3%B1ez2.jpg\" width=\"640\" \/><\/center>\n&nbsp; \nDescarga <a title=\"Descarga el folleto de visita del Pate\u00f3n de los Mendoza\" href=\"http:\/\/www.guadalajara.es\/recursos\/doc\/Turismo\/Monumentos_guias\/9166_2162162013141641.pdf\" target=\"_blank\">aqu\u00ed <\/a>el folleto con informaci\u00f3n \u00fatil para poder visitarlo.\n&nbsp; \n<center><iframe src=\"\/\/www.youtube.com\/embed\/V0Go1v7XBLs\" height=\"360\" width=\"580\" allowfullscreen=\"\" frameborder=\"0\"><\/iframe><\/center>\n&nbsp; \nVamos a subir por su lateral, hacia la calle mayor. Esta calle un poco m\u00e1s adelante se vuelve peatonal y mucho m\u00e1s comercial. Pero antes, vamos a desviarnos ligeramente a la izquierda en la <a title=\"Link a Google maps que te indica c\u00f3mo llegar al punto\" href=\"https:\/\/maps.google.es\/maps?q=calle+del+Doctor+Benito+Hernando,+7,+Guadalajara&amp;hl=es&amp;ll=40.634595,-3.166766&amp;spn=0.00631,0.009645&amp;sll=40.634661,-3.166453&amp;sspn=0.00631,0.009645&amp;t=h&amp;hnear=Calle+Doctor+Benito+Hernando,+7,+Guadalajara&amp;z=17\" target=\"_blank\">calle del Doc. Benito Hernando<\/a>.\n&nbsp; \n\n\n<h4>Palacio de D. Antonio de Mendoza<\/h4>\n\n\n<strong>El <a title=\"Link a Wikipedia sobre el Palacio de D. Antonio Mendoza\" href=\"http:\/\/es.wikipedia.org\/wiki\/Palacio_de_Antonio_de_Mendoza\" target=\"_blank\">Palacio Monasterio de la Piedad<\/a> de D. Antonio Mendoza<\/strong>, actualmente utilizado como instituto posee otro maravilloso <strong>patio renacentista<\/strong>, que nos habla de un pasado importante de la ciudad, no por nada en Latinoam\u00e9rica se fundaron otras Guadalajaras. En su interior, encontramos un escudo de <a title=\"Link a Wikipedia sobre Carlos I de Espa\u00f1a\" href=\"http:\/\/es.wikipedia.org\/wiki\/Carlos_I_de_Espa%C3%B1a\" target=\"_blank\">Carlos I de Espa\u00f1a<\/a> esculpido en piedra que es una joya.\n&nbsp; \n\n\n<h4>Convento de la Piedad<\/h4>\n\n\n<center><img decoding=\"async\" title=\"Fachada del conventeo de la Piedad, actualmente un instituto de educaci\u00f3n secundaria\" alt=\"Fachada del conventeo de la Piedad, actualmente un instituto de educaci\u00f3n secundaria\" src=\"http:\/\/upload.wikimedia.org\/wikipedia\/commons\/e\/e1\/Convento_de_la_Piedad%2C_Guadalajara.jpg\" width=\"420\" \/><\/center>\n&nbsp; \nEn este entorno, lo mejor es perderse y dejarse seducir por peque\u00f1as calles donde a\u00fan los comercios tradicionales sobreviven. Pero, sigamos subiendo. Llegaremos a la plaza del Ayuntamiento. Un precioso ejemplo de <a title=\"Link a Wikipedia sobre la arquitectura eclectica\" href=\"http:\/\/es.wikipedia.org\/wiki\/Arquitectura_ecl%C3%A9ctica\" target=\"_blank\">arquitectura ecl\u00e9ctica<\/a> que tan de moda estuvo entre finales del siglo XIX y principios del XX.\n&nbsp; \n\n\n<h4>Plaza Mayor de Guadalajara<\/h4>\n\n\n<center><img decoding=\"async\" title=\"Plaza Mayor de Guadalajara\" alt=\"Plaza Mayor de Guadalajara\" src=\"http:\/\/upload.wikimedia.org\/wikipedia\/commons\/thumb\/2\/2c\/Edificios_Plaza_Mayor%2C_Guadalajara.jpg\/800px-Edificios_Plaza_Mayor%2C_Guadalajara.jpg\" width=\"640\" \/><\/center>\n&nbsp; \nSi llegamos a la parte m\u00e1s alta de esta calle, encontramos que a la derecha se conserva la Iglesia de San Gines. Construido en 1561, el edificio posee trazas en <a title=\"Link a Wikipedia sobre el estilo G\u00f3tico Isabelino\" href=\"https:\/\/es.wikipedia.org\/wiki\/G%C3%B3tico_isabelino\" target=\"_blank\">estilo g\u00f3ticoisabelino<\/a> tard\u00edo, y ya elementos claramente clasicos, que nos record\u00f3 a la Iglesia de Santo Tom\u00e1s de \u00c1vila.\n&nbsp; \n<center><img decoding=\"async\" title=\"Iglesia de San Gin\u00e9s de Guadalajara\" alt=\"Iglesia de San Gin\u00e9s de Guadalajara\" src=\"http:\/\/upload.wikimedia.org\/wikipedia\/commons\/thumb\/c\/c4\/Iglesia_de_San_Gin%C3%A9s2.jpg\/800px-Iglesia_de_San_Gin%C3%A9s2.jpg\" width=\"640\" \/><\/center>\n&nbsp; \n\n\n<h4>Parque de la Concordia<\/h4>\n\n\nSaliendo de la iglesia a la derecha, <strong>vamos a encontrar <a title=\"Link a Wikipedia sobre el Parque de la Concordia\" href=\"http:\/\/es.wikipedia.org\/wiki\/Parque_de_la_Concordia_%28Guadalajara%29\" target=\"_blank\">el Parque de la Concoridia<\/a>.<\/strong> Se trata de un jard\u00edn bot\u00e1nico con algo de estilo rom\u00e1ntico. Puedes darte un agradable paseo por \u00e9l o tomar un descanso en su terraza al igual que hicimos nosotros.\n&nbsp; \n\n\n<h4>Monasterio de San Francisco y Cripta\/Pante\u00f3n de los Mendoza<\/h4>\n\n\nTras esta pausa, bajamos por su lateral, por la calle del Capit\u00e1n Boixareu Rivera, buscando una plaza circular que posee una rotonda. La idea es subir por una colina cercana <strong>buscando el <a title=\"Link a Wikipedia sobre el Monasterior de San Francisco\" href=\"http:\/\/es.wikipedia.org\/wiki\/Fuerte_de_San_Francisco_%28Guadalajara%29\" target=\"_blank\">Monasterio de San Francisco<\/a>\u00a0que cuenta con una cripta visitable, recientemente restaurada.<\/strong>\n&nbsp; \n<center><img decoding=\"async\" title=\"Cripta del Pante\u00f3n de los Mendoza, en el Monasterio de San Francisco de Guadalajara\" alt=\"Cripta del Pante\u00f3n de los Mendoza, en el Monasterio de San Francisco de Guadalajara\" src=\"http:\/\/upload.wikimedia.org\/wikipedia\/commons\/e\/e5\/Crypt_of_San_Francisco_02.jpg\" width=\"640\" \/><\/center>\n&nbsp; \nLa Cripta de los Mendoza es un pante\u00f3n familiar de los Duques del Infantado. Est\u00e1 inspirado en el <strong>Pate\u00f3n Real del Palacio de El Escorial<\/strong>. La visita se puede realizar con un horario estricto, por lo que te recomendamos que lo mires cuando planifiques tu visita. Descarga <a title=\"Descarga el folleto de visita del Pate\u00f3n de los Mendoza\" href=\"http:\/\/www.guadalajara.es\/recursos\/doc\/Turismo\/Monumentos_guias\/45353_2052052013135020.pdf\" target=\"_blank\">aqu\u00ed <\/a>el folleto con la informaci\u00f3n de inter\u00e9s.\n&nbsp; \n\n\n<h4>Concatedral de Guadalajara<\/h4>\n\n\nRegresando a la rotonda, puedes tomar la Calle del Doc. Ram\u00f3n y Cajal que te lleva a la <strong><a title=\"Link a Wikipedia sobre la Catedral de Guadalajara\" href=\"http:\/\/es.wikipedia.org\/wiki\/Concatedral_de_Santa_Mar%C3%ADa_de_Guadalajara\" target=\"_blank\">Concatedral de Guadalajara<\/a>,<\/strong> que se asienta sobre una antigua mezquita reconstruida en el siglo XIV. Es una hermosa construcci\u00f3n con una amalgama de estilos, en el que destaca <strong>el bello ladrillo mud\u00e9jar.<\/strong>\n&nbsp; \n<center><img decoding=\"async\" title=\"Concatedral de Guadalajara\" alt=\"Concatedral de Guadalajara\" src=\"http:\/\/destinocastillayleon.es\/index\/wp-content\/uploads\/2013\/08\/Catedral-de-Guadalajara.jpg\" width=\"640\" \/><\/center>\n&nbsp; \n\n\n<h4>Torre\u00f3n del Alam\u00edn<\/h4>\n\n\nRodeando esta construcci\u00f3n, llegamos a una de las viejas puertas de la ciudad, de cuando ten\u00eda muralla. Para defender esta posici\u00f3n, hay un puente y una torre. En el interior de esta torre, llamada <a title=\"Link a Wikipedia sobre el Torre\u00f3n del Alam\u00edn\" href=\"http:\/\/es.wikipedia.org\/wiki\/Torre%C3%B3n_del_Alam%C3%ADn\" target=\"_blank\">Torre\u00f3n del Alam\u00edn<\/a>, se encuentra <strong>un centro de interpretaci\u00f3n de la muralla e historia de la ciudad<\/strong>. Descarga\u00a0<a title=\"Descarga el folleto de visita al Torre\u00f3n de Alam\u00edn\" href=\"http:\/\/www.guadalajara.es\/recursos\/doc\/Turismo\/Monumentos_guias\/31172_216216201313322.pdf\" target=\"_blank\">aqu\u00ed <\/a>el folleto con la informaci\u00f3n \u00fatil de este centro.\n&nbsp; \n<center><img decoding=\"async\" title=\"Torre\u00f3n del Alamin\" alt=\"Torre\u00f3n del Alamin\" src=\"http:\/\/upload.wikimedia.org\/wikipedia\/commons\/4\/4c\/Torre%C3%B3n_del_Alam%C3%ADn_y_puente_de_las_Infantas.jpg\" width=\"640\" \/><\/center>\n&nbsp; \n\n\n<h4>Capilla de Luis de Lucena<\/h4>\n\n\nRegresando a la Catedral y a escasos 50 metros por la <a title=\"Link a Google maps d\u00f3nde se encuentra esta capilla\" href=\"https:\/\/maps.google.es\/maps?q=cuesta+de+San+Miguel+7,+Guadalajara,+Espa%C3%B1a&amp;hl=es&amp;ie=UTF8&amp;sll=40.633744,-3.163097&amp;sspn=0.003045,0.004823&amp;t=h&amp;hnear=Cuesta+San+Miguel,+7,+Guadalajara&amp;z=16\" target=\"_blank\">Cuesta de San Miguel<\/a>, se encuentra<strong> la <a title=\"Link a Wikipedia sobre la Capilla de Lu\u00eds de Lucena\" href=\"http:\/\/es.wikipedia.org\/wiki\/Capilla_de_Luis_de_Lucena\" target=\"_blank\">Capilla de Luis de Lucena<\/a><\/strong>, que no son otra cosa que los restos de la debi\u00f3 ser una hermosa <a title=\"Link a Wikipedia sobre el Estilo Mudejar\" href=\"http:\/\/es.wikipedia.org\/wiki\/Arte_mud%C3%A9jar\" target=\"_blank\">iglesia mud\u00e9jar<\/a>. Descarga <a title=\"Descarga el folleto de visita de la Capilla de Luis de Lucena\" href=\"http:\/\/www.guadalajara.es\/recursos\/doc\/Turismo\/Monumentos_guias\/6517_1461462013102232.pdf\" target=\"_blank\">aqu\u00ed <\/a>el folleto.\n&nbsp; \n<center><img decoding=\"async\" title=\"Capilla de D. Luis de Lucena\" alt=\"Capilla de D. Luis de Lucena\" src=\"http:\/\/destinocastillayleon.es\/index\/wp-content\/uploads\/2013\/08\/Capilla-de-Don-Luis-de-Lucena-.jpg\" width=\"90%\" \/><\/center>\n&nbsp; \n\n\n<h3>D\u00f3nde tomar algo<\/h3>\n\n\nTomamos dos consumiciones en Guadalajara; La primera no la vamos a recomendar, pues entendemos que fue un precio abusivo y desde aqu\u00ed os recomendamos que no vay\u00e1is. Se trata del bar Pe\u00f1al\u00e9n junto al Palacio de Infantado.\n\nEl sitio que si nos gust\u00f3 se encuentra en la Plaza de Santo Domingo. Se llama <strong><a title=\"Link a la web oficial de Indalo Tapas\" href=\"http:\/\/www.indalotapas.com\/\" target=\"_blank\">\u00cdndalo Tapas<\/a><\/strong>, una cadena de cafeter\u00edas con una buena carta de tapas cuya<strong>\u00a0relaci\u00f3n calidad precio es excepcional.<\/strong> Punto aparte la amabilidad de los camareros, que fueron muy simp\u00e1ticos y nos ayudaron en todo lo que pudieron.\n&nbsp; \n\n\n<h3>Hacer turismo en Guadalajara<\/h3>\n\n\nAunque hemos hablado de muchos sitios, en la oficina de turismo encontrar\u00e1s m\u00e1s cosas interesantes. Te dejamos el enlace a la web d\u00f3nde encontraras toda la informaci\u00f3n que necesites: pulsa <a title=\"Link a la web oficial de la Oficina de Turismo de Guadalajara\" href=\"http:\/\/www.guadalajara.es\/es\/Turismo\" target=\"_blank\"><strong>aqu\u00ed<\/strong><\/a>.\n\n<strong>Y hasta aqu\u00ed el resumen de nuestra visita a Guadalajara. \u00bfConoces la ciudad? \u00bfPor qu\u00e9 no nos comentas otros sitios interesantes que visitar?<\/strong>\n&nbsp; --><\/p>\n<p><center><\/p>\n<h2>El contenido sobre Guadalajara se ha trasladado a <strong>Destino&#038;Sabor<\/strong><\/h2>\n<p>Pulsa sobre la imagen para seguir difrutando de esta entrada.<\/center><\/p>\n<p><a href=\"http:\/\/destinoysabor.com\/blog\/cruzando-fronteras-guadalajara\/\"><img decoding=\"async\" class=\"aligncenter size-full wp-image-19311\" src=\"http:\/\/destinocastillayleon.es\/index\/wp-content\/uploads\/2013\/08\/Escultura-del-Cardenal-Mendoza.jpg\" alt=\"Cardenal Mendoza\" width=\"640\"  \/><\/a><br \/>\n&nbsp;<br \/>\n&nbsp;<\/p>\n<h4>Art\u00edculos relacionados:<\/h4>\n<p>&nbsp; &nbsp; <strong>\u2022 <\/strong><a title=\"Enlace a nuestra entrada sobre c\u00f3mo disfrutar en C\u00e1ceres\" href=\"http:\/\/destinoysabor.com\/blog\/caceres\/\" target=\"_blank\"><span style=\"color: #000000;\">Cruzando fronteras, Conoce C\u00e1ceres<\/a>.<br \/>\n&nbsp; &nbsp; <strong>\u2022 <\/strong><a title=\"Enlace a nuestra entrada sobre c\u00f3mo disfrutar en Trujillo\" href=\"http:\/\/destinoysabor.com\/blog\/trujillo-cuidad-de-conquistadores\/\" target=\"_blank\"><span style=\"color: #000000;\">Cruzando fronteras, Conoce Trujillo<\/a>.<br \/>\n&nbsp; &nbsp; <strong>\u2022 <\/strong><a title=\"Enlace a nuestra entrada sobre El Bosque Encantado en San Mart\u00edn de Valdeiglesias\" href=\"http:\/\/destinoysabor.com\/blog\/el-bosque-encantado\/\" target=\"_blank\"><span style=\"color: #000000;\">Cruzando fronteras, El Bosque Encantado en San Mart\u00edn de Valdeiglesias<\/a>.<br \/>\n&nbsp; &nbsp; <strong>\u2022 <\/strong><a title=\"Conoce la provincia de Soria\" href=\"http:\/\/destinocastillayleon.es\/index\/pasar-fin-de-semana-en-soria-ii\/\" target=\"_blank\"><span style=\"color: #000000;\">Ruta por la Provincia de Soria<\/a>.<br \/>\n&nbsp; &nbsp; <strong>\u2022 <\/strong><a title=\"Enlace a nuestra entrada sobre qu\u00e9 hacer para disfrutar un fin de semana en Segovia\" href=\"http:\/\/destinocastillayleon.es\/index\/fin-de-semana-por-la-provincia-de-segovia\/\" target=\"_blank\"><span style=\"color: #000000;\">Qu\u00e9 hacer para disfrutar un fin de semana en Segovia<\/a>.<br \/>\n&nbsp; &nbsp; <strong>\u2022 <\/strong><a title=\"Enlace a nuestra entrada sobre qu\u00e9 visitar en Catala\u00f1azor\" href=\"http:\/\/destinocastillayleon.es\/index\/pasar-dia-en-catalanazor\/\" target=\"_blank\"><span style=\"color: #000000;\">Descubre qu\u00e9 visitar en la villa medieval de Catala\u00f1azor<\/a>.<br \/>\n&nbsp; <\/p>\n","protected":false},"excerpt":{"rendered":"<p>Cruzando fronteras; Acompa\u00f1anos a visitar Guadalajara y te contamos nuestra impresi\u00f3n de esta tierra gemela. Conoce su historia, qu\u00e9 ver, qu\u00e9 disfrutar y qu\u00e9 hacer en Guadalajara<\/p>\n","protected":false},"author":2,"featured_media":6760,"comment_status":"closed","ping_status":"closed","sticky":false,"template":"","format":"standard","meta":{"rop_custom_images_group":[],"rop_custom_messages_group":[],"rop_publish_now":"initial","rop_publish_now_accounts":{"twitter_1150954226_1150954226":""},"rop_publish_now_history":[],"rop_publish_now_status":"pending","footnotes":""},"categories":[383,68,1],"tags":[765,3631,769,768,3629,813,3630],"class_list":["post-6308","post","type-post","status-publish","format-standard","has-post-thumbnail","hentry","category-cruzando_fronteras","category-post_inicial","category-uncategorized","tag-cruzando-fronteras","tag-cruzando-fronteras-guadalajara","tag-destino-castilla-y-leon","tag-historia-de-guadalajara","tag-turismo-cerca-de-madrid","tag-turismo-en-guadalajara","tag-visitar-guadalajara"],"yoast_head":"<!-- This site is optimized with the Yoast SEO Premium plugin v20.4 (Yoast SEO v27.4) - https:\/\/yoast.com\/product\/yoast-seo-premium-wordpress\/ -->\n<title>Cruzando fronteras: Guadalajara - Destino Castilla y Le\u00f3n<\/title>\n<meta name=\"description\" content=\"Acompa\u00f1anos a visitar Guadalajara y te contamos nuestra impresi\u00f3n de esta tierra gemela. Conoce historia, qu\u00e9 ver, qu\u00e9 disfrutar y qu\u00e9 hacer en Guadalajara\" \/>\n<meta name=\"robots\" content=\"index, follow, max-snippet:-1, max-image-preview:large, max-video-preview:-1\" \/>\n<link rel=\"canonical\" href=\"https:\/\/destinocastillayleon.es\/index\/rompiendo-fronteras-guadalajara\/\" \/>\n<meta property=\"og:locale\" content=\"es_ES\" \/>\n<meta property=\"og:type\" content=\"article\" \/>\n<meta property=\"og:title\" content=\"Cruzando fronteras: Guadalajara\" \/>\n<meta property=\"og:description\" content=\"Cruzando fronteras; Acompa\u00f1anos a visitar Guadalajara y te contamos nuestra impresi\u00f3n de esta tierra gemela. Conoce su historia, qu\u00e9 ver, qu\u00e9 disfrutar y qu\u00e9 hacer en Guadalajara\" \/>\n<meta property=\"og:url\" content=\"https:\/\/destinocastillayleon.es\/index\/rompiendo-fronteras-guadalajara\/\" \/>\n<meta property=\"og:site_name\" content=\"Destino Castilla y Le\u00f3n\" \/>\n<meta property=\"article:publisher\" content=\"https:\/\/www.facebook.com\/DestinoCastillaYLeon\/\" \/>\n<meta property=\"article:author\" content=\"https:\/\/www.facebook.com\/profile.php?id=1158416854\" \/>\n<meta property=\"article:published_time\" content=\"2013-08-31T10:23:10+00:00\" \/>\n<meta property=\"article:modified_time\" content=\"2016-12-18T21:24:16+00:00\" \/>\n<meta property=\"og:image\" content=\"https:\/\/destinocastillayleon.es\/index\/wp-content\/uploads\/2013\/08\/Fachada-del-Palacio-del-Infantado-Portada.jpg\" \/>\n\t<meta property=\"og:image:width\" content=\"707\" \/>\n\t<meta property=\"og:image:height\" content=\"531\" \/>\n\t<meta property=\"og:image:type\" content=\"image\/jpeg\" \/>\n<meta name=\"author\" content=\"David V\u00e1zquez\" \/>\n<meta name=\"twitter:card\" content=\"summary_large_image\" \/>\n<meta name=\"twitter:creator\" content=\"@https:\/\/twitter.com\/ContePantaleone\u200e\" \/>\n<meta name=\"twitter:site\" content=\"@destinocyl\" \/>\n<meta name=\"twitter:label1\" content=\"Escrito por\" \/>\n\t<meta name=\"twitter:data1\" content=\"David V\u00e1zquez\" \/>\n\t<meta name=\"twitter:label2\" content=\"Tiempo de lectura\" \/>\n\t<meta name=\"twitter:data2\" content=\"1 minuto\" \/>\n<script type=\"application\/ld+json\" class=\"yoast-schema-graph\">{\"@context\":\"https:\\\/\\\/schema.org\",\"@graph\":[{\"@type\":\"Article\",\"@id\":\"https:\\\/\\\/destinocastillayleon.es\\\/index\\\/rompiendo-fronteras-guadalajara\\\/#article\",\"isPartOf\":{\"@id\":\"https:\\\/\\\/destinocastillayleon.es\\\/index\\\/rompiendo-fronteras-guadalajara\\\/\"},\"author\":{\"name\":\"David V\u00e1zquez\",\"@id\":\"https:\\\/\\\/destinocastillayleon.es\\\/index\\\/#\\\/schema\\\/person\\\/189221bc8f6cc4fa28b18ad5c289d4c2\"},\"headline\":\"Cruzando fronteras: Guadalajara\",\"datePublished\":\"2013-08-31T10:23:10+00:00\",\"dateModified\":\"2016-12-18T21:24:16+00:00\",\"mainEntityOfPage\":{\"@id\":\"https:\\\/\\\/destinocastillayleon.es\\\/index\\\/rompiendo-fronteras-guadalajara\\\/\"},\"wordCount\":116,\"image\":{\"@id\":\"https:\\\/\\\/destinocastillayleon.es\\\/index\\\/rompiendo-fronteras-guadalajara\\\/#primaryimage\"},\"thumbnailUrl\":\"https:\\\/\\\/destinocastillayleon.es\\\/index\\\/wp-content\\\/uploads\\\/2013\\\/08\\\/Fachada-del-Palacio-del-Infantado-Portada.jpg\",\"keywords\":[\"Cruzando fronteras\",\"Cruzando fronteras: Guadalajara\",\"Destino Castilla y Le\u00f3n\",\"historia de Guadalajara\",\"turismo cerca de madrid\",\"turismo en Guadalajara\",\"visitar Guadalajara\"],\"articleSection\":[\"cruzando_fronteras\",\"Post_inicial\",\"Uncategorized\"],\"inLanguage\":\"es\"},{\"@type\":\"WebPage\",\"@id\":\"https:\\\/\\\/destinocastillayleon.es\\\/index\\\/rompiendo-fronteras-guadalajara\\\/\",\"url\":\"https:\\\/\\\/destinocastillayleon.es\\\/index\\\/rompiendo-fronteras-guadalajara\\\/\",\"name\":\"Cruzando fronteras: Guadalajara - Destino Castilla y Le\u00f3n\",\"isPartOf\":{\"@id\":\"https:\\\/\\\/destinocastillayleon.es\\\/index\\\/#website\"},\"primaryImageOfPage\":{\"@id\":\"https:\\\/\\\/destinocastillayleon.es\\\/index\\\/rompiendo-fronteras-guadalajara\\\/#primaryimage\"},\"image\":{\"@id\":\"https:\\\/\\\/destinocastillayleon.es\\\/index\\\/rompiendo-fronteras-guadalajara\\\/#primaryimage\"},\"thumbnailUrl\":\"https:\\\/\\\/destinocastillayleon.es\\\/index\\\/wp-content\\\/uploads\\\/2013\\\/08\\\/Fachada-del-Palacio-del-Infantado-Portada.jpg\",\"datePublished\":\"2013-08-31T10:23:10+00:00\",\"dateModified\":\"2016-12-18T21:24:16+00:00\",\"author\":{\"@id\":\"https:\\\/\\\/destinocastillayleon.es\\\/index\\\/#\\\/schema\\\/person\\\/189221bc8f6cc4fa28b18ad5c289d4c2\"},\"description\":\"Acompa\u00f1anos a visitar Guadalajara y te contamos nuestra impresi\u00f3n de esta tierra gemela. Conoce historia, qu\u00e9 ver, qu\u00e9 disfrutar y qu\u00e9 hacer en Guadalajara\",\"breadcrumb\":{\"@id\":\"https:\\\/\\\/destinocastillayleon.es\\\/index\\\/rompiendo-fronteras-guadalajara\\\/#breadcrumb\"},\"inLanguage\":\"es\",\"potentialAction\":[{\"@type\":\"ReadAction\",\"target\":[\"https:\\\/\\\/destinocastillayleon.es\\\/index\\\/rompiendo-fronteras-guadalajara\\\/\"]}]},{\"@type\":\"ImageObject\",\"inLanguage\":\"es\",\"@id\":\"https:\\\/\\\/destinocastillayleon.es\\\/index\\\/rompiendo-fronteras-guadalajara\\\/#primaryimage\",\"url\":\"https:\\\/\\\/destinocastillayleon.es\\\/index\\\/wp-content\\\/uploads\\\/2013\\\/08\\\/Fachada-del-Palacio-del-Infantado-Portada.jpg\",\"contentUrl\":\"https:\\\/\\\/destinocastillayleon.es\\\/index\\\/wp-content\\\/uploads\\\/2013\\\/08\\\/Fachada-del-Palacio-del-Infantado-Portada.jpg\",\"width\":707,\"height\":531},{\"@type\":\"BreadcrumbList\",\"@id\":\"https:\\\/\\\/destinocastillayleon.es\\\/index\\\/rompiendo-fronteras-guadalajara\\\/#breadcrumb\",\"itemListElement\":[{\"@type\":\"ListItem\",\"position\":1,\"name\":\"Portada\",\"item\":\"https:\\\/\\\/destinocastillayleon.es\\\/index\\\/\"},{\"@type\":\"ListItem\",\"position\":2,\"name\":\"Cruzando fronteras: Guadalajara\"}]},{\"@type\":\"WebSite\",\"@id\":\"https:\\\/\\\/destinocastillayleon.es\\\/index\\\/#website\",\"url\":\"https:\\\/\\\/destinocastillayleon.es\\\/index\\\/\",\"name\":\"Destino Castilla y Le\u00f3n\",\"description\":\"Medio digital independiente y revista de Castilla y Le\u00f3n dedicado al turismo, gastronom\u00eda y vino de Castilla y Le\u00f3n\",\"potentialAction\":[{\"@type\":\"SearchAction\",\"target\":{\"@type\":\"EntryPoint\",\"urlTemplate\":\"https:\\\/\\\/destinocastillayleon.es\\\/index\\\/?s={search_term_string}\"},\"query-input\":{\"@type\":\"PropertyValueSpecification\",\"valueRequired\":true,\"valueName\":\"search_term_string\"}}],\"inLanguage\":\"es\"},{\"@type\":\"Person\",\"@id\":\"https:\\\/\\\/destinocastillayleon.es\\\/index\\\/#\\\/schema\\\/person\\\/189221bc8f6cc4fa28b18ad5c289d4c2\",\"name\":\"David V\u00e1zquez\",\"image\":{\"@type\":\"ImageObject\",\"inLanguage\":\"es\",\"@id\":\"https:\\\/\\\/secure.gravatar.com\\\/avatar\\\/cd12db6c575a90c3b75cfa0f794b74d425201c768612fad17e9f13cd33d48be8?s=96&d=mm&r=g\",\"url\":\"https:\\\/\\\/secure.gravatar.com\\\/avatar\\\/cd12db6c575a90c3b75cfa0f794b74d425201c768612fad17e9f13cd33d48be8?s=96&d=mm&r=g\",\"contentUrl\":\"https:\\\/\\\/secure.gravatar.com\\\/avatar\\\/cd12db6c575a90c3b75cfa0f794b74d425201c768612fad17e9f13cd33d48be8?s=96&d=mm&r=g\",\"caption\":\"David V\u00e1zquez\"},\"description\":\"Ingeniero Industrial de vocaci\u00f3n y profesi\u00f3n, he encontrado en los blogs la forma de plasmar mi pasi\u00f3n por los viajes, la gastronom\u00eda y los vinos. Especialmente los procedentes de Castilla y Le\u00f3n\",\"sameAs\":[\"https:\\\/\\\/www.destinocastillayleon.es\",\"https:\\\/\\\/www.facebook.com\\\/profile.php?id=1158416854\",\"https:\\\/\\\/instagram.com\\\/conte.pantaleone\",\"https:\\\/\\\/www.linkedin.com\\\/pub\\\/david-vazquez-lozano\\\/37\\\/17a\\\/25a\",\"https:\\\/\\\/x.com\\\/https:\\\/\\\/twitter.com\\\/ContePantaleone\u200e\"],\"url\":\"https:\\\/\\\/destinocastillayleon.es\\\/index\\\/author\\\/coadministradorcyl\\\/\"}]}<\/script>\n<!-- \/ Yoast SEO Premium plugin. -->","yoast_head_json":{"title":"Cruzando fronteras: Guadalajara - Destino Castilla y Le\u00f3n","description":"Acompa\u00f1anos a visitar Guadalajara y te contamos nuestra impresi\u00f3n de esta tierra gemela. Conoce historia, qu\u00e9 ver, qu\u00e9 disfrutar y qu\u00e9 hacer en Guadalajara","robots":{"index":"index","follow":"follow","max-snippet":"max-snippet:-1","max-image-preview":"max-image-preview:large","max-video-preview":"max-video-preview:-1"},"canonical":"https:\/\/destinocastillayleon.es\/index\/rompiendo-fronteras-guadalajara\/","og_locale":"es_ES","og_type":"article","og_title":"Cruzando fronteras: Guadalajara","og_description":"Cruzando fronteras; Acompa\u00f1anos a visitar Guadalajara y te contamos nuestra impresi\u00f3n de esta tierra gemela. Conoce su historia, qu\u00e9 ver, qu\u00e9 disfrutar y qu\u00e9 hacer en Guadalajara","og_url":"https:\/\/destinocastillayleon.es\/index\/rompiendo-fronteras-guadalajara\/","og_site_name":"Destino Castilla y Le\u00f3n","article_publisher":"https:\/\/www.facebook.com\/DestinoCastillaYLeon\/","article_author":"https:\/\/www.facebook.com\/profile.php?id=1158416854","article_published_time":"2013-08-31T10:23:10+00:00","article_modified_time":"2016-12-18T21:24:16+00:00","og_image":[{"width":707,"height":531,"url":"https:\/\/destinocastillayleon.es\/index\/wp-content\/uploads\/2013\/08\/Fachada-del-Palacio-del-Infantado-Portada.jpg","type":"image\/jpeg"}],"author":"David V\u00e1zquez","twitter_card":"summary_large_image","twitter_creator":"@https:\/\/twitter.com\/ContePantaleone\u200e","twitter_site":"@destinocyl","twitter_misc":{"Escrito por":"David V\u00e1zquez","Tiempo de lectura":"1 minuto"},"schema":{"@context":"https:\/\/schema.org","@graph":[{"@type":"Article","@id":"https:\/\/destinocastillayleon.es\/index\/rompiendo-fronteras-guadalajara\/#article","isPartOf":{"@id":"https:\/\/destinocastillayleon.es\/index\/rompiendo-fronteras-guadalajara\/"},"author":{"name":"David V\u00e1zquez","@id":"https:\/\/destinocastillayleon.es\/index\/#\/schema\/person\/189221bc8f6cc4fa28b18ad5c289d4c2"},"headline":"Cruzando fronteras: Guadalajara","datePublished":"2013-08-31T10:23:10+00:00","dateModified":"2016-12-18T21:24:16+00:00","mainEntityOfPage":{"@id":"https:\/\/destinocastillayleon.es\/index\/rompiendo-fronteras-guadalajara\/"},"wordCount":116,"image":{"@id":"https:\/\/destinocastillayleon.es\/index\/rompiendo-fronteras-guadalajara\/#primaryimage"},"thumbnailUrl":"https:\/\/destinocastillayleon.es\/index\/wp-content\/uploads\/2013\/08\/Fachada-del-Palacio-del-Infantado-Portada.jpg","keywords":["Cruzando fronteras","Cruzando fronteras: Guadalajara","Destino Castilla y Le\u00f3n","historia de Guadalajara","turismo cerca de madrid","turismo en Guadalajara","visitar Guadalajara"],"articleSection":["cruzando_fronteras","Post_inicial","Uncategorized"],"inLanguage":"es"},{"@type":"WebPage","@id":"https:\/\/destinocastillayleon.es\/index\/rompiendo-fronteras-guadalajara\/","url":"https:\/\/destinocastillayleon.es\/index\/rompiendo-fronteras-guadalajara\/","name":"Cruzando fronteras: Guadalajara - Destino Castilla y Le\u00f3n","isPartOf":{"@id":"https:\/\/destinocastillayleon.es\/index\/#website"},"primaryImageOfPage":{"@id":"https:\/\/destinocastillayleon.es\/index\/rompiendo-fronteras-guadalajara\/#primaryimage"},"image":{"@id":"https:\/\/destinocastillayleon.es\/index\/rompiendo-fronteras-guadalajara\/#primaryimage"},"thumbnailUrl":"https:\/\/destinocastillayleon.es\/index\/wp-content\/uploads\/2013\/08\/Fachada-del-Palacio-del-Infantado-Portada.jpg","datePublished":"2013-08-31T10:23:10+00:00","dateModified":"2016-12-18T21:24:16+00:00","author":{"@id":"https:\/\/destinocastillayleon.es\/index\/#\/schema\/person\/189221bc8f6cc4fa28b18ad5c289d4c2"},"description":"Acompa\u00f1anos a visitar Guadalajara y te contamos nuestra impresi\u00f3n de esta tierra gemela. Conoce historia, qu\u00e9 ver, qu\u00e9 disfrutar y qu\u00e9 hacer en Guadalajara","breadcrumb":{"@id":"https:\/\/destinocastillayleon.es\/index\/rompiendo-fronteras-guadalajara\/#breadcrumb"},"inLanguage":"es","potentialAction":[{"@type":"ReadAction","target":["https:\/\/destinocastillayleon.es\/index\/rompiendo-fronteras-guadalajara\/"]}]},{"@type":"ImageObject","inLanguage":"es","@id":"https:\/\/destinocastillayleon.es\/index\/rompiendo-fronteras-guadalajara\/#primaryimage","url":"https:\/\/destinocastillayleon.es\/index\/wp-content\/uploads\/2013\/08\/Fachada-del-Palacio-del-Infantado-Portada.jpg","contentUrl":"https:\/\/destinocastillayleon.es\/index\/wp-content\/uploads\/2013\/08\/Fachada-del-Palacio-del-Infantado-Portada.jpg","width":707,"height":531},{"@type":"BreadcrumbList","@id":"https:\/\/destinocastillayleon.es\/index\/rompiendo-fronteras-guadalajara\/#breadcrumb","itemListElement":[{"@type":"ListItem","position":1,"name":"Portada","item":"https:\/\/destinocastillayleon.es\/index\/"},{"@type":"ListItem","position":2,"name":"Cruzando fronteras: Guadalajara"}]},{"@type":"WebSite","@id":"https:\/\/destinocastillayleon.es\/index\/#website","url":"https:\/\/destinocastillayleon.es\/index\/","name":"Destino Castilla y Le\u00f3n","description":"Medio digital independiente y revista de Castilla y Le\u00f3n dedicado al turismo, gastronom\u00eda y vino de Castilla y Le\u00f3n","potentialAction":[{"@type":"SearchAction","target":{"@type":"EntryPoint","urlTemplate":"https:\/\/destinocastillayleon.es\/index\/?s={search_term_string}"},"query-input":{"@type":"PropertyValueSpecification","valueRequired":true,"valueName":"search_term_string"}}],"inLanguage":"es"},{"@type":"Person","@id":"https:\/\/destinocastillayleon.es\/index\/#\/schema\/person\/189221bc8f6cc4fa28b18ad5c289d4c2","name":"David V\u00e1zquez","image":{"@type":"ImageObject","inLanguage":"es","@id":"https:\/\/secure.gravatar.com\/avatar\/cd12db6c575a90c3b75cfa0f794b74d425201c768612fad17e9f13cd33d48be8?s=96&d=mm&r=g","url":"https:\/\/secure.gravatar.com\/avatar\/cd12db6c575a90c3b75cfa0f794b74d425201c768612fad17e9f13cd33d48be8?s=96&d=mm&r=g","contentUrl":"https:\/\/secure.gravatar.com\/avatar\/cd12db6c575a90c3b75cfa0f794b74d425201c768612fad17e9f13cd33d48be8?s=96&d=mm&r=g","caption":"David V\u00e1zquez"},"description":"Ingeniero Industrial de vocaci\u00f3n y profesi\u00f3n, he encontrado en los blogs la forma de plasmar mi pasi\u00f3n por los viajes, la gastronom\u00eda y los vinos. Especialmente los procedentes de Castilla y Le\u00f3n","sameAs":["https:\/\/www.destinocastillayleon.es","https:\/\/www.facebook.com\/profile.php?id=1158416854","https:\/\/instagram.com\/conte.pantaleone","https:\/\/www.linkedin.com\/pub\/david-vazquez-lozano\/37\/17a\/25a","https:\/\/x.com\/https:\/\/twitter.com\/ContePantaleone\u200e"],"url":"https:\/\/destinocastillayleon.es\/index\/author\/coadministradorcyl\/"}]}},"_links":{"self":[{"href":"https:\/\/destinocastillayleon.es\/index\/wp-json\/wp\/v2\/posts\/6308","targetHints":{"allow":["GET"]}}],"collection":[{"href":"https:\/\/destinocastillayleon.es\/index\/wp-json\/wp\/v2\/posts"}],"about":[{"href":"https:\/\/destinocastillayleon.es\/index\/wp-json\/wp\/v2\/types\/post"}],"author":[{"embeddable":true,"href":"https:\/\/destinocastillayleon.es\/index\/wp-json\/wp\/v2\/users\/2"}],"replies":[{"embeddable":true,"href":"https:\/\/destinocastillayleon.es\/index\/wp-json\/wp\/v2\/comments?post=6308"}],"version-history":[{"count":43,"href":"https:\/\/destinocastillayleon.es\/index\/wp-json\/wp\/v2\/posts\/6308\/revisions"}],"predecessor-version":[{"id":24182,"href":"https:\/\/destinocastillayleon.es\/index\/wp-json\/wp\/v2\/posts\/6308\/revisions\/24182"}],"wp:featuredmedia":[{"embeddable":true,"href":"https:\/\/destinocastillayleon.es\/index\/wp-json\/wp\/v2\/media\/6760"}],"wp:attachment":[{"href":"https:\/\/destinocastillayleon.es\/index\/wp-json\/wp\/v2\/media?parent=6308"}],"wp:term":[{"taxonomy":"category","embeddable":true,"href":"https:\/\/destinocastillayleon.es\/index\/wp-json\/wp\/v2\/categories?post=6308"},{"taxonomy":"post_tag","embeddable":true,"href":"https:\/\/destinocastillayleon.es\/index\/wp-json\/wp\/v2\/tags?post=6308"}],"curies":[{"name":"wp","href":"https:\/\/api.w.org\/{rel}","templated":true}]}}