{"id":6026,"date":"2013-08-13T14:09:45","date_gmt":"2013-08-13T14:09:45","guid":{"rendered":"http:\/\/destinocastillayleon.es\/index\/?p=6026"},"modified":"2014-10-23T13:01:36","modified_gmt":"2014-10-23T11:01:36","slug":"las-fiestas-del-vino-en-castilla-leon","status":"publish","type":"post","link":"https:\/\/destinocastillayleon.es\/index\/las-fiestas-del-vino-en-castilla-leon\/","title":{"rendered":"Las fiestas de la vendimia y el vino en Castilla y Le\u00f3n"},"content":{"rendered":"<p>Llega el verano, la vendimia y como no podr\u00eda ser de otra manera, <strong>las fiestas del vino en Castilla y Le\u00f3n<\/strong>. Momentos para ensalzar la bebida que tantas alegr\u00edas nos da y pasar un buen rato con los amigos, disfrutando de estas fiestas que cuentan con un complet\u00edsimo calendario de actividades.<\/p>\n<p><strong>\u00a1No te lo pierdas!<\/strong><br \/>\n&nbsp;<\/p>\n<h3>AGOSTO<\/h3>\n<h4><a title=\"Sonorama Ribera, Aranda de Duero (Burgos)\" href=\"http:\/\/www.sonorama-aranda.com\/es\/\" target=\"_blank\">Sonorama Ribera, Aranda de Duero (Burgos)<\/a><\/h4>\n<p>Del 15 al 17 de agosto, se celebra en Aranda de Duero<strong> la mayor cita musical de Castilla y Le\u00f3n<\/strong>. Un festival que ya va por su\u00a0decimosexta edici\u00f3n con<strong> artistas y grupos nacionales e\u00a0\u00a0internacionales.<\/strong> Las calles, y bares de Aranda se llenan de j\u00f3venes que visitan el festival, en una animad\u00edsimo ambiente festivo. M\u00e1s informaci\u00f3n y compra de entradas <strong><a title=\"M\u00e1s info y compra de entradas de sonorama\" href=\"http:\/\/www.sonorama-aranda.com\/es\/\" target=\"_blank\">aqu\u00ed<\/a>.<\/strong><br \/>\n&nbsp;<br \/>\n<a title=\"Imagen de Sonorama, Fuente: Wikipedia\" href=\"es.wikipedia.org\/wiki\/Sonorama\" target=\"_blank\"><img decoding=\"async\" class=\"aligncenter\" alt=\"\" src=\"http:\/\/upload.wikimedia.org\/wikipedia\/commons\/a\/af\/Pull_Festival_Sonorama_2010.JPG\" width=\"500\" height=\"333\" \/><\/a><br \/>\n&nbsp;<\/p>\n<h4><a title=\"XXI Feria del Vino de Pajares de los Oteros, Le\u00f3n\" href=\"http:\/\/leonocio.es\/event\/feria-del-vino-prieto-picudo-en-pajares-de-los-oteros\/\" target=\"_blank\">XXI Feria del Vino de Pajares de los Oteros, Le\u00f3n<\/a><\/h4>\n<p><strong>Del 23 al 25 de agosto se celebra en Pajares de los Oteros la fiesta dedicada al vino<\/strong> variedad de <strong>uva\u00a0<a title=\"Descubriendo la uva prieto picudo con Bodegas Brandea\" href=\"Descubriendo la uva prieto picudo con Bodegas Brandea\" target=\"_blank\">prieto picudo<\/a><\/strong>, aut\u00f3ctona de la zona. Tres d\u00edas de fiesta que comenzar\u00e1n con el preg\u00f3n de\u00a0D. Miguel \u00c1ngel Revilla, Ex presidente de la Comunidad Aut\u00f3noma de Cantabria.<strong>\u00a0 Mercado Medieval, verbenas, pasacalles, magos y parrilladas populares <\/strong>para un fin de semana muy completo. Puedes <a title=\"Programa de la Feria del vino Prieto Picudo en Pajares de los Oteros, Le\u00f3n. Fuente: leonocio.es\" href=\"http:\/\/leonocio.es\/event\/feria-del-vino-prieto-picudo-en-pajares-de-los-oteros\/\" target=\"_blank\">ver el programa aqu\u00ed<\/a>.<br \/>\n&nbsp;<\/p>\n<h4><a title=\"Feria de la vendimia en Cacabelos, el Bierzo Le\u00f3n\" href=\"http:\/\/www.cacabelos.org\/index.php?nodoID=75\" target=\"_blank\">Feria del Vino en Cacabelos, El Bierzo, Le\u00f3n<\/a><\/h4>\n<p>Cacabelos, en el Bierzo, Le\u00f3n, es una animad\u00edsima poblaci\u00f3n que cuenta con numerosas actividades culturales y festivas durante todo el a\u00f1o. <strong>A finales de agosto celebra la fiesta de la vendimia en su plaza mayor<\/strong> d\u00f3nde se <strong>disponen varios carpas gastron\u00f3micas d\u00f3nde degustar el vino y la gastronom\u00eda t\u00edpica de la zona<\/strong>. Cerca de Cacabelos encontrar\u00e1s la <strong><a title=\"Palacio de Canedo, El Falcon Crest del Bierzo\" href=\"http:\/\/destinocastillayleon.es\/index\/palacio-de-canedo-el-corazon-de-el-bierzo\/\" target=\"_blank\">bodega Palacio de Canedo<\/a><\/strong>, una original apuesta por recuperar los or\u00edgenes del Bierzo. Merece la pena visitar.<br \/>\n&nbsp;<br \/>\n<a title=\"Imagen de la fiesta de la vendimia en Cacabelos, el Bierzo, Le\u00f3n\" href=\"http:\/\/www.cacabelos.org\/index.php?nodoID=75\" target=\"_blank\"><img decoding=\"async\" class=\"aligncenter\" alt=\"\" src=\"http:\/\/www.cacabelos.org\/ficheros\/fiestas\/afiestas8.jpg\" width=\"640\" height=\"480\" \/><\/a><br \/>\n&nbsp;<\/p>\n<h3>SEPTIEMBRE<\/h3>\n<h4><a title=\"Fiesta de la Vendimia en Cigales, Valladolid\" href=\"http:\/\/www.cigales.ayuntamientosdevalladolid.es\/?q=node\/275\" target=\"_blank\">Fiesta de la Vendimia en Cigales, Valladolid<\/a><\/h4>\n<p>\u00a0<br \/>\n<strong>Del 14 y 15 de septiembre<\/strong>, Cigales celebra su <strong>tradicional Fiesta de la Vendimia<\/strong> d\u00f3nde sus <strong><a title=\"Denominaci\u00f3n de Origen Cigales, Bodegas Ovidio Garc\u00eda\" href=\"http:\/\/destinocastillayleon.es\/index\/do-cigales-bodegas-ovidio-garcia\/\" target=\"_blank\">famosos vinos rosados<\/a> son los protagonistas<\/strong>.\u00a0\u00a0Es la fiesta del vino m\u00e1s antigua de Castilla y Le\u00f3n, declarada Fiesta de Inter\u00e9s Tur\u00edstico Regional.\u00a0Durante esta semana <strong>se organizan conferencias sobre el mundo del vino, catas, concursos de catadores, distintas exposiciones y un mercado medieval en su plaza mayor<\/strong>. M\u00fasica, vino y folklore en una semana muy festiva.<br \/>\n&nbsp;<br \/>\n<a title=\"La Fiesta de la Vendimia de Cigales,\" href=\"http:\/\/www.provinciadevalladolid.com\/es\/patrimonio-semana-santa\/fiestas-interes-turistico\/fiesta-vendimia\" target=\"_blank\"><img decoding=\"async\" class=\"aligncenter\" alt=\"\" src=\"http:\/\/www.provinciadevalladolid.com\/es\/patrimonio-semana-santa\/fiestas-interes-turistico\/fiesta-vendimia.ficheros\/14542-Fiesta%20de%20la%20vendimia.jpg\" width=\"650\" height=\"431\" \/><\/a><br \/>\n&nbsp;<\/p>\n<h4><a title=\"Fiesta de la Vendimia en Serrada, Valladolid\" href=\"http:\/\/www.serrada.ayuntamientosdevalladolid.es\/?q=node\/181\" target=\"_blank\">Fiesta de la Vendimia en Serrada, Valladolid<\/a><\/h4>\n<p>A finales de septiembre Serrada se llena de gente que acude a su t<strong>radicional fiesta de la vendimia<\/strong> que coincide tambi\u00e9n con\u00a0la Feria de Artesan\u00eda y la Feria del Arte, con un tradicional Concurso de Pintura R\u00e1pida. <strong>El pisado de la uva,\u00a0bailes regionales, degustaciones y mucho m\u00e1s<\/strong> en esta localidad vallisoletana.<br \/>\n&nbsp;<br \/>\n<center><iframe width=\"640\" height=\"360\" src=\"\/\/www.youtube.com\/embed\/UnB3E6T11k0\" frameborder=\"0\" allowfullscreen><\/iframe><\/center><br \/>\n&nbsp;<\/p>\n<h4><a title=\"Fiesta de la Vendimia en Toro, Zamora\" href=\"http:\/\/www.toroayto.es\/index.php?option=com_content&amp;view=article&amp;id=94&amp;Itemid=74\" target=\"_blank\">Fiesta de la Vendimia en Toro, Zamora<\/a><\/h4>\n<p><strong>La fiesta de la Vendimia en Toro es una de las m\u00e1s tradicionales y originales de Castilla y Le\u00f3n<\/strong>. Esta villa zamorana se engalana para celebrar, a principios de septiembre unos d\u00edas repletos de fiesta y diversi\u00f3n. Cabe destacar sus <strong>carros decorados con bonitas guirnaldas que desfilan por las calles de Toro.<\/strong><br \/>\n&nbsp;<br \/>\n<center><iframe width=\"640\" height=\"360\" src=\"\/\/www.youtube.com\/embed\/Kz1VSvvb_ec\" frameborder=\"0\" allowfullscreen><\/iframe><\/Center><br \/>\n&nbsp;<\/p>\n<h3>OCTUBRE<\/h3>\n<h4><a title=\"Fiesta de la Vendimia en Pe\u00f1afiel, Valladolid\" href=\"http:\/\/www.turismopenafiel.com\/agenda.php?m=7&amp;id=2&amp;ev=6&amp;lang=es\" target=\"_blank\">Riberajoven y Fiesta de la Vendimia en Pe\u00f1afiel, Valladolid<\/a><\/h4>\n<p><strong>Como cada a\u00f1o, el 4, 5 y 6 de octubre,<\/strong> \u00a0la localidad vallisoletana de Pe\u00f1afiel celebra su fiesta de la vendimia,en la plaza del viejo coso d\u00f3nde vecinos y forasteros <strong>podr\u00e1n\u00a0catar el primer mosto del a\u00f1o,<\/strong>\u00a0<strong>disfrutar de sus bailes regionales y de un acto simb\u00f3lico muy importante para la villa: el pisado de la uva. <\/strong>Una buena ocasi\u00f3n para visitar Pe\u00f1afiel y conocer sus fiestas, tradiciones y el buen \u00e1nimo de sus gentes.<br \/>\n&nbsp;<br \/>\n<a title=\"Imagen de la fiesta de la vendimia en Pe\u00f1afiel, Valladolid, Fuente: m.publico.es\" href=\"http:\/\/m.publico.es\/393842\" target=\"_blank\"><img decoding=\"async\" class=\"aligncenter\" alt=\"\" src=\"http:\/\/imagenes.publico.es\/resources\/archivos\/2011\/9\/2\/1314954632923nv_vendimiac2.jpg\" width=\"312\" height=\"360\" \/><\/a><br \/>\n&nbsp;<br \/>\nCoincidiendo con la Fiesta de la Vendimia, tiene lugar en el recinto ferial de Pe\u00f1afiel, <strong><a title=\"Riberajoven en Pe\u00f1afiel, 4, 5 y 6 octubre 2013\" href=\"http:\/\/www.xn--peafiel-turismo-zqb.es\/es\/feria-riberajoven.php\" target=\"_blank\">Riberajoven<\/a>,\u00a0muestra del Vino Joven y la Gastronom\u00eda de la Ribera del Duero. <\/strong>En sus stands podr\u00e1s catar los vinos j\u00f3venes de la denominaci\u00f3n que estar\u00e1n amenizados por\u00a0actuaciones musicales y de animaci\u00f3n.<br \/>\n&nbsp;<\/p>\n<h4><a title=\"Jornadas de la Vendimia en Langa de Duero, Soria\" href=\"http:\/\/www.langadeduero.net\/Vendimia\/tabid\/156\/Default.aspx\" target=\"_blank\">Jornadas de la Vendimia en Langa del Duero, Soria<\/a><\/h4>\n<p>Con el fin de recordar y recuperar las tradiciones vinicolas del pasado, Langa del Duero celebra la primera quincena de octubre sus jornadas de la vendimia d\u00f3nde podr\u00e1s conocer los antiguos oficios vinculados al vino y degustar un contundente desayuno a base de\u00a0magdalenas, tortas de az\u00facar, aguardiente y an\u00eds, para <strong>continuar con la vendimia, el pisado de la uva y la primera cata del mosto.<\/strong><br \/>\n&nbsp;<br \/>\n<a title=\"RECUPERACI\u00d3N DE UNA VIEJA TRADICI\u00d3N: LAS VENDIMIAS\" href=\"http:\/\/www.langadeduero.net\/Vendimia\/tabid\/156\/Default.aspx\" target=\"_blank\"><img decoding=\"async\" class=\"aligncenter\" alt=\"\" src=\"http:\/\/www.langadeduero.net\/fotos\/vendimia\/vendimias5.jpg\" width=\"500\" height=\"286\" \/><\/a><br \/>\n&nbsp;<\/p>\n<h4><a title=\"fiesta de la vendimia en Rueda 2013\" href=\"http:\/\/www.rueda.ayuntamientosdevalladolid.es\/?q=node\/186\" target=\"_blank\">Fiesta de la Vendimia en Rueda, Valladolid<\/a><\/h4>\n<p>Durante el segundo fin de semana de Octubre, en la plaza mayor de la localidad de Rueda (Valladolid)<strong> encontrar\u00e1s unas carpas gastron\u00f3micas en las que cada bodega de la zona tiene su hueco<\/strong> y se puede disfrutar de su riqu\u00edsimo verdejo y comida t\u00edpica de la zona. Misa Solemne, pisado de la uva, nombramiento de las nuevas lagareras, pasacalles, paellas populares y mucha m\u00fasica y diversi\u00f3n te esperan en Rueda. M\u00e1s informaci\u00f3n sobre estas fiestas <a title=\"Fiestas de la vendimia Rueda 2013\" href=\"http:\/\/www.rueda.ayuntamientosdevalladolid.es\/?q=node\/186\" target=\"_blank\">aqu\u00ed<\/a>.<br \/>\n&nbsp;<br \/>\n<a title=\"imagen de la fiesta de la vendimia en Rueda. Fuente: el d\u00eda de Valladolid\" href=\"http:\/\/www.eldiadevalladolid.com\/noticia\/ZF82B2D01-DCBB-974D-C89EFEA975FBD085\/20121011\/fiesta\/honor\/verdejo\" target=\"_blank\"><img decoding=\"async\" class=\"aligncenter\" alt=\"\" src=\"http:\/\/i.promecal.es\/IMG\/2012\/F70A2F68-0595-E3D4-C2EF0C9E842755AA.JPG\" width=\"644\" height=\"483\" \/><\/a><br \/>\n&nbsp;<\/p>\n<h3>Otras fiestas<\/h3>\n<p>Tambi\u00e9n en octubre se celebran <strong>las fiestas de la vendimia de la Denominaci\u00f3n\u00a0Ribera del Arlanza y Ribera del Duero.<\/strong> Cada a\u00f1o es itinerante y a\u00fan no conocemos d\u00f3nde se celebrar\u00e1n este a\u00f1o 2013.<\/p>\n<p>\u00bfNos ayudas a completar esta agenda de fiestas del vino en Castilla y Le\u00f3n? \u00bfNos hemos olvidado alguna fiesta? Por favor, d\u00e9janos tu comentario.<br \/>\n&nbsp; <\/p>\n","protected":false},"excerpt":{"rendered":"<p>Descubre con este posts las distintas fiestas de la vendimiay el vino que se celebran en Castilla y Le\u00f3n en los meses de agosto, septiembre y octubre de 2013.<\/p>\n","protected":false},"author":6,"featured_media":6184,"comment_status":"open","ping_status":"closed","sticky":false,"template":"","format":"standard","meta":{"rop_custom_images_group":[],"rop_custom_messages_group":[],"rop_publish_now":"initial","rop_publish_now_accounts":{"twitter_1150954226_1150954226":""},"rop_publish_now_history":[],"rop_publish_now_status":"pending","footnotes":""},"categories":[77,68,1],"tags":[3591,738,2259,516,541,742],"class_list":["post-6026","post","type-post","status-publish","format-standard","has-post-thumbnail","hentry","category-actualidad-y-agenda-de-castilla-y-leon","category-post_inicial","category-uncategorized","tag-fiesta-de-la-vendimia-tradiconal","tag-fiestas-de-la-vendimia-2013","tag-fiestas-del-vino","tag-turismo-enologico-en-castilla-y-leon","tag-turismo-gastronomico-en-castilla-y-leon","tag-xxi-feria-del-vino-de-pajares-de-los-oteros-2013"],"yoast_head":"<!-- This site is optimized with the Yoast SEO Premium plugin v20.4 (Yoast SEO v27.4) - https:\/\/yoast.com\/product\/yoast-seo-premium-wordpress\/ -->\n<title>Las fiestas de la vendimia y el vino en Castilla y Le\u00f3n<\/title>\n<meta name=\"description\" content=\"Descubre con este posts las distintas fiestas de la vendimia y el vino que se celebran en Castilla y Le\u00f3n en los meses de agosto, septiembre y octubre de 2013.\" \/>\n<meta name=\"robots\" content=\"index, follow, max-snippet:-1, max-image-preview:large, max-video-preview:-1\" \/>\n<link rel=\"canonical\" href=\"https:\/\/destinocastillayleon.es\/index\/las-fiestas-del-vino-en-castilla-leon\/\" \/>\n<meta property=\"og:locale\" content=\"es_ES\" \/>\n<meta property=\"og:type\" content=\"article\" \/>\n<meta property=\"og:title\" content=\"Las fiestas de la vendimia y el vino en Castilla y Le\u00f3n\" \/>\n<meta property=\"og:description\" content=\"Descubre con este posts las distintas fiestas de la vendimiay el vino que se celebran en Castilla y Le\u00f3n en los meses de agosto, septiembre y octubre de 2013.\" \/>\n<meta property=\"og:url\" content=\"https:\/\/destinocastillayleon.es\/index\/las-fiestas-del-vino-en-castilla-leon\/\" \/>\n<meta property=\"og:site_name\" content=\"Destino Castilla y Le\u00f3n\" \/>\n<meta property=\"article:publisher\" content=\"https:\/\/www.facebook.com\/DestinoCastillaYLeon\/\" \/>\n<meta property=\"article:published_time\" content=\"2013-08-13T14:09:45+00:00\" \/>\n<meta property=\"article:modified_time\" content=\"2014-10-23T11:01:36+00:00\" \/>\n<meta property=\"og:image\" content=\"https:\/\/destinocastillayleon.es\/index\/wp-content\/uploads\/2013\/08\/Feria-de-la-vendimia-en-Cigales-Valladolid.jpg\" \/>\n\t<meta property=\"og:image:width\" content=\"640\" \/>\n\t<meta property=\"og:image:height\" content=\"466\" \/>\n\t<meta property=\"og:image:type\" content=\"image\/jpeg\" \/>\n<meta name=\"author\" content=\"Lola Hernandez\" \/>\n<meta name=\"twitter:card\" content=\"summary_large_image\" \/>\n<meta name=\"twitter:creator\" content=\"@destinocyl\" \/>\n<meta name=\"twitter:site\" content=\"@destinocyl\" \/>\n<meta name=\"twitter:label1\" content=\"Escrito por\" \/>\n\t<meta name=\"twitter:data1\" content=\"Lola Hernandez\" \/>\n\t<meta name=\"twitter:label2\" content=\"Tiempo de lectura\" \/>\n\t<meta name=\"twitter:data2\" content=\"5 minutos\" \/>\n<script type=\"application\/ld+json\" class=\"yoast-schema-graph\">{\"@context\":\"https:\\\/\\\/schema.org\",\"@graph\":[{\"@type\":\"Article\",\"@id\":\"https:\\\/\\\/destinocastillayleon.es\\\/index\\\/las-fiestas-del-vino-en-castilla-leon\\\/#article\",\"isPartOf\":{\"@id\":\"https:\\\/\\\/destinocastillayleon.es\\\/index\\\/las-fiestas-del-vino-en-castilla-leon\\\/\"},\"author\":{\"name\":\"Lola Hernandez\",\"@id\":\"https:\\\/\\\/destinocastillayleon.es\\\/index\\\/#\\\/schema\\\/person\\\/49ffcb7eb307589ba529009335ed7767\"},\"headline\":\"Las fiestas de la vendimia y el vino en Castilla y Le\u00f3n\",\"datePublished\":\"2013-08-13T14:09:45+00:00\",\"dateModified\":\"2014-10-23T11:01:36+00:00\",\"mainEntityOfPage\":{\"@id\":\"https:\\\/\\\/destinocastillayleon.es\\\/index\\\/las-fiestas-del-vino-en-castilla-leon\\\/\"},\"wordCount\":939,\"commentCount\":0,\"image\":{\"@id\":\"https:\\\/\\\/destinocastillayleon.es\\\/index\\\/las-fiestas-del-vino-en-castilla-leon\\\/#primaryimage\"},\"thumbnailUrl\":\"https:\\\/\\\/destinocastillayleon.es\\\/index\\\/wp-content\\\/uploads\\\/2013\\\/08\\\/Feria-de-la-vendimia-en-Cigales-Valladolid.jpg\",\"keywords\":[\"Fiesta de la vendimia tradiconal\",\"Fiestas de la vendimia 2013\",\"fiestas del vino\",\"Turismo enol\u00f3gico en Castilla y Leon\",\"Turismo gastronomico en Castilla y Leon\",\"XXI Feria del Vino de Pajares de los Oteros 2013\"],\"articleSection\":[\"Actualidad\",\"Post_inicial\",\"Uncategorized\"],\"inLanguage\":\"es\",\"potentialAction\":[{\"@type\":\"CommentAction\",\"name\":\"Comment\",\"target\":[\"https:\\\/\\\/destinocastillayleon.es\\\/index\\\/las-fiestas-del-vino-en-castilla-leon\\\/#respond\"]}]},{\"@type\":\"WebPage\",\"@id\":\"https:\\\/\\\/destinocastillayleon.es\\\/index\\\/las-fiestas-del-vino-en-castilla-leon\\\/\",\"url\":\"https:\\\/\\\/destinocastillayleon.es\\\/index\\\/las-fiestas-del-vino-en-castilla-leon\\\/\",\"name\":\"Las fiestas de la vendimia y el vino en Castilla y Le\u00f3n\",\"isPartOf\":{\"@id\":\"https:\\\/\\\/destinocastillayleon.es\\\/index\\\/#website\"},\"primaryImageOfPage\":{\"@id\":\"https:\\\/\\\/destinocastillayleon.es\\\/index\\\/las-fiestas-del-vino-en-castilla-leon\\\/#primaryimage\"},\"image\":{\"@id\":\"https:\\\/\\\/destinocastillayleon.es\\\/index\\\/las-fiestas-del-vino-en-castilla-leon\\\/#primaryimage\"},\"thumbnailUrl\":\"https:\\\/\\\/destinocastillayleon.es\\\/index\\\/wp-content\\\/uploads\\\/2013\\\/08\\\/Feria-de-la-vendimia-en-Cigales-Valladolid.jpg\",\"datePublished\":\"2013-08-13T14:09:45+00:00\",\"dateModified\":\"2014-10-23T11:01:36+00:00\",\"author\":{\"@id\":\"https:\\\/\\\/destinocastillayleon.es\\\/index\\\/#\\\/schema\\\/person\\\/49ffcb7eb307589ba529009335ed7767\"},\"description\":\"Descubre con este posts las distintas fiestas de la vendimia y el vino que se celebran en Castilla y Le\u00f3n en los meses de agosto, septiembre y octubre de 2013.\",\"breadcrumb\":{\"@id\":\"https:\\\/\\\/destinocastillayleon.es\\\/index\\\/las-fiestas-del-vino-en-castilla-leon\\\/#breadcrumb\"},\"inLanguage\":\"es\",\"potentialAction\":[{\"@type\":\"ReadAction\",\"target\":[\"https:\\\/\\\/destinocastillayleon.es\\\/index\\\/las-fiestas-del-vino-en-castilla-leon\\\/\"]}]},{\"@type\":\"ImageObject\",\"inLanguage\":\"es\",\"@id\":\"https:\\\/\\\/destinocastillayleon.es\\\/index\\\/las-fiestas-del-vino-en-castilla-leon\\\/#primaryimage\",\"url\":\"https:\\\/\\\/destinocastillayleon.es\\\/index\\\/wp-content\\\/uploads\\\/2013\\\/08\\\/Feria-de-la-vendimia-en-Cigales-Valladolid.jpg\",\"contentUrl\":\"https:\\\/\\\/destinocastillayleon.es\\\/index\\\/wp-content\\\/uploads\\\/2013\\\/08\\\/Feria-de-la-vendimia-en-Cigales-Valladolid.jpg\",\"width\":640,\"height\":466},{\"@type\":\"BreadcrumbList\",\"@id\":\"https:\\\/\\\/destinocastillayleon.es\\\/index\\\/las-fiestas-del-vino-en-castilla-leon\\\/#breadcrumb\",\"itemListElement\":[{\"@type\":\"ListItem\",\"position\":1,\"name\":\"Portada\",\"item\":\"https:\\\/\\\/destinocastillayleon.es\\\/index\\\/\"},{\"@type\":\"ListItem\",\"position\":2,\"name\":\"Las fiestas de la vendimia y el vino en Castilla y Le\u00f3n\"}]},{\"@type\":\"WebSite\",\"@id\":\"https:\\\/\\\/destinocastillayleon.es\\\/index\\\/#website\",\"url\":\"https:\\\/\\\/destinocastillayleon.es\\\/index\\\/\",\"name\":\"Destino Castilla y Le\u00f3n\",\"description\":\"Medio digital independiente y revista de Castilla y Le\u00f3n dedicado al turismo, gastronom\u00eda y vino de Castilla y Le\u00f3n\",\"potentialAction\":[{\"@type\":\"SearchAction\",\"target\":{\"@type\":\"EntryPoint\",\"urlTemplate\":\"https:\\\/\\\/destinocastillayleon.es\\\/index\\\/?s={search_term_string}\"},\"query-input\":{\"@type\":\"PropertyValueSpecification\",\"valueRequired\":true,\"valueName\":\"search_term_string\"}}],\"inLanguage\":\"es\"},{\"@type\":\"Person\",\"@id\":\"https:\\\/\\\/destinocastillayleon.es\\\/index\\\/#\\\/schema\\\/person\\\/49ffcb7eb307589ba529009335ed7767\",\"name\":\"Lola Hernandez\",\"image\":{\"@type\":\"ImageObject\",\"inLanguage\":\"es\",\"@id\":\"https:\\\/\\\/secure.gravatar.com\\\/avatar\\\/72ead65e55ad0522fba484acfe2842bf78b2f7c727df41d76fed78a85519da34?s=96&d=mm&r=g\",\"url\":\"https:\\\/\\\/secure.gravatar.com\\\/avatar\\\/72ead65e55ad0522fba484acfe2842bf78b2f7c727df41d76fed78a85519da34?s=96&d=mm&r=g\",\"contentUrl\":\"https:\\\/\\\/secure.gravatar.com\\\/avatar\\\/72ead65e55ad0522fba484acfe2842bf78b2f7c727df41d76fed78a85519da34?s=96&d=mm&r=g\",\"caption\":\"Lola Hernandez\"},\"description\":\"Lola Hern\u00e1ndez fue fundadora y directora de www.destinocastillayleon.es Escribiendo sobre turismo, gastronom\u00eda y vino de su tierra de origen, Castilla y Le\u00f3n.\",\"sameAs\":[\"http:\\\/\\\/www.destinoysabor.com\\\/blog\"],\"url\":\"https:\\\/\\\/destinocastillayleon.es\\\/index\\\/author\\\/lola-hernandez\\\/\"}]}<\/script>\n<!-- \/ Yoast SEO Premium plugin. -->","yoast_head_json":{"title":"Las fiestas de la vendimia y el vino en Castilla y Le\u00f3n","description":"Descubre con este posts las distintas fiestas de la vendimia y el vino que se celebran en Castilla y Le\u00f3n en los meses de agosto, septiembre y octubre de 2013.","robots":{"index":"index","follow":"follow","max-snippet":"max-snippet:-1","max-image-preview":"max-image-preview:large","max-video-preview":"max-video-preview:-1"},"canonical":"https:\/\/destinocastillayleon.es\/index\/las-fiestas-del-vino-en-castilla-leon\/","og_locale":"es_ES","og_type":"article","og_title":"Las fiestas de la vendimia y el vino en Castilla y Le\u00f3n","og_description":"Descubre con este posts las distintas fiestas de la vendimiay el vino que se celebran en Castilla y Le\u00f3n en los meses de agosto, septiembre y octubre de 2013.","og_url":"https:\/\/destinocastillayleon.es\/index\/las-fiestas-del-vino-en-castilla-leon\/","og_site_name":"Destino Castilla y Le\u00f3n","article_publisher":"https:\/\/www.facebook.com\/DestinoCastillaYLeon\/","article_published_time":"2013-08-13T14:09:45+00:00","article_modified_time":"2014-10-23T11:01:36+00:00","og_image":[{"width":640,"height":466,"url":"https:\/\/destinocastillayleon.es\/index\/wp-content\/uploads\/2013\/08\/Feria-de-la-vendimia-en-Cigales-Valladolid.jpg","type":"image\/jpeg"}],"author":"Lola Hernandez","twitter_card":"summary_large_image","twitter_creator":"@destinocyl","twitter_site":"@destinocyl","twitter_misc":{"Escrito por":"Lola Hernandez","Tiempo de lectura":"5 minutos"},"schema":{"@context":"https:\/\/schema.org","@graph":[{"@type":"Article","@id":"https:\/\/destinocastillayleon.es\/index\/las-fiestas-del-vino-en-castilla-leon\/#article","isPartOf":{"@id":"https:\/\/destinocastillayleon.es\/index\/las-fiestas-del-vino-en-castilla-leon\/"},"author":{"name":"Lola Hernandez","@id":"https:\/\/destinocastillayleon.es\/index\/#\/schema\/person\/49ffcb7eb307589ba529009335ed7767"},"headline":"Las fiestas de la vendimia y el vino en Castilla y Le\u00f3n","datePublished":"2013-08-13T14:09:45+00:00","dateModified":"2014-10-23T11:01:36+00:00","mainEntityOfPage":{"@id":"https:\/\/destinocastillayleon.es\/index\/las-fiestas-del-vino-en-castilla-leon\/"},"wordCount":939,"commentCount":0,"image":{"@id":"https:\/\/destinocastillayleon.es\/index\/las-fiestas-del-vino-en-castilla-leon\/#primaryimage"},"thumbnailUrl":"https:\/\/destinocastillayleon.es\/index\/wp-content\/uploads\/2013\/08\/Feria-de-la-vendimia-en-Cigales-Valladolid.jpg","keywords":["Fiesta de la vendimia tradiconal","Fiestas de la vendimia 2013","fiestas del vino","Turismo enol\u00f3gico en Castilla y Leon","Turismo gastronomico en Castilla y Leon","XXI Feria del Vino de Pajares de los Oteros 2013"],"articleSection":["Actualidad","Post_inicial","Uncategorized"],"inLanguage":"es","potentialAction":[{"@type":"CommentAction","name":"Comment","target":["https:\/\/destinocastillayleon.es\/index\/las-fiestas-del-vino-en-castilla-leon\/#respond"]}]},{"@type":"WebPage","@id":"https:\/\/destinocastillayleon.es\/index\/las-fiestas-del-vino-en-castilla-leon\/","url":"https:\/\/destinocastillayleon.es\/index\/las-fiestas-del-vino-en-castilla-leon\/","name":"Las fiestas de la vendimia y el vino en Castilla y Le\u00f3n","isPartOf":{"@id":"https:\/\/destinocastillayleon.es\/index\/#website"},"primaryImageOfPage":{"@id":"https:\/\/destinocastillayleon.es\/index\/las-fiestas-del-vino-en-castilla-leon\/#primaryimage"},"image":{"@id":"https:\/\/destinocastillayleon.es\/index\/las-fiestas-del-vino-en-castilla-leon\/#primaryimage"},"thumbnailUrl":"https:\/\/destinocastillayleon.es\/index\/wp-content\/uploads\/2013\/08\/Feria-de-la-vendimia-en-Cigales-Valladolid.jpg","datePublished":"2013-08-13T14:09:45+00:00","dateModified":"2014-10-23T11:01:36+00:00","author":{"@id":"https:\/\/destinocastillayleon.es\/index\/#\/schema\/person\/49ffcb7eb307589ba529009335ed7767"},"description":"Descubre con este posts las distintas fiestas de la vendimia y el vino que se celebran en Castilla y Le\u00f3n en los meses de agosto, septiembre y octubre de 2013.","breadcrumb":{"@id":"https:\/\/destinocastillayleon.es\/index\/las-fiestas-del-vino-en-castilla-leon\/#breadcrumb"},"inLanguage":"es","potentialAction":[{"@type":"ReadAction","target":["https:\/\/destinocastillayleon.es\/index\/las-fiestas-del-vino-en-castilla-leon\/"]}]},{"@type":"ImageObject","inLanguage":"es","@id":"https:\/\/destinocastillayleon.es\/index\/las-fiestas-del-vino-en-castilla-leon\/#primaryimage","url":"https:\/\/destinocastillayleon.es\/index\/wp-content\/uploads\/2013\/08\/Feria-de-la-vendimia-en-Cigales-Valladolid.jpg","contentUrl":"https:\/\/destinocastillayleon.es\/index\/wp-content\/uploads\/2013\/08\/Feria-de-la-vendimia-en-Cigales-Valladolid.jpg","width":640,"height":466},{"@type":"BreadcrumbList","@id":"https:\/\/destinocastillayleon.es\/index\/las-fiestas-del-vino-en-castilla-leon\/#breadcrumb","itemListElement":[{"@type":"ListItem","position":1,"name":"Portada","item":"https:\/\/destinocastillayleon.es\/index\/"},{"@type":"ListItem","position":2,"name":"Las fiestas de la vendimia y el vino en Castilla y Le\u00f3n"}]},{"@type":"WebSite","@id":"https:\/\/destinocastillayleon.es\/index\/#website","url":"https:\/\/destinocastillayleon.es\/index\/","name":"Destino Castilla y Le\u00f3n","description":"Medio digital independiente y revista de Castilla y Le\u00f3n dedicado al turismo, gastronom\u00eda y vino de Castilla y Le\u00f3n","potentialAction":[{"@type":"SearchAction","target":{"@type":"EntryPoint","urlTemplate":"https:\/\/destinocastillayleon.es\/index\/?s={search_term_string}"},"query-input":{"@type":"PropertyValueSpecification","valueRequired":true,"valueName":"search_term_string"}}],"inLanguage":"es"},{"@type":"Person","@id":"https:\/\/destinocastillayleon.es\/index\/#\/schema\/person\/49ffcb7eb307589ba529009335ed7767","name":"Lola Hernandez","image":{"@type":"ImageObject","inLanguage":"es","@id":"https:\/\/secure.gravatar.com\/avatar\/72ead65e55ad0522fba484acfe2842bf78b2f7c727df41d76fed78a85519da34?s=96&d=mm&r=g","url":"https:\/\/secure.gravatar.com\/avatar\/72ead65e55ad0522fba484acfe2842bf78b2f7c727df41d76fed78a85519da34?s=96&d=mm&r=g","contentUrl":"https:\/\/secure.gravatar.com\/avatar\/72ead65e55ad0522fba484acfe2842bf78b2f7c727df41d76fed78a85519da34?s=96&d=mm&r=g","caption":"Lola Hernandez"},"description":"Lola Hern\u00e1ndez fue fundadora y directora de www.destinocastillayleon.es Escribiendo sobre turismo, gastronom\u00eda y vino de su tierra de origen, Castilla y Le\u00f3n.","sameAs":["http:\/\/www.destinoysabor.com\/blog"],"url":"https:\/\/destinocastillayleon.es\/index\/author\/lola-hernandez\/"}]}},"_links":{"self":[{"href":"https:\/\/destinocastillayleon.es\/index\/wp-json\/wp\/v2\/posts\/6026","targetHints":{"allow":["GET"]}}],"collection":[{"href":"https:\/\/destinocastillayleon.es\/index\/wp-json\/wp\/v2\/posts"}],"about":[{"href":"https:\/\/destinocastillayleon.es\/index\/wp-json\/wp\/v2\/types\/post"}],"author":[{"embeddable":true,"href":"https:\/\/destinocastillayleon.es\/index\/wp-json\/wp\/v2\/users\/6"}],"replies":[{"embeddable":true,"href":"https:\/\/destinocastillayleon.es\/index\/wp-json\/wp\/v2\/comments?post=6026"}],"version-history":[{"count":22,"href":"https:\/\/destinocastillayleon.es\/index\/wp-json\/wp\/v2\/posts\/6026\/revisions"}],"predecessor-version":[{"id":16545,"href":"https:\/\/destinocastillayleon.es\/index\/wp-json\/wp\/v2\/posts\/6026\/revisions\/16545"}],"wp:featuredmedia":[{"embeddable":true,"href":"https:\/\/destinocastillayleon.es\/index\/wp-json\/wp\/v2\/media\/6184"}],"wp:attachment":[{"href":"https:\/\/destinocastillayleon.es\/index\/wp-json\/wp\/v2\/media?parent=6026"}],"wp:term":[{"taxonomy":"category","embeddable":true,"href":"https:\/\/destinocastillayleon.es\/index\/wp-json\/wp\/v2\/categories?post=6026"},{"taxonomy":"post_tag","embeddable":true,"href":"https:\/\/destinocastillayleon.es\/index\/wp-json\/wp\/v2\/tags?post=6026"}],"curies":[{"name":"wp","href":"https:\/\/api.w.org\/{rel}","templated":true}]}}