{"id":4709,"date":"2013-07-16T09:41:45","date_gmt":"2013-07-16T09:41:45","guid":{"rendered":"http:\/\/destinocastillayleon.es\/index\/?p=4709"},"modified":"2016-03-03T10:29:55","modified_gmt":"2016-03-03T09:29:55","slug":"granja-de-san-ildefonso","status":"publish","type":"post","link":"https:\/\/destinocastillayleon.es\/index\/granja-de-san-ildefonso\/","title":{"rendered":"Las Fuentes de La Granja de San Ildefonso , Segovia"},"content":{"rendered":"<p>Emplazado en <a title=\"Link a Google maps que te indica la ruta desde Segovia o desde Madrid\" href=\"https:\/\/maps.google.es\/maps?saddr=Madrid&amp;daddr=Palacio+Real+de+La+Granja+de+San+Ildefonso+to:Segovia&amp;hl=es&amp;sll=40.897686,-4.004599&amp;sspn=0.10056,0.154324&amp;geocode=FQe2aAIdEnzH_ymBPAqAlylCDTFpIoxhwd42xA%3BFZYMcAIdCeXC_yHP5qD4peCHPiklCF8M6EFBDTHP5qD4peCHPg%3BFcu_cAIdlj3B_yn5MjOp5j5BDTG33xO_IXJWVA&amp;t=h&amp;mra=ls&amp;z=10\" target=\"_blank\">la sierra de Guadarrama por su lado Segoviano<\/a>, a 60 km. desde Madrid y apenas 13 km. de Segovia, este palacio real de <a title=\"Link a Wikipedia sobre el Estilo Barroco\" href=\"http:\/\/es.wikipedia.org\/wiki\/Arquitectura_del_Barroco\" target=\"_blank\">corte barroco<\/a> es una de las joyas que debemos al cambio de dinast\u00eda en el siglo XVIII.<br \/>\n&nbsp; <\/p>\n<h3>Palacio Real de la Granja de San Ildefonso <\/h3>\n<p>Tras su ascenso al trono, <a title=\"Link a Wikipedia sobre Felipe V de Anjou, primer rey Borb\u00f3n en Espa\u00f1a\" href=\"http:\/\/es.wikipedia.org\/wiki\/Felipe_V_de_Espa%C3%B1a\" target=\"_blank\">Felipe V<\/a>, estando de cacer\u00eda por el Alc\u00e1zar de Segovia descubri\u00f3 un paraje al lado de la granja junto al monasterio de los frailes jer\u00f3nimos. Impresionado por el lugar, mand\u00f3 construir un palacio donde residir en verano<\/p>\n<p><center><a href=\"http:\/\/www.espa\u00f1aescultura.es\/es\/destinos\/san_ildefonso_o_la_granja.html\" title=\"Link a la web origen de la imagen\" target=\"_blank\"><img decoding=\"async\" src=\"http:\/\/www.espa\u00f1aescultura.es\/export\/sites\/cultura\/multimedia\/galerias\/destinos\/jardines_granja_t4000504.jpg_1306973099.jpg\" alt=\"Granja de San Ildefonso\" title=\"Granja de San Ildefonso - Imagen cortes\u00eda de 'Espa\u00f1a es Cultura'\" width=\"640\" \/><\/a><\/center><\/p>\n<p>Este lugar, desde entonces y hasta la marcha de Alfonso XII, ha sido la residencia de verano de los reyes de Espa\u00f1a.<\/p>\n<p>El palacio, inspirado claramente en el Palacio franc\u00e9s de Versalles, aunque comparte elegancia y majestuosidad, no alcanza las proporciones de Versalles, aunque al contar el conjunto con una monta\u00f1a en frente, hace que sus jardines sean <strong>uno de los mejores ejemplos del barroco espa\u00f1ol<\/strong>.<br \/>\n&nbsp; <\/p>\n<h2>Reales jardines y Fuentes de la Granja de San Ildefonso <\/h2>\n<p>Dise\u00f1ados por los jardineros franceses <span style=\"color: #ff9100;\">Ren\u00e9 Carlier<\/span> y <span style=\"color: #ff9100;\">Esteban Boutelou<\/span>, aprovechan la gravedad para conducir agua embalsada en la parte alta del jard\u00edn para alimentar a las <strong>26 fuentes monumentales que recorren los jardines.<\/strong><\/p>\n<p>El conjunto, formado por el paisaje, la perspectiva, el palacio y las especies aut\u00f3ctonas de \u00e1rboles, hace que el jard\u00edn est\u00e9 entre los m\u00e1s espectaculares del mundo. Lamentablemente, las fuentes rara vez se pueden ver funcionando. Tan solo hay 3 d\u00edas asegurados en el calendario, <strong>30 de mayo<\/strong>, D\u00eda de San Fernando, <strong>25 de julio<\/strong>, D\u00eda de Santiago y <strong>25 de agosto<\/strong>, D\u00eda de San Luis.<\/p>\n<div id='gallery-1' class='gallery galleryid-4709 gallery-columns-10 gallery-size-thumbnail'><figure class='gallery-item'>\n\t\t\t<div class='gallery-icon landscape'>\n\t\t\t\t<a data-size=\"708x531\" href='https:\/\/destinocastillayleon.es\/index\/wp-content\/uploads\/2013\/07\/P1060820.jpg'><img decoding=\"async\" width=\"150\" height=\"150\" src=\"https:\/\/destinocastillayleon.es\/index\/wp-content\/uploads\/2013\/07\/P1060820-150x150.jpg\" class=\"attachment-thumbnail size-thumbnail\" alt=\"\" srcset=\"https:\/\/destinocastillayleon.es\/index\/wp-content\/uploads\/2013\/07\/P1060820-150x150.jpg 150w, https:\/\/destinocastillayleon.es\/index\/wp-content\/uploads\/2013\/07\/P1060820-90x90.jpg 90w, https:\/\/destinocastillayleon.es\/index\/wp-content\/uploads\/2013\/07\/P1060820-300x300.jpg 300w\" sizes=\"(max-width: 150px) 100vw, 150px\" \/><\/a>\n\t\t\t<\/div><\/figure><figure class='gallery-item'>\n\t\t\t<div class='gallery-icon landscape'>\n\t\t\t\t<a data-size=\"708x531\" href='https:\/\/destinocastillayleon.es\/index\/wp-content\/uploads\/2013\/07\/P1060797.jpg'><img decoding=\"async\" width=\"150\" height=\"150\" src=\"https:\/\/destinocastillayleon.es\/index\/wp-content\/uploads\/2013\/07\/P1060797-150x150.jpg\" class=\"attachment-thumbnail size-thumbnail\" alt=\"\" srcset=\"https:\/\/destinocastillayleon.es\/index\/wp-content\/uploads\/2013\/07\/P1060797-150x150.jpg 150w, https:\/\/destinocastillayleon.es\/index\/wp-content\/uploads\/2013\/07\/P1060797-90x90.jpg 90w, https:\/\/destinocastillayleon.es\/index\/wp-content\/uploads\/2013\/07\/P1060797-300x300.jpg 300w\" sizes=\"(max-width: 150px) 100vw, 150px\" \/><\/a>\n\t\t\t<\/div><\/figure><figure class='gallery-item'>\n\t\t\t<div class='gallery-icon landscape'>\n\t\t\t\t<a data-size=\"708x531\" href='https:\/\/destinocastillayleon.es\/index\/wp-content\/uploads\/2013\/07\/P1060804.jpg'><img decoding=\"async\" width=\"150\" height=\"150\" src=\"https:\/\/destinocastillayleon.es\/index\/wp-content\/uploads\/2013\/07\/P1060804-150x150.jpg\" class=\"attachment-thumbnail size-thumbnail\" alt=\"\" srcset=\"https:\/\/destinocastillayleon.es\/index\/wp-content\/uploads\/2013\/07\/P1060804-150x150.jpg 150w, https:\/\/destinocastillayleon.es\/index\/wp-content\/uploads\/2013\/07\/P1060804-90x90.jpg 90w, https:\/\/destinocastillayleon.es\/index\/wp-content\/uploads\/2013\/07\/P1060804-300x300.jpg 300w\" sizes=\"(max-width: 150px) 100vw, 150px\" \/><\/a>\n\t\t\t<\/div><\/figure><figure class='gallery-item'>\n\t\t\t<div class='gallery-icon landscape'>\n\t\t\t\t<a data-size=\"708x531\" href='https:\/\/destinocastillayleon.es\/index\/wp-content\/uploads\/2013\/07\/P1060803.jpg'><img decoding=\"async\" width=\"150\" height=\"150\" src=\"https:\/\/destinocastillayleon.es\/index\/wp-content\/uploads\/2013\/07\/P1060803-150x150.jpg\" class=\"attachment-thumbnail size-thumbnail\" alt=\"\" srcset=\"https:\/\/destinocastillayleon.es\/index\/wp-content\/uploads\/2013\/07\/P1060803-150x150.jpg 150w, https:\/\/destinocastillayleon.es\/index\/wp-content\/uploads\/2013\/07\/P1060803-90x90.jpg 90w, https:\/\/destinocastillayleon.es\/index\/wp-content\/uploads\/2013\/07\/P1060803-300x300.jpg 300w\" sizes=\"(max-width: 150px) 100vw, 150px\" \/><\/a>\n\t\t\t<\/div><\/figure><figure class='gallery-item'>\n\t\t\t<div class='gallery-icon landscape'>\n\t\t\t\t<a data-size=\"708x531\" href='https:\/\/destinocastillayleon.es\/index\/wp-content\/uploads\/2013\/07\/P1060808.jpg'><img decoding=\"async\" width=\"150\" height=\"150\" src=\"https:\/\/destinocastillayleon.es\/index\/wp-content\/uploads\/2013\/07\/P1060808-150x150.jpg\" class=\"attachment-thumbnail size-thumbnail\" alt=\"\" srcset=\"https:\/\/destinocastillayleon.es\/index\/wp-content\/uploads\/2013\/07\/P1060808-150x150.jpg 150w, https:\/\/destinocastillayleon.es\/index\/wp-content\/uploads\/2013\/07\/P1060808-90x90.jpg 90w, https:\/\/destinocastillayleon.es\/index\/wp-content\/uploads\/2013\/07\/P1060808-300x300.jpg 300w\" sizes=\"(max-width: 150px) 100vw, 150px\" \/><\/a>\n\t\t\t<\/div><\/figure><figure class='gallery-item'>\n\t\t\t<div class='gallery-icon landscape'>\n\t\t\t\t<a data-size=\"708x531\" href='https:\/\/destinocastillayleon.es\/index\/wp-content\/uploads\/2013\/07\/P1060814.jpg'><img decoding=\"async\" width=\"150\" height=\"150\" src=\"https:\/\/destinocastillayleon.es\/index\/wp-content\/uploads\/2013\/07\/P1060814-150x150.jpg\" class=\"attachment-thumbnail size-thumbnail\" alt=\"Fuentes de la Granja de San Idelfonso Segovia - Destino Castilla y Le\u00f3n\" aria-describedby=\"gallery-1-4725\" srcset=\"https:\/\/destinocastillayleon.es\/index\/wp-content\/uploads\/2013\/07\/P1060814-150x150.jpg 150w, https:\/\/destinocastillayleon.es\/index\/wp-content\/uploads\/2013\/07\/P1060814-90x90.jpg 90w, https:\/\/destinocastillayleon.es\/index\/wp-content\/uploads\/2013\/07\/P1060814-300x300.jpg 300w\" sizes=\"(max-width: 150px) 100vw, 150px\" \/><\/a>\n\t\t\t<\/div>\n\t\t\t\t<figcaption class='wp-caption-text gallery-caption' id='gallery-1-4725'>\n\t\t\t\tFuentes de la Granja de San Idelfonso Segovia &#8211; Destino Castilla y Le\u00f3n\n\t\t\t\t<\/figcaption><\/figure><figure class='gallery-item'>\n\t\t\t<div class='gallery-icon landscape'>\n\t\t\t\t<a data-size=\"708x531\" href='https:\/\/destinocastillayleon.es\/index\/wp-content\/uploads\/2013\/07\/P1060812.jpg'><img decoding=\"async\" width=\"150\" height=\"150\" src=\"https:\/\/destinocastillayleon.es\/index\/wp-content\/uploads\/2013\/07\/P1060812-150x150.jpg\" class=\"attachment-thumbnail size-thumbnail\" alt=\"\" srcset=\"https:\/\/destinocastillayleon.es\/index\/wp-content\/uploads\/2013\/07\/P1060812-150x150.jpg 150w, https:\/\/destinocastillayleon.es\/index\/wp-content\/uploads\/2013\/07\/P1060812-90x90.jpg 90w, https:\/\/destinocastillayleon.es\/index\/wp-content\/uploads\/2013\/07\/P1060812-300x300.jpg 300w\" sizes=\"(max-width: 150px) 100vw, 150px\" \/><\/a>\n\t\t\t<\/div><\/figure><figure class='gallery-item'>\n\t\t\t<div class='gallery-icon portrait'>\n\t\t\t\t<a data-size=\"398x531\" href='https:\/\/destinocastillayleon.es\/index\/wp-content\/uploads\/2013\/07\/P1060811.jpg'><img decoding=\"async\" width=\"150\" height=\"150\" src=\"https:\/\/destinocastillayleon.es\/index\/wp-content\/uploads\/2013\/07\/P1060811-150x150.jpg\" class=\"attachment-thumbnail size-thumbnail\" alt=\"\" srcset=\"https:\/\/destinocastillayleon.es\/index\/wp-content\/uploads\/2013\/07\/P1060811-150x150.jpg 150w, https:\/\/destinocastillayleon.es\/index\/wp-content\/uploads\/2013\/07\/P1060811-90x90.jpg 90w, https:\/\/destinocastillayleon.es\/index\/wp-content\/uploads\/2013\/07\/P1060811-300x300.jpg 300w\" sizes=\"(max-width: 150px) 100vw, 150px\" \/><\/a>\n\t\t\t<\/div><\/figure><figure class='gallery-item'>\n\t\t\t<div class='gallery-icon landscape'>\n\t\t\t\t<a data-size=\"708x531\" href='https:\/\/destinocastillayleon.es\/index\/wp-content\/uploads\/2013\/07\/P1060809.jpg'><img decoding=\"async\" width=\"150\" height=\"150\" src=\"https:\/\/destinocastillayleon.es\/index\/wp-content\/uploads\/2013\/07\/P1060809-150x150.jpg\" class=\"attachment-thumbnail size-thumbnail\" alt=\"\" srcset=\"https:\/\/destinocastillayleon.es\/index\/wp-content\/uploads\/2013\/07\/P1060809-150x150.jpg 150w, https:\/\/destinocastillayleon.es\/index\/wp-content\/uploads\/2013\/07\/P1060809-90x90.jpg 90w, https:\/\/destinocastillayleon.es\/index\/wp-content\/uploads\/2013\/07\/P1060809-300x300.jpg 300w\" sizes=\"(max-width: 150px) 100vw, 150px\" \/><\/a>\n\t\t\t<\/div><\/figure><figure class='gallery-item'>\n\t\t\t<div class='gallery-icon landscape'>\n\t\t\t\t<a data-size=\"708x531\" href='https:\/\/destinocastillayleon.es\/index\/wp-content\/uploads\/2013\/07\/P1060822.jpg'><img decoding=\"async\" width=\"150\" height=\"150\" src=\"https:\/\/destinocastillayleon.es\/index\/wp-content\/uploads\/2013\/07\/P1060822-150x150.jpg\" class=\"attachment-thumbnail size-thumbnail\" alt=\"\" srcset=\"https:\/\/destinocastillayleon.es\/index\/wp-content\/uploads\/2013\/07\/P1060822-150x150.jpg 150w, https:\/\/destinocastillayleon.es\/index\/wp-content\/uploads\/2013\/07\/P1060822-90x90.jpg 90w, https:\/\/destinocastillayleon.es\/index\/wp-content\/uploads\/2013\/07\/P1060822-300x300.jpg 300w\" sizes=\"(max-width: 150px) 100vw, 150px\" \/><\/a>\n\t\t\t<\/div><\/figure><figure class='gallery-item'>\n\t\t\t<div class='gallery-icon landscape'>\n\t\t\t\t<a data-size=\"708x531\" href='https:\/\/destinocastillayleon.es\/index\/wp-content\/uploads\/2013\/07\/P1060818.jpg'><img decoding=\"async\" width=\"150\" height=\"150\" src=\"https:\/\/destinocastillayleon.es\/index\/wp-content\/uploads\/2013\/07\/P1060818-150x150.jpg\" class=\"attachment-thumbnail size-thumbnail\" alt=\"Fuentes de la Granja de San Idelfonso, (Segovia) 04\" aria-describedby=\"gallery-1-4726\" srcset=\"https:\/\/destinocastillayleon.es\/index\/wp-content\/uploads\/2013\/07\/P1060818-150x150.jpg 150w, https:\/\/destinocastillayleon.es\/index\/wp-content\/uploads\/2013\/07\/P1060818-90x90.jpg 90w, https:\/\/destinocastillayleon.es\/index\/wp-content\/uploads\/2013\/07\/P1060818-300x300.jpg 300w\" sizes=\"(max-width: 150px) 100vw, 150px\" \/><\/a>\n\t\t\t<\/div>\n\t\t\t\t<figcaption class='wp-caption-text gallery-caption' id='gallery-1-4726'>\n\t\t\t\tFuentes de la Granja de San Idelfonso \n\t\t\t\t<\/figcaption><\/figure><figure class='gallery-item'>\n\t\t\t<div class='gallery-icon landscape'>\n\t\t\t\t<a data-size=\"708x531\" href='https:\/\/destinocastillayleon.es\/index\/wp-content\/uploads\/2013\/07\/P1060887.jpg'><img decoding=\"async\" width=\"150\" height=\"150\" src=\"https:\/\/destinocastillayleon.es\/index\/wp-content\/uploads\/2013\/07\/P1060887-150x150.jpg\" class=\"attachment-thumbnail size-thumbnail\" alt=\"\" srcset=\"https:\/\/destinocastillayleon.es\/index\/wp-content\/uploads\/2013\/07\/P1060887-150x150.jpg 150w, https:\/\/destinocastillayleon.es\/index\/wp-content\/uploads\/2013\/07\/P1060887-90x90.jpg 90w, https:\/\/destinocastillayleon.es\/index\/wp-content\/uploads\/2013\/07\/P1060887-300x300.jpg 300w\" sizes=\"(max-width: 150px) 100vw, 150px\" \/><\/a>\n\t\t\t<\/div><\/figure><figure class='gallery-item'>\n\t\t\t<div class='gallery-icon landscape'>\n\t\t\t\t<a data-size=\"708x531\" href='https:\/\/destinocastillayleon.es\/index\/wp-content\/uploads\/2013\/07\/P1060827.jpg'><img decoding=\"async\" width=\"150\" height=\"150\" src=\"https:\/\/destinocastillayleon.es\/index\/wp-content\/uploads\/2013\/07\/P1060827-150x150.jpg\" class=\"attachment-thumbnail size-thumbnail\" alt=\"Fuentes de la Granja de San Idelfonso funcionando - Destino Castilla y Le\u00f3n\" aria-describedby=\"gallery-1-4729\" srcset=\"https:\/\/destinocastillayleon.es\/index\/wp-content\/uploads\/2013\/07\/P1060827-150x150.jpg 150w, https:\/\/destinocastillayleon.es\/index\/wp-content\/uploads\/2013\/07\/P1060827-90x90.jpg 90w, https:\/\/destinocastillayleon.es\/index\/wp-content\/uploads\/2013\/07\/P1060827-300x300.jpg 300w\" sizes=\"(max-width: 150px) 100vw, 150px\" \/><\/a>\n\t\t\t<\/div>\n\t\t\t\t<figcaption class='wp-caption-text gallery-caption' id='gallery-1-4729'>\n\t\t\t\tFuentes de la Granja de San Idelfonso funcionando &#8211; Destino Castilla y Le\u00f3n\n\t\t\t\t<\/figcaption><\/figure><figure class='gallery-item'>\n\t\t\t<div class='gallery-icon landscape'>\n\t\t\t\t<a data-size=\"708x531\" href='https:\/\/destinocastillayleon.es\/index\/wp-content\/uploads\/2013\/07\/P1060830.jpg'><img decoding=\"async\" width=\"150\" height=\"150\" src=\"https:\/\/destinocastillayleon.es\/index\/wp-content\/uploads\/2013\/07\/P1060830-150x150.jpg\" class=\"attachment-thumbnail size-thumbnail\" alt=\"\" srcset=\"https:\/\/destinocastillayleon.es\/index\/wp-content\/uploads\/2013\/07\/P1060830-150x150.jpg 150w, https:\/\/destinocastillayleon.es\/index\/wp-content\/uploads\/2013\/07\/P1060830-90x90.jpg 90w, https:\/\/destinocastillayleon.es\/index\/wp-content\/uploads\/2013\/07\/P1060830-300x300.jpg 300w\" sizes=\"(max-width: 150px) 100vw, 150px\" \/><\/a>\n\t\t\t<\/div><\/figure><figure class='gallery-item'>\n\t\t\t<div class='gallery-icon landscape'>\n\t\t\t\t<a data-size=\"708x531\" href='https:\/\/destinocastillayleon.es\/index\/wp-content\/uploads\/2013\/07\/P1060836.jpg'><img decoding=\"async\" width=\"150\" height=\"150\" src=\"https:\/\/destinocastillayleon.es\/index\/wp-content\/uploads\/2013\/07\/P1060836-150x150.jpg\" class=\"attachment-thumbnail size-thumbnail\" alt=\"\" srcset=\"https:\/\/destinocastillayleon.es\/index\/wp-content\/uploads\/2013\/07\/P1060836-150x150.jpg 150w, https:\/\/destinocastillayleon.es\/index\/wp-content\/uploads\/2013\/07\/P1060836-90x90.jpg 90w, https:\/\/destinocastillayleon.es\/index\/wp-content\/uploads\/2013\/07\/P1060836-300x300.jpg 300w\" sizes=\"(max-width: 150px) 100vw, 150px\" \/><\/a>\n\t\t\t<\/div><\/figure><figure class='gallery-item'>\n\t\t\t<div class='gallery-icon landscape'>\n\t\t\t\t<a data-size=\"708x531\" href='https:\/\/destinocastillayleon.es\/index\/wp-content\/uploads\/2013\/07\/P1060881.jpg'><img decoding=\"async\" width=\"150\" height=\"150\" src=\"https:\/\/destinocastillayleon.es\/index\/wp-content\/uploads\/2013\/07\/P1060881-150x150.jpg\" class=\"attachment-thumbnail size-thumbnail\" alt=\"\" srcset=\"https:\/\/destinocastillayleon.es\/index\/wp-content\/uploads\/2013\/07\/P1060881-150x150.jpg 150w, https:\/\/destinocastillayleon.es\/index\/wp-content\/uploads\/2013\/07\/P1060881-90x90.jpg 90w, https:\/\/destinocastillayleon.es\/index\/wp-content\/uploads\/2013\/07\/P1060881-300x300.jpg 300w\" sizes=\"(max-width: 150px) 100vw, 150px\" \/><\/a>\n\t\t\t<\/div><\/figure><figure class='gallery-item'>\n\t\t\t<div class='gallery-icon landscape'>\n\t\t\t\t<a data-size=\"708x531\" href='https:\/\/destinocastillayleon.es\/index\/wp-content\/uploads\/2013\/07\/P1060868.jpg'><img decoding=\"async\" width=\"150\" height=\"150\" src=\"https:\/\/destinocastillayleon.es\/index\/wp-content\/uploads\/2013\/07\/P1060868-150x150.jpg\" class=\"attachment-thumbnail size-thumbnail\" alt=\"\" srcset=\"https:\/\/destinocastillayleon.es\/index\/wp-content\/uploads\/2013\/07\/P1060868-150x150.jpg 150w, https:\/\/destinocastillayleon.es\/index\/wp-content\/uploads\/2013\/07\/P1060868-90x90.jpg 90w, https:\/\/destinocastillayleon.es\/index\/wp-content\/uploads\/2013\/07\/P1060868-300x300.jpg 300w\" sizes=\"(max-width: 150px) 100vw, 150px\" \/><\/a>\n\t\t\t<\/div><\/figure><figure class='gallery-item'>\n\t\t\t<div class='gallery-icon portrait'>\n\t\t\t\t<a data-size=\"398x531\" href='https:\/\/destinocastillayleon.es\/index\/wp-content\/uploads\/2013\/07\/P1060843.jpg'><img decoding=\"async\" width=\"150\" height=\"150\" src=\"https:\/\/destinocastillayleon.es\/index\/wp-content\/uploads\/2013\/07\/P1060843-150x150.jpg\" class=\"attachment-thumbnail size-thumbnail\" alt=\"\" srcset=\"https:\/\/destinocastillayleon.es\/index\/wp-content\/uploads\/2013\/07\/P1060843-150x150.jpg 150w, https:\/\/destinocastillayleon.es\/index\/wp-content\/uploads\/2013\/07\/P1060843-90x90.jpg 90w, https:\/\/destinocastillayleon.es\/index\/wp-content\/uploads\/2013\/07\/P1060843-300x300.jpg 300w\" sizes=\"(max-width: 150px) 100vw, 150px\" \/><\/a>\n\t\t\t<\/div><\/figure><figure class='gallery-item'>\n\t\t\t<div class='gallery-icon landscape'>\n\t\t\t\t<a data-size=\"708x531\" href='https:\/\/destinocastillayleon.es\/index\/wp-content\/uploads\/2013\/07\/P1060838.jpg'><img decoding=\"async\" width=\"150\" height=\"150\" src=\"https:\/\/destinocastillayleon.es\/index\/wp-content\/uploads\/2013\/07\/P1060838-150x150.jpg\" class=\"attachment-thumbnail size-thumbnail\" alt=\"\" srcset=\"https:\/\/destinocastillayleon.es\/index\/wp-content\/uploads\/2013\/07\/P1060838-150x150.jpg 150w, https:\/\/destinocastillayleon.es\/index\/wp-content\/uploads\/2013\/07\/P1060838-90x90.jpg 90w, https:\/\/destinocastillayleon.es\/index\/wp-content\/uploads\/2013\/07\/P1060838-300x300.jpg 300w\" sizes=\"(max-width: 150px) 100vw, 150px\" \/><\/a>\n\t\t\t<\/div><\/figure><figure class='gallery-item'>\n\t\t\t<div class='gallery-icon portrait'>\n\t\t\t\t<a data-size=\"398x531\" href='https:\/\/destinocastillayleon.es\/index\/wp-content\/uploads\/2013\/07\/P1060835.jpg'><img decoding=\"async\" width=\"150\" height=\"150\" src=\"https:\/\/destinocastillayleon.es\/index\/wp-content\/uploads\/2013\/07\/P1060835-150x150.jpg\" class=\"attachment-thumbnail size-thumbnail\" alt=\"\" srcset=\"https:\/\/destinocastillayleon.es\/index\/wp-content\/uploads\/2013\/07\/P1060835-150x150.jpg 150w, https:\/\/destinocastillayleon.es\/index\/wp-content\/uploads\/2013\/07\/P1060835-90x90.jpg 90w, https:\/\/destinocastillayleon.es\/index\/wp-content\/uploads\/2013\/07\/P1060835-300x300.jpg 300w\" sizes=\"(max-width: 150px) 100vw, 150px\" \/><\/a>\n\t\t\t<\/div><\/figure>\n\t\t<\/div>\n\n<p>Nuestra recomendaci\u00f3n es <a title=\"Enlace a nuestra entrada dedicada a pasar un fin de semana en Segovia\" href=\"http:\/\/destinocastillayleon.es\/index\/fin-de-semana-por-la-provincia-de-segovia\/\" target=\"_blank\">visitar Segovia un fin de semana<\/a>, conociendo sus innumerables puntos de inter\u00e9s y como colof\u00f3n final, visitar tambi\u00e9n este palacio. De ser posible, coincidiendo con estas fechas, pues <strong>el espect\u00e1culo es \u00fanico<\/strong>, pero tan bien es verdad que son d\u00edas de mucha afluencia de gente.<\/p>\n<p>\u00bfY t\u00fa? \u00bfHas visto estas fuentes en funcionamiento?<br \/>\n&nbsp;<br \/>\n&nbsp;<\/p>\n<h4>Otros art\u00edculos relacionados:<\/h4>\n<p>&nbsp; &nbsp; <strong>\u2022 <\/strong><a href=\"http:\/\/destinocastillayleon.es\/index\/ruta-de-tapas-por-segovia\/\" title=\"Ruta de tapas por Segovia\" target=\"_blank\"><span style=\"color: #000000;\">Ruta de tapas por Segovia<\/a>.<br \/>\n&nbsp; &nbsp; <strong>\u2022 <\/strong><a href=\"http:\/\/destinocastillayleon.es\/index\/piraguismo-en-las-hoces-del-rio-duraton\/\" title=\"Pirag\u00fcismo en la Hoces del R\u00edo Durat\u00f3n\" target=\"_blank\"><span style=\"color: #000000;\">Pirag\u00fcismo en el r\u00edo Durat\u00f3n<\/a>.<br \/>\n&nbsp; &nbsp; <strong>\u2022 <\/strong><a href=\"http:\/\/destinocastillayleon.es\/index\/fin-de-semana-por-la-provincia-de-segovia\/\" title=\"Pasar un fin de semana en Segovia\" target=\"_blank\"><span style=\"color: #000000;\">Pasar un fin de semana en Segovia<\/a>.<br \/>\n&nbsp; &nbsp; <strong>\u2022 <\/strong><a title=\"Enlace a nuestra entrada sobre nuestra dulce experiencia en Dulces Coca\" href=\"http:\/\/destinocastillayleon.es\/index\/experiencia-dulce-en-la-fabrica-de-pastas-en-coca\/\" target=\"_blank\"><span style=\"color: #000000;\">Dulce experiencia en Dulces Coca<\/a>.<br \/>\n&nbsp; &nbsp; <strong>\u2022 <\/strong><a title=\"Enlace a nuestra entrada sobre la visita al Castillo de Coca\" href=\"http:\/\/destinocastillayleon.es\/index\/historia-visita-al-castillo-de-coca\/\" target=\"_blank\"><span style=\"color: #000000;\">Visitar el Castillo de Coca<\/a>.<br \/>\n&nbsp; &nbsp; <strong>\u2022 <\/strong><a href=\"http:\/\/destinocastillayleon.es\/index\/de-viaje-por-coca-iscar-maravillosa-tierra-de-pinares\/\"  target=\"_blank\" title=\"Disfruta la Comarca de Pinares en Segovia\"><span style=\"color: #000000;\">Visita y disfruta la Comarca de Pinares en Segovia<\/a>.<br \/>\n&nbsp; <\/p>\n","protected":false},"excerpt":{"rendered":"<p>Te mostramos las fuentes de los jardines de Real Sitio de la Granja de San Ildelfonso funcionando, tal y como pudimos verlas. Maravillosas fuentes barrocas<\/p>\n","protected":false},"author":2,"featured_media":4727,"comment_status":"open","ping_status":"closed","sticky":false,"template":"","format":"gallery","meta":{"rop_custom_images_group":[],"rop_custom_messages_group":[],"rop_publish_now":"initial","rop_publish_now_accounts":{"twitter_1150954226_1150954226":""},"rop_publish_now_history":[],"rop_publish_now_status":"pending","footnotes":""},"categories":[60,68,45,73,384,37,4738],"tags":[4905,3550,4394,3548,3551,696,3549,4877,369,564],"class_list":["post-4709","post","type-post","status-publish","format-gallery","has-post-thumbnail","hentry","category-galeria_de_fotos","category-post_inicial","category-provincias","category-punto_singular","category-rutas-2","category-segovia","category-segovia-turismo","tag-dias-de-puertas-abiertas-en-la-granja","tag-fuentes-de-la-granja","tag-granja-de-san-ildefonso","tag-las-fuentes-de-la-granja-de-san-ildefonso","tag-palacio-de-la-granja","tag-que-ver-en-segovia","tag-real-sitio-de-la-granja-de-san-ildefonso","tag-reales-sitios-en-castilla-y-leon","tag-turismo-en-castilla-y-leon","tag-turismo-en-segovia","post_format-post-format-gallery"],"yoast_head":"<!-- This site is optimized with the Yoast SEO Premium plugin v20.4 (Yoast SEO v27.4) - https:\/\/yoast.com\/product\/yoast-seo-premium-wordpress\/ -->\n<title>Las Fuentes de la Real Granja de San Ildefonso, Segovia<\/title>\n<meta name=\"description\" content=\"Te mostramos las fuentes de los jardines de Real Sitio de la Granja de San Ildefonso funcionando, tal y como pudimos verlas. Maravillosas fuentes barrocas\" \/>\n<meta name=\"robots\" content=\"index, follow, max-snippet:-1, max-image-preview:large, max-video-preview:-1\" \/>\n<link rel=\"canonical\" href=\"https:\/\/destinocastillayleon.es\/index\/granja-de-san-ildefonso\/\" \/>\n<meta property=\"og:locale\" content=\"es_ES\" \/>\n<meta property=\"og:type\" content=\"article\" \/>\n<meta property=\"og:title\" content=\"Las Fuentes de la Real Granja de San Ildefonso, Segovia\" \/>\n<meta property=\"og:description\" content=\"Te mostramos las fuentes de los jardines de Real Sitio de la Granja de San Ildelfonso funcionando, tal y como pudimos verlas. Maravillosas fuentes barrocas\" \/>\n<meta property=\"og:url\" content=\"https:\/\/destinocastillayleon.es\/index\/granja-de-san-ildefonso\/\" \/>\n<meta property=\"og:site_name\" content=\"Destino Castilla y Le\u00f3n\" \/>\n<meta property=\"article:publisher\" content=\"https:\/\/www.facebook.com\/DestinoCastillaYLeon\/\" \/>\n<meta property=\"article:author\" content=\"https:\/\/www.facebook.com\/profile.php?id=1158416854\" \/>\n<meta property=\"article:published_time\" content=\"2013-07-16T09:41:45+00:00\" \/>\n<meta property=\"article:modified_time\" content=\"2016-03-03T09:29:55+00:00\" \/>\n<meta property=\"og:image\" content=\"https:\/\/destinocastillayleon.es\/index\/wp-content\/uploads\/2013\/07\/P1060820.jpg\" \/>\n\t<meta property=\"og:image:width\" content=\"708\" \/>\n\t<meta property=\"og:image:height\" content=\"531\" \/>\n\t<meta property=\"og:image:type\" content=\"image\/jpeg\" \/>\n<meta name=\"author\" content=\"David V\u00e1zquez\" \/>\n<meta name=\"twitter:card\" content=\"summary_large_image\" \/>\n<meta name=\"twitter:title\" content=\"Las Fuentes de la Real Granja de San Ildefonso, Segovia\" \/>\n<meta name=\"twitter:description\" content=\"Te mostramos las fuentes de los jardines de Real Sitio de la Granja de San Ildelfonso funcionando, tal y como pudimos verlas. Maravillosas fuentes barrocas\" \/>\n<meta name=\"twitter:image\" content=\"http:\/\/destinocastillayleon.es\/index\/wp-content\/uploads\/2013\/07\/P1060820-300x225.jpg\" \/>\n<meta name=\"twitter:creator\" content=\"@https:\/\/twitter.com\/ContePantaleone\u200e\" \/>\n<meta name=\"twitter:site\" content=\"@destinocyl\" \/>\n<meta name=\"twitter:label1\" content=\"Escrito por\" \/>\n\t<meta name=\"twitter:data1\" content=\"David V\u00e1zquez\" \/>\n\t<meta name=\"twitter:label2\" content=\"Tiempo de lectura\" \/>\n\t<meta name=\"twitter:data2\" content=\"2 minutos\" \/>\n<script type=\"application\/ld+json\" class=\"yoast-schema-graph\">{\"@context\":\"https:\\\/\\\/schema.org\",\"@graph\":[{\"@type\":\"Article\",\"@id\":\"https:\\\/\\\/destinocastillayleon.es\\\/index\\\/granja-de-san-ildefonso\\\/#article\",\"isPartOf\":{\"@id\":\"https:\\\/\\\/destinocastillayleon.es\\\/index\\\/granja-de-san-ildefonso\\\/\"},\"author\":{\"name\":\"David V\u00e1zquez\",\"@id\":\"https:\\\/\\\/destinocastillayleon.es\\\/index\\\/#\\\/schema\\\/person\\\/189221bc8f6cc4fa28b18ad5c289d4c2\"},\"headline\":\"Las Fuentes de La Granja de San Ildefonso , Segovia\",\"datePublished\":\"2013-07-16T09:41:45+00:00\",\"dateModified\":\"2016-03-03T09:29:55+00:00\",\"mainEntityOfPage\":{\"@id\":\"https:\\\/\\\/destinocastillayleon.es\\\/index\\\/granja-de-san-ildefonso\\\/\"},\"wordCount\":416,\"commentCount\":3,\"image\":{\"@id\":\"https:\\\/\\\/destinocastillayleon.es\\\/index\\\/granja-de-san-ildefonso\\\/#primaryimage\"},\"thumbnailUrl\":\"https:\\\/\\\/destinocastillayleon.es\\\/index\\\/wp-content\\\/uploads\\\/2013\\\/07\\\/P1060820.jpg\",\"keywords\":[\"dias de puertas abiertas en la Granja\",\"fuentes de la Granja\",\"Granja de San Ildefonso\",\"Las Fuentes de La Granja de San Ildefonso\",\"Palacio de La Granja\",\"Qu\u00e9 ver en Segovia\",\"Real Sitio de La Granja de San Ildefonso\",\"Reales sitios en Castilla y Le\u00f3n\",\"turismo en Castilla y Le\u00f3n\",\"turismo en Segovia\"],\"articleSection\":[\"galeria_de_fotos\",\"Post_inicial\",\"Provincias\",\"Punto Singular\",\"Rutas\",\"Segovia\",\"Segovia turismo\"],\"inLanguage\":\"es\",\"potentialAction\":[{\"@type\":\"CommentAction\",\"name\":\"Comment\",\"target\":[\"https:\\\/\\\/destinocastillayleon.es\\\/index\\\/granja-de-san-ildefonso\\\/#respond\"]}]},{\"@type\":\"WebPage\",\"@id\":\"https:\\\/\\\/destinocastillayleon.es\\\/index\\\/granja-de-san-ildefonso\\\/\",\"url\":\"https:\\\/\\\/destinocastillayleon.es\\\/index\\\/granja-de-san-ildefonso\\\/\",\"name\":\"Las Fuentes de la Real Granja de San Ildefonso, Segovia\",\"isPartOf\":{\"@id\":\"https:\\\/\\\/destinocastillayleon.es\\\/index\\\/#website\"},\"primaryImageOfPage\":{\"@id\":\"https:\\\/\\\/destinocastillayleon.es\\\/index\\\/granja-de-san-ildefonso\\\/#primaryimage\"},\"image\":{\"@id\":\"https:\\\/\\\/destinocastillayleon.es\\\/index\\\/granja-de-san-ildefonso\\\/#primaryimage\"},\"thumbnailUrl\":\"https:\\\/\\\/destinocastillayleon.es\\\/index\\\/wp-content\\\/uploads\\\/2013\\\/07\\\/P1060820.jpg\",\"datePublished\":\"2013-07-16T09:41:45+00:00\",\"dateModified\":\"2016-03-03T09:29:55+00:00\",\"author\":{\"@id\":\"https:\\\/\\\/destinocastillayleon.es\\\/index\\\/#\\\/schema\\\/person\\\/189221bc8f6cc4fa28b18ad5c289d4c2\"},\"description\":\"Te mostramos las fuentes de los jardines de Real Sitio de la Granja de San Ildefonso funcionando, tal y como pudimos verlas. Maravillosas fuentes barrocas\",\"breadcrumb\":{\"@id\":\"https:\\\/\\\/destinocastillayleon.es\\\/index\\\/granja-de-san-ildefonso\\\/#breadcrumb\"},\"inLanguage\":\"es\",\"potentialAction\":[{\"@type\":\"ReadAction\",\"target\":[\"https:\\\/\\\/destinocastillayleon.es\\\/index\\\/granja-de-san-ildefonso\\\/\"]}]},{\"@type\":\"ImageObject\",\"inLanguage\":\"es\",\"@id\":\"https:\\\/\\\/destinocastillayleon.es\\\/index\\\/granja-de-san-ildefonso\\\/#primaryimage\",\"url\":\"https:\\\/\\\/destinocastillayleon.es\\\/index\\\/wp-content\\\/uploads\\\/2013\\\/07\\\/P1060820.jpg\",\"contentUrl\":\"https:\\\/\\\/destinocastillayleon.es\\\/index\\\/wp-content\\\/uploads\\\/2013\\\/07\\\/P1060820.jpg\",\"width\":708,\"height\":531},{\"@type\":\"BreadcrumbList\",\"@id\":\"https:\\\/\\\/destinocastillayleon.es\\\/index\\\/granja-de-san-ildefonso\\\/#breadcrumb\",\"itemListElement\":[{\"@type\":\"ListItem\",\"position\":1,\"name\":\"Portada\",\"item\":\"https:\\\/\\\/destinocastillayleon.es\\\/index\\\/\"},{\"@type\":\"ListItem\",\"position\":2,\"name\":\"Las Fuentes de La Granja de San Ildefonso , Segovia\"}]},{\"@type\":\"WebSite\",\"@id\":\"https:\\\/\\\/destinocastillayleon.es\\\/index\\\/#website\",\"url\":\"https:\\\/\\\/destinocastillayleon.es\\\/index\\\/\",\"name\":\"Destino Castilla y Le\u00f3n\",\"description\":\"Medio digital independiente y revista de Castilla y Le\u00f3n dedicado al turismo, gastronom\u00eda y vino de Castilla y Le\u00f3n\",\"potentialAction\":[{\"@type\":\"SearchAction\",\"target\":{\"@type\":\"EntryPoint\",\"urlTemplate\":\"https:\\\/\\\/destinocastillayleon.es\\\/index\\\/?s={search_term_string}\"},\"query-input\":{\"@type\":\"PropertyValueSpecification\",\"valueRequired\":true,\"valueName\":\"search_term_string\"}}],\"inLanguage\":\"es\"},{\"@type\":\"Person\",\"@id\":\"https:\\\/\\\/destinocastillayleon.es\\\/index\\\/#\\\/schema\\\/person\\\/189221bc8f6cc4fa28b18ad5c289d4c2\",\"name\":\"David V\u00e1zquez\",\"image\":{\"@type\":\"ImageObject\",\"inLanguage\":\"es\",\"@id\":\"https:\\\/\\\/secure.gravatar.com\\\/avatar\\\/cd12db6c575a90c3b75cfa0f794b74d425201c768612fad17e9f13cd33d48be8?s=96&d=mm&r=g\",\"url\":\"https:\\\/\\\/secure.gravatar.com\\\/avatar\\\/cd12db6c575a90c3b75cfa0f794b74d425201c768612fad17e9f13cd33d48be8?s=96&d=mm&r=g\",\"contentUrl\":\"https:\\\/\\\/secure.gravatar.com\\\/avatar\\\/cd12db6c575a90c3b75cfa0f794b74d425201c768612fad17e9f13cd33d48be8?s=96&d=mm&r=g\",\"caption\":\"David V\u00e1zquez\"},\"description\":\"Ingeniero Industrial de vocaci\u00f3n y profesi\u00f3n, he encontrado en los blogs la forma de plasmar mi pasi\u00f3n por los viajes, la gastronom\u00eda y los vinos. Especialmente los procedentes de Castilla y Le\u00f3n\",\"sameAs\":[\"https:\\\/\\\/www.destinocastillayleon.es\",\"https:\\\/\\\/www.facebook.com\\\/profile.php?id=1158416854\",\"https:\\\/\\\/instagram.com\\\/conte.pantaleone\",\"https:\\\/\\\/www.linkedin.com\\\/pub\\\/david-vazquez-lozano\\\/37\\\/17a\\\/25a\",\"https:\\\/\\\/x.com\\\/https:\\\/\\\/twitter.com\\\/ContePantaleone\u200e\"],\"url\":\"https:\\\/\\\/destinocastillayleon.es\\\/index\\\/author\\\/coadministradorcyl\\\/\"}]}<\/script>\n<!-- \/ Yoast SEO Premium plugin. -->","yoast_head_json":{"title":"Las Fuentes de la Real Granja de San Ildefonso, Segovia","description":"Te mostramos las fuentes de los jardines de Real Sitio de la Granja de San Ildefonso funcionando, tal y como pudimos verlas. Maravillosas fuentes barrocas","robots":{"index":"index","follow":"follow","max-snippet":"max-snippet:-1","max-image-preview":"max-image-preview:large","max-video-preview":"max-video-preview:-1"},"canonical":"https:\/\/destinocastillayleon.es\/index\/granja-de-san-ildefonso\/","og_locale":"es_ES","og_type":"article","og_title":"Las Fuentes de la Real Granja de San Ildefonso, Segovia","og_description":"Te mostramos las fuentes de los jardines de Real Sitio de la Granja de San Ildelfonso funcionando, tal y como pudimos verlas. Maravillosas fuentes barrocas","og_url":"https:\/\/destinocastillayleon.es\/index\/granja-de-san-ildefonso\/","og_site_name":"Destino Castilla y Le\u00f3n","article_publisher":"https:\/\/www.facebook.com\/DestinoCastillaYLeon\/","article_author":"https:\/\/www.facebook.com\/profile.php?id=1158416854","article_published_time":"2013-07-16T09:41:45+00:00","article_modified_time":"2016-03-03T09:29:55+00:00","og_image":[{"width":708,"height":531,"url":"https:\/\/destinocastillayleon.es\/index\/wp-content\/uploads\/2013\/07\/P1060820.jpg","type":"image\/jpeg"}],"author":"David V\u00e1zquez","twitter_card":"summary_large_image","twitter_title":"Las Fuentes de la Real Granja de San Ildefonso, Segovia","twitter_description":"Te mostramos las fuentes de los jardines de Real Sitio de la Granja de San Ildelfonso funcionando, tal y como pudimos verlas. Maravillosas fuentes barrocas","twitter_image":"http:\/\/destinocastillayleon.es\/index\/wp-content\/uploads\/2013\/07\/P1060820-300x225.jpg","twitter_creator":"@https:\/\/twitter.com\/ContePantaleone\u200e","twitter_site":"@destinocyl","twitter_misc":{"Escrito por":"David V\u00e1zquez","Tiempo de lectura":"2 minutos"},"schema":{"@context":"https:\/\/schema.org","@graph":[{"@type":"Article","@id":"https:\/\/destinocastillayleon.es\/index\/granja-de-san-ildefonso\/#article","isPartOf":{"@id":"https:\/\/destinocastillayleon.es\/index\/granja-de-san-ildefonso\/"},"author":{"name":"David V\u00e1zquez","@id":"https:\/\/destinocastillayleon.es\/index\/#\/schema\/person\/189221bc8f6cc4fa28b18ad5c289d4c2"},"headline":"Las Fuentes de La Granja de San Ildefonso , Segovia","datePublished":"2013-07-16T09:41:45+00:00","dateModified":"2016-03-03T09:29:55+00:00","mainEntityOfPage":{"@id":"https:\/\/destinocastillayleon.es\/index\/granja-de-san-ildefonso\/"},"wordCount":416,"commentCount":3,"image":{"@id":"https:\/\/destinocastillayleon.es\/index\/granja-de-san-ildefonso\/#primaryimage"},"thumbnailUrl":"https:\/\/destinocastillayleon.es\/index\/wp-content\/uploads\/2013\/07\/P1060820.jpg","keywords":["dias de puertas abiertas en la Granja","fuentes de la Granja","Granja de San Ildefonso","Las Fuentes de La Granja de San Ildefonso","Palacio de La Granja","Qu\u00e9 ver en Segovia","Real Sitio de La Granja de San Ildefonso","Reales sitios en Castilla y Le\u00f3n","turismo en Castilla y Le\u00f3n","turismo en Segovia"],"articleSection":["galeria_de_fotos","Post_inicial","Provincias","Punto Singular","Rutas","Segovia","Segovia turismo"],"inLanguage":"es","potentialAction":[{"@type":"CommentAction","name":"Comment","target":["https:\/\/destinocastillayleon.es\/index\/granja-de-san-ildefonso\/#respond"]}]},{"@type":"WebPage","@id":"https:\/\/destinocastillayleon.es\/index\/granja-de-san-ildefonso\/","url":"https:\/\/destinocastillayleon.es\/index\/granja-de-san-ildefonso\/","name":"Las Fuentes de la Real Granja de San Ildefonso, Segovia","isPartOf":{"@id":"https:\/\/destinocastillayleon.es\/index\/#website"},"primaryImageOfPage":{"@id":"https:\/\/destinocastillayleon.es\/index\/granja-de-san-ildefonso\/#primaryimage"},"image":{"@id":"https:\/\/destinocastillayleon.es\/index\/granja-de-san-ildefonso\/#primaryimage"},"thumbnailUrl":"https:\/\/destinocastillayleon.es\/index\/wp-content\/uploads\/2013\/07\/P1060820.jpg","datePublished":"2013-07-16T09:41:45+00:00","dateModified":"2016-03-03T09:29:55+00:00","author":{"@id":"https:\/\/destinocastillayleon.es\/index\/#\/schema\/person\/189221bc8f6cc4fa28b18ad5c289d4c2"},"description":"Te mostramos las fuentes de los jardines de Real Sitio de la Granja de San Ildefonso funcionando, tal y como pudimos verlas. Maravillosas fuentes barrocas","breadcrumb":{"@id":"https:\/\/destinocastillayleon.es\/index\/granja-de-san-ildefonso\/#breadcrumb"},"inLanguage":"es","potentialAction":[{"@type":"ReadAction","target":["https:\/\/destinocastillayleon.es\/index\/granja-de-san-ildefonso\/"]}]},{"@type":"ImageObject","inLanguage":"es","@id":"https:\/\/destinocastillayleon.es\/index\/granja-de-san-ildefonso\/#primaryimage","url":"https:\/\/destinocastillayleon.es\/index\/wp-content\/uploads\/2013\/07\/P1060820.jpg","contentUrl":"https:\/\/destinocastillayleon.es\/index\/wp-content\/uploads\/2013\/07\/P1060820.jpg","width":708,"height":531},{"@type":"BreadcrumbList","@id":"https:\/\/destinocastillayleon.es\/index\/granja-de-san-ildefonso\/#breadcrumb","itemListElement":[{"@type":"ListItem","position":1,"name":"Portada","item":"https:\/\/destinocastillayleon.es\/index\/"},{"@type":"ListItem","position":2,"name":"Las Fuentes de La Granja de San Ildefonso , Segovia"}]},{"@type":"WebSite","@id":"https:\/\/destinocastillayleon.es\/index\/#website","url":"https:\/\/destinocastillayleon.es\/index\/","name":"Destino Castilla y Le\u00f3n","description":"Medio digital independiente y revista de Castilla y Le\u00f3n dedicado al turismo, gastronom\u00eda y vino de Castilla y Le\u00f3n","potentialAction":[{"@type":"SearchAction","target":{"@type":"EntryPoint","urlTemplate":"https:\/\/destinocastillayleon.es\/index\/?s={search_term_string}"},"query-input":{"@type":"PropertyValueSpecification","valueRequired":true,"valueName":"search_term_string"}}],"inLanguage":"es"},{"@type":"Person","@id":"https:\/\/destinocastillayleon.es\/index\/#\/schema\/person\/189221bc8f6cc4fa28b18ad5c289d4c2","name":"David V\u00e1zquez","image":{"@type":"ImageObject","inLanguage":"es","@id":"https:\/\/secure.gravatar.com\/avatar\/cd12db6c575a90c3b75cfa0f794b74d425201c768612fad17e9f13cd33d48be8?s=96&d=mm&r=g","url":"https:\/\/secure.gravatar.com\/avatar\/cd12db6c575a90c3b75cfa0f794b74d425201c768612fad17e9f13cd33d48be8?s=96&d=mm&r=g","contentUrl":"https:\/\/secure.gravatar.com\/avatar\/cd12db6c575a90c3b75cfa0f794b74d425201c768612fad17e9f13cd33d48be8?s=96&d=mm&r=g","caption":"David V\u00e1zquez"},"description":"Ingeniero Industrial de vocaci\u00f3n y profesi\u00f3n, he encontrado en los blogs la forma de plasmar mi pasi\u00f3n por los viajes, la gastronom\u00eda y los vinos. Especialmente los procedentes de Castilla y Le\u00f3n","sameAs":["https:\/\/www.destinocastillayleon.es","https:\/\/www.facebook.com\/profile.php?id=1158416854","https:\/\/instagram.com\/conte.pantaleone","https:\/\/www.linkedin.com\/pub\/david-vazquez-lozano\/37\/17a\/25a","https:\/\/x.com\/https:\/\/twitter.com\/ContePantaleone\u200e"],"url":"https:\/\/destinocastillayleon.es\/index\/author\/coadministradorcyl\/"}]}},"_links":{"self":[{"href":"https:\/\/destinocastillayleon.es\/index\/wp-json\/wp\/v2\/posts\/4709","targetHints":{"allow":["GET"]}}],"collection":[{"href":"https:\/\/destinocastillayleon.es\/index\/wp-json\/wp\/v2\/posts"}],"about":[{"href":"https:\/\/destinocastillayleon.es\/index\/wp-json\/wp\/v2\/types\/post"}],"author":[{"embeddable":true,"href":"https:\/\/destinocastillayleon.es\/index\/wp-json\/wp\/v2\/users\/2"}],"replies":[{"embeddable":true,"href":"https:\/\/destinocastillayleon.es\/index\/wp-json\/wp\/v2\/comments?post=4709"}],"version-history":[{"count":29,"href":"https:\/\/destinocastillayleon.es\/index\/wp-json\/wp\/v2\/posts\/4709\/revisions"}],"predecessor-version":[{"id":22224,"href":"https:\/\/destinocastillayleon.es\/index\/wp-json\/wp\/v2\/posts\/4709\/revisions\/22224"}],"wp:featuredmedia":[{"embeddable":true,"href":"https:\/\/destinocastillayleon.es\/index\/wp-json\/wp\/v2\/media\/4727"}],"wp:attachment":[{"href":"https:\/\/destinocastillayleon.es\/index\/wp-json\/wp\/v2\/media?parent=4709"}],"wp:term":[{"taxonomy":"category","embeddable":true,"href":"https:\/\/destinocastillayleon.es\/index\/wp-json\/wp\/v2\/categories?post=4709"},{"taxonomy":"post_tag","embeddable":true,"href":"https:\/\/destinocastillayleon.es\/index\/wp-json\/wp\/v2\/tags?post=4709"}],"curies":[{"name":"wp","href":"https:\/\/api.w.org\/{rel}","templated":true}]}}