{"id":4217,"date":"2013-06-28T08:42:19","date_gmt":"2013-06-28T08:42:19","guid":{"rendered":"http:\/\/destinocastillayleon.es\/index\/?p=4217"},"modified":"2014-10-16T12:14:18","modified_gmt":"2014-10-16T10:14:18","slug":"iii-jornadas-gastronomicas-del-lechazo-en-medina-del-campo","status":"publish","type":"post","link":"https:\/\/destinocastillayleon.es\/index\/iii-jornadas-gastronomicas-del-lechazo-en-medina-del-campo\/","title":{"rendered":"III Jornadas gastron\u00f3micas del lechazo en Medina del Campo"},"content":{"rendered":"<p>Medina del Campo, acoge <strong>del 15 de marzo al 1 de diciembre<\/strong>, las <strong>III jornadas gastron\u00f3micas del lechazo<\/strong>, una buena ocasi\u00f3n para visitar la ciudad de las ferias y degustar por <strong>25\u20ac<\/strong> un exquisito lechazo t\u00edpico de la zona y otros acompa\u00f1antes tambi\u00e9n de la tierra.<\/p>\n<p>Este es el cartel de las Jornadas en el que podr\u00e1s ver <strong>los establecimientos participantes:<\/strong><br \/>\n&nbsp;<br \/>\n<center><a title=\"D\u00edtico Jornadas Gastron\u00f3micas de Medina del Campo\" href=\"http:\/\/destinocastillayleon.es\/index\/iii-jornadas-gastronomicas-del-lechazo-en-medina-del-campo\/jornadas-lechazo-diptico-2013-01\/\" target=\"_blank\" rel=\"attachment wp-att-4221\"><img decoding=\"async\" class=\"alignnone size-full wp-image-4221\" alt=\"jornadas-lechazo-diptico-2013-01\" src=\"http:\/\/destinocastillayleon.es\/index\/wp-content\/uploads\/2013\/06\/jornadas-lechazo-diptico-2013-01.jpg\" width=\"640\" height=\"450\" srcset=\"https:\/\/destinocastillayleon.es\/index\/wp-content\/uploads\/2013\/06\/jornadas-lechazo-diptico-2013-01.jpg 755w, https:\/\/destinocastillayleon.es\/index\/wp-content\/uploads\/2013\/06\/jornadas-lechazo-diptico-2013-01-300x211.jpg 300w, https:\/\/destinocastillayleon.es\/index\/wp-content\/uploads\/2013\/06\/jornadas-lechazo-diptico-2013-01-1024x720.jpg 1024w\" sizes=\"(max-width: 640px) 100vw, 640px\" \/><\/a><br \/>\n&nbsp;<br \/>\n<a title=\"Restaurantes que participan en las jornadas\" href=\"http:\/\/destinocastillayleon.es\/index\/iii-jornadas-gastronomicas-del-lechazo-en-medina-del-campo\/jornadas-lechazo-diptico-2013-02-1\/\" target=\"_blank\" rel=\"attachment wp-att-4219\"><img decoding=\"async\" class=\"alignnone size-full wp-image-4219\" alt=\"jornadas-lechazo-diptico-2013-02 (1)\" src=\"http:\/\/destinocastillayleon.es\/index\/wp-content\/uploads\/2013\/06\/jornadas-lechazo-diptico-2013-02-1.jpg\" width=\"640\" height=\"450\" \/><\/a><\/center><br \/>\n&nbsp;<\/p>\n<h3>Qu\u00e9 ver en Medina del Campo:<\/h3>\n<p>Medina del Campo es conocida desde siglos por su <strong>pasi\u00f3n por el comercio y las ferias<\/strong>, siendo su mercado ganadero uno de los m\u00e1s reconocidos de la regi\u00f3n. Una de las curiosidades de esta localidad es que si vas un jueves te encontrar\u00e1s todo cerrado, pues es su d\u00eda de descanso. A cambio, <strong>los domingos por la ma\u00f1ana encontrar\u00e1s todos los comercios abiertos<\/strong> y muy buen ambiente de<strong> tapeo y ca\u00f1as<\/strong> en los bares y terrazas que rodean la plaza mayor.<\/p>\n<p>En los \u00faltimos a\u00f1os se anunciaba tambi\u00e9n como <strong>la ciudad del mueble,<\/strong> ya que a las afueras cuenta con una avenida llena de comercios dedicados al mueble y la decoraci\u00f3n.<\/p>\n<p>Centr\u00e1ndonos en su pasado, es destacable su <strong>Castillo de la Mota<\/strong> situado en una elevaci\u00f3n del terreno (o mota) desde d\u00f3nde se contempla la villa y toda su comarca. Construido en ladrillo rojizo fue c\u00e1rcel de personajes hist\u00f3ricos como Hernando Pizzarro, C\u00e9sar Borgia o el Conde de Aranda.<br \/>\n&nbsp;<br \/>\n<center><iframe src=\"\/\/www.youtube.com\/embed\/5542ub9JJf0\" height=\"390\" width=\"520\" allowfullscreen=\"\" frameborder=\"0\"><\/iframe><\/center><br \/>\n&nbsp;<br \/>\nMedina del Campo fue una de las ciudades favoritas de <strong>Isabel la Cat\u00f3lica<\/strong>, d\u00f3nde falleci\u00f3 dejando su testamento. En la plaza mayor, una de las m\u00e1s grandes de Europa puedes visitar <strong><a title=\"Casa Museo Isabel la Cat\u00f3lica en Medina del Campo, Valladolid\" href=\"http:\/\/www.casasmuseo.es\/casas-museo\/castillayleon-08.htm\" target=\"_blank\">la Casa Museo Isabel la Cat\u00f3lica<\/a><\/strong> d\u00f3nde se muestra una recreaci\u00f3n de la habitaci\u00f3n donde la reina pas\u00f3 sus \u00faltimas horas. Una de las habitaciones se ha dedicado a<strong> Crist\u00f3bal Col\u00f3n<\/strong> y el descubrimiento de Am\u00e9rica, con una interesante producci\u00f3n audiovisual.<br \/>\n&nbsp;<br \/>\n<img decoding=\"async\" class=\"aligncenter\" alt=\"\" src=\"http:\/\/www.casasmuseo.es\/imagenes\/casas-museo\/03-castillayleon-08.jpg\" width=\"640\" height=\"480\" \/><br \/>\n&nbsp;<br \/>\nEn la <a title=\"FUNDACI\u00d3N MUSEO DE LAS FERIAS - Medina del Campo\" href=\"http:\/\/www.medinadelcampo.es\/TurismoMedina\/Medina%20indispensable\/Qu%E9%20visitar\/Lo%20Indispensable\/Fundaci%F3n%20Museo%20de%20las%20Ferias\" target=\"_blank\"><strong>Fundaci\u00f3n Museo de las Ferias<\/strong><\/a>, instalada en la antigua iglesia de San Mart\u00edn de estilo mud\u00e9jar, encontrar\u00e1s un atractivo museo dedicado a la actividad comerciante de la villa que seg\u00fan se cree, fue la primera poblaci\u00f3n de Europa en <strong>acu\u00f1ar la primera letra de cambio<\/strong>.<br \/>\n&nbsp;<br \/>\n<center><a title=\"Museo de las Ferias Medina del Campo 401220\" href=\"http:\/\/www.minube.com\/fotos\/rincon\/81488\/401220\"> <img decoding=\"async\" alt=\"Museo de las Ferias Medina del Campo 401220\" src=\"http:\/\/esphoto980x880.mnstatic.com\/museo-de-las-ferias_401220.jpg\" width=\"640\"\/> <\/a><br \/>\n<font size=\"2\"><a title=\"Museo de las Ferias\">Museo de las Ferias<\/a> &#8211; <a title=\"Donde empiezan y terminan tus viajes - Minube.com\" href=\"http:\/\/www.minube.com\/\">Minube.com<\/a><\/font><\/center><br \/>\n&nbsp;<br \/>\nEn minube puedes encontrar <strong><a title=\"Qu\u00e9 ver en Medina del Campo, Minube.com\" href=\"http:\/\/www.minube.com\/que_ver\/espana\/valladolid\/medina_del_campo?page=2\" target=\"_blank\">m\u00e1s lugares que visitar en Medina del Campo<\/a><\/strong>. Esperamos que te haya gustado esta propuesta gastron\u00f3mica y nos cuentes si alguna vez has estado o te gustar\u00eda visitarlo. \u00a1Nos leemos!<br \/>\n&nbsp;<\/p>\n<h4>Fuente de las im\u00e1genes:<\/h4>\n<p>&nbsp; &nbsp; <strong>\u2022 <\/strong><a title=\"Ayuntamiento Medina del Campo\" href=\"http:\/\/www.ayto-medinadelcampo.es\/MedinaDelCampo\" target=\"_blank\"><span style=\"color: #000000;\">Ayuntamiento de Medina del Campo<\/a><br \/>\n&nbsp; &nbsp; <strong>\u2022 <\/strong><a href=\"http:\/\/www.minube.com\/que_ver\/espana\/valladolid\/medina_del_campo?page=2\" target=\"_blank\"><span style=\"color: #000000;\">Minube <\/a><br \/>\n&nbsp; &nbsp; <strong>\u2022 <\/strong><a title=\"Casa Museo en Espa\u00f1a\" href=\"http:\/\/www.casasmuseo.es\/\" target=\"_blank\"><span style=\"color: #000000;\">Casasmuseo<\/a><\/p>\n<p>&nbsp;<\/p>\n<h4>Otros art\u00edculos interesantes:<\/h4>\n<p>&nbsp; &nbsp; <strong>\u2022 <\/strong><a href=\"http:\/\/destinocastillayleon.es\/index\/comer-bien-en-medina-del-campo\/\"><span style=\"color: #000000;\">Comer bien en Medina del Campo<\/a>.<br \/>\n&nbsp; &nbsp; <strong>\u2022 <\/strong><a href=\"http:\/\/destinocastillayleon.es\/index\/asado-de-lechazo-con-patatas-panaderas\/\"><span style=\"color: #000000;\">Receta de asado de lechazo con patatas<\/a>.<br \/>\n&nbsp; &nbsp; <strong>\u2022 <\/strong><a title=\"Asado de lechazo al estilo Tierra de Campos\" href=\"http:\/\/destinocastillayleon.es\/index\/asado-de-lechazo-al-estilo-tierra-de-campos\/\" target=\"_blank\"><span style=\"color: #000000;\">Asado de lechazo al estilo Tierra de Campos<\/a>.<br \/>\n&nbsp; &nbsp; <strong>\u2022 <\/strong><a href=\"http:\/\/destinocastillayleon.es\/index\/receta-pollo-guisado-con-arroz\/\"><span style=\"color: #000000;\">Pollo guisado con arroz<\/a>.<br \/>\n&nbsp; &nbsp; <strong>\u2022 <\/strong><a href=\"http:\/\/destinocastillayleon.es\/index\/patatas-la-importancia\/\"><span style=\"color: #000000;\">Patatas a la importancia<\/a>.<br \/>\n&nbsp; &nbsp; <strong>\u2022 <\/strong><a href=\"http:\/\/destinocastillayleon.es\/index\/feria-de-la-cerveza-artesana-de-medina-del-campo\/\"><span style=\"color: #000000;\">Feria de la Cerveza de Medina del Campo<\/a><br \/>\n&nbsp; &nbsp; <strong>\u2022 <\/strong><a href=\"http:\/\/destinocastillayleon.es\/index\/xiii-jornadas-del-lechazo-en-aranda-de-duero\/\"><span style=\"color: #000000;\">Feria del Lechazo asado en Aranda de Duero<\/a>.<br \/>\n&nbsp; <\/p>\n","protected":false},"excerpt":{"rendered":"<p>Disfruta de las III Jornadas gastron\u00f3micas del lechazo en Medina del Campo, Valladolid. Conoce el programa<\/p>\n","protected":false},"author":6,"featured_media":4243,"comment_status":"closed","ping_status":"closed","sticky":false,"template":"","format":"standard","meta":{"rop_custom_images_group":[],"rop_custom_messages_group":[],"rop_publish_now":"initial","rop_publish_now_accounts":{"twitter_1150954226_1150954226":""},"rop_publish_now_history":[],"rop_publish_now_status":"pending","footnotes":""},"categories":[77,68,45,1,26],"tags":[2141,3513,321,2140,434],"class_list":["post-4217","post","type-post","status-publish","format-standard","has-post-thumbnail","hentry","category-actualidad-y-agenda-de-castilla-y-leon","category-post_inicial","category-provincias","category-uncategorized","category-valladolid","tag-comer-en-medina-del-campo","tag-jornadas-gastronomicas-del-lechazo-en-medina-del-campo","tag-medina-del-campo","tag-turismo-gastronomico-en-medina-del-campo","tag-villa-de-feria"],"yoast_head":"<!-- This site is optimized with the Yoast SEO Premium plugin v20.4 (Yoast SEO v27.4) - https:\/\/yoast.com\/product\/yoast-seo-premium-wordpress\/ -->\n<title>III Jornadas gastron\u00f3micas del lechazo en Medina del Campo<\/title>\n<meta name=\"description\" content=\"Disfruta de las III Jornadas gastron\u00f3micas del lechazo en Medina del Campo, Valladolid. Conoce el programa\" \/>\n<meta name=\"robots\" content=\"index, follow, max-snippet:-1, max-image-preview:large, max-video-preview:-1\" \/>\n<link rel=\"canonical\" href=\"https:\/\/destinocastillayleon.es\/index\/iii-jornadas-gastronomicas-del-lechazo-en-medina-del-campo\/\" \/>\n<meta property=\"og:locale\" content=\"es_ES\" \/>\n<meta property=\"og:type\" content=\"article\" \/>\n<meta property=\"og:title\" content=\"III Jornadas gastron\u00f3micas del lechazo en Medina del Campo\" \/>\n<meta property=\"og:description\" content=\"Disfruta de las III Jornadas gastron\u00f3micas del lechazo en Medina del Campo, Valladolid. Conoce el programa\" \/>\n<meta property=\"og:url\" content=\"https:\/\/destinocastillayleon.es\/index\/iii-jornadas-gastronomicas-del-lechazo-en-medina-del-campo\/\" \/>\n<meta property=\"og:site_name\" content=\"Destino Castilla y Le\u00f3n\" \/>\n<meta property=\"article:publisher\" content=\"https:\/\/www.facebook.com\/DestinoCastillaYLeon\/\" \/>\n<meta property=\"article:published_time\" content=\"2013-06-28T08:42:19+00:00\" \/>\n<meta property=\"article:modified_time\" content=\"2014-10-16T10:14:18+00:00\" \/>\n<meta property=\"og:image\" content=\"https:\/\/destinocastillayleon.es\/index\/wp-content\/uploads\/2013\/06\/jornadas-lechazo-20131.jpg\" \/>\n\t<meta property=\"og:image:width\" content=\"658\" \/>\n\t<meta property=\"og:image:height\" content=\"531\" \/>\n\t<meta property=\"og:image:type\" content=\"image\/jpeg\" \/>\n<meta name=\"author\" content=\"Lola Hernandez\" \/>\n<meta name=\"twitter:card\" content=\"summary_large_image\" \/>\n<meta name=\"twitter:creator\" content=\"@destinocyl\" \/>\n<meta name=\"twitter:site\" content=\"@destinocyl\" \/>\n<meta name=\"twitter:label1\" content=\"Escrito por\" \/>\n\t<meta name=\"twitter:data1\" content=\"Lola Hernandez\" \/>\n\t<meta name=\"twitter:label2\" content=\"Tiempo de lectura\" \/>\n\t<meta name=\"twitter:data2\" content=\"3 minutos\" \/>\n<script type=\"application\/ld+json\" class=\"yoast-schema-graph\">{\"@context\":\"https:\\\/\\\/schema.org\",\"@graph\":[{\"@type\":\"Article\",\"@id\":\"https:\\\/\\\/destinocastillayleon.es\\\/index\\\/iii-jornadas-gastronomicas-del-lechazo-en-medina-del-campo\\\/#article\",\"isPartOf\":{\"@id\":\"https:\\\/\\\/destinocastillayleon.es\\\/index\\\/iii-jornadas-gastronomicas-del-lechazo-en-medina-del-campo\\\/\"},\"author\":{\"name\":\"Lola Hernandez\",\"@id\":\"https:\\\/\\\/destinocastillayleon.es\\\/index\\\/#\\\/schema\\\/person\\\/49ffcb7eb307589ba529009335ed7767\"},\"headline\":\"III Jornadas gastron\u00f3micas del lechazo en Medina del Campo\",\"datePublished\":\"2013-06-28T08:42:19+00:00\",\"dateModified\":\"2014-10-16T10:14:18+00:00\",\"mainEntityOfPage\":{\"@id\":\"https:\\\/\\\/destinocastillayleon.es\\\/index\\\/iii-jornadas-gastronomicas-del-lechazo-en-medina-del-campo\\\/\"},\"wordCount\":530,\"image\":{\"@id\":\"https:\\\/\\\/destinocastillayleon.es\\\/index\\\/iii-jornadas-gastronomicas-del-lechazo-en-medina-del-campo\\\/#primaryimage\"},\"thumbnailUrl\":\"https:\\\/\\\/destinocastillayleon.es\\\/index\\\/wp-content\\\/uploads\\\/2013\\\/06\\\/jornadas-lechazo-20131.jpg\",\"keywords\":[\"comer en Medina del Campo\",\"Jornadas gastron\u00f3micas del lechazo en Medina del Campo\",\"Medina del Campo\",\"turismo gastron\u00f3mico en Medina del Campo\",\"Villa de Feria\"],\"articleSection\":[\"Actualidad\",\"Post_inicial\",\"Provincias\",\"Uncategorized\",\"Valladolid\"],\"inLanguage\":\"es\"},{\"@type\":\"WebPage\",\"@id\":\"https:\\\/\\\/destinocastillayleon.es\\\/index\\\/iii-jornadas-gastronomicas-del-lechazo-en-medina-del-campo\\\/\",\"url\":\"https:\\\/\\\/destinocastillayleon.es\\\/index\\\/iii-jornadas-gastronomicas-del-lechazo-en-medina-del-campo\\\/\",\"name\":\"III Jornadas gastron\u00f3micas del lechazo en Medina del Campo\",\"isPartOf\":{\"@id\":\"https:\\\/\\\/destinocastillayleon.es\\\/index\\\/#website\"},\"primaryImageOfPage\":{\"@id\":\"https:\\\/\\\/destinocastillayleon.es\\\/index\\\/iii-jornadas-gastronomicas-del-lechazo-en-medina-del-campo\\\/#primaryimage\"},\"image\":{\"@id\":\"https:\\\/\\\/destinocastillayleon.es\\\/index\\\/iii-jornadas-gastronomicas-del-lechazo-en-medina-del-campo\\\/#primaryimage\"},\"thumbnailUrl\":\"https:\\\/\\\/destinocastillayleon.es\\\/index\\\/wp-content\\\/uploads\\\/2013\\\/06\\\/jornadas-lechazo-20131.jpg\",\"datePublished\":\"2013-06-28T08:42:19+00:00\",\"dateModified\":\"2014-10-16T10:14:18+00:00\",\"author\":{\"@id\":\"https:\\\/\\\/destinocastillayleon.es\\\/index\\\/#\\\/schema\\\/person\\\/49ffcb7eb307589ba529009335ed7767\"},\"description\":\"Disfruta de las III Jornadas gastron\u00f3micas del lechazo en Medina del Campo, Valladolid. Conoce el programa\",\"breadcrumb\":{\"@id\":\"https:\\\/\\\/destinocastillayleon.es\\\/index\\\/iii-jornadas-gastronomicas-del-lechazo-en-medina-del-campo\\\/#breadcrumb\"},\"inLanguage\":\"es\",\"potentialAction\":[{\"@type\":\"ReadAction\",\"target\":[\"https:\\\/\\\/destinocastillayleon.es\\\/index\\\/iii-jornadas-gastronomicas-del-lechazo-en-medina-del-campo\\\/\"]}]},{\"@type\":\"ImageObject\",\"inLanguage\":\"es\",\"@id\":\"https:\\\/\\\/destinocastillayleon.es\\\/index\\\/iii-jornadas-gastronomicas-del-lechazo-en-medina-del-campo\\\/#primaryimage\",\"url\":\"https:\\\/\\\/destinocastillayleon.es\\\/index\\\/wp-content\\\/uploads\\\/2013\\\/06\\\/jornadas-lechazo-20131.jpg\",\"contentUrl\":\"https:\\\/\\\/destinocastillayleon.es\\\/index\\\/wp-content\\\/uploads\\\/2013\\\/06\\\/jornadas-lechazo-20131.jpg\",\"width\":658,\"height\":531},{\"@type\":\"BreadcrumbList\",\"@id\":\"https:\\\/\\\/destinocastillayleon.es\\\/index\\\/iii-jornadas-gastronomicas-del-lechazo-en-medina-del-campo\\\/#breadcrumb\",\"itemListElement\":[{\"@type\":\"ListItem\",\"position\":1,\"name\":\"Portada\",\"item\":\"https:\\\/\\\/destinocastillayleon.es\\\/index\\\/\"},{\"@type\":\"ListItem\",\"position\":2,\"name\":\"III Jornadas gastron\u00f3micas del lechazo en Medina del Campo\"}]},{\"@type\":\"WebSite\",\"@id\":\"https:\\\/\\\/destinocastillayleon.es\\\/index\\\/#website\",\"url\":\"https:\\\/\\\/destinocastillayleon.es\\\/index\\\/\",\"name\":\"Destino Castilla y Le\u00f3n\",\"description\":\"Medio digital independiente y revista de Castilla y Le\u00f3n dedicado al turismo, gastronom\u00eda y vino de Castilla y Le\u00f3n\",\"potentialAction\":[{\"@type\":\"SearchAction\",\"target\":{\"@type\":\"EntryPoint\",\"urlTemplate\":\"https:\\\/\\\/destinocastillayleon.es\\\/index\\\/?s={search_term_string}\"},\"query-input\":{\"@type\":\"PropertyValueSpecification\",\"valueRequired\":true,\"valueName\":\"search_term_string\"}}],\"inLanguage\":\"es\"},{\"@type\":\"Person\",\"@id\":\"https:\\\/\\\/destinocastillayleon.es\\\/index\\\/#\\\/schema\\\/person\\\/49ffcb7eb307589ba529009335ed7767\",\"name\":\"Lola Hernandez\",\"image\":{\"@type\":\"ImageObject\",\"inLanguage\":\"es\",\"@id\":\"https:\\\/\\\/secure.gravatar.com\\\/avatar\\\/72ead65e55ad0522fba484acfe2842bf78b2f7c727df41d76fed78a85519da34?s=96&d=mm&r=g\",\"url\":\"https:\\\/\\\/secure.gravatar.com\\\/avatar\\\/72ead65e55ad0522fba484acfe2842bf78b2f7c727df41d76fed78a85519da34?s=96&d=mm&r=g\",\"contentUrl\":\"https:\\\/\\\/secure.gravatar.com\\\/avatar\\\/72ead65e55ad0522fba484acfe2842bf78b2f7c727df41d76fed78a85519da34?s=96&d=mm&r=g\",\"caption\":\"Lola Hernandez\"},\"description\":\"Lola Hern\u00e1ndez fue fundadora y directora de www.destinocastillayleon.es Escribiendo sobre turismo, gastronom\u00eda y vino de su tierra de origen, Castilla y Le\u00f3n.\",\"sameAs\":[\"http:\\\/\\\/www.destinoysabor.com\\\/blog\"],\"url\":\"https:\\\/\\\/destinocastillayleon.es\\\/index\\\/author\\\/lola-hernandez\\\/\"}]}<\/script>\n<!-- \/ Yoast SEO Premium plugin. -->","yoast_head_json":{"title":"III Jornadas gastron\u00f3micas del lechazo en Medina del Campo","description":"Disfruta de las III Jornadas gastron\u00f3micas del lechazo en Medina del Campo, Valladolid. Conoce el programa","robots":{"index":"index","follow":"follow","max-snippet":"max-snippet:-1","max-image-preview":"max-image-preview:large","max-video-preview":"max-video-preview:-1"},"canonical":"https:\/\/destinocastillayleon.es\/index\/iii-jornadas-gastronomicas-del-lechazo-en-medina-del-campo\/","og_locale":"es_ES","og_type":"article","og_title":"III Jornadas gastron\u00f3micas del lechazo en Medina del Campo","og_description":"Disfruta de las III Jornadas gastron\u00f3micas del lechazo en Medina del Campo, Valladolid. Conoce el programa","og_url":"https:\/\/destinocastillayleon.es\/index\/iii-jornadas-gastronomicas-del-lechazo-en-medina-del-campo\/","og_site_name":"Destino Castilla y Le\u00f3n","article_publisher":"https:\/\/www.facebook.com\/DestinoCastillaYLeon\/","article_published_time":"2013-06-28T08:42:19+00:00","article_modified_time":"2014-10-16T10:14:18+00:00","og_image":[{"width":658,"height":531,"url":"https:\/\/destinocastillayleon.es\/index\/wp-content\/uploads\/2013\/06\/jornadas-lechazo-20131.jpg","type":"image\/jpeg"}],"author":"Lola Hernandez","twitter_card":"summary_large_image","twitter_creator":"@destinocyl","twitter_site":"@destinocyl","twitter_misc":{"Escrito por":"Lola Hernandez","Tiempo de lectura":"3 minutos"},"schema":{"@context":"https:\/\/schema.org","@graph":[{"@type":"Article","@id":"https:\/\/destinocastillayleon.es\/index\/iii-jornadas-gastronomicas-del-lechazo-en-medina-del-campo\/#article","isPartOf":{"@id":"https:\/\/destinocastillayleon.es\/index\/iii-jornadas-gastronomicas-del-lechazo-en-medina-del-campo\/"},"author":{"name":"Lola Hernandez","@id":"https:\/\/destinocastillayleon.es\/index\/#\/schema\/person\/49ffcb7eb307589ba529009335ed7767"},"headline":"III Jornadas gastron\u00f3micas del lechazo en Medina del Campo","datePublished":"2013-06-28T08:42:19+00:00","dateModified":"2014-10-16T10:14:18+00:00","mainEntityOfPage":{"@id":"https:\/\/destinocastillayleon.es\/index\/iii-jornadas-gastronomicas-del-lechazo-en-medina-del-campo\/"},"wordCount":530,"image":{"@id":"https:\/\/destinocastillayleon.es\/index\/iii-jornadas-gastronomicas-del-lechazo-en-medina-del-campo\/#primaryimage"},"thumbnailUrl":"https:\/\/destinocastillayleon.es\/index\/wp-content\/uploads\/2013\/06\/jornadas-lechazo-20131.jpg","keywords":["comer en Medina del Campo","Jornadas gastron\u00f3micas del lechazo en Medina del Campo","Medina del Campo","turismo gastron\u00f3mico en Medina del Campo","Villa de Feria"],"articleSection":["Actualidad","Post_inicial","Provincias","Uncategorized","Valladolid"],"inLanguage":"es"},{"@type":"WebPage","@id":"https:\/\/destinocastillayleon.es\/index\/iii-jornadas-gastronomicas-del-lechazo-en-medina-del-campo\/","url":"https:\/\/destinocastillayleon.es\/index\/iii-jornadas-gastronomicas-del-lechazo-en-medina-del-campo\/","name":"III Jornadas gastron\u00f3micas del lechazo en Medina del Campo","isPartOf":{"@id":"https:\/\/destinocastillayleon.es\/index\/#website"},"primaryImageOfPage":{"@id":"https:\/\/destinocastillayleon.es\/index\/iii-jornadas-gastronomicas-del-lechazo-en-medina-del-campo\/#primaryimage"},"image":{"@id":"https:\/\/destinocastillayleon.es\/index\/iii-jornadas-gastronomicas-del-lechazo-en-medina-del-campo\/#primaryimage"},"thumbnailUrl":"https:\/\/destinocastillayleon.es\/index\/wp-content\/uploads\/2013\/06\/jornadas-lechazo-20131.jpg","datePublished":"2013-06-28T08:42:19+00:00","dateModified":"2014-10-16T10:14:18+00:00","author":{"@id":"https:\/\/destinocastillayleon.es\/index\/#\/schema\/person\/49ffcb7eb307589ba529009335ed7767"},"description":"Disfruta de las III Jornadas gastron\u00f3micas del lechazo en Medina del Campo, Valladolid. Conoce el programa","breadcrumb":{"@id":"https:\/\/destinocastillayleon.es\/index\/iii-jornadas-gastronomicas-del-lechazo-en-medina-del-campo\/#breadcrumb"},"inLanguage":"es","potentialAction":[{"@type":"ReadAction","target":["https:\/\/destinocastillayleon.es\/index\/iii-jornadas-gastronomicas-del-lechazo-en-medina-del-campo\/"]}]},{"@type":"ImageObject","inLanguage":"es","@id":"https:\/\/destinocastillayleon.es\/index\/iii-jornadas-gastronomicas-del-lechazo-en-medina-del-campo\/#primaryimage","url":"https:\/\/destinocastillayleon.es\/index\/wp-content\/uploads\/2013\/06\/jornadas-lechazo-20131.jpg","contentUrl":"https:\/\/destinocastillayleon.es\/index\/wp-content\/uploads\/2013\/06\/jornadas-lechazo-20131.jpg","width":658,"height":531},{"@type":"BreadcrumbList","@id":"https:\/\/destinocastillayleon.es\/index\/iii-jornadas-gastronomicas-del-lechazo-en-medina-del-campo\/#breadcrumb","itemListElement":[{"@type":"ListItem","position":1,"name":"Portada","item":"https:\/\/destinocastillayleon.es\/index\/"},{"@type":"ListItem","position":2,"name":"III Jornadas gastron\u00f3micas del lechazo en Medina del Campo"}]},{"@type":"WebSite","@id":"https:\/\/destinocastillayleon.es\/index\/#website","url":"https:\/\/destinocastillayleon.es\/index\/","name":"Destino Castilla y Le\u00f3n","description":"Medio digital independiente y revista de Castilla y Le\u00f3n dedicado al turismo, gastronom\u00eda y vino de Castilla y Le\u00f3n","potentialAction":[{"@type":"SearchAction","target":{"@type":"EntryPoint","urlTemplate":"https:\/\/destinocastillayleon.es\/index\/?s={search_term_string}"},"query-input":{"@type":"PropertyValueSpecification","valueRequired":true,"valueName":"search_term_string"}}],"inLanguage":"es"},{"@type":"Person","@id":"https:\/\/destinocastillayleon.es\/index\/#\/schema\/person\/49ffcb7eb307589ba529009335ed7767","name":"Lola Hernandez","image":{"@type":"ImageObject","inLanguage":"es","@id":"https:\/\/secure.gravatar.com\/avatar\/72ead65e55ad0522fba484acfe2842bf78b2f7c727df41d76fed78a85519da34?s=96&d=mm&r=g","url":"https:\/\/secure.gravatar.com\/avatar\/72ead65e55ad0522fba484acfe2842bf78b2f7c727df41d76fed78a85519da34?s=96&d=mm&r=g","contentUrl":"https:\/\/secure.gravatar.com\/avatar\/72ead65e55ad0522fba484acfe2842bf78b2f7c727df41d76fed78a85519da34?s=96&d=mm&r=g","caption":"Lola Hernandez"},"description":"Lola Hern\u00e1ndez fue fundadora y directora de www.destinocastillayleon.es Escribiendo sobre turismo, gastronom\u00eda y vino de su tierra de origen, Castilla y Le\u00f3n.","sameAs":["http:\/\/www.destinoysabor.com\/blog"],"url":"https:\/\/destinocastillayleon.es\/index\/author\/lola-hernandez\/"}]}},"_links":{"self":[{"href":"https:\/\/destinocastillayleon.es\/index\/wp-json\/wp\/v2\/posts\/4217","targetHints":{"allow":["GET"]}}],"collection":[{"href":"https:\/\/destinocastillayleon.es\/index\/wp-json\/wp\/v2\/posts"}],"about":[{"href":"https:\/\/destinocastillayleon.es\/index\/wp-json\/wp\/v2\/types\/post"}],"author":[{"embeddable":true,"href":"https:\/\/destinocastillayleon.es\/index\/wp-json\/wp\/v2\/users\/6"}],"replies":[{"embeddable":true,"href":"https:\/\/destinocastillayleon.es\/index\/wp-json\/wp\/v2\/comments?post=4217"}],"version-history":[{"count":13,"href":"https:\/\/destinocastillayleon.es\/index\/wp-json\/wp\/v2\/posts\/4217\/revisions"}],"predecessor-version":[{"id":16422,"href":"https:\/\/destinocastillayleon.es\/index\/wp-json\/wp\/v2\/posts\/4217\/revisions\/16422"}],"wp:featuredmedia":[{"embeddable":true,"href":"https:\/\/destinocastillayleon.es\/index\/wp-json\/wp\/v2\/media\/4243"}],"wp:attachment":[{"href":"https:\/\/destinocastillayleon.es\/index\/wp-json\/wp\/v2\/media?parent=4217"}],"wp:term":[{"taxonomy":"category","embeddable":true,"href":"https:\/\/destinocastillayleon.es\/index\/wp-json\/wp\/v2\/categories?post=4217"},{"taxonomy":"post_tag","embeddable":true,"href":"https:\/\/destinocastillayleon.es\/index\/wp-json\/wp\/v2\/tags?post=4217"}],"curies":[{"name":"wp","href":"https:\/\/api.w.org\/{rel}","templated":true}]}}