{"id":40472,"date":"2026-09-01T15:24:14","date_gmt":"2026-09-01T13:24:14","guid":{"rendered":"https:\/\/destinocastillayleon.es\/index\/?p=40472"},"modified":"2026-09-01T15:24:14","modified_gmt":"2026-09-01T13:24:14","slug":"descubre-tsaciana-en-septiembre-2026","status":"publish","type":"post","link":"https:\/\/destinocastillayleon.es\/index\/descubre-tsaciana-en-septiembre-2026\/","title":{"rendered":"Descubre Tsaciana en septiembre, con tres rutas programadas los pr\u00f3ximos s\u00e1bados"},"content":{"rendered":"<p>Los calores del verano empiezan a reducirse, <strong>y eso es bueno porque permite volver a disfrutar de rutas de senderismo que antes no eran recomendables por el calor excesivo.<\/strong> Desde Laciana me ha llegado este programa de escapadas guiadas por la naturaleza de este entorno natural de las monta\u00f1as de Le\u00f3n que son muy recomendable. <strong>Descubre Tsaciana en septiembre<\/strong> permite conocer esta regi\u00f3n de la mano de unos profesionales de la zona.<\/p>\n<figure id=\"attachment_40475\" aria-describedby=\"caption-attachment-40475\" style=\"width: 290px\" class=\"wp-caption aligncenter\"><img decoding=\"async\" src=\"https:\/\/destinocastillayleon.es\/index\/wp-content\/uploads\/2026\/09\/Cartel-de-las-rutas-DescubreTsaciana.jpg\" alt=\"Cartel de las rutas Descubre Tsaciana\" width=\"290\" height=\"420\" class=\"size-full wp-image-40475\" srcset=\"https:\/\/destinocastillayleon.es\/index\/wp-content\/uploads\/2026\/09\/Cartel-de-las-rutas-DescubreTsaciana.jpg 290w, https:\/\/destinocastillayleon.es\/index\/wp-content\/uploads\/2026\/09\/Cartel-de-las-rutas-DescubreTsaciana-207x300.jpg 207w\" sizes=\"(max-width: 290px) 100vw, 290px\" \/><figcaption id=\"caption-attachment-40475\" class=\"wp-caption-text\">Cartel de las rutas Descubre Tsaciana<\/figcaption><\/figure>\n<h2><strong>Descubre Tsaciana en septiembre<\/strong><\/h2>\n<p>Este mes de <strong>septiembre de 2026 tienes un programa de tres rutas<\/strong> dentro de la iniciativa \u201cDescubre Tsaciana\u201d, que para este mes se trasladan a las ma\u00f1anas de los s\u00e1bados. La excusa perfecta para una escapada por estas monta\u00f1as que forman <a href=\"https:\/\/cuatrovalles.es\/\" target=\"_blank\">la Mancomunidad de los Cuatro Valles<\/a>, una agrupaci\u00f3n de cuatro valles entre las monta\u00f1as de Le\u00f3n, a cu\u00e1l m\u00e1s atractivo.<\/p>\n<figure id=\"attachment_29687\" aria-describedby=\"caption-attachment-29687\" style=\"width: 580px\" class=\"wp-caption aligncenter\"><img decoding=\"async\" src=\"https:\/\/destinocastillayleon.es\/index\/wp-content\/uploads\/2017\/06\/Skyline-del-Valle-de-Laciana-con-los-Castros-Astures-Imagen-del-Ayto.-de-Villablino.jpg\" alt=\"Skyline del Valle de Laciana con los Castros Astures - Imagen del Ayto. de Villablino\" width=\"580\" class=\"size-full wp-image-29687\" srcset=\"https:\/\/destinocastillayleon.es\/index\/wp-content\/uploads\/2017\/06\/Skyline-del-Valle-de-Laciana-con-los-Castros-Astures-Imagen-del-Ayto.-de-Villablino.jpg 850w, https:\/\/destinocastillayleon.es\/index\/wp-content\/uploads\/2017\/06\/Skyline-del-Valle-de-Laciana-con-los-Castros-Astures-Imagen-del-Ayto.-de-Villablino-300x113.jpg 300w, https:\/\/destinocastillayleon.es\/index\/wp-content\/uploads\/2017\/06\/Skyline-del-Valle-de-Laciana-con-los-Castros-Astures-Imagen-del-Ayto.-de-Villablino-768x289.jpg 768w, https:\/\/destinocastillayleon.es\/index\/wp-content\/uploads\/2017\/06\/Skyline-del-Valle-de-Laciana-con-los-Castros-Astures-Imagen-del-Ayto.-de-Villablino-1024x385.jpg 1024w\" sizes=\"(max-width: 850px) 100vw, 850px\" \/><figcaption id=\"caption-attachment-29687\" class=\"wp-caption-text\">Skyline del Valle de Laciana con los Castros Astures &#8211; Imagen del Ayto. de Villablino<\/figcaption><\/figure>\n<h3><strong>Los paseos programados para este septiembre<\/strong><\/h3>\n<p>Con este nuevo horario, <strong>se pretende acercar al p\u00fablico general la posibilidad de disfrutar y conocer las monta\u00f1as de Le\u00f3n,<\/strong> que justamente en esta zona poseen una belleza impresionante, y una concentraci\u00f3n de fauna \u00fanica.<\/p>\n<p>As\u00ed que, toma nota y <strong>elige a cu\u00e1l<\/strong> te apuntas:<\/p>\n<ul>\n<li><strong>S\u00e1bado, 5 de septiembre:<\/strong> \u201cTras las huellas del oso\u201d. Una ruta, con salida desde Rioscuro, recorrer\u00e1 el Camino Natural V\u00eda Verde de Laciana en su tramo entre Villablino y Villaseca teniendo como protagonistas de la ruta al oso pardo \u2013de cuya presencia por la zona es f\u00e1cil ver sus rastros por este camino- y al r\u00edo Sil.<br \/>\n&nbsp;<br \/>\nDurante el paseo se har\u00e1 tambi\u00e9n <strong>un peque\u00f1o recorrido por Rioscuro y Villaseca<\/strong> para acercar a los participantes al patrimonio etnogr\u00e1fico de ambas localidades.<\/li>\n<p>&nbsp;<\/p>\n<li><strong>S\u00e1bado,12 de septiembre:<\/strong> \u201cMolinos y lecher\u00edas, un paseo por L\u2019Abiseu\u201d. Con salida <strong>desde Rabanal de Abajo, una de las localidades que junto a Rabanal de Arriba y Llamas<\/strong> forman parte de L \u0301Abiseu, se visitar\u00e1 el calecho del lobo, la cascada del Pimpan\u00f3n y los molinos que se ubican junto al arroyo del Cubax\u00edn mientras se disfruta de El Salgueiral, una de las ocho manchas de abedulares maduros de la comarca de Laciana. <\/li>\n<\/ul>\n<figure id=\"attachment_29684\" aria-describedby=\"caption-attachment-29684\" style=\"width: 520px\" class=\"wp-caption aligncenter\"><img decoding=\"async\" src=\"https:\/\/destinocastillayleon.es\/index\/wp-content\/uploads\/2017\/06\/71b5be62b25458451d716efed09c4a1c.jpg\" alt=\"rutas Descubre Tsaciana\" title=\"Riosocuro de Laciana desde la carretera - Destino Castilla y Le\u00f3n\" width=\"520\" class=\"size-full wp-image-29684\" srcset=\"https:\/\/destinocastillayleon.es\/index\/wp-content\/uploads\/2017\/06\/71b5be62b25458451d716efed09c4a1c.jpg 640w, https:\/\/destinocastillayleon.es\/index\/wp-content\/uploads\/2017\/06\/71b5be62b25458451d716efed09c4a1c-300x188.jpg 300w\" sizes=\"(max-width: 640px) 100vw, 640px\" \/><figcaption id=\"caption-attachment-29684\" class=\"wp-caption-text\">Riosocuro de Laciana desde la carretera &#8211; Destino Castilla y Le\u00f3n<\/figcaption><\/figure>\n<ul>\nLa visita <strong>incluye una parada en la lecher\u00eda<\/strong> de Ces\u00e1reo en Rabanal de Arriba.<\/li>\n<p>&nbsp;<\/p>\n<li><strong>S\u00e1bado,19 de septiembre:<\/strong> \u201cPaseando entre rebotsus\u201d, con <strong>salida en la zona de La Revoltona, en Caboalles de Abajo,<\/strong> la ruta transcurre por <strong>el fant\u00e1stico bosque de Robledo<\/strong> y durante el paseo hablaremos de naturaleza, bra\u00f1as y modificaciones del paisaje por la acci\u00f3n humana.<\/li>\n<\/ul>\n<figure id=\"attachment_29349\" aria-describedby=\"caption-attachment-29349\" style=\"width: 520px\" class=\"wp-caption aligncenter\"><img decoding=\"async\" src=\"https:\/\/destinocastillayleon.es\/index\/wp-content\/uploads\/2017\/06\/Escapada-organizada-por-el-Aula-Geologica-de-Robles-de-Laciana.jpg\" alt=\"rutas Descubre Tsaciana\" title=\"Escapada organizada por el Aula Geologica de Robles de Laciana\" width=\"520\" class=\"size-full wp-image-29349\" srcset=\"https:\/\/destinocastillayleon.es\/index\/wp-content\/uploads\/2017\/06\/Escapada-organizada-por-el-Aula-Geologica-de-Robles-de-Laciana.jpg 640w, https:\/\/destinocastillayleon.es\/index\/wp-content\/uploads\/2017\/06\/Escapada-organizada-por-el-Aula-Geologica-de-Robles-de-Laciana-300x188.jpg 300w\" sizes=\"(max-width: 640px) 100vw, 640px\" \/><figcaption id=\"caption-attachment-29349\" class=\"wp-caption-text\">Escapada organizada por el Aula Geologica de Robles de Laciana<\/figcaption><\/figure>\n<ul>\nPara finalizar las actividades del mes de septiembre y con motivo de las fiestas de San Miguel, <strong>se repetir\u00e1 el Escape Room Cousitsinas el s\u00e1bado d\u00eda 26<\/strong> en horario de ma\u00f1ana y tarde.<\/li>\n<\/ul>\n<p>&nbsp;<\/p>\n<h3><strong>Informaci\u00f3n adicional<\/strong><\/h3>\n<p>Las inscripciones <strong>se podr\u00e1n realizar bien en el correo electr\u00f3nico <a rhref=\"mailto:turismo@aytovillablino.com\">turismo@aytovillablino.com<\/a>.<\/strong> O bien, a trav\u00e9s del tel\u00e9fono 987 480 813, o en la propia oficina de turismo, situada en la Plaza Sierra Pambley, 1 &#8211; 24100 &#8211; Villablino (Le\u00f3n).<\/p>\n<figure id=\"attachment_28550\" aria-describedby=\"caption-attachment-28550\" style=\"width: 580px\" class=\"wp-caption aligncenter\"><img decoding=\"async\" src=\"https:\/\/destinocastillayleon.es\/index\/wp-content\/uploads\/2018\/08\/3e3ae4820ce6cb0ad05afb26e5185e28.jpg\" alt=\"panor\u00e1mica del Valle de Laciana\" width=\"580\" class=\"size-full wp-image-28550\" srcset=\"https:\/\/destinocastillayleon.es\/index\/wp-content\/uploads\/2018\/08\/3e3ae4820ce6cb0ad05afb26e5185e28.jpg 640w, https:\/\/destinocastillayleon.es\/index\/wp-content\/uploads\/2018\/08\/3e3ae4820ce6cb0ad05afb26e5185e28-300x200.jpg 300w, https:\/\/destinocastillayleon.es\/index\/wp-content\/uploads\/2018\/08\/3e3ae4820ce6cb0ad05afb26e5185e28-600x400.jpg 600w\" sizes=\"(max-width: 640px) 100vw, 640px\" \/><figcaption id=\"caption-attachment-28550\" class=\"wp-caption-text\">panor\u00e1mica del Valle de Laciana<\/figcaption><\/figure>\n<p>Sin duda, <strong>una experiencia \u00fanica que puedes luego compaginar con la visita a un mont\u00f3n de actividades<\/strong> fascinantes que puedes realizar, como visitar una <a href=\"https:\/\/destinocastillayleon.es\/index\/granja-la-senda\/\">granja escuela con ni\u00f1os<\/a>, un <a href=\"https:\/\/destinocastillayleon.es\/index\/aula-geologica-de-robles-de-laciana\/\">aula geol\u00f3gica de Robles de Laciana<\/a>, o <a href=\"https:\/\/destinocastillayleon.es\/index\/centro-de-interpretacion-del-urogallo\/\">visitar la Casa del Parque de Laciana<\/a>, y descubrir el refugio del Urogallo. Entre otras tantas cosas interesantes.<\/p>\n<p><font size=\"2\"><strong>Nota:<\/strong> Imagen de portada cortes\u00eda del diario <a href=\"https:\/\/www.heraldodeleon.es\/articulo\/provincia-leon\/tsaciana-recupera-sabados-descubrir-laciana-pie-septiembre\/20260831153435106431.html\" rel=\"NoFollow\" target=\"_blank\">El Heraldo de Le\u00f3n<\/a>.<\/size><br \/>\n&nbsp;<\/p>\n<h4>Tambi\u00e9n te puede interesar<\/h4>\n<ul>\n<li><a href=\"https:\/\/destinocastillayleon.es\/index\/viaje-al-valle-de-laciana-decubre-la-tierra-del-urogallo\/\">Viaje al Valle de Laciana \u00a1Descubre la tierra del Urogallo!<\/a>.<\/li>\n<li><a href=\"https:\/\/destinocastillayleon.es\/index\/la-mantequeria-artesanal-de-sosas-de-laciana\/\">La Mantequer\u00eda artesanal de Sosas de Laciana<\/a>.<\/li>\n<li><a href=\"https:\/\/destinocastillayleon.es\/index\/pinturas-rupestres-de-sesamo\/\">Pinturas rupestres de S\u00e9samo<\/a>.<\/li>\n<\/ul>\n<p>&nbsp;<\/p>\n","protected":false},"excerpt":{"rendered":"<p>Descubre Tsaciana en septiembre con estas tres rutas que han preparado para los pr\u00f3ximos s\u00e1bados. La excusa perfecta para conocer esta zona de las monta\u00f1as de Le\u00f3n.<\/p>\n","protected":false},"author":2,"featured_media":40478,"comment_status":"open","ping_status":"closed","sticky":false,"template":"","format":"standard","meta":{"rop_custom_images_group":[],"rop_custom_messages_group":[],"rop_publish_now":"no","rop_publish_now_accounts":[],"rop_publish_now_history":[],"rop_publish_now_status":"pending","footnotes":""},"categories":[77,1343,4711,68],"tags":[6179,6130],"class_list":["post-40472","post","type-post","status-publish","format-standard","has-post-thumbnail","hentry","category-actualidad-y-agenda-de-castilla-y-leon","category-agenda","category-leon-actualidad","category-post_inicial","tag-descubre-tsaciana","tag-mancomunidad-de-los-cuatro-valles"],"yoast_head":"<!-- This site is optimized with the Yoast SEO Premium plugin v20.4 (Yoast SEO v28.3) - https:\/\/yoast.com\/product\/yoast-seo-premium-wordpress\/ -->\n<title>Descubre Tsaciana en septiembre con estas rutas \u2013 DestinoCyL<\/title>\n<meta name=\"description\" content=\"Descubre Tsaciana en septiembre con estas rutas que han preparado los pr\u00f3ximos s\u00e1bados. La excusa perfecta para conocer esta zona de Le\u00f3n.\" \/>\n<meta name=\"robots\" content=\"index, follow, max-snippet:-1, max-image-preview:large, max-video-preview:-1\" \/>\n<link rel=\"canonical\" href=\"https:\/\/destinocastillayleon.es\/index\/descubre-tsaciana-en-septiembre-2026\/\" \/>\n<meta property=\"og:locale\" content=\"es_ES\" \/>\n<meta property=\"og:type\" content=\"article\" \/>\n<meta property=\"og:title\" content=\"Descubre Tsaciana en septiembre con estas rutas \u2013 Destino Castilla y Le\u00f3n\" \/>\n<meta property=\"og:description\" content=\"Descubre Tsaciana en septiembre con estas tres rutas que han preparado para los pr\u00f3ximos s\u00e1bados. La excusa perfecta para conocer esta zona de las monta\u00f1as de Le\u00f3n.\" \/>\n<meta property=\"og:url\" content=\"https:\/\/destinocastillayleon.es\/index\/descubre-tsaciana-en-septiembre-2026\/\" \/>\n<meta property=\"og:site_name\" content=\"Destino Castilla y Le\u00f3n\" \/>\n<meta property=\"article:publisher\" content=\"https:\/\/www.facebook.com\/DestinoCastillaYLeon\/\" \/>\n<meta property=\"article:author\" content=\"https:\/\/www.facebook.com\/profile.php?id=1158416854\" \/>\n<meta property=\"article:published_time\" content=\"2026-09-01T13:24:14+00:00\" \/>\n<meta property=\"og:image\" content=\"https:\/\/destinocastillayleon.es\/index\/wp-content\/uploads\/2026\/09\/Descubre-Tsaciana-Imagen-de-Heraldo-de-Leon.jpg\" \/>\n\t<meta property=\"og:image:width\" content=\"1210\" \/>\n\t<meta property=\"og:image:height\" content=\"639\" \/>\n\t<meta property=\"og:image:type\" content=\"image\/jpeg\" \/>\n<meta name=\"author\" content=\"David V\u00e1zquez\" \/>\n<meta name=\"twitter:card\" content=\"summary_large_image\" \/>\n<meta name=\"twitter:title\" content=\"Descubre Tsaciana en septiembre con estas rutas \u2013 Destino Castilla y Le\u00f3n\" \/>\n<meta name=\"twitter:description\" content=\"Descubre Tsaciana en septiembre con estas tres rutas que han preparado para los pr\u00f3ximos s\u00e1bados. La excusa perfecta para conocer esta zona de las monta\u00f1as de Le\u00f3n.\" \/>\n<meta name=\"twitter:creator\" content=\"@https:\/\/twitter.com\/ContePantaleone\u200e\" \/>\n<meta name=\"twitter:site\" content=\"@destinocyl\" \/>\n<meta name=\"twitter:label1\" content=\"Escrito por\" \/>\n\t<meta name=\"twitter:data1\" content=\"David V\u00e1zquez\" \/>\n\t<meta name=\"twitter:label2\" content=\"Tiempo de lectura\" \/>\n\t<meta name=\"twitter:data2\" content=\"4 minutos\" \/>\n<script type=\"application\/ld+json\" class=\"yoast-schema-graph\">{\"@context\":\"https:\\\/\\\/schema.org\",\"@graph\":[{\"@type\":\"Article\",\"@id\":\"https:\\\/\\\/destinocastillayleon.es\\\/index\\\/descubre-tsaciana-en-septiembre-2026\\\/#article\",\"isPartOf\":{\"@id\":\"https:\\\/\\\/destinocastillayleon.es\\\/index\\\/descubre-tsaciana-en-septiembre-2026\\\/\"},\"author\":{\"name\":\"David V\u00e1zquez\",\"@id\":\"https:\\\/\\\/destinocastillayleon.es\\\/index\\\/#\\\/schema\\\/person\\\/189221bc8f6cc4fa28b18ad5c289d4c2\"},\"headline\":\"Descubre Tsaciana en septiembre, con tres rutas programadas los pr\u00f3ximos s\u00e1bados\",\"datePublished\":\"2026-09-01T13:24:14+00:00\",\"mainEntityOfPage\":{\"@id\":\"https:\\\/\\\/destinocastillayleon.es\\\/index\\\/descubre-tsaciana-en-septiembre-2026\\\/\"},\"wordCount\":711,\"commentCount\":0,\"image\":{\"@id\":\"https:\\\/\\\/destinocastillayleon.es\\\/index\\\/descubre-tsaciana-en-septiembre-2026\\\/#primaryimage\"},\"thumbnailUrl\":\"https:\\\/\\\/destinocastillayleon.es\\\/index\\\/wp-content\\\/uploads\\\/2026\\\/09\\\/Descubre-Tsaciana-Imagen-de-Heraldo-de-Leon.jpg\",\"keywords\":[\"Descubre Tsaciana\",\"Mancomunidad de los Cuatro Valles\"],\"articleSection\":[\"Actualidad\",\"Agenda\",\"Leon actualidad\",\"Post_inicial\"],\"inLanguage\":\"es\",\"potentialAction\":[{\"@type\":\"CommentAction\",\"name\":\"Comment\",\"target\":[\"https:\\\/\\\/destinocastillayleon.es\\\/index\\\/descubre-tsaciana-en-septiembre-2026\\\/#respond\"]}]},{\"@type\":\"WebPage\",\"@id\":\"https:\\\/\\\/destinocastillayleon.es\\\/index\\\/descubre-tsaciana-en-septiembre-2026\\\/\",\"url\":\"https:\\\/\\\/destinocastillayleon.es\\\/index\\\/descubre-tsaciana-en-septiembre-2026\\\/\",\"name\":\"Descubre Tsaciana en septiembre con estas rutas \u2013 DestinoCyL\",\"isPartOf\":{\"@id\":\"https:\\\/\\\/destinocastillayleon.es\\\/index\\\/#website\"},\"primaryImageOfPage\":{\"@id\":\"https:\\\/\\\/destinocastillayleon.es\\\/index\\\/descubre-tsaciana-en-septiembre-2026\\\/#primaryimage\"},\"image\":{\"@id\":\"https:\\\/\\\/destinocastillayleon.es\\\/index\\\/descubre-tsaciana-en-septiembre-2026\\\/#primaryimage\"},\"thumbnailUrl\":\"https:\\\/\\\/destinocastillayleon.es\\\/index\\\/wp-content\\\/uploads\\\/2026\\\/09\\\/Descubre-Tsaciana-Imagen-de-Heraldo-de-Leon.jpg\",\"datePublished\":\"2026-09-01T13:24:14+00:00\",\"author\":{\"@id\":\"https:\\\/\\\/destinocastillayleon.es\\\/index\\\/#\\\/schema\\\/person\\\/189221bc8f6cc4fa28b18ad5c289d4c2\"},\"description\":\"Descubre Tsaciana en septiembre con estas rutas que han preparado los pr\u00f3ximos s\u00e1bados. La excusa perfecta para conocer esta zona de Le\u00f3n.\",\"breadcrumb\":{\"@id\":\"https:\\\/\\\/destinocastillayleon.es\\\/index\\\/descubre-tsaciana-en-septiembre-2026\\\/#breadcrumb\"},\"inLanguage\":\"es\",\"potentialAction\":[{\"@type\":\"ReadAction\",\"target\":[\"https:\\\/\\\/destinocastillayleon.es\\\/index\\\/descubre-tsaciana-en-septiembre-2026\\\/\"]}]},{\"@type\":\"ImageObject\",\"inLanguage\":\"es\",\"@id\":\"https:\\\/\\\/destinocastillayleon.es\\\/index\\\/descubre-tsaciana-en-septiembre-2026\\\/#primaryimage\",\"url\":\"https:\\\/\\\/destinocastillayleon.es\\\/index\\\/wp-content\\\/uploads\\\/2026\\\/09\\\/Descubre-Tsaciana-Imagen-de-Heraldo-de-Leon.jpg\",\"contentUrl\":\"https:\\\/\\\/destinocastillayleon.es\\\/index\\\/wp-content\\\/uploads\\\/2026\\\/09\\\/Descubre-Tsaciana-Imagen-de-Heraldo-de-Leon.jpg\",\"width\":1210,\"height\":639,\"caption\":\"Descubre Tsaciana - Imagen de Heraldo de Le\u00f3n\"},{\"@type\":\"BreadcrumbList\",\"@id\":\"https:\\\/\\\/destinocastillayleon.es\\\/index\\\/descubre-tsaciana-en-septiembre-2026\\\/#breadcrumb\",\"itemListElement\":[{\"@type\":\"ListItem\",\"position\":1,\"name\":\"Portada\",\"item\":\"https:\\\/\\\/destinocastillayleon.es\\\/index\\\/\"},{\"@type\":\"ListItem\",\"position\":2,\"name\":\"Descubre Tsaciana en septiembre, con tres rutas programadas los pr\u00f3ximos s\u00e1bados\"}]},{\"@type\":\"WebSite\",\"@id\":\"https:\\\/\\\/destinocastillayleon.es\\\/index\\\/#website\",\"url\":\"https:\\\/\\\/destinocastillayleon.es\\\/index\\\/\",\"name\":\"Destino Castilla y Le\u00f3n\",\"description\":\"Medio digital independiente y revista de Castilla y Le\u00f3n dedicado al turismo, gastronom\u00eda y vino de Castilla y Le\u00f3n\",\"potentialAction\":[{\"@type\":\"SearchAction\",\"target\":{\"@type\":\"EntryPoint\",\"urlTemplate\":\"https:\\\/\\\/destinocastillayleon.es\\\/index\\\/?s={search_term_string}\"},\"query-input\":{\"@type\":\"PropertyValueSpecification\",\"valueRequired\":true,\"valueName\":\"search_term_string\"}}],\"inLanguage\":\"es\"},{\"@type\":\"Person\",\"@id\":\"https:\\\/\\\/destinocastillayleon.es\\\/index\\\/#\\\/schema\\\/person\\\/189221bc8f6cc4fa28b18ad5c289d4c2\",\"name\":\"David V\u00e1zquez\",\"image\":{\"@type\":\"ImageObject\",\"inLanguage\":\"es\",\"@id\":\"https:\\\/\\\/secure.gravatar.com\\\/avatar\\\/cd12db6c575a90c3b75cfa0f794b74d425201c768612fad17e9f13cd33d48be8?s=96&d=mm&r=g\",\"url\":\"https:\\\/\\\/secure.gravatar.com\\\/avatar\\\/cd12db6c575a90c3b75cfa0f794b74d425201c768612fad17e9f13cd33d48be8?s=96&d=mm&r=g\",\"contentUrl\":\"https:\\\/\\\/secure.gravatar.com\\\/avatar\\\/cd12db6c575a90c3b75cfa0f794b74d425201c768612fad17e9f13cd33d48be8?s=96&d=mm&r=g\",\"caption\":\"David V\u00e1zquez\"},\"description\":\"Ingeniero Industrial de vocaci\u00f3n y profesi\u00f3n, he encontrado en los blogs la forma de plasmar mi pasi\u00f3n por los viajes, la gastronom\u00eda y los vinos. Especialmente los procedentes de Castilla y Le\u00f3n\",\"sameAs\":[\"https:\\\/\\\/www.destinocastillayleon.es\",\"https:\\\/\\\/www.facebook.com\\\/profile.php?id=1158416854\",\"https:\\\/\\\/instagram.com\\\/conte.pantaleone\",\"https:\\\/\\\/www.linkedin.com\\\/pub\\\/david-vazquez-lozano\\\/37\\\/17a\\\/25a\",\"https:\\\/\\\/x.com\\\/https:\\\/\\\/twitter.com\\\/ContePantaleone\u200e\"],\"url\":\"https:\\\/\\\/destinocastillayleon.es\\\/index\\\/author\\\/coadministradorcyl\\\/\"}]}<\/script>\n<!-- \/ Yoast SEO Premium plugin. -->","yoast_head_json":{"title":"Descubre Tsaciana en septiembre con estas rutas \u2013 DestinoCyL","description":"Descubre Tsaciana en septiembre con estas rutas que han preparado los pr\u00f3ximos s\u00e1bados. La excusa perfecta para conocer esta zona de Le\u00f3n.","robots":{"index":"index","follow":"follow","max-snippet":"max-snippet:-1","max-image-preview":"max-image-preview:large","max-video-preview":"max-video-preview:-1"},"canonical":"https:\/\/destinocastillayleon.es\/index\/descubre-tsaciana-en-septiembre-2026\/","og_locale":"es_ES","og_type":"article","og_title":"Descubre Tsaciana en septiembre con estas rutas \u2013 Destino Castilla y Le\u00f3n","og_description":"Descubre Tsaciana en septiembre con estas tres rutas que han preparado para los pr\u00f3ximos s\u00e1bados. La excusa perfecta para conocer esta zona de las monta\u00f1as de Le\u00f3n.","og_url":"https:\/\/destinocastillayleon.es\/index\/descubre-tsaciana-en-septiembre-2026\/","og_site_name":"Destino Castilla y Le\u00f3n","article_publisher":"https:\/\/www.facebook.com\/DestinoCastillaYLeon\/","article_author":"https:\/\/www.facebook.com\/profile.php?id=1158416854","article_published_time":"2026-09-01T13:24:14+00:00","og_image":[{"width":1210,"height":639,"url":"https:\/\/destinocastillayleon.es\/index\/wp-content\/uploads\/2026\/09\/Descubre-Tsaciana-Imagen-de-Heraldo-de-Leon.jpg","type":"image\/jpeg"}],"author":"David V\u00e1zquez","twitter_card":"summary_large_image","twitter_title":"Descubre Tsaciana en septiembre con estas rutas \u2013 Destino Castilla y Le\u00f3n","twitter_description":"Descubre Tsaciana en septiembre con estas tres rutas que han preparado para los pr\u00f3ximos s\u00e1bados. La excusa perfecta para conocer esta zona de las monta\u00f1as de Le\u00f3n.","twitter_creator":"@https:\/\/twitter.com\/ContePantaleone\u200e","twitter_site":"@destinocyl","twitter_misc":{"Escrito por":"David V\u00e1zquez","Tiempo de lectura":"4 minutos"},"schema":{"@context":"https:\/\/schema.org","@graph":[{"@type":"Article","@id":"https:\/\/destinocastillayleon.es\/index\/descubre-tsaciana-en-septiembre-2026\/#article","isPartOf":{"@id":"https:\/\/destinocastillayleon.es\/index\/descubre-tsaciana-en-septiembre-2026\/"},"author":{"name":"David V\u00e1zquez","@id":"https:\/\/destinocastillayleon.es\/index\/#\/schema\/person\/189221bc8f6cc4fa28b18ad5c289d4c2"},"headline":"Descubre Tsaciana en septiembre, con tres rutas programadas los pr\u00f3ximos s\u00e1bados","datePublished":"2026-09-01T13:24:14+00:00","mainEntityOfPage":{"@id":"https:\/\/destinocastillayleon.es\/index\/descubre-tsaciana-en-septiembre-2026\/"},"wordCount":711,"commentCount":0,"image":{"@id":"https:\/\/destinocastillayleon.es\/index\/descubre-tsaciana-en-septiembre-2026\/#primaryimage"},"thumbnailUrl":"https:\/\/destinocastillayleon.es\/index\/wp-content\/uploads\/2026\/09\/Descubre-Tsaciana-Imagen-de-Heraldo-de-Leon.jpg","keywords":["Descubre Tsaciana","Mancomunidad de los Cuatro Valles"],"articleSection":["Actualidad","Agenda","Leon actualidad","Post_inicial"],"inLanguage":"es","potentialAction":[{"@type":"CommentAction","name":"Comment","target":["https:\/\/destinocastillayleon.es\/index\/descubre-tsaciana-en-septiembre-2026\/#respond"]}]},{"@type":"WebPage","@id":"https:\/\/destinocastillayleon.es\/index\/descubre-tsaciana-en-septiembre-2026\/","url":"https:\/\/destinocastillayleon.es\/index\/descubre-tsaciana-en-septiembre-2026\/","name":"Descubre Tsaciana en septiembre con estas rutas \u2013 DestinoCyL","isPartOf":{"@id":"https:\/\/destinocastillayleon.es\/index\/#website"},"primaryImageOfPage":{"@id":"https:\/\/destinocastillayleon.es\/index\/descubre-tsaciana-en-septiembre-2026\/#primaryimage"},"image":{"@id":"https:\/\/destinocastillayleon.es\/index\/descubre-tsaciana-en-septiembre-2026\/#primaryimage"},"thumbnailUrl":"https:\/\/destinocastillayleon.es\/index\/wp-content\/uploads\/2026\/09\/Descubre-Tsaciana-Imagen-de-Heraldo-de-Leon.jpg","datePublished":"2026-09-01T13:24:14+00:00","author":{"@id":"https:\/\/destinocastillayleon.es\/index\/#\/schema\/person\/189221bc8f6cc4fa28b18ad5c289d4c2"},"description":"Descubre Tsaciana en septiembre con estas rutas que han preparado los pr\u00f3ximos s\u00e1bados. La excusa perfecta para conocer esta zona de Le\u00f3n.","breadcrumb":{"@id":"https:\/\/destinocastillayleon.es\/index\/descubre-tsaciana-en-septiembre-2026\/#breadcrumb"},"inLanguage":"es","potentialAction":[{"@type":"ReadAction","target":["https:\/\/destinocastillayleon.es\/index\/descubre-tsaciana-en-septiembre-2026\/"]}]},{"@type":"ImageObject","inLanguage":"es","@id":"https:\/\/destinocastillayleon.es\/index\/descubre-tsaciana-en-septiembre-2026\/#primaryimage","url":"https:\/\/destinocastillayleon.es\/index\/wp-content\/uploads\/2026\/09\/Descubre-Tsaciana-Imagen-de-Heraldo-de-Leon.jpg","contentUrl":"https:\/\/destinocastillayleon.es\/index\/wp-content\/uploads\/2026\/09\/Descubre-Tsaciana-Imagen-de-Heraldo-de-Leon.jpg","width":1210,"height":639,"caption":"Descubre Tsaciana - Imagen de Heraldo de Le\u00f3n"},{"@type":"BreadcrumbList","@id":"https:\/\/destinocastillayleon.es\/index\/descubre-tsaciana-en-septiembre-2026\/#breadcrumb","itemListElement":[{"@type":"ListItem","position":1,"name":"Portada","item":"https:\/\/destinocastillayleon.es\/index\/"},{"@type":"ListItem","position":2,"name":"Descubre Tsaciana en septiembre, con tres rutas programadas los pr\u00f3ximos s\u00e1bados"}]},{"@type":"WebSite","@id":"https:\/\/destinocastillayleon.es\/index\/#website","url":"https:\/\/destinocastillayleon.es\/index\/","name":"Destino Castilla y Le\u00f3n","description":"Medio digital independiente y revista de Castilla y Le\u00f3n dedicado al turismo, gastronom\u00eda y vino de Castilla y Le\u00f3n","potentialAction":[{"@type":"SearchAction","target":{"@type":"EntryPoint","urlTemplate":"https:\/\/destinocastillayleon.es\/index\/?s={search_term_string}"},"query-input":{"@type":"PropertyValueSpecification","valueRequired":true,"valueName":"search_term_string"}}],"inLanguage":"es"},{"@type":"Person","@id":"https:\/\/destinocastillayleon.es\/index\/#\/schema\/person\/189221bc8f6cc4fa28b18ad5c289d4c2","name":"David V\u00e1zquez","image":{"@type":"ImageObject","inLanguage":"es","@id":"https:\/\/secure.gravatar.com\/avatar\/cd12db6c575a90c3b75cfa0f794b74d425201c768612fad17e9f13cd33d48be8?s=96&d=mm&r=g","url":"https:\/\/secure.gravatar.com\/avatar\/cd12db6c575a90c3b75cfa0f794b74d425201c768612fad17e9f13cd33d48be8?s=96&d=mm&r=g","contentUrl":"https:\/\/secure.gravatar.com\/avatar\/cd12db6c575a90c3b75cfa0f794b74d425201c768612fad17e9f13cd33d48be8?s=96&d=mm&r=g","caption":"David V\u00e1zquez"},"description":"Ingeniero Industrial de vocaci\u00f3n y profesi\u00f3n, he encontrado en los blogs la forma de plasmar mi pasi\u00f3n por los viajes, la gastronom\u00eda y los vinos. Especialmente los procedentes de Castilla y Le\u00f3n","sameAs":["https:\/\/www.destinocastillayleon.es","https:\/\/www.facebook.com\/profile.php?id=1158416854","https:\/\/instagram.com\/conte.pantaleone","https:\/\/www.linkedin.com\/pub\/david-vazquez-lozano\/37\/17a\/25a","https:\/\/x.com\/https:\/\/twitter.com\/ContePantaleone\u200e"],"url":"https:\/\/destinocastillayleon.es\/index\/author\/coadministradorcyl\/"}]}},"_links":{"self":[{"href":"https:\/\/destinocastillayleon.es\/index\/wp-json\/wp\/v2\/posts\/40472","targetHints":{"allow":["GET"]}}],"collection":[{"href":"https:\/\/destinocastillayleon.es\/index\/wp-json\/wp\/v2\/posts"}],"about":[{"href":"https:\/\/destinocastillayleon.es\/index\/wp-json\/wp\/v2\/types\/post"}],"author":[{"embeddable":true,"href":"https:\/\/destinocastillayleon.es\/index\/wp-json\/wp\/v2\/users\/2"}],"replies":[{"embeddable":true,"href":"https:\/\/destinocastillayleon.es\/index\/wp-json\/wp\/v2\/comments?post=40472"}],"version-history":[{"count":7,"href":"https:\/\/destinocastillayleon.es\/index\/wp-json\/wp\/v2\/posts\/40472\/revisions"}],"predecessor-version":[{"id":40481,"href":"https:\/\/destinocastillayleon.es\/index\/wp-json\/wp\/v2\/posts\/40472\/revisions\/40481"}],"wp:featuredmedia":[{"embeddable":true,"href":"https:\/\/destinocastillayleon.es\/index\/wp-json\/wp\/v2\/media\/40478"}],"wp:attachment":[{"href":"https:\/\/destinocastillayleon.es\/index\/wp-json\/wp\/v2\/media?parent=40472"}],"wp:term":[{"taxonomy":"category","embeddable":true,"href":"https:\/\/destinocastillayleon.es\/index\/wp-json\/wp\/v2\/categories?post=40472"},{"taxonomy":"post_tag","embeddable":true,"href":"https:\/\/destinocastillayleon.es\/index\/wp-json\/wp\/v2\/tags?post=40472"}],"curies":[{"name":"wp","href":"https:\/\/api.w.org\/{rel}","templated":true}]}}