{"id":39360,"date":"2025-07-23T08:11:48","date_gmt":"2025-07-23T06:11:48","guid":{"rendered":"https:\/\/destinocastillayleon.es\/index\/?p=39360"},"modified":"2026-04-28T11:37:29","modified_gmt":"2026-04-28T09:37:29","slug":"el-cronicon-de-ona-2025","status":"publish","type":"post","link":"https:\/\/destinocastillayleon.es\/index\/el-cronicon-de-ona-2025\/","title":{"rendered":"El Cronic\u00f3n de O\u00f1a 2025"},"content":{"rendered":"<p>Un a\u00f1o m\u00e1s, <strong>O\u00f1a volver\u00e1 a revivir su historia en una nueva edici\u00f3n de El Cronic\u00f3n de O\u00f1a 2025;<\/strong> una de las recreaciones hist\u00f3ricas m\u00e1s emblem\u00e1ticas de Castilla y Le\u00f3n, declarada Fiesta de Inter\u00e9s Tur\u00edstico Regional. Con esta edici\u00f3n ya <strong>son treinta y seis ediciones<\/strong> de este viaje en el tiempo.<\/p>\n<h3><strong>\u00cdndice de contenidos<\/strong><\/h3>\n<p>Para hacer m\u00e1s sencillo el uso de esta publicaci\u00f3n, he preparado este <strong>\u00edndice de contenidos.<\/strong><br \/>\n<strong>El Cronic\u00f3n de O\u00f1a 2025:<\/strong><\/p>\n<ul>\n<li><a href=\"#Cronicon-2025\">El Cronic\u00f3n de O\u00f1a<\/a>.<\/li>\n<li><a href=\"#Novedades\">Novedades 2025<\/a>.<\/li>\n<li><a href=\"#En-Escena\">\u00bfQu\u00e9 vas a ver en el escenario de El Cronic\u00f3n de O\u00f1a 2025?<\/a><\/li>\n<li><a href=\"#Entradas\">Entradas para el espect\u00e1culo<\/a>.<\/li>\n<\/ul>\n<p><strong>Informaci\u00f3n complementaria del entorno:<\/strong><\/p>\n<ul>\n<li><a href=\"#Raices-de-Castilla\">La Mancomunidad Ra\u00edces de Castilla<\/a>.<\/li>\n<li><a href=\"#Ona\">Visitar O\u00f1a<\/a>.<\/li>\n<li><a href=\"#Poza-de-la-Sal\">Visitar Poza de la Sal<\/a>.<\/li>\n<li><a href=\"#Frias\">Visitar Fr\u00edas<\/a>.<\/li>\n<\/ul>\n<p>Espero <strong>que te sea de utilidad;<\/strong> y como te digo siempre, te inspire y decidas viajar a conocer El Cronic\u00f3n de O\u00f1a 2025.<\/p>\n<figure id=\"attachment_28521\" aria-describedby=\"caption-attachment-28521\" style=\"width: 298px\" class=\"wp-caption aligncenter\"><img decoding=\"async\" class=\"size-full wp-image-28521\" src=\"https:\/\/destinocastillayleon.es\/index\/wp-content\/uploads\/2017\/06\/2756d9e25f341befbb6faafffdef5cbd.jpg\" alt=\"Sancho Garc\u00e9s, a la puerta del Monasterio de O\u00f1a, que mand\u00f3 fundar - Imagen de Tras las huellas de Herodoto\" width=\"298\" srcset=\"https:\/\/destinocastillayleon.es\/index\/wp-content\/uploads\/2017\/06\/2756d9e25f341befbb6faafffdef5cbd.jpg 398w, https:\/\/destinocastillayleon.es\/index\/wp-content\/uploads\/2017\/06\/2756d9e25f341befbb6faafffdef5cbd-225x300.jpg 225w, https:\/\/destinocastillayleon.es\/index\/wp-content\/uploads\/2017\/06\/2756d9e25f341befbb6faafffdef5cbd-768x1024.jpg 768w\" sizes=\"(max-width: 398px) 100vw, 398px\" \/><figcaption id=\"caption-attachment-28521\" class=\"wp-caption-text\">Sancho Garc\u00eda, a la puerta del Monasterio de O\u00f1a, que mand\u00f3 fundar &#8211; Imagen de Tras las huellas de Herodoto<\/figcaption><\/figure>\n<p><a name=\"Cronicon-2025\"><\/a><\/p>\n<h2><strong>El Cronic\u00f3n de O\u00f1a<\/strong><\/h2>\n<p>Como siempre, <strong>bloqu\u00e9ate el fin de semana del 13 al 17 de agosto;<\/strong> porque tienes en la localidad de O\u00f1a, en la <a href=\"https:\/\/www.raicesdecastilla.com\/\" target=\"_blank\" rel=\"noopener\">Mancomunidad de Ra\u00edces de Castilla<\/a>, una cita que, como cada verano, acude fiel a contarnos la historia de una forma distinta.<\/p>\n<figure id=\"attachment_39368\" aria-describedby=\"caption-attachment-39368\" style=\"width: 640px\" class=\"wp-caption aligncenter\"><img decoding=\"async\" class=\"size-full wp-image-39368\" src=\"https:\/\/destinocastillayleon.es\/index\/wp-content\/uploads\/2025\/07\/Cartel-del-Cronicon-de-Ona-2025.jpg\" alt=\"Cartel del Cronic\u00f3n de O\u00f1a 2025\" width=\"640\" height=\"361\" srcset=\"https:\/\/destinocastillayleon.es\/index\/wp-content\/uploads\/2025\/07\/Cartel-del-Cronicon-de-Ona-2025.jpg 640w, https:\/\/destinocastillayleon.es\/index\/wp-content\/uploads\/2025\/07\/Cartel-del-Cronicon-de-Ona-2025-300x169.jpg 300w\" sizes=\"(max-width: 640px) 100vw, 640px\" \/><figcaption id=\"caption-attachment-39368\" class=\"wp-caption-text\">Cartel del Cronic\u00f3n de O\u00f1a 2025<\/figcaption><\/figure>\n<p>Las entradas <strong>ya est\u00e1n disponibles en la <a href=\"https:\/\/www.elcronicondeona.com\/venta-de-entradas\/\" target=\"_Blank\" rel=\"NoFollow noopener\">web oficial<\/a><\/strong> y, desde finales de esta semana, a partir del 26 de julio, <strong>tambi\u00e9n en las taquillas del Centro Cultural Nazaret<\/strong> de O\u00f1a.<\/p>\n<p>O\u00f1a presenta una nueva edici\u00f3n de El Cronic\u00f3n con importantes novedades esc\u00e9nicas y una emotiva participaci\u00f3n infantil<a name=\"Novedades\"><\/a><\/p>\n<h3><strong>Una edici\u00f3n con novedades<\/strong><\/h3>\n<p>Todos los a\u00f1os son diferentes, <strong>se trata de evolucionar y seguir mejorando aspectos y ampliando puntos.<\/strong> Para el Cronic\u00f3n de O\u00f1a 2025 se van a incorporar nuevos detalles que tratar\u00e1n de enriquecer la experiencia del p\u00fablico presente.<\/p>\n<figure id=\"attachment_39367\" aria-describedby=\"caption-attachment-39367\" style=\"width: 640px\" class=\"wp-caption aligncenter\"><img decoding=\"async\" class=\"size-full wp-image-39367\" src=\"https:\/\/destinocastillayleon.es\/index\/wp-content\/uploads\/2025\/07\/Escena-de-el-juramento-en-el-Cronicon-de-Ona-2024-Imagen-de-la-organizacion.jpg\" alt=\"Escena de el juramento en el Cronic\u00f3n de O\u00f1a 2024 - Imagen de la organizaci\u00f3n\" width=\"640\" height=\"360\" srcset=\"https:\/\/destinocastillayleon.es\/index\/wp-content\/uploads\/2025\/07\/Escena-de-el-juramento-en-el-Cronicon-de-Ona-2024-Imagen-de-la-organizacion.jpg 640w, https:\/\/destinocastillayleon.es\/index\/wp-content\/uploads\/2025\/07\/Escena-de-el-juramento-en-el-Cronicon-de-Ona-2024-Imagen-de-la-organizacion-300x169.jpg 300w\" sizes=\"(max-width: 640px) 100vw, 640px\" \/><figcaption id=\"caption-attachment-39367\" class=\"wp-caption-text\">Escena de el juramento en el Cronic\u00f3n de O\u00f1a 2024 &#8211; Imagen de la organizaci\u00f3n<\/figcaption><\/figure>\n<p>Sin desvelar mucho de la trama, una de las escenas saldr\u00e1 de nuevo a la calle; Una dedicada a la figura de <a href=\"https:\/\/es.wikipedia.org\/wiki\/Alfonso_V_de_Le%C3%B3n\" target=\"_blank\" rel=\"noopener\">Alfonso V de Le\u00f3n<\/a>, un rey ni\u00f1o proclamado rey con tan solo cinco a\u00f1os.<\/p>\n<p>Con esta escena <strong>no solo se busca aportar una nueva dimensi\u00f3n hist\u00f3rica con emoci\u00f3n, si no con un toque \u00e9pico.<\/strong> Adem\u00e1s de involucrar en escena las interpretaciones de actores adultos y numerosos ni\u00f1os y ni\u00f1as de la localidad que contar\u00e1n la fundaci\u00f3n de Castilla. Esta experiencia ayudar\u00e1 a implicarse a las nuevas generaciones en el relato del pasado.<\/p>\n<figure id=\"attachment_39366\" aria-describedby=\"caption-attachment-39366\" style=\"width: 250px\" class=\"wp-caption aligncenter\"><img decoding=\"async\" class=\"size-full wp-image-39366\" src=\"https:\/\/destinocastillayleon.es\/index\/wp-content\/uploads\/2025\/07\/Sancho-II-de-Castilla-en-el-Cronicon-de-Ona-2024-Imagen-de-la-organizacion.jpg\" alt=\"Sancho II de Castilla en el Cronic\u00f3n de O\u00f1a 2024 - Imagen de la organizaci\u00f3n\" width=\"250\" height=\"320\" srcset=\"https:\/\/destinocastillayleon.es\/index\/wp-content\/uploads\/2025\/07\/Sancho-II-de-Castilla-en-el-Cronicon-de-Ona-2024-Imagen-de-la-organizacion.jpg 250w, https:\/\/destinocastillayleon.es\/index\/wp-content\/uploads\/2025\/07\/Sancho-II-de-Castilla-en-el-Cronicon-de-Ona-2024-Imagen-de-la-organizacion-234x300.jpg 234w\" sizes=\"(max-width: 250px) 100vw, 250px\" \/><figcaption id=\"caption-attachment-39366\" class=\"wp-caption-text\">Sancho II de Castilla en el Cronic\u00f3n de O\u00f1a 2024 &#8211; Imagen de la organizaci\u00f3n<\/figcaption><\/figure>\n<p>Para esta edici\u00f3n, <strong>tambi\u00e9n habr\u00e1 una renovaci\u00f3n est\u00e9tica, tanto a nivel de vestuario como a nivel escenogr\u00e1fico.<\/strong> El espect\u00e1culo principal ser\u00e1 representado en el Patio de San \u00cd\u00f1igo del Monasterio de San Salvador de O\u00f1a; con el objetivo de aportar frescura y profundidad.<a name=\"En-Escena\"><\/a><\/p>\n<h4><strong>En el escenario<\/strong><\/h4>\n<p>En esta edici\u00f3n de <strong>El Cronic\u00f3n de O\u00f1a 2025 habr\u00e1 m\u00e1s de 120 personas en el escenario,<\/strong> en su mayor\u00eda vecinos de O\u00f1a.<\/p>\n<figure id=\"attachment_22098\" aria-describedby=\"caption-attachment-22098\" style=\"width: 580px\" class=\"wp-caption aligncenter\"><img decoding=\"async\" class=\"size-full wp-image-22098\" src=\"https:\/\/destinocastillayleon.es\/index\/wp-content\/uploads\/2016\/02\/a06f98d732463d955f8230d525854c5b.jpg\" alt=\"El Cronic\u00f3n de O\u00f1a - Destino Castilla y Le\u00f3n\" width=\"580\" srcset=\"https:\/\/destinocastillayleon.es\/index\/wp-content\/uploads\/2016\/02\/a06f98d732463d955f8230d525854c5b.jpg 640w, https:\/\/destinocastillayleon.es\/index\/wp-content\/uploads\/2016\/02\/a06f98d732463d955f8230d525854c5b-300x188.jpg 300w\" sizes=\"(max-width: 640px) 100vw, 640px\" \/><figcaption id=\"caption-attachment-22098\" class=\"wp-caption-text\">El Cronic\u00f3n de O\u00f1a &#8211; Imagen cortes\u00eda de El Diario de Burgos<\/figcaption><\/figure>\n<p>Estos <strong>son voluntarios, aunque ya con muchas tablas<\/strong> participan en esta representaci\u00f3n comunitaria que repasa los principales momentos cruciales en la fundaci\u00f3n de Castilla, la historia del monasterio y la vida de <strong>los principales personajes que forjaron esta historia y que descansan en el Pante\u00f3n Real y Condal de Castilla<\/strong>, en el crucero de la Iglesia monacal.<\/p>\n<h4><strong>La puesta en escena<\/strong><\/h4>\n<p><strong>Ya llevan m\u00e1s de una semana ensayando con los peque\u00f1os actores y a final de esta semana, comenzar\u00e1n los ensayos con los adultos.<\/strong> El objetivo es ir creciendo en complejidad hasta llegar a los ensayos generales con vestuario y luces.<\/p>\n<figure id=\"attachment_28533\" aria-describedby=\"caption-attachment-28533\" style=\"width: 640px\" class=\"wp-caption aligncenter\"><img decoding=\"async\" class=\"size-full wp-image-28533\" title=\"\" src=\"https:\/\/destinocastillayleon.es\/index\/wp-content\/uploads\/2017\/06\/3c795d2c3d2d5935079ef8a363316b8b.jpg\" alt=\"Cronic\u00f3n de O\u00f1a 2018\" width=\"640\" srcset=\"https:\/\/destinocastillayleon.es\/index\/wp-content\/uploads\/2017\/06\/3c795d2c3d2d5935079ef8a363316b8b.jpg 987w, https:\/\/destinocastillayleon.es\/index\/wp-content\/uploads\/2017\/06\/3c795d2c3d2d5935079ef8a363316b8b-300x188.jpg 300w, https:\/\/destinocastillayleon.es\/index\/wp-content\/uploads\/2017\/06\/3c795d2c3d2d5935079ef8a363316b8b-768x480.jpg 768w\" sizes=\"(max-width: 987px) 100vw, 987px\" \/><figcaption id=\"caption-attachment-28533\" class=\"wp-caption-text\">Cronic\u00f3n de O\u00f1a 2018 &#8211; Imagen de la organizaci\u00f3n<\/figcaption><\/figure>\n<p><strong>Estos ensayos tendr\u00e1n lugar el 11 y 12 de agosto.<\/strong> El d\u00eda 12 de agosto, est\u00e1 previsto que puedan asistir los medios de comunicaci\u00f3n. A lo mejor nos podemos ver por ah\u00ed, ya que intentar\u00e9 ir este a\u00f1o.<\/p>\n<h3><strong>Una historia de historias<\/strong><\/h3>\n<p>Desde sus inicios, <strong>el espect\u00e1culo de El Cronic\u00f3n ha ido consolid\u00e1ndose como un referente entre las m\u00e1s importantes recreaciones hist\u00f3ricas de Espa\u00f1a y de Europa,<\/strong> siendo un punto importante en el calendario cultural burgal\u00e9s.<\/p>\n<figure id=\"attachment_28522\" aria-describedby=\"caption-attachment-28522\" style=\"width: 640px\" class=\"wp-caption aligncenter\"><img decoding=\"async\" class=\"size-full wp-image-28522\" src=\"https:\/\/destinocastillayleon.es\/index\/wp-content\/uploads\/2017\/06\/de93521c32a230fed0b8d45413438521.jpg\" alt=\"Personajes del Cronic\u00f3n de O\u00f1a esperando a la puerta de la Iglesia - Imagen de El Correo de Burgos\" width=\"640\" height=\"400\" srcset=\"https:\/\/destinocastillayleon.es\/index\/wp-content\/uploads\/2017\/06\/de93521c32a230fed0b8d45413438521.jpg 640w, https:\/\/destinocastillayleon.es\/index\/wp-content\/uploads\/2017\/06\/de93521c32a230fed0b8d45413438521-300x188.jpg 300w\" sizes=\"(max-width: 640px) 100vw, 640px\" \/><figcaption id=\"caption-attachment-28522\" class=\"wp-caption-text\">Personajes del Cronic\u00f3n de O\u00f1a esperando a la puerta de la Iglesia &#8211; Imagen de El Correo de Burgos<\/figcaption><\/figure>\n<p>Como siempre he defendido, <strong>esto se debe a un compromiso serio con el buen hacer y la profesionalidad de los vecinos de O\u00f1a<\/strong> que cada a\u00f1o mejoran cada uno de los detalles a los que van alcanzando; y que evidentemente, el escenario original del propio monasterio milenario de O\u00f1a confiere.<\/p>\n<p>Es algo m\u00e1s que un mero espect\u00e1culo, <strong>es una experiencia inmersiva y un homenaje a las ra\u00edces de Castilla,<\/strong> que permite ser parte de la historia.<a name=\"Entradas\"><\/a><\/p>\n<p><img decoding=\"async\" class=\"aligncenter size-full\" src=\"https:\/\/destinocastillayleon.es\/index\/wp-content\/uploads\/2022\/07\/ticket.jpg\" width=\"200\" \/><\/p>\n<h3><strong>Informaci\u00f3n y venta de entrada<\/strong><\/h3>\n<p>Toda la informaci\u00f3n <strong>en la web oficial: <a href=\"https:\/\/www.elcronicondeona.com\" target=\"_Blank\" rel=\"NoFollow noopener\">www.elcronicondeona.com<\/a>.<\/strong><br \/>\nLas entradas en taquilla est\u00e1n disponibles a partir del 26 de julio.<a name=\"Ona\"><\/a><\/p>\n<h2><strong>O\u00f1a<\/strong><\/h2>\n<p>Pero como otros a\u00f1os, <strong>te vamos a recomendar no solo disfrutar del espect\u00e1culo El Cronic\u00f3n de O\u00f1a 2025, ya que est\u00e1s en la preciosa <a href=\"https:\/\/destinocastillayleon.es\/index\/visitar-las-merindades\/\">Comarca de las Merindades<\/a>;<\/strong> <a href=\"https:\/\/destinocastillayleon.es\/index\/castillayleontb-viaja-a-raices-de-castilla\/\">O\u00f1a<\/a> por si misma merece una visita con todas cosas que tiene para disfrutar.<\/p>\n<figure id=\"attachment_23024\" aria-describedby=\"caption-attachment-23024\" style=\"width: 640px\" class=\"wp-caption aligncenter\"><img decoding=\"async\" class=\"size-full wp-image-23024\" src=\"https:\/\/destinocastillayleon.es\/index\/wp-content\/uploads\/2016\/07\/74e89e4749ffb3d2c6d4fa6265dfb5ee.jpg\" alt=\"Monasterio de San Salvador de O\u00f1a - Destino Castilla y Le\u00f3n\" width=\"640\" height=\"400\" srcset=\"https:\/\/destinocastillayleon.es\/index\/wp-content\/uploads\/2016\/07\/74e89e4749ffb3d2c6d4fa6265dfb5ee.jpg 640w, https:\/\/destinocastillayleon.es\/index\/wp-content\/uploads\/2016\/07\/74e89e4749ffb3d2c6d4fa6265dfb5ee-300x188.jpg 300w\" sizes=\"(max-width: 640px) 100vw, 640px\" \/><figcaption id=\"caption-attachment-23024\" class=\"wp-caption-text\">Monasterio de San Salvador de O\u00f1a &#8211; Destino Castilla y Le\u00f3n<\/figcaption><\/figure>\n<p>Desde luego, en O\u00f1a <strong>destaca el <a href=\"https:\/\/destinocastillayleon.es\/index\/monasterio-de-san-salvador-de-ona\/\">Monasterio de San Salvador<\/a>;<\/strong> una joya con gran historia y que es el escenario perfecto para esta representaci\u00f3n de El Cronic\u00f3n de O\u00f1a 2025. Pero no es solo este monasterio.<\/p>\n<figure id=\"attachment_22075\" aria-describedby=\"caption-attachment-22075\" style=\"width: 640px\" class=\"wp-caption aligncenter\"><img decoding=\"async\" class=\"size-full wp-image-22075\" src=\"https:\/\/destinocastillayleon.es\/index\/wp-content\/uploads\/2016\/02\/1a247795d21b50f07ff340d1766ad41a.jpg\" alt=\"Calles de O\u00f1a - Destino Castilla y Le\u00f3n\" width=\"640\" height=\"400\" srcset=\"https:\/\/destinocastillayleon.es\/index\/wp-content\/uploads\/2016\/02\/1a247795d21b50f07ff340d1766ad41a.jpg 640w, https:\/\/destinocastillayleon.es\/index\/wp-content\/uploads\/2016\/02\/1a247795d21b50f07ff340d1766ad41a-300x188.jpg 300w\" sizes=\"(max-width: 640px) 100vw, 640px\" \/><figcaption id=\"caption-attachment-22075\" class=\"wp-caption-text\">Calles de O\u00f1a &#8211; Destino Castilla y Le\u00f3n<\/figcaption><\/figure>\n<blockquote><p>Junto a \u00e9l se encuentra un jard\u00edn con grandes representaciones art\u00edsticas. El Jard\u00edn Secreto de O\u00f1a.<\/p><\/blockquote>\n<p>Otras construcciones de inter\u00e9s se encuentran en el entorno de la Plaza de Mayor y la Iglesia de San Juan.<\/p>\n<figure id=\"attachment_23027\" aria-describedby=\"caption-attachment-23027\" style=\"width: 640px\" class=\"wp-caption aligncenter\"><img decoding=\"async\" class=\"size-full wp-image-23027\" src=\"https:\/\/destinocastillayleon.es\/index\/wp-content\/uploads\/2016\/07\/15bba572a0124adbfd50f9a524e4700e.jpg\" alt=\"Canal del Jard\u00edn Secreto de O\u00f1a - Destino Castilla y Le\u00f3n\" width=\"640\" height=\"372\" srcset=\"https:\/\/destinocastillayleon.es\/index\/wp-content\/uploads\/2016\/07\/15bba572a0124adbfd50f9a524e4700e.jpg 640w, https:\/\/destinocastillayleon.es\/index\/wp-content\/uploads\/2016\/07\/15bba572a0124adbfd50f9a524e4700e-300x174.jpg 300w\" sizes=\"(max-width: 640px) 100vw, 640px\" \/><figcaption id=\"caption-attachment-23027\" class=\"wp-caption-text\">Canal del Jard\u00edn Secreto de O\u00f1a &#8211; Destino Castilla y Le\u00f3n<\/figcaption><\/figure>\n<p><a name=\"Raices-de-Castilla\"><\/a><\/p>\n<h3><strong>Ra\u00edces de Castilla<\/strong><\/h3>\n<p>Pero no es que O\u00f1a sea preciosa en s\u00ed misma, y que una visita sea s\u00faper interesante. Es que est\u00e1 <strong>dentro de la <a href=\"https:\/\/destinocastillayleon.es\/index\/turismo-en-la-mancomunidad-raices-de-castilla\/\">Mancomunidad de Ra\u00edces de Castilla<\/a>.<\/strong> Una agrupaci\u00f3n de pueblos como Poza de la Sal o Fr\u00edas.<\/p>\n<figure id=\"attachment_22840\" aria-describedby=\"caption-attachment-22840\" style=\"width: 800px\" class=\"wp-caption aligncenter\"><img decoding=\"async\" class=\"size-full wp-image-22840\" src=\"https:\/\/destinocastillayleon.es\/index\/wp-content\/uploads\/2016\/06\/d7a2f857b07774ee42c36ea54dbe4750.jpg\" alt=\"Postales de la Mancomunidad Ra\u00edces de Castilla, O\u00f1a, Fr\u00edas y Poza de la Sal \u2013 Destino Castilla y Le\u00f3n\" width=\"800\" height=\"215\" srcset=\"https:\/\/destinocastillayleon.es\/index\/wp-content\/uploads\/2016\/06\/d7a2f857b07774ee42c36ea54dbe4750.jpg 800w, https:\/\/destinocastillayleon.es\/index\/wp-content\/uploads\/2016\/06\/d7a2f857b07774ee42c36ea54dbe4750-300x81.jpg 300w\" sizes=\"(max-width: 800px) 100vw, 800px\" \/><figcaption id=\"caption-attachment-22840\" class=\"wp-caption-text\">Postales de la Mancomunidad Ra\u00edces de Castilla, O\u00f1a, Fr\u00edas y Poza de la Sal \u2013 Destino Castilla y Le\u00f3n<\/figcaption><\/figure>\n<blockquote><p>Estos pueblos ya est\u00e1n catalogados dentro de los Pueblos m\u00e1s Bonitos de Espa\u00f1a.<a name=\"Frias\"><\/a><\/p><\/blockquote>\n<p><strong>Fr\u00edas<\/strong><\/p>\n<p><strong>Fr\u00edas es la primera ciudad de Espa\u00f1a,<\/strong> no municipio, que ese honor est\u00e1 reservado para <a href=\"https:\/\/destinocastillayleon.es\/index\/branosera-el-primer-ayuntamiento\/\">Bra\u00f1osera<\/a>, en la monta\u00f1a palentina. Pero si es la ciudad m\u00e1s peque\u00f1a de Espa\u00f1a. Eso s\u00ed.<\/p>\n<figure id=\"attachment_23195\" aria-describedby=\"caption-attachment-23195\" style=\"width: 640px\" class=\"wp-caption aligncenter\"><img decoding=\"async\" class=\"size-full wp-image-23195\" src=\"https:\/\/destinocastillayleon.es\/index\/wp-content\/uploads\/2016\/08\/f7fa76ef3c147dbddb9c47b922703184.jpg\" alt=\"Fr\u00edas desde la Carretera - Destino Castilla y Le\u00f3n\" width=\"640\" srcset=\"https:\/\/destinocastillayleon.es\/index\/wp-content\/uploads\/2016\/08\/f7fa76ef3c147dbddb9c47b922703184.jpg 850w, https:\/\/destinocastillayleon.es\/index\/wp-content\/uploads\/2016\/08\/f7fa76ef3c147dbddb9c47b922703184-300x181.jpg 300w, https:\/\/destinocastillayleon.es\/index\/wp-content\/uploads\/2016\/08\/f7fa76ef3c147dbddb9c47b922703184-1024x617.jpg 1024w\" sizes=\"(max-width: 850px) 100vw, 850px\" \/><figcaption id=\"caption-attachment-23195\" class=\"wp-caption-text\">Fr\u00edas desde la Carretera &#8211; Destino Castilla y Le\u00f3n<\/figcaption><\/figure>\n<p>Es impresionante <strong>llegar desde Tobalina y ver ese maravilloso castillo roquero;<\/strong> roquero por estar en una roca y por los conciertos de rock que se han dado en su interior.<\/p>\n<p>No puedes dejar de <strong>pasear por sus calles empinadas.<\/strong> Ver las casas colgadas que son aut\u00e9nticos rascacielos de muchos pisos, casi como los de Cuenca. Disfrutar de las vistas tanto desde el castillo como desde la iglesia de San Vicente. <strong>O llegar por el puente de piedra sobre el Ebro.<\/strong><\/p>\n<figure id=\"attachment_14398\" aria-describedby=\"caption-attachment-14398\" style=\"width: 640px\" class=\"wp-caption aligncenter\"><img decoding=\"async\" class=\"size-full wp-image-14398\" src=\"https:\/\/destinocastillayleon.es\/index\/wp-content\/uploads\/2014\/07\/Frias-para-web.png\" alt=\"Puente de fr\u00edas sobre el Ebro\" width=\"640\" height=\"427\" srcset=\"https:\/\/destinocastillayleon.es\/index\/wp-content\/uploads\/2014\/07\/Frias-para-web.png 640w, https:\/\/destinocastillayleon.es\/index\/wp-content\/uploads\/2014\/07\/Frias-para-web-300x200.png 300w\" sizes=\"(max-width: 640px) 100vw, 640px\" \/><figcaption id=\"caption-attachment-14398\" class=\"wp-caption-text\">Puente de fr\u00edas sobre el Ebro<\/figcaption><\/figure>\n<p><a name=\"Poza-de-la-Sal\"><\/a><\/p>\n<h4><strong>Poza de la Sal<\/strong><\/h4>\n<p>Recientemente <strong>unido a ese selecto club de los <a href=\"https:\/\/destinocastillayleon.es\/index\/pueblos-mas-bonitos-de-espana\/#Poza-de-la-Sal\">Pueblos m\u00e1s Bonitos de Espa\u00f1a<\/a>,<\/strong> este pueblo est\u00e1 muy ligado a la sal. Pues est\u00e1 sobre un diapiro; una formaci\u00f3n geol\u00f3gica que hace que bajo la superficie exista una gran balsa de salmuera.<\/p>\n<figure id=\"attachment_22076\" aria-describedby=\"caption-attachment-22076\" style=\"width: 640px\" class=\"wp-caption aligncenter\"><img decoding=\"async\" class=\"size-full wp-image-22076\" src=\"https:\/\/destinocastillayleon.es\/index\/wp-content\/uploads\/2016\/02\/9f1d764d823d4d72457174ad99c10be3.jpg\" alt=\"Castillo de Poza de la Sal - Destino Castilla y Le\u00f3n\" width=\"640\" height=\"400\" srcset=\"https:\/\/destinocastillayleon.es\/index\/wp-content\/uploads\/2016\/02\/9f1d764d823d4d72457174ad99c10be3.jpg 640w, https:\/\/destinocastillayleon.es\/index\/wp-content\/uploads\/2016\/02\/9f1d764d823d4d72457174ad99c10be3-300x188.jpg 300w\" sizes=\"(max-width: 640px) 100vw, 640px\" \/><figcaption id=\"caption-attachment-22076\" class=\"wp-caption-text\">Castillo de Poza de la Sal &#8211; Imagen cortes\u00eda de lanogala.com<\/figcaption><\/figure>\n<p><strong>La explotaci\u00f3n de la sal fue un gran recurso para esta poblaci\u00f3n durante siglos.<\/strong> Ya los romanos controlaron la explotaci\u00f3n de estas salinas.<\/p>\n<figure id=\"attachment_22095\" aria-describedby=\"caption-attachment-22095\" style=\"width: 640px\" class=\"wp-caption aligncenter\"><img decoding=\"async\" class=\"size-full wp-image-22095\" src=\"https:\/\/destinocastillayleon.es\/index\/wp-content\/uploads\/2016\/02\/9fe65050bf220d3c0d5c11a93ef7cfba.jpg\" alt=\"Las Salinas de Poza de la Sal - Destino Castilla y Le\u00f3n\" width=\"640\" height=\"400\" srcset=\"https:\/\/destinocastillayleon.es\/index\/wp-content\/uploads\/2016\/02\/9fe65050bf220d3c0d5c11a93ef7cfba.jpg 640w, https:\/\/destinocastillayleon.es\/index\/wp-content\/uploads\/2016\/02\/9fe65050bf220d3c0d5c11a93ef7cfba-300x188.jpg 300w\" sizes=\"(max-width: 640px) 100vw, 640px\" \/><figcaption id=\"caption-attachment-22095\" class=\"wp-caption-text\">Las Salinas de Poza de la Sal &#8211; Imagen cortes\u00eda de la Asociaci\u00f3n Andaluza de Artesanos de la Sal<\/figcaption><\/figure>\n<p>Esta importancia en la Edad Media y su valor estrat\u00e9gico de paso <strong>hizo que los Duques de Fr\u00edas tuvieran un castillo protegiendo esta zona de transici\u00f3n entre Merindades y La Bureva;<\/strong> aunque Carlos III lleg\u00f3 a establecer un f\u00e9rreo control sobre la sal extra\u00edda en estas salinas.<\/p>\n<p>El otro gran representante de Poza de la Sal es el naturalista y leyenda de la divulgaci\u00f3n cient\u00edfica, <strong>F\u00e9lix Rodr\u00edguez de la Fuente, que naci\u00f3 y creci\u00f3 en esta localidad,<\/strong> haciendo que desde ni\u00f1o su amor por la naturaleza creciera y se hiciese uno de los m\u00e1s grandes naturalistas del siglo XX.<\/p>\n<figure id=\"attachment_22980\" aria-describedby=\"caption-attachment-22980\" style=\"width: 450px\" class=\"wp-caption aligncenter\"><img decoding=\"async\" class=\"size-full wp-image-22980\" src=\"https:\/\/destinocastillayleon.es\/index\/wp-content\/uploads\/2016\/06\/6d218459114b5c6ce34390506b08310b1.jpg\" alt=\"Centro de interpretaci\u00f3n de Felix Rodriguez de la Fuente - Destino Castilla y Le\u00f3n\" width=\"450\" height=\"300\" srcset=\"https:\/\/destinocastillayleon.es\/index\/wp-content\/uploads\/2016\/06\/6d218459114b5c6ce34390506b08310b1.jpg 450w, https:\/\/destinocastillayleon.es\/index\/wp-content\/uploads\/2016\/06\/6d218459114b5c6ce34390506b08310b1-300x200.jpg 300w\" sizes=\"(max-width: 450px) 100vw, 450px\" \/><figcaption id=\"caption-attachment-22980\" class=\"wp-caption-text\">Centro de interpretaci\u00f3n de F\u00e9lix Rodr\u00edguez de la Fuente en Poza de la Sal &#8211; Destino Castilla y Le\u00f3n<\/figcaption><\/figure>\n<p>As\u00ed que ya ves que, <strong>lo que no hacen falta son ahora mismo escusas para hacerse una escapada a O\u00f1a a disfrutar del Cronic\u00f3n de O\u00f1a 2025,<\/strong> y de paso conocer la Mancomunidad Ra\u00edces de Castilla u otras localidades de las Merindades de Burgos.<\/p>\n<h4>Tambi\u00e9n te puede interesar<\/h4>\n<ul>\n<li><a href=\"https:\/\/destinocastillayleon.es\/index\/cronicon-de-ona-2022\/\">Cronic\u00f3n de O\u00f1a 2022<\/a>.<\/li>\n<li><a href=\"https:\/\/destinocastillayleon.es\/index\/visita-turistica-a-ona\/\">No te pierdas nada en una visita tur\u00edstica a O\u00f1a<\/a>.<\/li>\n<li><a href=\"https:\/\/destinocastillayleon.es\/index\/poza-de-la-sal\/\">No te pierdas nada en una visita tur\u00edstica a Poza de la Sal<\/a>.<\/li>\n<li><a href=\"https:\/\/destinocastillayleon.es\/index\/visita-turistica-a-frias\/\">No te pierdas nada en una visita tur\u00edstica a Fr\u00edas<\/a>.<\/li>\n<\/ul>\n","protected":false},"excerpt":{"rendered":"<p>La semana del 13 al 17 de agosto, tienes una cita con la historia. Descubre las novedades y la importancia de esta XXXIII Edici\u00f3n del Cronic\u00f3n de O\u00f1a 2025, en Burgos. Una experiencia inolvidable en el coraz\u00f3n de Castilla.<\/p>\n","protected":false},"author":2,"featured_media":39369,"comment_status":"open","ping_status":"closed","sticky":false,"template":"","format":"standard","meta":{"rop_custom_images_group":[],"rop_custom_messages_group":[],"rop_publish_now":"initial","rop_publish_now_accounts":{"twitter_1150954226_1150954226":""},"rop_publish_now_history":[],"rop_publish_now_status":"pending","footnotes":""},"categories":[77,1343,4720,5511,68],"tags":[5007,5016,5004],"class_list":["post-39360","post","type-post","status-publish","format-standard","has-post-thumbnail","hentry","category-actualidad-y-agenda-de-castilla-y-leon","category-agenda","category-burgos-actualidad","category-no-rescatar-en-rrss","category-post_inicial","tag-cronicon-de-ona","tag-mancomunidad-raices-de-castilla","tag-ona"],"yoast_head":"<!-- This site is optimized with the Yoast SEO Premium plugin v20.4 (Yoast SEO v27.4) - https:\/\/yoast.com\/product\/yoast-seo-premium-wordpress\/ -->\n<title>El Cronic\u00f3n de O\u00f1a 2025, una historia de historias \u2013 DestinoCyL<\/title>\n<meta name=\"description\" content=\"La semana del 13 al 17 de agosto, tienes una cita con la historia. Visita la XXXIII Edici\u00f3n del Cronic\u00f3n de O\u00f1a 2025, en Burgos. Inolvidable.\" \/>\n<meta name=\"robots\" content=\"index, follow, max-snippet:-1, max-image-preview:large, max-video-preview:-1\" \/>\n<link rel=\"canonical\" href=\"https:\/\/destinocastillayleon.es\/index\/el-cronicon-de-ona-2025\/\" \/>\n<meta property=\"og:locale\" content=\"es_ES\" \/>\n<meta property=\"og:type\" content=\"article\" \/>\n<meta property=\"og:title\" content=\"El Cronic\u00f3n de O\u00f1a 2025, una historia de historias \u2013 Destino Castilla y Le\u00f3n\" \/>\n<meta property=\"og:description\" content=\"La semana del 13 al 17 de agosto, tienes una cita con la historia. Descubre las novedades y la importancia de esta XXXIII Edici\u00f3n del Cronic\u00f3n de O\u00f1a 2025, en Burgos. Una experiencia inolvidable en el coraz\u00f3n de Castilla.\" \/>\n<meta property=\"og:url\" content=\"https:\/\/destinocastillayleon.es\/index\/el-cronicon-de-ona-2025\/\" \/>\n<meta property=\"og:site_name\" content=\"Destino Castilla y Le\u00f3n\" \/>\n<meta property=\"article:publisher\" content=\"https:\/\/www.facebook.com\/DestinoCastillaYLeon\/\" \/>\n<meta property=\"article:author\" content=\"https:\/\/www.facebook.com\/profile.php?id=1158416854\" \/>\n<meta property=\"article:published_time\" content=\"2025-07-23T06:11:48+00:00\" \/>\n<meta property=\"article:modified_time\" content=\"2026-04-28T09:37:29+00:00\" \/>\n<meta property=\"og:image\" content=\"https:\/\/destinocastillayleon.es\/index\/wp-content\/uploads\/2025\/07\/Cronicon-de-Ona-2025.jpg\" \/>\n\t<meta property=\"og:image:width\" content=\"1210\" \/>\n\t<meta property=\"og:image:height\" content=\"562\" \/>\n\t<meta property=\"og:image:type\" content=\"image\/jpeg\" \/>\n<meta name=\"author\" content=\"David V\u00e1zquez\" \/>\n<meta name=\"twitter:card\" content=\"summary_large_image\" \/>\n<meta name=\"twitter:title\" content=\"El Cronic\u00f3n de O\u00f1a 2025, una historia de historias \u2013 Destino Castilla y Le\u00f3n\" \/>\n<meta name=\"twitter:description\" content=\"La semana del 13 al 17 de agosto, tienes una cita con la historia. Descubre las novedades y la importancia de esta XXXIII Edici\u00f3n del Cronic\u00f3n de O\u00f1a 2025, en Burgos. Una experiencia inolvidable en el coraz\u00f3n de Castilla.\" \/>\n<meta name=\"twitter:creator\" content=\"@https:\/\/twitter.com\/ContePantaleone\u200e\" \/>\n<meta name=\"twitter:site\" content=\"@destinocyl\" \/>\n<meta name=\"twitter:label1\" content=\"Escrito por\" \/>\n\t<meta name=\"twitter:data1\" content=\"David V\u00e1zquez\" \/>\n\t<meta name=\"twitter:label2\" content=\"Tiempo de lectura\" \/>\n\t<meta name=\"twitter:data2\" content=\"11 minutos\" \/>\n<script type=\"application\/ld+json\" class=\"yoast-schema-graph\">{\"@context\":\"https:\\\/\\\/schema.org\",\"@graph\":[{\"@type\":\"Article\",\"@id\":\"https:\\\/\\\/destinocastillayleon.es\\\/index\\\/el-cronicon-de-ona-2025\\\/#article\",\"isPartOf\":{\"@id\":\"https:\\\/\\\/destinocastillayleon.es\\\/index\\\/el-cronicon-de-ona-2025\\\/\"},\"author\":{\"name\":\"David V\u00e1zquez\",\"@id\":\"https:\\\/\\\/destinocastillayleon.es\\\/index\\\/#\\\/schema\\\/person\\\/189221bc8f6cc4fa28b18ad5c289d4c2\"},\"headline\":\"El Cronic\u00f3n de O\u00f1a 2025\",\"datePublished\":\"2025-07-23T06:11:48+00:00\",\"dateModified\":\"2026-04-28T09:37:29+00:00\",\"mainEntityOfPage\":{\"@id\":\"https:\\\/\\\/destinocastillayleon.es\\\/index\\\/el-cronicon-de-ona-2025\\\/\"},\"wordCount\":1755,\"commentCount\":0,\"image\":{\"@id\":\"https:\\\/\\\/destinocastillayleon.es\\\/index\\\/el-cronicon-de-ona-2025\\\/#primaryimage\"},\"thumbnailUrl\":\"https:\\\/\\\/destinocastillayleon.es\\\/index\\\/wp-content\\\/uploads\\\/2025\\\/07\\\/Cronicon-de-Ona-2025.jpg\",\"keywords\":[\"cronic\u00f3n de O\u00f1a\",\"Mancomunidad Raices de Castilla\",\"O\u00f1a\"],\"articleSection\":[\"Actualidad\",\"Agenda\",\"burgos actualidad\",\"No rescatar en RRSS\",\"Post_inicial\"],\"inLanguage\":\"es\",\"potentialAction\":[{\"@type\":\"CommentAction\",\"name\":\"Comment\",\"target\":[\"https:\\\/\\\/destinocastillayleon.es\\\/index\\\/el-cronicon-de-ona-2025\\\/#respond\"]}]},{\"@type\":\"WebPage\",\"@id\":\"https:\\\/\\\/destinocastillayleon.es\\\/index\\\/el-cronicon-de-ona-2025\\\/\",\"url\":\"https:\\\/\\\/destinocastillayleon.es\\\/index\\\/el-cronicon-de-ona-2025\\\/\",\"name\":\"El Cronic\u00f3n de O\u00f1a 2025, una historia de historias \u2013 DestinoCyL\",\"isPartOf\":{\"@id\":\"https:\\\/\\\/destinocastillayleon.es\\\/index\\\/#website\"},\"primaryImageOfPage\":{\"@id\":\"https:\\\/\\\/destinocastillayleon.es\\\/index\\\/el-cronicon-de-ona-2025\\\/#primaryimage\"},\"image\":{\"@id\":\"https:\\\/\\\/destinocastillayleon.es\\\/index\\\/el-cronicon-de-ona-2025\\\/#primaryimage\"},\"thumbnailUrl\":\"https:\\\/\\\/destinocastillayleon.es\\\/index\\\/wp-content\\\/uploads\\\/2025\\\/07\\\/Cronicon-de-Ona-2025.jpg\",\"datePublished\":\"2025-07-23T06:11:48+00:00\",\"dateModified\":\"2026-04-28T09:37:29+00:00\",\"author\":{\"@id\":\"https:\\\/\\\/destinocastillayleon.es\\\/index\\\/#\\\/schema\\\/person\\\/189221bc8f6cc4fa28b18ad5c289d4c2\"},\"description\":\"La semana del 13 al 17 de agosto, tienes una cita con la historia. Visita la XXXIII Edici\u00f3n del Cronic\u00f3n de O\u00f1a 2025, en Burgos. Inolvidable.\",\"breadcrumb\":{\"@id\":\"https:\\\/\\\/destinocastillayleon.es\\\/index\\\/el-cronicon-de-ona-2025\\\/#breadcrumb\"},\"inLanguage\":\"es\",\"potentialAction\":[{\"@type\":\"ReadAction\",\"target\":[\"https:\\\/\\\/destinocastillayleon.es\\\/index\\\/el-cronicon-de-ona-2025\\\/\"]}]},{\"@type\":\"ImageObject\",\"inLanguage\":\"es\",\"@id\":\"https:\\\/\\\/destinocastillayleon.es\\\/index\\\/el-cronicon-de-ona-2025\\\/#primaryimage\",\"url\":\"https:\\\/\\\/destinocastillayleon.es\\\/index\\\/wp-content\\\/uploads\\\/2025\\\/07\\\/Cronicon-de-Ona-2025.jpg\",\"contentUrl\":\"https:\\\/\\\/destinocastillayleon.es\\\/index\\\/wp-content\\\/uploads\\\/2025\\\/07\\\/Cronicon-de-Ona-2025.jpg\",\"width\":1210,\"height\":562,\"caption\":\"Cronic\u00f3n de O\u00f1a 2025\"},{\"@type\":\"BreadcrumbList\",\"@id\":\"https:\\\/\\\/destinocastillayleon.es\\\/index\\\/el-cronicon-de-ona-2025\\\/#breadcrumb\",\"itemListElement\":[{\"@type\":\"ListItem\",\"position\":1,\"name\":\"Portada\",\"item\":\"https:\\\/\\\/destinocastillayleon.es\\\/index\\\/\"},{\"@type\":\"ListItem\",\"position\":2,\"name\":\"El Cronic\u00f3n de O\u00f1a 2025\"}]},{\"@type\":\"WebSite\",\"@id\":\"https:\\\/\\\/destinocastillayleon.es\\\/index\\\/#website\",\"url\":\"https:\\\/\\\/destinocastillayleon.es\\\/index\\\/\",\"name\":\"Destino Castilla y Le\u00f3n\",\"description\":\"Medio digital independiente y revista de Castilla y Le\u00f3n dedicado al turismo, gastronom\u00eda y vino de Castilla y Le\u00f3n\",\"potentialAction\":[{\"@type\":\"SearchAction\",\"target\":{\"@type\":\"EntryPoint\",\"urlTemplate\":\"https:\\\/\\\/destinocastillayleon.es\\\/index\\\/?s={search_term_string}\"},\"query-input\":{\"@type\":\"PropertyValueSpecification\",\"valueRequired\":true,\"valueName\":\"search_term_string\"}}],\"inLanguage\":\"es\"},{\"@type\":\"Person\",\"@id\":\"https:\\\/\\\/destinocastillayleon.es\\\/index\\\/#\\\/schema\\\/person\\\/189221bc8f6cc4fa28b18ad5c289d4c2\",\"name\":\"David V\u00e1zquez\",\"image\":{\"@type\":\"ImageObject\",\"inLanguage\":\"es\",\"@id\":\"https:\\\/\\\/secure.gravatar.com\\\/avatar\\\/cd12db6c575a90c3b75cfa0f794b74d425201c768612fad17e9f13cd33d48be8?s=96&d=mm&r=g\",\"url\":\"https:\\\/\\\/secure.gravatar.com\\\/avatar\\\/cd12db6c575a90c3b75cfa0f794b74d425201c768612fad17e9f13cd33d48be8?s=96&d=mm&r=g\",\"contentUrl\":\"https:\\\/\\\/secure.gravatar.com\\\/avatar\\\/cd12db6c575a90c3b75cfa0f794b74d425201c768612fad17e9f13cd33d48be8?s=96&d=mm&r=g\",\"caption\":\"David V\u00e1zquez\"},\"description\":\"Ingeniero Industrial de vocaci\u00f3n y profesi\u00f3n, he encontrado en los blogs la forma de plasmar mi pasi\u00f3n por los viajes, la gastronom\u00eda y los vinos. Especialmente los procedentes de Castilla y Le\u00f3n\",\"sameAs\":[\"https:\\\/\\\/www.destinocastillayleon.es\",\"https:\\\/\\\/www.facebook.com\\\/profile.php?id=1158416854\",\"https:\\\/\\\/instagram.com\\\/conte.pantaleone\",\"https:\\\/\\\/www.linkedin.com\\\/pub\\\/david-vazquez-lozano\\\/37\\\/17a\\\/25a\",\"https:\\\/\\\/x.com\\\/https:\\\/\\\/twitter.com\\\/ContePantaleone\u200e\"],\"url\":\"https:\\\/\\\/destinocastillayleon.es\\\/index\\\/author\\\/coadministradorcyl\\\/\"}]}<\/script>\n<!-- \/ Yoast SEO Premium plugin. -->","yoast_head_json":{"title":"El Cronic\u00f3n de O\u00f1a 2025, una historia de historias \u2013 DestinoCyL","description":"La semana del 13 al 17 de agosto, tienes una cita con la historia. Visita la XXXIII Edici\u00f3n del Cronic\u00f3n de O\u00f1a 2025, en Burgos. Inolvidable.","robots":{"index":"index","follow":"follow","max-snippet":"max-snippet:-1","max-image-preview":"max-image-preview:large","max-video-preview":"max-video-preview:-1"},"canonical":"https:\/\/destinocastillayleon.es\/index\/el-cronicon-de-ona-2025\/","og_locale":"es_ES","og_type":"article","og_title":"El Cronic\u00f3n de O\u00f1a 2025, una historia de historias \u2013 Destino Castilla y Le\u00f3n","og_description":"La semana del 13 al 17 de agosto, tienes una cita con la historia. Descubre las novedades y la importancia de esta XXXIII Edici\u00f3n del Cronic\u00f3n de O\u00f1a 2025, en Burgos. Una experiencia inolvidable en el coraz\u00f3n de Castilla.","og_url":"https:\/\/destinocastillayleon.es\/index\/el-cronicon-de-ona-2025\/","og_site_name":"Destino Castilla y Le\u00f3n","article_publisher":"https:\/\/www.facebook.com\/DestinoCastillaYLeon\/","article_author":"https:\/\/www.facebook.com\/profile.php?id=1158416854","article_published_time":"2025-07-23T06:11:48+00:00","article_modified_time":"2026-04-28T09:37:29+00:00","og_image":[{"width":1210,"height":562,"url":"https:\/\/destinocastillayleon.es\/index\/wp-content\/uploads\/2025\/07\/Cronicon-de-Ona-2025.jpg","type":"image\/jpeg"}],"author":"David V\u00e1zquez","twitter_card":"summary_large_image","twitter_title":"El Cronic\u00f3n de O\u00f1a 2025, una historia de historias \u2013 Destino Castilla y Le\u00f3n","twitter_description":"La semana del 13 al 17 de agosto, tienes una cita con la historia. Descubre las novedades y la importancia de esta XXXIII Edici\u00f3n del Cronic\u00f3n de O\u00f1a 2025, en Burgos. Una experiencia inolvidable en el coraz\u00f3n de Castilla.","twitter_creator":"@https:\/\/twitter.com\/ContePantaleone\u200e","twitter_site":"@destinocyl","twitter_misc":{"Escrito por":"David V\u00e1zquez","Tiempo de lectura":"11 minutos"},"schema":{"@context":"https:\/\/schema.org","@graph":[{"@type":"Article","@id":"https:\/\/destinocastillayleon.es\/index\/el-cronicon-de-ona-2025\/#article","isPartOf":{"@id":"https:\/\/destinocastillayleon.es\/index\/el-cronicon-de-ona-2025\/"},"author":{"name":"David V\u00e1zquez","@id":"https:\/\/destinocastillayleon.es\/index\/#\/schema\/person\/189221bc8f6cc4fa28b18ad5c289d4c2"},"headline":"El Cronic\u00f3n de O\u00f1a 2025","datePublished":"2025-07-23T06:11:48+00:00","dateModified":"2026-04-28T09:37:29+00:00","mainEntityOfPage":{"@id":"https:\/\/destinocastillayleon.es\/index\/el-cronicon-de-ona-2025\/"},"wordCount":1755,"commentCount":0,"image":{"@id":"https:\/\/destinocastillayleon.es\/index\/el-cronicon-de-ona-2025\/#primaryimage"},"thumbnailUrl":"https:\/\/destinocastillayleon.es\/index\/wp-content\/uploads\/2025\/07\/Cronicon-de-Ona-2025.jpg","keywords":["cronic\u00f3n de O\u00f1a","Mancomunidad Raices de Castilla","O\u00f1a"],"articleSection":["Actualidad","Agenda","burgos actualidad","No rescatar en RRSS","Post_inicial"],"inLanguage":"es","potentialAction":[{"@type":"CommentAction","name":"Comment","target":["https:\/\/destinocastillayleon.es\/index\/el-cronicon-de-ona-2025\/#respond"]}]},{"@type":"WebPage","@id":"https:\/\/destinocastillayleon.es\/index\/el-cronicon-de-ona-2025\/","url":"https:\/\/destinocastillayleon.es\/index\/el-cronicon-de-ona-2025\/","name":"El Cronic\u00f3n de O\u00f1a 2025, una historia de historias \u2013 DestinoCyL","isPartOf":{"@id":"https:\/\/destinocastillayleon.es\/index\/#website"},"primaryImageOfPage":{"@id":"https:\/\/destinocastillayleon.es\/index\/el-cronicon-de-ona-2025\/#primaryimage"},"image":{"@id":"https:\/\/destinocastillayleon.es\/index\/el-cronicon-de-ona-2025\/#primaryimage"},"thumbnailUrl":"https:\/\/destinocastillayleon.es\/index\/wp-content\/uploads\/2025\/07\/Cronicon-de-Ona-2025.jpg","datePublished":"2025-07-23T06:11:48+00:00","dateModified":"2026-04-28T09:37:29+00:00","author":{"@id":"https:\/\/destinocastillayleon.es\/index\/#\/schema\/person\/189221bc8f6cc4fa28b18ad5c289d4c2"},"description":"La semana del 13 al 17 de agosto, tienes una cita con la historia. Visita la XXXIII Edici\u00f3n del Cronic\u00f3n de O\u00f1a 2025, en Burgos. Inolvidable.","breadcrumb":{"@id":"https:\/\/destinocastillayleon.es\/index\/el-cronicon-de-ona-2025\/#breadcrumb"},"inLanguage":"es","potentialAction":[{"@type":"ReadAction","target":["https:\/\/destinocastillayleon.es\/index\/el-cronicon-de-ona-2025\/"]}]},{"@type":"ImageObject","inLanguage":"es","@id":"https:\/\/destinocastillayleon.es\/index\/el-cronicon-de-ona-2025\/#primaryimage","url":"https:\/\/destinocastillayleon.es\/index\/wp-content\/uploads\/2025\/07\/Cronicon-de-Ona-2025.jpg","contentUrl":"https:\/\/destinocastillayleon.es\/index\/wp-content\/uploads\/2025\/07\/Cronicon-de-Ona-2025.jpg","width":1210,"height":562,"caption":"Cronic\u00f3n de O\u00f1a 2025"},{"@type":"BreadcrumbList","@id":"https:\/\/destinocastillayleon.es\/index\/el-cronicon-de-ona-2025\/#breadcrumb","itemListElement":[{"@type":"ListItem","position":1,"name":"Portada","item":"https:\/\/destinocastillayleon.es\/index\/"},{"@type":"ListItem","position":2,"name":"El Cronic\u00f3n de O\u00f1a 2025"}]},{"@type":"WebSite","@id":"https:\/\/destinocastillayleon.es\/index\/#website","url":"https:\/\/destinocastillayleon.es\/index\/","name":"Destino Castilla y Le\u00f3n","description":"Medio digital independiente y revista de Castilla y Le\u00f3n dedicado al turismo, gastronom\u00eda y vino de Castilla y Le\u00f3n","potentialAction":[{"@type":"SearchAction","target":{"@type":"EntryPoint","urlTemplate":"https:\/\/destinocastillayleon.es\/index\/?s={search_term_string}"},"query-input":{"@type":"PropertyValueSpecification","valueRequired":true,"valueName":"search_term_string"}}],"inLanguage":"es"},{"@type":"Person","@id":"https:\/\/destinocastillayleon.es\/index\/#\/schema\/person\/189221bc8f6cc4fa28b18ad5c289d4c2","name":"David V\u00e1zquez","image":{"@type":"ImageObject","inLanguage":"es","@id":"https:\/\/secure.gravatar.com\/avatar\/cd12db6c575a90c3b75cfa0f794b74d425201c768612fad17e9f13cd33d48be8?s=96&d=mm&r=g","url":"https:\/\/secure.gravatar.com\/avatar\/cd12db6c575a90c3b75cfa0f794b74d425201c768612fad17e9f13cd33d48be8?s=96&d=mm&r=g","contentUrl":"https:\/\/secure.gravatar.com\/avatar\/cd12db6c575a90c3b75cfa0f794b74d425201c768612fad17e9f13cd33d48be8?s=96&d=mm&r=g","caption":"David V\u00e1zquez"},"description":"Ingeniero Industrial de vocaci\u00f3n y profesi\u00f3n, he encontrado en los blogs la forma de plasmar mi pasi\u00f3n por los viajes, la gastronom\u00eda y los vinos. Especialmente los procedentes de Castilla y Le\u00f3n","sameAs":["https:\/\/www.destinocastillayleon.es","https:\/\/www.facebook.com\/profile.php?id=1158416854","https:\/\/instagram.com\/conte.pantaleone","https:\/\/www.linkedin.com\/pub\/david-vazquez-lozano\/37\/17a\/25a","https:\/\/x.com\/https:\/\/twitter.com\/ContePantaleone\u200e"],"url":"https:\/\/destinocastillayleon.es\/index\/author\/coadministradorcyl\/"}]}},"_links":{"self":[{"href":"https:\/\/destinocastillayleon.es\/index\/wp-json\/wp\/v2\/posts\/39360","targetHints":{"allow":["GET"]}}],"collection":[{"href":"https:\/\/destinocastillayleon.es\/index\/wp-json\/wp\/v2\/posts"}],"about":[{"href":"https:\/\/destinocastillayleon.es\/index\/wp-json\/wp\/v2\/types\/post"}],"author":[{"embeddable":true,"href":"https:\/\/destinocastillayleon.es\/index\/wp-json\/wp\/v2\/users\/2"}],"replies":[{"embeddable":true,"href":"https:\/\/destinocastillayleon.es\/index\/wp-json\/wp\/v2\/comments?post=39360"}],"version-history":[{"count":8,"href":"https:\/\/destinocastillayleon.es\/index\/wp-json\/wp\/v2\/posts\/39360\/revisions"}],"predecessor-version":[{"id":40061,"href":"https:\/\/destinocastillayleon.es\/index\/wp-json\/wp\/v2\/posts\/39360\/revisions\/40061"}],"wp:featuredmedia":[{"embeddable":true,"href":"https:\/\/destinocastillayleon.es\/index\/wp-json\/wp\/v2\/media\/39369"}],"wp:attachment":[{"href":"https:\/\/destinocastillayleon.es\/index\/wp-json\/wp\/v2\/media?parent=39360"}],"wp:term":[{"taxonomy":"category","embeddable":true,"href":"https:\/\/destinocastillayleon.es\/index\/wp-json\/wp\/v2\/categories?post=39360"},{"taxonomy":"post_tag","embeddable":true,"href":"https:\/\/destinocastillayleon.es\/index\/wp-json\/wp\/v2\/tags?post=39360"}],"curies":[{"name":"wp","href":"https:\/\/api.w.org\/{rel}","templated":true}]}}