{"id":39338,"date":"2025-07-21T13:51:59","date_gmt":"2025-07-21T11:51:59","guid":{"rendered":"https:\/\/destinocastillayleon.es\/index\/?p=39338"},"modified":"2025-07-21T14:02:56","modified_gmt":"2025-07-21T12:02:56","slug":"joven-orquesta-de-viento-de-lincolnshire","status":"publish","type":"post","link":"https:\/\/destinocastillayleon.es\/index\/joven-orquesta-de-viento-de-lincolnshire\/","title":{"rendered":"Concierto de Joven Orquesta de Viento de Lincolnshire en el Camino de Santiago"},"content":{"rendered":"<p>Si como a mi te gusta la m\u00fasica, <strong>quiero informarte que acabo de saber que se est\u00e1 preparando una s\u00faper experiencia de un ciclo de concierto a cargo de la Joven Orquesta de Viento de Lincolnshire,<\/strong> venida desde el Reino Unido, y que recorrer\u00e1 varios lugares emblem\u00e1ticos de Castilla y Le\u00f3n relacionados con el Camino de Santiago.<\/p>\n<h2><strong>Ciclo de conciertos de la Joven Orquesta de Viento de Lincolnshire<\/strong><\/h2>\n<p>Toma nota, porque <strong>empieza el pr\u00f3ximo viernes, 25 de julio de 2025; a las 20:00 horas; y termina el domingo 27 de agosto, a las 20:00 horas.<\/strong> As\u00ed que te sirve de <strong>excusa para visitar alguna de estas localidades de Castilla y Le\u00f3n;<\/strong> Un plan perfecto para disfrutar de su patrimonio y su gastronom\u00eda; y poner <strong>la guinda final al D\u00eda de Santiago,<\/strong> Festivo nacional en toda Espa\u00f1a.<\/p>\n<figure id=\"attachment_39346\" aria-describedby=\"caption-attachment-39346\" style=\"width: 368px\" class=\"wp-caption aligncenter\"><img decoding=\"async\" src=\"https:\/\/destinocastillayleon.es\/index\/wp-content\/uploads\/2025\/07\/Cartel-del-Concierto.jpg\" alt=\"conciertos de la Joven Orquesta de Viento de Lincolnshire\" title=\"Cartel del Concierto\" width=\"368\" height=\"520\" class=\"size-full wp-image-39346\" srcset=\"https:\/\/destinocastillayleon.es\/index\/wp-content\/uploads\/2025\/07\/Cartel-del-Concierto.jpg 368w, https:\/\/destinocastillayleon.es\/index\/wp-content\/uploads\/2025\/07\/Cartel-del-Concierto-212x300.jpg 212w\" sizes=\"(max-width: 368px) 100vw, 368px\" \/><figcaption id=\"caption-attachment-39346\" class=\"wp-caption-text\">Cartel del Concierto de Sahag\u00fan<\/figcaption><\/figure>\n<h3><strong>Localidades de la gira por Castilla y Le\u00f3n<\/strong><\/h3>\n<p>En este momento, <strong>se han confirmado los siguientes conciertos<\/strong> de la Joven Orquesta de Viento de Lincolnshire:<\/p>\n<ul>\n<li>En Sahag\u00fan, Le\u00f3n; en <strong>El Santuario de la Peregrina<\/strong>, el viernes 25 de julio; el d\u00eda de Santiago. A las 20:00 horas.<\/li>\n<li>Al d\u00eda siguiente, s\u00e1bado 26 de julio; en la localidad de Carri\u00f3n de los Condes, Palencia; <strong>en el Monasterio de San Zoilo,<\/strong> a las 19:00 horas.<\/li>\n<li>En Palencia capital; <strong>en el Patio del Claustro de la Catedral de Palencia,<\/strong> el domingo 27 de julio de 2025 a las 20:30 horas<\/li>\n<\/ul>\n<p>&nbsp;<\/p>\n<h3><strong>La Joven Orquesta de Viento de Lincolnshire<\/strong><\/h3>\n<p>Esta orquesta de viento es <strong>un conjunto muy destacado de j\u00f3venes m\u00fasicos, que derrochan talento y proceden de Lincolnshire,<\/strong> en Reino Unido. No es la primera vez que est\u00e1n en Espa\u00f1a, y regresan despu\u00e9s de dos a\u00f1os. En 2023 realizaron una gira por diversas localidades espa\u00f1ola.<\/p>\n<figure id=\"attachment_39356\" aria-describedby=\"caption-attachment-39356\" style=\"width: 640px\" class=\"wp-caption aligncenter\"><img decoding=\"async\" src=\"https:\/\/destinocastillayleon.es\/index\/wp-content\/uploads\/2025\/07\/La-Joven-Orquesta-de-Viento-de-Lincolnshire.jpg\" alt=\"La Joven Orquesta de Viento de Lincolnshire\" width=\"640\" height=\"360\" class=\"size-full wp-image-39356\" srcset=\"https:\/\/destinocastillayleon.es\/index\/wp-content\/uploads\/2025\/07\/La-Joven-Orquesta-de-Viento-de-Lincolnshire.jpg 640w, https:\/\/destinocastillayleon.es\/index\/wp-content\/uploads\/2025\/07\/La-Joven-Orquesta-de-Viento-de-Lincolnshire-300x169.jpg 300w\" sizes=\"(max-width: 640px) 100vw, 640px\" \/><figcaption id=\"caption-attachment-39356\" class=\"wp-caption-text\">La Joven Orquesta de Viento de Lincolnshire<\/figcaption><\/figure>\n<blockquote><p>Fueron especialmente aclamados en Salamanca.<\/p><\/blockquote>\n<p>Esta orquesta <strong>fue creada en los a\u00f1os 70\u00b4s por el Lincolnshire Music Service;<\/strong> y ha evolucionado a lo largo de los a\u00f1os, adapt\u00e1ndose a los desaf\u00edos, <strong>incluyendo una exitosa etapa virtual durante la pandemia,<\/strong> en la que colaboraron con la <em>Chineke! Orchestra<\/em>, la primera orquesta profesional en Europa con mayor\u00eda de m\u00fasicos de etnia africana y diversa.<\/p>\n<p>Puedes <a href=\"https:\/\/www.youtube.com\/playlist?list=PL-hBm9RDQzoGsIrX3Fd5gp41y7rxqxi46\" rel=\"noopener\" target=\"_blank\">localizar en YouTube<\/a> <strong>algunas de sus grabaciones y proyectos en l\u00ednea,<\/strong> reflejando como ellos mismos indican su compromiso con la m\u00fasica, la innovaci\u00f3n y la inclusi\u00f3n.<\/p>\n<p><center><iframe width=\"560\" height=\"315\" src=\"https:\/\/www.youtube.com\/embed\/e3TGOTOc65Y?si=Yp-NAcdD9kRLUd1t\" title=\"YouTube video player\" frameborder=\"0\" allow=\"accelerometer; autoplay; clipboard-write; encrypted-media; gyroscope; picture-in-picture; web-share\" referrerpolicy=\"strict-origin-when-cross-origin\" allowfullscreen><\/iframe><\/center><\/p>\n<h4><strong>Alex Greenfield<\/strong><\/h4>\n<p>La Joven Orquesta de Viento de Lincolnshire <strong>estar\u00e1 dirigida por el reconocido director de orquesta Alex Greenfield,<\/strong> nacido en Lincolnshire y con una amplia trayectoria en direcci\u00f3n y ejecuci\u00f3n musical.<\/p>\n<figure id=\"attachment_39344\" aria-describedby=\"caption-attachment-39344\" style=\"width: 280px\" class=\"wp-caption aligncenter\"><img decoding=\"async\" src=\"https:\/\/destinocastillayleon.es\/index\/wp-content\/uploads\/2025\/07\/Director-Alex-Greenfield.jpg\" alt=\"conciertos de la Joven Orquesta de Viento de Lincolnshire\" Title=\"Director Alex Greenfield\" width=\"280\" class=\"size-full wp-image-39344\" srcset=\"https:\/\/destinocastillayleon.es\/index\/wp-content\/uploads\/2025\/07\/Director-Alex-Greenfield.jpg 351w, https:\/\/destinocastillayleon.es\/index\/wp-content\/uploads\/2025\/07\/Director-Alex-Greenfield-219x300.jpg 219w\" sizes=\"(max-width: 351px) 100vw, 351px\" \/><figcaption id=\"caption-attachment-39344\" class=\"wp-caption-text\">Director Alex Greenfield<\/figcaption><\/figure>\n<h4><strong>El programa completo<\/strong><\/h4>\n<p>El programa para esta noche m\u00e1gica, opini\u00f3n personal, <strong>es bastante variado, <\/strong>con obras de V\u00edctor L\u00f3pez, Jos\u00e9 Rafael Pascual Vilaplana, Philip Sparke, Johan de Meij y Warren Barker. <\/p>\n<p>Entre las piezas indicadas, destacan \u201cSilver Winds\u201d, \u201cYakka\u201d, \u201cBlue Rock\u201d, \u201cHighlights from Chess\u201d, \u201cLog Cabin Blues\u201d, \u201cSwing\u2019s The Thing\u201d, \u201cDavid of the White Rock\u201d y \u201cRomeo y Julieta\u201d.<\/p>\n<p><strong>Primera parte<\/strong><\/p>\n<ul>\n<li>Sinfon\u00eda no 1, de William Boyce (7\u2019). <\/li>\n<li>Dos Miniaturas Andaluzas, de Joaqu\u00edn Rodrigo (6\u2019) . <\/li>\n<li>Notturno (Cuarteto no 2), de Alexander Borodin, con arreglos de Malcolm Sargent (8\u2019). <\/li>\n<li>Romance en Do Mayor, Op. 42, de Jean Sibelius (5\u2019). <\/li>\n<li>Serenata, Op. 87, de Joaqu\u00edn Turina (10\u2019). <\/li>\n<li>Sinfon\u00eda para Cuerda no 8, de Felix Mendelssohn (7\u2019). <\/li>\n<li>Nocturne (Rey Christian II), de Jean Sibelius (8\u2019). <\/li>\n<li>Finale (Sinfon\u00eda no 8), de Anton\u00edn Dvo\u0159\u00e1k (11\u2019). <\/li>\n<\/ul>\n<p><strong>Segundo parte<\/strong><\/p>\n<ul>\n<li>Silver Winds, de Victor L\u00f3pez (5\u2019). <\/li>\n<li>Yakka, de Jos\u00e9 Rafael Pascual Vilaplana (5\u2019). <\/li>\n<li>Blue Rock, de Philip Sparke (7\u2019). <\/li>\n<li>Highlights from Chess, con arreglos de Johan de Meij (16\u2019). <\/li>\n<li>Log Cabin Blues, con arreglos de Jason Baker (3\u2019). <\/li>\n<li>Swing&#8217;s The Thing, con arreglos de Warren Barker (5\u2019). <\/li>\n<li>David of the White Rock, con arreglos de Philip Sparke (4\u2019). <\/li>\n<li>Romeo y Julieta, con arreglos de Johan de Meij (17\u2019). <\/li>\n<\/ul>\n<p>&nbsp;<\/p>\n<h2><strong>Sedes de los conciertos de la Joven Orquesta de Viento de Lincolnshire<\/strong><\/h2>\n<p>Para este ciclo de conciertos <strong>se han elegido lugares emblem\u00e1ticos que tienen que ver bastante con el Camino de Santiago,<\/strong> y aunque no me lo han confirmado, creo que elegir el d\u00eda 25 de julio como d\u00eda de arranqu\u00e9 tiene su significado.<\/p>\n<h3><strong>El Santuario de la Peregrina de Sahag\u00fan<\/strong><\/h3>\n<p>Sin duda, <strong>este concierto ser\u00e1 una oportunidad \u00fanica para disfrutar de la interpretaci\u00f3n de una orquesta joven de gran nivel<\/strong> en un entorno emblem\u00e1tico y cultural como el Santuario de la Peregrina.<\/p>\n<figure id=\"attachment_39343\" aria-describedby=\"caption-attachment-39343\" style=\"width: 640px\" class=\"wp-caption aligncenter\"><img decoding=\"async\" src=\"https:\/\/destinocastillayleon.es\/index\/wp-content\/uploads\/2025\/07\/Sahgun-desde-el-Santuario-de-la-Virgen-Peregrina-Imagen-de-Camino-de-Santiago-Frances.jpg\" alt=\"Santuario de la Peregrina de Sahag\u00fan\" title=\"Sahag\u00fan desde el Santuario de la Virgen Peregrina - Imagen de Camino de Santiago Franc\u00e9sSahag\u00fan desde el Santuario de la Virgen Peregrina - Imagen de Camino de Santiago Franc\u00e9s\" width=\"640\" height=\"336\" class=\"size-full wp-image-39343\" srcset=\"https:\/\/destinocastillayleon.es\/index\/wp-content\/uploads\/2025\/07\/Sahgun-desde-el-Santuario-de-la-Virgen-Peregrina-Imagen-de-Camino-de-Santiago-Frances.jpg 640w, https:\/\/destinocastillayleon.es\/index\/wp-content\/uploads\/2025\/07\/Sahgun-desde-el-Santuario-de-la-Virgen-Peregrina-Imagen-de-Camino-de-Santiago-Frances-300x158.jpg 300w\" sizes=\"(max-width: 640px) 100vw, 640px\" \/><figcaption id=\"caption-attachment-39343\" class=\"wp-caption-text\">Sahag\u00fan desde el Santuario de la Virgen Peregrina &#8211; Imagen de Camino de Santiago Franc\u00e9s<\/figcaption><\/figure>\n<p>La iniciativa <strong>busca acercar la m\u00fasica cl\u00e1sica y de viento<\/strong> a toda la comunidad, promoviendo el talento joven y fortaleciendo los lazos culturales entre Reino Unido y Espa\u00f1a.<\/p>\n<p>El convento <strong>fue una construcci\u00f3n franciscana patrocinada por Alfonso X \u00abel Sabio\u00bb durante una visita a la localidad en 1245.<\/strong> Es una obra cumbre del rom\u00e1nico mud\u00e9jar que combina piedra de siller\u00eda y ladrillo. Aunque tiene muchos a\u00f1adidos posteriores. Muy destacables las ampliaciones del siglo XIV.<\/p>\n<figure id=\"attachment_39347\" aria-describedby=\"caption-attachment-39347\" style=\"width: 320px\" class=\"wp-caption aligncenter\"><img decoding=\"async\" src=\"https:\/\/destinocastillayleon.es\/index\/wp-content\/uploads\/2025\/07\/Escultura-de-Alfonso-X-el-Sabio-Destino-y-Sabor.jpg\" alt=\"Escultura de Alfonso X el Sabio - Destino y Sabor\" width=\"320\" class=\"size-full wp-image-39347\" srcset=\"https:\/\/destinocastillayleon.es\/index\/wp-content\/uploads\/2025\/07\/Escultura-de-Alfonso-X-el-Sabio-Destino-y-Sabor.jpg 438w, https:\/\/destinocastillayleon.es\/index\/wp-content\/uploads\/2025\/07\/Escultura-de-Alfonso-X-el-Sabio-Destino-y-Sabor-274x300.jpg 274w\" sizes=\"(max-width: 438px) 100vw, 438px\" \/><figcaption id=\"caption-attachment-39347\" class=\"wp-caption-text\">Escultura de Alfonso X \u00abel Sabio\u00bb &#8211; Destino y Sabor<\/figcaption><\/figure>\n<p>Aunque <strong>sufri\u00f3 muchos da\u00f1os y expolios tras la desamortizaci\u00f3n de Mendiz\u00e1bal en el siglo XIX,<\/strong> con el reconocimiento de El Camino de Santiago como Patrimonio Mundial de la Humanidad, se restaur\u00f3 y se le ha podido mejorar su uso.<\/p>\n<h4><strong>Informaci\u00f3n pr\u00e1ctica<\/strong><\/h4>\n<p><strong>Santuario de la Peregrina de Sahag\u00fan<\/strong><br \/>\nCalle Arco de San Francisco, 12H<br \/>\n24320 \u2013 Sahag\u00fan, Le\u00f3n<br \/>\nTelf.: +34 987 78 12 55<br \/>\n&nbsp;<\/p>\n<h3><strong>El Monasterio de San Zoilo de Carri\u00f3n de Condes<\/strong><\/h3>\n<p>Este monasterio de San Zoilo de Carri\u00f3n de los Condes <strong>se encuentra se encuentra cerca del puente del r\u00edo Carri\u00f3n, en direcci\u00f3n a Sahag\u00fan,<\/strong> en la Comarca de Tierra de Campos. Actualmente es un hotel denominado <strong>Hotel Real Monasterio San Zoilo.<\/strong><\/p>\n<figure id=\"attachment_39353\" aria-describedby=\"caption-attachment-39353\" style=\"width: 640px\" class=\"wp-caption aligncenter\"><img decoding=\"async\" src=\"https:\/\/destinocastillayleon.es\/index\/wp-content\/uploads\/2025\/07\/Real-Monasterio-de-San-Zoilo-en-Carrion-de-los-Condes-Imagen-de-TerraNostrum.jpg\" alt=\"Real Monasterio de San Zoilo en Carri\u00f3n de los Condes - Imagen de TerraNostrum\" width=\"640\" height=\"360\" class=\"size-full wp-image-39353\" srcset=\"https:\/\/destinocastillayleon.es\/index\/wp-content\/uploads\/2025\/07\/Real-Monasterio-de-San-Zoilo-en-Carrion-de-los-Condes-Imagen-de-TerraNostrum.jpg 640w, https:\/\/destinocastillayleon.es\/index\/wp-content\/uploads\/2025\/07\/Real-Monasterio-de-San-Zoilo-en-Carrion-de-los-Condes-Imagen-de-TerraNostrum-300x169.jpg 300w\" sizes=\"(max-width: 640px) 100vw, 640px\" \/><figcaption id=\"caption-attachment-39353\" class=\"wp-caption-text\">Real Monasterio de San Zoilo en Carri\u00f3n de los Condes &#8211; Imagen de TerraNostrum<\/figcaption><\/figure>\n<p>Fue <strong>fundado en el a\u00f1o 948, bajo la advocaci\u00f3n de San Juan Bautista;<\/strong> Aunque al caer en la \u00f3rbita de los Condes Banu G\u00f3mez, Condes de Carri\u00f3n <strong>en 1047 tuvo una refundaci\u00f3n;<\/strong> aunque <strong>sobre el 1075 cambi\u00f3 la advocaci\u00f3n por la de San Zoilo<\/strong> al ser tra\u00eddas a este cenobio, desde C\u00f3rdoba, las reliquias de este santo.<\/p>\n<p>Al estar levantado en el Camino de Santiago, <strong>se caracteriz\u00f3 por permitir a los peregrinos el consumo de pan y vino a discreci\u00f3n,<\/strong> motivo ben\u00e9fico por el que se hizo famoso; <strong>tanto que termin\u00f3 acogiendo el Pante\u00f3n de los Condes de Carri\u00f3n.<\/strong><\/p>\n<h4><strong>Informaci\u00f3n pr\u00e1ctica<\/strong><\/h4>\n<p><strong>Monasterio de San Zoilo de Carri\u00f3n de Condes<\/strong><br \/>\nCalle del Obispo Souto Vizoso,<br \/>\n34120 \u2013 Carri\u00f3n de los Condes, Palencia<br \/>\nTelf.: +34 979 88 00 50<br \/>\n&nbsp;<\/p>\n<h3><strong>Claustro de la Catedral de Palencia<\/strong><\/h3>\n<p>La Catedral de Palencia es <strong>una de las m\u00e1s bellas catedrales g\u00f3ticas de Espa\u00f1a,<\/strong> pero por alg\u00fan motivo, ha quedado un tanto relegada. Por este motivo <strong>siempre ha sido llamada como <em>\u201dLa bella desconocida\u201d<\/em>.<\/strong><\/p>\n<figure id=\"attachment_17406\" aria-describedby=\"caption-attachment-17406\" style=\"width: 640px\" class=\"wp-caption aligncenter\"><img decoding=\"async\" src=\"https:\/\/destinocastillayleon.es\/index\/wp-content\/uploads\/2014\/12\/a48e59d2b8718b85aa442aac580b51ce.jpg\" alt=\"Catedral de San Antol\u00edn - Imagen de abc\" width=\"640\" height=\"362\" class=\"size-full wp-image-17406\" srcset=\"https:\/\/destinocastillayleon.es\/index\/wp-content\/uploads\/2014\/12\/a48e59d2b8718b85aa442aac580b51ce.jpg 640w, https:\/\/destinocastillayleon.es\/index\/wp-content\/uploads\/2014\/12\/a48e59d2b8718b85aa442aac580b51ce-300x169.jpg 300w\" sizes=\"(max-width: 640px) 100vw, 640px\" \/><figcaption id=\"caption-attachment-17406\" class=\"wp-caption-text\">Catedral de San Antol\u00edn &#8211; Imagen de abc<\/figcaption><\/figure>\n<p>Esta iglesia <strong>inicia su existencia como un templo pagano en \u00e9poca romano.<\/strong> Posteriormente se transform\u00f3 en un templo cristiano. De este templo no quedan vestigios, solo algunas referencias bibliogr\u00e1ficas. Con los visigodos, <strong>se construye un templo prerrom\u00e1nico del que tan solo queda la cripta de San Antol\u00edn,<\/strong> el patr\u00f3n de Palencia.<\/p>\n<p>Sobre esta cripta <strong>se construye la primera catedral rom\u00e1nica en 1219,<\/strong> aunque este templo ser\u00eda <strong>remplazado en 1321 por la construcci\u00f3n g\u00f3tica actual,<\/strong> que posee el claustro, que es obra de Juan de Ruesga, aunque lo finaliza el maestro arquitecto Juan Gil de Honta\u00f1\u00f3n en 1514.<\/p>\n<h4><strong>Informaci\u00f3n pr\u00e1ctica<\/strong><\/h4>\n<p><strong>Catedral de Palencia<\/strong><br \/>\nPlaza de la Inmaculada, s\/n<br \/>\n34005 \u2013 Palencia<br \/>\nTelf.: +34 979 70 13 47<br \/>\n&nbsp;<\/p>\n<h4><strong>Informaci\u00f3n pr\u00e1ctica de los conciertos de la Joven Orquesta de Viento de Lincolnshire<\/strong><\/h4>\n<p>La entrada <strong>es libre y gratuita; hasta completar el aforo. <\/strong><br \/>\nEl tiempo del concierto estimado es de <strong>algo m\u00e1s de dos horas.<\/strong><br \/>\n<strong>Se invita a toda la ciudadan\u00eda de las localidades que acogen este ciclo de conciertos de la Joven Orquesta de Viento de Lincolnshire y sus alrededores<\/strong> a asistir y vivir una velada musical que promete ser memorable. \u00a1No os lo perd\u00e1is en la localidad que mejor os venga!<\/p>\n<h4>Tambi\u00e9n te puede interesar<\/h4>\n<ul>\n<li><a href=\"https:\/\/destinocastillayleon.es\/index\/santervas-de-campos\/\">Santerv\u00e1s de Campos, qu\u00e9 ver en una escapada por Tierra de Campos<\/a>.<\/li>\n<li><a href=\"https:\/\/destinocastillayleon.es\/index\/concierto-benefico-de-gospel-de-aba-taano\/\">Concierto ben\u00e9fico de G\u00f3spel de Aba Taano, en favor de M\u00fasica para Salvar vidas<\/a>.<\/li>\n<li><a href=\"https:\/\/destinocastillayleon.es\/index\/consejos-para-el-camino-de-santiago\/\">Consejos para disfrutar en el Camino de Santiago<\/a>.<\/li>\n<\/ul>\n<p>&nbsp;<\/p>\n","protected":false},"excerpt":{"rendered":"<p>Ciclo de conciertos de la Joven Orquesta de Viento de Lincolnshire en lugares emblem\u00e1ticos del Camino de Santiago el fin de semana del 25 al 28 de julio de 2025.<\/p>\n","protected":false},"author":2,"featured_media":39345,"comment_status":"open","ping_status":"closed","sticky":false,"template":"","format":"standard","meta":{"rop_custom_images_group":[],"rop_custom_messages_group":[],"rop_publish_now":"initial","rop_publish_now_accounts":{"twitter_1150954226_1150954226":""},"rop_publish_now_history":[],"rop_publish_now_status":"pending","footnotes":""},"categories":[77,1343,4711,5511,4719,45],"tags":[219,5779],"class_list":["post-39338","post","type-post","status-publish","format-standard","has-post-thumbnail","hentry","category-actualidad-y-agenda-de-castilla-y-leon","category-agenda","category-leon-actualidad","category-no-rescatar-en-rrss","category-palencia-actualidad","category-provincias","tag-camino-de-santiago","tag-conciertos"],"yoast_head":"<!-- This site is optimized with the Yoast SEO Premium plugin v20.4 (Yoast SEO v27.4) - https:\/\/yoast.com\/product\/yoast-seo-premium-wordpress\/ -->\n<title>Conciertos de la Joven Orquesta de Viento de Lincolnshire 2025<\/title>\n<meta name=\"description\" content=\"Ciclo de conciertos de la Joven Orquesta de Viento de Lincolnshire en lugares emblem\u00e1ticos del Camino de Santiago desde el 25 de julio.\" \/>\n<meta name=\"robots\" content=\"index, follow, max-snippet:-1, max-image-preview:large, max-video-preview:-1\" \/>\n<link rel=\"canonical\" href=\"https:\/\/destinocastillayleon.es\/index\/joven-orquesta-de-viento-de-lincolnshire\/\" \/>\n<meta property=\"og:locale\" content=\"es_ES\" \/>\n<meta property=\"og:type\" content=\"article\" \/>\n<meta property=\"og:title\" content=\"Conciertos de la Joven Orquesta de Viento de Lincolnshire 2025 \u2013 Destino Castilla y Le\u00f3n\" \/>\n<meta property=\"og:description\" content=\"Ciclo de conciertos de la Joven Orquesta de Viento de Lincolnshire en lugares emblem\u00e1ticos del Camino de Santiago el fin de semana del 25 al 28 de julio de 2025.\" \/>\n<meta property=\"og:url\" content=\"https:\/\/destinocastillayleon.es\/index\/joven-orquesta-de-viento-de-lincolnshire\/\" \/>\n<meta property=\"og:site_name\" content=\"Destino Castilla y Le\u00f3n\" \/>\n<meta property=\"article:publisher\" content=\"https:\/\/www.facebook.com\/DestinoCastillaYLeon\/\" \/>\n<meta property=\"article:author\" content=\"https:\/\/www.facebook.com\/profile.php?id=1158416854\" \/>\n<meta property=\"article:published_time\" content=\"2025-07-21T11:51:59+00:00\" \/>\n<meta property=\"article:modified_time\" content=\"2025-07-21T12:02:56+00:00\" \/>\n<meta property=\"og:image\" content=\"https:\/\/destinocastillayleon.es\/index\/wp-content\/uploads\/2025\/07\/Concierto-de-la-Joven-Orquesta-de-Viento-de-Lincolnshire.jpg\" \/>\n\t<meta property=\"og:image:width\" content=\"1210\" \/>\n\t<meta property=\"og:image:height\" content=\"524\" \/>\n\t<meta property=\"og:image:type\" content=\"image\/jpeg\" \/>\n<meta name=\"author\" content=\"David V\u00e1zquez\" \/>\n<meta name=\"twitter:card\" content=\"summary_large_image\" \/>\n<meta name=\"twitter:title\" content=\"Conciertos de la Joven Orquesta de Viento de Lincolnshire 2025 \u2013 Destino Castilla y Le\u00f3n\" \/>\n<meta name=\"twitter:description\" content=\"Ciclo de conciertos de la Joven Orquesta de Viento de Lincolnshire en lugares emblem\u00e1ticos del Camino de Santiago el fin de semana del 25 al 28 de julio de 2025.\" \/>\n<meta name=\"twitter:creator\" content=\"@https:\/\/twitter.com\/ContePantaleone\u200e\" \/>\n<meta name=\"twitter:site\" content=\"@destinocyl\" \/>\n<meta name=\"twitter:label1\" content=\"Escrito por\" \/>\n\t<meta name=\"twitter:data1\" content=\"David V\u00e1zquez\" \/>\n\t<meta name=\"twitter:label2\" content=\"Tiempo de lectura\" \/>\n\t<meta name=\"twitter:data2\" content=\"8 minutos\" \/>\n<script type=\"application\/ld+json\" class=\"yoast-schema-graph\">{\"@context\":\"https:\\\/\\\/schema.org\",\"@graph\":[{\"@type\":\"Article\",\"@id\":\"https:\\\/\\\/destinocastillayleon.es\\\/index\\\/joven-orquesta-de-viento-de-lincolnshire\\\/#article\",\"isPartOf\":{\"@id\":\"https:\\\/\\\/destinocastillayleon.es\\\/index\\\/joven-orquesta-de-viento-de-lincolnshire\\\/\"},\"author\":{\"name\":\"David V\u00e1zquez\",\"@id\":\"https:\\\/\\\/destinocastillayleon.es\\\/index\\\/#\\\/schema\\\/person\\\/189221bc8f6cc4fa28b18ad5c289d4c2\"},\"headline\":\"Concierto de Joven Orquesta de Viento de Lincolnshire en el Camino de Santiago\",\"datePublished\":\"2025-07-21T11:51:59+00:00\",\"dateModified\":\"2025-07-21T12:02:56+00:00\",\"mainEntityOfPage\":{\"@id\":\"https:\\\/\\\/destinocastillayleon.es\\\/index\\\/joven-orquesta-de-viento-de-lincolnshire\\\/\"},\"wordCount\":1480,\"commentCount\":0,\"image\":{\"@id\":\"https:\\\/\\\/destinocastillayleon.es\\\/index\\\/joven-orquesta-de-viento-de-lincolnshire\\\/#primaryimage\"},\"thumbnailUrl\":\"https:\\\/\\\/destinocastillayleon.es\\\/index\\\/wp-content\\\/uploads\\\/2025\\\/07\\\/Concierto-de-la-Joven-Orquesta-de-Viento-de-Lincolnshire.jpg\",\"keywords\":[\"Camino de Santiago\",\"conciertos\"],\"articleSection\":[\"Actualidad\",\"Agenda\",\"Leon actualidad\",\"No rescatar en RRSS\",\"Palencia actualidad\",\"Provincias\"],\"inLanguage\":\"es\",\"potentialAction\":[{\"@type\":\"CommentAction\",\"name\":\"Comment\",\"target\":[\"https:\\\/\\\/destinocastillayleon.es\\\/index\\\/joven-orquesta-de-viento-de-lincolnshire\\\/#respond\"]}]},{\"@type\":\"WebPage\",\"@id\":\"https:\\\/\\\/destinocastillayleon.es\\\/index\\\/joven-orquesta-de-viento-de-lincolnshire\\\/\",\"url\":\"https:\\\/\\\/destinocastillayleon.es\\\/index\\\/joven-orquesta-de-viento-de-lincolnshire\\\/\",\"name\":\"Conciertos de la Joven Orquesta de Viento de Lincolnshire 2025\",\"isPartOf\":{\"@id\":\"https:\\\/\\\/destinocastillayleon.es\\\/index\\\/#website\"},\"primaryImageOfPage\":{\"@id\":\"https:\\\/\\\/destinocastillayleon.es\\\/index\\\/joven-orquesta-de-viento-de-lincolnshire\\\/#primaryimage\"},\"image\":{\"@id\":\"https:\\\/\\\/destinocastillayleon.es\\\/index\\\/joven-orquesta-de-viento-de-lincolnshire\\\/#primaryimage\"},\"thumbnailUrl\":\"https:\\\/\\\/destinocastillayleon.es\\\/index\\\/wp-content\\\/uploads\\\/2025\\\/07\\\/Concierto-de-la-Joven-Orquesta-de-Viento-de-Lincolnshire.jpg\",\"datePublished\":\"2025-07-21T11:51:59+00:00\",\"dateModified\":\"2025-07-21T12:02:56+00:00\",\"author\":{\"@id\":\"https:\\\/\\\/destinocastillayleon.es\\\/index\\\/#\\\/schema\\\/person\\\/189221bc8f6cc4fa28b18ad5c289d4c2\"},\"description\":\"Ciclo de conciertos de la Joven Orquesta de Viento de Lincolnshire en lugares emblem\u00e1ticos del Camino de Santiago desde el 25 de julio.\",\"breadcrumb\":{\"@id\":\"https:\\\/\\\/destinocastillayleon.es\\\/index\\\/joven-orquesta-de-viento-de-lincolnshire\\\/#breadcrumb\"},\"inLanguage\":\"es\",\"potentialAction\":[{\"@type\":\"ReadAction\",\"target\":[\"https:\\\/\\\/destinocastillayleon.es\\\/index\\\/joven-orquesta-de-viento-de-lincolnshire\\\/\"]}]},{\"@type\":\"ImageObject\",\"inLanguage\":\"es\",\"@id\":\"https:\\\/\\\/destinocastillayleon.es\\\/index\\\/joven-orquesta-de-viento-de-lincolnshire\\\/#primaryimage\",\"url\":\"https:\\\/\\\/destinocastillayleon.es\\\/index\\\/wp-content\\\/uploads\\\/2025\\\/07\\\/Concierto-de-la-Joven-Orquesta-de-Viento-de-Lincolnshire.jpg\",\"contentUrl\":\"https:\\\/\\\/destinocastillayleon.es\\\/index\\\/wp-content\\\/uploads\\\/2025\\\/07\\\/Concierto-de-la-Joven-Orquesta-de-Viento-de-Lincolnshire.jpg\",\"width\":1210,\"height\":524,\"caption\":\"Concierto de la Joven Orquesta de Viento de Lincolnshire\"},{\"@type\":\"BreadcrumbList\",\"@id\":\"https:\\\/\\\/destinocastillayleon.es\\\/index\\\/joven-orquesta-de-viento-de-lincolnshire\\\/#breadcrumb\",\"itemListElement\":[{\"@type\":\"ListItem\",\"position\":1,\"name\":\"Portada\",\"item\":\"https:\\\/\\\/destinocastillayleon.es\\\/index\\\/\"},{\"@type\":\"ListItem\",\"position\":2,\"name\":\"Concierto de Joven Orquesta de Viento de Lincolnshire en el Camino de Santiago\"}]},{\"@type\":\"WebSite\",\"@id\":\"https:\\\/\\\/destinocastillayleon.es\\\/index\\\/#website\",\"url\":\"https:\\\/\\\/destinocastillayleon.es\\\/index\\\/\",\"name\":\"Destino Castilla y Le\u00f3n\",\"description\":\"Medio digital independiente y revista de Castilla y Le\u00f3n dedicado al turismo, gastronom\u00eda y vino de Castilla y Le\u00f3n\",\"potentialAction\":[{\"@type\":\"SearchAction\",\"target\":{\"@type\":\"EntryPoint\",\"urlTemplate\":\"https:\\\/\\\/destinocastillayleon.es\\\/index\\\/?s={search_term_string}\"},\"query-input\":{\"@type\":\"PropertyValueSpecification\",\"valueRequired\":true,\"valueName\":\"search_term_string\"}}],\"inLanguage\":\"es\"},{\"@type\":\"Person\",\"@id\":\"https:\\\/\\\/destinocastillayleon.es\\\/index\\\/#\\\/schema\\\/person\\\/189221bc8f6cc4fa28b18ad5c289d4c2\",\"name\":\"David V\u00e1zquez\",\"image\":{\"@type\":\"ImageObject\",\"inLanguage\":\"es\",\"@id\":\"https:\\\/\\\/secure.gravatar.com\\\/avatar\\\/cd12db6c575a90c3b75cfa0f794b74d425201c768612fad17e9f13cd33d48be8?s=96&d=mm&r=g\",\"url\":\"https:\\\/\\\/secure.gravatar.com\\\/avatar\\\/cd12db6c575a90c3b75cfa0f794b74d425201c768612fad17e9f13cd33d48be8?s=96&d=mm&r=g\",\"contentUrl\":\"https:\\\/\\\/secure.gravatar.com\\\/avatar\\\/cd12db6c575a90c3b75cfa0f794b74d425201c768612fad17e9f13cd33d48be8?s=96&d=mm&r=g\",\"caption\":\"David V\u00e1zquez\"},\"description\":\"Ingeniero Industrial de vocaci\u00f3n y profesi\u00f3n, he encontrado en los blogs la forma de plasmar mi pasi\u00f3n por los viajes, la gastronom\u00eda y los vinos. Especialmente los procedentes de Castilla y Le\u00f3n\",\"sameAs\":[\"https:\\\/\\\/www.destinocastillayleon.es\",\"https:\\\/\\\/www.facebook.com\\\/profile.php?id=1158416854\",\"https:\\\/\\\/instagram.com\\\/conte.pantaleone\",\"https:\\\/\\\/www.linkedin.com\\\/pub\\\/david-vazquez-lozano\\\/37\\\/17a\\\/25a\",\"https:\\\/\\\/x.com\\\/https:\\\/\\\/twitter.com\\\/ContePantaleone\u200e\"],\"url\":\"https:\\\/\\\/destinocastillayleon.es\\\/index\\\/author\\\/coadministradorcyl\\\/\"}]}<\/script>\n<!-- \/ Yoast SEO Premium plugin. -->","yoast_head_json":{"title":"Conciertos de la Joven Orquesta de Viento de Lincolnshire 2025","description":"Ciclo de conciertos de la Joven Orquesta de Viento de Lincolnshire en lugares emblem\u00e1ticos del Camino de Santiago desde el 25 de julio.","robots":{"index":"index","follow":"follow","max-snippet":"max-snippet:-1","max-image-preview":"max-image-preview:large","max-video-preview":"max-video-preview:-1"},"canonical":"https:\/\/destinocastillayleon.es\/index\/joven-orquesta-de-viento-de-lincolnshire\/","og_locale":"es_ES","og_type":"article","og_title":"Conciertos de la Joven Orquesta de Viento de Lincolnshire 2025 \u2013 Destino Castilla y Le\u00f3n","og_description":"Ciclo de conciertos de la Joven Orquesta de Viento de Lincolnshire en lugares emblem\u00e1ticos del Camino de Santiago el fin de semana del 25 al 28 de julio de 2025.","og_url":"https:\/\/destinocastillayleon.es\/index\/joven-orquesta-de-viento-de-lincolnshire\/","og_site_name":"Destino Castilla y Le\u00f3n","article_publisher":"https:\/\/www.facebook.com\/DestinoCastillaYLeon\/","article_author":"https:\/\/www.facebook.com\/profile.php?id=1158416854","article_published_time":"2025-07-21T11:51:59+00:00","article_modified_time":"2025-07-21T12:02:56+00:00","og_image":[{"width":1210,"height":524,"url":"https:\/\/destinocastillayleon.es\/index\/wp-content\/uploads\/2025\/07\/Concierto-de-la-Joven-Orquesta-de-Viento-de-Lincolnshire.jpg","type":"image\/jpeg"}],"author":"David V\u00e1zquez","twitter_card":"summary_large_image","twitter_title":"Conciertos de la Joven Orquesta de Viento de Lincolnshire 2025 \u2013 Destino Castilla y Le\u00f3n","twitter_description":"Ciclo de conciertos de la Joven Orquesta de Viento de Lincolnshire en lugares emblem\u00e1ticos del Camino de Santiago el fin de semana del 25 al 28 de julio de 2025.","twitter_creator":"@https:\/\/twitter.com\/ContePantaleone\u200e","twitter_site":"@destinocyl","twitter_misc":{"Escrito por":"David V\u00e1zquez","Tiempo de lectura":"8 minutos"},"schema":{"@context":"https:\/\/schema.org","@graph":[{"@type":"Article","@id":"https:\/\/destinocastillayleon.es\/index\/joven-orquesta-de-viento-de-lincolnshire\/#article","isPartOf":{"@id":"https:\/\/destinocastillayleon.es\/index\/joven-orquesta-de-viento-de-lincolnshire\/"},"author":{"name":"David V\u00e1zquez","@id":"https:\/\/destinocastillayleon.es\/index\/#\/schema\/person\/189221bc8f6cc4fa28b18ad5c289d4c2"},"headline":"Concierto de Joven Orquesta de Viento de Lincolnshire en el Camino de Santiago","datePublished":"2025-07-21T11:51:59+00:00","dateModified":"2025-07-21T12:02:56+00:00","mainEntityOfPage":{"@id":"https:\/\/destinocastillayleon.es\/index\/joven-orquesta-de-viento-de-lincolnshire\/"},"wordCount":1480,"commentCount":0,"image":{"@id":"https:\/\/destinocastillayleon.es\/index\/joven-orquesta-de-viento-de-lincolnshire\/#primaryimage"},"thumbnailUrl":"https:\/\/destinocastillayleon.es\/index\/wp-content\/uploads\/2025\/07\/Concierto-de-la-Joven-Orquesta-de-Viento-de-Lincolnshire.jpg","keywords":["Camino de Santiago","conciertos"],"articleSection":["Actualidad","Agenda","Leon actualidad","No rescatar en RRSS","Palencia actualidad","Provincias"],"inLanguage":"es","potentialAction":[{"@type":"CommentAction","name":"Comment","target":["https:\/\/destinocastillayleon.es\/index\/joven-orquesta-de-viento-de-lincolnshire\/#respond"]}]},{"@type":"WebPage","@id":"https:\/\/destinocastillayleon.es\/index\/joven-orquesta-de-viento-de-lincolnshire\/","url":"https:\/\/destinocastillayleon.es\/index\/joven-orquesta-de-viento-de-lincolnshire\/","name":"Conciertos de la Joven Orquesta de Viento de Lincolnshire 2025","isPartOf":{"@id":"https:\/\/destinocastillayleon.es\/index\/#website"},"primaryImageOfPage":{"@id":"https:\/\/destinocastillayleon.es\/index\/joven-orquesta-de-viento-de-lincolnshire\/#primaryimage"},"image":{"@id":"https:\/\/destinocastillayleon.es\/index\/joven-orquesta-de-viento-de-lincolnshire\/#primaryimage"},"thumbnailUrl":"https:\/\/destinocastillayleon.es\/index\/wp-content\/uploads\/2025\/07\/Concierto-de-la-Joven-Orquesta-de-Viento-de-Lincolnshire.jpg","datePublished":"2025-07-21T11:51:59+00:00","dateModified":"2025-07-21T12:02:56+00:00","author":{"@id":"https:\/\/destinocastillayleon.es\/index\/#\/schema\/person\/189221bc8f6cc4fa28b18ad5c289d4c2"},"description":"Ciclo de conciertos de la Joven Orquesta de Viento de Lincolnshire en lugares emblem\u00e1ticos del Camino de Santiago desde el 25 de julio.","breadcrumb":{"@id":"https:\/\/destinocastillayleon.es\/index\/joven-orquesta-de-viento-de-lincolnshire\/#breadcrumb"},"inLanguage":"es","potentialAction":[{"@type":"ReadAction","target":["https:\/\/destinocastillayleon.es\/index\/joven-orquesta-de-viento-de-lincolnshire\/"]}]},{"@type":"ImageObject","inLanguage":"es","@id":"https:\/\/destinocastillayleon.es\/index\/joven-orquesta-de-viento-de-lincolnshire\/#primaryimage","url":"https:\/\/destinocastillayleon.es\/index\/wp-content\/uploads\/2025\/07\/Concierto-de-la-Joven-Orquesta-de-Viento-de-Lincolnshire.jpg","contentUrl":"https:\/\/destinocastillayleon.es\/index\/wp-content\/uploads\/2025\/07\/Concierto-de-la-Joven-Orquesta-de-Viento-de-Lincolnshire.jpg","width":1210,"height":524,"caption":"Concierto de la Joven Orquesta de Viento de Lincolnshire"},{"@type":"BreadcrumbList","@id":"https:\/\/destinocastillayleon.es\/index\/joven-orquesta-de-viento-de-lincolnshire\/#breadcrumb","itemListElement":[{"@type":"ListItem","position":1,"name":"Portada","item":"https:\/\/destinocastillayleon.es\/index\/"},{"@type":"ListItem","position":2,"name":"Concierto de Joven Orquesta de Viento de Lincolnshire en el Camino de Santiago"}]},{"@type":"WebSite","@id":"https:\/\/destinocastillayleon.es\/index\/#website","url":"https:\/\/destinocastillayleon.es\/index\/","name":"Destino Castilla y Le\u00f3n","description":"Medio digital independiente y revista de Castilla y Le\u00f3n dedicado al turismo, gastronom\u00eda y vino de Castilla y Le\u00f3n","potentialAction":[{"@type":"SearchAction","target":{"@type":"EntryPoint","urlTemplate":"https:\/\/destinocastillayleon.es\/index\/?s={search_term_string}"},"query-input":{"@type":"PropertyValueSpecification","valueRequired":true,"valueName":"search_term_string"}}],"inLanguage":"es"},{"@type":"Person","@id":"https:\/\/destinocastillayleon.es\/index\/#\/schema\/person\/189221bc8f6cc4fa28b18ad5c289d4c2","name":"David V\u00e1zquez","image":{"@type":"ImageObject","inLanguage":"es","@id":"https:\/\/secure.gravatar.com\/avatar\/cd12db6c575a90c3b75cfa0f794b74d425201c768612fad17e9f13cd33d48be8?s=96&d=mm&r=g","url":"https:\/\/secure.gravatar.com\/avatar\/cd12db6c575a90c3b75cfa0f794b74d425201c768612fad17e9f13cd33d48be8?s=96&d=mm&r=g","contentUrl":"https:\/\/secure.gravatar.com\/avatar\/cd12db6c575a90c3b75cfa0f794b74d425201c768612fad17e9f13cd33d48be8?s=96&d=mm&r=g","caption":"David V\u00e1zquez"},"description":"Ingeniero Industrial de vocaci\u00f3n y profesi\u00f3n, he encontrado en los blogs la forma de plasmar mi pasi\u00f3n por los viajes, la gastronom\u00eda y los vinos. Especialmente los procedentes de Castilla y Le\u00f3n","sameAs":["https:\/\/www.destinocastillayleon.es","https:\/\/www.facebook.com\/profile.php?id=1158416854","https:\/\/instagram.com\/conte.pantaleone","https:\/\/www.linkedin.com\/pub\/david-vazquez-lozano\/37\/17a\/25a","https:\/\/x.com\/https:\/\/twitter.com\/ContePantaleone\u200e"],"url":"https:\/\/destinocastillayleon.es\/index\/author\/coadministradorcyl\/"}]}},"_links":{"self":[{"href":"https:\/\/destinocastillayleon.es\/index\/wp-json\/wp\/v2\/posts\/39338","targetHints":{"allow":["GET"]}}],"collection":[{"href":"https:\/\/destinocastillayleon.es\/index\/wp-json\/wp\/v2\/posts"}],"about":[{"href":"https:\/\/destinocastillayleon.es\/index\/wp-json\/wp\/v2\/types\/post"}],"author":[{"embeddable":true,"href":"https:\/\/destinocastillayleon.es\/index\/wp-json\/wp\/v2\/users\/2"}],"replies":[{"embeddable":true,"href":"https:\/\/destinocastillayleon.es\/index\/wp-json\/wp\/v2\/comments?post=39338"}],"version-history":[{"count":11,"href":"https:\/\/destinocastillayleon.es\/index\/wp-json\/wp\/v2\/posts\/39338\/revisions"}],"predecessor-version":[{"id":39359,"href":"https:\/\/destinocastillayleon.es\/index\/wp-json\/wp\/v2\/posts\/39338\/revisions\/39359"}],"wp:featuredmedia":[{"embeddable":true,"href":"https:\/\/destinocastillayleon.es\/index\/wp-json\/wp\/v2\/media\/39345"}],"wp:attachment":[{"href":"https:\/\/destinocastillayleon.es\/index\/wp-json\/wp\/v2\/media?parent=39338"}],"wp:term":[{"taxonomy":"category","embeddable":true,"href":"https:\/\/destinocastillayleon.es\/index\/wp-json\/wp\/v2\/categories?post=39338"},{"taxonomy":"post_tag","embeddable":true,"href":"https:\/\/destinocastillayleon.es\/index\/wp-json\/wp\/v2\/tags?post=39338"}],"curies":[{"name":"wp","href":"https:\/\/api.w.org\/{rel}","templated":true}]}}