{"id":39036,"date":"2025-05-23T07:25:48","date_gmt":"2025-05-23T05:25:48","guid":{"rendered":"https:\/\/destinocastillayleon.es\/index\/?p=39036"},"modified":"2025-05-27T13:15:16","modified_gmt":"2025-05-27T11:15:16","slug":"iii-festival-internacional-de-narracion-oral-memoria-tierra-y-voz","status":"publish","type":"post","link":"https:\/\/destinocastillayleon.es\/index\/iii-festival-internacional-de-narracion-oral-memoria-tierra-y-voz\/","title":{"rendered":"III Festival Internacional de Narraci\u00f3n Oral, Memoria, Tierra y Voz"},"content":{"rendered":"<p>La cultura es universal y no se queda \u00fanica y exclusivamente en las grandes ciudades. <strong>Siempre estar\u00e1 con aquellos que la quieran cultivar y dar a conocer.<\/strong> Uno de estos ejemplos lo encontramos en <strong>esta iniciativa, que en 2025 alcanza su tercera edici\u00f3n; Es el Festival Internacional de Narraci\u00f3n Oral, Memoria, Tierra y Voz;<\/strong> un encuentro en San Miguel del Pino, Valladolid donde homenajear a la palabra.<\/p>\n<h3><strong>\u00cdndice de contenidos<\/strong><\/h3>\n<ul>\n<li><a href=\"#Calendario\">Calendario y horario de las actividades principales<\/a>.<\/li>\n<li><a href=\"#Complementarias\">Actividades complementarias<\/a>.<\/li>\n<li><a href=\"#Talleres\">Talleres culturales<\/a>.<\/li>\n<li><a href=\"#Posteriores\">Actividades posteriores al festival<\/a>.<\/li>\n<li><a href=\"#Entradas\">Entradas y abonos<\/a>.<\/li>\n<li><a href=\"#San-Miguel\">Conoce San Miguel del Pino<\/a>.<\/li>\n<\/ul>\n<p>Esperamos que este \u00edndice te ayude y <strong>te anime a visitar en San Miguel del Pino<\/strong> este III Festival Internacional de Narraci\u00f3n Oral, Memoria, Tierra y Voz.<br \/>\n&nbsp;<\/p>\n<h3><strong>Origen de la iniciativa<\/strong><\/h3>\n<p><strong>Los relatos, los cuentos, las narraciones\u2026 nos acompa\u00f1an desde el principio de los tiempos;<\/strong> es parte de nuestra esencia. Son historias que se vuelven nuevas cada vez que un narrador las trae de nuevo, las comparte y crean versiones en aquel que las escucha.<\/p>\n<figure id=\"attachment_38792\" aria-describedby=\"caption-attachment-38792\" style=\"width: 580px\" class=\"wp-caption aligncenter\"><img decoding=\"async\" src=\"https:\/\/destinocastillayleon.es\/index\/wp-content\/uploads\/2024\/07\/San-Miguel-del-Pino.jpg\" alt=\"San Miguel del Pino\" width=\"580\" class=\"size-full wp-image-38792\" srcset=\"https:\/\/destinocastillayleon.es\/index\/wp-content\/uploads\/2024\/07\/San-Miguel-del-Pino.jpg 1208w, https:\/\/destinocastillayleon.es\/index\/wp-content\/uploads\/2024\/07\/San-Miguel-del-Pino-300x150.jpg 300w, https:\/\/destinocastillayleon.es\/index\/wp-content\/uploads\/2024\/07\/San-Miguel-del-Pino-1024x510.jpg 1024w, https:\/\/destinocastillayleon.es\/index\/wp-content\/uploads\/2024\/07\/San-Miguel-del-Pino-768x383.jpg 768w\" sizes=\"(max-width: 1208px) 100vw, 1208px\" \/><figcaption id=\"caption-attachment-38792\" class=\"wp-caption-text\">San Miguel del Pino<\/figcaption><\/figure>\n<blockquote><p>Transformar lo cotidiano en una nueva historia es la magia del relato.<\/p><\/blockquote>\n<h2><strong>III Festival Internacional de Narraci\u00f3n Oral, Memoria, Tierra y Voz<\/strong><\/h2>\n<p>En este III Festival Internacional de Narraci\u00f3n Oral, Memoria, Tierra y Voz, <strong>diversas actividades y talleres a lo largo del fin de semana del 6, 7 y 8 junio de 2025,<\/strong> homenajear\u00e1n a la palabra, la voz y la tradici\u00f3n.<\/p>\n<p><figure id=\"attachment_39059\" aria-describedby=\"caption-attachment-39059\" style=\"width: 338px\" class=\"wp-caption aligncenter\"><img decoding=\"async\" src=\"https:\/\/destinocastillayleon.es\/index\/wp-content\/uploads\/2025\/05\/Cartel-del-III-Festival-de-Narracion-Oral-de-San-Miguel-del-Pino.jpg\" alt=\"Cartel del III Festival de Narraci\u00f3n Oral de San Miguel del Pino\" width=\"338\" height=\"480\" class=\"size-full wp-image-39059\" srcset=\"https:\/\/destinocastillayleon.es\/index\/wp-content\/uploads\/2025\/05\/Cartel-del-III-Festival-de-Narracion-Oral-de-San-Miguel-del-Pino.jpg 338w, https:\/\/destinocastillayleon.es\/index\/wp-content\/uploads\/2025\/05\/Cartel-del-III-Festival-de-Narracion-Oral-de-San-Miguel-del-Pino-211x300.jpg 211w\" sizes=\"(max-width: 338px) 100vw, 338px\" \/><figcaption id=\"caption-attachment-39059\" class=\"wp-caption-text\">Cartel del III Festival de Narraci\u00f3n Oral de San Miguel del Pino<\/figcaption><\/figure><a name=\"Calendario\"><\/a> <\/p>\n<p>A lo largo de <strong>estos tres d\u00edas se desarrollan diversas actividades en el Sal\u00f3n multiusos<\/strong> de San Miguel del Pino:<\/p>\n<h3><strong>Programaci\u00f3n de actividades principales<\/strong><\/h3>\n<p><strong>Viernes, 6 de junio<\/strong><\/p>\n<ul>\n<strong>20:00 horas: <\/strong> QUICO CADAVAL. \u201cVacas, guerras, cerdos y curas\u201d.<br \/>\n<strong>22:00 horas:<\/strong> MARTHA ESCUDERO. \u201cCuando te hablen de amor\u201d.<br \/>\n<strong>23:30 horas:<\/strong> EL TR\u00cdO CARACOL \u201cEn amor a dos\u201d.\n<\/ul>\n<p><strong>S\u00e1bado, 7 de junio<\/strong><\/p>\n<ul>\n<strong>12:00 horas:<\/strong> ITINERARIO HIST\u00d3RICO MUSICALIZADO POR SAN MIGUEL DEL PINO.<br \/>\n<strong>16:30 horas:<\/strong> ITINERARIO HIST\u00d3RICO MUSICALIZADO POR SAN MIGUEL DEL PINO.<br \/>\n<strong>18:00 horas:<\/strong> MAGDA LABARGA. \u201cKAMISHIBAI. Cuentos de Jap\u00f3n\u201d.<br \/>\n<strong>20:00 horas:<\/strong> MAISA SALLY &#8211; ANNA PERK. \u201cAlgo funcional\u201d.<br \/>\n<strong>22:00 horas:<\/strong> JORGE SANTOS. \u201cTodos locos\u201d.\n<\/ul>\n<p><strong>Domingo, 8 de junio<\/strong><\/p>\n<ul>\n<strong>17:30 horas:<\/strong> EUGENIA MANZANERA. \u201cCon la cabeza en las nubes\u201d<br \/>\n<strong> 19:30 horas:<\/strong> MAGDA LABARGA. \u201cEn medio de la vida\u201d<br \/>\n<strong>21:00 horas:<\/strong> CONTADA COLECTIVA. <a name=\"Complementarias\"><\/a>\n<\/ul>\n<figure id=\"attachment_39066\" aria-describedby=\"caption-attachment-39066\" style=\"width: 640px\" class=\"wp-caption aligncenter\"><img decoding=\"async\" src=\"https:\/\/destinocastillayleon.es\/index\/wp-content\/uploads\/2025\/05\/Representacion-en-el-Salon-Multiusos-de-San-Miguel-del-Pino-Imagen-del-Ayto.-de-San-Miguel.jpg\" alt=\"Representaci\u00f3n en el Sal\u00f3n Multiusos de San Miguel del Pino - Imagen del Ayto. de San Miguel\" width=\"640\" height=\"360\" class=\"size-full wp-image-39066\" srcset=\"https:\/\/destinocastillayleon.es\/index\/wp-content\/uploads\/2025\/05\/Representacion-en-el-Salon-Multiusos-de-San-Miguel-del-Pino-Imagen-del-Ayto.-de-San-Miguel.jpg 640w, https:\/\/destinocastillayleon.es\/index\/wp-content\/uploads\/2025\/05\/Representacion-en-el-Salon-Multiusos-de-San-Miguel-del-Pino-Imagen-del-Ayto.-de-San-Miguel-300x169.jpg 300w\" sizes=\"(max-width: 640px) 100vw, 640px\" \/><figcaption id=\"caption-attachment-39066\" class=\"wp-caption-text\">Representaci\u00f3n en el Sal\u00f3n Multiusos de San Miguel del Pino &#8211; Imagen del Ayto. de San Miguel<\/figcaption><\/figure>\n<p>Puedes descargarte la programaci\u00f3n de este III Festival Internacional de Narraci\u00f3n Oral, Memoria, Tierra y Voz, en <a href=\"https:\/\/drive.google.com\/file\/d\/11T_a0H8zhVK52D-G8Yrz3RdONFt16CyP\/view?usp=sharing\" target=\"_Blank\" rel=\"noopener\"><strong>este enlace<\/strong><\/a>.<br \/>\n&nbsp;<\/p>\n<h3><strong>Actividades complementarias<\/strong><\/h3>\n<p>Pero adicionalmente a los espect\u00e1culos, como pod\u00e9is ver en el horario de actividades de este III Festival de Internacional de Narraci\u00f3n Oral, <strong>habr\u00e1 otra serie de actividades que completan<\/strong> la oferta cultural de este certamen.<\/p>\n<blockquote><p>Algunas actividades, como las visitas musicalizadas, las pod\u00e9is conocer con m\u00e1s detalle en nuestro medio. Muy recomendables.<\/p><\/blockquote>\n<h4><strong>Visita musicalizada a San Miguel del Pino<\/strong><\/h4>\n<p>No te puedes perder esta actividad, <strong>est\u00e1 programada para el s\u00e1bado 7 de junio, tanto por la ma\u00f1ana como por la tarde,<\/strong> tienes la oportunidad de descubrir el municipio de San Miguel del Pino, un hist\u00f3rico pueblo entre las orillas del r\u00edo Duero y los Montes Torozos.<\/p>\n<p><center><iframe width=\"560\" height=\"315\" src=\"https:\/\/www.youtube.com\/embed\/_0MuG56rY3w?si=efMHWLQZTKg0zZq5\" title=\"YouTube video player\" frameborder=\"0\" allow=\"accelerometer; autoplay; clipboard-write; encrypted-media; gyroscope; picture-in-picture; web-share\" referrerpolicy=\"strict-origin-when-cross-origin\" allowfullscreen><\/iframe><\/center><\/p>\n<p>Su estrat\u00e9gica posici\u00f3n hizo que <strong>tuviera un interesant\u00edsimo patrimonio cultural y natural, especialmente durante la baja edad media,<\/strong> cuando esta localidad estuvo bajo mando directo de dos mujeres que cambiaron la historia de Castilla y Le\u00f3n.<\/p>\n<blockquote><p>Destacan como se\u00f1ores de la villa la Orden de los Caballeros de San Juan, aunque su mayor importancia fue tanto con Do\u00f1a Leonor de Guzm\u00e1n, madre de la dinast\u00eda Trast\u00e1mara; como por la propia reina Do\u00f1a Isabel la Cat\u00f3lica, que fueron se\u00f1oras propietarias.<\/p><\/blockquote>\n<figure id=\"attachment_37039\" aria-describedby=\"caption-attachment-37039\" style=\"width: 311px\" class=\"wp-caption aligncenter\"><img decoding=\"async\" src=\"https:\/\/destinocastillayleon.es\/index\/wp-content\/uploads\/2023\/06\/Ageda-y-Manoli-caracterizadas-como-Leonor-de-Guzman-e-Ysabel-la-Catolica-Destino-Castilla-y-Leon.jpg\" alt=\"\u00c1gueda y Manoli caracterizadas como Leonor de Guzm\u00e1n e Ysabel la Cat\u00f3lica - Destino Castilla y Le\u00f3n\" width=\"311\" height=\"520\" class=\"size-full wp-image-37039\" srcset=\"https:\/\/destinocastillayleon.es\/index\/wp-content\/uploads\/2023\/06\/Ageda-y-Manoli-caracterizadas-como-Leonor-de-Guzman-e-Ysabel-la-Catolica-Destino-Castilla-y-Leon.jpg 311w, https:\/\/destinocastillayleon.es\/index\/wp-content\/uploads\/2023\/06\/Ageda-y-Manoli-caracterizadas-como-Leonor-de-Guzman-e-Ysabel-la-Catolica-Destino-Castilla-y-Leon-179x300.jpg 179w\" sizes=\"(max-width: 311px) 100vw, 311px\" \/><figcaption id=\"caption-attachment-37039\" class=\"wp-caption-text\">\u00c1gueda y Manoli caracterizadas como Leonor de Guzm\u00e1n e Ysabel la Cat\u00f3lica &#8211; Destino Castilla y Le\u00f3n<\/figcaption><\/figure>\n<p>Desde la Oficina de Turismo, <strong>en colaboraci\u00f3n con Manoli Carreras y \u00c1gueda Sastre, violinista del grupo folk \u201cAlicornio\u201d explican y deleitan esta visita guiada \u00fanica,<\/strong> amenizada con piezas musicales interpretadas en directo.<\/p>\n<p><strong>Actividad gratuita.<\/strong> Comienza en la Plaza de San Miguel del Pino, bajo el arco campanel. Duraci\u00f3n aproximada de 80 minutos.<br \/>\n&nbsp;<\/p>\n<h4><strong>\u201cContada colectiva\u201d<\/strong><\/h4>\n<p><strong>La \u00faltima actividad de este festival ser\u00e1 esta sesi\u00f3n, en el escenario del Sal\u00f3n de actos de San Miguel del Pino.<\/strong> A \u00e9l, subir\u00e1n el <strong>domingo 8 de junio, a las 21:00 horas,<\/strong> algunos de los profesionales que participan en este Festival, a modo de despedida.<\/p>\n<figure id=\"attachment_39067\" aria-describedby=\"caption-attachment-39067\" style=\"width: 640px\" class=\"wp-caption aligncenter\"><img decoding=\"async\" src=\"https:\/\/destinocastillayleon.es\/index\/wp-content\/uploads\/2025\/05\/Escenario-del-Salon-Multiusos-de-San-Miguel-del-Pino-Imagen-del-Ayto.-de-San-Miguel-1.jpg\" alt=\"Escenario del Sal\u00f3n Multiusos de San Miguel del Pino - Imagen del Ayto. de San Miguel\" width=\"640\" height=\"360\" class=\"size-full wp-image-39067\" srcset=\"https:\/\/destinocastillayleon.es\/index\/wp-content\/uploads\/2025\/05\/Escenario-del-Salon-Multiusos-de-San-Miguel-del-Pino-Imagen-del-Ayto.-de-San-Miguel-1.jpg 640w, https:\/\/destinocastillayleon.es\/index\/wp-content\/uploads\/2025\/05\/Escenario-del-Salon-Multiusos-de-San-Miguel-del-Pino-Imagen-del-Ayto.-de-San-Miguel-1-300x169.jpg 300w\" sizes=\"(max-width: 640px) 100vw, 640px\" \/><figcaption id=\"caption-attachment-39067\" class=\"wp-caption-text\">Escenario del Sal\u00f3n Multiusos de San Miguel del Pino &#8211; Imagen del Ayto. de San Miguel<\/figcaption><\/figure>\n<p>Sobre el escenario <strong>compartir\u00e1n peque\u00f1as historias y cuentos,<\/strong> al tiempo que invitar\u00e1n a los participantes del taller \u201cLo que cuentan los objetos\u201d a exponer sus relatos. <a name=\"Talleres\"><\/a><\/p>\n<h3><strong>Talleres culturales<\/strong><\/h3>\n<h4><strong>\u201cT\u00edteres y Cuentos Musicales\u201d \u00a1Crea, Juega y Canta!<\/strong><\/h4>\n<p>En este festival <strong>hay sitio para todos, incluidos los m\u00e1s peque\u00f1os. As\u00ed el s\u00e1bado 7 y el domingo 8 de junio; de 11:30 a 13:30 horas,<\/strong> habr\u00e1 este taller de \u201cT\u00edteres y Cuentos Musicales\u201d \u00a1Crea, Juega y Canta!<\/p>\n<p>Una aventura <strong>llena de imaginaci\u00f3n, ritmo y diversi\u00f3n;<\/strong> dedicada especialmente para los m\u00e1s peque\u00f1os, donde se convertir\u00e1n en verdaderos artistas al crear sus propios t\u00edteres con materiales sencillos y coloridos. <\/p>\n<p>Despu\u00e9s, <strong>los personajes creados cobrar\u00e1n vida a trav\u00e9s de la m\u00fasica, los sonidos y el juego teatral.<\/strong> Durante la actividad: <\/p>\n<ul>\n<li>Dise\u00f1ar\u00e1n y crear\u00e1n sus propios t\u00edteres personalizados.<\/li>\n<li>Participar\u00e1n en la construcci\u00f3n colectiva de una historia.<\/li>\n<li>Aprender\u00e1n a usar la voz, el ritmo y peque\u00f1os instrumentos para acompa\u00f1ar el cuento con m\u00fasica.<\/li>\n<\/ul>\n<p><strong>Una experiencia l\u00fadica<\/strong> que estimula la creatividad, la expresi\u00f3n art\u00edstica y el trabajo en equipo. \u00a1Ideal para desarrollar la imaginaci\u00f3n mientras jugamos con arte y melod\u00eda!<\/p>\n<h4><strong>\u201cLo que cuentan los objetos\u201d<\/strong><\/h4>\n<p>De <strong>la juglaresa Eugenia Manzanera<\/strong> llega este taller \u201cLo que cuentan los objetos\u201d, una actividad que busca sacar de los objetos cotidianos una historia; su historia.<\/p>\n<figure id=\"attachment_39068\" aria-describedby=\"caption-attachment-39068\" style=\"width: 640px\" class=\"wp-caption aligncenter\"><img decoding=\"async\" src=\"https:\/\/destinocastillayleon.es\/index\/wp-content\/uploads\/2025\/05\/Salon-Multiusos-de-San-Miguel-del-Pino-Imagen-del-Ayto.-de-San-Miguel-1.jpg\" alt=\"Sal\u00f3n Multiusos de San Miguel del Pino - Imagen del Ayto. de San Miguel\" width=\"640\" height=\"360\" class=\"size-full wp-image-39068\" srcset=\"https:\/\/destinocastillayleon.es\/index\/wp-content\/uploads\/2025\/05\/Salon-Multiusos-de-San-Miguel-del-Pino-Imagen-del-Ayto.-de-San-Miguel-1.jpg 640w, https:\/\/destinocastillayleon.es\/index\/wp-content\/uploads\/2025\/05\/Salon-Multiusos-de-San-Miguel-del-Pino-Imagen-del-Ayto.-de-San-Miguel-1-300x169.jpg 300w\" sizes=\"(max-width: 640px) 100vw, 640px\" \/><figcaption id=\"caption-attachment-39068\" class=\"wp-caption-text\">Sal\u00f3n Multiusos de San Miguel del Pino &#8211; Imagen del Ayto. de San Miguel<\/figcaption><\/figure>\n<p>Cada participante <strong>con su propio <em>cachivache<\/em> tratar\u00e1 de recrear esa historia oculta, que puede ser real o bien inventada, o ambas cosas,..<\/strong> que con un poco de \u201crealismo m\u00e1gico\u201d se transforma en un relato personal y propio.<\/p>\n<p>Una historia incre\u00edble sin dudarlo, en la que Eugenia te echar\u00e1 una mano como narradora. No te lo puedes perder. <strong>Tienes dos sesiones; el s\u00e1bado 7 y el domingo 8 de junio, de 12:00 a 14:00 horas.<\/strong><\/p>\n<h4><strong>\u201dTenderete de golosinas ling\u00fc\u00edsticas\u201d<\/strong><\/h4>\n<p><strong>Isabel Benito, desde Valladolid, presenta \u201cTenderete de golosinas ling\u00fc\u00edsticas\u201dDivertimentos y chucher\u00edas literarias\u201d.<\/strong> Una parada en el camino para degustar palabras y regodearnos en sus significados, sonidos e infinitas posibilidades.<\/p>\n<p>Familias y paseantes <strong>podr\u00e1n escuchar, leer y, si gustan, probar a escribir<\/strong> una selecci\u00f3n de chucher\u00edas literarias con el \u00e1nimo de despertar su curiosidad y sus ganas de jugar. No te lo pierdas <strong>el domingo 8 de junio, a partir de las 18:30 horas;<\/strong> junto a Sal\u00f3n Multiusos San Miguel del Pino.<\/p>\n<h4><strong>\u201dAdivingo\u201d<\/strong><\/h4>\n<p>O<strong>tra actividad de Isabel Benito; \u201cAdivingo\u201d Jugando con el patrimonio oral<\/strong> que toda familia atesora; este taller quiere rescatar la memoria cultural de las personas mayores; historias, refranes, y retah\u00edlas que han pasado de generaci\u00f3n en generaci\u00f3n.<\/p>\n<figure id=\"attachment_39070\" aria-describedby=\"caption-attachment-39070\" style=\"width: 580px\" class=\"wp-caption aligncenter\"><img decoding=\"async\" src=\"https:\/\/destinocastillayleon.es\/index\/wp-content\/uploads\/2025\/05\/Isabel-Bemito.jpg\" alt=\"Isabel Benito\" width=\"580\" height=\"326\" class=\"size-full wp-image-39070\" srcset=\"https:\/\/destinocastillayleon.es\/index\/wp-content\/uploads\/2025\/05\/Isabel-Bemito.jpg 580w, https:\/\/destinocastillayleon.es\/index\/wp-content\/uploads\/2025\/05\/Isabel-Bemito-300x169.jpg 300w\" sizes=\"(max-width: 580px) 100vw, 580px\" \/><figcaption id=\"caption-attachment-39070\" class=\"wp-caption-text\">Isabel Benito<\/figcaption><\/figure>\n<p>Esta actividad <strong>propone la creaci\u00f3n de un espacio en el que poner en valor este patrimonio inmaterial,<\/strong> pero al tiempo que cercano y familiar con un intercambio cultural intergeneracional. <a name=\"Posteriores\"><\/a><br \/>\n&nbsp;<\/p>\n<h3><strong>Actividades posteriores al III Festival de Internacional de Narraci\u00f3n Oral<\/strong><\/h3>\n<p>Fuera de los d\u00edas de este III Festival de Internacional de Narraci\u00f3n Oral, <strong>habr\u00e1 otras actividades, a modo de ecos del mismo que,<\/strong> aunque desligados de \u00e9l, no dejan de ser una transmisi\u00f3n del mismo.<\/p>\n<h4><strong>\u201dEcos de Voz\u201d<\/strong><\/h4>\n<p>Este taller <strong>organizado por Caros Tapia se realizar\u00e1 el viernes 1 de agosto,<\/strong> y ser\u00e1 la primera actividad postfestival. <\/p>\n<figure id=\"attachment_39072\" aria-describedby=\"caption-attachment-39072\" style=\"width: 520px\" class=\"wp-caption aligncenter\"><img decoding=\"async\" src=\"https:\/\/destinocastillayleon.es\/index\/wp-content\/uploads\/2025\/05\/Espectaculo-de-Caros-Tapia.jpg\" alt=\"Espect\u00e1culo de Caros Tapia\" width=\"520\" height=\"318\" class=\"size-full wp-image-39072\" srcset=\"https:\/\/destinocastillayleon.es\/index\/wp-content\/uploads\/2025\/05\/Espectaculo-de-Caros-Tapia.jpg 520w, https:\/\/destinocastillayleon.es\/index\/wp-content\/uploads\/2025\/05\/Espectaculo-de-Caros-Tapia-300x183.jpg 300w\" sizes=\"(max-width: 520px) 100vw, 520px\" \/><figcaption id=\"caption-attachment-39072\" class=\"wp-caption-text\">Espect\u00e1culo de Caros Tapia<\/figcaption><\/figure>\n<p>Se cuenta que Le\u00f3n Felipe fue un gran amigo de Sara Montiel; de esta relaci\u00f3n parad\u00f3jica en apariencia, y de la fuerza de su poes\u00eda, surgi\u00f3 una historia. Una historia de poes\u00edas vividas y de vida cargada de poes\u00eda en la que tambi\u00e9n, como no pod\u00eda ser de otra manera, <strong>ocupa un lugar central el amor de su vida, Berta Gamboa.<\/strong> Retazos de vida imaginados y poes\u00eda en carne viva\u2026 a coraz\u00f3n abierto.<\/p>\n<p>Gu\u00e1rdate la cita; <strong>el viernes 1 de agosto; a las 21:00 horas.<\/strong> Para p\u00fablico adulto.<\/p>\n<h4><strong>El cuento de nunca acabar<\/strong><\/h4>\n<p><strong>De la mano de Mercedes Asenjo, el domingo 19 de octubre a las 19:30 horas<\/strong> podr\u00e1n disfrutar de otro evento orientado a un p\u00fablico adulto.<\/p>\n<p>Este evento <strong>trata sobre la vida y los textos de la escritora salmantina Carmen Mart\u00edn Gaite;<\/strong> siendo un homenaje al centenario de su nacimiento.<\/p>\n<h4><strong>Historias de temporada<\/strong><\/h4>\n<p>Otra actividad <strong>de unos 50 minutos consistente en una sesi\u00f3n de narraci\u00f3n apta para un p\u00fablico familiar.<\/strong> Un repaso a nuestros estilos de vida por temporadas, un hecho que nos hace variables, pero no caprichosos.<\/p>\n<figure id=\"attachment_39073\" aria-describedby=\"caption-attachment-39073\" style=\"width: 640px\" class=\"wp-caption aligncenter\"><img decoding=\"async\" src=\"https:\/\/destinocastillayleon.es\/index\/wp-content\/uploads\/2025\/05\/Actividades-familiares-en-el-III-Festival-de.jpg\" alt=\"Actividades familiares en el III Festival de Narraci\u00f3n Oral\" width=\"640\" height=\"360\" class=\"size-full wp-image-39073\" srcset=\"https:\/\/destinocastillayleon.es\/index\/wp-content\/uploads\/2025\/05\/Actividades-familiares-en-el-III-Festival-de.jpg 640w, https:\/\/destinocastillayleon.es\/index\/wp-content\/uploads\/2025\/05\/Actividades-familiares-en-el-III-Festival-de-300x169.jpg 300w\" sizes=\"(max-width: 640px) 100vw, 640px\" \/><figcaption id=\"caption-attachment-39073\" class=\"wp-caption-text\">Actividades familiares en el III Festival de Narraci\u00f3n Oral<\/figcaption><\/figure>\n<p><strong>Pendiente de agendar.<\/strong> <a name=\"Entradas\"><\/a><\/p>\n<h3><strong>Entradas y abonos<\/strong><\/h3>\n<p><strong>El coste de las entradas por espect\u00e1culo es de 3\u20ac\/persona;<\/strong> aunque los ni\u00f1os tienen entrada gratuita. Pueden adquirirse de forma anticipada en la oficina de turismo de San Miguel del Pino, o en taquilla, el d\u00eda del espect\u00e1culo, 2 horas antes de empezar. En el propio Sal\u00f3n Multifuncional.<\/p>\n<figure id=\"attachment_39076\" aria-describedby=\"caption-attachment-39076\" style=\"width: 580px\" class=\"wp-caption aligncenter\"><img decoding=\"async\" src=\"https:\/\/destinocastillayleon.es\/index\/wp-content\/uploads\/2025\/05\/Entradas-al-III-Festival-de-Narracion-Oral-de-San-Miguel-del-Pino.jpg\" alt=\"Entradas al III Festival de Narraci\u00f3n Oral de San Miguel del Pino\" width=\"580\" height=\"222\" class=\"size-full wp-image-39076\" srcset=\"https:\/\/destinocastillayleon.es\/index\/wp-content\/uploads\/2025\/05\/Entradas-al-III-Festival-de-Narracion-Oral-de-San-Miguel-del-Pino.jpg 580w, https:\/\/destinocastillayleon.es\/index\/wp-content\/uploads\/2025\/05\/Entradas-al-III-Festival-de-Narracion-Oral-de-San-Miguel-del-Pino-300x115.jpg 300w\" sizes=\"(max-width: 580px) 100vw, 580px\" \/><figcaption id=\"caption-attachment-39076\" class=\"wp-caption-text\">Entradas al III Festival de Narraci\u00f3n Oral de San Miguel del Pino<\/figcaption><\/figure>\n<p>Tambi\u00e9n <strong>pod\u00e9is adquirir el abono para los 7 espect\u00e1culos<\/strong> del fin de semana del III Festival Internacional de Narraci\u00f3n Oral, Memoria, Tierra y Voz; en la oficina de turismo. El coste del abono es de <strong>14 \u20ac\/persona.<\/strong><\/p>\n<h4><strong>Informaci\u00f3n de contacto<\/strong><\/h4>\n<p><strong>Oficina de Turismo de San Miguel del Pino<\/strong><br \/>\nAvda. Villamarciel 7,<br \/>\n47132 \u2013 San Miguel del Pino, Valladolid. <a name=\"San-Miguel\"><\/a><br \/>\n&nbsp;<\/p>\n<h2><strong>San Miguel del Pino<\/strong><\/h2>\n<p>San Miguel del Pino <strong>acoge este III Festival Internacional de Narraci\u00f3n Oral, Memoria, Tierra y Voz.<\/strong> Siendo una peque\u00f1a poblaci\u00f3n de Valladolid <strong>entre dos importantes localidades, Tordesillas y Simancas,<\/strong> ha tenido siempre una historia propia.<\/p>\n<p><center><iframe width=\"560\" height=\"315\" src=\"https:\/\/www.youtube.com\/embed\/qzv7OcGV_Ps?si=-tCEqSQVCANxO34P\" title=\"YouTube video player\" frameborder=\"0\" allow=\"accelerometer; autoplay; clipboard-write; encrypted-media; gyroscope; picture-in-picture; web-share\" referrerpolicy=\"strict-origin-when-cross-origin\" allowfullscreen><\/iframe><\/center><\/p>\n<p>Inicialmente <strong>fue una repoblaci\u00f3n de la Orden de los Caballeros Hospitalarios de San Juan,<\/strong> para con el tiempo pasar a ser una villa de realengo, administrada por el Rey o la familia real. As\u00ed, entre sus m\u00e1s ilustres poseedoras estuvo <strong>Do\u00f1a Leonor de Guzm\u00e1n,<\/strong> amante de Alfonso XI y madre de la dinast\u00eda Trast\u00e1mara; y <strong>la Reina Do\u00f1a Isabel de Castilla,<\/strong> \u201cLa Cat\u00f3lica\u201d.<\/p>\n<h3><strong>Patrimonio de San Miguel del Pino<\/strong><\/h3>\n<p>Debido a estas ilustres personalidades que tuvieron a San Miguel del Pino como propiedad, dejaron su impronta en <strong>varios elementos que a\u00fan podemos disfrutar.<\/strong><\/p>\n<h4><strong>Arco de campanel<\/strong><\/h4>\n<p>De la muralla que una vez abraz\u00f3 esta poblaci\u00f3n, se conserva parte de un lienzo y la puerta. <strong>Hoy est\u00e1 integrado en el edificio del ayuntamiento<\/strong> y destaca especialmente el arco de entrada.<\/p>\n<figure id=\"attachment_37026\" aria-describedby=\"caption-attachment-37026\" style=\"width: 640px\" class=\"wp-caption aligncenter\"><img decoding=\"async\" src=\"https:\/\/destinocastillayleon.es\/index\/wp-content\/uploads\/2023\/05\/Arco-del-edificio-del-Ayuntamiento-de-San-Miguel-del-Pino-Destino-Castilla-y-Leon.jpg\" alt=\"Arco del edificio del Ayuntamiento de San Miguel del Pino - Destino Castilla y Le\u00f3n\" width=\"640\" height=\"360\" class=\"size-full wp-image-37026\" srcset=\"https:\/\/destinocastillayleon.es\/index\/wp-content\/uploads\/2023\/05\/Arco-del-edificio-del-Ayuntamiento-de-San-Miguel-del-Pino-Destino-Castilla-y-Leon.jpg 640w, https:\/\/destinocastillayleon.es\/index\/wp-content\/uploads\/2023\/05\/Arco-del-edificio-del-Ayuntamiento-de-San-Miguel-del-Pino-Destino-Castilla-y-Leon-300x169.jpg 300w\" sizes=\"(max-width: 640px) 100vw, 640px\" \/><figcaption id=\"caption-attachment-37026\" class=\"wp-caption-text\">Arco del edificio del Ayuntamiento de San Miguel del Pino &#8211; Destino Castilla y Le\u00f3n<\/figcaption><\/figure>\n<h4><strong>Pesqueras del r\u00edo<\/strong><\/h4>\n<p>Aunque hoy casi desaparecidas, <strong>supusieron un gran balc\u00f3n al r\u00edo Duero.<\/strong> Eran muy utilizas y su explotaci\u00f3n daba importantes recursos a la poblaci\u00f3n y al se\u00f1or de la villa. Hab\u00eda un punto donde una barca permit\u00eda cruzar el r\u00edo.<\/p>\n<figure id=\"attachment_37025\" aria-describedby=\"caption-attachment-37025\" style=\"width: 640px\" class=\"wp-caption aligncenter\"><img decoding=\"async\" src=\"https:\/\/destinocastillayleon.es\/index\/wp-content\/uploads\/2023\/05\/Riberas-del-Duero-a-su-paso-por-San-Miguel-del-Pino-Destino-Castilla-y-Leon.jpg\" alt=\"Riberas del Duero a su paso por San Miguel del Pino - Destino Castilla y Le\u00f3n\" width=\"640\" height=\"360\" class=\"size-full wp-image-37025\" srcset=\"https:\/\/destinocastillayleon.es\/index\/wp-content\/uploads\/2023\/05\/Riberas-del-Duero-a-su-paso-por-San-Miguel-del-Pino-Destino-Castilla-y-Leon.jpg 640w, https:\/\/destinocastillayleon.es\/index\/wp-content\/uploads\/2023\/05\/Riberas-del-Duero-a-su-paso-por-San-Miguel-del-Pino-Destino-Castilla-y-Leon-300x169.jpg 300w\" sizes=\"(max-width: 640px) 100vw, 640px\" \/><figcaption id=\"caption-attachment-37025\" class=\"wp-caption-text\">Riberas del Duero a su paso por San Miguel del Pino &#8211; Destino Castilla y Le\u00f3n<\/figcaption><\/figure>\n<h4><strong>Iglesia de San Miguel<\/strong><\/h4>\n<p><strong>Una de las iglesias m\u00e1s singulares;<\/strong> es de origen oriental construida inicialmente por los Caballeros de San Juan. Es evidente que ha tenido algunas ampliaciones, pero seguro que no os defraudar\u00e1.<\/p>\n<figure id=\"attachment_37037\" aria-describedby=\"caption-attachment-37037\" style=\"width: 640px\" class=\"wp-caption aligncenter\"><img decoding=\"async\" src=\"https:\/\/destinocastillayleon.es\/index\/wp-content\/uploads\/2023\/06\/Llegando-a-la-iglesia-de-San-Miguel-del-Pino-Destino-Castilla-y-Leon.jpg\" alt=\"Llegando a la iglesia de San Miguel del Pino - Destino Castilla y Le\u00f3n\" width=\"640\" height=\"360\" class=\"size-full wp-image-37037\" srcset=\"https:\/\/destinocastillayleon.es\/index\/wp-content\/uploads\/2023\/06\/Llegando-a-la-iglesia-de-San-Miguel-del-Pino-Destino-Castilla-y-Leon.jpg 640w, https:\/\/destinocastillayleon.es\/index\/wp-content\/uploads\/2023\/06\/Llegando-a-la-iglesia-de-San-Miguel-del-Pino-Destino-Castilla-y-Leon-300x169.jpg 300w\" sizes=\"(max-width: 640px) 100vw, 640px\" \/><figcaption id=\"caption-attachment-37037\" class=\"wp-caption-text\">Llegando a la iglesia de San Miguel del Pino &#8211; Destino Castilla y Le\u00f3n<\/figcaption><\/figure>\n<h3><strong>\u00bfC\u00f3mo llegar?<\/strong><\/h3>\n<p><a href=\"https:\/\/maps.app.goo.gl\/AEsb6ESihcWctZWd6\" rel=\"noopener noFollow\" target=\"_blank\">San Miguel del Pino<\/a> se conecta con <strong>la autov\u00eda A62,<\/strong> en su salida del punto kilom\u00e9trico 145.<\/p>\n<figure id=\"attachment_37015\" aria-describedby=\"caption-attachment-37015\" style=\"width: 580px\" class=\"wp-caption aligncenter\"><img decoding=\"async\" src=\"https:\/\/destinocastillayleon.es\/index\/wp-content\/uploads\/2023\/05\/Salida-desde-la-autopista-A62-a-San-Miguel-del-Pino-Destino-Castilla-y-Leon.jpg\" alt=\"Salida desde la autopista A62 a San Miguel del Pino - Destino Castilla y Le\u00f3n\" width=\"580\" height=\"293\" class=\"size-full wp-image-37015\" srcset=\"https:\/\/destinocastillayleon.es\/index\/wp-content\/uploads\/2023\/05\/Salida-desde-la-autopista-A62-a-San-Miguel-del-Pino-Destino-Castilla-y-Leon.jpg 580w, https:\/\/destinocastillayleon.es\/index\/wp-content\/uploads\/2023\/05\/Salida-desde-la-autopista-A62-a-San-Miguel-del-Pino-Destino-Castilla-y-Leon-300x152.jpg 300w\" sizes=\"(max-width: 580px) 100vw, 580px\" \/><figcaption id=\"caption-attachment-37015\" class=\"wp-caption-text\">Salida desde la autopista A62 a San Miguel del Pino &#8211; Destino Castilla y Le\u00f3n<\/figcaption><\/figure>\n<h3><strong>\u00bfD\u00f3nde comer?<\/strong><\/h3>\n<p>En esta poblaci\u00f3n <strong>no hay grandes restaurantes, aunque puedes comer algo en alguno de sus bares\/cafeter\u00edas.<\/strong>; Por ejemplo, puedes ir al <strong>Asador Mi Capricho<\/strong>, m\u00e1s serio; y en plan ligero, <strong>Caf\u00e9-bar El Molino<\/strong>. No obstante, tienes Tordesillas muy cerca, por lo que podr\u00edas ir y volver en pocos minutos.<\/p>\n<figure id=\"attachment_37019\" aria-describedby=\"caption-attachment-37019\" style=\"width: 580px\" class=\"wp-caption aligncenter\"><img decoding=\"async\" src=\"https:\/\/destinocastillayleon.es\/index\/wp-content\/uploads\/2023\/05\/Chuleton-del-Asador-Mi-Capricho-Imagen-del-Restaurante.jpg\" alt=\"Chulet\u00f3n del Asador Mi Capricho - Imagen del Restaurante\" width=\"580\" class=\"size-full wp-image-37019\" srcset=\"https:\/\/destinocastillayleon.es\/index\/wp-content\/uploads\/2023\/05\/Chuleton-del-Asador-Mi-Capricho-Imagen-del-Restaurante.jpg 640w, https:\/\/destinocastillayleon.es\/index\/wp-content\/uploads\/2023\/05\/Chuleton-del-Asador-Mi-Capricho-Imagen-del-Restaurante-300x169.jpg 300w\" sizes=\"(max-width: 640px) 100vw, 640px\" \/><figcaption id=\"caption-attachment-37019\" class=\"wp-caption-text\">Chulet\u00f3n del Asador Mi Capricho &#8211; Imagen del Restaurante<\/figcaption><\/figure>\n<h3><strong>\u00bfD\u00f3nde alojarte?<\/strong><\/h3>\n<p>Nunca nos hemos alojado en esta poblaci\u00f3n. <strong>No obstante, est\u00e1n las casas rural La Centralita, El Pajar de Tasio o la casa rural Casa Vainilla, y casa rural La casona de San miguel,<\/strong> que puede servir para disfrutar de una escapada de enoturismo, pues estamos en la zona norte de la DO. Rueda.<\/p>\n<figure id=\"attachment_39054\" aria-describedby=\"caption-attachment-39054\" style=\"width: 580px\" class=\"wp-caption aligncenter\"><img decoding=\"async\" src=\"https:\/\/destinocastillayleon.es\/index\/wp-content\/uploads\/2025\/05\/Cocina-de-la-Casa-Rual-La-Centralita-de-San-Miguel-del-Pino-imagen-de-la-casa-rural.jpg\" alt=\"Cocina de la Casa Rual La Centralita de San Miguel del Pino - imagen de la casa rural\" width=\"580\" height=\"326\" class=\"size-full wp-image-39054\" srcset=\"https:\/\/destinocastillayleon.es\/index\/wp-content\/uploads\/2025\/05\/Cocina-de-la-Casa-Rual-La-Centralita-de-San-Miguel-del-Pino-imagen-de-la-casa-rural.jpg 580w, https:\/\/destinocastillayleon.es\/index\/wp-content\/uploads\/2025\/05\/Cocina-de-la-Casa-Rual-La-Centralita-de-San-Miguel-del-Pino-imagen-de-la-casa-rural-300x169.jpg 300w\" sizes=\"(max-width: 580px) 100vw, 580px\" \/><figcaption id=\"caption-attachment-39054\" class=\"wp-caption-text\">Cocina de la Casa Rual La Centralita de San Miguel del Pino &#8211; imagen de la casa rural<\/figcaption><\/figure>\n<p>Otra opci\u00f3n es <strong>alojarte en Tordesillas,<\/strong> donde nosotros si podemos recomendarte <strong>el Hotel Real de Castilla<\/strong> o la <strong>Casa rural La Casita de Francisco,<\/strong> en Villaramiel.<\/p>\n<h3><strong>Actividades en la zona<\/strong><\/h3>\n<p>Y como te hemos dicho, <strong>est\u00e1s muy cerca de varias poblaciones importantes, incluida la misma <a href=\"https:\/\/destinocastillayleon.es\/index\/safari-fotografico-por-valladolid\/\"><strong>Valladolid<\/strong><\/a>,<\/strong> perfecta para disfrutarla en <a href=\"https:\/\/destinocastillayleon.es\/index\/paseo-nocturno-por-valladolid\/\">un paseo nocturno<\/a>. Pero sin irte muy lejos, <strong>tienes tanto Simancas, como Tordesillas,<\/strong> donde puedes disfrutar de <a href=\"https:\/\/www.civitatis.com\/es\/tordesillas\/visita-guiada-real-monasterio-santa-clara\/?aid=99913\" rel=\"NoFollow noopener\" target=\"_blank\">de una visita al Real Monasterio de Santa Clara<\/a> o realizando una <a href=\"https:\/\/www.civitatis.com\/es\/tordesillas\/visita-bodega-muelas\/?aid=99913\" rel=\"NoFollow noopener\" target=\"_blank\">visita a las bodegas Muelas<\/a>; una de las m\u00e1s atractivas.<\/p>\n<figure id=\"attachment_27563\" aria-describedby=\"caption-attachment-27563\" style=\"width: 580px\" class=\"wp-caption aligncenter\"><img decoding=\"async\" src=\"https:\/\/destinocastillayleon.es\/index\/wp-content\/uploads\/2017\/06\/Vinos-de-la-Bodega-Muelas.jpg\" alt=\"Vinos de la Bodega Muelas\" width=\"580\" class=\"size-full wp-image-27563\" srcset=\"https:\/\/destinocastillayleon.es\/index\/wp-content\/uploads\/2017\/06\/Vinos-de-la-Bodega-Muelas.jpg 640w, https:\/\/destinocastillayleon.es\/index\/wp-content\/uploads\/2017\/06\/Vinos-de-la-Bodega-Muelas-300x188.jpg 300w\" sizes=\"(max-width: 640px) 100vw, 640px\" \/><figcaption id=\"caption-attachment-27563\" class=\"wp-caption-text\">De vinos de la Bodega Muelas de Tordesillas<\/figcaption><\/figure>\n<p>Y ya de bodegas, <strong>en La Seca, que llegas por autov\u00eda en muy poco tiempo,<\/strong> puedes disfrutar de la <a href=\"https:\/\/www.civitatis.com\/es\/la-seca\/visita-bodega-javier-sanz\/?aid=99913\" rel=\"NoFollow noopener\" target=\"_blank\">visita a la bodega de Javier Sanz<\/a>; <strong>o en Medina del Campo,<\/strong> una <a href=\"https:\/\/www.civitatis.com\/es\/medina-del-campo\/visita-bodega-emina-rueda\/?aid=99913\" rel=\"NoFollow noopener\" target=\"_blank\">Bodegas Emina<\/a>.<br \/>\n&nbsp;<br \/>\n&nbsp;<br \/>\nY como pod\u00e9is ver, <strong>motivos no os faltan para disfrutar de este evento, el III Festival Internacional de Narraci\u00f3n Oral, Memoria, Tierra y Voz,<\/strong> que homenajea la palabra hablada y pone en valor la transmisi\u00f3n de historias narradas desde el sentimiento.<br \/>\n&nbsp;<br \/>\n\u00bfY t\u00fa? <strong>\u00bfConoc\u00edas ya este III Festival Internacional de Narraci\u00f3n Oral, Memoria, Tierra y Voz? \u00bfY San Miguel del Pino?<\/strong> Seguro que te sorprende.<br \/>\n&nbsp;<\/p>\n<h4>Tambi\u00e9n te puede interesar<\/h4>\n<ul>\n<li><a href=\"https:\/\/destinocastillayleon.es\/index\/san-miguel-del-pino\/\">San Miguel del Pino, un pueblo a las orillas del Duero<\/a>.<\/li>\n<li><a href=\"https:\/\/destinocastillayleon.es\/index\/jornadas-medievales-en-san-miguel-del-pino-2023\/\">Jornadas medievales en San Miguel del Pino 2023<\/a>.<\/li>\n<li><a href=\"https:\/\/destinocastillayleon.es\/index\/guia-para-visitar-tordesillas\/\">Gu\u00eda para visitar Tordesillas<\/a>.<\/li>\n<\/ul>\n<p>&nbsp;<\/p>\n","protected":false},"excerpt":{"rendered":"<p>III Festival Internacional de Narraci\u00f3n Oral; una nueva oportunidad para disfrutar de un festival de la palabra oral y el patrimonio de San Miguel del Pino.<\/p>\n","protected":false},"author":2,"featured_media":39074,"comment_status":"open","ping_status":"closed","sticky":false,"template":"","format":"standard","meta":{"rop_custom_images_group":[],"rop_custom_messages_group":[],"rop_publish_now":"initial","rop_publish_now_accounts":{"twitter_1150954226_1150954226":""},"rop_publish_now_history":[],"rop_publish_now_status":"pending","footnotes":""},"categories":[77,1343,68,45,4800],"tags":[],"class_list":["post-39036","post","type-post","status-publish","format-standard","has-post-thumbnail","hentry","category-actualidad-y-agenda-de-castilla-y-leon","category-agenda","category-post_inicial","category-provincias","category-valladolid-actualidad"],"yoast_head":"<!-- This site is optimized with the Yoast SEO Premium plugin v20.4 (Yoast SEO v27.4) - https:\/\/yoast.com\/product\/yoast-seo-premium-wordpress\/ -->\n<title>III Festival Internacional de Narraci\u00f3n Oral - Destino Castilla y Le\u00f3n<\/title>\n<meta name=\"description\" content=\"III Festival Internacional de Narraci\u00f3n Oral; una oportunidad de disfrutar de la palabra oral y el patrimonio de San Miguel del Pino.\" \/>\n<meta name=\"robots\" content=\"index, follow, max-snippet:-1, max-image-preview:large, max-video-preview:-1\" \/>\n<link rel=\"canonical\" href=\"https:\/\/destinocastillayleon.es\/index\/iii-festival-internacional-de-narracion-oral-memoria-tierra-y-voz\/\" \/>\n<meta property=\"og:locale\" content=\"es_ES\" \/>\n<meta property=\"og:type\" content=\"article\" \/>\n<meta property=\"og:title\" content=\"III Festival Internacional de Narraci\u00f3n Oral - Destino Castilla y Le\u00f3n\" \/>\n<meta property=\"og:description\" content=\"III Festival Internacional de Narraci\u00f3n Oral; una nueva oportunidad para disfrutar de un festival de la palabra oral y el patrimonio de San Miguel del Pino.\" \/>\n<meta property=\"og:url\" content=\"https:\/\/destinocastillayleon.es\/index\/iii-festival-internacional-de-narracion-oral-memoria-tierra-y-voz\/\" \/>\n<meta property=\"og:site_name\" content=\"Destino Castilla y Le\u00f3n\" \/>\n<meta property=\"article:publisher\" content=\"https:\/\/www.facebook.com\/DestinoCastillaYLeon\/\" \/>\n<meta property=\"article:author\" content=\"https:\/\/www.facebook.com\/profile.php?id=1158416854\" \/>\n<meta property=\"article:published_time\" content=\"2025-05-23T05:25:48+00:00\" \/>\n<meta property=\"article:modified_time\" content=\"2025-05-27T11:15:16+00:00\" \/>\n<meta property=\"og:image\" content=\"https:\/\/destinocastillayleon.es\/index\/wp-content\/uploads\/2025\/05\/III-Festival-de-Narracion-Oral-de-San-Miguel-del-Pino.jpg\" \/>\n\t<meta property=\"og:image:width\" content=\"1210\" \/>\n\t<meta property=\"og:image:height\" content=\"632\" \/>\n\t<meta property=\"og:image:type\" content=\"image\/jpeg\" \/>\n<meta name=\"author\" content=\"David V\u00e1zquez\" \/>\n<meta name=\"twitter:card\" content=\"summary_large_image\" \/>\n<meta name=\"twitter:title\" content=\"III Festival Internacional de Narraci\u00f3n Oral - Destino Castilla y Le\u00f3n\" \/>\n<meta name=\"twitter:description\" content=\"III Festival Internacional de Narraci\u00f3n Oral; una nueva oportunidad para disfrutar de un festival de la palabra oral y el patrimonio de San Miguel del Pino.\" \/>\n<meta name=\"twitter:creator\" content=\"@https:\/\/twitter.com\/ContePantaleone\u200e\" \/>\n<meta name=\"twitter:site\" content=\"@destinocyl\" \/>\n<meta name=\"twitter:label1\" content=\"Escrito por\" \/>\n\t<meta name=\"twitter:data1\" content=\"David V\u00e1zquez\" \/>\n\t<meta name=\"twitter:label2\" content=\"Tiempo de lectura\" \/>\n\t<meta name=\"twitter:data2\" content=\"14 minutos\" \/>\n<script type=\"application\/ld+json\" class=\"yoast-schema-graph\">{\"@context\":\"https:\\\/\\\/schema.org\",\"@graph\":[{\"@type\":\"Article\",\"@id\":\"https:\\\/\\\/destinocastillayleon.es\\\/index\\\/iii-festival-internacional-de-narracion-oral-memoria-tierra-y-voz\\\/#article\",\"isPartOf\":{\"@id\":\"https:\\\/\\\/destinocastillayleon.es\\\/index\\\/iii-festival-internacional-de-narracion-oral-memoria-tierra-y-voz\\\/\"},\"author\":{\"name\":\"David V\u00e1zquez\",\"@id\":\"https:\\\/\\\/destinocastillayleon.es\\\/index\\\/#\\\/schema\\\/person\\\/189221bc8f6cc4fa28b18ad5c289d4c2\"},\"headline\":\"III Festival Internacional de Narraci\u00f3n Oral, Memoria, Tierra y Voz\",\"datePublished\":\"2025-05-23T05:25:48+00:00\",\"dateModified\":\"2025-05-27T11:15:16+00:00\",\"mainEntityOfPage\":{\"@id\":\"https:\\\/\\\/destinocastillayleon.es\\\/index\\\/iii-festival-internacional-de-narracion-oral-memoria-tierra-y-voz\\\/\"},\"wordCount\":2529,\"commentCount\":0,\"image\":{\"@id\":\"https:\\\/\\\/destinocastillayleon.es\\\/index\\\/iii-festival-internacional-de-narracion-oral-memoria-tierra-y-voz\\\/#primaryimage\"},\"thumbnailUrl\":\"https:\\\/\\\/destinocastillayleon.es\\\/index\\\/wp-content\\\/uploads\\\/2025\\\/05\\\/III-Festival-de-Narracion-Oral-de-San-Miguel-del-Pino.jpg\",\"articleSection\":[\"Actualidad\",\"Agenda\",\"Post_inicial\",\"Provincias\",\"Valladolid Actualidad\"],\"inLanguage\":\"es\",\"potentialAction\":[{\"@type\":\"CommentAction\",\"name\":\"Comment\",\"target\":[\"https:\\\/\\\/destinocastillayleon.es\\\/index\\\/iii-festival-internacional-de-narracion-oral-memoria-tierra-y-voz\\\/#respond\"]}]},{\"@type\":\"WebPage\",\"@id\":\"https:\\\/\\\/destinocastillayleon.es\\\/index\\\/iii-festival-internacional-de-narracion-oral-memoria-tierra-y-voz\\\/\",\"url\":\"https:\\\/\\\/destinocastillayleon.es\\\/index\\\/iii-festival-internacional-de-narracion-oral-memoria-tierra-y-voz\\\/\",\"name\":\"III Festival Internacional de Narraci\u00f3n Oral - Destino Castilla y Le\u00f3n\",\"isPartOf\":{\"@id\":\"https:\\\/\\\/destinocastillayleon.es\\\/index\\\/#website\"},\"primaryImageOfPage\":{\"@id\":\"https:\\\/\\\/destinocastillayleon.es\\\/index\\\/iii-festival-internacional-de-narracion-oral-memoria-tierra-y-voz\\\/#primaryimage\"},\"image\":{\"@id\":\"https:\\\/\\\/destinocastillayleon.es\\\/index\\\/iii-festival-internacional-de-narracion-oral-memoria-tierra-y-voz\\\/#primaryimage\"},\"thumbnailUrl\":\"https:\\\/\\\/destinocastillayleon.es\\\/index\\\/wp-content\\\/uploads\\\/2025\\\/05\\\/III-Festival-de-Narracion-Oral-de-San-Miguel-del-Pino.jpg\",\"datePublished\":\"2025-05-23T05:25:48+00:00\",\"dateModified\":\"2025-05-27T11:15:16+00:00\",\"author\":{\"@id\":\"https:\\\/\\\/destinocastillayleon.es\\\/index\\\/#\\\/schema\\\/person\\\/189221bc8f6cc4fa28b18ad5c289d4c2\"},\"description\":\"III Festival Internacional de Narraci\u00f3n Oral; una oportunidad de disfrutar de la palabra oral y el patrimonio de San Miguel del Pino.\",\"breadcrumb\":{\"@id\":\"https:\\\/\\\/destinocastillayleon.es\\\/index\\\/iii-festival-internacional-de-narracion-oral-memoria-tierra-y-voz\\\/#breadcrumb\"},\"inLanguage\":\"es\",\"potentialAction\":[{\"@type\":\"ReadAction\",\"target\":[\"https:\\\/\\\/destinocastillayleon.es\\\/index\\\/iii-festival-internacional-de-narracion-oral-memoria-tierra-y-voz\\\/\"]}]},{\"@type\":\"ImageObject\",\"inLanguage\":\"es\",\"@id\":\"https:\\\/\\\/destinocastillayleon.es\\\/index\\\/iii-festival-internacional-de-narracion-oral-memoria-tierra-y-voz\\\/#primaryimage\",\"url\":\"https:\\\/\\\/destinocastillayleon.es\\\/index\\\/wp-content\\\/uploads\\\/2025\\\/05\\\/III-Festival-de-Narracion-Oral-de-San-Miguel-del-Pino.jpg\",\"contentUrl\":\"https:\\\/\\\/destinocastillayleon.es\\\/index\\\/wp-content\\\/uploads\\\/2025\\\/05\\\/III-Festival-de-Narracion-Oral-de-San-Miguel-del-Pino.jpg\",\"width\":1210,\"height\":632,\"caption\":\"III Festival de Narraci\u00f3n Oral de San Miguel del Pino\"},{\"@type\":\"BreadcrumbList\",\"@id\":\"https:\\\/\\\/destinocastillayleon.es\\\/index\\\/iii-festival-internacional-de-narracion-oral-memoria-tierra-y-voz\\\/#breadcrumb\",\"itemListElement\":[{\"@type\":\"ListItem\",\"position\":1,\"name\":\"Portada\",\"item\":\"https:\\\/\\\/destinocastillayleon.es\\\/index\\\/\"},{\"@type\":\"ListItem\",\"position\":2,\"name\":\"III Festival Internacional de Narraci\u00f3n Oral, Memoria, Tierra y Voz\"}]},{\"@type\":\"WebSite\",\"@id\":\"https:\\\/\\\/destinocastillayleon.es\\\/index\\\/#website\",\"url\":\"https:\\\/\\\/destinocastillayleon.es\\\/index\\\/\",\"name\":\"Destino Castilla y Le\u00f3n\",\"description\":\"Medio digital independiente y revista de Castilla y Le\u00f3n dedicado al turismo, gastronom\u00eda y vino de Castilla y Le\u00f3n\",\"potentialAction\":[{\"@type\":\"SearchAction\",\"target\":{\"@type\":\"EntryPoint\",\"urlTemplate\":\"https:\\\/\\\/destinocastillayleon.es\\\/index\\\/?s={search_term_string}\"},\"query-input\":{\"@type\":\"PropertyValueSpecification\",\"valueRequired\":true,\"valueName\":\"search_term_string\"}}],\"inLanguage\":\"es\"},{\"@type\":\"Person\",\"@id\":\"https:\\\/\\\/destinocastillayleon.es\\\/index\\\/#\\\/schema\\\/person\\\/189221bc8f6cc4fa28b18ad5c289d4c2\",\"name\":\"David V\u00e1zquez\",\"image\":{\"@type\":\"ImageObject\",\"inLanguage\":\"es\",\"@id\":\"https:\\\/\\\/secure.gravatar.com\\\/avatar\\\/cd12db6c575a90c3b75cfa0f794b74d425201c768612fad17e9f13cd33d48be8?s=96&d=mm&r=g\",\"url\":\"https:\\\/\\\/secure.gravatar.com\\\/avatar\\\/cd12db6c575a90c3b75cfa0f794b74d425201c768612fad17e9f13cd33d48be8?s=96&d=mm&r=g\",\"contentUrl\":\"https:\\\/\\\/secure.gravatar.com\\\/avatar\\\/cd12db6c575a90c3b75cfa0f794b74d425201c768612fad17e9f13cd33d48be8?s=96&d=mm&r=g\",\"caption\":\"David V\u00e1zquez\"},\"description\":\"Ingeniero Industrial de vocaci\u00f3n y profesi\u00f3n, he encontrado en los blogs la forma de plasmar mi pasi\u00f3n por los viajes, la gastronom\u00eda y los vinos. Especialmente los procedentes de Castilla y Le\u00f3n\",\"sameAs\":[\"https:\\\/\\\/www.destinocastillayleon.es\",\"https:\\\/\\\/www.facebook.com\\\/profile.php?id=1158416854\",\"https:\\\/\\\/instagram.com\\\/conte.pantaleone\",\"https:\\\/\\\/www.linkedin.com\\\/pub\\\/david-vazquez-lozano\\\/37\\\/17a\\\/25a\",\"https:\\\/\\\/x.com\\\/https:\\\/\\\/twitter.com\\\/ContePantaleone\u200e\"],\"url\":\"https:\\\/\\\/destinocastillayleon.es\\\/index\\\/author\\\/coadministradorcyl\\\/\"}]}<\/script>\n<!-- \/ Yoast SEO Premium plugin. -->","yoast_head_json":{"title":"III Festival Internacional de Narraci\u00f3n Oral - Destino Castilla y Le\u00f3n","description":"III Festival Internacional de Narraci\u00f3n Oral; una oportunidad de disfrutar de la palabra oral y el patrimonio de San Miguel del Pino.","robots":{"index":"index","follow":"follow","max-snippet":"max-snippet:-1","max-image-preview":"max-image-preview:large","max-video-preview":"max-video-preview:-1"},"canonical":"https:\/\/destinocastillayleon.es\/index\/iii-festival-internacional-de-narracion-oral-memoria-tierra-y-voz\/","og_locale":"es_ES","og_type":"article","og_title":"III Festival Internacional de Narraci\u00f3n Oral - Destino Castilla y Le\u00f3n","og_description":"III Festival Internacional de Narraci\u00f3n Oral; una nueva oportunidad para disfrutar de un festival de la palabra oral y el patrimonio de San Miguel del Pino.","og_url":"https:\/\/destinocastillayleon.es\/index\/iii-festival-internacional-de-narracion-oral-memoria-tierra-y-voz\/","og_site_name":"Destino Castilla y Le\u00f3n","article_publisher":"https:\/\/www.facebook.com\/DestinoCastillaYLeon\/","article_author":"https:\/\/www.facebook.com\/profile.php?id=1158416854","article_published_time":"2025-05-23T05:25:48+00:00","article_modified_time":"2025-05-27T11:15:16+00:00","og_image":[{"width":1210,"height":632,"url":"https:\/\/destinocastillayleon.es\/index\/wp-content\/uploads\/2025\/05\/III-Festival-de-Narracion-Oral-de-San-Miguel-del-Pino.jpg","type":"image\/jpeg"}],"author":"David V\u00e1zquez","twitter_card":"summary_large_image","twitter_title":"III Festival Internacional de Narraci\u00f3n Oral - Destino Castilla y Le\u00f3n","twitter_description":"III Festival Internacional de Narraci\u00f3n Oral; una nueva oportunidad para disfrutar de un festival de la palabra oral y el patrimonio de San Miguel del Pino.","twitter_creator":"@https:\/\/twitter.com\/ContePantaleone\u200e","twitter_site":"@destinocyl","twitter_misc":{"Escrito por":"David V\u00e1zquez","Tiempo de lectura":"14 minutos"},"schema":{"@context":"https:\/\/schema.org","@graph":[{"@type":"Article","@id":"https:\/\/destinocastillayleon.es\/index\/iii-festival-internacional-de-narracion-oral-memoria-tierra-y-voz\/#article","isPartOf":{"@id":"https:\/\/destinocastillayleon.es\/index\/iii-festival-internacional-de-narracion-oral-memoria-tierra-y-voz\/"},"author":{"name":"David V\u00e1zquez","@id":"https:\/\/destinocastillayleon.es\/index\/#\/schema\/person\/189221bc8f6cc4fa28b18ad5c289d4c2"},"headline":"III Festival Internacional de Narraci\u00f3n Oral, Memoria, Tierra y Voz","datePublished":"2025-05-23T05:25:48+00:00","dateModified":"2025-05-27T11:15:16+00:00","mainEntityOfPage":{"@id":"https:\/\/destinocastillayleon.es\/index\/iii-festival-internacional-de-narracion-oral-memoria-tierra-y-voz\/"},"wordCount":2529,"commentCount":0,"image":{"@id":"https:\/\/destinocastillayleon.es\/index\/iii-festival-internacional-de-narracion-oral-memoria-tierra-y-voz\/#primaryimage"},"thumbnailUrl":"https:\/\/destinocastillayleon.es\/index\/wp-content\/uploads\/2025\/05\/III-Festival-de-Narracion-Oral-de-San-Miguel-del-Pino.jpg","articleSection":["Actualidad","Agenda","Post_inicial","Provincias","Valladolid Actualidad"],"inLanguage":"es","potentialAction":[{"@type":"CommentAction","name":"Comment","target":["https:\/\/destinocastillayleon.es\/index\/iii-festival-internacional-de-narracion-oral-memoria-tierra-y-voz\/#respond"]}]},{"@type":"WebPage","@id":"https:\/\/destinocastillayleon.es\/index\/iii-festival-internacional-de-narracion-oral-memoria-tierra-y-voz\/","url":"https:\/\/destinocastillayleon.es\/index\/iii-festival-internacional-de-narracion-oral-memoria-tierra-y-voz\/","name":"III Festival Internacional de Narraci\u00f3n Oral - Destino Castilla y Le\u00f3n","isPartOf":{"@id":"https:\/\/destinocastillayleon.es\/index\/#website"},"primaryImageOfPage":{"@id":"https:\/\/destinocastillayleon.es\/index\/iii-festival-internacional-de-narracion-oral-memoria-tierra-y-voz\/#primaryimage"},"image":{"@id":"https:\/\/destinocastillayleon.es\/index\/iii-festival-internacional-de-narracion-oral-memoria-tierra-y-voz\/#primaryimage"},"thumbnailUrl":"https:\/\/destinocastillayleon.es\/index\/wp-content\/uploads\/2025\/05\/III-Festival-de-Narracion-Oral-de-San-Miguel-del-Pino.jpg","datePublished":"2025-05-23T05:25:48+00:00","dateModified":"2025-05-27T11:15:16+00:00","author":{"@id":"https:\/\/destinocastillayleon.es\/index\/#\/schema\/person\/189221bc8f6cc4fa28b18ad5c289d4c2"},"description":"III Festival Internacional de Narraci\u00f3n Oral; una oportunidad de disfrutar de la palabra oral y el patrimonio de San Miguel del Pino.","breadcrumb":{"@id":"https:\/\/destinocastillayleon.es\/index\/iii-festival-internacional-de-narracion-oral-memoria-tierra-y-voz\/#breadcrumb"},"inLanguage":"es","potentialAction":[{"@type":"ReadAction","target":["https:\/\/destinocastillayleon.es\/index\/iii-festival-internacional-de-narracion-oral-memoria-tierra-y-voz\/"]}]},{"@type":"ImageObject","inLanguage":"es","@id":"https:\/\/destinocastillayleon.es\/index\/iii-festival-internacional-de-narracion-oral-memoria-tierra-y-voz\/#primaryimage","url":"https:\/\/destinocastillayleon.es\/index\/wp-content\/uploads\/2025\/05\/III-Festival-de-Narracion-Oral-de-San-Miguel-del-Pino.jpg","contentUrl":"https:\/\/destinocastillayleon.es\/index\/wp-content\/uploads\/2025\/05\/III-Festival-de-Narracion-Oral-de-San-Miguel-del-Pino.jpg","width":1210,"height":632,"caption":"III Festival de Narraci\u00f3n Oral de San Miguel del Pino"},{"@type":"BreadcrumbList","@id":"https:\/\/destinocastillayleon.es\/index\/iii-festival-internacional-de-narracion-oral-memoria-tierra-y-voz\/#breadcrumb","itemListElement":[{"@type":"ListItem","position":1,"name":"Portada","item":"https:\/\/destinocastillayleon.es\/index\/"},{"@type":"ListItem","position":2,"name":"III Festival Internacional de Narraci\u00f3n Oral, Memoria, Tierra y Voz"}]},{"@type":"WebSite","@id":"https:\/\/destinocastillayleon.es\/index\/#website","url":"https:\/\/destinocastillayleon.es\/index\/","name":"Destino Castilla y Le\u00f3n","description":"Medio digital independiente y revista de Castilla y Le\u00f3n dedicado al turismo, gastronom\u00eda y vino de Castilla y Le\u00f3n","potentialAction":[{"@type":"SearchAction","target":{"@type":"EntryPoint","urlTemplate":"https:\/\/destinocastillayleon.es\/index\/?s={search_term_string}"},"query-input":{"@type":"PropertyValueSpecification","valueRequired":true,"valueName":"search_term_string"}}],"inLanguage":"es"},{"@type":"Person","@id":"https:\/\/destinocastillayleon.es\/index\/#\/schema\/person\/189221bc8f6cc4fa28b18ad5c289d4c2","name":"David V\u00e1zquez","image":{"@type":"ImageObject","inLanguage":"es","@id":"https:\/\/secure.gravatar.com\/avatar\/cd12db6c575a90c3b75cfa0f794b74d425201c768612fad17e9f13cd33d48be8?s=96&d=mm&r=g","url":"https:\/\/secure.gravatar.com\/avatar\/cd12db6c575a90c3b75cfa0f794b74d425201c768612fad17e9f13cd33d48be8?s=96&d=mm&r=g","contentUrl":"https:\/\/secure.gravatar.com\/avatar\/cd12db6c575a90c3b75cfa0f794b74d425201c768612fad17e9f13cd33d48be8?s=96&d=mm&r=g","caption":"David V\u00e1zquez"},"description":"Ingeniero Industrial de vocaci\u00f3n y profesi\u00f3n, he encontrado en los blogs la forma de plasmar mi pasi\u00f3n por los viajes, la gastronom\u00eda y los vinos. Especialmente los procedentes de Castilla y Le\u00f3n","sameAs":["https:\/\/www.destinocastillayleon.es","https:\/\/www.facebook.com\/profile.php?id=1158416854","https:\/\/instagram.com\/conte.pantaleone","https:\/\/www.linkedin.com\/pub\/david-vazquez-lozano\/37\/17a\/25a","https:\/\/x.com\/https:\/\/twitter.com\/ContePantaleone\u200e"],"url":"https:\/\/destinocastillayleon.es\/index\/author\/coadministradorcyl\/"}]}},"_links":{"self":[{"href":"https:\/\/destinocastillayleon.es\/index\/wp-json\/wp\/v2\/posts\/39036","targetHints":{"allow":["GET"]}}],"collection":[{"href":"https:\/\/destinocastillayleon.es\/index\/wp-json\/wp\/v2\/posts"}],"about":[{"href":"https:\/\/destinocastillayleon.es\/index\/wp-json\/wp\/v2\/types\/post"}],"author":[{"embeddable":true,"href":"https:\/\/destinocastillayleon.es\/index\/wp-json\/wp\/v2\/users\/2"}],"replies":[{"embeddable":true,"href":"https:\/\/destinocastillayleon.es\/index\/wp-json\/wp\/v2\/comments?post=39036"}],"version-history":[{"count":19,"href":"https:\/\/destinocastillayleon.es\/index\/wp-json\/wp\/v2\/posts\/39036\/revisions"}],"predecessor-version":[{"id":39099,"href":"https:\/\/destinocastillayleon.es\/index\/wp-json\/wp\/v2\/posts\/39036\/revisions\/39099"}],"wp:featuredmedia":[{"embeddable":true,"href":"https:\/\/destinocastillayleon.es\/index\/wp-json\/wp\/v2\/media\/39074"}],"wp:attachment":[{"href":"https:\/\/destinocastillayleon.es\/index\/wp-json\/wp\/v2\/media?parent=39036"}],"wp:term":[{"taxonomy":"category","embeddable":true,"href":"https:\/\/destinocastillayleon.es\/index\/wp-json\/wp\/v2\/categories?post=39036"},{"taxonomy":"post_tag","embeddable":true,"href":"https:\/\/destinocastillayleon.es\/index\/wp-json\/wp\/v2\/tags?post=39036"}],"curies":[{"name":"wp","href":"https:\/\/api.w.org\/{rel}","templated":true}]}}