{"id":39024,"date":"2025-05-20T10:20:25","date_gmt":"2025-05-20T08:20:25","guid":{"rendered":"https:\/\/destinocastillayleon.es\/index\/?p=39024"},"modified":"2025-05-20T10:45:46","modified_gmt":"2025-05-20T08:45:46","slug":"derechos-del-pasajero-de-aerolineas","status":"publish","type":"post","link":"https:\/\/destinocastillayleon.es\/index\/derechos-del-pasajero-de-aerolineas\/","title":{"rendered":"Todo lo que necesitas saber sobre vuelos cancelados y retrasos"},"content":{"rendered":"<p>Cuidado, que ya estamos casi en verano; dicho con iron\u00eda pues este a\u00f1o 2025 est\u00e1 siendo un a\u00f1o climatol\u00f3gicamente complicado, <strong>no obstante, y aunque defendemos hacer turismo de interior, nosotros como viajeros compartimos consejos para viajes distintos.<\/strong> Y dado que muchos viajar\u00e9is en avi\u00f3n, es bueno que est\u00e9is <strong>informados de los <a href=\"https:\/\/aircashback.com\/es\/indemnizacion-retraso-vuelo\" rel=\"noopener Dofollow\" target=\"_blank\">derechos del pasajero<\/a> de aerol\u00edneas<\/strong> en casos de problemas a la hora viajar.<\/p>\n<p>Y es que a cualquiera le puede pasar que, <strong>viajando en avi\u00f3n, por cierto, en Castilla y Le\u00f3n contamos con varios aeropuertos de gran inter\u00e9s, ocurran situaciones inesperadas,<\/strong> tipo cancelaciones, retrasos o <em>overbooking<\/em>; por eso es importante saber tus derechos como pasajero para poder reclamar las compensaciones a las que tienes derecho.<\/p>\n<figure id=\"attachment_39028\" aria-describedby=\"caption-attachment-39028\" style=\"width: 421px\" class=\"wp-caption aligncenter\"><img decoding=\"async\" src=\"https:\/\/destinocastillayleon.es\/index\/wp-content\/uploads\/2025\/05\/Aeropuerto-de-Valladolid-Imagen-de-Tribuna-de-Valladolid.jpg\" alt=\"Aeropuerto de Valladolid - Imagen de Tribuna de Valladolid\" width=\"421\" height=\"237\" class=\"size-full wp-image-39028\" srcset=\"https:\/\/destinocastillayleon.es\/index\/wp-content\/uploads\/2025\/05\/Aeropuerto-de-Valladolid-Imagen-de-Tribuna-de-Valladolid.jpg 421w, https:\/\/destinocastillayleon.es\/index\/wp-content\/uploads\/2025\/05\/Aeropuerto-de-Valladolid-Imagen-de-Tribuna-de-Valladolid-300x169.jpg 300w\" sizes=\"(max-width: 421px) 100vw, 421px\" \/><figcaption id=\"caption-attachment-39028\" class=\"wp-caption-text\">Aeropuerto de Valladolid &#8211; Imagen de Tribuna de Valladolid<\/figcaption><\/figure>\n<blockquote><p>Nuestros derechos como viajeros de aerol\u00edneas est\u00e1n regulado seg\u00fan la normativa europea Reglamento CE 2612004<\/p><\/blockquote>\n<p>En esta publicaci\u00f3n <strong>os vamos a detallar c\u00f3mo deb\u00e9is actuar en estos casos<\/strong> y qu\u00e9 pod\u00e9is exigir a las aerol\u00edneas cuando os sucedan estas cosas.<br \/>\n&nbsp;<\/p>\n<h3><strong>\u00cdndice de contenidos<\/strong><\/h3>\n<p>Hemos preparado este peque\u00f1o \u00edndice con los principales problemas que os pueden ocurrir:<\/p>\n<ul>\n<li><a href=\"#Derechos\">Derechos del Pasajero<\/a>.<\/li>\n<li><a href=\"#Cancelacion\">\u00bfQu\u00e9 hacer en caso de cancelaci\u00f3n de un vuelo?<\/a><\/li>\n<li><a href=\"#Retrasos\">\u00bfC\u00f3mo actuar en caso de retraso en un vuelo programado?<\/a><\/li>\n<li><a href=\"#Reclamar\">Pasos para Reclamar tus Derechos<\/a>.<\/li>\n<\/ul>\n<p>Esperamos <strong>que os sean de utilidad, aunque a ser posible, que nunca teng\u00e1is que reclamarlos.<\/strong> Veis, cosas que no ocurren viajando por Castilla y Le\u00f3n. Fuera bromas, lo importante es viajar y disfrutar de nuevas experiencias, a ser posible, positivas siempre.<br \/>\n&nbsp;<\/p>\n<h2><strong>Principales problemas viajando en aerol\u00edneas<\/strong><\/h2>\n<p>Aunque no son muchas las veces que <strong>hemos tenido un problema viajando en avi\u00f3n,<\/strong> nunca est\u00e1 dem\u00e1s conocer los derechos que amparan al viajero. <a name=\"Derechos\"><\/a><\/p>\n<h3><strong>Derechos del Pasajero de aerol\u00edneas<\/strong><\/h3>\n<p><strong>Los pasajeros cuentan con protecci\u00f3n legal en vuelos dentro de la Uni\u00f3n Europea o en aerol\u00edneas europeas<\/strong> con destino a otro pa\u00eds. <strong>Estos <a href=\"https:\/\/aircashback.com\/es\/bueno-saber\/derechos-del-pasajero\" target=\"_Blank\" rel=\"DoFollow noopener\">derechos del pasajero<\/a><\/strong> incluyen compensaci\u00f3n econ\u00f3mica, asistencia inmediata y alternativas de viaje. <\/p>\n<figure id=\"attachment_34727\" aria-describedby=\"caption-attachment-34727\" style=\"width: 640px\" class=\"wp-caption aligncenter\"><img decoding=\"async\" data-pin-description=\"Espacio Schengen - Imagen del Ministerio de Presidencia\" src=\"https:\/\/destinocastillayleon.es\/index\/wp-content\/uploads\/2021\/10\/Espacio-Schengen-Imagen-del-Ministerio-de-Presidencia.jpg\" alt=\"Derechos del Pasajero de aerol\u00edneas\" title=\"Espacio Schengen - Imagen del Ministerio de Presidencia\" width=\"640\" height=\"359\" class=\"size-full wp-image-34727\" srcset=\"https:\/\/destinocastillayleon.es\/index\/wp-content\/uploads\/2021\/10\/Espacio-Schengen-Imagen-del-Ministerio-de-Presidencia.jpg 640w, https:\/\/destinocastillayleon.es\/index\/wp-content\/uploads\/2021\/10\/Espacio-Schengen-Imagen-del-Ministerio-de-Presidencia-300x168.jpg 300w\" sizes=\"(max-width: 640px) 100vw, 640px\" \/><figcaption id=\"caption-attachment-34727\" class=\"wp-caption-text\">Espacio Schengen &#8211; Imagen del Ministerio de Presidencia<\/figcaption><\/figure>\n<p>En caso de cancelaci\u00f3n o retraso significativo, <strong>las aerol\u00edneas deben proporcionar comida bebida, acceso a comunicaciones y alojamiento.<\/strong> Si el retraso supera ciertas horas, adem\u00e1s si el vuelo se cancela sin aviso previo suficiente, puedes optar por un reembolso completo o un vuelo alternativo.  <a name=\"Cancelacion\"><\/a><br \/>\n&nbsp;<\/p>\n<h3><strong>Cancelaci\u00f3n de Vuelos; \u00bfQu\u00e9 Hacer y C\u00f3mo Reclamar?<\/strong><\/h3>\n<p>Cuando un vuelo es cancelado, <strong>la aerol\u00ednea debe informarte sobre tus opciones y ofrecerte asistencia b\u00e1sica.<\/strong> Si la cancelaci\u00f3n ocurre en situaciones como las vividas en Palma de Mallorca, donde problemas operativos generaron caos, es importante mantener la calma y documentar todo. <\/p>\n<figure id=\"attachment_34727\" aria-describedby=\"caption-attachment-34727\" style=\"width: 640px\" class=\"wp-caption aligncenter\"><img decoding=\"async\" src=\"https:\/\/destinocastillayleon.es\/index\/wp-content\/uploads\/2016\/02\/d38ed8533257e5e0264abe965ddf0fe5.jpg\" width=\"640\" height=\"400\" alt=\"Derechos del Pasajero de aerol\u00edneas\" title=\"Viajando en avi\u00f3n \u2013 Destino Castilla y Le\u00f3n\" class=\"aligncenter size-full\" \/><figcaption id=\"caption-attachment-34727\" class=\"wp-caption-text\">Viajando en avi\u00f3n \u2013 Destino Castilla y Le\u00f3n<\/figcaption><\/figure>\n<p><strong>Guarda los comprobantes de tu billete, la notificaci\u00f3n de cancelaci\u00f3n y cualquier gasto adicional que incurras.<\/strong> Si la aerol\u00ednea no ofrece soluciones inmediatas, puedes reclamar una compensaci\u00f3n de hasta 600 euros dependiendo de la distancia del vuelo, <strong>siempre que la cancelaci\u00f3n no se deba a circunstancias extraordinarias<\/strong> como condiciones meteorol\u00f3gicas extremas o huelgas. <a name=\"Retrasos\"><\/a><br \/>\n&nbsp;<\/p>\n<h3><strong>Indemnizaci\u00f3n por Retrasos en el Vuelo<\/strong><\/h3>\n<p>Hay veces que no se cancela el vuelo, <strong>pero s\u00ed se retrasa sobre el horario previsto.<\/strong> Cuando los retrasos son <strong>superiores a tres horas<\/strong> en la llegada pueden dar derecho a una compensaci\u00f3n econ\u00f3mica.<\/p>\n<figure id=\"attachment_34727\" aria-describedby=\"caption-attachment-34727\" style=\"width: 640px\" class=\"wp-caption aligncenter\"><img decoding=\"async\" src=\"https:\/\/destinoysabor.com\/blog\/wp-content\/uploads\/2018\/10\/Llegada-al-aeropuerto-internacional-de-Las-Americas-en-Santo-Domingo-Republica-Dominicana-Imagen-de-Universal-TT.jpg\" width=\"640\" height=\"400\" alt=\"Llegando a nuestro destino en avi\u00f3n \u2013 Imagen de Destino y Sabor\" class=\"aligncenter size-full\" \/><figcaption id=\"caption-attachment-34727\" class=\"wp-caption-text\">Llegando a nuestro destino en avi\u00f3n \u2013 Imagen de Destino y Sabor<\/figcaption><\/figure>\n<p>Los montos <strong>var\u00edan seg\u00fan la distancia del trayecto,<\/strong> vuelos de hasta 1500 km. pueden generar 250 euros, entre 1500 y 3500 km, 400 euros y para distancias mayores 600 euros. <\/p>\n<blockquote><p>Ojo, es importante sabe que no todos los retrasos son compensables. <\/p><\/blockquote>\n<p><strong>Si el motivo fue fuera del control de la aerol\u00ednea, como tormentas o problemas de seguridad, no aplica la indemnizaci\u00f3n por vuelo retrasado,<\/strong> sin embargo, si el retraso se debe a razones t\u00e9cnicas o de organizaci\u00f3n interna, se puede reclamar. <a name=\"Reclamar\"><\/a><br \/>\n&nbsp;<\/p>\n<h3><strong>Pasos para Reclamar tus Derechos<\/strong><\/h3>\n<p>Vale, ya ha ocurrido alguna de estas situaciones que hemos descrito; <strong>No te preocupes y actua con frialdad, no vale gritar mucho.<\/strong> No suele servir para nada. Primero, <strong>comun\u00edcate con la aerol\u00ednea para solicitar la compensaci\u00f3n directamente.<\/strong> Si no obtienes respuesta o la rechazan, presenta una queja ante la autoridad aeron\u00e1utica correspondiente como AESA.<\/p>\n<figure id=\"attachment_36337\" aria-describedby=\"caption-attachment-36337\" style=\"width: 640px\" class=\"wp-caption aligncenter\"><img decoding=\"async\" src=\"https:\/\/destinocastillayleon.es\/index\/wp-content\/uploads\/2023\/01\/Aeropuerto-de-Palma-de-Mallorca-Imagen-de-Wikipedia.jpg\" alt=\"Aeropuerto de Palma de Mallorca - Imagen de Wikipedia\" width=\"640\" height=\"360\" class=\"size-full wp-image-36337\" srcset=\"https:\/\/destinocastillayleon.es\/index\/wp-content\/uploads\/2023\/01\/Aeropuerto-de-Palma-de-Mallorca-Imagen-de-Wikipedia.jpg 640w, https:\/\/destinocastillayleon.es\/index\/wp-content\/uploads\/2023\/01\/Aeropuerto-de-Palma-de-Mallorca-Imagen-de-Wikipedia-300x169.jpg 300w\" sizes=\"(max-width: 640px) 100vw, 640px\" \/><figcaption id=\"caption-attachment-36337\" class=\"wp-caption-text\">Aeropuerto de Palma de Mallorca &#8211; Imagen de Wikipedia<\/figcaption><\/figure>\n<p>En Espa\u00f1a tambi\u00e9n <strong>existen servicios legales especializados que gestionan reclamos<\/strong> sin coste inicial y solo cobran si logran la indemnizaci\u00f3n. Puedes conocer mejor estos servicios y encontrar m\u00e1s informaciones al respecto en el siguiente enlace <a href=\"https:\/\/aircashback.com\/es\/guia\/vuelos-cancelados-mallorca-todo-lo-que-necesitas-saber-sobre-los-vuelos-afectados-en-palma-de-mallorca\" target=\"_Blank\" rel=\"DoFollow noopener\">enlace<\/a> a una web especializada.<br \/>\n&nbsp;<br \/>\n&nbsp;<br \/>\nY ya ves que, para casi todo, hay soluci\u00f3n; as\u00ed que no te tomen el pelo y disfruta de tu viaje incluso aunque haya problemas con los vuelos. <strong>\u00bfY t\u00fa? \u00bfConoc\u00edas los derechos del pasajero de aerol\u00edneas?<\/strong><br \/>\n&nbsp;<\/p>\n<h4>Tambi\u00e9n te puede interesar<\/h4>\n<ul>\n<li><a href=\"https:\/\/destinocastillayleon.es\/index\/recorrer-castilla-y-leon-en-coche\/\">Recorrer Castilla y Le\u00f3n en coche<\/a>.<\/li>\n<li><a href=\"https:\/\/destinocastillayleon.es\/index\/los-derechos-del-pasajero-de-avion\/\">Los derechos del pasajero de avi\u00f3n<\/a>.<\/li>\n<li><a href=\"https:\/\/destinocastillayleon.es\/index\/consejos-para-preparar-el-coche-para-viajar\/\">Consejos para preparar el coche para viajar<\/a>.<\/li>\n<\/ul>\n<p>&nbsp;<\/p>\n","protected":false},"excerpt":{"rendered":"<p>Derechos del Pasajero de aerol\u00edneas; conoce a qu\u00e9 tienes derecho en caso de retraso o cancelaci\u00f3n de un vuelo; y c\u00f3mo reclamarlos para que estos problemas no arruinen tu viaje.<\/p>\n","protected":false},"author":2,"featured_media":39026,"comment_status":"open","ping_status":"closed","sticky":false,"template":"","format":"standard","meta":{"rop_custom_images_group":[],"rop_custom_messages_group":[],"rop_publish_now":"initial","rop_publish_now_accounts":{"twitter_1150954226_1150954226":""},"rop_publish_now_history":[],"rop_publish_now_status":"pending","footnotes":""},"categories":[77,68],"tags":[6071,6096,6097],"class_list":["post-39024","post","type-post","status-publish","format-standard","has-post-thumbnail","hentry","category-actualidad-y-agenda-de-castilla-y-leon","category-post_inicial","tag-consejos-viajeros","tag-derechos-del-pasajero","tag-overbooking"],"yoast_head":"<!-- This site is optimized with the Yoast SEO Premium plugin v20.4 (Yoast SEO v27.4) - https:\/\/yoast.com\/product\/yoast-seo-premium-wordpress\/ -->\n<title>Derechos del Pasajero de aerol\u00edneas - Destino Castilla y Le\u00f3n<\/title>\n<meta name=\"description\" content=\"Derechos del Pasajero de aerol\u00edneas; conoce a qu\u00e9 tienes derecho en caso de retraso o cancelaci\u00f3n de un vuelo; y c\u00f3mo reclamarlo.\" \/>\n<meta name=\"robots\" content=\"index, follow, max-snippet:-1, max-image-preview:large, max-video-preview:-1\" \/>\n<link rel=\"canonical\" href=\"https:\/\/destinocastillayleon.es\/index\/derechos-del-pasajero-de-aerolineas\/\" \/>\n<meta property=\"og:locale\" content=\"es_ES\" \/>\n<meta property=\"og:type\" content=\"article\" \/>\n<meta property=\"og:title\" content=\"Derechos del Pasajero de aerol\u00edneas - Destino Castilla y Le\u00f3n\" \/>\n<meta property=\"og:description\" content=\"Derechos del Pasajero de aerol\u00edneas; conoce a qu\u00e9 tienes derecho en caso de retraso o cancelaci\u00f3n de un vuelo; y c\u00f3mo reclamarlos para que estos problemas no arruinen tu viaje.\" \/>\n<meta property=\"og:url\" content=\"https:\/\/destinocastillayleon.es\/index\/derechos-del-pasajero-de-aerolineas\/\" \/>\n<meta property=\"og:site_name\" content=\"Destino Castilla y Le\u00f3n\" \/>\n<meta property=\"article:publisher\" content=\"https:\/\/www.facebook.com\/DestinoCastillaYLeon\/\" \/>\n<meta property=\"article:author\" content=\"https:\/\/www.facebook.com\/profile.php?id=1158416854\" \/>\n<meta property=\"article:published_time\" content=\"2025-05-20T08:20:25+00:00\" \/>\n<meta property=\"article:modified_time\" content=\"2025-05-20T08:45:46+00:00\" \/>\n<meta property=\"og:image\" content=\"https:\/\/destinocastillayleon.es\/index\/wp-content\/uploads\/2025\/05\/Reclama-tus-derechos-viajando-en-avion.jpg\" \/>\n\t<meta property=\"og:image:width\" content=\"1210\" \/>\n\t<meta property=\"og:image:height\" content=\"607\" \/>\n\t<meta property=\"og:image:type\" content=\"image\/jpeg\" \/>\n<meta name=\"author\" content=\"David V\u00e1zquez\" \/>\n<meta name=\"twitter:card\" content=\"summary_large_image\" \/>\n<meta name=\"twitter:title\" content=\"Derechos del Pasajero de aerol\u00edneas - Destino Castilla y Le\u00f3n\" \/>\n<meta name=\"twitter:description\" content=\"Derechos del Pasajero de aerol\u00edneas; conoce a qu\u00e9 tienes derecho en caso de retraso o cancelaci\u00f3n de un vuelo; y c\u00f3mo reclamarlos para que estos problemas no arruinen tu viaje.\" \/>\n<meta name=\"twitter:creator\" content=\"@https:\/\/twitter.com\/ContePantaleone\u200e\" \/>\n<meta name=\"twitter:site\" content=\"@destinocyl\" \/>\n<meta name=\"twitter:label1\" content=\"Escrito por\" \/>\n\t<meta name=\"twitter:data1\" content=\"David V\u00e1zquez\" \/>\n\t<meta name=\"twitter:label2\" content=\"Tiempo de lectura\" \/>\n\t<meta name=\"twitter:data2\" content=\"5 minutos\" \/>\n<script type=\"application\/ld+json\" class=\"yoast-schema-graph\">{\"@context\":\"https:\\\/\\\/schema.org\",\"@graph\":[{\"@type\":\"Article\",\"@id\":\"https:\\\/\\\/destinocastillayleon.es\\\/index\\\/derechos-del-pasajero-de-aerolineas\\\/#article\",\"isPartOf\":{\"@id\":\"https:\\\/\\\/destinocastillayleon.es\\\/index\\\/derechos-del-pasajero-de-aerolineas\\\/\"},\"author\":{\"name\":\"David V\u00e1zquez\",\"@id\":\"https:\\\/\\\/destinocastillayleon.es\\\/index\\\/#\\\/schema\\\/person\\\/189221bc8f6cc4fa28b18ad5c289d4c2\"},\"headline\":\"Todo lo que necesitas saber sobre vuelos cancelados y retrasos\",\"datePublished\":\"2025-05-20T08:20:25+00:00\",\"dateModified\":\"2025-05-20T08:45:46+00:00\",\"mainEntityOfPage\":{\"@id\":\"https:\\\/\\\/destinocastillayleon.es\\\/index\\\/derechos-del-pasajero-de-aerolineas\\\/\"},\"wordCount\":899,\"commentCount\":0,\"image\":{\"@id\":\"https:\\\/\\\/destinocastillayleon.es\\\/index\\\/derechos-del-pasajero-de-aerolineas\\\/#primaryimage\"},\"thumbnailUrl\":\"https:\\\/\\\/destinocastillayleon.es\\\/index\\\/wp-content\\\/uploads\\\/2025\\\/05\\\/Reclama-tus-derechos-viajando-en-avion.jpg\",\"keywords\":[\"Consejos viajeros\",\"Derechos del pasajero\",\"overbooking\"],\"articleSection\":[\"Actualidad\",\"Post_inicial\"],\"inLanguage\":\"es\",\"potentialAction\":[{\"@type\":\"CommentAction\",\"name\":\"Comment\",\"target\":[\"https:\\\/\\\/destinocastillayleon.es\\\/index\\\/derechos-del-pasajero-de-aerolineas\\\/#respond\"]}]},{\"@type\":\"WebPage\",\"@id\":\"https:\\\/\\\/destinocastillayleon.es\\\/index\\\/derechos-del-pasajero-de-aerolineas\\\/\",\"url\":\"https:\\\/\\\/destinocastillayleon.es\\\/index\\\/derechos-del-pasajero-de-aerolineas\\\/\",\"name\":\"Derechos del Pasajero de aerol\u00edneas - Destino Castilla y Le\u00f3n\",\"isPartOf\":{\"@id\":\"https:\\\/\\\/destinocastillayleon.es\\\/index\\\/#website\"},\"primaryImageOfPage\":{\"@id\":\"https:\\\/\\\/destinocastillayleon.es\\\/index\\\/derechos-del-pasajero-de-aerolineas\\\/#primaryimage\"},\"image\":{\"@id\":\"https:\\\/\\\/destinocastillayleon.es\\\/index\\\/derechos-del-pasajero-de-aerolineas\\\/#primaryimage\"},\"thumbnailUrl\":\"https:\\\/\\\/destinocastillayleon.es\\\/index\\\/wp-content\\\/uploads\\\/2025\\\/05\\\/Reclama-tus-derechos-viajando-en-avion.jpg\",\"datePublished\":\"2025-05-20T08:20:25+00:00\",\"dateModified\":\"2025-05-20T08:45:46+00:00\",\"author\":{\"@id\":\"https:\\\/\\\/destinocastillayleon.es\\\/index\\\/#\\\/schema\\\/person\\\/189221bc8f6cc4fa28b18ad5c289d4c2\"},\"description\":\"Derechos del Pasajero de aerol\u00edneas; conoce a qu\u00e9 tienes derecho en caso de retraso o cancelaci\u00f3n de un vuelo; y c\u00f3mo reclamarlo.\",\"breadcrumb\":{\"@id\":\"https:\\\/\\\/destinocastillayleon.es\\\/index\\\/derechos-del-pasajero-de-aerolineas\\\/#breadcrumb\"},\"inLanguage\":\"es\",\"potentialAction\":[{\"@type\":\"ReadAction\",\"target\":[\"https:\\\/\\\/destinocastillayleon.es\\\/index\\\/derechos-del-pasajero-de-aerolineas\\\/\"]}]},{\"@type\":\"ImageObject\",\"inLanguage\":\"es\",\"@id\":\"https:\\\/\\\/destinocastillayleon.es\\\/index\\\/derechos-del-pasajero-de-aerolineas\\\/#primaryimage\",\"url\":\"https:\\\/\\\/destinocastillayleon.es\\\/index\\\/wp-content\\\/uploads\\\/2025\\\/05\\\/Reclama-tus-derechos-viajando-en-avion.jpg\",\"contentUrl\":\"https:\\\/\\\/destinocastillayleon.es\\\/index\\\/wp-content\\\/uploads\\\/2025\\\/05\\\/Reclama-tus-derechos-viajando-en-avion.jpg\",\"width\":1210,\"height\":607,\"caption\":\"Reclama tus derechos viajando en avi\u00f3n\"},{\"@type\":\"BreadcrumbList\",\"@id\":\"https:\\\/\\\/destinocastillayleon.es\\\/index\\\/derechos-del-pasajero-de-aerolineas\\\/#breadcrumb\",\"itemListElement\":[{\"@type\":\"ListItem\",\"position\":1,\"name\":\"Portada\",\"item\":\"https:\\\/\\\/destinocastillayleon.es\\\/index\\\/\"},{\"@type\":\"ListItem\",\"position\":2,\"name\":\"Todo lo que necesitas saber sobre vuelos cancelados y retrasos\"}]},{\"@type\":\"WebSite\",\"@id\":\"https:\\\/\\\/destinocastillayleon.es\\\/index\\\/#website\",\"url\":\"https:\\\/\\\/destinocastillayleon.es\\\/index\\\/\",\"name\":\"Destino Castilla y Le\u00f3n\",\"description\":\"Medio digital independiente y revista de Castilla y Le\u00f3n dedicado al turismo, gastronom\u00eda y vino de Castilla y Le\u00f3n\",\"potentialAction\":[{\"@type\":\"SearchAction\",\"target\":{\"@type\":\"EntryPoint\",\"urlTemplate\":\"https:\\\/\\\/destinocastillayleon.es\\\/index\\\/?s={search_term_string}\"},\"query-input\":{\"@type\":\"PropertyValueSpecification\",\"valueRequired\":true,\"valueName\":\"search_term_string\"}}],\"inLanguage\":\"es\"},{\"@type\":\"Person\",\"@id\":\"https:\\\/\\\/destinocastillayleon.es\\\/index\\\/#\\\/schema\\\/person\\\/189221bc8f6cc4fa28b18ad5c289d4c2\",\"name\":\"David V\u00e1zquez\",\"image\":{\"@type\":\"ImageObject\",\"inLanguage\":\"es\",\"@id\":\"https:\\\/\\\/secure.gravatar.com\\\/avatar\\\/cd12db6c575a90c3b75cfa0f794b74d425201c768612fad17e9f13cd33d48be8?s=96&d=mm&r=g\",\"url\":\"https:\\\/\\\/secure.gravatar.com\\\/avatar\\\/cd12db6c575a90c3b75cfa0f794b74d425201c768612fad17e9f13cd33d48be8?s=96&d=mm&r=g\",\"contentUrl\":\"https:\\\/\\\/secure.gravatar.com\\\/avatar\\\/cd12db6c575a90c3b75cfa0f794b74d425201c768612fad17e9f13cd33d48be8?s=96&d=mm&r=g\",\"caption\":\"David V\u00e1zquez\"},\"description\":\"Ingeniero Industrial de vocaci\u00f3n y profesi\u00f3n, he encontrado en los blogs la forma de plasmar mi pasi\u00f3n por los viajes, la gastronom\u00eda y los vinos. Especialmente los procedentes de Castilla y Le\u00f3n\",\"sameAs\":[\"https:\\\/\\\/www.destinocastillayleon.es\",\"https:\\\/\\\/www.facebook.com\\\/profile.php?id=1158416854\",\"https:\\\/\\\/instagram.com\\\/conte.pantaleone\",\"https:\\\/\\\/www.linkedin.com\\\/pub\\\/david-vazquez-lozano\\\/37\\\/17a\\\/25a\",\"https:\\\/\\\/x.com\\\/https:\\\/\\\/twitter.com\\\/ContePantaleone\u200e\"],\"url\":\"https:\\\/\\\/destinocastillayleon.es\\\/index\\\/author\\\/coadministradorcyl\\\/\"}]}<\/script>\n<!-- \/ Yoast SEO Premium plugin. -->","yoast_head_json":{"title":"Derechos del Pasajero de aerol\u00edneas - Destino Castilla y Le\u00f3n","description":"Derechos del Pasajero de aerol\u00edneas; conoce a qu\u00e9 tienes derecho en caso de retraso o cancelaci\u00f3n de un vuelo; y c\u00f3mo reclamarlo.","robots":{"index":"index","follow":"follow","max-snippet":"max-snippet:-1","max-image-preview":"max-image-preview:large","max-video-preview":"max-video-preview:-1"},"canonical":"https:\/\/destinocastillayleon.es\/index\/derechos-del-pasajero-de-aerolineas\/","og_locale":"es_ES","og_type":"article","og_title":"Derechos del Pasajero de aerol\u00edneas - Destino Castilla y Le\u00f3n","og_description":"Derechos del Pasajero de aerol\u00edneas; conoce a qu\u00e9 tienes derecho en caso de retraso o cancelaci\u00f3n de un vuelo; y c\u00f3mo reclamarlos para que estos problemas no arruinen tu viaje.","og_url":"https:\/\/destinocastillayleon.es\/index\/derechos-del-pasajero-de-aerolineas\/","og_site_name":"Destino Castilla y Le\u00f3n","article_publisher":"https:\/\/www.facebook.com\/DestinoCastillaYLeon\/","article_author":"https:\/\/www.facebook.com\/profile.php?id=1158416854","article_published_time":"2025-05-20T08:20:25+00:00","article_modified_time":"2025-05-20T08:45:46+00:00","og_image":[{"width":1210,"height":607,"url":"https:\/\/destinocastillayleon.es\/index\/wp-content\/uploads\/2025\/05\/Reclama-tus-derechos-viajando-en-avion.jpg","type":"image\/jpeg"}],"author":"David V\u00e1zquez","twitter_card":"summary_large_image","twitter_title":"Derechos del Pasajero de aerol\u00edneas - Destino Castilla y Le\u00f3n","twitter_description":"Derechos del Pasajero de aerol\u00edneas; conoce a qu\u00e9 tienes derecho en caso de retraso o cancelaci\u00f3n de un vuelo; y c\u00f3mo reclamarlos para que estos problemas no arruinen tu viaje.","twitter_creator":"@https:\/\/twitter.com\/ContePantaleone\u200e","twitter_site":"@destinocyl","twitter_misc":{"Escrito por":"David V\u00e1zquez","Tiempo de lectura":"5 minutos"},"schema":{"@context":"https:\/\/schema.org","@graph":[{"@type":"Article","@id":"https:\/\/destinocastillayleon.es\/index\/derechos-del-pasajero-de-aerolineas\/#article","isPartOf":{"@id":"https:\/\/destinocastillayleon.es\/index\/derechos-del-pasajero-de-aerolineas\/"},"author":{"name":"David V\u00e1zquez","@id":"https:\/\/destinocastillayleon.es\/index\/#\/schema\/person\/189221bc8f6cc4fa28b18ad5c289d4c2"},"headline":"Todo lo que necesitas saber sobre vuelos cancelados y retrasos","datePublished":"2025-05-20T08:20:25+00:00","dateModified":"2025-05-20T08:45:46+00:00","mainEntityOfPage":{"@id":"https:\/\/destinocastillayleon.es\/index\/derechos-del-pasajero-de-aerolineas\/"},"wordCount":899,"commentCount":0,"image":{"@id":"https:\/\/destinocastillayleon.es\/index\/derechos-del-pasajero-de-aerolineas\/#primaryimage"},"thumbnailUrl":"https:\/\/destinocastillayleon.es\/index\/wp-content\/uploads\/2025\/05\/Reclama-tus-derechos-viajando-en-avion.jpg","keywords":["Consejos viajeros","Derechos del pasajero","overbooking"],"articleSection":["Actualidad","Post_inicial"],"inLanguage":"es","potentialAction":[{"@type":"CommentAction","name":"Comment","target":["https:\/\/destinocastillayleon.es\/index\/derechos-del-pasajero-de-aerolineas\/#respond"]}]},{"@type":"WebPage","@id":"https:\/\/destinocastillayleon.es\/index\/derechos-del-pasajero-de-aerolineas\/","url":"https:\/\/destinocastillayleon.es\/index\/derechos-del-pasajero-de-aerolineas\/","name":"Derechos del Pasajero de aerol\u00edneas - Destino Castilla y Le\u00f3n","isPartOf":{"@id":"https:\/\/destinocastillayleon.es\/index\/#website"},"primaryImageOfPage":{"@id":"https:\/\/destinocastillayleon.es\/index\/derechos-del-pasajero-de-aerolineas\/#primaryimage"},"image":{"@id":"https:\/\/destinocastillayleon.es\/index\/derechos-del-pasajero-de-aerolineas\/#primaryimage"},"thumbnailUrl":"https:\/\/destinocastillayleon.es\/index\/wp-content\/uploads\/2025\/05\/Reclama-tus-derechos-viajando-en-avion.jpg","datePublished":"2025-05-20T08:20:25+00:00","dateModified":"2025-05-20T08:45:46+00:00","author":{"@id":"https:\/\/destinocastillayleon.es\/index\/#\/schema\/person\/189221bc8f6cc4fa28b18ad5c289d4c2"},"description":"Derechos del Pasajero de aerol\u00edneas; conoce a qu\u00e9 tienes derecho en caso de retraso o cancelaci\u00f3n de un vuelo; y c\u00f3mo reclamarlo.","breadcrumb":{"@id":"https:\/\/destinocastillayleon.es\/index\/derechos-del-pasajero-de-aerolineas\/#breadcrumb"},"inLanguage":"es","potentialAction":[{"@type":"ReadAction","target":["https:\/\/destinocastillayleon.es\/index\/derechos-del-pasajero-de-aerolineas\/"]}]},{"@type":"ImageObject","inLanguage":"es","@id":"https:\/\/destinocastillayleon.es\/index\/derechos-del-pasajero-de-aerolineas\/#primaryimage","url":"https:\/\/destinocastillayleon.es\/index\/wp-content\/uploads\/2025\/05\/Reclama-tus-derechos-viajando-en-avion.jpg","contentUrl":"https:\/\/destinocastillayleon.es\/index\/wp-content\/uploads\/2025\/05\/Reclama-tus-derechos-viajando-en-avion.jpg","width":1210,"height":607,"caption":"Reclama tus derechos viajando en avi\u00f3n"},{"@type":"BreadcrumbList","@id":"https:\/\/destinocastillayleon.es\/index\/derechos-del-pasajero-de-aerolineas\/#breadcrumb","itemListElement":[{"@type":"ListItem","position":1,"name":"Portada","item":"https:\/\/destinocastillayleon.es\/index\/"},{"@type":"ListItem","position":2,"name":"Todo lo que necesitas saber sobre vuelos cancelados y retrasos"}]},{"@type":"WebSite","@id":"https:\/\/destinocastillayleon.es\/index\/#website","url":"https:\/\/destinocastillayleon.es\/index\/","name":"Destino Castilla y Le\u00f3n","description":"Medio digital independiente y revista de Castilla y Le\u00f3n dedicado al turismo, gastronom\u00eda y vino de Castilla y Le\u00f3n","potentialAction":[{"@type":"SearchAction","target":{"@type":"EntryPoint","urlTemplate":"https:\/\/destinocastillayleon.es\/index\/?s={search_term_string}"},"query-input":{"@type":"PropertyValueSpecification","valueRequired":true,"valueName":"search_term_string"}}],"inLanguage":"es"},{"@type":"Person","@id":"https:\/\/destinocastillayleon.es\/index\/#\/schema\/person\/189221bc8f6cc4fa28b18ad5c289d4c2","name":"David V\u00e1zquez","image":{"@type":"ImageObject","inLanguage":"es","@id":"https:\/\/secure.gravatar.com\/avatar\/cd12db6c575a90c3b75cfa0f794b74d425201c768612fad17e9f13cd33d48be8?s=96&d=mm&r=g","url":"https:\/\/secure.gravatar.com\/avatar\/cd12db6c575a90c3b75cfa0f794b74d425201c768612fad17e9f13cd33d48be8?s=96&d=mm&r=g","contentUrl":"https:\/\/secure.gravatar.com\/avatar\/cd12db6c575a90c3b75cfa0f794b74d425201c768612fad17e9f13cd33d48be8?s=96&d=mm&r=g","caption":"David V\u00e1zquez"},"description":"Ingeniero Industrial de vocaci\u00f3n y profesi\u00f3n, he encontrado en los blogs la forma de plasmar mi pasi\u00f3n por los viajes, la gastronom\u00eda y los vinos. Especialmente los procedentes de Castilla y Le\u00f3n","sameAs":["https:\/\/www.destinocastillayleon.es","https:\/\/www.facebook.com\/profile.php?id=1158416854","https:\/\/instagram.com\/conte.pantaleone","https:\/\/www.linkedin.com\/pub\/david-vazquez-lozano\/37\/17a\/25a","https:\/\/x.com\/https:\/\/twitter.com\/ContePantaleone\u200e"],"url":"https:\/\/destinocastillayleon.es\/index\/author\/coadministradorcyl\/"}]}},"_links":{"self":[{"href":"https:\/\/destinocastillayleon.es\/index\/wp-json\/wp\/v2\/posts\/39024","targetHints":{"allow":["GET"]}}],"collection":[{"href":"https:\/\/destinocastillayleon.es\/index\/wp-json\/wp\/v2\/posts"}],"about":[{"href":"https:\/\/destinocastillayleon.es\/index\/wp-json\/wp\/v2\/types\/post"}],"author":[{"embeddable":true,"href":"https:\/\/destinocastillayleon.es\/index\/wp-json\/wp\/v2\/users\/2"}],"replies":[{"embeddable":true,"href":"https:\/\/destinocastillayleon.es\/index\/wp-json\/wp\/v2\/comments?post=39024"}],"version-history":[{"count":8,"href":"https:\/\/destinocastillayleon.es\/index\/wp-json\/wp\/v2\/posts\/39024\/revisions"}],"predecessor-version":[{"id":39035,"href":"https:\/\/destinocastillayleon.es\/index\/wp-json\/wp\/v2\/posts\/39024\/revisions\/39035"}],"wp:featuredmedia":[{"embeddable":true,"href":"https:\/\/destinocastillayleon.es\/index\/wp-json\/wp\/v2\/media\/39026"}],"wp:attachment":[{"href":"https:\/\/destinocastillayleon.es\/index\/wp-json\/wp\/v2\/media?parent=39024"}],"wp:term":[{"taxonomy":"category","embeddable":true,"href":"https:\/\/destinocastillayleon.es\/index\/wp-json\/wp\/v2\/categories?post=39024"},{"taxonomy":"post_tag","embeddable":true,"href":"https:\/\/destinocastillayleon.es\/index\/wp-json\/wp\/v2\/tags?post=39024"}],"curies":[{"name":"wp","href":"https:\/\/api.w.org\/{rel}","templated":true}]}}