{"id":38983,"date":"2025-01-28T08:01:51","date_gmt":"2025-01-28T07:01:51","guid":{"rendered":"https:\/\/destinocastillayleon.es\/index\/?p=38983"},"modified":"2025-05-21T16:38:03","modified_gmt":"2025-05-21T14:38:03","slug":"fin-de-semana-en-madrid","status":"publish","type":"post","link":"https:\/\/destinocastillayleon.es\/index\/fin-de-semana-en-madrid\/","title":{"rendered":"Qu\u00e9 ver en un fin de semana en Madrid"},"content":{"rendered":"<p>Aunque Destino Castilla y Le\u00f3n hablamos de Castilla y Le\u00f3n, <strong>os tenemos que compartir que nos toca vivir en Madrid.<\/strong> Por eso, queremos contaros muy r\u00e1pidamente y sin \u00e1nimo a que esto sea una gu\u00eda, <strong>c\u00f3mo organizarte un fin de semana Madrid.<\/strong><\/p>\n<h3><strong>\u00cdndice de contenidos<\/strong><\/h3>\n<p>Hemos preparado un peque\u00f1o \u00edndice de los principales lugares que os recomendamos visitar dentro de una visita de fin de semana en Madrid.<\/p>\n<p><strong>Imprescindibles de Madrid<\/strong><\/p>\n<ul>\n<li><a href=\"#Puerta-del-Sol\">La Puerta del Sol<\/a>.<\/li>\n<li><a href=\"#Prado\">Museo del Prado<\/a>.<\/li>\n<li><a href=\"#Real\">Palacio Real<\/a>.<\/li>\n<li><a href=\"#Opera\">El Real de la \u00d3pera<\/a>.<\/li>\n<li><a href=\"#Letras\">Barrio de las Letras y el Barrio de Huerta<\/a>.<\/li>\n<li><a href=\"#Rastro\">Lavapi\u00e9s, La Latina y el Rastro<\/a>.<\/li>\n<\/ul>\n<p><strong>Imprescindibles de Madrid<\/strong><\/p>\n<ul>\n<li><a href=\"#Llegar\">\u00bfC\u00f3mo llegar?<\/a><\/li>\n<li><a href=\"#Comer\">\u00bfD\u00f3nde comer?<\/a><\/li>\n<li><a href=\"#Dormir\">\u00bfD\u00f3nde dormir?<\/a><\/li>\n<li><a href=\"#Historia\">Breve historia de la ciudad<\/a>.<\/li>\n<\/ul>\n<p>Esperamos que esta propuesta de <strong>lugares imprescindibles,<\/strong> os sea de inter\u00e9s y disfrut\u00e9is mucho de la capital de Espa\u00f1a.<br \/>\n&nbsp;<\/p>\n<h3><strong>Preparando el viaje<\/strong><\/h3>\n<p><strong>Viajar a la capital nueva del reino, como nos gusta decir en Valladolid, puede ser muy sencillo,<\/strong> sobre todo ahora que hay muchas comunicaciones con las principales capitales de Castilla y Le\u00f3n, <strong>especialmente desde Valladolid y Segovia,<\/strong> pero tambi\u00e9n ya desde Zamora, Le\u00f3n, Palencia y Burgos.<\/p>\n<figure id=\"attachment_30121\" aria-describedby=\"caption-attachment-30121\" style=\"width: 580px\" class=\"wp-caption aligncenter\"><img decoding=\"async\" src=\"https:\/\/destinocastillayleon.es\/index\/wp-content\/uploads\/2017\/06\/71f862eec8cde726e49f511712ce4f74.jpg\" alt=\"Tren Alvia llegando a la Estaci\u00f3n de Valladolid - Imagen de Wikipedia\" width=\"580\" class=\"size-full wp-image-30121\" srcset=\"https:\/\/destinocastillayleon.es\/index\/wp-content\/uploads\/2017\/06\/71f862eec8cde726e49f511712ce4f74.jpg 640w, https:\/\/destinocastillayleon.es\/index\/wp-content\/uploads\/2017\/06\/71f862eec8cde726e49f511712ce4f74-300x200.jpg 300w, https:\/\/destinocastillayleon.es\/index\/wp-content\/uploads\/2017\/06\/71f862eec8cde726e49f511712ce4f74-600x400.jpg 600w\" sizes=\"(max-width: 640px) 100vw, 640px\" \/><figcaption id=\"caption-attachment-30121\" class=\"wp-caption-text\">Tren Alvia llegando a la Estaci\u00f3n de Valladolid &#8211; Imagen de Wikipedia<\/figcaption><\/figure>\n<blockquote><p>Y es que no deja de ser turismo de interior, con un marcado toque cultural, de ocio, y si quer\u00e9is, gastron\u00f3mico. Y de eso sabemos mucho en este medio.<\/p><\/blockquote>\n<p>Siendo as\u00ed, organizarte un fin de semana en Madrid para dos<strong> es una buena excusa para divertirse y visitar esta villa,<\/strong> no nos olvidemos de este detalle, tan interesante. Y para que tu fin de semana sea agradable <strong>y con tantas cosas que puede ver y hacer, es bueno pararse un poco y pensar en qu\u00e9 ver en Madrid. <\/strong><\/p>\n<h4><strong>\u00bfC\u00f3mo planificar un fin de semana en Madrid? <\/strong><\/h4>\n<p>Ya que estamos hablando de un viaje corto, <strong>basta con llevar una maleta de mano para tus cosas o una buena mochila urbana<\/strong> con correas c\u00f3modas. \u00bfC\u00f3mo planificar un fin de semana en Madrid? <\/p>\n<figure id=\"attachment_34854\" aria-describedby=\"caption-attachment-34854\" style=\"width: 580px\" class=\"wp-caption aligncenter\"><img decoding=\"async\" src=\"https:\/\/destinocastillayleon.es\/index\/wp-content\/uploads\/2021\/12\/752ae821d6f3cb9544b6f337efbb3eb3.jpg\" alt=\"Estaci\u00f3n de Chamart\u00edn de Madrid - Imagen de Wikipedia\" width=\"580\" class=\"size-full wp-image-34854\" srcset=\"https:\/\/destinocastillayleon.es\/index\/wp-content\/uploads\/2021\/12\/752ae821d6f3cb9544b6f337efbb3eb3.jpg 640w, https:\/\/destinocastillayleon.es\/index\/wp-content\/uploads\/2021\/12\/752ae821d6f3cb9544b6f337efbb3eb3-300x169.jpg 300w\" sizes=\"(max-width: 640px) 100vw, 640px\" \/><figcaption id=\"caption-attachment-34854\" class=\"wp-caption-text\">Estaci\u00f3n de Chamart\u00edn de Madrid &#8211; Imagen de Wikipedia<\/figcaption><\/figure>\n<p><strong>Si no sois muchos, uno de los medios m\u00e1s c\u00f3modos es en tren, especialmente desde nuestra Castilla y Le\u00f3n.<\/strong> Desde la comodidad que te da llegar a la estaci\u00f3n de Chamart\u00edn. Desde all\u00ed, pod\u00e9is reservar el servicio <a href=\"https:\/\/kiwitaxi.com\/es\" target=\"_Blank\" rel=\"noreferrer DoFollow noopener\">Kiwitaxi<\/a> o equivalente, que funcionan como <em>transfer<\/em>, sobre todo si no te manejas con el metro. Estos servicios le facilitar\u00e1n moverse por la ciudad y tambi\u00e9n le crear\u00e1n seguridad. Tambi\u00e9n hay <strong>muchas combinaciones en autob\u00fas<\/strong> desde las estaciones de Mendez \u00c1lvaro, Puerta de Am\u00e9rica o Moncloa. <\/p>\n<blockquote><p>Si nos pregunt\u00e1is, el mejor momento para visitar Madrid es en mayo, porque hace mucho calor y muchos madrile\u00f1os aprovechan los puentes para salir de la ciudad.<\/p><\/blockquote>\n<p>Y es que, en Madrid, <strong>puedes disfrutar de casi cualquier atracci\u00f3n cultural de toda Espa\u00f1a, y hasta de todo el mundo.<\/strong> Desde la cl\u00e1sica visita a sus museos, a los musicales m\u00e1s actuales,.. o al mejor flamenco, pasando por ritmos hispanoamericanos o m\u00fasica electr\u00f3nica de \u00faltima tendencia. <\/p>\n<p><figure id=\"attachment_38991\" aria-describedby=\"caption-attachment-38991\" style=\"width: 580px\" class=\"wp-caption aligncenter\"><img decoding=\"async\" src=\"https:\/\/destinocastillayleon.es\/index\/wp-content\/uploads\/2025\/01\/Lugares-donde-disfrutar-flamenco-en-Madrid-Destino-y-Sabor.jpg\" alt=\"fin de semana en Madrid\" title=\"Lugares donde disfrutar flamenco en Madrid - Destino y Sabor\" width=\"580\" class=\"size-full wp-image-38991\" srcset=\"https:\/\/destinocastillayleon.es\/index\/wp-content\/uploads\/2025\/01\/Lugares-donde-disfrutar-flamenco-en-Madrid-Destino-y-Sabor.jpg 640w, https:\/\/destinocastillayleon.es\/index\/wp-content\/uploads\/2025\/01\/Lugares-donde-disfrutar-flamenco-en-Madrid-Destino-y-Sabor-300x169.jpg 300w\" sizes=\"(max-width: 640px) 100vw, 640px\" \/><figcaption id=\"caption-attachment-38991\" class=\"wp-caption-text\">Lugares donde disfrutar flamenco en Madrid &#8211; Destino y Sabor<\/figcaption><\/figure><br \/>\n&nbsp;<\/p>\n<h2><strong>Planifica tu fin de semana en Madrid<\/strong><\/h2>\n<p>En esta ciudad, <strong>la historia y la arquitectura moderna se mezclan armoniosamente, como lo ejemplifica la Puerta de Europa,<\/strong> dos torres gemelas de 115 metros de altura inclinadas una hacia la otra, y no a mucha distancia, un resto de patrimonio industrial con las instalaciones de El Canal de Ysabel II, y los palacetes del Paseo de la Castellana, Prado y Recoletos. <\/p>\n<figure id=\"attachment_38995\" aria-describedby=\"caption-attachment-38995\" style=\"width: 640px\" class=\"wp-caption aligncenter\"><img decoding=\"async\" src=\"https:\/\/destinocastillayleon.es\/index\/wp-content\/uploads\/2025\/01\/Plaza-de-Castilla-de-Madrid-Imagen-cc-Wikipedia.jpg\" alt=\"fin de semana en Madrid\" title=\"Plaza de Castilla de Madrid - Imagen cc Wikipedia\" width=\"640\" height=\"360\" class=\"size-full wp-image-38995\" srcset=\"https:\/\/destinocastillayleon.es\/index\/wp-content\/uploads\/2025\/01\/Plaza-de-Castilla-de-Madrid-Imagen-cc-Wikipedia.jpg 640w, https:\/\/destinocastillayleon.es\/index\/wp-content\/uploads\/2025\/01\/Plaza-de-Castilla-de-Madrid-Imagen-cc-Wikipedia-300x169.jpg 300w\" sizes=\"(max-width: 640px) 100vw, 640px\" \/><figcaption id=\"caption-attachment-38995\" class=\"wp-caption-text\">Plaza de Castilla de Madrid &#8211; Imagen cc Wikipedia<\/figcaption><\/figure>\n<blockquote><p>Madrid a\u00fan conserva majestuosos palacios que, tras el reinado de dos poderosas familias, los Habsburgo y los Borbones, causan una gran impresi\u00f3n. <\/p><\/blockquote>\n<p><strong>Uno de ellos alberga el Museo del Prado,<\/strong> que alberga obras maestras de los m\u00e1s grandes artistas espa\u00f1oles, como Vel\u00e1zquez y Goya. Tambi\u00e9n <strong>puedes visitar el palacio real,<\/strong> el segundo m\u00e1s grande despu\u00e9s del Hermitage en San Petersburgo.<br \/>\n&nbsp;<\/p>\n<h2><strong>\u00bfQu\u00e9 ver en Madrid? <\/strong><\/h2>\n<p><strong>Imposible condensar en una \u00fanica publicaci\u00f3n<\/strong> todos los imprescindibles, y es que, para cada persona, seguro que hay mil cosas distintas para ver. Pero vamos a tratar de tirar de t\u00f3picos y t\u00edpicos, que toda persona deber\u00eda conocer al menos una vez. <a name=\"Puerta-del-Sol\"><\/a> <\/p>\n<h3><strong>La Puerta del Sol<\/strong><\/h3>\n<p>La Puerta del Sol <strong>es una plaza en pleno centro de la ciudad;<\/strong> Su nombre proviene de que una antigua puerta medieval daba al este, y era por donde entraban los primeros rayos de luz a la villa. Es uno de los sitios m\u00e1s famosos, por ser un lugar de reuni\u00f3n conocido, ruidoso y concurrido. Adem\u00e1s de <strong>ser el lugar desde donde suenan las 12 campanadas<\/strong> de a\u00f1o nuevo.<\/p>\n<figure id=\"attachment_38990\" aria-describedby=\"caption-attachment-38990\" style=\"width: 640px\" class=\"wp-caption aligncenter\"><img decoding=\"async\" src=\"https:\/\/destinocastillayleon.es\/index\/wp-content\/uploads\/2025\/01\/Puerta-del-Sol-de-Madrid-Imagen-de-Mirador-Madrid.jpg\" alt=\"fin de semana en Madrid\" title=\"Puerta del Sol de Madrid - Imagen de Mirador Madrid\" width=\"640\" height=\"360\" class=\"size-full wp-image-38990\" srcset=\"https:\/\/destinocastillayleon.es\/index\/wp-content\/uploads\/2025\/01\/Puerta-del-Sol-de-Madrid-Imagen-de-Mirador-Madrid.jpg 640w, https:\/\/destinocastillayleon.es\/index\/wp-content\/uploads\/2025\/01\/Puerta-del-Sol-de-Madrid-Imagen-de-Mirador-Madrid-300x169.jpg 300w\" sizes=\"(max-width: 640px) 100vw, 640px\" \/><figcaption id=\"caption-attachment-38990\" class=\"wp-caption-text\">Puerta del Sol de Madrid &#8211; Imagen de Mirador Madrid<\/figcaption><\/figure>\n<p>En el centro <strong>hay una estatua de Carlos III y dos fuentes;<\/strong> un para\u00edso para las palomas cansadas del calor del verano. En el lado sur se encuentra <strong>la Casa de Correos,<\/strong> construida en el siglo XVIII como oficina de correos de la ciudad; El edificio es un aut\u00e9ntico testigo de la historia: basta recordar, por ejemplo, que desde su balc\u00f3n se proclam\u00f3 la Segunda Rep\u00fablica en 1931 y es actualmente <strong>la sede del gobierno de la Comunidad de Madrid.<\/strong> <a name=\"Prado\"><\/a><\/p>\n<h3><strong>El Museo de Prado y otros museos de arte<\/strong><\/h3>\n<p>El Museo del Prado es <strong>el museo m\u00e1s famoso de Madrid y uno de los m\u00e1s famosos del mundo.<\/strong> Tiene una colecci\u00f3n extremadamente rica de <strong>m\u00e1s de ocho mil quinientas piezas.<\/strong> pinturas, incluidas las mejores colecciones de Diego Vel\u00e1zquez, Francisco de Goya o El Bosco, entre otras. Todo aficionado al arte que visite Madrid debe agendar una visita a este Museo del Prado. <\/p>\n<figure id=\"attachment_38992\" aria-describedby=\"caption-attachment-38992\" style=\"width: 640px\" class=\"wp-caption aligncenter\"><img decoding=\"async\" src=\"https:\/\/destinocastillayleon.es\/index\/wp-content\/uploads\/2025\/01\/Museo-del-Prado-de-Madrid-Imagen-cc-Wikipedia.jpg\" alt=\"fin de semana en Madrid\" title=\"Museo del Prado de Madrid - Imagen cc Wikipedia\" width=\"640\" height=\"428\" class=\"size-full wp-image-38992\" srcset=\"https:\/\/destinocastillayleon.es\/index\/wp-content\/uploads\/2025\/01\/Museo-del-Prado-de-Madrid-Imagen-cc-Wikipedia.jpg 640w, https:\/\/destinocastillayleon.es\/index\/wp-content\/uploads\/2025\/01\/Museo-del-Prado-de-Madrid-Imagen-cc-Wikipedia-300x200.jpg 300w, https:\/\/destinocastillayleon.es\/index\/wp-content\/uploads\/2025\/01\/Museo-del-Prado-de-Madrid-Imagen-cc-Wikipedia-600x400.jpg 600w\" sizes=\"(max-width: 640px) 100vw, 640px\" \/><figcaption id=\"caption-attachment-38992\" class=\"wp-caption-text\">Museo del Prado de Madrid &#8211; Imagen cc Wikipedia<\/figcaption><\/figure>\n<p>Y desde luego para los amantes de las pinacotecas, a pocos metros, <strong>se complementa la visita con el Museo Thyssen,<\/strong> otra de las mejores pinacotecas del mundo con todo tipo de obras de arte.<\/p>\n<figure id=\"attachment_38993\" aria-describedby=\"caption-attachment-38993\" style=\"width: 640px\" class=\"wp-caption aligncenter\"><img decoding=\"async\" src=\"https:\/\/destinocastillayleon.es\/index\/wp-content\/uploads\/2025\/01\/Museo-Thyssen-de-Madrid-Imagen-de-Masdearte.jpg\" alt=\"Museo Thyssen de Madrid - Imagen de Masdearte\" width=\"640\" height=\"360\" class=\"size-full wp-image-38993\" srcset=\"https:\/\/destinocastillayleon.es\/index\/wp-content\/uploads\/2025\/01\/Museo-Thyssen-de-Madrid-Imagen-de-Masdearte.jpg 640w, https:\/\/destinocastillayleon.es\/index\/wp-content\/uploads\/2025\/01\/Museo-Thyssen-de-Madrid-Imagen-de-Masdearte-300x169.jpg 300w\" sizes=\"(max-width: 640px) 100vw, 640px\" \/><figcaption id=\"caption-attachment-38993\" class=\"wp-caption-text\">Museo Thyssen de Madrid &#8211; Imagen de Masdearte<\/figcaption><\/figure>\n<p>Y no muy lejos, <strong>est\u00e1 tambi\u00e9n el Museo de arte moderno Reina Sof\u00eda,<\/strong> que es otro exponente internacional de arte a nivel internacional. Todo, conectado por apenas 300 metros.<a name=\"Real\"><\/a><\/p>\n<h3><strong>El Palacio Real de Madrid<\/strong><\/h3>\n<p>El Palacio Real es <strong>el s\u00edmbolo de la monarqu\u00eda espa\u00f1ola,<\/strong> aunque el rey y su familia trasladaron su residencia oficial al Palacio de la Zarzuela, m\u00e1s peque\u00f1o y c\u00f3modo. El enorme palacio fue construido siguiendo las trazas italianas de Juan Bautista Sachetti, con una impronta m\u00e1s hisp\u00e1nica, por parte del arquitecto Ventura Rodr\u00edguez, (arquitecto del ayuntamiento de <a href=\"https:\/\/destinocastillayleon.es\/index\/oferta-turistica-de-la-seca\/#Patrimonio\">La Seca<\/a>), <\/p>\n<figure id=\"attachment_38994\" aria-describedby=\"caption-attachment-38994\" style=\"width: 640px\" class=\"wp-caption aligncenter\"><img decoding=\"async\" src=\"https:\/\/destinocastillayleon.es\/index\/wp-content\/uploads\/2025\/01\/Palacio-Real-de-Madrid-Imagen-de-Guia-Turistica-de-Madrid.jpg\" alt=\"fin de semana en Madrid\" title=\"Palacio Real de Madrid - Imagen de Gu\u00eda Tur\u00edstica de Madrid\" width=\"640\" height=\"360\" class=\"size-full wp-image-38994\" srcset=\"https:\/\/destinocastillayleon.es\/index\/wp-content\/uploads\/2025\/01\/Palacio-Real-de-Madrid-Imagen-de-Guia-Turistica-de-Madrid.jpg 640w, https:\/\/destinocastillayleon.es\/index\/wp-content\/uploads\/2025\/01\/Palacio-Real-de-Madrid-Imagen-de-Guia-Turistica-de-Madrid-300x169.jpg 300w\" sizes=\"(max-width: 640px) 100vw, 640px\" \/><figcaption id=\"caption-attachment-38994\" class=\"wp-caption-text\">Palacio Real de Madrid &#8211; Imagen de Gu\u00eda Tur\u00edstica de Madrid<\/figcaption><\/figure>\n<p>Este palacio <strong>se levant\u00f3 por orden de Felipe V, el primer rey Borb\u00f3n, al quemarse en 1734 el antiguo Alc\u00e1zar de Madrid,<\/strong> una construcci\u00f3n de origen medieval y ampliada en muchas ocasiones por la dinast\u00eda de los Hasburgo espa\u00f1oles. <a name=\"Opera\"><\/a><\/p>\n<h3><strong>El Real de la \u00d3pera<\/strong><\/h3>\n<p>La \u00d3pera <strong>es un edificio de planta hexagonal irregular del Teatro Real, tambi\u00e9n llamado Casa de la \u00d3pera,<\/strong> construido entre 1817 y 1850. Debido a las aguas subterr\u00e1neas, corr\u00eda peligro de derrumbe, por lo que en el siglo XX fue cerrado, restaurado y reabierto en 1966 como sala de conciertos.<\/p>\n<figure id=\"attachment_38988\" aria-describedby=\"caption-attachment-38988\" style=\"width: 640px\" class=\"wp-caption aligncenter\"><img decoding=\"async\" src=\"https:\/\/destinocastillayleon.es\/index\/wp-content\/uploads\/2025\/01\/Plaza-de-la-Opera-Imagen-de-Turismo-Madrid.jpg\" alt=\"Plaza de la \u00d3pera - Imagen de Turismo Madrid\" width=\"640\" height=\"360\" class=\"size-full wp-image-38988\" srcset=\"https:\/\/destinocastillayleon.es\/index\/wp-content\/uploads\/2025\/01\/Plaza-de-la-Opera-Imagen-de-Turismo-Madrid.jpg 640w, https:\/\/destinocastillayleon.es\/index\/wp-content\/uploads\/2025\/01\/Plaza-de-la-Opera-Imagen-de-Turismo-Madrid-300x169.jpg 300w\" sizes=\"(max-width: 640px) 100vw, 640px\" \/><figcaption id=\"caption-attachment-38988\" class=\"wp-caption-text\">Plaza de la \u00d3pera &#8211; Imagen de Turismo Madrid<\/figcaption><\/figure>\n<p>Junto a este templo de la m\u00fasica, en el Hotel \u00d3pera, <strong>puedes disfrutar de sus <a href=\"https:\/\/destinoysabor.com\/blog\/cena-cantada-en-el-cafe-de-la-opera\/\" rel=\"noopener\" target=\"_blank\">cenas con espect\u00e1culo<\/a> oper\u00edstico.<\/strong> Un imprescindible si te gusta este noble arte. <a name=\"Letras\"><\/a><\/p>\n<h3><strong>El Barrio de las Letras y el Barrio de Huertas<\/strong><\/h3>\n<p>Una de las zonas m\u00e1s bohemias de Madrid, al tiempo que vanguardista, <strong>son la zona de los barrios de Huertas y de Las Letras.<\/strong> Sin duda unos barrios de lo m\u00e1s interesantes de Madrid. <\/p>\n<figure id=\"attachment_38989\" aria-describedby=\"caption-attachment-38989\" style=\"width: 640px\" class=\"wp-caption aligncenter\"><img decoding=\"async\" src=\"https:\/\/destinocastillayleon.es\/index\/wp-content\/uploads\/2025\/01\/Plaza-de-Santa-Ana-de-Madrid-icono-del-barrio-de-Huertas-Imagen-cc-Wikiledia.jpg\" alt=\"Plaza de Santa Ana de Madrid, icono del barrio de Huertas - Imagen cc Wikipedia\" width=\"640\" height=\"360\" class=\"size-full wp-image-38989\" srcset=\"https:\/\/destinocastillayleon.es\/index\/wp-content\/uploads\/2025\/01\/Plaza-de-Santa-Ana-de-Madrid-icono-del-barrio-de-Huertas-Imagen-cc-Wikiledia.jpg 640w, https:\/\/destinocastillayleon.es\/index\/wp-content\/uploads\/2025\/01\/Plaza-de-Santa-Ana-de-Madrid-icono-del-barrio-de-Huertas-Imagen-cc-Wikiledia-300x169.jpg 300w\" sizes=\"(max-width: 640px) 100vw, 640px\" \/><figcaption id=\"caption-attachment-38989\" class=\"wp-caption-text\">Plaza de Santa Ana de Madrid, icono del barrio de Huertas &#8211; Imagen cc Wikipedia<\/figcaption><\/figure>\n<p>Sus nombres <strong>se deben a las antiguas huertas que hubo en otras \u00e9pocas,<\/strong> donde la ciudad no alcanzaba m\u00e1s lejos, mientras que el otro, se debe a que <strong>en esta zona habitaron gran cantidad de los grandes autores del siglo de oro espa\u00f1ol,<\/strong> as\u00ed como otros literatos famosos posteriores, como Valle Incl\u00e1n.<\/p>\n<figure id=\"attachment_39003\" aria-describedby=\"caption-attachment-39003\" style=\"width: 640px\" class=\"wp-caption aligncenter\"><img decoding=\"async\" src=\"https:\/\/destinocastillayleon.es\/index\/wp-content\/uploads\/2025\/01\/Valladolid-en-el-Barrio-de-las-Letras-de-Madrid-Destino-y-Sabor.jpg\" alt=\"Valladolid en el Barrio de las Letras de Madrid - Destino y Sabor\" width=\"640\" height=\"360\" class=\"size-full wp-image-39003\" srcset=\"https:\/\/destinocastillayleon.es\/index\/wp-content\/uploads\/2025\/01\/Valladolid-en-el-Barrio-de-las-Letras-de-Madrid-Destino-y-Sabor.jpg 640w, https:\/\/destinocastillayleon.es\/index\/wp-content\/uploads\/2025\/01\/Valladolid-en-el-Barrio-de-las-Letras-de-Madrid-Destino-y-Sabor-300x169.jpg 300w\" sizes=\"(max-width: 640px) 100vw, 640px\" \/><figcaption id=\"caption-attachment-39003\" class=\"wp-caption-text\">Valladolid en el Barrio de las Letras de Madrid &#8211; Destino y Sabor<\/figcaption><\/figure>\n<p>Varias <strong>plazas en la zona son el epicentro de esta zona de callejuelas estrechas llenas de lugares con encanto,<\/strong> con numerosos caf\u00e9s y algunos de los mejores bares de tapas, lo que actualmente atrae a cada vez m\u00e1s turistas. <a name=\"Rastro\"><\/a><\/p>\n<h3><strong>El Castizo Lavapi\u00e9s, La Latina y el Rastro<\/strong><\/h3>\n<p>Otra zona castiza es sin duda <strong>el multicultural barrio de Lavapi\u00e9s.<\/strong> Un crisol de culturas. Y aunque a algunas horas puede no ser muy recomendable, a\u00fan posee su encanto con locales peque\u00f1os y gastronom\u00edas de todo el mundo.<\/p>\n<figure id=\"attachment_39004\" aria-describedby=\"caption-attachment-39004\" style=\"width: 338px\" class=\"wp-caption aligncenter\"><img decoding=\"async\" src=\"https:\/\/destinocastillayleon.es\/index\/wp-content\/uploads\/2025\/01\/Calles-de-Lavapies-Imagen-de-Devivo.jpg\" alt=\"Calles de Lavapi\u00e9s - Imagen de Devivo\" width=\"338\" height=\"420\" class=\"size-full wp-image-39004\" srcset=\"https:\/\/destinocastillayleon.es\/index\/wp-content\/uploads\/2025\/01\/Calles-de-Lavapies-Imagen-de-Devivo.jpg 338w, https:\/\/destinocastillayleon.es\/index\/wp-content\/uploads\/2025\/01\/Calles-de-Lavapies-Imagen-de-Devivo-241x300.jpg 241w\" sizes=\"(max-width: 338px) 100vw, 338px\" \/><figcaption id=\"caption-attachment-39004\" class=\"wp-caption-text\">Calles de Lavapi\u00e9s &#8211; Imagen de Devivo<\/figcaption><\/figure>\n<p>Para un fin de semana en Madrid, <strong>no te olvides de darte una vuelta por el mercadillo de El Rastro,<\/strong> aunque ya hay otros Rastros por Madrid, aunque sin el mismo encanto. Entre Lavapi\u00e9s y la Latina todos los domingos, haga el tiempo que haga, comerciantes profesionales, y a veces no tan profesionales, <strong>ofrecen sus mercanc\u00edas de todo tipo<\/strong> los domingos por la ma\u00f1ana.<\/p>\n<figure id=\"attachment_39002\" aria-describedby=\"caption-attachment-39002\" style=\"width: 640px\" class=\"wp-caption aligncenter\"><img decoding=\"async\" src=\"https:\/\/destinocastillayleon.es\/index\/wp-content\/uploads\/2025\/01\/El-Rastro-un-mercadillo-popular-de-Madrid-Image-de-El-Estornudo.jpg\" alt=\"El Rastro, un mercadillo popular de Madrid - Imagen de El Estornudo\" width=\"640\" height=\"360\" class=\"size-full wp-image-39002\" srcset=\"https:\/\/destinocastillayleon.es\/index\/wp-content\/uploads\/2025\/01\/El-Rastro-un-mercadillo-popular-de-Madrid-Image-de-El-Estornudo.jpg 640w, https:\/\/destinocastillayleon.es\/index\/wp-content\/uploads\/2025\/01\/El-Rastro-un-mercadillo-popular-de-Madrid-Image-de-El-Estornudo-300x169.jpg 300w\" sizes=\"(max-width: 640px) 100vw, 640px\" \/><figcaption id=\"caption-attachment-39002\" class=\"wp-caption-text\">El Rastro, un mercadillo popular de Madrid &#8211; Imagen de El Estornudo<\/figcaption><\/figure>\n<p>Y no te olvides de darte <strong>una vuelta por el barrio de La Latina, junto al mercado hom\u00f3nimo.<\/strong> Adem\u00e1s de tomarte un vino o una ca\u00f1a (Madrid es una ciudad de cerveza, aunque los vinos de su denominaci\u00f3n de origen son cada vez mejores), acompa\u00f1ado de una tapa; Puedes visitar <strong>el Museo arqueol\u00f3gico de la ciudad,<\/strong> en la casa en la que trabajaba San Isidro Labrador. Sin duda, una experiencia \u00fanica.<\/p>\n<figure id=\"attachment_39001\" aria-describedby=\"caption-attachment-39001\" style=\"width: 640px\" class=\"wp-caption aligncenter\"><img decoding=\"async\" src=\"https:\/\/destinocastillayleon.es\/index\/wp-content\/uploads\/2025\/01\/Plaza-de-San-Andres-de-La-Larina-Imagen-de-Madrid-Secreto.jpg\" alt=\"Plaza de San Andr\u00e9s de La Latina - Imagen de Madrid Secreto\" width=\"640\" height=\"360\" class=\"size-full wp-image-39001\" srcset=\"https:\/\/destinocastillayleon.es\/index\/wp-content\/uploads\/2025\/01\/Plaza-de-San-Andres-de-La-Larina-Imagen-de-Madrid-Secreto.jpg 640w, https:\/\/destinocastillayleon.es\/index\/wp-content\/uploads\/2025\/01\/Plaza-de-San-Andres-de-La-Larina-Imagen-de-Madrid-Secreto-300x169.jpg 300w\" sizes=\"(max-width: 640px) 100vw, 640px\" \/><figcaption id=\"caption-attachment-39001\" class=\"wp-caption-text\">Plaza de San Andr\u00e9s de La Latina &#8211; Imagen de Madrid Secreto<\/figcaption><\/figure>\n<p>Y ya os decimos <strong>que esto solo es una parte peque\u00f1a de todo lo que habr\u00eda que visitar en Madrid,<\/strong> como el Parque del Retiro, <a href=\"https:\/\/destinoysabor.com\/blog\/visita-al-museo-de-ferrocarril-de-madrid\/\" rel=\"noopener\" target=\"_blank\">el Museo del Ferrocarril<\/a>, el Madrid de los Austrias, el Madrid de los Borbones, Chueca, Chamber\u00ed,.. y un largo etc,.. <a name=\"Llegar\"><\/a><br \/>\n&nbsp;<\/p>\n<h2><strong>Informaci\u00f3n general<\/strong><\/h2>\n<h3><strong>\u00bfC\u00f3mo llegar?<\/strong><\/h3>\n<p>Para facilitar <strong>el traslado desde <a href=\"https:\/\/kiwitaxi.com\/es\/spain\/valladolid-madrid-airport\" rel=\"noreferrer doFollow noopener\" target=\"_Blank\">traslado desde Valladolid al aeropuerto de Madrid<\/a><\/strong> o moverte c\u00f3modamente por la ciudad, considera utilizar servicios como Kiwitaxi. Este servicio es ideal para llegar a las atracciones con rapidez y comodidad.<\/p>\n<figure id=\"attachment_39005\" aria-describedby=\"caption-attachment-39005\" style=\"width: 580px\" class=\"wp-caption aligncenter\"><img decoding=\"async\" src=\"https:\/\/destinocastillayleon.es\/index\/wp-content\/uploads\/2025\/01\/Taxis-en-la-Estacion-de-Chamartin-Imagen-de-Travelling.jpg\" alt=\"Taxis en la Estaci\u00f3n de Chamart\u00edn - Imagen de Travelling\" width=\"580\" height=\"326\" class=\"size-full wp-image-39005\" srcset=\"https:\/\/destinocastillayleon.es\/index\/wp-content\/uploads\/2025\/01\/Taxis-en-la-Estacion-de-Chamartin-Imagen-de-Travelling.jpg 580w, https:\/\/destinocastillayleon.es\/index\/wp-content\/uploads\/2025\/01\/Taxis-en-la-Estacion-de-Chamartin-Imagen-de-Travelling-300x169.jpg 300w\" sizes=\"(max-width: 580px) 100vw, 580px\" \/><figcaption id=\"caption-attachment-39005\" class=\"wp-caption-text\">Taxis en la Estaci\u00f3n de Chamart\u00edn &#8211; Imagen de Travelling<\/figcaption><\/figure>\n<p>Un fin de semana rom\u00e1ntico para dos en Madrid <strong>es un momento para visitar lugares interesantes y conocer otra cultura.<\/strong> Las impresiones de un viaje as\u00ed casi siempre permanecen inolvidables. Ojo, en Chamart\u00edn hay una nueva parada fuera de la estaci\u00f3n ferroviaria.<a name=\"Comer\"><\/a><\/p>\n<h3><strong>\u00bfD\u00f3nde comer?<\/strong><\/h3>\n<p><strong>Comer en Madrid es tan caro o tan barato como te lo puedas permitir.<\/strong> La oferta es casi ilimitada. Desde las m\u00faltiples franquicias que <strong>puedes encontrar en todas partes a restaurantes de dise\u00f1o o tradicionales,<\/strong> de alt\u00edsima gastronom\u00eda.<\/p>\n<p>A nosotros \u00faltimamente <strong>nos est\u00e1 gustando visitar la zona de Huertas,<\/strong> donde hay ahora men\u00fas del d\u00eda muy atractivos a costes razonables, incluso en fin de semana. Por ejemplos hemos ido un par de veces en la Calle de \u00c1lvarez Gato, <strong>el restaurante las Brasas de Vulcano.<\/strong><\/p>\n<figure id=\"attachment_39006\" aria-describedby=\"caption-attachment-39006\" style=\"width: 580px\" class=\"wp-caption aligncenter\"><img decoding=\"async\" src=\"https:\/\/destinocastillayleon.es\/index\/wp-content\/uploads\/2025\/01\/Cocido-completo-en-el-Restaurante-Las-Brasas-de-Vulcano-Imagen-de-Todo-esta-en-Madrid.jpg\" alt=\"Cocido completo en el Restaurante Las Brasas de Vulcano - Imagen de Todo est\u00e1 en Madrid\" width=\"580\" height=\"326\" class=\"size-full wp-image-39006\" srcset=\"https:\/\/destinocastillayleon.es\/index\/wp-content\/uploads\/2025\/01\/Cocido-completo-en-el-Restaurante-Las-Brasas-de-Vulcano-Imagen-de-Todo-esta-en-Madrid.jpg 580w, https:\/\/destinocastillayleon.es\/index\/wp-content\/uploads\/2025\/01\/Cocido-completo-en-el-Restaurante-Las-Brasas-de-Vulcano-Imagen-de-Todo-esta-en-Madrid-300x169.jpg 300w\" sizes=\"(max-width: 580px) 100vw, 580px\" \/><figcaption id=\"caption-attachment-39006\" class=\"wp-caption-text\">Cocido completo en el Restaurante Las Brasas de Vulcano &#8211; Imagen de Todo est\u00e1 en Madrid<\/figcaption><\/figure>\n<p>Pero tambi\u00e9n <strong>hay m\u00faltiples opciones en casi todas partes,<\/strong> aparte del socorrido bocadillo de calamares de la Plaza Mayor o en frente de la Estaci\u00f3n de Atocha, en el bar Brillante. (reconociendo que ese en concreto nunca lo hemos probado) <\/p>\n<p><figure id=\"attachment_39007\" aria-describedby=\"caption-attachment-39007\" style=\"width: 580px\" class=\"wp-caption aligncenter\"><img decoding=\"async\" src=\"https:\/\/destinocastillayleon.es\/index\/wp-content\/uploads\/2025\/01\/Bocata-de-calamares-en-la-plaza-mayor-Imagen-de-Madrid-Happy-People.jpg\" alt=\"Bocata de calamares en la plaza mayor - Imagen de Madrid Happy People\" width=\"580\" height=\"326\" class=\"size-full wp-image-39007\" srcset=\"https:\/\/destinocastillayleon.es\/index\/wp-content\/uploads\/2025\/01\/Bocata-de-calamares-en-la-plaza-mayor-Imagen-de-Madrid-Happy-People.jpg 580w, https:\/\/destinocastillayleon.es\/index\/wp-content\/uploads\/2025\/01\/Bocata-de-calamares-en-la-plaza-mayor-Imagen-de-Madrid-Happy-People-300x169.jpg 300w\" sizes=\"(max-width: 580px) 100vw, 580px\" \/><figcaption id=\"caption-attachment-39007\" class=\"wp-caption-text\">Bocata de calamares en la plaza mayor &#8211; Imagen de Madrid Happy People<\/figcaption><\/figure><a name=\"Dormir\"><\/a><\/p>\n<h3><strong>\u00bfD\u00f3nde dormir?<\/strong><\/h3>\n<p>De nuevo, <strong>depende de tu presupuesto.<\/strong> Pero si es para un fin de semana en Madrid, no te compliques mucho, hay hoteles sencillos y que sin grandes lujos te permiten pasar una noche o dos. <strong>Lo importante es que est\u00e9n bien situados<\/strong>, sean limpios y c\u00f3modos.<\/p>\n<figure style=\"width: 580px\" class=\"wp-caption aligncenter\"><img decoding=\"async\" src=\"https:\/\/destinoysabor.com\/blog\/wp-content\/uploads\/2021\/02\/Entrada-al-hotel-AC-Carlton-Imagen-del-Hotel.jpg\" width=\"580\" height=\"326\" alt=\"Entrada al hotel AC Carlton \u2013 Imagen del Hotel\" class=\"size-full\" \/><figcaption class=\"wp-caption-text\">Entrada al hotel AC Carlton, junto a la Glorieta de Carlos V \u2013 Imagen del Hotel<\/figcaption><\/figure>\n<p>Uno de los sitios c\u00e9ntricos que han visitado amigos nuestros y <strong>nos han dicho que est\u00e1n bien son <a href=\"\/\/all.accor.com\/hotel\/3318\/index.es.shtml\" rel=\"noopener nofollow\" target=\"_blank\">hotel Ibis Styles Madrid Centro Maravillas<\/a><\/strong> y el <a href=\"https:\/\/www.marriott.com\/en-us\/hotels\/madat-ac-hotel-atocha\/overview\/\" rel=\"nofollow noopener\" target=\"_blank\">AC Hotel Atocha by Marriott<\/a> o el <strong><a href=\"https:\/\/hostallosperales.com\/\" rel=\"noopener nofollow\" target=\"_blank\">hostal Los Perales<\/a><\/strong>. A partir de ah\u00ed, sabr\u00e1s lo que quieres gastarte. <a name=\"Historia\"><\/a><\/p>\n<h3><strong>Breve historia de la ciudad<\/strong><\/h3>\n<p>La capital de Espa\u00f1a <strong>no es una de las ciudades m\u00e1s antiguas de nuestro continente.<\/strong> Aunque se le sit\u00faan algunos vestigios romanos en su entorno por su situaci\u00f3n y clima privilegiado, <strong>el verdadero origen como planteamiento urban\u00edstico es una fortaleza califal<\/strong> de la marca media de mediados del siglo IX; <em>Mayrit<\/em>.<\/p>\n<figure id=\"attachment_33098\" aria-describedby=\"caption-attachment-33098\" style=\"width: 220px\" class=\"wp-caption aligncenter\"><img decoding=\"async\" data-pin-description=\"Alfonso VI de Le\u00f3n - Imagen de Wikipedia\" src=\"https:\/\/destinocastillayleon.es\/index\/wp-content\/uploads\/2017\/06\/6fde61cc22cf23016f9b99c547390fa2.jpg\" alt=\"Alfonso VI de Le\u00f3n - Imagen de Wikipedia\" width=\"220\" class=\"size-full wp-image-33098\" srcset=\"https:\/\/destinocastillayleon.es\/index\/wp-content\/uploads\/2017\/06\/6fde61cc22cf23016f9b99c547390fa2.jpg 420w, https:\/\/destinocastillayleon.es\/index\/wp-content\/uploads\/2017\/06\/6fde61cc22cf23016f9b99c547390fa2-195x300.jpg 195w\" sizes=\"(max-width: 420px) 100vw, 420px\" \/><figcaption id=\"caption-attachment-33098\" class=\"wp-caption-text\">Alfonso VI de Le\u00f3n &#8211; Imagen de Wikipedia<\/figcaption><\/figure>\n<p><strong>Conquistada por Alfonso VI de Le\u00f3n, pasa a manos cristianas integr\u00e1ndose finalmente en el reino de Castilla,<\/strong> por ser un buen lugar desde donde acercarse a Toledo, la Capital tradicional de Espa\u00f1a en tiempos de los Visigodos.<\/p>\n<p>Los reyes de la Corona de Castilla van a ir d\u00e1ndole importancia a esta villa,<strong> aunque es con Felipe II, que se transforma en capital de la Monarqu\u00eda Hisp\u00e1nica,<\/strong> hasta convertirse en la gran metr\u00f3poli actual, atravesada por amplias arterias, circunvalaciones y autov\u00edas, adem\u00e1s de calles estrechas.<br \/>\n&nbsp;<br \/>\n&nbsp;<br \/>\nYa ves que <strong>Madrid tiene mil y un planes, opciones y cosas para ver y hacer en un fin de semana en Madrid.<\/strong> Y no esperes verlo todo; al igual que no te hemos contado todo lo que hay que ver en esta bulliciosa ciudad, con calles como la Gran V\u00eda, que nunca duerme.<br \/>\n&nbsp;<\/p>\n<h4>Tambi\u00e9n te puede interesar<\/h4>\n<ul>\n<li><a href=\"https:\/\/destinocastillayleon.es\/index\/paseo-nocturno-por-valladolid\/\">Paseo nocturno por Valladolid<\/a>.<\/li>\n<li><a href=\"https:\/\/destinocastillayleon.es\/index\/pueblos-mas-bonitos-de-espana\/\">Los Pueblos m\u00e1s bonitos de Espa\u00f1a, en Castilla y Le\u00f3n<\/a>.<\/li>\n<li><a href=\"https:\/\/destinocastillayleon.es\/index\/sitios-patrimonio-de-la-humanidad-de-castilla-y-leon\/\">Sitios Patrimonio de la Humanidad de Castilla y Le\u00f3n<\/a>.<\/li>\n<\/ul>\n<p>&nbsp;<\/p>\n","protected":false},"excerpt":{"rendered":"<p>Te descubrimos cu\u00e1les son los imprescindibles a visitar en una escapada desde Castilla y Le\u00f3n pasando un fin de semana en Madrid, un planazo inolvidable.<\/p>\n","protected":false},"author":2,"featured_media":39010,"comment_status":"open","ping_status":"closed","sticky":false,"template":"","format":"standard","meta":{"rop_custom_images_group":[],"rop_custom_messages_group":[],"rop_publish_now":"initial","rop_publish_now_accounts":{"twitter_1150954226_1150954226":""},"rop_publish_now_history":[],"rop_publish_now_status":"pending","footnotes":""},"categories":[383,3472,68],"tags":[765,286],"class_list":["post-38983","post","type-post","status-publish","format-standard","has-post-thumbnail","hentry","category-cruzando_fronteras","category-inspirate","category-post_inicial","tag-cruzando-fronteras","tag-madrid"],"yoast_head":"<!-- This site is optimized with the Yoast SEO Premium plugin v20.4 (Yoast SEO v27.4) - https:\/\/yoast.com\/product\/yoast-seo-premium-wordpress\/ -->\n<title>Qu\u00e9 ver en un fin de semana en Madrid - Destino Castilla y Le\u00f3n<\/title>\n<meta name=\"description\" content=\"Te descubrimos cu\u00e1les son los imprescindibles a visitar en una escapada desde Castilla y Le\u00f3n pasando un fin de semana en Madrid.\" \/>\n<meta name=\"robots\" content=\"index, follow, max-snippet:-1, max-image-preview:large, max-video-preview:-1\" \/>\n<link rel=\"canonical\" href=\"https:\/\/destinocastillayleon.es\/index\/fin-de-semana-en-madrid\/\" \/>\n<meta property=\"og:locale\" content=\"es_ES\" \/>\n<meta property=\"og:type\" content=\"article\" \/>\n<meta property=\"og:title\" content=\"Qu\u00e9 ver en un fin de semana en Madrid - Desino Castilla y Le\u00f3n\" \/>\n<meta property=\"og:description\" content=\"Te descubrimos cu\u00e1les son los imprescindibles a visitar en una escapada desde Castilla y Le\u00f3n pasando un fin de semana en Madrid, un planazo inolvidable.\" \/>\n<meta property=\"og:url\" content=\"https:\/\/destinocastillayleon.es\/index\/fin-de-semana-en-madrid\/\" \/>\n<meta property=\"og:site_name\" content=\"Destino Castilla y Le\u00f3n\" \/>\n<meta property=\"article:publisher\" content=\"https:\/\/www.facebook.com\/DestinoCastillaYLeon\/\" \/>\n<meta property=\"article:author\" content=\"https:\/\/www.facebook.com\/profile.php?id=1158416854\" \/>\n<meta property=\"article:published_time\" content=\"2025-01-28T07:01:51+00:00\" \/>\n<meta property=\"article:modified_time\" content=\"2025-05-21T14:38:03+00:00\" \/>\n<meta property=\"og:image\" content=\"https:\/\/destinocastillayleon.es\/index\/wp-content\/uploads\/2025\/01\/Que-ver-en-un-fin-de-semana-en-Madrid.jpg\" \/>\n\t<meta property=\"og:image:width\" content=\"1191\" \/>\n\t<meta property=\"og:image:height\" content=\"578\" \/>\n\t<meta property=\"og:image:type\" content=\"image\/jpeg\" \/>\n<meta name=\"author\" content=\"David V\u00e1zquez\" \/>\n<meta name=\"twitter:card\" content=\"summary_large_image\" \/>\n<meta name=\"twitter:title\" content=\"Qu\u00e9 ver en un fin de semana en Madrid - Desino Castilla y Le\u00f3n\" \/>\n<meta name=\"twitter:description\" content=\"Te descubrimos cu\u00e1les son los imprescindibles a visitar en una escapada desde Castilla y Le\u00f3n pasando un fin de semana en Madrid, un planazo inolvidable.\" \/>\n<meta name=\"twitter:creator\" content=\"@https:\/\/twitter.com\/ContePantaleone\u200e\" \/>\n<meta name=\"twitter:site\" content=\"@destinocyl\" \/>\n<meta name=\"twitter:label1\" content=\"Escrito por\" \/>\n\t<meta name=\"twitter:data1\" content=\"David V\u00e1zquez\" \/>\n\t<meta name=\"twitter:label2\" content=\"Tiempo de lectura\" \/>\n\t<meta name=\"twitter:data2\" content=\"15 minutos\" \/>\n<script type=\"application\/ld+json\" class=\"yoast-schema-graph\">{\"@context\":\"https:\\\/\\\/schema.org\",\"@graph\":[{\"@type\":\"Article\",\"@id\":\"https:\\\/\\\/destinocastillayleon.es\\\/index\\\/fin-de-semana-en-madrid\\\/#article\",\"isPartOf\":{\"@id\":\"https:\\\/\\\/destinocastillayleon.es\\\/index\\\/fin-de-semana-en-madrid\\\/\"},\"author\":{\"name\":\"David V\u00e1zquez\",\"@id\":\"https:\\\/\\\/destinocastillayleon.es\\\/index\\\/#\\\/schema\\\/person\\\/189221bc8f6cc4fa28b18ad5c289d4c2\"},\"headline\":\"Qu\u00e9 ver en un fin de semana en Madrid\",\"datePublished\":\"2025-01-28T07:01:51+00:00\",\"dateModified\":\"2025-05-21T14:38:03+00:00\",\"mainEntityOfPage\":{\"@id\":\"https:\\\/\\\/destinocastillayleon.es\\\/index\\\/fin-de-semana-en-madrid\\\/\"},\"wordCount\":2512,\"commentCount\":0,\"image\":{\"@id\":\"https:\\\/\\\/destinocastillayleon.es\\\/index\\\/fin-de-semana-en-madrid\\\/#primaryimage\"},\"thumbnailUrl\":\"https:\\\/\\\/destinocastillayleon.es\\\/index\\\/wp-content\\\/uploads\\\/2025\\\/01\\\/Que-ver-en-un-fin-de-semana-en-Madrid.jpg\",\"keywords\":[\"Cruzando fronteras\",\"Madrid\"],\"articleSection\":[\"cruzando_fronteras\",\"Inspirate\",\"Post_inicial\"],\"inLanguage\":\"es\",\"potentialAction\":[{\"@type\":\"CommentAction\",\"name\":\"Comment\",\"target\":[\"https:\\\/\\\/destinocastillayleon.es\\\/index\\\/fin-de-semana-en-madrid\\\/#respond\"]}]},{\"@type\":\"WebPage\",\"@id\":\"https:\\\/\\\/destinocastillayleon.es\\\/index\\\/fin-de-semana-en-madrid\\\/\",\"url\":\"https:\\\/\\\/destinocastillayleon.es\\\/index\\\/fin-de-semana-en-madrid\\\/\",\"name\":\"Qu\u00e9 ver en un fin de semana en Madrid - Destino Castilla y Le\u00f3n\",\"isPartOf\":{\"@id\":\"https:\\\/\\\/destinocastillayleon.es\\\/index\\\/#website\"},\"primaryImageOfPage\":{\"@id\":\"https:\\\/\\\/destinocastillayleon.es\\\/index\\\/fin-de-semana-en-madrid\\\/#primaryimage\"},\"image\":{\"@id\":\"https:\\\/\\\/destinocastillayleon.es\\\/index\\\/fin-de-semana-en-madrid\\\/#primaryimage\"},\"thumbnailUrl\":\"https:\\\/\\\/destinocastillayleon.es\\\/index\\\/wp-content\\\/uploads\\\/2025\\\/01\\\/Que-ver-en-un-fin-de-semana-en-Madrid.jpg\",\"datePublished\":\"2025-01-28T07:01:51+00:00\",\"dateModified\":\"2025-05-21T14:38:03+00:00\",\"author\":{\"@id\":\"https:\\\/\\\/destinocastillayleon.es\\\/index\\\/#\\\/schema\\\/person\\\/189221bc8f6cc4fa28b18ad5c289d4c2\"},\"description\":\"Te descubrimos cu\u00e1les son los imprescindibles a visitar en una escapada desde Castilla y Le\u00f3n pasando un fin de semana en Madrid.\",\"breadcrumb\":{\"@id\":\"https:\\\/\\\/destinocastillayleon.es\\\/index\\\/fin-de-semana-en-madrid\\\/#breadcrumb\"},\"inLanguage\":\"es\",\"potentialAction\":[{\"@type\":\"ReadAction\",\"target\":[\"https:\\\/\\\/destinocastillayleon.es\\\/index\\\/fin-de-semana-en-madrid\\\/\"]}]},{\"@type\":\"ImageObject\",\"inLanguage\":\"es\",\"@id\":\"https:\\\/\\\/destinocastillayleon.es\\\/index\\\/fin-de-semana-en-madrid\\\/#primaryimage\",\"url\":\"https:\\\/\\\/destinocastillayleon.es\\\/index\\\/wp-content\\\/uploads\\\/2025\\\/01\\\/Que-ver-en-un-fin-de-semana-en-Madrid.jpg\",\"contentUrl\":\"https:\\\/\\\/destinocastillayleon.es\\\/index\\\/wp-content\\\/uploads\\\/2025\\\/01\\\/Que-ver-en-un-fin-de-semana-en-Madrid.jpg\",\"width\":1191,\"height\":578,\"caption\":\"Qu\u00e9 ver en un fin de semana en Madrid\"},{\"@type\":\"BreadcrumbList\",\"@id\":\"https:\\\/\\\/destinocastillayleon.es\\\/index\\\/fin-de-semana-en-madrid\\\/#breadcrumb\",\"itemListElement\":[{\"@type\":\"ListItem\",\"position\":1,\"name\":\"Portada\",\"item\":\"https:\\\/\\\/destinocastillayleon.es\\\/index\\\/\"},{\"@type\":\"ListItem\",\"position\":2,\"name\":\"Qu\u00e9 ver en un fin de semana en Madrid\"}]},{\"@type\":\"WebSite\",\"@id\":\"https:\\\/\\\/destinocastillayleon.es\\\/index\\\/#website\",\"url\":\"https:\\\/\\\/destinocastillayleon.es\\\/index\\\/\",\"name\":\"Destino Castilla y Le\u00f3n\",\"description\":\"Medio digital independiente y revista de Castilla y Le\u00f3n dedicado al turismo, gastronom\u00eda y vino de Castilla y Le\u00f3n\",\"potentialAction\":[{\"@type\":\"SearchAction\",\"target\":{\"@type\":\"EntryPoint\",\"urlTemplate\":\"https:\\\/\\\/destinocastillayleon.es\\\/index\\\/?s={search_term_string}\"},\"query-input\":{\"@type\":\"PropertyValueSpecification\",\"valueRequired\":true,\"valueName\":\"search_term_string\"}}],\"inLanguage\":\"es\"},{\"@type\":\"Person\",\"@id\":\"https:\\\/\\\/destinocastillayleon.es\\\/index\\\/#\\\/schema\\\/person\\\/189221bc8f6cc4fa28b18ad5c289d4c2\",\"name\":\"David V\u00e1zquez\",\"image\":{\"@type\":\"ImageObject\",\"inLanguage\":\"es\",\"@id\":\"https:\\\/\\\/secure.gravatar.com\\\/avatar\\\/cd12db6c575a90c3b75cfa0f794b74d425201c768612fad17e9f13cd33d48be8?s=96&d=mm&r=g\",\"url\":\"https:\\\/\\\/secure.gravatar.com\\\/avatar\\\/cd12db6c575a90c3b75cfa0f794b74d425201c768612fad17e9f13cd33d48be8?s=96&d=mm&r=g\",\"contentUrl\":\"https:\\\/\\\/secure.gravatar.com\\\/avatar\\\/cd12db6c575a90c3b75cfa0f794b74d425201c768612fad17e9f13cd33d48be8?s=96&d=mm&r=g\",\"caption\":\"David V\u00e1zquez\"},\"description\":\"Ingeniero Industrial de vocaci\u00f3n y profesi\u00f3n, he encontrado en los blogs la forma de plasmar mi pasi\u00f3n por los viajes, la gastronom\u00eda y los vinos. Especialmente los procedentes de Castilla y Le\u00f3n\",\"sameAs\":[\"https:\\\/\\\/www.destinocastillayleon.es\",\"https:\\\/\\\/www.facebook.com\\\/profile.php?id=1158416854\",\"https:\\\/\\\/instagram.com\\\/conte.pantaleone\",\"https:\\\/\\\/www.linkedin.com\\\/pub\\\/david-vazquez-lozano\\\/37\\\/17a\\\/25a\",\"https:\\\/\\\/x.com\\\/https:\\\/\\\/twitter.com\\\/ContePantaleone\u200e\"],\"url\":\"https:\\\/\\\/destinocastillayleon.es\\\/index\\\/author\\\/coadministradorcyl\\\/\"}]}<\/script>\n<!-- \/ Yoast SEO Premium plugin. -->","yoast_head_json":{"title":"Qu\u00e9 ver en un fin de semana en Madrid - Destino Castilla y Le\u00f3n","description":"Te descubrimos cu\u00e1les son los imprescindibles a visitar en una escapada desde Castilla y Le\u00f3n pasando un fin de semana en Madrid.","robots":{"index":"index","follow":"follow","max-snippet":"max-snippet:-1","max-image-preview":"max-image-preview:large","max-video-preview":"max-video-preview:-1"},"canonical":"https:\/\/destinocastillayleon.es\/index\/fin-de-semana-en-madrid\/","og_locale":"es_ES","og_type":"article","og_title":"Qu\u00e9 ver en un fin de semana en Madrid - Desino Castilla y Le\u00f3n","og_description":"Te descubrimos cu\u00e1les son los imprescindibles a visitar en una escapada desde Castilla y Le\u00f3n pasando un fin de semana en Madrid, un planazo inolvidable.","og_url":"https:\/\/destinocastillayleon.es\/index\/fin-de-semana-en-madrid\/","og_site_name":"Destino Castilla y Le\u00f3n","article_publisher":"https:\/\/www.facebook.com\/DestinoCastillaYLeon\/","article_author":"https:\/\/www.facebook.com\/profile.php?id=1158416854","article_published_time":"2025-01-28T07:01:51+00:00","article_modified_time":"2025-05-21T14:38:03+00:00","og_image":[{"width":1191,"height":578,"url":"https:\/\/destinocastillayleon.es\/index\/wp-content\/uploads\/2025\/01\/Que-ver-en-un-fin-de-semana-en-Madrid.jpg","type":"image\/jpeg"}],"author":"David V\u00e1zquez","twitter_card":"summary_large_image","twitter_title":"Qu\u00e9 ver en un fin de semana en Madrid - Desino Castilla y Le\u00f3n","twitter_description":"Te descubrimos cu\u00e1les son los imprescindibles a visitar en una escapada desde Castilla y Le\u00f3n pasando un fin de semana en Madrid, un planazo inolvidable.","twitter_creator":"@https:\/\/twitter.com\/ContePantaleone\u200e","twitter_site":"@destinocyl","twitter_misc":{"Escrito por":"David V\u00e1zquez","Tiempo de lectura":"15 minutos"},"schema":{"@context":"https:\/\/schema.org","@graph":[{"@type":"Article","@id":"https:\/\/destinocastillayleon.es\/index\/fin-de-semana-en-madrid\/#article","isPartOf":{"@id":"https:\/\/destinocastillayleon.es\/index\/fin-de-semana-en-madrid\/"},"author":{"name":"David V\u00e1zquez","@id":"https:\/\/destinocastillayleon.es\/index\/#\/schema\/person\/189221bc8f6cc4fa28b18ad5c289d4c2"},"headline":"Qu\u00e9 ver en un fin de semana en Madrid","datePublished":"2025-01-28T07:01:51+00:00","dateModified":"2025-05-21T14:38:03+00:00","mainEntityOfPage":{"@id":"https:\/\/destinocastillayleon.es\/index\/fin-de-semana-en-madrid\/"},"wordCount":2512,"commentCount":0,"image":{"@id":"https:\/\/destinocastillayleon.es\/index\/fin-de-semana-en-madrid\/#primaryimage"},"thumbnailUrl":"https:\/\/destinocastillayleon.es\/index\/wp-content\/uploads\/2025\/01\/Que-ver-en-un-fin-de-semana-en-Madrid.jpg","keywords":["Cruzando fronteras","Madrid"],"articleSection":["cruzando_fronteras","Inspirate","Post_inicial"],"inLanguage":"es","potentialAction":[{"@type":"CommentAction","name":"Comment","target":["https:\/\/destinocastillayleon.es\/index\/fin-de-semana-en-madrid\/#respond"]}]},{"@type":"WebPage","@id":"https:\/\/destinocastillayleon.es\/index\/fin-de-semana-en-madrid\/","url":"https:\/\/destinocastillayleon.es\/index\/fin-de-semana-en-madrid\/","name":"Qu\u00e9 ver en un fin de semana en Madrid - Destino Castilla y Le\u00f3n","isPartOf":{"@id":"https:\/\/destinocastillayleon.es\/index\/#website"},"primaryImageOfPage":{"@id":"https:\/\/destinocastillayleon.es\/index\/fin-de-semana-en-madrid\/#primaryimage"},"image":{"@id":"https:\/\/destinocastillayleon.es\/index\/fin-de-semana-en-madrid\/#primaryimage"},"thumbnailUrl":"https:\/\/destinocastillayleon.es\/index\/wp-content\/uploads\/2025\/01\/Que-ver-en-un-fin-de-semana-en-Madrid.jpg","datePublished":"2025-01-28T07:01:51+00:00","dateModified":"2025-05-21T14:38:03+00:00","author":{"@id":"https:\/\/destinocastillayleon.es\/index\/#\/schema\/person\/189221bc8f6cc4fa28b18ad5c289d4c2"},"description":"Te descubrimos cu\u00e1les son los imprescindibles a visitar en una escapada desde Castilla y Le\u00f3n pasando un fin de semana en Madrid.","breadcrumb":{"@id":"https:\/\/destinocastillayleon.es\/index\/fin-de-semana-en-madrid\/#breadcrumb"},"inLanguage":"es","potentialAction":[{"@type":"ReadAction","target":["https:\/\/destinocastillayleon.es\/index\/fin-de-semana-en-madrid\/"]}]},{"@type":"ImageObject","inLanguage":"es","@id":"https:\/\/destinocastillayleon.es\/index\/fin-de-semana-en-madrid\/#primaryimage","url":"https:\/\/destinocastillayleon.es\/index\/wp-content\/uploads\/2025\/01\/Que-ver-en-un-fin-de-semana-en-Madrid.jpg","contentUrl":"https:\/\/destinocastillayleon.es\/index\/wp-content\/uploads\/2025\/01\/Que-ver-en-un-fin-de-semana-en-Madrid.jpg","width":1191,"height":578,"caption":"Qu\u00e9 ver en un fin de semana en Madrid"},{"@type":"BreadcrumbList","@id":"https:\/\/destinocastillayleon.es\/index\/fin-de-semana-en-madrid\/#breadcrumb","itemListElement":[{"@type":"ListItem","position":1,"name":"Portada","item":"https:\/\/destinocastillayleon.es\/index\/"},{"@type":"ListItem","position":2,"name":"Qu\u00e9 ver en un fin de semana en Madrid"}]},{"@type":"WebSite","@id":"https:\/\/destinocastillayleon.es\/index\/#website","url":"https:\/\/destinocastillayleon.es\/index\/","name":"Destino Castilla y Le\u00f3n","description":"Medio digital independiente y revista de Castilla y Le\u00f3n dedicado al turismo, gastronom\u00eda y vino de Castilla y Le\u00f3n","potentialAction":[{"@type":"SearchAction","target":{"@type":"EntryPoint","urlTemplate":"https:\/\/destinocastillayleon.es\/index\/?s={search_term_string}"},"query-input":{"@type":"PropertyValueSpecification","valueRequired":true,"valueName":"search_term_string"}}],"inLanguage":"es"},{"@type":"Person","@id":"https:\/\/destinocastillayleon.es\/index\/#\/schema\/person\/189221bc8f6cc4fa28b18ad5c289d4c2","name":"David V\u00e1zquez","image":{"@type":"ImageObject","inLanguage":"es","@id":"https:\/\/secure.gravatar.com\/avatar\/cd12db6c575a90c3b75cfa0f794b74d425201c768612fad17e9f13cd33d48be8?s=96&d=mm&r=g","url":"https:\/\/secure.gravatar.com\/avatar\/cd12db6c575a90c3b75cfa0f794b74d425201c768612fad17e9f13cd33d48be8?s=96&d=mm&r=g","contentUrl":"https:\/\/secure.gravatar.com\/avatar\/cd12db6c575a90c3b75cfa0f794b74d425201c768612fad17e9f13cd33d48be8?s=96&d=mm&r=g","caption":"David V\u00e1zquez"},"description":"Ingeniero Industrial de vocaci\u00f3n y profesi\u00f3n, he encontrado en los blogs la forma de plasmar mi pasi\u00f3n por los viajes, la gastronom\u00eda y los vinos. Especialmente los procedentes de Castilla y Le\u00f3n","sameAs":["https:\/\/www.destinocastillayleon.es","https:\/\/www.facebook.com\/profile.php?id=1158416854","https:\/\/instagram.com\/conte.pantaleone","https:\/\/www.linkedin.com\/pub\/david-vazquez-lozano\/37\/17a\/25a","https:\/\/x.com\/https:\/\/twitter.com\/ContePantaleone\u200e"],"url":"https:\/\/destinocastillayleon.es\/index\/author\/coadministradorcyl\/"}]}},"_links":{"self":[{"href":"https:\/\/destinocastillayleon.es\/index\/wp-json\/wp\/v2\/posts\/38983","targetHints":{"allow":["GET"]}}],"collection":[{"href":"https:\/\/destinocastillayleon.es\/index\/wp-json\/wp\/v2\/posts"}],"about":[{"href":"https:\/\/destinocastillayleon.es\/index\/wp-json\/wp\/v2\/types\/post"}],"author":[{"embeddable":true,"href":"https:\/\/destinocastillayleon.es\/index\/wp-json\/wp\/v2\/users\/2"}],"replies":[{"embeddable":true,"href":"https:\/\/destinocastillayleon.es\/index\/wp-json\/wp\/v2\/comments?post=38983"}],"version-history":[{"count":12,"href":"https:\/\/destinocastillayleon.es\/index\/wp-json\/wp\/v2\/posts\/38983\/revisions"}],"predecessor-version":[{"id":39048,"href":"https:\/\/destinocastillayleon.es\/index\/wp-json\/wp\/v2\/posts\/38983\/revisions\/39048"}],"wp:featuredmedia":[{"embeddable":true,"href":"https:\/\/destinocastillayleon.es\/index\/wp-json\/wp\/v2\/media\/39010"}],"wp:attachment":[{"href":"https:\/\/destinocastillayleon.es\/index\/wp-json\/wp\/v2\/media?parent=38983"}],"wp:term":[{"taxonomy":"category","embeddable":true,"href":"https:\/\/destinocastillayleon.es\/index\/wp-json\/wp\/v2\/categories?post=38983"},{"taxonomy":"post_tag","embeddable":true,"href":"https:\/\/destinocastillayleon.es\/index\/wp-json\/wp\/v2\/tags?post=38983"}],"curies":[{"name":"wp","href":"https:\/\/api.w.org\/{rel}","templated":true}]}}