{"id":38832,"date":"2024-08-09T08:42:20","date_gmt":"2024-08-09T06:42:20","guid":{"rendered":"https:\/\/destinocastillayleon.es\/index\/?p=38832"},"modified":"2025-05-21T17:59:18","modified_gmt":"2025-05-21T15:59:18","slug":"visita-a-san-isidoro-de-leon","status":"publish","type":"post","link":"https:\/\/destinocastillayleon.es\/index\/visita-a-san-isidoro-de-leon\/","title":{"rendered":"San Isidoro de Le\u00f3n, una de las obras culmen del rom\u00e1nico leon\u00e9s"},"content":{"rendered":"<p>Hay veces, que un destino es tan interesante y hay tantas cosas que contar, que da un poco de v\u00e9rtigo. <strong>Y esto nos pasa con la Bas\u00edlica y el Museo de San Isidoro de Le\u00f3n,<\/strong> un edificio de tal cantidad de detalles, que seguro que nos olvidaremos de alguno.<\/p>\n<h3><strong>\u00cdndice de contenidos<\/strong><\/h3>\n<p>Hemos preparado <strong>este \u00edndice de contenidos con los principales puntos<\/strong> de esta publicaci\u00f3n. Como siempre, pinchando  en ellos, puedes viajar directamente a ese punto.<\/p>\n<p><strong>Iglesia Bas\u00edlica de San Isidoro de Le\u00f3n:<\/strong><\/p>\n<ul>\n<li><a href=\"#Basilica\">Caracter\u00edsticas de bas\u00edlica menor<\/a>.<\/li>\n<li><a href=\"#Templo\">Visita al Templo<\/a>.<\/li>\n<li><a href=\"#Museo\">Visita al Museo del Monasterio de San Isidoro de Le\u00f3n<\/a>.<\/li>\n<\/ul>\n<p><strong>Museo del Monasterio de San Isidoro de Le\u00f3n:<\/strong><\/p>\n<ul>\n<li><a href=\"#Video\">Video de nuestra \u00faltima visita<\/a>.<\/li>\n<li><a href=\"#Biblioteca\">Primeras salas, la biblioteca y las salas reales<\/a>.<\/li>\n<li><a href=\"#Caliz\">La torre del Gallo y el C\u00e1liz de Do\u00f1a Urraca<\/a>.<\/li>\n<li><a href=\"#Terraza\">Salida a la terraza, un paseo por el adarve las murallas romanas<\/a>.<\/li>\n<li><a href=\"#Claustro\">Salida al claustro inferior rom\u00e1nico<\/a>.<\/li>\n<li><a href=\"#Panteon\">El Pante\u00f3n de los Reyes de Le\u00f3n<\/a>.<\/li>\n<li><a href=\"#Info\">Informaci\u00f3n para hacer las visitas<\/a>.<\/li>\n<\/ul>\n<p><strong>Informaci\u00f3n general de Le\u00f3n:<\/strong><\/p>\n<ul>\n<li><a href=\"#Llegar\">\u00bfC\u00f3mo llegar?<\/a><\/li>\n<li><a href=\"#Dormir\">\u00bfD\u00f3nde alojarse?<\/a><\/li>\n<li><a href=\"#Comer\">\u00bfD\u00f3nde comer?<\/a><\/li>\n<\/ul>\n<p>Esperamos que os sea de utilidad, <strong>y os anim\u00e9is a visitar Le\u00f3n en general;<\/strong> y esta bas\u00edlica y museo de San Isidoro de Le\u00f3n en particular.<br \/>\n&nbsp;<\/p>\n<h3><strong>Preparando el viaje<\/strong><\/h3>\n<p>Este magn\u00edfico lugar <strong>se encuentra a pocos minutos andando del centro de la <a href=\"https:\/\/destinocastillayleon.es\/index\/pulchra-leonina\/\" rel=\"noopener\" target=\"_blank\">Catedral de Le\u00f3n.<\/a><\/strong> Es una parada casi obligada en una visita a la capital de Le\u00f3n.<\/p>\n<figure style=\"width: 580px\" class=\"wp-caption aligncenter\"><img decoding=\"async\" src=\"https:\/\/cdn.statically.io\/img\/lamesadelconde.es\/wp-content\/uploads\/2023\/08\/Viajeros-de-ConoceLeon-en-la-murallas-de-Leon-Imagen-de-Destino-Castilla-y-Leon.jpg\" width=\"580\" alt=\"Viajeros de #ConoceLe\u00f3n en las murallas de Le\u00f3n \u2013 Destino Castilla y Le\u00f3n\" class=\"size-full\" \/><figcaption class=\"wp-caption-text\">Viajeros de #ConoceLe\u00f3n en las murallas de Le\u00f3n \u2013 Destino Castilla y Le\u00f3n<\/figcaption><\/figure>\n<p>La experiencia que <strong>os vamos a contar se enmarc\u00f3 en un viaje realizado junto a otros compa\u00f1eros bloggers de viajes<\/strong> y organizada por el <a href=\"http:\/\/www.turisleon.com\/es\/\" rel=\"noopener nofollow\" target=\"_blank\">Patronato de turismo de Le\u00f3n<\/a>, #ConoceLe\u00f3n.<\/p>\n<p>Esta visita a la bas\u00edlica <strong>se puede dividir en dos partes, al templo, que posee categor\u00eda de Bas\u00edlica Menor; y el Museo de la Bas\u00edlica,<\/strong> donde tanto el contenido como el propio edificio son un trocito de historia.<a name=\"Basilica\"><\/a><br \/>\n&nbsp;<\/p>\n<h2><strong>Visita a la Bas\u00edlica de San Isidoro<\/strong><\/h2>\n<p>Esta iglesia <strong>posee rango de bas\u00edlica menor,<\/strong> adem\u00e1s de contar con <strong>una puerta santa.<\/strong><\/p>\n<figure id=\"attachment_29646\" aria-describedby=\"caption-attachment-29646\" style=\"width: 580px\" class=\"wp-caption aligncenter\"><img decoding=\"async\" src=\"https:\/\/destinocastillayleon.es\/index\/wp-content\/uploads\/2019\/01\/050b5f52e5da71588c0ad390c594298b.jpg\" alt=\"Colegiata de San Isidoro de Le\u00f3n - Destino Castilla y Le\u00f3n\" width=\"580\" class=\"size-full wp-image-29646\" srcset=\"https:\/\/destinocastillayleon.es\/index\/wp-content\/uploads\/2019\/01\/050b5f52e5da71588c0ad390c594298b.jpg 640w, https:\/\/destinocastillayleon.es\/index\/wp-content\/uploads\/2019\/01\/050b5f52e5da71588c0ad390c594298b-300x188.jpg 300w\" sizes=\"(max-width: 640px) 100vw, 640px\" \/><figcaption id=\"caption-attachment-29646\" class=\"wp-caption-text\">Colegiata de San Isidoro de Le\u00f3n &#8211; Destino Castilla y Le\u00f3n<\/figcaption><\/figure>\n<p>Esta puerta <strong>posee la cualidad de otorgar la misma indulgencia plenaria que la Puerta del Perd\u00f3n De Santiago de Compostela<\/strong> para los peregrinos del Camino de Santiago que por motivos de enfermedad o incapacidad no puedan llegar a Santiago.<\/p>\n<figure id=\"attachment_38772\" aria-describedby=\"caption-attachment-38772\" style=\"width: 640px\" class=\"wp-caption aligncenter\"><img decoding=\"async\" src=\"https:\/\/destinocastillayleon.es\/index\/wp-content\/uploads\/2024\/07\/Puerta-del-Perdon-de-San-Isidoro-Destino-Castilla-y-Leon.jpg\" alt=\"Puerta del Perd\u00f3n de San Isidoro - Destino Castilla y Le\u00f3n\" width=\"640\" height=\"360\" class=\"size-full wp-image-38772\" srcset=\"https:\/\/destinocastillayleon.es\/index\/wp-content\/uploads\/2024\/07\/Puerta-del-Perdon-de-San-Isidoro-Destino-Castilla-y-Leon.jpg 640w, https:\/\/destinocastillayleon.es\/index\/wp-content\/uploads\/2024\/07\/Puerta-del-Perdon-de-San-Isidoro-Destino-Castilla-y-Leon-300x169.jpg 300w\" sizes=\"(max-width: 640px) 100vw, 640px\" \/><figcaption id=\"caption-attachment-38772\" class=\"wp-caption-text\">Puerta del Perd\u00f3n de San Isidoro &#8211; Destino Castilla y Le\u00f3n<\/figcaption><\/figure>\n<p>El templo es <strong>un buen ejemplo de un rom\u00e1nico leon\u00e9s, del siglo XI,<\/strong> aunque con muchos a\u00f1adidos posteriores, especialmente durante el renacimiento.<\/p>\n<h3><strong>Caracter\u00edsticas de la construcci\u00f3n<\/strong><\/h3>\n<p>Como su nombre indica <strong>es un templo de planta basilical de tres naves,<\/strong> siendo la central m\u00e1s grande y alta que las dos laterales. <\/p>\n<figure id=\"attachment_38767\" aria-describedby=\"caption-attachment-38767\" style=\"width: 480px\" class=\"wp-caption aligncenter\"><img decoding=\"async\" src=\"https:\/\/destinocastillayleon.es\/index\/wp-content\/uploads\/2024\/07\/Planta-de-la-Basilica-y-Monasterio-de-San-Isidoro-de-Leon-Imagen-de-la-Fundacion-Santa-Maria-La-Real.jpg\" alt=\"Planta de la Bas\u00edlica y Monasterio de San Isidoro de Le\u00f3n - Imagen de la Fundaci\u00f3n Santa Mar\u00eda La Real\" width=\"480\" class=\"size-full wp-image-38767\" srcset=\"https:\/\/destinocastillayleon.es\/index\/wp-content\/uploads\/2024\/07\/Planta-de-la-Basilica-y-Monasterio-de-San-Isidoro-de-Leon-Imagen-de-la-Fundacion-Santa-Maria-La-Real.jpg 640w, https:\/\/destinocastillayleon.es\/index\/wp-content\/uploads\/2024\/07\/Planta-de-la-Basilica-y-Monasterio-de-San-Isidoro-de-Leon-Imagen-de-la-Fundacion-Santa-Maria-La-Real-300x267.jpg 300w\" sizes=\"(max-width: 640px) 100vw, 640px\" \/><figcaption id=\"caption-attachment-38767\" class=\"wp-caption-text\">Planta de la Bas\u00edlica y Monasterio de San Isidoro de Le\u00f3n &#8211; Imagen de la Fundaci\u00f3n Santa Mar\u00eda La Real<\/figcaption><\/figure>\n<p>Este templo <strong>se remonta a una construcci\u00f3n palaciega de Fernando I de Le\u00f3n y Conde de Castilla<\/strong> existente previamente y, que cede a la iglesia para ser pante\u00f3n de los reyes de Le\u00f3n.<br \/>\n&nbsp;<\/p>\n<h4><strong>Bas\u00edlica menor<\/strong><\/h4>\n<p>Un dato curioso de este templo es que <strong>se trata de una bas\u00edlica menor,<\/strong> que en el mundo cat\u00f3lico tiene un rango especial.<\/p>\n<p>Esta categor\u00eda se logra por <strong>el cumplimiento de tres situaciones.<\/strong> <\/p>\n<ul>\n<li>Ser un templo de gran relevancia art\u00edstica y popularidad en la comunidad a la que pertenecen.<\/li>\n<li>Tener culto de oraci\u00f3n perpetuo a Dios; es decir, tiene exposici\u00f3n del sant\u00edsimo 24 horas abierto a la oraci\u00f3n.<\/li>\n<li>Obligaci\u00f3n de festejar de forma especial las fiestas de San Pedro, la fiesta de Pedro y Pablo; y el aniversario de la exaltaci\u00f3n del Papa.<\/li>\n<\/ul>\n<figure id=\"attachment_38795\" aria-describedby=\"caption-attachment-38795\" style=\"width: 414px\" class=\"wp-caption aligncenter\"><img decoding=\"async\" src=\"https:\/\/destinocastillayleon.es\/index\/wp-content\/uploads\/2024\/07\/Rezando-en-San-Isidoro-de-Leon-Imagen-de-Sera-por-Fotos.jpg\" alt=\"Rezando en San Isidoro de Le\u00f3n - Imagen de Ser\u00e1 por Fotos\" width=\"414\" height=\"500\" class=\"size-full wp-image-38795\" srcset=\"https:\/\/destinocastillayleon.es\/index\/wp-content\/uploads\/2024\/07\/Rezando-en-San-Isidoro-de-Leon-Imagen-de-Sera-por-Fotos.jpg 414w, https:\/\/destinocastillayleon.es\/index\/wp-content\/uploads\/2024\/07\/Rezando-en-San-Isidoro-de-Leon-Imagen-de-Sera-por-Fotos-248x300.jpg 248w\" sizes=\"(max-width: 414px) 100vw, 414px\" \/><figcaption id=\"caption-attachment-38795\" class=\"wp-caption-text\">Rezando en San Isidoro de Le\u00f3n &#8211; Imagen de Ser\u00e1 por Fotos<\/figcaption><\/figure>\n<p>Y esta Iglesia de San Isidoro <strong>cumple todas,<\/strong> al punto que se le permite tener una Puerta Santa.<a name=\"Templo\"><\/a><br \/>\n&nbsp;<\/p>\n<h3><strong>Visita a la Real Colegiata Bas\u00edlica de San Isidoro<\/strong><\/h3>\n<p>El acceso al templo <strong>se realiza por una puerta lateral.<\/strong> Este acceso posee unas <strong>modificaciones de \u00e9poca de Felipe II,<\/strong> aunque se integran muy bien con el rom\u00e1nico original.<\/p>\n<figure id=\"attachment_38768\" aria-describedby=\"caption-attachment-38768\" style=\"width: 640px\" class=\"wp-caption aligncenter\"><img decoding=\"async\" src=\"https:\/\/destinocastillayleon.es\/index\/wp-content\/uploads\/2024\/07\/Interior-de-la-basilica-Destino-Castilla-y-Leon.jpg\" alt=\"Interior de la bas\u00edlica - Destino Castilla y Le\u00f3n\" width=\"640\" height=\"360\" class=\"size-full wp-image-38768\" srcset=\"https:\/\/destinocastillayleon.es\/index\/wp-content\/uploads\/2024\/07\/Interior-de-la-basilica-Destino-Castilla-y-Leon.jpg 640w, https:\/\/destinocastillayleon.es\/index\/wp-content\/uploads\/2024\/07\/Interior-de-la-basilica-Destino-Castilla-y-Leon-300x169.jpg 300w\" sizes=\"(max-width: 640px) 100vw, 640px\" \/><figcaption id=\"caption-attachment-38768\" class=\"wp-caption-text\">Interior de la bas\u00edlica &#8211; Destino Castilla y Le\u00f3n<\/figcaption><\/figure>\n<p>Al entrar, <strong>el templo se divide en tres naves,<\/strong> la central m\u00e1s alta que las laterales, ya que es una planta basilical.<\/p>\n<p>De la \u00e9poca inicial, <strong>a los pies del templo, se encuentran varias puertas tapiadas con piedra.<\/strong> Tras estas piedras est\u00e1 el Pante\u00f3n Real.<\/p>\n<figure id=\"attachment_29655\" aria-describedby=\"caption-attachment-29655\" style=\"width: 640px\" class=\"wp-caption aligncenter\"><img decoding=\"async\" src=\"https:\/\/destinocastillayleon.es\/index\/wp-content\/uploads\/2019\/01\/24ddb24432a97fcc85705bc0e5bf6268.jpg\" alt=\"Interior de la bas\u00edlica de San Isidoro - Destino Castilla y Le\u00f3n\" width=\"640\" height=\"400\" class=\"size-full wp-image-29655\" srcset=\"https:\/\/destinocastillayleon.es\/index\/wp-content\/uploads\/2019\/01\/24ddb24432a97fcc85705bc0e5bf6268.jpg 640w, https:\/\/destinocastillayleon.es\/index\/wp-content\/uploads\/2019\/01\/24ddb24432a97fcc85705bc0e5bf6268-300x188.jpg 300w\" sizes=\"(max-width: 640px) 100vw, 640px\" \/><figcaption id=\"caption-attachment-29655\" class=\"wp-caption-text\">Interior de la bas\u00edlica de San Isidoro &#8211; Destino Castilla y Le\u00f3n<\/figcaption><\/figure>\n<p>Las naves rom\u00e1nicas se ven rematadas con <strong>varios \u00e1bsides;<\/strong> si bien el \u00e1bside de la capilla mayor es una actualizaci\u00f3n del siglo XVI.<\/p>\n<h4><strong>Las b\u00f3vedas<\/strong><\/h4>\n<p>Este templo <strong>tiene bastantes modificaciones sobre el edificio original,<\/strong> aunque al contrario de otras ocasiones, en este caso, el resultado final est\u00e1 bien integrado y armonioso.<\/p>\n<figure id=\"attachment_38797\" aria-describedby=\"caption-attachment-38797\" style=\"width: 640px\" class=\"wp-caption aligncenter\"><img decoding=\"async\" src=\"https:\/\/destinocastillayleon.es\/index\/wp-content\/uploads\/2024\/07\/Bovedas-de-San-Isidoro-de-Leon-Imagen-cc-Wikipedia.jpg\" alt=\"B\u00f3vedas de San Isidoro de Le\u00f3n - Imagen cc Wikipedia\" width=\"640\" height=\"360\" class=\"size-full wp-image-38797\" srcset=\"https:\/\/destinocastillayleon.es\/index\/wp-content\/uploads\/2024\/07\/Bovedas-de-San-Isidoro-de-Leon-Imagen-cc-Wikipedia.jpg 640w, https:\/\/destinocastillayleon.es\/index\/wp-content\/uploads\/2024\/07\/Bovedas-de-San-Isidoro-de-Leon-Imagen-cc-Wikipedia-300x169.jpg 300w\" sizes=\"(max-width: 640px) 100vw, 640px\" \/><figcaption id=\"caption-attachment-38797\" class=\"wp-caption-text\">B\u00f3vedas de San Isidoro de Le\u00f3n &#8211; Imagen cc Wikipedia<\/figcaption><\/figure>\n<p>As\u00ed, <strong>la b\u00f3veda de la nave central es de ca\u00f1\u00f3n,<\/strong> con detalles polilobulados en el crucero y las b\u00f3vedas laterales son b\u00f3vedas de arista que se adaptan a las formas de la construcci\u00f3n original rom\u00e1nica.<\/p>\n<h4><strong>El retablo de la Capilla Mayor<\/strong><\/h4>\n<p><strong>El retablo que remata la capilla mayor no es original de esta iglesia;<\/strong> si no que procede de un templo de un pueblo; Pozuelo de la Orden, un pueblo de Valladolid.<\/p>\n<figure id=\"attachment_38775\" aria-describedby=\"caption-attachment-38775\" style=\"width: 640px\" class=\"wp-caption aligncenter\"><img decoding=\"async\" src=\"https:\/\/destinocastillayleon.es\/index\/wp-content\/uploads\/2024\/07\/Retablo-mayor-de-la-Real-Colegiata-de-San-Isidoro-Imagen-cc-Wikipedia.jpg\" alt=\"Altar Mayor de la Real Colegiata de San Isidoro - Imagen cc Wikipedia\" width=\"640\" height=\"360\" class=\"size-full wp-image-38775\" srcset=\"https:\/\/destinocastillayleon.es\/index\/wp-content\/uploads\/2024\/07\/Retablo-mayor-de-la-Real-Colegiata-de-San-Isidoro-Imagen-cc-Wikipedia.jpg 640w, https:\/\/destinocastillayleon.es\/index\/wp-content\/uploads\/2024\/07\/Retablo-mayor-de-la-Real-Colegiata-de-San-Isidoro-Imagen-cc-Wikipedia-300x169.jpg 300w\" sizes=\"(max-width: 640px) 100vw, 640px\" \/><figcaption id=\"caption-attachment-38775\" class=\"wp-caption-text\">Altar Mayor de la Real Colegiata de San Isidoro &#8211; Imagen cc Wikipedia<\/figcaption><\/figure>\n<blockquote><p>Este retablo lleg\u00f3 a la actual situaci\u00f3n en 1920.<\/p><\/blockquote>\n<p>Se trata de <strong>un retablo de madera policromada de la escuela castellana<\/strong> labrado entre 1525 y 1530.<\/p>\n<h4><strong>La custodia de la Bas\u00edlica<\/strong><\/h4>\n<p>Desde hace siglo, <strong>este templo posee el rango de Bas\u00edlica Menor;<\/strong> y para ello, hay exposici\u00f3n del Sant\u00edsimo; una hostia consagrada.<\/p>\n<p><strong>Esta custodia es de plata y se sit\u00faa sobre una urna neoclasica que contiene los restos de San Isidoro de Sevilla.<\/strong> Esta urna fue realizada por un platero en 1847 para contener estas reliquias. <a name=\"Museo\"><\/a><br \/>\n&nbsp;<\/p>\n<h2><strong>Visita al Museo de la Bas\u00edlica de San Isidoro<\/strong><\/h2>\n<p>La otra parte visitable es <strong>el Museo de la Bas\u00edlica de San Isidoro.<\/strong> Se trata de una visita a las instalaciones del antiguo Monasterio de San Pelayo, un m\u00e1rtir de los primeros a\u00f1os del Califato de C\u00f3rdoba.<\/p>\n<figure id=\"attachment_38774\" aria-describedby=\"caption-attachment-38774\" style=\"width: 640px\" class=\"wp-caption aligncenter\"><img decoding=\"async\" src=\"https:\/\/destinocastillayleon.es\/index\/wp-content\/uploads\/2024\/07\/Acceso-al-Museo-de-San-Isidoro-Destino-Castilla-y-Leon.jpg\" alt=\"Acceso al Museo de San Isidoro - Destino Castilla y Le\u00f3n\" width=\"640\" height=\"360\" class=\"size-full wp-image-38774\" srcset=\"https:\/\/destinocastillayleon.es\/index\/wp-content\/uploads\/2024\/07\/Acceso-al-Museo-de-San-Isidoro-Destino-Castilla-y-Leon.jpg 640w, https:\/\/destinocastillayleon.es\/index\/wp-content\/uploads\/2024\/07\/Acceso-al-Museo-de-San-Isidoro-Destino-Castilla-y-Leon-300x169.jpg 300w\" sizes=\"(max-width: 640px) 100vw, 640px\" \/><figcaption id=\"caption-attachment-38774\" class=\"wp-caption-text\">Acceso al Museo de San Isidoro &#8211; Destino Castilla y Le\u00f3n<\/figcaption><\/figure>\n<h3><strong>Contexto general del edificio<\/strong><\/h3>\n<p><strong>Esta parte es de \u00e9poca rom\u00e1nica y prerrom\u00e1nica;<\/strong> aunque sobre restos de construcciones romanas, que han sido halladas en excavaciones realizas hace pocos a\u00f1os.<\/p>\n<p>Esta parte, que est\u00e1 adosado a la bas\u00edlica de San Isidoro, y <strong>fue parte de un palacio del Rey Fernando I de Le\u00f3n;<\/strong> aunque fue este rey, el m\u00e1s importante de la cristiandad en ese momento, quien lo cedi\u00f3 para construir el Pante\u00f3n Real.<a name=\"Biblioteca\"><\/a><br \/>\n&nbsp;<\/p>\n<h3><strong>Empieza la visita<\/strong><\/h3>\n<p>La forma de realizar la visita ha cambiado en los \u00faltimos a\u00f1os, en los que <strong>se ha hecho un trabajo muy importante de conservaci\u00f3n<\/strong> de la construcci\u00f3n original.<\/p>\n<p><strong>La puerta de acceso actual es la original del monasterio.<\/strong> Tras subir un piso, se visita <strong>la antigua biblioteca conventual.<\/strong> Esta parte tuvo que ser rehabilitada durante el siglo XVI, por lo que tiene un acabado interior hispano flamenco. <\/p>\n<h4><strong>La biblioteca<\/strong><\/h4>\n<p>Aqu\u00ed se conservan <strong>aut\u00e9nticas joyas bibliogr\u00e1ficas, como 300 incunables, 800 libros \u00fanicos en pergamino, 150 c\u00f3dices;<\/strong> as\u00ed como sus copias facs\u00edmil.<\/p>\n<figure id=\"attachment_38770\" aria-describedby=\"caption-attachment-38770\" style=\"width: 409px\" class=\"wp-caption aligncenter\"><img decoding=\"async\" src=\"https:\/\/destinocastillayleon.es\/index\/wp-content\/uploads\/2024\/07\/Entrada-a-la-biblioteca-del-Monasterio-de-San-Isidoro-Destino-Castilla-y-Leon.jpg\" alt=\"Entrada a la biblioteca del Monasterio de San Isidoro - Destino Castilla y Le\u00f3n\" width=\"409\" height=\"500\" class=\"size-full wp-image-38770\" srcset=\"https:\/\/destinocastillayleon.es\/index\/wp-content\/uploads\/2024\/07\/Entrada-a-la-biblioteca-del-Monasterio-de-San-Isidoro-Destino-Castilla-y-Leon.jpg 409w, https:\/\/destinocastillayleon.es\/index\/wp-content\/uploads\/2024\/07\/Entrada-a-la-biblioteca-del-Monasterio-de-San-Isidoro-Destino-Castilla-y-Leon-245x300.jpg 245w\" sizes=\"(max-width: 409px) 100vw, 409px\" \/><figcaption id=\"caption-attachment-38770\" class=\"wp-caption-text\">Entrada a la biblioteca del Monasterio de San Isidoro &#8211; Destino Castilla y Le\u00f3n<\/figcaption><\/figure>\n<p>Los libros <strong>est\u00e1n perfectamente conservados<\/strong> y son de gran importancia, destacando <strong>una biblia hispano moz\u00e1rabe del a\u00f1o 960.<\/strong><\/p>\n<figure id=\"attachment_38771\" aria-describedby=\"caption-attachment-38771\" style=\"width: 640px\" class=\"wp-caption aligncenter\"><img decoding=\"async\" src=\"https:\/\/destinocastillayleon.es\/index\/wp-content\/uploads\/2024\/07\/Biblioteca-del-Monasterio-de-San-Isidoro-de-Leon-Destino-Castilla-y-Leon.jpg\" alt=\"Biblioteca del Monasterio de San Isidoro de Le\u00f3n - Destino Castilla y Le\u00f3n\" width=\"640\" height=\"360\" class=\"size-full wp-image-38771\" srcset=\"https:\/\/destinocastillayleon.es\/index\/wp-content\/uploads\/2024\/07\/Biblioteca-del-Monasterio-de-San-Isidoro-de-Leon-Destino-Castilla-y-Leon.jpg 640w, https:\/\/destinocastillayleon.es\/index\/wp-content\/uploads\/2024\/07\/Biblioteca-del-Monasterio-de-San-Isidoro-de-Leon-Destino-Castilla-y-Leon-300x169.jpg 300w\" sizes=\"(max-width: 640px) 100vw, 640px\" \/><figcaption id=\"caption-attachment-38771\" class=\"wp-caption-text\">Biblioteca del Monasterio de San Isidoro de Le\u00f3n &#8211; Destino Castilla y Le\u00f3n<\/figcaption><\/figure>\n<p>Esta sala <strong>tuvo que ser restaurada a mediados del siglo XX, debido a los destrozos causados por los franceses durante la invasi\u00f3n napole\u00f3nica;<\/strong> y las consiguientes desamortizaciones del siglo XIX.<\/p>\n<figure id=\"attachment_38776\" aria-describedby=\"caption-attachment-38776\" style=\"width: 281px\" class=\"wp-caption aligncenter\"><img decoding=\"async\" src=\"https:\/\/destinocastillayleon.es\/index\/wp-content\/uploads\/2024\/07\/Pagina-de-la-Biblia-de-Leon-Destino-Castilla-y-Leon.jpg\" alt=\"P\u00e1gina de la Biblia de Le\u00f3n - Destino Castilla y Le\u00f3n\" width=\"281\" class=\"size-full wp-image-38776\" srcset=\"https:\/\/destinocastillayleon.es\/index\/wp-content\/uploads\/2024\/07\/Pagina-de-la-Biblia-de-Leon-Destino-Castilla-y-Leon.jpg 381w, https:\/\/destinocastillayleon.es\/index\/wp-content\/uploads\/2024\/07\/Pagina-de-la-Biblia-de-Leon-Destino-Castilla-y-Leon-229x300.jpg 229w\" sizes=\"(max-width: 381px) 100vw, 381px\" \/><figcaption id=\"caption-attachment-38776\" class=\"wp-caption-text\">P\u00e1gina de la Biblia hispano moz\u00e1rabe de Le\u00f3n &#8211; Destino Castilla y Le\u00f3n<\/figcaption><\/figure>\n<h4><strong>La sala capitular<\/strong><\/h4>\n<p>La sala capitular es una de las salas m\u00e1s importantes dentro de un monasterio, pues es el lugar de gobierno del monasterio.<\/p>\n<figure id=\"attachment_38769\" aria-describedby=\"caption-attachment-38769\" style=\"width: 640px\" class=\"wp-caption aligncenter\"><img decoding=\"async\" src=\"https:\/\/destinocastillayleon.es\/index\/wp-content\/uploads\/2024\/07\/Sala-capitular-del-monasterio-posible-sala-del-trono-de-Fernando-I-de-Leon-Destino-Castilla-y-Leon.jpg\" alt=\"Sala capitular del monasterio, posible sala del trono de Fernando I de Le\u00f3n - Destino Castilla y Le\u00f3n\" width=\"640\" height=\"360\" class=\"size-full wp-image-38769\" srcset=\"https:\/\/destinocastillayleon.es\/index\/wp-content\/uploads\/2024\/07\/Sala-capitular-del-monasterio-posible-sala-del-trono-de-Fernando-I-de-Leon-Destino-Castilla-y-Leon.jpg 640w, https:\/\/destinocastillayleon.es\/index\/wp-content\/uploads\/2024\/07\/Sala-capitular-del-monasterio-posible-sala-del-trono-de-Fernando-I-de-Leon-Destino-Castilla-y-Leon-300x169.jpg 300w\" sizes=\"(max-width: 640px) 100vw, 640px\" \/><figcaption id=\"caption-attachment-38769\" class=\"wp-caption-text\">Sala capitular del monasterio, posible sala del trono de Fernando I de Le\u00f3n &#8211; Destino Castilla y Le\u00f3n<\/figcaption><\/figure>\n<p>Esta sala, <strong>que tuvo una ventana interior daba al templo.<\/strong> Y es que, esta sala se encuentra <strong>justo sobre el Pante\u00f3n Real<\/strong> y hay indicios que fue tambi\u00e9n la sala del trono del palacio de Fernando I.<\/p>\n<p>Actualmente <strong>se han rescatado una serie de pinturas murales<\/strong> de \u00e9poca del monasterio. <a name=\"Caliz\"><\/a><br \/>\n&nbsp;<\/p>\n<h3><strong>Visita al interior de la Torre del Gallo<\/strong><\/h3>\n<p>Tras esta visita, <strong>nos adentramos en la zona m\u00e1s antigua del palacio de Fernando I.<\/strong> Entrando en una sala que est\u00e1 directamente en la torre, se encuentra el tesoro del museo.<\/p>\n<figure id=\"attachment_38804\" aria-describedby=\"caption-attachment-38804\" style=\"width: 350px\" class=\"wp-caption aligncenter\"><img decoding=\"async\" src=\"https:\/\/destinocastillayleon.es\/index\/wp-content\/uploads\/2024\/07\/Torre-del-Gallo-desde-el-Claustro-de-San-Isidoro-de-Leon-Destino-Castilla-y-Leon.jpg\" alt=\"Torre del Gallo desde el Claustro de San Isidoro de Le\u00f3n - Destino Castilla y Le\u00f3n\" width=\"3500\" class=\"size-full wp-image-38804\" srcset=\"https:\/\/destinocastillayleon.es\/index\/wp-content\/uploads\/2024\/07\/Torre-del-Gallo-desde-el-Claustro-de-San-Isidoro-de-Leon-Destino-Castilla-y-Leon.jpg 362w, https:\/\/destinocastillayleon.es\/index\/wp-content\/uploads\/2024\/07\/Torre-del-Gallo-desde-el-Claustro-de-San-Isidoro-de-Leon-Destino-Castilla-y-Leon-226x300.jpg 226w\" sizes=\"(max-width: 362px) 100vw, 362px\" \/><figcaption id=\"caption-attachment-38804\" class=\"wp-caption-text\">Torre del Gallo desde el Claustro de San Isidoro de Le\u00f3n &#8211; Destino Castilla y Le\u00f3n<\/figcaption><\/figure>\n<h4><strong>El C\u00e1liz de Do\u00f1a Urraca<\/strong><\/h4>\n<p><strong>La joya de este museo es este c\u00e1liz,<\/strong> guardado en una sala de la Torre del Gallo, es esta pieza \u00fanica.<\/p>\n<p>Este c\u00e1liz <strong>perteneci\u00f3 a la Infanta Do\u00f1a Urraca, hija de Fernando I de Le\u00f3n.<\/strong> Se compone de <strong>dos piezas de piedra, un vaso y un plato, de piedra \u00f3nice,<\/strong> engarzados para formar esta pieza \u00fanica por una orfebrer\u00eda del siglo XI de una calidad y finura de gran valor.<\/p>\n<p><strong>Origen de la pieza<\/strong><br \/>\nEsta pieza <strong>llega a la corte de Fernando I como un pago de paria del rey musulm\u00e1n de Denia.<\/strong> A su vez, este sult\u00e1n lo recibi\u00f3 en pago por un cargamento de alimentos para paliar una hambruna en Egipto en 1055.<\/p>\n<figure id=\"attachment_38803\" aria-describedby=\"caption-attachment-38803\" style=\"width: 640px\" class=\"wp-caption aligncenter\"><img decoding=\"async\" src=\"https:\/\/destinocastillayleon.es\/index\/wp-content\/uploads\/2024\/07\/Visita-al-interior-de-la-Torre-del-Gallo-de-San-Isidoro-de-Leon-Destino-Castilla-y-Leon.jpg\" alt=\"Visita al interior de la Torre del Gallo de San Isidoro de Le\u00f3n - Destino Castilla y Le\u00f3n\" width=\"640\" height=\"360\" class=\"size-full wp-image-38803\" srcset=\"https:\/\/destinocastillayleon.es\/index\/wp-content\/uploads\/2024\/07\/Visita-al-interior-de-la-Torre-del-Gallo-de-San-Isidoro-de-Leon-Destino-Castilla-y-Leon.jpg 640w, https:\/\/destinocastillayleon.es\/index\/wp-content\/uploads\/2024\/07\/Visita-al-interior-de-la-Torre-del-Gallo-de-San-Isidoro-de-Leon-Destino-Castilla-y-Leon-300x169.jpg 300w\" sizes=\"(max-width: 640px) 100vw, 640px\" \/><figcaption id=\"caption-attachment-38803\" class=\"wp-caption-text\">Visita al interior de la Torre del Gallo de San Isidoro de Le\u00f3n &#8211; Destino Castilla y Le\u00f3n<\/figcaption><\/figure>\n<p>A su vez, <strong>estas dos piezas fueron requisadas por las autoridades isl\u00e1micas a los cristianos coptos,<\/strong> que las veneraban como reliquias de la \u00faltima cena de Jesucristo.<\/p>\n<p><strong>En un texto de la \u00e9poca se dice que el jefe musulm\u00e1n rompi\u00f3 una esquirla porque una hija suya estaba enferma,<\/strong> y gracias a esta se san\u00f3. <strong>En la restauraci\u00f3n de 2017, se comprob\u00f3 la falla en el vaso,<\/strong> del tama\u00f1o de una esquirla.<\/p>\n<p><strong>\u00bfEs el c\u00e1liz de Cristo?<\/strong><br \/>\n<strong>Es imposible responder categ\u00f3ricamente a esta pregunta.<\/strong> Con todos estos datos ciertos documentales \u00bfQu\u00e9 se sabe de cierto?<\/p>\n<figure id=\"attachment_38810\" aria-describedby=\"caption-attachment-38810\" style=\"width: 298px\" class=\"wp-caption aligncenter\"><img decoding=\"async\" src=\"https:\/\/destinocastillayleon.es\/index\/wp-content\/uploads\/2024\/07\/Caliz-de-Dona-Urraca-de-Leon-Destino-Castilla-y-Leon.jpg\" alt=\"C\u00e1liz de Do\u00f1a Urraca de Le\u00f3n - Destino Castilla y Le\u00f3n\" width=\"298\" class=\"size-full wp-image-38810\" srcset=\"https:\/\/destinocastillayleon.es\/index\/wp-content\/uploads\/2024\/07\/Caliz-de-Dona-Urraca-de-Leon-Destino-Castilla-y-Leon.jpg 398w, https:\/\/destinocastillayleon.es\/index\/wp-content\/uploads\/2024\/07\/Caliz-de-Dona-Urraca-de-Leon-Destino-Castilla-y-Leon-249x300.jpg 249w\" sizes=\"(max-width: 398px) 100vw, 398px\" \/><figcaption id=\"caption-attachment-38810\" class=\"wp-caption-text\">C\u00e1liz de Do\u00f1a Urraca de Le\u00f3n &#8211; Destino Castilla y Le\u00f3n<\/figcaption><\/figure>\n<p>Estas piezas <strong>se saben que son del siglo I, qu\u00e9 estuvieron en Tierra Santa;<\/strong> y que eran el t\u00edpico juego de vasos y platos de \u201cgala\u201d para una familia jud\u00eda media de aquella \u00e9poca.<\/p>\n<p><strong>\u00bfY el c\u00e1liz de Valencia?<\/strong><br \/>\nLa pol\u00e9mica sobre cu\u00e1l es el verdadero c\u00e1liz de Cristo, <strong>si el leon\u00e9s o el valenciano, es imposible de decir.<\/strong> Lo cierto es que al menos estos son los que re\u00fanen mayores posibilidades de serlos; <strong>aunque ninguno posee pruebas definitorias.<\/strong><\/p>\n<figure id=\"attachment_38811\" aria-describedby=\"caption-attachment-38811\" style=\"width: 452px\" class=\"wp-caption aligncenter\"><img decoding=\"async\" src=\"https:\/\/destinocastillayleon.es\/index\/wp-content\/uploads\/2024\/07\/Las-dos-piezas-de-la-discordia.jpg\" alt=\"Las dos piezas de la discordia\" width=\"452\" height=\"360\" class=\"size-full wp-image-38811\" srcset=\"https:\/\/destinocastillayleon.es\/index\/wp-content\/uploads\/2024\/07\/Las-dos-piezas-de-la-discordia.jpg 452w, https:\/\/destinocastillayleon.es\/index\/wp-content\/uploads\/2024\/07\/Las-dos-piezas-de-la-discordia-300x239.jpg 300w\" sizes=\"(max-width: 452px) 100vw, 452px\" \/><figcaption id=\"caption-attachment-38811\" class=\"wp-caption-text\">Las dos piezas de la discordia<\/figcaption><\/figure>\n<blockquote><p>En alg\u00fan sentido, ambas piezas poseen un dise\u00f1o similar y una historia documentada que al menos las sit\u00faan en el siglo II dC.<\/p><\/blockquote>\n<p>Y dado que no se puede aseverar nada de cierto, <strong>nosotros defendemos la versi\u00f3n leonesa, ya que es de Castilla y Le\u00f3n.<\/strong> <a name=\"Terraza\"><\/a><\/p>\n<h3><strong>Paseo por la terraza<\/strong><\/h3>\n<p>En nuestro \u00faltimo viaje, <strong>descubrimos que hab\u00edan habilitado una salida a una terraza;<\/strong> si bien, esta terraza <strong>es parte del adarve<\/strong> de paso de la muralla romana.<\/p>\n<figure id=\"attachment_38805\" aria-describedby=\"caption-attachment-38805\" style=\"width: 640px\" class=\"wp-caption aligncenter\"><img decoding=\"async\" src=\"https:\/\/destinocastillayleon.es\/index\/wp-content\/uploads\/2024\/07\/Paseo-por-la-murralla-de-Leon-saliendo-desde-la-Torre-del-Gallo-Destino-Castilla-y-Leon.jpg\" alt=\"Paseo por la muralla de Le\u00f3n saliendo desde la Torre del Gallo - Destino Castilla y Le\u00f3n\" width=\"640\" height=\"360\" class=\"size-full wp-image-38805\" srcset=\"https:\/\/destinocastillayleon.es\/index\/wp-content\/uploads\/2024\/07\/Paseo-por-la-murralla-de-Leon-saliendo-desde-la-Torre-del-Gallo-Destino-Castilla-y-Leon.jpg 640w, https:\/\/destinocastillayleon.es\/index\/wp-content\/uploads\/2024\/07\/Paseo-por-la-murralla-de-Leon-saliendo-desde-la-Torre-del-Gallo-Destino-Castilla-y-Leon-300x169.jpg 300w\" sizes=\"(max-width: 640px) 100vw, 640px\" \/><figcaption id=\"caption-attachment-38805\" class=\"wp-caption-text\">Paseo por la muralla de Le\u00f3n saliendo desde la Torre del Gallo &#8211; Destino Castilla y Le\u00f3n<\/figcaption><\/figure>\n<h3><strong>Hacia el claustro<\/strong><\/h3>\n<p>Tras asomarse, <strong>se debe seguir hacia el claustro superior<\/strong> del Monasterio de San Isidoro.<\/p>\n<figure id=\"attachment_38806\" aria-describedby=\"caption-attachment-38806\" style=\"width: 640px\" class=\"wp-caption aligncenter\"><img decoding=\"async\" src=\"https:\/\/destinocastillayleon.es\/index\/wp-content\/uploads\/2024\/07\/Interior-del-Claustro-de-San-Isidoro-en-el-piso-superior-Destino-Castilla-y-Leon.jpg\" alt=\"Interior del Claustro de San Isidoro en el piso superior - Destino Castilla y Le\u00f3n\" width=\"640\" height=\"360\" class=\"size-full wp-image-38806\" srcset=\"https:\/\/destinocastillayleon.es\/index\/wp-content\/uploads\/2024\/07\/Interior-del-Claustro-de-San-Isidoro-en-el-piso-superior-Destino-Castilla-y-Leon.jpg 640w, https:\/\/destinocastillayleon.es\/index\/wp-content\/uploads\/2024\/07\/Interior-del-Claustro-de-San-Isidoro-en-el-piso-superior-Destino-Castilla-y-Leon-300x169.jpg 300w\" sizes=\"(max-width: 640px) 100vw, 640px\" \/><figcaption id=\"caption-attachment-38806\" class=\"wp-caption-text\">Interior del Claustro de San Isidoro en el piso superior &#8211; Destino Castilla y Le\u00f3n<\/figcaption><\/figure>\n<p>El aspecto actual <strong>no es el original, pero tiene su l\u00f3gica.<\/strong> Por los pasillos que rodean el claustro, se pasa por las celdas, las habitaciones de los monjes que una vez habitaron el monasterio. No est\u00e1n visitables; ahora imaginamos que ser\u00e1n despachos administrativos.<\/p>\n<figure id=\"attachment_38812\" aria-describedby=\"caption-attachment-38812\" style=\"width: 640px\" class=\"wp-caption aligncenter\"><img decoding=\"async\" src=\"https:\/\/destinocastillayleon.es\/index\/wp-content\/uploads\/2024\/07\/Calustro-de-San-Isidoro-de-Leon-Destino-Castilla-y-Leon.jpg\" alt=\"Claustro de San Isidoro de Le\u00f3n - Destino Castilla y Le\u00f3n\" width=\"640\" height=\"360\" class=\"size-full wp-image-38812\" srcset=\"https:\/\/destinocastillayleon.es\/index\/wp-content\/uploads\/2024\/07\/Calustro-de-San-Isidoro-de-Leon-Destino-Castilla-y-Leon.jpg 640w, https:\/\/destinocastillayleon.es\/index\/wp-content\/uploads\/2024\/07\/Calustro-de-San-Isidoro-de-Leon-Destino-Castilla-y-Leon-300x169.jpg 300w\" sizes=\"(max-width: 640px) 100vw, 640px\" \/><figcaption id=\"caption-attachment-38812\" class=\"wp-caption-text\">Claustro de San Isidoro de Le\u00f3n &#8211; Destino Castilla y Le\u00f3n<\/figcaption><\/figure>\n<p>Todo el pasillo <strong>est\u00e1 decorado con cuadros de cl\u00e9rigos y frailes<\/strong> que en su momento tuvieron vinculaci\u00f3n con este monasterio.<a name=\"Claustro\"><\/a><\/p>\n<h4><strong>La escalera renacentista<\/strong><\/h4>\n<p>Ya nos disponemos a <strong>descender a la planta baja.<\/strong> La escalera que desciende es u<strong>na de las maravillas de \u00e9poca renacentista.<\/strong><\/p>\n<figure id=\"attachment_38807\" aria-describedby=\"caption-attachment-38807\" style=\"width: 640px\" class=\"wp-caption aligncenter\"><img decoding=\"async\" src=\"https:\/\/destinocastillayleon.es\/index\/wp-content\/uploads\/2024\/07\/Escalera-renacentista-entre-los-pisos-del-claustro-Destino-Castilla-y-Leon.jpg\" alt=\"Escalera renacentista entre los pisos del claustro - Destino Castilla y Le\u00f3n\" width=\"640\" height=\"360\" class=\"size-full wp-image-38807\" srcset=\"https:\/\/destinocastillayleon.es\/index\/wp-content\/uploads\/2024\/07\/Escalera-renacentista-entre-los-pisos-del-claustro-Destino-Castilla-y-Leon.jpg 640w, https:\/\/destinocastillayleon.es\/index\/wp-content\/uploads\/2024\/07\/Escalera-renacentista-entre-los-pisos-del-claustro-Destino-Castilla-y-Leon-300x169.jpg 300w\" sizes=\"(max-width: 640px) 100vw, 640px\" \/><figcaption id=\"caption-attachment-38807\" class=\"wp-caption-text\">Escalera renacentista entre los pisos del claustro &#8211; Destino Castilla y Le\u00f3n<\/figcaption><\/figure>\n<p>Bajando por ella, <strong>salimos al claustro.<\/strong> All\u00ed hay algunas salas de gran relevancia.<br \/>\n&nbsp;<\/p>\n<h3><strong>Estancias principales del claustro<\/strong><\/h3>\n<p>Este claustro <strong>est\u00e1 construido sobre el claustro rom\u00e1nico inicial,<\/strong> por lo que, en su mayor parte, <strong>presenta una arquer\u00eda y detalles g\u00f3ticos,<\/strong> que luego se mezclan con otros detalles renacentistas. Posee varias salas visitables de gran inter\u00e9s. Este claustro bajo, original de \u00e9poca rom\u00e1nica posee las t\u00edpicas estancias de un claustro monacal.<\/p>\n<figure id=\"attachment_38818\" aria-describedby=\"caption-attachment-38818\" style=\"width: 640px\" class=\"wp-caption aligncenter\"><img decoding=\"async\" src=\"https:\/\/destinocastillayleon.es\/index\/wp-content\/uploads\/2024\/08\/Arqueria-gotica-del-Claustro-de-San-Isidoro-de-Leon-Destino-Castilla-y-Leon.jpg\" alt=\"Arquer\u00eda g\u00f3tica del Claustro de San Isidoro de Le\u00f3n - Destino Castilla y Le\u00f3n\" width=\"640\" height=\"360\" class=\"size-full wp-image-38818\" srcset=\"https:\/\/destinocastillayleon.es\/index\/wp-content\/uploads\/2024\/08\/Arqueria-gotica-del-Claustro-de-San-Isidoro-de-Leon-Destino-Castilla-y-Leon.jpg 640w, https:\/\/destinocastillayleon.es\/index\/wp-content\/uploads\/2024\/08\/Arqueria-gotica-del-Claustro-de-San-Isidoro-de-Leon-Destino-Castilla-y-Leon-300x169.jpg 300w\" sizes=\"(max-width: 640px) 100vw, 640px\" \/><figcaption id=\"caption-attachment-38818\" class=\"wp-caption-text\">Arquer\u00eda g\u00f3tica del Claustro de San Isidoro de Le\u00f3n &#8211; Destino Castilla y Le\u00f3n<\/figcaption><\/figure>\n<h3><strong>Sala Capitular del Claustro<\/strong><\/h3>\n<p>Esta sala es la <strong>que anta\u00f1o acog\u00eda al consejo de gobierno de los monjes<\/strong> que viv\u00edan en el Monasterio.<\/p>\n<figure id=\"attachment_38816\" aria-describedby=\"caption-attachment-38816\" style=\"width: 640px\" class=\"wp-caption aligncenter\"><img decoding=\"async\" src=\"https:\/\/destinocastillayleon.es\/index\/wp-content\/uploads\/2024\/08\/Sala-capitular-moderna-en-el-Claustro-de-San-Isidoro-Destino-Castilla-y-Leon.jpg\" alt=\"Sala capitular moderna en el Claustro de San Isidoro - Destino Castilla y Le\u00f3n\" width=\"640\" height=\"360\" class=\"size-full wp-image-38816\" srcset=\"https:\/\/destinocastillayleon.es\/index\/wp-content\/uploads\/2024\/08\/Sala-capitular-moderna-en-el-Claustro-de-San-Isidoro-Destino-Castilla-y-Leon.jpg 640w, https:\/\/destinocastillayleon.es\/index\/wp-content\/uploads\/2024\/08\/Sala-capitular-moderna-en-el-Claustro-de-San-Isidoro-Destino-Castilla-y-Leon-300x169.jpg 300w\" sizes=\"(max-width: 640px) 100vw, 640px\" \/><figcaption id=\"caption-attachment-38816\" class=\"wp-caption-text\">Sala capitular moderna en el Claustro de San Isidoro &#8211; Destino Castilla y Le\u00f3n<\/figcaption><\/figure>\n<p>Actualmente, <strong>es la sala de los tesoros,<\/strong> y donde se muestran piezas de gran importancia.<\/p>\n<h4><strong>Gallo dorado<\/strong><\/h4>\n<p>La torre que acoge el C\u00e1liz de Do\u00f1a Urraca, <strong>est\u00e1 rematada por una veleta, decorada por una escultura de metal.<\/strong> Por su forma se gallo, est\u00e1 torre adquiere este nombre.<\/p>\n<p><strong>Estuvo a punto de ser expoliada por los franceses<\/strong> durante las guerras napole\u00f3nicas, que ocuparon el monasterio y lo usaron como acuartelamiento.<\/p>\n<figure id=\"attachment_38802\" aria-describedby=\"caption-attachment-38802\" style=\"width: 640px\" class=\"wp-caption aligncenter\"><img decoding=\"async\" src=\"https:\/\/destinocastillayleon.es\/index\/wp-content\/uploads\/2024\/07\/Algunos-tesoros-de-San-Isidoro-de-Leon-Destino-Castilla-y-Leon.jpg\" alt=\"Algunos tesoros de San Isidoro de Le\u00f3n - Destino Castilla y Le\u00f3n\" width=\"640\" height=\"360\" class=\"size-full wp-image-38802\" srcset=\"https:\/\/destinocastillayleon.es\/index\/wp-content\/uploads\/2024\/07\/Algunos-tesoros-de-San-Isidoro-de-Leon-Destino-Castilla-y-Leon.jpg 640w, https:\/\/destinocastillayleon.es\/index\/wp-content\/uploads\/2024\/07\/Algunos-tesoros-de-San-Isidoro-de-Leon-Destino-Castilla-y-Leon-300x169.jpg 300w\" sizes=\"(max-width: 640px) 100vw, 640px\" \/><figcaption id=\"caption-attachment-38802\" class=\"wp-caption-text\">Algunos tesoros de San Isidoro de Le\u00f3n &#8211; Destino Castilla y Le\u00f3n<\/figcaption><\/figure>\n<p><strong>La pieza expuesta es la original; mientras que la que est\u00e1 colocada en la torre es una r\u00e9plica.<\/strong> Estudiosos de la pieza determinan que <strong>esta veleta se remonta a \u00e9pocas muy lejanas en Mesopotamia.<\/strong><\/p>\n<h4><strong>Cajas para guardar tesoros, que son un tesoro<\/strong><\/h4>\n<p>Otras de las muchas piezas que se coleccionan aqu\u00ed son <strong>varias cajas o arcas usadas para llevar desde tesoros a reliquias.<\/strong><\/p>\n<figure id=\"attachment_38817\" aria-describedby=\"caption-attachment-38817\" style=\"width: 640px\" class=\"wp-caption aligncenter\"><img decoding=\"async\" src=\"https:\/\/destinocastillayleon.es\/index\/wp-content\/uploads\/2024\/08\/Arca-relicario-de-San-Isidoro-Destino-Castilla-y-Leon.jpg\" alt=\"Arca relicario en San Isidoro de Le\u00f3n - Destino Castilla y Le\u00f3n\" width=\"640\" height=\"360\" class=\"size-full wp-image-38817\" srcset=\"https:\/\/destinocastillayleon.es\/index\/wp-content\/uploads\/2024\/08\/Arca-relicario-de-San-Isidoro-Destino-Castilla-y-Leon.jpg 640w, https:\/\/destinocastillayleon.es\/index\/wp-content\/uploads\/2024\/08\/Arca-relicario-de-San-Isidoro-Destino-Castilla-y-Leon-300x169.jpg 300w\" sizes=\"(max-width: 640px) 100vw, 640px\" \/><figcaption id=\"caption-attachment-38817\" class=\"wp-caption-text\">Arca relicario en San Isidoro de Le\u00f3n &#8211; Destino Castilla y Le\u00f3n<\/figcaption><\/figure>\n<p>Gracias a su antig\u00fcedad, sus materiales, su calidad en la realizaci\u00f3n y su estado de conservaci\u00f3n, <strong>podr\u00edamos catalogar a casi cualquiera de las piezas expuestas como un tesoro en s\u00ed mismo.<\/strong><\/p>\n<h3><strong>El recuerdo vivo en el claustro bajo<\/strong><\/h3>\n<p>Siguiendo a la parte m\u00e1s antigua con <strong>arcadas rom\u00e1nicas del claustro bajo de San Isidoro se llega a la colecci\u00f3n de algunas piedras originales<\/strong> que han tenido que ser sustituidas durante la restauraci\u00f3n del edificio.<\/p>\n<figure id=\"attachment_38808\" aria-describedby=\"caption-attachment-38808\" style=\"width: 640px\" class=\"wp-caption aligncenter\"><img decoding=\"async\" src=\"https:\/\/destinocastillayleon.es\/index\/wp-content\/uploads\/2024\/07\/En-el-Claustro-de-San-Isidoro-se-rememora-que-es-la-Cuna-del-Parlamentarismo-moderno-Destino-Castilla-y-Leon.jpg\" alt=\"En el Claustro de San Isidoro se rememora que es la Cuna del Parlamentarismo moderno - Destino Castilla y Le\u00f3n\" width=\"640\" height=\"360\" class=\"size-full wp-image-38808\" srcset=\"https:\/\/destinocastillayleon.es\/index\/wp-content\/uploads\/2024\/07\/En-el-Claustro-de-San-Isidoro-se-rememora-que-es-la-Cuna-del-Parlamentarismo-moderno-Destino-Castilla-y-Leon.jpg 640w, https:\/\/destinocastillayleon.es\/index\/wp-content\/uploads\/2024\/07\/En-el-Claustro-de-San-Isidoro-se-rememora-que-es-la-Cuna-del-Parlamentarismo-moderno-Destino-Castilla-y-Leon-300x169.jpg 300w\" sizes=\"(max-width: 640px) 100vw, 640px\" \/><figcaption id=\"caption-attachment-38808\" class=\"wp-caption-text\">En el Claustro de San Isidoro se rememora que es la Cuna del Parlamentarismo moderno &#8211; Destino Castilla y Le\u00f3n<\/figcaption><\/figure>\n<h4><strong>El primer Parlamento moderno de la historia<\/strong><\/h4>\n<p>Estas piedras que estamos recorriendo <strong>guardan un tesoro inmaterial,<\/strong> reconocido por la UNESCO.<\/p>\n<p><strong>Y es que en 1188, <a href=\"http:\/\/Alfonso_IX_de_Le\u00f3n\" rel=\"noopener\" target=\"_blank\">Alfonso IX de Le\u00f3n<\/a> convoc\u00f3 en entre estos muros, el primer parlamento moderno.<\/strong> Y no es que el concepto no existiese antes, pero fue la primera ocasi\u00f3n en la que representantes del pueblo llano, el clero y la nobleza <strong>se reuniera con el Rey en cortes.<\/strong><\/p>\n<blockquote><p>Una placa de la UNESCO da el reconocimiento cultural inmaterial a este hito hist\u00f3rico.<a name=\"Panteon\"><\/a><\/p><\/blockquote>\n<p>&nbsp;<\/p>\n<h2><strong>El Pante\u00f3n de los Reyes de Le\u00f3n<\/strong><\/h2>\n<p>La \u00faltima sala a visitar es de tal importancia, <strong>que solo por eso merece la pena entrar.<\/strong><\/p>\n<h3><strong>El Pante\u00f3n Real<\/strong><\/h3>\n<p>Como os hemos dicho, <strong>esta bas\u00edlica monasterio fue previamente un palacio de Fernando I de Le\u00f3n y Castilla.<\/strong><\/p>\n<figure id=\"attachment_38823\" aria-describedby=\"caption-attachment-38823\" style=\"width: 315px\" class=\"wp-caption aligncenter\"><img decoding=\"async\" src=\"https:\/\/destinocastillayleon.es\/index\/wp-content\/uploads\/2024\/08\/Fernando-I-de-Leon.jpg\" alt=\"Fernando I de Le\u00f3n\" width=\"315\" height=\"483\" class=\"size-full wp-image-38823\" srcset=\"https:\/\/destinocastillayleon.es\/index\/wp-content\/uploads\/2024\/08\/Fernando-I-de-Leon.jpg 315w, https:\/\/destinocastillayleon.es\/index\/wp-content\/uploads\/2024\/08\/Fernando-I-de-Leon-196x300.jpg 196w\" sizes=\"(max-width: 315px) 100vw, 315px\" \/><figcaption id=\"caption-attachment-38823\" class=\"wp-caption-text\">Fernando I de Le\u00f3n<\/figcaption><\/figure>\n<p>Fernando, <strong>antes de morir, cede su palacio para la construcci\u00f3n de un monasterio donde traer los retos de San Isidoro.<\/strong> En esa construcci\u00f3n, a los pies de la Iglesia monacal <strong>mand\u00f3 instalar el Pante\u00f3n Real<\/strong> para los reyes de Le\u00f3n. <\/p>\n<blockquote><p>Est\u00e1 prohibido tomar fotos o v\u00eddeos de este espacio; a nosotros en esta ocasi\u00f3n nos tramitaron uno.<\/p><\/blockquote>\n<h3><strong>Las tumbas reales<\/strong><\/h3>\n<p>Aunque esta sala <strong>est\u00e1 llena de tumbas, y algunas son reconocibles;<\/strong> los restos que se conservan est\u00e1n mezclados.<\/p>\n<figure id=\"attachment_38819\" aria-describedby=\"caption-attachment-38819\" style=\"width: 640px\" class=\"wp-caption aligncenter\"><img decoding=\"async\" src=\"https:\/\/destinocastillayleon.es\/index\/wp-content\/uploads\/2024\/08\/Tumbas-de-los-Reyes-de-Leon-en-el-Panteon-de-San-Isidoro-Imagen-de-Guia-Repsol.jpg\" alt=\"Tumbas de los Reyes de Le\u00f3n en el Pante\u00f3n de San Isidoro - Imagen de Gu\u00eda Repsol\" width=\"640\" height=\"360\" class=\"size-full wp-image-38819\" srcset=\"https:\/\/destinocastillayleon.es\/index\/wp-content\/uploads\/2024\/08\/Tumbas-de-los-Reyes-de-Leon-en-el-Panteon-de-San-Isidoro-Imagen-de-Guia-Repsol.jpg 640w, https:\/\/destinocastillayleon.es\/index\/wp-content\/uploads\/2024\/08\/Tumbas-de-los-Reyes-de-Leon-en-el-Panteon-de-San-Isidoro-Imagen-de-Guia-Repsol-300x169.jpg 300w\" sizes=\"(max-width: 640px) 100vw, 640px\" \/><figcaption id=\"caption-attachment-38819\" class=\"wp-caption-text\">Tumbas de los Reyes de Le\u00f3n en el Pante\u00f3n de San Isidoro &#8211; Imagen de Gu\u00eda Repsol<\/figcaption><\/figure>\n<p>Durante la invasi\u00f3n francesa del siglo XIX, <strong>se transform\u00f3 la bas\u00edlica y el monasterio en cuartel; y esta sala fue usada de establo.<\/strong> Los soldados franceses profanaron las tumbas para robar en ellas.<\/p>\n<h3><strong>La capilla Sixtina del arte rom\u00e1nico universal<\/strong><\/h3>\n<p>En cualquier libro de historia de arte, <strong>al hablar de pintura rom\u00e1nica, siempre se pone este ejemplo.<\/strong><\/p>\n<figure id=\"attachment_38820\" aria-describedby=\"caption-attachment-38820\" style=\"width: 640px\" class=\"wp-caption aligncenter\"><img decoding=\"async\" src=\"https:\/\/destinocastillayleon.es\/index\/wp-content\/uploads\/2024\/08\/Pinturas-al-fresco-originales-del-Panteon-de-los-Reyes-de-Leon-en-San-Isidoro-Destino-Castilla-y-Leon.jpg\" alt=\"Pinturas al fresco originales del Pante\u00f3n de los Reyes de Le\u00f3n en San Isidoro - Destino Castilla y Le\u00f3n\" width=\"640\" height=\"360\" class=\"size-full wp-image-38820\" srcset=\"https:\/\/destinocastillayleon.es\/index\/wp-content\/uploads\/2024\/08\/Pinturas-al-fresco-originales-del-Panteon-de-los-Reyes-de-Leon-en-San-Isidoro-Destino-Castilla-y-Leon.jpg 640w, https:\/\/destinocastillayleon.es\/index\/wp-content\/uploads\/2024\/08\/Pinturas-al-fresco-originales-del-Panteon-de-los-Reyes-de-Leon-en-San-Isidoro-Destino-Castilla-y-Leon-300x169.jpg 300w\" sizes=\"(max-width: 640px) 100vw, 640px\" \/><figcaption id=\"caption-attachment-38820\" class=\"wp-caption-text\">Pinturas al fresco originales del Pante\u00f3n de los Reyes de Le\u00f3n en San Isidoro &#8211; Destino Castilla y Le\u00f3n<\/figcaption><\/figure>\n<p>Este espacio, <strong>abierto al aire libre, aunque protegido de la luz solar directa y la lluvia no ha sido restaurado nunca.<\/strong> Tan solo limpiado en el siglo XX del holl\u00edn de las velas que lo iluminaron durante casi diez siglos.<\/p>\n<h4><strong>Cristo Pantocr\u00e1tor<\/strong><\/h4>\n<p>Son muchas <strong>las pinturas famosas<\/strong> de este Pante\u00f3n Real.<\/p>\n<figure id=\"attachment_38821\" aria-describedby=\"caption-attachment-38821\" style=\"width: 640px\" class=\"wp-caption aligncenter\"><img decoding=\"async\" src=\"https:\/\/destinocastillayleon.es\/index\/wp-content\/uploads\/2024\/08\/Imagen-del-Cristo-Pantocrato-en-Gloria-del-Pateon-Real-de-San-Isidoro-de-Leon-Destino-Castilla-y-Leon.jpg\" alt=\"Imagen del Cristo Pantocr\u00e1tor en Gloria del Pante\u00f3n Real de San Isidoro de Le\u00f3n - Destino Castilla y Le\u00f3n\" width=\"640\" height=\"360\" class=\"size-full wp-image-38821\" srcset=\"https:\/\/destinocastillayleon.es\/index\/wp-content\/uploads\/2024\/08\/Imagen-del-Cristo-Pantocrato-en-Gloria-del-Pateon-Real-de-San-Isidoro-de-Leon-Destino-Castilla-y-Leon.jpg 640w, https:\/\/destinocastillayleon.es\/index\/wp-content\/uploads\/2024\/08\/Imagen-del-Cristo-Pantocrato-en-Gloria-del-Pateon-Real-de-San-Isidoro-de-Leon-Destino-Castilla-y-Leon-300x169.jpg 300w\" sizes=\"(max-width: 640px) 100vw, 640px\" \/><figcaption id=\"caption-attachment-38821\" class=\"wp-caption-text\">Imagen del Cristo Pantocr\u00e1tor en Gloria del Pante\u00f3n Real de San Isidoro de Le\u00f3n &#8211; Destino Castilla y Le\u00f3n<\/figcaption><\/figure>\n<p>Pero <strong>el Cristo Pantocr\u00e1tor en la Gloria es uno de los iconos de la pintura rom\u00e1nica.<\/strong> Este cristo est\u00e1 en la b\u00f3veda principal. Es simplemente magn\u00edfico.<\/p>\n<h4><strong>El Calendario agrario<\/strong><\/h4>\n<p>Junto al Cristo Pantocr\u00e1tor<strong>se haya otro de los iconos de este arte.<\/strong> <\/p>\n<figure id=\"attachment_38824\" aria-describedby=\"caption-attachment-38824\" style=\"width: 640px\" class=\"wp-caption aligncenter\"><img decoding=\"async\" src=\"https:\/\/destinocastillayleon.es\/index\/wp-content\/uploads\/2024\/08\/Calendario-agricola-de-San-Isidoro-Destino-Castilla-y-Leon.jpg\" alt=\"Calendario agr\u00edcola de San Isidoro - Destino Castilla y Le\u00f3n\" width=\"640\" height=\"360\" class=\"size-full wp-image-38824\" srcset=\"https:\/\/destinocastillayleon.es\/index\/wp-content\/uploads\/2024\/08\/Calendario-agricola-de-San-Isidoro-Destino-Castilla-y-Leon.jpg 640w, https:\/\/destinocastillayleon.es\/index\/wp-content\/uploads\/2024\/08\/Calendario-agricola-de-San-Isidoro-Destino-Castilla-y-Leon-300x169.jpg 300w\" sizes=\"(max-width: 640px) 100vw, 640px\" \/><figcaption id=\"caption-attachment-38824\" class=\"wp-caption-text\">Calendario agr\u00edcola de San Isidoro &#8211; Destino Castilla y Le\u00f3n<\/figcaption><\/figure>\n<p>Es <strong>un calendario agr\u00edcola en el que se representan los doce meses del a\u00f1o<\/strong> con las labores del campo de cada mes. <a name=\"Video\"><\/a><br \/>\n&nbsp;<\/p>\n<h3><strong>Video de nuestra visita<\/strong><\/h3>\n<p>Es mucho lo que os hemos contado. Y seguro que es <strong>apenas una gota en el oc\u00e9ano de todo lo que hay para ver.<\/strong><\/p>\n<p><center><iframe width=\"560\" height=\"315\" src=\"https:\/\/www.youtube.com\/embed\/bliD4Wn3E8Y?si=jcfNLykyzJI-D2k3\" title=\"YouTube video player\" frameborder=\"0\" allow=\"accelerometer; autoplay; clipboard-write; encrypted-media; gyroscope; picture-in-picture; web-share\" referrerpolicy=\"strict-origin-when-cross-origin\" allowfullscreen><\/iframe><\/center><\/p>\n<p>Y a modo de resumen del museo, <strong>os dejamos este v\u00eddeo de nuestro paso.<\/strong> Sin duda una maravilla que es imprescindible. <a name=\"Info\"><\/a><br \/>\n&nbsp;<\/p>\n<h3><strong>Informaci\u00f3n general para visitar el Museo de San Isidoro de Le\u00f3n<\/h3>\n<h4>Situaci\u00f3n y contacto<\/strong><\/h4>\n<p><strong>Museo de San Isidoro de Le\u00f3n<\/strong><br \/>\nPlaza San Isidoro, n\u00ba 4<br \/>\n24003 &#8211; Le\u00f3n<br \/>\nTel: +34 987 876 161<\/p>\n<h4><strong>Horario de visitas<\/strong><\/h4>\n<p><strong>Junio y julio:<\/strong><br \/>\n&nbsp;Martes<br \/>\n&nbsp;&nbsp;&nbsp;Horario de 10:00 h, a 14:00 h; y de 17:00 h, a 20:00 horas.<br \/>\n&nbsp;Mi\u00e9rcoles<br \/>\n&nbsp;&nbsp;&nbsp;Horario de 10:00 h, a 14:00 h; y de 16:00 h, a 20:00 horas.<br \/>\n&nbsp;Jueves, viernes y s\u00e1bado<br \/>\n&nbsp;&nbsp;&nbsp;Horario de 10:00 h, a 14:00 h; y de 17:00 h, a 20:00 horas.<br \/>\n&nbsp;Domingos<br \/>\n&nbsp;&nbsp;&nbsp;Horario de 10:00 h, a 14:00 horas.<\/p>\n<p><strong>De agosto a octubre:<\/strong><br \/>\n&nbsp;Martes<br \/>\n&nbsp;&nbsp;&nbsp;Horario de 10:00 h, a 15:00 h; y de 17:00 h, a 21:00 horas.<br \/>\n&nbsp;Mi\u00e9rcoles<br \/>\n&nbsp;&nbsp;&nbsp;Horario de 10:00 h, a 15:00 h; y de 16:00 h, a 21:00 horas.<br \/>\n&nbsp;Jueves, viernes y s\u00e1bado<br \/>\n&nbsp;&nbsp;&nbsp;Horario de 10:00 h, a 15:00 h; y de 17:00 h, a 21:00 horas.<br \/>\n&nbsp;Domingos<br \/>\n&nbsp;&nbsp;&nbsp;Horario de 10:00 h, a 15:00 horas.<\/p>\n<p><strong>Noviembre y diciembre:<\/strong><br \/>\n&nbsp;Martes<br \/>\n&nbsp;&nbsp;&nbsp;Horario de 10:00 h, a 14:00 h; y de 17:00 h, a 19:00 horas.<br \/>\n&nbsp;Mi\u00e9rcoles<br \/>\n&nbsp;&nbsp;&nbsp;Horario de 10:00 h, a 14:00 h; y de 16:00 h, a 20:00 horas.<br \/>\n&nbsp;Jueves, viernes y s\u00e1bado<br \/>\n&nbsp;&nbsp;&nbsp;Horario de 10:00 h, a 14:00 h; y de 17:00 h, a 19:00 horas.<br \/>\n&nbsp;Domingos<br \/>\n&nbsp;&nbsp;&nbsp;Horario de 10:00 h, a 14:00 horas.<\/p>\n<h4><strong>Coste de las entradas<\/strong><\/h4>\n<p><strong>La entrada general son 6\u20ac\/persona,<\/strong> con algunos descuentos especiales. No obstante, es interesante reservar online de forma anticipada las entradas con <strong><a href=\"https:\/\/www.civitatis.com\/es\/leon\/visita-museo-san-isidoro-leon\/?aid=99913\" rel=\"NoFollow noopener\" target=\"_blank\">visita guiada a San Isidoro de Le\u00f3n<\/a>,<\/strong> pues no existe visita libre y podr\u00edas no entrar sin reserva.<\/p>\n<figure id=\"attachment_388\" aria-describedby=\"caption-attachment-388\" style=\"width: 520px\" class=\"wp-caption aligncenter\"><img decoding=\"async\" src=\"https:\/\/destinocastillayleon.es\/index\/wp-content\/uploads\/2013\/01\/Parador-de-leon-00.jpg\" alt=\"Parador de Le\u00f3n en el Monasterio de San Marcos\" width=\"520\" class=\"size-full wp-image-388\" srcset=\"https:\/\/destinocastillayleon.es\/index\/wp-content\/uploads\/2013\/01\/Parador-de-leon-00.jpg 600w, https:\/\/destinocastillayleon.es\/index\/wp-content\/uploads\/2013\/01\/Parador-de-leon-00-300x225.jpg 300w\" sizes=\"(max-width: 600px) 100vw, 600px\" \/><figcaption id=\"caption-attachment-388\" class=\"wp-caption-text\">Parador de Le\u00f3n en el Monasterio de San Marcos<\/figcaption><\/figure>\n<p>Adicionalmente, <strong>puedes realizar otras visitas u otras actividades por la ciudad de Le\u00f3n,<\/strong> como <a href=\"https:\/\/www.civitatis.com\/es\/leon\/visita-guiada-catedral-leon\/aid=99913\" rel=\"NoFollow noopener\" target=\"_blank\">una visita guiada a la Catedral de Le\u00f3n<\/a>, aunque ya te contamos muchas cosas sobre ese <a href=\"https:\/\/destinocastillayleon.es\/index\/pulchra-leonina\/\" rel=\"noopener\" target=\"_blank\">gran templo g\u00f3tico leon\u00e9s<\/a>. Tambi\u00e9n interesante <a href=\"https:\/\/www.civitatis.com\/es\/leon\/visita-guiada-convento-san-marcos\/?aid=99913\" rel=\"NoFollow noopener\" target=\"_blank\">la visita a San Marcos<\/a>, restaurada recientemente. <\/p>\n<p>Y por supuesto, <strong>la opci\u00f3n de un todo completo con <a href=\"https:\/\/www.civitatis.com\/es\/leon\/free-tour-leon\/?aid=99913\" rel=\"NoFollow noopener\" target=\"_blank\">un <em>free tour<\/em> a la ciudad de Le\u00f3n<\/a>,<\/strong> que luego puedes combinar con <a href=\"https:\/\/www.civitatis.com\/es\/leon\/tour-gastronomico-leon\/?aid=99913\" rel=\"NoFollow noopener\" target=\"_blank\">un tour gastron\u00f3mico por el barrio rom\u00e1ntico o por el h\u00famedo<\/a>; dos grandes exponentes del tapeo por la ciudad de Le\u00f3n. <a name=\"Llegar\"><\/a><br \/>\n&nbsp;<\/p>\n<h2><strong>Informaci\u00f3n general de Le\u00f3n<\/strong><\/h2>\n<h3><strong>\u00bfC\u00f3mo llegar?<\/strong><\/h3>\n<p><strong>La ciudad de <a href=\"https:\/\/maps.app.goo.gl\/VG9sFTCDty37NCoC8\" rel=\"nofollow noopener\" target=\"_blank\">Le\u00f3n<\/a><\/strong> est\u00e1 relativamente bien comunicada por carretera. A ella <strong>llegan las importantes autov\u00edas<\/strong>, como la <strong>A66,<\/strong> Autov\u00eda de la V\u00eda de la Plata; o la <strong>A231,<\/strong> Autov\u00eda del Camino de Santiago. En alg\u00fan momento estar\u00e1 finalizada la conexi\u00f3n con Valladolid por la autov\u00eda <strong>A60.<\/strong><\/p>\n<figure id=\"attachment_37737\" aria-describedby=\"caption-attachment-37737\" style=\"width: 580px\" class=\"wp-caption aligncenter\"><img decoding=\"async\" src=\"https:\/\/destinocastillayleon.es\/index\/wp-content\/uploads\/2023\/09\/En-los-andenes-del-AVE-de-Leon-Destino-Castilla-y-Leon.jpg\" alt=\"En los andenes del AVE de Le\u00f3n - Destino Castilla y Le\u00f3n\" width=\"580\" height=\"326\" class=\"size-full wp-image-37737\" srcset=\"https:\/\/destinocastillayleon.es\/index\/wp-content\/uploads\/2023\/09\/En-los-andenes-del-AVE-de-Leon-Destino-Castilla-y-Leon.jpg 580w, https:\/\/destinocastillayleon.es\/index\/wp-content\/uploads\/2023\/09\/En-los-andenes-del-AVE-de-Leon-Destino-Castilla-y-Leon-300x169.jpg 300w\" sizes=\"(max-width: 580px) 100vw, 580px\" \/><figcaption id=\"caption-attachment-37737\" class=\"wp-caption-text\">En los andenes del AVE de Le\u00f3n &#8211; Destino Castilla y Le\u00f3n<\/figcaption><\/figure>\n<p>Pero uno de los medios m\u00e1s c\u00f3modos desde Madrid es <strong>el tren de Alta Velocidad,<\/strong> que comunica estas ciudades en dos horas y te deja en el centro de la ciudad. Y a nivel internacional <strong>est\u00e1 el aeropuerto de Le\u00f3n,<\/strong> al que se va o se viene en <a href=\"https:\/\/www.civitatis.com\/es\/leon\/traslados\/?aid=99913\" rel=\"noopener nofollow\" target=\"_blank\">un transfer<\/a> al centro de la ciudad. <a name=\"Comer\"><\/a><br \/>\n&nbsp;<\/p>\n<h3><strong>\u00bfD\u00f3nde comer?<\/strong><\/h3>\n<p>Le\u00f3n <strong>se caracteriza por comer bien en casi cualquier sitio.<\/strong> Nosotros en esta parte de la ciudad hemos comido <strong>muy bien en <a href=\"https:\/\/lamesadelconde.es\/meson-la-bodega-regia\/\" rel=\"noopener\" target=\"_blank\">La Bodega Regia<\/a>,<\/strong> un templo de la gastronom\u00eda leonesa. Tambi\u00e9n en <strong>el cl\u00e1sico Ezequiel de la Calle Ancha,<\/strong> una maravilla; y tambi\u00e9n en el <strong>Rte. La Trastienda del 13.<\/strong><\/p>\n<p><center><iframe width=\"560\" height=\"315\" src=\"https:\/\/www.youtube.com\/embed\/jAb1-fgxOLI?si=7JkB30Ip15qNuPe3\" title=\"YouTube video player\" frameborder=\"0\" allow=\"accelerometer; autoplay; clipboard-write; encrypted-media; gyroscope; picture-in-picture; web-share\" referrerpolicy=\"strict-origin-when-cross-origin\" allowfullscreen><\/iframe><\/CENTER><\/p>\n<p>Otras opciones es irte de tapas por el siempre bueno Barrio H\u00famedo, destacando <strong>un cl\u00e1sico, el <a href=\"https:\/\/youtu.be\/lqpU7yJsmJk?si=QFdenEC-Tlq44ri3\" rel=\"nofollow noopener\" target=\"_blank\">Restaurante Taberna El Racimo de Oro<\/a><\/strong>, o ir al <a href=\"https:\/\/destinocastillayleon.es\/index\/ruta-de-tapas-por-leon\/\" rel=\"noopener\" target=\"_blank\">Barrio Rom\u00e1ntico<\/a>. <a name=\"Dormir\"><\/a><br \/>\n&nbsp;<\/p>\n<h3><strong>\u00bfD\u00f3nde alojarse?<\/strong><\/h3>\n<p>Dado que Le\u00f3n <strong>es punto muy habitual para peregrinos por el Camino de Santiago,<\/strong> hay muchos sitios para alojarte, con todo tipo de calidades.<\/p>\n<figure id=\"attachment_30744\" aria-describedby=\"caption-attachment-30744\" style=\"width: 580px\" class=\"wp-caption aligncenter\"><img decoding=\"async\" src=\"https:\/\/destinocastillayleon.es\/index\/wp-content\/uploads\/2019\/06\/19887d373ae07e397f40409e1e4d2ad6.jpg\" alt=\"Habitaci\u00f3n simple del Hotel Silken Don Luis de Le\u00f3n - Imagen de Destino Castilla y Le\u00f3n\" width=\"580\" class=\"size-full wp-image-30744\" srcset=\"https:\/\/destinocastillayleon.es\/index\/wp-content\/uploads\/2019\/06\/19887d373ae07e397f40409e1e4d2ad6.jpg 640w, https:\/\/destinocastillayleon.es\/index\/wp-content\/uploads\/2019\/06\/19887d373ae07e397f40409e1e4d2ad6-300x188.jpg 300w\" sizes=\"(max-width: 640px) 100vw, 640px\" \/><figcaption id=\"caption-attachment-30744\" class=\"wp-caption-text\">Habitaci\u00f3n simple del Hotel Silken Don Luis<\/u><\/a> de Le\u00f3n &#8211; Imagen de Destino Castilla y Le\u00f3n<\/figcaption><\/figure>\n<p>Nosotros en las \u00faltimas ocasiones nos hemos alojado <strong>en el <a href=\"https:\/\/www.hoteles-silken.com\/es\/hotel-luis-de-leon\/\" rel=\"nofollow noopener\" target=\"_blank\">Hotel Silken Luis de Le\u00f3n<\/a><\/strong> o en el <strong><a href=\"https:\/\/www.hotelinfantasdeleon.com\/\" rel=\"nofollow noopener\" target=\"_blank\">Hotel FC. Infantas de Le\u00f3n<\/a>.<\/strong> Hoteles buenos, bien situados; aunque caros.<\/p>\n<p>Cualquiera de estas opciones es interesante, <strong>pero en plan econ\u00f3mico,<\/strong> sin ser albergues para peregrinos, conocemos el <a href=\"https:\/\/hotelmania.net\/hotel\/leon\/alojamientos-rio-cares\/\" rel=\"noopener nofollow\" target=\"_blank\"><strong>Hotel Alojamientos R\u00edo Cares<\/strong><\/a>; mucho m\u00e1s funcionales.<\/p>\n<p>Y como veis, <strong>siempre hay cosas nuevas que descubrir en Le\u00f3n,<\/strong> solo te falta elegir qu\u00e9 vas a visitar en cada ocasi\u00f3n.<br \/>\n&nbsp;<br \/>\n&nbsp;<br \/>\nAhora es vuestro turno, <strong>\u00bfConoc\u00e9is esta bas\u00edlica y su museo de San Isidoro de Le\u00f3n? \u00bfLo hab\u00e9is visitado en alguna ocasi\u00f3n?<\/strong> Compartid con nosotros en un comentario c\u00f3mo fue vuestra experiencia.<\/p>\n<h4>Tambi\u00e9n te puede interesar<\/h4>\n<ul>\n<li><a href=\"https:\/\/destinocastillayleon.es\/index\/pulchra-leonina\/\" rel=\"noopener\" target=\"_blank\">La Catedral de Santa Mar\u00eda de Le\u00f3n, la Pulchra Leonina<\/a>.<\/li>\n<li><a href=\"https:\/\/destinocastillayleon.es\/index\/leon-en-el-camino\/\" rel=\"noopener\" target=\"_blank\">Le\u00f3n en el Camino, una forma diferente de conocer el Camino de Santiago<\/a>.<\/li>\n<li><a href=\"https:\/\/destinocastillayleon.es\/index\/museo-de-la-emigracion-leonesa\/\" rel=\"noopener\" target=\"_blank\">Museo de la emigraci\u00f3n leonesa<\/a>.<\/li>\n<\/ul>\n<p>&nbsp;<\/p>\n","protected":false},"excerpt":{"rendered":"<p>Te contamos la importancia y lo que puedes ver en una visita a San Isidoro de Le\u00f3n; una de las construcciones rom\u00e1nicas m\u00e1s importantes del arte y la arquitectura universal<\/p>\n","protected":false},"author":2,"featured_media":38836,"comment_status":"open","ping_status":"closed","sticky":false,"template":"","format":"standard","meta":{"rop_custom_images_group":[],"rop_custom_messages_group":[],"rop_publish_now":"initial","rop_publish_now_accounts":{"twitter_1150954226_1150954226":""},"rop_publish_now_history":[],"rop_publish_now_status":"pending","footnotes":""},"categories":[3472,63,4712,68,73],"tags":[6076,6094,266,6116],"class_list":["post-38832","post","type-post","status-publish","format-standard","has-post-thumbnail","hentry","category-inspirate","category-leon","category-leon-turismo","category-post_inicial","category-punto_singular","tag-conoceleon","tag-leon-capital","tag-museos","tag-san-isidoro-de-leon"],"yoast_head":"<!-- This site is optimized with the Yoast SEO Premium plugin v20.4 (Yoast SEO v27.4) - https:\/\/yoast.com\/product\/yoast-seo-premium-wordpress\/ -->\n<title>Visita a San Isidoro de Le\u00f3n - Destino Castilla y Le\u00f3n<\/title>\n<meta name=\"description\" content=\"Conoce la importancia y lo que puedes ver en una visita a San Isidoro de Le\u00f3n; una construcci\u00f3n rom\u00e1nica de gran importancia.\" \/>\n<meta name=\"robots\" content=\"index, follow, max-snippet:-1, max-image-preview:large, max-video-preview:-1\" \/>\n<link rel=\"canonical\" href=\"https:\/\/destinocastillayleon.es\/index\/visita-a-san-isidoro-de-leon\/\" \/>\n<meta property=\"og:locale\" content=\"es_ES\" \/>\n<meta property=\"og:type\" content=\"article\" \/>\n<meta property=\"og:title\" content=\"Visita a San Isidoro de Le\u00f3n - Destino Castilla y Le\u00f3n\" \/>\n<meta property=\"og:description\" content=\"Te contamos la importancia y lo que puedes ver en una visita a San Isidoro de Le\u00f3n; una de las construcciones rom\u00e1nicas m\u00e1s importantes del arte y la arquitectura universal\" \/>\n<meta property=\"og:url\" content=\"https:\/\/destinocastillayleon.es\/index\/visita-a-san-isidoro-de-leon\/\" \/>\n<meta property=\"og:site_name\" content=\"Destino Castilla y Le\u00f3n\" \/>\n<meta property=\"article:publisher\" content=\"https:\/\/www.facebook.com\/DestinoCastillaYLeon\/\" \/>\n<meta property=\"article:author\" content=\"https:\/\/www.facebook.com\/profile.php?id=1158416854\" \/>\n<meta property=\"article:published_time\" content=\"2024-08-09T06:42:20+00:00\" \/>\n<meta property=\"article:modified_time\" content=\"2025-05-21T15:59:18+00:00\" \/>\n<meta property=\"og:image\" content=\"https:\/\/destinocastillayleon.es\/index\/wp-content\/uploads\/2024\/08\/San-Isidoro-de-Leon-Destino-Castilla-y-Leon.jpg\" \/>\n\t<meta property=\"og:image:width\" content=\"1210\" \/>\n\t<meta property=\"og:image:height\" content=\"649\" \/>\n\t<meta property=\"og:image:type\" content=\"image\/jpeg\" \/>\n<meta name=\"author\" content=\"David V\u00e1zquez\" \/>\n<meta name=\"twitter:card\" content=\"summary_large_image\" \/>\n<meta name=\"twitter:title\" content=\"Visita a San Isidoro de Le\u00f3n - Destino Castilla y Le\u00f3n\" \/>\n<meta name=\"twitter:description\" content=\"Te contamos la importancia y lo que puedes ver en una visita a San Isidoro de Le\u00f3n; una de las construcciones rom\u00e1nicas m\u00e1s importantes del arte y la arquitectura universal\" \/>\n<meta name=\"twitter:creator\" content=\"@https:\/\/twitter.com\/ContePantaleone\u200e\" \/>\n<meta name=\"twitter:site\" content=\"@destinocyl\" \/>\n<meta name=\"twitter:label1\" content=\"Escrito por\" \/>\n\t<meta name=\"twitter:data1\" content=\"David V\u00e1zquez\" \/>\n\t<meta name=\"twitter:label2\" content=\"Tiempo de lectura\" \/>\n\t<meta name=\"twitter:data2\" content=\"24 minutos\" \/>\n<script type=\"application\/ld+json\" class=\"yoast-schema-graph\">{\"@context\":\"https:\\\/\\\/schema.org\",\"@graph\":[{\"@type\":\"Article\",\"@id\":\"https:\\\/\\\/destinocastillayleon.es\\\/index\\\/visita-a-san-isidoro-de-leon\\\/#article\",\"isPartOf\":{\"@id\":\"https:\\\/\\\/destinocastillayleon.es\\\/index\\\/visita-a-san-isidoro-de-leon\\\/\"},\"author\":{\"name\":\"David V\u00e1zquez\",\"@id\":\"https:\\\/\\\/destinocastillayleon.es\\\/index\\\/#\\\/schema\\\/person\\\/189221bc8f6cc4fa28b18ad5c289d4c2\"},\"headline\":\"San Isidoro de Le\u00f3n, una de las obras culmen del rom\u00e1nico leon\u00e9s\",\"datePublished\":\"2024-08-09T06:42:20+00:00\",\"dateModified\":\"2025-05-21T15:59:18+00:00\",\"mainEntityOfPage\":{\"@id\":\"https:\\\/\\\/destinocastillayleon.es\\\/index\\\/visita-a-san-isidoro-de-leon\\\/\"},\"wordCount\":4167,\"commentCount\":0,\"image\":{\"@id\":\"https:\\\/\\\/destinocastillayleon.es\\\/index\\\/visita-a-san-isidoro-de-leon\\\/#primaryimage\"},\"thumbnailUrl\":\"https:\\\/\\\/destinocastillayleon.es\\\/index\\\/wp-content\\\/uploads\\\/2024\\\/08\\\/San-Isidoro-de-Leon-Destino-Castilla-y-Leon.jpg\",\"keywords\":[\"ConoceLe\u00f3n\",\"Le\u00f3n Capital\",\"museos\",\"San Isidoro de Le\u00f3n\"],\"articleSection\":[\"Inspirate\",\"Leon\",\"Leon turismo\",\"Post_inicial\",\"Punto Singular\"],\"inLanguage\":\"es\",\"potentialAction\":[{\"@type\":\"CommentAction\",\"name\":\"Comment\",\"target\":[\"https:\\\/\\\/destinocastillayleon.es\\\/index\\\/visita-a-san-isidoro-de-leon\\\/#respond\"]}]},{\"@type\":\"WebPage\",\"@id\":\"https:\\\/\\\/destinocastillayleon.es\\\/index\\\/visita-a-san-isidoro-de-leon\\\/\",\"url\":\"https:\\\/\\\/destinocastillayleon.es\\\/index\\\/visita-a-san-isidoro-de-leon\\\/\",\"name\":\"Visita a San Isidoro de Le\u00f3n - Destino Castilla y Le\u00f3n\",\"isPartOf\":{\"@id\":\"https:\\\/\\\/destinocastillayleon.es\\\/index\\\/#website\"},\"primaryImageOfPage\":{\"@id\":\"https:\\\/\\\/destinocastillayleon.es\\\/index\\\/visita-a-san-isidoro-de-leon\\\/#primaryimage\"},\"image\":{\"@id\":\"https:\\\/\\\/destinocastillayleon.es\\\/index\\\/visita-a-san-isidoro-de-leon\\\/#primaryimage\"},\"thumbnailUrl\":\"https:\\\/\\\/destinocastillayleon.es\\\/index\\\/wp-content\\\/uploads\\\/2024\\\/08\\\/San-Isidoro-de-Leon-Destino-Castilla-y-Leon.jpg\",\"datePublished\":\"2024-08-09T06:42:20+00:00\",\"dateModified\":\"2025-05-21T15:59:18+00:00\",\"author\":{\"@id\":\"https:\\\/\\\/destinocastillayleon.es\\\/index\\\/#\\\/schema\\\/person\\\/189221bc8f6cc4fa28b18ad5c289d4c2\"},\"description\":\"Conoce la importancia y lo que puedes ver en una visita a San Isidoro de Le\u00f3n; una construcci\u00f3n rom\u00e1nica de gran importancia.\",\"breadcrumb\":{\"@id\":\"https:\\\/\\\/destinocastillayleon.es\\\/index\\\/visita-a-san-isidoro-de-leon\\\/#breadcrumb\"},\"inLanguage\":\"es\",\"potentialAction\":[{\"@type\":\"ReadAction\",\"target\":[\"https:\\\/\\\/destinocastillayleon.es\\\/index\\\/visita-a-san-isidoro-de-leon\\\/\"]}]},{\"@type\":\"ImageObject\",\"inLanguage\":\"es\",\"@id\":\"https:\\\/\\\/destinocastillayleon.es\\\/index\\\/visita-a-san-isidoro-de-leon\\\/#primaryimage\",\"url\":\"https:\\\/\\\/destinocastillayleon.es\\\/index\\\/wp-content\\\/uploads\\\/2024\\\/08\\\/San-Isidoro-de-Leon-Destino-Castilla-y-Leon.jpg\",\"contentUrl\":\"https:\\\/\\\/destinocastillayleon.es\\\/index\\\/wp-content\\\/uploads\\\/2024\\\/08\\\/San-Isidoro-de-Leon-Destino-Castilla-y-Leon.jpg\",\"width\":1210,\"height\":649,\"caption\":\"San Isidoro de Le\u00f3n - Destino Castilla y Le\u00f3n\"},{\"@type\":\"BreadcrumbList\",\"@id\":\"https:\\\/\\\/destinocastillayleon.es\\\/index\\\/visita-a-san-isidoro-de-leon\\\/#breadcrumb\",\"itemListElement\":[{\"@type\":\"ListItem\",\"position\":1,\"name\":\"Portada\",\"item\":\"https:\\\/\\\/destinocastillayleon.es\\\/index\\\/\"},{\"@type\":\"ListItem\",\"position\":2,\"name\":\"San Isidoro de Le\u00f3n, una de las obras culmen del rom\u00e1nico leon\u00e9s\"}]},{\"@type\":\"WebSite\",\"@id\":\"https:\\\/\\\/destinocastillayleon.es\\\/index\\\/#website\",\"url\":\"https:\\\/\\\/destinocastillayleon.es\\\/index\\\/\",\"name\":\"Destino Castilla y Le\u00f3n\",\"description\":\"Medio digital independiente y revista de Castilla y Le\u00f3n dedicado al turismo, gastronom\u00eda y vino de Castilla y Le\u00f3n\",\"potentialAction\":[{\"@type\":\"SearchAction\",\"target\":{\"@type\":\"EntryPoint\",\"urlTemplate\":\"https:\\\/\\\/destinocastillayleon.es\\\/index\\\/?s={search_term_string}\"},\"query-input\":{\"@type\":\"PropertyValueSpecification\",\"valueRequired\":true,\"valueName\":\"search_term_string\"}}],\"inLanguage\":\"es\"},{\"@type\":\"Person\",\"@id\":\"https:\\\/\\\/destinocastillayleon.es\\\/index\\\/#\\\/schema\\\/person\\\/189221bc8f6cc4fa28b18ad5c289d4c2\",\"name\":\"David V\u00e1zquez\",\"image\":{\"@type\":\"ImageObject\",\"inLanguage\":\"es\",\"@id\":\"https:\\\/\\\/secure.gravatar.com\\\/avatar\\\/cd12db6c575a90c3b75cfa0f794b74d425201c768612fad17e9f13cd33d48be8?s=96&d=mm&r=g\",\"url\":\"https:\\\/\\\/secure.gravatar.com\\\/avatar\\\/cd12db6c575a90c3b75cfa0f794b74d425201c768612fad17e9f13cd33d48be8?s=96&d=mm&r=g\",\"contentUrl\":\"https:\\\/\\\/secure.gravatar.com\\\/avatar\\\/cd12db6c575a90c3b75cfa0f794b74d425201c768612fad17e9f13cd33d48be8?s=96&d=mm&r=g\",\"caption\":\"David V\u00e1zquez\"},\"description\":\"Ingeniero Industrial de vocaci\u00f3n y profesi\u00f3n, he encontrado en los blogs la forma de plasmar mi pasi\u00f3n por los viajes, la gastronom\u00eda y los vinos. Especialmente los procedentes de Castilla y Le\u00f3n\",\"sameAs\":[\"https:\\\/\\\/www.destinocastillayleon.es\",\"https:\\\/\\\/www.facebook.com\\\/profile.php?id=1158416854\",\"https:\\\/\\\/instagram.com\\\/conte.pantaleone\",\"https:\\\/\\\/www.linkedin.com\\\/pub\\\/david-vazquez-lozano\\\/37\\\/17a\\\/25a\",\"https:\\\/\\\/x.com\\\/https:\\\/\\\/twitter.com\\\/ContePantaleone\u200e\"],\"url\":\"https:\\\/\\\/destinocastillayleon.es\\\/index\\\/author\\\/coadministradorcyl\\\/\"}]}<\/script>\n<!-- \/ Yoast SEO Premium plugin. -->","yoast_head_json":{"title":"Visita a San Isidoro de Le\u00f3n - Destino Castilla y Le\u00f3n","description":"Conoce la importancia y lo que puedes ver en una visita a San Isidoro de Le\u00f3n; una construcci\u00f3n rom\u00e1nica de gran importancia.","robots":{"index":"index","follow":"follow","max-snippet":"max-snippet:-1","max-image-preview":"max-image-preview:large","max-video-preview":"max-video-preview:-1"},"canonical":"https:\/\/destinocastillayleon.es\/index\/visita-a-san-isidoro-de-leon\/","og_locale":"es_ES","og_type":"article","og_title":"Visita a San Isidoro de Le\u00f3n - Destino Castilla y Le\u00f3n","og_description":"Te contamos la importancia y lo que puedes ver en una visita a San Isidoro de Le\u00f3n; una de las construcciones rom\u00e1nicas m\u00e1s importantes del arte y la arquitectura universal","og_url":"https:\/\/destinocastillayleon.es\/index\/visita-a-san-isidoro-de-leon\/","og_site_name":"Destino Castilla y Le\u00f3n","article_publisher":"https:\/\/www.facebook.com\/DestinoCastillaYLeon\/","article_author":"https:\/\/www.facebook.com\/profile.php?id=1158416854","article_published_time":"2024-08-09T06:42:20+00:00","article_modified_time":"2025-05-21T15:59:18+00:00","og_image":[{"width":1210,"height":649,"url":"https:\/\/destinocastillayleon.es\/index\/wp-content\/uploads\/2024\/08\/San-Isidoro-de-Leon-Destino-Castilla-y-Leon.jpg","type":"image\/jpeg"}],"author":"David V\u00e1zquez","twitter_card":"summary_large_image","twitter_title":"Visita a San Isidoro de Le\u00f3n - Destino Castilla y Le\u00f3n","twitter_description":"Te contamos la importancia y lo que puedes ver en una visita a San Isidoro de Le\u00f3n; una de las construcciones rom\u00e1nicas m\u00e1s importantes del arte y la arquitectura universal","twitter_creator":"@https:\/\/twitter.com\/ContePantaleone\u200e","twitter_site":"@destinocyl","twitter_misc":{"Escrito por":"David V\u00e1zquez","Tiempo de lectura":"24 minutos"},"schema":{"@context":"https:\/\/schema.org","@graph":[{"@type":"Article","@id":"https:\/\/destinocastillayleon.es\/index\/visita-a-san-isidoro-de-leon\/#article","isPartOf":{"@id":"https:\/\/destinocastillayleon.es\/index\/visita-a-san-isidoro-de-leon\/"},"author":{"name":"David V\u00e1zquez","@id":"https:\/\/destinocastillayleon.es\/index\/#\/schema\/person\/189221bc8f6cc4fa28b18ad5c289d4c2"},"headline":"San Isidoro de Le\u00f3n, una de las obras culmen del rom\u00e1nico leon\u00e9s","datePublished":"2024-08-09T06:42:20+00:00","dateModified":"2025-05-21T15:59:18+00:00","mainEntityOfPage":{"@id":"https:\/\/destinocastillayleon.es\/index\/visita-a-san-isidoro-de-leon\/"},"wordCount":4167,"commentCount":0,"image":{"@id":"https:\/\/destinocastillayleon.es\/index\/visita-a-san-isidoro-de-leon\/#primaryimage"},"thumbnailUrl":"https:\/\/destinocastillayleon.es\/index\/wp-content\/uploads\/2024\/08\/San-Isidoro-de-Leon-Destino-Castilla-y-Leon.jpg","keywords":["ConoceLe\u00f3n","Le\u00f3n Capital","museos","San Isidoro de Le\u00f3n"],"articleSection":["Inspirate","Leon","Leon turismo","Post_inicial","Punto Singular"],"inLanguage":"es","potentialAction":[{"@type":"CommentAction","name":"Comment","target":["https:\/\/destinocastillayleon.es\/index\/visita-a-san-isidoro-de-leon\/#respond"]}]},{"@type":"WebPage","@id":"https:\/\/destinocastillayleon.es\/index\/visita-a-san-isidoro-de-leon\/","url":"https:\/\/destinocastillayleon.es\/index\/visita-a-san-isidoro-de-leon\/","name":"Visita a San Isidoro de Le\u00f3n - Destino Castilla y Le\u00f3n","isPartOf":{"@id":"https:\/\/destinocastillayleon.es\/index\/#website"},"primaryImageOfPage":{"@id":"https:\/\/destinocastillayleon.es\/index\/visita-a-san-isidoro-de-leon\/#primaryimage"},"image":{"@id":"https:\/\/destinocastillayleon.es\/index\/visita-a-san-isidoro-de-leon\/#primaryimage"},"thumbnailUrl":"https:\/\/destinocastillayleon.es\/index\/wp-content\/uploads\/2024\/08\/San-Isidoro-de-Leon-Destino-Castilla-y-Leon.jpg","datePublished":"2024-08-09T06:42:20+00:00","dateModified":"2025-05-21T15:59:18+00:00","author":{"@id":"https:\/\/destinocastillayleon.es\/index\/#\/schema\/person\/189221bc8f6cc4fa28b18ad5c289d4c2"},"description":"Conoce la importancia y lo que puedes ver en una visita a San Isidoro de Le\u00f3n; una construcci\u00f3n rom\u00e1nica de gran importancia.","breadcrumb":{"@id":"https:\/\/destinocastillayleon.es\/index\/visita-a-san-isidoro-de-leon\/#breadcrumb"},"inLanguage":"es","potentialAction":[{"@type":"ReadAction","target":["https:\/\/destinocastillayleon.es\/index\/visita-a-san-isidoro-de-leon\/"]}]},{"@type":"ImageObject","inLanguage":"es","@id":"https:\/\/destinocastillayleon.es\/index\/visita-a-san-isidoro-de-leon\/#primaryimage","url":"https:\/\/destinocastillayleon.es\/index\/wp-content\/uploads\/2024\/08\/San-Isidoro-de-Leon-Destino-Castilla-y-Leon.jpg","contentUrl":"https:\/\/destinocastillayleon.es\/index\/wp-content\/uploads\/2024\/08\/San-Isidoro-de-Leon-Destino-Castilla-y-Leon.jpg","width":1210,"height":649,"caption":"San Isidoro de Le\u00f3n - Destino Castilla y Le\u00f3n"},{"@type":"BreadcrumbList","@id":"https:\/\/destinocastillayleon.es\/index\/visita-a-san-isidoro-de-leon\/#breadcrumb","itemListElement":[{"@type":"ListItem","position":1,"name":"Portada","item":"https:\/\/destinocastillayleon.es\/index\/"},{"@type":"ListItem","position":2,"name":"San Isidoro de Le\u00f3n, una de las obras culmen del rom\u00e1nico leon\u00e9s"}]},{"@type":"WebSite","@id":"https:\/\/destinocastillayleon.es\/index\/#website","url":"https:\/\/destinocastillayleon.es\/index\/","name":"Destino Castilla y Le\u00f3n","description":"Medio digital independiente y revista de Castilla y Le\u00f3n dedicado al turismo, gastronom\u00eda y vino de Castilla y Le\u00f3n","potentialAction":[{"@type":"SearchAction","target":{"@type":"EntryPoint","urlTemplate":"https:\/\/destinocastillayleon.es\/index\/?s={search_term_string}"},"query-input":{"@type":"PropertyValueSpecification","valueRequired":true,"valueName":"search_term_string"}}],"inLanguage":"es"},{"@type":"Person","@id":"https:\/\/destinocastillayleon.es\/index\/#\/schema\/person\/189221bc8f6cc4fa28b18ad5c289d4c2","name":"David V\u00e1zquez","image":{"@type":"ImageObject","inLanguage":"es","@id":"https:\/\/secure.gravatar.com\/avatar\/cd12db6c575a90c3b75cfa0f794b74d425201c768612fad17e9f13cd33d48be8?s=96&d=mm&r=g","url":"https:\/\/secure.gravatar.com\/avatar\/cd12db6c575a90c3b75cfa0f794b74d425201c768612fad17e9f13cd33d48be8?s=96&d=mm&r=g","contentUrl":"https:\/\/secure.gravatar.com\/avatar\/cd12db6c575a90c3b75cfa0f794b74d425201c768612fad17e9f13cd33d48be8?s=96&d=mm&r=g","caption":"David V\u00e1zquez"},"description":"Ingeniero Industrial de vocaci\u00f3n y profesi\u00f3n, he encontrado en los blogs la forma de plasmar mi pasi\u00f3n por los viajes, la gastronom\u00eda y los vinos. Especialmente los procedentes de Castilla y Le\u00f3n","sameAs":["https:\/\/www.destinocastillayleon.es","https:\/\/www.facebook.com\/profile.php?id=1158416854","https:\/\/instagram.com\/conte.pantaleone","https:\/\/www.linkedin.com\/pub\/david-vazquez-lozano\/37\/17a\/25a","https:\/\/x.com\/https:\/\/twitter.com\/ContePantaleone\u200e"],"url":"https:\/\/destinocastillayleon.es\/index\/author\/coadministradorcyl\/"}]}},"_links":{"self":[{"href":"https:\/\/destinocastillayleon.es\/index\/wp-json\/wp\/v2\/posts\/38832","targetHints":{"allow":["GET"]}}],"collection":[{"href":"https:\/\/destinocastillayleon.es\/index\/wp-json\/wp\/v2\/posts"}],"about":[{"href":"https:\/\/destinocastillayleon.es\/index\/wp-json\/wp\/v2\/types\/post"}],"author":[{"embeddable":true,"href":"https:\/\/destinocastillayleon.es\/index\/wp-json\/wp\/v2\/users\/2"}],"replies":[{"embeddable":true,"href":"https:\/\/destinocastillayleon.es\/index\/wp-json\/wp\/v2\/comments?post=38832"}],"version-history":[{"count":3,"href":"https:\/\/destinocastillayleon.es\/index\/wp-json\/wp\/v2\/posts\/38832\/revisions"}],"predecessor-version":[{"id":39061,"href":"https:\/\/destinocastillayleon.es\/index\/wp-json\/wp\/v2\/posts\/38832\/revisions\/39061"}],"wp:featuredmedia":[{"embeddable":true,"href":"https:\/\/destinocastillayleon.es\/index\/wp-json\/wp\/v2\/media\/38836"}],"wp:attachment":[{"href":"https:\/\/destinocastillayleon.es\/index\/wp-json\/wp\/v2\/media?parent=38832"}],"wp:term":[{"taxonomy":"category","embeddable":true,"href":"https:\/\/destinocastillayleon.es\/index\/wp-json\/wp\/v2\/categories?post=38832"},{"taxonomy":"post_tag","embeddable":true,"href":"https:\/\/destinocastillayleon.es\/index\/wp-json\/wp\/v2\/tags?post=38832"}],"curies":[{"name":"wp","href":"https:\/\/api.w.org\/{rel}","templated":true}]}}