{"id":38633,"date":"2024-06-03T11:01:39","date_gmt":"2024-06-03T09:01:39","guid":{"rendered":"https:\/\/destinocastillayleon.es\/index\/?p=38633"},"modified":"2024-06-03T11:01:39","modified_gmt":"2024-06-03T09:01:39","slug":"agreda-la-villa-del-moncayo-soriana","status":"publish","type":"post","link":"https:\/\/destinocastillayleon.es\/index\/agreda-la-villa-del-moncayo-soriana\/","title":{"rendered":"\u00c1greda, la villa de las tres culturas a los pies del Moncayo"},"content":{"rendered":"<p>Hay viajes que se posponen y se posponen, hasta que un d\u00eda, es posible realizarlos. <strong>Y esto es lo que nos ha ocurrido con \u00c1greda; uno de esos pueblos que desde que escuchas hablar de ellos, te dan ganas de visitar.<\/strong> pero hasta que no se cuadran las cosas, no es posible realizar el viaje; pero una vez que lo haces, te llenas de sorpresas.<\/p>\n<p>Y as\u00ed es como, sin planificarlo por nuestra parte, <strong>nos organizaron un viaje a este pueblo, a la sombra del monte Moncayo,<\/strong> y nos dejamos sorprender por este pueblo cargado de atractivos esperando a ser conocidos.<\/p>\n<h3><strong>\u00cdndice de contenidos<\/strong><\/h3>\n<p>Para ayudaros con esta publicaci\u00f3n, <strong>hemos preparado este \u00edndice con los principales contenidos<\/strong> de esta publicaci\u00f3n.<\/p>\n<p><strong>Patrimonio hist\u00f3rico art\u00edstico religioso de \u00c1greda:<\/strong><\/p>\n<ul>\n<li><a href=\"#Milagros\">Iglesia Bas\u00edlica de la Virgen de los Milagros<\/a>.<\/li>\n<li><a href=\"#Arte-Sacro\">Museo de Arte Sacro de Nuestra Se\u00f1ora de la Pe\u00f1a<\/a>.<\/li>\n<li><a href=\"#San-Miguel\">Iglesia de San Miguel<\/a>.<\/li>\n<li><a href=\"#Convento\">Monasterio de la Inmaculada Concepci\u00f3n<\/a>.<\/li>\n<li><a href=\"#Sor-Maria\">Sor Mar\u00eda de Jes\u00fas<\/a>.<\/li>\n<li><a href=\"#Maga\u00f1a\">Iglesia de Santa Mar\u00eda de Maga\u00f1a<\/a>.<\/li>\n<li><a href=\"#San-Juan\">Iglesia de San Juan Bautista<\/a>.<\/li>\n<\/ul>\n<p><strong>Patrimonio civil de \u00c1greda:<\/strong><\/p>\n<ul>\n<li><a href=\"#Plaza\">Plaza Mayor de \u00c1greda<\/a>.<\/li>\n<li><a href=\"#Palacio\">El Palacio de los Castej\u00f3n<\/a>.<\/li>\n<li><a href=\"#Barrio-Arabe\">Paseando por el Barrio \u00c1rabe<\/a>.<\/li>\n<li><a href=\"#Torre\">Torre\u00f3n del Tirador y Puertas de Almaz\u00e1n y de Santiago<\/a>.<\/li>\n<li><a href=\"#Castejones\">Plaza de los Castej\u00f3n e Iglesia de Nuestra Se\u00f1ora de Yanguas<\/a>.<\/li>\n<li><a href=\"#Costoya\">Torre\u00f3n de la Costoya<\/a>.<\/li>\n<li><a href=\"#Jardines\">Jard\u00edn Barroco de los Marqueses de Paredes<\/a>.<\/li>\n<li><a href=\"#Parque\">Parque de la Dehesa<\/a>.<\/li>\n<\/ul>\n<p><strong>Patrimonio natural de \u00c1greda:<\/strong><\/p>\n<ul>\n<li><a href=\"#Naturaleza\">\u00c1greda, destino natural a los pies del Moncayo<\/a>.<\/li>\n<\/ul>\n<p><strong>informaci\u00f3n general sobre \u00c1greda:<\/strong><\/p>\n<ul>\n<li><a href=\"#Llegar\">\u00bfC\u00f3mo llegar?<\/a><\/li>\n<li><a href=\"#Comer\">\u00bfD\u00f3nde comer?<\/a><\/li>\n<li><a href=\"#Dormir\">\u00bfD\u00f3nde alojarse?<\/a><\/li>\n<\/ul>\n<p>Esperamos que os sea de utilidad, y <strong>os anim\u00e9is a viajar a descubrir todo lo que tiene \u00c1greda<\/strong> para visitar y descubrir.<br \/>\n&nbsp;<\/p>\n<h3><strong>Preparando el viaje<\/strong><\/h3>\n<p>Este viaje fue organizado por la <a href=\"https:\/\/www.agreda.es\/Turismo\" rel=\"noopener noFollow\" target=\"_blank\">Concejal\u00eda de Turismo de \u00c1greda<\/a> y la <a href=\"https:\/\/mdmonline.es\/\" rel=\"noopener\" target=\"_blank\">Agencia de comunicaci\u00f3n digital MDM<\/a>.<\/p>\n<figure id=\"attachment_38678\" aria-describedby=\"caption-attachment-38678\" style=\"width: 580px\" class=\"wp-caption aligncenter\"><img decoding=\"async\" src=\"https:\/\/destinocastillayleon.es\/index\/wp-content\/uploads\/2024\/05\/Equipo-de-bloggers-de-viaje.jpg\" alt=\"Equipo de bloggers de viaje\" width=\"580\" height=\"326\" class=\"size-full wp-image-38678\" srcset=\"https:\/\/destinocastillayleon.es\/index\/wp-content\/uploads\/2024\/05\/Equipo-de-bloggers-de-viaje.jpg 580w, https:\/\/destinocastillayleon.es\/index\/wp-content\/uploads\/2024\/05\/Equipo-de-bloggers-de-viaje-300x169.jpg 300w\" sizes=\"(max-width: 580px) 100vw, 580px\" \/><figcaption id=\"caption-attachment-38678\" class=\"wp-caption-text\">Equipo de bloggers de viaje<\/figcaption><\/figure>\n<p>Hicimos el viaje <strong>junto a los compa\u00f1eros bloggers de viaje<\/strong> <a href=\"https:\/\/espanaconmigo.com\/\" rel=\"noopener noFollow\" target=\"_blank\">Espa\u00f1a conmigo<\/a>; <a href=\"https:\/\/eltomavistas.com\/\" rel=\"noopener noFollow\" target=\"_blank\">El Tomavista, viajando fet\u00e9n<\/a>, <a href=\"https:\/\/www.lamochilademama.com\/\" rel=\"noopener noFollow\" target=\"_blank\">La mochila de mam\u00e1<\/a> y <a href=\"https:\/\/www.mapaymochila.es\/\" rel=\"noopener noFollow\" target=\"_blank\">Mapa y Mochila<\/a>. Una compa\u00f1\u00eda fant\u00e1stica para viajar.<br \/>\n&nbsp;<\/p>\n<h2><strong>Patrimonio hist\u00f3rico art\u00edstico de \u00c1greda<\/strong><\/h2>\n<p>\u00c1greda es una poblaci\u00f3n grande, <strong>es un pueblo de unos 3500 habitantes, lo que hace que sea bastante din\u00e1mico<\/strong> y as\u00ed es la cabeza de la comarca del Moncayo Soriano.<\/p>\n<h3><strong>Patrimonio civil y religioso de \u00c1greda<\/strong><\/h3>\n<p>Un buen sitio para empezar un recorrido por este pueblo de Soria es <strong>desde la Plaza Mayor.<\/strong> <a name=\"Plaza\"><\/a><\/p>\n<h3><strong>Plaza Mayor de \u00c1greda<\/strong><\/h3>\n<p>Esta plaza, <strong>m\u00e1s o menos regular podr\u00eda ser igual a cualquiera otra plaza mayor de cualquier pueblo<\/strong> de Castilla y Le\u00f3n. Pero m\u00e1s o menos, no significa que lo sea.<\/p>\n<figure id=\"attachment_38682\" aria-describedby=\"caption-attachment-38682\" style=\"width: 640px\" class=\"wp-caption aligncenter\"><img decoding=\"async\" src=\"https:\/\/destinocastillayleon.es\/index\/wp-content\/uploads\/2024\/05\/Plaza-mayor-de-Agreda-Destino-Castilla-y-Leon.jpg\" alt=\"Plaza mayor de \u00c1greda - Destino Castilla y Le\u00f3n\" width=\"640\" height=\"360\" class=\"size-full wp-image-38682\" srcset=\"https:\/\/destinocastillayleon.es\/index\/wp-content\/uploads\/2024\/05\/Plaza-mayor-de-Agreda-Destino-Castilla-y-Leon.jpg 640w, https:\/\/destinocastillayleon.es\/index\/wp-content\/uploads\/2024\/05\/Plaza-mayor-de-Agreda-Destino-Castilla-y-Leon-300x169.jpg 300w\" sizes=\"(max-width: 640px) 100vw, 640px\" \/><figcaption id=\"caption-attachment-38682\" class=\"wp-caption-text\">Plaza mayor de \u00c1greda &#8211; Destino Castilla y Le\u00f3n<\/figcaption><\/figure>\n<p><strong>Esta plaza es muy especial. En ella est\u00e1 el edificio del ayuntamiento,<\/strong> que posee un estilo que recuerda m\u00e1s que a un edificio castellano, un estilo atl\u00e1ntico que se ve en Canarias y en muchas ciudades coloniales de El Caribe.<\/p>\n<p>Pero no es esto lo que hace curiosa a esta plaza. <strong>Su \u201csecreto\u201d es que est\u00e1 plaza se hizo sobre una b\u00f3veda de ca\u00f1\u00f3n realizada en el siglo XVI para canalizar el r\u00edo Val,<\/strong> que atraviesa formando una vaguada y cortando en dos a la poblaci\u00f3n.<\/p>\n<figure id=\"attachment_38677\" aria-describedby=\"caption-attachment-38677\" style=\"width: 640px\" class=\"wp-caption aligncenter\"><img decoding=\"async\" src=\"https:\/\/destinocastillayleon.es\/index\/wp-content\/uploads\/2024\/05\/Ayuntamiento-de-Agreda-Destino-Castilla-y-Leon.jpg\" alt=\"Ayuntamiento de \u00c1greda - Destino Castilla y Le\u00f3n\" width=\"640\" height=\"360\" class=\"size-full wp-image-38677\" srcset=\"https:\/\/destinocastillayleon.es\/index\/wp-content\/uploads\/2024\/05\/Ayuntamiento-de-Agreda-Destino-Castilla-y-Leon.jpg 640w, https:\/\/destinocastillayleon.es\/index\/wp-content\/uploads\/2024\/05\/Ayuntamiento-de-Agreda-Destino-Castilla-y-Leon-300x169.jpg 300w\" sizes=\"(max-width: 640px) 100vw, 640px\" \/><figcaption id=\"caption-attachment-38677\" class=\"wp-caption-text\">Ayuntamiento de \u00c1greda en la plaza mayor &#8211; Destino Castilla y Le\u00f3n<\/figcaption><\/figure>\n<p>Como \u00c1greda ten\u00eda cuatro barrios encerrados en recintos amurallados internos, <strong>no exist\u00eda un espacio com\u00fan para todos los barrios<\/strong> de la Villa, por lo que esta plaza permiti\u00f3 tener una plaza grande y m\u00e1s moderna, tapando y aplanando la vaguada de este r\u00edo.<\/p>\n<h4><strong>Vida de la plaza mayor de \u00c1greda<\/strong><\/h4>\n<p>Actualmente, <strong>est\u00e1 restringido el acceso de coches a la plaza mayor,<\/strong> est\u00e1 se ha convertido en un lugar de encuentro y ocio.<\/p>\n<p><strong>Muchas terrazas han sido desplegadas y con el buen tiempo, se llenan de vida y actividad.<\/strong> El templete que una vez estuvo aqu\u00ed fue trasladado al Paseo del Intendente, en el Parque de la Dehesa.  <a name=\"Milagros\"><\/a><br \/>\n&nbsp;<\/p>\n<h3><strong>Iglesia Bas\u00edlica de la Virgen de los Milagros<\/strong><\/h3>\n<p>Junto a la plaza mayor, y por donde discurre el r\u00edo Queiles, <strong>se abre otra plaza,<\/strong> que lamentablemente sigue est\u00e1 abierta al tr\u00e1fico. All\u00ed, un edificio alto y s\u00faper sobrio se levanta en este espacio.<\/p>\n<figure id=\"attachment_38687\" aria-describedby=\"caption-attachment-38687\" style=\"width: 640px\" class=\"wp-caption aligncenter\"><img decoding=\"async\" src=\"https:\/\/destinocastillayleon.es\/index\/wp-content\/uploads\/2024\/05\/Iglesia-de-la-Virgen-de-los-Milagros-Destino-Castilla-y-Leon.jpg\" alt=\"Iglesia de la Virgen de los Milagros - Destino Castilla y Le\u00f3n\" width=\"640\" height=\"360\" class=\"size-full wp-image-38687\" srcset=\"https:\/\/destinocastillayleon.es\/index\/wp-content\/uploads\/2024\/05\/Iglesia-de-la-Virgen-de-los-Milagros-Destino-Castilla-y-Leon.jpg 640w, https:\/\/destinocastillayleon.es\/index\/wp-content\/uploads\/2024\/05\/Iglesia-de-la-Virgen-de-los-Milagros-Destino-Castilla-y-Leon-300x169.jpg 300w\" sizes=\"(max-width: 640px) 100vw, 640px\" \/><figcaption id=\"caption-attachment-38687\" class=\"wp-caption-text\">Portada de Iglesia de la Virgen de los Milagros &#8211; Destino Castilla y Le\u00f3n<\/figcaption><\/figure>\n<p><strong>Se trata de la Iglesia del Convento de la Virgen de los Milagros;<\/strong> aunque del convento no queda nada debido a las desamortizaciones del siglo XIX. <\/p>\n<p>Este complejo mon\u00e1stico <strong>estuvo consagrado a San Agust\u00edn en el siglo XVI;<\/strong> aunque tambi\u00e9n sirvi\u00f3 de colegio; as\u00ed como cuartel por parte de las tropas napole\u00f3nicas antes de la desamortizaci\u00f3n de 1836.<\/p>\n<h4><strong>Antiguo claustro del convento<\/strong><\/h4>\n<p>Del espacio que ocupo este claustro del convento, <strong>poco o nada queda. Tan solo el recuerdo y el solar,<\/strong> ahora una plaza abierta.<\/p>\n<figure id=\"attachment_38688\" aria-describedby=\"caption-attachment-38688\" style=\"width: 640px\" class=\"wp-caption aligncenter\"><img decoding=\"async\" src=\"https:\/\/destinocastillayleon.es\/index\/wp-content\/uploads\/2024\/05\/Restos-del-claustro-del-convento-agustino-de-Agreda-Destino-Castilla-y-Leon.jpg\" alt=\"Restos del claustro del convento agustino de \u00c1greda - Destino Castilla y Le\u00f3n\" width=\"640\" height=\"360\" class=\"size-full wp-image-38688\" srcset=\"https:\/\/destinocastillayleon.es\/index\/wp-content\/uploads\/2024\/05\/Restos-del-claustro-del-convento-agustino-de-Agreda-Destino-Castilla-y-Leon.jpg 640w, https:\/\/destinocastillayleon.es\/index\/wp-content\/uploads\/2024\/05\/Restos-del-claustro-del-convento-agustino-de-Agreda-Destino-Castilla-y-Leon-300x169.jpg 300w\" sizes=\"(max-width: 640px) 100vw, 640px\" \/><figcaption id=\"caption-attachment-38688\" class=\"wp-caption-text\">Restos del claustro del convento agustino de \u00c1greda &#8211; Destino Castilla y Le\u00f3n<\/figcaption><\/figure>\n<p>Esta construcci\u00f3n <strong>sirvi\u00f3 de cuartel a las tropas napole\u00f3nicas, que destrozaron a placer gran cantidad de obras<\/strong> de la construcci\u00f3n; pero <strong>las siempre presentes desamortizaciones del siglo XIX<\/strong> llevaron a la ruina total lo que quedaba.<\/p>\n<figure id=\"attachment_38690\" aria-describedby=\"caption-attachment-38690\" style=\"width: 640px\" class=\"wp-caption aligncenter\"><img decoding=\"async\" src=\"https:\/\/destinocastillayleon.es\/index\/wp-content\/uploads\/2024\/05\/Interior-de-la-Basilica-de-Nuestra-Senora-de-los-Milagros-de-Agreda-Destino-Castilla-y-Leon.jpg\" alt=\"Interior de la Bas\u00edlica de Nuestra Se\u00f1ora de los Milagros de \u00c1greda - Destino Castilla y Le\u00f3n\" width=\"640\" height=\"360\" class=\"size-full wp-image-38690\" srcset=\"https:\/\/destinocastillayleon.es\/index\/wp-content\/uploads\/2024\/05\/Interior-de-la-Basilica-de-Nuestra-Senora-de-los-Milagros-de-Agreda-Destino-Castilla-y-Leon.jpg 640w, https:\/\/destinocastillayleon.es\/index\/wp-content\/uploads\/2024\/05\/Interior-de-la-Basilica-de-Nuestra-Senora-de-los-Milagros-de-Agreda-Destino-Castilla-y-Leon-300x169.jpg 300w\" sizes=\"(max-width: 640px) 100vw, 640px\" \/><figcaption id=\"caption-attachment-38690\" class=\"wp-caption-text\">Interior de la Bas\u00edlica de Nuestra Se\u00f1ora de los Milagros de \u00c1greda &#8211; Destino Castilla y Le\u00f3n<\/figcaption><\/figure>\n<p>Actualmente <strong>hay una plaza abierta sin apenas decoraci\u00f3n.<\/strong> En los muros que, una vez enmarcaron el per\u00edmetro de este claustro, <strong>se han colocado im\u00e1genes de las 17 v\u00edrgenes populares,<\/strong> que cada pueblo o pedan\u00eda existe, dependiente de \u00c1greda. Con menci\u00f3n espacial a la Virgen de los Milagros.<br \/>\n&nbsp;<\/p>\n<h3><strong>La antigua Sinagoga de \u00c1greda<\/strong><\/h3>\n<p>Saliendo desde la plaza mayor por la Calle Vicente y Tutor, <strong>pasamos por un \u00e1bside semicircular de piedra.<\/strong> Tradicionalmente se ha dicho que esta construcci\u00f3n rom\u00e1nica, que parece una iglesia, <strong>pudo haber sido una sinagoga.<\/strong><\/p>\n<figure id=\"attachment_38691\" aria-describedby=\"caption-attachment-38691\" style=\"width: 640px\" class=\"wp-caption aligncenter\"><img decoding=\"async\" src=\"https:\/\/destinocastillayleon.es\/index\/wp-content\/uploads\/2024\/05\/Antigua-sinagoga-de-Agreda-transformada-en-un-restaurante-Destino-Castilla-y-Leon.jpg\" alt=\"Antigua sinagoga de \u00c1greda, transformada en un restaurante - Destino Castilla y Le\u00f3n\" width=\"640\" height=\"360\" class=\"size-full wp-image-38691\" srcset=\"https:\/\/destinocastillayleon.es\/index\/wp-content\/uploads\/2024\/05\/Antigua-sinagoga-de-Agreda-transformada-en-un-restaurante-Destino-Castilla-y-Leon.jpg 640w, https:\/\/destinocastillayleon.es\/index\/wp-content\/uploads\/2024\/05\/Antigua-sinagoga-de-Agreda-transformada-en-un-restaurante-Destino-Castilla-y-Leon-300x169.jpg 300w\" sizes=\"(max-width: 640px) 100vw, 640px\" \/><figcaption id=\"caption-attachment-38691\" class=\"wp-caption-text\">Antigua sinagoga de \u00c1greda, transformada en un restaurante &#8211; Destino Castilla y Le\u00f3n<\/figcaption><\/figure>\n<h4><strong>La villa de las tres culturas<\/strong><\/h4>\n<p>\u00c1greda <strong>tuvo cuatro barrios tradicionales.<\/strong> Junto a las Vegas del R\u00edo Queiles, ya de camino a Tarazona, se encuentra el barrio musulm\u00e1n.<\/p>\n<p><strong>En la zona alta del barrio de San Juan est\u00e1 habitado por cristianos;<\/strong> mientras que <strong>los barrios de San Miguel y de Santa Maria de la Pe\u00f1a<\/strong> fue habitado tanto por cristianos como por jud\u00edos; pues en \u00c1greda <strong>nunca se form\u00f3 una aljama<\/strong> o barrio jud\u00edo.<\/p>\n<figure id=\"attachment_38692\" aria-describedby=\"caption-attachment-38692\" style=\"width: 640px\" class=\"wp-caption aligncenter\"><img decoding=\"async\" src=\"https:\/\/destinocastillayleon.es\/index\/wp-content\/uploads\/2024\/05\/Arco-de-San-Vicente-Destino-Castilla-y-Leon.jpg\" alt=\"Arco de San Vicente - Destino Castilla y Le\u00f3n\" width=\"640\" height=\"360\" class=\"size-full wp-image-38692\" srcset=\"https:\/\/destinocastillayleon.es\/index\/wp-content\/uploads\/2024\/05\/Arco-de-San-Vicente-Destino-Castilla-y-Leon.jpg 640w, https:\/\/destinocastillayleon.es\/index\/wp-content\/uploads\/2024\/05\/Arco-de-San-Vicente-Destino-Castilla-y-Leon-300x169.jpg 300w\" sizes=\"(max-width: 640px) 100vw, 640px\" \/><figcaption id=\"caption-attachment-38692\" class=\"wp-caption-text\">Arco de San Vicente &#8211; Destino Castilla y Le\u00f3n<\/figcaption><\/figure>\n<p>Aun as\u00ed, <strong>esta cohabitaci\u00f3n en la misma poblaci\u00f3n no fue una total convivencia;<\/strong> aunque de cada una, quedaron restos en forma de construcciones, ruinas o costumbres. Los barrios se diferenciaban entre s\u00ed por unas murallas interiores, por las que se se precisaban puertas para ir de un barrio a otro.<\/p>\n<h4><strong>Arco de Felipe II en el barrio musulm\u00e1n<\/strong><\/h4>\n<p>Por la misma calle, ahora de subida, <strong>se encuentra un arco. Este arco fue una puerta interior que permit\u00eda aislar al barrio musulm\u00e1n.<\/strong> La puerta que lo cierra es conocido como Arco de Felipe II. <\/p>\n<p><figure id=\"attachment_38693\" aria-describedby=\"caption-attachment-38693\" style=\"width: 640px\" class=\"wp-caption aligncenter\"><img decoding=\"async\" src=\"https:\/\/destinocastillayleon.es\/index\/wp-content\/uploads\/2024\/05\/Arco-de-Felipe-II-y-el-Palacio-de-los-Castejon-Destino-Castilla-y-Leon.jpg\" alt=\"Arco de Felipe II y el Palacio de los Castej\u00f3n - Destino Castilla y Le\u00f3n\" width=\"640\" height=\"360\" class=\"size-full wp-image-38693\" srcset=\"https:\/\/destinocastillayleon.es\/index\/wp-content\/uploads\/2024\/05\/Arco-de-Felipe-II-y-el-Palacio-de-los-Castejon-Destino-Castilla-y-Leon.jpg 640w, https:\/\/destinocastillayleon.es\/index\/wp-content\/uploads\/2024\/05\/Arco-de-Felipe-II-y-el-Palacio-de-los-Castejon-Destino-Castilla-y-Leon-300x169.jpg 300w\" sizes=\"(max-width: 640px) 100vw, 640px\" \/><figcaption id=\"caption-attachment-38693\" class=\"wp-caption-text\">Arco de Felipe II y el Palacio de los Castej\u00f3n &#8211; Destino Castilla y Le\u00f3n<\/figcaption><\/figure><a name=\"Palacio\"><\/a><br \/>\n&nbsp;<\/p>\n<h3><strong>Palacio de los Castej\u00f3n<\/strong><\/h3>\n<p>Junto a este arco, reformado y decorado en \u00e9poca de Felipe II, se encuentra <strong>un curioso palacio.<\/strong><\/p>\n<figure id=\"attachment_38695\" aria-describedby=\"caption-attachment-38695\" style=\"width: 640px\" class=\"wp-caption aligncenter\"><img decoding=\"async\" src=\"https:\/\/destinocastillayleon.es\/index\/wp-content\/uploads\/2024\/05\/Fachada-del-Palacio-de-los-Castejon-Destino-Castilla-y-Leon.jpg\" alt=\"Fachada del Palacio de los Castej\u00f3n - Destino Castilla y Le\u00f3n\" width=\"640\" height=\"427\" class=\"size-full wp-image-38695\" srcset=\"https:\/\/destinocastillayleon.es\/index\/wp-content\/uploads\/2024\/05\/Fachada-del-Palacio-de-los-Castejon-Destino-Castilla-y-Leon.jpg 640w, https:\/\/destinocastillayleon.es\/index\/wp-content\/uploads\/2024\/05\/Fachada-del-Palacio-de-los-Castejon-Destino-Castilla-y-Leon-300x200.jpg 300w, https:\/\/destinocastillayleon.es\/index\/wp-content\/uploads\/2024\/05\/Fachada-del-Palacio-de-los-Castejon-Destino-Castilla-y-Leon-600x400.jpg 600w\" sizes=\"(max-width: 640px) 100vw, 640px\" \/><figcaption id=\"caption-attachment-38695\" class=\"wp-caption-text\">Fachada del Palacio de los Castej\u00f3n &#8211; Destino Castilla y Le\u00f3n<\/figcaption><\/figure>\n<p><strong>Se trata del Palacio de los Castej\u00f3n.<\/strong> No se trataba de una residencia fija; <strong>m\u00e1s bien ser\u00eda un hotel donde se alojaban los Castej\u00f3n<\/strong> y sus invitados cuando pasaban un tiempo en \u00c1greda.<\/p>\n<p>Esta construcci\u00f3n <strong>data de inicios del siglo XVII, en un estilo Herreriano cl\u00e1sico.<\/strong> Por este palacio han pasado varias personas relevantes, como los reyes Felipe III y Felipe IV.<\/p>\n<h4><strong>Una fachada cl\u00e1sica<\/strong><\/h4>\n<blockquote><p>Este palacio, pese a no tener unas grandes dimensiones, se trata de uno de los mejores ejemplos de clasicismo herreriano.<\/p><\/blockquote>\n<p>Su arquitectura <strong>est\u00e1 muy equilibrada y resulta agradable.<\/strong> Sus dos torres en el lado oriental le dan una singular belleza.<\/p>\n<h4><strong>Entrada en el zagu\u00e1n<\/strong><\/h4>\n<p>El acceso principal <strong>est\u00e1 hecho para poder acceder a caballo.<\/strong> Junto a la puerta hay unos escalones junto a una ventana que no son los t\u00edpicos asientos,.. y es que se tratan de apoyos para subir o bajar del caballo.<\/p>\n<figure id=\"attachment_38681\" aria-describedby=\"caption-attachment-38681\" style=\"width: 640px\" class=\"wp-caption aligncenter\"><img decoding=\"async\" src=\"https:\/\/destinocastillayleon.es\/index\/wp-content\/uploads\/2024\/05\/Zaguan-de-entrada-al-Palacio-de-los-Castejon-Destino-Castilla-y-Leon.jpg\" alt=\"Zagu\u00e1n de entrada al Palacio de los Castej\u00f3n - Destino Castilla y Le\u00f3n\" width=\"640\" height=\"360\" class=\"size-full wp-image-38681\" srcset=\"https:\/\/destinocastillayleon.es\/index\/wp-content\/uploads\/2024\/05\/Zaguan-de-entrada-al-Palacio-de-los-Castejon-Destino-Castilla-y-Leon.jpg 640w, https:\/\/destinocastillayleon.es\/index\/wp-content\/uploads\/2024\/05\/Zaguan-de-entrada-al-Palacio-de-los-Castejon-Destino-Castilla-y-Leon-300x169.jpg 300w\" sizes=\"(max-width: 640px) 100vw, 640px\" \/><figcaption id=\"caption-attachment-38681\" class=\"wp-caption-text\">Zagu\u00e1n de entrada al Palacio de los Castej\u00f3n &#8211; Destino Castilla y Le\u00f3n<\/figcaption><\/figure>\n<p>En esta sala <strong>est\u00e1 el escudo de \u00c1greda, caracterizado por una vid.<\/strong> Y no, nones que en \u00c1greda hubiera vi\u00f1edo, es que era <strong>una zona de peaje de entrada y salida de vino de Castilla a Arag\u00f3n;<\/strong> y de Arag\u00f3n a Castilla.<\/p>\n<h4><strong>Patio porticado<\/strong><\/h4>\n<p>Como buena construcci\u00f3n renacentista, <strong>un patio central con arquer\u00edas<\/strong> es el coraz\u00f3n del palacio.<\/p>\n<figure id=\"attachment_38696\" aria-describedby=\"caption-attachment-38696\" style=\"width: 640px\" class=\"wp-caption aligncenter\"><img decoding=\"async\" src=\"https:\/\/destinocastillayleon.es\/index\/wp-content\/uploads\/2024\/05\/Patio-del-Palacio-de-los-Castejon-Destino-Castilla-y-Leon.jpg\" alt=\"Patio del Palacio de los Castej\u00f3n - Destino Castilla y Le\u00f3n\" width=\"640\" height=\"445\" class=\"size-full wp-image-38696\" srcset=\"https:\/\/destinocastillayleon.es\/index\/wp-content\/uploads\/2024\/05\/Patio-del-Palacio-de-los-Castejon-Destino-Castilla-y-Leon.jpg 640w, https:\/\/destinocastillayleon.es\/index\/wp-content\/uploads\/2024\/05\/Patio-del-Palacio-de-los-Castejon-Destino-Castilla-y-Leon-300x209.jpg 300w\" sizes=\"(max-width: 640px) 100vw, 640px\" \/><figcaption id=\"caption-attachment-38696\" class=\"wp-caption-text\">Patio del Palacio de los Castej\u00f3n &#8211; Destino Castilla y Le\u00f3n<\/figcaption><\/figure>\n<p>Se trata de <strong>un patio de planta cuadrada de dos pisos con arquer\u00eda de medio<\/strong> punto tal y como mandan los c\u00e1nones herrerianos.<\/p>\n<p>Al fondo, <strong>se encuentra una escalera ricamente ornamentada<\/strong> que permite el acceso a la planta superior.<\/p>\n<figure id=\"attachment_38689\" aria-describedby=\"caption-attachment-38689\" style=\"width: 640px\" class=\"wp-caption aligncenter\"><img decoding=\"async\" src=\"https:\/\/destinocastillayleon.es\/index\/wp-content\/uploads\/2024\/05\/Empedrado-original-del-patio-del-Palacio-Destino-Castilla-y-Leon.jpg\" alt=\"Empedrado original del patio del Palacio - Destino Castilla y Le\u00f3n\" width=\"640\" height=\"360\" class=\"size-full wp-image-38689\" srcset=\"https:\/\/destinocastillayleon.es\/index\/wp-content\/uploads\/2024\/05\/Empedrado-original-del-patio-del-Palacio-Destino-Castilla-y-Leon.jpg 640w, https:\/\/destinocastillayleon.es\/index\/wp-content\/uploads\/2024\/05\/Empedrado-original-del-patio-del-Palacio-Destino-Castilla-y-Leon-300x169.jpg 300w\" sizes=\"(max-width: 640px) 100vw, 640px\" \/><figcaption id=\"caption-attachment-38689\" class=\"wp-caption-text\">Empedrado original del patio del Palacio &#8211; Destino Castilla y Le\u00f3n<\/figcaption><\/figure>\n<p>Otro elemento que hay que destacar son los suelos. <strong>Aun quedan algunos tramos de suelo de canto rodado original,<\/strong> aunque el pavimento actual trata de imitarlo. Se ve claramente la calidad y la hechura del original, que supera a la ejecuci\u00f3n moderna.<\/p>\n<h4><strong>Subida a las torres<\/strong><\/h4>\n<p>Por lo general, <strong>no es posible visitar la planta superior,<\/strong> pues es la parte administrativa del ayuntamiento de \u00c1greda.<\/p>\n<figure id=\"attachment_38697\" aria-describedby=\"caption-attachment-38697\" style=\"width: 640px\" class=\"wp-caption aligncenter\"><img decoding=\"async\" src=\"https:\/\/destinocastillayleon.es\/index\/wp-content\/uploads\/2024\/05\/Subida-a-las-torres-del-Palacio-de-los-Castejon-Destino-Castilla-y-Leon.jpg\" alt=\"Subida a las torres del Palacio de los Castej\u00f3n - Destino Castilla y Le\u00f3n\" width=\"640\" height=\"360\" class=\"size-full wp-image-38697\" srcset=\"https:\/\/destinocastillayleon.es\/index\/wp-content\/uploads\/2024\/05\/Subida-a-las-torres-del-Palacio-de-los-Castejon-Destino-Castilla-y-Leon.jpg 640w, https:\/\/destinocastillayleon.es\/index\/wp-content\/uploads\/2024\/05\/Subida-a-las-torres-del-Palacio-de-los-Castejon-Destino-Castilla-y-Leon-300x169.jpg 300w\" sizes=\"(max-width: 640px) 100vw, 640px\" \/><figcaption id=\"caption-attachment-38697\" class=\"wp-caption-text\">Subida a las torres del Palacio de los Castej\u00f3n &#8211; Destino Castilla y Le\u00f3n<\/figcaption><\/figure>\n<p>Ah\u00ed est\u00e1 <strong>el acceso a las torres a trav\u00e9s de un zagu\u00e1n.<\/strong> Las dos torres tienen una vista de \u00c1greda y su entorno maravillosas. <strong>Se ven las antiguas torres del recinto amurallado y las torres campanarios<\/strong> de las iglesias de la localidad.<\/p>\n<h4><strong>Los jardines del Palacio de los Castej\u00f3n<\/strong><\/h4>\n<p>Si, o s\u00ed, <strong>tienes que entrar en estos jardines, que se dividen en dos partes.<\/strong> La primera y m\u00e1s antigua, original del palacio del siglo XVI y con parterres renacentistas es una preciosidad.<\/p>\n<figure id=\"attachment_38683\" aria-describedby=\"caption-attachment-38683\" style=\"width: 640px\" class=\"wp-caption aligncenter\"><img decoding=\"async\" src=\"https:\/\/destinocastillayleon.es\/index\/wp-content\/uploads\/2024\/05\/Jardines-del-Palacio-de-los-Castejon-de-Agreda-Destino-Castilla-y-Leon.jpg\" alt=\"Jardines del Palacio de los Castej\u00f3n de \u00c1greda - Destino Castilla y Le\u00f3n\" width=\"640\" height=\"360\" class=\"size-full wp-image-38683\" srcset=\"https:\/\/destinocastillayleon.es\/index\/wp-content\/uploads\/2024\/05\/Jardines-del-Palacio-de-los-Castejon-de-Agreda-Destino-Castilla-y-Leon.jpg 640w, https:\/\/destinocastillayleon.es\/index\/wp-content\/uploads\/2024\/05\/Jardines-del-Palacio-de-los-Castejon-de-Agreda-Destino-Castilla-y-Leon-300x169.jpg 300w\" sizes=\"(max-width: 640px) 100vw, 640px\" \/><figcaption id=\"caption-attachment-38683\" class=\"wp-caption-text\">Jardines del Palacio de los Castej\u00f3n de \u00c1greda &#8211; Destino Castilla y Le\u00f3n<\/figcaption><\/figure>\n<p>Son muchos los detalles que no puedes d\u00e9jate de este jard\u00edn; <strong>como la valla, que es una planta y est\u00e1 viva. O la ventana <em>enamoradera<\/em>,<\/strong> que da a otro jard\u00edn. O la gran cantidad y variedad de plantas medicinales. <\/p>\n<figure id=\"attachment_38684\" aria-describedby=\"caption-attachment-38684\" style=\"width: 640px\" class=\"wp-caption aligncenter\"><img decoding=\"async\" src=\"https:\/\/destinocastillayleon.es\/index\/wp-content\/uploads\/2024\/05\/Jardin-espanol-renacentista-del-Palacio-de-los-Castejon-Destino-Castilla-y-Leon.jpg\" alt=\"Jard\u00edn espa\u00f1ol renacentista del Palacio de los Castej\u00f3n - Destino Castilla y Le\u00f3n\" width=\"640\" height=\"360\" class=\"size-full wp-image-38684\" srcset=\"https:\/\/destinocastillayleon.es\/index\/wp-content\/uploads\/2024\/05\/Jardin-espanol-renacentista-del-Palacio-de-los-Castejon-Destino-Castilla-y-Leon.jpg 640w, https:\/\/destinocastillayleon.es\/index\/wp-content\/uploads\/2024\/05\/Jardin-espanol-renacentista-del-Palacio-de-los-Castejon-Destino-Castilla-y-Leon-300x169.jpg 300w\" sizes=\"(max-width: 640px) 100vw, 640px\" \/><figcaption id=\"caption-attachment-38684\" class=\"wp-caption-text\">Jard\u00edn espa\u00f1ol renacentista del Palacio de los Castej\u00f3n &#8211; Destino Castilla y Le\u00f3n<\/figcaption><\/figure>\n<p>Pasando a trav\u00e9s de una puerta al fondo del jard\u00edn, <strong>se accede a la ampliaci\u00f3n que se hizo de este casi un siglo despu\u00e9s<\/strong> por otro miembro de la familia de los Castej\u00f3n.<\/p>\n<figure id=\"attachment_38680\" aria-describedby=\"caption-attachment-38680\" style=\"width: 640px\" class=\"wp-caption aligncenter\"><img decoding=\"async\" src=\"https:\/\/destinocastillayleon.es\/index\/wp-content\/uploads\/2024\/05\/Varandilla-vegetal-en-el-jardin-renacentista-Destino-Castilla-y-Leon.jpg\" alt=\"Valla vegetal en el jard\u00edn renacentista - Destino Castilla y Le\u00f3n\" width=\"640\" height=\"360\" class=\"size-full wp-image-38680\" srcset=\"https:\/\/destinocastillayleon.es\/index\/wp-content\/uploads\/2024\/05\/Varandilla-vegetal-en-el-jardin-renacentista-Destino-Castilla-y-Leon.jpg 640w, https:\/\/destinocastillayleon.es\/index\/wp-content\/uploads\/2024\/05\/Varandilla-vegetal-en-el-jardin-renacentista-Destino-Castilla-y-Leon-300x169.jpg 300w\" sizes=\"(max-width: 640px) 100vw, 640px\" \/><figcaption id=\"caption-attachment-38680\" class=\"wp-caption-text\">Valla vegetal en el jard\u00edn renacentista &#8211; Destino Castilla y Le\u00f3n<\/figcaption><\/figure>\n<blockquote><p>De estilo barroco, las l\u00edneas son diagonales, formando tri\u00e1ngulos de setos, c\u00e9sped y plantas ornamentales.<\/p><\/blockquote>\n<figure id=\"attachment_38699\" aria-describedby=\"caption-attachment-38699\" style=\"width: 640px\" class=\"wp-caption aligncenter\"><img decoding=\"async\" src=\"https:\/\/destinocastillayleon.es\/index\/wp-content\/uploads\/2024\/05\/Plantas-del-jardin-barroco-Destino-Castilla-y-Leon.jpg\" alt=\"Plantas del jard\u00edn barroco - Destino Castilla y Le\u00f3n\" width=\"640\" height=\"360\" class=\"size-full wp-image-38699\" srcset=\"https:\/\/destinocastillayleon.es\/index\/wp-content\/uploads\/2024\/05\/Plantas-del-jardin-barroco-Destino-Castilla-y-Leon.jpg 640w, https:\/\/destinocastillayleon.es\/index\/wp-content\/uploads\/2024\/05\/Plantas-del-jardin-barroco-Destino-Castilla-y-Leon-300x169.jpg 300w\" sizes=\"(max-width: 640px) 100vw, 640px\" \/><figcaption id=\"caption-attachment-38699\" class=\"wp-caption-text\">Plantas del jard\u00edn barroco &#8211; Destino Castilla y Le\u00f3n<\/figcaption><\/figure>\n<p>Adem\u00e1s, como lugar de recreo, <strong>posee varios lugares muy especiales, como un calendario astron\u00f3mico en el suelo o plantas m\u00e1s vistosas<\/strong> siguiendo ese estilo barroco del propietario del siglo XVII.<\/p>\n<figure id=\"attachment_38700\" aria-describedby=\"caption-attachment-38700\" style=\"width: 640px\" class=\"wp-caption aligncenter\"><img decoding=\"async\" src=\"https:\/\/destinocastillayleon.es\/index\/wp-content\/uploads\/2024\/05\/Calendario-solar-en-el-jardin-del-palacio-Destino-Castilla-y-Leon.jpg\" alt=\"Calendario solar en el jard\u00edn del palacio - Destino Castilla y Le\u00f3n\" width=\"640\" height=\"360\" class=\"size-full wp-image-38700\" srcset=\"https:\/\/destinocastillayleon.es\/index\/wp-content\/uploads\/2024\/05\/Calendario-solar-en-el-jardin-del-palacio-Destino-Castilla-y-Leon.jpg 640w, https:\/\/destinocastillayleon.es\/index\/wp-content\/uploads\/2024\/05\/Calendario-solar-en-el-jardin-del-palacio-Destino-Castilla-y-Leon-300x169.jpg 300w\" sizes=\"(max-width: 640px) 100vw, 640px\" \/><figcaption id=\"caption-attachment-38700\" class=\"wp-caption-text\">Calendario solar en el jard\u00edn del palacio &#8211; Destino Castilla y Le\u00f3n<\/figcaption><\/figure>\n<h4><strong>Bajada a las mazmorras<\/strong><\/h4>\n<p>Este palacio <strong>se levant\u00f3 sobre el cortado del Barranco de la Lobera<\/strong> que delimita el barrio \u00e1rabe con el barrio de San Miguel. Para edificarlo, hubo que asentar un importante talud.<\/p>\n<figure id=\"attachment_38707\" aria-describedby=\"caption-attachment-38707\" style=\"width: 640px\" class=\"wp-caption aligncenter\"><img decoding=\"async\" src=\"https:\/\/destinocastillayleon.es\/index\/wp-content\/uploads\/2024\/05\/Garita-del-guardia-de-la-carcel-del-palacio-Destino-Castilla-y-Leon.jpg\" alt=\"Garita del guardia de la c\u00e1rcel del palacio - Destino Castilla y Le\u00f3n\" width=\"640\" height=\"360\" class=\"size-full wp-image-38707\" srcset=\"https:\/\/destinocastillayleon.es\/index\/wp-content\/uploads\/2024\/05\/Garita-del-guardia-de-la-carcel-del-palacio-Destino-Castilla-y-Leon.jpg 640w, https:\/\/destinocastillayleon.es\/index\/wp-content\/uploads\/2024\/05\/Garita-del-guardia-de-la-carcel-del-palacio-Destino-Castilla-y-Leon-300x169.jpg 300w\" sizes=\"(max-width: 640px) 100vw, 640px\" \/><figcaption id=\"caption-attachment-38707\" class=\"wp-caption-text\">Garita del guardia de la c\u00e1rcel del palacio &#8211; Destino Castilla y Le\u00f3n<\/figcaption><\/figure>\n<p>Debido a esta diferencia de alturas, <strong>se pudieron hacer unas bodegas que aprovechan un lado de la roca.<\/strong> Pero como el edificio siempre estuvo en uso y habitado; tambi\u00e9n fue usado como juzgado.<\/p>\n<p><strong>De esta \u00e9poca quedaron las bodegas, que se transformaron en mazmorras.<\/strong> Y es as\u00ed como est\u00e1n decoradas actualmente; con una sala de polic\u00edas y varios calabozos.<\/p>\n<figure id=\"attachment_38706\" aria-describedby=\"caption-attachment-38706\" style=\"width: 640px\" class=\"wp-caption aligncenter\"><img decoding=\"async\" src=\"https:\/\/destinocastillayleon.es\/index\/wp-content\/uploads\/2024\/05\/Recreacion-de-un-preso-en-la-carcel-del-palacio-Destino-Castilla-y-Leon.jpg\" alt=\"Recreaci\u00f3n de un preso en la c\u00e1rcel del palacio - Destino Castilla y Le\u00f3n\" width=\"640\" height=\"360\" class=\"size-full wp-image-38706\" srcset=\"https:\/\/destinocastillayleon.es\/index\/wp-content\/uploads\/2024\/05\/Recreacion-de-un-preso-en-la-carcel-del-palacio-Destino-Castilla-y-Leon.jpg 640w, https:\/\/destinocastillayleon.es\/index\/wp-content\/uploads\/2024\/05\/Recreacion-de-un-preso-en-la-carcel-del-palacio-Destino-Castilla-y-Leon-300x169.jpg 300w\" sizes=\"(max-width: 640px) 100vw, 640px\" \/><figcaption id=\"caption-attachment-38706\" class=\"wp-caption-text\">Recreaci\u00f3n de un preso en la c\u00e1rcel del palacio &#8211; Destino Castilla y Le\u00f3n<\/figcaption><\/figure>\n<blockquote><p>Durante nuestra visita estaba preparada para hacer un <em>Scape Room<\/em>, con lo que hab\u00eda varias pistas para resolver el rompecabezas.<\/Blockquote><\/p>\n<h4><strong>Situaci\u00f3n y contacto<\/strong><\/h4>\n<p><strong>Palacio de los Castej\u00f3n <\/strong><br \/>\nCalle Palacio, 1<br \/>\n42100 &#8211; \u00c1greda, Soria<br \/>\nTelf.: +34 976 19 27 14 (oficina de turismo de \u00c1greda)<br \/>\nMail: <a href=\"mailto:turismo@agreda.es\">turismo@agreda.es<\/a><br \/>\n<a name=\"San-Miguel\"><\/a><\/p>\n<h4><strong>Video del Palacio de los Castej\u00f3n de \u00c1greda<\/strong><\/h4>\n<p>Como vale m\u00e1s una imagen que mil palabras, os dejamos el v\u00eddeo de nuestra visita a este precioso palacio en \u00c1greda.<\/p>\n<p><center><iframe width=\"560\" height=\"315\" src=\"https:\/\/www.youtube.com\/embed\/LI2Gg37mic0?si=Je6d1ntqaQ8Xrgiz\" title=\"YouTube video player\" frameborder=\"0\" allow=\"accelerometer; autoplay; clipboard-write; encrypted-media; gyroscope; picture-in-picture; web-share\" referrerpolicy=\"strict-origin-when-cross-origin\" allowfullscreen><\/iframe><\/center><\/p>\n<p>Esperamos que os guste; puedes encontrar m\u00e1s v\u00eddeos sobre \u00c1greda en nuestro canal de YouTube.<br \/>\n&nbsp;<\/p>\n<h3><strong>Iglesia de San Miguel<\/strong><\/h4>\n<p>Justo al lado del Palacio de los Castej\u00f3n <strong>est\u00e1 este templo, aunque realmente preside la Plaza de La Alh\u00f3ndiga;<\/strong> con un <strong>cierto toque entre rom\u00e1nico y g\u00f3tico en su construcci\u00f3n, los remates son mud\u00e9jares<\/strong> y nos recuerdan mucho a Teruel.<\/p>\n<figure id=\"attachment_38686\" aria-describedby=\"caption-attachment-38686\" style=\"width: 640px\" class=\"wp-caption aligncenter\"><img decoding=\"async\" src=\"https:\/\/destinocastillayleon.es\/index\/wp-content\/uploads\/2024\/05\/Iglesia-de-San-Miguel-desde-las-torres-del-Palacio-de-los-Castejon-Destino-Castilla-y-Leon.jpg\" alt=\"Iglesia de San Miguel desde las torres del Palacio de los Castej\u00f3n - Destino Castilla y Le\u00f3n\" width=\"640\" height=\"360\" class=\"size-full wp-image-38686\" srcset=\"https:\/\/destinocastillayleon.es\/index\/wp-content\/uploads\/2024\/05\/Iglesia-de-San-Miguel-desde-las-torres-del-Palacio-de-los-Castejon-Destino-Castilla-y-Leon.jpg 640w, https:\/\/destinocastillayleon.es\/index\/wp-content\/uploads\/2024\/05\/Iglesia-de-San-Miguel-desde-las-torres-del-Palacio-de-los-Castejon-Destino-Castilla-y-Leon-300x169.jpg 300w\" sizes=\"(max-width: 640px) 100vw, 640px\" \/><figcaption id=\"caption-attachment-38686\" class=\"wp-caption-text\">Iglesia de San Miguel desde las torres del Palacio de los Castej\u00f3n &#8211; Destino Castilla y Le\u00f3n<\/figcaption><\/figure>\n<p>La construcci\u00f3n actual data del siglo XV, <strong>en estilo g\u00f3tico final;<\/strong> aunque se levante sobre una iglesia rom\u00e1nica del siglo XII del que se conserva la torre campanario.<\/p>\n<h4><strong>El Exterior<\/strong><\/h4>\n<p>El templo en s\u00ed <strong>consta de cinco cuerpos divididos, externamente, por diferentes vol\u00famenes.<\/strong> El baptisterio posee un remate de una linterna hecha en ladrillo mud\u00e9jar que como hemos dicho puede recodar a un estilo m\u00e1s aragon\u00e9s que castellano.<\/p>\n<figure id=\"attachment_38701\" aria-describedby=\"caption-attachment-38701\" style=\"width: 640px\" class=\"wp-caption aligncenter\"><img decoding=\"async\" src=\"https:\/\/destinocastillayleon.es\/index\/wp-content\/uploads\/2024\/05\/Iglesia-de-San-Miguel-de-Agreda-Destino-Castilla-y-Leon.jpg\" alt=\"Iglesia de San Miguel de \u00c1greda - Destino Castilla y Le\u00f3n\" width=\"640\" height=\"360\" class=\"size-full wp-image-38701\" srcset=\"https:\/\/destinocastillayleon.es\/index\/wp-content\/uploads\/2024\/05\/Iglesia-de-San-Miguel-de-Agreda-Destino-Castilla-y-Leon.jpg 640w, https:\/\/destinocastillayleon.es\/index\/wp-content\/uploads\/2024\/05\/Iglesia-de-San-Miguel-de-Agreda-Destino-Castilla-y-Leon-300x169.jpg 300w\" sizes=\"(max-width: 640px) 100vw, 640px\" \/><figcaption id=\"caption-attachment-38701\" class=\"wp-caption-text\">Iglesia de San Miguel de \u00c1greda &#8211; Destino Castilla y Le\u00f3n<\/figcaption><\/figure>\n<p><strong>Para acceder al templo, se hace a trav\u00e9s de un atrio<\/strong> donde se reun\u00edan los ancianos del concejo, a tomar decisiones relacionadas con el gobierno del pueblo.<\/p>\n<h4><strong>Interior del templo<\/strong><\/h4>\n<p>En su interior, <strong>la capilla mayor est\u00e1 rematada por un retablo de cinco calles de corte renacentista an\u00f3nimo,<\/strong> aunque se le atribuye o bien a Pedro de Aponte, o a un artista local que no transcendido, pero que se sabe fue uno de los artistas m\u00e1s importante de esa primera pintura renacentista espa\u00f1ola.<\/p>\n<figure id=\"attachment_38702\" aria-describedby=\"caption-attachment-38702\" style=\"width: 640px\" class=\"wp-caption aligncenter\"><img decoding=\"async\" src=\"https:\/\/destinocastillayleon.es\/index\/wp-content\/uploads\/2024\/05\/Interior-de-la-Iglesia-de-San-Miguel-Destino-Castilla-y-Leon.jpg\" alt=\"Interior de la Iglesia de San Miguel - Destino Castilla y Le\u00f3n\" width=\"640\" height=\"360\" class=\"size-full wp-image-38702\" srcset=\"https:\/\/destinocastillayleon.es\/index\/wp-content\/uploads\/2024\/05\/Interior-de-la-Iglesia-de-San-Miguel-Destino-Castilla-y-Leon.jpg 640w, https:\/\/destinocastillayleon.es\/index\/wp-content\/uploads\/2024\/05\/Interior-de-la-Iglesia-de-San-Miguel-Destino-Castilla-y-Leon-300x169.jpg 300w\" sizes=\"(max-width: 640px) 100vw, 640px\" \/><figcaption id=\"caption-attachment-38702\" class=\"wp-caption-text\">Interior de la Iglesia de San Miguel &#8211; Destino Castilla y Le\u00f3n<\/figcaption><\/figure>\n<p>El resto de las capillas <strong>se rematan con decoraciones diversas que van del g\u00f3tico al renacimiento espa\u00f1ol<\/strong> m\u00e1s cl\u00e1sico, tambi\u00e9n llamado plateresco.<\/p>\n<blockquote><p>A destacar una de las capillas, la del doctor Garc\u00eda Hern\u00e1ndez de Carrasc\u00f3n, que fue m\u00e9dico del Papa Adriano VI.<\/p><\/blockquote>\n<figure id=\"attachment_38703\" aria-describedby=\"caption-attachment-38703\" style=\"width: 444px\" class=\"wp-caption aligncenter\"><img decoding=\"async\" src=\"https:\/\/destinocastillayleon.es\/index\/wp-content\/uploads\/2024\/05\/Ventana-interior-en-la-Iglesia-de-San-Miguel-Destino-Castilla-y-Leon.jpg\" alt=\"Ventana interior en la Iglesia de San Miguel - Destino Castilla y Le\u00f3n\" width=\"444\" height=\"500\" class=\"size-full wp-image-38703\" srcset=\"https:\/\/destinocastillayleon.es\/index\/wp-content\/uploads\/2024\/05\/Ventana-interior-en-la-Iglesia-de-San-Miguel-Destino-Castilla-y-Leon.jpg 444w, https:\/\/destinocastillayleon.es\/index\/wp-content\/uploads\/2024\/05\/Ventana-interior-en-la-Iglesia-de-San-Miguel-Destino-Castilla-y-Leon-266x300.jpg 266w\" sizes=\"(max-width: 444px) 100vw, 444px\" \/><figcaption id=\"caption-attachment-38703\" class=\"wp-caption-text\">Ventana interior en la Iglesia de San Miguel &#8211; Destino Castilla y Le\u00f3n<\/figcaption><\/figure>\n<p><strong>Otra curiosidad que descubrimos fueron las \u201cventanas\u201d en sus muros interiores<\/strong> entre las capillas laterales y la nave central. Y es que est\u00e1n orientados al altar, para que se pudiera seguir la misa sin estar en la nave principal, junto al resto del pueblo. <\/p>\n<h4><strong>Situaci\u00f3n y contacto<\/strong><\/h4>\n<p><strong>Iglesia de San Miguel de \u00c1greda<\/strong><br \/>\nPlaza de San Miguel s\/n<br \/>\n42100 &#8211; \u00c1greda, Soria <a name=\"Arte-Sacro\"><\/a><br \/>\n&nbsp;<\/p>\n<h3><strong>Museo de Arte Sacro de Nuestra Se\u00f1ora de la Pe\u00f1a<\/strong><\/h3>\n<p>Seguimos nuestro recorrido por \u00c1greda, <strong>para buscar esta iglesia rom\u00e1nica,<\/strong> aunque con evidentes a\u00f1adidos g\u00f3ticos y renacentistas.<\/p>\n<figure id=\"attachment_38723\" aria-describedby=\"caption-attachment-38723\" style=\"width: 640px\" class=\"wp-caption aligncenter\"><img decoding=\"async\" src=\"https:\/\/destinocastillayleon.es\/index\/wp-content\/uploads\/2024\/05\/Iglesia-de-Santa-Maria-de-la-Pena-Destino-Castilla-y-Leon.jpg\" alt=\"Iglesia de Santa Mar\u00eda de la Pe\u00f1a - Destino Castilla y Le\u00f3n\" width=\"640\" height=\"360\" class=\"size-full wp-image-38723\" srcset=\"https:\/\/destinocastillayleon.es\/index\/wp-content\/uploads\/2024\/05\/Iglesia-de-Santa-Maria-de-la-Pena-Destino-Castilla-y-Leon.jpg 640w, https:\/\/destinocastillayleon.es\/index\/wp-content\/uploads\/2024\/05\/Iglesia-de-Santa-Maria-de-la-Pena-Destino-Castilla-y-Leon-300x169.jpg 300w\" sizes=\"(max-width: 640px) 100vw, 640px\" \/><figcaption id=\"caption-attachment-38723\" class=\"wp-caption-text\">Iglesia de Santa Mar\u00eda de la Pe\u00f1a &#8211; Destino Castilla y Le\u00f3n<\/figcaption><\/figure>\n<p>Se trata <strong>del templo m\u00e1s antiguo de \u00c1greda. Se sabe que fue consagrado en 1193 por el obispo Juan Front\u00edn;<\/strong> y que en \u00e9l se cas\u00f3 por primera vez el rey aragon\u00e9s Jaime I el Conquistador, con la infanta Leonor de Castilla.<\/p>\n<p>Su interior es curioso, <strong>pues se compone de dos naves, la original rom\u00e1nica, y la a\u00f1adida en paralelo,<\/strong> pero que es de similar importancia. Ambas se rematan por <strong>b\u00f3vedas de ca\u00f1\u00f3n apuntado;<\/strong> de igual altura, pero un ancho diferente. Esto hizo que al abrir el muro que divide la iglesia fuera necesario un refuerzo para evitar su colapso.<\/p>\n<figure id=\"attachment_38705\" aria-describedby=\"caption-attachment-38705\" style=\"width: 375px\" class=\"wp-caption aligncenter\"><img decoding=\"async\" src=\"https:\/\/destinocastillayleon.es\/index\/wp-content\/uploads\/2024\/05\/Retablo-de-la-Iglesia-de-Nuestra-Senora-de-la-Pena-Destino-Castilla-y-Leon.jpg\" alt=\"Retablo de la Iglesia de Nuestra Se\u00f1ora de la Pe\u00f1a - Destino Castilla y Le\u00f3n\" width=\"375\" height=\"500\" class=\"size-full wp-image-38705\" srcset=\"https:\/\/destinocastillayleon.es\/index\/wp-content\/uploads\/2024\/05\/Retablo-de-la-Iglesia-de-Nuestra-Senora-de-la-Pena-Destino-Castilla-y-Leon.jpg 375w, https:\/\/destinocastillayleon.es\/index\/wp-content\/uploads\/2024\/05\/Retablo-de-la-Iglesia-de-Nuestra-Senora-de-la-Pena-Destino-Castilla-y-Leon-225x300.jpg 225w\" sizes=\"(max-width: 375px) 100vw, 375px\" \/><figcaption id=\"caption-attachment-38705\" class=\"wp-caption-text\">Retablo de la Iglesia de Nuestra Se\u00f1ora de la Pe\u00f1a &#8211; Destino Castilla y Le\u00f3n<\/figcaption><\/figure>\n<h4><strong>Uso actual, Museo de arte sacro de Nuestra Se\u00f1ora de la Pe\u00f1a<\/strong><\/h4>\n<p>A d\u00eda de hoy <strong>este templo est\u00e1 desacralizado y no tiene uso lit\u00fargico. Su espacio se usa para la exposici\u00f3n de arte sacro<\/strong> de las iglesias que se perdieron en \u00c1greda y su comarca.<\/p>\n<h4><strong>Obras destacadas<\/strong><\/h4>\n<p>Entre los fondos del museo se encuentra <strong>una interesante colecci\u00f3n de pinturas g\u00f3ticas, tanto de origen castellano como flamenco.<\/strong> Entre estas habr\u00eda que destacan las tablas de un gran retablo, desaparecido, que datan de finales del siglo XV, en el que se narran visualmente pasajes de la vida de la virgen.<\/p>\n<figure id=\"attachment_38724\" aria-describedby=\"caption-attachment-38724\" style=\"width: 640px\" class=\"wp-caption aligncenter\"><img decoding=\"async\" src=\"https:\/\/destinocastillayleon.es\/index\/wp-content\/uploads\/2024\/05\/Pinturas-goticas-en-el-Museo-de-Arte-Sacro-de-Agreda-Destino-Castilla-y-Leon.jpg\" alt=\"Pinturas g\u00f3ticas en el Museo de Arte Sacro de \u00c1greda - Destino Castilla y Le\u00f3n\" width=\"640\" height=\"360\" class=\"size-full wp-image-38724\" srcset=\"https:\/\/destinocastillayleon.es\/index\/wp-content\/uploads\/2024\/05\/Pinturas-goticas-en-el-Museo-de-Arte-Sacro-de-Agreda-Destino-Castilla-y-Leon.jpg 640w, https:\/\/destinocastillayleon.es\/index\/wp-content\/uploads\/2024\/05\/Pinturas-goticas-en-el-Museo-de-Arte-Sacro-de-Agreda-Destino-Castilla-y-Leon-300x169.jpg 300w\" sizes=\"(max-width: 640px) 100vw, 640px\" \/><figcaption id=\"caption-attachment-38724\" class=\"wp-caption-text\">Pinturas g\u00f3ticas en el Museo de Arte Sacro de \u00c1greda &#8211; Destino Castilla y Le\u00f3n<\/figcaption><\/figure>\n<p>Realmente, <strong>es complicado decidirse por una selecci\u00f3n corta de obras,<\/strong> cuando todas son piezas de inter\u00e9s para los amantes del arte.<\/p>\n<h4><strong>Situaci\u00f3n y contacto<\/strong><\/h4>\n<p><strong>Iglesia de la Virgen de la Pe\u00f1a y Museo de Arte Sacro<\/strong><br \/>\nCalle de Vicente y Tutor, 19<br \/>\n42100 &#8211; \u00c1greda, Soria <a name=\"Barrio-Arabe\"><\/a><br \/>\n&nbsp;<\/p>\n<h3><strong>Paseando por el Barrio \u00c1rabe<\/strong><\/h3>\n<p>Nuestra ruta <strong>sigue por el barrio \u00e1rabe.<\/strong> Hay una ruta sugerida por la oficina de turismo que va siguiendo la bajada de salto de agua que finalmente termina en las huertas.<\/p>\n<figure id=\"attachment_38714\" aria-describedby=\"caption-attachment-38714\" style=\"width: 520px\" class=\"wp-caption aligncenter\"><img decoding=\"async\" src=\"https:\/\/destinocastillayleon.es\/index\/wp-content\/uploads\/2024\/05\/Recorrido-recomendado-por-el-Barrio-Arabe-Destino-Castilla-y-Leon.jpg\" alt=\"Recorrido recomendado por el Barrio \u00c1rabe - Destino Castilla y Le\u00f3n\" width=\"520\"  class=\"size-full wp-image-38714\" srcset=\"https:\/\/destinocastillayleon.es\/index\/wp-content\/uploads\/2024\/05\/Recorrido-recomendado-por-el-Barrio-Arabe-Destino-Castilla-y-Leon.jpg 580w, https:\/\/destinocastillayleon.es\/index\/wp-content\/uploads\/2024\/05\/Recorrido-recomendado-por-el-Barrio-Arabe-Destino-Castilla-y-Leon-300x197.jpg 300w\" sizes=\"(max-width: 580px) 100vw, 580px\" \/><figcaption id=\"caption-attachment-38714\" class=\"wp-caption-text\">Recorrido recomendado por el Barrio \u00c1rabe &#8211; Destino Castilla y Le\u00f3n<\/figcaption><\/figure>\n<p>Es <strong>un camino sencillo que permite unas vistas del cortado<\/strong> sobre el que se elevaba el Palacio de los Castej\u00f3n, el Monasterio de la Inmaculada Concepci\u00f3n de Mar\u00eda y las huertas.<\/p>\n<figure id=\"attachment_38713\" aria-describedby=\"caption-attachment-38713\" style=\"width: 640px\" class=\"wp-caption aligncenter\"><img decoding=\"async\" src=\"https:\/\/destinocastillayleon.es\/index\/wp-content\/uploads\/2024\/05\/Palacio-de-los-Castejon-desde-el-Barrio-Arabe-de-Agreda-Destino-Castilla-y-Leon.jpg\" alt=\"Palacio de los Castej\u00f3n desde el Barrio \u00c1rabe de \u00c1greda - Destino Castilla y Le\u00f3n\" width=\"640\" height=\"360\" class=\"size-full wp-image-38713\" srcset=\"https:\/\/destinocastillayleon.es\/index\/wp-content\/uploads\/2024\/05\/Palacio-de-los-Castejon-desde-el-Barrio-Arabe-de-Agreda-Destino-Castilla-y-Leon.jpg 640w, https:\/\/destinocastillayleon.es\/index\/wp-content\/uploads\/2024\/05\/Palacio-de-los-Castejon-desde-el-Barrio-Arabe-de-Agreda-Destino-Castilla-y-Leon-300x169.jpg 300w\" sizes=\"(max-width: 640px) 100vw, 640px\" \/><figcaption id=\"caption-attachment-38713\" class=\"wp-caption-text\">Palacio de los Castej\u00f3n desde el Barrio moro de \u00c1greda &#8211; Destino Castilla y Le\u00f3n<\/figcaption><\/figure>\n<h4><strong>La Fuente \u00e1rabe<\/strong><\/h4>\n<p>Caminando entre las huertas <strong>se llega a una fuente que seg\u00fan la leyenda se remonta a la \u00e9poca de ocupaci\u00f3n musulmana.<\/strong> Aunque ha sido restaurada en muchas ocasiones para seguir dando servicio. <\/p>\n<figure id=\"attachment_38712\" aria-describedby=\"caption-attachment-38712\" style=\"width: 640px\" class=\"wp-caption aligncenter\"><img decoding=\"async\" src=\"https:\/\/destinocastillayleon.es\/index\/wp-content\/uploads\/2024\/05\/Fuente-arabe-de-para-las-huertas-Destino-Castilla-y-Leon.jpg\" alt=\"Fuente \u00e1rabe de para las huertas - Destino Castilla y Le\u00f3n\" width=\"640\" height=\"360\" class=\"size-full wp-image-38712\" srcset=\"https:\/\/destinocastillayleon.es\/index\/wp-content\/uploads\/2024\/05\/Fuente-arabe-de-para-las-huertas-Destino-Castilla-y-Leon.jpg 640w, https:\/\/destinocastillayleon.es\/index\/wp-content\/uploads\/2024\/05\/Fuente-arabe-de-para-las-huertas-Destino-Castilla-y-Leon-300x169.jpg 300w\" sizes=\"(max-width: 640px) 100vw, 640px\" \/><figcaption id=\"caption-attachment-38712\" class=\"wp-caption-text\">Fuente \u00e1rabe de para las huertas &#8211; Destino Castilla y Le\u00f3n<\/figcaption><\/figure>\n<p><strong>Recogiendo el agua de los regueros<\/strong> que bajan desde el Moncayo, sirve para regar las huertas de \u00c1greda.<\/p>\n<h4><strong>El recinto musulm\u00e1n original y el Arco Califal<\/strong><\/h4>\n<p>Si bien <strong>se sabe que el solar que ocupa la muela entre r\u00edos fue un castro celt\u00edbero,<\/strong> la verdadera poblaci\u00f3n fue de mulad\u00edes.<\/p>\n<figure id=\"attachment_38715\" aria-describedby=\"caption-attachment-38715\" style=\"width: 640px\" class=\"wp-caption aligncenter\"><img decoding=\"async\" src=\"https:\/\/destinocastillayleon.es\/index\/wp-content\/uploads\/2024\/05\/Puerta-Califal-de-Agreda-Destino-Castilla-y-Leon.jpg\" alt=\"Puerta Califal de \u00c1greda - Destino Castilla y Le\u00f3n\" width=\"640\" height=\"360\" class=\"size-full wp-image-38715\" srcset=\"https:\/\/destinocastillayleon.es\/index\/wp-content\/uploads\/2024\/05\/Puerta-Califal-de-Agreda-Destino-Castilla-y-Leon.jpg 640w, https:\/\/destinocastillayleon.es\/index\/wp-content\/uploads\/2024\/05\/Puerta-Califal-de-Agreda-Destino-Castilla-y-Leon-300x169.jpg 300w\" sizes=\"(max-width: 640px) 100vw, 640px\" \/><figcaption id=\"caption-attachment-38715\" class=\"wp-caption-text\">Puerta Califal de \u00c1greda &#8211; Destino Castilla y Le\u00f3n<\/figcaption><\/figure>\n<p>De aquella fundaci\u00f3n <strong>quedan los restos de las murallas \u00e1rabes,<\/strong> sobre todo los cimientos.<\/p>\n<p>No obstante, <strong>se conserva una de las joyas de \u00c1greda, un puerta en codo,<\/strong> aunque de la construcci\u00f3n original s\u00f3lo queda uno de los portones. Esta puerta <strong>es conocida como el Arco Califal, aunque lo m\u00e1s correcto ser\u00eda llamarlo La Puerta del Cementerio.<\/strong> Realmente es una puerta muy es hermosa; y desde ella, la vista del Moncayo es una preciosidad.<\/p>\n<h4><strong>Ermita de la Virgen de los Desamparados<\/strong><\/h4>\n<p>Subiendo por la calle de la Ermita, <strong>se llega a la Ermita de la Virgen de los Desamparados. <\/strong><\/p>\n<figure id=\"attachment_38720\" aria-describedby=\"caption-attachment-38720\" style=\"width: 640px\" class=\"wp-caption aligncenter\"><img decoding=\"async\" src=\"https:\/\/destinocastillayleon.es\/index\/wp-content\/uploads\/2024\/05\/Ermita-de-los-Desamparados-Destino-Castilla-y-Leon.jpg\" alt=\"Ermita de los Desamparados - Destino Castilla y Le\u00f3n\" width=\"640\" height=\"360\" class=\"size-full wp-image-38720\" srcset=\"https:\/\/destinocastillayleon.es\/index\/wp-content\/uploads\/2024\/05\/Ermita-de-los-Desamparados-Destino-Castilla-y-Leon.jpg 640w, https:\/\/destinocastillayleon.es\/index\/wp-content\/uploads\/2024\/05\/Ermita-de-los-Desamparados-Destino-Castilla-y-Leon-300x169.jpg 300w\" sizes=\"(max-width: 640px) 100vw, 640px\" \/><figcaption id=\"caption-attachment-38720\" class=\"wp-caption-text\">Ermita de los Desamparados &#8211; Destino Castilla y Le\u00f3n<\/figcaption><\/figure>\n<p>Cuenta la leyenda que un jud\u00edo falso converso estaba trabajando, sin tener en cuenta una procesi\u00f3n solemne de la Virgen Mar\u00eda, por desprecio. <strong>Al paso de la procesi\u00f3n, la virgen se par\u00f3 y el artesano qued\u00f3 en evidencia.<\/strong> Esto, por cierto, se recuerda en la Iglesia de los Milagros, donde hay una figura colgada de uno de sus muros. Y como tras este episodio, se convirti\u00f3 de verdad; en ese lugar se levant\u00f3 esta ermita.<\/p>\n<h4><strong>Puerta del recinto<\/strong><\/h4>\n<p>Junto a la ermita de la Virgen de los desamparados, <strong>se encuentra otra puerta hist\u00f3rica de \u00e9poca califal, aunque algo m\u00e1s escondida.<\/strong> Se trata de la Puerta de la Alcazaba o barrio de los militares. Ha sido gracias a una reciente restauraci\u00f3n que luce igual de hermosa que la puerta de las huertas.<\/p>\n<figure id=\"attachment_38716\" aria-describedby=\"caption-attachment-38716\" style=\"width: 640px\" class=\"wp-caption aligncenter\"><img decoding=\"async\" src=\"https:\/\/destinocastillayleon.es\/index\/wp-content\/uploads\/2024\/05\/Puerta-arabe-de-la-Muela-Destino-Castilla-yLeon.jpg\" alt=\"Puerta \u00e1rabe de la Muela - Destino Castilla y Le\u00f3n\" width=\"640\" height=\"360\" class=\"size-full wp-image-38716\" srcset=\"https:\/\/destinocastillayleon.es\/index\/wp-content\/uploads\/2024\/05\/Puerta-arabe-de-la-Muela-Destino-Castilla-yLeon.jpg 640w, https:\/\/destinocastillayleon.es\/index\/wp-content\/uploads\/2024\/05\/Puerta-arabe-de-la-Muela-Destino-Castilla-yLeon-300x169.jpg 300w\" sizes=\"(max-width: 640px) 100vw, 640px\" \/><figcaption id=\"caption-attachment-38716\" class=\"wp-caption-text\">Puerta \u00e1rabe de la Muela &#8211; Destino Castilla y Le\u00f3n<\/figcaption><\/figure>\n<h4><strong>Torre\u00f3n de la Muela<\/strong><\/h4>\n<p>Y ya casi al lado, <strong>se llega a esta torre defensiva,<\/strong> que una vez estuvo integrada en la defensa \u00e1rabe original.<\/p>\n<figure id=\"attachment_38718\" aria-describedby=\"caption-attachment-38718\" style=\"width: 640px\" class=\"wp-caption aligncenter\"><img decoding=\"async\" src=\"https:\/\/destinocastillayleon.es\/index\/wp-content\/uploads\/2024\/05\/Torron-de-la-Muela-Destino-Castilla-y-Leon.jpg\" alt=\"Torre\u00f3n de la Muela - Destino Castilla y Le\u00f3n\" width=\"640\" height=\"360\" class=\"size-full wp-image-38718\" srcset=\"https:\/\/destinocastillayleon.es\/index\/wp-content\/uploads\/2024\/05\/Torron-de-la-Muela-Destino-Castilla-y-Leon.jpg 640w, https:\/\/destinocastillayleon.es\/index\/wp-content\/uploads\/2024\/05\/Torron-de-la-Muela-Destino-Castilla-y-Leon-300x169.jpg 300w\" sizes=\"(max-width: 640px) 100vw, 640px\" \/><figcaption id=\"caption-attachment-38718\" class=\"wp-caption-text\">Torre\u00f3n de la Muela &#8211; Destino Castilla y Le\u00f3n<\/figcaption><\/figure>\n<p>Su misi\u00f3n <strong>era proteger la Puerta de la Muela,<\/strong> una zona que est\u00e1 actualmente despejada, pero por las catas arqueol\u00f3gicas realizadas se trat\u00f3 del lugar de poblaci\u00f3n original de \u00e9poca prerromana.<\/p>\n<figure id=\"attachment_38717\" aria-describedby=\"caption-attachment-38717\" style=\"width: 640px\" class=\"wp-caption aligncenter\"><img decoding=\"async\" src=\"https:\/\/destinocastillayleon.es\/index\/wp-content\/uploads\/2024\/05\/Interior-del-Torreon-de-la-Muela-Destino-Castilla-y-Leon.jpg\" alt=\"Interior del Torre\u00f3n de la Muela - Destino Castilla y Le\u00f3n\" width=\"640\" height=\"360\" class=\"size-full wp-image-38717\" srcset=\"https:\/\/destinocastillayleon.es\/index\/wp-content\/uploads\/2024\/05\/Interior-del-Torreon-de-la-Muela-Destino-Castilla-y-Leon.jpg 640w, https:\/\/destinocastillayleon.es\/index\/wp-content\/uploads\/2024\/05\/Interior-del-Torreon-de-la-Muela-Destino-Castilla-y-Leon-300x169.jpg 300w\" sizes=\"(max-width: 640px) 100vw, 640px\" \/><figcaption id=\"caption-attachment-38717\" class=\"wp-caption-text\">Interior del Torre\u00f3n de la Muela &#8211; Destino Castilla y Le\u00f3n<\/figcaption><\/figure>\n<p>Esta torre <strong>se encontraba en un estado ruinoso, falt\u00e1ndole un lateral de su per\u00edmetro cuadrado. En una intervenci\u00f3n reciente, se estabiliz\u00f3, se a\u00f1adi\u00f3 ese lateral y se restaur\u00f3 su interior<\/strong> para formar un espacio en cuatro plantas y azotea polivalente.<\/p>\n<figure id=\"attachment_38719\" aria-describedby=\"caption-attachment-38719\" style=\"width: 640px\" class=\"wp-caption aligncenter\"><img decoding=\"async\" src=\"https:\/\/destinocastillayleon.es\/index\/wp-content\/uploads\/2024\/05\/Agreda-desde-lo-alto-de-la-Torre-de-la-Muela-Destino-Castilla-y-Leon.jpg\" alt=\"\u00c1greda desde lo alto de la Torre de la Muela - Destino Castilla y Le\u00f3n\" width=\"640\" height=\"360\" class=\"size-full wp-image-38719\" srcset=\"https:\/\/destinocastillayleon.es\/index\/wp-content\/uploads\/2024\/05\/Agreda-desde-lo-alto-de-la-Torre-de-la-Muela-Destino-Castilla-y-Leon.jpg 640w, https:\/\/destinocastillayleon.es\/index\/wp-content\/uploads\/2024\/05\/Agreda-desde-lo-alto-de-la-Torre-de-la-Muela-Destino-Castilla-y-Leon-300x169.jpg 300w\" sizes=\"(max-width: 640px) 100vw, 640px\" \/><figcaption id=\"caption-attachment-38719\" class=\"wp-caption-text\">\u00c1greda desde lo alto de la Torre de la Muela &#8211; Destino Castilla y Le\u00f3n<\/figcaption><\/figure>\n<p>Durante nuestra visita <strong>a\u00fan estaba sin contenido, m\u00e1s all\u00e1 de su propio valor como atalaya,<\/strong> pero se est\u00e1n estudiando muestras para dotarla de contenido.<\/p>\n<p><strong>Situaci\u00f3n y contacto<\/strong><br \/>\n<strong>Torre\u00f3n de la muela<\/strong><br \/>\nCalle Arco Moro, 25<br \/>\n42100 &#8211; \u00c1greda, Soria<\/p>\n<h4><strong>Centro de interpretaci\u00f3n de la ciudad y su entorno<\/strong><\/h4>\n<p>Antes de irnos del barrio \u00e1rabe, <strong>nos queda por visitar una construcci\u00f3n singular<\/strong> adosada a la antigua muralla \u00e1rabe. <\/p>\n<figure id=\"attachment_38710\" aria-describedby=\"caption-attachment-38710\" style=\"width: 640px\" class=\"wp-caption aligncenter\"><img decoding=\"async\" src=\"https:\/\/destinocastillayleon.es\/index\/wp-content\/uploads\/2024\/05\/Centro-de-Interpretacion-historica-de-Agreda-Destino-Castilla-y-Leon.jpg\" alt=\"Centro de Interpretaci\u00f3n hist\u00f3rica de \u00c1greda - Destino Castilla y Le\u00f3n\" width=\"640\" height=\"360\" class=\"size-full wp-image-38710\" srcset=\"https:\/\/destinocastillayleon.es\/index\/wp-content\/uploads\/2024\/05\/Centro-de-Interpretacion-historica-de-Agreda-Destino-Castilla-y-Leon.jpg 640w, https:\/\/destinocastillayleon.es\/index\/wp-content\/uploads\/2024\/05\/Centro-de-Interpretacion-historica-de-Agreda-Destino-Castilla-y-Leon-300x169.jpg 300w\" sizes=\"(max-width: 640px) 100vw, 640px\" \/><figcaption id=\"caption-attachment-38710\" class=\"wp-caption-text\">Centro de interpretaci\u00f3n de la ciudad y su entorno de  \u00c1greda &#8211; Destino Castilla y Le\u00f3n<\/figcaption><\/figure>\n<p>Se trata de este <strong>centro de interpretaci\u00f3n de la ciudad y su entorno,<\/strong> que con varios materiales audiovisuales y maquetas puedes <strong>conocer la evoluci\u00f3n hist\u00f3rica de \u00c1greda,<\/strong> y descubrir c\u00f3mo est\u00e1 a afectado a su formaci\u00f3n actual.<\/p>\n<p>Es un lugar muy interesante y que <strong>contextualiza muy bien todo lo que estamos descubriendo en esta visita.<\/strong> A destacar una zona en la que se recrea a partir de un horno de cer\u00e1mica original, como pudo haber sido un taller artesanal de un alfarero durante la \u00e9poca califal.<\/p>\n<figure id=\"attachment_38721\" aria-describedby=\"caption-attachment-38721\" style=\"width: 640px\" class=\"wp-caption aligncenter\"><img decoding=\"async\" src=\"https:\/\/destinocastillayleon.es\/index\/wp-content\/uploads\/2024\/05\/Modelo-de-un-alfarero-moro-al-lado-del-horno-arabe-original-hallado-en-las-ruinas.jpg\" alt=\"Modelo de un alfarero moro al lado del horno \u00e1rabe original hallado en las ruinas\" width=\"640\" height=\"360\" class=\"size-full wp-image-38721\" srcset=\"https:\/\/destinocastillayleon.es\/index\/wp-content\/uploads\/2024\/05\/Modelo-de-un-alfarero-moro-al-lado-del-horno-arabe-original-hallado-en-las-ruinas.jpg 640w, https:\/\/destinocastillayleon.es\/index\/wp-content\/uploads\/2024\/05\/Modelo-de-un-alfarero-moro-al-lado-del-horno-arabe-original-hallado-en-las-ruinas-300x169.jpg 300w\" sizes=\"(max-width: 640px) 100vw, 640px\" \/><figcaption id=\"caption-attachment-38721\" class=\"wp-caption-text\">Modelo de un alfarero moro al lado del horno \u00e1rabe original hallado en las ruinas &#8211; Destino Castilla y Le\u00f3n<\/figcaption><\/figure>\n<p><strong>Situaci\u00f3n y contacto<\/strong><br \/>\n<strong>Centro de Interpretaci\u00f3n de la Ciudad y el Territorio<\/strong><br \/>\nCalle Mezquitas, 5<br \/>\n42100 \u00c1greda, Soria<br \/>\nTelf.: +34 976 647 188 <a name=\"Convento\"><\/a><br \/>\n&nbsp;<\/p>\n<h3><strong>Monasterio de la Inmaculada Concepci\u00f3n<\/strong><\/h3>\n<p>Salimos del recinto del barrio \u00e1rabe; <strong>sus calles y callejuelas tienen su encanto,<\/strong> pero a\u00fan hay mucho que recorrer.<\/p>\n<figure id=\"attachment_38728\" aria-describedby=\"caption-attachment-38728\" style=\"width: 640px\" class=\"wp-caption aligncenter\"><img decoding=\"async\" src=\"https:\/\/destinocastillayleon.es\/index\/wp-content\/uploads\/2024\/05\/Exterior-del-Convento-de-la-Madres-Concepcionistas-Destino-Castilla-y-Leon.jpg\" alt=\"Exterior del Convento de la Madres Concepcionistas - Destino Castilla y Le\u00f3n\" width=\"640\" height=\"360\" class=\"size-full wp-image-38728\" srcset=\"https:\/\/destinocastillayleon.es\/index\/wp-content\/uploads\/2024\/05\/Exterior-del-Convento-de-la-Madres-Concepcionistas-Destino-Castilla-y-Leon.jpg 640w, https:\/\/destinocastillayleon.es\/index\/wp-content\/uploads\/2024\/05\/Exterior-del-Convento-de-la-Madres-Concepcionistas-Destino-Castilla-y-Leon-300x169.jpg 300w\" sizes=\"(max-width: 640px) 100vw, 640px\" \/><figcaption id=\"caption-attachment-38728\" class=\"wp-caption-text\">Exterior del Convento de la Madres Concepcionistas &#8211; Destino Castilla y Le\u00f3n<\/figcaption><\/figure>\n<p>Pasando por la Iglesia de San Miguel, <strong>tomamos una calle que sube hasta la carretera de circunvalaci\u00f3n que quedar\u00eda extramuros.<\/strong> Junto a esta se levanta <strong>un complejo conventual.<\/strong> Este convento sigue estando activo con una comunidad de monjas de clausura que guarda <strong>la orden de las Madres Concepcionistas.<\/strong><\/p>\n<h4><strong>El Convento<\/strong><\/h4>\n<p>El monasterio es <strong>una construcci\u00f3n austera edificada en el s. XVII.<\/strong> Como hemos dicho, sigue poseyendo u<strong>n uso conventual, en el que las madres Concepcionistas siguen rigi\u00e9ndose por una estricta clausura.<\/strong> En su exterior se alza <strong>una escultura de Sor Mar\u00eda de Jes\u00fas de \u00c1greda.<\/strong> <\/p>\n<figure id=\"attachment_38729\" aria-describedby=\"caption-attachment-38729\" style=\"width: 384px\" class=\"wp-caption aligncenter\"><img decoding=\"async\" src=\"https:\/\/destinocastillayleon.es\/index\/wp-content\/uploads\/2024\/05\/Escultura-de-Sor-Maria-de-Jesus-en-el-exterior-del-Convento-Destino-Castilla-y-Leon.jpg\" alt=\"Escultura de Sor Mar\u00eda de Jes\u00fas en el exterior del Convento - Destino Castilla y Le\u00f3n\" width=\"384\" height=\"480\" class=\"size-full wp-image-38729\" srcset=\"https:\/\/destinocastillayleon.es\/index\/wp-content\/uploads\/2024\/05\/Escultura-de-Sor-Maria-de-Jesus-en-el-exterior-del-Convento-Destino-Castilla-y-Leon.jpg 384w, https:\/\/destinocastillayleon.es\/index\/wp-content\/uploads\/2024\/05\/Escultura-de-Sor-Maria-de-Jesus-en-el-exterior-del-Convento-Destino-Castilla-y-Leon-240x300.jpg 240w\" sizes=\"(max-width: 384px) 100vw, 384px\" \/><figcaption id=\"caption-attachment-38729\" class=\"wp-caption-text\">Escultura de Sor Mar\u00eda de Jes\u00fas en el exterior del Convento &#8211; Destino Castilla y Le\u00f3n<\/figcaption><\/figure>\n<p>Evidentemente, el propio convento en s\u00ed no es visitable. Nada m\u00e1s una peque\u00f1a tienda de artesan\u00edas, y que requiere usar el antiguo torno.<\/p>\n<h4><strong>La Iglesia y el museo de Sor Mar\u00eda de Jes\u00fas<\/strong><\/h4>\n<p>Salvo en horario de misa, <strong>la iglesia barroca del complejo conventual es visitable de 10:00 a 18:30 horas.<\/strong> La iglesia es sorprendente, aunque podr\u00eda pasar por una iglesia barroca m\u00e1s, de no ser por <strong>la exposici\u00f3n del cuerpo incorrupto de Sor Mar\u00eda de Jes\u00fas,<\/strong> monja de este convento que merece que le dediquemos unas l\u00edneas.<\/p>\n<figure id=\"attachment_38731\" aria-describedby=\"caption-attachment-38731\" style=\"width: 640px\" class=\"wp-caption aligncenter\"><img decoding=\"async\" src=\"https:\/\/destinocastillayleon.es\/index\/wp-content\/uploads\/2024\/05\/Interior-de-la-Iglesia-del-Convento-de-las-Madres-Concepcionistas-de-Agreda-Destino-Castilla-y-Leon.jpg\" alt=\"Interior de la Iglesia del Convento de las Madres Concepcionistas de \u00c1greda - Destino Castilla y Le\u00f3n\" width=\"640\" height=\"360\" class=\"size-full wp-image-38731\" srcset=\"https:\/\/destinocastillayleon.es\/index\/wp-content\/uploads\/2024\/05\/Interior-de-la-Iglesia-del-Convento-de-las-Madres-Concepcionistas-de-Agreda-Destino-Castilla-y-Leon.jpg 640w, https:\/\/destinocastillayleon.es\/index\/wp-content\/uploads\/2024\/05\/Interior-de-la-Iglesia-del-Convento-de-las-Madres-Concepcionistas-de-Agreda-Destino-Castilla-y-Leon-300x169.jpg 300w\" sizes=\"(max-width: 640px) 100vw, 640px\" \/><figcaption id=\"caption-attachment-38731\" class=\"wp-caption-text\">Interior de la Iglesia del Convento de las Madres Concepcionistas de \u00c1greda &#8211; Destino Castilla y Le\u00f3n<\/figcaption><\/figure>\n<p>Dentro de este convento, <strong>se conserva la relaci\u00f3n epistolar; las cartas originales, que Sor Mar\u00eda de la Cruz mantuvo con el Rey Felipe IV de Espa\u00f1a;<\/strong> as\u00ed como diversos obsequios del monarca, obras pict\u00f3ricas de la escuela de Velazquez, aunque en este momento no est\u00e1 visitable, y solo es posible verlo cuando las monjas lo permiten.<\/p>\n<figure id=\"attachment_38730\" aria-describedby=\"caption-attachment-38730\" style=\"width: 640px\" class=\"wp-caption aligncenter\"><img decoding=\"async\" src=\"https:\/\/destinocastillayleon.es\/index\/wp-content\/uploads\/2024\/05\/Sepulcro-con-el-cuerpo-incorrupto-de-Sor-Maria-de-Jesus-Destino-Castilla-y-Leon.jpg\" alt=\"Sepulcro con el cuerpo incorrupto de Sor Mar\u00eda de Jes\u00fas - Destino Castilla y Le\u00f3n\" width=\"640\" height=\"360\" class=\"size-full wp-image-38730\" srcset=\"https:\/\/destinocastillayleon.es\/index\/wp-content\/uploads\/2024\/05\/Sepulcro-con-el-cuerpo-incorrupto-de-Sor-Maria-de-Jesus-Destino-Castilla-y-Leon.jpg 640w, https:\/\/destinocastillayleon.es\/index\/wp-content\/uploads\/2024\/05\/Sepulcro-con-el-cuerpo-incorrupto-de-Sor-Maria-de-Jesus-Destino-Castilla-y-Leon-300x169.jpg 300w\" sizes=\"(max-width: 640px) 100vw, 640px\" \/><figcaption id=\"caption-attachment-38730\" class=\"wp-caption-text\">Sepulcro con el cuerpo incorrupto de Sor Mar\u00eda de Jes\u00fas &#8211; Destino Castilla y Le\u00f3n<\/figcaption><\/figure>\n<p><strong>Para consultar si es posible visitar el museo,<\/strong> se realiza por email: <a href=\"mailto:informacion@mariadeagreda.org\">informacion@mariadeagreda.org<\/a>.<\/p>\n<h4><strong>Situaci\u00f3n y contacto<\/strong><\/h4>\n<p><strong>Monasterio de la Inmaculada Concepci\u00f3n<\/strong><br \/>\nCarretera a Vozmediano, 29<br \/>\n42100 &#8211; \u00c1greda, Soria<br \/>\nTelf.: +34 976 64 70 95<br \/>\nemail: <a href=\"mailto:informacion@mariadeagreda.org\">informacion@mariadeagreda.org<\/a> <a name=\"Sor-Maria\"><\/a><\/p>\n<h4><strong>Vida Sor Mar\u00eda de Jes\u00fas, la dama azul<\/strong><\/h4>\n<p>Vamos a hablar un poco de <strong>esta venerable de \u00c1greda.<\/strong> Nace en \u00c1greda a inicios del siglo XVII <strong>dentro de una familia muy religiosa<\/strong> de \u00c1greda. Tuvo muchos hermanos, pero de los 11 hijos del matrimonio, solo sobrevivieron cuatro de ellos. <strong>Toda la familia, incluidos los padres terminaron profesando su fe<\/strong> en diversos conventos y monasterios. <\/p>\n<figure id=\"attachment_38725\" aria-describedby=\"caption-attachment-38725\" style=\"width: 640px\" class=\"wp-caption aligncenter\"><img decoding=\"async\" src=\"https:\/\/destinocastillayleon.es\/index\/wp-content\/uploads\/2024\/05\/Casa-natal-de-Sor-Maria-de-Jesus-y-primer-convento-de-las-madres-concepcionistas-Destino-Castilla-y-Leon.jpg\" alt=\"Casa natal de Sor Mar\u00eda de Jes\u00fas y primer convento de las madres concepcionistas - Destino Castilla y Le\u00f3n\" width=\"640\" height=\"360\" class=\"size-full wp-image-38725\" srcset=\"https:\/\/destinocastillayleon.es\/index\/wp-content\/uploads\/2024\/05\/Casa-natal-de-Sor-Maria-de-Jesus-y-primer-convento-de-las-madres-concepcionistas-Destino-Castilla-y-Leon.jpg 640w, https:\/\/destinocastillayleon.es\/index\/wp-content\/uploads\/2024\/05\/Casa-natal-de-Sor-Maria-de-Jesus-y-primer-convento-de-las-madres-concepcionistas-Destino-Castilla-y-Leon-300x169.jpg 300w\" sizes=\"(max-width: 640px) 100vw, 640px\" \/><figcaption id=\"caption-attachment-38725\" class=\"wp-caption-text\">Casa natal de Sor Mar\u00eda de Jes\u00fas y primer convento de las madres concepcionistas &#8211; Destino Castilla y Le\u00f3n<\/figcaption><\/figure>\n<p>Mar\u00eda Coronel y Arana, no fue menos, ya que <strong>ingres\u00f3 en la vida mon\u00e1stica, llegando a ser abadesa del Convento de la Inmaculada Concepci\u00f3n de \u00c1greda,<\/strong> primero en su casa natal que convirti\u00f3 en convento, y luego m\u00e1s tarde, en el edificio que existe actualmente.<\/p>\n<p>Sor Mar\u00eda <strong>adem\u00e1s de una gran espiritualidad, ten\u00eda una gran formaci\u00f3n intelectual.<\/strong> Estar\u00e1 dentro del movimiento de escritores del Siglo de Oro espa\u00f1ol, aunque de <strong>una literatura m\u00edstica.<\/strong> Incluso es reconocida como una intelectual por Felipe IV, con qui\u00e9n mantendr\u00e1 una relaci\u00f3n epistolar de m\u00e1s de 600 cartas entre el monarca y la monja.<\/p>\n<figure id=\"attachment_38726\" aria-describedby=\"caption-attachment-38726\" style=\"width: 420px\" class=\"wp-caption aligncenter\"><img decoding=\"async\" src=\"https:\/\/destinocastillayleon.es\/index\/wp-content\/uploads\/2024\/05\/Sor-Maria-de-Jesus-Cuadro-de-principios-del-siglo-XVIII-Coleccion-particular-Madrid.jpg\" alt=\"Sor Mar\u00eda de Jes\u00fas - Cuadro de principios del siglo XVIII - Colecci\u00f3n particular, Madrid\" width=\"420\" class=\"size-full wp-image-38726\" srcset=\"https:\/\/destinocastillayleon.es\/index\/wp-content\/uploads\/2024\/05\/Sor-Maria-de-Jesus-Cuadro-de-principios-del-siglo-XVIII-Coleccion-particular-Madrid.jpg 486w, https:\/\/destinocastillayleon.es\/index\/wp-content\/uploads\/2024\/05\/Sor-Maria-de-Jesus-Cuadro-de-principios-del-siglo-XVIII-Coleccion-particular-Madrid-300x296.jpg 300w, https:\/\/destinocastillayleon.es\/index\/wp-content\/uploads\/2024\/05\/Sor-Maria-de-Jesus-Cuadro-de-principios-del-siglo-XVIII-Coleccion-particular-Madrid-100x100.jpg 100w\" sizes=\"(max-width: 486px) 100vw, 486px\" \/><figcaption id=\"caption-attachment-38726\" class=\"wp-caption-text\">Sor Mar\u00eda de Jes\u00fas &#8211; Cuadro de principios del siglo XVIII &#8211; Colecci\u00f3n particular, Madrid<\/figcaption><\/figure>\n<p><strong>Una m\u00edstica evangelizadora en M\u00e9xico, sin salir del convento<\/strong><br \/>\nUno de los hechos m\u00e1s sorprendentes de Sor Mar\u00eda de Jes\u00fas es <strong>su don de la bilocaci\u00f3n, que la permit\u00eda aparecerse a los indios del actual Nuevo M\u00e9xico,<\/strong> en aquel momento Virreinato de Nueva Espa\u00f1a, y evangelizar a los nativos.<\/p>\n<figure id=\"attachment_38727\" aria-describedby=\"caption-attachment-38727\" style=\"width: 345px\" class=\"wp-caption aligncenter\"><img decoding=\"async\" src=\"https:\/\/destinocastillayleon.es\/index\/wp-content\/uploads\/2024\/05\/La-Dama-de-Azul-evangelizando-en-Texas-Cuadro-de-U.S.-National-Park-Service.jpg\" alt=\"La Dama de Azul evangelizando en Texas - Cuadro de U.S. National Park Service\" width=\"345\" height=\"477\" class=\"size-full wp-image-38727\" srcset=\"https:\/\/destinocastillayleon.es\/index\/wp-content\/uploads\/2024\/05\/La-Dama-de-Azul-evangelizando-en-Texas-Cuadro-de-U.S.-National-Park-Service.jpg 345w, https:\/\/destinocastillayleon.es\/index\/wp-content\/uploads\/2024\/05\/La-Dama-de-Azul-evangelizando-en-Texas-Cuadro-de-U.S.-National-Park-Service-217x300.jpg 217w\" sizes=\"(max-width: 345px) 100vw, 345px\" \/><figcaption id=\"caption-attachment-38727\" class=\"wp-caption-text\">La Dama de Azul evangelizando en Texas &#8211; Cuadro de U.S. National Park Service<\/figcaption><\/figure>\n<p>Los predicadores franciscanos en aquellas tierras <strong>declararon que se les acercaban los indios a solicitar el bautismo motivados por una aparici\u00f3n de un \u00abdama vestida de azul\u00bb,<\/strong> el h\u00e1bito de las Concepcionistas de Mar\u00eda, y que identificaban claramente con la monja que estaba en Soria.<\/p>\n<p>Debido a estos hechos sobrenaturales, <strong>estudiados por la Inquisici\u00f3n, que trat\u00f3 de demostrar su falsedad; y que su cuerpo est\u00e1 incorrupto y es visible en su sepulcro en la Iglesia del Convento, en 1673 fue declarada Venerable,<\/strong> un rango inferior al de Beato, en la escala del proceso de Santificaci\u00f3n de la Iglesia Cat\u00f3lica. <a name=\"Torre\"><\/a><br \/>\n&nbsp;<\/p>\n<h3><strong>Torre\u00f3n del Tirador y Puertas de Almaz\u00e1n y de Santiago<\/strong><\/h3>\n<p>Nuestra ruta <strong>nos lleva de nuevo a la Plaza de San Miguel, donde tomaremos la calle Agustinas.<\/strong> Ah\u00ed se localiza <strong>la casa natal de Sor Mar\u00eda de Jes\u00fas,<\/strong> donde se estableci\u00f3 el primer Convento de las Concepcionistas. Un poco m\u00e1s adelante, el abandonado Convento de Agustinas Recoletas, donde hay otra iglesia; que, aunque sigue consagrada, solo se abre durante fechas relevantes.<\/p>\n<figure id=\"attachment_38733\" aria-describedby=\"caption-attachment-38733\" style=\"width: 465px\" class=\"wp-caption aligncenter\"><img decoding=\"async\" src=\"https:\/\/destinocastillayleon.es\/index\/wp-content\/uploads\/2024\/05\/Torre-del-tirador-de-Agreda-Destino-Castilla-y-Leon.jpg\" alt=\"Torre del tirador de \u00c1greda - Destino Castilla y Le\u00f3n\" width=\"465\" height=\"480\" class=\"size-full wp-image-38733\" srcset=\"https:\/\/destinocastillayleon.es\/index\/wp-content\/uploads\/2024\/05\/Torre-del-tirador-de-Agreda-Destino-Castilla-y-Leon.jpg 465w, https:\/\/destinocastillayleon.es\/index\/wp-content\/uploads\/2024\/05\/Torre-del-tirador-de-Agreda-Destino-Castilla-y-Leon-291x300.jpg 291w\" sizes=\"(max-width: 465px) 100vw, 465px\" \/><figcaption id=\"caption-attachment-38733\" class=\"wp-caption-text\">Torre del tirador de \u00c1greda &#8211; Destino Castilla y Le\u00f3n<\/figcaption><\/figure>\n<p>Al finalizar esta calle, girando a la derecha por la Calle Ancha, <strong>se llega a un torre\u00f3n de la muralla original de \u00c1greda. Se trata del Torre\u00f3n del Tirador,<\/strong> que fue una vivienda habitada hasta hace unos a\u00f1os.<\/p>\n<blockquote><p>En esta misma Calle Ancha, en el n\u00famero 14; se localiza el escudo de la villa m\u00e1s antiguo conocido. Aunque se desconoce su origen y c\u00f3mo termin\u00f3 ah\u00ed.<\/p><\/blockquote>\n<p><strong>Junto a ella est\u00e1 una de las puertas de la muralla; pero justo al otro lado de la torre,.. \u00a1Sorpresa! hay otro arco.<\/strong> Y es que se tratan del Arco de Almaz\u00e1n y de Santiago, dos puertas que ten\u00eda la muralla y que daban acceso a distintos barrios, porque como os dijimos al principio, \u00c1greda ten\u00eda varios recintos interiores que divid\u00edan la ciudad en distintos barrios. <strong>Fue la combinaci\u00f3n de estos recintos amurallados los que hac\u00edan innecesarios un castillo<\/strong> para la defensa de la villa. <a name=\"Castejones\"><\/a><br \/>\n&nbsp;<\/p>\n<h3><strong>Plaza de los Castej\u00f3n e Iglesia de Nuestra Se\u00f1ora de Yanguas<\/strong><\/h3>\n<p>Subiendo por la Calle Castej\u00f3n, <strong>alcanzamos a encontrarnos con los restos de un palacio de Castejones, aunque con evidente maltrato en el tiempo, pues ha sufrido por el cambio de manos y la poca o ninguna capacidad de mantener el patrimonio hist\u00f3rico.<\/strong> De este palacio solo se conserva la fachada a la plaza, con m\u00faltiples intervenciones con desafortunadas consecuencias.<\/p>\n<figure id=\"attachment_38744\" aria-describedby=\"caption-attachment-38744\" style=\"width: 640px\" class=\"wp-caption aligncenter\"><img decoding=\"async\" src=\"https:\/\/destinocastillayleon.es\/index\/wp-content\/uploads\/2024\/05\/Palacio-de-los-Castejones-Destino-Castilla-y-Leon.jpg\" alt=\"Palacio de los Castejones - Destino Castilla y Le\u00f3n\" width=\"640\" height=\"360\" class=\"size-full wp-image-38744\" srcset=\"https:\/\/destinocastillayleon.es\/index\/wp-content\/uploads\/2024\/05\/Palacio-de-los-Castejones-Destino-Castilla-y-Leon.jpg 640w, https:\/\/destinocastillayleon.es\/index\/wp-content\/uploads\/2024\/05\/Palacio-de-los-Castejones-Destino-Castilla-y-Leon-300x169.jpg 300w\" sizes=\"(max-width: 640px) 100vw, 640px\" \/><figcaption id=\"caption-attachment-38744\" class=\"wp-caption-text\">Palacio de los Castejones &#8211; Destino Castilla y Le\u00f3n<\/figcaption><\/figure>\n<p>Ligeramente m\u00e1s adelante, dentro de este espacio, <strong>otro edificio g\u00f3tico, sufre de igual destino; o incluso peor.<\/strong> De las antiguas construcciones del siglo XV, apenas <strong>se conservan un bello arco conopial y sobre este, el escudo familiar<\/strong> que recuerda la importancia que una vez tuvo; y una ventana g\u00f3tica de gran belleza, aunque haya perdido su esplendor.<\/p>\n<p>Junto a estas construcciones, est\u00e1n <strong>los restos de la Iglesia de Nuestra Se\u00f1ora de Yanguas.<\/strong><\/p>\n<h4><strong>Iglesia de Nuestra Se\u00f1ora de Yanguas<\/strong><\/h4>\n<p>De esta iglesia <strong>solo queda la cabecera de la que fue una iglesia de una \u00fanica nave de estilo g\u00f3tico de inicios del siglo XVI.<\/strong> En esta Iglesia estuvo la talla de la Virgen de Los Milagros, aunque finalmente por el estado de la construcci\u00f3n, fue trasladada a la iglesia actual. <strong>El origen del nombre se debe al grupo que pobl\u00f3 este barrio de \u00c1greda,<\/strong> cuya procedencia era este otro pueblo de Soria.<\/p>\n<figure id=\"attachment_38679\" aria-describedby=\"caption-attachment-38679\" style=\"width: 640px\" class=\"wp-caption aligncenter\"><img decoding=\"async\" src=\"https:\/\/destinocastillayleon.es\/index\/wp-content\/uploads\/2024\/05\/Iglesia-de-Nuestra-Senora-de-Yanguas-Destino-Castilla-y-Leon.jpg\" alt=\"Iglesia de Nuestra Se\u00f1ora de Yanguas - Destino Castilla y Le\u00f3n\" width=\"640\" height=\"360\" class=\"size-full wp-image-38679\" srcset=\"https:\/\/destinocastillayleon.es\/index\/wp-content\/uploads\/2024\/05\/Iglesia-de-Nuestra-Senora-de-Yanguas-Destino-Castilla-y-Leon.jpg 640w, https:\/\/destinocastillayleon.es\/index\/wp-content\/uploads\/2024\/05\/Iglesia-de-Nuestra-Senora-de-Yanguas-Destino-Castilla-y-Leon-300x169.jpg 300w\" sizes=\"(max-width: 640px) 100vw, 640px\" \/><figcaption id=\"caption-attachment-38679\" class=\"wp-caption-text\">Iglesia de Nuestra Se\u00f1ora de Yanguas &#8211; Destino Castilla y Le\u00f3n<\/figcaption><\/figure>\n<p>Durante el siglo XIX <strong>sufre un gran deterioro que deja a la iglesia reducida a los cuerpos del crucero y la capilla mayor;<\/strong> y al faltarle totalmente un cerramiento, queda a la intemperie, sufriendo un gran deterioro.<\/p>\n<p>Finalmente, <strong>se interviene en la ruina en los primeros a\u00f1os del siglo XXI,<\/strong> para cerrar la construcci\u00f3n, con una fachada de vidrio y adecentando el acceso al interior. <strong>Este espacio, al igual que la Torre de la Muela queda a la espera de darle un contenido,<\/strong> pues no es ni demasiado grande, ni demasiado peque\u00f1o. <a name=\"Magania\"><\/a><br \/>\n&nbsp;<\/p>\n<h3><strong>Otros lugares de inter\u00e9s en \u00c1greda<\/strong><\/h3>\n<p>Nuestro viaje, aunque intenso, <strong>no fue suficiente para pararnos a contemplar todo lo que una localidad como \u00c1greda tiene para visitar.<\/strong> Tanto que el \u00faltimo d\u00eda tuvimos que ir un tanto a la carrera para visitar los otros puntos de inter\u00e9s, pero que no pudimos entrar a conocer en profundidad.<\/p>\n<figure id=\"attachment_38737\" aria-describedby=\"caption-attachment-38737\" style=\"width: 640px\" class=\"wp-caption aligncenter\"><img decoding=\"async\" src=\"https:\/\/destinocastillayleon.es\/index\/wp-content\/uploads\/2024\/05\/Convento-Francisca-de-Agreda-Destino-Castilla-y-Leon.jpg\" alt=\"Convento Franciscano de \u00c1greda - Destino Castilla y Le\u00f3n\" width=\"640\" height=\"360\" class=\"size-full wp-image-38737\" srcset=\"https:\/\/destinocastillayleon.es\/index\/wp-content\/uploads\/2024\/05\/Convento-Francisca-de-Agreda-Destino-Castilla-y-Leon.jpg 640w, https:\/\/destinocastillayleon.es\/index\/wp-content\/uploads\/2024\/05\/Convento-Francisca-de-Agreda-Destino-Castilla-y-Leon-300x169.jpg 300w\" sizes=\"(max-width: 640px) 100vw, 640px\" \/><figcaption id=\"caption-attachment-38737\" class=\"wp-caption-text\">Convento Franciscano de \u00c1greda &#8211; Destino Castilla y Le\u00f3n<\/figcaption><\/figure>\n<p>As\u00ed, por ejemplo, <strong>aunque no todo es visitable en su interior,<\/strong> merece la pena pasar por: <a name=\"Maga\u00f1a\"><\/a> <\/p>\n<h4><strong>Iglesia de Santa Mar\u00eda de Maga\u00f1a<\/strong><\/h4>\n<p>Optimizando el recorrido, m\u00e1s si es caminando, <strong>volveremos a atravesar la plaza mayor y bordear la Iglesia de Nuestra Se\u00f1ora de los Milagros. En pocos metros se alcanza esta Iglesia de Santa Mar\u00eda de Maga\u00f1a.<\/strong> Una iglesia del siglo XVI, con trazas renacentistas.<\/p>\n<figure id=\"attachment_38685\" aria-describedby=\"caption-attachment-38685\" style=\"width: 640px\" class=\"wp-caption aligncenter\"><img decoding=\"async\" src=\"https:\/\/destinocastillayleon.es\/index\/wp-content\/uploads\/2024\/05\/Iglesia-de-Santa-Maria-de-Magana-Destino-Castilla-y-Leon.jpg\" alt=\"Iglesia de Santa Mar\u00eda de Maga\u00f1a - Destino Castilla y Le\u00f3n\" width=\"640\" height=\"360\" class=\"size-full wp-image-38685\" srcset=\"https:\/\/destinocastillayleon.es\/index\/wp-content\/uploads\/2024\/05\/Iglesia-de-Santa-Maria-de-Magana-Destino-Castilla-y-Leon.jpg 640w, https:\/\/destinocastillayleon.es\/index\/wp-content\/uploads\/2024\/05\/Iglesia-de-Santa-Maria-de-Magana-Destino-Castilla-y-Leon-300x169.jpg 300w\" sizes=\"(max-width: 640px) 100vw, 640px\" \/><figcaption id=\"caption-attachment-38685\" class=\"wp-caption-text\">Iglesia de Santa Mar\u00eda de Maga\u00f1a &#8211; Destino Castilla y Le\u00f3n<\/figcaption><\/figure>\n<p>Esta iglesia actualmente <strong>no tiene culto activo,<\/strong> aunque fue en ella donde se bautiz\u00f3 Sor Mar\u00eda de Jes\u00fas.<\/p>\n<p>Dado que no la pudimos ver por dentro, no podemos hablaros de ella, <strong>m\u00e1s all\u00e1 de que por fuera es bien bonita,<\/strong> aunque en restauraci\u00f3n. <a name=\"Costoya\"><\/a><\/p>\n<h3><strong>Torre\u00f3n de la Costoya<\/strong><\/h4>\n<p>Se trata de <strong>otro torre\u00f3n de la antigua muralla de \u00c1greda. Actualmente sin mantenimiento ni conservaci\u00f3n,<\/strong> su muro interior se ha vencido y aunque hacia fuera muestra una presencia impresionante, <strong>es necesaria una intervenci\u00f3n como en el caso del Torre\u00f3n de la Muela<\/strong> para devolverle su antiguo esplendor.<\/p>\n<figure id=\"attachment_38739\" aria-describedby=\"caption-attachment-38739\" style=\"width: 640px\" class=\"wp-caption aligncenter\"><img decoding=\"async\" src=\"https:\/\/destinocastillayleon.es\/index\/wp-content\/uploads\/2024\/05\/Torreon-de-la-Costoya-Destino-Castilla-y-Leon.jpg\" alt=\"Torre\u00f3n de la Costoya - Destino Castilla y Le\u00f3n\" width=\"640\" height=\"360\" class=\"size-full wp-image-38739\" srcset=\"https:\/\/destinocastillayleon.es\/index\/wp-content\/uploads\/2024\/05\/Torreon-de-la-Costoya-Destino-Castilla-y-Leon.jpg 640w, https:\/\/destinocastillayleon.es\/index\/wp-content\/uploads\/2024\/05\/Torreon-de-la-Costoya-Destino-Castilla-y-Leon-300x169.jpg 300w\" sizes=\"(max-width: 640px) 100vw, 640px\" \/><figcaption id=\"caption-attachment-38739\" class=\"wp-caption-text\">Torre\u00f3n de la Costoya &#8211; Destino Castilla y Le\u00f3n<\/figcaption><\/figure>\n<h4><strong>La Puerta de A\u00f1avieja<\/strong><\/h3>\n<p>Ciertamente, \u00c1greda tuvo una importante muralla protegida por torreones. <strong>No quedan casi restos de esa muralla, aunque s\u00ed algunas puertas.<\/strong> Queremos imaginar que algunos pa\u00f1os de esa muralla medieval est\u00e1n integrados en las construcciones originales.<\/p>\n<figure id=\"attachment_38736\" aria-describedby=\"caption-attachment-38736\" style=\"width: 318px\" class=\"wp-caption aligncenter\"><img decoding=\"async\" src=\"https:\/\/destinocastillayleon.es\/index\/wp-content\/uploads\/2024\/05\/Puerta-de-Anavieja-Imagen-de-Mapa-y-Mochila.jpg\" alt=\"Puerta de A\u00f1avieja - Imagen de Mapa y Mochila\" width=\"318\" height=\"480\" class=\"size-full wp-image-38736\" srcset=\"https:\/\/destinocastillayleon.es\/index\/wp-content\/uploads\/2024\/05\/Puerta-de-Anavieja-Imagen-de-Mapa-y-Mochila.jpg 318w, https:\/\/destinocastillayleon.es\/index\/wp-content\/uploads\/2024\/05\/Puerta-de-Anavieja-Imagen-de-Mapa-y-Mochila-199x300.jpg 199w\" sizes=\"(max-width: 318px) 100vw, 318px\" \/><figcaption id=\"caption-attachment-38736\" class=\"wp-caption-text\">Puerta de A\u00f1avieja &#8211; Imagen de Mapa y Mochila<\/figcaption><\/figure>\n<p>Pues una de esas puertas al exterior, <strong>queda totalmente desdibujada muy cerca del Torre\u00f3n de la Costaya.<\/strong> Se trata de la Puerta de A\u00f1avieja, que no queda de ella m\u00e1s que le paso a una calle. <a name=\"San-Juan\"><\/a><\/p>\n<h4><strong>Iglesia de San Juan Bautista<\/strong><\/h4>\n<p>Bajando por esta calle semipeatonal desde la Puerta de A\u00f1avieja, por la calle de Valenciano Pedro, llegar\u00e9is a cruzaros con la calle Victor Nu\u00f1ez. Y ya desde ah\u00ed, en 20 metros <strong>est\u00e1is en esta iglesia de San Juan Bautista.<\/strong><\/p>\n<figure id=\"attachment_38734\" aria-describedby=\"caption-attachment-38734\" style=\"width: 640px\" class=\"wp-caption aligncenter\"><img decoding=\"async\" src=\"https:\/\/destinocastillayleon.es\/index\/wp-content\/uploads\/2024\/05\/Iglesia-de-San-Juan-Bautista-Destino-Castilla-y-Leon.jpg\" alt=\"Iglesia de San Juan Bautista - Destino Castilla y Le\u00f3n\" width=\"640\" height=\"360\" class=\"size-full wp-image-38734\" srcset=\"https:\/\/destinocastillayleon.es\/index\/wp-content\/uploads\/2024\/05\/Iglesia-de-San-Juan-Bautista-Destino-Castilla-y-Leon.jpg 640w, https:\/\/destinocastillayleon.es\/index\/wp-content\/uploads\/2024\/05\/Iglesia-de-San-Juan-Bautista-Destino-Castilla-y-Leon-300x169.jpg 300w\" sizes=\"(max-width: 640px) 100vw, 640px\" \/><figcaption id=\"caption-attachment-38734\" class=\"wp-caption-text\">Iglesia de San Juan Bautista &#8211; Destino Castilla y Le\u00f3n<\/figcaption><\/figure>\n<p>Es <strong>uno de los templos originales de \u00c1greda.<\/strong> Aunque posee muchos a\u00f1adidos debido a su historia, a destacar la portada rom\u00e1nica, que es la original; pero con muchos a\u00f1adidos de estilo g\u00f3tico tard\u00edo. <strong>Junto a ella, se levanta un baptisterio mud\u00e9jar muy bonito.<\/strong> Y a los pies, <strong>una antigua necr\u00f3polis<\/strong> de \u00e9poca medieval, cuando se permit\u00eda enterrarse en zona habitada.<\/p>\n<figure id=\"attachment_38735\" aria-describedby=\"caption-attachment-38735\" style=\"width: 640px\" class=\"wp-caption aligncenter\"><img decoding=\"async\" src=\"https:\/\/destinocastillayleon.es\/index\/wp-content\/uploads\/2024\/05\/Tumbas-antropomorficas-medievales-junto-a-San-Juan-Destino-Castilla-y-Leon.jpg\" alt=\"Tumbas antropom\u00f3rficas medievales junto a San Juan - Destino Castilla y Le\u00f3n\" width=\"640\" height=\"360\" class=\"size-full wp-image-38735\" srcset=\"https:\/\/destinocastillayleon.es\/index\/wp-content\/uploads\/2024\/05\/Tumbas-antropomorficas-medievales-junto-a-San-Juan-Destino-Castilla-y-Leon.jpg 640w, https:\/\/destinocastillayleon.es\/index\/wp-content\/uploads\/2024\/05\/Tumbas-antropomorficas-medievales-junto-a-San-Juan-Destino-Castilla-y-Leon-300x169.jpg 300w\" sizes=\"(max-width: 640px) 100vw, 640px\" \/><figcaption id=\"caption-attachment-38735\" class=\"wp-caption-text\">Tumbas antropom\u00f3rficas medievales junto a San Juan &#8211; Destino Castilla y Le\u00f3n<\/figcaption><\/figure>\n<p>Por lo general, <strong>no la vais a encontrar abierta, aunque en ella se guardan los pasos procesionales de Viernes Santo.<\/strong> Desde aqu\u00ed, se puede regresar a la plaza mayor, o a la iglesia de Maga\u00f1a. <a name=\"Jardines\"><\/a><br \/>\n&nbsp;<\/p>\n<h3><strong>Jard\u00edn Barroco de los Marqueses de Paredes<\/strong><\/h3>\n<p>Aunque los jardines m\u00e1s recordados de \u00c1greda son los del Palacio de los Castej\u00f3n; <strong>durante el siglo XVIII se construyeron otros<\/strong> igualmente hermosos.<\/p>\n<p>Estos jardines <strong>fueron igualmente promovidos<\/strong> por la nobleza de \u00c1greda.<\/p>\n<figure id=\"attachment_38745\" aria-describedby=\"caption-attachment-38745\" style=\"width: 640px\" class=\"wp-caption aligncenter\"><img decoding=\"async\" src=\"https:\/\/destinocastillayleon.es\/index\/wp-content\/uploads\/2024\/05\/Ruinas-de-la-portada-barroca-al-jardin-barroco-de-Agreda-Destino-Castilla-y-Leon.jpg\" alt=\"Ruinas de la portada barroca al jard\u00edn barroco de \u00c1greda - Destino Castilla y Le\u00f3n\" width=\"640\" height=\"360\" class=\"size-full wp-image-38745\" srcset=\"https:\/\/destinocastillayleon.es\/index\/wp-content\/uploads\/2024\/05\/Ruinas-de-la-portada-barroca-al-jardin-barroco-de-Agreda-Destino-Castilla-y-Leon.jpg 640w, https:\/\/destinocastillayleon.es\/index\/wp-content\/uploads\/2024\/05\/Ruinas-de-la-portada-barroca-al-jardin-barroco-de-Agreda-Destino-Castilla-y-Leon-300x169.jpg 300w\" sizes=\"(max-width: 640px) 100vw, 640px\" \/><figcaption id=\"caption-attachment-38745\" class=\"wp-caption-text\">Ruinas de la portada barroca al jard\u00edn barroco de \u00c1greda &#8211; Destino Castilla y Le\u00f3n<\/figcaption><\/figure>\n<p>Para su construcci\u00f3n, <strong>se us\u00f3 el mismo m\u00e9todo que el usado en la plaza mayor y el ayuntamiento.<\/strong> Sobre la vaguada formada por el cauce del r\u00edo Queiles, se cubri\u00f3 permitiendo un paso peatonal y para el agua, debajo del jard\u00edn.<\/p>\n<h4><strong>Situacion actual de los jardines<\/strong><\/h4>\n<p><strong>Aunque llegaron m\u00e1s o menos intactos hasta principios del siglo XX, siendo admirados por figuras tan relevantes como Miguel de Unamuno,<\/strong> tras diversos litigios entre los herederos, <strong>de este jard\u00edn pr\u00e1cticamente nada queda.<\/strong> Al menos, se conserva la valla perimetral, que salvo la portada oriental no es especialmente atractiva.<\/p>\n<p>Su interior medio salvajada <strong>no permite intuir la maravilla que una vez fue<\/strong> este jard\u00edn. No obstante, en caso de que los varios propietarios se pudieran de acuerdo, ser\u00eda posible devolverle su esplendor.<\/p>\n<h4><strong>El paso subterr\u00e1neo<\/strong><\/h4>\n<p>Aunque los jardines no est\u00e1n visitables, <strong>el t\u00fanel artificial que permiti\u00f3 su creaci\u00f3n es un lugar de paso muy habitual<\/strong> de los habitantes y visitantes de \u00c1greda.<\/p>\n<figure id=\"attachment_38749\" aria-describedby=\"caption-attachment-38749\" style=\"width: 640px\" class=\"wp-caption aligncenter\"><img decoding=\"async\" src=\"https:\/\/destinocastillayleon.es\/index\/wp-content\/uploads\/2024\/06\/Paso-subterraneo-bajo-el-jardin-barroco-Destino-Castilla-y-Leon.jpg\" alt=\"Paso subterr\u00e1neo bajo el jard\u00edn barroco - Destino Castilla y Le\u00f3n\" width=\"640\" height=\"360\" class=\"size-full wp-image-38749\" srcset=\"https:\/\/destinocastillayleon.es\/index\/wp-content\/uploads\/2024\/06\/Paso-subterraneo-bajo-el-jardin-barroco-Destino-Castilla-y-Leon.jpg 640w, https:\/\/destinocastillayleon.es\/index\/wp-content\/uploads\/2024\/06\/Paso-subterraneo-bajo-el-jardin-barroco-Destino-Castilla-y-Leon-300x169.jpg 300w\" sizes=\"(max-width: 640px) 100vw, 640px\" \/><figcaption id=\"caption-attachment-38749\" class=\"wp-caption-text\">Paso subterr\u00e1neo bajo el jard\u00edn barroco &#8211; Destino Castilla y Le\u00f3n<\/figcaption><\/figure>\n<p>Como si fuera <strong>una cueva artificial, se crea un microclima<\/strong> del que escapar en verano del sol abrasador.<\/p>\n<p>Esta \u201ccueva\u201d <strong>se construye con una b\u00f3veda de ca\u00f1\u00f3n que soporta el peso del jard\u00edn.<\/strong> Sobre c\u00f3mo se construy\u00f3, las marcas de canteros dan una pista muy buena, con <strong>el orden de las piezas nombradas de 1 hasta 12;<\/strong> en n\u00fameros romanos a un lado y cardinales al otro, aunque lo curioso es que no se montaron bien, y hay un par de piedras que no siguen el orden. <a name=\"Parque\"><\/a><br \/>\n&nbsp;<\/p>\n<h3><strong>Paseo del Intendente<\/strong><\/h3>\n<p>Tras atravesar el Paseo de Invierno, <strong>la ruta lleva hasta otro espacio natural; es el Parque de la Dehesa,<\/strong> un pulm\u00f3n en el coraz\u00f3n de \u00c1greda; cuya historia indica que fue una dehesa de los Caballeros Hospitalarios de San Juan que en \u00c1greda, tuvieron una encomienda. No obstante, termin\u00f3 en manos municipales.<\/p>\n<figure id=\"attachment_38742\" aria-describedby=\"caption-attachment-38742\" style=\"width: 640px\" class=\"wp-caption aligncenter\"><img decoding=\"async\" src=\"https:\/\/destinocastillayleon.es\/index\/wp-content\/uploads\/2024\/05\/Puerta-en-el-Paseo-de-la-Dehesa-Destino-Castilla-y-Leon.jpg\" alt=\"Puerta en el Paseo de la Dehesa - Destino Castilla y Le\u00f3n\" width=\"640\" height=\"360\" class=\"size-full wp-image-38742\" srcset=\"https:\/\/destinocastillayleon.es\/index\/wp-content\/uploads\/2024\/05\/Puerta-en-el-Paseo-de-la-Dehesa-Destino-Castilla-y-Leon.jpg 640w, https:\/\/destinocastillayleon.es\/index\/wp-content\/uploads\/2024\/05\/Puerta-en-el-Paseo-de-la-Dehesa-Destino-Castilla-y-Leon-300x169.jpg 300w\" sizes=\"(max-width: 640px) 100vw, 640px\" \/><figcaption id=\"caption-attachment-38742\" class=\"wp-caption-text\">Puerta en el Paseo de la Dehesa &#8211; Destino Castilla y Le\u00f3n<\/figcaption><\/figure>\n<p><strong>Se trata del Paseo del Intendente, la mayor alineaci\u00f3n de Casta\u00f1os de Indias de Europa;<\/strong> dos filas de \u00e1rboles que se alarga por m\u00e1s de kil\u00f3metro y medio.<\/p>\n<h4><strong>Nuevas dotaciones para \u00c1greda<\/strong><\/h4>\n<p>A lo largo del paseo <strong>se ven nuevas construcciones que dotan de servicios a \u00c1greda,<\/strong> capital de la comarca. Son edificios modernos y funcionales.<\/p>\n<p>Por destacar algunos puntos, <strong>el templete de m\u00fasica,<\/strong> que originalmente se encontraba en la plaza mayor y ahora es el centro de una plazoleta. Junto a \u00e9l hay una puerta de piedra blanca, que permite caminar por este paseo por otro tramo m\u00e1s.<\/p>\n<figure id=\"attachment_38743\" aria-describedby=\"caption-attachment-38743\" style=\"width: 640px\" class=\"wp-caption aligncenter\"><img decoding=\"async\" src=\"https:\/\/destinocastillayleon.es\/index\/wp-content\/uploads\/2024\/05\/Alineacion-de-castanos-de-indias-en-el-Paseo-de-la-Dehesa-Destino-Castilla-y-Leon.jpg\" alt=\"Alineaci\u00f3n de casta\u00f1os de indias en el Paseo de la Dehesa - Destino Castilla y Le\u00f3n\" width=\"640\" height=\"360\" class=\"size-full wp-image-38743\" srcset=\"https:\/\/destinocastillayleon.es\/index\/wp-content\/uploads\/2024\/05\/Alineacion-de-castanos-de-indias-en-el-Paseo-de-la-Dehesa-Destino-Castilla-y-Leon.jpg 640w, https:\/\/destinocastillayleon.es\/index\/wp-content\/uploads\/2024\/05\/Alineacion-de-castanos-de-indias-en-el-Paseo-de-la-Dehesa-Destino-Castilla-y-Leon-300x169.jpg 300w\" sizes=\"(max-width: 640px) 100vw, 640px\" \/><figcaption id=\"caption-attachment-38743\" class=\"wp-caption-text\">Alineaci\u00f3n de casta\u00f1os de indias en el Paseo de la Dehesa &#8211; Destino Castilla y Le\u00f3n<\/figcaption><\/figure>\n<blockquote><p>Junto a este templete se encuentra el restaurante El Bosque de Carymar.<\/p><\/blockquote>\n<p>En paralelo a este paseo, aunque sin formar parte de \u00e9l, <strong>se encuentran instalaciones municipales<\/strong> modernas.<\/p>\n<h4><strong>La fuente de aguas sulfurosas<\/strong><\/h4>\n<p>Antes de llegar al final de este paseo, <strong>os sugerimos parar en las fuentes de aguas sulfuradas.<\/strong> El olor no es bueno, est\u00e1 declarada como agua no potable (sabe mal) pero tiene su reconocido su uso como agua medicinal para la piel.<\/p>\n<figure id=\"attachment_38738\" aria-describedby=\"caption-attachment-38738\" style=\"width: 640px\" class=\"wp-caption aligncenter\"><img decoding=\"async\" src=\"https:\/\/destinocastillayleon.es\/index\/wp-content\/uploads\/2024\/05\/Fuente-de-agua-sulfurosa-Destino-Castilla-y-Leon.jpg\" alt=\"Fuente de agua sulfurosa - Destino Castilla y Le\u00f3n\" width=\"640\" height=\"360\" class=\"size-full wp-image-38738\" srcset=\"https:\/\/destinocastillayleon.es\/index\/wp-content\/uploads\/2024\/05\/Fuente-de-agua-sulfurosa-Destino-Castilla-y-Leon.jpg 640w, https:\/\/destinocastillayleon.es\/index\/wp-content\/uploads\/2024\/05\/Fuente-de-agua-sulfurosa-Destino-Castilla-y-Leon-300x169.jpg 300w\" sizes=\"(max-width: 640px) 100vw, 640px\" \/><figcaption id=\"caption-attachment-38738\" class=\"wp-caption-text\">Fuente de agua sulfurosa &#8211; Destino Castilla y Le\u00f3n<\/figcaption><\/figure>\n<p>Originalmente <strong>fue una fuente \u00e1rabe,<\/strong> aunque la fuente actual es moderna.<\/p>\n<h4><strong>El parque de caravanas<\/strong><\/h4>\n<p>Al final del paseo, ya fuera de la zona urbana, <strong>aunque no est\u00e1 lejos, se encuentra un \u00e1rea de estacionamiento de autocaravanas.<\/strong> Que con unas condiciones m\u00e1s que razonables, permiten acampar en esta zona.<\/p>\n<h4><strong>Cerro de la Coronaci\u00f3n<\/strong><\/h4>\n<p>Sin ser propiamente parte de este Parque de la Dehesa, <strong>ver\u00e9is desde \u00e9l un cerro o monte que se eleva varias decenas de metros.<\/strong> Est\u00e1 coronada por un templete que protege una imagen de la Virgen Mar\u00eda de los Milagros.<\/p>\n<figure id=\"attachment_38748\" aria-describedby=\"caption-attachment-38748\" style=\"width: 640px\" class=\"wp-caption aligncenter\"><img decoding=\"async\" src=\"https:\/\/destinocastillayleon.es\/index\/wp-content\/uploads\/2024\/05\/Virgen-de-los-milagros-coronando-el-cerro-Destino-Castilla-y-Leon.jpg\" alt=\"Virgen de los milagros coronando el cerro - Destino Castilla y Le\u00f3n\" width=\"640\" height=\"360\" class=\"size-full wp-image-38748\" srcset=\"https:\/\/destinocastillayleon.es\/index\/wp-content\/uploads\/2024\/05\/Virgen-de-los-milagros-coronando-el-cerro-Destino-Castilla-y-Leon.jpg 640w, https:\/\/destinocastillayleon.es\/index\/wp-content\/uploads\/2024\/05\/Virgen-de-los-milagros-coronando-el-cerro-Destino-Castilla-y-Leon-300x169.jpg 300w\" sizes=\"(max-width: 640px) 100vw, 640px\" \/><figcaption id=\"caption-attachment-38748\" class=\"wp-caption-text\">Virgen de los milagros coronando el cerro &#8211; Destino Castilla y Le\u00f3n<\/figcaption><\/figure>\n<p><strong>Se sube desde una senda sencilla junto a la plaza de Toros.<\/strong> La vista desde aqu\u00ed es hermosa. <a name=\"Naturaleza\"><\/a><br \/>\n&nbsp;<\/p>\n<h2><strong>\u00c1greda, destino natural a los pies del Moncayo<\/strong><\/h2>\n<p>No nos vamos a alargar mucho m\u00e1s, mejor os lo contamos en otra publicaci\u00f3n. <\/p>\n<figure id=\"attachment_38746\" aria-describedby=\"caption-attachment-38746\" style=\"width: 580px\" class=\"wp-caption aligncenter\"><img decoding=\"async\" src=\"https:\/\/destinocastillayleon.es\/index\/wp-content\/uploads\/2024\/05\/Acceso-al-Parque-Agreda-Mocayo-magico-Destino-Castilla-y-Leon.jpg\" alt=\"Acceso al Parque \u00c1greda Mocayo m\u00e1gico - Destino Castilla y Le\u00f3n\" width=\"580\" height=\"326\" class=\"size-full wp-image-38746\" srcset=\"https:\/\/destinocastillayleon.es\/index\/wp-content\/uploads\/2024\/05\/Acceso-al-Parque-Agreda-Mocayo-magico-Destino-Castilla-y-Leon.jpg 580w, https:\/\/destinocastillayleon.es\/index\/wp-content\/uploads\/2024\/05\/Acceso-al-Parque-Agreda-Mocayo-magico-Destino-Castilla-y-Leon-300x169.jpg 300w\" sizes=\"(max-width: 580px) 100vw, 580px\" \/><figcaption id=\"caption-attachment-38746\" class=\"wp-caption-text\">Acceso al Parque \u00c1greda Mocayo m\u00e1gico &#8211; Destino Castilla y Le\u00f3n<\/figcaption><\/figure>\n<p>Tan solo indicaros que, <strong>\u00c1greda est\u00e1 a los pies del Moncayo en su vertiente de Castilla y Le\u00f3n.<\/strong> Esto hace que sea <strong>un destino natural muy atractivo,<\/strong> con muchas rutas de senderismo o cicloturismo, con muchos niveles de dificultad.<\/p>\n<figure id=\"attachment_38747\" aria-describedby=\"caption-attachment-38747\" style=\"width: 640px\" class=\"wp-caption aligncenter\"><img decoding=\"async\" src=\"https:\/\/destinocastillayleon.es\/index\/wp-content\/uploads\/2024\/05\/Marcas-de-rutas-de-senderismo-presentes-en-el-Parque-Natural-de-Agreda-Destino-Castilla-y-Leon.jpg\" alt=\"Marcas de rutas de senderismo presentes en el Parque Natural de \u00c1greda - Destino Castilla y Le\u00f3n\" width=\"640\" height=\"360\" class=\"size-full wp-image-38747\" srcset=\"https:\/\/destinocastillayleon.es\/index\/wp-content\/uploads\/2024\/05\/Marcas-de-rutas-de-senderismo-presentes-en-el-Parque-Natural-de-Agreda-Destino-Castilla-y-Leon.jpg 640w, https:\/\/destinocastillayleon.es\/index\/wp-content\/uploads\/2024\/05\/Marcas-de-rutas-de-senderismo-presentes-en-el-Parque-Natural-de-Agreda-Destino-Castilla-y-Leon-300x169.jpg 300w\" sizes=\"(max-width: 640px) 100vw, 640px\" \/><figcaption id=\"caption-attachment-38747\" class=\"wp-caption-text\">Marcas de rutas de senderismo presentes en el Parque Natural de \u00c1greda &#8211; Destino Castilla y Le\u00f3n<\/figcaption><\/figure>\n<p>Hay <strong>un albergue de monta\u00f1a de titularidad municipal<\/strong> que permite disfrutar del Moncayo a los pies de una de las rutas de monta\u00f1a y senderismo de \u00c1greda, que une esta localidad con otras pedan\u00edas igualmente sorprendentes. <\/p>\n<p><center><iframe width=\"560\" height=\"315\" src=\"https:\/\/www.youtube.com\/embed\/tAALway4gtw?si=OQJiwfMxRViEx0js\" title=\"YouTube video player\" frameborder=\"0\" allow=\"accelerometer; autoplay; clipboard-write; encrypted-media; gyroscope; picture-in-picture; web-share\" referrerpolicy=\"strict-origin-when-cross-origin\" allowfullscreen><\/iframe><\/center><a name=\"Llegar\"><\/a><br \/>\n&nbsp;<\/p>\n<h2><strong>Informaci\u00f3n general sobre \u00c1greda<\/h2>\n<h3>\u00bfC\u00f3mo llegar?<\/strong><\/h3>\n<p>La localidad de <a href=\"https:\/\/www.google.com\/maps\/dir\/40.4481083,-3.664243\/%C3%81greda\/@41.1413577,-4.1128173,8z\/data=!3m1!4b1!4m9!4m8!1m1!4e1!1m5!1m1!1s0xd5b03cf4fb0ae57:0x76375f5a385aff7e!2m2!1d-1.922138!2d41.8564653?entry=ttu\" rel=\"noopener noFollow\" target=\"_blank\">\u00c1greda<\/a>, pese a estar en Soria, que no es de las mejores provincias de comunicaciones, <strong>est\u00e1 a los pies de la carretera N122,<\/strong> aunque justo su circunvalaci\u00f3n ya <strong>es parte de la autov\u00eda A15.<\/strong> Pero son pocos kil\u00f3metros a\u00fan.<\/p>\n<figure id=\"attachment_38756\" aria-describedby=\"caption-attachment-38756\" style=\"width: 580px\" class=\"wp-caption aligncenter\"><img decoding=\"async\" src=\"https:\/\/destinocastillayleon.es\/index\/wp-content\/uploads\/2024\/06\/Entrada-a-Agreda-por-la-Carretera-N122-Destino-Castilla-y-Leon.jpg\" alt=\"Entrada a \u00c1greda por la Carretera N122 - Destino Castilla y Le\u00f3n\" width=\"580\" height=\"326\" class=\"size-full wp-image-38756\" srcset=\"https:\/\/destinocastillayleon.es\/index\/wp-content\/uploads\/2024\/06\/Entrada-a-Agreda-por-la-Carretera-N122-Destino-Castilla-y-Leon.jpg 580w, https:\/\/destinocastillayleon.es\/index\/wp-content\/uploads\/2024\/06\/Entrada-a-Agreda-por-la-Carretera-N122-Destino-Castilla-y-Leon-300x169.jpg 300w\" sizes=\"(max-width: 580px) 100vw, 580px\" \/><figcaption id=\"caption-attachment-38756\" class=\"wp-caption-text\">Entrada a \u00c1greda por la Carretera N122 &#8211; Destino Castilla y Le\u00f3n<\/figcaption><\/figure>\n<p>Otra forma de llegar a \u00c1greda es <strong>por la carretera regional, aunque est\u00e1 muy bien conservada CL101,<\/strong> que parte desde la Autov\u00eda A15 a su paso por Almaz\u00e1n. <a name=\"Comer\"><\/a><\/p>\n<h3><strong>\u00bfD\u00f3nde comer?<\/strong><\/h3>\n<p>Nos sorprendi\u00f3 la gran cantidad de sitios para comer, aunque evidentemente, no probamos todos. Si que nos encant\u00f3 en el Parque de la Dehesa, <strong>el restaurante El Bosque de Carymar.<\/strong> Sin ser s\u00faper vanguardista, estaba muy nuevo, con mucha profesionalidad y nos dieron todas las facilidades que necesitamos.<\/p>\n<figure id=\"attachment_38755\" aria-describedby=\"caption-attachment-38755\" style=\"width: 640px\" class=\"wp-caption aligncenter\"><img decoding=\"async\" src=\"https:\/\/destinocastillayleon.es\/index\/wp-content\/uploads\/2024\/06\/Restaurante-El-Bosque-de-Agreda-Destino-Castilla-y-Leon.jpg\" alt=\"Restaurante El Bosque de \u00c1greda - Destino Castilla y Le\u00f3n\" width=\"640\" height=\"360\" class=\"size-full wp-image-38755\" srcset=\"https:\/\/destinocastillayleon.es\/index\/wp-content\/uploads\/2024\/06\/Restaurante-El-Bosque-de-Agreda-Destino-Castilla-y-Leon.jpg 640w, https:\/\/destinocastillayleon.es\/index\/wp-content\/uploads\/2024\/06\/Restaurante-El-Bosque-de-Agreda-Destino-Castilla-y-Leon-300x169.jpg 300w\" sizes=\"(max-width: 640px) 100vw, 640px\" \/><figcaption id=\"caption-attachment-38755\" class=\"wp-caption-text\">Restaurante El Bosque de \u00c1greda &#8211; Destino Castilla y Le\u00f3n<\/figcaption><\/figure>\n<p><strong>El Bosque de Carymar<\/strong><br \/>\nPaseo del Intendente, 18 (Parque de la dehesa)<br \/>\n42100 \u2013 \u00c1greda, Soria<br \/>\nTelf.: +34 664 39 04 10<\/p>\n<p>Otro lugar sorprendente, aunque nada t\u00edpico ni esperado en medio de Soria, por ser <strong>un pub irland\u00e9s. Se trata del pub restaurante Yumay Sport Tavern.<\/strong> Un lugar con mucho encanto y profesionalidad. Si se llena de gente local, es buen indicativo.<\/p>\n<figure id=\"attachment_38759\" aria-describedby=\"caption-attachment-38759\" style=\"width: 580px\" class=\"wp-caption aligncenter\"><img decoding=\"async\" src=\"https:\/\/destinocastillayleon.es\/index\/wp-content\/uploads\/2024\/06\/Fachada-del-Yumay-Sport-Tavern-de-Agreda-junto-a-la-plaza-mayor-Destino-Castilla-y-Leon.jpg\" alt=\"Fachada del Yumay Sport Tavern de \u00c1greda junto a la plaza mayor - Destino Castilla y Le\u00f3n\" width=\"580\" height=\"326\" class=\"size-full wp-image-38759\" srcset=\"https:\/\/destinocastillayleon.es\/index\/wp-content\/uploads\/2024\/06\/Fachada-del-Yumay-Sport-Tavern-de-Agreda-junto-a-la-plaza-mayor-Destino-Castilla-y-Leon.jpg 580w, https:\/\/destinocastillayleon.es\/index\/wp-content\/uploads\/2024\/06\/Fachada-del-Yumay-Sport-Tavern-de-Agreda-junto-a-la-plaza-mayor-Destino-Castilla-y-Leon-300x169.jpg 300w\" sizes=\"(max-width: 580px) 100vw, 580px\" \/><figcaption id=\"caption-attachment-38759\" class=\"wp-caption-text\">Fachada del Yumay Sport Tavern de \u00c1greda junto a la plaza mayor &#8211; Destino Castilla y Le\u00f3n<\/figcaption><\/figure>\n<p><strong>Yumay Sport Tavern<\/strong><br \/>\nCalle del Arco, 3<br \/>\n42100 \u2013 \u00c1greda, Soria<br \/>\nTelf: +34 876 64 17 56<\/p>\n<p>Y, por \u00faltimo, <strong>tambi\u00e9n conocimos el Restaurante la nueva Sinagoga,<\/strong> que est\u00e1 dentro de la antigua sinagoga, o eso se cree. Un lugar muy espectacular, aunque por la falta de experiencia, necesitan mejorar el servicio de sala. No obstante, se ve que es gente con ganas.<\/p>\n<figure id=\"attachment_38757\" aria-describedby=\"caption-attachment-38757\" style=\"width: 580px\" class=\"wp-caption aligncenter\"><img decoding=\"async\" src=\"https:\/\/destinocastillayleon.es\/index\/wp-content\/uploads\/2024\/06\/Salon-del-restaurante-La-Nueva-Sinagoga-de-Agreda-Destino-Castilla-y-Leon.jpg\" alt=\"Sal\u00f3n del restaurante La Nueva Sinagoga de \u00c1greda - Destino Castilla y Le\u00f3n\" width=\"580\" height=\"326\" class=\"size-full wp-image-38757\" srcset=\"https:\/\/destinocastillayleon.es\/index\/wp-content\/uploads\/2024\/06\/Salon-del-restaurante-La-Nueva-Sinagoga-de-Agreda-Destino-Castilla-y-Leon.jpg 580w, https:\/\/destinocastillayleon.es\/index\/wp-content\/uploads\/2024\/06\/Salon-del-restaurante-La-Nueva-Sinagoga-de-Agreda-Destino-Castilla-y-Leon-300x169.jpg 300w\" sizes=\"(max-width: 580px) 100vw, 580px\" \/><figcaption id=\"caption-attachment-38757\" class=\"wp-caption-text\">Sal\u00f3n del restaurante La Nueva Sinagoga de \u00c1greda &#8211; Destino Castilla y Le\u00f3n<\/figcaption><\/figure>\n<p><strong>Bar restaurante la Nueva Sinagoga<\/strong><br \/>\nCalle Vicente y Tutor, 14, 42100 \u00c1greda, Soria<br \/>\nTelf: +34 642 00 52 91<\/p>\n<h4><strong>Gastronom\u00eda t\u00edpica de \u00c1greda<\/strong><\/h4>\n<p>Lo bueno que tienen las zonas de frontera, como lo fue \u00c1greda, <strong>es que tienen una gastronom\u00eda muy variada, fusi\u00f3n de estilos.<\/strong> \u00c1greda destaca por varios platos t\u00edpicos, entre los que <strong>destacan los platos de cardo rojo.<\/strong><\/p>\n<figure id=\"attachment_38754\" aria-describedby=\"caption-attachment-38754\" style=\"width: 640px\" class=\"wp-caption aligncenter\"><img decoding=\"async\" src=\"https:\/\/destinocastillayleon.es\/index\/wp-content\/uploads\/2024\/06\/Ensalada-de-Cardo-rojo-de-Agreda-Imagen-de-QueApetito.com_.jpg\" alt=\"Ensalada de Cardo rojo de \u00c1greda - Imagen de QueApetito.com\" width=\"640\" height=\"361\" class=\"size-full wp-image-38754\" srcset=\"https:\/\/destinocastillayleon.es\/index\/wp-content\/uploads\/2024\/06\/Ensalada-de-Cardo-rojo-de-Agreda-Imagen-de-QueApetito.com_.jpg 640w, https:\/\/destinocastillayleon.es\/index\/wp-content\/uploads\/2024\/06\/Ensalada-de-Cardo-rojo-de-Agreda-Imagen-de-QueApetito.com_-300x169.jpg 300w\" sizes=\"(max-width: 640px) 100vw, 640px\" \/><figcaption id=\"caption-attachment-38754\" class=\"wp-caption-text\">Ensalada de Cardo rojo de \u00c1greda &#8211; Imagen de QueApetito.com<\/figcaption><\/figure>\n<p>Otros platos t\u00edpicos de los que nos hablaron fueron, <strong>las calderetas de conejo y costilla de cerdo;<\/strong> tambi\u00e9n <strong>las migas de pastoriles,<\/strong> un plato de aprovechamiento. Otro producto muy t\u00edpico son los platos cuya base es el bacalao desalado.<\/p>\n<p>En cuanto a dulces, pod\u00e9is encontrar durante todo el a\u00f1o; <strong>las huecas, unas rosquillas ligeras,<\/strong> aunque sean muy grandes. Por supuesto durante los tiempos de invierno, <strong>especialmente durante los Santos, es t\u00edpico disfrutar de un Rollo,<\/strong> que es un bizcocho con forma de rosco.<\/p>\n<p>En plan f\u00e1cil de llevar, <strong>el Langarto, un plan con forma de media luna y relleno como una empanada,<\/strong> aunque no tenga nada que ver. Lo tradicional era la de chorizo, pero tambi\u00e9n es ya t\u00edpico y est\u00e1 buen\u00edsimo, el de anchoa o sardina.<\/p>\n<figure id=\"attachment_38753\" aria-describedby=\"caption-attachment-38753\" style=\"width: 640px\" class=\"wp-caption aligncenter\"><img decoding=\"async\" src=\"https:\/\/destinocastillayleon.es\/index\/wp-content\/uploads\/2024\/06\/Piezas-de-Langarto-de-Agreda-Destino-Castilla-y-Leon.jpg\" alt=\"Piezas de Langarto de \u00c1greda - Destino Castilla y Le\u00f3n\" width=\"640\" height=\"360\" class=\"size-full wp-image-38753\" srcset=\"https:\/\/destinocastillayleon.es\/index\/wp-content\/uploads\/2024\/06\/Piezas-de-Langarto-de-Agreda-Destino-Castilla-y-Leon.jpg 640w, https:\/\/destinocastillayleon.es\/index\/wp-content\/uploads\/2024\/06\/Piezas-de-Langarto-de-Agreda-Destino-Castilla-y-Leon-300x169.jpg 300w\" sizes=\"(max-width: 640px) 100vw, 640px\" \/><figcaption id=\"caption-attachment-38753\" class=\"wp-caption-text\">Piezas de Langarto de \u00c1greda &#8211; Destino Castilla y Le\u00f3n<\/figcaption><\/figure>\n<p>Y ojo; que, aunque no lo hemos dicho, lo damos por supuesto; pero por si acaso. <strong>Estamos hablando de Soria, eso significa que tienes que probar de uno de sus maravillosos Torreznos sorianos,<\/strong> un manjar bien cal\u00f3rico, pero que te hace subir al Moncayo sin darte ni cuenta. <a name=\"Dormir\"><\/a><\/p>\n<h3><strong>\u00bfD\u00f3nde alojarse?<\/strong><\/h3>\n<p>Quiz\u00e1s la gran pega que le encontramos a \u00c1greda es <strong>la poca oferta hotelera de la localidad.<\/strong> Lo m\u00e1s recomendable es el lugar donde nos alojamos; <strong>el <a href=\"https:\/\/www.booking.com\/hotel\/es\/hostal-dona-juana-agreda.es.html?aid=1281624\" rel=\"NoFollow noopener\" target=\"_blank\">Hotel Hostal Do\u00f1a Juana<\/a> de 2 estrellas.<\/strong> Un lugar c\u00f3modo, bien situado; aunque no esper\u00e9is mucho m\u00e1s.<\/p>\n<figure id=\"attachment_38752\" aria-describedby=\"caption-attachment-38752\" style=\"width: 580px\" class=\"wp-caption aligncenter\"><img decoding=\"async\" src=\"https:\/\/destinocastillayleon.es\/index\/wp-content\/uploads\/2024\/06\/Hotel-Hostal-Dona-Juana-de-Agreda-Destino-Castilla-y-Leon.jpg\" alt=\"Hotel Hostal Do\u00f1a Juana de \u00c1greda - Destino Castilla y Le\u00f3n\" width=\"580\" height=\"327\" class=\"size-full wp-image-38752\" srcset=\"https:\/\/destinocastillayleon.es\/index\/wp-content\/uploads\/2024\/06\/Hotel-Hostal-Dona-Juana-de-Agreda-Destino-Castilla-y-Leon.jpg 580w, https:\/\/destinocastillayleon.es\/index\/wp-content\/uploads\/2024\/06\/Hotel-Hostal-Dona-Juana-de-Agreda-Destino-Castilla-y-Leon-300x169.jpg 300w\" sizes=\"(max-width: 580px) 100vw, 580px\" \/><figcaption id=\"caption-attachment-38752\" class=\"wp-caption-text\">Hotel Hostal Do\u00f1a Juana de \u00c1greda &#8211; Destino Castilla y Le\u00f3n<\/figcaption><\/figure>\n<p>Sabemos que hay varias opciones de <a href=\"https:\/\/www.booking.com\/hotel\/es\/apartamentos-la-dama-azul.es.html?aid=1281624\" rel=\"NoFollow noopener\" target=\"_blank\">casas rurales<\/a> o <a href=\"https:\/\/www.booking.com\/hotel\/es\/hostal-dona-juana-agreda.es.html?aid=1281624\" rel=\"noopener NoFollow\" target=\"_blank\">apartamentos tur\u00edsticos<\/a>, o como o dijimos, <strong>el Albergue de Monta\u00f1a Fuentes del Tajo,<\/strong> aunque no est\u00e1 propiamente en \u00c1greda y no es muy pr\u00e1ctico si lo que quieres es visitar la ciudad.<\/p>\n<p><figure id=\"attachment_38751\" aria-describedby=\"caption-attachment-38751\" style=\"width: 580px\" class=\"wp-caption aligncenter\"><img decoding=\"async\" src=\"https:\/\/destinocastillayleon.es\/index\/wp-content\/uploads\/2024\/06\/Casa-Rural-Apartamentos-La-Dama-de-Azul-de-Agreda-Destino-Castilla-y-Leon.jpg\" alt=\"Casa Rural - Apartamentos La Dama de Azul de \u00c1greda - Destino Castilla y Le\u00f3n\" width=\"580\" height=\"326\" class=\"size-full wp-image-38751\" srcset=\"https:\/\/destinocastillayleon.es\/index\/wp-content\/uploads\/2024\/06\/Casa-Rural-Apartamentos-La-Dama-de-Azul-de-Agreda-Destino-Castilla-y-Leon.jpg 580w, https:\/\/destinocastillayleon.es\/index\/wp-content\/uploads\/2024\/06\/Casa-Rural-Apartamentos-La-Dama-de-Azul-de-Agreda-Destino-Castilla-y-Leon-300x169.jpg 300w\" sizes=\"(max-width: 580px) 100vw, 580px\" \/><figcaption id=\"caption-attachment-38751\" class=\"wp-caption-text\">Casa Rural &#8211; Apartamentos La Dama de Azul de \u00c1greda &#8211; Destino Castilla y Le\u00f3n<\/figcaption><\/figure><br \/>\n&nbsp;<br \/>\n&nbsp;<br \/>\nY ya veis que, <strong>aunque una localidad pueda parecer peque\u00f1a, no por ello carece de cosas par a ver y visitar.<\/strong> Sin duda, necesitar\u00e9is un fin de semana solo para comprender todo lo que hay para disfrutar. Y eso que no hemos tocado los miradores ni las rutas de senderismo.<br \/>\n&nbsp;<br \/>\nAhora es vuestro turno,<strong> \u00bfConoc\u00edas \u00c1greda? \u00bfAlguna vez hab\u00e9is disfrutado de la gastronom\u00eda o el patrimonio de esta villa de las tres culturas de Soria?<\/strong> Comentadnos qu\u00e9 m\u00e1s cosas recomendar\u00edas para realizar en \u00c1greda.<br \/>\n&nbsp;<\/p>\n<h4>Tambi\u00e9n te puede interesar<\/h4>\n<ul>\n<li><a href=\"https:\/\/destinocastillayleon.es\/index\/escapada-a-medinaceli\/\" rel=\"noopener\" target=\"_blank\">Escapada a Medinaceli, uno de los pueblos m\u00e1s bonitos de Espa\u00f1a<\/a>.<\/li>\n<li><a href=\"https:\/\/destinocastillayleon.es\/index\/visitar-el-burgo-de-osma\/\" rel=\"noopener\" target=\"_blank\">Visitar El Burgo de Osma<\/a>.<\/li>\n<li><a href=\"https:\/\/destinocastillayleon.es\/index\/la-ruta-de-la-mantequilla-de-soria\/\" rel=\"noopener\" target=\"_blank\">La ruta de la Mantequilla de Soria<\/a>.<\/li>\n<li><a href=\"https:\/\/destinocastillayleon.es\/index\/ruta-los-dinosaurios-soria\/\" rel=\"noopener\" target=\"_blank\">Ruta de los dinosaurios en Soria \u00a1Descubre las Tierras Altas!<\/a>.<\/li>\n<\/ul>\n<p>&nbsp;<\/p>\n","protected":false},"excerpt":{"rendered":"<p>Te descubrimos las muchas cosas que tiene para visitar la villa de \u00c1greda, en Soria; un conjunto hist\u00f3rico art\u00edstico sorprendente, con muchos encantos culturales, gastron\u00f3micos y naturales, a los pies del Parque Natural Agreda Moncayo m\u00e1gico.<\/p>\n","protected":false},"author":2,"featured_media":38760,"comment_status":"open","ping_status":"closed","sticky":false,"template":"","format":"standard","meta":{"rop_custom_images_group":[],"rop_custom_messages_group":[],"rop_publish_now":"initial","rop_publish_now_accounts":{"twitter_1150954226_1150954226":""},"rop_publish_now_history":[],"rop_publish_now_status":"pending","footnotes":""},"categories":[3472,68,73,384,74,41,4715],"tags":[6115,5061],"class_list":["post-38633","post","type-post","status-publish","format-standard","has-post-thumbnail","hentry","category-inspirate","category-post_inicial","category-punto_singular","category-rutas-2","category-rutas_por_cyl","category-soria","category-soria-turismo","tag-agreda","tag-soria"],"yoast_head":"<!-- This site is optimized with the Yoast SEO Premium plugin v20.4 (Yoast SEO v27.4) - https:\/\/yoast.com\/product\/yoast-seo-premium-wordpress\/ -->\n<title>\u00c1greda, La Villa de las tres culturas del Moncayo - DestinoCyL<\/title>\n<meta name=\"description\" content=\"Te descubrimos las muchas cosas que tiene para visitar la villa de \u00c1greda, en Soria; un conjunto hist\u00f3rico art\u00edstico sorprendente.\" \/>\n<meta name=\"robots\" content=\"index, follow, max-snippet:-1, max-image-preview:large, max-video-preview:-1\" \/>\n<link rel=\"canonical\" href=\"https:\/\/destinocastillayleon.es\/index\/agreda-la-villa-del-moncayo-soriana\/\" \/>\n<meta property=\"og:locale\" content=\"es_ES\" \/>\n<meta property=\"og:type\" content=\"article\" \/>\n<meta property=\"og:title\" content=\"\u00c1greda, La Villa de las tres culturas a los pies del Moncayo - Destino Castilla y Le\u00f3n\" \/>\n<meta property=\"og:description\" content=\"Te descubrimos las muchas cosas que tiene para visitar la villa de \u00c1greda, en Soria; un conjunto hist\u00f3rico art\u00edstico sorprendente, con muchos encantos culturales, gastron\u00f3micos y naturales, a los pies del Parque Natural Agreda Moncayo m\u00e1gico.\" \/>\n<meta property=\"og:url\" content=\"https:\/\/destinocastillayleon.es\/index\/agreda-la-villa-del-moncayo-soriana\/\" \/>\n<meta property=\"og:site_name\" content=\"Destino Castilla y Le\u00f3n\" \/>\n<meta property=\"article:publisher\" content=\"https:\/\/www.facebook.com\/DestinoCastillaYLeon\/\" \/>\n<meta property=\"article:author\" content=\"https:\/\/www.facebook.com\/profile.php?id=1158416854\" \/>\n<meta property=\"article:published_time\" content=\"2024-06-03T09:01:39+00:00\" \/>\n<meta property=\"og:image\" content=\"https:\/\/destinocastillayleon.es\/index\/wp-content\/uploads\/2024\/06\/Agreda-Destino-Castilla-y-Leon.jpg\" \/>\n\t<meta property=\"og:image:width\" content=\"1210\" \/>\n\t<meta property=\"og:image:height\" content=\"656\" \/>\n\t<meta property=\"og:image:type\" content=\"image\/jpeg\" \/>\n<meta name=\"author\" content=\"David V\u00e1zquez\" \/>\n<meta name=\"twitter:card\" content=\"summary_large_image\" \/>\n<meta name=\"twitter:title\" content=\"\u00c1greda, La Villa de las tres culturas a los pies del Moncayo - Destino Castilla y Le\u00f3n\" \/>\n<meta name=\"twitter:description\" content=\"Te descubrimos las muchas cosas que tiene para visitar la villa de \u00c1greda, en Soria; un conjunto hist\u00f3rico art\u00edstico sorprendente, con muchos encantos culturales, gastron\u00f3micos y naturales, a los pies del Parque Natural Agreda Moncayo m\u00e1gico.\" \/>\n<meta name=\"twitter:creator\" content=\"@https:\/\/twitter.com\/ContePantaleone\u200e\" \/>\n<meta name=\"twitter:site\" content=\"@destinocyl\" \/>\n<meta name=\"twitter:label1\" content=\"Escrito por\" \/>\n\t<meta name=\"twitter:data1\" content=\"David V\u00e1zquez\" \/>\n\t<meta name=\"twitter:label2\" content=\"Tiempo de lectura\" \/>\n\t<meta name=\"twitter:data2\" content=\"47 minutos\" \/>\n<script type=\"application\/ld+json\" class=\"yoast-schema-graph\">{\"@context\":\"https:\\\/\\\/schema.org\",\"@graph\":[{\"@type\":\"Article\",\"@id\":\"https:\\\/\\\/destinocastillayleon.es\\\/index\\\/agreda-la-villa-del-moncayo-soriana\\\/#article\",\"isPartOf\":{\"@id\":\"https:\\\/\\\/destinocastillayleon.es\\\/index\\\/agreda-la-villa-del-moncayo-soriana\\\/\"},\"author\":{\"name\":\"David V\u00e1zquez\",\"@id\":\"https:\\\/\\\/destinocastillayleon.es\\\/index\\\/#\\\/schema\\\/person\\\/189221bc8f6cc4fa28b18ad5c289d4c2\"},\"headline\":\"\u00c1greda, la villa de las tres culturas a los pies del Moncayo\",\"datePublished\":\"2024-06-03T09:01:39+00:00\",\"mainEntityOfPage\":{\"@id\":\"https:\\\/\\\/destinocastillayleon.es\\\/index\\\/agreda-la-villa-del-moncayo-soriana\\\/\"},\"wordCount\":7868,\"commentCount\":0,\"image\":{\"@id\":\"https:\\\/\\\/destinocastillayleon.es\\\/index\\\/agreda-la-villa-del-moncayo-soriana\\\/#primaryimage\"},\"thumbnailUrl\":\"https:\\\/\\\/destinocastillayleon.es\\\/index\\\/wp-content\\\/uploads\\\/2024\\\/06\\\/Agreda-Destino-Castilla-y-Leon.jpg\",\"keywords\":[\"\u00c1greda\",\"Soria\"],\"articleSection\":[\"Inspirate\",\"Post_inicial\",\"Punto Singular\",\"Rutas\",\"Rutas por Castilla y Le\u00f3n\",\"Soria\",\"Soria turismo\"],\"inLanguage\":\"es\",\"potentialAction\":[{\"@type\":\"CommentAction\",\"name\":\"Comment\",\"target\":[\"https:\\\/\\\/destinocastillayleon.es\\\/index\\\/agreda-la-villa-del-moncayo-soriana\\\/#respond\"]}]},{\"@type\":\"WebPage\",\"@id\":\"https:\\\/\\\/destinocastillayleon.es\\\/index\\\/agreda-la-villa-del-moncayo-soriana\\\/\",\"url\":\"https:\\\/\\\/destinocastillayleon.es\\\/index\\\/agreda-la-villa-del-moncayo-soriana\\\/\",\"name\":\"\u00c1greda, La Villa de las tres culturas del Moncayo - DestinoCyL\",\"isPartOf\":{\"@id\":\"https:\\\/\\\/destinocastillayleon.es\\\/index\\\/#website\"},\"primaryImageOfPage\":{\"@id\":\"https:\\\/\\\/destinocastillayleon.es\\\/index\\\/agreda-la-villa-del-moncayo-soriana\\\/#primaryimage\"},\"image\":{\"@id\":\"https:\\\/\\\/destinocastillayleon.es\\\/index\\\/agreda-la-villa-del-moncayo-soriana\\\/#primaryimage\"},\"thumbnailUrl\":\"https:\\\/\\\/destinocastillayleon.es\\\/index\\\/wp-content\\\/uploads\\\/2024\\\/06\\\/Agreda-Destino-Castilla-y-Leon.jpg\",\"datePublished\":\"2024-06-03T09:01:39+00:00\",\"author\":{\"@id\":\"https:\\\/\\\/destinocastillayleon.es\\\/index\\\/#\\\/schema\\\/person\\\/189221bc8f6cc4fa28b18ad5c289d4c2\"},\"description\":\"Te descubrimos las muchas cosas que tiene para visitar la villa de \u00c1greda, en Soria; un conjunto hist\u00f3rico art\u00edstico sorprendente.\",\"breadcrumb\":{\"@id\":\"https:\\\/\\\/destinocastillayleon.es\\\/index\\\/agreda-la-villa-del-moncayo-soriana\\\/#breadcrumb\"},\"inLanguage\":\"es\",\"potentialAction\":[{\"@type\":\"ReadAction\",\"target\":[\"https:\\\/\\\/destinocastillayleon.es\\\/index\\\/agreda-la-villa-del-moncayo-soriana\\\/\"]}]},{\"@type\":\"ImageObject\",\"inLanguage\":\"es\",\"@id\":\"https:\\\/\\\/destinocastillayleon.es\\\/index\\\/agreda-la-villa-del-moncayo-soriana\\\/#primaryimage\",\"url\":\"https:\\\/\\\/destinocastillayleon.es\\\/index\\\/wp-content\\\/uploads\\\/2024\\\/06\\\/Agreda-Destino-Castilla-y-Leon.jpg\",\"contentUrl\":\"https:\\\/\\\/destinocastillayleon.es\\\/index\\\/wp-content\\\/uploads\\\/2024\\\/06\\\/Agreda-Destino-Castilla-y-Leon.jpg\",\"width\":1210,\"height\":656,\"caption\":\"\u00c1greda - Destino Castilla y Le\u00f3n\"},{\"@type\":\"BreadcrumbList\",\"@id\":\"https:\\\/\\\/destinocastillayleon.es\\\/index\\\/agreda-la-villa-del-moncayo-soriana\\\/#breadcrumb\",\"itemListElement\":[{\"@type\":\"ListItem\",\"position\":1,\"name\":\"Portada\",\"item\":\"https:\\\/\\\/destinocastillayleon.es\\\/index\\\/\"},{\"@type\":\"ListItem\",\"position\":2,\"name\":\"\u00c1greda, la villa de las tres culturas a los pies del Moncayo\"}]},{\"@type\":\"WebSite\",\"@id\":\"https:\\\/\\\/destinocastillayleon.es\\\/index\\\/#website\",\"url\":\"https:\\\/\\\/destinocastillayleon.es\\\/index\\\/\",\"name\":\"Destino Castilla y Le\u00f3n\",\"description\":\"Medio digital independiente y revista de Castilla y Le\u00f3n dedicado al turismo, gastronom\u00eda y vino de Castilla y Le\u00f3n\",\"potentialAction\":[{\"@type\":\"SearchAction\",\"target\":{\"@type\":\"EntryPoint\",\"urlTemplate\":\"https:\\\/\\\/destinocastillayleon.es\\\/index\\\/?s={search_term_string}\"},\"query-input\":{\"@type\":\"PropertyValueSpecification\",\"valueRequired\":true,\"valueName\":\"search_term_string\"}}],\"inLanguage\":\"es\"},{\"@type\":\"Person\",\"@id\":\"https:\\\/\\\/destinocastillayleon.es\\\/index\\\/#\\\/schema\\\/person\\\/189221bc8f6cc4fa28b18ad5c289d4c2\",\"name\":\"David V\u00e1zquez\",\"image\":{\"@type\":\"ImageObject\",\"inLanguage\":\"es\",\"@id\":\"https:\\\/\\\/secure.gravatar.com\\\/avatar\\\/cd12db6c575a90c3b75cfa0f794b74d425201c768612fad17e9f13cd33d48be8?s=96&d=mm&r=g\",\"url\":\"https:\\\/\\\/secure.gravatar.com\\\/avatar\\\/cd12db6c575a90c3b75cfa0f794b74d425201c768612fad17e9f13cd33d48be8?s=96&d=mm&r=g\",\"contentUrl\":\"https:\\\/\\\/secure.gravatar.com\\\/avatar\\\/cd12db6c575a90c3b75cfa0f794b74d425201c768612fad17e9f13cd33d48be8?s=96&d=mm&r=g\",\"caption\":\"David V\u00e1zquez\"},\"description\":\"Ingeniero Industrial de vocaci\u00f3n y profesi\u00f3n, he encontrado en los blogs la forma de plasmar mi pasi\u00f3n por los viajes, la gastronom\u00eda y los vinos. Especialmente los procedentes de Castilla y Le\u00f3n\",\"sameAs\":[\"https:\\\/\\\/www.destinocastillayleon.es\",\"https:\\\/\\\/www.facebook.com\\\/profile.php?id=1158416854\",\"https:\\\/\\\/instagram.com\\\/conte.pantaleone\",\"https:\\\/\\\/www.linkedin.com\\\/pub\\\/david-vazquez-lozano\\\/37\\\/17a\\\/25a\",\"https:\\\/\\\/x.com\\\/https:\\\/\\\/twitter.com\\\/ContePantaleone\u200e\"],\"url\":\"https:\\\/\\\/destinocastillayleon.es\\\/index\\\/author\\\/coadministradorcyl\\\/\"}]}<\/script>\n<!-- \/ Yoast SEO Premium plugin. -->","yoast_head_json":{"title":"\u00c1greda, La Villa de las tres culturas del Moncayo - DestinoCyL","description":"Te descubrimos las muchas cosas que tiene para visitar la villa de \u00c1greda, en Soria; un conjunto hist\u00f3rico art\u00edstico sorprendente.","robots":{"index":"index","follow":"follow","max-snippet":"max-snippet:-1","max-image-preview":"max-image-preview:large","max-video-preview":"max-video-preview:-1"},"canonical":"https:\/\/destinocastillayleon.es\/index\/agreda-la-villa-del-moncayo-soriana\/","og_locale":"es_ES","og_type":"article","og_title":"\u00c1greda, La Villa de las tres culturas a los pies del Moncayo - Destino Castilla y Le\u00f3n","og_description":"Te descubrimos las muchas cosas que tiene para visitar la villa de \u00c1greda, en Soria; un conjunto hist\u00f3rico art\u00edstico sorprendente, con muchos encantos culturales, gastron\u00f3micos y naturales, a los pies del Parque Natural Agreda Moncayo m\u00e1gico.","og_url":"https:\/\/destinocastillayleon.es\/index\/agreda-la-villa-del-moncayo-soriana\/","og_site_name":"Destino Castilla y Le\u00f3n","article_publisher":"https:\/\/www.facebook.com\/DestinoCastillaYLeon\/","article_author":"https:\/\/www.facebook.com\/profile.php?id=1158416854","article_published_time":"2024-06-03T09:01:39+00:00","og_image":[{"width":1210,"height":656,"url":"https:\/\/destinocastillayleon.es\/index\/wp-content\/uploads\/2024\/06\/Agreda-Destino-Castilla-y-Leon.jpg","type":"image\/jpeg"}],"author":"David V\u00e1zquez","twitter_card":"summary_large_image","twitter_title":"\u00c1greda, La Villa de las tres culturas a los pies del Moncayo - Destino Castilla y Le\u00f3n","twitter_description":"Te descubrimos las muchas cosas que tiene para visitar la villa de \u00c1greda, en Soria; un conjunto hist\u00f3rico art\u00edstico sorprendente, con muchos encantos culturales, gastron\u00f3micos y naturales, a los pies del Parque Natural Agreda Moncayo m\u00e1gico.","twitter_creator":"@https:\/\/twitter.com\/ContePantaleone\u200e","twitter_site":"@destinocyl","twitter_misc":{"Escrito por":"David V\u00e1zquez","Tiempo de lectura":"47 minutos"},"schema":{"@context":"https:\/\/schema.org","@graph":[{"@type":"Article","@id":"https:\/\/destinocastillayleon.es\/index\/agreda-la-villa-del-moncayo-soriana\/#article","isPartOf":{"@id":"https:\/\/destinocastillayleon.es\/index\/agreda-la-villa-del-moncayo-soriana\/"},"author":{"name":"David V\u00e1zquez","@id":"https:\/\/destinocastillayleon.es\/index\/#\/schema\/person\/189221bc8f6cc4fa28b18ad5c289d4c2"},"headline":"\u00c1greda, la villa de las tres culturas a los pies del Moncayo","datePublished":"2024-06-03T09:01:39+00:00","mainEntityOfPage":{"@id":"https:\/\/destinocastillayleon.es\/index\/agreda-la-villa-del-moncayo-soriana\/"},"wordCount":7868,"commentCount":0,"image":{"@id":"https:\/\/destinocastillayleon.es\/index\/agreda-la-villa-del-moncayo-soriana\/#primaryimage"},"thumbnailUrl":"https:\/\/destinocastillayleon.es\/index\/wp-content\/uploads\/2024\/06\/Agreda-Destino-Castilla-y-Leon.jpg","keywords":["\u00c1greda","Soria"],"articleSection":["Inspirate","Post_inicial","Punto Singular","Rutas","Rutas por Castilla y Le\u00f3n","Soria","Soria turismo"],"inLanguage":"es","potentialAction":[{"@type":"CommentAction","name":"Comment","target":["https:\/\/destinocastillayleon.es\/index\/agreda-la-villa-del-moncayo-soriana\/#respond"]}]},{"@type":"WebPage","@id":"https:\/\/destinocastillayleon.es\/index\/agreda-la-villa-del-moncayo-soriana\/","url":"https:\/\/destinocastillayleon.es\/index\/agreda-la-villa-del-moncayo-soriana\/","name":"\u00c1greda, La Villa de las tres culturas del Moncayo - DestinoCyL","isPartOf":{"@id":"https:\/\/destinocastillayleon.es\/index\/#website"},"primaryImageOfPage":{"@id":"https:\/\/destinocastillayleon.es\/index\/agreda-la-villa-del-moncayo-soriana\/#primaryimage"},"image":{"@id":"https:\/\/destinocastillayleon.es\/index\/agreda-la-villa-del-moncayo-soriana\/#primaryimage"},"thumbnailUrl":"https:\/\/destinocastillayleon.es\/index\/wp-content\/uploads\/2024\/06\/Agreda-Destino-Castilla-y-Leon.jpg","datePublished":"2024-06-03T09:01:39+00:00","author":{"@id":"https:\/\/destinocastillayleon.es\/index\/#\/schema\/person\/189221bc8f6cc4fa28b18ad5c289d4c2"},"description":"Te descubrimos las muchas cosas que tiene para visitar la villa de \u00c1greda, en Soria; un conjunto hist\u00f3rico art\u00edstico sorprendente.","breadcrumb":{"@id":"https:\/\/destinocastillayleon.es\/index\/agreda-la-villa-del-moncayo-soriana\/#breadcrumb"},"inLanguage":"es","potentialAction":[{"@type":"ReadAction","target":["https:\/\/destinocastillayleon.es\/index\/agreda-la-villa-del-moncayo-soriana\/"]}]},{"@type":"ImageObject","inLanguage":"es","@id":"https:\/\/destinocastillayleon.es\/index\/agreda-la-villa-del-moncayo-soriana\/#primaryimage","url":"https:\/\/destinocastillayleon.es\/index\/wp-content\/uploads\/2024\/06\/Agreda-Destino-Castilla-y-Leon.jpg","contentUrl":"https:\/\/destinocastillayleon.es\/index\/wp-content\/uploads\/2024\/06\/Agreda-Destino-Castilla-y-Leon.jpg","width":1210,"height":656,"caption":"\u00c1greda - Destino Castilla y Le\u00f3n"},{"@type":"BreadcrumbList","@id":"https:\/\/destinocastillayleon.es\/index\/agreda-la-villa-del-moncayo-soriana\/#breadcrumb","itemListElement":[{"@type":"ListItem","position":1,"name":"Portada","item":"https:\/\/destinocastillayleon.es\/index\/"},{"@type":"ListItem","position":2,"name":"\u00c1greda, la villa de las tres culturas a los pies del Moncayo"}]},{"@type":"WebSite","@id":"https:\/\/destinocastillayleon.es\/index\/#website","url":"https:\/\/destinocastillayleon.es\/index\/","name":"Destino Castilla y Le\u00f3n","description":"Medio digital independiente y revista de Castilla y Le\u00f3n dedicado al turismo, gastronom\u00eda y vino de Castilla y Le\u00f3n","potentialAction":[{"@type":"SearchAction","target":{"@type":"EntryPoint","urlTemplate":"https:\/\/destinocastillayleon.es\/index\/?s={search_term_string}"},"query-input":{"@type":"PropertyValueSpecification","valueRequired":true,"valueName":"search_term_string"}}],"inLanguage":"es"},{"@type":"Person","@id":"https:\/\/destinocastillayleon.es\/index\/#\/schema\/person\/189221bc8f6cc4fa28b18ad5c289d4c2","name":"David V\u00e1zquez","image":{"@type":"ImageObject","inLanguage":"es","@id":"https:\/\/secure.gravatar.com\/avatar\/cd12db6c575a90c3b75cfa0f794b74d425201c768612fad17e9f13cd33d48be8?s=96&d=mm&r=g","url":"https:\/\/secure.gravatar.com\/avatar\/cd12db6c575a90c3b75cfa0f794b74d425201c768612fad17e9f13cd33d48be8?s=96&d=mm&r=g","contentUrl":"https:\/\/secure.gravatar.com\/avatar\/cd12db6c575a90c3b75cfa0f794b74d425201c768612fad17e9f13cd33d48be8?s=96&d=mm&r=g","caption":"David V\u00e1zquez"},"description":"Ingeniero Industrial de vocaci\u00f3n y profesi\u00f3n, he encontrado en los blogs la forma de plasmar mi pasi\u00f3n por los viajes, la gastronom\u00eda y los vinos. Especialmente los procedentes de Castilla y Le\u00f3n","sameAs":["https:\/\/www.destinocastillayleon.es","https:\/\/www.facebook.com\/profile.php?id=1158416854","https:\/\/instagram.com\/conte.pantaleone","https:\/\/www.linkedin.com\/pub\/david-vazquez-lozano\/37\/17a\/25a","https:\/\/x.com\/https:\/\/twitter.com\/ContePantaleone\u200e"],"url":"https:\/\/destinocastillayleon.es\/index\/author\/coadministradorcyl\/"}]}},"_links":{"self":[{"href":"https:\/\/destinocastillayleon.es\/index\/wp-json\/wp\/v2\/posts\/38633","targetHints":{"allow":["GET"]}}],"collection":[{"href":"https:\/\/destinocastillayleon.es\/index\/wp-json\/wp\/v2\/posts"}],"about":[{"href":"https:\/\/destinocastillayleon.es\/index\/wp-json\/wp\/v2\/types\/post"}],"author":[{"embeddable":true,"href":"https:\/\/destinocastillayleon.es\/index\/wp-json\/wp\/v2\/users\/2"}],"replies":[{"embeddable":true,"href":"https:\/\/destinocastillayleon.es\/index\/wp-json\/wp\/v2\/comments?post=38633"}],"version-history":[{"count":22,"href":"https:\/\/destinocastillayleon.es\/index\/wp-json\/wp\/v2\/posts\/38633\/revisions"}],"predecessor-version":[{"id":38762,"href":"https:\/\/destinocastillayleon.es\/index\/wp-json\/wp\/v2\/posts\/38633\/revisions\/38762"}],"wp:featuredmedia":[{"embeddable":true,"href":"https:\/\/destinocastillayleon.es\/index\/wp-json\/wp\/v2\/media\/38760"}],"wp:attachment":[{"href":"https:\/\/destinocastillayleon.es\/index\/wp-json\/wp\/v2\/media?parent=38633"}],"wp:term":[{"taxonomy":"category","embeddable":true,"href":"https:\/\/destinocastillayleon.es\/index\/wp-json\/wp\/v2\/categories?post=38633"},{"taxonomy":"post_tag","embeddable":true,"href":"https:\/\/destinocastillayleon.es\/index\/wp-json\/wp\/v2\/tags?post=38633"}],"curies":[{"name":"wp","href":"https:\/\/api.w.org\/{rel}","templated":true}]}}