{"id":38493,"date":"2024-03-22T11:17:07","date_gmt":"2024-03-22T10:17:07","guid":{"rendered":"https:\/\/destinocastillayleon.es\/index\/?p=38493"},"modified":"2024-03-22T11:17:07","modified_gmt":"2024-03-22T10:17:07","slug":"vuelta-al-medievo-en-san-miguel-del-pino","status":"publish","type":"post","link":"https:\/\/destinocastillayleon.es\/index\/vuelta-al-medievo-en-san-miguel-del-pino\/","title":{"rendered":"Vuelta al medievo en San Miguel del Pino"},"content":{"rendered":"<p>Acabamos de saber que uno de nuestros pueblos favoritos, <strong>San Miguel del Pino, muy cerca de Valladolid, celebra esta Semana Santa unas visitas guiadas musicales<\/strong> muy especiales dedicadas, vuelta al medievo.<\/p>\n<p>Hace tiempo, ya os contamos <strong><a href=\"https:\/\/destinocastillayleon.es\/index\/san-miguel-del-pino\/\">qu\u00e9 ver<\/a> en esta poblaci\u00f3n casi tan pr\u00f3xima a Tordesillas como a Simancas,<\/strong> con lo que puede ser un complemento para una escapada familiar a cualquiera de estas dos villas hist\u00f3ricas. Pero es que, adem\u00e1s, aunque actualmente no posee una gran poblaci\u00f3n estable, <strong>no es por falta de atractivo.<\/strong><\/p>\n<p><center><iframe width=\"560\" height=\"315\" src=\"https:\/\/www.youtube.com\/embed\/_0MuG56rY3w?si=p1XX71c_SSHVAkxa\" title=\"YouTube video player\" frameborder=\"0\" allow=\"accelerometer; autoplay; clipboard-write; encrypted-media; gyroscope; picture-in-picture; web-share\" allowfullscreen><\/iframe><\/center><br \/>\n&nbsp;<\/p>\n<h2><strong>Vuelta al medievo en San Miguel del Pino<\/strong><\/h2>\n<p>Pues dentro de su programa de actividades para esta Semana Santa <strong>hay una que no os deb\u00e9is perder.<\/strong> Se trata de una visita guiada, que no solo es teatralizada, <strong>si no que se adorna con m\u00fasica en directo.<\/strong><\/p>\n<figure id=\"attachment_38495\" aria-describedby=\"caption-attachment-38495\" style=\"width: 353px\" class=\"wp-caption aligncenter\"><img decoding=\"async\" src=\"https:\/\/destinocastillayleon.es\/index\/wp-content\/uploads\/2024\/03\/Cartel-de-las-jornadas.jpg\" alt=\"Vuelta al medievo en San Miguel del Pino\" title=\"Cartel de las jornadas\" width=\"353\" height=\"500\" class=\"size-full wp-image-38495\" srcset=\"https:\/\/destinocastillayleon.es\/index\/wp-content\/uploads\/2024\/03\/Cartel-de-las-jornadas.jpg 353w, https:\/\/destinocastillayleon.es\/index\/wp-content\/uploads\/2024\/03\/Cartel-de-las-jornadas-212x300.jpg 212w\" sizes=\"(max-width: 353px) 100vw, 353px\" \/><figcaption id=\"caption-attachment-38495\" class=\"wp-caption-text\">Cartel de las jornadas<\/figcaption><\/figure>\n<p>Es un programa especial <strong>donde no solo conocer\u00e9is la historia y los monumentos de esta localidad junto al Duero, si no que, adem\u00e1s, podr\u00e9is disfrutar de piezas interpretadas en directo<\/strong> gracias al personal de la oficina de turismo de San Miguel del Pino y a la int\u00e9rprete \u00c1gueda, del grupo musical Alicornio.<\/p>\n<p>Os dejamos <strong>un link<\/strong> a <a href=\"https:\/\/youtu.be\/_0MuG56rY3w?si=p1XX71c_SSHVAkxa\" rel=\"noopener\" target=\"_blank\">una representaci\u00f3n<\/a> que disfrutamos el a\u00f1o pasado.<\/p>\n<h3><strong>Un programa muy especial<\/strong><\/h3>\n<p>Se trata de <strong>un pase especial,<\/strong> para el que se necesita realizar reserva previa y alcanzar <strong>un grupo m\u00ednimo de 15 personas.<\/strong> <\/p>\n<p><center><iframe width=\"560\" height=\"315\" src=\"https:\/\/www.youtube.com\/embed\/qzv7OcGV_Ps?si=jHhqO8WeFFo0MWK2\" title=\"YouTube video player\" frameborder=\"0\" allow=\"accelerometer; autoplay; clipboard-write; encrypted-media; gyroscope; picture-in-picture; web-share\" allowfullscreen><\/iframe><\/center><\/p>\n<p><strong>El coste por persona es de 5\u20ac,<\/strong> aunque para menores de 3 a\u00f1os es gratu\u00edto.<\/p>\n<p>Saliendo <strong>desde la Plaza Mayor de la localidad,<\/strong> que es ya en s\u00ed mismo un lugar de inter\u00e9s, pues se localiza extramuros de la propia villa medieval original, el arco de acceso <strong>fue una de las puertas de la muralla,<\/strong> aunque hoy quede integrado en el edificio del Ayuntamiento de San Miguel del Pino.<\/p>\n<figure id=\"attachment_37026\" aria-describedby=\"caption-attachment-37026\" style=\"width: 640px\" class=\"wp-caption aligncenter\"><img decoding=\"async\" src=\"https:\/\/destinocastillayleon.es\/index\/wp-content\/uploads\/2023\/05\/Arco-del-edificio-del-Ayuntamiento-de-San-Miguel-del-Pino-Destino-Castilla-y-Leon.jpg\" alt=\"Arco del edificio del Ayuntamiento de San Miguel del Pino - Destino Castilla y Le\u00f3n\" width=\"640\" height=\"360\" class=\"size-full wp-image-37026\" srcset=\"https:\/\/destinocastillayleon.es\/index\/wp-content\/uploads\/2023\/05\/Arco-del-edificio-del-Ayuntamiento-de-San-Miguel-del-Pino-Destino-Castilla-y-Leon.jpg 640w, https:\/\/destinocastillayleon.es\/index\/wp-content\/uploads\/2023\/05\/Arco-del-edificio-del-Ayuntamiento-de-San-Miguel-del-Pino-Destino-Castilla-y-Leon-300x169.jpg 300w\" sizes=\"(max-width: 640px) 100vw, 640px\" \/><figcaption id=\"caption-attachment-37026\" class=\"wp-caption-text\">Arco del edificio del Ayuntamiento de San Miguel del Pino &#8211; Destino Castilla y Le\u00f3n<\/figcaption><\/figure>\n<p>Desde ah\u00ed, <strong>la visita seguramente os lleve a visitar el interesant\u00edsimo templo dedicado a San Miguel,<\/strong> de origen cruzado, aunque con muchas modificaciones a lo largo de la historia y por supuesto, <strong>una visita a las riberas del Duero,<\/strong> frontera natural entre el norte cristiano y el sur isl\u00e1mico durante el siglo X. <\/p>\n<h4><strong>Si te interesa, reserva<\/strong><\/h4>\n<p>Para realizar esta visita, ten\u00e9is que reservar contactando <strong>con la oficina de turismo: <\/strong><br \/>\nTelf.: +34 621 077 314<br \/>\n@.: <a href=\"mailto:turismosanmigueldelpino@gmail.com\">turismosanmigueldelpino@gmail.com<\/a>.<br \/>\n&nbsp;<\/p>\n<h3><strong>Otras visitas relacionadas<\/strong><\/h3>\n<p>Y aunque pod\u00e9is <strong>disfrutar de la gastronom\u00eda local en algunos de los mesones y tabernas de la poblaci\u00f3n,<\/strong> muy cerca pod\u00e9is disfrutar como hemos dicho tanto de <strong>Tordesillas,<\/strong> una de las villas m\u00e1s importantes del mundo durante el siglo XV y XVI, donde tambi\u00e9n pod\u00e9is realizar alguna <a href=\"https:\/\/www.civitatis.com\/es\/tordesillas\/visita-guiada-tordesillas\/?aid=99913\" rel=\"Nofollow noopener\" target=\"_blank\">visita guiada a la poblaci\u00f3n<\/a>, o <a href=\"https:\/\/www.civitatis.com\/es\/tordesillas\/visita-bodega-muelas\/?aid=99913\" rel=\"Nofollow noopener\" target=\"_blank\">visitar una de las bodegas hist\u00f3ricas m\u00e1s atractivas<\/a>; las Bodegas Muela, que sigue en producci\u00f3n.<\/p>\n<figure id=\"attachment_35473\" aria-describedby=\"caption-attachment-35473\" style=\"width: 640px\" class=\"wp-caption aligncenter\"><img decoding=\"async\" src=\"https:\/\/destinocastillayleon.es\/index\/wp-content\/uploads\/2022\/06\/Visita-a-Tordesillas-Destino-Castilla-y-Leon.jpg\" alt=\"Visita a Tordesillas - Destino Castilla y Le\u00f3n\" width=\"640\" class=\"size-full wp-image-35473\" srcset=\"https:\/\/destinocastillayleon.es\/index\/wp-content\/uploads\/2022\/06\/Visita-a-Tordesillas-Destino-Castilla-y-Leon.jpg 868w, https:\/\/destinocastillayleon.es\/index\/wp-content\/uploads\/2022\/06\/Visita-a-Tordesillas-Destino-Castilla-y-Leon-300x161.jpg 300w, https:\/\/destinocastillayleon.es\/index\/wp-content\/uploads\/2022\/06\/Visita-a-Tordesillas-Destino-Castilla-y-Leon-768x411.jpg 768w\" sizes=\"(max-width: 868px) 100vw, 868px\" \/><figcaption id=\"caption-attachment-35473\" class=\"wp-caption-text\">Visita a Tordesillas &#8211; Destino Castilla y Le\u00f3n<\/figcaption><\/figure>\n<p><strong>O tambi\u00e9n Simancas,<\/strong> donde el Pisuerga, que lleva el agua, se une al Duero. Y ya un poco m\u00e1s lejos, tampoco mucho, de <strong>Medina del Campo, Villa de las Ferias.<\/strong><\/p>\n<p>Y ya veis como una tarde de martes, <strong>se puede transformar en una escapada diferente en un lugar muy especial<\/strong> al que nosotros le tenemos mucho cari\u00f1o, pese a que no nos liga nada con \u00e9l.<br \/>\n&nbsp;<br \/>\n&nbsp;<br \/>\nY ahora es vuestro turno, <strong>\u00bfConoc\u00edas esta localidad? \u00bfHab\u00e9is realizado alguna de las visitas musicales como esta Vuelta al medievo en San Miguel de Pino?<\/strong> Comparte tu experiencia dej\u00e1ndonos un comentario.<br \/>\n&nbsp;<\/p>\n<h4>Tambi\u00e9n te puede interesar<\/h4>\n<ul>\n<li><a href=\"https:\/\/destinocastillayleon.es\/index\/san-miguel-del-pino\/\" rel=\"noopener\" target=\"_blank\">San Miguel del Pino, un pueblo a las orillas del Duero<\/a>.<\/li>\n<li><a href=\"https:\/\/destinocastillayleon.es\/index\/guia-para-visitar-tordesillas\/\">Visitas guiadas teatralizadas a Tordesillas 2023<\/a>.<\/li>\n<li><a href=\"https:\/\/destinocastillayleon.es\/index\/visita-a-bodega-muela\/\">Enoturismo en Tordesillas, visita a Bodega Muela<\/a>.<\/li>\n<\/ul>\n<p>&nbsp;<\/p>\n","protected":false},"excerpt":{"rendered":"<p>Esta Semana Santa, tienes un plan muy especial con una visita guiada musicalizada, con Vuelta al medievo en San Miguel de Pino, muy cerca de Tordesillas.<\/p>\n","protected":false},"author":2,"featured_media":38499,"comment_status":"open","ping_status":"closed","sticky":false,"template":"","format":"standard","meta":{"rop_custom_images_group":[],"rop_custom_messages_group":[],"rop_publish_now":"initial","rop_publish_now_accounts":{"twitter_1150954226_1150954226":""},"rop_publish_now_history":[],"rop_publish_now_status":"pending","footnotes":""},"categories":[77,1343,5511,68,4800],"tags":[6082],"class_list":["post-38493","post","type-post","status-publish","format-standard","has-post-thumbnail","hentry","category-actualidad-y-agenda-de-castilla-y-leon","category-agenda","category-no-rescatar-en-rrss","category-post_inicial","category-valladolid-actualidad","tag-san-miguel-del-pino"],"yoast_head":"<!-- This site is optimized with the Yoast SEO Premium plugin v20.4 (Yoast SEO v27.4) - https:\/\/yoast.com\/product\/yoast-seo-premium-wordpress\/ -->\n<title>Vuelta al medievo en San Miguel de Pino \u2013 Destino Castilla y Le\u00f3n<\/title>\n<meta name=\"description\" content=\"Esta Semana Santa, tienes un plan especial con la visita guiada Vuelta al Medievo en San Miguel de Pino, muy cerca de Tordesillas.\" \/>\n<meta name=\"robots\" content=\"index, follow, max-snippet:-1, max-image-preview:large, max-video-preview:-1\" \/>\n<link rel=\"canonical\" href=\"https:\/\/destinocastillayleon.es\/index\/vuelta-al-medievo-en-san-miguel-del-pino\/\" \/>\n<meta property=\"og:locale\" content=\"es_ES\" \/>\n<meta property=\"og:type\" content=\"article\" \/>\n<meta property=\"og:title\" content=\"Vuelta al medievo en San Miguel de Pino \u2013 Destino Castilla y Le\u00f3n\" \/>\n<meta property=\"og:description\" content=\"Esta Semana Santa, tienes un plan muy especial con una visita guiada musicalizada, con Vuelta al medievo en San Miguel de Pino, muy cerca de Tordesillas.\" \/>\n<meta property=\"og:url\" content=\"https:\/\/destinocastillayleon.es\/index\/vuelta-al-medievo-en-san-miguel-del-pino\/\" \/>\n<meta property=\"og:site_name\" content=\"Destino Castilla y Le\u00f3n\" \/>\n<meta property=\"article:publisher\" content=\"https:\/\/www.facebook.com\/DestinoCastillaYLeon\/\" \/>\n<meta property=\"article:author\" content=\"https:\/\/www.facebook.com\/profile.php?id=1158416854\" \/>\n<meta property=\"article:published_time\" content=\"2024-03-22T10:17:07+00:00\" \/>\n<meta property=\"og:image\" content=\"https:\/\/destinocastillayleon.es\/index\/wp-content\/uploads\/2024\/03\/San-Miguel-del-Pino.jpg\" \/>\n\t<meta property=\"og:image:width\" content=\"1210\" \/>\n\t<meta property=\"og:image:height\" content=\"655\" \/>\n\t<meta property=\"og:image:type\" content=\"image\/jpeg\" \/>\n<meta name=\"author\" content=\"David V\u00e1zquez\" \/>\n<meta name=\"twitter:card\" content=\"summary_large_image\" \/>\n<meta name=\"twitter:title\" content=\"Vuelta al medievo en San Miguel de Pino \u2013 Destino Castilla y Le\u00f3n\" \/>\n<meta name=\"twitter:description\" content=\"Esta Semana Santa, tienes un plan muy especial con una visita guiada musicalizada, con Vuelta al medievo en San Miguel de Pino, muy cerca de Tordesillas.\" \/>\n<meta name=\"twitter:creator\" content=\"@https:\/\/twitter.com\/ContePantaleone\u200e\" \/>\n<meta name=\"twitter:site\" content=\"@destinocyl\" \/>\n<meta name=\"twitter:label1\" content=\"Escrito por\" \/>\n\t<meta name=\"twitter:data1\" content=\"David V\u00e1zquez\" \/>\n\t<meta name=\"twitter:label2\" content=\"Tiempo de lectura\" \/>\n\t<meta name=\"twitter:data2\" content=\"4 minutos\" \/>\n<script type=\"application\/ld+json\" class=\"yoast-schema-graph\">{\"@context\":\"https:\\\/\\\/schema.org\",\"@graph\":[{\"@type\":\"Article\",\"@id\":\"https:\\\/\\\/destinocastillayleon.es\\\/index\\\/vuelta-al-medievo-en-san-miguel-del-pino\\\/#article\",\"isPartOf\":{\"@id\":\"https:\\\/\\\/destinocastillayleon.es\\\/index\\\/vuelta-al-medievo-en-san-miguel-del-pino\\\/\"},\"author\":{\"name\":\"David V\u00e1zquez\",\"@id\":\"https:\\\/\\\/destinocastillayleon.es\\\/index\\\/#\\\/schema\\\/person\\\/189221bc8f6cc4fa28b18ad5c289d4c2\"},\"headline\":\"Vuelta al medievo en San Miguel del Pino\",\"datePublished\":\"2024-03-22T10:17:07+00:00\",\"mainEntityOfPage\":{\"@id\":\"https:\\\/\\\/destinocastillayleon.es\\\/index\\\/vuelta-al-medievo-en-san-miguel-del-pino\\\/\"},\"wordCount\":658,\"commentCount\":1,\"image\":{\"@id\":\"https:\\\/\\\/destinocastillayleon.es\\\/index\\\/vuelta-al-medievo-en-san-miguel-del-pino\\\/#primaryimage\"},\"thumbnailUrl\":\"https:\\\/\\\/destinocastillayleon.es\\\/index\\\/wp-content\\\/uploads\\\/2024\\\/03\\\/San-Miguel-del-Pino.jpg\",\"keywords\":[\"San Miguel del Pino\"],\"articleSection\":[\"Actualidad\",\"Agenda\",\"No rescatar en RRSS\",\"Post_inicial\",\"Valladolid Actualidad\"],\"inLanguage\":\"es\",\"potentialAction\":[{\"@type\":\"CommentAction\",\"name\":\"Comment\",\"target\":[\"https:\\\/\\\/destinocastillayleon.es\\\/index\\\/vuelta-al-medievo-en-san-miguel-del-pino\\\/#respond\"]}]},{\"@type\":\"WebPage\",\"@id\":\"https:\\\/\\\/destinocastillayleon.es\\\/index\\\/vuelta-al-medievo-en-san-miguel-del-pino\\\/\",\"url\":\"https:\\\/\\\/destinocastillayleon.es\\\/index\\\/vuelta-al-medievo-en-san-miguel-del-pino\\\/\",\"name\":\"Vuelta al medievo en San Miguel de Pino \u2013 Destino Castilla y Le\u00f3n\",\"isPartOf\":{\"@id\":\"https:\\\/\\\/destinocastillayleon.es\\\/index\\\/#website\"},\"primaryImageOfPage\":{\"@id\":\"https:\\\/\\\/destinocastillayleon.es\\\/index\\\/vuelta-al-medievo-en-san-miguel-del-pino\\\/#primaryimage\"},\"image\":{\"@id\":\"https:\\\/\\\/destinocastillayleon.es\\\/index\\\/vuelta-al-medievo-en-san-miguel-del-pino\\\/#primaryimage\"},\"thumbnailUrl\":\"https:\\\/\\\/destinocastillayleon.es\\\/index\\\/wp-content\\\/uploads\\\/2024\\\/03\\\/San-Miguel-del-Pino.jpg\",\"datePublished\":\"2024-03-22T10:17:07+00:00\",\"author\":{\"@id\":\"https:\\\/\\\/destinocastillayleon.es\\\/index\\\/#\\\/schema\\\/person\\\/189221bc8f6cc4fa28b18ad5c289d4c2\"},\"description\":\"Esta Semana Santa, tienes un plan especial con la visita guiada Vuelta al Medievo en San Miguel de Pino, muy cerca de Tordesillas.\",\"breadcrumb\":{\"@id\":\"https:\\\/\\\/destinocastillayleon.es\\\/index\\\/vuelta-al-medievo-en-san-miguel-del-pino\\\/#breadcrumb\"},\"inLanguage\":\"es\",\"potentialAction\":[{\"@type\":\"ReadAction\",\"target\":[\"https:\\\/\\\/destinocastillayleon.es\\\/index\\\/vuelta-al-medievo-en-san-miguel-del-pino\\\/\"]}]},{\"@type\":\"ImageObject\",\"inLanguage\":\"es\",\"@id\":\"https:\\\/\\\/destinocastillayleon.es\\\/index\\\/vuelta-al-medievo-en-san-miguel-del-pino\\\/#primaryimage\",\"url\":\"https:\\\/\\\/destinocastillayleon.es\\\/index\\\/wp-content\\\/uploads\\\/2024\\\/03\\\/San-Miguel-del-Pino.jpg\",\"contentUrl\":\"https:\\\/\\\/destinocastillayleon.es\\\/index\\\/wp-content\\\/uploads\\\/2024\\\/03\\\/San-Miguel-del-Pino.jpg\",\"width\":1210,\"height\":655,\"caption\":\"San Miguel del Pino\"},{\"@type\":\"BreadcrumbList\",\"@id\":\"https:\\\/\\\/destinocastillayleon.es\\\/index\\\/vuelta-al-medievo-en-san-miguel-del-pino\\\/#breadcrumb\",\"itemListElement\":[{\"@type\":\"ListItem\",\"position\":1,\"name\":\"Portada\",\"item\":\"https:\\\/\\\/destinocastillayleon.es\\\/index\\\/\"},{\"@type\":\"ListItem\",\"position\":2,\"name\":\"Vuelta al medievo en San Miguel del Pino\"}]},{\"@type\":\"WebSite\",\"@id\":\"https:\\\/\\\/destinocastillayleon.es\\\/index\\\/#website\",\"url\":\"https:\\\/\\\/destinocastillayleon.es\\\/index\\\/\",\"name\":\"Destino Castilla y Le\u00f3n\",\"description\":\"Medio digital independiente y revista de Castilla y Le\u00f3n dedicado al turismo, gastronom\u00eda y vino de Castilla y Le\u00f3n\",\"potentialAction\":[{\"@type\":\"SearchAction\",\"target\":{\"@type\":\"EntryPoint\",\"urlTemplate\":\"https:\\\/\\\/destinocastillayleon.es\\\/index\\\/?s={search_term_string}\"},\"query-input\":{\"@type\":\"PropertyValueSpecification\",\"valueRequired\":true,\"valueName\":\"search_term_string\"}}],\"inLanguage\":\"es\"},{\"@type\":\"Person\",\"@id\":\"https:\\\/\\\/destinocastillayleon.es\\\/index\\\/#\\\/schema\\\/person\\\/189221bc8f6cc4fa28b18ad5c289d4c2\",\"name\":\"David V\u00e1zquez\",\"image\":{\"@type\":\"ImageObject\",\"inLanguage\":\"es\",\"@id\":\"https:\\\/\\\/secure.gravatar.com\\\/avatar\\\/cd12db6c575a90c3b75cfa0f794b74d425201c768612fad17e9f13cd33d48be8?s=96&d=mm&r=g\",\"url\":\"https:\\\/\\\/secure.gravatar.com\\\/avatar\\\/cd12db6c575a90c3b75cfa0f794b74d425201c768612fad17e9f13cd33d48be8?s=96&d=mm&r=g\",\"contentUrl\":\"https:\\\/\\\/secure.gravatar.com\\\/avatar\\\/cd12db6c575a90c3b75cfa0f794b74d425201c768612fad17e9f13cd33d48be8?s=96&d=mm&r=g\",\"caption\":\"David V\u00e1zquez\"},\"description\":\"Ingeniero Industrial de vocaci\u00f3n y profesi\u00f3n, he encontrado en los blogs la forma de plasmar mi pasi\u00f3n por los viajes, la gastronom\u00eda y los vinos. Especialmente los procedentes de Castilla y Le\u00f3n\",\"sameAs\":[\"https:\\\/\\\/www.destinocastillayleon.es\",\"https:\\\/\\\/www.facebook.com\\\/profile.php?id=1158416854\",\"https:\\\/\\\/instagram.com\\\/conte.pantaleone\",\"https:\\\/\\\/www.linkedin.com\\\/pub\\\/david-vazquez-lozano\\\/37\\\/17a\\\/25a\",\"https:\\\/\\\/x.com\\\/https:\\\/\\\/twitter.com\\\/ContePantaleone\u200e\"],\"url\":\"https:\\\/\\\/destinocastillayleon.es\\\/index\\\/author\\\/coadministradorcyl\\\/\"}]}<\/script>\n<!-- \/ Yoast SEO Premium plugin. -->","yoast_head_json":{"title":"Vuelta al medievo en San Miguel de Pino \u2013 Destino Castilla y Le\u00f3n","description":"Esta Semana Santa, tienes un plan especial con la visita guiada Vuelta al Medievo en San Miguel de Pino, muy cerca de Tordesillas.","robots":{"index":"index","follow":"follow","max-snippet":"max-snippet:-1","max-image-preview":"max-image-preview:large","max-video-preview":"max-video-preview:-1"},"canonical":"https:\/\/destinocastillayleon.es\/index\/vuelta-al-medievo-en-san-miguel-del-pino\/","og_locale":"es_ES","og_type":"article","og_title":"Vuelta al medievo en San Miguel de Pino \u2013 Destino Castilla y Le\u00f3n","og_description":"Esta Semana Santa, tienes un plan muy especial con una visita guiada musicalizada, con Vuelta al medievo en San Miguel de Pino, muy cerca de Tordesillas.","og_url":"https:\/\/destinocastillayleon.es\/index\/vuelta-al-medievo-en-san-miguel-del-pino\/","og_site_name":"Destino Castilla y Le\u00f3n","article_publisher":"https:\/\/www.facebook.com\/DestinoCastillaYLeon\/","article_author":"https:\/\/www.facebook.com\/profile.php?id=1158416854","article_published_time":"2024-03-22T10:17:07+00:00","og_image":[{"width":1210,"height":655,"url":"https:\/\/destinocastillayleon.es\/index\/wp-content\/uploads\/2024\/03\/San-Miguel-del-Pino.jpg","type":"image\/jpeg"}],"author":"David V\u00e1zquez","twitter_card":"summary_large_image","twitter_title":"Vuelta al medievo en San Miguel de Pino \u2013 Destino Castilla y Le\u00f3n","twitter_description":"Esta Semana Santa, tienes un plan muy especial con una visita guiada musicalizada, con Vuelta al medievo en San Miguel de Pino, muy cerca de Tordesillas.","twitter_creator":"@https:\/\/twitter.com\/ContePantaleone\u200e","twitter_site":"@destinocyl","twitter_misc":{"Escrito por":"David V\u00e1zquez","Tiempo de lectura":"4 minutos"},"schema":{"@context":"https:\/\/schema.org","@graph":[{"@type":"Article","@id":"https:\/\/destinocastillayleon.es\/index\/vuelta-al-medievo-en-san-miguel-del-pino\/#article","isPartOf":{"@id":"https:\/\/destinocastillayleon.es\/index\/vuelta-al-medievo-en-san-miguel-del-pino\/"},"author":{"name":"David V\u00e1zquez","@id":"https:\/\/destinocastillayleon.es\/index\/#\/schema\/person\/189221bc8f6cc4fa28b18ad5c289d4c2"},"headline":"Vuelta al medievo en San Miguel del Pino","datePublished":"2024-03-22T10:17:07+00:00","mainEntityOfPage":{"@id":"https:\/\/destinocastillayleon.es\/index\/vuelta-al-medievo-en-san-miguel-del-pino\/"},"wordCount":658,"commentCount":1,"image":{"@id":"https:\/\/destinocastillayleon.es\/index\/vuelta-al-medievo-en-san-miguel-del-pino\/#primaryimage"},"thumbnailUrl":"https:\/\/destinocastillayleon.es\/index\/wp-content\/uploads\/2024\/03\/San-Miguel-del-Pino.jpg","keywords":["San Miguel del Pino"],"articleSection":["Actualidad","Agenda","No rescatar en RRSS","Post_inicial","Valladolid Actualidad"],"inLanguage":"es","potentialAction":[{"@type":"CommentAction","name":"Comment","target":["https:\/\/destinocastillayleon.es\/index\/vuelta-al-medievo-en-san-miguel-del-pino\/#respond"]}]},{"@type":"WebPage","@id":"https:\/\/destinocastillayleon.es\/index\/vuelta-al-medievo-en-san-miguel-del-pino\/","url":"https:\/\/destinocastillayleon.es\/index\/vuelta-al-medievo-en-san-miguel-del-pino\/","name":"Vuelta al medievo en San Miguel de Pino \u2013 Destino Castilla y Le\u00f3n","isPartOf":{"@id":"https:\/\/destinocastillayleon.es\/index\/#website"},"primaryImageOfPage":{"@id":"https:\/\/destinocastillayleon.es\/index\/vuelta-al-medievo-en-san-miguel-del-pino\/#primaryimage"},"image":{"@id":"https:\/\/destinocastillayleon.es\/index\/vuelta-al-medievo-en-san-miguel-del-pino\/#primaryimage"},"thumbnailUrl":"https:\/\/destinocastillayleon.es\/index\/wp-content\/uploads\/2024\/03\/San-Miguel-del-Pino.jpg","datePublished":"2024-03-22T10:17:07+00:00","author":{"@id":"https:\/\/destinocastillayleon.es\/index\/#\/schema\/person\/189221bc8f6cc4fa28b18ad5c289d4c2"},"description":"Esta Semana Santa, tienes un plan especial con la visita guiada Vuelta al Medievo en San Miguel de Pino, muy cerca de Tordesillas.","breadcrumb":{"@id":"https:\/\/destinocastillayleon.es\/index\/vuelta-al-medievo-en-san-miguel-del-pino\/#breadcrumb"},"inLanguage":"es","potentialAction":[{"@type":"ReadAction","target":["https:\/\/destinocastillayleon.es\/index\/vuelta-al-medievo-en-san-miguel-del-pino\/"]}]},{"@type":"ImageObject","inLanguage":"es","@id":"https:\/\/destinocastillayleon.es\/index\/vuelta-al-medievo-en-san-miguel-del-pino\/#primaryimage","url":"https:\/\/destinocastillayleon.es\/index\/wp-content\/uploads\/2024\/03\/San-Miguel-del-Pino.jpg","contentUrl":"https:\/\/destinocastillayleon.es\/index\/wp-content\/uploads\/2024\/03\/San-Miguel-del-Pino.jpg","width":1210,"height":655,"caption":"San Miguel del Pino"},{"@type":"BreadcrumbList","@id":"https:\/\/destinocastillayleon.es\/index\/vuelta-al-medievo-en-san-miguel-del-pino\/#breadcrumb","itemListElement":[{"@type":"ListItem","position":1,"name":"Portada","item":"https:\/\/destinocastillayleon.es\/index\/"},{"@type":"ListItem","position":2,"name":"Vuelta al medievo en San Miguel del Pino"}]},{"@type":"WebSite","@id":"https:\/\/destinocastillayleon.es\/index\/#website","url":"https:\/\/destinocastillayleon.es\/index\/","name":"Destino Castilla y Le\u00f3n","description":"Medio digital independiente y revista de Castilla y Le\u00f3n dedicado al turismo, gastronom\u00eda y vino de Castilla y Le\u00f3n","potentialAction":[{"@type":"SearchAction","target":{"@type":"EntryPoint","urlTemplate":"https:\/\/destinocastillayleon.es\/index\/?s={search_term_string}"},"query-input":{"@type":"PropertyValueSpecification","valueRequired":true,"valueName":"search_term_string"}}],"inLanguage":"es"},{"@type":"Person","@id":"https:\/\/destinocastillayleon.es\/index\/#\/schema\/person\/189221bc8f6cc4fa28b18ad5c289d4c2","name":"David V\u00e1zquez","image":{"@type":"ImageObject","inLanguage":"es","@id":"https:\/\/secure.gravatar.com\/avatar\/cd12db6c575a90c3b75cfa0f794b74d425201c768612fad17e9f13cd33d48be8?s=96&d=mm&r=g","url":"https:\/\/secure.gravatar.com\/avatar\/cd12db6c575a90c3b75cfa0f794b74d425201c768612fad17e9f13cd33d48be8?s=96&d=mm&r=g","contentUrl":"https:\/\/secure.gravatar.com\/avatar\/cd12db6c575a90c3b75cfa0f794b74d425201c768612fad17e9f13cd33d48be8?s=96&d=mm&r=g","caption":"David V\u00e1zquez"},"description":"Ingeniero Industrial de vocaci\u00f3n y profesi\u00f3n, he encontrado en los blogs la forma de plasmar mi pasi\u00f3n por los viajes, la gastronom\u00eda y los vinos. Especialmente los procedentes de Castilla y Le\u00f3n","sameAs":["https:\/\/www.destinocastillayleon.es","https:\/\/www.facebook.com\/profile.php?id=1158416854","https:\/\/instagram.com\/conte.pantaleone","https:\/\/www.linkedin.com\/pub\/david-vazquez-lozano\/37\/17a\/25a","https:\/\/x.com\/https:\/\/twitter.com\/ContePantaleone\u200e"],"url":"https:\/\/destinocastillayleon.es\/index\/author\/coadministradorcyl\/"}]}},"_links":{"self":[{"href":"https:\/\/destinocastillayleon.es\/index\/wp-json\/wp\/v2\/posts\/38493","targetHints":{"allow":["GET"]}}],"collection":[{"href":"https:\/\/destinocastillayleon.es\/index\/wp-json\/wp\/v2\/posts"}],"about":[{"href":"https:\/\/destinocastillayleon.es\/index\/wp-json\/wp\/v2\/types\/post"}],"author":[{"embeddable":true,"href":"https:\/\/destinocastillayleon.es\/index\/wp-json\/wp\/v2\/users\/2"}],"replies":[{"embeddable":true,"href":"https:\/\/destinocastillayleon.es\/index\/wp-json\/wp\/v2\/comments?post=38493"}],"version-history":[{"count":7,"href":"https:\/\/destinocastillayleon.es\/index\/wp-json\/wp\/v2\/posts\/38493\/revisions"}],"predecessor-version":[{"id":38520,"href":"https:\/\/destinocastillayleon.es\/index\/wp-json\/wp\/v2\/posts\/38493\/revisions\/38520"}],"wp:featuredmedia":[{"embeddable":true,"href":"https:\/\/destinocastillayleon.es\/index\/wp-json\/wp\/v2\/media\/38499"}],"wp:attachment":[{"href":"https:\/\/destinocastillayleon.es\/index\/wp-json\/wp\/v2\/media?parent=38493"}],"wp:term":[{"taxonomy":"category","embeddable":true,"href":"https:\/\/destinocastillayleon.es\/index\/wp-json\/wp\/v2\/categories?post=38493"},{"taxonomy":"post_tag","embeddable":true,"href":"https:\/\/destinocastillayleon.es\/index\/wp-json\/wp\/v2\/tags?post=38493"}],"curies":[{"name":"wp","href":"https:\/\/api.w.org\/{rel}","templated":true}]}}