{"id":38445,"date":"2024-03-20T08:30:22","date_gmt":"2024-03-20T07:30:22","guid":{"rendered":"https:\/\/destinocastillayleon.es\/index\/?p=38445"},"modified":"2024-03-20T11:49:23","modified_gmt":"2024-03-20T10:49:23","slug":"la-ruta-del-duero-de-zamora-a-oporto","status":"publish","type":"post","link":"https:\/\/destinocastillayleon.es\/index\/la-ruta-del-duero-de-zamora-a-oporto\/","title":{"rendered":"La ruta del Duero, de Zamora a Oporto"},"content":{"rendered":"<p>Somos amigos del turismo de interior, <strong>aunque no nos cerramos a visitar otros destinos. En ocasiones, destinos ligados a Castilla y Le\u00f3n.<\/strong> Por eso, siguiendo por nuestro querido Duero-Douro, <strong>junto a los compa\u00f1eros de Destino y Sabor visita un destino t\u00edpico en Portugal,<\/strong> Oporto.<\/p>\n<h3><strong>\u00edndice de contenidos<\/strong><\/h3>\n<p>Como en otras ocasiones, <strong>hemos preparado un \u00edndice con los puntos m\u00e1s importantes de la publicaci\u00f3n.<\/strong> Pinchando en ellos, puedes ir directamente a esa parte del contenido.<\/p>\n<p><strong>Prepara el viaje:<\/strong><\/p>\n<ul>\n<li><a href=\"#Duero\">El r\u00edo Duero-Douro, padre de muchos vinos<\/a>.<\/li>\n<li><a href=\"#Dormir\">Un viaje cuyo destino es la ruta. Propuestas de alojamiento en Oporto<\/a>.<\/li>\n<\/ul>\n<p><strong>Disfrutando del mismo viaje:<\/strong><\/p>\n<ul>\n<li><a href=\"#Zamora\">Salida desde Zamora hasta la frontera con Portugal<\/a>.<\/li>\n<li><a href=\"#Arribes\">Pueblos de frontera, Miranda do Douro y Fermoselle<\/a>.<\/li>\n<li><a href=\"#Tras-os-Montes\">La regi\u00f3n portuguesa de Tras-os-Montes<\/a>.<\/li>\n<li><a href=\"#Douro-Vinhateiro\">El Douro vinhateiro, \u00bfla Toscana portugesa?<\/a>.<\/li>\n<li><a href=\"#Porto\">Llegada a Oporto, el final de Douro<\/a>.<\/li>\n<\/ul>\n<p>Esperamos que este \u00edndice <strong>os sea de utilidad<\/strong> y que, tras leer esta propuesta, os anim\u00e9is a viajar a este gran destino. <a name=\"Duero\"><\/a><br \/>\n&nbsp;<\/p>\n<h3><strong>Preparando el viaje<\/strong><\/h3>\n<p>Siguiendo la ruta del Duero,<strong> visitamos varias zonas vitivin\u00edcolas, siguiendo el discurrir del Duero-Douro.<\/strong> Salimos desde Zamora. Y poco a poco, llegamos a Oporto realizando varias paradas.<\/p>\n<figure id=\"attachment_29779\" aria-describedby=\"caption-attachment-29779\" style=\"width: 580px\" class=\"wp-caption aligncenter\"><img decoding=\"async\" src=\"https:\/\/destinocastillayleon.es\/index\/wp-content\/uploads\/2017\/06\/d3532b37377fc2514ed0be726a045e47.jpg\" alt=\"Denominaciones de Origen en el Duero por Castilla y Le\u00f3n - Destino Castilla y Le\u00f3n\" width=\"580\" class=\"size-full wp-image-29779\" srcset=\"https:\/\/destinocastillayleon.es\/index\/wp-content\/uploads\/2017\/06\/d3532b37377fc2514ed0be726a045e47.jpg 850w, https:\/\/destinocastillayleon.es\/index\/wp-content\/uploads\/2017\/06\/d3532b37377fc2514ed0be726a045e47-300x106.jpg 300w, https:\/\/destinocastillayleon.es\/index\/wp-content\/uploads\/2017\/06\/d3532b37377fc2514ed0be726a045e47-768x272.jpg 768w, https:\/\/destinocastillayleon.es\/index\/wp-content\/uploads\/2017\/06\/d3532b37377fc2514ed0be726a045e47-1024x363.jpg 1024w\" sizes=\"(max-width: 850px) 100vw, 850px\" \/><figcaption id=\"caption-attachment-29779\" class=\"wp-caption-text\">Denominaciones de Origen en el Duero por Castilla y Le\u00f3n &#8211; Destino Castilla y Le\u00f3n<\/figcaption><\/figure>\n<p>En este camino pasamos <strong>por la Ruta del Vino de Zamora<\/strong> y <strong>la Ruta del Vino de Arribes<\/strong>. Ya en Portugal, entrando por <strong>Miranda de Douro,<\/strong> pasamos por la <strong>AOC. Tras-Os-Montes, la AOC. Douro Vinhateiro, DOC. Beira Interior,<\/strong> y por supuesto <strong>DOC. Porto.<\/strong> <a name=\"Dormir\"><\/a><br \/>\n&nbsp;<\/p>\n<h3><strong>Alojamientos en la ruta<\/strong><\/h3>\n<p>Este es un destino, <strong>en el que el propio viaje es el destino en s\u00ed mismo.<\/strong> Lo que no quita que sea interesante <strong>llegar a Oporto y disfrutar durante varias jornadas<\/strong> de todo lo que hay.<\/p>\n<p>A lo largo del camino,<strong> os sugerimos hacer paradas y aprovechar a visitar los lugares por donde pasamos.<\/strong> En Oporto, las opciones son muchas. Pero por destacar una, <strong>nos gusta por el contacto con la naturaleza y las formas \u201cantiguas\u201d de viajar,<\/strong> el camping. <\/p>\n<figure id=\"attachment_38455\" aria-describedby=\"caption-attachment-38455\" style=\"width: 580px\" class=\"wp-caption aligncenter\"><img decoding=\"async\" src=\"https:\/\/destinocastillayleon.es\/index\/wp-content\/uploads\/2024\/03\/Camping-Orbitur-Angeiras-Imagen-del-Camping.jpg\" alt=\"Camping Orbitur Angeiras - Imagen del Camping\" width=\"580\" height=\"326\" class=\"size-full wp-image-38455\" srcset=\"https:\/\/destinocastillayleon.es\/index\/wp-content\/uploads\/2024\/03\/Camping-Orbitur-Angeiras-Imagen-del-Camping.jpg 580w, https:\/\/destinocastillayleon.es\/index\/wp-content\/uploads\/2024\/03\/Camping-Orbitur-Angeiras-Imagen-del-Camping-300x169.jpg 300w\" sizes=\"(max-width: 580px) 100vw, 580px\" \/><figcaption id=\"caption-attachment-38455\" class=\"wp-caption-text\">Camping Orbitur Angeiras &#8211; Imagen del Camping<\/figcaption><\/figure>\n<p>Pero no un camping cualquiera, <strong>en Camping Orbitur Angeiras, pudimos descansar, visitar la ciudad de Oporto, y otras zonas pr\u00f3ximas,<\/strong> con zonas infantiles y todos los servicios. Este y otros campings de inter\u00e9s, donde <a href=\"https:\/\/www.tohapi.es\/\" rel=\"noopener\" target=\"_blank\"><strong>compartir momentos en familia acampando<\/strong><\/a> los pod\u00e9is encontrar en tohapi.<br \/>\n&nbsp;<\/p>\n<h2><strong>Viaje por el Duero<\/strong><\/h2>\n<p>Nos parece curioso este viaje que no hab\u00edamos preparado, pero que nos record\u00f3 una publicaci\u00f3n sobre los vinos del Duero, que os recomendamos leer si como nosotros, <strong>disfrutas de la degustaci\u00f3n de vinos distintos<\/strong> siempre que se puede. Te dejamos el mapa de <a href=\"https:\/\/maps.app.goo.gl\/zSR8gUijeuQzxX6G8\" rel=\"Nofollow noopener\" target=\"_blank\">la ruta<\/a> que realizamos. <a name=\"Zamora\"><\/a><\/p>\n<h3><strong>Salida desde Zamora<\/strong><\/h3>\n<p><strong>Nos encontramos en Zamora, una de las capitales m\u00e1s impresionantes de Castilla y Le\u00f3n. Cierto que no es de las m\u00e1s grandes, pero tiene su encanto,<\/strong> con un mimado rom\u00e1nico y un modernismo muy elegante. <strong>Llegamos en tren en AVE. La estaci\u00f3n se sit\u00faa relativamente cerca del centro,<\/strong> por lo que es muy c\u00f3modo para la gente que viene desde Madrid, por ejemplo.<\/p>\n<figure id=\"attachment_38157\" aria-describedby=\"caption-attachment-38157\" style=\"width: 640px\" class=\"wp-caption aligncenter\"><img decoding=\"async\" src=\"https:\/\/destinocastillayleon.es\/index\/wp-content\/uploads\/2024\/01\/Saliendo-de-Zamora-capital-Destino-Castilla-y-Leon.jpg\" alt=\"Ruta por el Duero, de Zamora a Oporto\" title=\"Saliendo de Zamora capital - Destino Castilla y Le\u00f3n\" width=\"640\" height=\"360\" class=\"size-full wp-image-38157\" srcset=\"https:\/\/destinocastillayleon.es\/index\/wp-content\/uploads\/2024\/01\/Saliendo-de-Zamora-capital-Destino-Castilla-y-Leon.jpg 640w, https:\/\/destinocastillayleon.es\/index\/wp-content\/uploads\/2024\/01\/Saliendo-de-Zamora-capital-Destino-Castilla-y-Leon-300x169.jpg 300w\" sizes=\"(max-width: 640px) 100vw, 640px\" \/><figcaption id=\"caption-attachment-38157\" class=\"wp-caption-text\">Saliendo de Zamora capital &#8211; Destino Castilla y Le\u00f3n<\/figcaption><\/figure>\n<p>La ciudad de Zamora <strong>es parte de la DO. Tierra del Vino de Zamora,<\/strong> una denominaci\u00f3n de origen peque\u00f1a, pero que posee gran potencial. La tradici\u00f3n vitivin\u00edcola est\u00e1 casi desaparecida, pero durante los \u00faltimos a\u00f1os ha habido una creciente inversi\u00f3n en plantaciones y bodegas, pese a que <strong>el n\u00facleo de esta denominaci\u00f3n de origen est\u00e1 en Villanueva de Campean,<\/strong> por donde tambi\u00e9n pasa el Camino de Santiago. <a name=\"Arribes\"><\/a><br \/>\n&nbsp;<\/p>\n<h3><strong>Alto en el camino en Portugal<\/strong><\/h3>\n<p>Aunque nuestro viaje va a Portugal, <strong>a\u00fan nos quedan cosas por visitar en Zamora. Pasamos nos obstante por Miranda do Douro.<\/strong> Nos reencontramos con el Duero-Douro, tras pasar por un <strong>Ricobayo, donde el r\u00edo Esla se junta a otros afluentes para aguas debajo de su pantano,<\/strong> entregar sus aguas al Duero. Pero como hemos dicho, nuestro destino es Miranda do Douro, el primer pueblo portugu\u00e9s.<\/p>\n<figure id=\"attachment_35321\" aria-describedby=\"caption-attachment-35321\" style=\"width: 640px\" class=\"wp-caption aligncenter\"><img decoding=\"async\" src=\"https:\/\/destinocastillayleon.es\/index\/wp-content\/uploads\/2022\/05\/Buque-escuela-de-la-clase-Raquero-en-el-Embalse-de-Ricobayo-Imagen-del-Club-de-Vela-Zamora.jpg\" alt=\"Buque escuela de la clase Raquero en el Embalse de Ricobayo - Imagen del Club de Vela Zamora\" width=\"640\" height=\"360\" class=\"size-full wp-image-35321\" srcset=\"https:\/\/destinocastillayleon.es\/index\/wp-content\/uploads\/2022\/05\/Buque-escuela-de-la-clase-Raquero-en-el-Embalse-de-Ricobayo-Imagen-del-Club-de-Vela-Zamora.jpg 640w, https:\/\/destinocastillayleon.es\/index\/wp-content\/uploads\/2022\/05\/Buque-escuela-de-la-clase-Raquero-en-el-Embalse-de-Ricobayo-Imagen-del-Club-de-Vela-Zamora-300x169.jpg 300w\" sizes=\"(max-width: 640px) 100vw, 640px\" \/><figcaption id=\"caption-attachment-35321\" class=\"wp-caption-text\">Buque escuela de la clase Raquero en el Embalse de Ricobayo &#8211; Imagen del Club de Vela Zamora<\/figcaption><\/figure>\n<h4><strong>Visita a Miranda do Douro<\/strong><\/h4>\n<p>Miranda do Douro <strong>fue una poblaci\u00f3n muy importante en la Edad Media;<\/strong> fruto de este pasado es un peque\u00f1o pero interesante casco antiguo digno de ver. Destacando <strong>sobre todo la concatedral,<\/strong> pues perdi\u00f3 su sede en favor de Braganza.<\/p>\n<figure id=\"attachment_38161\" aria-describedby=\"caption-attachment-38161\" style=\"width: 640px\" class=\"wp-caption aligncenter\"><img decoding=\"async\" src=\"https:\/\/destinocastillayleon.es\/index\/wp-content\/uploads\/2024\/01\/Crucero-fluvial-por-el-Douro-desde-Miranda-de-Douro-Destino-Castilla-y-Leon.jpg\" alt=\"Ruta por el Duero, de Zamora a Oporto\" title=\"Crucero fluvial por el Douro desde Miranda de Douro - Destino Castilla y Le\u00f3n\" width=\"640\" height=\"360\" class=\"size-full wp-image-38161\" srcset=\"https:\/\/destinocastillayleon.es\/index\/wp-content\/uploads\/2024\/01\/Crucero-fluvial-por-el-Douro-desde-Miranda-de-Douro-Destino-Castilla-y-Leon.jpg 640w, https:\/\/destinocastillayleon.es\/index\/wp-content\/uploads\/2024\/01\/Crucero-fluvial-por-el-Douro-desde-Miranda-de-Douro-Destino-Castilla-y-Leon-300x169.jpg 300w\" sizes=\"(max-width: 640px) 100vw, 640px\" \/><figcaption id=\"caption-attachment-38161\" class=\"wp-caption-text\">Crucero fluvial por el Douro desde Miranda de Douro &#8211; Destino Castilla y Le\u00f3n<\/figcaption><\/figure>\n<p>Una parada obligatoria <strong>es realizar si pod\u00e9is el crucero fluvial por el Duero.<\/strong> Nosotros lo hemos hecho en varias ocasiones, y este en concreto es uno de los mejores.<br \/>\n&nbsp;<\/p>\n<h3><strong>Fermoselle, hermosa ella entre dos r\u00edos<\/strong><\/h3>\n<p>Fermoselle es <strong>una de esas poblaciones que est\u00e1 empezando a recuperar un cierto vigor gracias al turismo.<\/strong> Y si bien hace a\u00f1os cuando la conocimos por primera vez no nos llam\u00f3 mucho la atenci\u00f3n, ahora es un buen sitio para poder hacer una parada y visitar su oferta enotur\u00edstica.<\/p>\n<p>Conocido <strong>como el pueblo de las 1.000 bodegas,<\/strong> casi os dir\u00edamos que se queda corto. Son muchas m\u00e1s. Hay varias formas de visitarlas. Una muy especial es con nuestra amiga Olvido (contacto +34 659 472 407), en la que adem\u00e1s pod\u00e9is alquilar una casa hist\u00f3rica para hacer noche en este viaje. Otra opci\u00f3n es <a href=\"https:\/\/www.civitatis.com\/es\/fermoselle\/visita-bodegas-subterraneas-fermoselle\/\" rel=\"NoFollow noopener\" target=\"_Blank\">reservar online<\/a>.<\/p>\n<figure id=\"attachment_38184\" aria-describedby=\"caption-attachment-38184\" style=\"width: 640px\" class=\"wp-caption aligncenter\"><img decoding=\"async\" src=\"https:\/\/destinocastillayleon.es\/index\/wp-content\/uploads\/2024\/01\/Bodega-centenaria-de-la-ruta-de-Olvido-Destino-Castilla-y-Leon.jpg\" alt=\"Ruta por el Duero, de Zamora a Oporto\" title=\"Bodega centenaria de la ruta de Olvido - Destino Castilla y Le\u00f3n\" width=\"640\" height=\"360\" class=\"size-full wp-image-38184\" srcset=\"https:\/\/destinocastillayleon.es\/index\/wp-content\/uploads\/2024\/01\/Bodega-centenaria-de-la-ruta-de-Olvido-Destino-Castilla-y-Leon.jpg 640w, https:\/\/destinocastillayleon.es\/index\/wp-content\/uploads\/2024\/01\/Bodega-centenaria-de-la-ruta-de-Olvido-Destino-Castilla-y-Leon-300x169.jpg 300w\" sizes=\"(max-width: 640px) 100vw, 640px\" \/><figcaption id=\"caption-attachment-38184\" class=\"wp-caption-text\">Bodega centenaria de la ruta de Olvido &#8211; Destino Castilla y Le\u00f3n<\/figcaption><\/figure>\n<p>Adem\u00e1s de buenos vinos, <strong>hay buenos lugares donde disfrutar de la <a href=\"https:\/\/youtu.be\/Ss5DMzLUME8\" rel=\"noopener NoFollow\" target=\"_blank\">gastronom\u00eda local<\/a>, o <a href=\"https:\/\/youtu.be\/RZ8Tx-dUWCk\" rel=\"NoFollow noopener\" target=\"_blank\">adquirir productos t\u00edpicos<\/a>,<\/strong> como el extraordinario Aceite de Oliva Virgen Extra de Arribes, o mermeladas artesanales locales.<br \/>\n<a name=\"Tras-os-Montes\"><\/a><br \/>\n&nbsp;<\/p>\n<h3><strong>Nos adentramos en la regi\u00f3n de Tras-os-Montes<\/strong><\/h3>\n<p>Usando el paso de la Presa de Bemposta, <strong>nos adentramos en Portugal. Esta regi\u00f3n norte es la de Tras-os-Montes,<\/strong> donde tambi\u00e9n se encuentra <a href=\"https:\/\/destinoysabor.com\/blog\/dia-por-braganza\/\" rel=\"noopener\" target=\"_blank\">Bragan\u00e7a<\/a>. As\u00ed llegamos a la primera poblaci\u00f3n de frontera de este periplo por Portugal.<\/p>\n<h4><strong>Bemposta<\/strong><\/h4>\n<p>Esta fregues\u00eda <strong>nos pareci\u00f3 tambi\u00e9n bastante peque\u00f1a. No obstante, se trata de una poblaci\u00f3n peque\u00f1a basada en la producci\u00f3n agr\u00edcola de aceite y vino,<\/strong> junto a la ganader\u00eda, con vacas de la raza sayaguesa que produce una carne magn\u00edfica, por lo que es un buen sitio para comer, si encontr\u00e1is algo abierto.<\/p>\n<figure id=\"attachment_38449\" aria-describedby=\"caption-attachment-38449\" style=\"width: 640px\" class=\"wp-caption aligncenter\"><img decoding=\"async\" src=\"https:\/\/destinocastillayleon.es\/index\/wp-content\/uploads\/2024\/03\/Pelourinho-da-Bemposta-Imagen-CC-LourdesSantunes-Wikipedia.jpg\" alt=\"Pelourinho da Bemposta - Imagen CC LourdesSantunes Wikipedia\" width=\"640\" height=\"360\" class=\"size-full wp-image-38449\" srcset=\"https:\/\/destinocastillayleon.es\/index\/wp-content\/uploads\/2024\/03\/Pelourinho-da-Bemposta-Imagen-CC-LourdesSantunes-Wikipedia.jpg 640w, https:\/\/destinocastillayleon.es\/index\/wp-content\/uploads\/2024\/03\/Pelourinho-da-Bemposta-Imagen-CC-LourdesSantunes-Wikipedia-300x169.jpg 300w\" sizes=\"(max-width: 640px) 100vw, 640px\" \/><figcaption id=\"caption-attachment-38449\" class=\"wp-caption-text\">Pelourinho da Bemposta &#8211; Imagen CC LourdesSantunes Wikipedia<\/figcaption><\/figure>\n<h4><strong>En ruta hacia el Douro<\/strong><\/h4>\n<p><strong>Lo ideal en esta zona es que busqu\u00e9is las v\u00edas r\u00e1pidas o las autopistas; porque, aunque sean de peaje, las carreteras son malas por lo general,<\/strong> pasando por muchos pueblos de monta\u00f1a y las distancias cortas terminan necesitando grandes tiempos de desplazamiento.<\/p>\n<figure id=\"attachment_38450\" aria-describedby=\"caption-attachment-38450\" style=\"width: 640px\" class=\"wp-caption aligncenter\"><img decoding=\"async\" src=\"https:\/\/destinocastillayleon.es\/index\/wp-content\/uploads\/2024\/03\/Vias-rapidas-portuguesas-Imagen-de-Destino-y-Sabor.jpg\" alt=\"V\u00edas r\u00e1pidas portuguesas - Imagen de Destino y Sabor\" width=\"640\" height=\"360\" class=\"size-full wp-image-38450\" srcset=\"https:\/\/destinocastillayleon.es\/index\/wp-content\/uploads\/2024\/03\/Vias-rapidas-portuguesas-Imagen-de-Destino-y-Sabor.jpg 640w, https:\/\/destinocastillayleon.es\/index\/wp-content\/uploads\/2024\/03\/Vias-rapidas-portuguesas-Imagen-de-Destino-y-Sabor-300x169.jpg 300w\" sizes=\"(max-width: 640px) 100vw, 640px\" \/><figcaption id=\"caption-attachment-38450\" class=\"wp-caption-text\">V\u00edas r\u00e1pidas portuguesas &#8211; Imagen de Destino y Sabor<\/figcaption><\/figure>\n<p>Vamos buscando <strong>la localidad de carvalho, donde nos alejaremos de esta autov\u00eda y retomaremos el contacto con el Douro;<\/strong> pero por el camino, si os apetece y ten\u00e9is tiempo, podr\u00e9is visitar Mogadouro, con su precioso castillo; o Castelo Branco, donde destaca el <em>Pal\u00e1cio dos Pimenteis<\/em>; la rama portuguesa de esta importante familia nobiliaria asociada al norte de Zamora. O la localidad de Meirinhos.<\/p>\n<h4><strong>Carvalho<\/strong><\/h4>\n<p>Esta ruta por buenas carreteras acaba aqu\u00ed, <strong>porque en Carvalho estamos en la zona del Douro, y nos adentraremos en una zona preciosa, en la que os recomendamos ir por las carreteras tranquilas del Alto Douro Vinhateiro.<\/strong> Como se dice ahora <em>slow driving<\/em>. La verdad es que esta localidad de Carvalho tiene poco que ver. Cierto es que tiene <strong>unos yacimientos arqueol\u00f3gicos en torno a un castillo medieval,<\/strong> pero no los pudimos visitar.<\/p>\n<figure id=\"attachment_38454\" aria-describedby=\"caption-attachment-38454\" style=\"width: 640px\" class=\"wp-caption aligncenter\"><img decoding=\"async\" src=\"https:\/\/destinocastillayleon.es\/index\/wp-content\/uploads\/2024\/03\/Piscinas-naturales-de-Cortes-do-Meio-Imagen-de-visitcovilha.com_.jpg\" alt=\"Piscinas naturales de Cortes do Meio - Imagen de visitcovilha.com\" width=\"640\" height=\"360\" class=\"size-full wp-image-38454\" srcset=\"https:\/\/destinocastillayleon.es\/index\/wp-content\/uploads\/2024\/03\/Piscinas-naturales-de-Cortes-do-Meio-Imagen-de-visitcovilha.com_.jpg 640w, https:\/\/destinocastillayleon.es\/index\/wp-content\/uploads\/2024\/03\/Piscinas-naturales-de-Cortes-do-Meio-Imagen-de-visitcovilha.com_-300x169.jpg 300w\" sizes=\"(max-width: 640px) 100vw, 640px\" \/><figcaption id=\"caption-attachment-38454\" class=\"wp-caption-text\">Piscinas naturales de Cortes do Meio &#8211; Imagen de visitcovilha.com<\/figcaption><\/figure>\n<p>No obstante, si queremos destacar algo que supimos m\u00e1s tarde, y que igual os puede interesar; y es que, <strong>al estar en un entorno natural muy interesante, en Vi\u00f1la do Carvalho y sus pedan\u00edas (o fregues\u00edas), se encuentran gran cantidad de rutas de senderismo y piscinas naturales<\/strong> d\u00f3nde escapar del calor. <a name=\"Douro-Vinhateiro\"><\/a><br \/>\n&nbsp;<\/p>\n<h3><strong>Alto Douro Vinhateiro<\/strong><\/h3>\n<p>En poca distancia, <strong>se llega a Pinhao, una de las poblaciones m\u00e1s importantes para el vino de Oporto,<\/strong> pues desde aqu\u00ed sal\u00edan gran cantidad de vinos a medio fermentar de la zona del Duero, para tratarlos en Oporto y lograr esos vinos tan especiales.<\/p>\n<figure style=\"width: 640px\" class=\"wp-caption aligncenter\"><img decoding=\"async\" src=\"https:\/\/destinoysabor.com\/blog\/wp-content\/uploads\/2022\/06\/Carretera-N-222-junto-al-Douro-Destino-y-Sabor.jpg\" width=\"640\" height=\"360\" alt=\"Ruta por el Duero, de Zamora a Oporto\" title=\"Carretera N-222 junto al Douro \u2013 Imagen de Destino y Sabor\" class=\"size-full\" \/><figcaption class=\"wp-caption-text\">Carretera N-222 junto al Douro \u2013 Imagen de Destino y Sabor<\/figcaption><\/figure>\n<h4><strong>Pinhao, el embarcadero de los vinos<\/strong><\/h4>\n<p><strong>Desde Pinhao parten muchas de las mejores rutas de enoturismo del mundo.<\/strong> S\u00ed, como suena. La localidad, aunque peque\u00f1a es agradable. Se puede visitar andando. <\/p>\n<figure style=\"width: 640px\" class=\"wp-caption aligncenter\"><img decoding=\"async\" src=\"https:\/\/destinoysabor.com\/blog\/wp-content\/uploads\/2022\/06\/Rabelo-en-el-que-hacer-un-crucero-desde-Pinhao-Destino-y-Sabor.jpg\" width=\"640\" height=\"360\" alt=\"Rabelo en el que hacer un crucero desde Pinhao \u2013 Imagen de Destino y Sabor\" class=\"size-full\" \/><figcaption class=\"wp-caption-text\">Rabelo en el que hacer un crucero desde Pinhao \u2013 Imagen de Destino y Sabor<\/figcaption><\/figure>\n<p><strong>Desde aqu\u00ed hasta Peso da R\u00e9gua, se puede hacer en barco, tanto en los tradicionales rabelos,<\/strong> aunque imaginamos que es para hacer con mucho tiempo y dinero; como los muchos barcos tur\u00edsticos que van de arriba a abajo por el Douro <strong>hasta la presa de Barragem de R\u00e9gua.<\/strong> En <strong>trenes antiguos,<\/strong> que van haciendo paradas en las principales bodegas de elaboraci\u00f3n de vinos del Douro; <strong>o como nosotros, por la Nacional N222,<\/strong> por la Toscana Portuguesa. <\/p>\n<figure style=\"width: 640px\" class=\"wp-caption aligncenter\"><img decoding=\"async\" src=\"https:\/\/destinoysabor.com\/blog\/wp-content\/uploads\/2022\/06\/Tren-turistico-desde-Folgosa-Imagen-de-Cruise-Mapper.jpg\" width=\"640\" height=\"352\" alt=\"Ruta por el Duero, de Zamora a Oporto\" title=\"Tren tur\u00edstico desde Folgosa \u2013 Imagen de Cruise Mapper\" class=\"size-full\" \/><figcaption class=\"wp-caption-text\">Tren tur\u00edstico desde Folgosa \u2013 Imagen de Cruise Mapper<\/figcaption><\/figure>\n<p><strong>Todo el camino es una preciosidad.<\/strong> Con paradas en laderas con m\u00e1s de 100 bancales de vi\u00f1edo. Lugares m\u00e1gicos y llenos de encanto. Lo describieron muy bien los amigos de Destino y Sabor.<\/p>\n<h4><strong>Llegada a Peso da R\u00e8gua<\/strong><\/h4>\n<p>Esta localidad <strong>sin ser una maravilla es un buen lugar para descansar y hacer noche.<\/strong> De paso, si ten\u00e9is tiempo, visitar desde aqu\u00ed <strong>dos ciudades pr\u00f3ximas muy recomendables. <a href=\"https:\/\/destinoysabor.com\/blog\/guia-para-visitar-vila-real\/\" rel=\"NoFollow noopener\" target=\"_blank\">Vila Real<\/a>,<\/strong> realmente preciosa; y en la que destaca la <a href=\"https:\/\/destinoysabor.com\/blog\/enoturismo-en-bodegas-casa-de-mateus\/\" rel=\"Nofollow noopener\" target=\"_blank\">Finca Casa Mateus<\/a>; <strong>o bien <a href=\"https:\/\/destinoysabor.com\/blog\/guia-para-visitar-lamego\/\" rel=\"Nofollow noopener\" target=\"_blank\">Lamego<\/a>,<\/strong> donde se dan, probablemente, los mejores vinos espumosos de Portugal en sus cavas excavadas.<\/p>\n<figure id=\"attachment_38456\" aria-describedby=\"caption-attachment-38456\" style=\"width: 640px\" class=\"wp-caption aligncenter\"><img decoding=\"async\" src=\"https:\/\/destinocastillayleon.es\/index\/wp-content\/uploads\/2024\/03\/Puentes-sobre-el-Douro-en-Peso-da-Regua-Imagen-de-Destino-y-Sabor.jpg\" alt=\"Puentes sobre el Douro en Peso da R\u00e9gua - Imagen de Destino y Sabor\" width=\"640\" height=\"360\" class=\"size-full wp-image-38456\" srcset=\"https:\/\/destinocastillayleon.es\/index\/wp-content\/uploads\/2024\/03\/Puentes-sobre-el-Douro-en-Peso-da-Regua-Imagen-de-Destino-y-Sabor.jpg 640w, https:\/\/destinocastillayleon.es\/index\/wp-content\/uploads\/2024\/03\/Puentes-sobre-el-Douro-en-Peso-da-Regua-Imagen-de-Destino-y-Sabor-300x169.jpg 300w\" sizes=\"(max-width: 640px) 100vw, 640px\" \/><figcaption id=\"caption-attachment-38456\" class=\"wp-caption-text\">Puentes sobre el Douro en Peso da R\u00e9gua &#8211; Imagen de Destino y Sabor<\/figcaption><\/figure>\n<p>En esta localidad <strong>hay varios puentes impresionantes sobre el Douro<\/strong> y suele ser un lugar de acampada para gente que viaja en furgonetas camperizadas.<a name=\"Porto\"><\/a><br \/>\n&nbsp;<\/p>\n<h3><strong>Nos vamos hasta Oporto<\/strong><\/h3>\n<p>Realmente no queda mucho para llegar a Oporto; <strong>seguiremos por puro romanticismo junto al Douro un poco m\u00e1s, subiendo hasta Monte Estrada,<\/strong> donde enlazaremos de nuevo con la <strong>autov\u00eda A4<\/strong> que nos lleva hasta Oporto.<\/p>\n<figure style=\"width: 640px\" class=\"wp-caption aligncenter\"><img decoding=\"async\" src=\"https:\/\/destinoysabor.com\/blog\/wp-content\/uploads\/2017\/05\/Paseo-de-la-Ribeira-do-Douro-con-el-Puente-de-D.-Luis-al-fondo-Destino-y-Sabor.jpg\" width=\"640\" height=\"400\" alt=\"Paseo de la Ribeira do Douro con el Puente de D. Luis al fondo \u2013 Destino y Sabor\" class=\"size-full\" \/><figcaption class=\"wp-caption-text\">Paseo de la Ribeira do Douro con el Puente de D. Luis al fondo \u2013 Destino y Sabor<\/figcaption><\/figure>\n<p>Sobre Oporto,<strong> os dejamos mejor las descripciones de qu\u00e9 hacer que, han hecho los compa\u00f1eros de Destino y Sabor.<\/strong> Sin duda, un lugar donde estar varias noches, pues es una ciudad apasionante, donde disfrutar de muchos atractivos, y como no, de sus vinos.<\/p>\n<figure style=\"width: 640px\" class=\"wp-caption aligncenter\"><img decoding=\"async\" src=\"https:\/\/destinoysabor.com\/blog\/wp-content\/uploads\/2017\/07\/Interior-de-las-Bodeas-Calem-de-Oporto-Destino-y-Sabor.jpg\" width=\"640\" height=\"400\" alt=\"Interior de las Bodeas Calem de Oporto \u2013 Imagen de Destino y Sabor\" class=\"size-full\" \/><figcaption class=\"wp-caption-text\">Interior de las Bodeas Calem de Oporto \u2013 Imagen de Destino y Sabor<\/figcaption><\/figure>\n<p>Y como veis, <strong>este r\u00edo Duero-Douro, que hermana Castilla y Le\u00f3n con el norte de Portugal es un r\u00edo que hay que conocer un poco m\u00e1s y mejor.<\/strong> Sin duda da para muchos viajes, pero este siguiendo los vinos del Duero es una pasada.<\/p>\n<p><figure style=\"width: 640px\" class=\"wp-caption aligncenter\"><img decoding=\"async\" src=\"https:\/\/destinoysabor.com\/blog\/wp-content\/uploads\/2017\/07\/d650572733ea765b21c120ba3062c574.jpg\" width=\"640\" height=\"400\" alt=\"Bocana de la bah\u00eda del Duero desembocando en el Atl\u00e1ntico \u2013 Imagen de Destino y Sabor\" class=\"size-full\" \/><figcaption class=\"wp-caption-text\">Bocana de la bah\u00eda del Duero desembocando en el Atl\u00e1ntico \u2013 Imagen de Destino y Sabor<\/figcaption><\/figure><br \/>\n&nbsp;<br \/>\nAhora es vuestro turno, <strong>\u00bften\u00e9is la experiencia de conocer el Duero-Douro? \u00bfAlguna vez hab\u00e9is recorrido alguno de los tramos junto a este r\u00edo, padre de tantos vinos?<\/strong> Contadnos qu\u00e9 experiencias completar\u00edan a\u00fan m\u00e1s este viaje dej\u00e1ndonos un comentario.<br \/>\n&nbsp;<\/p>\n<h4>Tambi\u00e9n te puede interesar<\/h4>\n<ul>\n<li><a href=\"https:\/\/destinocastillayleon.es\/index\/descubriendo-arribes-con-la-ruta-del-vino-de-arribes\/\">Descubriendo Arribes con la Ruta del Vino de Arribes<\/a>.<\/li>\n<li><a href=\"https:\/\/destinocastillayleon.es\/index\/oleoturismo-en-las-arribes-del-duero\/\">Oleoturismo en las Arribes del Duero, disfrutar del aceite desde el origen<\/a>.<\/li>\n<li><a href=\"https:\/\/destinocastillayleon.es\/index\/guia-para-visitar-zamora\/\">Gu\u00eda para visitar Zamora \u00a1No se ve en una hora!<\/a><\/li>\n<\/ul>\n<p>&nbsp;<\/p>\n","protected":false},"excerpt":{"rendered":"<p>Te contamos un viaje siguiendo el Duero-Douro. Un viaje desde Zamora hasta Oporto, siguiendo las zonas de producci\u00f3n vitivin\u00edcolas de este gran r\u00edo.<\/p>\n","protected":false},"author":2,"featured_media":38460,"comment_status":"open","ping_status":"closed","sticky":false,"template":"","format":"standard","meta":{"rop_custom_images_group":[],"rop_custom_messages_group":[],"rop_publish_now":"initial","rop_publish_now_accounts":{"twitter_1150954226_1150954226":""},"rop_publish_now_history":[],"rop_publish_now_status":"pending","footnotes":""},"categories":[48,3472,68,74,1411,44,4803],"tags":[93,6108,2678],"class_list":["post-38445","post","type-post","status-publish","format-standard","has-post-thumbnail","hentry","category-enoturismo","category-inspirate","category-post_inicial","category-rutas_por_cyl","category-visitando_bodegas","category-zamora","category-zamora-turismo","tag-enoturismo-2","tag-portugal","tag-ruta-del-vino"],"yoast_head":"<!-- This site is optimized with the Yoast SEO Premium plugin v20.4 (Yoast SEO v27.4) - https:\/\/yoast.com\/product\/yoast-seo-premium-wordpress\/ -->\n<title>Ruta por el Duero, de Zamora a Oporto - Destino Castilla y Le\u00f3n<\/title>\n<meta name=\"description\" content=\"Nuestro viaje siguiendo el Duero-Douro. Un viaje desde Zamora hasta Oporto, siguiendo las zonas de producci\u00f3n vitivin\u00edcolas de este gran r\u00edo.\" \/>\n<meta name=\"robots\" content=\"index, follow, max-snippet:-1, max-image-preview:large, max-video-preview:-1\" \/>\n<link rel=\"canonical\" href=\"https:\/\/destinocastillayleon.es\/index\/la-ruta-del-duero-de-zamora-a-oporto\/\" \/>\n<meta property=\"og:locale\" content=\"es_ES\" \/>\n<meta property=\"og:type\" content=\"article\" \/>\n<meta property=\"og:title\" content=\"Ruta por el Duero, de Zamora a Oporto - Destino Castilla y Le\u00f3n\" \/>\n<meta property=\"og:description\" content=\"Te contamos un viaje siguiendo el Duero-Douro. Un viaje desde Zamora hasta Oporto, siguiendo las zonas de producci\u00f3n vitivin\u00edcolas de este gran r\u00edo.\" \/>\n<meta property=\"og:url\" content=\"https:\/\/destinocastillayleon.es\/index\/la-ruta-del-duero-de-zamora-a-oporto\/\" \/>\n<meta property=\"og:site_name\" content=\"Destino Castilla y Le\u00f3n\" \/>\n<meta property=\"article:publisher\" content=\"https:\/\/www.facebook.com\/DestinoCastillaYLeon\/\" \/>\n<meta property=\"article:author\" content=\"https:\/\/www.facebook.com\/profile.php?id=1158416854\" \/>\n<meta property=\"article:published_time\" content=\"2024-03-20T07:30:22+00:00\" \/>\n<meta property=\"article:modified_time\" content=\"2024-03-20T10:49:23+00:00\" \/>\n<meta property=\"og:image\" content=\"https:\/\/destinocastillayleon.es\/index\/wp-content\/uploads\/2024\/03\/El-Duero-en-Zamora.jpg\" \/>\n\t<meta property=\"og:image:width\" content=\"1210\" \/>\n\t<meta property=\"og:image:height\" content=\"646\" \/>\n\t<meta property=\"og:image:type\" content=\"image\/jpeg\" \/>\n<meta name=\"author\" content=\"David V\u00e1zquez\" \/>\n<meta name=\"twitter:card\" content=\"summary_large_image\" \/>\n<meta name=\"twitter:title\" content=\"Ruta por el Duero, de Zamora a Oporto - Destino Castilla y Le\u00f3n\" \/>\n<meta name=\"twitter:description\" content=\"Te contamos un viaje siguiendo el Duero-Douro. Un viaje desde Zamora hasta Oporto, siguiendo las zonas de producci\u00f3n vitivin\u00edcolas de este gran r\u00edo.\" \/>\n<meta name=\"twitter:creator\" content=\"@https:\/\/twitter.com\/ContePantaleone\u200e\" \/>\n<meta name=\"twitter:site\" content=\"@destinocyl\" \/>\n<meta name=\"twitter:label1\" content=\"Escrito por\" \/>\n\t<meta name=\"twitter:data1\" content=\"David V\u00e1zquez\" \/>\n\t<meta name=\"twitter:label2\" content=\"Tiempo de lectura\" \/>\n\t<meta name=\"twitter:data2\" content=\"12 minutos\" \/>\n<script type=\"application\/ld+json\" class=\"yoast-schema-graph\">{\"@context\":\"https:\\\/\\\/schema.org\",\"@graph\":[{\"@type\":\"Article\",\"@id\":\"https:\\\/\\\/destinocastillayleon.es\\\/index\\\/la-ruta-del-duero-de-zamora-a-oporto\\\/#article\",\"isPartOf\":{\"@id\":\"https:\\\/\\\/destinocastillayleon.es\\\/index\\\/la-ruta-del-duero-de-zamora-a-oporto\\\/\"},\"author\":{\"name\":\"David V\u00e1zquez\",\"@id\":\"https:\\\/\\\/destinocastillayleon.es\\\/index\\\/#\\\/schema\\\/person\\\/189221bc8f6cc4fa28b18ad5c289d4c2\"},\"headline\":\"La ruta del Duero, de Zamora a Oporto\",\"datePublished\":\"2024-03-20T07:30:22+00:00\",\"dateModified\":\"2024-03-20T10:49:23+00:00\",\"mainEntityOfPage\":{\"@id\":\"https:\\\/\\\/destinocastillayleon.es\\\/index\\\/la-ruta-del-duero-de-zamora-a-oporto\\\/\"},\"wordCount\":2057,\"commentCount\":0,\"image\":{\"@id\":\"https:\\\/\\\/destinocastillayleon.es\\\/index\\\/la-ruta-del-duero-de-zamora-a-oporto\\\/#primaryimage\"},\"thumbnailUrl\":\"https:\\\/\\\/destinocastillayleon.es\\\/index\\\/wp-content\\\/uploads\\\/2024\\\/03\\\/El-Duero-en-Zamora.jpg\",\"keywords\":[\"enoturismo\",\"Portugal\",\"ruta del vino\"],\"articleSection\":[\"enoturismo\",\"Inspirate\",\"Post_inicial\",\"Rutas por Castilla y Le\u00f3n\",\"Visitando Bodegas\",\"Zamora\",\"Zamora Turismo\"],\"inLanguage\":\"es\",\"potentialAction\":[{\"@type\":\"CommentAction\",\"name\":\"Comment\",\"target\":[\"https:\\\/\\\/destinocastillayleon.es\\\/index\\\/la-ruta-del-duero-de-zamora-a-oporto\\\/#respond\"]}]},{\"@type\":\"WebPage\",\"@id\":\"https:\\\/\\\/destinocastillayleon.es\\\/index\\\/la-ruta-del-duero-de-zamora-a-oporto\\\/\",\"url\":\"https:\\\/\\\/destinocastillayleon.es\\\/index\\\/la-ruta-del-duero-de-zamora-a-oporto\\\/\",\"name\":\"Ruta por el Duero, de Zamora a Oporto - Destino Castilla y Le\u00f3n\",\"isPartOf\":{\"@id\":\"https:\\\/\\\/destinocastillayleon.es\\\/index\\\/#website\"},\"primaryImageOfPage\":{\"@id\":\"https:\\\/\\\/destinocastillayleon.es\\\/index\\\/la-ruta-del-duero-de-zamora-a-oporto\\\/#primaryimage\"},\"image\":{\"@id\":\"https:\\\/\\\/destinocastillayleon.es\\\/index\\\/la-ruta-del-duero-de-zamora-a-oporto\\\/#primaryimage\"},\"thumbnailUrl\":\"https:\\\/\\\/destinocastillayleon.es\\\/index\\\/wp-content\\\/uploads\\\/2024\\\/03\\\/El-Duero-en-Zamora.jpg\",\"datePublished\":\"2024-03-20T07:30:22+00:00\",\"dateModified\":\"2024-03-20T10:49:23+00:00\",\"author\":{\"@id\":\"https:\\\/\\\/destinocastillayleon.es\\\/index\\\/#\\\/schema\\\/person\\\/189221bc8f6cc4fa28b18ad5c289d4c2\"},\"description\":\"Nuestro viaje siguiendo el Duero-Douro. Un viaje desde Zamora hasta Oporto, siguiendo las zonas de producci\u00f3n vitivin\u00edcolas de este gran r\u00edo.\",\"breadcrumb\":{\"@id\":\"https:\\\/\\\/destinocastillayleon.es\\\/index\\\/la-ruta-del-duero-de-zamora-a-oporto\\\/#breadcrumb\"},\"inLanguage\":\"es\",\"potentialAction\":[{\"@type\":\"ReadAction\",\"target\":[\"https:\\\/\\\/destinocastillayleon.es\\\/index\\\/la-ruta-del-duero-de-zamora-a-oporto\\\/\"]}]},{\"@type\":\"ImageObject\",\"inLanguage\":\"es\",\"@id\":\"https:\\\/\\\/destinocastillayleon.es\\\/index\\\/la-ruta-del-duero-de-zamora-a-oporto\\\/#primaryimage\",\"url\":\"https:\\\/\\\/destinocastillayleon.es\\\/index\\\/wp-content\\\/uploads\\\/2024\\\/03\\\/El-Duero-en-Zamora.jpg\",\"contentUrl\":\"https:\\\/\\\/destinocastillayleon.es\\\/index\\\/wp-content\\\/uploads\\\/2024\\\/03\\\/El-Duero-en-Zamora.jpg\",\"width\":1210,\"height\":646,\"caption\":\"El Duero en Zamora\"},{\"@type\":\"BreadcrumbList\",\"@id\":\"https:\\\/\\\/destinocastillayleon.es\\\/index\\\/la-ruta-del-duero-de-zamora-a-oporto\\\/#breadcrumb\",\"itemListElement\":[{\"@type\":\"ListItem\",\"position\":1,\"name\":\"Portada\",\"item\":\"https:\\\/\\\/destinocastillayleon.es\\\/index\\\/\"},{\"@type\":\"ListItem\",\"position\":2,\"name\":\"La ruta del Duero, de Zamora a Oporto\"}]},{\"@type\":\"WebSite\",\"@id\":\"https:\\\/\\\/destinocastillayleon.es\\\/index\\\/#website\",\"url\":\"https:\\\/\\\/destinocastillayleon.es\\\/index\\\/\",\"name\":\"Destino Castilla y Le\u00f3n\",\"description\":\"Medio digital independiente y revista de Castilla y Le\u00f3n dedicado al turismo, gastronom\u00eda y vino de Castilla y Le\u00f3n\",\"potentialAction\":[{\"@type\":\"SearchAction\",\"target\":{\"@type\":\"EntryPoint\",\"urlTemplate\":\"https:\\\/\\\/destinocastillayleon.es\\\/index\\\/?s={search_term_string}\"},\"query-input\":{\"@type\":\"PropertyValueSpecification\",\"valueRequired\":true,\"valueName\":\"search_term_string\"}}],\"inLanguage\":\"es\"},{\"@type\":\"Person\",\"@id\":\"https:\\\/\\\/destinocastillayleon.es\\\/index\\\/#\\\/schema\\\/person\\\/189221bc8f6cc4fa28b18ad5c289d4c2\",\"name\":\"David V\u00e1zquez\",\"image\":{\"@type\":\"ImageObject\",\"inLanguage\":\"es\",\"@id\":\"https:\\\/\\\/secure.gravatar.com\\\/avatar\\\/cd12db6c575a90c3b75cfa0f794b74d425201c768612fad17e9f13cd33d48be8?s=96&d=mm&r=g\",\"url\":\"https:\\\/\\\/secure.gravatar.com\\\/avatar\\\/cd12db6c575a90c3b75cfa0f794b74d425201c768612fad17e9f13cd33d48be8?s=96&d=mm&r=g\",\"contentUrl\":\"https:\\\/\\\/secure.gravatar.com\\\/avatar\\\/cd12db6c575a90c3b75cfa0f794b74d425201c768612fad17e9f13cd33d48be8?s=96&d=mm&r=g\",\"caption\":\"David V\u00e1zquez\"},\"description\":\"Ingeniero Industrial de vocaci\u00f3n y profesi\u00f3n, he encontrado en los blogs la forma de plasmar mi pasi\u00f3n por los viajes, la gastronom\u00eda y los vinos. Especialmente los procedentes de Castilla y Le\u00f3n\",\"sameAs\":[\"https:\\\/\\\/www.destinocastillayleon.es\",\"https:\\\/\\\/www.facebook.com\\\/profile.php?id=1158416854\",\"https:\\\/\\\/instagram.com\\\/conte.pantaleone\",\"https:\\\/\\\/www.linkedin.com\\\/pub\\\/david-vazquez-lozano\\\/37\\\/17a\\\/25a\",\"https:\\\/\\\/x.com\\\/https:\\\/\\\/twitter.com\\\/ContePantaleone\u200e\"],\"url\":\"https:\\\/\\\/destinocastillayleon.es\\\/index\\\/author\\\/coadministradorcyl\\\/\"}]}<\/script>\n<!-- \/ Yoast SEO Premium plugin. -->","yoast_head_json":{"title":"Ruta por el Duero, de Zamora a Oporto - Destino Castilla y Le\u00f3n","description":"Nuestro viaje siguiendo el Duero-Douro. Un viaje desde Zamora hasta Oporto, siguiendo las zonas de producci\u00f3n vitivin\u00edcolas de este gran r\u00edo.","robots":{"index":"index","follow":"follow","max-snippet":"max-snippet:-1","max-image-preview":"max-image-preview:large","max-video-preview":"max-video-preview:-1"},"canonical":"https:\/\/destinocastillayleon.es\/index\/la-ruta-del-duero-de-zamora-a-oporto\/","og_locale":"es_ES","og_type":"article","og_title":"Ruta por el Duero, de Zamora a Oporto - Destino Castilla y Le\u00f3n","og_description":"Te contamos un viaje siguiendo el Duero-Douro. Un viaje desde Zamora hasta Oporto, siguiendo las zonas de producci\u00f3n vitivin\u00edcolas de este gran r\u00edo.","og_url":"https:\/\/destinocastillayleon.es\/index\/la-ruta-del-duero-de-zamora-a-oporto\/","og_site_name":"Destino Castilla y Le\u00f3n","article_publisher":"https:\/\/www.facebook.com\/DestinoCastillaYLeon\/","article_author":"https:\/\/www.facebook.com\/profile.php?id=1158416854","article_published_time":"2024-03-20T07:30:22+00:00","article_modified_time":"2024-03-20T10:49:23+00:00","og_image":[{"width":1210,"height":646,"url":"https:\/\/destinocastillayleon.es\/index\/wp-content\/uploads\/2024\/03\/El-Duero-en-Zamora.jpg","type":"image\/jpeg"}],"author":"David V\u00e1zquez","twitter_card":"summary_large_image","twitter_title":"Ruta por el Duero, de Zamora a Oporto - Destino Castilla y Le\u00f3n","twitter_description":"Te contamos un viaje siguiendo el Duero-Douro. Un viaje desde Zamora hasta Oporto, siguiendo las zonas de producci\u00f3n vitivin\u00edcolas de este gran r\u00edo.","twitter_creator":"@https:\/\/twitter.com\/ContePantaleone\u200e","twitter_site":"@destinocyl","twitter_misc":{"Escrito por":"David V\u00e1zquez","Tiempo de lectura":"12 minutos"},"schema":{"@context":"https:\/\/schema.org","@graph":[{"@type":"Article","@id":"https:\/\/destinocastillayleon.es\/index\/la-ruta-del-duero-de-zamora-a-oporto\/#article","isPartOf":{"@id":"https:\/\/destinocastillayleon.es\/index\/la-ruta-del-duero-de-zamora-a-oporto\/"},"author":{"name":"David V\u00e1zquez","@id":"https:\/\/destinocastillayleon.es\/index\/#\/schema\/person\/189221bc8f6cc4fa28b18ad5c289d4c2"},"headline":"La ruta del Duero, de Zamora a Oporto","datePublished":"2024-03-20T07:30:22+00:00","dateModified":"2024-03-20T10:49:23+00:00","mainEntityOfPage":{"@id":"https:\/\/destinocastillayleon.es\/index\/la-ruta-del-duero-de-zamora-a-oporto\/"},"wordCount":2057,"commentCount":0,"image":{"@id":"https:\/\/destinocastillayleon.es\/index\/la-ruta-del-duero-de-zamora-a-oporto\/#primaryimage"},"thumbnailUrl":"https:\/\/destinocastillayleon.es\/index\/wp-content\/uploads\/2024\/03\/El-Duero-en-Zamora.jpg","keywords":["enoturismo","Portugal","ruta del vino"],"articleSection":["enoturismo","Inspirate","Post_inicial","Rutas por Castilla y Le\u00f3n","Visitando Bodegas","Zamora","Zamora Turismo"],"inLanguage":"es","potentialAction":[{"@type":"CommentAction","name":"Comment","target":["https:\/\/destinocastillayleon.es\/index\/la-ruta-del-duero-de-zamora-a-oporto\/#respond"]}]},{"@type":"WebPage","@id":"https:\/\/destinocastillayleon.es\/index\/la-ruta-del-duero-de-zamora-a-oporto\/","url":"https:\/\/destinocastillayleon.es\/index\/la-ruta-del-duero-de-zamora-a-oporto\/","name":"Ruta por el Duero, de Zamora a Oporto - Destino Castilla y Le\u00f3n","isPartOf":{"@id":"https:\/\/destinocastillayleon.es\/index\/#website"},"primaryImageOfPage":{"@id":"https:\/\/destinocastillayleon.es\/index\/la-ruta-del-duero-de-zamora-a-oporto\/#primaryimage"},"image":{"@id":"https:\/\/destinocastillayleon.es\/index\/la-ruta-del-duero-de-zamora-a-oporto\/#primaryimage"},"thumbnailUrl":"https:\/\/destinocastillayleon.es\/index\/wp-content\/uploads\/2024\/03\/El-Duero-en-Zamora.jpg","datePublished":"2024-03-20T07:30:22+00:00","dateModified":"2024-03-20T10:49:23+00:00","author":{"@id":"https:\/\/destinocastillayleon.es\/index\/#\/schema\/person\/189221bc8f6cc4fa28b18ad5c289d4c2"},"description":"Nuestro viaje siguiendo el Duero-Douro. Un viaje desde Zamora hasta Oporto, siguiendo las zonas de producci\u00f3n vitivin\u00edcolas de este gran r\u00edo.","breadcrumb":{"@id":"https:\/\/destinocastillayleon.es\/index\/la-ruta-del-duero-de-zamora-a-oporto\/#breadcrumb"},"inLanguage":"es","potentialAction":[{"@type":"ReadAction","target":["https:\/\/destinocastillayleon.es\/index\/la-ruta-del-duero-de-zamora-a-oporto\/"]}]},{"@type":"ImageObject","inLanguage":"es","@id":"https:\/\/destinocastillayleon.es\/index\/la-ruta-del-duero-de-zamora-a-oporto\/#primaryimage","url":"https:\/\/destinocastillayleon.es\/index\/wp-content\/uploads\/2024\/03\/El-Duero-en-Zamora.jpg","contentUrl":"https:\/\/destinocastillayleon.es\/index\/wp-content\/uploads\/2024\/03\/El-Duero-en-Zamora.jpg","width":1210,"height":646,"caption":"El Duero en Zamora"},{"@type":"BreadcrumbList","@id":"https:\/\/destinocastillayleon.es\/index\/la-ruta-del-duero-de-zamora-a-oporto\/#breadcrumb","itemListElement":[{"@type":"ListItem","position":1,"name":"Portada","item":"https:\/\/destinocastillayleon.es\/index\/"},{"@type":"ListItem","position":2,"name":"La ruta del Duero, de Zamora a Oporto"}]},{"@type":"WebSite","@id":"https:\/\/destinocastillayleon.es\/index\/#website","url":"https:\/\/destinocastillayleon.es\/index\/","name":"Destino Castilla y Le\u00f3n","description":"Medio digital independiente y revista de Castilla y Le\u00f3n dedicado al turismo, gastronom\u00eda y vino de Castilla y Le\u00f3n","potentialAction":[{"@type":"SearchAction","target":{"@type":"EntryPoint","urlTemplate":"https:\/\/destinocastillayleon.es\/index\/?s={search_term_string}"},"query-input":{"@type":"PropertyValueSpecification","valueRequired":true,"valueName":"search_term_string"}}],"inLanguage":"es"},{"@type":"Person","@id":"https:\/\/destinocastillayleon.es\/index\/#\/schema\/person\/189221bc8f6cc4fa28b18ad5c289d4c2","name":"David V\u00e1zquez","image":{"@type":"ImageObject","inLanguage":"es","@id":"https:\/\/secure.gravatar.com\/avatar\/cd12db6c575a90c3b75cfa0f794b74d425201c768612fad17e9f13cd33d48be8?s=96&d=mm&r=g","url":"https:\/\/secure.gravatar.com\/avatar\/cd12db6c575a90c3b75cfa0f794b74d425201c768612fad17e9f13cd33d48be8?s=96&d=mm&r=g","contentUrl":"https:\/\/secure.gravatar.com\/avatar\/cd12db6c575a90c3b75cfa0f794b74d425201c768612fad17e9f13cd33d48be8?s=96&d=mm&r=g","caption":"David V\u00e1zquez"},"description":"Ingeniero Industrial de vocaci\u00f3n y profesi\u00f3n, he encontrado en los blogs la forma de plasmar mi pasi\u00f3n por los viajes, la gastronom\u00eda y los vinos. Especialmente los procedentes de Castilla y Le\u00f3n","sameAs":["https:\/\/www.destinocastillayleon.es","https:\/\/www.facebook.com\/profile.php?id=1158416854","https:\/\/instagram.com\/conte.pantaleone","https:\/\/www.linkedin.com\/pub\/david-vazquez-lozano\/37\/17a\/25a","https:\/\/x.com\/https:\/\/twitter.com\/ContePantaleone\u200e"],"url":"https:\/\/destinocastillayleon.es\/index\/author\/coadministradorcyl\/"}]}},"_links":{"self":[{"href":"https:\/\/destinocastillayleon.es\/index\/wp-json\/wp\/v2\/posts\/38445","targetHints":{"allow":["GET"]}}],"collection":[{"href":"https:\/\/destinocastillayleon.es\/index\/wp-json\/wp\/v2\/posts"}],"about":[{"href":"https:\/\/destinocastillayleon.es\/index\/wp-json\/wp\/v2\/types\/post"}],"author":[{"embeddable":true,"href":"https:\/\/destinocastillayleon.es\/index\/wp-json\/wp\/v2\/users\/2"}],"replies":[{"embeddable":true,"href":"https:\/\/destinocastillayleon.es\/index\/wp-json\/wp\/v2\/comments?post=38445"}],"version-history":[{"count":11,"href":"https:\/\/destinocastillayleon.es\/index\/wp-json\/wp\/v2\/posts\/38445\/revisions"}],"predecessor-version":[{"id":38480,"href":"https:\/\/destinocastillayleon.es\/index\/wp-json\/wp\/v2\/posts\/38445\/revisions\/38480"}],"wp:featuredmedia":[{"embeddable":true,"href":"https:\/\/destinocastillayleon.es\/index\/wp-json\/wp\/v2\/media\/38460"}],"wp:attachment":[{"href":"https:\/\/destinocastillayleon.es\/index\/wp-json\/wp\/v2\/media?parent=38445"}],"wp:term":[{"taxonomy":"category","embeddable":true,"href":"https:\/\/destinocastillayleon.es\/index\/wp-json\/wp\/v2\/categories?post=38445"},{"taxonomy":"post_tag","embeddable":true,"href":"https:\/\/destinocastillayleon.es\/index\/wp-json\/wp\/v2\/tags?post=38445"}],"curies":[{"name":"wp","href":"https:\/\/api.w.org\/{rel}","templated":true}]}}