{"id":38004,"date":"2023-12-01T10:25:31","date_gmt":"2023-12-01T09:25:31","guid":{"rendered":"https:\/\/destinocastillayleon.es\/index\/?p=38004"},"modified":"2023-12-01T10:25:31","modified_gmt":"2023-12-01T09:25:31","slug":"patrimonio-industrial-en-las-cuencas-mineras-de-el-bierzo","status":"publish","type":"post","link":"https:\/\/destinocastillayleon.es\/index\/patrimonio-industrial-en-las-cuencas-mineras-de-el-bierzo\/","title":{"rendered":"Patrimonio Industrial en las Cuencas mineras de El Bierzo"},"content":{"rendered":"<p>Lo t\u00f3pico de al pensar en <strong>turismo en la comarca de El Bierzo es pensar en naturaleza, las grandes ciudades, como Ponferrada y Villafranca del Bierzo, o en enoturismo.<\/strong> Pero esta comarca tiene otros atractivos, igual menos populares, aunque no por ello, menos interesantes. <strong>Y este es el Patrimonio Industrial en las cuencas mineras bercianas,<\/strong> un tipo de patrimonio igualmente relevante y que complementa a otros tipos de recurso de El Bierzo.<\/p>\n<h3><strong>\u00cdndice de contenidos<\/strong><\/h3>\n<p>Hemos <strong>preparado este \u00edndice con los principales puntos de esta publicaci\u00f3n<\/strong> sobre Patrimonio Industrial en las cuencas mineras bercianas.<\/p>\n<p><strong>Patrimonio Industrial en las cuencas mineras de El Bierzo:<\/strong><\/p>\n<ul>\n<li><a href=\"#Patrimonio\">El patrimonio para hacer Patrimonio Industrial en El Bierzo<\/a>.<\/li>\n<li><a href=\"#Mina\">Explotaci\u00f3n minera de carb\u00f3n a cielo abierto de Fabero<\/a>.<\/li>\n<li><a href=\"#Fabero\">Pueblo minero de Fabero<\/a>.<\/li>\n<li><a href=\"#Corullon\">Corull\u00f3n del Bierzo y las minas de Wolframio<\/a>.<\/li>\n<li><a href=\"#Medulas\">Las minas romanas de Las M\u00e9dulas<\/a>.<\/li>\n<li><a href=\"#Fabrica-de-luz\">Las f\u00e1bricas de Luz de Ponferrada<\/a>.<\/li>\n<\/ul>\n<p><strong>Otra informaci\u00f3n de inter\u00e9s sobre El Bierzo:<\/strong><\/p>\n<ul>\n<li><a href=\"#Llegar\">\u00bfC\u00f3mo llegar?<\/a><\/li>\n<li><a href=\"#Comer\">\u00bfD\u00f3nde comer?<\/a><\/li>\n<li><a href=\"#Dormir\">\u00bfD\u00f3nde alojarse?<\/a><\/li>\n<\/ul>\n<p>Como siempre, <strong>pinchando en cada punto, podr\u00e1s visitar ese contenido.<\/strong> Esperamos que os sea de inter\u00e9s.<br \/>\n&nbsp;<\/p>\n<h3><strong>Preparando el viaje<\/strong><\/h3>\n<p>Esta experiencia que, <strong>nos llev\u00f3 a visitar varios lugares de esta comarca de El Bierzo y otras de las monta\u00f1as orientales de Le\u00f3n. El viaje, organizado por la C\u00e1tedra de Turismo sostenible de la UNED en Ponferrada,<\/strong> llamado <em>#Paisajes24<\/em>.<\/p>\n<figure id=\"attachment_37274\" aria-describedby=\"caption-attachment-37274\" style=\"width: 580px\" class=\"wp-caption aligncenter\"><img decoding=\"async\" src=\"https:\/\/destinocastillayleon.es\/index\/wp-content\/uploads\/2023\/08\/Equipo-de-bloggers-en-el-viaje-Paisajes24-Destino-Castilla-y-Leon.jpg\" alt=\"Patrimonio Industrial\" Title=\"Equipo de bloggers en el viaje Paisajes24 - Destino Castilla y Le\u00f3n\" width=\"580\" class=\"size-full wp-image-37274\" srcset=\"https:\/\/destinocastillayleon.es\/index\/wp-content\/uploads\/2023\/08\/Equipo-de-bloggers-en-el-viaje-Paisajes24-Destino-Castilla-y-Leon.jpg 640w, https:\/\/destinocastillayleon.es\/index\/wp-content\/uploads\/2023\/08\/Equipo-de-bloggers-en-el-viaje-Paisajes24-Destino-Castilla-y-Leon-300x169.jpg 300w\" sizes=\"(max-width: 640px) 100vw, 640px\" \/><figcaption id=\"caption-attachment-37274\" class=\"wp-caption-text\">Equipo de bloggers en el viaje Paisajes24 &#8211; Destino Castilla y Le\u00f3n<\/figcaption><\/figure>\n<p>En este viaje, <strong>junto a compa\u00f1eros viajeros y bloggers, descubrimos parte del Patrimonio industrial de las monta\u00f1as de Le\u00f3n;<\/strong> entre otros destinos de Turismo industrial, conocimos el <a href=\"https:\/\/destinocastillayleon.es\/index\/museo-de-la-siderurgia-y-la-mineria-de-sabero\/\">Museo de la Siderurgia y la Miner\u00eda<\/a>, en Sabero; el <a href=\"https:\/\/destinocastillayleon.es\/index\/museo-del-ferroviario-de-cistierna\/\">Museo del Ferroviario<\/a>, en Cistierna o el <a href=\"https:\/\/destinocastillayleon.es\/index\/las-medulas-de-leon-un-paisaje-patrimonio-de-la-humanidad\/\">Yacimiento Romano de las M\u00e9dulas<\/a>. <a name=\"Patrimonio\"><\/a><br \/>\n&nbsp;<br \/>\n<H2><strong>Patrimonio Industrial<\/strong><\/h2>\n<p>Por Patrimonio Tur\u00edstico Industrial <strong>nos referimos a antiguas instalaciones industriales que han quedado obsoletas,<\/strong> pero que, por su historia, su importancia para una poblaci\u00f3n o por su singularidad arquitect\u00f3nica.<\/p>\n<p>En esta publicaci\u00f3n, <strong>vamos a pasar por cinco lugares que, si bien son distintos,<\/strong> est\u00e1n unidos por su relaci\u00f3n con la miner\u00eda y la industria. Estos son:<\/p>\n<ul>\n<li>Mina a cielo abierto de Fabero.<\/li>\n<li>Antigua instalaci\u00f3n minera de Fabero.<\/li>\n<li>Viviendas y formas de vida de los mineros.<\/li>\n<li>Corull\u00f3n del Bierzo y las minas de wolframio.<\/li>\n<li>Minas romanas de Las M\u00e9dulas.<\/li>\n<\/ul>\n<p><strong>No vamos a profundizar en esta publicaci\u00f3n las F\u00e1bricas de Luz de Ponferrada, aunque se merec\u00edan estar aqu\u00ed,<\/strong> por lo singular que son, y porque hemos decidido dedicar una publicaci\u00f3n particular. <a name=\"Mina\"><\/a><br \/>\n&nbsp;<\/p>\n<h2><strong>Explotaci\u00f3n minera de carb\u00f3n a cielo abierto de Fabero<\/strong><\/h2>\n<p>Cuando las antiguas explotaciones de carb\u00f3n de El Bierzo, <strong>minas convencionales excavadas en el subsuelo, empezaron a dejar de ser rentables, la explotaci\u00f3n se traslad\u00f3 a una explotaci\u00f3n a cielo abierto<\/strong> donde se demoli\u00f3 una monta\u00f1a para acceder a las vetas de carb\u00f3n.<\/p>\n<figure id=\"attachment_38029\" aria-describedby=\"caption-attachment-38029\" style=\"width: 640px\" class=\"wp-caption aligncenter\"><img decoding=\"async\" src=\"https:\/\/destinocastillayleon.es\/index\/wp-content\/uploads\/2023\/11\/Paisaje-degradado-de-la-mina-de-carbon-a-cielo-abierto-Destino-Castilla-y-Leon.jpg\" alt=\"Patrimonio Industrial\" Title=\"Paisaje degradado de la mina de carb\u00f3n a cielo abierto - Destino Castilla y Le\u00f3n\" width=\"640\" height=\"360\" class=\"size-full wp-image-38029\" srcset=\"https:\/\/destinocastillayleon.es\/index\/wp-content\/uploads\/2023\/11\/Paisaje-degradado-de-la-mina-de-carbon-a-cielo-abierto-Destino-Castilla-y-Leon.jpg 640w, https:\/\/destinocastillayleon.es\/index\/wp-content\/uploads\/2023\/11\/Paisaje-degradado-de-la-mina-de-carbon-a-cielo-abierto-Destino-Castilla-y-Leon-300x169.jpg 300w\" sizes=\"(max-width: 640px) 100vw, 640px\" \/><figcaption id=\"caption-attachment-38029\" class=\"wp-caption-text\">Paisaje degradado de la mina de carb\u00f3n a cielo abierto &#8211; Destino Castilla y Le\u00f3n<\/figcaption><\/figure>\n<p>Este desmonte de tierra <strong>ocasion\u00f3 un gran cambio paisaj\u00edstico y en el entorno un gran impacto medioambiental.<\/strong> Tras el cierre definitivo de la mina, est\u00e1 \u201cherida en la tierra\u201d qued\u00f3 abierta y sin beneficio para nadie.<\/p>\n<h3><strong>Proyecto de recuperaci\u00f3n del espacio<\/strong><\/h3>\n<p>Desde hace poco, <strong>existe un proyecto de recuperaci\u00f3n de la explotaci\u00f3n a cielo abierto consistente en una rehabilitaci\u00f3n de los terrenos<\/strong> y la creaci\u00f3n de una laguna artificial.<\/p>\n<figure id=\"attachment_38030\" aria-describedby=\"caption-attachment-38030\" style=\"width: 640px\" class=\"wp-caption aligncenter\"><img decoding=\"async\" src=\"https:\/\/destinocastillayleon.es\/index\/wp-content\/uploads\/2023\/11\/Paisaje-del-Valle-de-Isorga-Destino-Castilla-y-Leon.jpg\" alt=\"Patrimonio Industrial\" Title=\"Paisaje del Valle de Isorga, junto a las M\u00e9dulas - Destino Castilla y Le\u00f3n\" width=\"640\" height=\"360\" class=\"size-full wp-image-38030\" srcset=\"https:\/\/destinocastillayleon.es\/index\/wp-content\/uploads\/2023\/11\/Paisaje-del-Valle-de-Isorga-Destino-Castilla-y-Leon.jpg 640w, https:\/\/destinocastillayleon.es\/index\/wp-content\/uploads\/2023\/11\/Paisaje-del-Valle-de-Isorga-Destino-Castilla-y-Leon-300x169.jpg 300w\" sizes=\"(max-width: 640px) 100vw, 640px\" \/><figcaption id=\"caption-attachment-38030\" class=\"wp-caption-text\">Paisaje del Valle de Isorga, junto a las M\u00e9dulas &#8211; Destino Castilla y Le\u00f3n<\/figcaption><\/figure>\n<p>Esta medida <strong>permitir\u00e1 recuperar este espacio natural,<\/strong> con la creaci\u00f3n de las condiciones tur\u00edsticas propicias para una explotaci\u00f3n sostenible. <a name=\"Fabero\"><\/a><br \/>\n&nbsp;<\/p>\n<h2><strong>Complejo minero de Fabero; el Pozo Julia y otras instalaciones<\/strong><\/h2>\n<p>Aunque los \u00faltimos a\u00f1os de la explotaci\u00f3n del carb\u00f3n en la zona <strong>fue en la mina a cielo abierto,<\/strong> las explotaciones mineras hist\u00f3ricas fueron las formas predominantes.<\/p>\n<p>En Fabero <strong>se encuentran a\u00fan varios pozos verticales que permit\u00edan la extracci\u00f3n de carb\u00f3n de las profundidades de la tierra.<\/strong> Entre ellos, el Pozo Julia, que se est\u00e1 preparando para la explotaci\u00f3n minera.<\/p>\n<h3><strong>Museo del minero de Fabero del Pozo Julia<\/strong><\/h3>\n<p>Las antiguas instalaciones de la compa\u00f1\u00eda minera que explotaba el carb\u00f3n en Fabero <strong>fueron abandonadas tras el cierre de la actividad.<\/strong><\/p>\n<figure id=\"attachment_38034\" aria-describedby=\"caption-attachment-38034\" style=\"width: 580px\" class=\"wp-caption aligncenter\"><img decoding=\"async\" src=\"https:\/\/destinocastillayleon.es\/index\/wp-content\/uploads\/2023\/11\/Torre-del-pozo-Julia-de-Fabero-Imagen-del-Ayto.-de-Fabero.jpg\" alt=\"Patrimonio Industrial\" Title=\"Torre del pozo Julia de Fabero - Imagen del Ayto. de Fabero\" width=\"580\" height=\"354\" class=\"size-full wp-image-38034\" srcset=\"https:\/\/destinocastillayleon.es\/index\/wp-content\/uploads\/2023\/11\/Torre-del-pozo-Julia-de-Fabero-Imagen-del-Ayto.-de-Fabero.jpg 580w, https:\/\/destinocastillayleon.es\/index\/wp-content\/uploads\/2023\/11\/Torre-del-pozo-Julia-de-Fabero-Imagen-del-Ayto.-de-Fabero-300x183.jpg 300w\" sizes=\"(max-width: 580px) 100vw, 580px\" \/><figcaption id=\"caption-attachment-38034\" class=\"wp-caption-text\">Torre del pozo Julia de Fabero &#8211; Imagen del Ayto. de Fabero<\/figcaption><\/figure>\n<p>Antiguos trabajadores de esta compa\u00f1\u00eda <strong>se han dedicado a mantener vivo el recuerdo de esta actividad<\/strong> que durante m\u00e1s 100 a\u00f1os fue el motor econ\u00f3mico de El Bierzo, y est\u00e1n logrando preservar esta parte del Patrimonio Industrial Berciano.<\/p>\n<h4><strong>Visita a las instalaciones auxiliares<\/strong><\/h4>\n<p><strong>Con equipos originales que no fueron sustra\u00eddos, EPIs e ingenio, los responsables de esta restauraci\u00f3n han musealizado la experiencia<\/strong> de esta forma de vida que marc\u00f3 a varias generaciones de bercianos y gentes venidas de otras partes.<\/p>\n<figure id=\"attachment_38037\" aria-describedby=\"caption-attachment-38037\" style=\"width: 640px\" class=\"wp-caption aligncenter\"><img decoding=\"async\" src=\"https:\/\/destinocastillayleon.es\/index\/wp-content\/uploads\/2023\/11\/Zona-del-museo-del-Pozo-Julia-de-Fabero-Destino-Castilla-y-Leon.jpg\" alt=\"Patrimonio Industrial\" Title=\"Zona del museo del Pozo Julia de Fabero - Destino Castilla y Le\u00f3n\" width=\"640\" height=\"360\" class=\"size-full wp-image-38037\" srcset=\"https:\/\/destinocastillayleon.es\/index\/wp-content\/uploads\/2023\/11\/Zona-del-museo-del-Pozo-Julia-de-Fabero-Destino-Castilla-y-Leon.jpg 640w, https:\/\/destinocastillayleon.es\/index\/wp-content\/uploads\/2023\/11\/Zona-del-museo-del-Pozo-Julia-de-Fabero-Destino-Castilla-y-Leon-300x169.jpg 300w\" sizes=\"(max-width: 640px) 100vw, 640px\" \/><figcaption id=\"caption-attachment-38037\" class=\"wp-caption-text\">Zona del museo del Pozo Julia de Fabero &#8211; Destino Castilla y Le\u00f3n<\/figcaption><\/figure>\n<p>As\u00ed, <strong>han recuperado los vestuarios, la zona de administraci\u00f3n de equipos de protecci\u00f3n y otros materiales<\/strong> necesarios para explotar las minas de carb\u00f3n.<\/p>\n<p>Hay varias salas, y posiblemente <strong>una de las m\u00e1s llamativas sea el vestuario;<\/strong> ya que los propios mineros inventaron un m\u00e9todo para airear y secar las ropas de trabajo, colg\u00e1ndolas de unos ganchos y subi\u00e9ndolas al techo, de forma que una corriente de aire permit\u00eda el secado.<\/p>\n<figure id=\"attachment_38035\" aria-describedby=\"caption-attachment-38035\" style=\"width: 640px\" class=\"wp-caption aligncenter\"><img decoding=\"async\" src=\"https:\/\/destinocastillayleon.es\/index\/wp-content\/uploads\/2023\/11\/Vestuarios-del-Pozo-Julia-con-ropas-colgadas-Destino-Castilla-y-Leon.jpg\" alt=\"Patrimonio Industrial\" Title=\"Vestuarios del Pozo Julia con ropas colgadas - Destino Castilla y Le\u00f3n\" width=\"640\" height=\"360\" class=\"size-full wp-image-38035\" srcset=\"https:\/\/destinocastillayleon.es\/index\/wp-content\/uploads\/2023\/11\/Vestuarios-del-Pozo-Julia-con-ropas-colgadas-Destino-Castilla-y-Leon.jpg 640w, https:\/\/destinocastillayleon.es\/index\/wp-content\/uploads\/2023\/11\/Vestuarios-del-Pozo-Julia-con-ropas-colgadas-Destino-Castilla-y-Leon-300x169.jpg 300w\" sizes=\"(max-width: 640px) 100vw, 640px\" \/><figcaption id=\"caption-attachment-38035\" class=\"wp-caption-text\">Vestuarios del Pozo Julia con ropas colgadas &#8211; Destino Castilla y Le\u00f3n<\/figcaption><\/figure>\n<p>Otra de las estancias es <strong>un fondo fotogr\u00e1fico con im\u00e1genes de la gente.<\/strong> En esta parte hay un especial \u00e9nfasis en <strong>las marchas negras<\/strong> que a finales de los 90\u2019s del siglo XX movilizaron a los mineros para luchar contra el cierre de las explotaciones mineras de la zona de Le\u00f3n y Palencia.<\/p>\n<h3><strong>La torre de la mina<\/strong><\/h3>\n<p>Al igual que la explotaci\u00f3n, <strong>a\u00fan est\u00e1 en fase de restauraci\u00f3n. Se trata de una de m\u00e1s antigua torres de extracci\u00f3n<\/strong> de los pozos de la mina.<\/p>\n<p>La maquinaria<strong> ya est\u00e1 nuevamente operativa y estaban repintando y eliminado las marcas del tiempo<\/strong> del castillete del Pozo.<\/p>\n<figure id=\"attachment_38038\" aria-describedby=\"caption-attachment-38038\" style=\"width: 640px\" class=\"wp-caption aligncenter\"><img decoding=\"async\" src=\"https:\/\/destinocastillayleon.es\/index\/wp-content\/uploads\/2023\/11\/Maquinaria-de-la-torre-del-Pozo-Julia-Destio-Castilla-y-Leon.jpg\" alt=\"Patrimonio Industrial\" Title=\"Maquinaria de la torre del Pozo Julia - Destino Castilla y Le\u00f3n\" width=\"640\" height=\"480\" class=\"size-full wp-image-38038\" \/><figcaption id=\"caption-attachment-38038\" class=\"wp-caption-text\">Maquinaria de la torre del Pozo Julia &#8211; Destino Castilla y Le\u00f3n<\/figcaption><\/figure>\n<p>Se tiene el objetivo de <strong>permitir en alg\u00fan momento hacer visitable el pozo de la mina original.<\/strong> Pero mientras, se ha recreado una galer\u00eda en la superficie que permite replicar de forma segura en pozo de la mina.<\/p>\n<h3><strong>R\u00e9plica de la mina bajo tierra<\/strong><\/h3>\n<p>Con un nivel de detalle bastante bueno y usando elementos originales y otros reciclados, <strong>el grupo de antiguos mineros est\u00e1 recreando una mina de extracci\u00f3n de carb\u00f3n, aunque sin los problemas ni las fallas de seguridad<\/strong> que se pueden dar en una mina real.<\/p>\n<figure id=\"attachment_38040\" aria-describedby=\"caption-attachment-38040\" style=\"width: 580px\" class=\"wp-caption aligncenter\"><img decoding=\"async\" src=\"https:\/\/destinocastillayleon.es\/index\/wp-content\/uploads\/2023\/11\/Simulacion-de-una-galeria-de-carbon-en-el-Pozo-Julia-Destino-Castilla-y-Leon.jpg\" alt=\"Patrimonio Industrial\" Title=\"Simulaci\u00f3n de una galer\u00eda de carb\u00f3n en el Pozo Julia - Destino Castilla y Le\u00f3n\" width=\"580\" height=\"326\" class=\"size-full wp-image-38040\" srcset=\"https:\/\/destinocastillayleon.es\/index\/wp-content\/uploads\/2023\/11\/Simulacion-de-una-galeria-de-carbon-en-el-Pozo-Julia-Destino-Castilla-y-Leon.jpg 580w, https:\/\/destinocastillayleon.es\/index\/wp-content\/uploads\/2023\/11\/Simulacion-de-una-galeria-de-carbon-en-el-Pozo-Julia-Destino-Castilla-y-Leon-300x169.jpg 300w\" sizes=\"(max-width: 580px) 100vw, 580px\" \/><figcaption id=\"caption-attachment-38040\" class=\"wp-caption-text\">Simulaci\u00f3n de una galer\u00eda de carb\u00f3n en el Pozo Julia &#8211; Destino Castilla y Le\u00f3n<\/figcaption><\/figure>\n<p>En un recorrido <strong>de algo menos de 100 metros de longitud en total recrea una galer\u00eda a trav\u00e9s de la veta de carb\u00f3n.<\/strong> Tiene forma de \u00abT\u00bb y al final de uno de los brazos de esta forma se encuentra el frente de mina, con una simulaci\u00f3n de un barrenado para romper la veta. Al otro lado, se muestra otra forma de extracci\u00f3n, asistida por maquinaria que se usaba en vetas muy vinas.<\/p>\n<figure id=\"attachment_38036\" aria-describedby=\"caption-attachment-38036\" style=\"width: 640px\" class=\"wp-caption aligncenter\"><img decoding=\"async\" src=\"https:\/\/destinocastillayleon.es\/index\/wp-content\/uploads\/2023\/11\/Recreacion-de-una-galeria-de-carbon-Destino-Castilla-y-Leon.jpg\" alt=\"Patrimonio Industrial\" Title=\"Recreaci\u00f3n de una galer\u00eda de carb\u00f3n - Destino Castilla y Le\u00f3n\" width=\"640\" height=\"360\" class=\"size-full wp-image-38036\" srcset=\"https:\/\/destinocastillayleon.es\/index\/wp-content\/uploads\/2023\/11\/Recreacion-de-una-galeria-de-carbon-Destino-Castilla-y-Leon.jpg 640w, https:\/\/destinocastillayleon.es\/index\/wp-content\/uploads\/2023\/11\/Recreacion-de-una-galeria-de-carbon-Destino-Castilla-y-Leon-300x169.jpg 300w\" sizes=\"(max-width: 640px) 100vw, 640px\" \/><figcaption id=\"caption-attachment-38036\" class=\"wp-caption-text\">Recreaci\u00f3n de una galer\u00eda de carb\u00f3n &#8211; Destino Castilla y Le\u00f3n<\/figcaption><\/figure>\n<p><strong>Resulta ligeramente angustioso,<\/strong> y aunque sabemos que no es de verdad, que la iluminaci\u00f3n es mejor que lo original; <strong>es una forma muy interesante de no olvidar el trabajo  y el sufrimiento de esta gente.<\/strong><\/p>\n<h3><strong>Informaci\u00f3n y contacto para visitar las instalaciones de Pozo Julia<\/h3>\n<h4>Situaci\u00f3n<\/strong><\/h4>\n<p><strong>Asociaci\u00f3n de Mineros Cuenca de Fabero<\/strong><br \/>\nCalle Otero 61<br \/>\n24420 &#8211; Fabero, Le\u00f3n<\/p>\n<h4><strong>Contacto<\/strong><\/h4>\n<p>Telf.: +34 987 550 211 \/ +34 671 028 841<br \/>\n@.: <a href=\"mailto:consultas@fabero.org\">consultas@fabero.org<\/a>.<\/p>\n<h2><strong>Los mineros fuera de la mina<\/strong><\/h2>\n<p>En Fabero, <strong>la mayor parte de la poblaci\u00f3n estaba, si no directamente, al menos indirectamente, relacionados con la miner\u00eda del carb\u00f3n.<\/strong> Las empresas mineras, como ya comentamos en la publicaci\u00f3n sobre el Museo de la Siderurgia y a Miner\u00eda, <strong>eran muy <em>paternalistas<\/em>, por lo que desarrollaron una serie de servicios para atender a sus empleados.<\/strong> Aunque no es directamente Patrimonio Industrial, est\u00e1 muy relacionado.<\/p>\n<h3><strong>Un barrio de mineros<\/strong><\/h3>\n<p>Estas empresas <strong>construyeron aut\u00e9nticos barrios para alojar a los mineros y sus familias.<\/strong> Las casas eran por lo general sencillas; y solamente cuando se ascend\u00eda se permit\u00eda una casa en mejores condiciones; estas instalaciones civiles las podemos incluir dentro de un Patrimonio Industrial.<\/p>\n<figure id=\"attachment_38049\" aria-describedby=\"caption-attachment-38049\" style=\"width: 640px\" class=\"wp-caption aligncenter\"><img decoding=\"async\" src=\"https:\/\/destinocastillayleon.es\/index\/wp-content\/uploads\/2023\/11\/Casa-de-minero-de-Fabero-Destino-Castilla-y-Leon.jpg\" alt=\"Casa de minero de Fabero - Destino Castilla y Le\u00f3n\" width=\"640\" height=\"360\" class=\"size-full wp-image-38049\" srcset=\"https:\/\/destinocastillayleon.es\/index\/wp-content\/uploads\/2023\/11\/Casa-de-minero-de-Fabero-Destino-Castilla-y-Leon.jpg 640w, https:\/\/destinocastillayleon.es\/index\/wp-content\/uploads\/2023\/11\/Casa-de-minero-de-Fabero-Destino-Castilla-y-Leon-300x169.jpg 300w\" sizes=\"(max-width: 640px) 100vw, 640px\" \/><figcaption id=\"caption-attachment-38049\" class=\"wp-caption-text\">Casa de minero de Fabero &#8211; Destino Castilla y Le\u00f3n<\/figcaption><\/figure>\n<p><strong>Muchas de estos barrios y viviendas se mantienen en uso,<\/strong> aunque la mayor\u00eda las han modificado y actualizado. Pero hace tiempo, esta Asociaci\u00f3n de Mineros de la Cuenca de Fabero <strong>dio con una casa sin actualizar, propiedad de uno de los antiguos mineros asociados.<\/strong> Esto ha permitido conservar casi \u00edntegramente una de estas casas en el estado que ten\u00edan en los a\u00f1os 50&#8217;s, 60&#8217;s y 70&#8217;s del siglo XX, siendo casi un museo etnogr\u00e1fico viviente.<\/p>\n<h4><strong>La vivienda de un minero<\/strong><\/h4>\n<p>En una casa <strong>de unos 60 metros cuadrados,<\/strong> unifamiliar y adosada a otras tantas viviendas similares, vivi\u00f3 de ni\u00f1o y hasta que se independiz\u00f3, uno de los antiguos trabajadores de la mina de Fabero. E<strong>sta casa tan b\u00e1sica, contaba con un peque\u00f1o <em>sobrao<\/em>, un peque\u00f1o patio trasero y varias habitaciones<\/strong> donde se hacinaban los ni\u00f1os de la familia.<\/p>\n<figure id=\"attachment_38045\" aria-describedby=\"caption-attachment-38045\" style=\"width: 640px\" class=\"wp-caption aligncenter\"><img decoding=\"async\" src=\"https:\/\/destinocastillayleon.es\/index\/wp-content\/uploads\/2023\/11\/Habitacion-de-una-casa-de-mineros-de-Fabero-Destino-Castilla-y-Leon.jpg\" alt=\"Habitaci\u00f3n de una casa de mineros de Fabero - Destino Castilla y Le\u00f3n\" width=\"640\" height=\"360\" class=\"size-full wp-image-38045\" srcset=\"https:\/\/destinocastillayleon.es\/index\/wp-content\/uploads\/2023\/11\/Habitacion-de-una-casa-de-mineros-de-Fabero-Destino-Castilla-y-Leon.jpg 640w, https:\/\/destinocastillayleon.es\/index\/wp-content\/uploads\/2023\/11\/Habitacion-de-una-casa-de-mineros-de-Fabero-Destino-Castilla-y-Leon-300x169.jpg 300w\" sizes=\"(max-width: 640px) 100vw, 640px\" \/><figcaption id=\"caption-attachment-38045\" class=\"wp-caption-text\">Habitaci\u00f3n de una casa de mineros de Fabero &#8211; Destino Castilla y Le\u00f3n<\/figcaption><\/figure>\n<blockquote><p>Actualmente esta casa ya no est\u00e1 habitada, salvo quiz\u00e1s, por los recuerdos de las gentes de Fabero.<\/p><\/blockquote>\n<p>Esto <strong>ha permitido que se haya musealizado y sea visitable como si fuera parte de un museo etnogr\u00e1fico de la poblaci\u00f3n minera<\/strong> de la segunda mitad del siglo XX entre las monta\u00f1as de Le\u00f3n. Es sin duda, <strong>una experiencia dura, aunque tiene su atractivo,<\/strong> ya que representa una \u00e9poca dif\u00edcil, aunque seguramente para los hoy adultos que vivieron aquella \u00e9poca de j\u00f3venes, aunque dif\u00edcil, a\u00fan trae buenos recuerdos.<\/p>\n<figure id=\"attachment_38048\" aria-describedby=\"caption-attachment-38048\" style=\"width: 640px\" class=\"wp-caption aligncenter\"><img decoding=\"async\" src=\"https:\/\/destinocastillayleon.es\/index\/wp-content\/uploads\/2023\/11\/Cocina-de-la-casa-de-la-familia-del-minero-Destino-Castilla-y-Leon.jpg\" alt=\"Cocina de la casa de la familia del minero - Destino Castilla y Le\u00f3n\" width=\"640\" height=\"360\" class=\"size-full wp-image-38048\" srcset=\"https:\/\/destinocastillayleon.es\/index\/wp-content\/uploads\/2023\/11\/Cocina-de-la-casa-de-la-familia-del-minero-Destino-Castilla-y-Leon.jpg 640w, https:\/\/destinocastillayleon.es\/index\/wp-content\/uploads\/2023\/11\/Cocina-de-la-casa-de-la-familia-del-minero-Destino-Castilla-y-Leon-300x169.jpg 300w\" sizes=\"(max-width: 640px) 100vw, 640px\" \/><figcaption id=\"caption-attachment-38048\" class=\"wp-caption-text\">Cocina de la casa de la familia del minero &#8211; Destino Castilla y Le\u00f3n<\/figcaption><\/figure>\n<h3><strong>El Economato de Marr\u00f3n<\/strong><\/h3>\n<p>Para muchos, esta palabra resultar\u00e1 desconocida. Pues <strong>estos negocios fueron desapareciendo desde principios de los 90&#8217;s del siglo XX. Eran tiendas a modo de peque\u00f1os supermercados que las grandes empresas estatales y algunas privadas, permit\u00edan comprar a los empleados o a sus familiares,<\/strong> a precios por debajo del mercado minorista, ya que hac\u00edan compras centralizadas.<\/p>\n<figure id=\"attachment_38047\" aria-describedby=\"caption-attachment-38047\" style=\"width: 640px\" class=\"wp-caption aligncenter\"><img decoding=\"async\" src=\"https:\/\/destinocastillayleon.es\/index\/wp-content\/uploads\/2023\/11\/Entrada-al-Economato-Marron-de-Febero-Destino-Castilla-y-Leon.jpg\" alt=\"Entrada al Economato del Marr\u00f3n de Fabero - Destino Castilla y Le\u00f3n\" width=\"640\" height=\"360\" class=\"size-full wp-image-38047\" srcset=\"https:\/\/destinocastillayleon.es\/index\/wp-content\/uploads\/2023\/11\/Entrada-al-Economato-Marron-de-Febero-Destino-Castilla-y-Leon.jpg 640w, https:\/\/destinocastillayleon.es\/index\/wp-content\/uploads\/2023\/11\/Entrada-al-Economato-Marron-de-Febero-Destino-Castilla-y-Leon-300x169.jpg 300w\" sizes=\"(max-width: 640px) 100vw, 640px\" \/><figcaption id=\"caption-attachment-38047\" class=\"wp-caption-text\">Entrada al Economato del Marr\u00f3n de Fabero &#8211; Destino Castilla y Le\u00f3n<\/figcaption><\/figure>\n<p>En Fabero, <strong>debi\u00f3 haber varios, pues eran varias las empresas mineras que operaban en el valle que une el Alto Sil<\/strong> con la zona m\u00e1s cl\u00e1sica de El Bierzo. A\u00fan es posible visitar uno de estos establecimientos, que se qued\u00f3 con las mercanc\u00edas que hab\u00eda en la \u00e9poca del cierre, as\u00ed como otros elementos cedidos por las personas de la Asociaci\u00f3n de mineros de la cuenca de Fabero. <\/p>\n<figure id=\"attachment_38046\" aria-describedby=\"caption-attachment-38046\" style=\"width: 640px\" class=\"wp-caption aligncenter\"><img decoding=\"async\" src=\"https:\/\/destinocastillayleon.es\/index\/wp-content\/uploads\/2023\/11\/Interior-del-Economato-Marron-en-Fabero-Destino-Castilla-y-Leon.jpg\" alt=\"Interior del Economato del Marr\u00f3n en Fabero - Destino Castilla y Le\u00f3n\" width=\"640\" height=\"360\" class=\"size-full wp-image-38046\" srcset=\"https:\/\/destinocastillayleon.es\/index\/wp-content\/uploads\/2023\/11\/Interior-del-Economato-Marron-en-Fabero-Destino-Castilla-y-Leon.jpg 640w, https:\/\/destinocastillayleon.es\/index\/wp-content\/uploads\/2023\/11\/Interior-del-Economato-Marron-en-Fabero-Destino-Castilla-y-Leon-300x169.jpg 300w\" sizes=\"(max-width: 640px) 100vw, 640px\" \/><figcaption id=\"caption-attachment-38046\" class=\"wp-caption-text\">Interior del Economato del Marr\u00f3n en Fabero &#8211; Destino Castilla y Le\u00f3n<\/figcaption><\/figure>\n<p>Esta tienda<strong> se la conoce como \u00abEconomato de Marr\u00f3n\u00bb, pues este era el nombre que tuvo la empresa que explotaba este negocio.<\/strong> Lo curioso es que no hac\u00eda falta dinero, los productos eran de la propia empresa Marr\u00f3n, y ofrec\u00eda tickets a los empleados canjeables en el propio economato.<\/p>\n<figure id=\"attachment_38050\" aria-describedby=\"caption-attachment-38050\" style=\"width: 640px\" class=\"wp-caption aligncenter\"><img decoding=\"async\" src=\"https:\/\/destinocastillayleon.es\/index\/wp-content\/uploads\/2023\/11\/Interior-del-Economato-del-Marron-de-Fabero-Destino-Castilla-y-Leon.jpg\" alt=\"Interior del Economato del Marr\u00f3n de Fabero - Destino Castilla y Le\u00f3n\" width=\"640\" height=\"360\" class=\"size-full wp-image-38050\" srcset=\"https:\/\/destinocastillayleon.es\/index\/wp-content\/uploads\/2023\/11\/Interior-del-Economato-del-Marron-de-Fabero-Destino-Castilla-y-Leon.jpg 640w, https:\/\/destinocastillayleon.es\/index\/wp-content\/uploads\/2023\/11\/Interior-del-Economato-del-Marron-de-Fabero-Destino-Castilla-y-Leon-300x169.jpg 300w\" sizes=\"(max-width: 640px) 100vw, 640px\" \/><figcaption id=\"caption-attachment-38050\" class=\"wp-caption-text\">Interior del Economato del Marr\u00f3n de Fabero &#8211; Destino Castilla y Le\u00f3n<\/figcaption><\/figure>\n<h4><strong>Situaci\u00f3n del Economato de Marr\u00f3n<\/strong><\/h4>\n<p>Avenida de Fabero, 55<br \/>\n24428 &#8211; Lillo del Bierzo, Le\u00f3n<\/p>\n<p>Telf.: +34 671 028 841.<\/p>\n<h3><strong>Otras instalaciones visitables de Fabero relacionadas con el Patrimonio Industrial asociado a la miner\u00eda<\/strong><\/h3>\n<p>Durante nuestra corta visita a Fabero, <strong>nos quedamos sin ver todo lo que esta localidad berciana conserva<\/strong> relacionado con la miner\u00eda. As\u00ed, tambi\u00e9n hay:<\/p>\n<ul>\n<li>La Escuela del Ayer.<\/li>\n<li>Aula Paleobot\u00e1nica.<\/li>\n<li>Arquitectura minera.<\/li>\n<li>Arquitectura popular.<\/li>\n<\/ul>\n<h3><strong>Otros atractivos de Fabero<\/strong><\/h3>\n<p>No os vamos a enga\u00f1ar, <strong>Fabero era una aldea de unos 400 habitantes a inicios del siglo XX y en la segunda mitad de ese siglo, lleg\u00f3 a alcanzar casi 8.000 personas.<\/strong> Esto hace que casi todo su patrimonio est\u00e9 relacionado con este Patrimonio Industrial.<\/p>\n<p>Esto, <strong>hizo que el pueblo creciese de forma r\u00e1pida y un tanto desorganizada,<\/strong> donde lo funcional era m\u00e1s importante que lo est\u00e9tico.<\/p>\n<h4><strong>Patrimonio de Fabero<\/strong><\/h4>\n<p>No obstante, <strong>de patrimonio hist\u00f3rico se conserva la iglesia San Nicolas, de 1617.<\/strong><\/p>\n<figure id=\"attachment_38064\" aria-describedby=\"caption-attachment-38064\" style=\"width: 640px\" class=\"wp-caption aligncenter\"><img decoding=\"async\" src=\"https:\/\/destinocastillayleon.es\/index\/wp-content\/uploads\/2023\/11\/Iglesia-vieja-de-San-Nicolas-de-Fabero-Imagen-de-la-Diocesis-de-Astorga.jpg\" alt=\"Iglesia vieja de San Nicol\u00e1s de Fabero - Imagen de la Di\u00f3cesis de Astorga\" width=\"640\" height=\"360\" class=\"size-full wp-image-38064\" srcset=\"https:\/\/destinocastillayleon.es\/index\/wp-content\/uploads\/2023\/11\/Iglesia-vieja-de-San-Nicolas-de-Fabero-Imagen-de-la-Diocesis-de-Astorga.jpg 640w, https:\/\/destinocastillayleon.es\/index\/wp-content\/uploads\/2023\/11\/Iglesia-vieja-de-San-Nicolas-de-Fabero-Imagen-de-la-Diocesis-de-Astorga-300x169.jpg 300w\" sizes=\"(max-width: 640px) 100vw, 640px\" \/><figcaption id=\"caption-attachment-38064\" class=\"wp-caption-text\">Iglesia vieja de San Nicol\u00e1s de Fabero &#8211; Imagen de la Di\u00f3cesis de Astorga<\/figcaption><\/figure>\n<p>A\u00fan guarda <strong>una torre de espada\u00f1a de dos cuerpos.<\/strong> El acceso es por un atrio con una portada de un arco de medio punto, bajo p\u00f3rtico, con hornacina decorada con llaves y en la que hab\u00eda una virgen del Carmen.<\/p>\n<p>Otra zona de inter\u00e9s en Fabero <strong>es el conocido como el Barrio del Mercadillo, que posiblemente sea la zona m\u00e1s antigua e hist\u00f3rica de la villa,<\/strong> de su \u00e9poca donde la econom\u00eda se basaba en la agricultura y la ganader\u00eda. Esta zona <strong>se caracteriza por a\u00fan conservar casas de piedra, madera y adobe.<\/strong> A destacar <strong>la casa de los Canda\u00f1edo,<\/strong> de fachada de piedra y notable escudo en uno de sus laterales.<\/p>\n<figure id=\"attachment_38067\" aria-describedby=\"caption-attachment-38067\" style=\"width: 640px\" class=\"wp-caption aligncenter\"><img decoding=\"async\" src=\"https:\/\/destinocastillayleon.es\/index\/wp-content\/uploads\/2023\/11\/Arquitectura-popular-de-Fabero-Imagen-de-El-Diario-de-Leon.jpg\" alt=\"Arquitectura popular de Fabero - Imagen de El Diario de Le\u00f3n\" width=\"640\" height=\"360\" class=\"size-full wp-image-38067\" srcset=\"https:\/\/destinocastillayleon.es\/index\/wp-content\/uploads\/2023\/11\/Arquitectura-popular-de-Fabero-Imagen-de-El-Diario-de-Leon.jpg 640w, https:\/\/destinocastillayleon.es\/index\/wp-content\/uploads\/2023\/11\/Arquitectura-popular-de-Fabero-Imagen-de-El-Diario-de-Leon-300x169.jpg 300w\" sizes=\"(max-width: 640px) 100vw, 640px\" \/><figcaption id=\"caption-attachment-38067\" class=\"wp-caption-text\">Arquitectura popular de Fabero &#8211; Imagen de El Diario de Le\u00f3n<\/figcaption><\/figure>\n<p>Este barrio se encuentra en la parte baja de Fabero. Es accesible <strong>desde la carretera comarcal C-711;<\/strong> o por el camino de Toreno.<\/p>\n<h4><strong>Gastronom\u00eda de Fabero<\/strong><\/h4>\n<p><strong>La gastronom\u00eda tradicional de Fabero es la t\u00edpica de la comarca de El Bierzo, destacando las manzanas, las peras de conferencia y la casta\u00f1a,<\/strong> que poseen sello de calidad amparados bajo unas denominaciones de origen.<\/p>\n<p><figure id=\"attachment_32546\" aria-describedby=\"caption-attachment-32546\" style=\"width: 580px\" class=\"wp-caption aligncenter\"><img decoding=\"async\" src=\"https:\/\/destinocastillayleon.es\/index\/wp-content\/uploads\/2020\/04\/d7c4eb65ff2bf4baa9e293805a42dff7.jpg\" alt=\"Contundente botillo en el Mes\u00f3n El Acebo - Imagen del Mes\u00f3n\" width=\"580\" height=\"387\" class=\"size-full wp-image-32546\" srcset=\"https:\/\/destinocastillayleon.es\/index\/wp-content\/uploads\/2020\/04\/d7c4eb65ff2bf4baa9e293805a42dff7.jpg 580w, https:\/\/destinocastillayleon.es\/index\/wp-content\/uploads\/2020\/04\/d7c4eb65ff2bf4baa9e293805a42dff7-300x200.jpg 300w\" sizes=\"(max-width: 580px) 100vw, 580px\" \/><figcaption id=\"caption-attachment-32546\" class=\"wp-caption-text\">Contundente botillo en el Mes\u00f3n El Acebo &#8211; Imagen del Mes\u00f3n<\/figcaption><\/figure>El otro Gran protagonistas es <strong>el Botillo,<\/strong> que tambi\u00e9n tiene denominaci\u00f3n de origen protegida.<\/p>\n<h4><strong>Otras cosas para ver en el entorno<\/strong><\/h4>\n<p>Muy cerca de Fabero <strong>se encuentra la reserva natural del <a href=\"https:\/\/destinocastillayleon.es\/index\/los-ancares-leoneses\/\">Valle de Ancares<\/a>.<\/strong> Como ya os contamos, se suele decir que Fabero es la puerta del Valle de Ancares, famoso por <a href=\"https:\/\/destinocastillayleon.es\/index\/visitar-pallozas\/\">su colecci\u00f3n casi \u00fanica de antiguas pallozas<\/a>, construcciones que se remontan a los primeros pobladores astures de la regi\u00f3n, que han sobrevivido a los romanos, a los visigodos, a la invasi\u00f3n musulmana,.. <strong>All\u00ed hay muchos castros, entre los que se podr\u00eda destacar el Castro de Chano.<\/strong> O m\u00e1s al norte, en Laciana, el <strong><a href=\"https:\/\/destinocastillayleon.es\/index\/castros-astures-en-el-valle-de-laciana\/\">Centro de Interpretaci\u00f3n de los castros<\/a>.<\/strong><\/p>\n<figure id=\"attachment_33398\" aria-describedby=\"caption-attachment-33398\" style=\"width: 640px\" class=\"wp-caption aligncenter\"><img decoding=\"async\" src=\"https:\/\/destinocastillayleon.es\/index\/wp-content\/uploads\/2020\/08\/3bae79b30907a533c9da0af17decbd64.jpg\" alt=\"Visita al Castro de Chano - Destino Castilla y Le\u00f3n\" width=\"640\" height=\"427\" class=\"size-full wp-image-33398\" srcset=\"https:\/\/destinocastillayleon.es\/index\/wp-content\/uploads\/2020\/08\/3bae79b30907a533c9da0af17decbd64.jpg 640w, https:\/\/destinocastillayleon.es\/index\/wp-content\/uploads\/2020\/08\/3bae79b30907a533c9da0af17decbd64-300x200.jpg 300w, https:\/\/destinocastillayleon.es\/index\/wp-content\/uploads\/2020\/08\/3bae79b30907a533c9da0af17decbd64-600x400.jpg 600w\" sizes=\"(max-width: 640px) 100vw, 640px\" \/><figcaption id=\"caption-attachment-33398\" class=\"wp-caption-text\">Visita al Castro de Chano &#8211; Destino Castilla y Le\u00f3n<\/figcaption><\/figure>\n<p>En esta zona, <strong>se encuentra tambi\u00e9n S\u00e9samo, una localidad dependiente de Vega de Espinadera<\/strong> en cuyas monta\u00f1as que miran a Fabero, se encuentran los restos de otro <a href=\"https:\/\/destinocastillayleon.es\/index\/pinturas-rupestres-de-sesamo\/\"><strong>castro astur y un yacimiento de pinturas rupestres<\/strong><\/a> de \u00e9poca del paleol\u00edtico. <a name=\"Corullon\"><\/a><br \/>\n&nbsp;<\/p>\n<h2><strong>Corull\u00f3n del Bierzo<\/strong><\/h2>\n<p><strong>Nos desplazamos a otro pueblo minero de la comarca de El Bierzo. En este caso, Corull\u00f3n del Bierzo.<\/strong> Otro pueblo entre las monta\u00f1as de Le\u00f3n, aunque ahora en la zona oeste, casi fronteriza con Galicia.<\/p>\n<p>Este pueblo <strong>se hizo famoso desde el segundo tercio del siglo XX por un yacimiento de wolframio,<\/strong> un mineral que, en aleaciones con el hierro y el carbono, es capaz de proporcionar mayor resistencia al acero resultante.<\/p>\n<h3><strong>Pueblo minero de Pe\u00f1a del Seo<\/strong><\/h3>\n<p>La compa\u00f1\u00eda minera que extra\u00eda y procesaba este importante mineral construy\u00f3 en medio de las monta\u00f1as un pueblo minero para sus trabajadores.<\/p>\n<figure id=\"attachment_38066\" aria-describedby=\"caption-attachment-38066\" style=\"width: 640px\" class=\"wp-caption aligncenter\"><img decoding=\"async\" src=\"https:\/\/destinocastillayleon.es\/index\/wp-content\/uploads\/2023\/11\/Poblado-Pena-del-Seo-Imagen-de-Curiositravel.jpg\" alt=\"Poblado Pe\u00f1a del Seo - Imagen de Curiositravel\" width=\"640\" height=\"360\" class=\"size-full wp-image-38066\" srcset=\"https:\/\/destinocastillayleon.es\/index\/wp-content\/uploads\/2023\/11\/Poblado-Pena-del-Seo-Imagen-de-Curiositravel.jpg 640w, https:\/\/destinocastillayleon.es\/index\/wp-content\/uploads\/2023\/11\/Poblado-Pena-del-Seo-Imagen-de-Curiositravel-300x169.jpg 300w\" sizes=\"(max-width: 640px) 100vw, 640px\" \/><figcaption id=\"caption-attachment-38066\" class=\"wp-caption-text\">Poblado Pe\u00f1a del Seo &#8211; Imagen de Curiositravel<\/figcaption><\/figure>\n<blockquote><p>Este pueblo, para unas 500 personas tuvo capacidad para albergar a esta poblaci\u00f3n dentro de unas condiciones, en general, mejores que las de otros pueblos mineros.<\/p><\/blockquote>\n<h4><strong>El urbanismo en el pueblo minero de Pe\u00f1a del Seo<\/strong><\/h4>\n<p><strong>Articulado en una gran calle principal,<\/strong> a ambos lados se levantaban casas con viviendas distintas para cada tipolog\u00eda de familia.<\/p>\n<figure id=\"attachment_38051\" aria-describedby=\"caption-attachment-38051\" style=\"width: 580px\" class=\"wp-caption aligncenter\"><img decoding=\"async\" src=\"https:\/\/destinocastillayleon.es\/index\/wp-content\/uploads\/2023\/11\/Poblado-Minero-Pena-del-Seo-Imagen-de-Wikipedia-cc.jpg\" alt=\"Patrimonio Industrial\" Title=\"Poblado Minero Pe\u00f1a del Seo - Imagen de CC Wikipedia\" width=\"580\" height=\"326\" class=\"size-full wp-image-38051\" srcset=\"https:\/\/destinocastillayleon.es\/index\/wp-content\/uploads\/2023\/11\/Poblado-Minero-Pena-del-Seo-Imagen-de-Wikipedia-cc.jpg 580w, https:\/\/destinocastillayleon.es\/index\/wp-content\/uploads\/2023\/11\/Poblado-Minero-Pena-del-Seo-Imagen-de-Wikipedia-cc-300x169.jpg 300w\" sizes=\"(max-width: 580px) 100vw, 580px\" \/><figcaption id=\"caption-attachment-38051\" class=\"wp-caption-text\">Poblado Minero Pe\u00f1a del Seo &#8211; Imagen de CC Wikipedia<\/figcaption><\/figure>\n<p>Mientras que <strong>los mineros con familias a su cargo ocupaban las casas de la parte superior, lo solteros estaban en los bajos.<\/strong> No obstante, todas estas viviendas pese a estar alejadas de un n\u00facleo urbano, pose\u00edan agua corriente, ba\u00f1os y electricidad a 125V.<\/p>\n<h4><strong>El poblado en la actualidad<\/strong><\/h4>\n<p><strong>Este poblado actualmente est\u00e1 abandonado. No sobrevivi\u00f3 al cierre de la mina,<\/strong> que primero abasteci\u00f3 a los alemanes de este mineral durante la Segunda Guerra Mundial, y luego a los norteamericanos durante la guerra de Corea y Vietnam.<\/p>\n<p>Tras este abandono, <strong>poco a poco fue olvidado<\/strong> y por la falta de mantenimiento, las inclemencias meteorol\u00f3gicas y el vandalismo, termin\u00f3 en un estado de ruina.<\/p>\n<figure id=\"attachment_38052\" aria-describedby=\"caption-attachment-38052\" style=\"width: 580px\" class=\"wp-caption aligncenter\"><img decoding=\"async\" src=\"https:\/\/destinocastillayleon.es\/index\/wp-content\/uploads\/2023\/11\/Poblado-Minero-Pena-del-Seo-en-la-actualidad-Imagen-de-El-Filandon-Berciano.jpg\" alt=\"Patrimonio Industrial\" Title=\"Poblado Minero Pe\u00f1a del Seo en la actualidad - Imagen de El Filand\u00f3n Berciano\" width=\"580\" height=\"326\" class=\"size-full wp-image-38052\" srcset=\"https:\/\/destinocastillayleon.es\/index\/wp-content\/uploads\/2023\/11\/Poblado-Minero-Pena-del-Seo-en-la-actualidad-Imagen-de-El-Filandon-Berciano.jpg 580w, https:\/\/destinocastillayleon.es\/index\/wp-content\/uploads\/2023\/11\/Poblado-Minero-Pena-del-Seo-en-la-actualidad-Imagen-de-El-Filandon-Berciano-300x169.jpg 300w\" sizes=\"(max-width: 580px) 100vw, 580px\" \/><figcaption id=\"caption-attachment-38052\" class=\"wp-caption-text\">Poblado Minero Pe\u00f1a del Seo en la actualidad &#8211; Imagen de El Filand\u00f3n Berciano<\/figcaption><\/figure>\n<p>Desde hace unos a\u00f1os, <strong>se ha creado una asociaci\u00f3n de antiguos mineros que est\u00e1n promocionando y arreglando el poblado, restaurando algunas viviendas<\/strong> para dejarlas como eran en su \u00e9poca de actividad; y consolidando las ruinas para que no se vengan abajo.<\/p>\n<p>A este pueblo <strong>no pudimos acercarnos a\u00fan, pues est\u00e1 en esta fase de restauraci\u00f3n,<\/strong> aunque lo vimos desde una monta\u00f1a pr\u00f3xima, que est\u00e1 en la parte alta de Corull\u00f3n del Bierzo.<\/p>\n<h3><strong>Visita a Corull\u00f3n del Bierzo<\/strong><\/h3>\n<p>Este pueblo <strong>se localiza en la ladera de un monte con vistas a Villafranca del Bierzo.<\/strong><\/p>\n<p>Si bien el pueblo <strong>es de origen medieval, toda la zona estuvo poblada por c\u00e1taros astures<\/strong> hasta su conquista e integraci\u00f3n en el Imperio Romano.<\/p>\n<figure id=\"attachment_38063\" aria-describedby=\"caption-attachment-38063\" style=\"width: 640px\" class=\"wp-caption aligncenter\"><img decoding=\"async\" src=\"https:\/\/destinocastillayleon.es\/index\/wp-content\/uploads\/2023\/11\/Casas-modernas-en-Corullon-del-Bierzo-Destino-Castilla-y-Leon.jpg\" alt=\"Casas modernas en Corull\u00f3n del Bierzo - Destino Castilla y Le\u00f3n\" width=\"640\" height=\"360\" class=\"size-full wp-image-38063\" srcset=\"https:\/\/destinocastillayleon.es\/index\/wp-content\/uploads\/2023\/11\/Casas-modernas-en-Corullon-del-Bierzo-Destino-Castilla-y-Leon.jpg 640w, https:\/\/destinocastillayleon.es\/index\/wp-content\/uploads\/2023\/11\/Casas-modernas-en-Corullon-del-Bierzo-Destino-Castilla-y-Leon-300x169.jpg 300w\" sizes=\"(max-width: 640px) 100vw, 640px\" \/><figcaption id=\"caption-attachment-38063\" class=\"wp-caption-text\">Casas modernas en Corull\u00f3n del Bierzo &#8211; Destino Castilla y Le\u00f3n<\/figcaption><\/figure>\n<p>Este origen hace que este pueblo tenga <strong>varias construcciones destacables.<\/strong> Lamentablemente no pudimos visitarlas por dentro, pero las visitamos en el exterior.<\/p>\n<h4><strong>Iglesia de San Miguel<\/strong><\/h4>\n<p>Esta iglesia <strong>nos encant\u00f3 por su cuidado estilo rom\u00e1nico<\/strong> m\u00e1s cl\u00e1sico del siglo XII.<\/p>\n<figure id=\"attachment_38053\" aria-describedby=\"caption-attachment-38053\" style=\"width: 640px\" class=\"wp-caption aligncenter\"><img decoding=\"async\" src=\"https:\/\/destinocastillayleon.es\/index\/wp-content\/uploads\/2023\/11\/Iglesia-de-San-Miguel-de-Corullon-Destino-Castilla-y-Leon.jpg\" alt=\"Iglesia de San Miguel de Corull\u00f3n - Destino Castilla y Le\u00f3n\" width=\"640\" height=\"360\" class=\"size-full wp-image-38053\" srcset=\"https:\/\/destinocastillayleon.es\/index\/wp-content\/uploads\/2023\/11\/Iglesia-de-San-Miguel-de-Corullon-Destino-Castilla-y-Leon.jpg 640w, https:\/\/destinocastillayleon.es\/index\/wp-content\/uploads\/2023\/11\/Iglesia-de-San-Miguel-de-Corullon-Destino-Castilla-y-Leon-300x169.jpg 300w\" sizes=\"(max-width: 640px) 100vw, 640px\" \/><figcaption id=\"caption-attachment-38053\" class=\"wp-caption-text\">Iglesia de San Miguel de Corull\u00f3n &#8211; Destino Castilla y Le\u00f3n<\/figcaption><\/figure>\n<p>Su planta es de <strong>una \u00fanica nave realizada con piedra de siller\u00eda<\/strong> en las esquinas y piedra irregular en los muros.<\/p>\n<p>Queda <strong>rematada por un campanario que se levanta sobre una torre de f\u00e1brica posterior.<\/strong> La verdad es que, por la decoraci\u00f3n y el estilo, nos gust\u00f3 mucho.<\/p>\n<h4><strong>Iglesia de San Esteban<\/strong><\/h4>\n<p>Es el otro templo en Corull\u00f3n. Aunque se trata de otra construcci\u00f3n rom\u00e1nica, <strong>esta es m\u00e1s r\u00fastica y tiene un estilo m\u00e1s pr\u00f3ximo a rom\u00e1nico leon\u00e9s de pizarra, toba y granito<\/strong> del siglo XI.<\/p>\n<figure id=\"attachment_38054\" aria-describedby=\"caption-attachment-38054\" style=\"width: 640px\" class=\"wp-caption aligncenter\"><img decoding=\"async\" src=\"https:\/\/destinocastillayleon.es\/index\/wp-content\/uploads\/2023\/11\/Iglesia-de-San-Esteban-de-Corullon-Destino-Castilla-y-Leon.jpg\" alt=\"Iglesia de San Esteban de Corull\u00f3n - Destino Castilla y Le\u00f3n\" width=\"640\" height=\"360\" class=\"size-full wp-image-38054\" srcset=\"https:\/\/destinocastillayleon.es\/index\/wp-content\/uploads\/2023\/11\/Iglesia-de-San-Esteban-de-Corullon-Destino-Castilla-y-Leon.jpg 640w, https:\/\/destinocastillayleon.es\/index\/wp-content\/uploads\/2023\/11\/Iglesia-de-San-Esteban-de-Corullon-Destino-Castilla-y-Leon-300x169.jpg 300w\" sizes=\"(max-width: 640px) 100vw, 640px\" \/><figcaption id=\"caption-attachment-38054\" class=\"wp-caption-text\">Iglesia de San Esteban de Corull\u00f3n &#8211; Destino Castilla y Le\u00f3n<\/figcaption><\/figure>\n<p>Igualmente <strong>es de una \u00fanica planta que se remata con una torre campanario<\/strong> que protege el p\u00f3rtico de entrada, a los pies de la misma. Est\u00e1 rodeada de un bonito recinto que pudiera haber sido un antiguo cementerio medieval.<\/p>\n<h4><strong>Castillo de Corull\u00f3n<\/strong><\/h4>\n<p>Esta fortaleza <strong>fue inicialmente parte de las posesiones de los Marqueses de Villafranca;<\/strong> Su construcci\u00f3n original es de finales del siglo XI, aunque durante el siglo XV fue transformado en un castillo-Palacio, muy al estilo de la \u00e9poca.<\/p>\n<figure id=\"attachment_38055\" aria-describedby=\"caption-attachment-38055\" style=\"width: 640px\" class=\"wp-caption aligncenter\"><img decoding=\"async\" src=\"https:\/\/destinocastillayleon.es\/index\/wp-content\/uploads\/2023\/11\/Castillo-de-Corullon-Imagen-de-Castillos-Peninsulares.jpg\" alt=\"Castillo de Corull\u00f3n - Imagen de Castillos Peninsulares\" width=\"640\" height=\"346\" class=\"size-full wp-image-38055\" srcset=\"https:\/\/destinocastillayleon.es\/index\/wp-content\/uploads\/2023\/11\/Castillo-de-Corullon-Imagen-de-Castillos-Peninsulares.jpg 640w, https:\/\/destinocastillayleon.es\/index\/wp-content\/uploads\/2023\/11\/Castillo-de-Corullon-Imagen-de-Castillos-Peninsulares-300x162.jpg 300w\" sizes=\"(max-width: 640px) 100vw, 640px\" \/><figcaption id=\"caption-attachment-38055\" class=\"wp-caption-text\">Castillo de Corull\u00f3n &#8211; Imagen de Castillos Peninsulares<\/figcaption><\/figure>\n<p>Actualmente, <strong>es una propiedad privada y desconocemos si es posible concertar una visita<\/strong> al mismo, aunque la verdad parece que merecer\u00eda hacerlo. <a name=\"Medulas\"><\/a><br \/>\n&nbsp;<\/p>\n<h2><strong>Las minas de oro romana de Las M\u00e9dulas<\/strong><\/h2>\n<p>Sobre las m\u00e9dulas <strong>ya os <a href=\"https:\/\/destinocastillayleon.es\/index\/las-medulas-de-leon-un-paisaje-patrimonio-de-la-humanidad\/\">hemos hablado hace tiempo<\/a>,<\/strong> aunque durante este viaje descubriendo el patrimonio industrial de las monta\u00f1as de Le\u00f3n, tambi\u00e9n le dedicamos una parada.<\/p>\n<figure id=\"attachment_21781\" aria-describedby=\"caption-attachment-21781\" style=\"width: 640px\" class=\"wp-caption aligncenter\"><img decoding=\"async\" src=\"https:\/\/destinocastillayleon.es\/index\/wp-content\/uploads\/2016\/01\/d5dbd84b9c42a9145dde86be7a9849fe.jpg\" alt=\"Patrimonio Industrial\" Title=\"Paisaje de las M\u00e9dulas - Destino Castilla y Le\u00f3n\" width=\"7640\" class=\"size-full wp-image-21781\" srcset=\"https:\/\/destinocastillayleon.es\/index\/wp-content\/uploads\/2016\/01\/d5dbd84b9c42a9145dde86be7a9849fe.jpg 796w, https:\/\/destinocastillayleon.es\/index\/wp-content\/uploads\/2016\/01\/d5dbd84b9c42a9145dde86be7a9849fe-300x200.jpg 300w\" sizes=\"(max-width: 796px) 100vw, 796px\" \/><figcaption id=\"caption-attachment-21781\" class=\"wp-caption-text\">Paisaje de las M\u00e9dulas &#8211; Destino Castilla y Le\u00f3n<\/figcaption><\/figure>\n<blockquote><p>Esta mina de oro tiene unos 2000 a\u00f1os y fue realizada por los Romanos.<\/p><\/blockquote>\n<h3><strong>Origen del terreno que componen las M\u00e9dulas<\/strong><\/h3>\n<p><strong>Llama la atenci\u00f3n como \u201cla caldera\u201d que rodea a la Comarca del Bierzo son pizarras y granitos.<\/strong> Estas rocas contuvieron grandes riadas que fueron depositando oro y otros minerales durante millones de a\u00f1os.<\/p>\n<p>Este dep\u00f3sito de piedras y minerales <strong>se fue compactando hasta que, por presi\u00f3n, tiempo y otros factores fueron compactando el terreno hasta formar algunas monta\u00f1as<\/strong> de esta parte sur de la comarca de El Bierzo.<\/p>\n<h3><strong>La explotaci\u00f3n minera<\/strong><\/h3>\n<p><strong>Los Romanos vieron que de los r\u00edos de esta comarca daban oro a los mineros astures,<\/strong> por lo que desarrollaron <strong>la t\u00e9cnica de <em>Ruina montum<\/em><\/strong>, consistente en horadar la monta\u00f1a con t\u00faneles y con un golpe de agua romper las monta\u00f1as desde el interior.<\/p>\n<figure id=\"attachment_21789\" aria-describedby=\"caption-attachment-21789\" style=\"width: 450px\" class=\"wp-caption aligncenter\"><img decoding=\"async\" src=\"https:\/\/destinocastillayleon.es\/index\/wp-content\/uploads\/2016\/01\/e977b2a3e8433ca7e55750098a6c518c.jpg\" alt=\"Ruina Montium - Destino Castilla y Le\u00f3n\" width=\"450\" class=\"size-full wp-image-21789\" srcset=\"https:\/\/destinocastillayleon.es\/index\/wp-content\/uploads\/2016\/01\/e977b2a3e8433ca7e55750098a6c518c.jpg 600w, https:\/\/destinocastillayleon.es\/index\/wp-content\/uploads\/2016\/01\/e977b2a3e8433ca7e55750098a6c518c-300x277.jpg 300w\" sizes=\"(max-width: 600px) 100vw, 600px\" \/><figcaption id=\"caption-attachment-21789\" class=\"wp-caption-text\">Esquema de c\u00f3mo funciona la t\u00e9cnica Ruina Montium &#8211; Imagen cortes\u00eda de Geobook<\/figcaption><\/figure>\n<p>Luego, <strong>solo era necesario lavar los destrozos<\/strong> de monta\u00f1a y extraer el oro. <strong>Durante los 200 a\u00f1os<\/strong>, que es lo que aproximadamente dur\u00f3 la explotaci\u00f3n minera, se debieron extraer <strong>algo menos de 6 toneladas de oro.<\/strong> Este yacimiento, Patrimonio de la Humanidad, es parte del Patrimonio Industrial de El Bierzo.<\/p>\n<h4><strong>Otras instalaciones anexas para la extracci\u00f3n de oro<\/strong><\/h4>\n<p>Para utilizar la t\u00e9cnica del <em>ruina montium<\/em>, era necesario <strong>acumular agua, darla altura y luego conducirla hasta los t\u00faneles<\/strong> en el interior de la monta\u00f1a.<\/p>\n<figure id=\"attachment_38058\" aria-describedby=\"caption-attachment-38058\" style=\"width: 640px\" class=\"wp-caption aligncenter\"><img decoding=\"async\" src=\"https:\/\/destinocastillayleon.es\/index\/wp-content\/uploads\/2023\/11\/Cueva-por-la-que-se-canalizo-el-agua-en-las-Medulas-Destino-Castilla-y-Leon.jpg\" alt=\"Cueva artificial por la que se canaliz\u00f3 el agua en las M\u00e9dulas - Destino Castilla y Le\u00f3n\" width=\"640\" height=\"360\" class=\"size-full wp-image-38058\" srcset=\"https:\/\/destinocastillayleon.es\/index\/wp-content\/uploads\/2023\/11\/Cueva-por-la-que-se-canalizo-el-agua-en-las-Medulas-Destino-Castilla-y-Leon.jpg 640w, https:\/\/destinocastillayleon.es\/index\/wp-content\/uploads\/2023\/11\/Cueva-por-la-que-se-canalizo-el-agua-en-las-Medulas-Destino-Castilla-y-Leon-300x169.jpg 300w\" sizes=\"(max-width: 640px) 100vw, 640px\" \/><figcaption id=\"caption-attachment-38058\" class=\"wp-caption-text\">Cueva artificial por la que se canaliz\u00f3 el agua en las M\u00e9dulas &#8211; Destino Castilla y Le\u00f3n<\/figcaption><\/figure>\n<p><strong>As\u00ed se crea el Lago de Carrucero, como un gran dep\u00f3sito de agua<\/strong> que lanzar a la mina. Pero para canalizar el agua, se desv\u00edan r\u00edos, se construyen canales y acueductos. Actualmente, <strong>es posible visitar estos canales,<\/strong> que hace unos a\u00f1os fueron objeto de estudio y restauraci\u00f3n, en el proyecto \u201c<a href=\"https:\/\/destinocastillayleon.es\/index\/la-senda-del-oro\/\">Los senderos del Oro<\/a>\u201d.<\/p>\n<h4><strong>V\u00edas romanas por el Bierzo<\/strong><\/h4>\n<p>Aunque no estuvo en el programa de este viaje, <strong>tambi\u00e9n fue necesario crear v\u00edas de transporte y puentes<\/strong> para sacar los recursos mineros de esta comarca.<\/p>\n<figure id=\"attachment_30848\" aria-describedby=\"caption-attachment-30848\" style=\"width: 640px\" class=\"wp-caption aligncenter\"><img decoding=\"async\" src=\"https:\/\/destinocastillayleon.es\/index\/wp-content\/uploads\/2019\/07\/6d64f46cc6cdc5b527fd81177215e5cc.jpg\" alt=\"Puente romano de Molinaseca - Destino Castilla y Le\u00f3n\" width=\"640\" height=\"400\" class=\"size-full wp-image-30848\" srcset=\"https:\/\/destinocastillayleon.es\/index\/wp-content\/uploads\/2019\/07\/6d64f46cc6cdc5b527fd81177215e5cc.jpg 640w, https:\/\/destinocastillayleon.es\/index\/wp-content\/uploads\/2019\/07\/6d64f46cc6cdc5b527fd81177215e5cc-300x188.jpg 300w\" sizes=\"(max-width: 640px) 100vw, 640px\" \/><figcaption id=\"caption-attachment-30848\" class=\"wp-caption-text\">Puente romano de Molinaseca &#8211; Destino Castilla y Le\u00f3n<\/figcaption><\/figure>\n<p><strong>La v\u00eda m\u00e1s importante fue la que sacaba el oro de las M\u00e9dulas y otras minas hasta <a href=\"https:\/\/destinocastillayleon.es\/index\/guia-de-ponferrada\/\">Ponferrada<\/a>, <a href=\"https:\/\/destinocastillayleon.es\/index\/guia-para-visitar-molinaseca\/\">Molinaseca<\/a>,<\/strong> y desde ah\u00ed, hasta la capital de la provincia romana, <strong>hasta Asturica Augusta,<\/strong> la actual <a href=\"https:\/\/destinocastillayleon.es\/index\/guia-de-viaje-para-en-astorga\/\">Astorga<\/a>.<\/p>\n<p>Estas v\u00edas <strong>son las que servir\u00e1n de base al Camino de Santiago<\/strong> posteriormente.<\/p>\n<h4><strong>Visita al Yacimiento de las M\u00e9dulas<\/strong><\/h4>\n<p><strong>Este gran yacimiento es visitable,<\/strong> aunque hemos visto c\u00f3mo <strong>hay ciertas restricciones para su conservaci\u00f3n que han ido apareciendo.<\/strong>  Algo l\u00f3gico, pues es un lugar declarado Patrimonio Mundial de la Humanidad.<\/p>\n<figure id=\"attachment_38061\" aria-describedby=\"caption-attachment-38061\" style=\"width: 640px\" class=\"wp-caption aligncenter\"><img decoding=\"async\" src=\"https:\/\/destinocastillayleon.es\/index\/wp-content\/uploads\/2023\/11\/Iglesia-del-pueblo-de-las-Medulas-Destino-Castilla-y-Leon.jpg\" alt=\"Iglesia del pueblo de las M\u00e9dulas - Destino Castilla y Le\u00f3n\" width=\"640\" height=\"360\" class=\"size-full wp-image-38061\" srcset=\"https:\/\/destinocastillayleon.es\/index\/wp-content\/uploads\/2023\/11\/Iglesia-del-pueblo-de-las-Medulas-Destino-Castilla-y-Leon.jpg 640w, https:\/\/destinocastillayleon.es\/index\/wp-content\/uploads\/2023\/11\/Iglesia-del-pueblo-de-las-Medulas-Destino-Castilla-y-Leon-300x169.jpg 300w\" sizes=\"(max-width: 640px) 100vw, 640px\" \/><figcaption id=\"caption-attachment-38061\" class=\"wp-caption-text\">Iglesia del pueblo de las M\u00e9dulas &#8211; Destino Castilla y Le\u00f3n<\/figcaption><\/figure>\n<p>En el pueblo de las M\u00e9dulas, <strong>es muy interesante la Casa del Parque,<\/strong> porque tambi\u00e9n se ha creado un Parque Natural, y que hace de Centro de Interpretaci\u00f3n del Yacimiento de las M\u00e9dulas.<\/p>\n<figure id=\"attachment_21769\" aria-describedby=\"caption-attachment-21769\" style=\"width: 640px\" class=\"wp-caption aligncenter\"><img decoding=\"async\" src=\"https:\/\/destinocastillayleon.es\/index\/wp-content\/uploads\/2016\/01\/4ccb4e910ec4dc8364e7e26bd0fdb818.jpg\" alt=\"Centro de Interpretaci\u00f3n de Las Medulas - Destino Castilla y Le\u00f3n\" width=\"640\" height=\"380\" class=\"size-full wp-image-21769\" srcset=\"https:\/\/destinocastillayleon.es\/index\/wp-content\/uploads\/2016\/01\/4ccb4e910ec4dc8364e7e26bd0fdb818.jpg 640w, https:\/\/destinocastillayleon.es\/index\/wp-content\/uploads\/2016\/01\/4ccb4e910ec4dc8364e7e26bd0fdb818-300x178.jpg 300w\" sizes=\"(max-width: 640px) 100vw, 640px\" \/><figcaption id=\"caption-attachment-21769\" class=\"wp-caption-text\">Centro de Interpretaci\u00f3n de Las Medulas &#8211; Destino Castilla y Le\u00f3n<\/figcaption><\/figure>\n<p>En este museo, <strong>conocer\u00e9is la vida de esta comarca durante la \u00e9poca de dominaci\u00f3n romana y c\u00f3mo fue la explotaci\u00f3n aur\u00edfera<\/strong> en El Bierzo, que trasciende mucho m\u00e1s a esta gran mina.<\/p>\n<p><strong>Desde este pueblo, se accede al yacimiento.<\/strong> Es muy interesante pasear por \u00e9l, y disfrutar de las vistas en alguno de sus miradores, mientras te deleitas entre casta\u00f1os y cerezos.<\/p>\n<figure id=\"attachment_38060\" aria-describedby=\"caption-attachment-38060\" style=\"width: 780px\" class=\"wp-caption aligncenter\"><img decoding=\"async\" src=\"https:\/\/destinocastillayleon.es\/index\/wp-content\/uploads\/2023\/11\/Castanos-centenarios-en-Las-Medulas-Destino-Castilla-y-Leon.jpg\" alt=\"Casta\u00f1os centenarios en Las M\u00e9dulas - Destino Castilla y Le\u00f3n\" width=\"780\" height=\"255\" class=\"size-full wp-image-38060\" srcset=\"https:\/\/destinocastillayleon.es\/index\/wp-content\/uploads\/2023\/11\/Castanos-centenarios-en-Las-Medulas-Destino-Castilla-y-Leon.jpg 780w, https:\/\/destinocastillayleon.es\/index\/wp-content\/uploads\/2023\/11\/Castanos-centenarios-en-Las-Medulas-Destino-Castilla-y-Leon-300x98.jpg 300w, https:\/\/destinocastillayleon.es\/index\/wp-content\/uploads\/2023\/11\/Castanos-centenarios-en-Las-Medulas-Destino-Castilla-y-Leon-768x251.jpg 768w\" sizes=\"(max-width: 780px) 100vw, 780px\" \/><figcaption id=\"caption-attachment-38060\" class=\"wp-caption-text\">Casta\u00f1os centenarios en Las M\u00e9dulas &#8211; Destino Castilla y Le\u00f3n<\/figcaption><\/figure>\n<blockquote><p>La famosa galer\u00eda de Orell\u00e1n, est\u00e1 cerrada al p\u00fablico para su conservaci\u00f3n.<\/p><\/blockquote>\n<h4><strong>El mirador de Orellan<\/strong><\/h4>\n<p>A este mirador <strong>se puede subir andando desde el yacimiento,<\/strong> es una subida dura, pero la vista merece el esfuerzo. Aunque, <strong>descubrimos una alternativa para subir en coche o microb\u00fas,<\/strong> por una carretera que rodea al yacimiento.<\/p>\n<figure id=\"attachment_38057\" aria-describedby=\"caption-attachment-38057\" style=\"width: 640px\" class=\"wp-caption aligncenter\"><img decoding=\"async\" src=\"https:\/\/destinocastillayleon.es\/index\/wp-content\/uploads\/2023\/11\/Las-Medulas-desde-el-mirador-de-Orellan-Destino-Castilla-y-Leon.jpg\" alt=\"Patrimonio Industrial\" Title=\"Las M\u00e9dulas desde el mirador de Orell\u00e1n - Destino Castilla y Le\u00f3n\" width=\"640\" height=\"360\" class=\"size-full wp-image-38057\" srcset=\"https:\/\/destinocastillayleon.es\/index\/wp-content\/uploads\/2023\/11\/Las-Medulas-desde-el-mirador-de-Orellan-Destino-Castilla-y-Leon.jpg 640w, https:\/\/destinocastillayleon.es\/index\/wp-content\/uploads\/2023\/11\/Las-Medulas-desde-el-mirador-de-Orellan-Destino-Castilla-y-Leon-300x169.jpg 300w\" sizes=\"(max-width: 640px) 100vw, 640px\" \/><figcaption id=\"caption-attachment-38057\" class=\"wp-caption-text\">Las M\u00e9dulas desde el mirador de Orell\u00e1n &#8211; Destino Castilla y Le\u00f3n<\/figcaption><\/figure>\n<p><strong>Este valle es el colmatado por los desechos que salieron de las monta\u00f1as destruidas por los Romanos<\/strong> durante su explotaci\u00f3n. Aunque hoy lo vemos cubierto de \u00e1rboles, hace 2000 a\u00f1os eran un valle que se fue cubriendo de piedras y rocas. <a name=\"Fabrica-de-luz\"><\/a><br \/>\n&nbsp;<\/p>\n<h2><strong>La Fabrica de Luz de Ponferrada<\/strong><\/h2>\n<p>Aunque vamos camino de c\u00e9ntrales de generaci\u00f3n el\u00e9ctrica cada vez m\u00e1s limpias, <strong>hubo un tiempo en el que las centrales de carb\u00f3n fueron las m\u00e1s importantes centrales de generaci\u00f3n el\u00e9ctrica.<\/strong> No vamos a desarrollar mucho el tema, pues es tan interesante que merece una publicaci\u00f3n propia.<\/p>\n<blockquote><p>Indicar que en Ponferrada se conservan dos centrales hist\u00f3ricas reconvertidas, pero que son visitables y muy interesantes.<\/p><\/blockquote>\n<h3><strong>La antigua central de 1919<\/strong><\/h3>\n<p>Aunque ya hubo un mini central previa, <strong>la gran central de generaci\u00f3n el\u00e9ctrica de carb\u00f3n se instal\u00f3 en Ponferrada en 1919<\/strong> por parte de la Sociedad Minero Sider\u00fargica de Ponferrada.<\/p>\n<figure id=\"attachment_38065\" aria-describedby=\"caption-attachment-38065\" style=\"width: 640px\" class=\"wp-caption aligncenter\"><img decoding=\"async\" src=\"https:\/\/destinocastillayleon.es\/index\/wp-content\/uploads\/2023\/11\/Antigua-fabrica-de-luz-hoy-museo-Destino-Castilla-y-Leon.jpg\" alt=\"Antigua f\u00e1brica de luz, hoy museo - Destino Castilla y Le\u00f3n\" width=\"640\" height=\"360\" class=\"size-full wp-image-38065\" srcset=\"https:\/\/destinocastillayleon.es\/index\/wp-content\/uploads\/2023\/11\/Antigua-fabrica-de-luz-hoy-museo-Destino-Castilla-y-Leon.jpg 640w, https:\/\/destinocastillayleon.es\/index\/wp-content\/uploads\/2023\/11\/Antigua-fabrica-de-luz-hoy-museo-Destino-Castilla-y-Leon-300x169.jpg 300w\" sizes=\"(max-width: 640px) 100vw, 640px\" \/><figcaption id=\"caption-attachment-38065\" class=\"wp-caption-text\">Antigua f\u00e1brica de luz, hoy museo &#8211; Destino Castilla y Le\u00f3n<\/figcaption><\/figure>\n<p>Inicialmente, <strong>fue una instalaci\u00f3n peque\u00f1a que solo serv\u00eda para el autoconsumo de la f\u00e1brica,<\/strong> luego m\u00e1s adelante, como negocio de suministro de electricidad a la poblaci\u00f3n de Ponferrada.<\/p>\n<p><strong>De esta instalaci\u00f3n original de la siderurgia, solo se conserva la central de generaci\u00f3n de calor,<\/strong> con unas calderas llegaban a producir <strong>12 MW de potencia.<\/strong> Estas instalaciones, que incluyen la zona de alternadores, junto con la central de recepci\u00f3n de carb\u00f3n es de lo poco original que se conserva, y es una visita muy interesante.<\/p>\n<h3><strong>La central Cultural<\/strong><\/h3>\n<p>Con la expansi\u00f3n de la red el\u00e9ctrica y la unificaci\u00f3n de las compa\u00f1\u00edas generadoras de electricidad, <strong>en Ponferrada su central de 1919 se le queda peque\u00f1a.<\/strong><\/p>\n<figure id=\"attachment_38073\" aria-describedby=\"caption-attachment-38073\" style=\"width: 640px\" class=\"wp-caption aligncenter\"><img decoding=\"async\" src=\"https:\/\/destinocastillayleon.es\/index\/wp-content\/uploads\/2023\/11\/La-central-nueva-hoy-un-Centro-cultural-en-Ponferrada-Destino-Castilla-y-Leon.jpg\" alt=\"La central nueva, hoy un Centro cultural en Ponferrada - Destino Castilla y Le\u00f3n\" width=\"640\" height=\"360\" class=\"size-full wp-image-38073\" srcset=\"https:\/\/destinocastillayleon.es\/index\/wp-content\/uploads\/2023\/11\/La-central-nueva-hoy-un-Centro-cultural-en-Ponferrada-Destino-Castilla-y-Leon.jpg 640w, https:\/\/destinocastillayleon.es\/index\/wp-content\/uploads\/2023\/11\/La-central-nueva-hoy-un-Centro-cultural-en-Ponferrada-Destino-Castilla-y-Leon-300x169.jpg 300w\" sizes=\"(max-width: 640px) 100vw, 640px\" \/><figcaption id=\"caption-attachment-38073\" class=\"wp-caption-text\">La central nueva, hoy un Centro cultural en Ponferrada &#8211; Destino Castilla y Le\u00f3n<\/figcaption><\/figure>\n<p><strong>En la d\u00e9cada de los 50\u2019s del siglo XX se construir\u00e1 la Central de Carb\u00f3n <em>Compostilla I<\/em>,<\/strong> que sustituye a la primigenia ampliando la potencia instalada notablemente.<\/p>\n<p>Esta instalaci\u00f3n <strong>estuvo en actividad hasta inicios del siglo XXI,<\/strong> donde entr\u00f3 en un plan de cierres de Centrales t\u00e9rmicas de Carb\u00f3n.<\/p>\n<figure id=\"attachment_38075\" aria-describedby=\"caption-attachment-38075\" style=\"width: 720px\" class=\"wp-caption aligncenter\"><img decoding=\"async\" src=\"https:\/\/destinocastillayleon.es\/index\/wp-content\/uploads\/2023\/11\/Jardin-de-helechos-en-la-Central-Cultural-de-Ponferrada-Destino-Castilla-y-Leon.jpg\" alt=\"Jard\u00edn de helechos en la Central Cultural de Ponferrada - Destino Castilla y Le\u00f3n\" width=\"720\" height=\"469\" class=\"size-full wp-image-38075\" srcset=\"https:\/\/destinocastillayleon.es\/index\/wp-content\/uploads\/2023\/11\/Jardin-de-helechos-en-la-Central-Cultural-de-Ponferrada-Destino-Castilla-y-Leon.jpg 720w, https:\/\/destinocastillayleon.es\/index\/wp-content\/uploads\/2023\/11\/Jardin-de-helechos-en-la-Central-Cultural-de-Ponferrada-Destino-Castilla-y-Leon-300x195.jpg 300w\" sizes=\"(max-width: 720px) 100vw, 720px\" \/><figcaption id=\"caption-attachment-38075\" class=\"wp-caption-text\">Jard\u00edn de helechos en la Central Cultural de Ponferrada &#8211; Destino Castilla y Le\u00f3n<\/figcaption><\/figure>\n<p>Desde que la instalaci\u00f3n fue cedida a la localidad de Ponferrada, <strong>se le ha dado una segunda vida como un edificio cultural y expositivo,<\/strong> que cuenta con un jard\u00edn de helechos de todo el mundo digno de conocer. <a name=\"Llegar\"><\/a><br \/>\n&nbsp;<\/p>\n<h2><strong>Informaci\u00f3n general sobre El Bierzo<\/strong><\/h2>\n<p>Vamos a resumir mucho, pues <strong>la informaci\u00f3n m\u00e1s espec\u00edfica sobre estos lugares se puede encontrar en cualquier publicaci\u00f3n<\/strong> nuestra sobre la zona.<\/p>\n<h3><strong>\u00bfC\u00f3mo llegar?<\/strong><\/h3>\n<p>El Bierzo <strong>est\u00e1 atravesado por la autopista A6 Madrid-La Coru\u00f1a.<\/strong> De ella se desprenden varias carreteras \u00fatiles para alcanzar los destinos que quer\u00e1is.<br \/>\nActualmente no hay proyectada la instalaci\u00f3n de un tren de alta velocidad a esta comarca.<\/p>\n<p><figure id=\"attachment_37276\" aria-describedby=\"caption-attachment-37276\" style=\"width: 580px\" class=\"wp-caption aligncenter\"><img decoding=\"async\" src=\"https:\/\/destinocastillayleon.es\/index\/wp-content\/uploads\/2023\/08\/Llegada-a-Ponferrada-por-la-Autovia-A6-Destino-Castilla-y-Leon.jpg\" alt=\"Llegada a Ponferrada por la Autov\u00eda A6 - Destino Castilla y Le\u00f3n\" width=\"580\" height=\"300\" class=\"size-full wp-image-37276\" srcset=\"https:\/\/destinocastillayleon.es\/index\/wp-content\/uploads\/2023\/08\/Llegada-a-Ponferrada-por-la-Autovia-A6-Destino-Castilla-y-Leon.jpg 580w, https:\/\/destinocastillayleon.es\/index\/wp-content\/uploads\/2023\/08\/Llegada-a-Ponferrada-por-la-Autovia-A6-Destino-Castilla-y-Leon-300x155.jpg 300w\" sizes=\"(max-width: 580px) 100vw, 580px\" \/><figcaption id=\"caption-attachment-37276\" class=\"wp-caption-text\">Llegada a Ponferrada por la Autov\u00eda A6 &#8211; Destino Castilla y Le\u00f3n<\/figcaption><\/figure><a name=\"Comer\"><\/a><\/p>\n<h3><strong>\u00bfD\u00f3nde comer?<\/strong><\/h3>\n<p>La verdad es que, <strong>se come por lo general muy bien en casi cualquier sitio en El Bierzo.<\/strong> En este viaje visitamos el <strong>Palacio de Canedo<\/strong>, la casa madre de Prada a Tope. Un lugar que nunca falla.<\/p>\n<p><strong>Otros lugares visitados en este viaje han sido en Ponferrada la F\u00e1brica de Luz,<\/strong> un restaurante en una antigua instalaci\u00f3n industrial perteneciente a la primera central de generaci\u00f3n el\u00e9ctrica de El Bierzo. Dada su importancia, le vamos a dedicar una entrada propia.<\/p>\n<figure id=\"attachment_35168\" aria-describedby=\"caption-attachment-35168\" style=\"width: 640px\" class=\"wp-caption aligncenter\"><img decoding=\"async\" src=\"https:\/\/destinocastillayleon.es\/index\/wp-content\/uploads\/2022\/04\/Menu-del-dia-de-un-restuarante-en-la-Plaza-Mayor-de-Villafranca-Destino-Castilla-y-Leon.jpg\" alt=\"Men\u00fa del d\u00eda de un restaurante en la Plaza Mayor de Villafranca - Destino Castilla y Le\u00f3n\" width=\"640\" height=\"362\" class=\"size-full wp-image-35168\" srcset=\"https:\/\/destinocastillayleon.es\/index\/wp-content\/uploads\/2022\/04\/Menu-del-dia-de-un-restuarante-en-la-Plaza-Mayor-de-Villafranca-Destino-Castilla-y-Leon.jpg 640w, https:\/\/destinocastillayleon.es\/index\/wp-content\/uploads\/2022\/04\/Menu-del-dia-de-un-restuarante-en-la-Plaza-Mayor-de-Villafranca-Destino-Castilla-y-Leon-300x170.jpg 300w\" sizes=\"(max-width: 640px) 100vw, 640px\" \/><figcaption id=\"caption-attachment-35168\" class=\"wp-caption-text\">Men\u00fa del d\u00eda de un restaurante en la Plaza Mayor de Villafranca &#8211; Destino Castilla y Le\u00f3n<\/figcaption><\/figure>\n<p>Otro lugar donde comimos fue en <strong>una tasca de Villafranca del Bierzo.<\/strong> No estuvo mal, aunque por experiencias previas, nos gust\u00f3 m\u00e1s el <a href=\"https:\/\/destinocastillayleon.es\/index\/visitar-villafranca-del-bierzo\/#Comer\">Bar-Restaurante El Casino<\/a>.<a name=\"Dormir\"><\/a><\/p>\n<h3><strong>\u00bfD\u00f3nde alojarse?<\/strong><\/h3>\n<p>En este viaje recorriendo el Patrimonio Industrial <strong>nos alojamos en dos sitios muy recomendables.<\/strong> En Ponferrada en el <a href=\"https:\/\/www.booking.com\/hotel\/es\/ponferrada.es.html?aid=1281624\" rel=\"noopener nofollow\" target=\"_blank\"><strong>Hotel AC Ponferrada<\/strong><\/a>. Aun no siendo totalmente c\u00e9ntrico, en un corto paseo andando, se alcanza la plaza mayor y el castillo de Ponferrada.<\/p>\n<figure id=\"attachment_30794\" aria-describedby=\"caption-attachment-30794\" style=\"width: 580px\" class=\"wp-caption aligncenter\"><img decoding=\"async\" src=\"https:\/\/destinocastillayleon.es\/index\/wp-content\/uploads\/2017\/06\/d6058098fe57ca3b28b0c9173494cef4.jpg\" alt=\"Hotel AC Hotel Ponferrada - Destino Castilla y Le\u00f3n\" width=\"580\" class=\"size-full wp-image-30794\" srcset=\"https:\/\/destinocastillayleon.es\/index\/wp-content\/uploads\/2017\/06\/d6058098fe57ca3b28b0c9173494cef4.jpg 640w, https:\/\/destinocastillayleon.es\/index\/wp-content\/uploads\/2017\/06\/d6058098fe57ca3b28b0c9173494cef4-300x188.jpg 300w\" sizes=\"(max-width: 640px) 100vw, 640px\" \/><figcaption id=\"caption-attachment-30794\" class=\"wp-caption-text\">Habitaci\u00f3n del <a href=\"https:\/\/www.booking.com\/hotel\/es\/ponferrada.es.html?aid=1281624;sid=f6062a452c1ca37121ecaee6c73484e5;age=12;atlas_src=sr_iw_btn;dist=0;group_adults=2;group_children=1;no_rooms=1;room1=A%2CA%2C12;sb_price_type=total;type=total;ucfs=1&#038;\" rel=\"noopener noreferrer\" target=\"_blank\"><em>Hotel AC Ponferrada<\/em><\/a> &#8211; Destino Castilla y Le\u00f3n<\/figcaption><\/figure>\n<p><strong>En Villafranca del Bierzo, nos alojamos en el <a href=\"https:\/\/www.booking.com\/searchresults.html?aid=1281624\" rel=\"noopener nofollow\" target=\"_blank\">Parador Nacional de Villafranca<\/a>.<\/strong> Igual carece del car\u00e1cter hist\u00f3rico de los Paradores m\u00e1s emblem\u00e1ticos, pero <strong>posee unas instalaci\u00f3n muy nuevas y c\u00f3modas;<\/strong> adem\u00e1s que permite llegar al centro de Villafranca en unos 15 minutos como mucho andando.<\/p>\n<figure id=\"attachment_38068\" aria-describedby=\"caption-attachment-38068\" style=\"width: 580px\" class=\"wp-caption aligncenter\"><img decoding=\"async\" src=\"https:\/\/destinocastillayleon.es\/index\/wp-content\/uploads\/2023\/11\/Edificio-del-Parador-Nacional-de-Villafranca-del-Bierzo-Destino-Castilla-y-Leon.jpg\" alt=\"Edificio del Parador Nacional de Villafranca del Bierzo - Destino Castilla y Le\u00f3n\" width=\"580\" class=\"size-full wp-image-38068\" srcset=\"https:\/\/destinocastillayleon.es\/index\/wp-content\/uploads\/2023\/11\/Edificio-del-Parador-Nacional-de-Villafranca-del-Bierzo-Destino-Castilla-y-Leon.jpg 640w, https:\/\/destinocastillayleon.es\/index\/wp-content\/uploads\/2023\/11\/Edificio-del-Parador-Nacional-de-Villafranca-del-Bierzo-Destino-Castilla-y-Leon-300x169.jpg 300w\" sizes=\"(max-width: 640px) 100vw, 640px\" \/><figcaption id=\"caption-attachment-38068\" class=\"wp-caption-text\">Edificio del Parador Nacional de Villafranca del Bierzo &#8211; Destino Castilla y Le\u00f3n<\/figcaption><\/figure>\n<p>En definitiva, <strong>estamos hablando de un patrimonio industrial de El Bierzo mucho m\u00e1s interesante de lo que cabr\u00eda esperar<\/strong> y adem\u00e1s, se complementa con otros tipos de turismo, <a href=\"https:\/\/destinocastillayleon.es\/index\/enoturismo-en-el-bierzo\/\" rel=\"noopener\" target=\"_blank\">como el enol\u00f3gico<\/a>, pues estamos hablando que posee una <a href=\"https:\/\/bierzoenoturismo.com\/\" rel=\"noopener nofollow\" target=\"_blank\">Ruta del Vino<\/a>; <a href=\"https:\/\/ladespensadelbierzo.es\/\" rel=\"noopener nofollow\" target=\"_blank\">gastron\u00f3mico<\/a>, con <strong>otras seis denominaciones de origen asociadas,<\/strong> o hist\u00f3rico con grandes lugares incluidos <strong>Patrimonio Mundial de la Humanidad<\/strong>.<br \/>\n&nbsp;<br \/>\n&nbsp;<br \/>\nAs\u00ed que, <strong>solo te queda elegir fecha para visitar este Patrimonio Industrial de El Bierzo.<\/strong> y <strong>cu\u00e1ntos d\u00edas vas a quedarte;<\/strong> porque, cosas para ver y disfrutar hay muchas.<\/p>\n<h4>Tambi\u00e9n te puede interesar<\/h4>\n<ul>\n<li><a href=\"https:\/\/destinocastillayleon.es\/index\/castillo-templario-de-ponferrada\/\" rel=\"noopener\" target=\"_blank\">Castillo Templario de Ponferrada<\/a>.<\/li>\n<li><a href=\"https:\/\/destinocastillayleon.es\/index\/museo-del-ferroviario-de-cistierna\/\" rel=\"noopener\" target=\"_blank\">Museo del Ferroviario de Cistierna, un homenaje a los hombres de la red de v\u00eda estrecha<\/a>.<\/li>\n<li><a href=\"https:\/\/destinocastillayleon.es\/index\/museo-de-la-siderurgia-y-la-mineria-de-sabero\/\" rel=\"noopener\" target=\"_blank\">Museo de la Siderurgia y la Miner\u00eda de Sabero<\/a>.<\/li>\n<\/ul>\n<p>&nbsp;<\/p>\n","protected":false},"excerpt":{"rendered":"<p>El Bierzo posee muchos atractivos para conocer y visitar, pero os vamos a compartir parte del turismo industrial de las Cuencas mineras bercianas, donde encontramos una excusa m\u00e1s, para disfrutar de esta magn\u00edfica comarca.<\/p>\n","protected":false},"author":2,"featured_media":38077,"comment_status":"open","ping_status":"closed","sticky":false,"template":"","format":"standard","meta":{"rop_custom_images_group":[],"rop_custom_messages_group":[],"rop_publish_now":"initial","rop_publish_now_accounts":{"twitter_1150954226_1150954226":""},"rop_publish_now_history":[],"rop_publish_now_status":"pending","footnotes":""},"categories":[385,3472,63,4712,68,384,74,5314],"tags":[5783,6100,6099,5815,229,6098],"class_list":["post-38004","post","type-post","status-publish","format-standard","has-post-thumbnail","hentry","category-historia-rutas-2","category-inspirate","category-leon","category-leon-turismo","category-post_inicial","category-rutas-2","category-rutas_por_cyl","category-turismo-activo","tag-bierzo","tag-corullon","tag-fabero","tag-las-medulas","tag-ponferrada","tag-turismo-industrial"],"yoast_head":"<!-- This site is optimized with the Yoast SEO Premium plugin v20.4 (Yoast SEO v27.4) - https:\/\/yoast.com\/product\/yoast-seo-premium-wordpress\/ -->\n<title>Patrimonio Industrial en las Cuencas mineras del Bierzo<\/title>\n<meta name=\"description\" content=\"El Bierzo posee muchos atractivos para conocer y visitar, pero os vamos a compartir parte del Patrimonio Industrial de las Cuencas mineras.\" \/>\n<meta name=\"robots\" content=\"index, follow, max-snippet:-1, max-image-preview:large, max-video-preview:-1\" \/>\n<link rel=\"canonical\" href=\"https:\/\/destinocastillayleon.es\/index\/patrimonio-industrial-en-las-cuencas-mineras-de-el-bierzo\/\" \/>\n<meta property=\"og:locale\" content=\"es_ES\" \/>\n<meta property=\"og:type\" content=\"article\" \/>\n<meta property=\"og:title\" content=\"Turismo industrial en las Cuencas mineras del Bierzo \u2013 Destino Castilla y Le\u00f3n\" \/>\n<meta property=\"og:description\" content=\"El Bierzo posee muchos atractivos para conocer y visitar, pero os vamos a compartir parte del turismo industrial de las Cuencas mineras bercianas, donde encontramos una excusa m\u00e1s, para disfrutar de esta magn\u00edfica comarca.\" \/>\n<meta property=\"og:url\" content=\"https:\/\/destinocastillayleon.es\/index\/patrimonio-industrial-en-las-cuencas-mineras-de-el-bierzo\/\" \/>\n<meta property=\"og:site_name\" content=\"Destino Castilla y Le\u00f3n\" \/>\n<meta property=\"article:publisher\" content=\"https:\/\/www.facebook.com\/DestinoCastillaYLeon\/\" \/>\n<meta property=\"article:author\" content=\"https:\/\/www.facebook.com\/profile.php?id=1158416854\" \/>\n<meta property=\"article:published_time\" content=\"2023-12-01T09:25:31+00:00\" \/>\n<meta property=\"og:image\" content=\"https:\/\/destinocastillayleon.es\/index\/wp-content\/uploads\/2023\/11\/Patrimonio-industrial-de-El-Bierzo-Destino-Castilla-y-Leon.jpg\" \/>\n\t<meta property=\"og:image:width\" content=\"1210\" \/>\n\t<meta property=\"og:image:height\" content=\"600\" \/>\n\t<meta property=\"og:image:type\" content=\"image\/jpeg\" \/>\n<meta name=\"author\" content=\"David V\u00e1zquez\" \/>\n<meta name=\"twitter:card\" content=\"summary_large_image\" \/>\n<meta name=\"twitter:title\" content=\"Turismo industrial en las Cuencas mineras del Bierzo \u2013 Destino Castilla y Le\u00f3n\" \/>\n<meta name=\"twitter:description\" content=\"El Bierzo posee muchos atractivos para conocer y visitar, pero os vamos a compartir parte del turismo industrial de las Cuencas mineras bercianas, donde encontramos una excusa m\u00e1s, para disfrutar de esta magn\u00edfica comarca.\" \/>\n<meta name=\"twitter:creator\" content=\"@https:\/\/twitter.com\/ContePantaleone\u200e\" \/>\n<meta name=\"twitter:site\" content=\"@destinocyl\" \/>\n<meta name=\"twitter:label1\" content=\"Escrito por\" \/>\n\t<meta name=\"twitter:data1\" content=\"David V\u00e1zquez\" \/>\n\t<meta name=\"twitter:label2\" content=\"Tiempo de lectura\" \/>\n\t<meta name=\"twitter:data2\" content=\"30 minutos\" \/>\n<script type=\"application\/ld+json\" class=\"yoast-schema-graph\">{\"@context\":\"https:\\\/\\\/schema.org\",\"@graph\":[{\"@type\":\"Article\",\"@id\":\"https:\\\/\\\/destinocastillayleon.es\\\/index\\\/patrimonio-industrial-en-las-cuencas-mineras-de-el-bierzo\\\/#article\",\"isPartOf\":{\"@id\":\"https:\\\/\\\/destinocastillayleon.es\\\/index\\\/patrimonio-industrial-en-las-cuencas-mineras-de-el-bierzo\\\/\"},\"author\":{\"name\":\"David V\u00e1zquez\",\"@id\":\"https:\\\/\\\/destinocastillayleon.es\\\/index\\\/#\\\/schema\\\/person\\\/189221bc8f6cc4fa28b18ad5c289d4c2\"},\"headline\":\"Patrimonio Industrial en las Cuencas mineras de El Bierzo\",\"datePublished\":\"2023-12-01T09:25:31+00:00\",\"mainEntityOfPage\":{\"@id\":\"https:\\\/\\\/destinocastillayleon.es\\\/index\\\/patrimonio-industrial-en-las-cuencas-mineras-de-el-bierzo\\\/\"},\"wordCount\":5221,\"commentCount\":0,\"image\":{\"@id\":\"https:\\\/\\\/destinocastillayleon.es\\\/index\\\/patrimonio-industrial-en-las-cuencas-mineras-de-el-bierzo\\\/#primaryimage\"},\"thumbnailUrl\":\"https:\\\/\\\/destinocastillayleon.es\\\/index\\\/wp-content\\\/uploads\\\/2023\\\/11\\\/Patrimonio-industrial-de-El-Bierzo-Destino-Castilla-y-Leon.jpg\",\"keywords\":[\"Bierzo\",\"Corull\u00f3n\",\"Fabero\",\"las medulas\",\"Ponferrada\",\"Turismo industrial\"],\"articleSection\":[\"Historia y Leyendas de Castilla y Le\u00f3n\",\"Inspirate\",\"Leon\",\"Leon turismo\",\"Post_inicial\",\"Rutas\",\"Rutas por Castilla y Le\u00f3n\",\"Turismo Activo\"],\"inLanguage\":\"es\",\"potentialAction\":[{\"@type\":\"CommentAction\",\"name\":\"Comment\",\"target\":[\"https:\\\/\\\/destinocastillayleon.es\\\/index\\\/patrimonio-industrial-en-las-cuencas-mineras-de-el-bierzo\\\/#respond\"]}]},{\"@type\":\"WebPage\",\"@id\":\"https:\\\/\\\/destinocastillayleon.es\\\/index\\\/patrimonio-industrial-en-las-cuencas-mineras-de-el-bierzo\\\/\",\"url\":\"https:\\\/\\\/destinocastillayleon.es\\\/index\\\/patrimonio-industrial-en-las-cuencas-mineras-de-el-bierzo\\\/\",\"name\":\"Patrimonio Industrial en las Cuencas mineras del Bierzo\",\"isPartOf\":{\"@id\":\"https:\\\/\\\/destinocastillayleon.es\\\/index\\\/#website\"},\"primaryImageOfPage\":{\"@id\":\"https:\\\/\\\/destinocastillayleon.es\\\/index\\\/patrimonio-industrial-en-las-cuencas-mineras-de-el-bierzo\\\/#primaryimage\"},\"image\":{\"@id\":\"https:\\\/\\\/destinocastillayleon.es\\\/index\\\/patrimonio-industrial-en-las-cuencas-mineras-de-el-bierzo\\\/#primaryimage\"},\"thumbnailUrl\":\"https:\\\/\\\/destinocastillayleon.es\\\/index\\\/wp-content\\\/uploads\\\/2023\\\/11\\\/Patrimonio-industrial-de-El-Bierzo-Destino-Castilla-y-Leon.jpg\",\"datePublished\":\"2023-12-01T09:25:31+00:00\",\"author\":{\"@id\":\"https:\\\/\\\/destinocastillayleon.es\\\/index\\\/#\\\/schema\\\/person\\\/189221bc8f6cc4fa28b18ad5c289d4c2\"},\"description\":\"El Bierzo posee muchos atractivos para conocer y visitar, pero os vamos a compartir parte del Patrimonio Industrial de las Cuencas mineras.\",\"breadcrumb\":{\"@id\":\"https:\\\/\\\/destinocastillayleon.es\\\/index\\\/patrimonio-industrial-en-las-cuencas-mineras-de-el-bierzo\\\/#breadcrumb\"},\"inLanguage\":\"es\",\"potentialAction\":[{\"@type\":\"ReadAction\",\"target\":[\"https:\\\/\\\/destinocastillayleon.es\\\/index\\\/patrimonio-industrial-en-las-cuencas-mineras-de-el-bierzo\\\/\"]}]},{\"@type\":\"ImageObject\",\"inLanguage\":\"es\",\"@id\":\"https:\\\/\\\/destinocastillayleon.es\\\/index\\\/patrimonio-industrial-en-las-cuencas-mineras-de-el-bierzo\\\/#primaryimage\",\"url\":\"https:\\\/\\\/destinocastillayleon.es\\\/index\\\/wp-content\\\/uploads\\\/2023\\\/11\\\/Patrimonio-industrial-de-El-Bierzo-Destino-Castilla-y-Leon.jpg\",\"contentUrl\":\"https:\\\/\\\/destinocastillayleon.es\\\/index\\\/wp-content\\\/uploads\\\/2023\\\/11\\\/Patrimonio-industrial-de-El-Bierzo-Destino-Castilla-y-Leon.jpg\",\"width\":1210,\"height\":600,\"caption\":\"Patrimonio industrial de El Bierzo - Destino Castilla y Le\u00f3n\"},{\"@type\":\"BreadcrumbList\",\"@id\":\"https:\\\/\\\/destinocastillayleon.es\\\/index\\\/patrimonio-industrial-en-las-cuencas-mineras-de-el-bierzo\\\/#breadcrumb\",\"itemListElement\":[{\"@type\":\"ListItem\",\"position\":1,\"name\":\"Portada\",\"item\":\"https:\\\/\\\/destinocastillayleon.es\\\/index\\\/\"},{\"@type\":\"ListItem\",\"position\":2,\"name\":\"Patrimonio Industrial en las Cuencas mineras de El Bierzo\"}]},{\"@type\":\"WebSite\",\"@id\":\"https:\\\/\\\/destinocastillayleon.es\\\/index\\\/#website\",\"url\":\"https:\\\/\\\/destinocastillayleon.es\\\/index\\\/\",\"name\":\"Destino Castilla y Le\u00f3n\",\"description\":\"Medio digital independiente y revista de Castilla y Le\u00f3n dedicado al turismo, gastronom\u00eda y vino de Castilla y Le\u00f3n\",\"potentialAction\":[{\"@type\":\"SearchAction\",\"target\":{\"@type\":\"EntryPoint\",\"urlTemplate\":\"https:\\\/\\\/destinocastillayleon.es\\\/index\\\/?s={search_term_string}\"},\"query-input\":{\"@type\":\"PropertyValueSpecification\",\"valueRequired\":true,\"valueName\":\"search_term_string\"}}],\"inLanguage\":\"es\"},{\"@type\":\"Person\",\"@id\":\"https:\\\/\\\/destinocastillayleon.es\\\/index\\\/#\\\/schema\\\/person\\\/189221bc8f6cc4fa28b18ad5c289d4c2\",\"name\":\"David V\u00e1zquez\",\"image\":{\"@type\":\"ImageObject\",\"inLanguage\":\"es\",\"@id\":\"https:\\\/\\\/secure.gravatar.com\\\/avatar\\\/cd12db6c575a90c3b75cfa0f794b74d425201c768612fad17e9f13cd33d48be8?s=96&d=mm&r=g\",\"url\":\"https:\\\/\\\/secure.gravatar.com\\\/avatar\\\/cd12db6c575a90c3b75cfa0f794b74d425201c768612fad17e9f13cd33d48be8?s=96&d=mm&r=g\",\"contentUrl\":\"https:\\\/\\\/secure.gravatar.com\\\/avatar\\\/cd12db6c575a90c3b75cfa0f794b74d425201c768612fad17e9f13cd33d48be8?s=96&d=mm&r=g\",\"caption\":\"David V\u00e1zquez\"},\"description\":\"Ingeniero Industrial de vocaci\u00f3n y profesi\u00f3n, he encontrado en los blogs la forma de plasmar mi pasi\u00f3n por los viajes, la gastronom\u00eda y los vinos. Especialmente los procedentes de Castilla y Le\u00f3n\",\"sameAs\":[\"https:\\\/\\\/www.destinocastillayleon.es\",\"https:\\\/\\\/www.facebook.com\\\/profile.php?id=1158416854\",\"https:\\\/\\\/instagram.com\\\/conte.pantaleone\",\"https:\\\/\\\/www.linkedin.com\\\/pub\\\/david-vazquez-lozano\\\/37\\\/17a\\\/25a\",\"https:\\\/\\\/x.com\\\/https:\\\/\\\/twitter.com\\\/ContePantaleone\u200e\"],\"url\":\"https:\\\/\\\/destinocastillayleon.es\\\/index\\\/author\\\/coadministradorcyl\\\/\"}]}<\/script>\n<!-- \/ Yoast SEO Premium plugin. -->","yoast_head_json":{"title":"Patrimonio Industrial en las Cuencas mineras del Bierzo","description":"El Bierzo posee muchos atractivos para conocer y visitar, pero os vamos a compartir parte del Patrimonio Industrial de las Cuencas mineras.","robots":{"index":"index","follow":"follow","max-snippet":"max-snippet:-1","max-image-preview":"max-image-preview:large","max-video-preview":"max-video-preview:-1"},"canonical":"https:\/\/destinocastillayleon.es\/index\/patrimonio-industrial-en-las-cuencas-mineras-de-el-bierzo\/","og_locale":"es_ES","og_type":"article","og_title":"Turismo industrial en las Cuencas mineras del Bierzo \u2013 Destino Castilla y Le\u00f3n","og_description":"El Bierzo posee muchos atractivos para conocer y visitar, pero os vamos a compartir parte del turismo industrial de las Cuencas mineras bercianas, donde encontramos una excusa m\u00e1s, para disfrutar de esta magn\u00edfica comarca.","og_url":"https:\/\/destinocastillayleon.es\/index\/patrimonio-industrial-en-las-cuencas-mineras-de-el-bierzo\/","og_site_name":"Destino Castilla y Le\u00f3n","article_publisher":"https:\/\/www.facebook.com\/DestinoCastillaYLeon\/","article_author":"https:\/\/www.facebook.com\/profile.php?id=1158416854","article_published_time":"2023-12-01T09:25:31+00:00","og_image":[{"width":1210,"height":600,"url":"https:\/\/destinocastillayleon.es\/index\/wp-content\/uploads\/2023\/11\/Patrimonio-industrial-de-El-Bierzo-Destino-Castilla-y-Leon.jpg","type":"image\/jpeg"}],"author":"David V\u00e1zquez","twitter_card":"summary_large_image","twitter_title":"Turismo industrial en las Cuencas mineras del Bierzo \u2013 Destino Castilla y Le\u00f3n","twitter_description":"El Bierzo posee muchos atractivos para conocer y visitar, pero os vamos a compartir parte del turismo industrial de las Cuencas mineras bercianas, donde encontramos una excusa m\u00e1s, para disfrutar de esta magn\u00edfica comarca.","twitter_creator":"@https:\/\/twitter.com\/ContePantaleone\u200e","twitter_site":"@destinocyl","twitter_misc":{"Escrito por":"David V\u00e1zquez","Tiempo de lectura":"30 minutos"},"schema":{"@context":"https:\/\/schema.org","@graph":[{"@type":"Article","@id":"https:\/\/destinocastillayleon.es\/index\/patrimonio-industrial-en-las-cuencas-mineras-de-el-bierzo\/#article","isPartOf":{"@id":"https:\/\/destinocastillayleon.es\/index\/patrimonio-industrial-en-las-cuencas-mineras-de-el-bierzo\/"},"author":{"name":"David V\u00e1zquez","@id":"https:\/\/destinocastillayleon.es\/index\/#\/schema\/person\/189221bc8f6cc4fa28b18ad5c289d4c2"},"headline":"Patrimonio Industrial en las Cuencas mineras de El Bierzo","datePublished":"2023-12-01T09:25:31+00:00","mainEntityOfPage":{"@id":"https:\/\/destinocastillayleon.es\/index\/patrimonio-industrial-en-las-cuencas-mineras-de-el-bierzo\/"},"wordCount":5221,"commentCount":0,"image":{"@id":"https:\/\/destinocastillayleon.es\/index\/patrimonio-industrial-en-las-cuencas-mineras-de-el-bierzo\/#primaryimage"},"thumbnailUrl":"https:\/\/destinocastillayleon.es\/index\/wp-content\/uploads\/2023\/11\/Patrimonio-industrial-de-El-Bierzo-Destino-Castilla-y-Leon.jpg","keywords":["Bierzo","Corull\u00f3n","Fabero","las medulas","Ponferrada","Turismo industrial"],"articleSection":["Historia y Leyendas de Castilla y Le\u00f3n","Inspirate","Leon","Leon turismo","Post_inicial","Rutas","Rutas por Castilla y Le\u00f3n","Turismo Activo"],"inLanguage":"es","potentialAction":[{"@type":"CommentAction","name":"Comment","target":["https:\/\/destinocastillayleon.es\/index\/patrimonio-industrial-en-las-cuencas-mineras-de-el-bierzo\/#respond"]}]},{"@type":"WebPage","@id":"https:\/\/destinocastillayleon.es\/index\/patrimonio-industrial-en-las-cuencas-mineras-de-el-bierzo\/","url":"https:\/\/destinocastillayleon.es\/index\/patrimonio-industrial-en-las-cuencas-mineras-de-el-bierzo\/","name":"Patrimonio Industrial en las Cuencas mineras del Bierzo","isPartOf":{"@id":"https:\/\/destinocastillayleon.es\/index\/#website"},"primaryImageOfPage":{"@id":"https:\/\/destinocastillayleon.es\/index\/patrimonio-industrial-en-las-cuencas-mineras-de-el-bierzo\/#primaryimage"},"image":{"@id":"https:\/\/destinocastillayleon.es\/index\/patrimonio-industrial-en-las-cuencas-mineras-de-el-bierzo\/#primaryimage"},"thumbnailUrl":"https:\/\/destinocastillayleon.es\/index\/wp-content\/uploads\/2023\/11\/Patrimonio-industrial-de-El-Bierzo-Destino-Castilla-y-Leon.jpg","datePublished":"2023-12-01T09:25:31+00:00","author":{"@id":"https:\/\/destinocastillayleon.es\/index\/#\/schema\/person\/189221bc8f6cc4fa28b18ad5c289d4c2"},"description":"El Bierzo posee muchos atractivos para conocer y visitar, pero os vamos a compartir parte del Patrimonio Industrial de las Cuencas mineras.","breadcrumb":{"@id":"https:\/\/destinocastillayleon.es\/index\/patrimonio-industrial-en-las-cuencas-mineras-de-el-bierzo\/#breadcrumb"},"inLanguage":"es","potentialAction":[{"@type":"ReadAction","target":["https:\/\/destinocastillayleon.es\/index\/patrimonio-industrial-en-las-cuencas-mineras-de-el-bierzo\/"]}]},{"@type":"ImageObject","inLanguage":"es","@id":"https:\/\/destinocastillayleon.es\/index\/patrimonio-industrial-en-las-cuencas-mineras-de-el-bierzo\/#primaryimage","url":"https:\/\/destinocastillayleon.es\/index\/wp-content\/uploads\/2023\/11\/Patrimonio-industrial-de-El-Bierzo-Destino-Castilla-y-Leon.jpg","contentUrl":"https:\/\/destinocastillayleon.es\/index\/wp-content\/uploads\/2023\/11\/Patrimonio-industrial-de-El-Bierzo-Destino-Castilla-y-Leon.jpg","width":1210,"height":600,"caption":"Patrimonio industrial de El Bierzo - Destino Castilla y Le\u00f3n"},{"@type":"BreadcrumbList","@id":"https:\/\/destinocastillayleon.es\/index\/patrimonio-industrial-en-las-cuencas-mineras-de-el-bierzo\/#breadcrumb","itemListElement":[{"@type":"ListItem","position":1,"name":"Portada","item":"https:\/\/destinocastillayleon.es\/index\/"},{"@type":"ListItem","position":2,"name":"Patrimonio Industrial en las Cuencas mineras de El Bierzo"}]},{"@type":"WebSite","@id":"https:\/\/destinocastillayleon.es\/index\/#website","url":"https:\/\/destinocastillayleon.es\/index\/","name":"Destino Castilla y Le\u00f3n","description":"Medio digital independiente y revista de Castilla y Le\u00f3n dedicado al turismo, gastronom\u00eda y vino de Castilla y Le\u00f3n","potentialAction":[{"@type":"SearchAction","target":{"@type":"EntryPoint","urlTemplate":"https:\/\/destinocastillayleon.es\/index\/?s={search_term_string}"},"query-input":{"@type":"PropertyValueSpecification","valueRequired":true,"valueName":"search_term_string"}}],"inLanguage":"es"},{"@type":"Person","@id":"https:\/\/destinocastillayleon.es\/index\/#\/schema\/person\/189221bc8f6cc4fa28b18ad5c289d4c2","name":"David V\u00e1zquez","image":{"@type":"ImageObject","inLanguage":"es","@id":"https:\/\/secure.gravatar.com\/avatar\/cd12db6c575a90c3b75cfa0f794b74d425201c768612fad17e9f13cd33d48be8?s=96&d=mm&r=g","url":"https:\/\/secure.gravatar.com\/avatar\/cd12db6c575a90c3b75cfa0f794b74d425201c768612fad17e9f13cd33d48be8?s=96&d=mm&r=g","contentUrl":"https:\/\/secure.gravatar.com\/avatar\/cd12db6c575a90c3b75cfa0f794b74d425201c768612fad17e9f13cd33d48be8?s=96&d=mm&r=g","caption":"David V\u00e1zquez"},"description":"Ingeniero Industrial de vocaci\u00f3n y profesi\u00f3n, he encontrado en los blogs la forma de plasmar mi pasi\u00f3n por los viajes, la gastronom\u00eda y los vinos. Especialmente los procedentes de Castilla y Le\u00f3n","sameAs":["https:\/\/www.destinocastillayleon.es","https:\/\/www.facebook.com\/profile.php?id=1158416854","https:\/\/instagram.com\/conte.pantaleone","https:\/\/www.linkedin.com\/pub\/david-vazquez-lozano\/37\/17a\/25a","https:\/\/x.com\/https:\/\/twitter.com\/ContePantaleone\u200e"],"url":"https:\/\/destinocastillayleon.es\/index\/author\/coadministradorcyl\/"}]}},"_links":{"self":[{"href":"https:\/\/destinocastillayleon.es\/index\/wp-json\/wp\/v2\/posts\/38004","targetHints":{"allow":["GET"]}}],"collection":[{"href":"https:\/\/destinocastillayleon.es\/index\/wp-json\/wp\/v2\/posts"}],"about":[{"href":"https:\/\/destinocastillayleon.es\/index\/wp-json\/wp\/v2\/types\/post"}],"author":[{"embeddable":true,"href":"https:\/\/destinocastillayleon.es\/index\/wp-json\/wp\/v2\/users\/2"}],"replies":[{"embeddable":true,"href":"https:\/\/destinocastillayleon.es\/index\/wp-json\/wp\/v2\/comments?post=38004"}],"version-history":[{"count":33,"href":"https:\/\/destinocastillayleon.es\/index\/wp-json\/wp\/v2\/posts\/38004\/revisions"}],"predecessor-version":[{"id":38079,"href":"https:\/\/destinocastillayleon.es\/index\/wp-json\/wp\/v2\/posts\/38004\/revisions\/38079"}],"wp:featuredmedia":[{"embeddable":true,"href":"https:\/\/destinocastillayleon.es\/index\/wp-json\/wp\/v2\/media\/38077"}],"wp:attachment":[{"href":"https:\/\/destinocastillayleon.es\/index\/wp-json\/wp\/v2\/media?parent=38004"}],"wp:term":[{"taxonomy":"category","embeddable":true,"href":"https:\/\/destinocastillayleon.es\/index\/wp-json\/wp\/v2\/categories?post=38004"},{"taxonomy":"post_tag","embeddable":true,"href":"https:\/\/destinocastillayleon.es\/index\/wp-json\/wp\/v2\/tags?post=38004"}],"curies":[{"name":"wp","href":"https:\/\/api.w.org\/{rel}","templated":true}]}}