{"id":37981,"date":"2023-10-25T08:45:23","date_gmt":"2023-10-25T06:45:23","guid":{"rendered":"https:\/\/destinocastillayleon.es\/index\/?p=37981"},"modified":"2023-10-31T17:48:33","modified_gmt":"2023-10-31T16:48:33","slug":"los-derechos-del-pasajero-de-avion","status":"publish","type":"post","link":"https:\/\/destinocastillayleon.es\/index\/los-derechos-del-pasajero-de-avion\/","title":{"rendered":"Los derechos del pasajero de avi\u00f3n"},"content":{"rendered":"<p>Aunque en este medio <strong>solo solemos hablar de destinos en Castilla y Le\u00f3n, nosotros somos de naturaleza viajera,<\/strong> lo que quiere decir que nos gusta movernos a conocer lugares. Esto implica que, <strong>en ocasiones tenemos que tomar vuelos para llegar a lugares que, por lo general, os contamos en <a href=\"https:\/\/destinoysabor.com\/blog\/\" rel=\"noopener\" target=\"_blank\">Destino y Sabor<\/a>.<\/strong> En esta publicaci\u00f3n, queremos hablaros de experiencias viajando en avi\u00f3n.<\/p>\n<h2><strong>Situaciones en las que debes conocer derechos del pasajero de avi\u00f3n<\/strong><\/h2>\n<p>Hemos querido ser lo m\u00e1s amables posible; <strong>porque, aunque somos grandes defensores del turismo de interior y sobre todo en Castilla y Le\u00f3n, tambi\u00e9n viajamos en avi\u00f3n.<\/strong><\/p>\n<figure id=\"attachment_36337\" aria-describedby=\"caption-attachment-36337\" style=\"width: 640px\" class=\"wp-caption aligncenter\"><img decoding=\"async\" src=\"https:\/\/destinocastillayleon.es\/index\/wp-content\/uploads\/2023\/01\/Aeropuerto-de-Palma-de-Mallorca-Imagen-de-Wikipedia.jpg\" alt=\"Aeropuerto de Palma de Mallorca - Imagen de Wikipedia\" width=\"640\" height=\"360\" class=\"size-full wp-image-36337\" srcset=\"https:\/\/destinocastillayleon.es\/index\/wp-content\/uploads\/2023\/01\/Aeropuerto-de-Palma-de-Mallorca-Imagen-de-Wikipedia.jpg 640w, https:\/\/destinocastillayleon.es\/index\/wp-content\/uploads\/2023\/01\/Aeropuerto-de-Palma-de-Mallorca-Imagen-de-Wikipedia-300x169.jpg 300w\" sizes=\"(max-width: 640px) 100vw, 640px\" \/><figcaption id=\"caption-attachment-36337\" class=\"wp-caption-text\">Aeropuerto de Palma de Mallorca &#8211; Imagen de Wikipedia<\/figcaption><\/figure>\n<p>Y aunque, <strong>por lo general, nunca hay problemas, no quita que tambi\u00e9n ocurran casos que generan malos recuerdos de un viaje.<\/strong> Para estos casos, lo primero, mantener la calma, y segundo con seguridad, realizar una reclamaci\u00f3n si es un problema asociado a la compa\u00f1\u00eda a\u00e9rea. En este caso, usar una ayuda como la que brinda <a href=\"https:\/\/aircashback.com\/es\" rel=\"DoFollow noopener\" target=\"_blank\">AirCashBack<\/a> es siempre una tranquilidad.<\/p>\n<h3><strong>Los derechos del viajero<\/strong><\/h3>\n<p><strong>Todos los viajeros que usamos vuelos,<\/strong> estamos amparados en Europa por la Ley. Es decir, a la hora de comprar un billete de avi\u00f3n, <strong>adquirimos directamente los <a href=\"https:\/\/aircashback.com\/es\/bueno-saber\/derechos-del-pasajero\" rel=\"DoFollow noopener\" target=\"_blank\">derechos del pasajero<\/a>.<\/strong><\/p>\n<p>Atenci\u00f3n, que <strong>no estamos seguros si estos derechos son homologables<\/strong> en otras partes del mundo. Por si acaso, consultarlo en vuestras compa\u00f1\u00edas a\u00e9reas.<\/p>\n<h4><strong>\u00bfPor qu\u00e9 base legal estamos amparados?<\/strong><\/h4>\n<p>Indicaros que <strong>no somos t\u00e9cnicos, pero si queremos realizar un inciso en la base legal que regula los derechos y las indemnizaciones m\u00ednimas<\/strong> que existen en Europa, en el caso de no poder tomar un vuelo. Como pasajeros, estamos amparados en el Derecho Civil de la Uni\u00f3n Europea, que regula las compensaciones <strong>seg\u00fan el Reglamento (CE) n\u00ba 261\/2004.<\/strong><\/p>\n<figure style=\"width: 640px\" class=\"wp-caption aligncenter\"><img decoding=\"async\" src=\"https:\/\/destinoysabor.com\/blog\/wp-content\/uploads\/2018\/10\/Llegada-al-aeropuerto-internacional-de-Las-Americas-en-Santo-Domingo-Republica-Dominicana-Imagen-de-Universal-TT.jpg\" width=\"640\" height=\"400\" alt=\"Llegando a nuestro destino en avi\u00f3n - Imagen de Destino y Sabor\" class=\"size-full\" \/><figcaption class=\"wp-caption-text\">Llegando a nuestro destino en avi\u00f3n &#8211; Imagen de Destino y Sabor<\/figcaption><\/figure>\n<p>En este reglamento comunitario, <strong>se indica las causas que dan derecho a una indemnizaci\u00f3n y las indemnizaciones a aplicar.<\/strong> La vamos a incluir, aunque avisamos que podr\u00eda sufrir actualizaciones. Si busc\u00e1is esta tabla en internet, buscado este reglamento europeo, la encontrar\u00e9is actualizada.<\/p>\n<h4><strong>Indemnizaciones en caso de no poder volar<\/strong><\/h4>\n<p>Seg\u00fan este reglamento, la forma de indemnizar en caso de no poder volar y sea causa achacable a la compa\u00f1\u00eda a\u00e9rea, se calcula seg\u00fan la distancia del vuelo.<\/p>\n<ul>\n<li><strong>Distancia inferior a 1500 Km.:<\/strong> 250 \u20ac\/pasajeros.<\/li>\n<li><strong>Distancias superiores a 1500 km, dentro de la UE:<\/strong> 400 \u20ac\/pasajero.<\/li>\n<li><strong>Distancias de 1500 km. a 3500 km.:<\/strong> 400 \u20ac\/pasajero.<\/li>\n<li><strong>Distancias superiores a 3500 km.:<\/strong> 600 \u20ac\/pasajero.<\/li>\n<\/ul>\n<figure id=\"attachment_34727\" aria-describedby=\"caption-attachment-34727\" style=\"width: 640px\" class=\"wp-caption aligncenter\"><img decoding=\"async\" data-pin-description=\"Espacio Schengen - Imagen del Ministerio de Presidencia\" src=\"https:\/\/destinocastillayleon.es\/index\/wp-content\/uploads\/2021\/10\/Espacio-Schengen-Imagen-del-Ministerio-de-Presidencia.jpg\" alt=\"Espacio Schengen - Imagen del Ministerio de Presidencia\" width=\"640\" height=\"359\" class=\"size-full wp-image-34727\" srcset=\"https:\/\/destinocastillayleon.es\/index\/wp-content\/uploads\/2021\/10\/Espacio-Schengen-Imagen-del-Ministerio-de-Presidencia.jpg 640w, https:\/\/destinocastillayleon.es\/index\/wp-content\/uploads\/2021\/10\/Espacio-Schengen-Imagen-del-Ministerio-de-Presidencia-300x168.jpg 300w\" sizes=\"(max-width: 640px) 100vw, 640px\" \/><figcaption id=\"caption-attachment-34727\" class=\"wp-caption-text\">Espacio Schengen &#8211; Imagen del Ministerio de Presidencia<\/figcaption><\/figure>\n<h3><strong>Causas que dan derecho a una indemnizaci\u00f3n<\/strong><\/h3>\n<h4><strong>Una cancelaci\u00f3n de vuelo<\/strong><\/h3>\n<p>Que algo no sea normal, no significa que no te pueda ocurrir. Y este caso, <strong>que un vuelo no salga, puede implicar que tengas derecho a una <a href=\"https:\/\/aircashback.com\/es\/reclamacion-vuelo-cancelado\" rel=\"DoFollow noopener\" target=\"_blank\">indemnizaci\u00f3n por cancelaci\u00f3n de vuelo<\/a>.<\/strong><\/p>\n<figure id=\"attachment_21955\" aria-describedby=\"caption-attachment-21955\" style=\"width: 640px\" class=\"wp-caption aligncenter\"><img decoding=\"async\" src=\"https:\/\/destinocastillayleon.es\/index\/wp-content\/uploads\/2016\/02\/b54c2de4aff0afce687e9dc59b4bbdf9.jpg\" alt=\"Viaje Seguro - Destino Castilla y Le\u00f3n\" width=\"640\" class=\"size-full wp-image-21955\" srcset=\"https:\/\/destinocastillayleon.es\/index\/wp-content\/uploads\/2016\/02\/b54c2de4aff0afce687e9dc59b4bbdf9.jpg 798w, https:\/\/destinocastillayleon.es\/index\/wp-content\/uploads\/2016\/02\/b54c2de4aff0afce687e9dc59b4bbdf9-300x200.jpg 300w\" sizes=\"(max-width: 798px) 100vw, 798px\" \/><figcaption id=\"caption-attachment-21955\" class=\"wp-caption-text\">Viaje Seguro &#8211; Destino Castilla y Le\u00f3n<\/figcaption><\/figure>\n<p>Los motivos que dan derecho a esta <strong>indemnizaci\u00f3n son aquellos cuya responsabilidad sea de la compa\u00f1\u00eda a\u00e9rea,<\/strong> tales como un problema log\u00edstico, operativos, t\u00e9cnicos o de otro tipo a los que pueden enfrentarse las compa\u00f1\u00edas a\u00e9reas.<\/p>\n<h4><strong>Un problema de overbooking<\/strong><\/h4>\n<p>Aunque suponemos que todo el mundo sabe lo que es este t\u00e9rmino de <em>Overbooking<\/em>, <strong>vamos a explicarlo de forma sencilla.<\/strong> <\/p>\n<p>El overbooking es <strong>una pr\u00e1ctica que permite a las aerol\u00edneas vender m\u00e1s asientos en un vuelo de los que realmente tiene el avi\u00f3n.<\/strong> Esta pr\u00e1ctica es legal, y permite bajar el precio de los billetes de avi\u00f3n; y se basa en el conocimiento estad\u00edstico de que suele darse, especialmente en compa\u00f1\u00edas <em>Low cost<\/em>, de gente que compra su billete, pero luego no se presenta en la puerta de embarque; <strong>lo que permite volar sin asientos vac\u00edos.<\/strong><\/p>\n<figure id=\"attachment_22008\" aria-describedby=\"caption-attachment-22008\" style=\"width: 640px\" class=\"wp-caption aligncenter\"><img decoding=\"async\" src=\"https:\/\/destinocastillayleon.es\/index\/wp-content\/uploads\/2016\/02\/d38ed8533257e5e0264abe965ddf0fe5.jpg\" alt=\"derechos del pasajero de avi\u00f3n\" title=\"Seguridad en el aeropuerto - Destino Castilla y Le\u00f3n\" width=\"640\" height=\"400\" class=\"size-full wp-image-22008\" srcset=\"https:\/\/destinocastillayleon.es\/index\/wp-content\/uploads\/2016\/02\/d38ed8533257e5e0264abe965ddf0fe5.jpg 640w, https:\/\/destinocastillayleon.es\/index\/wp-content\/uploads\/2016\/02\/d38ed8533257e5e0264abe965ddf0fe5-300x188.jpg 300w\" sizes=\"(max-width: 640px) 100vw, 640px\" \/><figcaption id=\"caption-attachment-22008\" class=\"wp-caption-text\">Viajando en avi\u00f3n &#8211; Destino Castilla y Le\u00f3n<\/figcaption><\/figure>\n<p>Ocurre que a veces, <strong>la estad\u00edstica falla y se presentan todos los pasajeros.<\/strong> En estos casos, si el afectado eres t\u00fa, y no te dejan embarcar a tu destino, <strong>tienes derecho a una <a href=\"https:\/\/aircashback.com\/es\/overbooking\" rel=\"DoFollow noopener\" target=\"_blank\">indemnizaci\u00f3n por overbooking<\/a>,<\/strong> legalmente establecido.<\/p>\n<h3><strong>Casos donde no tend\u00edas derecho a indemnizaci\u00f3n<\/strong><\/h3>\n<p>Ajust\u00e1ndonos a este reglamento comunitario, <strong>habr\u00e1 que saber que no siempre tendr\u00e1s derecho a indemnizaci\u00f3n,<\/strong> aunque se den casos en lo que las compa\u00f1\u00edas a\u00e9reas puedan optar por flexibilizar las indemnizaciones; aunque no est\u00e9n obligadas.<\/p>\n<p>Pero en general, <strong>no hay derecho a indemnizaciones cuando las cancelaciones de tu vuelo, porque no pueda despegar o por overbooking, si no es debido a condiciones extraordinarias<\/strong> que impiden el despegue del avi\u00f3n. Entre ellas se incluyen condiciones meteorol\u00f3gicas desfavorables, dif\u00edcil situaci\u00f3n pol\u00edtica, huelga de los trabajadores del aeropuerto y fallos t\u00e9cnicos de los aviones que la compa\u00f1\u00eda a\u00e9rea no fue capaz de evitar.<\/p>\n<p>Por lo que es bueno saber y conocer cu\u00e1les son los derechos del pasajero de avi\u00f3n, <strong>porque si como a nosotros, te gusta viajar, esto te puede afectar.<\/strong><\/p>\n<p><font sieze=\"2\"><strong>Nota:<\/strong> Imagen de portada cortes\u00eda de <a href=\"https:\/\/www.noticiasdegipuzkoa.eus\/\" rel=\"nofollow noopener\" target=\"_blank\">Diario de Gipuzkoa<\/a>.<\/font><\/p>\n<h4>Tambi\u00e9n te puede interesar<\/h4>\n<ul>\n<li><a href=\"https:\/\/destinocastillayleon.es\/index\/viajar-por-libre-en-una-furgoneta-camper\/\">Viajar por libre en una furgoneta camper<\/a>.<\/li>\n<li><a href=\"https:\/\/destinocastillayleon.es\/index\/seguros-de-viaje\/\">Seguros para viajar por Espa\u00f1a, Europa y resto del mundo<\/a>.<\/li>\n<li><a href=\"https:\/\/destinocastillayleon.es\/index\/viajar-a-europa-a-partir-de-2022\/\">Consejos para preparar el coche para viajar<\/a>.<\/li>\n<\/ul>\n","protected":false},"excerpt":{"rendered":"<p>Te contamos qu\u00e9 te puede pasar si viajas en avi\u00f3n y cu\u00e1les son tus derechos del pasajero de avi\u00f3n. Para que nunca te quedes tirado; y si te pasa, sepas a qu\u00e9 tienes derecho de indemnizaci\u00f3n.<\/p>\n","protected":false},"author":2,"featured_media":37990,"comment_status":"open","ping_status":"closed","sticky":false,"template":"","format":"standard","meta":{"rop_custom_images_group":[],"rop_custom_messages_group":[],"rop_publish_now":"initial","rop_publish_now_accounts":{"twitter_1150954226_1150954226":""},"rop_publish_now_history":[],"rop_publish_now_status":"pending","footnotes":""},"categories":[77,5511,68],"tags":[6071,6096,6097],"class_list":["post-37981","post","type-post","status-publish","format-standard","has-post-thumbnail","hentry","category-actualidad-y-agenda-de-castilla-y-leon","category-no-rescatar-en-rrss","category-post_inicial","tag-consejos-viajeros","tag-derechos-del-pasajero","tag-overbooking"],"yoast_head":"<!-- This site is optimized with the Yoast SEO Premium plugin v20.4 (Yoast SEO v27.4) - https:\/\/yoast.com\/product\/yoast-seo-premium-wordpress\/ -->\n<title>Los derechos del pasajero de avi\u00f3n \u2013 Destino Castilla y Le\u00f3n<\/title>\n<meta name=\"description\" content=\"Te contamos qu\u00e9 te puede pasar si viajas en avi\u00f3n y cu\u00e1les son tus derechos del pasajero de avi\u00f3n. Para que nunca te quedes tirado.\" \/>\n<meta name=\"robots\" content=\"index, follow, max-snippet:-1, max-image-preview:large, max-video-preview:-1\" \/>\n<link rel=\"canonical\" href=\"https:\/\/destinocastillayleon.es\/index\/los-derechos-del-pasajero-de-avion\/\" \/>\n<meta property=\"og:locale\" content=\"es_ES\" \/>\n<meta property=\"og:type\" content=\"article\" \/>\n<meta property=\"og:title\" content=\"Los derechos del pasajero de avi\u00f3n \u2013 Destino Castilla y Le\u00f3n\" \/>\n<meta property=\"og:description\" content=\"Te contamos qu\u00e9 te puede pasar si viajas en avi\u00f3n y cu\u00e1les son tus derechos del pasajero de avi\u00f3n. Para que nunca te quedes tirado; y si te pasa, sepas a qu\u00e9 tienes derecho de indemnizaci\u00f3n.\" \/>\n<meta property=\"og:url\" content=\"https:\/\/destinocastillayleon.es\/index\/los-derechos-del-pasajero-de-avion\/\" \/>\n<meta property=\"og:site_name\" content=\"Destino Castilla y Le\u00f3n\" \/>\n<meta property=\"article:publisher\" content=\"https:\/\/www.facebook.com\/DestinoCastillaYLeon\/\" \/>\n<meta property=\"article:author\" content=\"https:\/\/www.facebook.com\/profile.php?id=1158416854\" \/>\n<meta property=\"article:published_time\" content=\"2023-10-25T06:45:23+00:00\" \/>\n<meta property=\"article:modified_time\" content=\"2023-10-31T16:48:33+00:00\" \/>\n<meta property=\"og:image\" content=\"https:\/\/destinocastillayleon.es\/index\/wp-content\/uploads\/2023\/10\/Derechos-del-viajero-en-avion-Imagen-de-Noticas-Gipuzkoa.jpg\" \/>\n\t<meta property=\"og:image:width\" content=\"1210\" \/>\n\t<meta property=\"og:image:height\" content=\"518\" \/>\n\t<meta property=\"og:image:type\" content=\"image\/jpeg\" \/>\n<meta name=\"author\" content=\"David V\u00e1zquez\" \/>\n<meta name=\"twitter:card\" content=\"summary_large_image\" \/>\n<meta name=\"twitter:title\" content=\"Los derechos del pasajero de avi\u00f3n \u2013 Destino Castilla y Le\u00f3n\" \/>\n<meta name=\"twitter:description\" content=\"Te contamos qu\u00e9 te puede pasar si viajas en avi\u00f3n y cu\u00e1les son tus derechos del pasajero de avi\u00f3n. Para que nunca te quedes tirado; y si te pasa, sepas a qu\u00e9 tienes derecho de indemnizaci\u00f3n.\" \/>\n<meta name=\"twitter:creator\" content=\"@https:\/\/twitter.com\/ContePantaleone\u200e\" \/>\n<meta name=\"twitter:site\" content=\"@destinocyl\" \/>\n<meta name=\"twitter:label1\" content=\"Escrito por\" \/>\n\t<meta name=\"twitter:data1\" content=\"David V\u00e1zquez\" \/>\n\t<meta name=\"twitter:label2\" content=\"Tiempo de lectura\" \/>\n\t<meta name=\"twitter:data2\" content=\"5 minutos\" \/>\n<script type=\"application\/ld+json\" class=\"yoast-schema-graph\">{\"@context\":\"https:\\\/\\\/schema.org\",\"@graph\":[{\"@type\":\"Article\",\"@id\":\"https:\\\/\\\/destinocastillayleon.es\\\/index\\\/los-derechos-del-pasajero-de-avion\\\/#article\",\"isPartOf\":{\"@id\":\"https:\\\/\\\/destinocastillayleon.es\\\/index\\\/los-derechos-del-pasajero-de-avion\\\/\"},\"author\":{\"name\":\"David V\u00e1zquez\",\"@id\":\"https:\\\/\\\/destinocastillayleon.es\\\/index\\\/#\\\/schema\\\/person\\\/189221bc8f6cc4fa28b18ad5c289d4c2\"},\"headline\":\"Los derechos del pasajero de avi\u00f3n\",\"datePublished\":\"2023-10-25T06:45:23+00:00\",\"dateModified\":\"2023-10-31T16:48:33+00:00\",\"mainEntityOfPage\":{\"@id\":\"https:\\\/\\\/destinocastillayleon.es\\\/index\\\/los-derechos-del-pasajero-de-avion\\\/\"},\"wordCount\":931,\"commentCount\":0,\"image\":{\"@id\":\"https:\\\/\\\/destinocastillayleon.es\\\/index\\\/los-derechos-del-pasajero-de-avion\\\/#primaryimage\"},\"thumbnailUrl\":\"https:\\\/\\\/destinocastillayleon.es\\\/index\\\/wp-content\\\/uploads\\\/2023\\\/10\\\/Derechos-del-viajero-en-avion-Imagen-de-Noticas-Gipuzkoa.jpg\",\"keywords\":[\"Consejos viajeros\",\"Derechos del pasajero\",\"overbooking\"],\"articleSection\":[\"Actualidad\",\"No rescatar en RRSS\",\"Post_inicial\"],\"inLanguage\":\"es\",\"potentialAction\":[{\"@type\":\"CommentAction\",\"name\":\"Comment\",\"target\":[\"https:\\\/\\\/destinocastillayleon.es\\\/index\\\/los-derechos-del-pasajero-de-avion\\\/#respond\"]}]},{\"@type\":\"WebPage\",\"@id\":\"https:\\\/\\\/destinocastillayleon.es\\\/index\\\/los-derechos-del-pasajero-de-avion\\\/\",\"url\":\"https:\\\/\\\/destinocastillayleon.es\\\/index\\\/los-derechos-del-pasajero-de-avion\\\/\",\"name\":\"Los derechos del pasajero de avi\u00f3n \u2013 Destino Castilla y Le\u00f3n\",\"isPartOf\":{\"@id\":\"https:\\\/\\\/destinocastillayleon.es\\\/index\\\/#website\"},\"primaryImageOfPage\":{\"@id\":\"https:\\\/\\\/destinocastillayleon.es\\\/index\\\/los-derechos-del-pasajero-de-avion\\\/#primaryimage\"},\"image\":{\"@id\":\"https:\\\/\\\/destinocastillayleon.es\\\/index\\\/los-derechos-del-pasajero-de-avion\\\/#primaryimage\"},\"thumbnailUrl\":\"https:\\\/\\\/destinocastillayleon.es\\\/index\\\/wp-content\\\/uploads\\\/2023\\\/10\\\/Derechos-del-viajero-en-avion-Imagen-de-Noticas-Gipuzkoa.jpg\",\"datePublished\":\"2023-10-25T06:45:23+00:00\",\"dateModified\":\"2023-10-31T16:48:33+00:00\",\"author\":{\"@id\":\"https:\\\/\\\/destinocastillayleon.es\\\/index\\\/#\\\/schema\\\/person\\\/189221bc8f6cc4fa28b18ad5c289d4c2\"},\"description\":\"Te contamos qu\u00e9 te puede pasar si viajas en avi\u00f3n y cu\u00e1les son tus derechos del pasajero de avi\u00f3n. Para que nunca te quedes tirado.\",\"breadcrumb\":{\"@id\":\"https:\\\/\\\/destinocastillayleon.es\\\/index\\\/los-derechos-del-pasajero-de-avion\\\/#breadcrumb\"},\"inLanguage\":\"es\",\"potentialAction\":[{\"@type\":\"ReadAction\",\"target\":[\"https:\\\/\\\/destinocastillayleon.es\\\/index\\\/los-derechos-del-pasajero-de-avion\\\/\"]}]},{\"@type\":\"ImageObject\",\"inLanguage\":\"es\",\"@id\":\"https:\\\/\\\/destinocastillayleon.es\\\/index\\\/los-derechos-del-pasajero-de-avion\\\/#primaryimage\",\"url\":\"https:\\\/\\\/destinocastillayleon.es\\\/index\\\/wp-content\\\/uploads\\\/2023\\\/10\\\/Derechos-del-viajero-en-avion-Imagen-de-Noticas-Gipuzkoa.jpg\",\"contentUrl\":\"https:\\\/\\\/destinocastillayleon.es\\\/index\\\/wp-content\\\/uploads\\\/2023\\\/10\\\/Derechos-del-viajero-en-avion-Imagen-de-Noticas-Gipuzkoa.jpg\",\"width\":1210,\"height\":518,\"caption\":\"Derechos del viajero en avi\u00f3n - Imagen de Noticas Gipuzkoa\"},{\"@type\":\"BreadcrumbList\",\"@id\":\"https:\\\/\\\/destinocastillayleon.es\\\/index\\\/los-derechos-del-pasajero-de-avion\\\/#breadcrumb\",\"itemListElement\":[{\"@type\":\"ListItem\",\"position\":1,\"name\":\"Portada\",\"item\":\"https:\\\/\\\/destinocastillayleon.es\\\/index\\\/\"},{\"@type\":\"ListItem\",\"position\":2,\"name\":\"Los derechos del pasajero de avi\u00f3n\"}]},{\"@type\":\"WebSite\",\"@id\":\"https:\\\/\\\/destinocastillayleon.es\\\/index\\\/#website\",\"url\":\"https:\\\/\\\/destinocastillayleon.es\\\/index\\\/\",\"name\":\"Destino Castilla y Le\u00f3n\",\"description\":\"Medio digital independiente y revista de Castilla y Le\u00f3n dedicado al turismo, gastronom\u00eda y vino de Castilla y Le\u00f3n\",\"potentialAction\":[{\"@type\":\"SearchAction\",\"target\":{\"@type\":\"EntryPoint\",\"urlTemplate\":\"https:\\\/\\\/destinocastillayleon.es\\\/index\\\/?s={search_term_string}\"},\"query-input\":{\"@type\":\"PropertyValueSpecification\",\"valueRequired\":true,\"valueName\":\"search_term_string\"}}],\"inLanguage\":\"es\"},{\"@type\":\"Person\",\"@id\":\"https:\\\/\\\/destinocastillayleon.es\\\/index\\\/#\\\/schema\\\/person\\\/189221bc8f6cc4fa28b18ad5c289d4c2\",\"name\":\"David V\u00e1zquez\",\"image\":{\"@type\":\"ImageObject\",\"inLanguage\":\"es\",\"@id\":\"https:\\\/\\\/secure.gravatar.com\\\/avatar\\\/cd12db6c575a90c3b75cfa0f794b74d425201c768612fad17e9f13cd33d48be8?s=96&d=mm&r=g\",\"url\":\"https:\\\/\\\/secure.gravatar.com\\\/avatar\\\/cd12db6c575a90c3b75cfa0f794b74d425201c768612fad17e9f13cd33d48be8?s=96&d=mm&r=g\",\"contentUrl\":\"https:\\\/\\\/secure.gravatar.com\\\/avatar\\\/cd12db6c575a90c3b75cfa0f794b74d425201c768612fad17e9f13cd33d48be8?s=96&d=mm&r=g\",\"caption\":\"David V\u00e1zquez\"},\"description\":\"Ingeniero Industrial de vocaci\u00f3n y profesi\u00f3n, he encontrado en los blogs la forma de plasmar mi pasi\u00f3n por los viajes, la gastronom\u00eda y los vinos. Especialmente los procedentes de Castilla y Le\u00f3n\",\"sameAs\":[\"https:\\\/\\\/www.destinocastillayleon.es\",\"https:\\\/\\\/www.facebook.com\\\/profile.php?id=1158416854\",\"https:\\\/\\\/instagram.com\\\/conte.pantaleone\",\"https:\\\/\\\/www.linkedin.com\\\/pub\\\/david-vazquez-lozano\\\/37\\\/17a\\\/25a\",\"https:\\\/\\\/x.com\\\/https:\\\/\\\/twitter.com\\\/ContePantaleone\u200e\"],\"url\":\"https:\\\/\\\/destinocastillayleon.es\\\/index\\\/author\\\/coadministradorcyl\\\/\"}]}<\/script>\n<!-- \/ Yoast SEO Premium plugin. -->","yoast_head_json":{"title":"Los derechos del pasajero de avi\u00f3n \u2013 Destino Castilla y Le\u00f3n","description":"Te contamos qu\u00e9 te puede pasar si viajas en avi\u00f3n y cu\u00e1les son tus derechos del pasajero de avi\u00f3n. Para que nunca te quedes tirado.","robots":{"index":"index","follow":"follow","max-snippet":"max-snippet:-1","max-image-preview":"max-image-preview:large","max-video-preview":"max-video-preview:-1"},"canonical":"https:\/\/destinocastillayleon.es\/index\/los-derechos-del-pasajero-de-avion\/","og_locale":"es_ES","og_type":"article","og_title":"Los derechos del pasajero de avi\u00f3n \u2013 Destino Castilla y Le\u00f3n","og_description":"Te contamos qu\u00e9 te puede pasar si viajas en avi\u00f3n y cu\u00e1les son tus derechos del pasajero de avi\u00f3n. Para que nunca te quedes tirado; y si te pasa, sepas a qu\u00e9 tienes derecho de indemnizaci\u00f3n.","og_url":"https:\/\/destinocastillayleon.es\/index\/los-derechos-del-pasajero-de-avion\/","og_site_name":"Destino Castilla y Le\u00f3n","article_publisher":"https:\/\/www.facebook.com\/DestinoCastillaYLeon\/","article_author":"https:\/\/www.facebook.com\/profile.php?id=1158416854","article_published_time":"2023-10-25T06:45:23+00:00","article_modified_time":"2023-10-31T16:48:33+00:00","og_image":[{"width":1210,"height":518,"url":"https:\/\/destinocastillayleon.es\/index\/wp-content\/uploads\/2023\/10\/Derechos-del-viajero-en-avion-Imagen-de-Noticas-Gipuzkoa.jpg","type":"image\/jpeg"}],"author":"David V\u00e1zquez","twitter_card":"summary_large_image","twitter_title":"Los derechos del pasajero de avi\u00f3n \u2013 Destino Castilla y Le\u00f3n","twitter_description":"Te contamos qu\u00e9 te puede pasar si viajas en avi\u00f3n y cu\u00e1les son tus derechos del pasajero de avi\u00f3n. Para que nunca te quedes tirado; y si te pasa, sepas a qu\u00e9 tienes derecho de indemnizaci\u00f3n.","twitter_creator":"@https:\/\/twitter.com\/ContePantaleone\u200e","twitter_site":"@destinocyl","twitter_misc":{"Escrito por":"David V\u00e1zquez","Tiempo de lectura":"5 minutos"},"schema":{"@context":"https:\/\/schema.org","@graph":[{"@type":"Article","@id":"https:\/\/destinocastillayleon.es\/index\/los-derechos-del-pasajero-de-avion\/#article","isPartOf":{"@id":"https:\/\/destinocastillayleon.es\/index\/los-derechos-del-pasajero-de-avion\/"},"author":{"name":"David V\u00e1zquez","@id":"https:\/\/destinocastillayleon.es\/index\/#\/schema\/person\/189221bc8f6cc4fa28b18ad5c289d4c2"},"headline":"Los derechos del pasajero de avi\u00f3n","datePublished":"2023-10-25T06:45:23+00:00","dateModified":"2023-10-31T16:48:33+00:00","mainEntityOfPage":{"@id":"https:\/\/destinocastillayleon.es\/index\/los-derechos-del-pasajero-de-avion\/"},"wordCount":931,"commentCount":0,"image":{"@id":"https:\/\/destinocastillayleon.es\/index\/los-derechos-del-pasajero-de-avion\/#primaryimage"},"thumbnailUrl":"https:\/\/destinocastillayleon.es\/index\/wp-content\/uploads\/2023\/10\/Derechos-del-viajero-en-avion-Imagen-de-Noticas-Gipuzkoa.jpg","keywords":["Consejos viajeros","Derechos del pasajero","overbooking"],"articleSection":["Actualidad","No rescatar en RRSS","Post_inicial"],"inLanguage":"es","potentialAction":[{"@type":"CommentAction","name":"Comment","target":["https:\/\/destinocastillayleon.es\/index\/los-derechos-del-pasajero-de-avion\/#respond"]}]},{"@type":"WebPage","@id":"https:\/\/destinocastillayleon.es\/index\/los-derechos-del-pasajero-de-avion\/","url":"https:\/\/destinocastillayleon.es\/index\/los-derechos-del-pasajero-de-avion\/","name":"Los derechos del pasajero de avi\u00f3n \u2013 Destino Castilla y Le\u00f3n","isPartOf":{"@id":"https:\/\/destinocastillayleon.es\/index\/#website"},"primaryImageOfPage":{"@id":"https:\/\/destinocastillayleon.es\/index\/los-derechos-del-pasajero-de-avion\/#primaryimage"},"image":{"@id":"https:\/\/destinocastillayleon.es\/index\/los-derechos-del-pasajero-de-avion\/#primaryimage"},"thumbnailUrl":"https:\/\/destinocastillayleon.es\/index\/wp-content\/uploads\/2023\/10\/Derechos-del-viajero-en-avion-Imagen-de-Noticas-Gipuzkoa.jpg","datePublished":"2023-10-25T06:45:23+00:00","dateModified":"2023-10-31T16:48:33+00:00","author":{"@id":"https:\/\/destinocastillayleon.es\/index\/#\/schema\/person\/189221bc8f6cc4fa28b18ad5c289d4c2"},"description":"Te contamos qu\u00e9 te puede pasar si viajas en avi\u00f3n y cu\u00e1les son tus derechos del pasajero de avi\u00f3n. Para que nunca te quedes tirado.","breadcrumb":{"@id":"https:\/\/destinocastillayleon.es\/index\/los-derechos-del-pasajero-de-avion\/#breadcrumb"},"inLanguage":"es","potentialAction":[{"@type":"ReadAction","target":["https:\/\/destinocastillayleon.es\/index\/los-derechos-del-pasajero-de-avion\/"]}]},{"@type":"ImageObject","inLanguage":"es","@id":"https:\/\/destinocastillayleon.es\/index\/los-derechos-del-pasajero-de-avion\/#primaryimage","url":"https:\/\/destinocastillayleon.es\/index\/wp-content\/uploads\/2023\/10\/Derechos-del-viajero-en-avion-Imagen-de-Noticas-Gipuzkoa.jpg","contentUrl":"https:\/\/destinocastillayleon.es\/index\/wp-content\/uploads\/2023\/10\/Derechos-del-viajero-en-avion-Imagen-de-Noticas-Gipuzkoa.jpg","width":1210,"height":518,"caption":"Derechos del viajero en avi\u00f3n - Imagen de Noticas Gipuzkoa"},{"@type":"BreadcrumbList","@id":"https:\/\/destinocastillayleon.es\/index\/los-derechos-del-pasajero-de-avion\/#breadcrumb","itemListElement":[{"@type":"ListItem","position":1,"name":"Portada","item":"https:\/\/destinocastillayleon.es\/index\/"},{"@type":"ListItem","position":2,"name":"Los derechos del pasajero de avi\u00f3n"}]},{"@type":"WebSite","@id":"https:\/\/destinocastillayleon.es\/index\/#website","url":"https:\/\/destinocastillayleon.es\/index\/","name":"Destino Castilla y Le\u00f3n","description":"Medio digital independiente y revista de Castilla y Le\u00f3n dedicado al turismo, gastronom\u00eda y vino de Castilla y Le\u00f3n","potentialAction":[{"@type":"SearchAction","target":{"@type":"EntryPoint","urlTemplate":"https:\/\/destinocastillayleon.es\/index\/?s={search_term_string}"},"query-input":{"@type":"PropertyValueSpecification","valueRequired":true,"valueName":"search_term_string"}}],"inLanguage":"es"},{"@type":"Person","@id":"https:\/\/destinocastillayleon.es\/index\/#\/schema\/person\/189221bc8f6cc4fa28b18ad5c289d4c2","name":"David V\u00e1zquez","image":{"@type":"ImageObject","inLanguage":"es","@id":"https:\/\/secure.gravatar.com\/avatar\/cd12db6c575a90c3b75cfa0f794b74d425201c768612fad17e9f13cd33d48be8?s=96&d=mm&r=g","url":"https:\/\/secure.gravatar.com\/avatar\/cd12db6c575a90c3b75cfa0f794b74d425201c768612fad17e9f13cd33d48be8?s=96&d=mm&r=g","contentUrl":"https:\/\/secure.gravatar.com\/avatar\/cd12db6c575a90c3b75cfa0f794b74d425201c768612fad17e9f13cd33d48be8?s=96&d=mm&r=g","caption":"David V\u00e1zquez"},"description":"Ingeniero Industrial de vocaci\u00f3n y profesi\u00f3n, he encontrado en los blogs la forma de plasmar mi pasi\u00f3n por los viajes, la gastronom\u00eda y los vinos. Especialmente los procedentes de Castilla y Le\u00f3n","sameAs":["https:\/\/www.destinocastillayleon.es","https:\/\/www.facebook.com\/profile.php?id=1158416854","https:\/\/instagram.com\/conte.pantaleone","https:\/\/www.linkedin.com\/pub\/david-vazquez-lozano\/37\/17a\/25a","https:\/\/x.com\/https:\/\/twitter.com\/ContePantaleone\u200e"],"url":"https:\/\/destinocastillayleon.es\/index\/author\/coadministradorcyl\/"}]}},"_links":{"self":[{"href":"https:\/\/destinocastillayleon.es\/index\/wp-json\/wp\/v2\/posts\/37981","targetHints":{"allow":["GET"]}}],"collection":[{"href":"https:\/\/destinocastillayleon.es\/index\/wp-json\/wp\/v2\/posts"}],"about":[{"href":"https:\/\/destinocastillayleon.es\/index\/wp-json\/wp\/v2\/types\/post"}],"author":[{"embeddable":true,"href":"https:\/\/destinocastillayleon.es\/index\/wp-json\/wp\/v2\/users\/2"}],"replies":[{"embeddable":true,"href":"https:\/\/destinocastillayleon.es\/index\/wp-json\/wp\/v2\/comments?post=37981"}],"version-history":[{"count":9,"href":"https:\/\/destinocastillayleon.es\/index\/wp-json\/wp\/v2\/posts\/37981\/revisions"}],"predecessor-version":[{"id":38018,"href":"https:\/\/destinocastillayleon.es\/index\/wp-json\/wp\/v2\/posts\/37981\/revisions\/38018"}],"wp:featuredmedia":[{"embeddable":true,"href":"https:\/\/destinocastillayleon.es\/index\/wp-json\/wp\/v2\/media\/37990"}],"wp:attachment":[{"href":"https:\/\/destinocastillayleon.es\/index\/wp-json\/wp\/v2\/media?parent=37981"}],"wp:term":[{"taxonomy":"category","embeddable":true,"href":"https:\/\/destinocastillayleon.es\/index\/wp-json\/wp\/v2\/categories?post=37981"},{"taxonomy":"post_tag","embeddable":true,"href":"https:\/\/destinocastillayleon.es\/index\/wp-json\/wp\/v2\/tags?post=37981"}],"curies":[{"name":"wp","href":"https:\/\/api.w.org\/{rel}","templated":true}]}}