{"id":37778,"date":"2023-10-06T11:03:50","date_gmt":"2023-10-06T09:03:50","guid":{"rendered":"https:\/\/destinocastillayleon.es\/index\/?p=37778"},"modified":"2023-10-11T18:13:37","modified_gmt":"2023-10-11T16:13:37","slug":"palacio-real-testamentario","status":"publish","type":"post","link":"https:\/\/destinocastillayleon.es\/index\/palacio-real-testamentario\/","title":{"rendered":"Palacio Real Testamentario en Medina del Campo"},"content":{"rendered":"<p><strong>Uno de los personajes m\u00e1s importantes de la historia de Espa\u00f1a fue la Reina Isabel I \u2013\u201cLa Cat\u00f3lica\u201d-, gracias a la serie de televisi\u00f3n de hace unos a\u00f1os,<\/strong> el gran p\u00fablico conoci\u00f3 a este personaje tan carism\u00e1tico. Igual algo menos conocido por muchos sea que falleci\u00f3 en Medina del Campo, en el que <strong>actualmente llamamos Palacio Real Testamentario,<\/strong> pues es ah\u00ed donde se dict\u00f3 este documento para la historia.<\/p>\n<h3><strong>\u00cdndice de contenidos<\/strong><\/h3>\n<p>Hemos preparado este peque\u00f1o \u00edndice de contenidos con los puntos m\u00e1s importantes de esta publicaci\u00f3n.<\/p>\n<p><strong>La visita al Palacio Real Testamentario:<\/strong><\/p>\n<ul>\n<li><a href=\"#Palacio-Real\">El Palacio Real Testamentario<\/a>.<\/li>\n<li><a href=\"#Edificio\">Historia del edificio<\/a>.<\/li>\n<li><a href=\"#Video\">V\u00eddeo de nuestra visita al palacio<\/a>.<\/li>\n<li><a href=\"#Testamentario\">\u00bfPor qu\u00e9 testamentario?<\/a>.<\/li>\n<li><a href=\"#Visita\">Conoce la experiencia de visitar este Palacio Real<\/a>.<\/li>\n<li><a href=\"#Informacion\">Informaci\u00f3n pr\u00e1ctica para visitar el palacio<\/a>.<\/li>\n<\/ul>\n<p><strong>Informaci\u00f3n general sobre Medina del Campo:<\/strong><\/p>\n<ul>\n<li><a href=\"#Llegar\">\u00bfC\u00f3mo llegar?<\/a><\/li>\n<li><a href=\"#Dormir\">\u00bfD\u00f3nde alojarse?<\/a><\/li>\n<li><a href=\"#Comer\">\u00bfD\u00f3nde comer?<\/a><\/li>\n<li><a href=\"#Actividades\">Otras actividades que visitar en Medina del Campo o cerca<\/a>.<\/li>\n<\/ul>\n<p>Esperamos <strong>que os sea de utilidad,<\/strong> y os anim\u00e9is a visitar este Palacio Real Testamentario de Medina del Campo, de paso, conocer\u00e9is la Villa de las Ferias.<\/p>\n<h3><strong>Preparando el viaje<\/strong><\/h3>\n<p><strong>Han sido varias las ocasiones en las que hemos visitado este regio lugar,<\/strong> aunque lo que hoy podemos ver es una pobre ilusi\u00f3n de lo que una vez fue. La \u00faltima vez que visitamos este Palacio Real Testamentario lo hicimos gracias a <strong>una iniciativa de Turismo de Medina del Campo<\/strong> junto a otros compa\u00f1eros viajeros.<\/p>\n<figure id=\"attachment_36644\" aria-describedby=\"caption-attachment-36644\" style=\"width: 580px\" class=\"wp-caption aligncenter\"><img decoding=\"async\" src=\"https:\/\/destinocastillayleon.es\/index\/wp-content\/uploads\/2023\/03\/Brindando-con-vinos-de-Bodegas-Emina-de-Medina-del-Campo-Destino-Castilla-y-Leon.jpg\" alt=\"Brindando con vinos de Bodegas Emina de Medina del Campo - Destino Castilla y Le\u00f3n\" width=\"580\" class=\"size-full wp-image-36644\" srcset=\"https:\/\/destinocastillayleon.es\/index\/wp-content\/uploads\/2023\/03\/Brindando-con-vinos-de-Bodegas-Emina-de-Medina-del-Campo-Destino-Castilla-y-Leon.jpg 640w, https:\/\/destinocastillayleon.es\/index\/wp-content\/uploads\/2023\/03\/Brindando-con-vinos-de-Bodegas-Emina-de-Medina-del-Campo-Destino-Castilla-y-Leon-300x169.jpg 300w\" sizes=\"(max-width: 640px) 100vw, 640px\" \/><figcaption id=\"caption-attachment-36644\" class=\"wp-caption-text\">Brindando con vinos de Bodegas Emina de Medina del Campo &#8211; Destino Castilla y Le\u00f3n<\/figcaption><\/figure>\n<p>Durante un fin de semana, <strong>disfrutamos de un viaje excepcional de turismo experiencial<\/strong> en esta hist\u00f3rica villa que nos llev\u00f3 a conocer el <a href=\"https:\/\/destinocastillayleon.es\/index\/visitar-el-castillo-de-la-mota\/\">Castillo de La Mota<\/a>, el <a href=\"https:\/\/destinocastillayleon.es\/index\/museo-de-las-ferias-de-medina-del-campo\/\">Museo de las Ferias<\/a>, <a href=\"https:\/\/destinocastillayleon.es\/index\/colegiata-de-san-antolin-de-medina-del-campo\/\">la Colegiata de San Antol\u00edn<\/a> y <a href=\"https:\/\/destinocastillayleon.es\/index\/bodega-finca-las-caraballas\/\">otros atractivos<\/a> de esta ciudad al sur de la provincia de Valladolid. <a name=\"Palacio-Real\"><\/a><\/p>\n<h2><strong>El Palacio Real Testamentario<\/strong><\/h2>\n<p>En la Plaza Mayor de la Hispanidad, j<strong>unto a los arcos que son parte del Ayuntamiento de la Villa,<\/strong> se encuentra un edificio mud\u00e9jar en esa esquina. Al exterior solo muestra un cachito de fachada con un arco de entrada.<\/p>\n<figure id=\"attachment_9760\" aria-describedby=\"caption-attachment-9760\" style=\"width: 640px\" class=\"wp-caption aligncenter\"><img decoding=\"async\" src=\"https:\/\/destinocastillayleon.es\/index\/wp-content\/uploads\/2013\/12\/Portada-de-Comer-bien-en-Medina-del-Campo.jpg\" alt=\"Plaza mayor de la Hispanidad - Destino Castilla y Le\u00f3n\" width=\"640\" class=\"size-full wp-image-9760\" srcset=\"https:\/\/destinocastillayleon.es\/index\/wp-content\/uploads\/2013\/12\/Portada-de-Comer-bien-en-Medina-del-Campo.jpg 708w, https:\/\/destinocastillayleon.es\/index\/wp-content\/uploads\/2013\/12\/Portada-de-Comer-bien-en-Medina-del-Campo-300x225.jpg 300w\" sizes=\"(max-width: 708px) 100vw, 708px\" \/><figcaption id=\"caption-attachment-9760\" class=\"wp-caption-text\">Plaza mayor de la Hispanidad &#8211; Destino Castilla y Le\u00f3n<\/figcaption><\/figure>\n<p>Este edificio, <strong>es tan solo una esquina de un palacio mud\u00e9jar que fue propiedad de los reyes de la dinast\u00eda de los Trast\u00e1mara,<\/strong> una rama menor, de origen bastardo de la Casa de Borgo\u00f1a que rein\u00f3 en Le\u00f3n y en Castilla. <a name=\"Edificio\"><\/a><\/p>\n<h3><strong>Historia del edificio<\/strong><\/h3>\n<p>Este edificio <strong>era la residencia de los reyes de esta dinast\u00eda en Medina del Campo.<\/strong> La villa de Medina del Campo estaba en <strong>un importante cruce de caminos pecuarios, dos Ca\u00f1adas Reales.<\/strong> Contaba con un alto, la mota, que estaba fortificado; y ten\u00eda agua gracias al r\u00edo Zapardiel.<\/p>\n<p>En este contexto, <strong>se estaba convirtiendo en un importante n\u00facleo comercial, tal y como ya os contamos con mayor detalle en la publicaci\u00f3n del Museo de las Ferias.<\/strong> Esto hac\u00eda que los reyes quisieran tener una cierta presencia en la villa, <strong>m\u00e1s desde que el <a href=\"https:\/\/es.wikipedia.org\/wiki\/Fernando_I_de_Arag%C3%B3n\" rel=\"Nofollow noopener\" target=\"_blank\">Infante Don Fernando de Antequera<\/a>, futuro Fernando I de Arag\u00f3n,<\/strong> se dedicara a desarrollar esta faceta mercantil en la Medina del Campo.<\/p>\n<figure id=\"attachment_37803\" aria-describedby=\"caption-attachment-37803\" style=\"width: 640px\" class=\"wp-caption aligncenter\"><img decoding=\"async\" src=\"https:\/\/destinocastillayleon.es\/index\/wp-content\/uploads\/2023\/09\/Sala-dedicada-al-infante-Don-Fernando-de-Antequera-senor-de-Medina-del-Campo-Destino-Castill.jpg\" alt=\"Palacio Real Testamentario\" title=\"Sala dedicada al infante Don Fernando de Antequera, se\u00f1or de Medina del Campo - Destino Castilla y Le\u00f3n\" width=\"640\" height=\"360\" class=\"size-full wp-image-37803\" srcset=\"https:\/\/destinocastillayleon.es\/index\/wp-content\/uploads\/2023\/09\/Sala-dedicada-al-infante-Don-Fernando-de-Antequera-senor-de-Medina-del-Campo-Destino-Castill.jpg 640w, https:\/\/destinocastillayleon.es\/index\/wp-content\/uploads\/2023\/09\/Sala-dedicada-al-infante-Don-Fernando-de-Antequera-senor-de-Medina-del-Campo-Destino-Castill-300x169.jpg 300w\" sizes=\"(max-width: 640px) 100vw, 640px\" \/><figcaption id=\"caption-attachment-37803\" class=\"wp-caption-text\">Sala dedicada al infante Don Fernando de Antequera, se\u00f1or de Medina del Campo &#8211; Destino Castilla y Le\u00f3n<\/figcaption><\/figure>\n<p>No obstante, <strong>la construcci\u00f3n inicial es de \u00e9poca de Pedro I, el \u00faltimo rey de la dinast\u00eda Borgo\u00f1a.<\/strong> Tras esto quedo ligada a los Trast\u00e1mara, especialmente por el Infante Fernando de Antequera, se\u00f1or de la villa en el siglo XIV, pero el actual palacio fue ampliado y alcanza su m\u00e1ximo esplendor por la Reina Isabel I, durante el siglo XV.<\/p>\n<p>Tras el desplazamiento de poder por los reyes de la casa de Habsburgo, <strong>este palacio deja de ser habitado y en 1547, el Ayuntamiento de Medina del Campo pide permiso para realizar en estas casas reuniones durante las Ferias y establecer en ellas el Peso Real,<\/strong> lo que ya indica un alejamiento por parte de los monarcas a esta residencia real.<\/p>\n<p><strong>Carlos II, el \u00faltimo Habsburgo espa\u00f1ol, en 1673, destina parte de esta construcci\u00f3n a prisi\u00f3n,<\/strong> teniendo que modificarse parcialmente la estructura de la casa, con lo que quedar\u00e1 sellado el destino de este Palacio Real Testamentario. <a name=\"Testamentario\"><\/a><\/p>\n<h4><strong>\u00bfPor qu\u00e9 Palacio Real Testamentario?<\/strong><\/h4>\n<p>Este palacio <strong>fue muy usado por los Reyes Cat\u00f3licos, muy unidos a esta villa, siendo heredad directa de Isabel.<\/strong> En ella pas\u00f3 muchas temporadas, como cuando <strong>se negoci\u00f3 en 1494 el <a href=\"https:\/\/destinocastillayleon.es\/index\/guia-para-visitar-tordesillas\/\" rel=\"noopener\" target=\"_blank\">Tratado de Tordesillas<\/a>,<\/strong> pues desde ah\u00ed, podida seguir muy de cerca las noticias de las negociaciones.<\/p>\n<figure id=\"attachment_16121\" aria-describedby=\"caption-attachment-16121\" style=\"width: 400px\" class=\"wp-caption aligncenter\"><img decoding=\"async\" src=\"https:\/\/destinocastillayleon.es\/index\/wp-content\/uploads\/2014\/10\/muerteIsabel.jpg\" alt=\"Cuadro que representa la muerte de la Reina Isabel en el Palacio Real Testamentario\" width=\"400\" height=\"340\" class=\"size-full wp-image-16121\" srcset=\"https:\/\/destinocastillayleon.es\/index\/wp-content\/uploads\/2014\/10\/muerteIsabel.jpg 400w, https:\/\/destinocastillayleon.es\/index\/wp-content\/uploads\/2014\/10\/muerteIsabel-300x255.jpg 300w\" sizes=\"(max-width: 400px) 100vw, 400px\" \/><figcaption id=\"caption-attachment-16121\" class=\"wp-caption-text\">Cuadro que representa la muerte de la Reina Isabel<\/figcaption><\/figure>\n<p>Tambi\u00e9n en Medina del Campo <strong>pudo retener a su hija Juana en 1503, que deseaba regresar a Flandes<\/strong> junto a Felipe \u201cEl Hermoso\u201d. La entonces Princesa de Asturias fue recluida en el Castillo de la Mota.<\/p>\n<p>Es, por tanto, una villa muy ligada a la vida de Isabel. <strong>Tanto, que en 1504 estando enferma, decide recluirse en este palacio real;<\/strong> y pese a que se mandaron misas por la salud de la reina, la misma reina solicita la extremaunci\u00f3n y el Sant\u00edsimo Sacramento. <strong>El 12 de octubre dicta testamento, y finalmente fallece el 26 de noviembre<\/strong> de 1504 en este palacio real. <a name=\"Visita\"><\/a><\/p>\n<h3><strong>La visita al Palacio Real Testamentario<\/strong><\/h3>\n<p>La visita actualmente <strong>se realiza entrando por la puerta principal de la Plaza Mayor de la Hispanidad de Medina del Campo.<\/strong> Se entra al atrio interior del palacio, y desde ah\u00ed, a la porter\u00eda del mismo.<a name=\"Video\"><\/a><\/p>\n<h4><strong>V\u00eddeo de nuestra experiencia<\/strong><\/h4>\n<p>Durante una de nuestras visitas, <strong>realizamos este v\u00eddeo sobre el Palacio Real Testamentario.<\/strong> Una de las paradas recomendadas en Medina del Campo.<\/p>\n<p><center><iframe width=\"560\" height=\"315\" src=\"https:\/\/www.youtube.com\/embed\/6ulSiOSJK2g?si=2YXNfWO4kdLIhKNJ\" title=\"YouTube video player\" frameborder=\"0\" allow=\"accelerometer; autoplay; clipboard-write; encrypted-media; gyroscope; picture-in-picture; web-share\" allowfullscreen><\/iframe><\/center><\/p>\n<p>Este v\u00eddeo y otros tantos m\u00e1s <strong>se encuentran <a href=\"https:\/\/www.youtube.com\/@DestinoySabor_\" rel=\"noopener\" target=\"_blank\">en el canal de YouTube<\/a><\/strong> que tenemos compartido con los compa\u00f1eros de Destino y Sabor. Si os interesa conocer otros atractivos de Medina del Campo o de otras partes de Castilla y Le\u00f3n, suscribiros y conoced qu\u00e9 otras cosas se pueden hacer.<\/p>\n<h4><strong>Planta baja<\/strong><\/h4>\n<p>El atrio de entrada <strong>hace de una especie de patio de armas del palacio,<\/strong> aunque es de un tama\u00f1o muy reducido. Lo m\u00e1s interesante, adem\u00e1s de la arquitectura mud\u00e9jar renacentista, es la escultura dedicada a la Reina Isabel, sue\u00f1o de una reina.<\/p>\n<figure id=\"attachment_21238\" aria-describedby=\"caption-attachment-21238\" style=\"width: 640px\" class=\"wp-caption aligncenter\"><img decoding=\"async\" src=\"https:\/\/destinocastillayleon.es\/index\/wp-content\/uploads\/2015\/12\/4ac870230505e19a9ccc0222b929f4aa.jpg\" alt=\"Ruta de Isabel - Palacio Testamentario - Destino Castilla y Le\u00f3n\" width=\"640\" height=\"480\" class=\"size-full wp-image-21238\" srcset=\"https:\/\/destinocastillayleon.es\/index\/wp-content\/uploads\/2015\/12\/4ac870230505e19a9ccc0222b929f4aa.jpg 640w, https:\/\/destinocastillayleon.es\/index\/wp-content\/uploads\/2015\/12\/4ac870230505e19a9ccc0222b929f4aa-300x225.jpg 300w\" sizes=\"(max-width: 640px) 100vw, 640px\" \/><figcaption id=\"caption-attachment-21238\" class=\"wp-caption-text\">Sue\u00f1o de una Reina, escultura dedicada a la Reina Isabel I en el Palacio Real Testamentario &#8211; Destino Castilla y Le\u00f3n<\/figcaption><\/figure>\n<p>Antes de visitar el peque\u00f1o reducto de estancias en la planta superior, <strong>en la planta baja hay una sala con un audiovisual que pone en contexto al visitante<\/strong> del momento hist\u00f3rico de la Medina del Campo del siglo XIV y XV, la dinast\u00eda Trast\u00e1mara y de Isabel I.<\/p>\n<h4><strong>Nueva sala anexa<\/strong><\/h4>\n<p>Durante nuestra \u00faltima visita <strong>descubrimos una nueva sala habilitada en la planta baja. En ella se hace un recuerdo a Fernando de Antequera, t\u00edo abuelo de Isabel y Se\u00f1or de Medina del Campo,<\/strong> que es qui\u00e9n m\u00e1s favorecer\u00e1 a esta ciudad como centro comercial de la corona de Castilla.<\/p>\n<figure id=\"attachment_37806\" aria-describedby=\"caption-attachment-37806\" style=\"width: 640px\" class=\"wp-caption aligncenter\"><img decoding=\"async\" src=\"https:\/\/destinocastillayleon.es\/index\/wp-content\/uploads\/2023\/09\/Sala-de-Don-Fernando-de-Antrquera-Destino-Castilla-y-Leon.jpg\" alt=\"Palacio Real Testamentario\" title=\"Sala de Don Fernando de Antequera - Destino Castilla y Le\u00f3n\" width=\"640\" height=\"360\" class=\"size-full wp-image-37806\" srcset=\"https:\/\/destinocastillayleon.es\/index\/wp-content\/uploads\/2023\/09\/Sala-de-Don-Fernando-de-Antrquera-Destino-Castilla-y-Leon.jpg 640w, https:\/\/destinocastillayleon.es\/index\/wp-content\/uploads\/2023\/09\/Sala-de-Don-Fernando-de-Antrquera-Destino-Castilla-y-Leon-300x169.jpg 300w\" sizes=\"(max-width: 640px) 100vw, 640px\" \/><figcaption id=\"caption-attachment-37806\" class=\"wp-caption-text\">Sala de Don Fernando de Antequera con su escudo como rey de Arag\u00f3n &#8211; Destino Castilla y Le\u00f3n<\/figcaption><\/figure>\n<blockquote><p>Es una sala muy interesante y que ning\u00fan amante de la historia deber\u00eda perderse; adem\u00e1s de contener una maqueta de c\u00f3mo se cree que pudo ser este palacio y de c\u00f3mo es actualmente.<\/p><\/blockquote>\n<h4><strong>Subida por la escalera<\/strong><\/h4>\n<p>Justo antes de subir a las salas superiores, <strong>en el patio de la escalera, hay una peque\u00f1a representaci\u00f3n de la gastronom\u00eda tradicional de la zona en \u00e9poca de Isabel I.<\/strong> Entre los alimentos presentes, destacaremos los vinos y el pan, pues esta zona es cerealista y vinatera.<\/p>\n<figure id=\"attachment_37805\" aria-describedby=\"caption-attachment-37805\" style=\"width: 640px\" class=\"wp-caption aligncenter\"><img decoding=\"async\" src=\"https:\/\/destinocastillayleon.es\/index\/wp-content\/uploads\/2023\/09\/Gastronomia-en-epoca-de-Isabel-la-Catolica-Destino-Castilla-y-Leon.jpg\" alt=\"Gastronom\u00eda en \u00e9poca de Isabel la Cat\u00f3lica - Destino Castilla y Le\u00f3n\" width=\"640\" height=\"360\" class=\"size-full wp-image-37805\" srcset=\"https:\/\/destinocastillayleon.es\/index\/wp-content\/uploads\/2023\/09\/Gastronomia-en-epoca-de-Isabel-la-Catolica-Destino-Castilla-y-Leon.jpg 640w, https:\/\/destinocastillayleon.es\/index\/wp-content\/uploads\/2023\/09\/Gastronomia-en-epoca-de-Isabel-la-Catolica-Destino-Castilla-y-Leon-300x169.jpg 300w\" sizes=\"(max-width: 640px) 100vw, 640px\" \/><figcaption id=\"caption-attachment-37805\" class=\"wp-caption-text\">Gastronom\u00eda en \u00e9poca de Isabel la Cat\u00f3lica &#8211; Destino Castilla y Le\u00f3n<\/figcaption><\/figure>\n<h4><strong>Sala de los descubrimientos<\/strong><\/h4>\n<p>Esta sala <strong>est\u00e1 dedica a los descubrimientos.<\/strong> Desde \u00e9poca de los romanos, se ha querido saber c\u00f3mo era el mundo. As\u00ed al principio se repasan c\u00f3mo idealizaban el mundo diferentes culturas mediterr\u00e1neas a lo largo de la historia. Hasta que despu\u00e9s, los exploradores portugueses empezaron a detallar las costas de \u00c1frica.<\/p>\n<figure id=\"attachment_37832\" aria-describedby=\"caption-attachment-37832\" style=\"width: 640px\" class=\"wp-caption aligncenter\"><img decoding=\"async\" src=\"https:\/\/destinocastillayleon.es\/index\/wp-content\/uploads\/2023\/10\/Sala-de-los-descubrimientos-del-Palacio-Real-Testamentario-Destino-Castilla-y-Leon.jpg\" alt=\"Sala de los descubrimientos del Palacio Real Testamentario - Destino Castilla y Le\u00f3n\" width=\"640\" height=\"360\" class=\"size-full wp-image-37832\" srcset=\"https:\/\/destinocastillayleon.es\/index\/wp-content\/uploads\/2023\/10\/Sala-de-los-descubrimientos-del-Palacio-Real-Testamentario-Destino-Castilla-y-Leon.jpg 640w, https:\/\/destinocastillayleon.es\/index\/wp-content\/uploads\/2023\/10\/Sala-de-los-descubrimientos-del-Palacio-Real-Testamentario-Destino-Castilla-y-Leon-300x169.jpg 300w\" sizes=\"(max-width: 640px) 100vw, 640px\" \/><figcaption id=\"caption-attachment-37832\" class=\"wp-caption-text\">Sala de los descubrimientos del Palacio Real Testamentario &#8211; Destino Castilla y Le\u00f3n<\/figcaption><\/figure>\n<p><strong>El colof\u00f3n final se dio en 1492, cuando Crist\u00f3bal Col\u00f3n, gracias al patrocinio de Isabel de Castilla descubre el nuevo mundo.<\/strong> Esto permiti\u00f3 en 1513 a Vasco Nu\u00f1ez de Balboa descubrir el Mar del Sur, el oc\u00e9ano Pac\u00edfico. Lo que animar\u00eda a los exploradores espa\u00f1oles en 1519 a lanzarse a buscar oriente por occidente, circunnavegando el planeta.<\/p>\n<h4><strong>Sala de los Trast\u00e1mara<\/strong><\/h4>\n<p>En esta sala <strong>se describe el \u00e1rbol geneal\u00f3gico de la dinast\u00eda Trast\u00e1mara,<\/strong> finalizando con el primer rey de la siguiente dinast\u00eda. Carlos I de Habsburgo, nieto de Isabel y Fernando, los Reyes Cat\u00f3licos.<\/p>\n<figure id=\"attachment_37833\" aria-describedby=\"caption-attachment-37833\" style=\"width: 580px\" class=\"wp-caption aligncenter\"><img decoding=\"async\" src=\"https:\/\/destinocastillayleon.es\/index\/wp-content\/uploads\/2023\/10\/Sala-familiar-de-los-Trastamara-Destino-Castilla-y-Leon.jpg\" alt=\"Sala familiar de los Trast\u00e1mara - Destino Castilla y Le\u00f3n\" width=\"580\" height=\"334\" class=\"size-full wp-image-37833\" srcset=\"https:\/\/destinocastillayleon.es\/index\/wp-content\/uploads\/2023\/10\/Sala-familiar-de-los-Trastamara-Destino-Castilla-y-Leon.jpg 580w, https:\/\/destinocastillayleon.es\/index\/wp-content\/uploads\/2023\/10\/Sala-familiar-de-los-Trastamara-Destino-Castilla-y-Leon-300x173.jpg 300w\" sizes=\"(max-width: 580px) 100vw, 580px\" \/><figcaption id=\"caption-attachment-37833\" class=\"wp-caption-text\">Sala familiar de los Trast\u00e1mara &#8211; Destino Castilla y Le\u00f3n<\/figcaption><\/figure>\n<p><strong>En esta sala adem\u00e1s del \u00e1rbol geneal\u00f3gico, encontrar\u00e9is im\u00e1genes de los principales monumentos patrocinados por esta dinast\u00eda,<\/strong> as\u00ed como documentos facs\u00edmil de la \u00e9poca, que fue un momento de gran esplendor cultural basado en el renacimiento del <em>quattrocento<\/em>.<\/p>\n<h4><strong>Las salas de la Reina<\/strong><\/h4>\n<p>Las \u00faltimas salas <strong>est\u00e1n dedicadas a la Reina Isabel, con un repaso a su vida,<\/strong> para dar paso a una sala donde <strong>se reproducen en formato facs\u00edmil una copia del testamento de la reina<\/strong> del 12 de octubre de 1504.<\/p>\n<figure id=\"attachment_37802\" aria-describedby=\"caption-attachment-37802\" style=\"width: 640px\" class=\"wp-caption aligncenter\"><img decoding=\"async\" src=\"https:\/\/destinocastillayleon.es\/index\/wp-content\/uploads\/2023\/09\/Fascimil-del-testamento-de-Isabel-La-Catolica-en-el-Palacio-Real-Testamentario-Destino-Castil.jpg\" alt=\"Facs\u00edmil del testamento de Isabel La Cat\u00f3lica en el Palacio Real Testamentario - Destino Castila y Le\u00f3n\" width=\"640\" height=\"360\" class=\"size-full wp-image-37802\" srcset=\"https:\/\/destinocastillayleon.es\/index\/wp-content\/uploads\/2023\/09\/Fascimil-del-testamento-de-Isabel-La-Catolica-en-el-Palacio-Real-Testamentario-Destino-Castil.jpg 640w, https:\/\/destinocastillayleon.es\/index\/wp-content\/uploads\/2023\/09\/Fascimil-del-testamento-de-Isabel-La-Catolica-en-el-Palacio-Real-Testamentario-Destino-Castil-300x169.jpg 300w\" sizes=\"(max-width: 640px) 100vw, 640px\" \/><figcaption id=\"caption-attachment-37802\" class=\"wp-caption-text\">Facs\u00edmil del testamento de Isabel La Cat\u00f3lica en el Palacio Real Testamentario &#8211; Destino Castila y Le\u00f3n<\/figcaption><\/figure>\n<p>Este testamento <strong>es una obra de gran valor, pues adem\u00e1s del reparto de poderes de la reina, es una carta de los deseos de la reina para sus s\u00fabditos en lo que se ha llamado un primer texto de declaraci\u00f3n de derechos humanos.<\/strong> Aunque visto con el prisma de inicios del siglo XVI.<\/p>\n<blockquote><p>El documento original del testamento de la reina Isabel se conserva en el Real Monasterio de Santa Mar\u00eda de Guadalupe; Se env\u00edo una copia al monasterio de Santa Isabel de la Alhambra de Granada. Y otra, a la catedral de Toledo, aunque desde 1575 pas\u00f3 al Archivo General de Simancas.<\/p><\/blockquote>\n<p>Tras esta sala, <strong>se accede a otra sala donde se recrea el cuadro de Eduardo Rosales de 1864,<\/strong> en estilo romanticista, representa el momento en el que la reina dicta su testamento. No obstante, esta escena, tal y como se cuenta en el cuadro, nunca sucedi\u00f3, pues hay personajes que no se encontraban en Espa\u00f1a en ese momento.<\/p>\n<figure id=\"attachment_37804\" aria-describedby=\"caption-attachment-37804\" style=\"width: 640px\" class=\"wp-caption aligncenter\"><img decoding=\"async\" src=\"https:\/\/destinocastillayleon.es\/index\/wp-content\/uploads\/2023\/09\/Recreacion-de-los-aposentos-de-Isabel-la-Catolica-en-el-Palacio-Real-Testamentario-Destino-Ca.jpg\" alt=\"Recreaci\u00f3n de los aposentos de Isabel la Cat\u00f3lica en el Palacio Real Testamentario - Destino Castilla y Le\u00f3n\" width=\"640\" height=\"360\" class=\"size-full wp-image-37804\" srcset=\"https:\/\/destinocastillayleon.es\/index\/wp-content\/uploads\/2023\/09\/Recreacion-de-los-aposentos-de-Isabel-la-Catolica-en-el-Palacio-Real-Testamentario-Destino-Ca.jpg 640w, https:\/\/destinocastillayleon.es\/index\/wp-content\/uploads\/2023\/09\/Recreacion-de-los-aposentos-de-Isabel-la-Catolica-en-el-Palacio-Real-Testamentario-Destino-Ca-300x169.jpg 300w\" sizes=\"(max-width: 640px) 100vw, 640px\" \/><figcaption id=\"caption-attachment-37804\" class=\"wp-caption-text\">Recreaci\u00f3n de los aposentos de Isabel la Cat\u00f3lica en el Palacio Real Testamentario &#8211; Destino Castilla y Le\u00f3n<\/figcaption><\/figure>\n<p>La importancia de este cuadro es que <strong>representa un hecho real sucedido en este mismo Palacio Real Testamentario.<\/strong> <a name=\"Informacion\"><\/a><\/p>\n<h3><strong>Informaci\u00f3n pr\u00e1ctica para visitar el Palacio Real Testamentario<\/h3>\n<h4>Situaci\u00f3n y contacto<\/strong><\/h4>\n<p><strong>Palacio Real Testamentario<\/strong><br \/>\nPlaza Mayor de la Hispanidad, 2<br \/>\n47400 \u00b7 Medina del Campo Valladolid<\/p>\n<p>Telf.: +34 983 81 00 63<br \/>\n@.: <a href=\"mailto:info@palaciorealtestamentario.es\">info@palaciorealtestamentario.es<\/a><\/p>\n<h4><strong>Horarios de visitas<\/strong><\/h4>\n<p>Horario de invierno: del 1 de octubre al 31 de marzo.<br \/>\nHorario de verano: del 1 de abril al 30 de septiembre.<\/p>\n<p>El horario de apertura es de martes a s\u00e1bado.<br \/>\nMa\u00f1anas de 10:30 a 14:00 horas<br \/>\nTardes de 16:00 a 18:00 horas; o hasta las 19:00 horas en horario de verano.<\/p>\n<p>Domingos, lunes y festivos, solo ma\u00f1ana, de 10:30 a 14:00 horas.<\/p>\n<h4><strong>Precios de las entradas<\/strong><\/h4>\n<p>Entrada general: 2.50 \u20ac\/persona.<br \/>\nEntrada especial: 2,00 \u20ac\/persona, aplicable a mayores de 65 a\u00f1os, menores de 26 a\u00f1os y familias numerosas.<br \/>\nEntrada reducida: 1,50 \u20ac\/persona, aplicable a menores de 18 a\u00f1os.<br \/>\nEmpadronados en Medina del Campo: 1,00 \u20ac\/persona.<br \/>\nLos menores de 3 a\u00f1os no estar\u00e1n sujetos al pago.<\/p>\n<h4><strong>Modalidades de visitas<\/strong><\/h4>\n<p>Adicionalmente a las cl\u00e1sicas visitas en grupo, individual o en familia; <strong>se pueden hacer visitas especiales con reserva anticipada.<\/strong> La visita nocturna, que introduce un halo m\u00e1gico a la visita de este Palacio Real Testamentario; y la visita \u201cReynas\u201d, en las que este Palacio se transforma en un juego de <em>Scape room<\/em>. <a name=\"Llegar\"><\/a><\/p>\n<h2><strong>Informaci\u00f3n general sobre Medina del Campo<\/h2>\n<h3>\u00bfC\u00f3mo llegar?<\/strong><\/h3>\n<p>Como siempre os hemos comentado, <strong><a href=\"https:\/\/maps.app.goo.gl\/gsukbYRJQAHXZ99F7\" rel=\"nofollow noopener\" target=\"_blank\">Medina del Campo<\/a> es uno de los principales hitos por carretera.<\/strong> Se encuentra entre los kil\u00f3metros 156 y 161 de la Autov\u00eda A6 Madrid-La Coru\u00f1a; lo que hace que sea muy c\u00f3modo llegar en transporte por carretera, ya sea en autob\u00fas o en coche particular.<\/p>\n<figure id=\"attachment_30739\" aria-describedby=\"caption-attachment-30739\" style=\"width: 580px\" class=\"wp-caption aligncenter\"><img decoding=\"async\" src=\"https:\/\/destinocastillayleon.es\/index\/wp-content\/uploads\/2017\/06\/d9d8d22f0f79caf8e3d2f61441751015.jpg\" alt=\"Estaci\u00f3n del AVE de Medina del Campo - Imagen de El Norte de Castilla\" width=\"580\" class=\"size-full wp-image-30739\" srcset=\"https:\/\/destinocastillayleon.es\/index\/wp-content\/uploads\/2017\/06\/d9d8d22f0f79caf8e3d2f61441751015.jpg 600w, https:\/\/destinocastillayleon.es\/index\/wp-content\/uploads\/2017\/06\/d9d8d22f0f79caf8e3d2f61441751015-300x185.jpg 300w\" sizes=\"(max-width: 600px) 100vw, 600px\" \/><figcaption id=\"caption-attachment-30739\" class=\"wp-caption-text\">Estaci\u00f3n del AVE de Medina del Campo &#8211; Imagen de El Norte de Castilla<\/figcaption><\/figure>\n<p>No obstante, <strong>desde hace ya unos a\u00f1os, est\u00e1 conectada con Madrid a trav\u00e9s del corredor Atl\u00e1ntico que va a Galicia por Tren de Alta Velocidad AVE,<\/strong> o por m\u00e1s modestos trenes de largo recorrido, con dos estaciones ferroviarias distintas. De hecho, la antigua es una joya arquitect\u00f3nica.  <a name=\"Dormir\"><\/a><\/p>\n<h3><strong>\u00bfD\u00f3nde alojarse?<\/strong><\/h3>\n<p>Aunque no es una ciudad muy grande, <strong>Medina del Campo cuenta con bastante oferta hotelera.<\/strong> Nosotros nos hemos alojado en diversas ocasiones en el <a href=\"https:\/\/www.booking.com\/hotel\/es\/villa-de-ferias.es.html?aid=1281624\" rel=\"NoFollow noopener\" target=\"_blank\"><strong>Hotel Villa de Ferias<\/strong><\/a>, que no est\u00e1 totalmente en el centro, pero se puede ir andando sin problema y te olvidas del coche.<\/p>\n<p><center><iframe width=\"560\" height=\"315\" src=\"https:\/\/www.youtube.com\/embed\/7-1MXi3-2DI?si=m48B4G5tlP3x2EdW\" title=\"YouTube video player\" frameborder=\"0\" allow=\"accelerometer; autoplay; clipboard-write; encrypted-media; gyroscope; picture-in-picture; web-share\" allowfullscreen><\/iframe><\/center><\/p>\n<p>En otras ocasiones, con menos presupuesto, pero igualmente m\u00e1s c\u00e9ntrico, <strong>os podemos recomendar el Hotel La Mota<\/strong>. Y ya, si ten\u00e9is suerte de que est\u00e9 abierto, porque no siempre lo est\u00e1, el maravilloso <a href=\"https:\/\/www.booking.com\/hotel\/es\/palacio-de-las-salinas.es.html?aid=1281624\" rel=\"nofollow noopener\" target=\"_blank\">Hotel Balneario de las Salinas<\/a>, aunque en este hotel, dependes de un veh\u00edculo casi seguro; pues no est\u00e1 en el casco urbano. <a name=\"Comer\"><\/a><\/p>\n<h3><strong>\u00bfD\u00f3nde comer?<\/strong><\/h3>\n<p>Tambi\u00e9n <strong>Medina del Campo posee una muy buena gastronom\u00eda.<\/strong> Desde la opci\u00f3n de <strong>tapear en el entorno de la Plaza Mayor de la Hispanidad;<\/strong> o bien, comiendo en alguno de los restaurantes de la misma; como ya te contamos.<\/p>\n<figure id=\"attachment_32388\" aria-describedby=\"caption-attachment-32388\" style=\"width: 580px\" class=\"wp-caption aligncenter\"><img decoding=\"async\" src=\"https:\/\/destinocastillayleon.es\/index\/wp-content\/uploads\/2017\/06\/Comer-en-Medina-del-Campo-Imagen-de-Cardinalia.jpg\" alt=\"Comer en Medina del Campo - Imagen de Cardinalia\" width=\"580\" class=\"size-full wp-image-32388\" srcset=\"https:\/\/destinocastillayleon.es\/index\/wp-content\/uploads\/2017\/06\/Comer-en-Medina-del-Campo-Imagen-de-Cardinalia.jpg 640w, https:\/\/destinocastillayleon.es\/index\/wp-content\/uploads\/2017\/06\/Comer-en-Medina-del-Campo-Imagen-de-Cardinalia-300x200.jpg 300w, https:\/\/destinocastillayleon.es\/index\/wp-content\/uploads\/2017\/06\/Comer-en-Medina-del-Campo-Imagen-de-Cardinalia-600x400.jpg 600w\" sizes=\"(max-width: 640px) 100vw, 640px\" \/><figcaption id=\"caption-attachment-32388\" class=\"wp-caption-text\">Comer en Medina del Campo &#8211; Imagen de Cardinalia<\/figcaption><\/figure>\n<p>No obstante, los compa\u00f1eros de La mesa del Conde, que son mejores gastr\u00f3nomos, hicieron <a href=\"https:\/\/lamesadelconde.es\/nueva-oferta-gastronomica-en-medina-del-campo\/\" rel=\"noopener\" target=\"_blank\">un resumen de algunos sitios donde comimos<\/a> en este \u00faltimo viaje organizado por el ayuntamiento, que comprenden restaurantes como <a href=\"https:\/\/www.youtube.com\/watch?v=HvnuSyMs0OU\" rel=\"nofollow noopener\" target=\"_blank\"><strong>La Mejillonera<\/strong><\/a>, una degustaci\u00f3n de quesos y vinos en <a href=\"https:\/\/www.youtube.com\/watch?v=ywE3TBtawOM\" rel=\"nofollow noopener\" target=\"_blank\"><strong>Los Quesos de Juan<\/strong><\/a>, una degustaci\u00f3n informal de vinos en <a href=\"https:\/\/www.youtube.com\/watch?v=Ny9wHDnFfCQ\" rel=\"nofollow noopener\" target=\"_blank\"><strong>El Canario<\/strong><\/a> o una buena mesa, en el <a href=\"https:\/\/www.youtube.com\/watch?v=3tV0FXe5-7M\" rel=\"noopener\" target=\"_blank\"><strong>Restaurante del Hotel Villa de Ferias<\/strong><\/a>. <a name=\"Actividades\"><\/a><\/p>\n<h3><strong>Otras actividades en Medina del Campo o cerca<\/strong><\/h3>\n<p>Y por supuesto, ya estando en Medina del Campo, est\u00e1is en un buen lugar para realizar muchas otras actividades interesantes que complementan tu visita al Palacio Real Testamentario, como una <a href=\"https:\/\/destinocastillayleon.es\/index\/visitar-el-castillo-de-la-mota\/\" rel=\"noopener\" target=\"_blank\">visita al Castillo de la Mota<\/a>,<\/strong> tambi\u00e9n gestionado por el Ayuntamiento de Medina del Campo, al <a href=\"https:\/\/www.youtube.com\/watch?v=NRar6ER-6Dg\" rel=\"nofollow noopener\" target=\"_blank\"><strong>Museo de las Ferias<\/strong><\/a>; o si vienes pronto, <strong>una subida a la <a href=\"https:\/\/destinocastillayleon.es\/index\/colegiata-de-san-antolin-de-medina-del-campo\/\" rel=\"noopener\" target=\"_blank\">torre de la Colegiata de San Antol\u00edn<\/a>,<\/strong> que brinda unas vistas sorprendente.<\/p>\n<figure id=\"attachment_36631\" aria-describedby=\"caption-attachment-36631\" style=\"width: 580px\" class=\"wp-caption aligncenter\"><img decoding=\"async\" src=\"https:\/\/destinocastillayleon.es\/index\/wp-content\/uploads\/2023\/03\/Colegiata-de-San-Antolin-de-Medina-del-Campo.jpg\" alt=\"Colegiata de San Antol\u00edn de Medina del Campo\" width=\"580\" class=\"size-full wp-image-36631\" srcset=\"https:\/\/destinocastillayleon.es\/index\/wp-content\/uploads\/2023\/03\/Colegiata-de-San-Antolin-de-Medina-del-Campo.jpg 1210w, https:\/\/destinocastillayleon.es\/index\/wp-content\/uploads\/2023\/03\/Colegiata-de-San-Antolin-de-Medina-del-Campo-300x160.jpg 300w, https:\/\/destinocastillayleon.es\/index\/wp-content\/uploads\/2023\/03\/Colegiata-de-San-Antolin-de-Medina-del-Campo-1024x546.jpg 1024w, https:\/\/destinocastillayleon.es\/index\/wp-content\/uploads\/2023\/03\/Colegiata-de-San-Antolin-de-Medina-del-Campo-768x409.jpg 768w\" sizes=\"(max-width: 1210px) 100vw, 1210px\" \/><figcaption id=\"caption-attachment-36631\" class=\"wp-caption-text\">Colegiata de San Antol\u00edn de Medina del Campo<\/figcaption><\/figure>\n<p>Y si os gusta el enoturismo, en Medina del Campo pod\u00e9is realizar una visita a <a href=\"https:\/\/www.civitatis.com\/es\/medina-campo\/visita-bodega-emina-rueda\/?aid=99913\" rel=\"nofollow noopener\" target=\"_blank\">Bodegas Emina<\/a>, en la que vivir\u00e1s la experiencia de conocer <strong>la elaboraci\u00f3n de los afamados vinos de la DO. Rueda;<\/strong> Existe otra bodega, aunque fuera de la DO. Rueda, y que no suele hacer visitas, pero sus vinos los puedes encontrar en Medina del Campo. Se trata de <a href=\"https:\/\/destinocastillayleon.es\/index\/bodega-finca-las-caraballas\/\" rel=\"noopener\" target=\"_blank\">Bodega Finca las Carballas<\/a>.<\/p>\n<p>Y si lo combin\u00e1is con gastronom\u00eda, una gran opci\u00f3n es realizar una <strong><a href=\"https:\/\/www.civitatis.com\/es\/medina-campo\/cata-quesos-medina-campo\/?aid=99913\" rel=\"nofollow noopener\" target=\"_blank\">degustaci\u00f3n de quesos con vinos de Rueda en Los Quesos de Juan<\/a>.<\/strong> Y para cuidarse o relajarse, unos <strong>tratamientos de El Balneario Termal<\/strong> de Las Salinas, o en ya un poco m\u00e1s lejos, aunque no mucho, en el pr\u00f3ximo, <a href=\"https:\/\/www.civitatis.com\/es\/medina-campo\/circuito-contrastes-castilla-termal-olmedo\/?aid=99913\" rel=\"NoFollow noopener\" target=\"_blank\">Hotel Balneario de Olmedo<\/a>, que no dista mucho.<\/p>\n<figure id=\"attachment_27551\" aria-describedby=\"caption-attachment-27551\" style=\"width: 580px\" class=\"wp-caption aligncenter\"><img decoding=\"async\" src=\"https:\/\/destinocastillayleon.es\/index\/wp-content\/uploads\/2013\/10\/balneario-de-las-Salinas.jpg\" alt=\"Balneario de las Salinas Fuente de la imagen: Central de Reservas\" width=\"580\" class=\"size-full wp-image-27551\" srcset=\"https:\/\/destinocastillayleon.es\/index\/wp-content\/uploads\/2013\/10\/balneario-de-las-Salinas.jpg 797w, https:\/\/destinocastillayleon.es\/index\/wp-content\/uploads\/2013\/10\/balneario-de-las-Salinas-300x200.jpg 300w, https:\/\/destinocastillayleon.es\/index\/wp-content\/uploads\/2013\/10\/balneario-de-las-Salinas-768x511.jpg 768w, https:\/\/destinocastillayleon.es\/index\/wp-content\/uploads\/2013\/10\/balneario-de-las-Salinas-600x400.jpg 600w\" sizes=\"(max-width: 797px) 100vw, 797px\" \/><figcaption id=\"caption-attachment-27551\" class=\"wp-caption-text\">Balneario de las Salinas Fuente de la imagen: Central de Reservas<\/figcaption><\/figure>\n<p>Y ya que salimos de Medina del Campo, muy cerca ten\u00e9is otros planes <strong>para hacer enoturismo, con las muchas bodegas de la Ruta del Vino de Rueda.<\/strong> En Rueda, destacan <a href=\"https:\/\/www.civitatis.com\/es\/rueda\/bodega-yllera-hilo-ariadna\/?aid=99913\" rel=\"nofollow noopener\" target=\"_blank\"><strong>El Hilo de Ariadna<\/strong><\/a>, combinando vino y mitolog\u00eda; y <a href=\"https:\/\/www.civitatis.com\/es\/rueda\/visita-bodega-menade\/?aid=99913\" rel=\"nofollow noopener\" target=\"_blank\"><strong>Bodegas Menade<\/strong><\/a>. Las bodegas tradicionales en Serrada de <a href=\"https:\/\/www.civitatis.com\/es\/serrada\/visita-bodegas-alberto\/?aid=99913\" rel=\"nofollow noopener\" target=\"_blank\"><strong>Bodegas de Alberto<\/strong><\/a>. O una bodega familiar e hist\u00f3rica en Tordesillas, <a href=\"https:\/\/www.civitatis.com\/es\/tordesillas\/visita-bodega-muelas\/?aid=99913\" rel=\"nofollow noopener\" target=\"_blank\"><strong>Bodegas Muelas<\/strong><\/a>.<\/p>\n<p>As\u00ed que ya veis que, <strong>pod\u00e9is disfrutar de una experiencia \u00fanica en el Palacio Real Testamentario,<\/strong> y que pod\u00e9is unirlo a otros planes en Medina del Campo o su entorno.<\/p>\n<h4>Tambi\u00e9n te puede interesar<\/h4>\n<ul>\n<li><a href=\"https:\/\/destinocastillayleon.es\/index\/museo-de-las-ferias-de-medina-del-campo\/\" >Museo de las Ferias de Medina del Campo<\/a>.<\/li>\n<li><a href=\"https:\/\/destinocastillayleon.es\/index\/colegiata-de-san-antolin-de-medina-del-campo\/\" >Colegiata de San Antol\u00edn de Medina del Campo<\/a>.<\/li>\n<li><a href=\"https:\/\/destinocastillayleon.es\/index\/visitar-el-castillo-de-la-mota\/\" >Visitar el Castillo de la Mota, el icono de Medina del Campo<\/a>.<\/li>\n<li><a href=\"https:\/\/destinocastillayleon.es\/index\/visitar-medina-del-campo-en-fin-de-semana\/\">Motivos para una escapada de fin de semana por Medina del Campo<\/a>.<\/li>\n<\/ul>\n","protected":false},"excerpt":{"rendered":"<p>Te contamos porqu\u00e9 tienes que visitar este antiguo edificio de Medina del Campo, el Palacio Real testamentario; donde vivi\u00f3, dict\u00f3 testamento y falleci\u00f3 finalmente la Reina Isabel La Cat\u00f3lica.<\/p>\n","protected":false},"author":2,"featured_media":37824,"comment_status":"open","ping_status":"closed","sticky":false,"template":"","format":"standard","meta":{"rop_custom_images_group":[],"rop_custom_messages_group":[],"rop_publish_now":"initial","rop_publish_now_accounts":{"twitter_1150954226_1150954226":""},"rop_publish_now_history":[],"rop_publish_now_status":"pending","footnotes":""},"categories":[68,73,384,26,4798],"tags":[321,1260,434],"class_list":["post-37778","post","type-post","status-publish","format-standard","has-post-thumbnail","hentry","category-post_inicial","category-punto_singular","category-rutas-2","category-valladolid","category-valladolid-turismo","tag-medina-del-campo","tag-ruta-del-vino-de-rueda","tag-villa-de-feria"],"yoast_head":"<!-- This site is optimized with the Yoast SEO Premium plugin v20.4 (Yoast SEO v27.4) - https:\/\/yoast.com\/product\/yoast-seo-premium-wordpress\/ -->\n<title>Palacio Real Testamentario - Destino Castilla y Le\u00f3n<\/title>\n<meta name=\"description\" content=\"Te contamos porqu\u00e9 tienes que visitar este antiguo edificio de Medina del Campo, el Palacio Real testamentario.\" \/>\n<meta name=\"robots\" content=\"index, follow, max-snippet:-1, max-image-preview:large, max-video-preview:-1\" \/>\n<link rel=\"canonical\" href=\"https:\/\/destinocastillayleon.es\/index\/palacio-real-testamentario\/\" \/>\n<meta property=\"og:locale\" content=\"es_ES\" \/>\n<meta property=\"og:type\" content=\"article\" \/>\n<meta property=\"og:title\" content=\"Palacio Real Testamentario - Destino Castilla y Le\u00f3n\" \/>\n<meta property=\"og:description\" content=\"Te contamos porqu\u00e9 tienes que visitar este antiguo edificio de Medina del Campo, el Palacio Real testamentario; donde vivi\u00f3, dict\u00f3 testamento y falleci\u00f3 finalmente la Reina Isabel La Cat\u00f3lica.\" \/>\n<meta property=\"og:url\" content=\"https:\/\/destinocastillayleon.es\/index\/palacio-real-testamentario\/\" \/>\n<meta property=\"og:site_name\" content=\"Destino Castilla y Le\u00f3n\" \/>\n<meta property=\"article:publisher\" content=\"https:\/\/www.facebook.com\/DestinoCastillaYLeon\/\" \/>\n<meta property=\"article:author\" content=\"https:\/\/www.facebook.com\/profile.php?id=1158416854\" \/>\n<meta property=\"article:published_time\" content=\"2023-10-06T09:03:50+00:00\" \/>\n<meta property=\"article:modified_time\" content=\"2023-10-11T16:13:37+00:00\" \/>\n<meta property=\"og:image\" content=\"https:\/\/destinocastillayleon.es\/index\/wp-content\/uploads\/2023\/09\/Palacio-Real-testamentario.jpg\" \/>\n\t<meta property=\"og:image:width\" content=\"1210\" \/>\n\t<meta property=\"og:image:height\" content=\"600\" \/>\n\t<meta property=\"og:image:type\" content=\"image\/jpeg\" \/>\n<meta name=\"author\" content=\"David V\u00e1zquez\" \/>\n<meta name=\"twitter:card\" content=\"summary_large_image\" \/>\n<meta name=\"twitter:title\" content=\"Palacio Real Testamentario - Destino Castilla y Le\u00f3n\" \/>\n<meta name=\"twitter:description\" content=\"Te contamos porqu\u00e9 tienes que visitar este antiguo edificio de Medina del Campo, el Palacio Real testamentario; donde vivi\u00f3, dict\u00f3 testamento y falleci\u00f3 finalmente la Reina Isabel La Cat\u00f3lica.\" \/>\n<meta name=\"twitter:image\" content=\"https:\/\/destinocastillayleon.es\/index\/wp-content\/uploads\/2023\/09\/Palacio-Real-testamentario.jpg\" \/>\n<meta name=\"twitter:creator\" content=\"@https:\/\/twitter.com\/ContePantaleone\u200e\" \/>\n<meta name=\"twitter:site\" content=\"@destinocyl\" \/>\n<meta name=\"twitter:label1\" content=\"Escrito por\" \/>\n\t<meta name=\"twitter:data1\" content=\"David V\u00e1zquez\" \/>\n\t<meta name=\"twitter:label2\" content=\"Tiempo de lectura\" \/>\n\t<meta name=\"twitter:data2\" content=\"16 minutos\" \/>\n<script type=\"application\/ld+json\" class=\"yoast-schema-graph\">{\"@context\":\"https:\\\/\\\/schema.org\",\"@graph\":[{\"@type\":\"Article\",\"@id\":\"https:\\\/\\\/destinocastillayleon.es\\\/index\\\/palacio-real-testamentario\\\/#article\",\"isPartOf\":{\"@id\":\"https:\\\/\\\/destinocastillayleon.es\\\/index\\\/palacio-real-testamentario\\\/\"},\"author\":{\"name\":\"David V\u00e1zquez\",\"@id\":\"https:\\\/\\\/destinocastillayleon.es\\\/index\\\/#\\\/schema\\\/person\\\/189221bc8f6cc4fa28b18ad5c289d4c2\"},\"headline\":\"Palacio Real Testamentario en Medina del Campo\",\"datePublished\":\"2023-10-06T09:03:50+00:00\",\"dateModified\":\"2023-10-11T16:13:37+00:00\",\"mainEntityOfPage\":{\"@id\":\"https:\\\/\\\/destinocastillayleon.es\\\/index\\\/palacio-real-testamentario\\\/\"},\"wordCount\":2875,\"commentCount\":0,\"image\":{\"@id\":\"https:\\\/\\\/destinocastillayleon.es\\\/index\\\/palacio-real-testamentario\\\/#primaryimage\"},\"thumbnailUrl\":\"https:\\\/\\\/destinocastillayleon.es\\\/index\\\/wp-content\\\/uploads\\\/2023\\\/09\\\/Palacio-Real-testamentario.jpg\",\"keywords\":[\"Medina del Campo\",\"ruta del vino de Rueda\",\"Villa de Feria\"],\"articleSection\":[\"Post_inicial\",\"Punto Singular\",\"Rutas\",\"Valladolid\",\"Valladolid Turismo\"],\"inLanguage\":\"es\",\"potentialAction\":[{\"@type\":\"CommentAction\",\"name\":\"Comment\",\"target\":[\"https:\\\/\\\/destinocastillayleon.es\\\/index\\\/palacio-real-testamentario\\\/#respond\"]}]},{\"@type\":\"WebPage\",\"@id\":\"https:\\\/\\\/destinocastillayleon.es\\\/index\\\/palacio-real-testamentario\\\/\",\"url\":\"https:\\\/\\\/destinocastillayleon.es\\\/index\\\/palacio-real-testamentario\\\/\",\"name\":\"Palacio Real Testamentario - Destino Castilla y Le\u00f3n\",\"isPartOf\":{\"@id\":\"https:\\\/\\\/destinocastillayleon.es\\\/index\\\/#website\"},\"primaryImageOfPage\":{\"@id\":\"https:\\\/\\\/destinocastillayleon.es\\\/index\\\/palacio-real-testamentario\\\/#primaryimage\"},\"image\":{\"@id\":\"https:\\\/\\\/destinocastillayleon.es\\\/index\\\/palacio-real-testamentario\\\/#primaryimage\"},\"thumbnailUrl\":\"https:\\\/\\\/destinocastillayleon.es\\\/index\\\/wp-content\\\/uploads\\\/2023\\\/09\\\/Palacio-Real-testamentario.jpg\",\"datePublished\":\"2023-10-06T09:03:50+00:00\",\"dateModified\":\"2023-10-11T16:13:37+00:00\",\"author\":{\"@id\":\"https:\\\/\\\/destinocastillayleon.es\\\/index\\\/#\\\/schema\\\/person\\\/189221bc8f6cc4fa28b18ad5c289d4c2\"},\"description\":\"Te contamos porqu\u00e9 tienes que visitar este antiguo edificio de Medina del Campo, el Palacio Real testamentario.\",\"breadcrumb\":{\"@id\":\"https:\\\/\\\/destinocastillayleon.es\\\/index\\\/palacio-real-testamentario\\\/#breadcrumb\"},\"inLanguage\":\"es\",\"potentialAction\":[{\"@type\":\"ReadAction\",\"target\":[\"https:\\\/\\\/destinocastillayleon.es\\\/index\\\/palacio-real-testamentario\\\/\"]}]},{\"@type\":\"ImageObject\",\"inLanguage\":\"es\",\"@id\":\"https:\\\/\\\/destinocastillayleon.es\\\/index\\\/palacio-real-testamentario\\\/#primaryimage\",\"url\":\"https:\\\/\\\/destinocastillayleon.es\\\/index\\\/wp-content\\\/uploads\\\/2023\\\/09\\\/Palacio-Real-testamentario.jpg\",\"contentUrl\":\"https:\\\/\\\/destinocastillayleon.es\\\/index\\\/wp-content\\\/uploads\\\/2023\\\/09\\\/Palacio-Real-testamentario.jpg\",\"width\":1210,\"height\":600,\"caption\":\"Palacio Real testamentario\"},{\"@type\":\"BreadcrumbList\",\"@id\":\"https:\\\/\\\/destinocastillayleon.es\\\/index\\\/palacio-real-testamentario\\\/#breadcrumb\",\"itemListElement\":[{\"@type\":\"ListItem\",\"position\":1,\"name\":\"Portada\",\"item\":\"https:\\\/\\\/destinocastillayleon.es\\\/index\\\/\"},{\"@type\":\"ListItem\",\"position\":2,\"name\":\"Palacio Real Testamentario en Medina del Campo\"}]},{\"@type\":\"WebSite\",\"@id\":\"https:\\\/\\\/destinocastillayleon.es\\\/index\\\/#website\",\"url\":\"https:\\\/\\\/destinocastillayleon.es\\\/index\\\/\",\"name\":\"Destino Castilla y Le\u00f3n\",\"description\":\"Medio digital independiente y revista de Castilla y Le\u00f3n dedicado al turismo, gastronom\u00eda y vino de Castilla y Le\u00f3n\",\"potentialAction\":[{\"@type\":\"SearchAction\",\"target\":{\"@type\":\"EntryPoint\",\"urlTemplate\":\"https:\\\/\\\/destinocastillayleon.es\\\/index\\\/?s={search_term_string}\"},\"query-input\":{\"@type\":\"PropertyValueSpecification\",\"valueRequired\":true,\"valueName\":\"search_term_string\"}}],\"inLanguage\":\"es\"},{\"@type\":\"Person\",\"@id\":\"https:\\\/\\\/destinocastillayleon.es\\\/index\\\/#\\\/schema\\\/person\\\/189221bc8f6cc4fa28b18ad5c289d4c2\",\"name\":\"David V\u00e1zquez\",\"image\":{\"@type\":\"ImageObject\",\"inLanguage\":\"es\",\"@id\":\"https:\\\/\\\/secure.gravatar.com\\\/avatar\\\/cd12db6c575a90c3b75cfa0f794b74d425201c768612fad17e9f13cd33d48be8?s=96&d=mm&r=g\",\"url\":\"https:\\\/\\\/secure.gravatar.com\\\/avatar\\\/cd12db6c575a90c3b75cfa0f794b74d425201c768612fad17e9f13cd33d48be8?s=96&d=mm&r=g\",\"contentUrl\":\"https:\\\/\\\/secure.gravatar.com\\\/avatar\\\/cd12db6c575a90c3b75cfa0f794b74d425201c768612fad17e9f13cd33d48be8?s=96&d=mm&r=g\",\"caption\":\"David V\u00e1zquez\"},\"description\":\"Ingeniero Industrial de vocaci\u00f3n y profesi\u00f3n, he encontrado en los blogs la forma de plasmar mi pasi\u00f3n por los viajes, la gastronom\u00eda y los vinos. Especialmente los procedentes de Castilla y Le\u00f3n\",\"sameAs\":[\"https:\\\/\\\/www.destinocastillayleon.es\",\"https:\\\/\\\/www.facebook.com\\\/profile.php?id=1158416854\",\"https:\\\/\\\/instagram.com\\\/conte.pantaleone\",\"https:\\\/\\\/www.linkedin.com\\\/pub\\\/david-vazquez-lozano\\\/37\\\/17a\\\/25a\",\"https:\\\/\\\/x.com\\\/https:\\\/\\\/twitter.com\\\/ContePantaleone\u200e\"],\"url\":\"https:\\\/\\\/destinocastillayleon.es\\\/index\\\/author\\\/coadministradorcyl\\\/\"}]}<\/script>\n<!-- \/ Yoast SEO Premium plugin. -->","yoast_head_json":{"title":"Palacio Real Testamentario - Destino Castilla y Le\u00f3n","description":"Te contamos porqu\u00e9 tienes que visitar este antiguo edificio de Medina del Campo, el Palacio Real testamentario.","robots":{"index":"index","follow":"follow","max-snippet":"max-snippet:-1","max-image-preview":"max-image-preview:large","max-video-preview":"max-video-preview:-1"},"canonical":"https:\/\/destinocastillayleon.es\/index\/palacio-real-testamentario\/","og_locale":"es_ES","og_type":"article","og_title":"Palacio Real Testamentario - Destino Castilla y Le\u00f3n","og_description":"Te contamos porqu\u00e9 tienes que visitar este antiguo edificio de Medina del Campo, el Palacio Real testamentario; donde vivi\u00f3, dict\u00f3 testamento y falleci\u00f3 finalmente la Reina Isabel La Cat\u00f3lica.","og_url":"https:\/\/destinocastillayleon.es\/index\/palacio-real-testamentario\/","og_site_name":"Destino Castilla y Le\u00f3n","article_publisher":"https:\/\/www.facebook.com\/DestinoCastillaYLeon\/","article_author":"https:\/\/www.facebook.com\/profile.php?id=1158416854","article_published_time":"2023-10-06T09:03:50+00:00","article_modified_time":"2023-10-11T16:13:37+00:00","og_image":[{"width":1210,"height":600,"url":"https:\/\/destinocastillayleon.es\/index\/wp-content\/uploads\/2023\/09\/Palacio-Real-testamentario.jpg","type":"image\/jpeg"}],"author":"David V\u00e1zquez","twitter_card":"summary_large_image","twitter_title":"Palacio Real Testamentario - Destino Castilla y Le\u00f3n","twitter_description":"Te contamos porqu\u00e9 tienes que visitar este antiguo edificio de Medina del Campo, el Palacio Real testamentario; donde vivi\u00f3, dict\u00f3 testamento y falleci\u00f3 finalmente la Reina Isabel La Cat\u00f3lica.","twitter_image":"https:\/\/destinocastillayleon.es\/index\/wp-content\/uploads\/2023\/09\/Palacio-Real-testamentario.jpg","twitter_creator":"@https:\/\/twitter.com\/ContePantaleone\u200e","twitter_site":"@destinocyl","twitter_misc":{"Escrito por":"David V\u00e1zquez","Tiempo de lectura":"16 minutos"},"schema":{"@context":"https:\/\/schema.org","@graph":[{"@type":"Article","@id":"https:\/\/destinocastillayleon.es\/index\/palacio-real-testamentario\/#article","isPartOf":{"@id":"https:\/\/destinocastillayleon.es\/index\/palacio-real-testamentario\/"},"author":{"name":"David V\u00e1zquez","@id":"https:\/\/destinocastillayleon.es\/index\/#\/schema\/person\/189221bc8f6cc4fa28b18ad5c289d4c2"},"headline":"Palacio Real Testamentario en Medina del Campo","datePublished":"2023-10-06T09:03:50+00:00","dateModified":"2023-10-11T16:13:37+00:00","mainEntityOfPage":{"@id":"https:\/\/destinocastillayleon.es\/index\/palacio-real-testamentario\/"},"wordCount":2875,"commentCount":0,"image":{"@id":"https:\/\/destinocastillayleon.es\/index\/palacio-real-testamentario\/#primaryimage"},"thumbnailUrl":"https:\/\/destinocastillayleon.es\/index\/wp-content\/uploads\/2023\/09\/Palacio-Real-testamentario.jpg","keywords":["Medina del Campo","ruta del vino de Rueda","Villa de Feria"],"articleSection":["Post_inicial","Punto Singular","Rutas","Valladolid","Valladolid Turismo"],"inLanguage":"es","potentialAction":[{"@type":"CommentAction","name":"Comment","target":["https:\/\/destinocastillayleon.es\/index\/palacio-real-testamentario\/#respond"]}]},{"@type":"WebPage","@id":"https:\/\/destinocastillayleon.es\/index\/palacio-real-testamentario\/","url":"https:\/\/destinocastillayleon.es\/index\/palacio-real-testamentario\/","name":"Palacio Real Testamentario - Destino Castilla y Le\u00f3n","isPartOf":{"@id":"https:\/\/destinocastillayleon.es\/index\/#website"},"primaryImageOfPage":{"@id":"https:\/\/destinocastillayleon.es\/index\/palacio-real-testamentario\/#primaryimage"},"image":{"@id":"https:\/\/destinocastillayleon.es\/index\/palacio-real-testamentario\/#primaryimage"},"thumbnailUrl":"https:\/\/destinocastillayleon.es\/index\/wp-content\/uploads\/2023\/09\/Palacio-Real-testamentario.jpg","datePublished":"2023-10-06T09:03:50+00:00","dateModified":"2023-10-11T16:13:37+00:00","author":{"@id":"https:\/\/destinocastillayleon.es\/index\/#\/schema\/person\/189221bc8f6cc4fa28b18ad5c289d4c2"},"description":"Te contamos porqu\u00e9 tienes que visitar este antiguo edificio de Medina del Campo, el Palacio Real testamentario.","breadcrumb":{"@id":"https:\/\/destinocastillayleon.es\/index\/palacio-real-testamentario\/#breadcrumb"},"inLanguage":"es","potentialAction":[{"@type":"ReadAction","target":["https:\/\/destinocastillayleon.es\/index\/palacio-real-testamentario\/"]}]},{"@type":"ImageObject","inLanguage":"es","@id":"https:\/\/destinocastillayleon.es\/index\/palacio-real-testamentario\/#primaryimage","url":"https:\/\/destinocastillayleon.es\/index\/wp-content\/uploads\/2023\/09\/Palacio-Real-testamentario.jpg","contentUrl":"https:\/\/destinocastillayleon.es\/index\/wp-content\/uploads\/2023\/09\/Palacio-Real-testamentario.jpg","width":1210,"height":600,"caption":"Palacio Real testamentario"},{"@type":"BreadcrumbList","@id":"https:\/\/destinocastillayleon.es\/index\/palacio-real-testamentario\/#breadcrumb","itemListElement":[{"@type":"ListItem","position":1,"name":"Portada","item":"https:\/\/destinocastillayleon.es\/index\/"},{"@type":"ListItem","position":2,"name":"Palacio Real Testamentario en Medina del Campo"}]},{"@type":"WebSite","@id":"https:\/\/destinocastillayleon.es\/index\/#website","url":"https:\/\/destinocastillayleon.es\/index\/","name":"Destino Castilla y Le\u00f3n","description":"Medio digital independiente y revista de Castilla y Le\u00f3n dedicado al turismo, gastronom\u00eda y vino de Castilla y Le\u00f3n","potentialAction":[{"@type":"SearchAction","target":{"@type":"EntryPoint","urlTemplate":"https:\/\/destinocastillayleon.es\/index\/?s={search_term_string}"},"query-input":{"@type":"PropertyValueSpecification","valueRequired":true,"valueName":"search_term_string"}}],"inLanguage":"es"},{"@type":"Person","@id":"https:\/\/destinocastillayleon.es\/index\/#\/schema\/person\/189221bc8f6cc4fa28b18ad5c289d4c2","name":"David V\u00e1zquez","image":{"@type":"ImageObject","inLanguage":"es","@id":"https:\/\/secure.gravatar.com\/avatar\/cd12db6c575a90c3b75cfa0f794b74d425201c768612fad17e9f13cd33d48be8?s=96&d=mm&r=g","url":"https:\/\/secure.gravatar.com\/avatar\/cd12db6c575a90c3b75cfa0f794b74d425201c768612fad17e9f13cd33d48be8?s=96&d=mm&r=g","contentUrl":"https:\/\/secure.gravatar.com\/avatar\/cd12db6c575a90c3b75cfa0f794b74d425201c768612fad17e9f13cd33d48be8?s=96&d=mm&r=g","caption":"David V\u00e1zquez"},"description":"Ingeniero Industrial de vocaci\u00f3n y profesi\u00f3n, he encontrado en los blogs la forma de plasmar mi pasi\u00f3n por los viajes, la gastronom\u00eda y los vinos. Especialmente los procedentes de Castilla y Le\u00f3n","sameAs":["https:\/\/www.destinocastillayleon.es","https:\/\/www.facebook.com\/profile.php?id=1158416854","https:\/\/instagram.com\/conte.pantaleone","https:\/\/www.linkedin.com\/pub\/david-vazquez-lozano\/37\/17a\/25a","https:\/\/x.com\/https:\/\/twitter.com\/ContePantaleone\u200e"],"url":"https:\/\/destinocastillayleon.es\/index\/author\/coadministradorcyl\/"}]}},"_links":{"self":[{"href":"https:\/\/destinocastillayleon.es\/index\/wp-json\/wp\/v2\/posts\/37778","targetHints":{"allow":["GET"]}}],"collection":[{"href":"https:\/\/destinocastillayleon.es\/index\/wp-json\/wp\/v2\/posts"}],"about":[{"href":"https:\/\/destinocastillayleon.es\/index\/wp-json\/wp\/v2\/types\/post"}],"author":[{"embeddable":true,"href":"https:\/\/destinocastillayleon.es\/index\/wp-json\/wp\/v2\/users\/2"}],"replies":[{"embeddable":true,"href":"https:\/\/destinocastillayleon.es\/index\/wp-json\/wp\/v2\/comments?post=37778"}],"version-history":[{"count":11,"href":"https:\/\/destinocastillayleon.es\/index\/wp-json\/wp\/v2\/posts\/37778\/revisions"}],"predecessor-version":[{"id":37835,"href":"https:\/\/destinocastillayleon.es\/index\/wp-json\/wp\/v2\/posts\/37778\/revisions\/37835"}],"wp:featuredmedia":[{"embeddable":true,"href":"https:\/\/destinocastillayleon.es\/index\/wp-json\/wp\/v2\/media\/37824"}],"wp:attachment":[{"href":"https:\/\/destinocastillayleon.es\/index\/wp-json\/wp\/v2\/media?parent=37778"}],"wp:term":[{"taxonomy":"category","embeddable":true,"href":"https:\/\/destinocastillayleon.es\/index\/wp-json\/wp\/v2\/categories?post=37778"},{"taxonomy":"post_tag","embeddable":true,"href":"https:\/\/destinocastillayleon.es\/index\/wp-json\/wp\/v2\/tags?post=37778"}],"curies":[{"name":"wp","href":"https:\/\/api.w.org\/{rel}","templated":true}]}}