{"id":37617,"date":"2023-09-06T16:01:05","date_gmt":"2023-09-06T14:01:05","guid":{"rendered":"https:\/\/destinocastillayleon.es\/index\/?p=37617"},"modified":"2023-09-12T09:18:22","modified_gmt":"2023-09-12T07:18:22","slug":"catas-patrimoniales-una-fascinante-experiencia-de-enoturismo-en-clunia","status":"publish","type":"post","link":"https:\/\/destinocastillayleon.es\/index\/catas-patrimoniales-una-fascinante-experiencia-de-enoturismo-en-clunia\/","title":{"rendered":"Catas Patrimoniales, una fascinante experiencia de enoturismo en Clunia"},"content":{"rendered":"<ul>\n<li>El evento denominado \u2018Catas Patrimoniales\u2019 se celebrar\u00e1 el s\u00e1bado 30 de septiembre en el yacimiento arqueol\u00f3gico de Clunia con catas de vino, degustaciones y espect\u00e1culo teatral\/musical.<\/li>\n<li>La cita est\u00e1 organizada por bodega Bela junto a las bodegas \u00c1ster, Condado de Haza y Dominio de Cair.<\/li>\n<\/ul>\n<h2><strong>Catas Patrimoniales, una fascinante experiencia de enoturismo en Clunia<\/strong><\/h2>\n<p>El <strong>yacimiento arqueol\u00f3gico de Clunia<\/strong> en la comarca de la Ribera del Duero (Burgos), es un lugar fascinante que ofrece a los visitantes la oportunidad de explorar una ciudad romana bien conservada. Los restos arqueol\u00f3gicos que se pueden visitar en el sitio son impresionantes y permiten a los visitantes imaginar c\u00f3mo era la vida en la antigua ciudad.<\/p>\n<p>El origen de Clunia se remonta al siglo II a.C., cuando fue fundada como una ciudad celtib\u00e9rica. Posteriormente, durante la \u00e9poca romana, Clunia se convirti\u00f3 en una importante ciudad con una poblaci\u00f3n que lleg\u00f3 a superar los 30.000 habitantes. La ciudad fue abandonada en el siglo V d.C. tras las invasiones b\u00e1rbaras.<\/p>\n<p><iframe title=\"Yacimiento arqueol\u00f3gico de Clunia\" width=\"1200\" height=\"675\" src=\"https:\/\/www.youtube.com\/embed\/1LQfrzJ39Uo?feature=oembed\" frameborder=\"0\" allow=\"accelerometer; autoplay; clipboard-write; encrypted-media; gyroscope; picture-in-picture; web-share\" allowfullscreen><\/iframe><\/p>\n<p>En la actualidad, el yacimiento de Clunia es uno de los m\u00e1s importantes de Espa\u00f1a y ha sido declarado Bien de Inter\u00e9s Cultural. Los restos arqueol\u00f3gicos que se pueden visitar en el sitio incluyen <strong>el teatro romano, el foro, las termas, la bas\u00edlica, la muralla y las viviendas&#8230;<\/strong><\/p>\n<p>Si est\u00e1s interesado en la historia romana o en la arqueolog\u00eda<strong>,<\/strong> no puedes perderte la oportunidad de visitar Clunia. Y si adem\u00e1s lo haces con cata de vinos, degustaci\u00f3n gastron\u00f3mica y espect\u00e1culo<strong>\u00a0la visita es doblemente grata.<\/strong><\/p>\n<h2><strong>Programa de las \u00abCatas Patrimoniales\u00bb<\/strong><\/h2>\n<p><strong>Bodegas Bela, \u00c1ster, Condado de Haza y Dominio de Cair<\/strong> se han unido para presentar las \u2018Catas Patrimoniales\u2019, un evento que se celebrar\u00e1 el s\u00e1bado 30 de septiembre en el Teatro de Clunia con el cometido de promover la cultura del vino y la provincia de Burgos como destino de turismo enogastron\u00f3mico.<\/p>\n<p>Adem\u00e1s de poder catar sus vinos, podr\u00e1s disfrutar de las propuestas gastron\u00f3micas dise\u00f1adas para la ocasi\u00f3n por <strong>cuatro prestigiosos chefs de Castilla y Le\u00f3n <\/strong>que cuentan con estrellas Michelin, Soles Repsol y Solete Repsol.<\/p>\n<p>El Teatro estar\u00e1 abierto para recibir a un total de <strong>320 personas<\/strong> que disfrutar\u00e1n de una cata de ocho vinos, dirigida por los en\u00f3logos de las cuatro bodegas organizadoras: Bela, \u00c1ster, Condado de Haza y Dominio de Cair.<\/p>\n<p><img decoding=\"async\" class=\"alignnone wp-image-37619 size-full\" src=\"https:\/\/destinocastillayleon.es\/index\/wp-content\/uploads\/2023\/09\/CLVNIA-pdf-2.jpg\" alt=\"Catas patrimoniales en Clunia\" width=\"1414\" height=\"2000\" srcset=\"https:\/\/destinocastillayleon.es\/index\/wp-content\/uploads\/2023\/09\/CLVNIA-pdf-2.jpg 1414w, https:\/\/destinocastillayleon.es\/index\/wp-content\/uploads\/2023\/09\/CLVNIA-pdf-2-212x300.jpg 212w, https:\/\/destinocastillayleon.es\/index\/wp-content\/uploads\/2023\/09\/CLVNIA-pdf-2-724x1024.jpg 724w, https:\/\/destinocastillayleon.es\/index\/wp-content\/uploads\/2023\/09\/CLVNIA-pdf-2-768x1086.jpg 768w, https:\/\/destinocastillayleon.es\/index\/wp-content\/uploads\/2023\/09\/CLVNIA-pdf-2-1086x1536.jpg 1086w\" sizes=\"(max-width: 1414px) 100vw, 1414px\" \/><\/p>\n<p>Por parte de Bela, la en\u00f3loga Sara Juan Ovejero, dirigir\u00e1 <strong>la cata de Bela 2021 y Arano 2020.<\/strong> (<a href=\"https:\/\/destinocastillayleon.es\/index\/visitar-bodega-bela-una-planazo-de-enoturismo-en-la-ribera-del-duero-burgalesa\/\">Aqu\u00ed tienes m\u00e1s info sobre Bodegas Bela)<\/a> Los ocho vinos que degustar\u00e1n los participantes estar\u00e1n maridados con <strong>tapas gourmet<\/strong> dise\u00f1adas para cada vino por los Chefs de renombre <strong>V\u00edctor Mart\u00edn<\/strong> del Restaurante Trigo, Estrella Michelin; <strong>Miguel Cobo<\/strong> del Restaurante Cobo Estratos, Estrella Michelin; <strong>David Mota<\/strong> del Restaurante Cumpanis, Sol Repsol, y <strong>David P\u00e9rez<\/strong> del Restaurante AF Pesquera, Solete Repsol.<\/p>\n<p>Asimismo, para hacer el d\u00eda a\u00fan m\u00e1s especial, habr\u00e1 una <strong>representaci\u00f3n teatral en vivo<\/strong>. Todos los asistentes disfrutar\u00e1n de una experiencia enogastron\u00f3mica \u00fanica en el mejor ambiente y entorno.<\/p>\n<p>Las entradas est\u00e1n a la venta la web de la agencia Ribi\u00e9rtete, a trav\u00e9s de este enlace: <strong><a href=\"https:\/\/www.ribiertete.com\/producto\/catas-patrimoniales-clvnia\/\">Entradas,<\/a><\/strong> o directamente en sus oficinas de c\/Cascajar n\u00ba4 de Aranda de Duero. Tfno: 693 617 707.<\/p>\n<h4><strong>Tambi\u00e9n te puede interesar:<\/strong><\/h4>\n<ul>\n<li><a title=\"View Ruta de tapas por Aranda de Duero\" href=\"https:\/\/destinocastillayleon.es\/index\/de-tapas-por-aranda\/\" target=\"_self\" rel=\"bookmark noopener\">Ruta de tapas por Aranda de Duero<\/a><\/li>\n<li><a title=\"View Enoturismo y tapeo en Aranda de Duero\" href=\"https:\/\/destinocastillayleon.es\/index\/enoturismo-y-tapeo-en-aranda-de-duero\/\" target=\"_self\" rel=\"bookmark noopener\">Enoturismo y tapeo en Aranda de Duero<\/a><\/li>\n<li><a title=\"View Gumiel de Iz\u00e1n, uno de los pueblos con m\u00e1s encanto de la Ribera del Duero Burgalesa\" href=\"https:\/\/destinocastillayleon.es\/index\/guia-de-gumiel-de-izan\/\" target=\"_self\" rel=\"bookmark noopener\">Gumiel de Iz\u00e1n, uno de los pueblos con m\u00e1s encanto de la Ribera del Duero Burgalesa<\/a><\/li>\n<li><a title=\"View Santo Domingo de Guzm\u00e1n en la Ribera del Duero burgalesa\" href=\"https:\/\/destinocastillayleon.es\/index\/santo-domingo-de-guzman-en-la-ribera-del-duero-burgalesa\/\" target=\"_self\" rel=\"bookmark noopener\">Santo Domingo de Guzm\u00e1n en la Ribera del Duero burgalesa<\/a><\/li>\n<li><a title=\"View \u00abEl Cotarro\u00bb, un barrio de bodegas singular en la Ribera del Duero burgalesa\" href=\"https:\/\/destinocastillayleon.es\/index\/el-cotarro-ribera-del-duero-burgalesa\/\" target=\"_self\" rel=\"bookmark noopener\">\u00abEl Cotarro\u00bb, un barrio de bodegas singular en la Ribera del Duero burgalesa<\/a><\/li>\n<\/ul>\n<h4><\/h4>\n<h4><strong>\u00a1Suscr\u00edbete a nuestra newsletter!<\/strong><\/h4>\n<div class=\"_form_3\">\n<form id=\"_form_64F881C94A940_\" class=\"_form _form_3 _inline-form _dark\" action=\"https:\/\/comidayemociones.activehosted.com\/proc.php\" method=\"POST\" novalidate=\"\" data-styles-version=\"3\">\n<div class=\"_form-content\"><\/div>\n<\/form>\n<\/div>\n<div class=\"_form_3\"><\/div>\n<p><script src=\"https:\/\/comidayemociones.activehosted.com\/f\/embed.php?id=3\" type=\"text\/javascript\" charset=\"utf-8\"><\/script><\/p>\n","protected":false},"excerpt":{"rendered":"<p>\u2018Catas Patrimoniales\u2019 se celebrar\u00e1 el s\u00e1bado 30 de septiembre ofrecer\u00e1 en el yacimiento arqueol\u00f3gico catas de vino, degustaci\u00f3n y obra teatral.<\/p>\n","protected":false},"author":6,"featured_media":37620,"comment_status":"open","ping_status":"closed","sticky":false,"template":"","format":"standard","meta":{"rop_custom_images_group":[],"rop_custom_messages_group":[],"rop_publish_now":"initial","rop_publish_now_accounts":{"twitter_1150954226_1150954226":""},"rop_publish_now_history":[],"rop_publish_now_status":"pending","footnotes":""},"categories":[77,43,4720,48,5511,68],"tags":[6093],"class_list":["post-37617","post","type-post","status-publish","format-standard","has-post-thumbnail","hentry","category-actualidad-y-agenda-de-castilla-y-leon","category-burgos","category-burgos-actualidad","category-enoturismo","category-no-rescatar-en-rrss","category-post_inicial","tag-catas-patrimoniales"],"yoast_head":"<!-- This site is optimized with the Yoast SEO Premium plugin v20.4 (Yoast SEO v27.4) - https:\/\/yoast.com\/product\/yoast-seo-premium-wordpress\/ -->\n<title>Catas Patrimoniales, una fascinante experiencia de enoturismo en Clunia - Destino Castilla y Le\u00f3n<\/title>\n<meta name=\"description\" content=\"\u2018Catas Patrimoniales\u2019 se celebrar\u00e1 el s\u00e1bado 30 de septiembre ofrecer\u00e1 en el yacimiento arqueol\u00f3gico catas de vino, degustaci\u00f3n y obra teatral\" \/>\n<meta name=\"robots\" content=\"index, follow, max-snippet:-1, max-image-preview:large, max-video-preview:-1\" \/>\n<link rel=\"canonical\" href=\"https:\/\/destinocastillayleon.es\/index\/catas-patrimoniales-una-fascinante-experiencia-de-enoturismo-en-clunia\/\" \/>\n<meta property=\"og:locale\" content=\"es_ES\" \/>\n<meta property=\"og:type\" content=\"article\" \/>\n<meta property=\"og:title\" content=\"Catas Patrimoniales, una fascinante experiencia de enoturismo en Clunia\" \/>\n<meta property=\"og:description\" content=\"\u2018Catas Patrimoniales\u2019 se celebrar\u00e1 el s\u00e1bado 30 de septiembre ofrecer\u00e1 en el yacimiento arqueol\u00f3gico catas de vino, degustaci\u00f3n y obra teatral\" \/>\n<meta property=\"og:url\" content=\"https:\/\/destinocastillayleon.es\/index\/catas-patrimoniales-una-fascinante-experiencia-de-enoturismo-en-clunia\/\" \/>\n<meta property=\"og:site_name\" content=\"Destino Castilla y Le\u00f3n\" \/>\n<meta property=\"article:publisher\" content=\"https:\/\/www.facebook.com\/DestinoCastillaYLeon\/\" \/>\n<meta property=\"article:published_time\" content=\"2023-09-06T14:01:05+00:00\" \/>\n<meta property=\"article:modified_time\" content=\"2023-09-12T07:18:22+00:00\" \/>\n<meta property=\"og:image\" content=\"https:\/\/destinocastillayleon.es\/index\/wp-content\/uploads\/2023\/09\/clunia-ciudad-romana-en-burgos-3905-1-1.jpg\" \/>\n\t<meta property=\"og:image:width\" content=\"650\" \/>\n\t<meta property=\"og:image:height\" content=\"450\" \/>\n\t<meta property=\"og:image:type\" content=\"image\/jpeg\" \/>\n<meta name=\"author\" content=\"Lola Hernandez\" \/>\n<meta name=\"twitter:card\" content=\"summary_large_image\" \/>\n<meta name=\"twitter:creator\" content=\"@destinocyl\" \/>\n<meta name=\"twitter:site\" content=\"@destinocyl\" \/>\n<meta name=\"twitter:label1\" content=\"Escrito por\" \/>\n\t<meta name=\"twitter:data1\" content=\"Lola Hernandez\" \/>\n\t<meta name=\"twitter:label2\" content=\"Tiempo de lectura\" \/>\n\t<meta name=\"twitter:data2\" content=\"3 minutos\" \/>\n<script type=\"application\/ld+json\" class=\"yoast-schema-graph\">{\"@context\":\"https:\\\/\\\/schema.org\",\"@graph\":[{\"@type\":\"Article\",\"@id\":\"https:\\\/\\\/destinocastillayleon.es\\\/index\\\/catas-patrimoniales-una-fascinante-experiencia-de-enoturismo-en-clunia\\\/#article\",\"isPartOf\":{\"@id\":\"https:\\\/\\\/destinocastillayleon.es\\\/index\\\/catas-patrimoniales-una-fascinante-experiencia-de-enoturismo-en-clunia\\\/\"},\"author\":{\"name\":\"Lola Hernandez\",\"@id\":\"https:\\\/\\\/destinocastillayleon.es\\\/index\\\/#\\\/schema\\\/person\\\/49ffcb7eb307589ba529009335ed7767\"},\"headline\":\"Catas Patrimoniales, una fascinante experiencia de enoturismo en Clunia\",\"datePublished\":\"2023-09-06T14:01:05+00:00\",\"dateModified\":\"2023-09-12T07:18:22+00:00\",\"mainEntityOfPage\":{\"@id\":\"https:\\\/\\\/destinocastillayleon.es\\\/index\\\/catas-patrimoniales-una-fascinante-experiencia-de-enoturismo-en-clunia\\\/\"},\"wordCount\":640,\"commentCount\":0,\"image\":{\"@id\":\"https:\\\/\\\/destinocastillayleon.es\\\/index\\\/catas-patrimoniales-una-fascinante-experiencia-de-enoturismo-en-clunia\\\/#primaryimage\"},\"thumbnailUrl\":\"https:\\\/\\\/destinocastillayleon.es\\\/index\\\/wp-content\\\/uploads\\\/2023\\\/09\\\/clunia-ciudad-romana-en-burgos-3905-1-1.jpg\",\"keywords\":[\"Catas Patrimoniales\"],\"articleSection\":[\"Actualidad\",\"Burgos\",\"burgos actualidad\",\"enoturismo\",\"No rescatar en RRSS\",\"Post_inicial\"],\"inLanguage\":\"es\",\"potentialAction\":[{\"@type\":\"CommentAction\",\"name\":\"Comment\",\"target\":[\"https:\\\/\\\/destinocastillayleon.es\\\/index\\\/catas-patrimoniales-una-fascinante-experiencia-de-enoturismo-en-clunia\\\/#respond\"]}]},{\"@type\":\"WebPage\",\"@id\":\"https:\\\/\\\/destinocastillayleon.es\\\/index\\\/catas-patrimoniales-una-fascinante-experiencia-de-enoturismo-en-clunia\\\/\",\"url\":\"https:\\\/\\\/destinocastillayleon.es\\\/index\\\/catas-patrimoniales-una-fascinante-experiencia-de-enoturismo-en-clunia\\\/\",\"name\":\"Catas Patrimoniales, una fascinante experiencia de enoturismo en Clunia - Destino Castilla y Le\u00f3n\",\"isPartOf\":{\"@id\":\"https:\\\/\\\/destinocastillayleon.es\\\/index\\\/#website\"},\"primaryImageOfPage\":{\"@id\":\"https:\\\/\\\/destinocastillayleon.es\\\/index\\\/catas-patrimoniales-una-fascinante-experiencia-de-enoturismo-en-clunia\\\/#primaryimage\"},\"image\":{\"@id\":\"https:\\\/\\\/destinocastillayleon.es\\\/index\\\/catas-patrimoniales-una-fascinante-experiencia-de-enoturismo-en-clunia\\\/#primaryimage\"},\"thumbnailUrl\":\"https:\\\/\\\/destinocastillayleon.es\\\/index\\\/wp-content\\\/uploads\\\/2023\\\/09\\\/clunia-ciudad-romana-en-burgos-3905-1-1.jpg\",\"datePublished\":\"2023-09-06T14:01:05+00:00\",\"dateModified\":\"2023-09-12T07:18:22+00:00\",\"author\":{\"@id\":\"https:\\\/\\\/destinocastillayleon.es\\\/index\\\/#\\\/schema\\\/person\\\/49ffcb7eb307589ba529009335ed7767\"},\"description\":\"\u2018Catas Patrimoniales\u2019 se celebrar\u00e1 el s\u00e1bado 30 de septiembre ofrecer\u00e1 en el yacimiento arqueol\u00f3gico catas de vino, degustaci\u00f3n y obra teatral\",\"breadcrumb\":{\"@id\":\"https:\\\/\\\/destinocastillayleon.es\\\/index\\\/catas-patrimoniales-una-fascinante-experiencia-de-enoturismo-en-clunia\\\/#breadcrumb\"},\"inLanguage\":\"es\",\"potentialAction\":[{\"@type\":\"ReadAction\",\"target\":[\"https:\\\/\\\/destinocastillayleon.es\\\/index\\\/catas-patrimoniales-una-fascinante-experiencia-de-enoturismo-en-clunia\\\/\"]}]},{\"@type\":\"ImageObject\",\"inLanguage\":\"es\",\"@id\":\"https:\\\/\\\/destinocastillayleon.es\\\/index\\\/catas-patrimoniales-una-fascinante-experiencia-de-enoturismo-en-clunia\\\/#primaryimage\",\"url\":\"https:\\\/\\\/destinocastillayleon.es\\\/index\\\/wp-content\\\/uploads\\\/2023\\\/09\\\/clunia-ciudad-romana-en-burgos-3905-1-1.jpg\",\"contentUrl\":\"https:\\\/\\\/destinocastillayleon.es\\\/index\\\/wp-content\\\/uploads\\\/2023\\\/09\\\/clunia-ciudad-romana-en-burgos-3905-1-1.jpg\",\"width\":650,\"height\":450,\"caption\":\"yacimiento arqueol\u00f3gico de Clunia en Ribera del Duero - Burgos\"},{\"@type\":\"BreadcrumbList\",\"@id\":\"https:\\\/\\\/destinocastillayleon.es\\\/index\\\/catas-patrimoniales-una-fascinante-experiencia-de-enoturismo-en-clunia\\\/#breadcrumb\",\"itemListElement\":[{\"@type\":\"ListItem\",\"position\":1,\"name\":\"Portada\",\"item\":\"https:\\\/\\\/destinocastillayleon.es\\\/index\\\/\"},{\"@type\":\"ListItem\",\"position\":2,\"name\":\"Catas Patrimoniales, una fascinante experiencia de enoturismo en Clunia\"}]},{\"@type\":\"WebSite\",\"@id\":\"https:\\\/\\\/destinocastillayleon.es\\\/index\\\/#website\",\"url\":\"https:\\\/\\\/destinocastillayleon.es\\\/index\\\/\",\"name\":\"Destino Castilla y Le\u00f3n\",\"description\":\"Medio digital independiente y revista de Castilla y Le\u00f3n dedicado al turismo, gastronom\u00eda y vino de Castilla y Le\u00f3n\",\"potentialAction\":[{\"@type\":\"SearchAction\",\"target\":{\"@type\":\"EntryPoint\",\"urlTemplate\":\"https:\\\/\\\/destinocastillayleon.es\\\/index\\\/?s={search_term_string}\"},\"query-input\":{\"@type\":\"PropertyValueSpecification\",\"valueRequired\":true,\"valueName\":\"search_term_string\"}}],\"inLanguage\":\"es\"},{\"@type\":\"Person\",\"@id\":\"https:\\\/\\\/destinocastillayleon.es\\\/index\\\/#\\\/schema\\\/person\\\/49ffcb7eb307589ba529009335ed7767\",\"name\":\"Lola Hernandez\",\"image\":{\"@type\":\"ImageObject\",\"inLanguage\":\"es\",\"@id\":\"https:\\\/\\\/secure.gravatar.com\\\/avatar\\\/72ead65e55ad0522fba484acfe2842bf78b2f7c727df41d76fed78a85519da34?s=96&d=mm&r=g\",\"url\":\"https:\\\/\\\/secure.gravatar.com\\\/avatar\\\/72ead65e55ad0522fba484acfe2842bf78b2f7c727df41d76fed78a85519da34?s=96&d=mm&r=g\",\"contentUrl\":\"https:\\\/\\\/secure.gravatar.com\\\/avatar\\\/72ead65e55ad0522fba484acfe2842bf78b2f7c727df41d76fed78a85519da34?s=96&d=mm&r=g\",\"caption\":\"Lola Hernandez\"},\"description\":\"Lola Hern\u00e1ndez fue fundadora y directora de www.destinocastillayleon.es Escribiendo sobre turismo, gastronom\u00eda y vino de su tierra de origen, Castilla y Le\u00f3n.\",\"sameAs\":[\"http:\\\/\\\/www.destinoysabor.com\\\/blog\"],\"url\":\"https:\\\/\\\/destinocastillayleon.es\\\/index\\\/author\\\/lola-hernandez\\\/\"}]}<\/script>\n<!-- \/ Yoast SEO Premium plugin. -->","yoast_head_json":{"title":"Catas Patrimoniales, una fascinante experiencia de enoturismo en Clunia - Destino Castilla y Le\u00f3n","description":"\u2018Catas Patrimoniales\u2019 se celebrar\u00e1 el s\u00e1bado 30 de septiembre ofrecer\u00e1 en el yacimiento arqueol\u00f3gico catas de vino, degustaci\u00f3n y obra teatral","robots":{"index":"index","follow":"follow","max-snippet":"max-snippet:-1","max-image-preview":"max-image-preview:large","max-video-preview":"max-video-preview:-1"},"canonical":"https:\/\/destinocastillayleon.es\/index\/catas-patrimoniales-una-fascinante-experiencia-de-enoturismo-en-clunia\/","og_locale":"es_ES","og_type":"article","og_title":"Catas Patrimoniales, una fascinante experiencia de enoturismo en Clunia","og_description":"\u2018Catas Patrimoniales\u2019 se celebrar\u00e1 el s\u00e1bado 30 de septiembre ofrecer\u00e1 en el yacimiento arqueol\u00f3gico catas de vino, degustaci\u00f3n y obra teatral","og_url":"https:\/\/destinocastillayleon.es\/index\/catas-patrimoniales-una-fascinante-experiencia-de-enoturismo-en-clunia\/","og_site_name":"Destino Castilla y Le\u00f3n","article_publisher":"https:\/\/www.facebook.com\/DestinoCastillaYLeon\/","article_published_time":"2023-09-06T14:01:05+00:00","article_modified_time":"2023-09-12T07:18:22+00:00","og_image":[{"width":650,"height":450,"url":"https:\/\/destinocastillayleon.es\/index\/wp-content\/uploads\/2023\/09\/clunia-ciudad-romana-en-burgos-3905-1-1.jpg","type":"image\/jpeg"}],"author":"Lola Hernandez","twitter_card":"summary_large_image","twitter_creator":"@destinocyl","twitter_site":"@destinocyl","twitter_misc":{"Escrito por":"Lola Hernandez","Tiempo de lectura":"3 minutos"},"schema":{"@context":"https:\/\/schema.org","@graph":[{"@type":"Article","@id":"https:\/\/destinocastillayleon.es\/index\/catas-patrimoniales-una-fascinante-experiencia-de-enoturismo-en-clunia\/#article","isPartOf":{"@id":"https:\/\/destinocastillayleon.es\/index\/catas-patrimoniales-una-fascinante-experiencia-de-enoturismo-en-clunia\/"},"author":{"name":"Lola Hernandez","@id":"https:\/\/destinocastillayleon.es\/index\/#\/schema\/person\/49ffcb7eb307589ba529009335ed7767"},"headline":"Catas Patrimoniales, una fascinante experiencia de enoturismo en Clunia","datePublished":"2023-09-06T14:01:05+00:00","dateModified":"2023-09-12T07:18:22+00:00","mainEntityOfPage":{"@id":"https:\/\/destinocastillayleon.es\/index\/catas-patrimoniales-una-fascinante-experiencia-de-enoturismo-en-clunia\/"},"wordCount":640,"commentCount":0,"image":{"@id":"https:\/\/destinocastillayleon.es\/index\/catas-patrimoniales-una-fascinante-experiencia-de-enoturismo-en-clunia\/#primaryimage"},"thumbnailUrl":"https:\/\/destinocastillayleon.es\/index\/wp-content\/uploads\/2023\/09\/clunia-ciudad-romana-en-burgos-3905-1-1.jpg","keywords":["Catas Patrimoniales"],"articleSection":["Actualidad","Burgos","burgos actualidad","enoturismo","No rescatar en RRSS","Post_inicial"],"inLanguage":"es","potentialAction":[{"@type":"CommentAction","name":"Comment","target":["https:\/\/destinocastillayleon.es\/index\/catas-patrimoniales-una-fascinante-experiencia-de-enoturismo-en-clunia\/#respond"]}]},{"@type":"WebPage","@id":"https:\/\/destinocastillayleon.es\/index\/catas-patrimoniales-una-fascinante-experiencia-de-enoturismo-en-clunia\/","url":"https:\/\/destinocastillayleon.es\/index\/catas-patrimoniales-una-fascinante-experiencia-de-enoturismo-en-clunia\/","name":"Catas Patrimoniales, una fascinante experiencia de enoturismo en Clunia - Destino Castilla y Le\u00f3n","isPartOf":{"@id":"https:\/\/destinocastillayleon.es\/index\/#website"},"primaryImageOfPage":{"@id":"https:\/\/destinocastillayleon.es\/index\/catas-patrimoniales-una-fascinante-experiencia-de-enoturismo-en-clunia\/#primaryimage"},"image":{"@id":"https:\/\/destinocastillayleon.es\/index\/catas-patrimoniales-una-fascinante-experiencia-de-enoturismo-en-clunia\/#primaryimage"},"thumbnailUrl":"https:\/\/destinocastillayleon.es\/index\/wp-content\/uploads\/2023\/09\/clunia-ciudad-romana-en-burgos-3905-1-1.jpg","datePublished":"2023-09-06T14:01:05+00:00","dateModified":"2023-09-12T07:18:22+00:00","author":{"@id":"https:\/\/destinocastillayleon.es\/index\/#\/schema\/person\/49ffcb7eb307589ba529009335ed7767"},"description":"\u2018Catas Patrimoniales\u2019 se celebrar\u00e1 el s\u00e1bado 30 de septiembre ofrecer\u00e1 en el yacimiento arqueol\u00f3gico catas de vino, degustaci\u00f3n y obra teatral","breadcrumb":{"@id":"https:\/\/destinocastillayleon.es\/index\/catas-patrimoniales-una-fascinante-experiencia-de-enoturismo-en-clunia\/#breadcrumb"},"inLanguage":"es","potentialAction":[{"@type":"ReadAction","target":["https:\/\/destinocastillayleon.es\/index\/catas-patrimoniales-una-fascinante-experiencia-de-enoturismo-en-clunia\/"]}]},{"@type":"ImageObject","inLanguage":"es","@id":"https:\/\/destinocastillayleon.es\/index\/catas-patrimoniales-una-fascinante-experiencia-de-enoturismo-en-clunia\/#primaryimage","url":"https:\/\/destinocastillayleon.es\/index\/wp-content\/uploads\/2023\/09\/clunia-ciudad-romana-en-burgos-3905-1-1.jpg","contentUrl":"https:\/\/destinocastillayleon.es\/index\/wp-content\/uploads\/2023\/09\/clunia-ciudad-romana-en-burgos-3905-1-1.jpg","width":650,"height":450,"caption":"yacimiento arqueol\u00f3gico de Clunia en Ribera del Duero - Burgos"},{"@type":"BreadcrumbList","@id":"https:\/\/destinocastillayleon.es\/index\/catas-patrimoniales-una-fascinante-experiencia-de-enoturismo-en-clunia\/#breadcrumb","itemListElement":[{"@type":"ListItem","position":1,"name":"Portada","item":"https:\/\/destinocastillayleon.es\/index\/"},{"@type":"ListItem","position":2,"name":"Catas Patrimoniales, una fascinante experiencia de enoturismo en Clunia"}]},{"@type":"WebSite","@id":"https:\/\/destinocastillayleon.es\/index\/#website","url":"https:\/\/destinocastillayleon.es\/index\/","name":"Destino Castilla y Le\u00f3n","description":"Medio digital independiente y revista de Castilla y Le\u00f3n dedicado al turismo, gastronom\u00eda y vino de Castilla y Le\u00f3n","potentialAction":[{"@type":"SearchAction","target":{"@type":"EntryPoint","urlTemplate":"https:\/\/destinocastillayleon.es\/index\/?s={search_term_string}"},"query-input":{"@type":"PropertyValueSpecification","valueRequired":true,"valueName":"search_term_string"}}],"inLanguage":"es"},{"@type":"Person","@id":"https:\/\/destinocastillayleon.es\/index\/#\/schema\/person\/49ffcb7eb307589ba529009335ed7767","name":"Lola Hernandez","image":{"@type":"ImageObject","inLanguage":"es","@id":"https:\/\/secure.gravatar.com\/avatar\/72ead65e55ad0522fba484acfe2842bf78b2f7c727df41d76fed78a85519da34?s=96&d=mm&r=g","url":"https:\/\/secure.gravatar.com\/avatar\/72ead65e55ad0522fba484acfe2842bf78b2f7c727df41d76fed78a85519da34?s=96&d=mm&r=g","contentUrl":"https:\/\/secure.gravatar.com\/avatar\/72ead65e55ad0522fba484acfe2842bf78b2f7c727df41d76fed78a85519da34?s=96&d=mm&r=g","caption":"Lola Hernandez"},"description":"Lola Hern\u00e1ndez fue fundadora y directora de www.destinocastillayleon.es Escribiendo sobre turismo, gastronom\u00eda y vino de su tierra de origen, Castilla y Le\u00f3n.","sameAs":["http:\/\/www.destinoysabor.com\/blog"],"url":"https:\/\/destinocastillayleon.es\/index\/author\/lola-hernandez\/"}]}},"_links":{"self":[{"href":"https:\/\/destinocastillayleon.es\/index\/wp-json\/wp\/v2\/posts\/37617","targetHints":{"allow":["GET"]}}],"collection":[{"href":"https:\/\/destinocastillayleon.es\/index\/wp-json\/wp\/v2\/posts"}],"about":[{"href":"https:\/\/destinocastillayleon.es\/index\/wp-json\/wp\/v2\/types\/post"}],"author":[{"embeddable":true,"href":"https:\/\/destinocastillayleon.es\/index\/wp-json\/wp\/v2\/users\/6"}],"replies":[{"embeddable":true,"href":"https:\/\/destinocastillayleon.es\/index\/wp-json\/wp\/v2\/comments?post=37617"}],"version-history":[{"count":7,"href":"https:\/\/destinocastillayleon.es\/index\/wp-json\/wp\/v2\/posts\/37617\/revisions"}],"predecessor-version":[{"id":37644,"href":"https:\/\/destinocastillayleon.es\/index\/wp-json\/wp\/v2\/posts\/37617\/revisions\/37644"}],"wp:featuredmedia":[{"embeddable":true,"href":"https:\/\/destinocastillayleon.es\/index\/wp-json\/wp\/v2\/media\/37620"}],"wp:attachment":[{"href":"https:\/\/destinocastillayleon.es\/index\/wp-json\/wp\/v2\/media?parent=37617"}],"wp:term":[{"taxonomy":"category","embeddable":true,"href":"https:\/\/destinocastillayleon.es\/index\/wp-json\/wp\/v2\/categories?post=37617"},{"taxonomy":"post_tag","embeddable":true,"href":"https:\/\/destinocastillayleon.es\/index\/wp-json\/wp\/v2\/tags?post=37617"}],"curies":[{"name":"wp","href":"https:\/\/api.w.org\/{rel}","templated":true}]}}