{"id":37364,"date":"2023-08-18T11:31:11","date_gmt":"2023-08-18T09:31:11","guid":{"rendered":"https:\/\/destinocastillayleon.es\/index\/?p=37364"},"modified":"2023-08-29T10:21:56","modified_gmt":"2023-08-29T08:21:56","slug":"visita-a-las-cuevas-de-valporquero","status":"publish","type":"post","link":"https:\/\/destinocastillayleon.es\/index\/visita-a-las-cuevas-de-valporquero\/","title":{"rendered":"Visita a las cuevas de Valporquero"},"content":{"rendered":"<p>Tras muchas tentativas, <strong>finalmente hemos regresado a las Cuevas de Valporquero, una de las formaciones k\u00e1rsticas m\u00e1s espectaculares del norte de Espa\u00f1a,<\/strong> y que se encuentran entre las monta\u00f1as de Le\u00f3n, en los l\u00edmites de los Picos de Europa Leoneses.<\/p>\n<h3><strong>\u00cdndice de contenidos<\/strong><\/h3>\n<p>Hemos creado este peque\u00f1o <strong>\u00edndice de contenidos con los principales hitos<\/strong> de esta publicaci\u00f3n.<\/p>\n<p><strong>Sobre las cuevas de Valporquero:<\/strong><\/p>\n<ul>\n<li><a href=\"#Visita\">La visita al complejo k\u00e1rstico de las Cuevas de Valporquero<\/a>.<\/li>\n<li><a href=\"#Vegacervera\">Paso por Vegacervera y las Hoces del r\u00edo Torio<\/a>.<\/li>\n<li><a href=\"#Valporquero\">Paso por Valporquero de Tor\u00edo<\/a>.<\/li>\n<li><a href=\"#Instalaciones\">Instalaciones de la cueva<\/a>.<\/li>\n<li><a href=\"#Ruta\">Itinerario a seguir dentro de las Cuevas de Valporquero<\/a>.<\/li>\n<li><a href=\"#Info\">Informaci\u00f3n general para organizar la visita<\/a>.<\/li>\n<li><a href=\"#Video\">V\u00eddeo de nuestra \u00faltima visita<\/a>.<\/li>\n<\/ul>\n<p><strong>Informaci\u00f3n general<\/strong><\/p>\n<ul>\n<li><a href=\"#Llegar\">\u00bfC\u00f3mo llegar?<\/a><\/li>\n<li><a href=\"#Comer\">\u00bfD\u00f3nde comer?<\/a><\/li>\n<li><a href=\"#Dormir\">\u00bfD\u00f3nde alojarse?<\/a><\/li>\n<li><a href=\"#Historia\">Breve contexto hist\u00f3rico de la Cueva<\/a>.<\/li>\n<\/ul>\n<p>Esperamos <strong>que os sea de inter\u00e9s<\/strong> y os ayude a tomar la decisi\u00f3n de visitar estas cuevas de Valporquero.<\/p>\n<h3><strong>Preparando el viaje<\/strong><\/h3>\n<p>El empujoncito final para visitar esta cueva <strong>vino gracias al viaje organizado por la Diputaci\u00f3n Provincial de Le\u00f3n, por la cual, se visitaron varios destinos en la zona de las monta\u00f1as de Le\u00f3n, en un viaje llamado #ConoceLe\u00f3n,<\/strong> por el que visitamos Ria\u00f1o, el Museo de la Siderurgia y la Miner\u00eda y el Museo de la Fauna Salvaje entre otros destinos y que pod\u00e9is encontrar en nuestro medio Destino Castilla y Le\u00f3n.<\/p>\n<p><figure style=\"width: 580px\" class=\"wp-caption aligncenter\"><img decoding=\"async\" src=\"https:\/\/cdn.statically.io\/img\/lamesadelconde.es\/wp-content\/uploads\/2023\/08\/Viajeros-de-ConoceLeon-en-la-murallas-de-Leon-Imagen-de-Destino-Castilla-y-Leon.jpg\" width=\"580\" alt=\"Viajeros de #ConoceLe\u00f3n en las murallas de Le\u00f3n \u2013 Destino Castilla y Le\u00f3n\" class=\"size-full\" \/><figcaption class=\"wp-caption-text\">Viajeros de #ConoceLe\u00f3n en las murallas de Le\u00f3n \u2013 Destino Castilla y Le\u00f3n<\/figcaption><\/figure><a name=\"Visita\"><\/a> <a name=\"Video\"><\/a><\/p>\n<h2><strong>Visita a las Cuevas de Valporquero<\/strong><\/h2>\n<p>Estas cuevas se sit\u00faan en el valle del r\u00edo Torio, <strong>a unos 50 kil\u00f3metros de Le\u00f3n capital, aunque para llegar a ellas se complica por una geograf\u00eda complicada,<\/strong> en la que, en \u00faltima instancia, <strong>es necesario atravesar el desfiladero de Vegacervera,<\/strong> creado por el r\u00edo Tor\u00edo en su camino hacia el r\u00edo Bernesga, un afluente del r\u00edo Esla.<\/p>\n<p><center><iframe width=\"560\" height=\"315\" src=\"https:\/\/www.youtube.com\/embed\/5gKzLWAfmqk\" title=\"YouTube video player\" frameborder=\"0\" allow=\"accelerometer; autoplay; clipboard-write; encrypted-media; gyroscope; picture-in-picture; web-share\" allowfullscreen><\/iframe><\/center><\/p>\n<p>Por el camino desde Le\u00f3n capital, <strong>se pasa por la campi\u00f1a leonesa, donde se pueden observar las plantaciones de l\u00fapulo,<\/strong> un ingrediente esencial para la elaboraci\u00f3n de cervezas.<\/p>\n<h3><strong>Paso por Vegacervera<\/strong><\/h3>\n<p>Pasando Robles de la Valcueva, <strong>la orograf\u00eda empieza a cambiar desde el p\u00e1ramo a la monta\u00f1a y poco a poco, el r\u00edo Tor\u00edo empieza a encajarse entre dos formaciones de roca.<\/strong> A la llegada a Vegacervera, ya s\u00ed que podemos hablar de un desfiladero o garganta.<a name=\"Vegacervera\"><\/a><\/p>\n<h4><strong>Vegacervera<\/strong><\/h4>\n<p>Se trata de <strong>una poblaci\u00f3n de unas 300 personas justo antes de iniciar las Espacio natural Hoces de Vegacervera.<\/strong> Es un lugar bastante interesante para el turismo de interior, pues hay bastantes instalaciones de campamentos y colonias que se llenan especialmente en primavera y verano.<\/p>\n<figure id=\"attachment_37407\" aria-describedby=\"caption-attachment-37407\" style=\"width: 580px\" class=\"wp-caption aligncenter\"><img decoding=\"async\" src=\"https:\/\/destinocastillayleon.es\/index\/wp-content\/uploads\/2023\/08\/Piscinas-naturales-de-Vegacervera-Imagen-de-Tripadvisor.jpg\" alt=\"Piscinas naturales de Vegacervera - Imagen de Tripadvisor\" width=\"580\" height=\"326\" class=\"size-full wp-image-37407\" srcset=\"https:\/\/destinocastillayleon.es\/index\/wp-content\/uploads\/2023\/08\/Piscinas-naturales-de-Vegacervera-Imagen-de-Tripadvisor.jpg 580w, https:\/\/destinocastillayleon.es\/index\/wp-content\/uploads\/2023\/08\/Piscinas-naturales-de-Vegacervera-Imagen-de-Tripadvisor-300x169.jpg 300w\" sizes=\"(max-width: 580px) 100vw, 580px\" \/><figcaption id=\"caption-attachment-37407\" class=\"wp-caption-text\">Piscinas naturales de Vegacervera &#8211; Imagen de Tripadvisor<\/figcaption><\/figure>\n<p>En Vegacervera, <strong>un peque\u00f1o dique embalsa parcialmente el r\u00edo Torio,<\/strong> lo que permite disfrutar de unas piscinas naturales y una especie de playa fluvial, aunque imaginamos que hasta en verano el agua estar\u00e1 muy fr\u00eda.<\/p>\n<figure id=\"attachment_37406\" aria-describedby=\"caption-attachment-37406\" style=\"width: 580px\" class=\"wp-caption aligncenter\"><img decoding=\"async\" src=\"https:\/\/destinocastillayleon.es\/index\/wp-content\/uploads\/2023\/08\/Iglesia-parroquial-de-Nuestra-Senora-de-las-Nieves-Imagen-de-Misas.org_.jpg\" alt=\"Iglesia parroquial de Nuestra Se\u00f1ora de las Nieves - Imagen de Misas.org\" width=\"580\" class=\"size-full wp-image-37406\" srcset=\"https:\/\/destinocastillayleon.es\/index\/wp-content\/uploads\/2023\/08\/Iglesia-parroquial-de-Nuestra-Senora-de-las-Nieves-Imagen-de-Misas.org_.jpg 640w, https:\/\/destinocastillayleon.es\/index\/wp-content\/uploads\/2023\/08\/Iglesia-parroquial-de-Nuestra-Senora-de-las-Nieves-Imagen-de-Misas.org_-300x169.jpg 300w\" sizes=\"(max-width: 640px) 100vw, 640px\" \/><figcaption id=\"caption-attachment-37406\" class=\"wp-caption-text\">Iglesia parroquial de Nuestra Se\u00f1ora de las Nieves &#8211; Imagen de Misas.org<\/figcaption><\/figure>\n<p>La construcci\u00f3n m\u00e1s destacable es <strong>la Iglesia parroquial de Nuestra Se\u00f1ora de las Nieves,<\/strong> de estilo popular monta\u00f1\u00e9s. Otro monumento, curioso, tampoco muy destacado, es el dedicado al chivo, pues la carne de esta cabra peque\u00f1a es muy apreciada y unida a la gastronom\u00eda local.<\/p>\n<h4><strong>Espacio natural de las Hoces de Vegacervera<\/strong><\/h4>\n<p>Al adentrarnos entre las monta\u00f1as, <strong>llegamos a este especio natural protegido, que es parte de una reserva de la bioesfera.<\/strong> Este espacio por donde el r\u00edo Torio corre hacia el sur es una grieta en un bloque de calizas paleozoicas del periodo carbon\u00edfero, <strong>con unas profundidades que en algunos momentos llega a alcanzar los 500 metros, por una anchura no superior a los 15 metros.<\/strong><\/p>\n<figure id=\"attachment_37395\" aria-describedby=\"caption-attachment-37395\" style=\"width: 640px\" class=\"wp-caption aligncenter\"><img decoding=\"async\" src=\"https:\/\/destinocastillayleon.es\/index\/wp-content\/uploads\/2023\/08\/Carretera-entre-montanas-de-las-Hoces-de-Vegacervera-Destino-Castilla-y-Leon.jpg\" alt=\"Carretera entre monta\u00f1as de las Hoces de Vegacervera - Destino Castilla y Le\u00f3n\" width=\"640\" height=\"360\" class=\"size-full wp-image-37395\" srcset=\"https:\/\/destinocastillayleon.es\/index\/wp-content\/uploads\/2023\/08\/Carretera-entre-montanas-de-las-Hoces-de-Vegacervera-Destino-Castilla-y-Leon.jpg 640w, https:\/\/destinocastillayleon.es\/index\/wp-content\/uploads\/2023\/08\/Carretera-entre-montanas-de-las-Hoces-de-Vegacervera-Destino-Castilla-y-Leon-300x169.jpg 300w\" sizes=\"(max-width: 640px) 100vw, 640px\" \/><figcaption id=\"caption-attachment-37395\" class=\"wp-caption-text\">Carretera entre monta\u00f1as de las Hoces de Vegacervera &#8211; Destino Castilla y Le\u00f3n<\/figcaption><\/figure>\n<p>Por estas razones, <strong>la carretera se adapta a las curvas que este r\u00edo ha ido generando a lo largo del tiempo.<\/strong> Es esta composici\u00f3n de calizas que m\u00e1s arriba formar\u00e1n el proceso de formaci\u00f3n de las cuevas de Valporquero, en un gran complejo k\u00e1rstico.<\/p>\n<figure id=\"attachment_37397\" aria-describedby=\"caption-attachment-37397\" style=\"width: 640px\" class=\"wp-caption aligncenter\"><img decoding=\"async\" src=\"https:\/\/destinocastillayleon.es\/index\/wp-content\/uploads\/2023\/08\/Estratos-casi-verticales-en-los-canones-creados-por-el-rio-Torio-Destino-Castilla-y-Leon.jpg\" alt=\"Estratos casi verticales en los ca\u00f1ones creados por el r\u00edo Torio - Destino Castilla y Le\u00f3n\" width=\"640\" height=\"360\" class=\"size-full wp-image-37397\" srcset=\"https:\/\/destinocastillayleon.es\/index\/wp-content\/uploads\/2023\/08\/Estratos-casi-verticales-en-los-canones-creados-por-el-rio-Torio-Destino-Castilla-y-Leon.jpg 640w, https:\/\/destinocastillayleon.es\/index\/wp-content\/uploads\/2023\/08\/Estratos-casi-verticales-en-los-canones-creados-por-el-rio-Torio-Destino-Castilla-y-Leon-300x169.jpg 300w\" sizes=\"(max-width: 640px) 100vw, 640px\" \/><figcaption id=\"caption-attachment-37397\" class=\"wp-caption-text\">Estratos casi verticales en los ca\u00f1ones creados por el r\u00edo Torio &#8211; Destino Castilla y Le\u00f3n<\/figcaption><\/figure>\n<p>Esta conjunci\u00f3n de espacios, <strong>permite disfrutar de unos paisajes caracterizados por una verticalidad en las paredes de roca y un valle angosto,<\/strong> de singular belleza donde aunque por razones de seguridad no se permite parar, hay algunos pocos lugares habilitados para ello. <a name=\"Valporquero\"><\/a><\/p>\n<h4><strong>Valporquero de Tor\u00edo<\/strong><\/h4>\n<p><strong>Se trata de la pedan\u00eda de Vegacervera de la que depende el acceso a las Cuevas de Valporquero.<\/strong> Hay que salirse de las Hoces del r\u00edo Torio, porque vamos al acceso superior de las cuevas de Valporquero.<\/p>\n<figure id=\"attachment_37398\" aria-describedby=\"caption-attachment-37398\" style=\"width: 580px\" class=\"wp-caption aligncenter\"><img decoding=\"async\" src=\"https:\/\/destinocastillayleon.es\/index\/wp-content\/uploads\/2023\/08\/Paso-por-la-carretera-de-Valporquero-de-Torio-Destino-Castilla-y-Leon.jpg\" alt=\"Paso por la carretera de Valporquero de Torio - Destino Castilla y Le\u00f3n\" width=\"580\" height=\"326\" class=\"size-full wp-image-37398\" srcset=\"https:\/\/destinocastillayleon.es\/index\/wp-content\/uploads\/2023\/08\/Paso-por-la-carretera-de-Valporquero-de-Torio-Destino-Castilla-y-Leon.jpg 580w, https:\/\/destinocastillayleon.es\/index\/wp-content\/uploads\/2023\/08\/Paso-por-la-carretera-de-Valporquero-de-Torio-Destino-Castilla-y-Leon-300x169.jpg 300w\" sizes=\"(max-width: 580px) 100vw, 580px\" \/><figcaption id=\"caption-attachment-37398\" class=\"wp-caption-text\">Paso por la carretera de Valporquero de Torio &#8211; Destino Castilla y Le\u00f3n<\/figcaption><\/figure>\n<p>Esta pedan\u00eda <strong>son apenas unas pocas casas con un restaurante de monta\u00f1a,<\/strong> del que no tenemos referencias, por lo que no podemos entrar a valorarlo. Iremos directamente al propio acceso a la cueva, que se encuentra a unos 500 metros a la salida del pueblo. <a name=\"Instalaciones\"><\/a><\/p>\n<h3><strong>Instalaciones de las Cuevas de Valporquero<\/strong><\/h3>\n<p>En la parte superior <strong>hay un parking donde dejar el coche. Es bastante amplio, aunque en temporada alta seguramente se llene.<\/strong> Junto a \u00e9l; hay, o hab\u00eda, una zona infantil. <strong>Esta zona se est\u00e1 hundiendo, y resulta no segura, por lo que de momento est\u00e1 clausurada.<\/strong> Tambi\u00e9n hay un restaurante cafeter\u00eda, aunque no nos acercamos, por lo que tampoco sabemos c\u00f3mo es o c\u00f3mo est\u00e1.<\/p>\n<figure id=\"attachment_37389\" aria-describedby=\"caption-attachment-37389\" style=\"width: 580px\" class=\"wp-caption aligncenter\"><img decoding=\"async\" src=\"https:\/\/destinocastillayleon.es\/index\/wp-content\/uploads\/2023\/08\/Restaurante-junto-al-centro-de-recepcion-de-visitantes-Destino-Castilla-y-Leon.jpg\" alt=\"Restaurante junto al centro de recepci\u00f3n de visitantes - Destino Castilla y Le\u00f3n\" width=\"580\" class=\"size-full wp-image-37389\" srcset=\"https:\/\/destinocastillayleon.es\/index\/wp-content\/uploads\/2023\/08\/Restaurante-junto-al-centro-de-recepcion-de-visitantes-Destino-Castilla-y-Leon.jpg 640w, https:\/\/destinocastillayleon.es\/index\/wp-content\/uploads\/2023\/08\/Restaurante-junto-al-centro-de-recepcion-de-visitantes-Destino-Castilla-y-Leon-300x169.jpg 300w\" sizes=\"(max-width: 640px) 100vw, 640px\" \/><figcaption id=\"caption-attachment-37389\" class=\"wp-caption-text\">Restaurante junto al centro de recepci\u00f3n de visitantes &#8211; Destino Castilla y Le\u00f3n<\/figcaption><\/figure>\n<figure id=\"attachment_37377\" aria-describedby=\"caption-attachment-37377\" style=\"width: 580px\" class=\"wp-caption aligncenter\"><img decoding=\"async\" src=\"https:\/\/destinocastillayleon.es\/index\/wp-content\/uploads\/2023\/08\/Zona-infantil-clausurada-por-el-hundimiento-del-terreno-Destino-Castilla-y-Leon.jpg\" alt=\"Zona infantil clausurada por el hundimiento del terreno - Destino Castilla y Le\u00f3n\" width=\"580\" class=\"size-full wp-image-37377\" srcset=\"https:\/\/destinocastillayleon.es\/index\/wp-content\/uploads\/2023\/08\/Zona-infantil-clausurada-por-el-hundimiento-del-terreno-Destino-Castilla-y-Leon.jpg 640w, https:\/\/destinocastillayleon.es\/index\/wp-content\/uploads\/2023\/08\/Zona-infantil-clausurada-por-el-hundimiento-del-terreno-Destino-Castilla-y-Leon-300x169.jpg 300w\" sizes=\"(max-width: 640px) 100vw, 640px\" \/><figcaption id=\"caption-attachment-37377\" class=\"wp-caption-text\">Zona infantil clausurada por el hundimiento del terreno &#8211; Destino Castilla y Le\u00f3n<\/figcaption><\/figure>\n<p>Subiendo un par de metros por una rampa, <strong>se llega a la zona de recepci\u00f3n de visitantes.<\/strong> Desde aqu\u00ed, tras adquirir las entradas, realizaremos un recorrido hacia una gran dolina que recoge el agua de la superficie y da paso al interior de la cueva, en la que se han formado unos flujos de agua que crean r\u00edo y lagos subterr\u00e1neos.<\/p>\n<p><!-- Para evitar colas, evitar tener que esperar turno, porque las visitas son guiadas, aconsejamos adquirir las <a href=\"?aid=99913\" rel=\"NoFollow noopener\" target=\"_blank\">entradas a las Cuevas de Valporque con reserva previa online<\/a>, y as\u00ed evitar perder tiempo.--><\/p>\n<figure id=\"attachment_37392\" aria-describedby=\"caption-attachment-37392\" style=\"width: 640px\" class=\"wp-caption aligncenter\"><img decoding=\"async\" src=\"https:\/\/destinocastillayleon.es\/index\/wp-content\/uploads\/2023\/08\/Exterior-de-las-Cuevas-de-Valporquero-en-Leon-Destino-Castilla-y-Leon.jpg\" alt=\"Exterior de las Cuevas de Valporquero en Le\u00f3n - Destino Castilla y Le\u00f3n\" width=\"640\" height=\"360\" class=\"size-full wp-image-37392\" srcset=\"https:\/\/destinocastillayleon.es\/index\/wp-content\/uploads\/2023\/08\/Exterior-de-las-Cuevas-de-Valporquero-en-Leon-Destino-Castilla-y-Leon.jpg 640w, https:\/\/destinocastillayleon.es\/index\/wp-content\/uploads\/2023\/08\/Exterior-de-las-Cuevas-de-Valporquero-en-Leon-Destino-Castilla-y-Leon-300x169.jpg 300w\" sizes=\"(max-width: 640px) 100vw, 640px\" \/><figcaption id=\"caption-attachment-37392\" class=\"wp-caption-text\">Exterior de las Cuevas de Valporquero en Le\u00f3n &#8211; Destino Castilla y Le\u00f3n<\/figcaption><\/figure>\n<blockquote><p>Geol\u00f3gicamente <strong>hay tres niveles, un nivel superior, no accesible y seco,<\/strong> que filtra agua hacia <strong>el segundo nivel, el visitable;<\/strong> y, por \u00faltimo, un tercer nivel por el que desaguan las aguas filtradas y se unen al r\u00edo Torio.<\/p><\/blockquote>\n<p>Este tercer nivel, <strong>segundo para los visitantes, es \u00fanicamente accesible para espele\u00f3logos profesionales y turistas preparados en esta disciplina.<\/strong> La visita normal no permite adentrarse en este \u201csegundo\u201d nivel, aunque es posible realizar esta actividad tras una reserva previa de <a href=\"https:\/\/www.civitatis.com\/es\/vegacervera\/espeleologia-cueva-valporquero-barranquismo-folfoguera\/?aid=99913\" rel=\"NoFollow noopener\" target=\"_blank\">de visita a las Cuevas de Valporquero y barranquismo<\/a>, que se ofrece desde una empresa de turismo activo de Vegacervera. <\/p>\n<p><figure id=\"attachment_37379\" aria-describedby=\"caption-attachment-37379\" style=\"width: 640px\" class=\"wp-caption aligncenter\"><img decoding=\"async\" src=\"https:\/\/destinocastillayleon.es\/index\/wp-content\/uploads\/2023\/08\/Sima-por-donde-desciende-el-rio-subterraneo-Destino-Castilla-y-Leon.jpg\" alt=\"Sima por donde desciende el r\u00edo subterr\u00e1neo - Destino Castilla y Le\u00f3n\" width=\"640\" height=\"360\" class=\"size-full wp-image-37379\" srcset=\"https:\/\/destinocastillayleon.es\/index\/wp-content\/uploads\/2023\/08\/Sima-por-donde-desciende-el-rio-subterraneo-Destino-Castilla-y-Leon.jpg 640w, https:\/\/destinocastillayleon.es\/index\/wp-content\/uploads\/2023\/08\/Sima-por-donde-desciende-el-rio-subterraneo-Destino-Castilla-y-Leon-300x169.jpg 300w\" sizes=\"(max-width: 640px) 100vw, 640px\" \/><figcaption id=\"caption-attachment-37379\" class=\"wp-caption-text\">Sima por donde desciende el r\u00edo subterr\u00e1neo &#8211; Destino Castilla y Le\u00f3n<\/figcaption><\/figure><a name=\"Ruta\"><\/a><\/p>\n<h3><strong>Itinerario de la visita tur\u00edstica a las Cuevas de Valporquero<\/strong><\/h3>\n<p>El itinerario visitable de estas cuevas es de aproximadamente un kil\u00f3metro y medio de recorrido, en el que se visitan seis salas que van adquiriendo cada vez mayor complejidad en de sus formaciones.<\/p>\n<figure id=\"attachment_37393\" aria-describedby=\"caption-attachment-37393\" style=\"width: 580px\" class=\"wp-caption aligncenter\"><img decoding=\"async\" src=\"https:\/\/destinocastillayleon.es\/index\/wp-content\/uploads\/2023\/08\/Esquema-del-complejo-karstico-de-las-Cuevas-de-Valporquero-Destino-Castilla-y-Leon.jpg\" alt=\"Esquema del complejo k\u00e1rstico de las Cuevas de Valporquero - Destino Castilla y Le\u00f3n\" width=\"580\" class=\"size-full wp-image-37393\" srcset=\"https:\/\/destinocastillayleon.es\/index\/wp-content\/uploads\/2023\/08\/Esquema-del-complejo-karstico-de-las-Cuevas-de-Valporquero-Destino-Castilla-y-Leon.jpg 640w, https:\/\/destinocastillayleon.es\/index\/wp-content\/uploads\/2023\/08\/Esquema-del-complejo-karstico-de-las-Cuevas-de-Valporquero-Destino-Castilla-y-Leon-300x188.jpg 300w\" sizes=\"(max-width: 640px) 100vw, 640px\" \/><figcaption id=\"caption-attachment-37393\" class=\"wp-caption-text\">Esquema del complejo k\u00e1rstico de las Cuevas de Valporquero &#8211; Destino Castilla y Le\u00f3n<\/figcaption><\/figure>\n<p>El recorrido <strong>se inicia en la conocida como sala de las peque\u00f1as maravillas y va hasta la final, la Sala de las maravillas.<\/strong> Lamentablemente, al no tener una salida conocida a\u00fan, para salir de la cueva es necesario regresar por el mismo camino.<\/p>\n<h4><strong>La Sala de las Peque\u00f1as maravillas<\/strong><\/h4>\n<p>Esta sala <strong>es la primera del recorrido. Est\u00e1 entre la entrada y un lago interior iluminado.<\/strong> Sus formaciones caprichosas han ido adquiriendo distintos nombres por los visitantes, pues cada cual encuentra un s\u00edmil propio.<\/p>\n<figure id=\"attachment_37382\" aria-describedby=\"caption-attachment-37382\" style=\"width: 640px\" class=\"wp-caption aligncenter\"><img decoding=\"async\" src=\"https:\/\/destinocastillayleon.es\/index\/wp-content\/uploads\/2023\/08\/Sala-de-las-Pequenas-Maravillas-Destino-Castilla-y-Leon.jpg\" alt=\"Sala de las Peque\u00f1as Maravillas - Destino Castilla y Le\u00f3n\" width=\"640\" height=\"360\" class=\"size-full wp-image-37382\" srcset=\"https:\/\/destinocastillayleon.es\/index\/wp-content\/uploads\/2023\/08\/Sala-de-las-Pequenas-Maravillas-Destino-Castilla-y-Leon.jpg 640w, https:\/\/destinocastillayleon.es\/index\/wp-content\/uploads\/2023\/08\/Sala-de-las-Pequenas-Maravillas-Destino-Castilla-y-Leon-300x169.jpg 300w\" sizes=\"(max-width: 640px) 100vw, 640px\" \/><figcaption id=\"caption-attachment-37382\" class=\"wp-caption-text\">Sala de las Peque\u00f1as Maravillas &#8211; Destino Castilla y Le\u00f3n<\/figcaption><\/figure>\n<h4><strong>La Sala de la Gran Rotonda<\/strong><\/h4>\n<p>Esta es <strong>la sala m\u00e1s grande que se visita y sirve de distribuci\u00f3n a dos recorridos diferentes.<\/strong> Se estima en <strong>unos 5600 metros cuadrados y una altura superior a los 20 metros.<\/strong> No posee grandes formaciones, pero en el suelo se han creado innumerables estanques de agua.<\/p>\n<figure id=\"attachment_37385\" aria-describedby=\"caption-attachment-37385\" style=\"width: 640px\" class=\"wp-caption aligncenter\"><img decoding=\"async\" src=\"https:\/\/destinocastillayleon.es\/index\/wp-content\/uploads\/2023\/08\/Sala-de-la-Gran-Rotonda-dentro-de-las-Cuevas-de-Valporquero-en-Leon-Destino-Castilla-y-Leon.jpg\" alt=\"Sala de la Gran Rotonda dentro de las Cuevas de Valporquero en Le\u00f3n - Destino Castilla y Le\u00f3n\" width=\"640\" height=\"360\" class=\"size-full wp-image-37385\" srcset=\"https:\/\/destinocastillayleon.es\/index\/wp-content\/uploads\/2023\/08\/Sala-de-la-Gran-Rotonda-dentro-de-las-Cuevas-de-Valporquero-en-Leon-Destino-Castilla-y-Leon.jpg 640w, https:\/\/destinocastillayleon.es\/index\/wp-content\/uploads\/2023\/08\/Sala-de-la-Gran-Rotonda-dentro-de-las-Cuevas-de-Valporquero-en-Leon-Destino-Castilla-y-Leon-300x169.jpg 300w\" sizes=\"(max-width: 640px) 100vw, 640px\" \/><figcaption id=\"caption-attachment-37385\" class=\"wp-caption-text\">Sala de la Gran Rotonda dentro de las Cuevas de Valporquero en Le\u00f3n &#8211; Destino Castilla y Le\u00f3n<\/figcaption><\/figure>\n<p>Si como nosotros ven\u00eds un d\u00eda en el que previamente haya llovido, <strong>se pueden ver diversos puntos por donde aflora el agua<\/strong> que alimenta a este complejo k\u00e1rstico.<\/p>\n<h4><strong>La Sala de las Hadas<\/strong><\/h4>\n<p>Se trata de <strong>un acceso a la una sala a\u00fan mayor. Saliendo de la sala de la Gran Rotonda por el camino que ha creado el r\u00edo al fluir,<\/strong> vamos a ir en paralelo a \u00e9l, mientras se sortea un flujo de agua. Esta gran galer\u00eda, tras subir un peque\u00f1o pertrecho lleva hasta un mirador que se abre sobre una gran sima que llega al nivel inferior.<\/p>\n<figure id=\"attachment_37387\" aria-describedby=\"caption-attachment-37387\" style=\"width: 640px\" class=\"wp-caption aligncenter\"><img decoding=\"async\" src=\"https:\/\/destinocastillayleon.es\/index\/wp-content\/uploads\/2023\/08\/Rio-subterraneo-en-la-Sala-de-las-Hadas-Destino-Castilla-y-Leon.jpg\" alt=\"R\u00edo subterr\u00e1neo en la Sala de las Hadas - Destino Castilla y Le\u00f3n\" width=\"640\" height=\"360\" class=\"size-full wp-image-37387\" srcset=\"https:\/\/destinocastillayleon.es\/index\/wp-content\/uploads\/2023\/08\/Rio-subterraneo-en-la-Sala-de-las-Hadas-Destino-Castilla-y-Leon.jpg 640w, https:\/\/destinocastillayleon.es\/index\/wp-content\/uploads\/2023\/08\/Rio-subterraneo-en-la-Sala-de-las-Hadas-Destino-Castilla-y-Leon-300x169.jpg 300w\" sizes=\"(max-width: 640px) 100vw, 640px\" \/><figcaption id=\"caption-attachment-37387\" class=\"wp-caption-text\">R\u00edo subterr\u00e1neo en la Sala de las Hadas &#8211; Destino Castilla y Le\u00f3n<\/figcaption><\/figure>\n<p>Tras pasar por junto al r\u00edo, se haya otra zona <strong>algo menos angosta y m\u00e1s espectacular<\/strong>.<\/p>\n<figure id=\"attachment_37383\" aria-describedby=\"caption-attachment-37383\" style=\"width: 640px\" class=\"wp-caption aligncenter\"><img decoding=\"async\" src=\"https:\/\/destinocastillayleon.es\/index\/wp-content\/uploads\/2023\/08\/Sala-de-las-Hadas-Destino-Castilla-y-Leon.jpg\" alt=\"Sala de las Hadas - Destino Castilla y Le\u00f3n\" width=\"640\" height=\"360\" class=\"size-full wp-image-37383\" srcset=\"https:\/\/destinocastillayleon.es\/index\/wp-content\/uploads\/2023\/08\/Sala-de-las-Hadas-Destino-Castilla-y-Leon.jpg 640w, https:\/\/destinocastillayleon.es\/index\/wp-content\/uploads\/2023\/08\/Sala-de-las-Hadas-Destino-Castilla-y-Leon-300x169.jpg 300w\" sizes=\"(max-width: 640px) 100vw, 640px\" \/><figcaption id=\"caption-attachment-37383\" class=\"wp-caption-text\">Sala de las Hadas &#8211; Destino Castilla y Le\u00f3n<\/figcaption><\/figure>\n<h4><strong>El Cementerio de estalactitas<\/strong><\/h4>\n<p>La cuarta sala <strong>debe su actual estado a una serie de desprendimientos y de sedimentos que provocaron el taponamiento parcial.<\/strong> Esto fue producido por un gran movimiento s\u00edsmico que arranc\u00f3 estalactitas del techo, cayendo sobre el suelo rotas en cientos de pedazos en algunos casos.<\/p>\n<figure id=\"attachment_37381\" aria-describedby=\"caption-attachment-37381\" style=\"width: 640px\" class=\"wp-caption aligncenter\"><img decoding=\"async\" src=\"https:\/\/destinocastillayleon.es\/index\/wp-content\/uploads\/2023\/08\/Sala-del-Cementerio-de-estalactitas-Destino-Castilla-y-Leon.jpg\" alt=\"Sala del Cementerio de estalactitas - Destino Castilla y Le\u00f3n\" width=\"640\" height=\"360\" class=\"size-full wp-image-37381\" srcset=\"https:\/\/destinocastillayleon.es\/index\/wp-content\/uploads\/2023\/08\/Sala-del-Cementerio-de-estalactitas-Destino-Castilla-y-Leon.jpg 640w, https:\/\/destinocastillayleon.es\/index\/wp-content\/uploads\/2023\/08\/Sala-del-Cementerio-de-estalactitas-Destino-Castilla-y-Leon-300x169.jpg 300w\" sizes=\"(max-width: 640px) 100vw, 640px\" \/><figcaption id=\"caption-attachment-37381\" class=\"wp-caption-text\">Sala del Cementerio de estalactitas &#8211; Destino Castilla y Le\u00f3n<\/figcaption><\/figure>\n<p><strong>Esto pas\u00f3 hace miles de a\u00f1os, y desde entonces nuevas formaciones han empezado a crearse,<\/strong> aunque a\u00fan las cicatrices quedan muy visibles. Debido a los trozos ca\u00eddos y rotos, esta sala adquiri\u00f3 esta denominaci\u00f3n.<\/p>\n<h4><strong>Sala de la Gran v\u00eda<\/strong><\/h4>\n<p>Regresando a la Gran Rotonda, descenderemos por ella y tras pasar una sima, nos adentramos en una sala, que <strong>aunque no es especialmente ancha, en torno a unos 8 metros, es bastante alargada, y sobre todo, alta.<\/strong> Con una altura <strong>superior a los 40 metros<\/strong> en algunos casos.<\/p>\n<figure id=\"attachment_37399\" aria-describedby=\"caption-attachment-37399\" style=\"width: 640px\" class=\"wp-caption aligncenter\"><img decoding=\"async\" src=\"https:\/\/destinocastillayleon.es\/index\/wp-content\/uploads\/2023\/08\/Sala-de-la-Gran-Via-de-las-Cuevas-de-Valporquero-Destino-Castilla-y-Leon.jpg\" alt=\"Sala de la Gran V\u00eda de las Cuevas de Valporquero - Destino Castilla y Le\u00f3n\" width=\"640\" height=\"360\" class=\"size-full wp-image-37399\" srcset=\"https:\/\/destinocastillayleon.es\/index\/wp-content\/uploads\/2023\/08\/Sala-de-la-Gran-Via-de-las-Cuevas-de-Valporquero-Destino-Castilla-y-Leon.jpg 640w, https:\/\/destinocastillayleon.es\/index\/wp-content\/uploads\/2023\/08\/Sala-de-la-Gran-Via-de-las-Cuevas-de-Valporquero-Destino-Castilla-y-Leon-300x169.jpg 300w\" sizes=\"(max-width: 640px) 100vw, 640px\" \/><figcaption id=\"caption-attachment-37399\" class=\"wp-caption-text\">Sala de la Gran V\u00eda de las Cuevas de Valporquero &#8211; Destino Castilla y Le\u00f3n<\/figcaption><\/figure>\n<p>Esta zona <strong>se ha creado por el vaciado entre dos sustratos insolubles que estaban separados por uno soluble,<\/strong> pero que, por la tect\u00f3nica de placas, se encuentran casi verticales, por lo que apenas existen formaciones de grandes magnitudes. <strong>Al final de la sala, el terreno se hunde en busca de las galer\u00edas inferiores,<\/strong> contactando con el actual curso del r\u00edo.<\/p>\n<figure id=\"attachment_37384\" aria-describedby=\"caption-attachment-37384\" style=\"width: 379px\" class=\"wp-caption aligncenter\"><img decoding=\"async\" src=\"https:\/\/destinocastillayleon.es\/index\/wp-content\/uploads\/2023\/08\/Sala-de-la-Gran-Via-Destino-Castilla-y-Leon.jpg\" alt=\"Sala de la Gran V\u00eda - Destino Castilla y Le\u00f3n\" width=\"379\" height=\"505\" class=\"size-full wp-image-37384\" srcset=\"https:\/\/destinocastillayleon.es\/index\/wp-content\/uploads\/2023\/08\/Sala-de-la-Gran-Via-Destino-Castilla-y-Leon.jpg 379w, https:\/\/destinocastillayleon.es\/index\/wp-content\/uploads\/2023\/08\/Sala-de-la-Gran-Via-Destino-Castilla-y-Leon-225x300.jpg 225w\" sizes=\"(max-width: 379px) 100vw, 379px\" \/><figcaption id=\"caption-attachment-37384\" class=\"wp-caption-text\">Sala de la Gran V\u00eda &#8211; Destino Castilla y Le\u00f3n<\/figcaption><\/figure>\n<p>Hay un punto que posee un puente artificial ejecutado por la mano del hombre y que, <strong>para los m\u00e1s fans de la saga de El Se\u00f1or de los Anillos, puede recordar al Puente de <em>kh\u00e2zad dum<\/em>.<\/strong><\/p>\n<figure id=\"attachment_37390\" aria-describedby=\"caption-attachment-37390\" style=\"width: 640px\" class=\"wp-caption aligncenter\"><img decoding=\"async\" src=\"https:\/\/destinocastillayleon.es\/index\/wp-content\/uploads\/2023\/08\/Puente-sobre-el-vacio-en-la-Sala-de-la-Gran-Via-Destino-Castilla-y-Leon-1.jpg\" alt=\"Puente sobre el vac\u00edo en la Sala de la Gran V\u00eda - Destino Castilla y Le\u00f3n\" width=\"640\" height=\"360\" class=\"size-full wp-image-37390\" srcset=\"https:\/\/destinocastillayleon.es\/index\/wp-content\/uploads\/2023\/08\/Puente-sobre-el-vacio-en-la-Sala-de-la-Gran-Via-Destino-Castilla-y-Leon-1.jpg 640w, https:\/\/destinocastillayleon.es\/index\/wp-content\/uploads\/2023\/08\/Puente-sobre-el-vacio-en-la-Sala-de-la-Gran-Via-Destino-Castilla-y-Leon-1-300x169.jpg 300w\" sizes=\"(max-width: 640px) 100vw, 640px\" \/><figcaption id=\"caption-attachment-37390\" class=\"wp-caption-text\">Puente sobre el vac\u00edo en la Sala de la Gran V\u00eda &#8211; Destino Castilla y Le\u00f3n<\/figcaption><\/figure>\n<p>Al final de la sala, <strong>hay una gran columna de piedra, que destaca casi en solitario<\/strong> y que permite subir a la \u00faltima gran sala.<\/p>\n<h4><strong>La Sala de las Maravillas<\/strong><\/h4>\n<p>Se trata de <strong>la sala m\u00e1s compleja y con mayor numero de espeleotemas de todo el conjunto.<\/strong> El techo se encuentra repleto de estalactitas de diversos colores debido a los \u00f3xidos que las formas y que, al disolverse y volverse a solidificar, han dejado su impronta.<\/p>\n<figure id=\"attachment_37391\" aria-describedby=\"caption-attachment-37391\" style=\"width: 640px\" class=\"wp-caption aligncenter\"><img decoding=\"async\" src=\"https:\/\/destinocastillayleon.es\/index\/wp-content\/uploads\/2023\/08\/Mirador-antes-de-llegar-a-la-Sima-de-la-Sala-de-las-Maravillas-Destino-Castilla-y-Leon.jpg\" alt=\"Mirador antes de llegar a la Sima de la Sala de las Maravillas - Destino Castilla y Le\u00f3n\" width=\"640\" height=\"360\" class=\"size-full wp-image-37391\" srcset=\"https:\/\/destinocastillayleon.es\/index\/wp-content\/uploads\/2023\/08\/Mirador-antes-de-llegar-a-la-Sima-de-la-Sala-de-las-Maravillas-Destino-Castilla-y-Leon.jpg 640w, https:\/\/destinocastillayleon.es\/index\/wp-content\/uploads\/2023\/08\/Mirador-antes-de-llegar-a-la-Sima-de-la-Sala-de-las-Maravillas-Destino-Castilla-y-Leon-300x169.jpg 300w\" sizes=\"(max-width: 640px) 100vw, 640px\" \/><figcaption id=\"caption-attachment-37391\" class=\"wp-caption-text\">Mirador antes de llegar a la Sima de la Sala de las Maravillas &#8211; Destino Castilla y Le\u00f3n<\/figcaption><\/figure>\n<blockquote><p>Hay de todo tipo de espeleotemas, a cu\u00e1l m\u00e1s espectacular, y en algunos casos, \u00fanicos en toda la cueva<\/p><\/blockquote>\n<p>El final de esta sala <strong>es un gran sif\u00f3n de gran profundidad y que solo se puede visitar por profesionales de la espeleolog\u00eda, o turistas con  <a href=\"https:\/\/www.civitatis.com\/es\/vegacervera\/espeleologia-cueva-valporquero-barranquismo-folfoguera\/?aid=99913\" rel=\"NoFollow noopener\" target=\"_blank\">la entrada especial de barranquismo<\/a>,<\/strong> y que demuestren una capacitaci\u00f3n adecuada a dicha actividad, porque es igual de bella que de peligrosa.<\/p>\n<p>Al llegar a este punto, <strong>hay que regresar por donde hemos venido, porque como ya hemos indicado, a\u00fan no se conoce la salida,<\/strong> si es que la hay, de la cueva. <\/p>\n<p><figure id=\"attachment_37380\" aria-describedby=\"caption-attachment-37380\" style=\"width: 640px\" class=\"wp-caption aligncenter\"><img decoding=\"async\" src=\"https:\/\/destinocastillayleon.es\/index\/wp-content\/uploads\/2023\/08\/Salida-por-donde-entramos-a-las-Cuevas-decValporquero-Destino-castilla-y-Leon.jpg\" alt=\"Salida por donde entramos a las Cuevas de Valporquero - Destino castilla y Le\u00f3n\" width=\"640\" height=\"360\" class=\"size-full wp-image-37380\" srcset=\"https:\/\/destinocastillayleon.es\/index\/wp-content\/uploads\/2023\/08\/Salida-por-donde-entramos-a-las-Cuevas-decValporquero-Destino-castilla-y-Leon.jpg 640w, https:\/\/destinocastillayleon.es\/index\/wp-content\/uploads\/2023\/08\/Salida-por-donde-entramos-a-las-Cuevas-decValporquero-Destino-castilla-y-Leon-300x169.jpg 300w\" sizes=\"(max-width: 640px) 100vw, 640px\" \/><figcaption id=\"caption-attachment-37380\" class=\"wp-caption-text\">Salida por donde entramos a las Cuevas de Valporquero &#8211; Destino castilla y Le\u00f3n<\/figcaption><\/figure><a name=\"Info\"><\/a><\/p>\n<h3><strong>Informaci\u00f3n de inter\u00e9s si quieres visitar las Cuevas de Valporquero<\/h3>\n<h4>Situaci\u00f3n y contacto<\/strong><\/h4>\n<p><a href=\"http:\/\/www.cuevadevalporquero.es\/\" rel=\"NoFollow noopener\" target=\"_blank\"><strong>Cuevas de Valporquero<\/strong><\/a><br \/>\nCarretera de Valporquero de Torio a Felm\u00edn, S\/N<br \/>\n24837, Vegacervera, Le\u00f3n<\/p>\n<p>Telf.: +34 987 57 64 82<br \/>\n@.: <a href=\"mailto:valporquero@dipuleon.es\">valporquero@dipuleon.es<\/a><\/p>\n<h4><strong>Horario:<\/strong><\/h4>\n<p>Los horarios pueden ajustarse todos los a\u00f1os, pero en general funcionan:<\/p>\n<p><strong>Marzo y abril:<\/strong><br \/>\nAbierto jueves, viernes, s\u00e1bados, domingos y festivos. De 10:00 a 17:00 horas.<br \/>\n<strong>De mayo a final de septiembre:<\/strong><br \/>\nAbierto todos los d\u00edas, de 10:00 a 18:00 horas.<br \/>\n<strong>De octubre al puente de diciembre: <\/strong><br \/>\nAbierto los jueves, viernes, s\u00e1bados, domingos y festivos. De 10:00 a 17:00 horas.<\/p>\n<p>Para las visitas especiales, consultar en la web.<\/p>\n<h4><strong>Coste de las entradas<\/strong><\/h4>\n<ul>Entrada recorrido largo de Adulto: 8,50 \u20ac\/persona.<br \/>\nEntrada recorrido largo de Ni\u00f1os de 6 a 14 a\u00f1os inclusive, Carnet Joven y Agencias de Viajes: 6,50 \u20ac\/persona<br \/>\nEntrada recorrido normal de Adulto: 6,00 \u20ac\/persona.<br \/>\nEntrada recorrido normal de Ni\u00f1os de 6 a 14 a\u00f1os inclusive, Carnet Joven y Agencias de Viaje: 4,50 \u20ac\/persona.<\/p>\n<p>Entrada general Valporquero Ins\u00f3lito: 18,00 \u20ac\/persona. (solo jueves, s\u00e1bados y domingos a las 09:20 horas).\n<\/ul>\n<p>Entradas y recorridos especiales, <strong>consultar en web o la gesti\u00f3n de la cueva<\/strong>.<\/p>\n<h3><strong>Vuelta a la superficie, disfrutaremos de otro de los atractivos de estas monta\u00f1as, su gastronom\u00eda<\/strong><\/h3>\n<p>Tras disfrutar de unos minutos en el mirador \u00faltimo de la Sala de las Maravillas, donde adem\u00e1s de la magia natural de las propias formaciones, te pueden hacer un juego de luces en el que disfrutar con un espect\u00e1culo \u00fanico, <strong>toca regresar por donde hemos venido,<\/strong> que ahora se hace mucho m\u00e1s corto.<\/p>\n<figure id=\"attachment_37376\" aria-describedby=\"caption-attachment-37376\" style=\"width: 279px\" class=\"wp-caption aligncenter\"><img decoding=\"async\" src=\"https:\/\/destinocastillayleon.es\/index\/wp-content\/uploads\/2023\/08\/Colada-de-estalagmitas-en-las-Cuevas-de-Valporquero-Desstino-Castilla-y-Leon.jpg\" alt=\"Colada de estalagmitas en las Cuevas de Valporquero - Destino Castilla y Le\u00f3n\" width=\"279\"  class=\"size-full wp-image-37376\" srcset=\"https:\/\/destinocastillayleon.es\/index\/wp-content\/uploads\/2023\/08\/Colada-de-estalagmitas-en-las-Cuevas-de-Valporquero-Desstino-Castilla-y-Leon.jpg 379w, https:\/\/destinocastillayleon.es\/index\/wp-content\/uploads\/2023\/08\/Colada-de-estalagmitas-en-las-Cuevas-de-Valporquero-Desstino-Castilla-y-Leon-225x300.jpg 225w\" sizes=\"(max-width: 379px) 100vw, 379px\" \/><figcaption id=\"caption-attachment-37376\" class=\"wp-caption-text\">Colada de estalagmitas en las Cuevas de Valporquero &#8211; Destino Castilla y Le\u00f3n<\/figcaption><\/figure>\n<p>Lo mejor es <strong>complementar esta visita con el otro gran atractivo de este valle, la gastronom\u00eda.<\/strong> Para ello, al menos nosotros regresamos a Vegacervera, donde ten\u00edamos una mesa reservada para probar la cocina local. <a name=\"Llegar\"><\/a><br \/>\n&nbsp;<\/p>\n<h2><strong>Informaci\u00f3n de general sobre Vegacervera<\/strong><\/h2>\n<h3><strong>\u00bfC\u00f3mo llegar?<\/strong><\/h3>\n<p><strong>Para llegar a las <a href=\"https:\/\/goo.gl\/maps\/cx8A1N3QC46YJqpw9\" rel=\"noopener noFollow\" target=\"_blank\">Cuevas de Valporquero<\/a>, hay que <a href=\"https:\/\/goo.gl\/maps\/eSiVqEVAEpevwq9C8\" rel=\"nofollow noopener\" target=\"_blank\">pasar por el municipio de Vegacervera<\/a>,<\/strong> el pueblo principal del que depende la pedan\u00eda donde est\u00e1 el acceso a las cuevas.<\/p>\n<figure id=\"attachment_37401\" aria-describedby=\"caption-attachment-37401\" style=\"width: 640px\" class=\"wp-caption aligncenter\"><img decoding=\"async\" src=\"https:\/\/destinocastillayleon.es\/index\/wp-content\/uploads\/2023\/08\/Llegando-al-acceso-a-las-Cuevas-de-Valporquero-Destino-Castilla-y-Leon.jpg\" alt=\"Llegando al acceso a las Cuevas de Valporquero - Destino Castilla y Le\u00f3n\" width=\"640\" height=\"360\" class=\"size-full wp-image-37401\" srcset=\"https:\/\/destinocastillayleon.es\/index\/wp-content\/uploads\/2023\/08\/Llegando-al-acceso-a-las-Cuevas-de-Valporquero-Destino-Castilla-y-Leon.jpg 640w, https:\/\/destinocastillayleon.es\/index\/wp-content\/uploads\/2023\/08\/Llegando-al-acceso-a-las-Cuevas-de-Valporquero-Destino-Castilla-y-Leon-300x169.jpg 300w\" sizes=\"(max-width: 640px) 100vw, 640px\" \/><figcaption id=\"caption-attachment-37401\" class=\"wp-caption-text\">Llegando al acceso a las Cuevas de Valporquero &#8211; Destino Castilla y Le\u00f3n<\/figcaption><\/figure>\n<p>Desde Le\u00f3n, <strong>la mejor carretera es la N630, que atraviesa La Robla.<\/strong> Y aunque es peor carretera, puedes optar <strong>por la m\u00e1s directa carretera LE311,<\/strong> que tambi\u00e9n tiene su atractivo rural. <strong>Hay empresas que se dedican a organizar el viaje (transporte incluido) desde <a href=\"https:\/\/www.civitatis.com\/es\/leon\/excursion-cueva-valporquero\/?aid=99913\" rel=\"NoFollow noopener\" target=\"_blank\">Le\u00f3n<\/a>, o desde <a href=\"https:\/\/www.civitatis.com\/es\/ponferrada\/excursion-cueva-valporquero\/?aid=99913\" rel=\"NoFollow noopener\" target=\"_blank\">Ponferrada<\/a>,<\/strong> aunque no podemos contaros c\u00f3mo es el servicio. <a name=\"Comer\"><\/a><\/p>\n<h3><strong>\u00bfD\u00f3nde comer?<\/strong><\/h3>\n<p>Nosotros, <strong>para comer regresamos a Vegacervera, despu\u00e9s de un d\u00eda fresco y h\u00famedo, pese a ser junio.<\/strong> Perfecto para <strong>conocer la gastronom\u00eda local en el Restaurante Las Rocas de Vegacervera.<\/strong> Un restaurante que es parte de un negocio de turismo rural, con m\u00e1s actividades para realizar en la zona.<\/p>\n<p><center><iframe width=\"560\" height=\"315\" src=\"https:\/\/www.youtube.com\/embed\/XJSrdmczTKs\" title=\"YouTube video player\" frameborder=\"0\" allow=\"accelerometer; autoplay; clipboard-write; encrypted-media; gyroscope; picture-in-picture; web-share\" allowfullscreen><\/iframe><\/center><\/p>\n<p>Os dejamos el v\u00eddeo que han preparado <strong>los compa\u00f1eros de La Mesa del Conde<\/strong> que nos acompa\u00f1aron a probar <strong>una Caldereta de chivo de Vegacervera entre callado con su longaniza, patata y berza.<\/strong> Mejor os lo cuentan con m\u00e1s detalle en su publicaci\u00f3n sobre este <a href=\"https:\/\/lamesadelconde.es\/restaurante-las-rocas-de-vegacervera\/\" rel=\"noopener\" target=\"_blank\">Restaurante Las Rocas<\/a>. <a name=\"Dormir\"><\/a><\/p>\n<h3><strong>\u00bfD\u00f3nde alojarte?<\/strong><\/h3>\n<p>Indicaros que <strong>no nos alojamos en Vegacervera, si no que nuestro viaje nos llev\u00f3 a descansar en Ria\u00f1o,<\/strong> en el <a href=\"https:\/\/www.booking.com\/hotel\/es\/hostal-sainz.es.html?aid=1366108&#038;sid=15e6680adda97b4f622f3a6627902acb&#038;dest_id=-398994;dest_type=city;dist=0;group_adults=2;group_children=0;hapos=1;hpos=1;no_rooms=1;req_adults=2;req_children=0;room1=A%2CA;sb_price_type=total;sr_order=popularity;srepoch=1689158470;srpvid=c9604b220830008c;type=total;ucfs=1&#038;#hotelTmpl\" rel=\"nofollow noopener\" target=\"_blank\"><strong>Hotel Hostal Sainz<\/strong><\/a>. No estuvo mal; c\u00f3modo, limpio y bien situado; aunque igual lejos de este valle, no tanto en l\u00ednea recta; si no, porque hay que salir del valle del r\u00edo Torio bajando hasta el p\u00e1ramo, y luego subir a otro valle. Aunque tampoco es tanto.<\/p>\n<figure id=\"attachment_37170\" aria-describedby=\"caption-attachment-37170\" style=\"width: 580px\" class=\"wp-caption aligncenter\"><img decoding=\"async\" src=\"https:\/\/destinocastillayleon.es\/index\/wp-content\/uploads\/2023\/07\/Habitacion-del-hotel-rural-Sainz-en-Riano-Destino-Castilla-y-Leon.jpg\" alt=\"Habitaci\u00f3n del hotel rural Sainz en Ria\u00f1o - Destino Castilla y Le\u00f3n\" width=\"580\" height=\"327\" class=\"size-full wp-image-37170\" srcset=\"https:\/\/destinocastillayleon.es\/index\/wp-content\/uploads\/2023\/07\/Habitacion-del-hotel-rural-Sainz-en-Riano-Destino-Castilla-y-Leon.jpg 580w, https:\/\/destinocastillayleon.es\/index\/wp-content\/uploads\/2023\/07\/Habitacion-del-hotel-rural-Sainz-en-Riano-Destino-Castilla-y-Leon-300x169.jpg 300w\" sizes=\"(max-width: 580px) 100vw, 580px\" \/><figcaption id=\"caption-attachment-37170\" class=\"wp-caption-text\">Habitaci\u00f3n del <a href=\"https:\/\/www.booking.com\/hotel\/es\/hostal-sainz.es.html?aid=1366108&#038;sid=15e6680adda97b4f622f3a6627902acb&#038;dest_id=-398994;dest_type=city;dist=0;group_adults=2;group_children=0;hapos=1;hpos=1;no_rooms=1;req_adults=2;req_children=0;room1=A%2CA;sb_price_type=total;sr_order=popularity;srepoch=1689158470;srpvid=c9604b220830008c;type=total;ucfs=1&#038;#hotelTmpl\" rel=\"NoFollow noopener\" target=\"_Blank\"><u>Hostal Sainz<\/u><\/a> en Ria\u00f1o &#8211; Destino Castilla y Le\u00f3n<\/figcaption><\/figure>\n<p>Pero si prefer\u00eds quedaros en Vegacervera o en su entorno, en el propio pueblo de Vegacervera est\u00e1 el <a href=\"https:\/\/www.booking.com\/hotel\/es\/albergue-cueva-de-valporquero.es.html?aid=1281624&#038;sid=416dea83fc1e2e9b392a969e6359202a&#038;age=12;dest_id=-406684;dest_type=city;dist=0;group_adults=2;group_children=1;hapos=1;hpos=1;no_rooms=1;req_adults=2;req_age=12;req_children=1;room1=A%2CA%2C12;sb_price_type=total;sr_order=popularity;srepoch=1692278241;srpvid=7d065d6b61c00194;type=total;ucfs=1&#038;#hotelTmpl\" rel=\"nofollow noopener\" target=\"_blank\"><strong>Albergue Cueva de Valporquero<\/strong><\/a>, que comparte las instalaciones con el Restaurante Las Rocas; y tambi\u00e9n el <a href=\"https:\/\/www.booking.com\/hotel\/es\/fuentes-blancas.es.html?aid=1281624&#038;sid=416dea83fc1e2e9b392a969e6359202a&#038;age=12;dest_id=-406684;dest_type=city;dist=0;group_adults=2;group_children=1;hapos=2;hpos=2;no_rooms=1;req_adults=2;req_age=12;req_children=1;room1=A%2CA%2C12;sb_price_type=total;sr_order=popularity;srepoch=1692278241;srpvid=7d065d6b61c00194;type=total;ucfs=1&#038;#hotelTmpl\" rel=\"NoFollow noopener\" target=\"_blank\"><strong>Hotel rural de Fuentes Blancas<\/strong><\/a>. Ambas son opciones interesantes para visitar esta zona de Le\u00f3n. <a name=\"Historia\"><\/a><\/p>\n<h3><strong>Breve historia de la Cueva de Valporquero<\/strong><\/h3>\n<p>La cueva <strong>se form\u00f3 hace m\u00e1s de un mill\u00f3n de a\u00f1os,<\/strong> en el Pleistoceno de la era Cuaternaria. Las aguas del arroyo de Valporquero empezaron a <strong>filtrarse al terrenos a trav\u00e9s de fisuras en la roca caliza,<\/strong> disolvi\u00e9ndola paulatinamente, y adentr\u00e1ndose en el interior de la monta\u00f1a.<\/p>\n<figure id=\"attachment_37404\" aria-describedby=\"caption-attachment-37404\" style=\"width: 640px\" class=\"wp-caption aligncenter\"><img decoding=\"async\" src=\"https:\/\/destinocastillayleon.es\/index\/wp-content\/uploads\/2023\/08\/Formacion-caprichosa-conocida-como-El-Fantasma-Destino-Castilla-y-Leon.jpg\" alt=\"Formaci\u00f3n caprichosa conocida como El Fantasma - Destino Castilla y Le\u00f3n\" width=\"640\" height=\"361\" class=\"size-full wp-image-37404\" srcset=\"https:\/\/destinocastillayleon.es\/index\/wp-content\/uploads\/2023\/08\/Formacion-caprichosa-conocida-como-El-Fantasma-Destino-Castilla-y-Leon.jpg 640w, https:\/\/destinocastillayleon.es\/index\/wp-content\/uploads\/2023\/08\/Formacion-caprichosa-conocida-como-El-Fantasma-Destino-Castilla-y-Leon-300x169.jpg 300w\" sizes=\"(max-width: 640px) 100vw, 640px\" \/><figcaption id=\"caption-attachment-37404\" class=\"wp-caption-text\">Formaci\u00f3n caprichosa conocida como El Fantasma &#8211; Destino Castilla y Le\u00f3n<\/figcaption><\/figure>\n<p>Tras su descubrimiento, <strong>las Cuevas de Valporquero abrieron al p\u00fablico en 1966,<\/strong> tras su estudio y su acondicionamiento de iluminaci\u00f3n.<\/p>\n<p><strong>En 2016, y tras una revisi\u00f3n de las instalaciones existentes,<\/strong> se reabrieron al p\u00fablico en el formato actual, para as\u00ed celebrar el 50 aniversario de esta Catedral de la Tierra.<\/p>\n<h4>Tambi\u00e9n te puede interesar<\/h4>\n<ul>\n<li><a href=\"https:\/\/destinocastillayleon.es\/index\/museo-de-la-siderurgia-y-la-mineria-de-sabero\/\">Museo de la Siderurgia y la Miner\u00eda de Sabero<\/a>.<\/li>\n<li><a href=\"https:\/\/destinocastillayleon.es\/index\/las-7-grandes-cuevas-visitables-en-castilla-y-leon\/\">Las 7 grandes cuevas visitables en Castilla y Le\u00f3n<\/a>.<\/li>\n<li><a href=\"https:\/\/destinocastillayleon.es\/index\/minas-y-cueva-de-puras-de-villafranca\/\">Cueva de Fuentemolinos, turismo entre minas y cuevas de Puras de Villafranca<\/a>.<\/li>\n<\/ul>\n","protected":false},"excerpt":{"rendered":"<p>Te mostramos la experiencia de conocer las Cuevas de Valporquero. Uno de los complejos k\u00e1rsticos m\u00e1s impresionantes en las monta\u00f1as de Le\u00f3n.<\/p>\n","protected":false},"author":2,"featured_media":37403,"comment_status":"open","ping_status":"closed","sticky":false,"template":"","format":"standard","meta":{"rop_custom_images_group":[],"rop_custom_messages_group":[],"rop_publish_now":"initial","rop_publish_now_accounts":{"twitter_1150954226_1150954226":""},"rop_publish_now_history":[],"rop_publish_now_status":"pending","footnotes":""},"categories":[3472,63,4712,68,73,384,5314],"tags":[6084,4698,667],"class_list":["post-37364","post","type-post","status-publish","format-standard","has-post-thumbnail","hentry","category-inspirate","category-leon","category-leon-turismo","category-post_inicial","category-punto_singular","category-rutas-2","category-turismo-activo","tag-conoce-leon","tag-cuevas-visitables","tag-turismo-en-leon"],"yoast_head":"<!-- This site is optimized with the Yoast SEO Premium plugin v20.4 (Yoast SEO v27.4) - https:\/\/yoast.com\/product\/yoast-seo-premium-wordpress\/ -->\n<title>Visita a las cuevas de Valporquero - Destino Castilla y Le\u00f3n<\/title>\n<meta name=\"description\" content=\"Te mostramos la experiencia de conocer las Cuevas de Valporquero. Uno de los complejos k\u00e1rsticos m\u00e1s impresionantes en las monta\u00f1as de Le\u00f3n.\" \/>\n<meta name=\"robots\" content=\"index, follow, max-snippet:-1, max-image-preview:large, max-video-preview:-1\" \/>\n<link rel=\"canonical\" href=\"https:\/\/destinocastillayleon.es\/index\/visita-a-las-cuevas-de-valporquero\/\" \/>\n<meta property=\"og:locale\" content=\"es_ES\" \/>\n<meta property=\"og:type\" content=\"article\" \/>\n<meta property=\"og:title\" content=\"Visita a las cuevas de Valporquero - Destino Castilla y Le\u00f3n\" \/>\n<meta property=\"og:description\" content=\"Te mostramos la experiencia de conocer las Cuevas de Valporquero. Uno de los complejos k\u00e1rsticos m\u00e1s impresionantes en las monta\u00f1as de Le\u00f3n.\" \/>\n<meta property=\"og:url\" content=\"https:\/\/destinocastillayleon.es\/index\/visita-a-las-cuevas-de-valporquero\/\" \/>\n<meta property=\"og:site_name\" content=\"Destino Castilla y Le\u00f3n\" \/>\n<meta property=\"article:publisher\" content=\"https:\/\/www.facebook.com\/DestinoCastillaYLeon\/\" \/>\n<meta property=\"article:author\" content=\"https:\/\/www.facebook.com\/profile.php?id=1158416854\" \/>\n<meta property=\"article:published_time\" content=\"2023-08-18T09:31:11+00:00\" \/>\n<meta property=\"article:modified_time\" content=\"2023-08-29T08:21:56+00:00\" \/>\n<meta property=\"og:image\" content=\"https:\/\/destinocastillayleon.es\/index\/wp-content\/uploads\/2023\/08\/Visita-a-las-Cuevas-de-Valporquero-Destino-Castilla-y-Leon.jpg\" \/>\n\t<meta property=\"og:image:width\" content=\"1210\" \/>\n\t<meta property=\"og:image:height\" content=\"655\" \/>\n\t<meta property=\"og:image:type\" content=\"image\/jpeg\" \/>\n<meta name=\"author\" content=\"David V\u00e1zquez\" \/>\n<meta name=\"twitter:card\" content=\"summary_large_image\" \/>\n<meta name=\"twitter:title\" content=\"Visita a las cuevas de Valporquero - Destino Castilla y Le\u00f3n\" \/>\n<meta name=\"twitter:description\" content=\"Te mostramos la experiencia de conocer las Cuevas de Valporquero. Uno de los complejos k\u00e1rsticos m\u00e1s impresionantes en las monta\u00f1as de Le\u00f3n.\" \/>\n<meta name=\"twitter:creator\" content=\"@https:\/\/twitter.com\/ContePantaleone\u200e\" \/>\n<meta name=\"twitter:site\" content=\"@destinocyl\" \/>\n<meta name=\"twitter:label1\" content=\"Escrito por\" \/>\n\t<meta name=\"twitter:data1\" content=\"David V\u00e1zquez\" \/>\n\t<meta name=\"twitter:label2\" content=\"Tiempo de lectura\" \/>\n\t<meta name=\"twitter:data2\" content=\"18 minutos\" \/>\n<script type=\"application\/ld+json\" class=\"yoast-schema-graph\">{\"@context\":\"https:\\\/\\\/schema.org\",\"@graph\":[{\"@type\":\"Article\",\"@id\":\"https:\\\/\\\/destinocastillayleon.es\\\/index\\\/visita-a-las-cuevas-de-valporquero\\\/#article\",\"isPartOf\":{\"@id\":\"https:\\\/\\\/destinocastillayleon.es\\\/index\\\/visita-a-las-cuevas-de-valporquero\\\/\"},\"author\":{\"name\":\"David V\u00e1zquez\",\"@id\":\"https:\\\/\\\/destinocastillayleon.es\\\/index\\\/#\\\/schema\\\/person\\\/189221bc8f6cc4fa28b18ad5c289d4c2\"},\"headline\":\"Visita a las cuevas de Valporquero\",\"datePublished\":\"2023-08-18T09:31:11+00:00\",\"dateModified\":\"2023-08-29T08:21:56+00:00\",\"mainEntityOfPage\":{\"@id\":\"https:\\\/\\\/destinocastillayleon.es\\\/index\\\/visita-a-las-cuevas-de-valporquero\\\/\"},\"wordCount\":3094,\"commentCount\":0,\"image\":{\"@id\":\"https:\\\/\\\/destinocastillayleon.es\\\/index\\\/visita-a-las-cuevas-de-valporquero\\\/#primaryimage\"},\"thumbnailUrl\":\"https:\\\/\\\/destinocastillayleon.es\\\/index\\\/wp-content\\\/uploads\\\/2023\\\/08\\\/Visita-a-las-Cuevas-de-Valporquero-Destino-Castilla-y-Leon.jpg\",\"keywords\":[\"Conoce Le\u00f3n\",\"cuevas visitables\",\"Turismo en Le\u00f3n\"],\"articleSection\":[\"Inspirate\",\"Leon\",\"Leon turismo\",\"Post_inicial\",\"Punto Singular\",\"Rutas\",\"Turismo Activo\"],\"inLanguage\":\"es\",\"potentialAction\":[{\"@type\":\"CommentAction\",\"name\":\"Comment\",\"target\":[\"https:\\\/\\\/destinocastillayleon.es\\\/index\\\/visita-a-las-cuevas-de-valporquero\\\/#respond\"]}]},{\"@type\":\"WebPage\",\"@id\":\"https:\\\/\\\/destinocastillayleon.es\\\/index\\\/visita-a-las-cuevas-de-valporquero\\\/\",\"url\":\"https:\\\/\\\/destinocastillayleon.es\\\/index\\\/visita-a-las-cuevas-de-valporquero\\\/\",\"name\":\"Visita a las cuevas de Valporquero - Destino Castilla y Le\u00f3n\",\"isPartOf\":{\"@id\":\"https:\\\/\\\/destinocastillayleon.es\\\/index\\\/#website\"},\"primaryImageOfPage\":{\"@id\":\"https:\\\/\\\/destinocastillayleon.es\\\/index\\\/visita-a-las-cuevas-de-valporquero\\\/#primaryimage\"},\"image\":{\"@id\":\"https:\\\/\\\/destinocastillayleon.es\\\/index\\\/visita-a-las-cuevas-de-valporquero\\\/#primaryimage\"},\"thumbnailUrl\":\"https:\\\/\\\/destinocastillayleon.es\\\/index\\\/wp-content\\\/uploads\\\/2023\\\/08\\\/Visita-a-las-Cuevas-de-Valporquero-Destino-Castilla-y-Leon.jpg\",\"datePublished\":\"2023-08-18T09:31:11+00:00\",\"dateModified\":\"2023-08-29T08:21:56+00:00\",\"author\":{\"@id\":\"https:\\\/\\\/destinocastillayleon.es\\\/index\\\/#\\\/schema\\\/person\\\/189221bc8f6cc4fa28b18ad5c289d4c2\"},\"description\":\"Te mostramos la experiencia de conocer las Cuevas de Valporquero. Uno de los complejos k\u00e1rsticos m\u00e1s impresionantes en las monta\u00f1as de Le\u00f3n.\",\"breadcrumb\":{\"@id\":\"https:\\\/\\\/destinocastillayleon.es\\\/index\\\/visita-a-las-cuevas-de-valporquero\\\/#breadcrumb\"},\"inLanguage\":\"es\",\"potentialAction\":[{\"@type\":\"ReadAction\",\"target\":[\"https:\\\/\\\/destinocastillayleon.es\\\/index\\\/visita-a-las-cuevas-de-valporquero\\\/\"]}]},{\"@type\":\"ImageObject\",\"inLanguage\":\"es\",\"@id\":\"https:\\\/\\\/destinocastillayleon.es\\\/index\\\/visita-a-las-cuevas-de-valporquero\\\/#primaryimage\",\"url\":\"https:\\\/\\\/destinocastillayleon.es\\\/index\\\/wp-content\\\/uploads\\\/2023\\\/08\\\/Visita-a-las-Cuevas-de-Valporquero-Destino-Castilla-y-Leon.jpg\",\"contentUrl\":\"https:\\\/\\\/destinocastillayleon.es\\\/index\\\/wp-content\\\/uploads\\\/2023\\\/08\\\/Visita-a-las-Cuevas-de-Valporquero-Destino-Castilla-y-Leon.jpg\",\"width\":1210,\"height\":655,\"caption\":\"Visita a las Cuevas de Valporquero - Destino Castilla y Le\u00f3n\"},{\"@type\":\"BreadcrumbList\",\"@id\":\"https:\\\/\\\/destinocastillayleon.es\\\/index\\\/visita-a-las-cuevas-de-valporquero\\\/#breadcrumb\",\"itemListElement\":[{\"@type\":\"ListItem\",\"position\":1,\"name\":\"Portada\",\"item\":\"https:\\\/\\\/destinocastillayleon.es\\\/index\\\/\"},{\"@type\":\"ListItem\",\"position\":2,\"name\":\"Visita a las cuevas de Valporquero\"}]},{\"@type\":\"WebSite\",\"@id\":\"https:\\\/\\\/destinocastillayleon.es\\\/index\\\/#website\",\"url\":\"https:\\\/\\\/destinocastillayleon.es\\\/index\\\/\",\"name\":\"Destino Castilla y Le\u00f3n\",\"description\":\"Medio digital independiente y revista de Castilla y Le\u00f3n dedicado al turismo, gastronom\u00eda y vino de Castilla y Le\u00f3n\",\"potentialAction\":[{\"@type\":\"SearchAction\",\"target\":{\"@type\":\"EntryPoint\",\"urlTemplate\":\"https:\\\/\\\/destinocastillayleon.es\\\/index\\\/?s={search_term_string}\"},\"query-input\":{\"@type\":\"PropertyValueSpecification\",\"valueRequired\":true,\"valueName\":\"search_term_string\"}}],\"inLanguage\":\"es\"},{\"@type\":\"Person\",\"@id\":\"https:\\\/\\\/destinocastillayleon.es\\\/index\\\/#\\\/schema\\\/person\\\/189221bc8f6cc4fa28b18ad5c289d4c2\",\"name\":\"David V\u00e1zquez\",\"image\":{\"@type\":\"ImageObject\",\"inLanguage\":\"es\",\"@id\":\"https:\\\/\\\/secure.gravatar.com\\\/avatar\\\/cd12db6c575a90c3b75cfa0f794b74d425201c768612fad17e9f13cd33d48be8?s=96&d=mm&r=g\",\"url\":\"https:\\\/\\\/secure.gravatar.com\\\/avatar\\\/cd12db6c575a90c3b75cfa0f794b74d425201c768612fad17e9f13cd33d48be8?s=96&d=mm&r=g\",\"contentUrl\":\"https:\\\/\\\/secure.gravatar.com\\\/avatar\\\/cd12db6c575a90c3b75cfa0f794b74d425201c768612fad17e9f13cd33d48be8?s=96&d=mm&r=g\",\"caption\":\"David V\u00e1zquez\"},\"description\":\"Ingeniero Industrial de vocaci\u00f3n y profesi\u00f3n, he encontrado en los blogs la forma de plasmar mi pasi\u00f3n por los viajes, la gastronom\u00eda y los vinos. Especialmente los procedentes de Castilla y Le\u00f3n\",\"sameAs\":[\"https:\\\/\\\/www.destinocastillayleon.es\",\"https:\\\/\\\/www.facebook.com\\\/profile.php?id=1158416854\",\"https:\\\/\\\/instagram.com\\\/conte.pantaleone\",\"https:\\\/\\\/www.linkedin.com\\\/pub\\\/david-vazquez-lozano\\\/37\\\/17a\\\/25a\",\"https:\\\/\\\/x.com\\\/https:\\\/\\\/twitter.com\\\/ContePantaleone\u200e\"],\"url\":\"https:\\\/\\\/destinocastillayleon.es\\\/index\\\/author\\\/coadministradorcyl\\\/\"}]}<\/script>\n<!-- \/ Yoast SEO Premium plugin. -->","yoast_head_json":{"title":"Visita a las cuevas de Valporquero - Destino Castilla y Le\u00f3n","description":"Te mostramos la experiencia de conocer las Cuevas de Valporquero. Uno de los complejos k\u00e1rsticos m\u00e1s impresionantes en las monta\u00f1as de Le\u00f3n.","robots":{"index":"index","follow":"follow","max-snippet":"max-snippet:-1","max-image-preview":"max-image-preview:large","max-video-preview":"max-video-preview:-1"},"canonical":"https:\/\/destinocastillayleon.es\/index\/visita-a-las-cuevas-de-valporquero\/","og_locale":"es_ES","og_type":"article","og_title":"Visita a las cuevas de Valporquero - Destino Castilla y Le\u00f3n","og_description":"Te mostramos la experiencia de conocer las Cuevas de Valporquero. Uno de los complejos k\u00e1rsticos m\u00e1s impresionantes en las monta\u00f1as de Le\u00f3n.","og_url":"https:\/\/destinocastillayleon.es\/index\/visita-a-las-cuevas-de-valporquero\/","og_site_name":"Destino Castilla y Le\u00f3n","article_publisher":"https:\/\/www.facebook.com\/DestinoCastillaYLeon\/","article_author":"https:\/\/www.facebook.com\/profile.php?id=1158416854","article_published_time":"2023-08-18T09:31:11+00:00","article_modified_time":"2023-08-29T08:21:56+00:00","og_image":[{"width":1210,"height":655,"url":"https:\/\/destinocastillayleon.es\/index\/wp-content\/uploads\/2023\/08\/Visita-a-las-Cuevas-de-Valporquero-Destino-Castilla-y-Leon.jpg","type":"image\/jpeg"}],"author":"David V\u00e1zquez","twitter_card":"summary_large_image","twitter_title":"Visita a las cuevas de Valporquero - Destino Castilla y Le\u00f3n","twitter_description":"Te mostramos la experiencia de conocer las Cuevas de Valporquero. Uno de los complejos k\u00e1rsticos m\u00e1s impresionantes en las monta\u00f1as de Le\u00f3n.","twitter_creator":"@https:\/\/twitter.com\/ContePantaleone\u200e","twitter_site":"@destinocyl","twitter_misc":{"Escrito por":"David V\u00e1zquez","Tiempo de lectura":"18 minutos"},"schema":{"@context":"https:\/\/schema.org","@graph":[{"@type":"Article","@id":"https:\/\/destinocastillayleon.es\/index\/visita-a-las-cuevas-de-valporquero\/#article","isPartOf":{"@id":"https:\/\/destinocastillayleon.es\/index\/visita-a-las-cuevas-de-valporquero\/"},"author":{"name":"David V\u00e1zquez","@id":"https:\/\/destinocastillayleon.es\/index\/#\/schema\/person\/189221bc8f6cc4fa28b18ad5c289d4c2"},"headline":"Visita a las cuevas de Valporquero","datePublished":"2023-08-18T09:31:11+00:00","dateModified":"2023-08-29T08:21:56+00:00","mainEntityOfPage":{"@id":"https:\/\/destinocastillayleon.es\/index\/visita-a-las-cuevas-de-valporquero\/"},"wordCount":3094,"commentCount":0,"image":{"@id":"https:\/\/destinocastillayleon.es\/index\/visita-a-las-cuevas-de-valporquero\/#primaryimage"},"thumbnailUrl":"https:\/\/destinocastillayleon.es\/index\/wp-content\/uploads\/2023\/08\/Visita-a-las-Cuevas-de-Valporquero-Destino-Castilla-y-Leon.jpg","keywords":["Conoce Le\u00f3n","cuevas visitables","Turismo en Le\u00f3n"],"articleSection":["Inspirate","Leon","Leon turismo","Post_inicial","Punto Singular","Rutas","Turismo Activo"],"inLanguage":"es","potentialAction":[{"@type":"CommentAction","name":"Comment","target":["https:\/\/destinocastillayleon.es\/index\/visita-a-las-cuevas-de-valporquero\/#respond"]}]},{"@type":"WebPage","@id":"https:\/\/destinocastillayleon.es\/index\/visita-a-las-cuevas-de-valporquero\/","url":"https:\/\/destinocastillayleon.es\/index\/visita-a-las-cuevas-de-valporquero\/","name":"Visita a las cuevas de Valporquero - Destino Castilla y Le\u00f3n","isPartOf":{"@id":"https:\/\/destinocastillayleon.es\/index\/#website"},"primaryImageOfPage":{"@id":"https:\/\/destinocastillayleon.es\/index\/visita-a-las-cuevas-de-valporquero\/#primaryimage"},"image":{"@id":"https:\/\/destinocastillayleon.es\/index\/visita-a-las-cuevas-de-valporquero\/#primaryimage"},"thumbnailUrl":"https:\/\/destinocastillayleon.es\/index\/wp-content\/uploads\/2023\/08\/Visita-a-las-Cuevas-de-Valporquero-Destino-Castilla-y-Leon.jpg","datePublished":"2023-08-18T09:31:11+00:00","dateModified":"2023-08-29T08:21:56+00:00","author":{"@id":"https:\/\/destinocastillayleon.es\/index\/#\/schema\/person\/189221bc8f6cc4fa28b18ad5c289d4c2"},"description":"Te mostramos la experiencia de conocer las Cuevas de Valporquero. Uno de los complejos k\u00e1rsticos m\u00e1s impresionantes en las monta\u00f1as de Le\u00f3n.","breadcrumb":{"@id":"https:\/\/destinocastillayleon.es\/index\/visita-a-las-cuevas-de-valporquero\/#breadcrumb"},"inLanguage":"es","potentialAction":[{"@type":"ReadAction","target":["https:\/\/destinocastillayleon.es\/index\/visita-a-las-cuevas-de-valporquero\/"]}]},{"@type":"ImageObject","inLanguage":"es","@id":"https:\/\/destinocastillayleon.es\/index\/visita-a-las-cuevas-de-valporquero\/#primaryimage","url":"https:\/\/destinocastillayleon.es\/index\/wp-content\/uploads\/2023\/08\/Visita-a-las-Cuevas-de-Valporquero-Destino-Castilla-y-Leon.jpg","contentUrl":"https:\/\/destinocastillayleon.es\/index\/wp-content\/uploads\/2023\/08\/Visita-a-las-Cuevas-de-Valporquero-Destino-Castilla-y-Leon.jpg","width":1210,"height":655,"caption":"Visita a las Cuevas de Valporquero - Destino Castilla y Le\u00f3n"},{"@type":"BreadcrumbList","@id":"https:\/\/destinocastillayleon.es\/index\/visita-a-las-cuevas-de-valporquero\/#breadcrumb","itemListElement":[{"@type":"ListItem","position":1,"name":"Portada","item":"https:\/\/destinocastillayleon.es\/index\/"},{"@type":"ListItem","position":2,"name":"Visita a las cuevas de Valporquero"}]},{"@type":"WebSite","@id":"https:\/\/destinocastillayleon.es\/index\/#website","url":"https:\/\/destinocastillayleon.es\/index\/","name":"Destino Castilla y Le\u00f3n","description":"Medio digital independiente y revista de Castilla y Le\u00f3n dedicado al turismo, gastronom\u00eda y vino de Castilla y Le\u00f3n","potentialAction":[{"@type":"SearchAction","target":{"@type":"EntryPoint","urlTemplate":"https:\/\/destinocastillayleon.es\/index\/?s={search_term_string}"},"query-input":{"@type":"PropertyValueSpecification","valueRequired":true,"valueName":"search_term_string"}}],"inLanguage":"es"},{"@type":"Person","@id":"https:\/\/destinocastillayleon.es\/index\/#\/schema\/person\/189221bc8f6cc4fa28b18ad5c289d4c2","name":"David V\u00e1zquez","image":{"@type":"ImageObject","inLanguage":"es","@id":"https:\/\/secure.gravatar.com\/avatar\/cd12db6c575a90c3b75cfa0f794b74d425201c768612fad17e9f13cd33d48be8?s=96&d=mm&r=g","url":"https:\/\/secure.gravatar.com\/avatar\/cd12db6c575a90c3b75cfa0f794b74d425201c768612fad17e9f13cd33d48be8?s=96&d=mm&r=g","contentUrl":"https:\/\/secure.gravatar.com\/avatar\/cd12db6c575a90c3b75cfa0f794b74d425201c768612fad17e9f13cd33d48be8?s=96&d=mm&r=g","caption":"David V\u00e1zquez"},"description":"Ingeniero Industrial de vocaci\u00f3n y profesi\u00f3n, he encontrado en los blogs la forma de plasmar mi pasi\u00f3n por los viajes, la gastronom\u00eda y los vinos. Especialmente los procedentes de Castilla y Le\u00f3n","sameAs":["https:\/\/www.destinocastillayleon.es","https:\/\/www.facebook.com\/profile.php?id=1158416854","https:\/\/instagram.com\/conte.pantaleone","https:\/\/www.linkedin.com\/pub\/david-vazquez-lozano\/37\/17a\/25a","https:\/\/x.com\/https:\/\/twitter.com\/ContePantaleone\u200e"],"url":"https:\/\/destinocastillayleon.es\/index\/author\/coadministradorcyl\/"}]}},"_links":{"self":[{"href":"https:\/\/destinocastillayleon.es\/index\/wp-json\/wp\/v2\/posts\/37364","targetHints":{"allow":["GET"]}}],"collection":[{"href":"https:\/\/destinocastillayleon.es\/index\/wp-json\/wp\/v2\/posts"}],"about":[{"href":"https:\/\/destinocastillayleon.es\/index\/wp-json\/wp\/v2\/types\/post"}],"author":[{"embeddable":true,"href":"https:\/\/destinocastillayleon.es\/index\/wp-json\/wp\/v2\/users\/2"}],"replies":[{"embeddable":true,"href":"https:\/\/destinocastillayleon.es\/index\/wp-json\/wp\/v2\/comments?post=37364"}],"version-history":[{"count":14,"href":"https:\/\/destinocastillayleon.es\/index\/wp-json\/wp\/v2\/posts\/37364\/revisions"}],"predecessor-version":[{"id":37533,"href":"https:\/\/destinocastillayleon.es\/index\/wp-json\/wp\/v2\/posts\/37364\/revisions\/37533"}],"wp:featuredmedia":[{"embeddable":true,"href":"https:\/\/destinocastillayleon.es\/index\/wp-json\/wp\/v2\/media\/37403"}],"wp:attachment":[{"href":"https:\/\/destinocastillayleon.es\/index\/wp-json\/wp\/v2\/media?parent=37364"}],"wp:term":[{"taxonomy":"category","embeddable":true,"href":"https:\/\/destinocastillayleon.es\/index\/wp-json\/wp\/v2\/categories?post=37364"},{"taxonomy":"post_tag","embeddable":true,"href":"https:\/\/destinocastillayleon.es\/index\/wp-json\/wp\/v2\/tags?post=37364"}],"curies":[{"name":"wp","href":"https:\/\/api.w.org\/{rel}","templated":true}]}}