{"id":37081,"date":"2023-06-22T18:06:19","date_gmt":"2023-06-22T16:06:19","guid":{"rendered":"https:\/\/destinocastillayleon.es\/index\/?p=37081"},"modified":"2023-06-22T15:06:43","modified_gmt":"2023-06-22T13:06:43","slug":"avila-en-tapas-2023","status":"publish","type":"post","link":"https:\/\/destinocastillayleon.es\/index\/avila-en-tapas-2023\/","title":{"rendered":"\u00c1vila en Tapas 2023"},"content":{"rendered":"<p>Toma nota, porque este fin de semana, <strong>del 23 al 25 de junio de 2023, tienes una cita con \u00c1vila en Tapas 2023,<\/strong> un certamen de la gastronom\u00eda de lo peque\u00f1o. Te contamos c\u00f3mo va a ser.<\/p>\n<p>Un a\u00f1o m\u00e1s, \u00c1vila se prepara para celebrar <strong>su tradicional concurso de tapas, \u00c1vila en Tapas 2023.<\/strong> Este a\u00f1o ya van veintid\u00f3s ediciones, consolidando a la ciudad amurallada como uno de los mejores sitios para realizar una ruta de tapas.<\/p>\n<h2><strong>\u00c1vila en Tapas 2023<\/strong><\/h2>\n<p>Como en otras ediciones, en este certamen p<strong>articipan un buen n\u00famero de establecimientos de \u00c1vila, en concreto este a\u00f1o ser\u00e1n 30 bares, restaurantes y gastroespacios de \u00c1vila<\/strong> que pugnar\u00e1n para hacerse con alguno de los 3 premios que otorgar\u00e1 un jurado de chefs y profesionales de la cocina.<\/p>\n<figure id=\"attachment_14565\" aria-describedby=\"caption-attachment-14565\" style=\"width: 385px\" class=\"wp-caption aligncenter\"><img decoding=\"async\" src=\"https:\/\/lamesadelconde.es\/wp-content\/uploads\/2023\/06\/Cartel-de-Avila-en-Tapas-2023.jpg\" alt=\"Cartel de \u00c1vila en Tapas 2023\" width=\"385\" height=\"500\" class=\"size-full wp-image-14565\" border=\"2\" \/><figcaption id=\"caption-attachment-14565\" class=\"wp-caption-text\">Cartel de \u00c1vila en Tapas 2023<\/figcaption><\/figure>\n<p>Pero adicionalmente, existen <strong>cuatro categor\u00edas especiales,<\/strong> dedicadas a aspectos muy concretos de estas elaboraciones. Y estas son:<\/p>\n<ul>\n<li>\u201c<strong>Innovaci\u00f3n<\/strong>\u201d, se otorgar\u00e1 por el uso o la introducci\u00f3n de t\u00e9cnicas destacadas o elaboraciones innovadoras.<\/li>\n<li>\u201c<strong>De nuestra tierra<\/strong>\u201d, estar\u00e1 relacionado con el A\u00f1o Jubilar Teresiano y reconocer\u00e1 el uso notable de productos singulares de la provincia de \u00c1vila o la creaci\u00f3n de platos del recetario carmelitano.<\/li>\n<li>\u201c<strong>Otros mundos<\/strong>\u201d, se entregar\u00e1 por el uso de productos o recetas singulares de otras regiones.<\/li>\n<li>\u201c<strong>Sin barreras<\/strong>\u201d se otorgar\u00e1 a las tapas adaptadas o susceptibles de adaptaci\u00f3n para personas con intolerancias alimentarias, especialmente el gluten.<\/li>\n<\/ul>\n<p>Tambi\u00e9n habr\u00e1 <strong>un premio especial del p\u00fablico, en el que puede participar cualquiera.<\/strong> Tan solo es necesario usar la App del concurso, que puede <a href=\"https:\/\/t.co\/cYvNAyvEav\" rel=\"noopener nofollow\" target=\"_blank\"><strong>descargarse aqu\u00ed<\/strong><\/a>. Entre los participantes, tambi\u00e9n se sortear\u00e1n premios muy interesantes.<\/p>\n<h3><strong>El jurado<\/strong><\/h3>\n<p>Para esta edici\u00f3n, habr\u00e1 <strong>un primer comit\u00e9 de expertos en gastronom\u00eda y comunicaci\u00f3n digital en redes sociales,<\/strong> compuesto por <a href=\"https:\/\/lamesadelconde.es\/\" rel=\"noopener\" target=\"_blank\">La mesa del Conde<\/a> gastrosite, <a href=\"https:\/\/www.mapaymochila.es\/\" rel=\"noopener nofollow\" target=\"_blank\">Mapa y Mochila<\/a>, <a href=\"https:\/\/lasrecetasdecarol.com\/\" rel=\"noopener nofollow\" target=\"_blank\">Las recetas de Carol<\/a>, <a href=\"https:\/\/twitter.com\/viajedeinterior\" rel=\"noopener\" target=\"_blank\">Viajando por Espa\u00f1a<\/a> y <a href=\"https:\/\/dondecomenoelia.es\/\" rel=\"noopener nofollow\" target=\"_blank\">D\u00f3nde come Noelia<\/a>. Todos reconocidos <strong>prescriptores, blogueros gastron\u00f3micos y especialistas en comunicaci\u00f3n en redes sociales en los \u00e1mbitos del turismo y gastronom\u00eda.<\/strong><\/p>\n<figure id=\"attachment_14557\" aria-describedby=\"caption-attachment-14557\" style=\"width: 580px\" class=\"wp-caption aligncenter\"><img decoding=\"async\" src=\"https:\/\/lamesadelconde.es\/wp-content\/uploads\/2023\/06\/Jurado-en-Avila-en-Tapas-2020-La-mesa-del-Conde.jpg\" alt=\"jurado\" Tilte=\"Jurado en \u00c1vila en Tapas 2020 - La mesa del Conde\" width=\"580\" class=\"size-full wp-image-14557\" \/><figcaption id=\"caption-attachment-14557\" class=\"wp-caption-text\">La mesa del Conde como jurado en \u00c1vila en Tapas 2020 \u2013 Imagen de La mesa del Conde<\/figcaption><\/figure>\n<p>Este equipo realizar\u00e1 una selecci\u00f3n de <strong>12 tapas entre los participantes en \u00c1vila en Tapas 2023, que pasar\u00e1n a la gran final,<\/strong> donde los chefs y profesionales de la gastronom\u00eda, <strong>Iv\u00e1n Hern\u00e1ndez,<\/strong> chef del Grupo Toixos; <strong>Juan Carlos Jim\u00e9nez,<\/strong> chef del Grupo Matices; <strong>Ismael Gonz\u00e1lez,<\/strong> campe\u00f3n de Castilla y Le\u00f3n de cocina de 2017; e <strong>Isabel Resina,<\/strong> CEO del grupo Santa Teresa Gourmet, decidir\u00e1n las tapas ganadoras.<\/p>\n<figure id=\"attachment_37085\" aria-describedby=\"caption-attachment-37085\" style=\"width: 640px\" class=\"wp-caption aligncenter\"><img decoding=\"async\" src=\"https:\/\/destinocastillayleon.es\/index\/wp-content\/uploads\/2023\/06\/Jurado-profesional-de-Avila-en-Tapas-2023.jpg\" alt=\"jurado profesional\" title=\" Jurado profesional de \u00c1vila en Tapas 2023\" width=\"640\" height=\"358\" class=\"size-full wp-image-37085\" srcset=\"https:\/\/destinocastillayleon.es\/index\/wp-content\/uploads\/2023\/06\/Jurado-profesional-de-Avila-en-Tapas-2023.jpg 640w, https:\/\/destinocastillayleon.es\/index\/wp-content\/uploads\/2023\/06\/Jurado-profesional-de-Avila-en-Tapas-2023-300x168.jpg 300w\" sizes=\"(max-width: 640px) 100vw, 640px\" \/><figcaption id=\"caption-attachment-37085\" class=\"wp-caption-text\">Jurado profesional de \u00c1vila en Tapas 2023<\/figcaption><\/figure>\n<h2><strong>Propuestas gastron\u00f3micas de \u00c1vila en Tapas 2023<\/strong><\/h2>\n<p><strong>Los compa\u00f1eros de <a href=\"https:\/\/www.youtube.com\/@lamesadelconde\" rel=\"noopener\" target=\"_blank\">La mesa del Conde<\/a> han realizado este v\u00eddeo con las tapas participantes en este certamen de \u00c1vila en Tapas 2023.<\/strong> Para ello, han usado las fotograf\u00edas oficiales del <a href=\"https:\/\/www.avilaturismo.com\/evento\/avila-en-tapas\" rel=\"noopener nofollow sponsored\" target=\"_blank\">Ayuntamiento de \u00c1vila<\/a> y la empresa <a href=\"https:\/\/twitter.com\/Feri_Avila\" rel=\"noopener nofollow\" target=\"_blank\">Feri\u00c1vila Eventos<\/span><\/a>.<\/p>\n<p><center><iframe width=\"560\" height=\"315\" src=\"https:\/\/www.youtube.com\/embed\/NT9WjV_06jk\" title=\"YouTube video player\" frameborder=\"0\" allow=\"accelerometer; autoplay; clipboard-write; encrypted-media; gyroscope; picture-in-picture; web-share\" allowfullscreen><\/iframe><\/center><\/p>\n<h3><strong>Establecimientos participantes en \u00c1vila en Tapas 2023<\/strong><\/h3>\n<p>Dado que son muchos los establecimientos participantes, <strong>simplemente los vamos a listar:<\/strong><\/p>\n<ul>\n<li>Hostal Casa Felipe.<\/li>\n<li>El chico que te gusta<\/li>\n<li >Restaurante La Posada de la Fruta<\/li>\n<li>Taberna de Los Verdugo<\/li>\n<li>Gastrobar la Tere<\/li>\n<\/ul>\n<figure id=\"attachment_14564\" aria-describedby=\"caption-attachment-14564\" style=\"width: 550px\" class=\"wp-caption aligncenter\"><img decoding=\"async\" src=\"https:\/\/lamesadelconde.es\/wp-content\/uploads\/2023\/06\/Tomado-tapas-en-Avila-en-Tapas-2018-Imagen-de-Destino-Castilla-y-Leon.jpg\" alt=\"Detapas por \u00c1vila\" title=\"Tomado tapas en \u00c1vila en Tapas 2018 - Imagen de Destino Castilla y Le\u00f3n\" width=\"550\" class=\"size-full wp-image-14564\" \/><figcaption id=\"caption-attachment-14564\" class=\"wp-caption-text\">Tomado tapas en \u00c1vila en Tapas 2018 &#8211; Destino Castilla y Le\u00f3n<\/figcaption><\/figure>\n<ul>\n<li>Selva Gastro Cervecer\u00eda<\/li>\n<li>Dvinos<\/h4li\n\n\n<li>Lienzo Norte<\/li>\n<li>El Convento<\/li>\n<li>Caf\u00e9-Teatro La Oca<\/li>\n<li>El Gorri\u00f3n Food<\/li>\n<li>Restaurante Caf\u00e9 Bar Sur<\/li>\n<li>Mar &#038; Morena<\/li>\n<li>Bar Restaurante El comienzo<\/li>\n<li>Best Western Premier Sofraga Palacio<\/li>\n<li>Restaurante La Vaquer\u00eda<\/li>\n<li>Tres60 Ocio y Deporte<\/li>\n<li>The Hapenny Brige Irish Pub 3.0<\/li>\n<li>Sur Cade Fusi\u00f3n<\/li>\n<\/ul>\n<figure id=\"attachment_14563\" aria-describedby=\"caption-attachment-14563\" style=\"width: 550px\" class=\"wp-caption aligncenter\"><img decoding=\"async\" src=\"https:\/\/lamesadelconde.es\/wp-content\/uploads\/2023\/06\/Tapas-en-una-terraza-en-Avila-en-Tapas-2018-Imagen-de-Destino-Castilla-y-Leon.jpg\" alt=\"Tapas en una terraza en \u00c1vila en Tapas 2018 - Imagen de Destino Castilla y Le\u00f3n\" width=\"550\" class=\"size-full wp-image-14563\" \/><figcaption id=\"caption-attachment-14563\" class=\"wp-caption-text\">Tapas en una terraza en \u00c1vila en Tapas 2018 &#8211; Imagen de Destino Castilla y Le\u00f3n<\/figcaption><\/figure>\n<ul>\n<li>Restaurante El Corral<\/li>\n<li>Restaurante Maspalomas<\/li>\n<li>Alavirul\u00e9<\/li>\n<li>Caf\u00e9 Bar Mangas<\/li>\n<li>Restaurante Casa de Postas<\/li>\n<li>Avalacan Puerta del Alc\u00e1zar<\/li>\n<li>Restaurante El Rinc\u00f3n de Jabugo<\/li>\n<li>Restaurante Ra\u00edces<\/li>\n<li>Hotel Restaurante Palacio de Los Velada<\/li>\n<li>Restaurante Reyes Cat\u00f3licos<\/li>\n<\/ul>\n<p><figure id=\"attachment_25710\" aria-describedby=\"caption-attachment-25710\" style=\"width: 640px\" class=\"wp-caption aligncenter\"><img decoding=\"async\" src=\"https:\/\/destinocastillayleon.es\/index\/wp-content\/uploads\/2017\/06\/50082d5264aefaa3a47dde2214121c42-1.jpg\" alt=\"Murallas de \u00c1vila por la noche - Destino Castilla y Le\u00f3n\" width=\"640\" height=\"324\" class=\"size-full wp-image-25710\" srcset=\"https:\/\/destinocastillayleon.es\/index\/wp-content\/uploads\/2017\/06\/50082d5264aefaa3a47dde2214121c42-1.jpg 640w, https:\/\/destinocastillayleon.es\/index\/wp-content\/uploads\/2017\/06\/50082d5264aefaa3a47dde2214121c42-1-300x152.jpg 300w\" sizes=\"(max-width: 640px) 100vw, 640px\" \/><figcaption id=\"caption-attachment-25710\" class=\"wp-caption-text\">Murallas de \u00c1vila por la noche &#8211; Destino Castilla y Le\u00f3n<\/figcaption><\/figure><br \/>\n&nbsp;<br \/>\n&nbsp;<br \/>\nAs\u00ed que ya sabes, si quieres pasar un fin de semana super gastron\u00f3mico, <strong>tienes que pasar por \u00c1vila<\/strong>, y adem\u00e1s de disfrutar de su oferta patrimonial excepcional, conociendo la ciudad en un <a href=\"https:\/\/www.civitatis.com\/es\/avila\/free-tour-avila\/?aid=99913\" rel=\"NoFollow noopener\" target=\"_blank\"><strong>Free Tour por la ciudad amurallada<\/strong><\/a>; <a href=\"https:\/\/www.civitatis.com\/es\/avila\/catedral-avila-basilica-san-vicente\/?aid=99913\" rel=\"nofollow noopener\" target=\"_blank\"><strong>visitar la muralla y la Catedral g\u00f3tica<\/strong><\/a>, la primera catedral en este estilo de Espa\u00f1a; o disfrutar de un delicioso <a href=\"https:\/\/www.civitatis.com\/es\/avila\/taller-yemas-santa-teresa\/?aid=99913\" rel=\"nofollow noopener\" target=\"_blank\"><strong>taller de Yemas de Santa Teresa<\/strong><\/a>, por ejemplo de las muchas cosas que puedes hacer,.. disfruta de unas riqu\u00edsimas tapas en \u00c1vila en Tapas.<br \/>\n&nbsp;<\/p>\n<h4>Tambi\u00e9n te puede interesar<\/h4>\n<ul>\n<li><a href=\"https:\/\/destinocastillayleon.es\/index\/visita-guiada-por-avila\/\" rel=\"noopener\" target=\"_blank\">Visita Guiada por \u00c1vila recorriendo sus rincones m\u00e1s impactantes<\/a>.<\/li>\n<li><a href=\"https:\/\/destinocastillayleon.es\/index\/ruta-de-tapas-por-avila\/\" rel=\"noopener\" target=\"_blank\">Ruta de tapas por \u00c1vila, 5 lugares imprescindibles<\/a>.<\/li>\n<li><a href=\"https:\/\/destinocastillayleon.es\/index\/avila-y-sus-murallas\/\">La ciudad vieja de \u00c1vila y sus murallas<\/a>.<\/li>\n<\/ul>\n<p>&nbsp;<\/p>\n","protected":false},"excerpt":{"rendered":"<p>Conoce c\u00f3mo ser\u00e1 el certamen de \u00c1vila en Tapas 2023. Se celebrar\u00e1 el fin de semana del 23 al 25 de junio, y entes 2023, ser\u00e1 su XXII edici\u00f3n. Conoce los bares y restaurantes participantes y los premios que se van a repartir a esas elaboraciones de \u00abGastronom\u00eda de lo peque\u00f1o\u00bb.<\/p>\n","protected":false},"author":2,"featured_media":37087,"comment_status":"open","ping_status":"closed","sticky":false,"template":"","format":"standard","meta":{"rop_custom_images_group":[],"rop_custom_messages_group":[],"rop_publish_now":"initial","rop_publish_now_accounts":{"twitter_1150954226_1150954226":""},"rop_publish_now_history":[],"rop_publish_now_status":"pending","footnotes":""},"categories":[77,1343,4789,68],"tags":[6069,104],"class_list":["post-37081","post","type-post","status-publish","format-standard","has-post-thumbnail","hentry","category-actualidad-y-agenda-de-castilla-y-leon","category-agenda","category-avila-actualidad","category-post_inicial","tag-avila-en-tapas-comer-en-avila","tag-tapas"],"yoast_head":"<!-- This site is optimized with the Yoast SEO Premium plugin v20.4 (Yoast SEO v27.4) - https:\/\/yoast.com\/product\/yoast-seo-premium-wordpress\/ -->\n<title>\u00c1vila en Tapas 2023, gastronom\u00eda de lo peque\u00f1o - DestinoCyL<\/title>\n<meta name=\"description\" content=\"Del 23 al 25 de junio se celebra el XXII Certamen \u00c1vila en Tapas 2023, en el cual participaremos nuevamente como jurado clasificatorio.\" \/>\n<meta name=\"robots\" content=\"index, follow, max-snippet:-1, max-image-preview:large, max-video-preview:-1\" \/>\n<link rel=\"canonical\" href=\"https:\/\/destinocastillayleon.es\/index\/avila-en-tapas-2023\/\" \/>\n<meta property=\"og:locale\" content=\"es_ES\" \/>\n<meta property=\"og:type\" content=\"article\" \/>\n<meta property=\"og:title\" content=\"\u00c1vila en Tapas 2023, gastronom\u00eda de lo peque\u00f1o - Destino Castilla y Le\u00f3n\" \/>\n<meta property=\"og:description\" content=\"Conoce c\u00f3mo ser\u00e1 el certamen de \u00c1vila en Tapas 2023. Se celebrar\u00e1 el fin de semana del 23 al 25 de junio, y entes 2023, ser\u00e1 su XXII edici\u00f3n. Conoce los bares y restaurantes participantes y los premios que se van a repartir a esas elaboraciones de &quot;Gastronom\u00eda de lo peque\u00f1o&quot;.\" \/>\n<meta property=\"og:url\" content=\"https:\/\/destinocastillayleon.es\/index\/avila-en-tapas-2023\/\" \/>\n<meta property=\"og:site_name\" content=\"Destino Castilla y Le\u00f3n\" \/>\n<meta property=\"article:publisher\" content=\"https:\/\/www.facebook.com\/DestinoCastillaYLeon\/\" \/>\n<meta property=\"article:author\" content=\"https:\/\/www.facebook.com\/profile.php?id=1158416854\" \/>\n<meta property=\"article:published_time\" content=\"2023-06-22T16:06:19+00:00\" \/>\n<meta property=\"og:image\" content=\"https:\/\/destinocastillayleon.es\/index\/wp-content\/uploads\/2023\/06\/Avila-en-Tapas-2023.jpg\" \/>\n\t<meta property=\"og:image:width\" content=\"1210\" \/>\n\t<meta property=\"og:image:height\" content=\"660\" \/>\n\t<meta property=\"og:image:type\" content=\"image\/jpeg\" \/>\n<meta name=\"author\" content=\"David V\u00e1zquez\" \/>\n<meta name=\"twitter:card\" content=\"summary_large_image\" \/>\n<meta name=\"twitter:title\" content=\"\u00c1vila en Tapas 2023, gastronom\u00eda de lo peque\u00f1o - Destino Castilla y Le\u00f3n\" \/>\n<meta name=\"twitter:description\" content=\"Conoce c\u00f3mo ser\u00e1 el certamen de \u00c1vila en Tapas 2023. Se celebrar\u00e1 el fin de semana del 23 al 25 de junio, y entes 2023, ser\u00e1 su XXII edici\u00f3n. Conoce los bares y restaurantes participantes y los premios que se van a repartir a esas elaboraciones de &quot;Gastronom\u00eda de lo peque\u00f1o&quot;.\" \/>\n<meta name=\"twitter:creator\" content=\"@https:\/\/twitter.com\/ContePantaleone\u200e\" \/>\n<meta name=\"twitter:site\" content=\"@destinocyl\" \/>\n<meta name=\"twitter:label1\" content=\"Escrito por\" \/>\n\t<meta name=\"twitter:data1\" content=\"David V\u00e1zquez\" \/>\n\t<meta name=\"twitter:label2\" content=\"Tiempo de lectura\" \/>\n\t<meta name=\"twitter:data2\" content=\"5 minutos\" \/>\n<script type=\"application\/ld+json\" class=\"yoast-schema-graph\">{\"@context\":\"https:\\\/\\\/schema.org\",\"@graph\":[{\"@type\":\"Article\",\"@id\":\"https:\\\/\\\/destinocastillayleon.es\\\/index\\\/avila-en-tapas-2023\\\/#article\",\"isPartOf\":{\"@id\":\"https:\\\/\\\/destinocastillayleon.es\\\/index\\\/avila-en-tapas-2023\\\/\"},\"author\":{\"name\":\"David V\u00e1zquez\",\"@id\":\"https:\\\/\\\/destinocastillayleon.es\\\/index\\\/#\\\/schema\\\/person\\\/189221bc8f6cc4fa28b18ad5c289d4c2\"},\"headline\":\"\u00c1vila en Tapas 2023\",\"datePublished\":\"2023-06-22T16:06:19+00:00\",\"mainEntityOfPage\":{\"@id\":\"https:\\\/\\\/destinocastillayleon.es\\\/index\\\/avila-en-tapas-2023\\\/\"},\"wordCount\":580,\"commentCount\":2,\"image\":{\"@id\":\"https:\\\/\\\/destinocastillayleon.es\\\/index\\\/avila-en-tapas-2023\\\/#primaryimage\"},\"thumbnailUrl\":\"https:\\\/\\\/destinocastillayleon.es\\\/index\\\/wp-content\\\/uploads\\\/2023\\\/06\\\/Avila-en-Tapas-2023.jpg\",\"keywords\":[\"\u00c1vila en tapas; comer en \u00c1vila\",\"tapas\"],\"articleSection\":[\"Actualidad\",\"Agenda\",\"Avila actualidad\",\"Post_inicial\"],\"inLanguage\":\"es\",\"potentialAction\":[{\"@type\":\"CommentAction\",\"name\":\"Comment\",\"target\":[\"https:\\\/\\\/destinocastillayleon.es\\\/index\\\/avila-en-tapas-2023\\\/#respond\"]}]},{\"@type\":\"WebPage\",\"@id\":\"https:\\\/\\\/destinocastillayleon.es\\\/index\\\/avila-en-tapas-2023\\\/\",\"url\":\"https:\\\/\\\/destinocastillayleon.es\\\/index\\\/avila-en-tapas-2023\\\/\",\"name\":\"\u00c1vila en Tapas 2023, gastronom\u00eda de lo peque\u00f1o - DestinoCyL\",\"isPartOf\":{\"@id\":\"https:\\\/\\\/destinocastillayleon.es\\\/index\\\/#website\"},\"primaryImageOfPage\":{\"@id\":\"https:\\\/\\\/destinocastillayleon.es\\\/index\\\/avila-en-tapas-2023\\\/#primaryimage\"},\"image\":{\"@id\":\"https:\\\/\\\/destinocastillayleon.es\\\/index\\\/avila-en-tapas-2023\\\/#primaryimage\"},\"thumbnailUrl\":\"https:\\\/\\\/destinocastillayleon.es\\\/index\\\/wp-content\\\/uploads\\\/2023\\\/06\\\/Avila-en-Tapas-2023.jpg\",\"datePublished\":\"2023-06-22T16:06:19+00:00\",\"author\":{\"@id\":\"https:\\\/\\\/destinocastillayleon.es\\\/index\\\/#\\\/schema\\\/person\\\/189221bc8f6cc4fa28b18ad5c289d4c2\"},\"description\":\"Del 23 al 25 de junio se celebra el XXII Certamen \u00c1vila en Tapas 2023, en el cual participaremos nuevamente como jurado clasificatorio.\",\"breadcrumb\":{\"@id\":\"https:\\\/\\\/destinocastillayleon.es\\\/index\\\/avila-en-tapas-2023\\\/#breadcrumb\"},\"inLanguage\":\"es\",\"potentialAction\":[{\"@type\":\"ReadAction\",\"target\":[\"https:\\\/\\\/destinocastillayleon.es\\\/index\\\/avila-en-tapas-2023\\\/\"]}]},{\"@type\":\"ImageObject\",\"inLanguage\":\"es\",\"@id\":\"https:\\\/\\\/destinocastillayleon.es\\\/index\\\/avila-en-tapas-2023\\\/#primaryimage\",\"url\":\"https:\\\/\\\/destinocastillayleon.es\\\/index\\\/wp-content\\\/uploads\\\/2023\\\/06\\\/Avila-en-Tapas-2023.jpg\",\"contentUrl\":\"https:\\\/\\\/destinocastillayleon.es\\\/index\\\/wp-content\\\/uploads\\\/2023\\\/06\\\/Avila-en-Tapas-2023.jpg\",\"width\":1210,\"height\":660,\"caption\":\"\u00c1vila en Tapas 2023\"},{\"@type\":\"BreadcrumbList\",\"@id\":\"https:\\\/\\\/destinocastillayleon.es\\\/index\\\/avila-en-tapas-2023\\\/#breadcrumb\",\"itemListElement\":[{\"@type\":\"ListItem\",\"position\":1,\"name\":\"Portada\",\"item\":\"https:\\\/\\\/destinocastillayleon.es\\\/index\\\/\"},{\"@type\":\"ListItem\",\"position\":2,\"name\":\"\u00c1vila en Tapas 2023\"}]},{\"@type\":\"WebSite\",\"@id\":\"https:\\\/\\\/destinocastillayleon.es\\\/index\\\/#website\",\"url\":\"https:\\\/\\\/destinocastillayleon.es\\\/index\\\/\",\"name\":\"Destino Castilla y Le\u00f3n\",\"description\":\"Medio digital independiente y revista de Castilla y Le\u00f3n dedicado al turismo, gastronom\u00eda y vino de Castilla y Le\u00f3n\",\"potentialAction\":[{\"@type\":\"SearchAction\",\"target\":{\"@type\":\"EntryPoint\",\"urlTemplate\":\"https:\\\/\\\/destinocastillayleon.es\\\/index\\\/?s={search_term_string}\"},\"query-input\":{\"@type\":\"PropertyValueSpecification\",\"valueRequired\":true,\"valueName\":\"search_term_string\"}}],\"inLanguage\":\"es\"},{\"@type\":\"Person\",\"@id\":\"https:\\\/\\\/destinocastillayleon.es\\\/index\\\/#\\\/schema\\\/person\\\/189221bc8f6cc4fa28b18ad5c289d4c2\",\"name\":\"David V\u00e1zquez\",\"image\":{\"@type\":\"ImageObject\",\"inLanguage\":\"es\",\"@id\":\"https:\\\/\\\/secure.gravatar.com\\\/avatar\\\/cd12db6c575a90c3b75cfa0f794b74d425201c768612fad17e9f13cd33d48be8?s=96&d=mm&r=g\",\"url\":\"https:\\\/\\\/secure.gravatar.com\\\/avatar\\\/cd12db6c575a90c3b75cfa0f794b74d425201c768612fad17e9f13cd33d48be8?s=96&d=mm&r=g\",\"contentUrl\":\"https:\\\/\\\/secure.gravatar.com\\\/avatar\\\/cd12db6c575a90c3b75cfa0f794b74d425201c768612fad17e9f13cd33d48be8?s=96&d=mm&r=g\",\"caption\":\"David V\u00e1zquez\"},\"description\":\"Ingeniero Industrial de vocaci\u00f3n y profesi\u00f3n, he encontrado en los blogs la forma de plasmar mi pasi\u00f3n por los viajes, la gastronom\u00eda y los vinos. Especialmente los procedentes de Castilla y Le\u00f3n\",\"sameAs\":[\"https:\\\/\\\/www.destinocastillayleon.es\",\"https:\\\/\\\/www.facebook.com\\\/profile.php?id=1158416854\",\"https:\\\/\\\/instagram.com\\\/conte.pantaleone\",\"https:\\\/\\\/www.linkedin.com\\\/pub\\\/david-vazquez-lozano\\\/37\\\/17a\\\/25a\",\"https:\\\/\\\/x.com\\\/https:\\\/\\\/twitter.com\\\/ContePantaleone\u200e\"],\"url\":\"https:\\\/\\\/destinocastillayleon.es\\\/index\\\/author\\\/coadministradorcyl\\\/\"}]}<\/script>\n<!-- \/ Yoast SEO Premium plugin. -->","yoast_head_json":{"title":"\u00c1vila en Tapas 2023, gastronom\u00eda de lo peque\u00f1o - DestinoCyL","description":"Del 23 al 25 de junio se celebra el XXII Certamen \u00c1vila en Tapas 2023, en el cual participaremos nuevamente como jurado clasificatorio.","robots":{"index":"index","follow":"follow","max-snippet":"max-snippet:-1","max-image-preview":"max-image-preview:large","max-video-preview":"max-video-preview:-1"},"canonical":"https:\/\/destinocastillayleon.es\/index\/avila-en-tapas-2023\/","og_locale":"es_ES","og_type":"article","og_title":"\u00c1vila en Tapas 2023, gastronom\u00eda de lo peque\u00f1o - Destino Castilla y Le\u00f3n","og_description":"Conoce c\u00f3mo ser\u00e1 el certamen de \u00c1vila en Tapas 2023. Se celebrar\u00e1 el fin de semana del 23 al 25 de junio, y entes 2023, ser\u00e1 su XXII edici\u00f3n. Conoce los bares y restaurantes participantes y los premios que se van a repartir a esas elaboraciones de \"Gastronom\u00eda de lo peque\u00f1o\".","og_url":"https:\/\/destinocastillayleon.es\/index\/avila-en-tapas-2023\/","og_site_name":"Destino Castilla y Le\u00f3n","article_publisher":"https:\/\/www.facebook.com\/DestinoCastillaYLeon\/","article_author":"https:\/\/www.facebook.com\/profile.php?id=1158416854","article_published_time":"2023-06-22T16:06:19+00:00","og_image":[{"width":1210,"height":660,"url":"https:\/\/destinocastillayleon.es\/index\/wp-content\/uploads\/2023\/06\/Avila-en-Tapas-2023.jpg","type":"image\/jpeg"}],"author":"David V\u00e1zquez","twitter_card":"summary_large_image","twitter_title":"\u00c1vila en Tapas 2023, gastronom\u00eda de lo peque\u00f1o - Destino Castilla y Le\u00f3n","twitter_description":"Conoce c\u00f3mo ser\u00e1 el certamen de \u00c1vila en Tapas 2023. Se celebrar\u00e1 el fin de semana del 23 al 25 de junio, y entes 2023, ser\u00e1 su XXII edici\u00f3n. Conoce los bares y restaurantes participantes y los premios que se van a repartir a esas elaboraciones de \"Gastronom\u00eda de lo peque\u00f1o\".","twitter_creator":"@https:\/\/twitter.com\/ContePantaleone\u200e","twitter_site":"@destinocyl","twitter_misc":{"Escrito por":"David V\u00e1zquez","Tiempo de lectura":"5 minutos"},"schema":{"@context":"https:\/\/schema.org","@graph":[{"@type":"Article","@id":"https:\/\/destinocastillayleon.es\/index\/avila-en-tapas-2023\/#article","isPartOf":{"@id":"https:\/\/destinocastillayleon.es\/index\/avila-en-tapas-2023\/"},"author":{"name":"David V\u00e1zquez","@id":"https:\/\/destinocastillayleon.es\/index\/#\/schema\/person\/189221bc8f6cc4fa28b18ad5c289d4c2"},"headline":"\u00c1vila en Tapas 2023","datePublished":"2023-06-22T16:06:19+00:00","mainEntityOfPage":{"@id":"https:\/\/destinocastillayleon.es\/index\/avila-en-tapas-2023\/"},"wordCount":580,"commentCount":2,"image":{"@id":"https:\/\/destinocastillayleon.es\/index\/avila-en-tapas-2023\/#primaryimage"},"thumbnailUrl":"https:\/\/destinocastillayleon.es\/index\/wp-content\/uploads\/2023\/06\/Avila-en-Tapas-2023.jpg","keywords":["\u00c1vila en tapas; comer en \u00c1vila","tapas"],"articleSection":["Actualidad","Agenda","Avila actualidad","Post_inicial"],"inLanguage":"es","potentialAction":[{"@type":"CommentAction","name":"Comment","target":["https:\/\/destinocastillayleon.es\/index\/avila-en-tapas-2023\/#respond"]}]},{"@type":"WebPage","@id":"https:\/\/destinocastillayleon.es\/index\/avila-en-tapas-2023\/","url":"https:\/\/destinocastillayleon.es\/index\/avila-en-tapas-2023\/","name":"\u00c1vila en Tapas 2023, gastronom\u00eda de lo peque\u00f1o - DestinoCyL","isPartOf":{"@id":"https:\/\/destinocastillayleon.es\/index\/#website"},"primaryImageOfPage":{"@id":"https:\/\/destinocastillayleon.es\/index\/avila-en-tapas-2023\/#primaryimage"},"image":{"@id":"https:\/\/destinocastillayleon.es\/index\/avila-en-tapas-2023\/#primaryimage"},"thumbnailUrl":"https:\/\/destinocastillayleon.es\/index\/wp-content\/uploads\/2023\/06\/Avila-en-Tapas-2023.jpg","datePublished":"2023-06-22T16:06:19+00:00","author":{"@id":"https:\/\/destinocastillayleon.es\/index\/#\/schema\/person\/189221bc8f6cc4fa28b18ad5c289d4c2"},"description":"Del 23 al 25 de junio se celebra el XXII Certamen \u00c1vila en Tapas 2023, en el cual participaremos nuevamente como jurado clasificatorio.","breadcrumb":{"@id":"https:\/\/destinocastillayleon.es\/index\/avila-en-tapas-2023\/#breadcrumb"},"inLanguage":"es","potentialAction":[{"@type":"ReadAction","target":["https:\/\/destinocastillayleon.es\/index\/avila-en-tapas-2023\/"]}]},{"@type":"ImageObject","inLanguage":"es","@id":"https:\/\/destinocastillayleon.es\/index\/avila-en-tapas-2023\/#primaryimage","url":"https:\/\/destinocastillayleon.es\/index\/wp-content\/uploads\/2023\/06\/Avila-en-Tapas-2023.jpg","contentUrl":"https:\/\/destinocastillayleon.es\/index\/wp-content\/uploads\/2023\/06\/Avila-en-Tapas-2023.jpg","width":1210,"height":660,"caption":"\u00c1vila en Tapas 2023"},{"@type":"BreadcrumbList","@id":"https:\/\/destinocastillayleon.es\/index\/avila-en-tapas-2023\/#breadcrumb","itemListElement":[{"@type":"ListItem","position":1,"name":"Portada","item":"https:\/\/destinocastillayleon.es\/index\/"},{"@type":"ListItem","position":2,"name":"\u00c1vila en Tapas 2023"}]},{"@type":"WebSite","@id":"https:\/\/destinocastillayleon.es\/index\/#website","url":"https:\/\/destinocastillayleon.es\/index\/","name":"Destino Castilla y Le\u00f3n","description":"Medio digital independiente y revista de Castilla y Le\u00f3n dedicado al turismo, gastronom\u00eda y vino de Castilla y Le\u00f3n","potentialAction":[{"@type":"SearchAction","target":{"@type":"EntryPoint","urlTemplate":"https:\/\/destinocastillayleon.es\/index\/?s={search_term_string}"},"query-input":{"@type":"PropertyValueSpecification","valueRequired":true,"valueName":"search_term_string"}}],"inLanguage":"es"},{"@type":"Person","@id":"https:\/\/destinocastillayleon.es\/index\/#\/schema\/person\/189221bc8f6cc4fa28b18ad5c289d4c2","name":"David V\u00e1zquez","image":{"@type":"ImageObject","inLanguage":"es","@id":"https:\/\/secure.gravatar.com\/avatar\/cd12db6c575a90c3b75cfa0f794b74d425201c768612fad17e9f13cd33d48be8?s=96&d=mm&r=g","url":"https:\/\/secure.gravatar.com\/avatar\/cd12db6c575a90c3b75cfa0f794b74d425201c768612fad17e9f13cd33d48be8?s=96&d=mm&r=g","contentUrl":"https:\/\/secure.gravatar.com\/avatar\/cd12db6c575a90c3b75cfa0f794b74d425201c768612fad17e9f13cd33d48be8?s=96&d=mm&r=g","caption":"David V\u00e1zquez"},"description":"Ingeniero Industrial de vocaci\u00f3n y profesi\u00f3n, he encontrado en los blogs la forma de plasmar mi pasi\u00f3n por los viajes, la gastronom\u00eda y los vinos. Especialmente los procedentes de Castilla y Le\u00f3n","sameAs":["https:\/\/www.destinocastillayleon.es","https:\/\/www.facebook.com\/profile.php?id=1158416854","https:\/\/instagram.com\/conte.pantaleone","https:\/\/www.linkedin.com\/pub\/david-vazquez-lozano\/37\/17a\/25a","https:\/\/x.com\/https:\/\/twitter.com\/ContePantaleone\u200e"],"url":"https:\/\/destinocastillayleon.es\/index\/author\/coadministradorcyl\/"}]}},"_links":{"self":[{"href":"https:\/\/destinocastillayleon.es\/index\/wp-json\/wp\/v2\/posts\/37081","targetHints":{"allow":["GET"]}}],"collection":[{"href":"https:\/\/destinocastillayleon.es\/index\/wp-json\/wp\/v2\/posts"}],"about":[{"href":"https:\/\/destinocastillayleon.es\/index\/wp-json\/wp\/v2\/types\/post"}],"author":[{"embeddable":true,"href":"https:\/\/destinocastillayleon.es\/index\/wp-json\/wp\/v2\/users\/2"}],"replies":[{"embeddable":true,"href":"https:\/\/destinocastillayleon.es\/index\/wp-json\/wp\/v2\/comments?post=37081"}],"version-history":[{"count":6,"href":"https:\/\/destinocastillayleon.es\/index\/wp-json\/wp\/v2\/posts\/37081\/revisions"}],"predecessor-version":[{"id":37090,"href":"https:\/\/destinocastillayleon.es\/index\/wp-json\/wp\/v2\/posts\/37081\/revisions\/37090"}],"wp:featuredmedia":[{"embeddable":true,"href":"https:\/\/destinocastillayleon.es\/index\/wp-json\/wp\/v2\/media\/37087"}],"wp:attachment":[{"href":"https:\/\/destinocastillayleon.es\/index\/wp-json\/wp\/v2\/media?parent=37081"}],"wp:term":[{"taxonomy":"category","embeddable":true,"href":"https:\/\/destinocastillayleon.es\/index\/wp-json\/wp\/v2\/categories?post=37081"},{"taxonomy":"post_tag","embeddable":true,"href":"https:\/\/destinocastillayleon.es\/index\/wp-json\/wp\/v2\/tags?post=37081"}],"curies":[{"name":"wp","href":"https:\/\/api.w.org\/{rel}","templated":true}]}}