{"id":36856,"date":"2023-05-16T11:46:09","date_gmt":"2023-05-16T09:46:09","guid":{"rendered":"https:\/\/destinocastillayleon.es\/index\/?p=36856"},"modified":"2023-05-16T11:46:09","modified_gmt":"2023-05-16T09:46:09","slug":"concierto-benefico-de-gospel-de-aba-taano","status":"publish","type":"post","link":"https:\/\/destinocastillayleon.es\/index\/concierto-benefico-de-gospel-de-aba-taano\/","title":{"rendered":"Concierto ben\u00e9fico de G\u00f3spel de Aba Taano, en favor de M\u00fasica para Salvar vidas"},"content":{"rendered":"<p>Aunque habitualmente no solemos publicar temas de actualidad, salvo que tengan que ver espec\u00edficamente con nuestras tem\u00e1ticas principales; en esta ocasi\u00f3n, <strong>queremos hacernos eco de este concierto ben\u00e9fico de G\u00f3spel de Aba Taano,<\/strong> en favor de una causa solidaria.<br \/>\n&nbsp;<\/p>\n<h2><strong>Concierto solidario de G\u00f3spel Aba Taano en la Sala Borja<\/strong><\/h2>\n<p>En una de las salas m\u00e1s emblem\u00e1ticas de Valladolid, <strong>se celebrar\u00e1 este concierto de G\u00f3spel de Aba Taano. Los fondos recaudados ir\u00e1n destinados a favor de la ONG M\u00fasica para Salvar Vidas.<\/strong><\/p>\n<figure id=\"attachment_36862\" aria-describedby=\"caption-attachment-36862\" style=\"width: 353px\" class=\"wp-caption aligncenter\"><img decoding=\"async\" src=\"https:\/\/destinocastillayleon.es\/index\/wp-content\/uploads\/2023\/05\/Cartel-del-concierto-de-gospel-de-Aba-Taano.jpg\" alt=\"Cartel del concierto de g\u00f3spel de Aba Taano\" width=\"353\" height=\"500\" class=\"size-full wp-image-36862\" srcset=\"https:\/\/destinocastillayleon.es\/index\/wp-content\/uploads\/2023\/05\/Cartel-del-concierto-de-gospel-de-Aba-Taano.jpg 353w, https:\/\/destinocastillayleon.es\/index\/wp-content\/uploads\/2023\/05\/Cartel-del-concierto-de-gospel-de-Aba-Taano-212x300.jpg 212w\" sizes=\"(max-width: 353px) 100vw, 353px\" \/><figcaption id=\"caption-attachment-36862\" class=\"wp-caption-text\">Cartel del concierto de g\u00f3spel de Aba Taano<\/figcaption><\/figure>\n<h3><strong>Informaci\u00f3n sobre el concierto solidario de G\u00f3spel Aba Taano<\/strong><\/h3>\n<p>El pr\u00f3ximo <strong>jueves, 18 de mayo, a las 20:00 horas,<\/strong> en la Sala Borja de Valladolid, en la Calle de Ru\u00edz Hern\u00e1ndez, 10.<\/p>\n<p>\u00a1Todo a capella! As\u00ed es como definen su espect\u00e1culo que <strong>consigue llenar el escenario y estremecer al p\u00fablico usando \u00fanicamente sus voces para interpretar ritmos y melod\u00edas<\/strong> de corte g\u00f3spel africano, norteamericano y pop.<\/p>\n<figure id=\"attachment_36865\" aria-describedby=\"caption-attachment-36865\" style=\"width: 640px\" class=\"wp-caption aligncenter\"><img decoding=\"async\" src=\"https:\/\/destinocastillayleon.es\/index\/wp-content\/uploads\/2023\/05\/Concierto-de-Aba-Taano-en-La-Rioja-Imagen-de-la-ONG.jpg\" alt=\"Concierto de Aba Taano en La Rioja - Imagen de la ONG\" width=\"640\" height=\"359\" class=\"size-full wp-image-36865\" srcset=\"https:\/\/destinocastillayleon.es\/index\/wp-content\/uploads\/2023\/05\/Concierto-de-Aba-Taano-en-La-Rioja-Imagen-de-la-ONG.jpg 640w, https:\/\/destinocastillayleon.es\/index\/wp-content\/uploads\/2023\/05\/Concierto-de-Aba-Taano-en-La-Rioja-Imagen-de-la-ONG-300x168.jpg 300w\" sizes=\"(max-width: 640px) 100vw, 640px\" \/><figcaption id=\"caption-attachment-36865\" class=\"wp-caption-text\">Concierto de Aba Taano en La Rioja &#8211; Imagen de la ONG<\/figcaption><\/figure>\n<p>Sus <strong>11 galardones internacionales<\/strong> avalan una trayectoria de \u00e9xitos que usan para financiar <strong>un proyecto humanitario con m\u00e1s de 16 a\u00f1os de rodadura,<\/strong> ayudando a j\u00f3venes a encontrar un futuro respetable en Uganda.<\/p>\n<blockquote><p>Cantan para el proyecto que a los mismos integrantes del coro ayud\u00f3 en su d\u00eda a seguir adelante y labrarse un futuro como cantantes profesionales.<\/p><\/blockquote>\n<h3><strong>Informaci\u00f3n pr\u00e1ctica<\/strong><\/h3>\n<p><strong>Concierto de G\u00f3spel de Aba Taano<\/strong><br \/>\nSala Borja<br \/>\nCalle de Ru\u00edz Hern\u00e1ndez, 10<br \/>\n47002 \u2013 Valladolid.<\/p>\n<p><strong>Horario:<\/strong> a partir de las 20:00 horas.<br \/>\n<strong>Coste de las entradas:<\/strong> 12 \u20ac\/persona.<br \/>\nAdquisici\u00f3n de las entradas en la web: <a href=\"http:\/\/giglon.com\/\" rel=\"NoFollow noopener\" target=\"_Blank\">giglon.com<\/a>.<br \/>\n&nbsp;<\/p>\n<h2><strong>M\u00fasica para Salvar Vidas<\/strong><\/h2>\n<p><strong>Esta ONG se cre\u00f3 hace 11 a\u00f1os.<\/strong> Ten\u00eda como objetivo permitir que ni\u00f1os que hab\u00edan sufrido abusos y abandono tuvieran una oportunidad. As\u00ed, crearon un orfanato en Uganda que <strong>actualmente tutela a 30 ni\u00f1os<\/strong> que gracias a esta ONG pueden recibir una educaci\u00f3n integral.<\/p>\n<figure id=\"attachment_36860\" aria-describedby=\"caption-attachment-36860\" style=\"width: 223px\" class=\"wp-caption aligncenter\"><img decoding=\"async\" src=\"https:\/\/destinocastillayleon.es\/index\/wp-content\/uploads\/2023\/05\/Musica-para-salvar-vidas.jpg\" alt=\"M\u00fasica para salvar vidas\" width=\"223\" height=\"118\" class=\"size-full wp-image-36860\" \/><figcaption id=\"caption-attachment-36860\" class=\"wp-caption-text\">M\u00fasica para salvar vidas<\/figcaption><\/figure>\n<p>Intentando que su educaci\u00f3n sea tan esmerada como sea posible, <strong>se han detectado ni\u00f1os con grandes talentos a los que con un poco de ayuda se les puede ayudar a construir un futuro<\/strong> dentro de su pa\u00eds desde una acogida, un trato personal, ayuda y cari\u00f1o, haciendo que, gracias a la escolarizaci\u00f3n, hasta la edad adulta, puedan salir adelante.<\/p>\n<p>Como parte integral del proyecto, <strong>adem\u00e1s del orfanato, se da servicio a peque\u00f1as comunidades pr\u00f3ximas<\/strong> con planes de escolarizaci\u00f3n a otros ni\u00f1os.<\/p>\n<figure id=\"attachment_36863\" aria-describedby=\"caption-attachment-36863\" style=\"width: 640px\" class=\"wp-caption aligncenter\"><img decoding=\"async\" src=\"https:\/\/destinocastillayleon.es\/index\/wp-content\/uploads\/2023\/05\/Escuela-en-Uganda-de-la-ONG-Imagen-de-la-ONG.jpg\" alt=\"Escuela en Uganda de la ONG - Imagen de la ONG\" width=\"640\" height=\"305\" class=\"size-full wp-image-36863\" srcset=\"https:\/\/destinocastillayleon.es\/index\/wp-content\/uploads\/2023\/05\/Escuela-en-Uganda-de-la-ONG-Imagen-de-la-ONG.jpg 640w, https:\/\/destinocastillayleon.es\/index\/wp-content\/uploads\/2023\/05\/Escuela-en-Uganda-de-la-ONG-Imagen-de-la-ONG-300x143.jpg 300w\" sizes=\"(max-width: 640px) 100vw, 640px\" \/><figcaption id=\"caption-attachment-36863\" class=\"wp-caption-text\">Escuela en Uganda de la ONG &#8211; Imagen de la ONG<\/figcaption><\/figure>\n<p>Gracias a la m\u00fasica y la danza, que juegan un papel muy importante dentro del proyecto; por una parte, <strong>se logra un car\u00e1cter terap\u00e9utico;<\/strong> y por otra, <strong>se logra financiaci\u00f3n<\/strong> para este proyecto.<\/p>\n<h3><strong>Grupos musicales activos<\/strong><\/h3>\n<p>Fruto de esta trayectoria, <strong>ya hay varios grupos que han sido formados musicalmente, y que poseen su propia autonom\u00eda,<\/strong> como es el caso de <strong>Uganda Natumayini<\/strong> (grupo grande), <strong>Aba Taano<\/strong> (quinteto vocal que vive hoy en d\u00eda de forma independiente), <strong>AF NDanza<\/strong> (quinteto de <em>black dance<\/em> que sigue viviendo apoyado por el proyecto) o The Ugandan Sticks (conjunto de danza y percusi\u00f3n participativa). <\/p>\n<h3><strong>Colaborar con esta iniciativa<\/strong><\/h3>\n<p>Pod\u00e9is conocer mejor esta iniciativa <strong>de la mano de Elisabeth Michot, presidenta de M\u00fasica para Salvar Vidas.<\/strong> Esta ONG est\u00e1 legalmente constituida con el NIF: G 84097922; en la calle Clavel, 12 \u2013 1\u00baC \u2013 40400 \u2013 El Espinar, Segovia.<\/p>\n<p>Esta ONG de <strong>car\u00e1cter ben\u00e9fico est\u00e1 declarada de utilidad p\u00fablica,<\/strong> y cuenta con derecho a deducci\u00f3n fiscal.<\/p>\n<h4><strong>Contacto<\/h4>\n<p>M\u00fasica para Salvar vidas<\/strong><br \/>\n@.: <a href=\"mailto:elisabeth@musicaparasalvarvidas.org\">elisabeth@musicaparasalvarvidas.org<\/a> Telf:  +34 921 18 31 46 \/ +34 609 154 122<br \/>\nDonativos: BANKIA.- ES77 2038 7670 2360.<br \/>\n&nbsp;<br \/>\n&nbsp;<br \/>\n<strong>Esperamos que esta iniciativa os sea interesante,<\/strong> y que adem\u00e1s de disfrutar de un evento cultural, pod\u00e1is ayudar a esta ONG y a este <a href=\"http:\/\/www.abataano.com\/es\/inicio\/\" rel=\"noopener\" target=\"_blank\">grupo musical Aba Taano<\/a>.<\/p>\n<h4>Tambi\u00e9n te puede interesar<\/h4>\n<ul>\n<li><a href=\"https:\/\/destinocastillayleon.es\/index\/festival-alpaka-fest-2023\/\">Festival Alpaka Fest 2023<\/a>.<\/li>\n<li><a href=\"https:\/\/destinocastillayleon.es\/index\/1-500-e-contra-el-cancer-infantil-recaudados-por-bodegas-de-alberto\/\">1.500 \u20ac contra el C\u00e1ncer Infantil recaudados por Bodegas de Alberto<\/a>.<\/li>\n<li><a href=\"https:\/\/destinocastillayleon.es\/index\/reapertura-de-la-era-de-las-aves\/\"><a href=\"https:\/\/destinocastillayleon.es\/index\/mercados-con-causa-este-fin-de-semana-en-castilla-leon\/\">Mercados con causa este fin de semana en Castilla y Le\u00f3n<\/a><\/a>.<\/li>\n<\/ul>\n<p>&nbsp;<\/p>\n","protected":false},"excerpt":{"rendered":"<p>Este jueves, 18 de mayo, a las 22:00 horas, no te pierdas el concierto ben\u00e9fico de G\u00f3spel de Aba Taano, en favor de M\u00fasica para Salvar Vidas, una ONG que lleva a\u00f1os dando oportunidades a ni\u00f1os y j\u00f3venes de Uganda.<\/p>\n","protected":false},"author":2,"featured_media":36861,"comment_status":"open","ping_status":"closed","sticky":false,"template":"","format":"standard","meta":{"rop_custom_images_group":[],"rop_custom_messages_group":[],"rop_publish_now":"initial","rop_publish_now_accounts":{"twitter_1150954226_1150954226":""},"rop_publish_now_history":[],"rop_publish_now_status":"pending","footnotes":""},"categories":[77,1343,5511,68,4800],"tags":[6056,6057],"class_list":["post-36856","post","type-post","status-publish","format-standard","has-post-thumbnail","hentry","category-actualidad-y-agenda-de-castilla-y-leon","category-agenda","category-no-rescatar-en-rrss","category-post_inicial","category-valladolid-actualidad","tag-concierto-solidario","tag-sala-borja"],"yoast_head":"<!-- This site is optimized with the Yoast SEO Premium plugin v20.4 (Yoast SEO v27.4) - https:\/\/yoast.com\/product\/yoast-seo-premium-wordpress\/ -->\n<title>Concierto ben\u00e9fico de G\u00f3spel de Aba Taano - DestinoCyL<\/title>\n<meta name=\"description\" content=\"Este jueves, 18 de mayo, a las 22:00 horas, no te pierdas el concierto ben\u00e9fico de G\u00f3spel de Aba Taano, en favor de M\u00fasica para Salvar Vidas.\" \/>\n<meta name=\"robots\" content=\"index, follow, max-snippet:-1, max-image-preview:large, max-video-preview:-1\" \/>\n<link rel=\"canonical\" href=\"https:\/\/destinocastillayleon.es\/index\/concierto-benefico-de-gospel-de-aba-taano\/\" \/>\n<meta property=\"og:locale\" content=\"es_ES\" \/>\n<meta property=\"og:type\" content=\"article\" \/>\n<meta property=\"og:title\" content=\"Concierto ben\u00e9fico de G\u00f3spel de Aba Taano - Destino Castilla y Le\u00f3n\" \/>\n<meta property=\"og:description\" content=\"Este jueves, 18 de mayo, a las 22:00 horas, no te pierdas el concierto ben\u00e9fico de G\u00f3spel de Aba Taano, en favor de M\u00fasica para Salvar Vidas, una ONG que lleva a\u00f1os dando oportunidades a ni\u00f1os y j\u00f3venes de Uganda.\" \/>\n<meta property=\"og:url\" content=\"https:\/\/destinocastillayleon.es\/index\/concierto-benefico-de-gospel-de-aba-taano\/\" \/>\n<meta property=\"og:site_name\" content=\"Destino Castilla y Le\u00f3n\" \/>\n<meta property=\"article:publisher\" content=\"https:\/\/www.facebook.com\/DestinoCastillaYLeon\/\" \/>\n<meta property=\"article:author\" content=\"https:\/\/www.facebook.com\/profile.php?id=1158416854\" \/>\n<meta property=\"article:published_time\" content=\"2023-05-16T09:46:09+00:00\" \/>\n<meta property=\"og:image\" content=\"https:\/\/destinocastillayleon.es\/index\/wp-content\/uploads\/2023\/05\/Concierto-de-Aba-Taano-imagen-de-la-ONG.jpg\" \/>\n\t<meta property=\"og:image:width\" content=\"999\" \/>\n\t<meta property=\"og:image:height\" content=\"562\" \/>\n\t<meta property=\"og:image:type\" content=\"image\/jpeg\" \/>\n<meta name=\"author\" content=\"David V\u00e1zquez\" \/>\n<meta name=\"twitter:card\" content=\"summary_large_image\" \/>\n<meta name=\"twitter:title\" content=\"Concierto ben\u00e9fico de G\u00f3spel de Aba Taano - Destino Castilla y Le\u00f3n\" \/>\n<meta name=\"twitter:description\" content=\"Este jueves, 18 de mayo, a las 22:00 horas, no te pierdas el concierto ben\u00e9fico de G\u00f3spel de Aba Taano, en favor de M\u00fasica para Salvar Vidas, una ONG que lleva a\u00f1os dando oportunidades a ni\u00f1os y j\u00f3venes de Uganda.\" \/>\n<meta name=\"twitter:image\" content=\"https:\/\/destinocastillayleon.es\/index\/wp-content\/uploads\/2023\/05\/Concierto-de-Aba-Taano-imagen-de-la-ONG.jpg\" \/>\n<meta name=\"twitter:creator\" content=\"@https:\/\/twitter.com\/ContePantaleone\u200e\" \/>\n<meta name=\"twitter:site\" content=\"@destinocyl\" \/>\n<meta name=\"twitter:label1\" content=\"Escrito por\" \/>\n\t<meta name=\"twitter:data1\" content=\"David V\u00e1zquez\" \/>\n\t<meta name=\"twitter:label2\" content=\"Tiempo de lectura\" \/>\n\t<meta name=\"twitter:data2\" content=\"4 minutos\" \/>\n<script type=\"application\/ld+json\" class=\"yoast-schema-graph\">{\"@context\":\"https:\\\/\\\/schema.org\",\"@graph\":[{\"@type\":\"Article\",\"@id\":\"https:\\\/\\\/destinocastillayleon.es\\\/index\\\/concierto-benefico-de-gospel-de-aba-taano\\\/#article\",\"isPartOf\":{\"@id\":\"https:\\\/\\\/destinocastillayleon.es\\\/index\\\/concierto-benefico-de-gospel-de-aba-taano\\\/\"},\"author\":{\"name\":\"David V\u00e1zquez\",\"@id\":\"https:\\\/\\\/destinocastillayleon.es\\\/index\\\/#\\\/schema\\\/person\\\/189221bc8f6cc4fa28b18ad5c289d4c2\"},\"headline\":\"Concierto ben\u00e9fico de G\u00f3spel de Aba Taano, en favor de M\u00fasica para Salvar vidas\",\"datePublished\":\"2023-05-16T09:46:09+00:00\",\"mainEntityOfPage\":{\"@id\":\"https:\\\/\\\/destinocastillayleon.es\\\/index\\\/concierto-benefico-de-gospel-de-aba-taano\\\/\"},\"wordCount\":737,\"commentCount\":0,\"image\":{\"@id\":\"https:\\\/\\\/destinocastillayleon.es\\\/index\\\/concierto-benefico-de-gospel-de-aba-taano\\\/#primaryimage\"},\"thumbnailUrl\":\"https:\\\/\\\/destinocastillayleon.es\\\/index\\\/wp-content\\\/uploads\\\/2023\\\/05\\\/Concierto-de-Aba-Taano-imagen-de-la-ONG.jpg\",\"keywords\":[\"Concierto solidario\",\"Sala Borja\"],\"articleSection\":[\"Actualidad\",\"Agenda\",\"No rescatar en RRSS\",\"Post_inicial\",\"Valladolid Actualidad\"],\"inLanguage\":\"es\",\"potentialAction\":[{\"@type\":\"CommentAction\",\"name\":\"Comment\",\"target\":[\"https:\\\/\\\/destinocastillayleon.es\\\/index\\\/concierto-benefico-de-gospel-de-aba-taano\\\/#respond\"]}]},{\"@type\":\"WebPage\",\"@id\":\"https:\\\/\\\/destinocastillayleon.es\\\/index\\\/concierto-benefico-de-gospel-de-aba-taano\\\/\",\"url\":\"https:\\\/\\\/destinocastillayleon.es\\\/index\\\/concierto-benefico-de-gospel-de-aba-taano\\\/\",\"name\":\"Concierto ben\u00e9fico de G\u00f3spel de Aba Taano - DestinoCyL\",\"isPartOf\":{\"@id\":\"https:\\\/\\\/destinocastillayleon.es\\\/index\\\/#website\"},\"primaryImageOfPage\":{\"@id\":\"https:\\\/\\\/destinocastillayleon.es\\\/index\\\/concierto-benefico-de-gospel-de-aba-taano\\\/#primaryimage\"},\"image\":{\"@id\":\"https:\\\/\\\/destinocastillayleon.es\\\/index\\\/concierto-benefico-de-gospel-de-aba-taano\\\/#primaryimage\"},\"thumbnailUrl\":\"https:\\\/\\\/destinocastillayleon.es\\\/index\\\/wp-content\\\/uploads\\\/2023\\\/05\\\/Concierto-de-Aba-Taano-imagen-de-la-ONG.jpg\",\"datePublished\":\"2023-05-16T09:46:09+00:00\",\"author\":{\"@id\":\"https:\\\/\\\/destinocastillayleon.es\\\/index\\\/#\\\/schema\\\/person\\\/189221bc8f6cc4fa28b18ad5c289d4c2\"},\"description\":\"Este jueves, 18 de mayo, a las 22:00 horas, no te pierdas el concierto ben\u00e9fico de G\u00f3spel de Aba Taano, en favor de M\u00fasica para Salvar Vidas.\",\"breadcrumb\":{\"@id\":\"https:\\\/\\\/destinocastillayleon.es\\\/index\\\/concierto-benefico-de-gospel-de-aba-taano\\\/#breadcrumb\"},\"inLanguage\":\"es\",\"potentialAction\":[{\"@type\":\"ReadAction\",\"target\":[\"https:\\\/\\\/destinocastillayleon.es\\\/index\\\/concierto-benefico-de-gospel-de-aba-taano\\\/\"]}]},{\"@type\":\"ImageObject\",\"inLanguage\":\"es\",\"@id\":\"https:\\\/\\\/destinocastillayleon.es\\\/index\\\/concierto-benefico-de-gospel-de-aba-taano\\\/#primaryimage\",\"url\":\"https:\\\/\\\/destinocastillayleon.es\\\/index\\\/wp-content\\\/uploads\\\/2023\\\/05\\\/Concierto-de-Aba-Taano-imagen-de-la-ONG.jpg\",\"contentUrl\":\"https:\\\/\\\/destinocastillayleon.es\\\/index\\\/wp-content\\\/uploads\\\/2023\\\/05\\\/Concierto-de-Aba-Taano-imagen-de-la-ONG.jpg\",\"width\":999,\"height\":562,\"caption\":\"Concierto de Aba Taano - imagen de la ONG\"},{\"@type\":\"BreadcrumbList\",\"@id\":\"https:\\\/\\\/destinocastillayleon.es\\\/index\\\/concierto-benefico-de-gospel-de-aba-taano\\\/#breadcrumb\",\"itemListElement\":[{\"@type\":\"ListItem\",\"position\":1,\"name\":\"Portada\",\"item\":\"https:\\\/\\\/destinocastillayleon.es\\\/index\\\/\"},{\"@type\":\"ListItem\",\"position\":2,\"name\":\"Concierto ben\u00e9fico de G\u00f3spel de Aba Taano, en favor de M\u00fasica para Salvar vidas\"}]},{\"@type\":\"WebSite\",\"@id\":\"https:\\\/\\\/destinocastillayleon.es\\\/index\\\/#website\",\"url\":\"https:\\\/\\\/destinocastillayleon.es\\\/index\\\/\",\"name\":\"Destino Castilla y Le\u00f3n\",\"description\":\"Medio digital independiente y revista de Castilla y Le\u00f3n dedicado al turismo, gastronom\u00eda y vino de Castilla y Le\u00f3n\",\"potentialAction\":[{\"@type\":\"SearchAction\",\"target\":{\"@type\":\"EntryPoint\",\"urlTemplate\":\"https:\\\/\\\/destinocastillayleon.es\\\/index\\\/?s={search_term_string}\"},\"query-input\":{\"@type\":\"PropertyValueSpecification\",\"valueRequired\":true,\"valueName\":\"search_term_string\"}}],\"inLanguage\":\"es\"},{\"@type\":\"Person\",\"@id\":\"https:\\\/\\\/destinocastillayleon.es\\\/index\\\/#\\\/schema\\\/person\\\/189221bc8f6cc4fa28b18ad5c289d4c2\",\"name\":\"David V\u00e1zquez\",\"image\":{\"@type\":\"ImageObject\",\"inLanguage\":\"es\",\"@id\":\"https:\\\/\\\/secure.gravatar.com\\\/avatar\\\/cd12db6c575a90c3b75cfa0f794b74d425201c768612fad17e9f13cd33d48be8?s=96&d=mm&r=g\",\"url\":\"https:\\\/\\\/secure.gravatar.com\\\/avatar\\\/cd12db6c575a90c3b75cfa0f794b74d425201c768612fad17e9f13cd33d48be8?s=96&d=mm&r=g\",\"contentUrl\":\"https:\\\/\\\/secure.gravatar.com\\\/avatar\\\/cd12db6c575a90c3b75cfa0f794b74d425201c768612fad17e9f13cd33d48be8?s=96&d=mm&r=g\",\"caption\":\"David V\u00e1zquez\"},\"description\":\"Ingeniero Industrial de vocaci\u00f3n y profesi\u00f3n, he encontrado en los blogs la forma de plasmar mi pasi\u00f3n por los viajes, la gastronom\u00eda y los vinos. Especialmente los procedentes de Castilla y Le\u00f3n\",\"sameAs\":[\"https:\\\/\\\/www.destinocastillayleon.es\",\"https:\\\/\\\/www.facebook.com\\\/profile.php?id=1158416854\",\"https:\\\/\\\/instagram.com\\\/conte.pantaleone\",\"https:\\\/\\\/www.linkedin.com\\\/pub\\\/david-vazquez-lozano\\\/37\\\/17a\\\/25a\",\"https:\\\/\\\/x.com\\\/https:\\\/\\\/twitter.com\\\/ContePantaleone\u200e\"],\"url\":\"https:\\\/\\\/destinocastillayleon.es\\\/index\\\/author\\\/coadministradorcyl\\\/\"}]}<\/script>\n<!-- \/ Yoast SEO Premium plugin. -->","yoast_head_json":{"title":"Concierto ben\u00e9fico de G\u00f3spel de Aba Taano - DestinoCyL","description":"Este jueves, 18 de mayo, a las 22:00 horas, no te pierdas el concierto ben\u00e9fico de G\u00f3spel de Aba Taano, en favor de M\u00fasica para Salvar Vidas.","robots":{"index":"index","follow":"follow","max-snippet":"max-snippet:-1","max-image-preview":"max-image-preview:large","max-video-preview":"max-video-preview:-1"},"canonical":"https:\/\/destinocastillayleon.es\/index\/concierto-benefico-de-gospel-de-aba-taano\/","og_locale":"es_ES","og_type":"article","og_title":"Concierto ben\u00e9fico de G\u00f3spel de Aba Taano - Destino Castilla y Le\u00f3n","og_description":"Este jueves, 18 de mayo, a las 22:00 horas, no te pierdas el concierto ben\u00e9fico de G\u00f3spel de Aba Taano, en favor de M\u00fasica para Salvar Vidas, una ONG que lleva a\u00f1os dando oportunidades a ni\u00f1os y j\u00f3venes de Uganda.","og_url":"https:\/\/destinocastillayleon.es\/index\/concierto-benefico-de-gospel-de-aba-taano\/","og_site_name":"Destino Castilla y Le\u00f3n","article_publisher":"https:\/\/www.facebook.com\/DestinoCastillaYLeon\/","article_author":"https:\/\/www.facebook.com\/profile.php?id=1158416854","article_published_time":"2023-05-16T09:46:09+00:00","og_image":[{"width":999,"height":562,"url":"https:\/\/destinocastillayleon.es\/index\/wp-content\/uploads\/2023\/05\/Concierto-de-Aba-Taano-imagen-de-la-ONG.jpg","type":"image\/jpeg"}],"author":"David V\u00e1zquez","twitter_card":"summary_large_image","twitter_title":"Concierto ben\u00e9fico de G\u00f3spel de Aba Taano - Destino Castilla y Le\u00f3n","twitter_description":"Este jueves, 18 de mayo, a las 22:00 horas, no te pierdas el concierto ben\u00e9fico de G\u00f3spel de Aba Taano, en favor de M\u00fasica para Salvar Vidas, una ONG que lleva a\u00f1os dando oportunidades a ni\u00f1os y j\u00f3venes de Uganda.","twitter_image":"https:\/\/destinocastillayleon.es\/index\/wp-content\/uploads\/2023\/05\/Concierto-de-Aba-Taano-imagen-de-la-ONG.jpg","twitter_creator":"@https:\/\/twitter.com\/ContePantaleone\u200e","twitter_site":"@destinocyl","twitter_misc":{"Escrito por":"David V\u00e1zquez","Tiempo de lectura":"4 minutos"},"schema":{"@context":"https:\/\/schema.org","@graph":[{"@type":"Article","@id":"https:\/\/destinocastillayleon.es\/index\/concierto-benefico-de-gospel-de-aba-taano\/#article","isPartOf":{"@id":"https:\/\/destinocastillayleon.es\/index\/concierto-benefico-de-gospel-de-aba-taano\/"},"author":{"name":"David V\u00e1zquez","@id":"https:\/\/destinocastillayleon.es\/index\/#\/schema\/person\/189221bc8f6cc4fa28b18ad5c289d4c2"},"headline":"Concierto ben\u00e9fico de G\u00f3spel de Aba Taano, en favor de M\u00fasica para Salvar vidas","datePublished":"2023-05-16T09:46:09+00:00","mainEntityOfPage":{"@id":"https:\/\/destinocastillayleon.es\/index\/concierto-benefico-de-gospel-de-aba-taano\/"},"wordCount":737,"commentCount":0,"image":{"@id":"https:\/\/destinocastillayleon.es\/index\/concierto-benefico-de-gospel-de-aba-taano\/#primaryimage"},"thumbnailUrl":"https:\/\/destinocastillayleon.es\/index\/wp-content\/uploads\/2023\/05\/Concierto-de-Aba-Taano-imagen-de-la-ONG.jpg","keywords":["Concierto solidario","Sala Borja"],"articleSection":["Actualidad","Agenda","No rescatar en RRSS","Post_inicial","Valladolid Actualidad"],"inLanguage":"es","potentialAction":[{"@type":"CommentAction","name":"Comment","target":["https:\/\/destinocastillayleon.es\/index\/concierto-benefico-de-gospel-de-aba-taano\/#respond"]}]},{"@type":"WebPage","@id":"https:\/\/destinocastillayleon.es\/index\/concierto-benefico-de-gospel-de-aba-taano\/","url":"https:\/\/destinocastillayleon.es\/index\/concierto-benefico-de-gospel-de-aba-taano\/","name":"Concierto ben\u00e9fico de G\u00f3spel de Aba Taano - DestinoCyL","isPartOf":{"@id":"https:\/\/destinocastillayleon.es\/index\/#website"},"primaryImageOfPage":{"@id":"https:\/\/destinocastillayleon.es\/index\/concierto-benefico-de-gospel-de-aba-taano\/#primaryimage"},"image":{"@id":"https:\/\/destinocastillayleon.es\/index\/concierto-benefico-de-gospel-de-aba-taano\/#primaryimage"},"thumbnailUrl":"https:\/\/destinocastillayleon.es\/index\/wp-content\/uploads\/2023\/05\/Concierto-de-Aba-Taano-imagen-de-la-ONG.jpg","datePublished":"2023-05-16T09:46:09+00:00","author":{"@id":"https:\/\/destinocastillayleon.es\/index\/#\/schema\/person\/189221bc8f6cc4fa28b18ad5c289d4c2"},"description":"Este jueves, 18 de mayo, a las 22:00 horas, no te pierdas el concierto ben\u00e9fico de G\u00f3spel de Aba Taano, en favor de M\u00fasica para Salvar Vidas.","breadcrumb":{"@id":"https:\/\/destinocastillayleon.es\/index\/concierto-benefico-de-gospel-de-aba-taano\/#breadcrumb"},"inLanguage":"es","potentialAction":[{"@type":"ReadAction","target":["https:\/\/destinocastillayleon.es\/index\/concierto-benefico-de-gospel-de-aba-taano\/"]}]},{"@type":"ImageObject","inLanguage":"es","@id":"https:\/\/destinocastillayleon.es\/index\/concierto-benefico-de-gospel-de-aba-taano\/#primaryimage","url":"https:\/\/destinocastillayleon.es\/index\/wp-content\/uploads\/2023\/05\/Concierto-de-Aba-Taano-imagen-de-la-ONG.jpg","contentUrl":"https:\/\/destinocastillayleon.es\/index\/wp-content\/uploads\/2023\/05\/Concierto-de-Aba-Taano-imagen-de-la-ONG.jpg","width":999,"height":562,"caption":"Concierto de Aba Taano - imagen de la ONG"},{"@type":"BreadcrumbList","@id":"https:\/\/destinocastillayleon.es\/index\/concierto-benefico-de-gospel-de-aba-taano\/#breadcrumb","itemListElement":[{"@type":"ListItem","position":1,"name":"Portada","item":"https:\/\/destinocastillayleon.es\/index\/"},{"@type":"ListItem","position":2,"name":"Concierto ben\u00e9fico de G\u00f3spel de Aba Taano, en favor de M\u00fasica para Salvar vidas"}]},{"@type":"WebSite","@id":"https:\/\/destinocastillayleon.es\/index\/#website","url":"https:\/\/destinocastillayleon.es\/index\/","name":"Destino Castilla y Le\u00f3n","description":"Medio digital independiente y revista de Castilla y Le\u00f3n dedicado al turismo, gastronom\u00eda y vino de Castilla y Le\u00f3n","potentialAction":[{"@type":"SearchAction","target":{"@type":"EntryPoint","urlTemplate":"https:\/\/destinocastillayleon.es\/index\/?s={search_term_string}"},"query-input":{"@type":"PropertyValueSpecification","valueRequired":true,"valueName":"search_term_string"}}],"inLanguage":"es"},{"@type":"Person","@id":"https:\/\/destinocastillayleon.es\/index\/#\/schema\/person\/189221bc8f6cc4fa28b18ad5c289d4c2","name":"David V\u00e1zquez","image":{"@type":"ImageObject","inLanguage":"es","@id":"https:\/\/secure.gravatar.com\/avatar\/cd12db6c575a90c3b75cfa0f794b74d425201c768612fad17e9f13cd33d48be8?s=96&d=mm&r=g","url":"https:\/\/secure.gravatar.com\/avatar\/cd12db6c575a90c3b75cfa0f794b74d425201c768612fad17e9f13cd33d48be8?s=96&d=mm&r=g","contentUrl":"https:\/\/secure.gravatar.com\/avatar\/cd12db6c575a90c3b75cfa0f794b74d425201c768612fad17e9f13cd33d48be8?s=96&d=mm&r=g","caption":"David V\u00e1zquez"},"description":"Ingeniero Industrial de vocaci\u00f3n y profesi\u00f3n, he encontrado en los blogs la forma de plasmar mi pasi\u00f3n por los viajes, la gastronom\u00eda y los vinos. Especialmente los procedentes de Castilla y Le\u00f3n","sameAs":["https:\/\/www.destinocastillayleon.es","https:\/\/www.facebook.com\/profile.php?id=1158416854","https:\/\/instagram.com\/conte.pantaleone","https:\/\/www.linkedin.com\/pub\/david-vazquez-lozano\/37\/17a\/25a","https:\/\/x.com\/https:\/\/twitter.com\/ContePantaleone\u200e"],"url":"https:\/\/destinocastillayleon.es\/index\/author\/coadministradorcyl\/"}]}},"_links":{"self":[{"href":"https:\/\/destinocastillayleon.es\/index\/wp-json\/wp\/v2\/posts\/36856","targetHints":{"allow":["GET"]}}],"collection":[{"href":"https:\/\/destinocastillayleon.es\/index\/wp-json\/wp\/v2\/posts"}],"about":[{"href":"https:\/\/destinocastillayleon.es\/index\/wp-json\/wp\/v2\/types\/post"}],"author":[{"embeddable":true,"href":"https:\/\/destinocastillayleon.es\/index\/wp-json\/wp\/v2\/users\/2"}],"replies":[{"embeddable":true,"href":"https:\/\/destinocastillayleon.es\/index\/wp-json\/wp\/v2\/comments?post=36856"}],"version-history":[{"count":8,"href":"https:\/\/destinocastillayleon.es\/index\/wp-json\/wp\/v2\/posts\/36856\/revisions"}],"predecessor-version":[{"id":36869,"href":"https:\/\/destinocastillayleon.es\/index\/wp-json\/wp\/v2\/posts\/36856\/revisions\/36869"}],"wp:featuredmedia":[{"embeddable":true,"href":"https:\/\/destinocastillayleon.es\/index\/wp-json\/wp\/v2\/media\/36861"}],"wp:attachment":[{"href":"https:\/\/destinocastillayleon.es\/index\/wp-json\/wp\/v2\/media?parent=36856"}],"wp:term":[{"taxonomy":"category","embeddable":true,"href":"https:\/\/destinocastillayleon.es\/index\/wp-json\/wp\/v2\/categories?post=36856"},{"taxonomy":"post_tag","embeddable":true,"href":"https:\/\/destinocastillayleon.es\/index\/wp-json\/wp\/v2\/tags?post=36856"}],"curies":[{"name":"wp","href":"https:\/\/api.w.org\/{rel}","templated":true}]}}