{"id":36329,"date":"2023-02-01T08:45:02","date_gmt":"2023-02-01T07:45:02","guid":{"rendered":"https:\/\/destinocastillayleon.es\/index\/?p=36329"},"modified":"2023-01-31T12:40:32","modified_gmt":"2023-01-31T11:40:32","slug":"razones-para-vivir-en-la-isla-de-mallorca","status":"publish","type":"post","link":"https:\/\/destinocastillayleon.es\/index\/razones-para-vivir-en-la-isla-de-mallorca\/","title":{"rendered":"Razones para vivir en la isla de Mallorca"},"content":{"rendered":"<p>Algo que los amigos de Destino y Sabor nos ense\u00f1aron hace tiempo, <strong>es que hay para\u00edsos muy cercanos que no necesitan de largos vuelos para llegar a ellos.<\/strong> Es cierto que hay rincones del planeta que parece que fueron hechos para causar una huella en el viajero, que se quede prendado para siempre. Esto, por ejemplo, <strong>nos pas\u00f3 con esta isla; una isla del mediterr\u00e1neo impactante, con rincones llenos de magia que dan ganas de trasladarse a vivir a la isla de Mallorca.<\/strong><\/p>\n<h2><strong>Enamorados de la isla de Mallorca<\/strong><\/h2>\n<p>Una isla tan grande como Mallorca <strong>est\u00e1 cargada de atractivos, y ya sab\u00e9is que somos expertos en turismo de interior,<\/strong> y una isla como esta tiene lugares muy interesantes para compatibilizar sol y playas con rincones cargados de encanto.<\/p>\n<h3><strong>Una isla con luz propia<\/strong><\/h3>\n<p>La isla de Mallorca <strong>est\u00e1 situada en la zona central del archipi\u00e9lago balear, se encuentra ba\u00f1ada por las c\u00e1lidas y tranquilas aguas del mar Mediterr\u00e1neo.<\/strong> Es precisamente por esta situaci\u00f3n privilegiada, que la isla goza de un clima admirable.<\/p>\n<figure id=\"attachment_36335\" aria-describedby=\"caption-attachment-36335\" style=\"width: 640px\" class=\"wp-caption aligncenter\"><img decoding=\"async\" src=\"https:\/\/destinocastillayleon.es\/index\/wp-content\/uploads\/2023\/01\/Estampas-de-la-isla-de-Mallorca-Imagen-cc-de-Kyle-Taylor.jpg\" alt=\"Estampas de la isla de Mallorca - Imagen cc de Kyle Taylor\" width=\"640\" height=\"360\" class=\"size-full wp-image-36335\" srcset=\"https:\/\/destinocastillayleon.es\/index\/wp-content\/uploads\/2023\/01\/Estampas-de-la-isla-de-Mallorca-Imagen-cc-de-Kyle-Taylor.jpg 640w, https:\/\/destinocastillayleon.es\/index\/wp-content\/uploads\/2023\/01\/Estampas-de-la-isla-de-Mallorca-Imagen-cc-de-Kyle-Taylor-300x169.jpg 300w\" sizes=\"(max-width: 640px) 100vw, 640px\" \/><figcaption id=\"caption-attachment-36335\" class=\"wp-caption-text\">Estampas de la isla de Mallorca &#8211; Imagen cc de Kyle Taylor<\/figcaption><\/figure>\n<blockquote><p>Llegan a ser m\u00e1s de 300 d\u00edas de sol al a\u00f1o; lo que lo sit\u00faan en top 10 de Espa\u00f1a y en el Top 15 de Europa de horas de sol al a\u00f1o.<\/p><\/blockquote>\n<p>Estas condiciones <strong>permiten unas temperaturas medias de unos 17 o 18 grados,<\/strong> con unas m\u00e1ximas de 29 a 31 grados en verano. A su vez, las m\u00ednimas rara vez bajan de los 7 u 8 grados, aunque dada su singular orograf\u00eda, puedes disfrutar de climas de monta\u00f1a en el interior. Esto hace que sea un destino perfecto durante todo el a\u00f1o, por lo que <strong>son muchos los viajeros que terminan buscando <a href=\"https:\/\/www.neptunus-international.com\/es\" target=\"_Blank\" rel=\"DoFollow noopener\">inmuebles en Mallorca<\/a> tras enamorarse del destino.<\/strong><\/p>\n<h3><strong>Belleza y cultura<\/strong><\/h3>\n<p>Y como ya hemo dicho, <strong>que no solo es sol y playa; la isla de Mallorca tiene la ventaja de contar con much\u00edsima belleza que tambi\u00e9n transciende a los art\u00edstico, lo cultural y lo hist\u00f3rico.<\/strong> En primer lugar, <strong>el casco hist\u00f3rico de la capital,<\/strong> repleto de espect\u00e1culos y patrimonio sorprendentes.<\/p>\n<figure id=\"attachment_36336\" aria-describedby=\"caption-attachment-36336\" style=\"width: 640px\" class=\"wp-caption aligncenter\"><img decoding=\"async\" src=\"https:\/\/destinocastillayleon.es\/index\/wp-content\/uploads\/2023\/01\/Catedral-de-Palma-de-Mallorca-y-La-Almudaina-fachada-sur-desde-el-lago-Imagen-de-Wikipedia.jpg\" alt=\"Catedral de Palma\" title=\"Catedral de Palma de Mallorca y La Almudaina, fachada sur, desde el lago - Imagen de Wikipedia\" width=\"640\" height=\"360\" class=\"size-full wp-image-36336\" srcset=\"https:\/\/destinocastillayleon.es\/index\/wp-content\/uploads\/2023\/01\/Catedral-de-Palma-de-Mallorca-y-La-Almudaina-fachada-sur-desde-el-lago-Imagen-de-Wikipedia.jpg 640w, https:\/\/destinocastillayleon.es\/index\/wp-content\/uploads\/2023\/01\/Catedral-de-Palma-de-Mallorca-y-La-Almudaina-fachada-sur-desde-el-lago-Imagen-de-Wikipedia-300x169.jpg 300w\" sizes=\"(max-width: 640px) 100vw, 640px\" \/><figcaption id=\"caption-attachment-36336\" class=\"wp-caption-text\">Catedral de Palma de Mallorca y La Almudaina, fachada sur, desde el lago &#8211; Imagen de Wikipedia<\/figcaption><\/figure>\n<blockquote><p>Imposible pasar por alto la Catedral de Palma de Mallorca, <em>la Seu<\/em>. Un edificio g\u00f3tico ubicado sobre las murallas fortificadas de la ciudad.<\/p><\/blockquote>\n<p>Luego de gran inter\u00e9s, las calles sinuosas donde <strong>imponentes casones se\u00f1oriales<\/strong> destacan con sus patios llenos de encanto. Y sali\u00e9ndonos un poco, no olvid\u00e9is <strong>el Castillo de <em>Bellver<\/em>,<\/strong> uno de los pocos de Europa de forma circular, <strong>la Lonja o el Alc\u00e1zar Real,<\/strong> que permiten ofrecer una oferta tur\u00edstica que quita el sentido.<\/p>\n<h3><strong>Buenas comunicaciones<\/strong><\/h3>\n<p>Si en alg\u00fan momento te planteas visitar, o incluso vivir en Mallorca, <strong>otro de los aspectos interesantes son las comunicaciones.<\/strong> A\u00fan no hay un puente que lo conecte con la pen\u00ednsula; pero, <strong>la isla cuenta con un aeropuerto internacional<\/strong> a tan solo 15 minutos del centro de la ciudad de Palma de Mallorca.<\/p>\n<figure id=\"attachment_36337\" aria-describedby=\"caption-attachment-36337\" style=\"width: 640px\" class=\"wp-caption aligncenter\"><img decoding=\"async\" src=\"https:\/\/destinocastillayleon.es\/index\/wp-content\/uploads\/2023\/01\/Aeropuerto-de-Palma-de-Mallorca-Imagen-de-Wikipedia.jpg\" alt=\"Aeropuerto de Palma\" title=\"Aeropuerto de Palma de Mallorca - Imagen de Wikipedia\" width=\"640\" height=\"360\" class=\"size-full wp-image-36337\" srcset=\"https:\/\/destinocastillayleon.es\/index\/wp-content\/uploads\/2023\/01\/Aeropuerto-de-Palma-de-Mallorca-Imagen-de-Wikipedia.jpg 640w, https:\/\/destinocastillayleon.es\/index\/wp-content\/uploads\/2023\/01\/Aeropuerto-de-Palma-de-Mallorca-Imagen-de-Wikipedia-300x169.jpg 300w\" sizes=\"(max-width: 640px) 100vw, 640px\" \/><figcaption id=\"caption-attachment-36337\" class=\"wp-caption-text\">Aeropuerto de Palma de Mallorca &#8211; Imagen de Wikipedia<\/figcaption><\/figure>\n<p>Esto <strong>permite estar en menos de una hora en destinos como Madrid, Granada o Barcelona;<\/strong> o en nuestro caso, conectados con el aeropuerto de Valladolid, Burgos o Le\u00f3n.<\/p>\n<p>Y si te da miedo volar, <strong>pues tienes ferrys que conectan la isla con Valencia o Barcelona;<\/strong> una alternativa m\u00e1s lenta pero m\u00e1s econ\u00f3mica y que os permiten ir con vuestro propio coche para recorrer la isla.<\/p>\n<h3><strong>Y unas playas de ensue\u00f1o<\/strong><\/h3>\n<p>Y si, evidentemente, aunque somos amantes del turismo de interior, <strong>no olvidemos que Mallorca es una isla y que est\u00e1 completamente rodeada de mar; por lo que las aguas del mar Mediterr\u00e1neo son casi una garant\u00eda de una experiencia tur\u00edstica excepcional.<\/strong> Y es que son <strong>m\u00e1s de 260 playas,<\/strong> con m\u00e1s de 50 kil\u00f3metros de arenas finas y aguas transparentes.<\/p>\n<figure id=\"attachment_36338\" aria-describedby=\"caption-attachment-36338\" style=\"width: 640px\" class=\"wp-caption aligncenter\"><img decoding=\"async\" src=\"https:\/\/destinocastillayleon.es\/index\/wp-content\/uploads\/2023\/01\/Playas-de-Mallorca-Imagen-de-Wikipedia.jpg\" alt=\"Playas de Mallorca - Imagen de Wikipedia\" width=\"640\" height=\"360\" class=\"size-full wp-image-36338\" srcset=\"https:\/\/destinocastillayleon.es\/index\/wp-content\/uploads\/2023\/01\/Playas-de-Mallorca-Imagen-de-Wikipedia.jpg 640w, https:\/\/destinocastillayleon.es\/index\/wp-content\/uploads\/2023\/01\/Playas-de-Mallorca-Imagen-de-Wikipedia-300x169.jpg 300w\" sizes=\"(max-width: 640px) 100vw, 640px\" \/><figcaption id=\"caption-attachment-36338\" class=\"wp-caption-text\">Playas de Mallorca &#8211; Imagen de Wikipedia<\/figcaption><\/figure>\n<p>Tan solo la playa de Palma de Mallorca <strong>cuenta con cerca de 5 kil\u00f3metros de extensi\u00f3n.<\/strong> Todo ello sin mencionar fen\u00f3menos de la Madre Tierra tan hermosos como las camas de <em>Portals Nous<\/em> o <em>l&#8217;Oratori<\/em>. Verdaderos resorts naturales abiertos a todo el mundo.<\/p>\n<h4><strong>Y sobran las razones<\/strong><\/h4>\n<p><strong>\u00bfY no te dan ganas de viajar ya a la isla de Mallorca?<\/strong> Ya sea por sus playas, por su tranquilidad, por sus comunicaciones, o por su rica gastronom\u00eda y vinos; cuando Mallorca te atrapa, es dif\u00edcil escapar a su embrujo y encanto. Y esto es algo que cada vez apreciamos m\u00e1s a la hora de buscar destino residencial. <strong>Si vienes&#8230; \u00a1te quedar\u00e1s!<\/strong><\/p>\n<p><font size=\"2\"><strong>Nota:<\/strong> Imagen cortes\u00eda de de cc Luis Suarez.<\/font><\/p>\n<h4>Tambi\u00e9n te puede interesar<\/h4>\n<ul>\n<li><a href=\"https:\/\/destinocastillayleon.es\/index\/viajar-a-europa-a-partir-de-2022\/\">El nuevo permiso de viaje para viajar a Europa a partir de 2022<\/a>.<\/li>\n<li><a href=\"https:\/\/destinocastillayleon.es\/index\/crucero-por-las-islas-griegas\/\">Crucero por las islas griegas<\/a>.<\/li>\n<li><a href=\"https:\/\/destinocastillayleon.es\/index\/paradores-con-historia-en-castilla-leon\/\">Paradores con historia en Castilla y Le\u00f3n<\/a>.<\/li>\n<\/ul>\n","protected":false},"excerpt":{"rendered":"<p>Viajar es un placer que termina enamorando de los destinos; tanto que incluso es posible que te entren ganas de vivir en lugares tan m\u00e1gicos como en la isla de Mallorca.<\/p>\n","protected":false},"author":2,"featured_media":36334,"comment_status":"open","ping_status":"closed","sticky":false,"template":"","format":"standard","meta":{"rop_custom_images_group":[],"rop_custom_messages_group":[],"rop_publish_now":"initial","rop_publish_now_accounts":{"twitter_1150954226_1150954226":""},"rop_publish_now_history":[],"rop_publish_now_status":"pending","footnotes":""},"categories":[383,5511,68],"tags":[6038],"class_list":["post-36329","post","type-post","status-publish","format-standard","has-post-thumbnail","hentry","category-cruzando_fronteras","category-no-rescatar-en-rrss","category-post_inicial","tag-otros-destinos"],"yoast_head":"<!-- This site is optimized with the Yoast SEO Premium plugin v20.4 (Yoast SEO v27.4) - https:\/\/yoast.com\/product\/yoast-seo-premium-wordpress\/ -->\n<title>Razones para vivir en la isla de Mallorca - Destino Castilla y Le\u00f3n<\/title>\n<meta name=\"description\" content=\"Cuando viajamos, terminamos enamor\u00e1ndonos de algunos destinos, como este de la isla de Mallorca, un lugar con grandes encantos para conocer.\" \/>\n<meta name=\"robots\" content=\"index, follow, max-snippet:-1, max-image-preview:large, max-video-preview:-1\" \/>\n<link rel=\"canonical\" href=\"https:\/\/destinocastillayleon.es\/index\/razones-para-vivir-en-la-isla-de-mallorca\/\" \/>\n<meta property=\"og:locale\" content=\"es_ES\" \/>\n<meta property=\"og:type\" content=\"article\" \/>\n<meta property=\"og:title\" content=\"Razones para vivir en la isla de Mallorca - Destino Castilla y Le\u00f3n\" \/>\n<meta property=\"og:description\" content=\"Viajar es un placer que termina enamorando de los destinos; tanto que incluso es posible que te entren ganas de vivir en lugares tan m\u00e1gicos como en la isla de Mallorca.\" \/>\n<meta property=\"og:url\" content=\"https:\/\/destinocastillayleon.es\/index\/razones-para-vivir-en-la-isla-de-mallorca\/\" \/>\n<meta property=\"og:site_name\" content=\"Destino Castilla y Le\u00f3n\" \/>\n<meta property=\"article:publisher\" content=\"https:\/\/www.facebook.com\/DestinoCastillaYLeon\/\" \/>\n<meta property=\"article:author\" content=\"https:\/\/www.facebook.com\/profile.php?id=1158416854\" \/>\n<meta property=\"article:published_time\" content=\"2023-02-01T07:45:02+00:00\" \/>\n<meta property=\"og:image\" content=\"https:\/\/destinocastillayleon.es\/index\/wp-content\/uploads\/2023\/01\/Mallorca-Imagen-de-cc-Luis-Suarez.jpg\" \/>\n\t<meta property=\"og:image:width\" content=\"1210\" \/>\n\t<meta property=\"og:image:height\" content=\"653\" \/>\n\t<meta property=\"og:image:type\" content=\"image\/jpeg\" \/>\n<meta name=\"author\" content=\"David V\u00e1zquez\" \/>\n<meta name=\"twitter:card\" content=\"summary_large_image\" \/>\n<meta name=\"twitter:title\" content=\"Razones para vivir en la isla de Mallorca - Destino Castilla y Le\u00f3n\" \/>\n<meta name=\"twitter:description\" content=\"Viajar es un placer que termina enamorando de los destinos; tanto que incluso es posible que te entren ganas de vivir en lugares tan m\u00e1gicos como en la isla de Mallorca.\" \/>\n<meta name=\"twitter:creator\" content=\"@https:\/\/twitter.com\/ContePantaleone\u200e\" \/>\n<meta name=\"twitter:site\" content=\"@destinocyl\" \/>\n<meta name=\"twitter:label1\" content=\"Escrito por\" \/>\n\t<meta name=\"twitter:data1\" content=\"David V\u00e1zquez\" \/>\n\t<meta name=\"twitter:label2\" content=\"Tiempo de lectura\" \/>\n\t<meta name=\"twitter:data2\" content=\"5 minutos\" \/>\n<script type=\"application\/ld+json\" class=\"yoast-schema-graph\">{\"@context\":\"https:\\\/\\\/schema.org\",\"@graph\":[{\"@type\":\"Article\",\"@id\":\"https:\\\/\\\/destinocastillayleon.es\\\/index\\\/razones-para-vivir-en-la-isla-de-mallorca\\\/#article\",\"isPartOf\":{\"@id\":\"https:\\\/\\\/destinocastillayleon.es\\\/index\\\/razones-para-vivir-en-la-isla-de-mallorca\\\/\"},\"author\":{\"name\":\"David V\u00e1zquez\",\"@id\":\"https:\\\/\\\/destinocastillayleon.es\\\/index\\\/#\\\/schema\\\/person\\\/189221bc8f6cc4fa28b18ad5c289d4c2\"},\"headline\":\"Razones para vivir en la isla de Mallorca\",\"datePublished\":\"2023-02-01T07:45:02+00:00\",\"mainEntityOfPage\":{\"@id\":\"https:\\\/\\\/destinocastillayleon.es\\\/index\\\/razones-para-vivir-en-la-isla-de-mallorca\\\/\"},\"wordCount\":868,\"commentCount\":0,\"image\":{\"@id\":\"https:\\\/\\\/destinocastillayleon.es\\\/index\\\/razones-para-vivir-en-la-isla-de-mallorca\\\/#primaryimage\"},\"thumbnailUrl\":\"https:\\\/\\\/destinocastillayleon.es\\\/index\\\/wp-content\\\/uploads\\\/2023\\\/01\\\/Mallorca-Imagen-de-cc-Luis-Suarez.jpg\",\"keywords\":[\"Otros destinos\"],\"articleSection\":[\"cruzando_fronteras\",\"No rescatar en RRSS\",\"Post_inicial\"],\"inLanguage\":\"es\",\"potentialAction\":[{\"@type\":\"CommentAction\",\"name\":\"Comment\",\"target\":[\"https:\\\/\\\/destinocastillayleon.es\\\/index\\\/razones-para-vivir-en-la-isla-de-mallorca\\\/#respond\"]}]},{\"@type\":\"WebPage\",\"@id\":\"https:\\\/\\\/destinocastillayleon.es\\\/index\\\/razones-para-vivir-en-la-isla-de-mallorca\\\/\",\"url\":\"https:\\\/\\\/destinocastillayleon.es\\\/index\\\/razones-para-vivir-en-la-isla-de-mallorca\\\/\",\"name\":\"Razones para vivir en la isla de Mallorca - Destino Castilla y Le\u00f3n\",\"isPartOf\":{\"@id\":\"https:\\\/\\\/destinocastillayleon.es\\\/index\\\/#website\"},\"primaryImageOfPage\":{\"@id\":\"https:\\\/\\\/destinocastillayleon.es\\\/index\\\/razones-para-vivir-en-la-isla-de-mallorca\\\/#primaryimage\"},\"image\":{\"@id\":\"https:\\\/\\\/destinocastillayleon.es\\\/index\\\/razones-para-vivir-en-la-isla-de-mallorca\\\/#primaryimage\"},\"thumbnailUrl\":\"https:\\\/\\\/destinocastillayleon.es\\\/index\\\/wp-content\\\/uploads\\\/2023\\\/01\\\/Mallorca-Imagen-de-cc-Luis-Suarez.jpg\",\"datePublished\":\"2023-02-01T07:45:02+00:00\",\"author\":{\"@id\":\"https:\\\/\\\/destinocastillayleon.es\\\/index\\\/#\\\/schema\\\/person\\\/189221bc8f6cc4fa28b18ad5c289d4c2\"},\"description\":\"Cuando viajamos, terminamos enamor\u00e1ndonos de algunos destinos, como este de la isla de Mallorca, un lugar con grandes encantos para conocer.\",\"breadcrumb\":{\"@id\":\"https:\\\/\\\/destinocastillayleon.es\\\/index\\\/razones-para-vivir-en-la-isla-de-mallorca\\\/#breadcrumb\"},\"inLanguage\":\"es\",\"potentialAction\":[{\"@type\":\"ReadAction\",\"target\":[\"https:\\\/\\\/destinocastillayleon.es\\\/index\\\/razones-para-vivir-en-la-isla-de-mallorca\\\/\"]}]},{\"@type\":\"ImageObject\",\"inLanguage\":\"es\",\"@id\":\"https:\\\/\\\/destinocastillayleon.es\\\/index\\\/razones-para-vivir-en-la-isla-de-mallorca\\\/#primaryimage\",\"url\":\"https:\\\/\\\/destinocastillayleon.es\\\/index\\\/wp-content\\\/uploads\\\/2023\\\/01\\\/Mallorca-Imagen-de-cc-Luis-Suarez.jpg\",\"contentUrl\":\"https:\\\/\\\/destinocastillayleon.es\\\/index\\\/wp-content\\\/uploads\\\/2023\\\/01\\\/Mallorca-Imagen-de-cc-Luis-Suarez.jpg\",\"width\":1210,\"height\":653,\"caption\":\"Mallorca - Imagen de cc Luis Suarez\"},{\"@type\":\"BreadcrumbList\",\"@id\":\"https:\\\/\\\/destinocastillayleon.es\\\/index\\\/razones-para-vivir-en-la-isla-de-mallorca\\\/#breadcrumb\",\"itemListElement\":[{\"@type\":\"ListItem\",\"position\":1,\"name\":\"Portada\",\"item\":\"https:\\\/\\\/destinocastillayleon.es\\\/index\\\/\"},{\"@type\":\"ListItem\",\"position\":2,\"name\":\"Razones para vivir en la isla de Mallorca\"}]},{\"@type\":\"WebSite\",\"@id\":\"https:\\\/\\\/destinocastillayleon.es\\\/index\\\/#website\",\"url\":\"https:\\\/\\\/destinocastillayleon.es\\\/index\\\/\",\"name\":\"Destino Castilla y Le\u00f3n\",\"description\":\"Medio digital independiente y revista de Castilla y Le\u00f3n dedicado al turismo, gastronom\u00eda y vino de Castilla y Le\u00f3n\",\"potentialAction\":[{\"@type\":\"SearchAction\",\"target\":{\"@type\":\"EntryPoint\",\"urlTemplate\":\"https:\\\/\\\/destinocastillayleon.es\\\/index\\\/?s={search_term_string}\"},\"query-input\":{\"@type\":\"PropertyValueSpecification\",\"valueRequired\":true,\"valueName\":\"search_term_string\"}}],\"inLanguage\":\"es\"},{\"@type\":\"Person\",\"@id\":\"https:\\\/\\\/destinocastillayleon.es\\\/index\\\/#\\\/schema\\\/person\\\/189221bc8f6cc4fa28b18ad5c289d4c2\",\"name\":\"David V\u00e1zquez\",\"image\":{\"@type\":\"ImageObject\",\"inLanguage\":\"es\",\"@id\":\"https:\\\/\\\/secure.gravatar.com\\\/avatar\\\/cd12db6c575a90c3b75cfa0f794b74d425201c768612fad17e9f13cd33d48be8?s=96&d=mm&r=g\",\"url\":\"https:\\\/\\\/secure.gravatar.com\\\/avatar\\\/cd12db6c575a90c3b75cfa0f794b74d425201c768612fad17e9f13cd33d48be8?s=96&d=mm&r=g\",\"contentUrl\":\"https:\\\/\\\/secure.gravatar.com\\\/avatar\\\/cd12db6c575a90c3b75cfa0f794b74d425201c768612fad17e9f13cd33d48be8?s=96&d=mm&r=g\",\"caption\":\"David V\u00e1zquez\"},\"description\":\"Ingeniero Industrial de vocaci\u00f3n y profesi\u00f3n, he encontrado en los blogs la forma de plasmar mi pasi\u00f3n por los viajes, la gastronom\u00eda y los vinos. Especialmente los procedentes de Castilla y Le\u00f3n\",\"sameAs\":[\"https:\\\/\\\/www.destinocastillayleon.es\",\"https:\\\/\\\/www.facebook.com\\\/profile.php?id=1158416854\",\"https:\\\/\\\/instagram.com\\\/conte.pantaleone\",\"https:\\\/\\\/www.linkedin.com\\\/pub\\\/david-vazquez-lozano\\\/37\\\/17a\\\/25a\",\"https:\\\/\\\/x.com\\\/https:\\\/\\\/twitter.com\\\/ContePantaleone\u200e\"],\"url\":\"https:\\\/\\\/destinocastillayleon.es\\\/index\\\/author\\\/coadministradorcyl\\\/\"}]}<\/script>\n<!-- \/ Yoast SEO Premium plugin. -->","yoast_head_json":{"title":"Razones para vivir en la isla de Mallorca - Destino Castilla y Le\u00f3n","description":"Cuando viajamos, terminamos enamor\u00e1ndonos de algunos destinos, como este de la isla de Mallorca, un lugar con grandes encantos para conocer.","robots":{"index":"index","follow":"follow","max-snippet":"max-snippet:-1","max-image-preview":"max-image-preview:large","max-video-preview":"max-video-preview:-1"},"canonical":"https:\/\/destinocastillayleon.es\/index\/razones-para-vivir-en-la-isla-de-mallorca\/","og_locale":"es_ES","og_type":"article","og_title":"Razones para vivir en la isla de Mallorca - Destino Castilla y Le\u00f3n","og_description":"Viajar es un placer que termina enamorando de los destinos; tanto que incluso es posible que te entren ganas de vivir en lugares tan m\u00e1gicos como en la isla de Mallorca.","og_url":"https:\/\/destinocastillayleon.es\/index\/razones-para-vivir-en-la-isla-de-mallorca\/","og_site_name":"Destino Castilla y Le\u00f3n","article_publisher":"https:\/\/www.facebook.com\/DestinoCastillaYLeon\/","article_author":"https:\/\/www.facebook.com\/profile.php?id=1158416854","article_published_time":"2023-02-01T07:45:02+00:00","og_image":[{"width":1210,"height":653,"url":"https:\/\/destinocastillayleon.es\/index\/wp-content\/uploads\/2023\/01\/Mallorca-Imagen-de-cc-Luis-Suarez.jpg","type":"image\/jpeg"}],"author":"David V\u00e1zquez","twitter_card":"summary_large_image","twitter_title":"Razones para vivir en la isla de Mallorca - Destino Castilla y Le\u00f3n","twitter_description":"Viajar es un placer que termina enamorando de los destinos; tanto que incluso es posible que te entren ganas de vivir en lugares tan m\u00e1gicos como en la isla de Mallorca.","twitter_creator":"@https:\/\/twitter.com\/ContePantaleone\u200e","twitter_site":"@destinocyl","twitter_misc":{"Escrito por":"David V\u00e1zquez","Tiempo de lectura":"5 minutos"},"schema":{"@context":"https:\/\/schema.org","@graph":[{"@type":"Article","@id":"https:\/\/destinocastillayleon.es\/index\/razones-para-vivir-en-la-isla-de-mallorca\/#article","isPartOf":{"@id":"https:\/\/destinocastillayleon.es\/index\/razones-para-vivir-en-la-isla-de-mallorca\/"},"author":{"name":"David V\u00e1zquez","@id":"https:\/\/destinocastillayleon.es\/index\/#\/schema\/person\/189221bc8f6cc4fa28b18ad5c289d4c2"},"headline":"Razones para vivir en la isla de Mallorca","datePublished":"2023-02-01T07:45:02+00:00","mainEntityOfPage":{"@id":"https:\/\/destinocastillayleon.es\/index\/razones-para-vivir-en-la-isla-de-mallorca\/"},"wordCount":868,"commentCount":0,"image":{"@id":"https:\/\/destinocastillayleon.es\/index\/razones-para-vivir-en-la-isla-de-mallorca\/#primaryimage"},"thumbnailUrl":"https:\/\/destinocastillayleon.es\/index\/wp-content\/uploads\/2023\/01\/Mallorca-Imagen-de-cc-Luis-Suarez.jpg","keywords":["Otros destinos"],"articleSection":["cruzando_fronteras","No rescatar en RRSS","Post_inicial"],"inLanguage":"es","potentialAction":[{"@type":"CommentAction","name":"Comment","target":["https:\/\/destinocastillayleon.es\/index\/razones-para-vivir-en-la-isla-de-mallorca\/#respond"]}]},{"@type":"WebPage","@id":"https:\/\/destinocastillayleon.es\/index\/razones-para-vivir-en-la-isla-de-mallorca\/","url":"https:\/\/destinocastillayleon.es\/index\/razones-para-vivir-en-la-isla-de-mallorca\/","name":"Razones para vivir en la isla de Mallorca - Destino Castilla y Le\u00f3n","isPartOf":{"@id":"https:\/\/destinocastillayleon.es\/index\/#website"},"primaryImageOfPage":{"@id":"https:\/\/destinocastillayleon.es\/index\/razones-para-vivir-en-la-isla-de-mallorca\/#primaryimage"},"image":{"@id":"https:\/\/destinocastillayleon.es\/index\/razones-para-vivir-en-la-isla-de-mallorca\/#primaryimage"},"thumbnailUrl":"https:\/\/destinocastillayleon.es\/index\/wp-content\/uploads\/2023\/01\/Mallorca-Imagen-de-cc-Luis-Suarez.jpg","datePublished":"2023-02-01T07:45:02+00:00","author":{"@id":"https:\/\/destinocastillayleon.es\/index\/#\/schema\/person\/189221bc8f6cc4fa28b18ad5c289d4c2"},"description":"Cuando viajamos, terminamos enamor\u00e1ndonos de algunos destinos, como este de la isla de Mallorca, un lugar con grandes encantos para conocer.","breadcrumb":{"@id":"https:\/\/destinocastillayleon.es\/index\/razones-para-vivir-en-la-isla-de-mallorca\/#breadcrumb"},"inLanguage":"es","potentialAction":[{"@type":"ReadAction","target":["https:\/\/destinocastillayleon.es\/index\/razones-para-vivir-en-la-isla-de-mallorca\/"]}]},{"@type":"ImageObject","inLanguage":"es","@id":"https:\/\/destinocastillayleon.es\/index\/razones-para-vivir-en-la-isla-de-mallorca\/#primaryimage","url":"https:\/\/destinocastillayleon.es\/index\/wp-content\/uploads\/2023\/01\/Mallorca-Imagen-de-cc-Luis-Suarez.jpg","contentUrl":"https:\/\/destinocastillayleon.es\/index\/wp-content\/uploads\/2023\/01\/Mallorca-Imagen-de-cc-Luis-Suarez.jpg","width":1210,"height":653,"caption":"Mallorca - Imagen de cc Luis Suarez"},{"@type":"BreadcrumbList","@id":"https:\/\/destinocastillayleon.es\/index\/razones-para-vivir-en-la-isla-de-mallorca\/#breadcrumb","itemListElement":[{"@type":"ListItem","position":1,"name":"Portada","item":"https:\/\/destinocastillayleon.es\/index\/"},{"@type":"ListItem","position":2,"name":"Razones para vivir en la isla de Mallorca"}]},{"@type":"WebSite","@id":"https:\/\/destinocastillayleon.es\/index\/#website","url":"https:\/\/destinocastillayleon.es\/index\/","name":"Destino Castilla y Le\u00f3n","description":"Medio digital independiente y revista de Castilla y Le\u00f3n dedicado al turismo, gastronom\u00eda y vino de Castilla y Le\u00f3n","potentialAction":[{"@type":"SearchAction","target":{"@type":"EntryPoint","urlTemplate":"https:\/\/destinocastillayleon.es\/index\/?s={search_term_string}"},"query-input":{"@type":"PropertyValueSpecification","valueRequired":true,"valueName":"search_term_string"}}],"inLanguage":"es"},{"@type":"Person","@id":"https:\/\/destinocastillayleon.es\/index\/#\/schema\/person\/189221bc8f6cc4fa28b18ad5c289d4c2","name":"David V\u00e1zquez","image":{"@type":"ImageObject","inLanguage":"es","@id":"https:\/\/secure.gravatar.com\/avatar\/cd12db6c575a90c3b75cfa0f794b74d425201c768612fad17e9f13cd33d48be8?s=96&d=mm&r=g","url":"https:\/\/secure.gravatar.com\/avatar\/cd12db6c575a90c3b75cfa0f794b74d425201c768612fad17e9f13cd33d48be8?s=96&d=mm&r=g","contentUrl":"https:\/\/secure.gravatar.com\/avatar\/cd12db6c575a90c3b75cfa0f794b74d425201c768612fad17e9f13cd33d48be8?s=96&d=mm&r=g","caption":"David V\u00e1zquez"},"description":"Ingeniero Industrial de vocaci\u00f3n y profesi\u00f3n, he encontrado en los blogs la forma de plasmar mi pasi\u00f3n por los viajes, la gastronom\u00eda y los vinos. Especialmente los procedentes de Castilla y Le\u00f3n","sameAs":["https:\/\/www.destinocastillayleon.es","https:\/\/www.facebook.com\/profile.php?id=1158416854","https:\/\/instagram.com\/conte.pantaleone","https:\/\/www.linkedin.com\/pub\/david-vazquez-lozano\/37\/17a\/25a","https:\/\/x.com\/https:\/\/twitter.com\/ContePantaleone\u200e"],"url":"https:\/\/destinocastillayleon.es\/index\/author\/coadministradorcyl\/"}]}},"_links":{"self":[{"href":"https:\/\/destinocastillayleon.es\/index\/wp-json\/wp\/v2\/posts\/36329","targetHints":{"allow":["GET"]}}],"collection":[{"href":"https:\/\/destinocastillayleon.es\/index\/wp-json\/wp\/v2\/posts"}],"about":[{"href":"https:\/\/destinocastillayleon.es\/index\/wp-json\/wp\/v2\/types\/post"}],"author":[{"embeddable":true,"href":"https:\/\/destinocastillayleon.es\/index\/wp-json\/wp\/v2\/users\/2"}],"replies":[{"embeddable":true,"href":"https:\/\/destinocastillayleon.es\/index\/wp-json\/wp\/v2\/comments?post=36329"}],"version-history":[{"count":6,"href":"https:\/\/destinocastillayleon.es\/index\/wp-json\/wp\/v2\/posts\/36329\/revisions"}],"predecessor-version":[{"id":36340,"href":"https:\/\/destinocastillayleon.es\/index\/wp-json\/wp\/v2\/posts\/36329\/revisions\/36340"}],"wp:featuredmedia":[{"embeddable":true,"href":"https:\/\/destinocastillayleon.es\/index\/wp-json\/wp\/v2\/media\/36334"}],"wp:attachment":[{"href":"https:\/\/destinocastillayleon.es\/index\/wp-json\/wp\/v2\/media?parent=36329"}],"wp:term":[{"taxonomy":"category","embeddable":true,"href":"https:\/\/destinocastillayleon.es\/index\/wp-json\/wp\/v2\/categories?post=36329"},{"taxonomy":"post_tag","embeddable":true,"href":"https:\/\/destinocastillayleon.es\/index\/wp-json\/wp\/v2\/tags?post=36329"}],"curies":[{"name":"wp","href":"https:\/\/api.w.org\/{rel}","templated":true}]}}