{"id":36313,"date":"2023-02-03T09:33:01","date_gmt":"2023-02-03T08:33:01","guid":{"rendered":"https:\/\/destinocastillayleon.es\/index\/?p=36313"},"modified":"2023-02-03T09:33:01","modified_gmt":"2023-02-03T08:33:01","slug":"carnavales-y-vino","status":"publish","type":"post","link":"https:\/\/destinocastillayleon.es\/index\/carnavales-y-vino\/","title":{"rendered":"Carnavales y vino"},"content":{"rendered":"<p>Preparando una colaboraci\u00f3n <strong>con los compa\u00f1eros de Wine Inspirers sobre carnavales y vino,<\/strong> empezamos a bucear en diferentes expresiones que conjuguen estos dos aspectos, en un paquete de enoturismo \u00fanico. <strong>Entre los destinos seleccionaos, encontramos dos de Castilla y Le\u00f3n, El Carnaval de Toro, en Zamora; y el Carnaval de Cebreros, en \u00c1vila,<\/strong> de inter\u00e9s tur\u00edstico nacional por su singularidad.<\/p>\n<p>No obstante, <strong>los otros destinos son Haro, en La Rioja; C\u00e1diz,<\/strong> aunque sean las bodegas de Puerto de Santa Mar\u00eda; <strong>y por supuesto, Tenerife;<\/strong> con sus cinco denominaciones de origen y una indicaci\u00f3n geogr\u00e1fica protegida.<\/p>\n<h3><strong>\u00cdndice de contenidos<\/strong><\/h3>\n<p>Vamos a darte unas pinceladas de <strong>estos destinos tan \u00fanicos<\/strong> que permiten disfrutar de esta combinaci\u00f3n de carnavales y vino.<\/p>\n<ul>\n<li><a href=\"#Tenerife\">Carnavales de Tenerife<\/a>.<\/li>\n<li><a href=\"#Toro\">Carnaval de Toro<\/a>.<\/li>\n<li><a href=\"#Cadiz\">Carnavales de C\u00e1diz<\/a>.<\/li>\n<li><a href=\"#Cebreros\">Carnaval de Cebreros<\/a>.<\/li>\n<li><a href=\"#Haro\">El Carnaval del Vino de Haro<\/a>.<\/li>\n<\/ul>\n<p>Esperamos que os animen a viajar este a\u00f1o, o al siguiente a estos lugares tan divertidos, y nos solo durante los carnavales del vino, si no, en cualquier \u00e9poca del a\u00f1o. <a name=\"Tenerife\"><\/a><\/p>\n<h2><strong>Carnaval de Tenerife<\/strong><\/h2>\n<p>Posiblemente sea <strong>uno de los carnavales m\u00e1s emblem\u00e1ticos a nivel internacional.<\/strong> Igual no son los Carnavales de Rio, pero por su climatolog\u00eda, su ambiente y su nivel de actividad sean los Carnavales <strong>con mayor proyecci\u00f3n de Espa\u00f1a.<\/strong><\/p>\n<figure id=\"attachment_36323\" aria-describedby=\"caption-attachment-36323\" style=\"width: 640px\" class=\"wp-caption aligncenter\"><img decoding=\"async\" src=\"https:\/\/destinocastillayleon.es\/index\/wp-content\/uploads\/2023\/01\/Carnaval-de-Tenerife-Imagen-de-Wikipedia.jpg\" alt=\"Carnavales y vino\" Title=\"Carnaval de Tenerife - Imagen de Wikipedia\" width=\"640\" height=\"360\" class=\"size-full wp-image-36323\" srcset=\"https:\/\/destinocastillayleon.es\/index\/wp-content\/uploads\/2023\/01\/Carnaval-de-Tenerife-Imagen-de-Wikipedia.jpg 640w, https:\/\/destinocastillayleon.es\/index\/wp-content\/uploads\/2023\/01\/Carnaval-de-Tenerife-Imagen-de-Wikipedia-300x169.jpg 300w\" sizes=\"(max-width: 640px) 100vw, 640px\" \/><figcaption id=\"caption-attachment-36323\" class=\"wp-caption-text\">Carnaval de Tenerife &#8211; Imagen de Wikipedia<\/figcaption><\/figure>\n<p>Pero igual no es tan sabido, <strong>es que esta isla de Canarias cuenta con hasta cinco denominaciones de origen de vinos diferentes;<\/strong> y una indicaci\u00f3n geogr\u00e1fica protegida. Estas <strong>variedades de uva llegaron de mano de los Castellanos y europeos al servicio de la Corona de Castilla y Le\u00f3n a finales del siglo XV,<\/strong> adapt\u00e1ndose a los f\u00e9rtiles terrenos volc\u00e1nicos y a la climatolog\u00eda \u00fanica de esta isla.<\/p>\n<h3><strong>Vuelos a Tenerife<\/strong><\/h3>\n<p>Quiz\u00e1s la \u00fanica \u00abpega\u00bb sea que al ser una isla <strong>es necesario llegar en avi\u00f3n; aunque existen muchas opciones para tomar <a href=\"https:\/\/www.aireuropa.com\/es-es\/ofertas-de-vuelos-a-tenerife\" target=\"_Blank\" rel=\"DoFollow noopener\">vuelos a Tenerife<\/a>,<\/strong> pues la demanda es alta y las opciones de vuelos baratos a Tenerife son bastantes.<\/p>\n<h3><strong>Enoturismo en Tenerife<\/strong><\/h3>\n<p>Como hemos dicho, <strong>la isla cuenta con varias zonas de producci\u00f3n de vinos de calidad;<\/strong> esto hace que las opciones para complementar unas vacaciones en Tenerife sean mucho m\u00e1s que el sol y las playas (algo que, como sab\u00e9is siempre defendemos).<\/p>\n<figure id=\"attachment_36320\" aria-describedby=\"caption-attachment-36320\" style=\"width: 640px\" class=\"wp-caption aligncenter\"><img decoding=\"async\" src=\"https:\/\/destinocastillayleon.es\/index\/wp-content\/uploads\/2023\/01\/Lagar-tradicional-en-Casa-del-Vino-en-Tenerife-Imagen-de-la-bodega.jpg\" alt=\"Lagar tradicional en Casa del Vino en Tenerife - Imagen de la bodega\" width=\"640\" height=\"360\" class=\"size-full wp-image-36320\" srcset=\"https:\/\/destinocastillayleon.es\/index\/wp-content\/uploads\/2023\/01\/Lagar-tradicional-en-Casa-del-Vino-en-Tenerife-Imagen-de-la-bodega.jpg 640w, https:\/\/destinocastillayleon.es\/index\/wp-content\/uploads\/2023\/01\/Lagar-tradicional-en-Casa-del-Vino-en-Tenerife-Imagen-de-la-bodega-300x169.jpg 300w\" sizes=\"(max-width: 640px) 100vw, 640px\" \/><figcaption id=\"caption-attachment-36320\" class=\"wp-caption-text\">Lagar tradicional en Casa del Vino en Tenerife &#8211; Imagen de la bodega<\/figcaption><\/figure>\n<p>Las variedades de uva, <strong>aunque procedentes del viejo mundo se han adaptado y se han vuelto \u00fanicas;<\/strong> adem\u00e1s por su car\u00e1cter insular, se han conservado libres del ataque de la filoxera, lo que hace que sean unas variedades diferentes y muy atractivas para cualquier <em>winelover<\/em>.<\/p>\n<p>Igualmente, <strong>cualquier visita a una de sus muchas bodegas, con producciones peque\u00f1as y singulares,<\/strong> debe ser acompa\u00f1ada por la gastronom\u00eda local; rica y variada; lo que \u00abredondea\u00bb la experiencia. <a name=\"Toro\"><\/a><\/p>\n<h2><strong>Carnaval de Toro<\/strong><\/h2>\n<p>La ciudad de Toro <strong>es famosa por sus carnavales tradicionales;<\/strong> y aunque debido a su popularizaci\u00f3n se ha ido adaptando a los tiempos modernos, no ha perdido su car\u00e1cter singular ligado a sus ra\u00edces.<\/p>\n<figure id=\"attachment_11589\" aria-describedby=\"caption-attachment-11589\" style=\"width: 640px\" class=\"wp-caption aligncenter\"><img decoding=\"async\" src=\"https:\/\/destinocastillayleon.es\/index\/wp-content\/uploads\/2014\/02\/Boda-Carnaval-en-Toro.jpg\" alt=\"Fiesta de la Boda Carnaval en Toro\" width=\"640\" height=\"360\" class=\"size-full wp-image-11589\" srcset=\"https:\/\/destinocastillayleon.es\/index\/wp-content\/uploads\/2014\/02\/Boda-Carnaval-en-Toro.jpg 640w, https:\/\/destinocastillayleon.es\/index\/wp-content\/uploads\/2014\/02\/Boda-Carnaval-en-Toro-300x168.jpg 300w\" sizes=\"(max-width: 640px) 100vw, 640px\" \/><figcaption id=\"caption-attachment-11589\" class=\"wp-caption-text\">Fiesta de la Boda Carnaval en Toro<\/figcaption><\/figure>\n<p>Durante los seis d\u00edas que duran estas fiestas, se suceden una serie de actos populares que conforman su programa tradicional; empezando por la fiesta de los \u00abSesenta\u00bb, la Boda Tradicional de infantil y de adultos, las concentraciones de Murgas con sus t\u00edpicas coplas, las concentraciones de m\u00e1scaras, grupos, charangas, bailes; y los desfiles infantiles, el desfile del martes de carnaval y el entierro de la sardina.<\/p>\n<blockquote><p>Una de las ventajas de Toro, es que pod\u00e9is llegar por carretera, ya que se encuentra en la autov\u00eda del Duero, A66.<\/p><\/blockquote>\n<h3><strong>Enoturismo en Toro<\/strong><\/h3>\n<p>Y hablar de Toro, es hablar de <strong>una de las capitales del enoturismo de Castilla y Le\u00f3n,<\/strong> pues esta zona vitivin\u00edcola cuenta con la <a href=\"https:\/\/destinocastillayleon.es\/index\/experiencias-de-la-ruta-del-vino-de-toro\/\">Ruta del Vino de Toro<\/a> que vertebra una amplia oferta que <strong>incluye no solo las visitas a las bodegas de la zona; si no el Museo del Vino Pagos del Rey,<\/strong> en la localidad pr\u00f3xima de Morales de Toro.<\/p>\n<figure id=\"attachment_24773\" aria-describedby=\"caption-attachment-24773\" style=\"width: 640px\" class=\"wp-caption aligncenter\"><img decoding=\"async\" src=\"https:\/\/destinocastillayleon.es\/index\/wp-content\/uploads\/2017\/02\/2365e0bf2eacc7e49d1d4879a9e2deaa.jpg\" alt=\"Interior del Museo del Vino Pagos del Rey - Destino Castilla y Le\u00f3n\" width=\"640\" height=\"440\" class=\"size-full wp-image-24773\" srcset=\"https:\/\/destinocastillayleon.es\/index\/wp-content\/uploads\/2017\/02\/2365e0bf2eacc7e49d1d4879a9e2deaa.jpg 640w, https:\/\/destinocastillayleon.es\/index\/wp-content\/uploads\/2017\/02\/2365e0bf2eacc7e49d1d4879a9e2deaa-300x206.jpg 300w\" sizes=\"(max-width: 640px) 100vw, 640px\" \/><figcaption id=\"caption-attachment-24773\" class=\"wp-caption-text\">Interior del Museo del Vino Pagos del Rey &#8211; Destino Castilla y Le\u00f3n<\/figcaption><\/figure>\n<p>En la propia Toro, no pod\u00e9is dejar de<strong> visitar las bodegas tradicionales; son muchas y algunas como Bodegas Valdigal,<\/strong> siguen teniendo actividad elaborativa y comercial, estando en el casco urbano de Toro; o a la salida de Toro, <strong>el Museo del Queso;<\/strong> \u00fanico museo del queso oficial de Castilla y Le\u00f3n. <a name=\"Cadiz\"><\/a><\/p>\n<h2><strong>Carnaval de C\u00e1diz<\/strong><\/h2>\n<p>Junto a Tenerife, <strong>son los carnavales con m\u00e1s arraigo popular y proyecci\u00f3n internacional posiblemente de Espa\u00f1a.<\/strong> Desde la propia capital gaditana se extiende a toda la comarca, la provincia y llega hasta lugares tan lejanos como Asturias, <strong>convocando m\u00e1s de 120 agrupaciones oficiales al concurso de murgas y chirigotas.<\/strong><\/p>\n<figure id=\"attachment_36325\" aria-describedby=\"caption-attachment-36325\" style=\"width: 640px\" class=\"wp-caption aligncenter\"><img decoding=\"async\" src=\"https:\/\/destinocastillayleon.es\/index\/wp-content\/uploads\/2023\/01\/Coros-populares-del-Carnaval-de-Cadiz-2018-Imagen-de-Wikipedia.jpg\" alt=\"Coros populares del Carnaval de C\u00e1diz 2018 - Imagen de Wikipedia\" width=\"640\" height=\"360\" class=\"size-full wp-image-36325\" srcset=\"https:\/\/destinocastillayleon.es\/index\/wp-content\/uploads\/2023\/01\/Coros-populares-del-Carnaval-de-Cadiz-2018-Imagen-de-Wikipedia.jpg 640w, https:\/\/destinocastillayleon.es\/index\/wp-content\/uploads\/2023\/01\/Coros-populares-del-Carnaval-de-Cadiz-2018-Imagen-de-Wikipedia-300x169.jpg 300w\" sizes=\"(max-width: 640px) 100vw, 640px\" \/><figcaption id=\"caption-attachment-36325\" class=\"wp-caption-text\">Coros populares del Carnaval de C\u00e1diz 2018 &#8211; Imagen de Wikipedia<\/figcaption><\/figure>\n<p><strong>Pero hay otro carnaval, el de las calles,<\/strong> donde agrupaciones que no han entrado en el concurso oficial ofrecen su s\u00e1tira y buen humor a todo el mundo.<\/p>\n<h3><strong>Enoturismo en C\u00e1diz<\/strong><\/h3>\n<p>Propiamente en C\u00e1diz no hay bodegas; pero, <strong>en su comarca est\u00e1n algunas de las bodegas con m\u00e1s historia y arraigo de Espa\u00f1a, dentro del marco de los vinos de Jerez.<\/strong><\/p>\n<figure id=\"attachment_36321\" aria-describedby=\"caption-attachment-36321\" style=\"width: 640px\" class=\"wp-caption aligncenter\"><img decoding=\"async\" src=\"https:\/\/destinocastillayleon.es\/index\/wp-content\/uploads\/2023\/01\/Sala-de-barricas-de-Bodegas-Osborne-Imagen-de-la-bodega.jpg\" alt=\"Carnavales y vino\" Title=\"Sala de barricas de Bodegas Osborne - Imagen de la bodega\" width=\"640\" height=\"360\" class=\"size-full wp-image-36321\" srcset=\"https:\/\/destinocastillayleon.es\/index\/wp-content\/uploads\/2023\/01\/Sala-de-barricas-de-Bodegas-Osborne-Imagen-de-la-bodega.jpg 640w, https:\/\/destinocastillayleon.es\/index\/wp-content\/uploads\/2023\/01\/Sala-de-barricas-de-Bodegas-Osborne-Imagen-de-la-bodega-300x169.jpg 300w\" sizes=\"(max-width: 640px) 100vw, 640px\" \/><figcaption id=\"caption-attachment-36321\" class=\"wp-caption-text\">Sala de barricas de Bodegas Osborne &#8211; Imagen de la bodega<\/figcaption><\/figure>\n<p>Sobre todo, <strong>centrados en Puerto de Santa Mar\u00eda, la otra gran poblaci\u00f3n de C\u00e1diz y bien comunicada,<\/strong> existen bodegas de gran tradici\u00f3n en la elaboraci\u00f3n de vinos de gran calidad y singularidad. Es sin duda un complemento para visitar durante varios d\u00edas este carnaval casi \u00fanico. <a name=\"Cebreros\"><\/a><\/p>\n<h2><strong>Carnaval de Cebreros<\/strong><\/h2>\n<p><strong>Menos conocido que los anteriores, pero no menos importante, ya que est\u00e1 declarado de inter\u00e9s tur\u00edstico nacional por su importancia.<\/strong> En Cebreros, la tradicional del carnaval se remonta a m\u00e1s all\u00e1 del siglo XIX; <strong>ni si quiera la dictadura logro apagar la s\u00e1tira y el buen ambiente popular de esta fiesta.<\/strong><\/p>\n<figure id=\"attachment_11591\" aria-describedby=\"caption-attachment-11591\" style=\"width: 640px\" class=\"wp-caption aligncenter\"><img decoding=\"async\" src=\"https:\/\/destinocastillayleon.es\/index\/wp-content\/uploads\/2014\/02\/Carnaval-de-Cebreros.jpg\" alt=\"Carnaval de Cebreros\" width=\"640\" class=\"size-full wp-image-11591\" srcset=\"https:\/\/destinocastillayleon.es\/index\/wp-content\/uploads\/2014\/02\/Carnaval-de-Cebreros.jpg 796w, https:\/\/destinocastillayleon.es\/index\/wp-content\/uploads\/2014\/02\/Carnaval-de-Cebreros-300x200.jpg 300w, https:\/\/destinocastillayleon.es\/index\/wp-content\/uploads\/2014\/02\/Carnaval-de-Cebreros-1024x682.jpg 1024w\" sizes=\"(max-width: 796px) 100vw, 796px\" \/><figcaption id=\"caption-attachment-11591\" class=\"wp-caption-text\">Carnaval de Cebreros<\/figcaption><\/figure>\n<p>Actualmente, <strong>la tradici\u00f3n ha ido evolucionando hasta ser uno de los m\u00e1s importantes carnavales de Espa\u00f1a.<\/strong> Murgas, chirigotas, desfiles, comparsas y carrozas compiten por importantes reconocimientos en este carnaval; que, aunque posee su toque tradicional, donde destaca el baile del Corro o baile del Rond\u00f3n, baile t\u00edpico de Cebreros. Y tambi\u00e9n ha evolucionado y actualizado.<\/p>\n<h3><strong>Enoturismo en Cebreros<\/strong><\/h3>\n<p>Aunque igual no tan conocido como otras regiones vitivin\u00edcolas, <strong>desde la DOP. Cebreros se est\u00e1 trabajando mucho y muy bien en mejorar, ampliar y dar a conocer esta zona;<\/strong> que, aunque a\u00fan no cuenta con una ruta del vino, posee varias bodegas interesantes para conocer.<\/p>\n<figure id=\"attachment_30378\" aria-describedby=\"caption-attachment-30378\" style=\"width: 640px\" class=\"wp-caption aligncenter\"><img decoding=\"async\" src=\"https:\/\/destinocastillayleon.es\/index\/wp-content\/uploads\/2017\/06\/Paisajes-de-la-DOP.-Cebreros.jpg\" alt=\"Paisajes de la DOP. Cebreros\" width=\"640\" height=\"427\" class=\"size-full wp-image-30378\" srcset=\"https:\/\/destinocastillayleon.es\/index\/wp-content\/uploads\/2017\/06\/Paisajes-de-la-DOP.-Cebreros.jpg 640w, https:\/\/destinocastillayleon.es\/index\/wp-content\/uploads\/2017\/06\/Paisajes-de-la-DOP.-Cebreros-300x200.jpg 300w, https:\/\/destinocastillayleon.es\/index\/wp-content\/uploads\/2017\/06\/Paisajes-de-la-DOP.-Cebreros-600x400.jpg 600w\" sizes=\"(max-width: 640px) 100vw, 640px\" \/><figcaption id=\"caption-attachment-30378\" class=\"wp-caption-text\">Paisajes de la DOP. Cebreros &#8211; Composici\u00f3n de Destino Castilla y Le\u00f3n<br \/><\/figcaption><\/figure>\n<p>Tan solo en este municipio, <strong>pod\u00e9is conocer (con visita previa) una de las 6 bodegas afincadas en Cebreros;<\/strong> bodegas que est\u00e1n logrando el reconocimiento con sus albillos mayores para elaborar vinos blancos, como garnachas para tintos. <a name=\"Haro\"><\/a><\/p>\n<h2><strong>El Carnaval del Vino de Haro<\/strong><\/h2>\n<p>Otro registro que <strong>expresa un carnaval diferente. En este caso, se trata de un carnaval dentro del carnaval.<\/strong> Y es que Haro, en La Rioja, se viste de fiesta; especialmente para los m\u00e1s <em>winelovers<\/em>, ya que <strong>este carnaval tiene nombre propio, \u00abEl Carnaval del vino\u00bb.<\/strong><\/p>\n<p>Toda la poblaci\u00f3n se viste de fiesta con el vino como gran conductor, ya que <strong>este singular carnaval est\u00e1 \u00edntimamente ligado con este producto.<\/strong><\/p>\n<figure id=\"attachment_14182\" aria-describedby=\"caption-attachment-14182\" style=\"width: 338px\" class=\"wp-caption aligncenter\"><img decoding=\"async\" src=\"https:\/\/destinocastillayleon.es\/index\/wp-content\/uploads\/2014\/06\/Bodegas-Muga-10.jpg\" alt=\"Iglesia de Haro - imagen de Bodegas Muga\" width=\"338\" height=\"450\" class=\"size-full wp-image-14182\" srcset=\"https:\/\/destinocastillayleon.es\/index\/wp-content\/uploads\/2014\/06\/Bodegas-Muga-10.jpg 338w, https:\/\/destinocastillayleon.es\/index\/wp-content\/uploads\/2014\/06\/Bodegas-Muga-10-225x300.jpg 225w\" sizes=\"(max-width: 338px) 100vw, 338px\" \/><figcaption id=\"caption-attachment-14182\" class=\"wp-caption-text\">Iglesia de Haro &#8211; imagen de Bodegas Muga<\/figcaption><\/figure>\n<p>Aunque este carnaval se da por todo Haro, <strong>hay esta otra mascarada diferente. Con una tem\u00e1tica diferente para cada mascarada, en el antiguo claustro del Convento de los Agustinos,<\/strong> hoy Hotel Los Agustinos, la fiesta del vino y el carnaval re\u00fane actividades, teatro, baile, m\u00fasica y vino procedente de las bodegas del Barrio de la Estaci\u00f3n.<\/p>\n<h4><strong>El Carnaval del vino en el Hotel Los Agustinos<\/strong><\/h4>\n<p><strong>el origen de este carnaval tan particular no es tan antiguo como los que hemos visto hasta ahora. Arranc\u00f3 en el 2010,<\/strong> como una propuesta de enotur\u00edstica combinando la oferta de las bodegas del Barrio de la Estaci\u00f3n.<\/p>\n<figure id=\"attachment_36319\" aria-describedby=\"caption-attachment-36319\" style=\"width: 640px\" class=\"wp-caption aligncenter\"><img decoding=\"async\" src=\"https:\/\/destinocastillayleon.es\/index\/wp-content\/uploads\/2023\/01\/Escenario-en-el-Hotel-Convento-de-los-Agustinos-de-Haro-Imagen-de-COPE.jpg\" alt=\"Carnavales y vino\" Title=\"Escenario en el Hotel Convento de los Agustinos de Haro - Imagen de COPE\" width=\"640\" height=\"360\" class=\"size-full wp-image-36319\" srcset=\"https:\/\/destinocastillayleon.es\/index\/wp-content\/uploads\/2023\/01\/Escenario-en-el-Hotel-Convento-de-los-Agustinos-de-Haro-Imagen-de-COPE.jpg 640w, https:\/\/destinocastillayleon.es\/index\/wp-content\/uploads\/2023\/01\/Escenario-en-el-Hotel-Convento-de-los-Agustinos-de-Haro-Imagen-de-COPE-300x169.jpg 300w\" sizes=\"(max-width: 640px) 100vw, 640px\" \/><figcaption id=\"caption-attachment-36319\" class=\"wp-caption-text\">Escenario en el Hotel Convento de los Agustinos de Haro &#8211; Imagen de COPE<\/figcaption><\/figure>\n<p>Tras m\u00e1s de 10 a\u00f1os, pandemia incluida, <strong>se ha ido consolidando como una fiesta imprescindible para los amantes del vino<\/strong> de una forma totalmente original.<\/p>\n<h3><strong>Enoturismo en Haro<\/strong><\/h3>\n<p>Haro fue finalista de Capital Europea del Enoturismo 2020, premio que \u00abgan\u00f3\u00bb Aranda de Duero; pero, <strong>aun as\u00ed, esto habla de un lugar muy interesante para esta pr\u00e1ctica.<\/strong><\/p>\n<figure id=\"attachment_14167\" aria-describedby=\"caption-attachment-14167\" style=\"width: 640px\" class=\"wp-caption aligncenter\"><img decoding=\"async\" src=\"https:\/\/destinocastillayleon.es\/index\/wp-content\/uploads\/2014\/06\/Bodegas-Muga-6.jpg\" alt=\"Barrio de la Estaci\u00f3n de Haro - Imagen de Bodegas Muga\" width=\"640\" height=\"427\" class=\"size-full wp-image-14167\" srcset=\"https:\/\/destinocastillayleon.es\/index\/wp-content\/uploads\/2014\/06\/Bodegas-Muga-6.jpg 640w, https:\/\/destinocastillayleon.es\/index\/wp-content\/uploads\/2014\/06\/Bodegas-Muga-6-300x200.jpg 300w\" sizes=\"(max-width: 640px) 100vw, 640px\" \/><figcaption id=\"caption-attachment-14167\" class=\"wp-caption-text\">Barrio de la Estaci\u00f3n de Haro &#8211; Imagen de Bodegas Muga<\/figcaption><\/figure>\n<p>Haro <strong>est\u00e1 considerada la Capital de la Rioja Alta,<\/strong> donde se localizan algunas de las bodegas con mayor arraigo y tradici\u00f3n realizando vinos de calidad de la DOCa. Rioja. Por tanto, un lugar que ning\u00fan enoturista deber\u00eda perderse.<\/p>\n<p>Ya veis que cinco alternativas tan diferentes e interesantes para disfrutar de carnavales y vino. <strong>\u00bfY vosotros? \u00bfConoc\u00edas estos lugares y estas tradicionales que ligan vino y carnaval?<\/strong> Contadnos que otros destinos habr\u00eda que proponer.<\/p>\n<h4>Tambi\u00e9n te puede interesar<\/h4>\n<ul>\n<li><a href=\"https:\/\/destinocastillayleon.es\/index\/pueblos-mas-bonitos-de-espana\/\">Los Pueblos m\u00e1s bonitos de Espa\u00f1a, en Castilla y Le\u00f3n<\/a>.<\/li>\n<li><a href=\"https:\/\/destinocastillayleon.es\/index\/guia-de-gumiel-de-izan\/\">Gumiel de Iz\u00e1n, uno de los pueblos con m\u00e1s encanto de la Ribera del Duero Burgalesa<\/a>.<\/li>\n<li><a href=\"https:\/\/destinocastillayleon.es\/index\/bodegas-finca-rodma\/\">Bodegas Finca Rodma en la Ribera del Duero<\/a>.<\/li>\n<\/ul>\n","protected":false},"excerpt":{"rendered":"<p>Acomp\u00e1\u00f1anos a recorrer diferentes expresiones de carnavales y vino, donde de los cinco destinos, dos est\u00e1n en Castilla y Le\u00f3n; Toro y Cebreros; lugares donde se unen estas dos tradiciones.<\/p>\n","protected":false},"author":2,"featured_media":36324,"comment_status":"open","ping_status":"closed","sticky":false,"template":"","format":"standard","meta":{"rop_custom_images_group":[],"rop_custom_messages_group":[],"rop_publish_now":"initial","rop_publish_now_accounts":{"twitter_1150954226_1150954226":""},"rop_publish_now_history":[],"rop_publish_now_status":"pending","footnotes":""},"categories":[48,5511,68,1411],"tags":[6037,93],"class_list":["post-36313","post","type-post","status-publish","format-standard","has-post-thumbnail","hentry","category-enoturismo","category-no-rescatar-en-rrss","category-post_inicial","category-visitando_bodegas","tag-carnavales","tag-enoturismo-2"],"yoast_head":"<!-- This site is optimized with the Yoast SEO Premium plugin v20.4 (Yoast SEO v27.4) - https:\/\/yoast.com\/product\/yoast-seo-premium-wordpress\/ -->\n<title>Carnavales y Vino - Destino Castilla y Le\u00f3n<\/title>\n<meta name=\"description\" content=\"Recorremos cinco diferentes expresiones de carnavales y vino; Cinco destinos, y dos est\u00e1n en Castilla y Le\u00f3n; Toro y Cebreros.\" \/>\n<meta name=\"robots\" content=\"index, follow, max-snippet:-1, max-image-preview:large, max-video-preview:-1\" \/>\n<link rel=\"canonical\" href=\"https:\/\/destinocastillayleon.es\/index\/carnavales-y-vino\/\" \/>\n<meta property=\"og:locale\" content=\"es_ES\" \/>\n<meta property=\"og:type\" content=\"article\" \/>\n<meta property=\"og:title\" content=\"Carnavales y Vino - Destino Castilla y Le\u00f3n\" \/>\n<meta property=\"og:description\" content=\"Acomp\u00e1\u00f1anos a recorrer diferentes expresiones de carnavales y vino, donde de los cinco destinos, dos est\u00e1n en Castilla y Le\u00f3n; Toro y Cebreros; lugares donde se unen estas dos tradiciones.\" \/>\n<meta property=\"og:url\" content=\"https:\/\/destinocastillayleon.es\/index\/carnavales-y-vino\/\" \/>\n<meta property=\"og:site_name\" content=\"Destino Castilla y Le\u00f3n\" \/>\n<meta property=\"article:publisher\" content=\"https:\/\/www.facebook.com\/DestinoCastillaYLeon\/\" \/>\n<meta property=\"article:author\" content=\"https:\/\/www.facebook.com\/profile.php?id=1158416854\" \/>\n<meta property=\"article:published_time\" content=\"2023-02-03T08:33:01+00:00\" \/>\n<meta property=\"og:image\" content=\"https:\/\/destinocastillayleon.es\/index\/wp-content\/uploads\/2023\/01\/Carnavales-y-vino.jpg\" \/>\n\t<meta property=\"og:image:width\" content=\"1210\" \/>\n\t<meta property=\"og:image:height\" content=\"647\" \/>\n\t<meta property=\"og:image:type\" content=\"image\/jpeg\" \/>\n<meta name=\"author\" content=\"David V\u00e1zquez\" \/>\n<meta name=\"twitter:card\" content=\"summary_large_image\" \/>\n<meta name=\"twitter:title\" content=\"Carnavales y Vino - Destino Castilla y Le\u00f3n\" \/>\n<meta name=\"twitter:description\" content=\"Acomp\u00e1\u00f1anos a recorrer diferentes expresiones de carnavales y vino, donde de los cinco destinos, dos est\u00e1n en Castilla y Le\u00f3n; Toro y Cebreros; lugares donde se unen estas dos tradiciones.\" \/>\n<meta name=\"twitter:image\" content=\"https:\/\/destinocastillayleon.es\/index\/wp-content\/uploads\/2023\/01\/Carnavales-y-vino.jpg\" \/>\n<meta name=\"twitter:creator\" content=\"@https:\/\/twitter.com\/ContePantaleone\u200e\" \/>\n<meta name=\"twitter:site\" content=\"@destinocyl\" \/>\n<meta name=\"twitter:label1\" content=\"Escrito por\" \/>\n\t<meta name=\"twitter:data1\" content=\"David V\u00e1zquez\" \/>\n\t<meta name=\"twitter:label2\" content=\"Tiempo de lectura\" \/>\n\t<meta name=\"twitter:data2\" content=\"10 minutos\" \/>\n<script type=\"application\/ld+json\" class=\"yoast-schema-graph\">{\"@context\":\"https:\\\/\\\/schema.org\",\"@graph\":[{\"@type\":\"Article\",\"@id\":\"https:\\\/\\\/destinocastillayleon.es\\\/index\\\/carnavales-y-vino\\\/#article\",\"isPartOf\":{\"@id\":\"https:\\\/\\\/destinocastillayleon.es\\\/index\\\/carnavales-y-vino\\\/\"},\"author\":{\"name\":\"David V\u00e1zquez\",\"@id\":\"https:\\\/\\\/destinocastillayleon.es\\\/index\\\/#\\\/schema\\\/person\\\/189221bc8f6cc4fa28b18ad5c289d4c2\"},\"headline\":\"Carnavales y vino\",\"datePublished\":\"2023-02-03T08:33:01+00:00\",\"mainEntityOfPage\":{\"@id\":\"https:\\\/\\\/destinocastillayleon.es\\\/index\\\/carnavales-y-vino\\\/\"},\"wordCount\":1663,\"commentCount\":0,\"image\":{\"@id\":\"https:\\\/\\\/destinocastillayleon.es\\\/index\\\/carnavales-y-vino\\\/#primaryimage\"},\"thumbnailUrl\":\"https:\\\/\\\/destinocastillayleon.es\\\/index\\\/wp-content\\\/uploads\\\/2023\\\/01\\\/Carnavales-y-vino.jpg\",\"keywords\":[\"Carnavales\",\"enoturismo\"],\"articleSection\":[\"enoturismo\",\"No rescatar en RRSS\",\"Post_inicial\",\"Visitando Bodegas\"],\"inLanguage\":\"es\",\"potentialAction\":[{\"@type\":\"CommentAction\",\"name\":\"Comment\",\"target\":[\"https:\\\/\\\/destinocastillayleon.es\\\/index\\\/carnavales-y-vino\\\/#respond\"]}]},{\"@type\":\"WebPage\",\"@id\":\"https:\\\/\\\/destinocastillayleon.es\\\/index\\\/carnavales-y-vino\\\/\",\"url\":\"https:\\\/\\\/destinocastillayleon.es\\\/index\\\/carnavales-y-vino\\\/\",\"name\":\"Carnavales y Vino - Destino Castilla y Le\u00f3n\",\"isPartOf\":{\"@id\":\"https:\\\/\\\/destinocastillayleon.es\\\/index\\\/#website\"},\"primaryImageOfPage\":{\"@id\":\"https:\\\/\\\/destinocastillayleon.es\\\/index\\\/carnavales-y-vino\\\/#primaryimage\"},\"image\":{\"@id\":\"https:\\\/\\\/destinocastillayleon.es\\\/index\\\/carnavales-y-vino\\\/#primaryimage\"},\"thumbnailUrl\":\"https:\\\/\\\/destinocastillayleon.es\\\/index\\\/wp-content\\\/uploads\\\/2023\\\/01\\\/Carnavales-y-vino.jpg\",\"datePublished\":\"2023-02-03T08:33:01+00:00\",\"author\":{\"@id\":\"https:\\\/\\\/destinocastillayleon.es\\\/index\\\/#\\\/schema\\\/person\\\/189221bc8f6cc4fa28b18ad5c289d4c2\"},\"description\":\"Recorremos cinco diferentes expresiones de carnavales y vino; Cinco destinos, y dos est\u00e1n en Castilla y Le\u00f3n; Toro y Cebreros.\",\"breadcrumb\":{\"@id\":\"https:\\\/\\\/destinocastillayleon.es\\\/index\\\/carnavales-y-vino\\\/#breadcrumb\"},\"inLanguage\":\"es\",\"potentialAction\":[{\"@type\":\"ReadAction\",\"target\":[\"https:\\\/\\\/destinocastillayleon.es\\\/index\\\/carnavales-y-vino\\\/\"]}]},{\"@type\":\"ImageObject\",\"inLanguage\":\"es\",\"@id\":\"https:\\\/\\\/destinocastillayleon.es\\\/index\\\/carnavales-y-vino\\\/#primaryimage\",\"url\":\"https:\\\/\\\/destinocastillayleon.es\\\/index\\\/wp-content\\\/uploads\\\/2023\\\/01\\\/Carnavales-y-vino.jpg\",\"contentUrl\":\"https:\\\/\\\/destinocastillayleon.es\\\/index\\\/wp-content\\\/uploads\\\/2023\\\/01\\\/Carnavales-y-vino.jpg\",\"width\":1210,\"height\":647,\"caption\":\"Carnavales y vino\"},{\"@type\":\"BreadcrumbList\",\"@id\":\"https:\\\/\\\/destinocastillayleon.es\\\/index\\\/carnavales-y-vino\\\/#breadcrumb\",\"itemListElement\":[{\"@type\":\"ListItem\",\"position\":1,\"name\":\"Portada\",\"item\":\"https:\\\/\\\/destinocastillayleon.es\\\/index\\\/\"},{\"@type\":\"ListItem\",\"position\":2,\"name\":\"Carnavales y vino\"}]},{\"@type\":\"WebSite\",\"@id\":\"https:\\\/\\\/destinocastillayleon.es\\\/index\\\/#website\",\"url\":\"https:\\\/\\\/destinocastillayleon.es\\\/index\\\/\",\"name\":\"Destino Castilla y Le\u00f3n\",\"description\":\"Medio digital independiente y revista de Castilla y Le\u00f3n dedicado al turismo, gastronom\u00eda y vino de Castilla y Le\u00f3n\",\"potentialAction\":[{\"@type\":\"SearchAction\",\"target\":{\"@type\":\"EntryPoint\",\"urlTemplate\":\"https:\\\/\\\/destinocastillayleon.es\\\/index\\\/?s={search_term_string}\"},\"query-input\":{\"@type\":\"PropertyValueSpecification\",\"valueRequired\":true,\"valueName\":\"search_term_string\"}}],\"inLanguage\":\"es\"},{\"@type\":\"Person\",\"@id\":\"https:\\\/\\\/destinocastillayleon.es\\\/index\\\/#\\\/schema\\\/person\\\/189221bc8f6cc4fa28b18ad5c289d4c2\",\"name\":\"David V\u00e1zquez\",\"image\":{\"@type\":\"ImageObject\",\"inLanguage\":\"es\",\"@id\":\"https:\\\/\\\/secure.gravatar.com\\\/avatar\\\/cd12db6c575a90c3b75cfa0f794b74d425201c768612fad17e9f13cd33d48be8?s=96&d=mm&r=g\",\"url\":\"https:\\\/\\\/secure.gravatar.com\\\/avatar\\\/cd12db6c575a90c3b75cfa0f794b74d425201c768612fad17e9f13cd33d48be8?s=96&d=mm&r=g\",\"contentUrl\":\"https:\\\/\\\/secure.gravatar.com\\\/avatar\\\/cd12db6c575a90c3b75cfa0f794b74d425201c768612fad17e9f13cd33d48be8?s=96&d=mm&r=g\",\"caption\":\"David V\u00e1zquez\"},\"description\":\"Ingeniero Industrial de vocaci\u00f3n y profesi\u00f3n, he encontrado en los blogs la forma de plasmar mi pasi\u00f3n por los viajes, la gastronom\u00eda y los vinos. Especialmente los procedentes de Castilla y Le\u00f3n\",\"sameAs\":[\"https:\\\/\\\/www.destinocastillayleon.es\",\"https:\\\/\\\/www.facebook.com\\\/profile.php?id=1158416854\",\"https:\\\/\\\/instagram.com\\\/conte.pantaleone\",\"https:\\\/\\\/www.linkedin.com\\\/pub\\\/david-vazquez-lozano\\\/37\\\/17a\\\/25a\",\"https:\\\/\\\/x.com\\\/https:\\\/\\\/twitter.com\\\/ContePantaleone\u200e\"],\"url\":\"https:\\\/\\\/destinocastillayleon.es\\\/index\\\/author\\\/coadministradorcyl\\\/\"}]}<\/script>\n<!-- \/ Yoast SEO Premium plugin. -->","yoast_head_json":{"title":"Carnavales y Vino - Destino Castilla y Le\u00f3n","description":"Recorremos cinco diferentes expresiones de carnavales y vino; Cinco destinos, y dos est\u00e1n en Castilla y Le\u00f3n; Toro y Cebreros.","robots":{"index":"index","follow":"follow","max-snippet":"max-snippet:-1","max-image-preview":"max-image-preview:large","max-video-preview":"max-video-preview:-1"},"canonical":"https:\/\/destinocastillayleon.es\/index\/carnavales-y-vino\/","og_locale":"es_ES","og_type":"article","og_title":"Carnavales y Vino - Destino Castilla y Le\u00f3n","og_description":"Acomp\u00e1\u00f1anos a recorrer diferentes expresiones de carnavales y vino, donde de los cinco destinos, dos est\u00e1n en Castilla y Le\u00f3n; Toro y Cebreros; lugares donde se unen estas dos tradiciones.","og_url":"https:\/\/destinocastillayleon.es\/index\/carnavales-y-vino\/","og_site_name":"Destino Castilla y Le\u00f3n","article_publisher":"https:\/\/www.facebook.com\/DestinoCastillaYLeon\/","article_author":"https:\/\/www.facebook.com\/profile.php?id=1158416854","article_published_time":"2023-02-03T08:33:01+00:00","og_image":[{"width":1210,"height":647,"url":"https:\/\/destinocastillayleon.es\/index\/wp-content\/uploads\/2023\/01\/Carnavales-y-vino.jpg","type":"image\/jpeg"}],"author":"David V\u00e1zquez","twitter_card":"summary_large_image","twitter_title":"Carnavales y Vino - Destino Castilla y Le\u00f3n","twitter_description":"Acomp\u00e1\u00f1anos a recorrer diferentes expresiones de carnavales y vino, donde de los cinco destinos, dos est\u00e1n en Castilla y Le\u00f3n; Toro y Cebreros; lugares donde se unen estas dos tradiciones.","twitter_image":"https:\/\/destinocastillayleon.es\/index\/wp-content\/uploads\/2023\/01\/Carnavales-y-vino.jpg","twitter_creator":"@https:\/\/twitter.com\/ContePantaleone\u200e","twitter_site":"@destinocyl","twitter_misc":{"Escrito por":"David V\u00e1zquez","Tiempo de lectura":"10 minutos"},"schema":{"@context":"https:\/\/schema.org","@graph":[{"@type":"Article","@id":"https:\/\/destinocastillayleon.es\/index\/carnavales-y-vino\/#article","isPartOf":{"@id":"https:\/\/destinocastillayleon.es\/index\/carnavales-y-vino\/"},"author":{"name":"David V\u00e1zquez","@id":"https:\/\/destinocastillayleon.es\/index\/#\/schema\/person\/189221bc8f6cc4fa28b18ad5c289d4c2"},"headline":"Carnavales y vino","datePublished":"2023-02-03T08:33:01+00:00","mainEntityOfPage":{"@id":"https:\/\/destinocastillayleon.es\/index\/carnavales-y-vino\/"},"wordCount":1663,"commentCount":0,"image":{"@id":"https:\/\/destinocastillayleon.es\/index\/carnavales-y-vino\/#primaryimage"},"thumbnailUrl":"https:\/\/destinocastillayleon.es\/index\/wp-content\/uploads\/2023\/01\/Carnavales-y-vino.jpg","keywords":["Carnavales","enoturismo"],"articleSection":["enoturismo","No rescatar en RRSS","Post_inicial","Visitando Bodegas"],"inLanguage":"es","potentialAction":[{"@type":"CommentAction","name":"Comment","target":["https:\/\/destinocastillayleon.es\/index\/carnavales-y-vino\/#respond"]}]},{"@type":"WebPage","@id":"https:\/\/destinocastillayleon.es\/index\/carnavales-y-vino\/","url":"https:\/\/destinocastillayleon.es\/index\/carnavales-y-vino\/","name":"Carnavales y Vino - Destino Castilla y Le\u00f3n","isPartOf":{"@id":"https:\/\/destinocastillayleon.es\/index\/#website"},"primaryImageOfPage":{"@id":"https:\/\/destinocastillayleon.es\/index\/carnavales-y-vino\/#primaryimage"},"image":{"@id":"https:\/\/destinocastillayleon.es\/index\/carnavales-y-vino\/#primaryimage"},"thumbnailUrl":"https:\/\/destinocastillayleon.es\/index\/wp-content\/uploads\/2023\/01\/Carnavales-y-vino.jpg","datePublished":"2023-02-03T08:33:01+00:00","author":{"@id":"https:\/\/destinocastillayleon.es\/index\/#\/schema\/person\/189221bc8f6cc4fa28b18ad5c289d4c2"},"description":"Recorremos cinco diferentes expresiones de carnavales y vino; Cinco destinos, y dos est\u00e1n en Castilla y Le\u00f3n; Toro y Cebreros.","breadcrumb":{"@id":"https:\/\/destinocastillayleon.es\/index\/carnavales-y-vino\/#breadcrumb"},"inLanguage":"es","potentialAction":[{"@type":"ReadAction","target":["https:\/\/destinocastillayleon.es\/index\/carnavales-y-vino\/"]}]},{"@type":"ImageObject","inLanguage":"es","@id":"https:\/\/destinocastillayleon.es\/index\/carnavales-y-vino\/#primaryimage","url":"https:\/\/destinocastillayleon.es\/index\/wp-content\/uploads\/2023\/01\/Carnavales-y-vino.jpg","contentUrl":"https:\/\/destinocastillayleon.es\/index\/wp-content\/uploads\/2023\/01\/Carnavales-y-vino.jpg","width":1210,"height":647,"caption":"Carnavales y vino"},{"@type":"BreadcrumbList","@id":"https:\/\/destinocastillayleon.es\/index\/carnavales-y-vino\/#breadcrumb","itemListElement":[{"@type":"ListItem","position":1,"name":"Portada","item":"https:\/\/destinocastillayleon.es\/index\/"},{"@type":"ListItem","position":2,"name":"Carnavales y vino"}]},{"@type":"WebSite","@id":"https:\/\/destinocastillayleon.es\/index\/#website","url":"https:\/\/destinocastillayleon.es\/index\/","name":"Destino Castilla y Le\u00f3n","description":"Medio digital independiente y revista de Castilla y Le\u00f3n dedicado al turismo, gastronom\u00eda y vino de Castilla y Le\u00f3n","potentialAction":[{"@type":"SearchAction","target":{"@type":"EntryPoint","urlTemplate":"https:\/\/destinocastillayleon.es\/index\/?s={search_term_string}"},"query-input":{"@type":"PropertyValueSpecification","valueRequired":true,"valueName":"search_term_string"}}],"inLanguage":"es"},{"@type":"Person","@id":"https:\/\/destinocastillayleon.es\/index\/#\/schema\/person\/189221bc8f6cc4fa28b18ad5c289d4c2","name":"David V\u00e1zquez","image":{"@type":"ImageObject","inLanguage":"es","@id":"https:\/\/secure.gravatar.com\/avatar\/cd12db6c575a90c3b75cfa0f794b74d425201c768612fad17e9f13cd33d48be8?s=96&d=mm&r=g","url":"https:\/\/secure.gravatar.com\/avatar\/cd12db6c575a90c3b75cfa0f794b74d425201c768612fad17e9f13cd33d48be8?s=96&d=mm&r=g","contentUrl":"https:\/\/secure.gravatar.com\/avatar\/cd12db6c575a90c3b75cfa0f794b74d425201c768612fad17e9f13cd33d48be8?s=96&d=mm&r=g","caption":"David V\u00e1zquez"},"description":"Ingeniero Industrial de vocaci\u00f3n y profesi\u00f3n, he encontrado en los blogs la forma de plasmar mi pasi\u00f3n por los viajes, la gastronom\u00eda y los vinos. Especialmente los procedentes de Castilla y Le\u00f3n","sameAs":["https:\/\/www.destinocastillayleon.es","https:\/\/www.facebook.com\/profile.php?id=1158416854","https:\/\/instagram.com\/conte.pantaleone","https:\/\/www.linkedin.com\/pub\/david-vazquez-lozano\/37\/17a\/25a","https:\/\/x.com\/https:\/\/twitter.com\/ContePantaleone\u200e"],"url":"https:\/\/destinocastillayleon.es\/index\/author\/coadministradorcyl\/"}]}},"_links":{"self":[{"href":"https:\/\/destinocastillayleon.es\/index\/wp-json\/wp\/v2\/posts\/36313","targetHints":{"allow":["GET"]}}],"collection":[{"href":"https:\/\/destinocastillayleon.es\/index\/wp-json\/wp\/v2\/posts"}],"about":[{"href":"https:\/\/destinocastillayleon.es\/index\/wp-json\/wp\/v2\/types\/post"}],"author":[{"embeddable":true,"href":"https:\/\/destinocastillayleon.es\/index\/wp-json\/wp\/v2\/users\/2"}],"replies":[{"embeddable":true,"href":"https:\/\/destinocastillayleon.es\/index\/wp-json\/wp\/v2\/comments?post=36313"}],"version-history":[{"count":6,"href":"https:\/\/destinocastillayleon.es\/index\/wp-json\/wp\/v2\/posts\/36313\/revisions"}],"predecessor-version":[{"id":36327,"href":"https:\/\/destinocastillayleon.es\/index\/wp-json\/wp\/v2\/posts\/36313\/revisions\/36327"}],"wp:featuredmedia":[{"embeddable":true,"href":"https:\/\/destinocastillayleon.es\/index\/wp-json\/wp\/v2\/media\/36324"}],"wp:attachment":[{"href":"https:\/\/destinocastillayleon.es\/index\/wp-json\/wp\/v2\/media?parent=36313"}],"wp:term":[{"taxonomy":"category","embeddable":true,"href":"https:\/\/destinocastillayleon.es\/index\/wp-json\/wp\/v2\/categories?post=36313"},{"taxonomy":"post_tag","embeddable":true,"href":"https:\/\/destinocastillayleon.es\/index\/wp-json\/wp\/v2\/tags?post=36313"}],"curies":[{"name":"wp","href":"https:\/\/api.w.org\/{rel}","templated":true}]}}