{"id":35841,"date":"2022-10-14T08:17:50","date_gmt":"2022-10-14T06:17:50","guid":{"rendered":"https:\/\/destinocastillayleon.es\/index\/?p=35841"},"modified":"2022-10-14T08:17:50","modified_gmt":"2022-10-14T06:17:50","slug":"feria-del-pan-y-la-lenteja-2022","status":"publish","type":"post","link":"https:\/\/destinocastillayleon.es\/index\/feria-del-pan-y-la-lenteja-2022\/","title":{"rendered":"Feria del pan y la lenteja 2022"},"content":{"rendered":"<p>Como parece que ya hemos superado la crisis del covid, aunque no bajemos la guardia; <strong>vuelven los eventos gastron\u00f3micos en forma de ferias y jornadas.<\/strong> Pues daros prisa, porque si no ten\u00e9is plan, <strong>este fin de semana del 15 y 16 de octubre, pod\u00e9is disfrutar de esta Feria del Pan y la Lenteja 2022.<\/strong><\/p>\n<blockquote><p>En Mayorga, un pueblo del norte de Valladolid se celebra este fin de semana esta Feria del pan y la lenteja, muy recomendable por todo lo que tiene para ver.<\/p><\/blockquote>\n<h2><strong>Feria del pan y la lenteja 2022<\/strong><\/h2>\n<p>Mayorga es famosa por ser <strong>la sede del Museo provincial del Pan de Valladolid,<\/strong> un museo dedicado a este alimento que en Valladolid posee una denominaci\u00f3n de origen. Adicionalmente, esta zona, junto con comarcas de Le\u00f3n, Palencia y Zamora, <strong>es una de las mejores zonas para la producci\u00f3n de legumbres.<\/strong><\/p>\n<figure id=\"attachment_35843\" aria-describedby=\"caption-attachment-35843\" style=\"width: 380px\" class=\"wp-caption aligncenter\"><img decoding=\"async\" src=\"https:\/\/destinocastillayleon.es\/index\/wp-content\/uploads\/2022\/10\/Feria-del-Pan-y-la-Lenteja-2022.jpg\" alt=\"Feria del Pan y la Lenteja 2022\" width=\"380\" class=\"size-full wp-image-35843\" srcset=\"https:\/\/destinocastillayleon.es\/index\/wp-content\/uploads\/2022\/10\/Feria-del-Pan-y-la-Lenteja-2022.jpg 500w, https:\/\/destinocastillayleon.es\/index\/wp-content\/uploads\/2022\/10\/Feria-del-Pan-y-la-Lenteja-2022-296x300.jpg 296w, https:\/\/destinocastillayleon.es\/index\/wp-content\/uploads\/2022\/10\/Feria-del-Pan-y-la-Lenteja-2022-100x100.jpg 100w\" sizes=\"(max-width: 500px) 100vw, 500px\" \/><figcaption id=\"caption-attachment-35843\" class=\"wp-caption-text\">Feria del Pan y la Lenteja 2022<\/figcaption><\/figure>\n<p>Debido a la calidad de estos productos, existe tambi\u00e9n la <strong>IGP. Lentejas de Tierra de Campos.<\/strong> Y es que, con las lentejas, se puede preparar muchas m\u00e1s recetas que las cl\u00e1sicas lentejas estofadas. Pod\u00e9is encontrar en nuestra secci\u00f3n de recetas, dos propuestas s\u00faper deliciosas, <a href=\"https:\/\/destinocastillayleon.es\/index\/lentejas-estofadas-con-setas\/\">con setas<\/a> y <a href=\"https:\/\/www.youtube.com\/watch?v=o2vD1cBtH7Q\" rel=\"noopener\" target=\"_blank\">con sepias<\/a>; o en <a href=\"https:\/\/lamesadelconde.es\/ensalada-de-lentejas-y-arroz\/\" rel=\"noopener\" target=\"_blank\">ensalada<\/a>. Pero tambi\u00e9n existe de inter\u00e9s IGP. Alubias de la Ba\u00f1eza y la IGP. Garbanzos de Fuentesa\u00faco. <\/p>\n<h3><strong>Programa de la Feria del Pan y la Lenteja 2022<\/strong><\/h3>\n<p>Os dejamos <strong>el programa previsto.<\/strong><\/p>\n<h4><strong>S\u00e1bado, 15 de octubre<\/strong><\/h4>\n<ul>\n<li><strong>11:30 horas &#8211; Inauguraci\u00f3n oficial del evento<\/strong><br \/>\nVisita institucional a la Feria del Pan y la Lenteja (II sal\u00f3n de las Legumbres con Sello Europeo).<\/li>\n<li><strong>12:00 horas &#8211; Museo del Pan.<\/strong><br \/>\nTalleres infantiles de panader\u00eda. (reserva necesaria en la <a href=\"https:\/\/www.valladolidesvino.es\" target=\"_Blank\" rel=\"NoFollow noopener\">web<\/a>.<\/li>\n<li><strong>13:00 horas \u2013 Museo del Pan. <\/strong><br \/>\nActuaci\u00f3n infantil, <em>Tina en el mundo de los sue\u00f1os<\/em>.<\/li>\n<li><strong>13:30 horas \u2013 Plaza de Espa\u00f1a. <\/strong><br \/>\nDegustaci\u00f3n popular de lentejas de la IGP. Lenteja de Tierras de Campos, IGP Alubias de la Ba\u00f1eza, con un concierto-vermouth, con la actuaci\u00f3n del grupo <em>Cl\u00e1sicoRocks<\/em>.<\/li>\n<li><strong>17:00 a 20:00 horas \u2013 Museo del Pan. <\/strong><br \/>\nDemostraci\u00f3n de oficios tradicionales.<\/li>\n<li><strong>18:00 horas \u2013 Museo del pan. <\/strong><br \/>\nTaller de manualidades a cargo de <em>ADIVA \u201calimentaci\u00f3n saludable\u201d<\/em>.<\/li>\n<li><strong>19:00 horas \u2013 Museo del Pan.<\/strong><br \/>\nMusical infantil a cargo de <em>ADIVA \u201cLos m\u00e1s sanos\u201d<\/em>.<\/li>\n<li><strong>Plaza de Espa\u00f1a. <\/strong><br \/>\nConcierto del cantante <em>Enrique Hidalgo<\/em>.<\/li>\n<\/ul>\n<h4><strong>Domingo, 16 de octubre<\/strong><\/h4>\n<ul>\n<li><strong>12:00 horas \u2013 Museo del Pan.<\/strong><br \/>\nTalleres infantiles de panader\u00eda.<\/li>\n<li><strong>13:00 horas \u2013 Museo del Pan. <\/strong><br \/>\nActuaci\u00f3n infantil, <em>Tina en el mundo de los sue\u00f1os<\/em>.<\/li>\n<li><strong>Plaza de Espa\u00f1a. <\/strong><br \/>\nDegustaci\u00f3n popular de Fabas Asturianas y Garbanzos de Fuentesa\u00faco.<br \/>\nConcierto-vermouth con actuaci\u00f3n del grupo <em>Maldita Dulzura<\/em>.<\/li>\n<\/ul>\n<h3><strong>Sedes de la Feria<\/strong><\/h3>\n<p>Esta Feria del Pan y la Lenteja <strong>se celebrar\u00e1 en:<\/strong><\/p>\n<ul>\n<li><strong>Feria del pan:<\/strong> en el Museo del Pan.<\/li>\n<li><strong>Feria de la Lenteja y Sal\u00f3n de la Legumbre:<\/strong> Plaza de Espa\u00f1a de Mayorga.<\/li>\n<li><strong>Talleres infantiles, visitas, demostraciones de oficios tradicionales:<\/strong> en el Museo del Pan.<\/li>\n<li><strong>Degustaci\u00f3n de Lentejas y Legumbres:<\/strong> Plaza de Espa\u00f1a de Mayorga.\n<\/ul>\n<figure id=\"attachment_35844\" aria-describedby=\"caption-attachment-35844\" style=\"width: 300px\" class=\"wp-caption aligncenter\"><img decoding=\"async\" src=\"https:\/\/destinocastillayleon.es\/index\/wp-content\/uploads\/2022\/10\/Feria-del-Pan-y-la-Lenteja.jpg\" alt=\"Feria del Pan y la Lenteja\" width=\"300\" class=\"size-full wp-image-35844\" srcset=\"https:\/\/destinocastillayleon.es\/index\/wp-content\/uploads\/2022\/10\/Feria-del-Pan-y-la-Lenteja.jpg 800w, https:\/\/destinocastillayleon.es\/index\/wp-content\/uploads\/2022\/10\/Feria-del-Pan-y-la-Lenteja-300x127.jpg 300w, https:\/\/destinocastillayleon.es\/index\/wp-content\/uploads\/2022\/10\/Feria-del-Pan-y-la-Lenteja-768x325.jpg 768w\" sizes=\"(max-width: 800px) 100vw, 800px\" \/><figcaption id=\"caption-attachment-35844\" class=\"wp-caption-text\">Feria del Pan y la Lenteja<\/figcaption><\/figure>\n<p>Participar en esta feria es gratuito, aunque <strong>los talleres infantiles de panader\u00eda tienen un coste de 2 \u20ac\/ni\u00f1o.<\/strong><\/p>\n<h3><strong>Autobuses desde Valladolid<\/strong><\/h3>\n<p>Si quieres disfrutar de esta Feria del Pan y la Lenteja 2022, <strong>existe un autob\u00fas que desde la Plaza de San Pablo de Valladolid,<\/strong> traslada a Mayorga por 2 \u20ac\/persona.<\/p>\n<p>Tanto el s\u00e1bado como el domingo:<\/p>\n<ul>\n<li><strong>Bus 1:<\/strong> Salida a las 10:00 horas \u2013 regreso a las 14:30 horas.<\/li>\n<li><strong>Bus 2:<\/strong> Salida a las 16:00 horas \u2013 regreso a las 21:00 horas.<\/li>\n<li><strong>Bus 3:<\/strong> Salida a las 10:00 horas \u2013 regreso a las 19:00 horas.<\/li>\n<\/ul>\n<p>Imprescindible reserva previa en el tel\u00e9fono +34 983 427 174.<\/p>\n<h2><strong>Y una vez en Mayorga<\/strong><\/h2>\n<p>Y desde luego, si os decid\u00eds a visitar esta feria, <strong>una vez en Mayorga, hay muchas <a href=\"https:\/\/destinocastillayleon.es\/index\/museo-provincial-del-pan\/\">cosas que visitar<\/a>,<\/strong> incluso fuera del programa de esta feria.<\/p>\n<p>Por supuesto, el Museo del Pan; <strong>uno de los museos m\u00e1s interesantes para visitar en familia<\/strong>. Por lo general, suele ser recomendable realizar una <a href=\"https:\/\/www.civitatis.com\/es\/mayorga\/entrada-museo-pan\/?aid=99913\" target=\"_Blank\" rel=\"NoFollow noopener\">reserva en el Museo del Pan<\/a>; sobre todo si quer\u00e9is participar en alguna de las actividades familiares.<\/p>\n<figure id=\"attachment_26031\" aria-describedby=\"caption-attachment-26031\" style=\"width: 640px\" class=\"wp-caption aligncenter\"><img decoding=\"async\" src=\"https:\/\/destinocastillayleon.es\/index\/wp-content\/uploads\/2017\/08\/Museo-provincial-del-Pan-en-Mayorga.jpg\" alt=\"Museo provincial del Pan en Mayorga\" width=\"640\" height=\"400\" class=\"size-full wp-image-26031\" srcset=\"https:\/\/destinocastillayleon.es\/index\/wp-content\/uploads\/2017\/08\/Museo-provincial-del-Pan-en-Mayorga.jpg 640w, https:\/\/destinocastillayleon.es\/index\/wp-content\/uploads\/2017\/08\/Museo-provincial-del-Pan-en-Mayorga-300x188.jpg 300w\" sizes=\"(max-width: 640px) 100vw, 640px\" \/><figcaption id=\"caption-attachment-26031\" class=\"wp-caption-text\">Museo provincial del Pan en Mayorga<\/figcaption><\/figure>\n<p>En Mayorga, podr\u00e9is visitar <strong>el primer buz\u00f3n de correos.<\/strong> Una curiosidad que se localiza en una calle peque\u00f1a pr\u00f3xima a la Plaza de Espa\u00f1a, por lo que pod\u00e9is acercaros al visitar la Feria de la lenteja y Sal\u00f3n de la legumbre.<\/p>\n<figure id=\"attachment_26023\" aria-describedby=\"caption-attachment-26023\" style=\"width: 520px\" class=\"wp-caption aligncenter\"><img decoding=\"async\" src=\"https:\/\/destinocastillayleon.es\/index\/wp-content\/uploads\/2017\/08\/a3ad232d1de449a6ab23cd2e9208dc4d.jpg\" alt=\"El buz\u00f3n de correos m\u00e1s antiguo de Espa\u00f1a - Destino Castilla y Le\u00f3n\" width=\"520\" height=\"325\" class=\"size-full wp-image-26023\" srcset=\"https:\/\/destinocastillayleon.es\/index\/wp-content\/uploads\/2017\/08\/a3ad232d1de449a6ab23cd2e9208dc4d.jpg 520w, https:\/\/destinocastillayleon.es\/index\/wp-content\/uploads\/2017\/08\/a3ad232d1de449a6ab23cd2e9208dc4d-300x188.jpg 300w\" sizes=\"(max-width: 520px) 100vw, 520px\" \/><figcaption id=\"caption-attachment-26023\" class=\"wp-caption-text\">El buz\u00f3n de correos m\u00e1s antiguo de Espa\u00f1a &#8211; Destino Castilla y Le\u00f3n<\/figcaption><\/figure>\n<p>Muy bonito, <strong>el rollo de justicia<\/strong> del siglo XV localizado en una plaza, junto a una zona infantil. De \u00e9poca bajo medieval, se conservan <strong>varios lienzos de muralla, una puerta mud\u00e9jar, y varias iglesias.<\/strong><\/p>\n<h3><strong>Otras opciones pr\u00f3ximas<\/strong><\/h3>\n<p>Muy cerca existen localidades tambi\u00e9n de inter\u00e9s. <strong>La principal, Medina de Rioseco,<\/strong> donde puedes <a href=\"https:\/\/www.civitatis.com\/es\/medina-de-rioseco\/tour-privado-medina-rioseco\/?aid=99913\" rel=\"noopener nofollow\" target=\"_blank\">realizar un tour<\/a> y conocer todos los grandes secretos de esta gran localidad; pero otros pueblos pr\u00f3ximos <strong>Villal\u00f3n de Campos, Villagarc\u00eda de Campos, <a href=\"https:\/\/destinocastillayleon.es\/index\/guia-para-visitar-ampudia-la-bella-de-campos-en-palencia\/\">Ampudia<\/a>, Sahag\u00fan<\/strong>.<\/p>\n<figure id=\"attachment_16940\" aria-describedby=\"caption-attachment-16940\" style=\"width: 640px\" class=\"wp-caption aligncenter\"><img decoding=\"async\" src=\"https:\/\/destinocastillayleon.es\/index\/wp-content\/uploads\/2014\/11\/45d532c589f4eebd2a6af0799ef33f37.jpg\" alt=\"Santa Mar\u00eda de Medina de Rioseco, Valladolid - Destino Castilla y Le\u00f3n\" width=\"640\" height=\"434\" class=\"size-full wp-image-16940\" srcset=\"https:\/\/destinocastillayleon.es\/index\/wp-content\/uploads\/2014\/11\/45d532c589f4eebd2a6af0799ef33f37.jpg 640w, https:\/\/destinocastillayleon.es\/index\/wp-content\/uploads\/2014\/11\/45d532c589f4eebd2a6af0799ef33f37-300x203.jpg 300w\" sizes=\"(max-width: 640px) 100vw, 640px\" \/><figcaption id=\"caption-attachment-16940\" class=\"wp-caption-text\">Santa Mar\u00eda de Medina de Rioseco, Valladolid &#8211; Destino Castilla y Le\u00f3n<\/figcaption><\/figure>\n<p>Y como estamos en <strong>la Denominaci\u00f3n de Origen de Le\u00f3n,<\/strong> pod\u00e9is hacer tambi\u00e9n enoturismo como, por ejemplo, en las cercanas <a href=\"https:\/\/www.civitatis.com\/es\/gordoncillo\/visita-bodega-gordonzello\/?aid=99913\" target=\"_Blank\" rel=\"NoFollow noopener\">bodegas Gordonzello<\/a> o la bodega Meoriga Bodegas y Vi\u00f1edos.<\/p>\n<h4>Tambi\u00e9n te puede interesar<\/h4>\n<ul>\n<li><a href=\"https:\/\/destinocastillayleon.es\/index\/museo-provincial-del-pan\/\">Disfruta como un ni\u00f1o en el Museo provincial del Pan de Mayorga<\/a>.<\/li>\n<li><a href=\"https:\/\/destinocastillayleon.es\/index\/guia-para-visitar-uruena\/\">Gu\u00eda para visitar Urue\u00f1a<\/a>.<\/li>\n<li><a href=\"https:\/\/destinocastillayleon.es\/index\/descubriendo-las-ruinas-del-monasterio-de-matallana\/\">Descubriendo las ruinas del Monasterio de Matallana<\/a>.<\/li>\n<\/ul>\n","protected":false},"excerpt":{"rendered":"<p>Este fin de semana del 15 y 16 de octubre se celebra la Feria del pan y la lenteja 2022 en la localidad vallisoletana de Mayorga. -No te lo pierdas-.<\/p>\n","protected":false},"author":2,"featured_media":35848,"comment_status":"open","ping_status":"closed","sticky":false,"template":"","format":"standard","meta":{"rop_custom_images_group":[],"rop_custom_messages_group":[],"rop_publish_now":"initial","rop_publish_now_accounts":{"twitter_1150954226_1150954226":""},"rop_publish_now_history":[],"rop_publish_now_status":"pending","footnotes":""},"categories":[77,1343,5511,68,4800],"tags":[78,2520,6021],"class_list":["post-35841","post","type-post","status-publish","format-standard","has-post-thumbnail","hentry","category-actualidad-y-agenda-de-castilla-y-leon","category-agenda","category-no-rescatar-en-rrss","category-post_inicial","category-valladolid-actualidad","tag-gastroturismo","tag-jornadas-gastronomicas","tag-mayorga"],"yoast_head":"<!-- This site is optimized with the Yoast SEO Premium plugin v20.4 (Yoast SEO v27.4) - https:\/\/yoast.com\/product\/yoast-seo-premium-wordpress\/ -->\n<title>Feria del pan y la lenteja 2022 \u2013 Destino Castilla y Le\u00f3n<\/title>\n<meta name=\"description\" content=\"Este fin de semana del 15 y 16 de octubre se celebra la Feria del pan y la lenteja 2022 en la localidad vallisoletana de Mayorga.\" \/>\n<meta name=\"robots\" content=\"index, follow, max-snippet:-1, max-image-preview:large, max-video-preview:-1\" \/>\n<link rel=\"canonical\" href=\"https:\/\/destinocastillayleon.es\/index\/feria-del-pan-y-la-lenteja-2022\/\" \/>\n<meta property=\"og:locale\" content=\"es_ES\" \/>\n<meta property=\"og:type\" content=\"article\" \/>\n<meta property=\"og:title\" content=\"Feria del pan y la lenteja 2022 \u2013 Destino Castilla y Le\u00f3n\" \/>\n<meta property=\"og:description\" content=\"Este fin de semana del 15 y 16 de octubre se celebra la Feria del pan y la lenteja 2022 en la localidad vallisoletana de Mayorga. -No te lo pierdas-.\" \/>\n<meta property=\"og:url\" content=\"https:\/\/destinocastillayleon.es\/index\/feria-del-pan-y-la-lenteja-2022\/\" \/>\n<meta property=\"og:site_name\" content=\"Destino Castilla y Le\u00f3n\" \/>\n<meta property=\"article:publisher\" content=\"https:\/\/www.facebook.com\/DestinoCastillaYLeon\/\" \/>\n<meta property=\"article:author\" content=\"https:\/\/www.facebook.com\/profile.php?id=1158416854\" \/>\n<meta property=\"article:published_time\" content=\"2022-10-14T06:17:50+00:00\" \/>\n<meta property=\"og:image\" content=\"https:\/\/destinocastillayleon.es\/index\/wp-content\/uploads\/2022\/10\/Feria-del-Pan-y-la-Lenteja-2022-Imagen-de-El-Dia-de-Valladolid.jpg\" \/>\n\t<meta property=\"og:image:width\" content=\"1210\" \/>\n\t<meta property=\"og:image:height\" content=\"656\" \/>\n\t<meta property=\"og:image:type\" content=\"image\/jpeg\" \/>\n<meta name=\"author\" content=\"David V\u00e1zquez\" \/>\n<meta name=\"twitter:card\" content=\"summary_large_image\" \/>\n<meta name=\"twitter:title\" content=\"Feria del pan y la lenteja 2022 \u2013 Destino Castilla y Le\u00f3n\" \/>\n<meta name=\"twitter:description\" content=\"Este fin de semana del 15 y 16 de octubre se celebra la Feria del pan y la lenteja 2022 en la localidad vallisoletana de Mayorga. -No te lo pierdas-.\" \/>\n<meta name=\"twitter:image\" content=\"https:\/\/destinocastillayleon.es\/index\/wp-content\/uploads\/2022\/10\/Feria-del-Pan-y-la-Lenteja-2022-Imagen-de-El-Dia-de-Valladolid.jpg\" \/>\n<meta name=\"twitter:creator\" content=\"@https:\/\/twitter.com\/ContePantaleone\u200e\" \/>\n<meta name=\"twitter:site\" content=\"@destinocyl\" \/>\n<meta name=\"twitter:label1\" content=\"Escrito por\" \/>\n\t<meta name=\"twitter:data1\" content=\"David V\u00e1zquez\" \/>\n\t<meta name=\"twitter:label2\" content=\"Tiempo de lectura\" \/>\n\t<meta name=\"twitter:data2\" content=\"5 minutos\" \/>\n<script type=\"application\/ld+json\" class=\"yoast-schema-graph\">{\"@context\":\"https:\\\/\\\/schema.org\",\"@graph\":[{\"@type\":\"Article\",\"@id\":\"https:\\\/\\\/destinocastillayleon.es\\\/index\\\/feria-del-pan-y-la-lenteja-2022\\\/#article\",\"isPartOf\":{\"@id\":\"https:\\\/\\\/destinocastillayleon.es\\\/index\\\/feria-del-pan-y-la-lenteja-2022\\\/\"},\"author\":{\"name\":\"David V\u00e1zquez\",\"@id\":\"https:\\\/\\\/destinocastillayleon.es\\\/index\\\/#\\\/schema\\\/person\\\/189221bc8f6cc4fa28b18ad5c289d4c2\"},\"headline\":\"Feria del pan y la lenteja 2022\",\"datePublished\":\"2022-10-14T06:17:50+00:00\",\"mainEntityOfPage\":{\"@id\":\"https:\\\/\\\/destinocastillayleon.es\\\/index\\\/feria-del-pan-y-la-lenteja-2022\\\/\"},\"wordCount\":943,\"commentCount\":0,\"image\":{\"@id\":\"https:\\\/\\\/destinocastillayleon.es\\\/index\\\/feria-del-pan-y-la-lenteja-2022\\\/#primaryimage\"},\"thumbnailUrl\":\"https:\\\/\\\/destinocastillayleon.es\\\/index\\\/wp-content\\\/uploads\\\/2022\\\/10\\\/Feria-del-Pan-y-la-Lenteja-2022-Imagen-de-El-Dia-de-Valladolid.jpg\",\"keywords\":[\"gastroturismo\",\"Jornadas Gastron\u00f3micas\",\"Mayorga\"],\"articleSection\":[\"Actualidad\",\"Agenda\",\"No rescatar en RRSS\",\"Post_inicial\",\"Valladolid Actualidad\"],\"inLanguage\":\"es\",\"potentialAction\":[{\"@type\":\"CommentAction\",\"name\":\"Comment\",\"target\":[\"https:\\\/\\\/destinocastillayleon.es\\\/index\\\/feria-del-pan-y-la-lenteja-2022\\\/#respond\"]}]},{\"@type\":\"WebPage\",\"@id\":\"https:\\\/\\\/destinocastillayleon.es\\\/index\\\/feria-del-pan-y-la-lenteja-2022\\\/\",\"url\":\"https:\\\/\\\/destinocastillayleon.es\\\/index\\\/feria-del-pan-y-la-lenteja-2022\\\/\",\"name\":\"Feria del pan y la lenteja 2022 \u2013 Destino Castilla y Le\u00f3n\",\"isPartOf\":{\"@id\":\"https:\\\/\\\/destinocastillayleon.es\\\/index\\\/#website\"},\"primaryImageOfPage\":{\"@id\":\"https:\\\/\\\/destinocastillayleon.es\\\/index\\\/feria-del-pan-y-la-lenteja-2022\\\/#primaryimage\"},\"image\":{\"@id\":\"https:\\\/\\\/destinocastillayleon.es\\\/index\\\/feria-del-pan-y-la-lenteja-2022\\\/#primaryimage\"},\"thumbnailUrl\":\"https:\\\/\\\/destinocastillayleon.es\\\/index\\\/wp-content\\\/uploads\\\/2022\\\/10\\\/Feria-del-Pan-y-la-Lenteja-2022-Imagen-de-El-Dia-de-Valladolid.jpg\",\"datePublished\":\"2022-10-14T06:17:50+00:00\",\"author\":{\"@id\":\"https:\\\/\\\/destinocastillayleon.es\\\/index\\\/#\\\/schema\\\/person\\\/189221bc8f6cc4fa28b18ad5c289d4c2\"},\"description\":\"Este fin de semana del 15 y 16 de octubre se celebra la Feria del pan y la lenteja 2022 en la localidad vallisoletana de Mayorga.\",\"breadcrumb\":{\"@id\":\"https:\\\/\\\/destinocastillayleon.es\\\/index\\\/feria-del-pan-y-la-lenteja-2022\\\/#breadcrumb\"},\"inLanguage\":\"es\",\"potentialAction\":[{\"@type\":\"ReadAction\",\"target\":[\"https:\\\/\\\/destinocastillayleon.es\\\/index\\\/feria-del-pan-y-la-lenteja-2022\\\/\"]}]},{\"@type\":\"ImageObject\",\"inLanguage\":\"es\",\"@id\":\"https:\\\/\\\/destinocastillayleon.es\\\/index\\\/feria-del-pan-y-la-lenteja-2022\\\/#primaryimage\",\"url\":\"https:\\\/\\\/destinocastillayleon.es\\\/index\\\/wp-content\\\/uploads\\\/2022\\\/10\\\/Feria-del-Pan-y-la-Lenteja-2022-Imagen-de-El-Dia-de-Valladolid.jpg\",\"contentUrl\":\"https:\\\/\\\/destinocastillayleon.es\\\/index\\\/wp-content\\\/uploads\\\/2022\\\/10\\\/Feria-del-Pan-y-la-Lenteja-2022-Imagen-de-El-Dia-de-Valladolid.jpg\",\"width\":1210,\"height\":656,\"caption\":\"Feria del Pan y la Lenteja 2022 - Imagen de El D\u00eda de Valladolid\"},{\"@type\":\"BreadcrumbList\",\"@id\":\"https:\\\/\\\/destinocastillayleon.es\\\/index\\\/feria-del-pan-y-la-lenteja-2022\\\/#breadcrumb\",\"itemListElement\":[{\"@type\":\"ListItem\",\"position\":1,\"name\":\"Portada\",\"item\":\"https:\\\/\\\/destinocastillayleon.es\\\/index\\\/\"},{\"@type\":\"ListItem\",\"position\":2,\"name\":\"Feria del pan y la lenteja 2022\"}]},{\"@type\":\"WebSite\",\"@id\":\"https:\\\/\\\/destinocastillayleon.es\\\/index\\\/#website\",\"url\":\"https:\\\/\\\/destinocastillayleon.es\\\/index\\\/\",\"name\":\"Destino Castilla y Le\u00f3n\",\"description\":\"Medio digital independiente y revista de Castilla y Le\u00f3n dedicado al turismo, gastronom\u00eda y vino de Castilla y Le\u00f3n\",\"potentialAction\":[{\"@type\":\"SearchAction\",\"target\":{\"@type\":\"EntryPoint\",\"urlTemplate\":\"https:\\\/\\\/destinocastillayleon.es\\\/index\\\/?s={search_term_string}\"},\"query-input\":{\"@type\":\"PropertyValueSpecification\",\"valueRequired\":true,\"valueName\":\"search_term_string\"}}],\"inLanguage\":\"es\"},{\"@type\":\"Person\",\"@id\":\"https:\\\/\\\/destinocastillayleon.es\\\/index\\\/#\\\/schema\\\/person\\\/189221bc8f6cc4fa28b18ad5c289d4c2\",\"name\":\"David V\u00e1zquez\",\"image\":{\"@type\":\"ImageObject\",\"inLanguage\":\"es\",\"@id\":\"https:\\\/\\\/secure.gravatar.com\\\/avatar\\\/cd12db6c575a90c3b75cfa0f794b74d425201c768612fad17e9f13cd33d48be8?s=96&d=mm&r=g\",\"url\":\"https:\\\/\\\/secure.gravatar.com\\\/avatar\\\/cd12db6c575a90c3b75cfa0f794b74d425201c768612fad17e9f13cd33d48be8?s=96&d=mm&r=g\",\"contentUrl\":\"https:\\\/\\\/secure.gravatar.com\\\/avatar\\\/cd12db6c575a90c3b75cfa0f794b74d425201c768612fad17e9f13cd33d48be8?s=96&d=mm&r=g\",\"caption\":\"David V\u00e1zquez\"},\"description\":\"Ingeniero Industrial de vocaci\u00f3n y profesi\u00f3n, he encontrado en los blogs la forma de plasmar mi pasi\u00f3n por los viajes, la gastronom\u00eda y los vinos. Especialmente los procedentes de Castilla y Le\u00f3n\",\"sameAs\":[\"https:\\\/\\\/www.destinocastillayleon.es\",\"https:\\\/\\\/www.facebook.com\\\/profile.php?id=1158416854\",\"https:\\\/\\\/instagram.com\\\/conte.pantaleone\",\"https:\\\/\\\/www.linkedin.com\\\/pub\\\/david-vazquez-lozano\\\/37\\\/17a\\\/25a\",\"https:\\\/\\\/x.com\\\/https:\\\/\\\/twitter.com\\\/ContePantaleone\u200e\"],\"url\":\"https:\\\/\\\/destinocastillayleon.es\\\/index\\\/author\\\/coadministradorcyl\\\/\"}]}<\/script>\n<!-- \/ Yoast SEO Premium plugin. -->","yoast_head_json":{"title":"Feria del pan y la lenteja 2022 \u2013 Destino Castilla y Le\u00f3n","description":"Este fin de semana del 15 y 16 de octubre se celebra la Feria del pan y la lenteja 2022 en la localidad vallisoletana de Mayorga.","robots":{"index":"index","follow":"follow","max-snippet":"max-snippet:-1","max-image-preview":"max-image-preview:large","max-video-preview":"max-video-preview:-1"},"canonical":"https:\/\/destinocastillayleon.es\/index\/feria-del-pan-y-la-lenteja-2022\/","og_locale":"es_ES","og_type":"article","og_title":"Feria del pan y la lenteja 2022 \u2013 Destino Castilla y Le\u00f3n","og_description":"Este fin de semana del 15 y 16 de octubre se celebra la Feria del pan y la lenteja 2022 en la localidad vallisoletana de Mayorga. -No te lo pierdas-.","og_url":"https:\/\/destinocastillayleon.es\/index\/feria-del-pan-y-la-lenteja-2022\/","og_site_name":"Destino Castilla y Le\u00f3n","article_publisher":"https:\/\/www.facebook.com\/DestinoCastillaYLeon\/","article_author":"https:\/\/www.facebook.com\/profile.php?id=1158416854","article_published_time":"2022-10-14T06:17:50+00:00","og_image":[{"width":1210,"height":656,"url":"https:\/\/destinocastillayleon.es\/index\/wp-content\/uploads\/2022\/10\/Feria-del-Pan-y-la-Lenteja-2022-Imagen-de-El-Dia-de-Valladolid.jpg","type":"image\/jpeg"}],"author":"David V\u00e1zquez","twitter_card":"summary_large_image","twitter_title":"Feria del pan y la lenteja 2022 \u2013 Destino Castilla y Le\u00f3n","twitter_description":"Este fin de semana del 15 y 16 de octubre se celebra la Feria del pan y la lenteja 2022 en la localidad vallisoletana de Mayorga. -No te lo pierdas-.","twitter_image":"https:\/\/destinocastillayleon.es\/index\/wp-content\/uploads\/2022\/10\/Feria-del-Pan-y-la-Lenteja-2022-Imagen-de-El-Dia-de-Valladolid.jpg","twitter_creator":"@https:\/\/twitter.com\/ContePantaleone\u200e","twitter_site":"@destinocyl","twitter_misc":{"Escrito por":"David V\u00e1zquez","Tiempo de lectura":"5 minutos"},"schema":{"@context":"https:\/\/schema.org","@graph":[{"@type":"Article","@id":"https:\/\/destinocastillayleon.es\/index\/feria-del-pan-y-la-lenteja-2022\/#article","isPartOf":{"@id":"https:\/\/destinocastillayleon.es\/index\/feria-del-pan-y-la-lenteja-2022\/"},"author":{"name":"David V\u00e1zquez","@id":"https:\/\/destinocastillayleon.es\/index\/#\/schema\/person\/189221bc8f6cc4fa28b18ad5c289d4c2"},"headline":"Feria del pan y la lenteja 2022","datePublished":"2022-10-14T06:17:50+00:00","mainEntityOfPage":{"@id":"https:\/\/destinocastillayleon.es\/index\/feria-del-pan-y-la-lenteja-2022\/"},"wordCount":943,"commentCount":0,"image":{"@id":"https:\/\/destinocastillayleon.es\/index\/feria-del-pan-y-la-lenteja-2022\/#primaryimage"},"thumbnailUrl":"https:\/\/destinocastillayleon.es\/index\/wp-content\/uploads\/2022\/10\/Feria-del-Pan-y-la-Lenteja-2022-Imagen-de-El-Dia-de-Valladolid.jpg","keywords":["gastroturismo","Jornadas Gastron\u00f3micas","Mayorga"],"articleSection":["Actualidad","Agenda","No rescatar en RRSS","Post_inicial","Valladolid Actualidad"],"inLanguage":"es","potentialAction":[{"@type":"CommentAction","name":"Comment","target":["https:\/\/destinocastillayleon.es\/index\/feria-del-pan-y-la-lenteja-2022\/#respond"]}]},{"@type":"WebPage","@id":"https:\/\/destinocastillayleon.es\/index\/feria-del-pan-y-la-lenteja-2022\/","url":"https:\/\/destinocastillayleon.es\/index\/feria-del-pan-y-la-lenteja-2022\/","name":"Feria del pan y la lenteja 2022 \u2013 Destino Castilla y Le\u00f3n","isPartOf":{"@id":"https:\/\/destinocastillayleon.es\/index\/#website"},"primaryImageOfPage":{"@id":"https:\/\/destinocastillayleon.es\/index\/feria-del-pan-y-la-lenteja-2022\/#primaryimage"},"image":{"@id":"https:\/\/destinocastillayleon.es\/index\/feria-del-pan-y-la-lenteja-2022\/#primaryimage"},"thumbnailUrl":"https:\/\/destinocastillayleon.es\/index\/wp-content\/uploads\/2022\/10\/Feria-del-Pan-y-la-Lenteja-2022-Imagen-de-El-Dia-de-Valladolid.jpg","datePublished":"2022-10-14T06:17:50+00:00","author":{"@id":"https:\/\/destinocastillayleon.es\/index\/#\/schema\/person\/189221bc8f6cc4fa28b18ad5c289d4c2"},"description":"Este fin de semana del 15 y 16 de octubre se celebra la Feria del pan y la lenteja 2022 en la localidad vallisoletana de Mayorga.","breadcrumb":{"@id":"https:\/\/destinocastillayleon.es\/index\/feria-del-pan-y-la-lenteja-2022\/#breadcrumb"},"inLanguage":"es","potentialAction":[{"@type":"ReadAction","target":["https:\/\/destinocastillayleon.es\/index\/feria-del-pan-y-la-lenteja-2022\/"]}]},{"@type":"ImageObject","inLanguage":"es","@id":"https:\/\/destinocastillayleon.es\/index\/feria-del-pan-y-la-lenteja-2022\/#primaryimage","url":"https:\/\/destinocastillayleon.es\/index\/wp-content\/uploads\/2022\/10\/Feria-del-Pan-y-la-Lenteja-2022-Imagen-de-El-Dia-de-Valladolid.jpg","contentUrl":"https:\/\/destinocastillayleon.es\/index\/wp-content\/uploads\/2022\/10\/Feria-del-Pan-y-la-Lenteja-2022-Imagen-de-El-Dia-de-Valladolid.jpg","width":1210,"height":656,"caption":"Feria del Pan y la Lenteja 2022 - Imagen de El D\u00eda de Valladolid"},{"@type":"BreadcrumbList","@id":"https:\/\/destinocastillayleon.es\/index\/feria-del-pan-y-la-lenteja-2022\/#breadcrumb","itemListElement":[{"@type":"ListItem","position":1,"name":"Portada","item":"https:\/\/destinocastillayleon.es\/index\/"},{"@type":"ListItem","position":2,"name":"Feria del pan y la lenteja 2022"}]},{"@type":"WebSite","@id":"https:\/\/destinocastillayleon.es\/index\/#website","url":"https:\/\/destinocastillayleon.es\/index\/","name":"Destino Castilla y Le\u00f3n","description":"Medio digital independiente y revista de Castilla y Le\u00f3n dedicado al turismo, gastronom\u00eda y vino de Castilla y Le\u00f3n","potentialAction":[{"@type":"SearchAction","target":{"@type":"EntryPoint","urlTemplate":"https:\/\/destinocastillayleon.es\/index\/?s={search_term_string}"},"query-input":{"@type":"PropertyValueSpecification","valueRequired":true,"valueName":"search_term_string"}}],"inLanguage":"es"},{"@type":"Person","@id":"https:\/\/destinocastillayleon.es\/index\/#\/schema\/person\/189221bc8f6cc4fa28b18ad5c289d4c2","name":"David V\u00e1zquez","image":{"@type":"ImageObject","inLanguage":"es","@id":"https:\/\/secure.gravatar.com\/avatar\/cd12db6c575a90c3b75cfa0f794b74d425201c768612fad17e9f13cd33d48be8?s=96&d=mm&r=g","url":"https:\/\/secure.gravatar.com\/avatar\/cd12db6c575a90c3b75cfa0f794b74d425201c768612fad17e9f13cd33d48be8?s=96&d=mm&r=g","contentUrl":"https:\/\/secure.gravatar.com\/avatar\/cd12db6c575a90c3b75cfa0f794b74d425201c768612fad17e9f13cd33d48be8?s=96&d=mm&r=g","caption":"David V\u00e1zquez"},"description":"Ingeniero Industrial de vocaci\u00f3n y profesi\u00f3n, he encontrado en los blogs la forma de plasmar mi pasi\u00f3n por los viajes, la gastronom\u00eda y los vinos. Especialmente los procedentes de Castilla y Le\u00f3n","sameAs":["https:\/\/www.destinocastillayleon.es","https:\/\/www.facebook.com\/profile.php?id=1158416854","https:\/\/instagram.com\/conte.pantaleone","https:\/\/www.linkedin.com\/pub\/david-vazquez-lozano\/37\/17a\/25a","https:\/\/x.com\/https:\/\/twitter.com\/ContePantaleone\u200e"],"url":"https:\/\/destinocastillayleon.es\/index\/author\/coadministradorcyl\/"}]}},"_links":{"self":[{"href":"https:\/\/destinocastillayleon.es\/index\/wp-json\/wp\/v2\/posts\/35841","targetHints":{"allow":["GET"]}}],"collection":[{"href":"https:\/\/destinocastillayleon.es\/index\/wp-json\/wp\/v2\/posts"}],"about":[{"href":"https:\/\/destinocastillayleon.es\/index\/wp-json\/wp\/v2\/types\/post"}],"author":[{"embeddable":true,"href":"https:\/\/destinocastillayleon.es\/index\/wp-json\/wp\/v2\/users\/2"}],"replies":[{"embeddable":true,"href":"https:\/\/destinocastillayleon.es\/index\/wp-json\/wp\/v2\/comments?post=35841"}],"version-history":[{"count":5,"href":"https:\/\/destinocastillayleon.es\/index\/wp-json\/wp\/v2\/posts\/35841\/revisions"}],"predecessor-version":[{"id":35849,"href":"https:\/\/destinocastillayleon.es\/index\/wp-json\/wp\/v2\/posts\/35841\/revisions\/35849"}],"wp:featuredmedia":[{"embeddable":true,"href":"https:\/\/destinocastillayleon.es\/index\/wp-json\/wp\/v2\/media\/35848"}],"wp:attachment":[{"href":"https:\/\/destinocastillayleon.es\/index\/wp-json\/wp\/v2\/media?parent=35841"}],"wp:term":[{"taxonomy":"category","embeddable":true,"href":"https:\/\/destinocastillayleon.es\/index\/wp-json\/wp\/v2\/categories?post=35841"},{"taxonomy":"post_tag","embeddable":true,"href":"https:\/\/destinocastillayleon.es\/index\/wp-json\/wp\/v2\/tags?post=35841"}],"curies":[{"name":"wp","href":"https:\/\/api.w.org\/{rel}","templated":true}]}}