{"id":35548,"date":"2022-07-15T09:00:32","date_gmt":"2022-07-15T07:00:32","guid":{"rendered":"https:\/\/destinocastillayleon.es\/index\/?p=35548"},"modified":"2022-07-15T08:11:23","modified_gmt":"2022-07-15T06:11:23","slug":"visita-a-pradena-y-a-la-cueva-de-los-enebralejos","status":"publish","type":"post","link":"https:\/\/destinocastillayleon.es\/index\/visita-a-pradena-y-a-la-cueva-de-los-enebralejos\/","title":{"rendered":"Visita a Pr\u00e1dena y a la cueva de los Enebralejos"},"content":{"rendered":"<p>A primeros de este verano, <strong>nos hicimos una escapada de turismo familiar muy chula y recomendable; fuimos al pueblo segoviano de Pr\u00e1dena,<\/strong> donde adem\u00e1s del t\u00edpico pueblo segoviano <strong>a la falda del Sistema Central,<\/strong> existe una cueva visitable para una experiencia de espeleoturismo; <strong>la Cueva de los Enebralejos<\/strong>.<\/p>\n<h3><strong>\u00cdndice de contenidos<\/strong><\/h3>\n<p>Hemos preparado un peque\u00f1o \u00edndice con los principales contenidos de esta publicaci\u00f3n.<\/p>\n<ul>\n<li><a href=\"#Pradena\">Visita a Pr\u00e1dena<\/a>.<\/li>\n<li><a href=\"#Ruta-de-los-Molinos\">Senda de los Molinos<\/a>.<\/li>\n<li><a href=\"#Cueva\">Visita a la Cueva de los Enebralejos<\/a>.<\/li>\n<\/ul>\n<ul>\n<li><a href=\"#Llegar\">\u00bfC\u00f3mo llegar?<\/a><\/li>\n<li><a href=\"#Comer\">\u00bfD\u00f3nde comer?<\/a><\/li>\n<li><a href=\"#Dormir\">\u00bfD\u00f3nde alojarte?<\/a><\/li>\n<li><a href=\"#Historia\">Breve contexto hist\u00f3rico de Pr\u00e1dena<\/a>.<\/li>\n<\/ul>\n<h3><strong>Preparando el viaje<\/strong><\/h3>\n<p>Toda <strong>la zona pr\u00f3xima a la Sierra de Ayll\u00f3n resulta atractiva para visitar, pero quer\u00edamos algo hacer original y sencillo para realizar con ni\u00f1os peque\u00f1os,<\/strong> un tanto similar a la escapada invernal al Paraje natural de Boca del Asno, tambi\u00e9n en Segovia, aunque en otra parte.<\/p>\n<figure id=\"attachment_35608\" aria-describedby=\"caption-attachment-35608\" style=\"width: 580px\" class=\"wp-caption aligncenter\"><img decoding=\"async\" src=\"https:\/\/destinocastillayleon.es\/index\/wp-content\/uploads\/2022\/07\/Casas-de-Pradena-con-vistas-a-la-Sierra-de-Ayllon-Destino-Castilla-y-Leon.jpg\" alt=\"Casas de Pr\u00e1dena con vistas a la Sierra de Ayll\u00f3n - Destino Castilla y Le\u00f3n\" width=\"580\" class=\"size-full wp-image-35608\" srcset=\"https:\/\/destinocastillayleon.es\/index\/wp-content\/uploads\/2022\/07\/Casas-de-Pradena-con-vistas-a-la-Sierra-de-Ayllon-Destino-Castilla-y-Leon.jpg 640w, https:\/\/destinocastillayleon.es\/index\/wp-content\/uploads\/2022\/07\/Casas-de-Pradena-con-vistas-a-la-Sierra-de-Ayllon-Destino-Castilla-y-Leon-300x169.jpg 300w\" sizes=\"(max-width: 640px) 100vw, 640px\" \/><figcaption id=\"caption-attachment-35608\" class=\"wp-caption-text\">Casas de Pr\u00e1dena con vistas a la Sierra de Ayll\u00f3n &#8211; Destino Castilla y Le\u00f3n<\/figcaption><\/figure>\n<p><strong>Pr\u00e1dena posee una situaci\u00f3n perfecta para realizar tambi\u00e9n una escapada natural,<\/strong> pues pertenece a uno de esos pueblos pr\u00f3ximos a los hayedos y acebales m\u00e1s meridionales de Europa.<\/p>\n<blockquote><p>Por su situaci\u00f3n, en su zona se dan varias rutas de senderismo con dificultades muy variadas.<a name=\"Pradena\"><\/a><\/p><\/blockquote>\n<p><H2><strong>Visita a Pr\u00e1dena<\/strong><\/h2>\n<p>Siendo puristas, <strong>Pr\u00e1dena no posee un gran patrimonio arquitect\u00f3nico, aunque es rico a\u00fan en una arquitectura popular,<\/strong> aunque podr\u00eda resumirse en un t\u00edpico pueblo de Segovia.<\/p>\n<figure id=\"attachment_35626\" aria-describedby=\"caption-attachment-35626\" style=\"width: 640px\" class=\"wp-caption aligncenter\"><img decoding=\"async\" src=\"https:\/\/destinocastillayleon.es\/index\/wp-content\/uploads\/2022\/07\/Zona-con-bares-y-restaurantes-en-el-centro-de-Pradena-Destino-Castilla-y-Leon.jpg\" alt=\"Zona con bares y restaurantes en el centro de Pr\u00e1dena - Destino Castilla y Le\u00f3n\" width=\"640\" height=\"360\" class=\"size-full wp-image-35626\" srcset=\"https:\/\/destinocastillayleon.es\/index\/wp-content\/uploads\/2022\/07\/Zona-con-bares-y-restaurantes-en-el-centro-de-Pradena-Destino-Castilla-y-Leon.jpg 640w, https:\/\/destinocastillayleon.es\/index\/wp-content\/uploads\/2022\/07\/Zona-con-bares-y-restaurantes-en-el-centro-de-Pradena-Destino-Castilla-y-Leon-300x169.jpg 300w\" sizes=\"(max-width: 640px) 100vw, 640px\" \/><figcaption id=\"caption-attachment-35626\" class=\"wp-caption-text\">Zona con bares y restaurantes en el centro de Pr\u00e1dena &#8211; Destino Castilla y Le\u00f3n<\/figcaption><\/figure>\n<p>No obstante, aun siendo esto real, <strong>se queda corto con la realidad, pues es un pueblo con un entorno natural muy destacable;<\/strong> adem\u00e1s contar con <strong>una de las cuevas visitables m\u00e1s importantes de Espa\u00f1a.<\/strong> La cueva de los Enebralejos. <\/p>\n<h3><strong>Principales construcciones de Pr\u00e1dena<\/strong><\/h3>\n<p>Pr\u00e1dena <strong>es un peque\u00f1o pueblo t\u00edpico de Segovia,<\/strong> que debido a su proximidad con la Autov\u00eda A1, <strong>se ha transformado en un pueblo colonizado por gentes de Madrid como una segunda residencia.<\/strong> Esta gente sobre todo se ha establecido en zonas de nuevas urbanizaciones.<\/p>\n<figure id=\"attachment_35605\" aria-describedby=\"caption-attachment-35605\" style=\"width: 640px\" class=\"wp-caption aligncenter\"><img decoding=\"async\" src=\"https:\/\/destinocastillayleon.es\/index\/wp-content\/uploads\/2022\/07\/Arquitectura-popular-de-Pradena-Destino-Castilla-y-Leon.jpg\" alt=\"Arquitectura popular de Pr\u00e1dena - Destino Castilla y Le\u00f3n\" width=\"640\" height=\"360\" class=\"size-full wp-image-35605\" srcset=\"https:\/\/destinocastillayleon.es\/index\/wp-content\/uploads\/2022\/07\/Arquitectura-popular-de-Pradena-Destino-Castilla-y-Leon.jpg 640w, https:\/\/destinocastillayleon.es\/index\/wp-content\/uploads\/2022\/07\/Arquitectura-popular-de-Pradena-Destino-Castilla-y-Leon-300x169.jpg 300w\" sizes=\"(max-width: 640px) 100vw, 640px\" \/><figcaption id=\"caption-attachment-35605\" class=\"wp-caption-text\">Arquitectura popular de Pr\u00e1dena &#8211; Destino Castilla y Le\u00f3n<\/figcaption><\/figure>\n<p>No obstante, <strong>se conserva una zona m\u00e1s antigua y aut\u00e9ntica,<\/strong> que a\u00fan conserva la esencia de un pueblo tradicional.<\/p>\n<h4><strong>Iglesia Parroquial de San Mart\u00edn<\/strong><\/h4>\n<p>Resulta <strong>curioso que en un pueblo aparentemente tan peque\u00f1o exista una iglesia tan impresionante,<\/strong> y posiblemente estuviera pensada para ser mayor.<\/p>\n<figure id=\"attachment_35610\" aria-describedby=\"caption-attachment-35610\" style=\"width: 580px\" class=\"wp-caption aligncenter\"><img decoding=\"async\" src=\"https:\/\/destinocastillayleon.es\/index\/wp-content\/uploads\/2022\/07\/Iglesia-parroquial-de-San-Martin-de-Pradena-Destino-Castilla-y-Leon.jpg\" alt=\"Iglesia parroquial de San Mart\u00edn de Pr\u00e1dena - Destino Castilla y Le\u00f3n\" width=\"580\" class=\"size-full wp-image-35610\" srcset=\"https:\/\/destinocastillayleon.es\/index\/wp-content\/uploads\/2022\/07\/Iglesia-parroquial-de-San-Martin-de-Pradena-Destino-Castilla-y-Leon.jpg 640w, https:\/\/destinocastillayleon.es\/index\/wp-content\/uploads\/2022\/07\/Iglesia-parroquial-de-San-Martin-de-Pradena-Destino-Castilla-y-Leon-300x204.jpg 300w\" sizes=\"(max-width: 640px) 100vw, 640px\" \/><figcaption id=\"caption-attachment-35610\" class=\"wp-caption-text\">Iglesia parroquial de San Mart\u00edn de Pr\u00e1dena &#8211; Destino Castilla y Le\u00f3n<\/figcaption><\/figure>\n<p>El templo actual <strong>es una construcci\u00f3n del siglo XVIII en estilo cl\u00e1sico,<\/strong> aunque se trata de una reconstrucci\u00f3n realizada en esta \u00e9poca, para sustituir al templo original rom\u00e1nica por por esta construcci\u00f3n de estilo neocl\u00e1sico. <\/p>\n<p>En el interior del templo, <strong>a destacar la imagen del goticotard\u00edo de la Piedad,<\/strong> que seg\u00fan se cree, est\u00e1 realizada a finales del siglo XV; as\u00ed como una talla de la Virgen del Rosario, patrona de la localidad.<\/p>\n<h4><strong>Arquitectura popular<\/strong><\/h4>\n<p>Aunque <strong>Pr\u00e1dena posee especialmente muchas nuevas construcciones,<\/strong> urbanizaciones modernas en el extrarradio del casco hist\u00f3rico, <strong>en su interior, aunque con mezcla de nuevas edificaciones, a\u00fan se pueden disfrutar de edificios de estilo popular,<\/strong> con los t\u00edpicos tejados segovianos, de construcciones con tejas hacia afuera y los tejados con cortes en sus esquinas.<\/p>\n<figure id=\"attachment_35608\" aria-describedby=\"caption-attachment-35608\" style=\"width: 640px\" class=\"wp-caption aligncenter\"><img decoding=\"async\" src=\"https:\/\/destinocastillayleon.es\/index\/wp-content\/uploads\/2022\/07\/Casas-de-Pradena-con-vistas-a-la-Sierra-de-Ayllon-Destino-Castilla-y-Leon.jpg\" alt=\"Casas de Pr\u00e1dena con vistas a la Sierra de Ayll\u00f3n - Destino Castilla y Le\u00f3n\" width=\"640\" height=\"360\" class=\"size-full wp-image-35608\" srcset=\"https:\/\/destinocastillayleon.es\/index\/wp-content\/uploads\/2022\/07\/Casas-de-Pradena-con-vistas-a-la-Sierra-de-Ayllon-Destino-Castilla-y-Leon.jpg 640w, https:\/\/destinocastillayleon.es\/index\/wp-content\/uploads\/2022\/07\/Casas-de-Pradena-con-vistas-a-la-Sierra-de-Ayllon-Destino-Castilla-y-Leon-300x169.jpg 300w\" sizes=\"(max-width: 640px) 100vw, 640px\" \/><figcaption id=\"caption-attachment-35608\" class=\"wp-caption-text\">Casas de Pr\u00e1dena con vistas a la Sierra de Ayll\u00f3n &#8211; Destino Castilla y Le\u00f3n<\/figcaption><\/figure>\n<h3><strong>Rutas de Senderismo por Pr\u00e1dena<\/strong><\/h3>\n<p>En la oficina de turismo de Pr\u00e1dena <strong>nos contaron de varias rutas de senderismo.<\/strong> Hay tres rutas de media dificultad, <strong>que no nos atrevimos a realizar por ir con ni\u00f1os peque\u00f1os, unos 11 Kil\u00f3metros y un desnivel de unos 120 metros;<\/strong> Estas rutas ponen en valor los acebales de las laderas del Sistema Central en la parte de Segovia.<\/p>\n<figure id=\"attachment_35598\" aria-describedby=\"caption-attachment-35598\" style=\"width: 480px\" class=\"wp-caption aligncenter\"><img decoding=\"async\" src=\"https:\/\/destinocastillayleon.es\/index\/wp-content\/uploads\/2022\/07\/Oficina-de-turismo-de-Pradena-Destino-Castilla-y-Leon.jpg\" alt=\"Oficina de turismo de Pr\u00e1dena - Destino Castilla y Le\u00f3n\" width=\"480\"  class=\"size-full wp-image-35598\" srcset=\"https:\/\/destinocastillayleon.es\/index\/wp-content\/uploads\/2022\/07\/Oficina-de-turismo-de-Pradena-Destino-Castilla-y-Leon.jpg 580w, https:\/\/destinocastillayleon.es\/index\/wp-content\/uploads\/2022\/07\/Oficina-de-turismo-de-Pradena-Destino-Castilla-y-Leon-300x169.jpg 300w\" sizes=\"(max-width: 580px) 100vw, 580px\" \/><figcaption id=\"caption-attachment-35598\" class=\"wp-caption-text\">Oficina de turismo de Pr\u00e1dena &#8211; Destino Castilla y Le\u00f3n<\/figcaption><\/figure>\n<p>No obstante, <strong>para realizar con los m\u00e1s peque\u00f1os, realizamos una modesta ruta, de apenas 3 kil\u00f3metros y sin apenas desniveles.<\/strong> Realizamos la sencilla ruta de la Senda de los Molinos.<a name=\"Ruta-de-los-Molinos\"><\/a><\/p>\n<h4><strong>La senda de los molinos<\/strong><\/h4>\n<p>Tras visitar la Oficina de turismo de Pr\u00e1dena, <strong>esta fue la ruta m\u00e1s adecuada para nosotros,<\/strong> adem\u00e1s de permitirnos luego visitar la Cueva de los Enebralejos.<\/p>\n<p><center><iframe width=\"560\" height=\"315\" src=\"https:\/\/www.youtube.com\/embed\/2jVh8KnjpTY\" title=\"YouTube video player\" frameborder=\"0\" allow=\"accelerometer; autoplay; clipboard-write; encrypted-media; gyroscope; picture-in-picture\" allowfullscreen><\/iframe><\/center><\/p>\n<p>Se trata de <strong>una ruta que parte del centro de Pr\u00e1dena, justo junto a la Iglesia de San Mart\u00edn.<\/strong> Tras recorrer unas pocas calles, <strong>tenemos que compartir calzada junto a los coches, aunque hay poco tr\u00e1fico, durante unos 50 metros.<\/strong> Hasta localizar un camino que atravesando la calzada nos lleva junto a varias fincas hasta el primero de los molinos hidr\u00e1ulicos de Pr\u00e1dena. <strong>Se trata del Molino del Concejo.<\/strong> Es un edificio que se ve que se ha restaurado, pero pertenece a un particular y no es visitable.<\/p>\n<figure id=\"attachment_35618\" aria-describedby=\"caption-attachment-35618\" style=\"width: 640px\" class=\"wp-caption aligncenter\"><img decoding=\"async\" src=\"https:\/\/destinocastillayleon.es\/index\/wp-content\/uploads\/2022\/07\/Molino-del-Concejo-en-Pradena-Destino-Castilla-y-Leon.jpg\" alt=\"Molino del Concejo en Pr\u00e1dena - Destino Castilla y Le\u00f3n\" width=\"640\" height=\"360\" class=\"size-full wp-image-35618\" srcset=\"https:\/\/destinocastillayleon.es\/index\/wp-content\/uploads\/2022\/07\/Molino-del-Concejo-en-Pradena-Destino-Castilla-y-Leon.jpg 640w, https:\/\/destinocastillayleon.es\/index\/wp-content\/uploads\/2022\/07\/Molino-del-Concejo-en-Pradena-Destino-Castilla-y-Leon-300x169.jpg 300w\" sizes=\"(max-width: 640px) 100vw, 640px\" \/><figcaption id=\"caption-attachment-35618\" class=\"wp-caption-text\">Molino del Concejo en Pr\u00e1dena &#8211; Destino Castilla y Le\u00f3n<\/figcaption><\/figure>\n<p>El lugar es <strong>id\u00edlico y perfecto para descansar si hiciera falta,<\/strong> incluso comer en una mesa hecha con una antigua rueda de molino.<\/p>\n<figure id=\"attachment_35617\" aria-describedby=\"caption-attachment-35617\" style=\"width: 640px\" class=\"wp-caption aligncenter\"><img decoding=\"async\" src=\"https:\/\/destinocastillayleon.es\/index\/wp-content\/uploads\/2022\/07\/Mesa-de-piedra-hecha-con-una-rueda-de-molino-Destino-Castilla-y-Leon.jpg\" alt=\"Mesa de piedra hecha con una rueda de molino - Destino Castilla y Le\u00f3n\" width=\"640\" height=\"360\" class=\"size-full wp-image-35617\" srcset=\"https:\/\/destinocastillayleon.es\/index\/wp-content\/uploads\/2022\/07\/Mesa-de-piedra-hecha-con-una-rueda-de-molino-Destino-Castilla-y-Leon.jpg 640w, https:\/\/destinocastillayleon.es\/index\/wp-content\/uploads\/2022\/07\/Mesa-de-piedra-hecha-con-una-rueda-de-molino-Destino-Castilla-y-Leon-300x169.jpg 300w\" sizes=\"(max-width: 640px) 100vw, 640px\" \/><figcaption id=\"caption-attachment-35617\" class=\"wp-caption-text\">Mesa de piedra hecha con una rueda de molino &#8211; Destino Castilla y Le\u00f3n<\/figcaption><\/figure>\n<p>Tras dejar atr\u00e1s el molino por otro camino, <strong>volvemos a cruzar la carretera para acceder al peque\u00f1o pol\u00edgono industrial.<\/strong> Seguimos por el camino interior que lleva de nuevo al pueblo, pero <strong>hay que desviarse para ir entre las huertas y los arroyos que recorren Pr\u00e1dena.<\/strong> Un poco m\u00e1s adelante se llega a <strong>otro molino, el Molino de Pe\u00f1a Corva<\/strong>, aunque est\u00e1 rehabilitado, es menos visual y tambi\u00e9n es privado.<\/p>\n<figure id=\"attachment_35621\" aria-describedby=\"caption-attachment-35621\" style=\"width: 640px\" class=\"wp-caption aligncenter\"><img decoding=\"async\" src=\"https:\/\/destinocastillayleon.es\/index\/wp-content\/uploads\/2022\/07\/Segundo-molino-de-la-Ruta-de-los-Molinos-de-Pradena-Destino-Castilla-y-Leon.jpg\" alt=\"Segundo molino de la Ruta de los Molinos de Pr\u00e1dena - Destino Castilla y Le\u00f3n\" width=\"640\" height=\"360\" class=\"size-full wp-image-35621\" srcset=\"https:\/\/destinocastillayleon.es\/index\/wp-content\/uploads\/2022\/07\/Segundo-molino-de-la-Ruta-de-los-Molinos-de-Pradena-Destino-Castilla-y-Leon.jpg 640w, https:\/\/destinocastillayleon.es\/index\/wp-content\/uploads\/2022\/07\/Segundo-molino-de-la-Ruta-de-los-Molinos-de-Pradena-Destino-Castilla-y-Leon-300x169.jpg 300w\" sizes=\"(max-width: 640px) 100vw, 640px\" \/><figcaption id=\"caption-attachment-35621\" class=\"wp-caption-text\">Segundo molino de la Ruta de los Molinos de Pr\u00e1dena &#8211; Destino Castilla y Le\u00f3n<\/figcaption><\/figure>\n<p>Subiendo por los caminos vamos hasta justo debajo del pueblo y <strong>por una senda que lleva al monumento de La Mu\u00f1eca.<\/strong> Antes de llegar se pasa por una cueva que es la fuente de uno de los arroyos. <strong>Es llamada \u00abla Cueva de la Zorra\u00bb.<\/strong> Es realmente un punto muy relajante.<\/p>\n<figure id=\"attachment_35604\" aria-describedby=\"caption-attachment-35604\" style=\"width: 640px\" class=\"wp-caption aligncenter\"><img decoding=\"async\" src=\"https:\/\/destinocastillayleon.es\/index\/wp-content\/uploads\/2022\/07\/Acceso-a-la-cueva-de-la-zorra-en-la-ruta-de-los-molinos-de-Pradena-Destino-Castilla-y-Leon.jpg\" alt=\"Acceso a la cueva de la zorra, en la ruta de los molinos de Pr\u00e1dena - Destino Castilla y Le\u00f3n\" width=\"640\" height=\"360\" class=\"size-full wp-image-35604\" srcset=\"https:\/\/destinocastillayleon.es\/index\/wp-content\/uploads\/2022\/07\/Acceso-a-la-cueva-de-la-zorra-en-la-ruta-de-los-molinos-de-Pradena-Destino-Castilla-y-Leon.jpg 640w, https:\/\/destinocastillayleon.es\/index\/wp-content\/uploads\/2022\/07\/Acceso-a-la-cueva-de-la-zorra-en-la-ruta-de-los-molinos-de-Pradena-Destino-Castilla-y-Leon-300x169.jpg 300w\" sizes=\"(max-width: 640px) 100vw, 640px\" \/><figcaption id=\"caption-attachment-35604\" class=\"wp-caption-text\">Acceso a la cueva de la zorra, en la ruta de los molinos de Pr\u00e1dena &#8211; Destino Castilla y Le\u00f3n<\/figcaption><\/figure>\n<p>Y por \u00faltimo, <strong>llegamos a \u00abla Mu\u00f1eca\u00bb que es un hito que recuerda una historia de \u00e9poca de la reconquista,<\/strong> en el siglo XI, cuando una ni\u00f1a fue devorada por animales salvajes y solo se conserv\u00f3 la mu\u00f1eca y la mano de la ni\u00f1a. Probablemente sea una leyenda, aunque lo que no lo es, es <strong>una piedra que es parte de un crucero medieval.<\/strong> Desde aqu\u00ed, ya solo queda regresar al centro de Pr\u00e1dena.<\/p>\n<figure id=\"attachment_35614\" aria-describedby=\"caption-attachment-35614\" style=\"width: 640px\" class=\"wp-caption aligncenter\"><img decoding=\"async\" src=\"https:\/\/destinocastillayleon.es\/index\/wp-content\/uploads\/2022\/07\/Monumento-de-La-Muneca-Destino-Castilla-y-Leon.jpg\" alt=\"Monumento de La Mu\u00f1eca - Destino Castilla y Le\u00f3n\" width=\"640\" height=\"360\" class=\"size-full wp-image-35614\" srcset=\"https:\/\/destinocastillayleon.es\/index\/wp-content\/uploads\/2022\/07\/Monumento-de-La-Muneca-Destino-Castilla-y-Leon.jpg 640w, https:\/\/destinocastillayleon.es\/index\/wp-content\/uploads\/2022\/07\/Monumento-de-La-Muneca-Destino-Castilla-y-Leon-300x169.jpg 300w\" sizes=\"(max-width: 640px) 100vw, 640px\" \/><figcaption id=\"caption-attachment-35614\" class=\"wp-caption-text\">Monumento de La Mu\u00f1eca &#8211; Destino Castilla y Le\u00f3n<\/figcaption><\/figure>\n<p>Acerc\u00e1ndose al monumento, <strong>pod\u00e9is consultar la leyenda<\/strong> y un poco la historia asociada a este hito.<a name=\"Cueva\"><\/a><\/p>\n<h2><strong>Visita a la Cueva de los Enebralejos<\/strong><\/h2>\n<p>El otro gran punto de inter\u00e9s de Pr\u00e1dena <strong>es este complejo k\u00e1rstico de la Cueva de los Enebralejos que posee tres niveles distintos.<\/strong> Son varios corredores que definen varios r\u00edos o arroyos subterr\u00e1neos con <strong>unos 6 millones de antig\u00fcedad.<\/strong><\/p>\n<figure id=\"attachment_35609\" aria-describedby=\"caption-attachment-35609\" style=\"width: 640px\" class=\"wp-caption aligncenter\"><img decoding=\"async\" src=\"https:\/\/destinocastillayleon.es\/index\/wp-content\/uploads\/2022\/07\/Centro-de-interpretacion-de-la-Cueva-de-los-Enebralejos-Destino-Castilla-y-Leon.jpg\" alt=\"Centro de interpretaci\u00f3n de la Cueva de los Enebralejos - Destino Castilla y Le\u00f3n\" width=\"640\" height=\"359\" class=\"size-full wp-image-35609\" srcset=\"https:\/\/destinocastillayleon.es\/index\/wp-content\/uploads\/2022\/07\/Centro-de-interpretacion-de-la-Cueva-de-los-Enebralejos-Destino-Castilla-y-Leon.jpg 640w, https:\/\/destinocastillayleon.es\/index\/wp-content\/uploads\/2022\/07\/Centro-de-interpretacion-de-la-Cueva-de-los-Enebralejos-Destino-Castilla-y-Leon-300x168.jpg 300w\" sizes=\"(max-width: 640px) 100vw, 640px\" \/><figcaption id=\"caption-attachment-35609\" class=\"wp-caption-text\">Centro de interpretaci\u00f3n de la Cueva de los Enebralejos &#8211; Destino Castilla y Le\u00f3n<\/figcaption><\/figure>\n<h3><strong>Acceso a la cueva<\/strong><\/h3>\n<p>Esta cueva actualmente <strong>posee un acceso propio, distinto al original localizado a mediados del siglo XX.<\/strong> Junto a \u00e9l, se ha creado <strong>un centro de interpretaci\u00f3n<\/strong> de la cueva que explica geol\u00f3gicamente como se form\u00f3 y por qu\u00e9 esta cueva llega como es a nuestros d\u00edas.<\/p>\n<p><center><iframe width=\"560\" height=\"315\" src=\"https:\/\/www.youtube.com\/embed\/PeSGzi6KZVs\" title=\"YouTube video player\" frameborder=\"0\" allow=\"accelerometer; autoplay; clipboard-write; encrypted-media; gyroscope; picture-in-picture\" allowfullscreen><\/iframe><\/center><\/p>\n<p>Otro detalle que hace interesante esta cueva es <strong>la presencia de un campamento neol\u00edtico tanto en el exterior, como en interior de la cueva, donde se localizaron muchos restos humanos de unos 15.000 a\u00f1os de antig\u00fcedad,<\/strong> a modo de necr\u00f3polis y lugar donde se han localizado tanto grabados como pinturas rupestres de un gran valor hist\u00f3rico. <\/p>\n<h3><strong>Centro de interpretaci\u00f3n de la Cueva de los Enebralejos<\/strong><\/h3>\n<p>Este centro resulta <strong>muy interesante, sirve de centro de recepci\u00f3n de visitantes y museo del yacimiento.<\/strong> Lo m\u00e1s interesante para los ni\u00f1os ser\u00e1 seguramente <strong>la maqueta que representa id\u00edlicamente c\u00f3mo pudo haber sido el campamento neol\u00edtico<\/strong>, con una parte al aire libre y otra bajo tierra.<\/p>\n<figure id=\"attachment_35601\" aria-describedby=\"caption-attachment-35601\" style=\"width: 640px\" class=\"wp-caption aligncenter\"><img decoding=\"async\" src=\"https:\/\/destinocastillayleon.es\/index\/wp-content\/uploads\/2022\/07\/Representacion-del-campamento-exterior-de-la-epoca-neolitica-Destino-Castilla-y-Leon.jpg\" alt=\"Representaci\u00f3n del campamento exterior de la \u00e9poca neol\u00edtica - Destino Castilla y Le\u00f3n\" width=\"640\" height=\"360\" class=\"size-full wp-image-35601\" srcset=\"https:\/\/destinocastillayleon.es\/index\/wp-content\/uploads\/2022\/07\/Representacion-del-campamento-exterior-de-la-epoca-neolitica-Destino-Castilla-y-Leon.jpg 640w, https:\/\/destinocastillayleon.es\/index\/wp-content\/uploads\/2022\/07\/Representacion-del-campamento-exterior-de-la-epoca-neolitica-Destino-Castilla-y-Leon-300x169.jpg 300w\" sizes=\"(max-width: 640px) 100vw, 640px\" \/><figcaption id=\"caption-attachment-35601\" class=\"wp-caption-text\">Representaci\u00f3n del campamento exterior de la \u00e9poca neol\u00edtica &#8211; Destino Castilla y Le\u00f3n<\/figcaption><\/figure>\n<p>Es en este centro donde <strong>se pone en contexto al visitante lo que va a visitar en la cueva,<\/strong> as\u00ed como las normas espec\u00edficas de visita.<\/p>\n<figure id=\"attachment_35602\" aria-describedby=\"caption-attachment-35602\" style=\"width: 640px\" class=\"wp-caption aligncenter\"><img decoding=\"async\" src=\"https:\/\/destinocastillayleon.es\/index\/wp-content\/uploads\/2022\/07\/Representacion-del-interior-de-la-cueva-Destino-Castilla-y-Leon.jpg\" alt=\"Representaci\u00f3n del interior de la cueva - Destino Castilla y Le\u00f3n\" width=\"640\" height=\"360\" class=\"size-full wp-image-35602\" srcset=\"https:\/\/destinocastillayleon.es\/index\/wp-content\/uploads\/2022\/07\/Representacion-del-interior-de-la-cueva-Destino-Castilla-y-Leon.jpg 640w, https:\/\/destinocastillayleon.es\/index\/wp-content\/uploads\/2022\/07\/Representacion-del-interior-de-la-cueva-Destino-Castilla-y-Leon-300x169.jpg 300w\" sizes=\"(max-width: 640px) 100vw, 640px\" \/><figcaption id=\"caption-attachment-35602\" class=\"wp-caption-text\">Representaci\u00f3n del interior de la cueva &#8211; Destino Castilla y Le\u00f3n<\/figcaption><\/figure>\n<p>El acceso actual se realiza desde el propio centro de interpretaci\u00f3n, bajando por unas escaleras, <strong>que llegan una de las cavernas de la cueva, donde se localizaron los primeros restos arqueol\u00f3gicos.<\/strong> y que era donde depositaban los huesos y ajuares funerarios antes de llevarlos m\u00e1s al interior, por lo que interpreta de los restos humanos descubiertos.<\/p>\n<figure id=\"attachment_35625\" aria-describedby=\"caption-attachment-35625\" style=\"width: 640px\" class=\"wp-caption aligncenter\"><img decoding=\"async\" src=\"https:\/\/destinocastillayleon.es\/index\/wp-content\/uploads\/2022\/07\/Museo-en-el-Centro-de-Interpretacion-de-la-Cueva-de-los-Enebralejos-Destino-Castilla-y-Leon.jpg\" alt=\"Museo en el Centro de Interpretaci\u00f3n de la Cueva de los Enebralejos - Destino Castilla y Le\u00f3n\" width=\"640\" height=\"360\" class=\"size-full wp-image-35625\" srcset=\"https:\/\/destinocastillayleon.es\/index\/wp-content\/uploads\/2022\/07\/Museo-en-el-Centro-de-Interpretacion-de-la-Cueva-de-los-Enebralejos-Destino-Castilla-y-Leon.jpg 640w, https:\/\/destinocastillayleon.es\/index\/wp-content\/uploads\/2022\/07\/Museo-en-el-Centro-de-Interpretacion-de-la-Cueva-de-los-Enebralejos-Destino-Castilla-y-Leon-300x169.jpg 300w\" sizes=\"(max-width: 640px) 100vw, 640px\" \/><figcaption id=\"caption-attachment-35625\" class=\"wp-caption-text\">Museo en el Centro de Interpretaci\u00f3n de la Cueva de los Enebralejos &#8211; Destino Castilla y Le\u00f3n<\/figcaption><\/figure>\n<p>La bajada actual <strong>es una excavaci\u00f3n moderna,<\/strong> ya que el acceso original descubierto durante el siglo XX est\u00e1 actualmente cerrado. El pozo que dio origen al descubrimiento de esta cueva igualmente fue clausurado<\/p>\n<h3><strong>La visita a la cueva<\/strong><\/h3>\n<p>La cueva <strong>es muy grande, aunque no sea de las m\u00e1s grandes conocidas. Lo que ocurre es por razones de seguridad e inter\u00e9s, solos unos 800 metros est\u00e1n habilitados para las visitas.<\/strong> Imaginamos que profesionales de la espeleolog\u00eda podr\u00edan realizar una visita m\u00e1s profunda por alguno de los canales existentes. Tambi\u00e9n hay que tener en cuenta que el r\u00edo subterr\u00e1neo sigue activo y que en determinadas \u00e9pocas del a\u00f1o podr\u00eda estar con agua.<\/p>\n<figure id=\"attachment_19351\" aria-describedby=\"caption-attachment-19351\" style=\"width: 640px\" class=\"wp-caption aligncenter\"><img decoding=\"async\" src=\"https:\/\/destinocastillayleon.es\/index\/wp-content\/uploads\/2015\/06\/d533651493afda34690e41e1595c18a0.jpg\" alt=\"Cueva de los Enebralejos, cueva  visitable de Castilla y Le\u00f3n - Imagen de cuevadelosenebralejos.es\" width=\"6401\" class=\"size-full wp-image-19351\" srcset=\"https:\/\/destinocastillayleon.es\/index\/wp-content\/uploads\/2015\/06\/d533651493afda34690e41e1595c18a0.jpg 674w, https:\/\/destinocastillayleon.es\/index\/wp-content\/uploads\/2015\/06\/d533651493afda34690e41e1595c18a0-300x174.jpg 300w\" sizes=\"(max-width: 674px) 100vw, 674px\" \/><figcaption id=\"caption-attachment-19351\" class=\"wp-caption-text\">Cueva de los Enebralejos, cueva  visitable de Castilla y Le\u00f3n &#8211; Imagen de cuevadelosenebralejos.es<\/figcaption><\/figure>\n<p>La cueva <strong>posee varias cavernas de gran inter\u00e9s.<\/strong> Los humanos primitivos las dieron diferentes usos, y eso incluso se puede ver en los grabados y pinturas dejados por nuestros antepasados.<\/p>\n<h4><strong>Informaci\u00f3n para visitar la cueva<\/strong><\/h4>\n<p><a href=\"https:\/\/www.cuevadelosenebralejos.es\/es\/\" rel=\"noopener\" target=\"_blank\"><strong>Cueva de los Enebralejos<\/strong><\/a><br \/>\nTraves\u00eda de la Cueva, S\/N, 40165 Pr\u00e1dena, Segovia<br \/>\n@.: <a href=\"mailto:enebralejos@ociogestur.es\">enebralejos@ociogestur.es<\/a><br \/>\nTelf.: +34 921 50 71 13.<\/p>\n<h4><strong>Horarios de visita<\/strong><\/h4>\n<p>Todas <strong>las visitas a la cavidad deben ser guiadas<\/strong>, duran aproximadamente de <strong>45 minutos<\/strong>. Los pases se forman seg\u00fan estricto orden de llegada en grupos de m\u00e1ximo 19 personas, salvo entradas compradas por Internet.<\/p>\n<h4><strong>Coste de las entradas<\/strong><\/h4>\n<p>Entrada general: 8,50 \u20ac\/persona.<br \/>\nEntrada reducida: 6,50 \u20ac\/jubilados y ni\u00f1os de 6 a 10 a\u00f1os.<br \/>\nMenores: 0,00 \u20ac\/menores de 3 a\u00f1os.<br \/>\nGrupos: 6,00 \u20ac\/persona, a partir de 30 personas.<\/p>\n<p><img decoding=\"async\" src=\"https:\/\/destinocastillayleon.es\/index\/wp-content\/uploads\/2022\/07\/ticket.jpg\" alt=\"\" width=\"220\"  class=\"aligncenter size-full wp-image-35578\" srcset=\"https:\/\/destinocastillayleon.es\/index\/wp-content\/uploads\/2022\/07\/ticket.jpg 320w, https:\/\/destinocastillayleon.es\/index\/wp-content\/uploads\/2022\/07\/ticket-300x218.jpg 300w\" sizes=\"(max-width: 320px) 100vw, 320px\" \/><\/p>\n<p>Compra de entradas online (recomendado), en la <a href=\"https:\/\/www.cuevadelosenebralejos.es\/es\/comprar-entradas\" rel=\"noopener\" target=\"_blank\">web de la cueva<\/a>.<a name=\"Llegar\"><\/a><\/p>\n<h2><strong>Informaci\u00f3n general sobre Pr\u00e1dena<\/strong><\/h2>\n<h3><strong>\u00bfC\u00f3mo llegar?<\/strong><\/h3>\n<p>La localidad segoviana de <a href=\"https:\/\/goo.gl\/maps\/ZpjC6DsPnepnY9Yh8\" rel=\"nofollow noopener\" target=\"_blank\">Pr\u00e1dena<\/a> est\u00e1 <strong>muy cerca de la autov\u00eda A1, Madrid-Burgos.<\/strong> Hay que desviarse a la altura del kil\u00f3metro 99, que desv\u00eda <strong>hacia la carretera N110<\/strong>.<\/p>\n<p><figure id=\"attachment_35590\" aria-describedby=\"caption-attachment-35590\" style=\"width: 580px\" class=\"wp-caption aligncenter\"><img decoding=\"async\" src=\"https:\/\/destinocastillayleon.es\/index\/wp-content\/uploads\/2022\/07\/Llegando-a-Pradena-por-la-carretera-N110-Destino-Castilla-y-Leon.jpg\" alt=\"Llegando a Pr\u00e1dena por la carretera N110 - Destino Castilla y Le\u00f3n\" width=\"580\" height=\"326\" class=\"size-full wp-image-35590\" srcset=\"https:\/\/destinocastillayleon.es\/index\/wp-content\/uploads\/2022\/07\/Llegando-a-Pradena-por-la-carretera-N110-Destino-Castilla-y-Leon.jpg 580w, https:\/\/destinocastillayleon.es\/index\/wp-content\/uploads\/2022\/07\/Llegando-a-Pradena-por-la-carretera-N110-Destino-Castilla-y-Leon-300x169.jpg 300w\" sizes=\"(max-width: 580px) 100vw, 580px\" \/><figcaption id=\"caption-attachment-35590\" class=\"wp-caption-text\">Llegando a Pr\u00e1dena por la carretera N110 &#8211; Destino Castilla y Le\u00f3n<\/figcaption><\/figure><a name=\"Dormir\"><\/a><\/p>\n<h3><strong>\u00bfD\u00f3nde alojarse en Pr\u00e1dena y su entorno?<\/strong><\/h3>\n<p>Durante esta visita <strong>no nos alojamos en Pr\u00e1dena, fue una escapada de ida y vuelta en el d\u00eda;<\/strong> aunque toda <strong>la zona es muy interesante y bien permitir\u00eda pasar un fin de semana visitando lugares pr\u00f3ximos que complementan Pr\u00e1dena,<\/strong> como <a href=\"https:\/\/destinocastillayleon.es\/index\/descubre-la-ruta-del-color-desde-riaza\/\" rel=\"noopener\" target=\"_blank\">Riaza<\/a>, <a href=\"https:\/\/destinocastillayleon.es\/index\/descubre-la-villa-medieval-de-sepulveda\/\" rel=\"noopener\" target=\"_blank\">Sep\u00falveda<\/a> o <a href=\"https:\/\/destinocastillayleon.es\/index\/visita-a-pedraza\/\" rel=\"noopener\" target=\"_blank\">Pedraza<\/a>.<\/p>\n<figure id=\"attachment_35591\" aria-describedby=\"caption-attachment-35591\" style=\"width: 580px\" class=\"wp-caption aligncenter\"><img decoding=\"async\" src=\"https:\/\/destinocastillayleon.es\/index\/wp-content\/uploads\/2022\/07\/Habitacion-del-hostal-Decerca-Pradena-Imagen-del-Hostal.jpg\" alt=\"Habitaci\u00f3n del hostal Decerca Pr\u00e1dena - Imagen del Hostal\" width=\"580\" height=\"326\" class=\"size-full wp-image-35591\" srcset=\"https:\/\/destinocastillayleon.es\/index\/wp-content\/uploads\/2022\/07\/Habitacion-del-hostal-Decerca-Pradena-Imagen-del-Hostal.jpg 580w, https:\/\/destinocastillayleon.es\/index\/wp-content\/uploads\/2022\/07\/Habitacion-del-hostal-Decerca-Pradena-Imagen-del-Hostal-300x169.jpg 300w\" sizes=\"(max-width: 580px) 100vw, 580px\" \/><figcaption id=\"caption-attachment-35591\" class=\"wp-caption-text\">Habitaci\u00f3n del hostal Decerca Pr\u00e1dena &#8211; Imagen del Hostal<\/figcaption><\/figure>\n<p>Para quedarse en este sitio, viendo la oferta que encontramos, a nosotros como turismo familiar nos encajar\u00eda <a href=\"https:\/\/www.booking.com\/hotel\/es\/hostal-decerca.es.html?aid=1281624&#038;sid=99510bd6c0c9b850a581b0418553ca8d&#038;age=0;dest_id=-397483;dest_type=city;dist=0;group_adults=2;group_children=1;hapos=1;hpos=1;no_rooms=1;req_adults=2;req_age=0;req_children=1;room1=A%2CA%2C0;sb_price_type=total;sr_order=popularity;srepoch=1657727717;srpvid=b9246ff228bf02a3;type=total;ucfs=1&#038;#hotelTmpl\" rel=\"nofollow noopener\" target=\"_blank\"><strong>el Hotel Decerca Pr\u00e1dena<\/strong><\/a>, muy  interesante para familias. Tambi\u00e9n muy bien valorado, aunque posiblemente sea algo caro, <a href=\"https:\/\/www.booking.com\/hotel\/es\/casa-rural-sierra-de-pra-dena.es.html?aid=1281624&#038;sid=99510bd6c0c9b850a581b0418553ca8d&#038;age=0;dest_id=-397483;dest_type=city;dist=0;group_adults=2;group_children=1;hapos=3;hpos=3;no_rooms=1;req_adults=2;req_age=0;req_children=1;room1=A%2CA%2C0;sb_price_type=total;sr_order=popularity;srepoch=1657727717;srpvid=b9246ff228bf02a3;type=total;ucfs=1&#038;#hotelTmpl\" rel=\"nofollow noopener\" target=\"_blank\"><strong>Casa rural Sierra de Pr\u00e1dena<\/strong><\/a>; pero tiene una pinta muy buena.<a name=\"Comer\"><\/a><\/p>\n<h3><strong>\u00bfD\u00f3nde comer en Pr\u00e1dena?<\/strong><\/h3>\n<p>Nuevamente, nosotros <strong>aprovechamos el buen tiempo para comer al aire libre en la ruta de la Senda de los Molinos<\/strong>, aunque luego nos tomamos algo en uno de los bares de Pr\u00e1dena. Tambi\u00e9n vimos un par de sitios donde hacer picnics.<\/p>\n<figure id=\"attachment_35592\" aria-describedby=\"caption-attachment-35592\" style=\"width: 328px\" class=\"wp-caption aligncenter\"><img decoding=\"async\" src=\"https:\/\/destinocastillayleon.es\/index\/wp-content\/uploads\/2022\/07\/Chuleton-en-el-Bar-Restaurante-La-Portada-de-Pradena-Imagen-del-local.jpg\" alt=\"Chulet\u00f3n en el Bar Restaurante La Portada de Pr\u00e1dena - Imagen del local\" width=\"328\" height=\"393\" class=\"size-full wp-image-35592\" srcset=\"https:\/\/destinocastillayleon.es\/index\/wp-content\/uploads\/2022\/07\/Chuleton-en-el-Bar-Restaurante-La-Portada-de-Pradena-Imagen-del-local.jpg 328w, https:\/\/destinocastillayleon.es\/index\/wp-content\/uploads\/2022\/07\/Chuleton-en-el-Bar-Restaurante-La-Portada-de-Pradena-Imagen-del-local-250x300.jpg 250w\" sizes=\"(max-width: 328px) 100vw, 328px\" \/><figcaption id=\"caption-attachment-35592\" class=\"wp-caption-text\">Chulet\u00f3n en el Bar Restaurante La Portada de Pr\u00e1dena &#8211; Imagen del local<\/figcaption><\/figure>\n<p>No obstante, vimos que <strong>hab\u00eda mucho ambientillo de vermut en el centro de Pr\u00e1dena<\/strong>, en torno a la Calle de la Plaza, donde hay muchos bares de tapas.<a name=\"Historia\"><\/a><\/p>\n<h3><strong>Breve contexto hist\u00f3rico<\/strong><\/h3>\n<p>La zona <strong>estuvo habitada en el neol\u00edtico, como lo demuestra los restos arqueol\u00f3gicos de la Cueva de los Enebralejos,<\/strong> pero este sitio tambi\u00e9n se han localizado <strong>asentamientos de \u00e9poca romana y visigoda.<\/strong> No obstante, durante el siglo VIII qued\u00f3 abandonada hasta que <strong>Fernando IV permiti\u00f3 la repoblaci\u00f3n<\/strong>.<\/p>\n<figure id=\"attachment_35594\" aria-describedby=\"caption-attachment-35594\" style=\"width: 220px\" class=\"wp-caption aligncenter\"><img decoding=\"async\" src=\"https:\/\/destinocastillayleon.es\/index\/wp-content\/uploads\/2022\/07\/Fernando-IV-de-Castilla.jpg\" alt=\"Fernando IV de Castilla\" width=\"220\" height=\"408\" class=\"size-full wp-image-35594\" srcset=\"https:\/\/destinocastillayleon.es\/index\/wp-content\/uploads\/2022\/07\/Fernando-IV-de-Castilla.jpg 220w, https:\/\/destinocastillayleon.es\/index\/wp-content\/uploads\/2022\/07\/Fernando-IV-de-Castilla-162x300.jpg 162w\" sizes=\"(max-width: 220px) 100vw, 220px\" \/><figcaption id=\"caption-attachment-35594\" class=\"wp-caption-text\">Fernando IV de Castilla<\/figcaption><\/figure>\n<p>Es en esta \u00e9poca que <strong>se crea la leyenda de La Mu\u00f1eca,<\/strong> que bien podr\u00eda ser un secuestro de una razia de enemigos de los habitantes de Pr\u00e1dena.<\/p>\n<figure id=\"attachment_35611\" aria-describedby=\"caption-attachment-35611\" style=\"width: 550px\" class=\"wp-caption aligncenter\"><img decoding=\"async\" src=\"https:\/\/destinocastillayleon.es\/index\/wp-content\/uploads\/2022\/07\/Leyenda-de-La-Muneca-Destino-Castilla-y-Leon.jpg\" alt=\"Leyenda de La Mu\u00f1eca - Destino Castilla y Le\u00f3n\" width=\"550\" class=\"size-full wp-image-35611\" srcset=\"https:\/\/destinocastillayleon.es\/index\/wp-content\/uploads\/2022\/07\/Leyenda-de-La-Muneca-Destino-Castilla-y-Leon.jpg 640w, https:\/\/destinocastillayleon.es\/index\/wp-content\/uploads\/2022\/07\/Leyenda-de-La-Muneca-Destino-Castilla-y-Leon-300x172.jpg 300w\" sizes=\"(max-width: 640px) 100vw, 640px\" \/><figcaption id=\"caption-attachment-35611\" class=\"wp-caption-text\">Leyenda de La Mu\u00f1eca, Pulsa <a href=\"https:\/\/drive.google.com\/file\/d\/1sBvE198VpaSrawmK8MKS3wBJ3Xx-RX2x\/view?usp=sharing\" rel=\"noopener\" target=\"_blank\"><u><strong>aqu\u00ed<\/strong><\/u><\/a> para ver la imagen en grande &#8211; Destino Castilla y Le\u00f3n<\/figcaption><\/figure>\n<p>Durante el siglo XV tiene <strong>una \u00e9poca de cierto esplendor siendo uno de los hitos en las ca\u00f1adas reales<\/strong>, donde los reba\u00f1os trashumantes permitieron un cierto desarrollo, que <strong>en el siglo XVIII alcanza su mejor momento<\/strong>, que es cuando se reconstruye la Iglesia parroquial de San Mart\u00edn.<\/p>\n<p>Sobre todo, <strong>a finales del siglo XX se ha desarrollado como un punto de turismo<\/strong> de interior y familiar por su bello entorno.<\/p>\n<h4>Tambi\u00e9n te puede interesar&#8230;<\/h4>\n<ul>\n<li><a href=\"https:\/\/destinocastillayleon.es\/index\/visita-a-pedraza\/\" rel=\"noopener\" target=\"_blank\">Gu\u00eda para una visita a Pedraza<\/a>.<\/li>\n<li><a href=\"https:\/\/destinocastillayleon.es\/index\/pueblos-mas-bonitos-de-espana\/\" rel=\"noopener\" target=\"_blank\">Los Pueblos m\u00e1s bonitos de Espa\u00f1a, en Castilla y Le\u00f3n<\/a>.<\/li>\n<li><a href=\"https:\/\/destinocastillayleon.es\/index\/las-7-grandes-cuevas-visitables-en-castilla-y-leon\/\">Las 7 grandes cuevas visitables en Castilla y Le\u00f3n<\/a>.<\/li>\n<li><a href=\"https:\/\/destinocastillayleon.es\/index\/ruta-de-los-dos-rios\/\" rel=\"noopener\" target=\"_blank\">Descubre la Villa Medieval de Sep\u00falveda<\/a>.<\/li>\n<\/ul>\n","protected":false},"excerpt":{"rendered":"<p>Descubre qu\u00e9 tienes que ver y hacer en una visita a Pr\u00e1dena, en Segovia. Junto a la Sierra de Ayll\u00f3n destaca por su naturaleza y la cueva visitable de los Enerbralejos, una de las m\u00e1s interesantes de Castilla y Le\u00f3n.<\/p>\n","protected":false},"author":2,"featured_media":35627,"comment_status":"open","ping_status":"closed","sticky":false,"template":"","format":"standard","meta":{"rop_custom_images_group":[],"rop_custom_messages_group":[],"rop_publish_now":"initial","rop_publish_now_accounts":{"twitter_1150954226_1150954226":""},"rop_publish_now_history":[],"rop_publish_now_status":"pending","footnotes":""},"categories":[68,73,74,37,4738,5314,3471],"tags":[4698,5059,6011],"class_list":["post-35548","post","type-post","status-publish","format-standard","has-post-thumbnail","hentry","category-post_inicial","category-punto_singular","category-rutas_por_cyl","category-segovia","category-segovia-turismo","category-turismo-activo","category-viajar-con-ninos-rutas-2","tag-cuevas-visitables","tag-segovia","tag-sierra-de-ayllon"],"yoast_head":"<!-- This site is optimized with the Yoast SEO Premium plugin v20.4 (Yoast SEO v27.4) - https:\/\/yoast.com\/product\/yoast-seo-premium-wordpress\/ -->\n<title>Gu\u00eda por Pr\u00e1dena y la Cueva de los Enebralejos \u2013 Destino Castilla y Le\u00f3n<\/title>\n<meta name=\"description\" content=\"Descubre qu\u00e9 ver y hacer en Pr\u00e1dena, Segovia. Junto a la Sierra de Ayll\u00f3n. Importante por su naturaleza y la Cueva de los Enerbralejos.\" \/>\n<meta name=\"robots\" content=\"index, follow, max-snippet:-1, max-image-preview:large, max-video-preview:-1\" \/>\n<link rel=\"canonical\" href=\"https:\/\/destinocastillayleon.es\/index\/visita-a-pradena-y-a-la-cueva-de-los-enebralejos\/\" \/>\n<meta property=\"og:locale\" content=\"es_ES\" \/>\n<meta property=\"og:type\" content=\"article\" \/>\n<meta property=\"og:title\" content=\"Visita Pr\u00e1dena, en Segovia; un lugar muy interesante de turismo familiar - Destino Castilla y Le\u00f3n\" \/>\n<meta property=\"og:description\" content=\"Descubre qu\u00e9 tienes que ver y hacer en una visita a Pr\u00e1dena, en Segovia. Junto a la Sierra de Ayll\u00f3n destaca por su naturaleza y la cueva visitable de los Enerbralejos, una de las m\u00e1s interesantes de Castilla y Le\u00f3n.\" \/>\n<meta property=\"og:url\" content=\"https:\/\/destinocastillayleon.es\/index\/visita-a-pradena-y-a-la-cueva-de-los-enebralejos\/\" \/>\n<meta property=\"og:site_name\" content=\"Destino Castilla y Le\u00f3n\" \/>\n<meta property=\"article:publisher\" content=\"https:\/\/www.facebook.com\/DestinoCastillaYLeon\/\" \/>\n<meta property=\"article:author\" content=\"https:\/\/www.facebook.com\/profile.php?id=1158416854\" \/>\n<meta property=\"article:published_time\" content=\"2022-07-15T07:00:32+00:00\" \/>\n<meta property=\"og:image\" content=\"https:\/\/destinocastillayleon.es\/index\/wp-content\/uploads\/2022\/07\/Guia-para-visitar-Pradena-Destino-Castilla-y-Leon.jpg\" \/>\n\t<meta property=\"og:image:width\" content=\"1210\" \/>\n\t<meta property=\"og:image:height\" content=\"628\" \/>\n\t<meta property=\"og:image:type\" content=\"image\/jpeg\" \/>\n<meta name=\"author\" content=\"David V\u00e1zquez\" \/>\n<meta name=\"twitter:card\" content=\"summary_large_image\" \/>\n<meta name=\"twitter:title\" content=\"Visita Pr\u00e1dena, en Segovia; un lugar muy interesante de turismo familiar - Destino Castilla y Le\u00f3n\" \/>\n<meta name=\"twitter:description\" content=\"Descubre qu\u00e9 tienes que ver y hacer en una visita a Pr\u00e1dena, en Segovia. Junto a la Sierra de Ayll\u00f3n destaca por su naturaleza y la cueva visitable de los Enerbralejos, una de las m\u00e1s interesantes de Castilla y Le\u00f3n.\" \/>\n<meta name=\"twitter:image\" content=\"https:\/\/destinocastillayleon.es\/index\/wp-content\/uploads\/2022\/07\/Guia-para-visitar-Pradena-Destino-Castilla-y-Leon.jpg\" \/>\n<meta name=\"twitter:creator\" content=\"@https:\/\/twitter.com\/ContePantaleone\u200e\" \/>\n<meta name=\"twitter:site\" content=\"@destinocyl\" \/>\n<meta name=\"twitter:label1\" content=\"Escrito por\" \/>\n\t<meta name=\"twitter:data1\" content=\"David V\u00e1zquez\" \/>\n\t<meta name=\"twitter:label2\" content=\"Tiempo de lectura\" \/>\n\t<meta name=\"twitter:data2\" content=\"12 minutos\" \/>\n<script type=\"application\/ld+json\" class=\"yoast-schema-graph\">{\"@context\":\"https:\\\/\\\/schema.org\",\"@graph\":[{\"@type\":\"Article\",\"@id\":\"https:\\\/\\\/destinocastillayleon.es\\\/index\\\/visita-a-pradena-y-a-la-cueva-de-los-enebralejos\\\/#article\",\"isPartOf\":{\"@id\":\"https:\\\/\\\/destinocastillayleon.es\\\/index\\\/visita-a-pradena-y-a-la-cueva-de-los-enebralejos\\\/\"},\"author\":{\"name\":\"David V\u00e1zquez\",\"@id\":\"https:\\\/\\\/destinocastillayleon.es\\\/index\\\/#\\\/schema\\\/person\\\/189221bc8f6cc4fa28b18ad5c289d4c2\"},\"headline\":\"Visita a Pr\u00e1dena y a la cueva de los Enebralejos\",\"datePublished\":\"2022-07-15T07:00:32+00:00\",\"mainEntityOfPage\":{\"@id\":\"https:\\\/\\\/destinocastillayleon.es\\\/index\\\/visita-a-pradena-y-a-la-cueva-de-los-enebralejos\\\/\"},\"wordCount\":2458,\"commentCount\":0,\"image\":{\"@id\":\"https:\\\/\\\/destinocastillayleon.es\\\/index\\\/visita-a-pradena-y-a-la-cueva-de-los-enebralejos\\\/#primaryimage\"},\"thumbnailUrl\":\"https:\\\/\\\/destinocastillayleon.es\\\/index\\\/wp-content\\\/uploads\\\/2022\\\/07\\\/Guia-para-visitar-Pradena-Destino-Castilla-y-Leon.jpg\",\"keywords\":[\"cuevas visitables\",\"Segovia\",\"Sierra de Ayll\u00f3n\"],\"articleSection\":[\"Post_inicial\",\"Punto Singular\",\"Rutas por Castilla y Le\u00f3n\",\"Segovia\",\"Segovia turismo\",\"Turismo Activo\",\"Viajar con ni\u00f1os\"],\"inLanguage\":\"es\",\"potentialAction\":[{\"@type\":\"CommentAction\",\"name\":\"Comment\",\"target\":[\"https:\\\/\\\/destinocastillayleon.es\\\/index\\\/visita-a-pradena-y-a-la-cueva-de-los-enebralejos\\\/#respond\"]}]},{\"@type\":\"WebPage\",\"@id\":\"https:\\\/\\\/destinocastillayleon.es\\\/index\\\/visita-a-pradena-y-a-la-cueva-de-los-enebralejos\\\/\",\"url\":\"https:\\\/\\\/destinocastillayleon.es\\\/index\\\/visita-a-pradena-y-a-la-cueva-de-los-enebralejos\\\/\",\"name\":\"Gu\u00eda por Pr\u00e1dena y la Cueva de los Enebralejos \u2013 Destino Castilla y Le\u00f3n\",\"isPartOf\":{\"@id\":\"https:\\\/\\\/destinocastillayleon.es\\\/index\\\/#website\"},\"primaryImageOfPage\":{\"@id\":\"https:\\\/\\\/destinocastillayleon.es\\\/index\\\/visita-a-pradena-y-a-la-cueva-de-los-enebralejos\\\/#primaryimage\"},\"image\":{\"@id\":\"https:\\\/\\\/destinocastillayleon.es\\\/index\\\/visita-a-pradena-y-a-la-cueva-de-los-enebralejos\\\/#primaryimage\"},\"thumbnailUrl\":\"https:\\\/\\\/destinocastillayleon.es\\\/index\\\/wp-content\\\/uploads\\\/2022\\\/07\\\/Guia-para-visitar-Pradena-Destino-Castilla-y-Leon.jpg\",\"datePublished\":\"2022-07-15T07:00:32+00:00\",\"author\":{\"@id\":\"https:\\\/\\\/destinocastillayleon.es\\\/index\\\/#\\\/schema\\\/person\\\/189221bc8f6cc4fa28b18ad5c289d4c2\"},\"description\":\"Descubre qu\u00e9 ver y hacer en Pr\u00e1dena, Segovia. Junto a la Sierra de Ayll\u00f3n. Importante por su naturaleza y la Cueva de los Enerbralejos.\",\"breadcrumb\":{\"@id\":\"https:\\\/\\\/destinocastillayleon.es\\\/index\\\/visita-a-pradena-y-a-la-cueva-de-los-enebralejos\\\/#breadcrumb\"},\"inLanguage\":\"es\",\"potentialAction\":[{\"@type\":\"ReadAction\",\"target\":[\"https:\\\/\\\/destinocastillayleon.es\\\/index\\\/visita-a-pradena-y-a-la-cueva-de-los-enebralejos\\\/\"]}]},{\"@type\":\"ImageObject\",\"inLanguage\":\"es\",\"@id\":\"https:\\\/\\\/destinocastillayleon.es\\\/index\\\/visita-a-pradena-y-a-la-cueva-de-los-enebralejos\\\/#primaryimage\",\"url\":\"https:\\\/\\\/destinocastillayleon.es\\\/index\\\/wp-content\\\/uploads\\\/2022\\\/07\\\/Guia-para-visitar-Pradena-Destino-Castilla-y-Leon.jpg\",\"contentUrl\":\"https:\\\/\\\/destinocastillayleon.es\\\/index\\\/wp-content\\\/uploads\\\/2022\\\/07\\\/Guia-para-visitar-Pradena-Destino-Castilla-y-Leon.jpg\",\"width\":1210,\"height\":628,\"caption\":\"Gu\u00eda para visitar Pr\u00e1dena - Destino Castilla y Le\u00f3n\"},{\"@type\":\"BreadcrumbList\",\"@id\":\"https:\\\/\\\/destinocastillayleon.es\\\/index\\\/visita-a-pradena-y-a-la-cueva-de-los-enebralejos\\\/#breadcrumb\",\"itemListElement\":[{\"@type\":\"ListItem\",\"position\":1,\"name\":\"Portada\",\"item\":\"https:\\\/\\\/destinocastillayleon.es\\\/index\\\/\"},{\"@type\":\"ListItem\",\"position\":2,\"name\":\"Visita a Pr\u00e1dena y a la cueva de los Enebralejos\"}]},{\"@type\":\"WebSite\",\"@id\":\"https:\\\/\\\/destinocastillayleon.es\\\/index\\\/#website\",\"url\":\"https:\\\/\\\/destinocastillayleon.es\\\/index\\\/\",\"name\":\"Destino Castilla y Le\u00f3n\",\"description\":\"Medio digital independiente y revista de Castilla y Le\u00f3n dedicado al turismo, gastronom\u00eda y vino de Castilla y Le\u00f3n\",\"potentialAction\":[{\"@type\":\"SearchAction\",\"target\":{\"@type\":\"EntryPoint\",\"urlTemplate\":\"https:\\\/\\\/destinocastillayleon.es\\\/index\\\/?s={search_term_string}\"},\"query-input\":{\"@type\":\"PropertyValueSpecification\",\"valueRequired\":true,\"valueName\":\"search_term_string\"}}],\"inLanguage\":\"es\"},{\"@type\":\"Person\",\"@id\":\"https:\\\/\\\/destinocastillayleon.es\\\/index\\\/#\\\/schema\\\/person\\\/189221bc8f6cc4fa28b18ad5c289d4c2\",\"name\":\"David V\u00e1zquez\",\"image\":{\"@type\":\"ImageObject\",\"inLanguage\":\"es\",\"@id\":\"https:\\\/\\\/secure.gravatar.com\\\/avatar\\\/cd12db6c575a90c3b75cfa0f794b74d425201c768612fad17e9f13cd33d48be8?s=96&d=mm&r=g\",\"url\":\"https:\\\/\\\/secure.gravatar.com\\\/avatar\\\/cd12db6c575a90c3b75cfa0f794b74d425201c768612fad17e9f13cd33d48be8?s=96&d=mm&r=g\",\"contentUrl\":\"https:\\\/\\\/secure.gravatar.com\\\/avatar\\\/cd12db6c575a90c3b75cfa0f794b74d425201c768612fad17e9f13cd33d48be8?s=96&d=mm&r=g\",\"caption\":\"David V\u00e1zquez\"},\"description\":\"Ingeniero Industrial de vocaci\u00f3n y profesi\u00f3n, he encontrado en los blogs la forma de plasmar mi pasi\u00f3n por los viajes, la gastronom\u00eda y los vinos. Especialmente los procedentes de Castilla y Le\u00f3n\",\"sameAs\":[\"https:\\\/\\\/www.destinocastillayleon.es\",\"https:\\\/\\\/www.facebook.com\\\/profile.php?id=1158416854\",\"https:\\\/\\\/instagram.com\\\/conte.pantaleone\",\"https:\\\/\\\/www.linkedin.com\\\/pub\\\/david-vazquez-lozano\\\/37\\\/17a\\\/25a\",\"https:\\\/\\\/x.com\\\/https:\\\/\\\/twitter.com\\\/ContePantaleone\u200e\"],\"url\":\"https:\\\/\\\/destinocastillayleon.es\\\/index\\\/author\\\/coadministradorcyl\\\/\"}]}<\/script>\n<!-- \/ Yoast SEO Premium plugin. -->","yoast_head_json":{"title":"Gu\u00eda por Pr\u00e1dena y la Cueva de los Enebralejos \u2013 Destino Castilla y Le\u00f3n","description":"Descubre qu\u00e9 ver y hacer en Pr\u00e1dena, Segovia. Junto a la Sierra de Ayll\u00f3n. Importante por su naturaleza y la Cueva de los Enerbralejos.","robots":{"index":"index","follow":"follow","max-snippet":"max-snippet:-1","max-image-preview":"max-image-preview:large","max-video-preview":"max-video-preview:-1"},"canonical":"https:\/\/destinocastillayleon.es\/index\/visita-a-pradena-y-a-la-cueva-de-los-enebralejos\/","og_locale":"es_ES","og_type":"article","og_title":"Visita Pr\u00e1dena, en Segovia; un lugar muy interesante de turismo familiar - Destino Castilla y Le\u00f3n","og_description":"Descubre qu\u00e9 tienes que ver y hacer en una visita a Pr\u00e1dena, en Segovia. Junto a la Sierra de Ayll\u00f3n destaca por su naturaleza y la cueva visitable de los Enerbralejos, una de las m\u00e1s interesantes de Castilla y Le\u00f3n.","og_url":"https:\/\/destinocastillayleon.es\/index\/visita-a-pradena-y-a-la-cueva-de-los-enebralejos\/","og_site_name":"Destino Castilla y Le\u00f3n","article_publisher":"https:\/\/www.facebook.com\/DestinoCastillaYLeon\/","article_author":"https:\/\/www.facebook.com\/profile.php?id=1158416854","article_published_time":"2022-07-15T07:00:32+00:00","og_image":[{"width":1210,"height":628,"url":"https:\/\/destinocastillayleon.es\/index\/wp-content\/uploads\/2022\/07\/Guia-para-visitar-Pradena-Destino-Castilla-y-Leon.jpg","type":"image\/jpeg"}],"author":"David V\u00e1zquez","twitter_card":"summary_large_image","twitter_title":"Visita Pr\u00e1dena, en Segovia; un lugar muy interesante de turismo familiar - Destino Castilla y Le\u00f3n","twitter_description":"Descubre qu\u00e9 tienes que ver y hacer en una visita a Pr\u00e1dena, en Segovia. Junto a la Sierra de Ayll\u00f3n destaca por su naturaleza y la cueva visitable de los Enerbralejos, una de las m\u00e1s interesantes de Castilla y Le\u00f3n.","twitter_image":"https:\/\/destinocastillayleon.es\/index\/wp-content\/uploads\/2022\/07\/Guia-para-visitar-Pradena-Destino-Castilla-y-Leon.jpg","twitter_creator":"@https:\/\/twitter.com\/ContePantaleone\u200e","twitter_site":"@destinocyl","twitter_misc":{"Escrito por":"David V\u00e1zquez","Tiempo de lectura":"12 minutos"},"schema":{"@context":"https:\/\/schema.org","@graph":[{"@type":"Article","@id":"https:\/\/destinocastillayleon.es\/index\/visita-a-pradena-y-a-la-cueva-de-los-enebralejos\/#article","isPartOf":{"@id":"https:\/\/destinocastillayleon.es\/index\/visita-a-pradena-y-a-la-cueva-de-los-enebralejos\/"},"author":{"name":"David V\u00e1zquez","@id":"https:\/\/destinocastillayleon.es\/index\/#\/schema\/person\/189221bc8f6cc4fa28b18ad5c289d4c2"},"headline":"Visita a Pr\u00e1dena y a la cueva de los Enebralejos","datePublished":"2022-07-15T07:00:32+00:00","mainEntityOfPage":{"@id":"https:\/\/destinocastillayleon.es\/index\/visita-a-pradena-y-a-la-cueva-de-los-enebralejos\/"},"wordCount":2458,"commentCount":0,"image":{"@id":"https:\/\/destinocastillayleon.es\/index\/visita-a-pradena-y-a-la-cueva-de-los-enebralejos\/#primaryimage"},"thumbnailUrl":"https:\/\/destinocastillayleon.es\/index\/wp-content\/uploads\/2022\/07\/Guia-para-visitar-Pradena-Destino-Castilla-y-Leon.jpg","keywords":["cuevas visitables","Segovia","Sierra de Ayll\u00f3n"],"articleSection":["Post_inicial","Punto Singular","Rutas por Castilla y Le\u00f3n","Segovia","Segovia turismo","Turismo Activo","Viajar con ni\u00f1os"],"inLanguage":"es","potentialAction":[{"@type":"CommentAction","name":"Comment","target":["https:\/\/destinocastillayleon.es\/index\/visita-a-pradena-y-a-la-cueva-de-los-enebralejos\/#respond"]}]},{"@type":"WebPage","@id":"https:\/\/destinocastillayleon.es\/index\/visita-a-pradena-y-a-la-cueva-de-los-enebralejos\/","url":"https:\/\/destinocastillayleon.es\/index\/visita-a-pradena-y-a-la-cueva-de-los-enebralejos\/","name":"Gu\u00eda por Pr\u00e1dena y la Cueva de los Enebralejos \u2013 Destino Castilla y Le\u00f3n","isPartOf":{"@id":"https:\/\/destinocastillayleon.es\/index\/#website"},"primaryImageOfPage":{"@id":"https:\/\/destinocastillayleon.es\/index\/visita-a-pradena-y-a-la-cueva-de-los-enebralejos\/#primaryimage"},"image":{"@id":"https:\/\/destinocastillayleon.es\/index\/visita-a-pradena-y-a-la-cueva-de-los-enebralejos\/#primaryimage"},"thumbnailUrl":"https:\/\/destinocastillayleon.es\/index\/wp-content\/uploads\/2022\/07\/Guia-para-visitar-Pradena-Destino-Castilla-y-Leon.jpg","datePublished":"2022-07-15T07:00:32+00:00","author":{"@id":"https:\/\/destinocastillayleon.es\/index\/#\/schema\/person\/189221bc8f6cc4fa28b18ad5c289d4c2"},"description":"Descubre qu\u00e9 ver y hacer en Pr\u00e1dena, Segovia. Junto a la Sierra de Ayll\u00f3n. Importante por su naturaleza y la Cueva de los Enerbralejos.","breadcrumb":{"@id":"https:\/\/destinocastillayleon.es\/index\/visita-a-pradena-y-a-la-cueva-de-los-enebralejos\/#breadcrumb"},"inLanguage":"es","potentialAction":[{"@type":"ReadAction","target":["https:\/\/destinocastillayleon.es\/index\/visita-a-pradena-y-a-la-cueva-de-los-enebralejos\/"]}]},{"@type":"ImageObject","inLanguage":"es","@id":"https:\/\/destinocastillayleon.es\/index\/visita-a-pradena-y-a-la-cueva-de-los-enebralejos\/#primaryimage","url":"https:\/\/destinocastillayleon.es\/index\/wp-content\/uploads\/2022\/07\/Guia-para-visitar-Pradena-Destino-Castilla-y-Leon.jpg","contentUrl":"https:\/\/destinocastillayleon.es\/index\/wp-content\/uploads\/2022\/07\/Guia-para-visitar-Pradena-Destino-Castilla-y-Leon.jpg","width":1210,"height":628,"caption":"Gu\u00eda para visitar Pr\u00e1dena - Destino Castilla y Le\u00f3n"},{"@type":"BreadcrumbList","@id":"https:\/\/destinocastillayleon.es\/index\/visita-a-pradena-y-a-la-cueva-de-los-enebralejos\/#breadcrumb","itemListElement":[{"@type":"ListItem","position":1,"name":"Portada","item":"https:\/\/destinocastillayleon.es\/index\/"},{"@type":"ListItem","position":2,"name":"Visita a Pr\u00e1dena y a la cueva de los Enebralejos"}]},{"@type":"WebSite","@id":"https:\/\/destinocastillayleon.es\/index\/#website","url":"https:\/\/destinocastillayleon.es\/index\/","name":"Destino Castilla y Le\u00f3n","description":"Medio digital independiente y revista de Castilla y Le\u00f3n dedicado al turismo, gastronom\u00eda y vino de Castilla y Le\u00f3n","potentialAction":[{"@type":"SearchAction","target":{"@type":"EntryPoint","urlTemplate":"https:\/\/destinocastillayleon.es\/index\/?s={search_term_string}"},"query-input":{"@type":"PropertyValueSpecification","valueRequired":true,"valueName":"search_term_string"}}],"inLanguage":"es"},{"@type":"Person","@id":"https:\/\/destinocastillayleon.es\/index\/#\/schema\/person\/189221bc8f6cc4fa28b18ad5c289d4c2","name":"David V\u00e1zquez","image":{"@type":"ImageObject","inLanguage":"es","@id":"https:\/\/secure.gravatar.com\/avatar\/cd12db6c575a90c3b75cfa0f794b74d425201c768612fad17e9f13cd33d48be8?s=96&d=mm&r=g","url":"https:\/\/secure.gravatar.com\/avatar\/cd12db6c575a90c3b75cfa0f794b74d425201c768612fad17e9f13cd33d48be8?s=96&d=mm&r=g","contentUrl":"https:\/\/secure.gravatar.com\/avatar\/cd12db6c575a90c3b75cfa0f794b74d425201c768612fad17e9f13cd33d48be8?s=96&d=mm&r=g","caption":"David V\u00e1zquez"},"description":"Ingeniero Industrial de vocaci\u00f3n y profesi\u00f3n, he encontrado en los blogs la forma de plasmar mi pasi\u00f3n por los viajes, la gastronom\u00eda y los vinos. Especialmente los procedentes de Castilla y Le\u00f3n","sameAs":["https:\/\/www.destinocastillayleon.es","https:\/\/www.facebook.com\/profile.php?id=1158416854","https:\/\/instagram.com\/conte.pantaleone","https:\/\/www.linkedin.com\/pub\/david-vazquez-lozano\/37\/17a\/25a","https:\/\/x.com\/https:\/\/twitter.com\/ContePantaleone\u200e"],"url":"https:\/\/destinocastillayleon.es\/index\/author\/coadministradorcyl\/"}]}},"_links":{"self":[{"href":"https:\/\/destinocastillayleon.es\/index\/wp-json\/wp\/v2\/posts\/35548","targetHints":{"allow":["GET"]}}],"collection":[{"href":"https:\/\/destinocastillayleon.es\/index\/wp-json\/wp\/v2\/posts"}],"about":[{"href":"https:\/\/destinocastillayleon.es\/index\/wp-json\/wp\/v2\/types\/post"}],"author":[{"embeddable":true,"href":"https:\/\/destinocastillayleon.es\/index\/wp-json\/wp\/v2\/users\/2"}],"replies":[{"embeddable":true,"href":"https:\/\/destinocastillayleon.es\/index\/wp-json\/wp\/v2\/comments?post=35548"}],"version-history":[{"count":20,"href":"https:\/\/destinocastillayleon.es\/index\/wp-json\/wp\/v2\/posts\/35548\/revisions"}],"predecessor-version":[{"id":35631,"href":"https:\/\/destinocastillayleon.es\/index\/wp-json\/wp\/v2\/posts\/35548\/revisions\/35631"}],"wp:featuredmedia":[{"embeddable":true,"href":"https:\/\/destinocastillayleon.es\/index\/wp-json\/wp\/v2\/media\/35627"}],"wp:attachment":[{"href":"https:\/\/destinocastillayleon.es\/index\/wp-json\/wp\/v2\/media?parent=35548"}],"wp:term":[{"taxonomy":"category","embeddable":true,"href":"https:\/\/destinocastillayleon.es\/index\/wp-json\/wp\/v2\/categories?post=35548"},{"taxonomy":"post_tag","embeddable":true,"href":"https:\/\/destinocastillayleon.es\/index\/wp-json\/wp\/v2\/tags?post=35548"}],"curies":[{"name":"wp","href":"https:\/\/api.w.org\/{rel}","templated":true}]}}