{"id":35540,"date":"2022-07-05T13:14:42","date_gmt":"2022-07-05T11:14:42","guid":{"rendered":"https:\/\/destinocastillayleon.es\/index\/?p=35540"},"modified":"2022-07-05T13:14:42","modified_gmt":"2022-07-05T11:14:42","slug":"enopaseos-en-rueda-en-el-verano-2022","status":"publish","type":"post","link":"https:\/\/destinocastillayleon.es\/index\/enopaseos-en-rueda-en-el-verano-2022\/","title":{"rendered":"Enopaseos en Rueda en el verano 2022"},"content":{"rendered":"<p>Una vez que el Covid nos empieza a dejar una vida m\u00e1s pr\u00f3xima a la normalidad, <strong>se restablecen actividades que se hab\u00edan dejado varias ediciones sin realizar.<\/strong> As\u00ed, desde el Ayuntamiento de Rueda <strong>se retoman los EnoPaseos en Rueda en el 2022.<\/strong> Una forma de enoturismo que une Naturaleza y Vino y que es apta para incluso para aquellos a los que no les gusta el vino.<\/p>\n<p>Tras varias ediciones y en vista de la buena acogida de <strong>los denominados EnoPaseos a diferentes bodegas del municipio de Rueda,<\/strong> desde el Ayuntamiento de Rueda regresa con esta apuesta por una actividad que combinan rutas sencillas de senderismo, con visitas y degustaciones de vinos en una bodega.<\/p>\n<h3><strong>\u00cdndice de contenido<\/strong><\/h3>\n<p>Para que esta publicaci\u00f3n sea m\u00e1s pr\u00e1ctica, <strong>hemos creado este \u00edndice de contenidos sobre los enopaseos en Rueda en el verano 2022<\/strong>. Tocando en cada apartado, puedes ir directamente a ese contenido.<\/p>\n<ul>\n<li><a href=\"#Enopaseos\">Enopaseos en Rueda en el verano 2022<\/a>.<\/li>\n<li><a href=\"#Llegar\">\u00bfC\u00f3mo llegar?<\/a><\/li>\n<li><a href=\"#Comer\">\u00bfD\u00f3nde comer?<\/a><\/li>\n<li><a href=\"#Dormir\">\u00bfD\u00f3nde alojarte en la zona?<\/a><\/li>\n<li><a href=\"#Planes\">Otros planes en el entorno<\/a>.<\/li>\n<\/ul>\n<p>Esperamos que, <strong>os sea de utilidad e inspiraci\u00f3n<\/strong><a name=\"Enopaseos\"><\/a>.<\/p>\n<h2><strong>Enopaseos en Rueda en el verano 2022<\/strong><\/h2>\n<p><strong>El pr\u00f3ximo s\u00e1bado 9 de julio<\/strong> est\u00e1 previsto un nuevo enopaseos en Rueda en el verano 2022. El destino en esta ocasi\u00f3n ser\u00e1 hasta la Bodega Finca Montepedroso. Es una ruta de baja dificultad y tendr\u00e1 <strong>un recorrido total de aproximadamente 4,4 km. la salida tendr\u00e1 lugar a las 10:00 horas<\/strong> desde la Oficina de Turismo de la Villa.<\/p>\n<figure id=\"attachment_35541\" aria-describedby=\"caption-attachment-35541\" style=\"width: 640px\" class=\"wp-caption aligncenter\"><img decoding=\"async\" src=\"https:\/\/destinocastillayleon.es\/index\/wp-content\/uploads\/2022\/07\/Enopaseos-en-Rueda-en-el-verano-2022-a-Finca-Montepedroso.jpg\" alt=\"Enopaseos en Rueda en el verano 2022 a Finca Montepedroso\" width=\"640\" height=\"454\" class=\"size-full wp-image-35541\" srcset=\"https:\/\/destinocastillayleon.es\/index\/wp-content\/uploads\/2022\/07\/Enopaseos-en-Rueda-en-el-verano-2022-a-Finca-Montepedroso.jpg 640w, https:\/\/destinocastillayleon.es\/index\/wp-content\/uploads\/2022\/07\/Enopaseos-en-Rueda-en-el-verano-2022-a-Finca-Montepedroso-300x213.jpg 300w\" sizes=\"(max-width: 640px) 100vw, 640px\" \/><figcaption id=\"caption-attachment-35541\" class=\"wp-caption-text\">Enopaseos en Rueda en el verano 2022 a Finca Montepedroso<\/figcaption><\/figure>\n<blockquote><p>Este itinerario permite contemplar una parte del importante Patrimonio Hist\u00f3rico y Cultural de Rueda y disfrutar de un agradable paseo matutino entre vi\u00f1edos.<\/p><\/blockquote>\n<h3><strong>Visita a la bodega de Finca Montepedroso<\/strong><\/h3>\n<p>Ya en la Bodega, <strong>los asistentes podr\u00e1n conocer de primera mano la filosof\u00eda de trabajo de <a href=\"https:\/\/www.fincamontepedroso.com\/\" rel=\"noopener\" target=\"_blank\">Finca Montepedroso<\/a><\/strong>, realizar una visita guiada al vi\u00f1edo y las instalaciones de la bodega, para finalizar con <strong>una cata comentada de tres vinos<\/strong>, acompa\u00f1ada de tapeo con productos de la gastronom\u00eda de la zona.<\/p>\n<h4><strong>Coste de la actividad<\/strong><\/h4>\n<p>Participar en estos enopaseos en Rueda en el verano 2022 tiene <strong>un precio especial de 10 \u20ac<\/strong>. <\/p>\n<blockquote><p>Copa en mano se podr\u00e1 disfrutar de unas fant\u00e1sticas vistas de la Villa y los alrededores.<\/p><\/blockquote>\n<h4><strong>Reservas<\/strong><\/h4>\n<p>Las plazas son limitadas por lo que <strong>es imprescindible la reserva previa.<\/strong> Esta puede hacerse a trav\u00e9s del tel\u00e9fono +34 657 72 77 38 o mediante correo electr\u00f3nico a <a href=\"mailto:turismo@rueda.gob.es\">turismo@rueda.gob.es<\/a>.<\/p>\n<figure id=\"attachment_25984\" aria-describedby=\"caption-attachment-25984\" style=\"width: 533px\" class=\"wp-caption aligncenter\"><img decoding=\"async\" src=\"https:\/\/destinocastillayleon.es\/index\/wp-content\/uploads\/2017\/08\/07878d66ca735c732a26ab3339ae05d4.jpg\" alt=\"Iglesia de Santa Mar\u00eda de la Asunci\u00f3n de Rueda - Destino Castilla y Le\u00f3n\" width=\"533\" height=\"400\" class=\"size-full wp-image-25984\" srcset=\"https:\/\/destinocastillayleon.es\/index\/wp-content\/uploads\/2017\/08\/07878d66ca735c732a26ab3339ae05d4.jpg 533w, https:\/\/destinocastillayleon.es\/index\/wp-content\/uploads\/2017\/08\/07878d66ca735c732a26ab3339ae05d4-300x225.jpg 300w\" sizes=\"(max-width: 533px) 100vw, 533px\" \/><figcaption id=\"caption-attachment-25984\" class=\"wp-caption-text\">Iglesia de Santa Mar\u00eda de la Asunci\u00f3n de Rueda &#8211; Destino Castilla y Le\u00f3n<\/figcaption><\/figure>\n<p>La fecha l\u00edmite para inscribirse es <strong>el pr\u00f3ximo viernes 8 de julio de 2022<\/strong>.<\/p>\n<h3><strong>La excusa perfecta para visitar Rueda<\/strong><\/h3>\n<p>Y si esto no te parece mucho, una vez en Rueda puedes disfrutar de <a href=\"https:\/\/destinocastillayleon.es\/index\/enoturismo-en-rueda\/\">una escapada a la propia villa de Rueda<\/a>, en Valladolid, un lugar perfecto para hacer enoturismo, o a su entorno, con la Ruta del Vino de Rueda.<\/p>\n<p><a name=\"Llegar\"><\/a><\/p>\n<h2><strong>Informaci\u00f3n general<\/strong><\/h2>\n<h3><strong>C\u00f3mo llegar<\/strong><\/h3>\n<p><strong><a href=\"https:\/\/goo.gl\/maps\/fhs1eYNWnA72\" rel=\"DoFollow noopener\" target=\"_Blank\">Rueda<\/a> est\u00e1 muy bien comunicado<\/strong>, ya que <strong>se encuentra junto a la autopista A6<\/strong>, que une Madrid con La Coru\u00f1a, en el Kil\u00f3metro 171.<a name=\"Dormir\"><\/a><\/p>\n<h3><strong>D\u00f3nde alojarte<\/strong><\/h3>\n<p>Como te contamos en nuestra publicaci\u00f3n sobre <a href=\"https:\/\/destinocastillayleon.es\/index\/enoturismo-en-rueda\/\">turismo en Rueda<\/a>, si quer\u00e9is disfrutar de <strong>hacer noche en Rueda, te sugerimos <a href=\"https:\/\/www.booking.com\/hotel\/es\/la-casona-de-tia-victoria.es.html?aid=1281624;sid=55a1b5560d0bd9ffc62bed95494b9cb6;age=12;atlas_src=sr_iw_title;dist=0;group_adults=2;group_children=1;no_rooms=1;room1=A%2CA%2C12;sb_price_type=total;type=total;ucfs=1&#038;\" rel=\"DoFollow noopener\" target=\"_Blank\">el hotel La Casona De T\u00eda Victoria<\/a><\/strong>.<\/p>\n<p><figure id=\"attachment_30276\" aria-describedby=\"caption-attachment-30276\" style=\"width: 580px\" class=\"wp-caption aligncenter\"><img decoding=\"async\" src=\"https:\/\/destinocastillayleon.es\/index\/wp-content\/uploads\/2017\/06\/Hotel-La-Casona-De-Tia-Victoria-en-Rueda.jpg\" alt=\"Hotel La Casona De T\u00eda Victoria, en Rueda\" width=\"580\" height=\"363\" class=\"size-full wp-image-30276\" srcset=\"https:\/\/destinocastillayleon.es\/index\/wp-content\/uploads\/2017\/06\/Hotel-La-Casona-De-Tia-Victoria-en-Rueda.jpg 580w, https:\/\/destinocastillayleon.es\/index\/wp-content\/uploads\/2017\/06\/Hotel-La-Casona-De-Tia-Victoria-en-Rueda-300x188.jpg 300w\" sizes=\"(max-width: 580px) 100vw, 580px\" \/><figcaption id=\"caption-attachment-30276\" class=\"wp-caption-text\">Hotel La Casona De T\u00eda Victoria, en Rueda<\/figcaption><\/figure><a name=\"Comer\"><\/a><\/p>\n<h3><strong>D\u00f3nde comer<\/strong><\/h3>\n<p>Ya os hemos comentado que <strong>en Rueda han preparado en sus restaurantes varias opciones de tapeo<\/strong>. Aunque si vamos a sugerir <strong>la Posada el Foro<\/strong>.<a name=\"Planes\"><\/a><\/p>\n<h3><strong>Otros planes alternativos en la zona<\/strong><\/h3>\n<p>Y ya que est\u00e1is en la zona, pod\u00e9is desplazaros a cualquiera de los pueblos pr\u00f3ximos donde disfrutar tambi\u00e9n de otros planes relacionados. A poqu\u00edsima distancia est\u00e1 <strong>Medina del Campo<\/strong>, con su magn\u00edfico <a href=\"https:\/\/destinocastillayleon.es\/index\/visitar-el-castillo-de-la-mota\/\">Castillo de la Mota<\/a>; O bien <a href=\"https:\/\/destinocastillayleon.es\/index\/visita-olmedo-la-ciudad-del-caballero\/\"><strong>Olmedo<\/strong><\/a>, con su variad\u00edsima oferta tur\u00edstica; <a href=\"https:\/\/destinocastillayleon.es\/index\/que-ver-en-serrada\/\"><strong>Serrada<\/strong><\/a>, <a href=\"https:\/\/destinocastillayleon.es\/index\/la-era-de-las-aves\/\"><strong>Alaejos<\/strong><\/a>, o al original <a href=\"https:\/\/destinocastillayleon.es\/index\/la-era-de-las-aves\/\">Zoo de las Aves<\/a>, en <strong>Fresno el Viejo<\/strong>.<\/p>\n<figure id=\"attachment_29763\" aria-describedby=\"caption-attachment-29763\" style=\"width: 580px\" class=\"wp-caption aligncenter\"><img decoding=\"async\" src=\"https:\/\/destinocastillayleon.es\/index\/wp-content\/uploads\/2017\/06\/7be5cd8335ca9f9c6d1fc43e4b3fa270.jpg\" alt=\"Parajes de la DO. Rueda - Destino Castilla y Le\u00f3n\" width=\"580\" class=\"size-full wp-image-29763\" srcset=\"https:\/\/destinocastillayleon.es\/index\/wp-content\/uploads\/2017\/06\/7be5cd8335ca9f9c6d1fc43e4b3fa270.jpg 640w, https:\/\/destinocastillayleon.es\/index\/wp-content\/uploads\/2017\/06\/7be5cd8335ca9f9c6d1fc43e4b3fa270-300x188.jpg 300w\" sizes=\"(max-width: 640px) 100vw, 640px\" \/><figcaption id=\"caption-attachment-29763\" class=\"wp-caption-text\">Lugares y actividades pr\u00f3ximas para hacer desde Rueda &#8211; Destino Castilla y Le\u00f3n<\/figcaption><\/figure>\n<p>Y sali\u00e9ndote un poco de Valladolid, ya en \u00c1vila, se encuentra <a href=\"https:\/\/destinocastillayleon.es\/index\/viaje-a-madrigal-de-las-altas-torres\/\"><strong>Madrigal de las Altas Torres<\/strong><\/a>, donde puedes conocer la villa donde naci\u00f3 Isabel la Cat\u00f3lica en \u00c1vila, o hacia la zona de Segovia, <a href=\"https:\/\/destinocastillayleon.es\/index\/10-razones-para-visitar-arevalo-la-morana\/\"><strong>Ar\u00e9valo<\/strong><\/a> o la comarca de Tierra de Pinares, con <a href=\"https:\/\/destinocastillayleon.es\/index\/tierra-de-pinares\/\" rel=\"noopener\" target=\"_blank\">Coca<\/a>; aunque igual ya queda algo a desmano.<\/p>\n<figure id=\"attachment_29999\" aria-describedby=\"caption-attachment-29999\" style=\"width: 580px\" class=\"wp-caption aligncenter\"><img decoding=\"async\" src=\"https:\/\/destinocastillayleon.es\/index\/wp-content\/uploads\/2019\/03\/03786917842e5e449398f9f00a494c82.jpg\" alt=\"Castillo de la Mota desde el Centro de Recepci\u00f3n de visitantes - Destino Castilla y Le\u00f3n\" width=\"580\" class=\"size-full wp-image-29999\" srcset=\"https:\/\/destinocastillayleon.es\/index\/wp-content\/uploads\/2019\/03\/03786917842e5e449398f9f00a494c82.jpg 640w, https:\/\/destinocastillayleon.es\/index\/wp-content\/uploads\/2019\/03\/03786917842e5e449398f9f00a494c82-300x176.jpg 300w\" sizes=\"(max-width: 640px) 100vw, 640px\" \/><figcaption id=\"caption-attachment-29999\" class=\"wp-caption-text\">Castillo de la Mota desde el Centro de Recepci\u00f3n de visitantes &#8211; Destino Castilla y Le\u00f3n<\/figcaption><\/figure>\n<p><font size=\"2\"><strong>Nota<\/strong>: Imagen de portada cortes\u00eda de <a href=\"https:\/\/www.fincamontepedroso.com\/entorno\/\" rel=\"noopener\" target=\"_blank\">Finca Montepedroso<\/a><\/font><\/p>\n<h4>Tambi\u00e9n te puede interesar<\/h4>\n<ul>\n<li><a href=\"https:\/\/destinocastillayleon.es\/index\/enoturismo-en-rueda\/\">Gu\u00eda para pasar un d\u00eda completo de enoturismo en Rueda<\/a>.<\/li>\n<li><a href=\"https:\/\/destinocastillayleon.es\/index\/guia-para-visitar-tordesillas\/\">Gu\u00eda para visitar Tordesillas<\/a>.<\/li>\n<li><a href=\"https:\/\/destinocastillayleon.es\/index\/visitar-el-castillo-de-la-mota\/\">Visitar el Castillo de la Mota, el icono de Medina del Campo<\/a>.<\/li>\n<\/ul>\n","protected":false},"excerpt":{"rendered":"<p>Este pr\u00f3ximo s\u00e1bado 9 de julio tienes la oportunidad de disfrutar de nuevo de los Enopaseos en Rueda. Conoce la actividad.<\/p>\n","protected":false},"author":2,"featured_media":35543,"comment_status":"open","ping_status":"closed","sticky":false,"template":"","format":"standard","meta":{"rop_custom_images_group":[],"rop_custom_messages_group":[],"rop_publish_now":"initial","rop_publish_now_accounts":{"twitter_1150954226_1150954226":""},"rop_publish_now_history":[],"rop_publish_now_status":"pending","footnotes":""},"categories":[77,1343,48,5511,68,26,4800],"tags":[93,1260,223],"class_list":["post-35540","post","type-post","status-publish","format-standard","has-post-thumbnail","hentry","category-actualidad-y-agenda-de-castilla-y-leon","category-agenda","category-enoturismo","category-no-rescatar-en-rrss","category-post_inicial","category-valladolid","category-valladolid-actualidad","tag-enoturismo-2","tag-ruta-del-vino-de-rueda","tag-senderismo"],"yoast_head":"<!-- This site is optimized with the Yoast SEO Premium plugin v20.4 (Yoast SEO v27.4) - https:\/\/yoast.com\/product\/yoast-seo-premium-wordpress\/ -->\n<title>Enopaseos en Rueda en el verano 2022 \u2013 Destino Castilla y Le\u00f3n<\/title>\n<meta name=\"description\" content=\"Este pr\u00f3ximo s\u00e1bado 9 de julio tienes la oportunidad de disfrutar de nuevo de los Enopaseos en Rueda. Conoce la actividad.\" \/>\n<meta name=\"robots\" content=\"index, follow, max-snippet:-1, max-image-preview:large, max-video-preview:-1\" \/>\n<link rel=\"canonical\" href=\"https:\/\/destinocastillayleon.es\/index\/enopaseos-en-rueda-en-el-verano-2022\/\" \/>\n<meta property=\"og:locale\" content=\"es_ES\" \/>\n<meta property=\"og:type\" content=\"article\" \/>\n<meta property=\"og:title\" content=\"Enopaseos en Rueda en el verano 2022 \u2013 Destino Castilla y Le\u00f3n\" \/>\n<meta property=\"og:description\" content=\"Este pr\u00f3ximo s\u00e1bado 9 de julio tienes la oportunidad de disfrutar de nuevo de los Enopaseos en Rueda. Conoce la actividad.\" \/>\n<meta property=\"og:url\" content=\"https:\/\/destinocastillayleon.es\/index\/enopaseos-en-rueda-en-el-verano-2022\/\" \/>\n<meta property=\"og:site_name\" content=\"Destino Castilla y Le\u00f3n\" \/>\n<meta property=\"article:publisher\" content=\"https:\/\/www.facebook.com\/DestinoCastillaYLeon\/\" \/>\n<meta property=\"article:author\" content=\"https:\/\/www.facebook.com\/profile.php?id=1158416854\" \/>\n<meta property=\"article:published_time\" content=\"2022-07-05T11:14:42+00:00\" \/>\n<meta property=\"og:image\" content=\"https:\/\/destinocastillayleon.es\/index\/wp-content\/uploads\/2022\/07\/Enopaseos-en-Rueda-a-Finca-Montepedroso.jpg\" \/>\n\t<meta property=\"og:image:width\" content=\"1210\" \/>\n\t<meta property=\"og:image:height\" content=\"509\" \/>\n\t<meta property=\"og:image:type\" content=\"image\/jpeg\" \/>\n<meta name=\"author\" content=\"David V\u00e1zquez\" \/>\n<meta name=\"twitter:card\" content=\"summary_large_image\" \/>\n<meta name=\"twitter:title\" content=\"Enopaseos en Rueda en el verano 2022 \u2013 Destino Castilla y Le\u00f3n\" \/>\n<meta name=\"twitter:description\" content=\"Este pr\u00f3ximo s\u00e1bado 9 de julio tienes la oportunidad de disfrutar de nuevo de los Enopaseos en Rueda. Conoce la actividad.\" \/>\n<meta name=\"twitter:image\" content=\"https:\/\/destinocastillayleon.es\/index\/wp-content\/uploads\/2022\/07\/Enopaseos-en-Rueda-a-Finca-Montepedroso.jpg\" \/>\n<meta name=\"twitter:creator\" content=\"@https:\/\/twitter.com\/ContePantaleone\u200e\" \/>\n<meta name=\"twitter:site\" content=\"@destinocyl\" \/>\n<meta name=\"twitter:label1\" content=\"Escrito por\" \/>\n\t<meta name=\"twitter:data1\" content=\"David V\u00e1zquez\" \/>\n\t<meta name=\"twitter:label2\" content=\"Tiempo de lectura\" \/>\n\t<meta name=\"twitter:data2\" content=\"4 minutos\" \/>\n<script type=\"application\/ld+json\" class=\"yoast-schema-graph\">{\"@context\":\"https:\\\/\\\/schema.org\",\"@graph\":[{\"@type\":\"Article\",\"@id\":\"https:\\\/\\\/destinocastillayleon.es\\\/index\\\/enopaseos-en-rueda-en-el-verano-2022\\\/#article\",\"isPartOf\":{\"@id\":\"https:\\\/\\\/destinocastillayleon.es\\\/index\\\/enopaseos-en-rueda-en-el-verano-2022\\\/\"},\"author\":{\"name\":\"David V\u00e1zquez\",\"@id\":\"https:\\\/\\\/destinocastillayleon.es\\\/index\\\/#\\\/schema\\\/person\\\/189221bc8f6cc4fa28b18ad5c289d4c2\"},\"headline\":\"Enopaseos en Rueda en el verano 2022\",\"datePublished\":\"2022-07-05T11:14:42+00:00\",\"mainEntityOfPage\":{\"@id\":\"https:\\\/\\\/destinocastillayleon.es\\\/index\\\/enopaseos-en-rueda-en-el-verano-2022\\\/\"},\"wordCount\":834,\"commentCount\":0,\"image\":{\"@id\":\"https:\\\/\\\/destinocastillayleon.es\\\/index\\\/enopaseos-en-rueda-en-el-verano-2022\\\/#primaryimage\"},\"thumbnailUrl\":\"https:\\\/\\\/destinocastillayleon.es\\\/index\\\/wp-content\\\/uploads\\\/2022\\\/07\\\/Enopaseos-en-Rueda-a-Finca-Montepedroso.jpg\",\"keywords\":[\"enoturismo\",\"ruta del vino de Rueda\",\"senderismo\"],\"articleSection\":[\"Actualidad\",\"Agenda\",\"enoturismo\",\"No rescatar en RRSS\",\"Post_inicial\",\"Valladolid\",\"Valladolid Actualidad\"],\"inLanguage\":\"es\",\"potentialAction\":[{\"@type\":\"CommentAction\",\"name\":\"Comment\",\"target\":[\"https:\\\/\\\/destinocastillayleon.es\\\/index\\\/enopaseos-en-rueda-en-el-verano-2022\\\/#respond\"]}]},{\"@type\":\"WebPage\",\"@id\":\"https:\\\/\\\/destinocastillayleon.es\\\/index\\\/enopaseos-en-rueda-en-el-verano-2022\\\/\",\"url\":\"https:\\\/\\\/destinocastillayleon.es\\\/index\\\/enopaseos-en-rueda-en-el-verano-2022\\\/\",\"name\":\"Enopaseos en Rueda en el verano 2022 \u2013 Destino Castilla y Le\u00f3n\",\"isPartOf\":{\"@id\":\"https:\\\/\\\/destinocastillayleon.es\\\/index\\\/#website\"},\"primaryImageOfPage\":{\"@id\":\"https:\\\/\\\/destinocastillayleon.es\\\/index\\\/enopaseos-en-rueda-en-el-verano-2022\\\/#primaryimage\"},\"image\":{\"@id\":\"https:\\\/\\\/destinocastillayleon.es\\\/index\\\/enopaseos-en-rueda-en-el-verano-2022\\\/#primaryimage\"},\"thumbnailUrl\":\"https:\\\/\\\/destinocastillayleon.es\\\/index\\\/wp-content\\\/uploads\\\/2022\\\/07\\\/Enopaseos-en-Rueda-a-Finca-Montepedroso.jpg\",\"datePublished\":\"2022-07-05T11:14:42+00:00\",\"author\":{\"@id\":\"https:\\\/\\\/destinocastillayleon.es\\\/index\\\/#\\\/schema\\\/person\\\/189221bc8f6cc4fa28b18ad5c289d4c2\"},\"description\":\"Este pr\u00f3ximo s\u00e1bado 9 de julio tienes la oportunidad de disfrutar de nuevo de los Enopaseos en Rueda. Conoce la actividad.\",\"breadcrumb\":{\"@id\":\"https:\\\/\\\/destinocastillayleon.es\\\/index\\\/enopaseos-en-rueda-en-el-verano-2022\\\/#breadcrumb\"},\"inLanguage\":\"es\",\"potentialAction\":[{\"@type\":\"ReadAction\",\"target\":[\"https:\\\/\\\/destinocastillayleon.es\\\/index\\\/enopaseos-en-rueda-en-el-verano-2022\\\/\"]}]},{\"@type\":\"ImageObject\",\"inLanguage\":\"es\",\"@id\":\"https:\\\/\\\/destinocastillayleon.es\\\/index\\\/enopaseos-en-rueda-en-el-verano-2022\\\/#primaryimage\",\"url\":\"https:\\\/\\\/destinocastillayleon.es\\\/index\\\/wp-content\\\/uploads\\\/2022\\\/07\\\/Enopaseos-en-Rueda-a-Finca-Montepedroso.jpg\",\"contentUrl\":\"https:\\\/\\\/destinocastillayleon.es\\\/index\\\/wp-content\\\/uploads\\\/2022\\\/07\\\/Enopaseos-en-Rueda-a-Finca-Montepedroso.jpg\",\"width\":1210,\"height\":509,\"caption\":\"Enopaseos en Rueda a Finca Montepedroso\"},{\"@type\":\"BreadcrumbList\",\"@id\":\"https:\\\/\\\/destinocastillayleon.es\\\/index\\\/enopaseos-en-rueda-en-el-verano-2022\\\/#breadcrumb\",\"itemListElement\":[{\"@type\":\"ListItem\",\"position\":1,\"name\":\"Portada\",\"item\":\"https:\\\/\\\/destinocastillayleon.es\\\/index\\\/\"},{\"@type\":\"ListItem\",\"position\":2,\"name\":\"Enopaseos en Rueda en el verano 2022\"}]},{\"@type\":\"WebSite\",\"@id\":\"https:\\\/\\\/destinocastillayleon.es\\\/index\\\/#website\",\"url\":\"https:\\\/\\\/destinocastillayleon.es\\\/index\\\/\",\"name\":\"Destino Castilla y Le\u00f3n\",\"description\":\"Medio digital independiente y revista de Castilla y Le\u00f3n dedicado al turismo, gastronom\u00eda y vino de Castilla y Le\u00f3n\",\"potentialAction\":[{\"@type\":\"SearchAction\",\"target\":{\"@type\":\"EntryPoint\",\"urlTemplate\":\"https:\\\/\\\/destinocastillayleon.es\\\/index\\\/?s={search_term_string}\"},\"query-input\":{\"@type\":\"PropertyValueSpecification\",\"valueRequired\":true,\"valueName\":\"search_term_string\"}}],\"inLanguage\":\"es\"},{\"@type\":\"Person\",\"@id\":\"https:\\\/\\\/destinocastillayleon.es\\\/index\\\/#\\\/schema\\\/person\\\/189221bc8f6cc4fa28b18ad5c289d4c2\",\"name\":\"David V\u00e1zquez\",\"image\":{\"@type\":\"ImageObject\",\"inLanguage\":\"es\",\"@id\":\"https:\\\/\\\/secure.gravatar.com\\\/avatar\\\/cd12db6c575a90c3b75cfa0f794b74d425201c768612fad17e9f13cd33d48be8?s=96&d=mm&r=g\",\"url\":\"https:\\\/\\\/secure.gravatar.com\\\/avatar\\\/cd12db6c575a90c3b75cfa0f794b74d425201c768612fad17e9f13cd33d48be8?s=96&d=mm&r=g\",\"contentUrl\":\"https:\\\/\\\/secure.gravatar.com\\\/avatar\\\/cd12db6c575a90c3b75cfa0f794b74d425201c768612fad17e9f13cd33d48be8?s=96&d=mm&r=g\",\"caption\":\"David V\u00e1zquez\"},\"description\":\"Ingeniero Industrial de vocaci\u00f3n y profesi\u00f3n, he encontrado en los blogs la forma de plasmar mi pasi\u00f3n por los viajes, la gastronom\u00eda y los vinos. Especialmente los procedentes de Castilla y Le\u00f3n\",\"sameAs\":[\"https:\\\/\\\/www.destinocastillayleon.es\",\"https:\\\/\\\/www.facebook.com\\\/profile.php?id=1158416854\",\"https:\\\/\\\/instagram.com\\\/conte.pantaleone\",\"https:\\\/\\\/www.linkedin.com\\\/pub\\\/david-vazquez-lozano\\\/37\\\/17a\\\/25a\",\"https:\\\/\\\/x.com\\\/https:\\\/\\\/twitter.com\\\/ContePantaleone\u200e\"],\"url\":\"https:\\\/\\\/destinocastillayleon.es\\\/index\\\/author\\\/coadministradorcyl\\\/\"}]}<\/script>\n<!-- \/ Yoast SEO Premium plugin. -->","yoast_head_json":{"title":"Enopaseos en Rueda en el verano 2022 \u2013 Destino Castilla y Le\u00f3n","description":"Este pr\u00f3ximo s\u00e1bado 9 de julio tienes la oportunidad de disfrutar de nuevo de los Enopaseos en Rueda. Conoce la actividad.","robots":{"index":"index","follow":"follow","max-snippet":"max-snippet:-1","max-image-preview":"max-image-preview:large","max-video-preview":"max-video-preview:-1"},"canonical":"https:\/\/destinocastillayleon.es\/index\/enopaseos-en-rueda-en-el-verano-2022\/","og_locale":"es_ES","og_type":"article","og_title":"Enopaseos en Rueda en el verano 2022 \u2013 Destino Castilla y Le\u00f3n","og_description":"Este pr\u00f3ximo s\u00e1bado 9 de julio tienes la oportunidad de disfrutar de nuevo de los Enopaseos en Rueda. Conoce la actividad.","og_url":"https:\/\/destinocastillayleon.es\/index\/enopaseos-en-rueda-en-el-verano-2022\/","og_site_name":"Destino Castilla y Le\u00f3n","article_publisher":"https:\/\/www.facebook.com\/DestinoCastillaYLeon\/","article_author":"https:\/\/www.facebook.com\/profile.php?id=1158416854","article_published_time":"2022-07-05T11:14:42+00:00","og_image":[{"width":1210,"height":509,"url":"https:\/\/destinocastillayleon.es\/index\/wp-content\/uploads\/2022\/07\/Enopaseos-en-Rueda-a-Finca-Montepedroso.jpg","type":"image\/jpeg"}],"author":"David V\u00e1zquez","twitter_card":"summary_large_image","twitter_title":"Enopaseos en Rueda en el verano 2022 \u2013 Destino Castilla y Le\u00f3n","twitter_description":"Este pr\u00f3ximo s\u00e1bado 9 de julio tienes la oportunidad de disfrutar de nuevo de los Enopaseos en Rueda. Conoce la actividad.","twitter_image":"https:\/\/destinocastillayleon.es\/index\/wp-content\/uploads\/2022\/07\/Enopaseos-en-Rueda-a-Finca-Montepedroso.jpg","twitter_creator":"@https:\/\/twitter.com\/ContePantaleone\u200e","twitter_site":"@destinocyl","twitter_misc":{"Escrito por":"David V\u00e1zquez","Tiempo de lectura":"4 minutos"},"schema":{"@context":"https:\/\/schema.org","@graph":[{"@type":"Article","@id":"https:\/\/destinocastillayleon.es\/index\/enopaseos-en-rueda-en-el-verano-2022\/#article","isPartOf":{"@id":"https:\/\/destinocastillayleon.es\/index\/enopaseos-en-rueda-en-el-verano-2022\/"},"author":{"name":"David V\u00e1zquez","@id":"https:\/\/destinocastillayleon.es\/index\/#\/schema\/person\/189221bc8f6cc4fa28b18ad5c289d4c2"},"headline":"Enopaseos en Rueda en el verano 2022","datePublished":"2022-07-05T11:14:42+00:00","mainEntityOfPage":{"@id":"https:\/\/destinocastillayleon.es\/index\/enopaseos-en-rueda-en-el-verano-2022\/"},"wordCount":834,"commentCount":0,"image":{"@id":"https:\/\/destinocastillayleon.es\/index\/enopaseos-en-rueda-en-el-verano-2022\/#primaryimage"},"thumbnailUrl":"https:\/\/destinocastillayleon.es\/index\/wp-content\/uploads\/2022\/07\/Enopaseos-en-Rueda-a-Finca-Montepedroso.jpg","keywords":["enoturismo","ruta del vino de Rueda","senderismo"],"articleSection":["Actualidad","Agenda","enoturismo","No rescatar en RRSS","Post_inicial","Valladolid","Valladolid Actualidad"],"inLanguage":"es","potentialAction":[{"@type":"CommentAction","name":"Comment","target":["https:\/\/destinocastillayleon.es\/index\/enopaseos-en-rueda-en-el-verano-2022\/#respond"]}]},{"@type":"WebPage","@id":"https:\/\/destinocastillayleon.es\/index\/enopaseos-en-rueda-en-el-verano-2022\/","url":"https:\/\/destinocastillayleon.es\/index\/enopaseos-en-rueda-en-el-verano-2022\/","name":"Enopaseos en Rueda en el verano 2022 \u2013 Destino Castilla y Le\u00f3n","isPartOf":{"@id":"https:\/\/destinocastillayleon.es\/index\/#website"},"primaryImageOfPage":{"@id":"https:\/\/destinocastillayleon.es\/index\/enopaseos-en-rueda-en-el-verano-2022\/#primaryimage"},"image":{"@id":"https:\/\/destinocastillayleon.es\/index\/enopaseos-en-rueda-en-el-verano-2022\/#primaryimage"},"thumbnailUrl":"https:\/\/destinocastillayleon.es\/index\/wp-content\/uploads\/2022\/07\/Enopaseos-en-Rueda-a-Finca-Montepedroso.jpg","datePublished":"2022-07-05T11:14:42+00:00","author":{"@id":"https:\/\/destinocastillayleon.es\/index\/#\/schema\/person\/189221bc8f6cc4fa28b18ad5c289d4c2"},"description":"Este pr\u00f3ximo s\u00e1bado 9 de julio tienes la oportunidad de disfrutar de nuevo de los Enopaseos en Rueda. Conoce la actividad.","breadcrumb":{"@id":"https:\/\/destinocastillayleon.es\/index\/enopaseos-en-rueda-en-el-verano-2022\/#breadcrumb"},"inLanguage":"es","potentialAction":[{"@type":"ReadAction","target":["https:\/\/destinocastillayleon.es\/index\/enopaseos-en-rueda-en-el-verano-2022\/"]}]},{"@type":"ImageObject","inLanguage":"es","@id":"https:\/\/destinocastillayleon.es\/index\/enopaseos-en-rueda-en-el-verano-2022\/#primaryimage","url":"https:\/\/destinocastillayleon.es\/index\/wp-content\/uploads\/2022\/07\/Enopaseos-en-Rueda-a-Finca-Montepedroso.jpg","contentUrl":"https:\/\/destinocastillayleon.es\/index\/wp-content\/uploads\/2022\/07\/Enopaseos-en-Rueda-a-Finca-Montepedroso.jpg","width":1210,"height":509,"caption":"Enopaseos en Rueda a Finca Montepedroso"},{"@type":"BreadcrumbList","@id":"https:\/\/destinocastillayleon.es\/index\/enopaseos-en-rueda-en-el-verano-2022\/#breadcrumb","itemListElement":[{"@type":"ListItem","position":1,"name":"Portada","item":"https:\/\/destinocastillayleon.es\/index\/"},{"@type":"ListItem","position":2,"name":"Enopaseos en Rueda en el verano 2022"}]},{"@type":"WebSite","@id":"https:\/\/destinocastillayleon.es\/index\/#website","url":"https:\/\/destinocastillayleon.es\/index\/","name":"Destino Castilla y Le\u00f3n","description":"Medio digital independiente y revista de Castilla y Le\u00f3n dedicado al turismo, gastronom\u00eda y vino de Castilla y Le\u00f3n","potentialAction":[{"@type":"SearchAction","target":{"@type":"EntryPoint","urlTemplate":"https:\/\/destinocastillayleon.es\/index\/?s={search_term_string}"},"query-input":{"@type":"PropertyValueSpecification","valueRequired":true,"valueName":"search_term_string"}}],"inLanguage":"es"},{"@type":"Person","@id":"https:\/\/destinocastillayleon.es\/index\/#\/schema\/person\/189221bc8f6cc4fa28b18ad5c289d4c2","name":"David V\u00e1zquez","image":{"@type":"ImageObject","inLanguage":"es","@id":"https:\/\/secure.gravatar.com\/avatar\/cd12db6c575a90c3b75cfa0f794b74d425201c768612fad17e9f13cd33d48be8?s=96&d=mm&r=g","url":"https:\/\/secure.gravatar.com\/avatar\/cd12db6c575a90c3b75cfa0f794b74d425201c768612fad17e9f13cd33d48be8?s=96&d=mm&r=g","contentUrl":"https:\/\/secure.gravatar.com\/avatar\/cd12db6c575a90c3b75cfa0f794b74d425201c768612fad17e9f13cd33d48be8?s=96&d=mm&r=g","caption":"David V\u00e1zquez"},"description":"Ingeniero Industrial de vocaci\u00f3n y profesi\u00f3n, he encontrado en los blogs la forma de plasmar mi pasi\u00f3n por los viajes, la gastronom\u00eda y los vinos. Especialmente los procedentes de Castilla y Le\u00f3n","sameAs":["https:\/\/www.destinocastillayleon.es","https:\/\/www.facebook.com\/profile.php?id=1158416854","https:\/\/instagram.com\/conte.pantaleone","https:\/\/www.linkedin.com\/pub\/david-vazquez-lozano\/37\/17a\/25a","https:\/\/x.com\/https:\/\/twitter.com\/ContePantaleone\u200e"],"url":"https:\/\/destinocastillayleon.es\/index\/author\/coadministradorcyl\/"}]}},"_links":{"self":[{"href":"https:\/\/destinocastillayleon.es\/index\/wp-json\/wp\/v2\/posts\/35540","targetHints":{"allow":["GET"]}}],"collection":[{"href":"https:\/\/destinocastillayleon.es\/index\/wp-json\/wp\/v2\/posts"}],"about":[{"href":"https:\/\/destinocastillayleon.es\/index\/wp-json\/wp\/v2\/types\/post"}],"author":[{"embeddable":true,"href":"https:\/\/destinocastillayleon.es\/index\/wp-json\/wp\/v2\/users\/2"}],"replies":[{"embeddable":true,"href":"https:\/\/destinocastillayleon.es\/index\/wp-json\/wp\/v2\/comments?post=35540"}],"version-history":[{"count":3,"href":"https:\/\/destinocastillayleon.es\/index\/wp-json\/wp\/v2\/posts\/35540\/revisions"}],"predecessor-version":[{"id":35545,"href":"https:\/\/destinocastillayleon.es\/index\/wp-json\/wp\/v2\/posts\/35540\/revisions\/35545"}],"wp:featuredmedia":[{"embeddable":true,"href":"https:\/\/destinocastillayleon.es\/index\/wp-json\/wp\/v2\/media\/35543"}],"wp:attachment":[{"href":"https:\/\/destinocastillayleon.es\/index\/wp-json\/wp\/v2\/media?parent=35540"}],"wp:term":[{"taxonomy":"category","embeddable":true,"href":"https:\/\/destinocastillayleon.es\/index\/wp-json\/wp\/v2\/categories?post=35540"},{"taxonomy":"post_tag","embeddable":true,"href":"https:\/\/destinocastillayleon.es\/index\/wp-json\/wp\/v2\/tags?post=35540"}],"curies":[{"name":"wp","href":"https:\/\/api.w.org\/{rel}","templated":true}]}}