{"id":35273,"date":"2022-05-16T20:34:18","date_gmt":"2022-05-16T18:34:18","guid":{"rendered":"https:\/\/destinocastillayleon.es\/index\/?p=35273"},"modified":"2022-05-18T12:23:53","modified_gmt":"2022-05-18T10:23:53","slug":"viajar-al-cerrato-palentino","status":"publish","type":"post","link":"https:\/\/destinocastillayleon.es\/index\/viajar-al-cerrato-palentino\/","title":{"rendered":"Enoturismo en el Cerrato Palentino \u00a1Un viaje al sabor de lo aut\u00e9ntico!"},"content":{"rendered":"<p>El<strong> Cerrato Palentino<\/strong> es una preciosa comarca de la provincia de Palencia con <strong>un paisaje muy singular<\/strong> <strong>de suaves ondulaciones<\/strong> salpicado de palomares, chozos, corrales y colmenares tradicionales&#8230; Un destino perfecto para \u00abwinelovers\u00bb que deseen adentrarse en los or\u00edgenes de la elaboraci\u00f3n del vino de Castilla y Le\u00f3n y sus <strong>bodegas subterr\u00e1neas<\/strong>, as\u00ed como para cualquier viajero que aprecie la buena gastronom\u00eda, el sabor de lo aut\u00e9ntico y disfrutar del mejor enoturismo en el Cerrato Palentino.<\/p>\n<p>A continuaci\u00f3n, te damos las claves principales para que descubras por ti mismo este fabuloso territorio de p\u00e1ramos calc\u00e1reos y verdes llanuras cruzadas por <strong>los r\u00edos Pisuerga y Arlanza,<\/strong> as\u00ed como por el famoso<strong> <a href=\"https:\/\/destinocastillayleon.es\/index\/ruta-por-el-canal-de-castilla\/\">Canal de Castilla<\/a>.\u00a0<\/strong><\/p>\n<h2><strong>El Paisaje del Cerrato Palentino<\/strong><\/h2>\n<p>El Cerrato palentino es una de las siete comarcas naturales que conforman la provincia de Palencia.<br \/>\n&nbsp;<br \/>\nActualmente, el Cerrato palentino ocupa gran parte de la zona sur de la provincia de Palencia. Aunque hay que se\u00f1alar que, hist\u00f3ricamente, <strong>\u00abEl Cerrato\u00bb siempre fue una comarca con una extensi\u00f3n mucho m\u00e1s grande perteneciente a la merindad de Castilla y<\/strong> que abarcaba parte de la provincia de Burgos, Valladolid y Palencia.<br \/>\n&nbsp;<br \/>\nParece ser que su top\u00f3nimo se remonta a la palabra romance \u00abzerrato\u00bb, que a su vez deriva del la palabra latina \u00abcirratos\u00bb que vendr\u00eda a definir precisamente su caracter\u00edstico paisaje: <strong>tierras onduladas y montuosas<\/strong>,<strong> dominadas por cerros<\/strong> (o cerrales).<\/p>\n<figure id=\"attachment_35310\" aria-describedby=\"caption-attachment-35310\" style=\"width: 1167px\" class=\"wp-caption aligncenter\"><img decoding=\"async\" class=\"size-full wp-image-35310\" src=\"https:\/\/destinocastillayleon.es\/index\/wp-content\/uploads\/2022\/05\/Paisaje-tipico-del-Cerrato-Palentino-1.jpg\" alt=\"Paisaje t\u00edpico del Cerrato Palentino cerealista con chozos de pastor\" width=\"1167\" height=\"658\" srcset=\"https:\/\/destinocastillayleon.es\/index\/wp-content\/uploads\/2022\/05\/Paisaje-tipico-del-Cerrato-Palentino-1.jpg 1167w, https:\/\/destinocastillayleon.es\/index\/wp-content\/uploads\/2022\/05\/Paisaje-tipico-del-Cerrato-Palentino-1-300x169.jpg 300w, https:\/\/destinocastillayleon.es\/index\/wp-content\/uploads\/2022\/05\/Paisaje-tipico-del-Cerrato-Palentino-1-1024x577.jpg 1024w, https:\/\/destinocastillayleon.es\/index\/wp-content\/uploads\/2022\/05\/Paisaje-tipico-del-Cerrato-Palentino-1-768x433.jpg 768w\" sizes=\"(max-width: 1167px) 100vw, 1167px\" \/><figcaption id=\"caption-attachment-35310\" class=\"wp-caption-text\"><em>Paisaje t\u00edpico del Cerrato Palentino cerealista con chozos de pastor<\/em><\/figcaption><\/figure>\n<p><strong>Cualquier \u00e9poca del a\u00f1o es buena para visitar El Cerrato palentino<\/strong> y disfrutar de sus atardeceres m\u00e1gicos mientras conduces por sus serpenteantes carreteras secundarias muy poco transitadas. Aunque tenemos que decirte que, si vas en primavera, podr\u00e1s disfrutar del fen\u00f3meno conocido como <strong>\u00ablos mares de Castilla\u00bb, <\/strong>preciosos trigales ya crecidos ondeando al viento generando olas de espigas hasta donde alcance tu mirada en el horizonte.<\/p>\n<h2><strong>Baltan\u00e1s, la capital hist\u00f3rica del Cerrato palentino<\/strong><\/h2>\n<p>&nbsp;<br \/>\n<strong>Baltan\u00e1s<\/strong> es la capital hist\u00f3rica del Cerrato Castellano y un buen punto de partida para iniciar tu viaje de enoturismo por tierras palentinas.<br \/>\n&nbsp;<br \/>\nLa localidad, de unos 1.200 habitantes, sorprende por sus recursos tur\u00edsticos: <strong>una imponente iglesia<\/strong> de elevada torre de piedra dedicada a San mill\u00e1n, el <strong>Barrio de Bodegas<\/strong> cuyo lagar ha sido rehabilitado, el <strong>Museo<\/strong> <strong>Etnogr\u00e1fico<\/strong> <strong>del Cerrato<\/strong> y el<strong> Centro de Enoturismo<\/strong>, de reciente apertura.<br \/>\n&nbsp;<\/p>\n<h3><strong>El lagar comunal de \u00abLa Tercia\u00bb\u00a0<\/strong><\/h3>\n<p>Se trata del <strong>antiguo lagar comunal<\/strong> de la localidad de Baltan\u00e1s, declarado Bien de Inter\u00e9s Cultural desde 2014, que ha pasado por un proceso de rehabilitaci\u00f3n muy grande de su cubierta para convertirse en el <strong>Centro de Recepci\u00f3n de Visitantes de<\/strong> <strong>Baltan\u00e1s<\/strong> y el inicio de la visita a su barrio de bodegas.<\/p>\n<figure id=\"attachment_35277\" aria-describedby=\"caption-attachment-35277\" style=\"width: 1065px\" class=\"wp-caption aligncenter\"><img decoding=\"async\" class=\"wp-image-35277 size-full\" src=\"https:\/\/destinocastillayleon.es\/index\/wp-content\/uploads\/2022\/05\/IMG20220504201338-1.jpg\" alt=\"Panor\u00e1mica de Baltan\u00e1s desde el Barrlo de Bodegas de Baltan\u00e1s\" width=\"1065\" height=\"600\" srcset=\"https:\/\/destinocastillayleon.es\/index\/wp-content\/uploads\/2022\/05\/IMG20220504201338-1.jpg 1065w, https:\/\/destinocastillayleon.es\/index\/wp-content\/uploads\/2022\/05\/IMG20220504201338-1-300x169.jpg 300w, https:\/\/destinocastillayleon.es\/index\/wp-content\/uploads\/2022\/05\/IMG20220504201338-1-1024x577.jpg 1024w, https:\/\/destinocastillayleon.es\/index\/wp-content\/uploads\/2022\/05\/IMG20220504201338-1-768x433.jpg 768w\" sizes=\"(max-width: 1065px) 100vw, 1065px\" \/><figcaption id=\"caption-attachment-35277\" class=\"wp-caption-text\"><em>Panor\u00e1mica desde el Barrlo de Bodegas de Baltan\u00e1s<\/em><\/figcaption><\/figure>\n<p>Este lagar conserva la viga original y la enorme presa que utilizaban los baltanasiegos para exprimir la uva reci\u00e9n vendimiada. En este espacio se muestra un v\u00eddeo de todo el proceso de prensado tradicional de la uva y da inicio a las visitas guiadas por el barrio de bodegas.<\/p>\n<h3><strong>El Barrio de Bodegas que inspir\u00f3 a Gaudi<\/strong><\/h3>\n<p>Encontrar\u00e1s alrededor de unas <strong>400<\/strong> <strong>bodegas subterr\u00e1neas<\/strong> construidas sobre un cerro completamente horadado, dispuestas hasta en 6 niveles y ninguna de ellas llega a tocarse. Te recomendamos caminar por sus caminos y disfrutar de este patrimonio etnogr\u00e1fico que seg\u00fan dicen, sus <strong>chimeneas<\/strong> <strong>inspiraron<\/strong> al <strong>mism\u00edsimo Gaud\u00ed.<\/strong><\/p>\n<p><img decoding=\"async\" class=\"aligncenter size-full wp-image-35285\" src=\"https:\/\/destinocastillayleon.es\/index\/wp-content\/uploads\/2022\/05\/Panoramica-del-barrio-de-bodegas-de-Baltanas-1.jpg\" alt=\"Panor\u00e1mica del barrio de bodegas de Baltan\u00e1s (1)\" width=\"1065\" height=\"600\" srcset=\"https:\/\/destinocastillayleon.es\/index\/wp-content\/uploads\/2022\/05\/Panoramica-del-barrio-de-bodegas-de-Baltanas-1.jpg 1065w, https:\/\/destinocastillayleon.es\/index\/wp-content\/uploads\/2022\/05\/Panoramica-del-barrio-de-bodegas-de-Baltanas-1-300x169.jpg 300w, https:\/\/destinocastillayleon.es\/index\/wp-content\/uploads\/2022\/05\/Panoramica-del-barrio-de-bodegas-de-Baltanas-1-1024x577.jpg 1024w, https:\/\/destinocastillayleon.es\/index\/wp-content\/uploads\/2022\/05\/Panoramica-del-barrio-de-bodegas-de-Baltanas-1-768x433.jpg 768w\" sizes=\"(max-width: 1065px) 100vw, 1065px\" \/><\/p>\n<p>Desde lo m\u00e1s alto del cerro se divisa una preciosa panor\u00e1mica de la localidad y de todo el entorno.<\/p>\n<h3><strong>El Centro de Enoturismo \u00abLa Zarcera\u00bb<\/strong><\/h3>\n<p>El Barrio de Bodegas cuenta, desde hace apenas dos a\u00f1os, con un <strong>Centro de Enoturismo. <\/strong>Es el negocio regentado por <strong>Patxi y<\/strong> <strong>Julia,<\/strong> dos enamorados de esta tierra que decidieron rehabilitar una de las bodegas subterr\u00e1neas para convertirlo en un espacio para la realizaci\u00f3n de visitas guiadas al barrio de bodegas,<strong> cenas picoteo<\/strong> con productos locales, <strong>venta y degustaci\u00f3n de vino y productos gastron\u00f3micos<\/strong> de la zona, as\u00ed como la acogida de diversos eventos y<strong> actividades para grupos.<\/strong><\/p>\n<figure id=\"attachment_35293\" aria-describedby=\"caption-attachment-35293\" style=\"width: 1026px\" class=\"wp-caption aligncenter\"><img decoding=\"async\" class=\"size-full wp-image-35293\" src=\"https:\/\/destinocastillayleon.es\/index\/wp-content\/uploads\/2022\/05\/zarcera-bodegas-baltanas-1.jpg\" alt=\"La zarcera, centro de enoturismo en el barrio de bodegas de Baltan\u00e1s\" width=\"1026\" height=\"770\" srcset=\"https:\/\/destinocastillayleon.es\/index\/wp-content\/uploads\/2022\/05\/zarcera-bodegas-baltanas-1.jpg 1026w, https:\/\/destinocastillayleon.es\/index\/wp-content\/uploads\/2022\/05\/zarcera-bodegas-baltanas-1-300x225.jpg 300w, https:\/\/destinocastillayleon.es\/index\/wp-content\/uploads\/2022\/05\/zarcera-bodegas-baltanas-1-1024x768.jpg 1024w, https:\/\/destinocastillayleon.es\/index\/wp-content\/uploads\/2022\/05\/zarcera-bodegas-baltanas-1-768x576.jpg 768w\" sizes=\"(max-width: 1026px) 100vw, 1026px\" \/><figcaption id=\"caption-attachment-35293\" class=\"wp-caption-text\"><em>La Zarcera, centro de enoturismo en el barrio de bodegas de Baltan\u00e1s<\/em><\/figcaption><\/figure>\n<p>Encuentra m\u00e1s informaci\u00f3n sobre \u00abLa Zarcera\u00bb en su web: <strong><a href=\"https:\/\/turismocerrato.es\/\">turismocerrato.es<\/a><\/strong><\/p>\n<h3><strong>El Museo del Cerrato Castellano<\/strong><\/h3>\n<p>Este espacio es imprescindible para conocer la idiosincrasia del Cerrato y qu\u00e9 es lo que hace diferente a esta comarca del resto de comarcas mesete\u00f1as. En una primera sala encontramos <strong>varios paneles sobre su flora, fauna y arquitectura popular<\/strong>. Al fondo de la sala se muestra un<strong> magn\u00edfico v\u00eddeo en 3D<\/strong> de c\u00f3mo son las bodegas subterr\u00e1neas de estos singulares pueblos.<\/p>\n<figure id=\"attachment_35283\" aria-describedby=\"caption-attachment-35283\" style=\"width: 1065px\" class=\"wp-caption aligncenter\"><img decoding=\"async\" class=\"size-full wp-image-35283\" src=\"https:\/\/destinocastillayleon.es\/index\/wp-content\/uploads\/2022\/05\/Museo-del-Cerrato-Palentino-1.jpg\" alt=\"Museo del Cerrato Castellano\" width=\"1065\" height=\"600\" srcset=\"https:\/\/destinocastillayleon.es\/index\/wp-content\/uploads\/2022\/05\/Museo-del-Cerrato-Palentino-1.jpg 1065w, https:\/\/destinocastillayleon.es\/index\/wp-content\/uploads\/2022\/05\/Museo-del-Cerrato-Palentino-1-300x169.jpg 300w, https:\/\/destinocastillayleon.es\/index\/wp-content\/uploads\/2022\/05\/Museo-del-Cerrato-Palentino-1-1024x577.jpg 1024w, https:\/\/destinocastillayleon.es\/index\/wp-content\/uploads\/2022\/05\/Museo-del-Cerrato-Palentino-1-768x433.jpg 768w\" sizes=\"(max-width: 1065px) 100vw, 1065px\" \/><figcaption id=\"caption-attachment-35283\" class=\"wp-caption-text\"><em>Museo del Cerrato Castellano<\/em><\/figcaption><\/figure>\n<p>La visita continua por varias salas con <strong>obras pict\u00f3ricas muy notables<\/strong> de artistas que nacieron o descienden del Cerrato. Ubicado en un palacio, el Museo del Cerrato cuenta adem\u00e1s con <strong>precioso patio porticado<\/strong>, varias salas que albergan obras de arte sacro e incluso una zona para conocer <strong>los or\u00edgenes prerromanos<\/strong> de los primeros asentamientos humanos en la zona de los que se tienen constancia.<br \/>\n<img decoding=\"async\" class=\"aligncenter size-full wp-image-35287\" src=\"https:\/\/destinocastillayleon.es\/index\/wp-content\/uploads\/2022\/05\/Museo-del-Cerrato-Castellano-1-1.jpg\" alt=\"Museo del Cerrato en Baltan\u00e1s (Palencia)\" width=\"1166\" height=\"657\" srcset=\"https:\/\/destinocastillayleon.es\/index\/wp-content\/uploads\/2022\/05\/Museo-del-Cerrato-Castellano-1-1.jpg 1166w, https:\/\/destinocastillayleon.es\/index\/wp-content\/uploads\/2022\/05\/Museo-del-Cerrato-Castellano-1-1-300x169.jpg 300w, https:\/\/destinocastillayleon.es\/index\/wp-content\/uploads\/2022\/05\/Museo-del-Cerrato-Castellano-1-1-1024x577.jpg 1024w, https:\/\/destinocastillayleon.es\/index\/wp-content\/uploads\/2022\/05\/Museo-del-Cerrato-Castellano-1-1-768x433.jpg 768w\" sizes=\"(max-width: 1166px) 100vw, 1166px\" \/><\/p>\n<p><strong>HORARIO DE INVIERNO:<\/strong><br \/>\nEnero y febrero cerrado.<br \/>\nDel 17 de Septiembre al 29 de Junio<br \/>\nViernes de\u00a0<strong>11:00 a 14,\u00a0<\/strong>\u00a0S\u00e1bados\u00a0<strong>11:00 a 14h<\/strong>\u00a0y de\u00a0<strong>17:00 a 20:00 h<\/strong>. y Domingos\u00a0 de<strong> 11:00 a 14h<\/strong><strong>HORARIO DE VERANO:<\/strong><br \/>\nDel 15 de junio al 15 de septiembre<br \/>\nMartes a domingo de\u00a0<strong>11:00<\/strong>\u00a0a\u00a0<strong>14h<\/strong>\u00a0y de\u00a0<strong>17:00h<\/strong>\u00a0a\u00a0<strong>20:00h<\/strong>.<br \/>\n<strong>ENTRADA GENERAL: <\/strong>(3 \u20acuros\/Ud).<\/p>\n<p>M\u00e1s informaci\u00f3n sobre el Museo del Cerrato en su web: <strong><a href=\"https:\/\/museodelcerrato.es\/\">museodelcerrato.es<\/a><\/strong><br \/>\n&nbsp;<\/p>\n<h2><strong>Bodegas visitables en el Cerrato Palentino<\/strong><\/h2>\n<p>Como dec\u00edamos al inicio, <strong>el Cerrato palentino<\/strong> <strong>es un destino fant\u00e1stico para cualquier \u00abwinelover\u00bb<\/strong> que se precie. Durante siglos fue un lugar eminentemente vin\u00edcola pero la filoxera caus\u00f3 verdaderos estragos, perdiendo buena parte de los vi\u00f1edos. La PAC y la concentraci\u00f3n parcelaria de principios del siglo XX hicieron el resto.<\/p>\n<p>No son muchas las bodegas que encontramos en el Cerrato pese a ese gran pasado vinculado al vino, pero las bodegas que hay son un verdadero exponente.<\/p>\n<p>Parte del Cerrato Palentino se encuentra amparado por la D.O Arlanza y parte por la D.O Cigales. A d\u00eda de hoy no existe una \u00abDO. Cerrato\u00bb pero qui\u00e9n sabe, el furor por las denominaciones de origen en nuestra tierra es imparable&#8230; y esta es una zona perfecta para vino y para el enoturismo en el Cerrato Palentino.<\/p>\n<p><strong>Dentro de la DO. Arlanza<\/strong> encontramos las siguientes bodegas visitables:<\/p>\n<ul>\n<li><strong>Bodega Valdesneros<\/strong>(Torquemada)<\/li>\n<li><strong>Bodegas Esteban Araujo<\/strong> (Torquemada)<\/li>\n<li><strong>Pagos de Negredo<\/strong> (Palenzuela)<\/li>\n<\/ul>\n<p>Y <strong>dentro de la DO. Cigales<\/strong> encontramos la siguiente bodega visitable:<\/p>\n<ul>\n<li><strong>Bodega Remigio Salas<\/strong> (Due\u00f1as)<\/li>\n<\/ul>\n<h3><strong>Barrio de Bodegas de Torquemada<\/strong><\/h3>\n<p>Atravesando su puente de veinticinco ojos sobre el r\u00edo Pisuerga, Torquemada muestra su gran pasado vin\u00edcola a trav\u00e9s de su patrimonio arquitect\u00f3nico y etnogr\u00e1fico: <strong>sus dos barrios de bodegas del s. XVI.<\/strong><\/p>\n<p><img decoding=\"async\" class=\"aligncenter size-full wp-image-35288\" src=\"https:\/\/destinocastillayleon.es\/index\/wp-content\/uploads\/2022\/05\/Barrio-de-Bodegas-de-Torquemada-2.jpg\" alt=\"Barrio de Bodegas de Torquemada (2)\" width=\"1064\" height=\"600\" srcset=\"https:\/\/destinocastillayleon.es\/index\/wp-content\/uploads\/2022\/05\/Barrio-de-Bodegas-de-Torquemada-2.jpg 1064w, https:\/\/destinocastillayleon.es\/index\/wp-content\/uploads\/2022\/05\/Barrio-de-Bodegas-de-Torquemada-2-300x169.jpg 300w, https:\/\/destinocastillayleon.es\/index\/wp-content\/uploads\/2022\/05\/Barrio-de-Bodegas-de-Torquemada-2-1024x577.jpg 1024w, https:\/\/destinocastillayleon.es\/index\/wp-content\/uploads\/2022\/05\/Barrio-de-Bodegas-de-Torquemada-2-768x433.jpg 768w\" sizes=\"(max-width: 1064px) 100vw, 1064px\" \/><\/p>\n<p>En el pasado, <strong>Torquemada cont\u00f3 con hasta 5 barrios de bodegas<\/strong>, dos de ellos desaparecidos. Actualmente, hay censadas <strong>465 bodegas subterr\u00e1neas, <\/strong>declaradas\u00a0Bien de Inter\u00e9s Cultural de Castilla y Le\u00f3n.<\/p>\n<p>En esta villa naci\u00f3 el conocido personaje<strong> Fray Tom\u00e1s de Torquemada<\/strong>, primer Inquisidor General del Reino. La localidad tambi\u00e9n ha acogido otros sucesos hist\u00f3ricos como el nacimiento de <strong>la infanta Catalina,<\/strong> hija de Juana I de Castilla y futura reina de Portugal. En 1808, durante la Guerra de la Independencia la Villa fue saqueada, aunque a\u00fan se conserva la<strong> Iglesia parroquial de santa Eulalia<\/strong> y la <strong>ermita de Valdesalce<\/strong>, que alberga un santuario de gran devoci\u00f3n en la comarca.<\/p>\n<figure id=\"attachment_35289\" aria-describedby=\"caption-attachment-35289\" style=\"width: 2560px\" class=\"wp-caption aligncenter\"><img decoding=\"async\" class=\"size-full wp-image-35289\" src=\"https:\/\/destinocastillayleon.es\/index\/wp-content\/uploads\/2022\/05\/Interior-de-bodega-subterranea-en-Torquemada-1-scaled.jpg\" alt=\"enoturismo en el Cerrato Palentino\" title=\"Interior de bodega subterr\u00e1nea en Torquemada\" width=\"2560\" height=\"1707\" srcset=\"https:\/\/destinocastillayleon.es\/index\/wp-content\/uploads\/2022\/05\/Interior-de-bodega-subterranea-en-Torquemada-1-scaled.jpg 2560w, https:\/\/destinocastillayleon.es\/index\/wp-content\/uploads\/2022\/05\/Interior-de-bodega-subterranea-en-Torquemada-1-300x200.jpg 300w, https:\/\/destinocastillayleon.es\/index\/wp-content\/uploads\/2022\/05\/Interior-de-bodega-subterranea-en-Torquemada-1-1024x683.jpg 1024w, https:\/\/destinocastillayleon.es\/index\/wp-content\/uploads\/2022\/05\/Interior-de-bodega-subterranea-en-Torquemada-1-768x512.jpg 768w, https:\/\/destinocastillayleon.es\/index\/wp-content\/uploads\/2022\/05\/Interior-de-bodega-subterranea-en-Torquemada-1-1536x1024.jpg 1536w, https:\/\/destinocastillayleon.es\/index\/wp-content\/uploads\/2022\/05\/Interior-de-bodega-subterranea-en-Torquemada-1-2048x1365.jpg 2048w, https:\/\/destinocastillayleon.es\/index\/wp-content\/uploads\/2022\/05\/Interior-de-bodega-subterranea-en-Torquemada-1-600x400.jpg 600w, https:\/\/destinocastillayleon.es\/index\/wp-content\/uploads\/2022\/05\/Interior-de-bodega-subterranea-en-Torquemada-1-1200x800.jpg 1200w\" sizes=\"(max-width: 2560px) 100vw, 2560px\" \/><figcaption id=\"caption-attachment-35289\" class=\"wp-caption-text\"><em>Interior de bodega subterr\u00e1nea en Torquemada<\/em><\/figcaption><\/figure>\n<p>As\u00ed mismo, en Torquemada puedes visitar tambi\u00e9n la <strong>Bodega Valdesneros<\/strong> y la <strong>Bodega Esteban Araujo.<\/strong><\/p>\n<h3><strong>Bodega Valdesneros<\/strong><\/h3>\n<p>El objetivo de esta bodega siempre fue recuperar el cultivo de la vi\u00f1a y la elaboraci\u00f3n de vinos de calidad en el Cerrato Palentino. Su actual propietario, <strong>Rub\u00e9n Montero<\/strong>, busca en sus vinos ricos y redondos ser un referente de la zona.<\/p>\n<p>La <strong>visita enotur\u00edstica<\/strong> incluye la visita a la bodega tradicional, la visita a la bodega donde actualmente se elabora el vino y cata de sus vinos.<\/p>\n<figure id=\"attachment_35296\" aria-describedby=\"caption-attachment-35296\" style=\"width: 1026px\" class=\"wp-caption aligncenter\"><img decoding=\"async\" class=\"size-full wp-image-35296\" src=\"https:\/\/destinocastillayleon.es\/index\/wp-content\/uploads\/2022\/05\/MG_8479.jpg\" alt=\"enoturismo en el Cerrato Palentino\" title=\"Cata de vinos de Bodega Valdesneros en Torquemada - enoturismo en el Cerrato\" width=\"1026\" height=\"684\" srcset=\"https:\/\/destinocastillayleon.es\/index\/wp-content\/uploads\/2022\/05\/MG_8479.jpg 1026w, https:\/\/destinocastillayleon.es\/index\/wp-content\/uploads\/2022\/05\/MG_8479-300x200.jpg 300w, https:\/\/destinocastillayleon.es\/index\/wp-content\/uploads\/2022\/05\/MG_8479-1024x683.jpg 1024w, https:\/\/destinocastillayleon.es\/index\/wp-content\/uploads\/2022\/05\/MG_8479-768x512.jpg 768w, https:\/\/destinocastillayleon.es\/index\/wp-content\/uploads\/2022\/05\/MG_8479-600x400.jpg 600w\" sizes=\"(max-width: 1026px) 100vw, 1026px\" \/><figcaption id=\"caption-attachment-35296\" class=\"wp-caption-text\"><em>Cata de vinos de Bodega Valdesneros en Torquemada &#8211; Fuente de la imagen: Visual Creative<\/em><\/figcaption><\/figure>\n<p>Bodega Valdesneros elabora distintos vinos a partir de uva tempranillo: <strong>Valdesneros Rosado<\/strong>, <strong>Cornitero,<\/strong> que es un vino joven de maceraci\u00f3n carb\u00f3nica, <strong>Valdesneros Roble<\/strong> con 6 meses de Barrica, <strong>Eruelo Crianza<\/strong> con 12 meses de barrica y <strong>Valdesneros Selecci\u00f3n<\/strong> con 18 meses de barrica. Tambi\u00e9n cuenta con una elaboraci\u00f3n limitada de <strong>\u00abvino de hielo\u00bb<\/strong> realizado con uvas muy maduras de vendimia tard\u00eda.<\/p>\n<p>M\u00e1s informaci\u00f3n en su web: <strong><a href=\"https:\/\/bodegasvaldesneros.com\/\">bodegasvaldesneros.com<\/a><\/strong><\/p>\n<h3><strong>Bodega y destiler\u00eda Esteban Araujo<\/strong><\/h3>\n<p>Tambi\u00e9n en Torquemada, La Bodega Esteban-Araujo ofrece visita enotur\u00edstica.<\/p>\n<p>Se trata de una empresa familiar con solera vitivin\u00edcola <strong>iniciada a principios del S.XIX<\/strong>. Fue el padre qui\u00e9n retom\u00f3 esa tradici\u00f3n y fue en el a\u00f1o 2002 cuando restaur\u00f3 la bodega subterr\u00e1nea, que es donde a d\u00eda de hoy siguen elaborando sus vinos, bajo la marca <strong>\u00abEl Monj\u00edo\u00bb.<\/strong><\/p>\n<blockquote><p>Esteban-Araujo es una de las pocas bodegas que siguen elaborando vino en bodega subterr\u00e1nea tradicional<\/p><\/blockquote>\n<figure id=\"attachment_35297\" aria-describedby=\"caption-attachment-35297\" style=\"width: 1026px\" class=\"wp-caption aligncenter\"><img decoding=\"async\" class=\"size-full wp-image-35297\" src=\"https:\/\/destinocastillayleon.es\/index\/wp-content\/uploads\/2022\/05\/MG_8542.jpg\" alt=\"Visita a la bodega subterr\u00e1nea \" width=\"1026\" height=\"684\" srcset=\"https:\/\/destinocastillayleon.es\/index\/wp-content\/uploads\/2022\/05\/MG_8542.jpg 1026w, https:\/\/destinocastillayleon.es\/index\/wp-content\/uploads\/2022\/05\/MG_8542-300x200.jpg 300w, https:\/\/destinocastillayleon.es\/index\/wp-content\/uploads\/2022\/05\/MG_8542-1024x683.jpg 1024w, https:\/\/destinocastillayleon.es\/index\/wp-content\/uploads\/2022\/05\/MG_8542-768x512.jpg 768w, https:\/\/destinocastillayleon.es\/index\/wp-content\/uploads\/2022\/05\/MG_8542-600x400.jpg 600w\" sizes=\"(max-width: 1026px) 100vw, 1026px\" \/><figcaption id=\"caption-attachment-35297\" class=\"wp-caption-text\"><em>Visita a la bodega subterr\u00e1nea &#8211; Fuente de la imagen: Visual Creative<\/em><\/figcaption><\/figure>\n<p>Esteban-Araujo se ha especializado en la elaboraci\u00f3n de tres tipos de vinos 100% tempranillo, dos de los cuales tiene un periodo de crianza en barrica de roble americano. As\u00ed mismo, tiene una peque\u00f1a destiler\u00eda donde elabora tres tipos de verm\u00fas diferentes bajo la marca <strong>\u00abCorito\u00bb.<\/strong><\/p>\n<figure id=\"attachment_35298\" aria-describedby=\"caption-attachment-35298\" style=\"width: 1026px\" class=\"wp-caption aligncenter\"><img decoding=\"async\" class=\"size-full wp-image-35298\" src=\"https:\/\/destinocastillayleon.es\/index\/wp-content\/uploads\/2022\/05\/Vermu-Corito-1-1-1.jpg\" alt=\"enoturismo en el Cerrato Palentino\" title=\"Verm\u00fa corito Bodega Esteban-Araujo \" width=\"1026\" height=\"684\" srcset=\"https:\/\/destinocastillayleon.es\/index\/wp-content\/uploads\/2022\/05\/Vermu-Corito-1-1-1.jpg 1026w, https:\/\/destinocastillayleon.es\/index\/wp-content\/uploads\/2022\/05\/Vermu-Corito-1-1-1-300x200.jpg 300w, https:\/\/destinocastillayleon.es\/index\/wp-content\/uploads\/2022\/05\/Vermu-Corito-1-1-1-1024x683.jpg 1024w, https:\/\/destinocastillayleon.es\/index\/wp-content\/uploads\/2022\/05\/Vermu-Corito-1-1-1-768x512.jpg 768w, https:\/\/destinocastillayleon.es\/index\/wp-content\/uploads\/2022\/05\/Vermu-Corito-1-1-1-600x400.jpg 600w\" sizes=\"(max-width: 1026px) 100vw, 1026px\" \/><figcaption id=\"caption-attachment-35298\" class=\"wp-caption-text\"><em>Verm\u00fa corito Bodega y Destiler\u00eda Esteban-Araujo en Torquemada- Fuente de la imagen: Visual Creative<\/em><\/figcaption><\/figure>\n<p>M\u00e1s informaci\u00f3n en la web: <strong><a href=\"https:\/\/arlanza.org\/bodegas-productores\/bodegas-esteban-araujo\/\">arlanza.org<\/a><\/strong><\/p>\n<h2><strong>Barrio de Bodegas en Due\u00f1as<\/strong><\/h2>\n<p>La localidad de Due\u00f1as tampoco se queda corta, ofreciendo al visitante un imponente barrio de bodegas. Su iglesia, tambi\u00e9n construida en piedra de sillar, nada tiene que envidiar a la de Baltan\u00e1s.<\/p>\n<h3><strong>Enoturismo en Bodega Remigio de Salas Jal\u00f3n<\/strong><\/h3>\n<p>Es una suerte para el viajero amante del vino que la localidad cuente con una bodega subterr\u00e1nea visitable de tan grandes dimensiones y tan bien cuidada y preparada para las visitas como <strong>la bodega<\/strong> <strong>Remigio de Salas Jal\u00f3n.<\/strong><\/p>\n<p>Aunque su origen se remonta al 1738, es a finales del siglo XIX cuando se produce la mayor ampliaci\u00f3n de la bodega con el lagar de piedra de siller\u00eda de 1887 y la ampliaci\u00f3n de la cava subterr\u00e1nea. Fue en este siglo cuando se produjo el esplendor que vivi\u00f3 el matrimonio formado por Pablo de Salas Quevedo y Gumersinda Medina-Rosales Garc\u00eda al<strong> exportar grandes cantidades de vino procedentes de sus vi\u00f1edos a Burdeos<\/strong> bajo las iniciales PS mediante el ferrocarril.<\/p>\n<p><!--Aunque en una de las puertas que compone <strong>actualmente la bodega figura la fecha de 1738 y se tenga constancia que la familia Medina Rosales ya elaboraba vino en esa \u00e9poca<\/strong>, es a finales del siglo XIX cuando se produce la mayor ampliaci\u00f3n de la bodega con el lagar de piedra de siller\u00eda de 1887 y la ampliaci\u00f3n de la cava subterr\u00e1nea. Justo dos a\u00f1os despu\u00e9s del inicio de la bodega como negocio en 1885.\n\nEn esta \u00e9poca <strong>se produjo el esplendor que vivi\u00f3 el matrimonio formado por Pablo de Salas Quevedo y Gumersinda Medina-Rosales Garc\u00eda al exportar grandes cantidades de vino procedentes de sus vi\u00f1edos a Burdeos<\/strong> bajo las iniciales PS mediante el ferrocarril. --><\/p>\n<p>Posteriormente <strong>uno de sus hijos Pedro de Salas Medina-Rosales contin\u00faa con el negocio familiar plantando de nuevo los vi\u00f1edos tras la plaga de la filoxera.<\/strong> Es Remigio de Salas Jal\u00f3n quien a finales del siglo XX junto con su esposa Pilar Ortega adapta la bodega a los nuevos tiempos sin perder el esp\u00edritu de los antecesores, en la localidad palentina de Due\u00f1as. <\/p>\n<p>En la actualidad es Amada de Salas quien gestiona toda la bodega. Esta bodega consta de las galer\u00edas de nueve bodegas unidas en un laberinto de pasillos en el que se encuentran las antiguas cubas, carrales, dep\u00f3sitos y todos los utensilios que se han utilizado aqu\u00ed para hacer vino desde hace m\u00e1s de un siglo.<\/p>\n<p><img decoding=\"async\" class=\"size-full wp-image-35299\" src=\"https:\/\/destinocastillayleon.es\/index\/wp-content\/uploads\/2022\/05\/Bodega-Remigio-Salas-en-Duenas-Cerrato-Palentino-1.jpg\" alt=\"enoturismo en el Cerrato Palentino\" width=\"1065\" height=\"600\" srcset=\"https:\/\/destinocastillayleon.es\/index\/wp-content\/uploads\/2022\/05\/Bodega-Remigio-Salas-en-Duenas-Cerrato-Palentino-1.jpg 1065w, https:\/\/destinocastillayleon.es\/index\/wp-content\/uploads\/2022\/05\/Bodega-Remigio-Salas-en-Duenas-Cerrato-Palentino-1-300x169.jpg 300w, https:\/\/destinocastillayleon.es\/index\/wp-content\/uploads\/2022\/05\/Bodega-Remigio-Salas-en-Duenas-Cerrato-Palentino-1-1024x577.jpg 1024w, https:\/\/destinocastillayleon.es\/index\/wp-content\/uploads\/2022\/05\/Bodega-Remigio-Salas-en-Duenas-Cerrato-Palentino-1-768x433.jpg 768w\" sizes=\"(max-width: 1065px) 100vw, 1065px\" \/><\/p>\n<p>Esta bodega consta de <strong>las galer\u00edas de nueve bodegas unidas<\/strong> en un laberinto de pasillos en el que se encuentran las <strong>antiguas cubas, carrales, dep\u00f3sitos<\/strong> y todos los utensilios que se han utilizado para hacer vino desde hace m\u00e1s de un siglo.<\/p>\n<blockquote><p>Esta bodega ha recuperado la elaboraci\u00f3n de un vino t\u00edpico de aqu\u00ed: el vino rosado <strong>\u00abOjo de Gallo\u00bb<\/strong> de un intenso color rub\u00ed.<\/p><\/blockquote>\n<figure id=\"attachment_35300\" aria-describedby=\"caption-attachment-35300\" style=\"width: 1064px\" class=\"wp-caption aligncenter\"><img decoding=\"async\" class=\"size-full wp-image-35300\" src=\"https:\/\/destinocastillayleon.es\/index\/wp-content\/uploads\/2022\/05\/Vinos-de-la-Bodega-Remigio-Salas-1.jpg\" alt=\"\" width=\"1064\" height=\"600\" srcset=\"https:\/\/destinocastillayleon.es\/index\/wp-content\/uploads\/2022\/05\/Vinos-de-la-Bodega-Remigio-Salas-1.jpg 1064w, https:\/\/destinocastillayleon.es\/index\/wp-content\/uploads\/2022\/05\/Vinos-de-la-Bodega-Remigio-Salas-1-300x169.jpg 300w, https:\/\/destinocastillayleon.es\/index\/wp-content\/uploads\/2022\/05\/Vinos-de-la-Bodega-Remigio-Salas-1-1024x577.jpg 1024w, https:\/\/destinocastillayleon.es\/index\/wp-content\/uploads\/2022\/05\/Vinos-de-la-Bodega-Remigio-Salas-1-768x433.jpg 768w\" sizes=\"(max-width: 1064px) 100vw, 1064px\" \/><figcaption id=\"caption-attachment-35300\" class=\"wp-caption-text\"><em>Vinos de la Bodega Remigio de Salas<\/em><\/figcaption><\/figure>\n<p><strong>Visitas tur\u00edsticas:<\/strong><br \/>\nLunes a Viernes: 10h a 14 h y de 17h a 20h<br \/>\nS\u00e1bados y Domingos de 11h a 14h<br \/>\n(Recomendable reservar en el telf: +34 625 728 589)<\/p>\n<p><strong>Actividades:<\/strong><br \/>\nVisita guiada a la bodega subterr\u00e1nea con cata comentada de tres vinos: Precio: 5\u20ac\/persona. Ni\u00f1os gratis.<\/p>\n<p><strong>Idiomas:<\/strong>\u00a0Espa\u00f1ol, ingl\u00e9s.<\/p>\n<p>M\u00e1s informaci\u00f3n en su web: <strong><a href=\"http:\/\/lasluceras.com\/\">lasluceras.com<\/a><\/strong><\/p>\n<h2><strong>Enoturismo en Palenzuela<\/strong><\/h2>\n<p>Otra propuesta enotur\u00edstica de la comarca del Cerrato Palentino es la de Bodegas <strong>Pagos de Negredo<\/strong> en Palenzuela.<\/p>\n<figure id=\"attachment_35304\" aria-describedby=\"caption-attachment-35304\" style=\"width: 1065px\" class=\"wp-caption aligncenter\"><img decoding=\"async\" class=\"size-full wp-image-35304\" src=\"https:\/\/destinocastillayleon.es\/index\/wp-content\/uploads\/2022\/05\/Bodega-Pagos-de-Negredo-1.jpg\" alt=\"Bodega Pagos de Negredo (1)\" width=\"1065\" height=\"600\" srcset=\"https:\/\/destinocastillayleon.es\/index\/wp-content\/uploads\/2022\/05\/Bodega-Pagos-de-Negredo-1.jpg 1065w, https:\/\/destinocastillayleon.es\/index\/wp-content\/uploads\/2022\/05\/Bodega-Pagos-de-Negredo-1-300x169.jpg 300w, https:\/\/destinocastillayleon.es\/index\/wp-content\/uploads\/2022\/05\/Bodega-Pagos-de-Negredo-1-1024x577.jpg 1024w, https:\/\/destinocastillayleon.es\/index\/wp-content\/uploads\/2022\/05\/Bodega-Pagos-de-Negredo-1-768x433.jpg 768w\" sizes=\"(max-width: 1065px) 100vw, 1065px\" \/><figcaption id=\"caption-attachment-35304\" class=\"wp-caption-text\"><em>Visita al vi\u00f1edo &#8211; Bodega Pagos de Negredo<\/em><\/figcaption><\/figure>\n<p>Si te gustan los vinos de la D.O Arlanza o no los has probado nunca pero t<strong>e apetece probar algo distinto,<\/strong> esta bodega es la m\u00e1s apropiada. <strong>Sus vinos son el buque insignia de la DO. Arlanza.<\/strong> Vinos con <strong>personalidad propia<\/strong> que buscan tener sus propias particularidades huyendo del \u00abintentar parecerse a\u00bb los vinos Rioja, Ribera del Duero o Toro.<\/p>\n<p><img decoding=\"async\" class=\"aligncenter size-full wp-image-35305\" src=\"https:\/\/destinocastillayleon.es\/index\/wp-content\/uploads\/2022\/05\/Cata-de-los-vinos-Quinta-Negredo-1.jpg\" alt=\"Cata de los vinos Quinta Negredo\" width=\"338\" height=\"600\" srcset=\"https:\/\/destinocastillayleon.es\/index\/wp-content\/uploads\/2022\/05\/Cata-de-los-vinos-Quinta-Negredo-1.jpg 338w, https:\/\/destinocastillayleon.es\/index\/wp-content\/uploads\/2022\/05\/Cata-de-los-vinos-Quinta-Negredo-1-169x300.jpg 169w\" sizes=\"(max-width: 338px) 100vw, 338px\" \/><\/p>\n<p>La visita empieza en el vi\u00f1edo. Hasta que no se pisa terru\u00f1o no se comprenden sus vinos. <strong>Un pago de altitud<\/strong> en un terreno tremendamente pedregoso. Despu\u00e9s se visita la bodega (una nave industrial con dep\u00f3sitos de acero inoxidable), no muy atractivo para el visitante salvo por el paso siguiente que no debes perderte: <strong>la cata de dos de sus vinos.\u00a0<\/strong><\/p>\n<p>M\u00e1s informaci\u00f3n sobre c\u00f3mo visitar esta bodega o adquirir sus vinos en su web:<strong> <a href=\"http:\/\/www.pagosdenegredo.com\/index.php?id=44\">www.pagosdenegredo.com<\/a><\/strong><\/p>\n<h2><strong>Gastronom\u00eda del Cerrato Palentino<\/strong><\/h2>\n<p>Si a la arquitectura popular de la comarca con sus barrios de bodegas tradicionales, casas-cueva, molinos, chozos de pastor, palomares y yeseras le sumamos <strong>su rica gastronom\u00eda,<\/strong> la experiencia no puede ser m\u00e1s perfecta.<\/p>\n<p>En esta zona podr\u00e1s degustar los afamados <strong>pimientos de Torquemada,<\/strong> sus diferentes variedades de quesos, el lechazo asado, <strong>las sopas de ajo con costra, <\/strong>la menestra palentina<strong>,<\/strong> los caracoles, las perdices de tiro guisadas, los foies de Selectos de Castilla, las cebollas de Palenzuela&#8230;<\/p>\n<h3><strong>Comer en el Mes\u00f3n del Cerrato<\/strong><\/h3>\n<p>Se trata de <strong>uno de los restaurantes m\u00e1s afamados<\/strong> de la comarca del Cerrato que cuenta con un sol de la Gu\u00eda Repsol. Esta buena fama se la han ganado a pulso las tres hermanas Gonz\u00e1lez, \u00a0<strong>Patricia, Vanessa y Yovana, <\/strong>que actualmente regentan el negocio con una oferta gastron\u00f3mica clara: <strong>productos locales de calidad<\/strong> y <strong>recetas de siempre actualizadas,<\/strong>\u00a0junto a una <strong>sorprendente carta de postres de autor.<\/strong><\/p>\n<figure id=\"attachment_35301\" aria-describedby=\"caption-attachment-35301\" style=\"width: 1065px\" class=\"wp-caption aligncenter\"><img decoding=\"async\" class=\"size-full wp-image-35301\" src=\"https:\/\/destinocastillayleon.es\/index\/wp-content\/uploads\/2022\/05\/Meson-del-Cerrato-1.jpg\" alt=\"Comer en el Mes\u00f3n del Cerrato\" width=\"1065\" height=\"600\" srcset=\"https:\/\/destinocastillayleon.es\/index\/wp-content\/uploads\/2022\/05\/Meson-del-Cerrato-1.jpg 1065w, https:\/\/destinocastillayleon.es\/index\/wp-content\/uploads\/2022\/05\/Meson-del-Cerrato-1-300x169.jpg 300w, https:\/\/destinocastillayleon.es\/index\/wp-content\/uploads\/2022\/05\/Meson-del-Cerrato-1-1024x577.jpg 1024w, https:\/\/destinocastillayleon.es\/index\/wp-content\/uploads\/2022\/05\/Meson-del-Cerrato-1-768x433.jpg 768w\" sizes=\"(max-width: 1065px) 100vw, 1065px\" \/><figcaption id=\"caption-attachment-35301\" class=\"wp-caption-text\"><em>Comer en el Mes\u00f3n del Cerrato<\/em><\/figcaption><\/figure>\n<p>Una verdadera gastro locura que os invitamos a probar y conocer. <strong>Sumamente recomendable.<\/strong> En su carta podemos encontrar propuestas tan variopintas como: sopa de ajo en sart\u00e9n, alubiones de la granja con callos, los famosos pimientos de Torquemada, queso curado de oveja, boletus con espuma de patata, alb\u00f3ndigas de solomillo; <strong>los platos tradicionales de lechazo<\/strong> (lechazo asado, ri\u00f1ones a la plancha, chuletillas a la plancha, manillas guisadas&#8230;); o <strong>sus guisos de siempre<\/strong> como el rabo de buey, pich\u00f3n estofado de Tierra de Campos, etc.<\/p>\n<figure id=\"attachment_35302\" aria-describedby=\"caption-attachment-35302\" style=\"width: 1026px\" class=\"wp-caption aligncenter\"><img decoding=\"async\" class=\"size-full wp-image-35302\" src=\"https:\/\/destinocastillayleon.es\/index\/wp-content\/uploads\/2022\/05\/sopas-de-ajo-con-costra-1.jpg\" alt=\"sopas de ajo con costra (1)\" width=\"1026\" height=\"684\" srcset=\"https:\/\/destinocastillayleon.es\/index\/wp-content\/uploads\/2022\/05\/sopas-de-ajo-con-costra-1.jpg 1026w, https:\/\/destinocastillayleon.es\/index\/wp-content\/uploads\/2022\/05\/sopas-de-ajo-con-costra-1-300x200.jpg 300w, https:\/\/destinocastillayleon.es\/index\/wp-content\/uploads\/2022\/05\/sopas-de-ajo-con-costra-1-1024x683.jpg 1024w, https:\/\/destinocastillayleon.es\/index\/wp-content\/uploads\/2022\/05\/sopas-de-ajo-con-costra-1-768x512.jpg 768w, https:\/\/destinocastillayleon.es\/index\/wp-content\/uploads\/2022\/05\/sopas-de-ajo-con-costra-1-600x400.jpg 600w\" sizes=\"(max-width: 1026px) 100vw, 1026px\" \/><figcaption id=\"caption-attachment-35302\" class=\"wp-caption-text\"><em>sopas de ajo con costra &#8211; Mes\u00f3n el Cerrato<\/em><\/figcaption><\/figure>\n<p>Los <strong>postres de autor<\/strong> son de otro mundo. Aut\u00e9nticas virguer\u00edas y trampantojos como un lim\u00f3n o una hamburguesa que en realidad son dulces&#8230;<\/p>\n<p>M\u00e1s informaci\u00f3n en su web: <strong><a href=\"https:\/\/mesonesdelcerrato.es\/\">mesonesdelcerrato.es<\/a><\/strong>.<\/p>\n<h3><strong>Comer en la bodega del Canal<\/strong><\/h3>\n<p>Junto al Canal de Castilla se encuentra <strong>La Bodega del Canal. <\/strong>Un restaurante que no se rompe la cabeza con la carta y <strong>ofrece platos de siempre<\/strong> pero muy ricos para todos aquellos amantes de la gastronom\u00eda m\u00e1s tradicional. Consta de tres salones. Uno en la planta superior para comidas y cenas m\u00e1s informales, otro m\u00e1s grande donde se sirve la <strong>carta principal y men\u00fas del d\u00eda<\/strong> y otro m\u00e1s peque\u00f1o, a modo de comedor privado.<\/p>\n<figure id=\"attachment_35303\" aria-describedby=\"caption-attachment-35303\" style=\"width: 1065px\" class=\"wp-caption aligncenter\"><img decoding=\"async\" class=\"size-full wp-image-35303\" src=\"https:\/\/destinocastillayleon.es\/index\/wp-content\/uploads\/2022\/05\/Restaurante-La-bodega-del-Canal-2.jpg\" alt=\"Restaurante La bodega del Canal (2)\" width=\"1065\" height=\"600\" srcset=\"https:\/\/destinocastillayleon.es\/index\/wp-content\/uploads\/2022\/05\/Restaurante-La-bodega-del-Canal-2.jpg 1065w, https:\/\/destinocastillayleon.es\/index\/wp-content\/uploads\/2022\/05\/Restaurante-La-bodega-del-Canal-2-300x169.jpg 300w, https:\/\/destinocastillayleon.es\/index\/wp-content\/uploads\/2022\/05\/Restaurante-La-bodega-del-Canal-2-1024x577.jpg 1024w, https:\/\/destinocastillayleon.es\/index\/wp-content\/uploads\/2022\/05\/Restaurante-La-bodega-del-Canal-2-768x433.jpg 768w\" sizes=\"(max-width: 1065px) 100vw, 1065px\" \/><figcaption id=\"caption-attachment-35303\" class=\"wp-caption-text\"><em>Restaurante La bodega del Canal<\/em><\/figcaption><\/figure>\n<p>Aqu\u00ed encontrar\u00e1s platos tan t\u00edpicos como arroces con bogavante, alubias blancas a la asturiana, <strong>lechazo asado<\/strong> (plato estrella de la casa), sopas de ajo con costra, bacalao con muselina, at\u00fan braseado&#8230;<\/p>\n<p>M\u00e1s informaci\u00f3n en su web <strong><a href=\"https:\/\/labodegadelcanal.es\/\">labodegadelcanal.es<\/a><\/strong>.<\/p>\n<h2><strong>Dormir en el Cerrato Palentino<\/strong><\/h2>\n<p>La experiencia se completa durmiendo como un marqu\u00e9s en una finca en medio de la naturaleza. Despertar escuchando los pajaritos en medio de la m\u00e1s absoluta nada, donde poder perderse y a la vez encontrarse con uno mismo. <strong>Un lugar donde la autenticidad es la verdera se\u00f1a de su calidad. <\/strong>Hablamos de la<strong> Finca el Cercado.<\/strong><\/p>\n<figure id=\"attachment_35306\" aria-describedby=\"caption-attachment-35306\" style=\"width: 1065px\" class=\"wp-caption aligncenter\"><img decoding=\"async\" class=\"size-full wp-image-35306\" src=\"https:\/\/destinocastillayleon.es\/index\/wp-content\/uploads\/2022\/05\/IMG20220505094102-1.jpg\" alt=\"Sala de lectura en la Finca el Cercado - Cerrato Palentino\" width=\"1065\" height=\"600\" srcset=\"https:\/\/destinocastillayleon.es\/index\/wp-content\/uploads\/2022\/05\/IMG20220505094102-1.jpg 1065w, https:\/\/destinocastillayleon.es\/index\/wp-content\/uploads\/2022\/05\/IMG20220505094102-1-300x169.jpg 300w, https:\/\/destinocastillayleon.es\/index\/wp-content\/uploads\/2022\/05\/IMG20220505094102-1-1024x577.jpg 1024w, https:\/\/destinocastillayleon.es\/index\/wp-content\/uploads\/2022\/05\/IMG20220505094102-1-768x433.jpg 768w\" sizes=\"(max-width: 1065px) 100vw, 1065px\" \/><figcaption id=\"caption-attachment-35306\" class=\"wp-caption-text\"><em>Sala de lectura en la Finca el Cercado &#8211; Cerrato Palentino<\/em><\/figcaption><\/figure>\n<p><strong>Este alojamiento es de alquiler \u00edntegro.<\/strong> Cuenta con 7 habitaciones dobles en suite con ba\u00f1o (para 14 personas + 2 extras) y una casa de invitados con 2 habitaciones (3 personas + 1 extra). Adem\u00e1s del alojamiento se ofrece la organizaci\u00f3n de <strong>experiencias gastron\u00f3micas,<\/strong>\u00a0la contrataci\u00f3n de <strong>un chef para disfrutar de un distinguido catering<\/strong> y la celebraci\u00f3n de otros eventos como bodas, comuniones, aniversarios, etc.<\/p>\n<figure id=\"attachment_35307\" aria-describedby=\"caption-attachment-35307\" style=\"width: 1065px\" class=\"wp-caption aligncenter\"><img decoding=\"async\" class=\"size-full wp-image-35307\" src=\"https:\/\/destinocastillayleon.es\/index\/wp-content\/uploads\/2022\/05\/Habitacion-del-Obispo-en-la-Finca-el-Cercado-1.jpg\" alt=\"Habitaci\u00f3n del Obispo en la Finca el Cercado (1)\" width=\"1065\" height=\"600\" srcset=\"https:\/\/destinocastillayleon.es\/index\/wp-content\/uploads\/2022\/05\/Habitacion-del-Obispo-en-la-Finca-el-Cercado-1.jpg 1065w, https:\/\/destinocastillayleon.es\/index\/wp-content\/uploads\/2022\/05\/Habitacion-del-Obispo-en-la-Finca-el-Cercado-1-300x169.jpg 300w, https:\/\/destinocastillayleon.es\/index\/wp-content\/uploads\/2022\/05\/Habitacion-del-Obispo-en-la-Finca-el-Cercado-1-1024x577.jpg 1024w, https:\/\/destinocastillayleon.es\/index\/wp-content\/uploads\/2022\/05\/Habitacion-del-Obispo-en-la-Finca-el-Cercado-1-768x433.jpg 768w\" sizes=\"(max-width: 1065px) 100vw, 1065px\" \/><figcaption id=\"caption-attachment-35307\" class=\"wp-caption-text\"><em>Habitaci\u00f3n del Obispo en la Finca el Cercado\u00a0<\/em><\/figcaption><\/figure>\n<p>M\u00e1s informaci\u00f3n en su web: <strong><a href=\"https:\/\/www.fincaelcercado.com\/\">www.fincaelcercado.com<\/a><\/strong>.<\/p>\n<h2><strong>Otros planes por el Cerrato Palentino<\/strong><\/h2>\n<p>Este territorio nos ofrece un amplio abanico de posibilidades para disfrutar, ya sea en familia o con amigos, pues esta tierra atesora muchos m\u00e1s atractivos adem\u00e1s del enoturismo, como son los culturales, deportivos, de naturaleza y monumentales. A continuaci\u00f3n, te dejamos enlistadas unas cuantas actividades:<\/p>\n<ul>\n<li>Visitar <strong>la bas\u00edlica San Juan de Ba\u00f1os<\/strong>, la Iglesia m\u00e1s antigua de Espa\u00f1a y Bien de Inter\u00e9s Cultural. Esta sencilla bas\u00edlica prerrom\u00e1nica est\u00e1 considerada como la iglesia en pie m\u00e1s antigua de Espa\u00f1a; un edificio del siglo VII, arquitectura visigoda de la cual no quedan muchos ejemplos y es por eso que este es uno de los monumentos m\u00e1s reconocidos.<\/li>\n<li>Visitar las ruinas de<strong> la Iglesia abandonada de Santa Eulalia<\/strong> en Palenzuela donde se contempla un atardecer verdaderamente m\u00e1gico.<\/li>\n<li><strong>Rutas de senderismo<\/strong> por la ribera del r\u00edo Pisuerga a su paso por Reinoso del Cerrato<\/li>\n<li>Rutas naturales por<strong> Villaviudas<\/strong><\/li>\n<li><strong>Ruta Montes del Cerrato<\/strong> (De Baltan\u00e1s a Antig\u00fcedad); Ruta Monte Gir\u00f3n (Cevico Navero); Ruta Monte de la Ti\u00f1osa Vallae de Arranca (Vertavillo), Ruta Monte de Due\u00f1as (Due\u00f1as); Ruta Montes de Torquemada (Villamediana).<\/li>\n<li>Excursiones y <strong>rutas guiadas con burros zamoranos<\/strong> en el Centro de Ocio \u00abLos Ca\u00f1os en Antig\u00fcedad. (Tel\u00e9fono: 680 81 83 23) su precio es de 10\u20ac\/hora<\/li>\n<li>Recorrer el canal de castilla en Mountain Bike<\/li>\n<li><strong>Down Hill<\/strong> en Baltan\u00e1s<\/li>\n<\/ul>\n<p>\u00bfConoces alguna actividad m\u00e1s en la comarca que nos hayamos pasado por alto y que creas que debe estar en este art\u00edculo?<strong> \u00a1D\u00e9janos tu comentario!<\/strong> \u00a1Nos leemos!<\/p>\n<h4>Tambi\u00e9n te puede interesar&#8230;<\/h4>\n<ul>\n<li ><a title=\"View 10 planes para hacer con ni\u00f1os en la Monta\u00f1a Palentina\" href=\"https:\/\/destinocastillayleon.es\/index\/10-planes-para-hacer-con-ninos-en-la-montana-palentina\/\" target=\"_self\" rel=\"bookmark noopener\">10 planes para hacer con ni\u00f1os en la Monta\u00f1a Palentina<\/a><\/li>\n<li ><a title=\"View Gu\u00eda para visitar Ampudia, la Bella de Campos en Palencia\" href=\"https:\/\/destinocastillayleon.es\/index\/guia-para-visitar-ampudia-la-bella-de-campos-en-palencia\/\" target=\"_self\" rel=\"bookmark noopener\">Gu\u00eda para visitar Ampudia, la Bella de Campos en Palencia<\/a><\/li>\n<li><a title=\"View Descubre Palencia, la bella desconocida\" href=\"https:\/\/destinocastillayleon.es\/index\/palencia-la-bella-desconocida\/\" target=\"_self\" rel=\"bookmark noopener\">Descubre Palencia, la bella desconocida<\/a><\/li>\n<li ><a title=\"View Enoturismo en Palencia \u00a1De vinos entre amigos!\" href=\"https:\/\/destinocastillayleon.es\/index\/enoturismo-en-palencia-de-vinos-entre-amigos-2\/\" target=\"_self\" rel=\"bookmark noopener\">Enoturismo en Palencia \u00a1De vinos entre amigos!<\/a><\/li>\n<li ><a title=\"View Ruta de tapas por Palencia\" href=\"https:\/\/destinocastillayleon.es\/index\/ruta-de-tapas-por-palencia\/\" target=\"_self\" rel=\"bookmark noopener\">Ruta de tapas por Palencia<\/a><\/li>\n<li><a title=\"View Descubre m\u00e1s planes para hacer por la monta\u00f1a palentina en familia\" href=\"https:\/\/destinocastillayleon.es\/index\/montana-palentina-en-familia\/\" target=\"_self\" rel=\"bookmark noopener\">Descubre m\u00e1s planes para hacer por la monta\u00f1a palentina en familia<\/a><\/li>\n<li ><a title=\"View El Castillo Encantado de Trigueros del Valle\" href=\"https:\/\/destinocastillayleon.es\/index\/castillo-encantado-de-trigueros-del-valle\/\" target=\"_self\" rel=\"bookmark noopener\">El Castillo Encantado de Trigueros del Valle<\/a><\/li>\n<li ><a title=\"View Viaje al coraz\u00f3n del rom\u00e1nico palentino \u00a1Un rom\u00e1nico que no te esperas!\" href=\"https:\/\/destinocastillayleon.es\/index\/viaje-al-corazon-del-romanico-palentino\/\" target=\"_self\" rel=\"bookmark noopener\">Viaje al coraz\u00f3n del rom\u00e1nico palentino \u00a1Un rom\u00e1nico que no te esperas!<\/a><\/li>\n<\/ul>\n<p>&nbsp;<\/p>\n","protected":false},"excerpt":{"rendered":"<p>Enoturismo en el Cerrato Palentino \u00a1Descubre sus bodegas subterr\u00e1neas y prueba sus vinos! Te contamos todo lo que puedes hacer en la comarca<\/p>\n","protected":false},"author":6,"featured_media":35308,"comment_status":"open","ping_status":"closed","sticky":false,"template":"","format":"standard","meta":{"rop_custom_images_group":[],"rop_custom_messages_group":[],"rop_publish_now":"initial","rop_publish_now_accounts":{"twitter_1150954226_1150954226":""},"rop_publish_now_history":[],"rop_publish_now_status":"pending","footnotes":""},"categories":[48,3472,4199,42,4717,68,4344,1411],"tags":[5989,4626,4121,4329,798,646,4330,991,1130,2517,3956],"class_list":["post-35273","post","type-post","status-publish","format-standard","has-post-thumbnail","hentry","category-enoturismo","category-inspirate","category-microdestino-palencia","category-palencia","category-palencia-turismo","category-post_inicial","category-que-hacer-enoturismo-palencia","category-visitando_bodegas","tag-actividad-turistica-en-palencia","tag-bodegas-de-palencia","tag-casas-rurales-en-palencia","tag-comer-en-enoturismo-palencia","tag-comer-en-palencia","tag-enoturismo-en-palencia","tag-enoturismo-palencia","tag-gastronomia-de-palencia","tag-gastronomia-en-palencia","tag-hacer-enoturismo","tag-ocio-en-palencia"],"yoast_head":"<!-- This site is optimized with the Yoast SEO Premium plugin v20.4 (Yoast SEO v27.4) - https:\/\/yoast.com\/product\/yoast-seo-premium-wordpress\/ -->\n<title>Enoturismo en el Cerrato Palentino - Destino Castilla y Le\u00f3n<\/title>\n<meta name=\"description\" content=\"Enoturismo en el Cerrato Palentino \u00a1Descubre sus bodegas subterr\u00e1neas y prueba sus vinos! Te contamos todo lo que puedes hacer en la comarca\" \/>\n<meta name=\"robots\" content=\"index, follow, max-snippet:-1, max-image-preview:large, max-video-preview:-1\" \/>\n<link rel=\"canonical\" href=\"https:\/\/destinocastillayleon.es\/index\/viajar-al-cerrato-palentino\/\" \/>\n<meta property=\"og:locale\" content=\"es_ES\" \/>\n<meta property=\"og:type\" content=\"article\" \/>\n<meta property=\"og:title\" content=\"Enoturismo en el Cerrato Palentino - Destino Castilla y Le\u00f3n\" \/>\n<meta property=\"og:description\" content=\"Enoturismo en el Cerrato Palentino \u00a1Descubre sus bodegas subterr\u00e1neas y prueba sus vinos! Te contamos todo lo que puedes hacer en la comarca\" \/>\n<meta property=\"og:url\" content=\"https:\/\/destinocastillayleon.es\/index\/viajar-al-cerrato-palentino\/\" \/>\n<meta property=\"og:site_name\" content=\"Destino Castilla y Le\u00f3n\" \/>\n<meta property=\"article:publisher\" content=\"https:\/\/www.facebook.com\/DestinoCastillaYLeon\/\" \/>\n<meta property=\"article:published_time\" content=\"2022-05-16T18:34:18+00:00\" \/>\n<meta property=\"article:modified_time\" content=\"2022-05-18T10:23:53+00:00\" \/>\n<meta property=\"og:image\" content=\"https:\/\/destinocastillayleon.es\/index\/wp-content\/uploads\/2022\/05\/Viaje-al-Cerrato-Palentino-2.jpg\" \/>\n\t<meta property=\"og:image:width\" content=\"1168\" \/>\n\t<meta property=\"og:image:height\" content=\"658\" \/>\n\t<meta property=\"og:image:type\" content=\"image\/jpeg\" \/>\n<meta name=\"author\" content=\"Lola Hernandez\" \/>\n<meta name=\"twitter:card\" content=\"summary_large_image\" \/>\n<meta name=\"twitter:title\" content=\"Enoturismo en el Cerrato Palentino - Destino Castilla y Le\u00f3n\" \/>\n<meta name=\"twitter:description\" content=\"Enoturismo en el Cerrato Palentino \u00a1Descubre sus bodegas subterr\u00e1neas y prueba sus vinos! Te contamos todo lo que puedes hacer en la comarca\" \/>\n<meta name=\"twitter:image\" content=\"https:\/\/destinocastillayleon.es\/index\/wp-content\/uploads\/2022\/05\/Viaje-al-Cerrato-Palentino-2.jpg\" \/>\n<meta name=\"twitter:creator\" content=\"@destinocyl\" \/>\n<meta name=\"twitter:site\" content=\"@destinocyl\" \/>\n<meta name=\"twitter:label1\" content=\"Escrito por\" \/>\n\t<meta name=\"twitter:data1\" content=\"Lola Hernandez\" \/>\n\t<meta name=\"twitter:label2\" content=\"Tiempo de lectura\" \/>\n\t<meta name=\"twitter:data2\" content=\"18 minutos\" \/>\n<script type=\"application\/ld+json\" class=\"yoast-schema-graph\">{\"@context\":\"https:\\\/\\\/schema.org\",\"@graph\":[{\"@type\":\"Article\",\"@id\":\"https:\\\/\\\/destinocastillayleon.es\\\/index\\\/viajar-al-cerrato-palentino\\\/#article\",\"isPartOf\":{\"@id\":\"https:\\\/\\\/destinocastillayleon.es\\\/index\\\/viajar-al-cerrato-palentino\\\/\"},\"author\":{\"name\":\"Lola Hernandez\",\"@id\":\"https:\\\/\\\/destinocastillayleon.es\\\/index\\\/#\\\/schema\\\/person\\\/49ffcb7eb307589ba529009335ed7767\"},\"headline\":\"Enoturismo en el Cerrato Palentino \u00a1Un viaje al sabor de lo aut\u00e9ntico!\",\"datePublished\":\"2022-05-16T18:34:18+00:00\",\"dateModified\":\"2022-05-18T10:23:53+00:00\",\"mainEntityOfPage\":{\"@id\":\"https:\\\/\\\/destinocastillayleon.es\\\/index\\\/viajar-al-cerrato-palentino\\\/\"},\"wordCount\":3318,\"commentCount\":0,\"image\":{\"@id\":\"https:\\\/\\\/destinocastillayleon.es\\\/index\\\/viajar-al-cerrato-palentino\\\/#primaryimage\"},\"thumbnailUrl\":\"https:\\\/\\\/destinocastillayleon.es\\\/index\\\/wp-content\\\/uploads\\\/2022\\\/05\\\/Viaje-al-Cerrato-Palentino-2.jpg\",\"keywords\":[\"actividad tur\u00edstica en Palencia\",\"bodegas de palencia\",\"Casas Rurales en Palencia\",\"comer en enoturismo palencia\",\"comer en Palencia\",\"enoturismo en Palencia\",\"enoturismo palencia\",\"Gastronom\u00eda de Palencia\",\"Gastronom\u00eda en Palencia\",\"hacer enoturismo\",\"Ocio en Palencia\"],\"articleSection\":[\"enoturismo\",\"Inspirate\",\"Microdestino Palencia\",\"Palencia\",\"Palencia turismo\",\"Post_inicial\",\"Qu\u00e9 hacer en Enoturismo Palencia\",\"Visitando Bodegas\"],\"inLanguage\":\"es\",\"potentialAction\":[{\"@type\":\"CommentAction\",\"name\":\"Comment\",\"target\":[\"https:\\\/\\\/destinocastillayleon.es\\\/index\\\/viajar-al-cerrato-palentino\\\/#respond\"]}]},{\"@type\":\"WebPage\",\"@id\":\"https:\\\/\\\/destinocastillayleon.es\\\/index\\\/viajar-al-cerrato-palentino\\\/\",\"url\":\"https:\\\/\\\/destinocastillayleon.es\\\/index\\\/viajar-al-cerrato-palentino\\\/\",\"name\":\"Enoturismo en el Cerrato Palentino - Destino Castilla y Le\u00f3n\",\"isPartOf\":{\"@id\":\"https:\\\/\\\/destinocastillayleon.es\\\/index\\\/#website\"},\"primaryImageOfPage\":{\"@id\":\"https:\\\/\\\/destinocastillayleon.es\\\/index\\\/viajar-al-cerrato-palentino\\\/#primaryimage\"},\"image\":{\"@id\":\"https:\\\/\\\/destinocastillayleon.es\\\/index\\\/viajar-al-cerrato-palentino\\\/#primaryimage\"},\"thumbnailUrl\":\"https:\\\/\\\/destinocastillayleon.es\\\/index\\\/wp-content\\\/uploads\\\/2022\\\/05\\\/Viaje-al-Cerrato-Palentino-2.jpg\",\"datePublished\":\"2022-05-16T18:34:18+00:00\",\"dateModified\":\"2022-05-18T10:23:53+00:00\",\"author\":{\"@id\":\"https:\\\/\\\/destinocastillayleon.es\\\/index\\\/#\\\/schema\\\/person\\\/49ffcb7eb307589ba529009335ed7767\"},\"description\":\"Enoturismo en el Cerrato Palentino \u00a1Descubre sus bodegas subterr\u00e1neas y prueba sus vinos! Te contamos todo lo que puedes hacer en la comarca\",\"breadcrumb\":{\"@id\":\"https:\\\/\\\/destinocastillayleon.es\\\/index\\\/viajar-al-cerrato-palentino\\\/#breadcrumb\"},\"inLanguage\":\"es\",\"potentialAction\":[{\"@type\":\"ReadAction\",\"target\":[\"https:\\\/\\\/destinocastillayleon.es\\\/index\\\/viajar-al-cerrato-palentino\\\/\"]}]},{\"@type\":\"ImageObject\",\"inLanguage\":\"es\",\"@id\":\"https:\\\/\\\/destinocastillayleon.es\\\/index\\\/viajar-al-cerrato-palentino\\\/#primaryimage\",\"url\":\"https:\\\/\\\/destinocastillayleon.es\\\/index\\\/wp-content\\\/uploads\\\/2022\\\/05\\\/Viaje-al-Cerrato-Palentino-2.jpg\",\"contentUrl\":\"https:\\\/\\\/destinocastillayleon.es\\\/index\\\/wp-content\\\/uploads\\\/2022\\\/05\\\/Viaje-al-Cerrato-Palentino-2.jpg\",\"width\":1168,\"height\":658,\"caption\":\"Viaje al Cerrato Palentino (2)\"},{\"@type\":\"BreadcrumbList\",\"@id\":\"https:\\\/\\\/destinocastillayleon.es\\\/index\\\/viajar-al-cerrato-palentino\\\/#breadcrumb\",\"itemListElement\":[{\"@type\":\"ListItem\",\"position\":1,\"name\":\"Portada\",\"item\":\"https:\\\/\\\/destinocastillayleon.es\\\/index\\\/\"},{\"@type\":\"ListItem\",\"position\":2,\"name\":\"Enoturismo en el Cerrato Palentino \u00a1Un viaje al sabor de lo aut\u00e9ntico!\"}]},{\"@type\":\"WebSite\",\"@id\":\"https:\\\/\\\/destinocastillayleon.es\\\/index\\\/#website\",\"url\":\"https:\\\/\\\/destinocastillayleon.es\\\/index\\\/\",\"name\":\"Destino Castilla y Le\u00f3n\",\"description\":\"Medio digital independiente y revista de Castilla y Le\u00f3n dedicado al turismo, gastronom\u00eda y vino de Castilla y Le\u00f3n\",\"potentialAction\":[{\"@type\":\"SearchAction\",\"target\":{\"@type\":\"EntryPoint\",\"urlTemplate\":\"https:\\\/\\\/destinocastillayleon.es\\\/index\\\/?s={search_term_string}\"},\"query-input\":{\"@type\":\"PropertyValueSpecification\",\"valueRequired\":true,\"valueName\":\"search_term_string\"}}],\"inLanguage\":\"es\"},{\"@type\":\"Person\",\"@id\":\"https:\\\/\\\/destinocastillayleon.es\\\/index\\\/#\\\/schema\\\/person\\\/49ffcb7eb307589ba529009335ed7767\",\"name\":\"Lola Hernandez\",\"image\":{\"@type\":\"ImageObject\",\"inLanguage\":\"es\",\"@id\":\"https:\\\/\\\/secure.gravatar.com\\\/avatar\\\/72ead65e55ad0522fba484acfe2842bf78b2f7c727df41d76fed78a85519da34?s=96&d=mm&r=g\",\"url\":\"https:\\\/\\\/secure.gravatar.com\\\/avatar\\\/72ead65e55ad0522fba484acfe2842bf78b2f7c727df41d76fed78a85519da34?s=96&d=mm&r=g\",\"contentUrl\":\"https:\\\/\\\/secure.gravatar.com\\\/avatar\\\/72ead65e55ad0522fba484acfe2842bf78b2f7c727df41d76fed78a85519da34?s=96&d=mm&r=g\",\"caption\":\"Lola Hernandez\"},\"description\":\"Lola Hern\u00e1ndez fue fundadora y directora de www.destinocastillayleon.es Escribiendo sobre turismo, gastronom\u00eda y vino de su tierra de origen, Castilla y Le\u00f3n.\",\"sameAs\":[\"http:\\\/\\\/www.destinoysabor.com\\\/blog\"],\"url\":\"https:\\\/\\\/destinocastillayleon.es\\\/index\\\/author\\\/lola-hernandez\\\/\"}]}<\/script>\n<!-- \/ Yoast SEO Premium plugin. -->","yoast_head_json":{"title":"Enoturismo en el Cerrato Palentino - Destino Castilla y Le\u00f3n","description":"Enoturismo en el Cerrato Palentino \u00a1Descubre sus bodegas subterr\u00e1neas y prueba sus vinos! Te contamos todo lo que puedes hacer en la comarca","robots":{"index":"index","follow":"follow","max-snippet":"max-snippet:-1","max-image-preview":"max-image-preview:large","max-video-preview":"max-video-preview:-1"},"canonical":"https:\/\/destinocastillayleon.es\/index\/viajar-al-cerrato-palentino\/","og_locale":"es_ES","og_type":"article","og_title":"Enoturismo en el Cerrato Palentino - Destino Castilla y Le\u00f3n","og_description":"Enoturismo en el Cerrato Palentino \u00a1Descubre sus bodegas subterr\u00e1neas y prueba sus vinos! Te contamos todo lo que puedes hacer en la comarca","og_url":"https:\/\/destinocastillayleon.es\/index\/viajar-al-cerrato-palentino\/","og_site_name":"Destino Castilla y Le\u00f3n","article_publisher":"https:\/\/www.facebook.com\/DestinoCastillaYLeon\/","article_published_time":"2022-05-16T18:34:18+00:00","article_modified_time":"2022-05-18T10:23:53+00:00","og_image":[{"width":1168,"height":658,"url":"https:\/\/destinocastillayleon.es\/index\/wp-content\/uploads\/2022\/05\/Viaje-al-Cerrato-Palentino-2.jpg","type":"image\/jpeg"}],"author":"Lola Hernandez","twitter_card":"summary_large_image","twitter_title":"Enoturismo en el Cerrato Palentino - Destino Castilla y Le\u00f3n","twitter_description":"Enoturismo en el Cerrato Palentino \u00a1Descubre sus bodegas subterr\u00e1neas y prueba sus vinos! Te contamos todo lo que puedes hacer en la comarca","twitter_image":"https:\/\/destinocastillayleon.es\/index\/wp-content\/uploads\/2022\/05\/Viaje-al-Cerrato-Palentino-2.jpg","twitter_creator":"@destinocyl","twitter_site":"@destinocyl","twitter_misc":{"Escrito por":"Lola Hernandez","Tiempo de lectura":"18 minutos"},"schema":{"@context":"https:\/\/schema.org","@graph":[{"@type":"Article","@id":"https:\/\/destinocastillayleon.es\/index\/viajar-al-cerrato-palentino\/#article","isPartOf":{"@id":"https:\/\/destinocastillayleon.es\/index\/viajar-al-cerrato-palentino\/"},"author":{"name":"Lola Hernandez","@id":"https:\/\/destinocastillayleon.es\/index\/#\/schema\/person\/49ffcb7eb307589ba529009335ed7767"},"headline":"Enoturismo en el Cerrato Palentino \u00a1Un viaje al sabor de lo aut\u00e9ntico!","datePublished":"2022-05-16T18:34:18+00:00","dateModified":"2022-05-18T10:23:53+00:00","mainEntityOfPage":{"@id":"https:\/\/destinocastillayleon.es\/index\/viajar-al-cerrato-palentino\/"},"wordCount":3318,"commentCount":0,"image":{"@id":"https:\/\/destinocastillayleon.es\/index\/viajar-al-cerrato-palentino\/#primaryimage"},"thumbnailUrl":"https:\/\/destinocastillayleon.es\/index\/wp-content\/uploads\/2022\/05\/Viaje-al-Cerrato-Palentino-2.jpg","keywords":["actividad tur\u00edstica en Palencia","bodegas de palencia","Casas Rurales en Palencia","comer en enoturismo palencia","comer en Palencia","enoturismo en Palencia","enoturismo palencia","Gastronom\u00eda de Palencia","Gastronom\u00eda en Palencia","hacer enoturismo","Ocio en Palencia"],"articleSection":["enoturismo","Inspirate","Microdestino Palencia","Palencia","Palencia turismo","Post_inicial","Qu\u00e9 hacer en Enoturismo Palencia","Visitando Bodegas"],"inLanguage":"es","potentialAction":[{"@type":"CommentAction","name":"Comment","target":["https:\/\/destinocastillayleon.es\/index\/viajar-al-cerrato-palentino\/#respond"]}]},{"@type":"WebPage","@id":"https:\/\/destinocastillayleon.es\/index\/viajar-al-cerrato-palentino\/","url":"https:\/\/destinocastillayleon.es\/index\/viajar-al-cerrato-palentino\/","name":"Enoturismo en el Cerrato Palentino - Destino Castilla y Le\u00f3n","isPartOf":{"@id":"https:\/\/destinocastillayleon.es\/index\/#website"},"primaryImageOfPage":{"@id":"https:\/\/destinocastillayleon.es\/index\/viajar-al-cerrato-palentino\/#primaryimage"},"image":{"@id":"https:\/\/destinocastillayleon.es\/index\/viajar-al-cerrato-palentino\/#primaryimage"},"thumbnailUrl":"https:\/\/destinocastillayleon.es\/index\/wp-content\/uploads\/2022\/05\/Viaje-al-Cerrato-Palentino-2.jpg","datePublished":"2022-05-16T18:34:18+00:00","dateModified":"2022-05-18T10:23:53+00:00","author":{"@id":"https:\/\/destinocastillayleon.es\/index\/#\/schema\/person\/49ffcb7eb307589ba529009335ed7767"},"description":"Enoturismo en el Cerrato Palentino \u00a1Descubre sus bodegas subterr\u00e1neas y prueba sus vinos! Te contamos todo lo que puedes hacer en la comarca","breadcrumb":{"@id":"https:\/\/destinocastillayleon.es\/index\/viajar-al-cerrato-palentino\/#breadcrumb"},"inLanguage":"es","potentialAction":[{"@type":"ReadAction","target":["https:\/\/destinocastillayleon.es\/index\/viajar-al-cerrato-palentino\/"]}]},{"@type":"ImageObject","inLanguage":"es","@id":"https:\/\/destinocastillayleon.es\/index\/viajar-al-cerrato-palentino\/#primaryimage","url":"https:\/\/destinocastillayleon.es\/index\/wp-content\/uploads\/2022\/05\/Viaje-al-Cerrato-Palentino-2.jpg","contentUrl":"https:\/\/destinocastillayleon.es\/index\/wp-content\/uploads\/2022\/05\/Viaje-al-Cerrato-Palentino-2.jpg","width":1168,"height":658,"caption":"Viaje al Cerrato Palentino (2)"},{"@type":"BreadcrumbList","@id":"https:\/\/destinocastillayleon.es\/index\/viajar-al-cerrato-palentino\/#breadcrumb","itemListElement":[{"@type":"ListItem","position":1,"name":"Portada","item":"https:\/\/destinocastillayleon.es\/index\/"},{"@type":"ListItem","position":2,"name":"Enoturismo en el Cerrato Palentino \u00a1Un viaje al sabor de lo aut\u00e9ntico!"}]},{"@type":"WebSite","@id":"https:\/\/destinocastillayleon.es\/index\/#website","url":"https:\/\/destinocastillayleon.es\/index\/","name":"Destino Castilla y Le\u00f3n","description":"Medio digital independiente y revista de Castilla y Le\u00f3n dedicado al turismo, gastronom\u00eda y vino de Castilla y Le\u00f3n","potentialAction":[{"@type":"SearchAction","target":{"@type":"EntryPoint","urlTemplate":"https:\/\/destinocastillayleon.es\/index\/?s={search_term_string}"},"query-input":{"@type":"PropertyValueSpecification","valueRequired":true,"valueName":"search_term_string"}}],"inLanguage":"es"},{"@type":"Person","@id":"https:\/\/destinocastillayleon.es\/index\/#\/schema\/person\/49ffcb7eb307589ba529009335ed7767","name":"Lola Hernandez","image":{"@type":"ImageObject","inLanguage":"es","@id":"https:\/\/secure.gravatar.com\/avatar\/72ead65e55ad0522fba484acfe2842bf78b2f7c727df41d76fed78a85519da34?s=96&d=mm&r=g","url":"https:\/\/secure.gravatar.com\/avatar\/72ead65e55ad0522fba484acfe2842bf78b2f7c727df41d76fed78a85519da34?s=96&d=mm&r=g","contentUrl":"https:\/\/secure.gravatar.com\/avatar\/72ead65e55ad0522fba484acfe2842bf78b2f7c727df41d76fed78a85519da34?s=96&d=mm&r=g","caption":"Lola Hernandez"},"description":"Lola Hern\u00e1ndez fue fundadora y directora de www.destinocastillayleon.es Escribiendo sobre turismo, gastronom\u00eda y vino de su tierra de origen, Castilla y Le\u00f3n.","sameAs":["http:\/\/www.destinoysabor.com\/blog"],"url":"https:\/\/destinocastillayleon.es\/index\/author\/lola-hernandez\/"}]}},"_links":{"self":[{"href":"https:\/\/destinocastillayleon.es\/index\/wp-json\/wp\/v2\/posts\/35273","targetHints":{"allow":["GET"]}}],"collection":[{"href":"https:\/\/destinocastillayleon.es\/index\/wp-json\/wp\/v2\/posts"}],"about":[{"href":"https:\/\/destinocastillayleon.es\/index\/wp-json\/wp\/v2\/types\/post"}],"author":[{"embeddable":true,"href":"https:\/\/destinocastillayleon.es\/index\/wp-json\/wp\/v2\/users\/6"}],"replies":[{"embeddable":true,"href":"https:\/\/destinocastillayleon.es\/index\/wp-json\/wp\/v2\/comments?post=35273"}],"version-history":[{"count":23,"href":"https:\/\/destinocastillayleon.es\/index\/wp-json\/wp\/v2\/posts\/35273\/revisions"}],"predecessor-version":[{"id":35351,"href":"https:\/\/destinocastillayleon.es\/index\/wp-json\/wp\/v2\/posts\/35273\/revisions\/35351"}],"wp:featuredmedia":[{"embeddable":true,"href":"https:\/\/destinocastillayleon.es\/index\/wp-json\/wp\/v2\/media\/35308"}],"wp:attachment":[{"href":"https:\/\/destinocastillayleon.es\/index\/wp-json\/wp\/v2\/media?parent=35273"}],"wp:term":[{"taxonomy":"category","embeddable":true,"href":"https:\/\/destinocastillayleon.es\/index\/wp-json\/wp\/v2\/categories?post=35273"},{"taxonomy":"post_tag","embeddable":true,"href":"https:\/\/destinocastillayleon.es\/index\/wp-json\/wp\/v2\/tags?post=35273"}],"curies":[{"name":"wp","href":"https:\/\/api.w.org\/{rel}","templated":true}]}}