{"id":35208,"date":"2022-04-22T13:30:15","date_gmt":"2022-04-22T11:30:15","guid":{"rendered":"https:\/\/destinocastillayleon.es\/index\/?p=35208"},"modified":"2022-04-22T22:27:32","modified_gmt":"2022-04-22T20:27:32","slug":"visita-guiada-nocturna-por-salamanca","status":"publish","type":"post","link":"https:\/\/destinocastillayleon.es\/index\/visita-guiada-nocturna-por-salamanca\/","title":{"rendered":"Visita guiada nocturna por Salamanca"},"content":{"rendered":"<p><strong>Desde hace a\u00f1os que venimos visitando de vez en cuando Salamanca.<\/strong> No siempre escribimos cosas nuevas, porque muchas cosas ya est\u00e1n publicadas; y aunque <strong>hab\u00edamos ya realizado alguna visita guiada a la ciudad del Tormes<\/strong>; y por nuestra cuenta hab\u00edamos visitado la ciudad de noche; <strong>durante nuestra \u00faltima visita pudimos disfrutar conjuntamente de una visita guiada nocturna por Salamanca<\/strong>.<\/p>\n<p>Y es que s\u00ed; <strong>esta ciudad parece que nunca deja de sorprender<\/strong>, y por muchas veces que la hayas visitado, siempre tiene algo que no te hab\u00eda contado antes,.. o que no le hab\u00edas dado la oportunidad.<\/p>\n<h3><strong>Preparando el viaje<\/strong><\/h3>\n<p>Esta publicaci\u00f3n <strong>se enmarca como un detalle adicional de la primera experiencia que vivimos en nuestro viaje de <a href=\"https:\/\/destinocastillayleon.es\/index\/redescubriendo-salamanca\/\">redescubrimiento de Salamanca<\/a><\/strong>, donde pudimos disfrutar de esta ciudad m\u00e1gica, con <strong>propuestas nuevas y muy interesantes<\/strong>.<\/p>\n<figure id=\"attachment_34953\" aria-describedby=\"caption-attachment-34953\" style=\"width: 520px\" class=\"wp-caption aligncenter\"><img decoding=\"async\" src=\"https:\/\/destinocastillayleon.es\/index\/wp-content\/uploads\/2022\/02\/c579c182949612062400bdda9663076a.jpg\" alt=\"Visitando las terrazas de las Catedrales de Salamanca - Destino Castilla y Le\u00f3n\" width=\"520\" class=\"size-full wp-image-34953\" srcset=\"https:\/\/destinocastillayleon.es\/index\/wp-content\/uploads\/2022\/02\/c579c182949612062400bdda9663076a.jpg 640w, https:\/\/destinocastillayleon.es\/index\/wp-content\/uploads\/2022\/02\/c579c182949612062400bdda9663076a-300x194.jpg 300w\" sizes=\"(max-width: 640px) 100vw, 640px\" \/><figcaption id=\"caption-attachment-34953\" class=\"wp-caption-text\">Visitando las terrazas de las Catedrales de Salamanca &#8211; Destino Castilla y Le\u00f3n<\/figcaption><\/figure>\n<h4><strong>Vitor Salamanca<\/strong><\/h4>\n<p>Antes de empezar, <strong>indicar que fuimos invitados por el Ayuntamiento de Salamanca<\/strong>, promotor entre otros de esta iniciativa que permite <strong>conocer y disfrutar Salamanca de una forma nunca vista antes<\/strong> con la gesti\u00f3n de <a href=\"https:\/\/www.vitorsalamanca.com\/index.php?partner=b4749\" rel=\"noopener noreferrer\" target=\"_blank\"><strong>Vitor Salamanca<\/strong><\/a>; con ofertas para visitantes 2&#215;1; as\u00ed, como suena.<\/p>\n<p><center><img decoding=\"async\" src=\"https:\/\/destinocastillayleon.es\/index\/wp-content\/uploads\/2022\/02\/Vito-Salamanca.jpg\" alt=\"Vito Salamanca\" width=\"80\" class=\"size-full wp-image-34940\" \/><\/center><\/p>\n<h3><strong>\u00cdndice de contenidos<\/strong><\/h3>\n<p>En esta ocasi\u00f3n, <strong>nuestro \u00edndice es bastante corto<\/strong> al ser una actividad de unas pocas horas.<\/p>\n<p><strong>Visita nocturna guiada a Salamanca<\/strong><\/p>\n<ul>\n<li><a href=\"#Plaza-Mayor\">Plaza Mayor de Salamanca<\/a>.<\/li>\n<li><a href=\"#Palacio-de-las-Salinas\">Palacio de las Salinas<\/a>.<\/li>\n<li><a href=\"#Plaza-Colon\">Plaza de Col\u00f3n<\/a>.<\/li>\n<li><a href=\"#San-Esteban\">Convento de San Esteban<\/a>.<\/li>\n<li><a href=\"#Anaya\">Plaza de Anaya<\/a>.<\/li>\n<li><a href=\"#Clerecia\">La Clerec\u00eda<\/a>.<\/li>\n<li><a href=\"#Video\">V\u00eddeo resumen de la experiencia<\/a><\/li>\n<\/ul>\n<p><strong>Informaci\u00f3n general de Salamanca<\/strong><\/p>\n<ul>\n<li><a href=\"#Llegar\">\u00bfC\u00f3mo llegar?<\/a><\/li>\n<li><a href=\"#Comer\">\u00bfD\u00f3nde comer?<\/a><\/li>\n<li><a href=\"#Dormir\">\u00bfD\u00f3nde alojarse?<\/a><\/li>\n<li><a href=\"#Historia\">Breve contexto hist\u00f3rico<\/a>.<\/li>\n<\/ul>\n<p>Como siempre, <strong>pulsando en cualquiera de estos apartados puedes ir directamente al contenido<\/strong>. Esperamos que os sean de utilidad e inspiraci\u00f3n.<\/p>\n<h2><strong>Visita nocturna guiada a Salamanca<\/strong><\/h2>\n<p>Nosotros <strong>ya conoc\u00edamos Salamanca, la hemos visitado en numerosas ocasiones<\/strong>. Y es que es una ciudad fascinante. Pod\u00e9is conocer una <a href=\"https:\/\/www.civitatis.com\/es\/salamanca\/tour-salamanca-completo\/?aid=99913.\" rel=\"noopener nofollow\" target=\"_blank\">gu\u00eda de una visita con los imprescindibles de Salamanca<\/a>. <\/p>\n<figure id=\"attachment_35218\" aria-describedby=\"caption-attachment-35218\" style=\"width: 640px\" class=\"wp-caption aligncenter\"><img decoding=\"async\" src=\"https:\/\/destinocastillayleon.es\/index\/wp-content\/uploads\/2022\/04\/Fachada-de-la-Casa-de-las-Conchas-Destino-Castilla-y-Leon.jpg\" alt=\"Fachada de la Casa de las Conchas - Destino Castilla y Le\u00f3n\" width=\"640\" height=\"360\" class=\"size-full wp-image-35218\" srcset=\"https:\/\/destinocastillayleon.es\/index\/wp-content\/uploads\/2022\/04\/Fachada-de-la-Casa-de-las-Conchas-Destino-Castilla-y-Leon.jpg 640w, https:\/\/destinocastillayleon.es\/index\/wp-content\/uploads\/2022\/04\/Fachada-de-la-Casa-de-las-Conchas-Destino-Castilla-y-Leon-300x169.jpg 300w\" sizes=\"(max-width: 640px) 100vw, 640px\" \/><figcaption id=\"caption-attachment-35218\" class=\"wp-caption-text\">Fachada de la Casa de las Conchas &#8211; Destino Castilla y Le\u00f3n<\/figcaption><\/figure>\n<p>En este viaje, <strong>gracias a nuestra gu\u00eda oficial, Carmen, disfrutamos de una nueva perspectiva de la ciudad.<\/strong> Os la recomendamos; y si quer\u00e9is contactar con ella, pod\u00e9is hacerlo en <a href=\"https:\/\/www.instagram.com\/visitas_guiadas_salamanca\/\" rel=\"noopener\" target=\"_blank\">su instagram<\/a>.<\/p>\n<blockquote><p> Realmente, todo el viaje fue un redescubrimiento de Salamanca con lugares y experiencias muy recomendables. Es por tanto un gran destino que disfrutar una y muchas veces<\/p><\/blockquote>\n<p><a name=\"Video\"><\/a><\/p>\n<h3><strong>V\u00eddeo general de la visita nocturna guiada a Salamanca<\/strong><\/h3>\n<p>A modo de resumen r\u00e1pido, <strong>os compartimos este v\u00eddeo que realizamos durante esta visita nocturna guiada a Salamanca<\/strong>. Son tan solo unas pinceladas de todo lo que pod\u00e9is disfrutar si realiz\u00e1is una visita como esta.<\/p>\n<p><center><iframe width=\"560\" height=\"315\" src=\"https:\/\/www.youtube.com\/embed\/OAHqvtue0Ds\" title=\"YouTube video player\" frameborder=\"0\" allow=\"accelerometer; autoplay; clipboard-write; encrypted-media; gyroscope; picture-in-picture\" allowfullscreen><\/iframe><\/center><\/p>\n<p>En YouTube, <strong>tenemos muchos m\u00e1s v\u00eddeos de este viaje redescubriendo Salamanca<\/strong>. Pod\u00e9is conocerlos todos en <a href=\"https:\/\/www.youtube.com\/watch?v=a7VLOdWI-8Y&#038;list=PLnt7C4Mj05Ltw3TbPsggeVu8mm5HN2AjD\" rel=\"noopener\" target=\"_blank\">esta lista de reproducci\u00f3n<\/a>.<\/p>\n<p><center><iframe src=\"https:\/\/www.google.com\/maps\/d\/u\/0\/embed?mid=1SP9NYHg9-wiWkldEmsgvfDaMl--NMr7-&#038;ehbc=2E312F\" width=\"660\" height=\"400\"><\/iframe><br \/>\n<Font size=\"2\"><strong>Mapa de la visita guiada nocturna por Salamanca<\/strong>.<\/font><\/center><\/p>\n<p>Si no hab\u00e9is estado nunca en Salamanca, <strong>os recomendamos la visita para ir conociendo esta maravillosa ciudad<\/strong>. Pero si ya hab\u00e9is estado, <strong>seguramente las actividades que os vamos a mostrar os dejar\u00e1n sin palabras<\/strong>, ya que es disfrutar de Salamanca desde otras perspectivas.<\/p>\n<h3><strong>Inicio de la visita nocturna guiada<\/strong><\/h3>\n<p>Como ya os hemos dicho, <strong>ni era nuestra primera visita guiada, ni era la primera vez que hac\u00edamos <a href=\"https:\/\/www.civitatis.com\/es\/salamanca\/tour-nocturno-salamanca\/?aid=99913.\" rel=\"nofollow noopener\" target=\"_blank\">un safari fotogr\u00e1fico nocturno<\/a> por la ciudad dorada, pero esta ocasi\u00f3n fue diferente<\/strong>, al juntar ambos aspectos. Y seguro que nos hemos quedado sin ver muchos elementos importantes para Salamanca, pero es que son muchas cosas las que tiene para ver esta ciudad y hay que tomarla en peque\u00f1os sorbos.<\/p>\n<p>El punto de encuentro, <strong>como suele ser lo habitual en las m\u00faltiples visitas guiadas a Salamanca, es la plaza mayor<\/strong> de la ciudad universitaria. <a name=\"Plaza-Mayor\"><\/a><\/p>\n<h3><strong>Plaza mayor de Salamanca<\/strong><\/h3>\n<p>Esta plaza mayor de Salamanca <strong>es un hito de la arquitectura espa\u00f1ola<\/strong>. Tal es su importancia que su estilo da nombre a <strong>esta expresi\u00f3n del barroco hisp\u00e1nico. El Churriguesco<\/strong>, cuyo mayor exponente fue Alberto Churriguera, <strong>arquitecto de la Plaza mayor, dise\u00f1ando dos de sus cuatro fachadas<\/strong> (dejar\u00eda las trazas para las otras dos) y de la rehabilitaci\u00f3n del cimborrio de la Catedral nueva.<\/p>\n<figure id=\"attachment_35229\" aria-describedby=\"caption-attachment-35229\" style=\"width: 640px\" class=\"wp-caption aligncenter\"><img decoding=\"async\" src=\"https:\/\/destinocastillayleon.es\/index\/wp-content\/uploads\/2022\/04\/Plaza-mayor-de-Salamanca-Destino-Castilla-y-Leon.jpg\" alt=\"Plaza mayor de Salamanca - Destino Castilla y Le\u00f3n\" width=\"640\" height=\"360\" class=\"size-full wp-image-35229\" srcset=\"https:\/\/destinocastillayleon.es\/index\/wp-content\/uploads\/2022\/04\/Plaza-mayor-de-Salamanca-Destino-Castilla-y-Leon.jpg 640w, https:\/\/destinocastillayleon.es\/index\/wp-content\/uploads\/2022\/04\/Plaza-mayor-de-Salamanca-Destino-Castilla-y-Leon-300x169.jpg 300w\" sizes=\"(max-width: 640px) 100vw, 640px\" \/><figcaption id=\"caption-attachment-35229\" class=\"wp-caption-text\">Plaza mayor de Salamanca &#8211; Destino Castilla y Le\u00f3n<\/figcaption><\/figure>\n<h4><strong>Detalles de la plaza<\/strong><\/h4>\n<p>Esta plaza <strong>posee cuatro laterales que, si bien parecen id\u00e9nticos, en realidad no lo son<\/strong>, ya que se ven las manos de dos arquitectos. Posiblemente <strong>el edificio m\u00e1s llamativo sea el <a href=\"https:\/\/youtu.be\/1rBTYuxHdVQ\" rel=\"noopener\" target=\"_blank\">Ayuntamiento de la ciudad<\/a><\/strong>. Este edificio originalmente deber\u00eda tener dos torres que destacar\u00edan notablemente, quiz\u00e1s como la plaza mayor de Madrid. Pero viendo la debilidad de los cimientos, se decidi\u00f3 no construirlas y el proyecto fue reaprovechado para las torres de la Clerec\u00eda.<\/p>\n<figure id=\"attachment_35230\" aria-describedby=\"caption-attachment-35230\" style=\"width: 299px\" class=\"wp-caption aligncenter\"><img decoding=\"async\" src=\"https:\/\/destinocastillayleon.es\/index\/wp-content\/uploads\/2022\/04\/Maqueta-del-modelo-original-del-Ayuntamiento-de-Salamanca.jpg\" alt=\"Maqueta del modelo original del Ayuntamiento de Salamanca\" width=\"299\" height=\"265\" class=\"size-full wp-image-35230\" \/><figcaption id=\"caption-attachment-35230\" class=\"wp-caption-text\">Maqueta del modelo original del Ayuntamiento de Salamanca<\/figcaption><\/figure>\n<p><strong>Sobre cada columna o entre cada arco, hay un medall\u00f3n<\/strong>. La mayor parte de ellos <strong>est\u00e1n dedicados a un personaje importante de la historia de Espa\u00f1a<\/strong>. Tras la guerra civil, uno de estos medallones libres fue dedicado a Francisco Franco. Al ser Patrimonio de la Humanidad, est\u00e1 protegido por la Unesco, aunque finalmente ha sido retirado.<\/p>\n<h4><strong>An\u00e9cdotas hist\u00f3ricas de esta plaza<\/strong><\/h4>\n<p><strong>Ya exist\u00eda esta plaza desde \u00e9poca de la reconquista y repoblaci\u00f3n de la ciudad<\/strong>. Esta plaza fue originalmente la plaza del mercado; y de hecho, <strong>ten\u00eda el doble o m\u00e1s del tama\u00f1o actual<\/strong>, haciendo que la Iglesia de San Mart\u00edn de Tours quedase en el medio de este espacio. <strong>Actualmente, esta iglesia tiene la mayor parte de sus fachadas ocultas<\/strong>, siendo muy llamativas las ventanas y puerta que dan a la plaza del Corrillo.<\/p>\n<figure id=\"attachment_35226\" aria-describedby=\"caption-attachment-35226\" style=\"width: 498px\" class=\"wp-caption aligncenter\"><img decoding=\"async\" src=\"https:\/\/destinocastillayleon.es\/index\/wp-content\/uploads\/2022\/04\/Puerta-romanica-de-San-Martin-de-Tours-en-la-Plaza-del-Corrillo-Destino-Castilla-y-Leon.jpg\" alt=\"Visita guiada nocturna por Salamanca\" title=\"Puerta rom\u00e1nica de San Mart\u00edn de Tours en la Plaza del Corrillo - Destino Castilla y Le\u00f3n\" width=\"498\" height=\"505\" class=\"size-full wp-image-35226\" srcset=\"https:\/\/destinocastillayleon.es\/index\/wp-content\/uploads\/2022\/04\/Puerta-romanica-de-San-Martin-de-Tours-en-la-Plaza-del-Corrillo-Destino-Castilla-y-Leon.jpg 498w, https:\/\/destinocastillayleon.es\/index\/wp-content\/uploads\/2022\/04\/Puerta-romanica-de-San-Martin-de-Tours-en-la-Plaza-del-Corrillo-Destino-Castilla-y-Leon-296x300.jpg 296w, https:\/\/destinocastillayleon.es\/index\/wp-content\/uploads\/2022\/04\/Puerta-romanica-de-San-Martin-de-Tours-en-la-Plaza-del-Corrillo-Destino-Castilla-y-Leon-100x100.jpg 100w\" sizes=\"(max-width: 498px) 100vw, 498px\" \/><figcaption id=\"caption-attachment-35226\" class=\"wp-caption-text\">Puerta rom\u00e1nica de San Mart\u00edn de Tours en la Plaza del Corrillo &#8211; Destino Castilla y Le\u00f3n<\/figcaption><\/figure>\n<p>Desde aqu\u00ed, <strong>rodeando la Iglesia de Mart\u00edn de Tours, donde vemos su fachada y en la noche tratamos de distinguir un detalle que hasta ese momento desconoc\u00edamos<\/strong>. En su veleta hay <strong>un unicornio<\/strong>, y de hecho, a lo largo de la ciudad encontramos una gran cantidad de este m\u00edtico animal. Aunque lo ver\u00edamos mejor al d\u00eda siguiente desde el balc\u00f3n del ayuntamiento.<\/p>\n<p>Desde hace a\u00f1os, <strong>el \u00faltimo fin de semana de curso en Salamanca, se celebra en esta plaza el \u00abfin de a\u00f1o universitario\u00bb<\/strong>, pues son muchos los estudiantes que regresan a sus lugares de origen para pasar las fiestas de Navidad y A\u00f1o Nuevo, por lo que est\u00e1 volviendo una tradici\u00f3n m\u00e1s asociada a Salamanca, cuyo epicentro es esta plaza. <a name=\"Palacio-de-las-Salinas\"><\/a><\/p>\n<h3><strong>Palacio de Fonseca<\/strong><\/h3>\n<p><strong>Nuestra ruta nos lleva hacia la Plaza del Cascorro<\/strong>, donde est\u00e1 una de las ventanas de la Iglesia de San Mart\u00edn. Aqu\u00ed merece una parada, <strong>si la noche lo permite, para buscar la veleta de esta iglesia<\/strong>, pues est\u00e1 decorada con un unicornio. Un animal fant\u00e1stico que puede verse en muchos detalles de la ciudad, si se est\u00e1 atento.<\/p>\n<figure id=\"attachment_35224\" aria-describedby=\"caption-attachment-35224\" style=\"width: 640px\" class=\"wp-caption aligncenter\"><img decoding=\"async\" src=\"https:\/\/destinocastillayleon.es\/index\/wp-content\/uploads\/2022\/04\/Patio-del-Palacio-de-las-Salinas-Destino-Castilla-y-Leon.jpg\" alt=\"Visita guiada nocturna por Salamanca\" title=\"Patio del Palacio de las Salinas - Destino Castilla y Le\u00f3n\" width=\"640\" height=\"360\" class=\"size-full wp-image-35224\" srcset=\"https:\/\/destinocastillayleon.es\/index\/wp-content\/uploads\/2022\/04\/Patio-del-Palacio-de-las-Salinas-Destino-Castilla-y-Leon.jpg 640w, https:\/\/destinocastillayleon.es\/index\/wp-content\/uploads\/2022\/04\/Patio-del-Palacio-de-las-Salinas-Destino-Castilla-y-Leon-300x169.jpg 300w\" sizes=\"(max-width: 640px) 100vw, 640px\" \/><figcaption id=\"caption-attachment-35224\" class=\"wp-caption-text\">Patio del Palacio de las Salinas &#8211; Destino Castilla y Le\u00f3n<\/figcaption><\/figure>\n<p>desde ah\u00ed, <strong>nos adentramos en la calle San Pablo, para cruzarnos por el Palacio de Fonseca o Palacio de las Salinas<\/strong>, sede de la Diputaci\u00f3n Provincial de Salamanca y famoso por su precioso patio renacentista. <\/p>\n<h4><strong>Porqu\u00e9 de Palacio de las Salinas<\/strong><\/h4>\n<p>Este <strong>palacio renacentista fue mandado edificar por el matrimonio formado por Rodrigo de Mess\u00eda Carrillo y do\u00f1a Mayor de Fonseca y Toledo<\/strong>, se\u00f1ores de La Guardia. Aunque realmente <strong>lo disfrut\u00f3 su segundo hijo, que tom\u00f3 los apellidos de su madre, Juan Alonso de Fonseca<\/strong>. No confundirlo con el arzobispo Alonso de Fonseca, del que hay una leyenda que nada tiene que ver con la realidad.<\/p>\n<figure id=\"attachment_35215\" aria-describedby=\"caption-attachment-35215\" style=\"width: 640px\" class=\"wp-caption aligncenter\"><img decoding=\"async\" src=\"https:\/\/destinocastillayleon.es\/index\/wp-content\/uploads\/2022\/04\/Edificios-de-la-plaza-de-Colon-de-noche-Destino-Castilla-y-Leon.jpg\" alt=\"Visita guiada nocturna por Salamanca\" title=\"Edificios de la plaza de Col\u00f3n de noche - Destino Castilla y Le\u00f3n\" width=\"640\" height=\"360\" class=\"size-full wp-image-35215\" srcset=\"https:\/\/destinocastillayleon.es\/index\/wp-content\/uploads\/2022\/04\/Edificios-de-la-plaza-de-Colon-de-noche-Destino-Castilla-y-Leon.jpg 640w, https:\/\/destinocastillayleon.es\/index\/wp-content\/uploads\/2022\/04\/Edificios-de-la-plaza-de-Colon-de-noche-Destino-Castilla-y-Leon-300x169.jpg 300w\" sizes=\"(max-width: 640px) 100vw, 640px\" \/><figcaption id=\"caption-attachment-35215\" class=\"wp-caption-text\">Edificios de la plaza de Col\u00f3n de noche &#8211; Destino Castilla y Le\u00f3n<\/figcaption><\/figure>\n<p>Este palacio <strong>siempre tuvo un patio abierto<\/strong>, por lo que una explicaci\u00f3n de su nombre fuera que Juan Alonso de Fonseca tuviera el monopolio de la distribuci\u00f3n de sal en la Salamanca del siglo XVI, por lo que es m\u00e1s un edificio comercial que una residencia. <\/p>\n<h4><strong>El origen de la leyenda<\/strong><\/h4>\n<p><strong>La leyenda juega con el nombre del arzobispo Alonso de Fonseca<\/strong>, un nombre muy parecido, e indica que, <strong>visitando la ciudad con su amante, Juana Pimentel \u00abLa Salina\u00bb<\/strong>, no logr\u00f3 que la alojara ning\u00fan noble, por lo que decidi\u00f3 construir este palacio, retratando de forma grotesca a los diferentes nobles de Salamanca. Pero esto es solo una leyenda sin fundamento. <a name=\"Plaza-Colon\"><\/a><\/p>\n<h3><strong>Plaza de Col\u00f3n<\/strong><\/h3>\n<p>Un poco <strong>m\u00e1s adelante llegamos a la Plaza de Col\u00f3n, donde destaca una estatua dedicada a Crist\u00f3bal Col\u00f3n<\/strong>, que tuvo grandes \u00abbatallas dial\u00e9cticas\u00bb con los sabios del momento para financiar su exploraci\u00f3n, y que fue donde se discuti\u00f3 la legitimidad de la conquista de Am\u00e9rica.<\/p>\n<figure id=\"attachment_35217\" aria-describedby=\"caption-attachment-35217\" style=\"width: 640px\" class=\"wp-caption aligncenter\"><img decoding=\"async\" src=\"https:\/\/destinocastillayleon.es\/index\/wp-content\/uploads\/2022\/04\/Estatua-de-Colon-Destino-Castilla-y-Leon.jpg\" alt=\"Visita guiada nocturna por Salamanca\" title=\"Estatua de Col\u00f3n - Destino Castilla y Le\u00f3n\" width=\"640\" height=\"360\" class=\"size-full wp-image-35217\" srcset=\"https:\/\/destinocastillayleon.es\/index\/wp-content\/uploads\/2022\/04\/Estatua-de-Colon-Destino-Castilla-y-Leon.jpg 640w, https:\/\/destinocastillayleon.es\/index\/wp-content\/uploads\/2022\/04\/Estatua-de-Colon-Destino-Castilla-y-Leon-300x169.jpg 300w\" sizes=\"(max-width: 640px) 100vw, 640px\" \/><figcaption id=\"caption-attachment-35217\" class=\"wp-caption-text\">Estatua de Col\u00f3n &#8211; Destino Castilla y Le\u00f3n<\/figcaption><\/figure>\n<p>Esta plaza, <strong>como todo el conjunto hist\u00f3rico de Salamanca, una preciosidad<\/strong>; con edificios llenos de ese encanto que da la piedra de sus edificios.<\/p>\n<h4><strong>Edificios destacables<\/strong><\/h4>\n<p>En esta plaza, haciendo esquina est\u00e1 <strong>la Casa se\u00f1orial del Clavero de la Orden de Alc\u00e1ntara<\/strong>, en la que destaca especialmente su torre, que parece la torre del homenaje de un castillo. Tambi\u00e9n est\u00e1n <strong>los juzgados de Salamanca y la Iglesia de San Pablo, o m\u00e1s conocida como iglesia de La Sant\u00edsima Trinidad<\/strong>, del siglo XVII en estilo barroco, aunque est\u00e1 desacralizada. <\/p>\n<p><figure id=\"attachment_35221\" aria-describedby=\"caption-attachment-35221\" style=\"width: 640px\" class=\"wp-caption aligncenter\"><img decoding=\"async\" src=\"https:\/\/destinocastillayleon.es\/index\/wp-content\/uploads\/2022\/04\/Iglesia-de-la-Trinidad-Destino-Castilla-y-Leon.jpg\" alt=\"Iglesia de la Trinidad - Destino Castilla y Le\u00f3n\" width=\"640\" height=\"360\" class=\"size-full wp-image-35221\" srcset=\"https:\/\/destinocastillayleon.es\/index\/wp-content\/uploads\/2022\/04\/Iglesia-de-la-Trinidad-Destino-Castilla-y-Leon.jpg 640w, https:\/\/destinocastillayleon.es\/index\/wp-content\/uploads\/2022\/04\/Iglesia-de-la-Trinidad-Destino-Castilla-y-Leon-300x169.jpg 300w\" sizes=\"(max-width: 640px) 100vw, 640px\" \/><figcaption id=\"caption-attachment-35221\" class=\"wp-caption-text\">Iglesia de la Trinidad &#8211; Destino Castilla y Le\u00f3n<\/figcaption><\/figure><a name=\"San-Esteban\"><\/a><\/p>\n<h3><strong>Convento de San Esteban<\/strong><\/h3>\n<p>Siguiendo la calle de San Pablo, <strong>llegamos junto al convento de las Due\u00f1as<\/strong>, un convento de mojas de clausura, aunque justo enfrente se localiza una de las iglesias m\u00e1s emblem\u00e1ticas de Salamanca, <strong>el Convento de San Esteban<\/strong>. <\/p>\n<figure id=\"attachment_35228\" aria-describedby=\"caption-attachment-35228\" style=\"width: 640px\" class=\"wp-caption aligncenter\"><img decoding=\"async\" src=\"https:\/\/destinocastillayleon.es\/index\/wp-content\/uploads\/2022\/04\/Convento-de-Las-Duenas-de-Salamanca-Destino-Castilla-y-Leon.jpg\" alt=\"Visita guiada nocturna por Salamanca\" title=\"Convento de Las Due\u00f1as de Salamanca - Destino Castilla y Le\u00f3n\" width=\"640\" height=\"361\" class=\"size-full wp-image-35228\" srcset=\"https:\/\/destinocastillayleon.es\/index\/wp-content\/uploads\/2022\/04\/Convento-de-Las-Duenas-de-Salamanca-Destino-Castilla-y-Leon.jpg 640w, https:\/\/destinocastillayleon.es\/index\/wp-content\/uploads\/2022\/04\/Convento-de-Las-Duenas-de-Salamanca-Destino-Castilla-y-Leon-300x169.jpg 300w\" sizes=\"(max-width: 640px) 100vw, 640px\" \/><figcaption id=\"caption-attachment-35228\" class=\"wp-caption-text\">Convento de Las Due\u00f1as de Salamanca &#8211; Destino Castilla y Le\u00f3n<\/figcaption><\/figure>\n<p>De <strong>fachada renacentista funcionando como un gran retablo p\u00e9treo<\/strong>, cuenta historias b\u00edblicas y mitol\u00f3gicas.<\/p>\n<figure id=\"attachment_35220\" aria-describedby=\"caption-attachment-35220\" style=\"width: 640px\" class=\"wp-caption aligncenter\"><img decoding=\"async\" src=\"https:\/\/destinocastillayleon.es\/index\/wp-content\/uploads\/2022\/04\/Fachada-del-convento-de-San-Esteban-Destino-Castilla-y-Leon.jpg\" alt=\"Fachada del convento de San Esteban - Destino Castilla y Le\u00f3n\" width=\"640\" height=\"360\" class=\"size-full wp-image-35220\" srcset=\"https:\/\/destinocastillayleon.es\/index\/wp-content\/uploads\/2022\/04\/Fachada-del-convento-de-San-Esteban-Destino-Castilla-y-Leon.jpg 640w, https:\/\/destinocastillayleon.es\/index\/wp-content\/uploads\/2022\/04\/Fachada-del-convento-de-San-Esteban-Destino-Castilla-y-Leon-300x169.jpg 300w\" sizes=\"(max-width: 640px) 100vw, 640px\" \/><figcaption id=\"caption-attachment-35220\" class=\"wp-caption-text\">Fachada del convento de San Esteban &#8211; Destino Castilla y Le\u00f3n<\/figcaption><\/figure>\n<blockquote><p>En esta fachada,.. al menos localizamos otros cuatro unicornios.<\/Blockquote><\/p>\n<figure id=\"attachment_34957\" aria-describedby=\"caption-attachment-34957\" style=\"width: 560px\" class=\"wp-caption aligncenter\"><img decoding=\"async\" src=\"https:\/\/destinocastillayleon.es\/index\/wp-content\/uploads\/2022\/02\/d8dfd03fbae8eb193a85a9caa0c25d6c.jpg\" alt=\"Unicornio en la fachada del Convento de San Esteban - Destino Castilla y Le\u00f3n\" width=\"560\" class=\"size-full wp-image-34957\" srcset=\"https:\/\/destinocastillayleon.es\/index\/wp-content\/uploads\/2022\/02\/d8dfd03fbae8eb193a85a9caa0c25d6c.jpg 580w, https:\/\/destinocastillayleon.es\/index\/wp-content\/uploads\/2022\/02\/d8dfd03fbae8eb193a85a9caa0c25d6c-300x161.jpg 300w\" sizes=\"(max-width: 580px) 100vw, 580px\" \/><figcaption id=\"caption-attachment-34957\" class=\"wp-caption-text\">Unicornio en la fachada del Convento de San Esteban &#8211; Destino Castilla y Le\u00f3n<\/figcaption><\/figure>\n<p>Este convento dominico <strong>sustituy\u00f3 a uno previo, en el que se aloj\u00f3 Crist\u00f3bal Col\u00f3n durante su estancia en Salamanca<\/strong> para discutir con los ge\u00f3grafos de Salamanca. Si os es posible, visitad los claustros y la iglesia. <a name=\"Anaya\"><\/a><\/p>\n<h3><strong>Plaza de Anaya y la Catedral nueva<\/strong><\/h3>\n<p>Nuevamente seguimos nuestra ruta <strong>hacia la plaza de Anaya, en cuyo lateral se encuentra la fachada este de la Catedral Nueva<\/strong>. Es una pasada de d\u00eda y de noche. <\/p>\n<figure id=\"attachment_35223\" aria-describedby=\"caption-attachment-35223\" style=\"width: 640px\" class=\"wp-caption aligncenter\"><img decoding=\"async\" src=\"https:\/\/destinocastillayleon.es\/index\/wp-content\/uploads\/2022\/04\/Palacio-de-Anaya-Destino-Castilla-y-Sabor.jpg\" alt=\"Visita guiada nocturna por Salamanca\" title=\"Palacio de Anaya - Destino Castilla y Sabor\" width=\"640\" height=\"360\" class=\"size-full wp-image-35223\" srcset=\"https:\/\/destinocastillayleon.es\/index\/wp-content\/uploads\/2022\/04\/Palacio-de-Anaya-Destino-Castilla-y-Sabor.jpg 640w, https:\/\/destinocastillayleon.es\/index\/wp-content\/uploads\/2022\/04\/Palacio-de-Anaya-Destino-Castilla-y-Sabor-300x169.jpg 300w\" sizes=\"(max-width: 640px) 100vw, 640px\" \/><figcaption id=\"caption-attachment-35223\" class=\"wp-caption-text\">Palacio de Anaya &#8211; Destino Castilla y Sabor<\/figcaption><\/figure>\n<p>Esta plaza <strong>toma el nombre de uno de los Colegios Mayores de Salamanca, el Colegio de Anaya<\/strong>; un edificio neocl\u00e1sico de gran armon\u00eda est\u00e9tica. En frente est\u00e1 la Catedral nueva, con una de sus puertas. Al acercarse, nos acercamos, <strong>se pueden ver las famosas esculturas a\u00f1adidas en 1990<\/strong> en una de sus jambas; tales como el astronauta, el helado de cucurucho, el diablillo,..<\/p>\n<p><center><img decoding=\"async\" src=\"http:\/\/destinocastillayleon.es\/index\/wp-content\/uploads\/2017\/02\/30dae34987f08a56eb20b835b92e1fdf.jpg\" alt=\"Fachada norte de la Catedral nueva de Salamanca - Destino Castilla y Le\u00f3n\" width=\"640\" height=\"503\" class=\"size-full wp-image-24524\" srcset=\"https:\/\/destinocastillayleon.es\/index\/wp-content\/uploads\/2017\/02\/30dae34987f08a56eb20b835b92e1fdf.jpg 640w, https:\/\/destinocastillayleon.es\/index\/wp-content\/uploads\/2017\/02\/30dae34987f08a56eb20b835b92e1fdf-300x236.jpg 300w\" sizes=\"(max-width: 640px) 100vw, 640px\" \/><br \/>\n<font size=\"2\">Fachada norte de la Catedral nueva de Salamanca, con sus famosas esculturas a\u00f1adidas &#8211; Destino Castilla y Le\u00f3n<\/font><\/center><a name=\"Clerecia\"><\/a><\/p>\n<h3><strong>Hacia la Clerec\u00eda<\/strong><\/h3>\n<p>Dejamos las Catedrales para otra publicaci\u00f3n, <strong>ya que visitamos el conjunto catedralicio de noche, en la actividad <a href=\"https:\/\/youtu.be\/Y_ytE5nB20Q\" rel=\"noopener\" target=\"_blank\">Ieronimus<\/a><\/strong>. Lo abordaremos en otra publicaci\u00f3n, pero si quer\u00e9is profundizar en el detalle de cada templo, os dejamos el link a la <a href=\"https:\/\/destinocastillayleon.es\/index\/la-catedral-vieja-de-salamanca\/\">Catedral vieja de Salamanca<\/a> y a la <a href=\"https:\/\/destinocastillayleon.es\/index\/catedral-nueva-de-salamanca\/\">Catedral nueva de Salamanca<\/a>.<\/p>\n<figure id=\"attachment_34956\" aria-describedby=\"caption-attachment-34956\" style=\"width: 640px\" class=\"wp-caption aligncenter\"><img decoding=\"async\" src=\"https:\/\/destinocastillayleon.es\/index\/wp-content\/uploads\/2022\/02\/cd091d54ce25a05937b84599992d1932.jpg\" alt=\"Visita nocturna a Salamanca - Destino Castilla y Le\u00f3n\" width=\"640\" height=\"360\" class=\"size-full wp-image-34956\" srcset=\"https:\/\/destinocastillayleon.es\/index\/wp-content\/uploads\/2022\/02\/cd091d54ce25a05937b84599992d1932.jpg 640w, https:\/\/destinocastillayleon.es\/index\/wp-content\/uploads\/2022\/02\/cd091d54ce25a05937b84599992d1932-300x169.jpg 300w\" sizes=\"(max-width: 640px) 100vw, 640px\" \/><figcaption id=\"caption-attachment-34956\" class=\"wp-caption-text\">Visita nocturna a Salamanca &#8211; Destino Castilla y Le\u00f3n<\/figcaption><\/figure>\n<p><strong>Nuestra ruta sigue hasta la iglesia de La Clerec\u00eda<\/strong>, actual sede de la Universidad Pontificia. Y justo en frente, <strong>la famosa Casa de las Conchas<\/strong>; un edificio civil que actualmente es una biblioteca y una zona de estudio. <strong>Esta plaza es muy popular<\/strong> y siempre hay gente transitando por ella.<\/p>\n<figure id=\"attachment_35219\" aria-describedby=\"caption-attachment-35219\" style=\"width: 640px\" class=\"wp-caption aligncenter\"><img decoding=\"async\" src=\"https:\/\/destinocastillayleon.es\/index\/wp-content\/uploads\/2022\/04\/Fachada-de-la-Clerecia-de-Salamanca-Destino-Castilla-y-Leon.jpg\" alt=\"Visita guiada nocturna por Salamanca\" title=\"Fachada de la Clerec\u00eda de Salamanca - Destino Castilla y Le\u00f3n\" width=\"640\" height=\"360\" class=\"size-full wp-image-35219\" srcset=\"https:\/\/destinocastillayleon.es\/index\/wp-content\/uploads\/2022\/04\/Fachada-de-la-Clerecia-de-Salamanca-Destino-Castilla-y-Leon.jpg 640w, https:\/\/destinocastillayleon.es\/index\/wp-content\/uploads\/2022\/04\/Fachada-de-la-Clerecia-de-Salamanca-Destino-Castilla-y-Leon-300x169.jpg 300w\" sizes=\"(max-width: 640px) 100vw, 640px\" \/><figcaption id=\"caption-attachment-35219\" class=\"wp-caption-text\">Fachada de la Clerec\u00eda de Salamanca &#8211; Destino Castilla y Le\u00f3n<\/figcaption><\/figure>\n<p>Nuestro recorrido <strong>finaliz\u00f3 oficialmente en la Iglesia de San Benito<\/strong>, junto a la Universidad Pontificia de Salamanca. Una preciosa iglesia g\u00f3tico renacentista. <strong>All\u00ed nos quedar\u00edamos, porque vamos a cenar en un restaurante junto a esta iglesia; el Restaurante Oroviejo<\/strong>, una opci\u00f3n gastron\u00f3mica muy recomendable. <\/p>\n<p><figure id=\"attachment_35222\" aria-describedby=\"caption-attachment-35222\" style=\"width: 640px\" class=\"wp-caption aligncenter\"><img decoding=\"async\" src=\"https:\/\/destinocastillayleon.es\/index\/wp-content\/uploads\/2022\/04\/Iglesia-de-San-Benito-de-Salamanca-Destino-Castilla-y-Leon.jpg\" alt=\"Iglesia de San Benito de Salamanca - Destino Castilla y Le\u00f3n\" width=\"640\" height=\"360\" class=\"size-full wp-image-35222\" srcset=\"https:\/\/destinocastillayleon.es\/index\/wp-content\/uploads\/2022\/04\/Iglesia-de-San-Benito-de-Salamanca-Destino-Castilla-y-Leon.jpg 640w, https:\/\/destinocastillayleon.es\/index\/wp-content\/uploads\/2022\/04\/Iglesia-de-San-Benito-de-Salamanca-Destino-Castilla-y-Leon-300x169.jpg 300w\" sizes=\"(max-width: 640px) 100vw, 640px\" \/><figcaption id=\"caption-attachment-35222\" class=\"wp-caption-text\">Iglesia de San Benito de Salamanca &#8211; Destino Castilla y Le\u00f3n<\/figcaption><\/figure><a name=\"Llegar\"><\/a><\/p>\n<h2><strong>Informaci\u00f3n general de Salamanca<\/strong><\/h2>\n<h3><strong>\u00bfC\u00f3mo llegar?<\/strong><\/h3>\n<p>Salamanca es <strong>un nudo de comunicaciones, ya que por ella pasa la autov\u00eda Burgos-Lisboa, A62 y la importante autov\u00eda de la Ruta de la Plata A66<\/strong>. Tambi\u00e9n desde hace a\u00f1os, se conecta con \u00c1vila por <strong>la autov\u00eda A50<\/strong>, lo que permite llegar bastante c\u00f3modamente desde Madrid por la AP6.<\/p>\n<figure id=\"attachment_34964\" aria-describedby=\"caption-attachment-34964\" style=\"width: 580px\" class=\"wp-caption aligncenter\"><img decoding=\"async\" src=\"https:\/\/destinocastillayleon.es\/index\/wp-content\/uploads\/2022\/02\/Entrada-a-Salamanca-desde-la-A62-Imagen-de-CylTV.jpg\" alt=\"Entrada a Salamanca desde la A62 - Imagen de CylTV\" width=\"580\" height=\"326\" class=\"size-full wp-image-34964\" srcset=\"https:\/\/destinocastillayleon.es\/index\/wp-content\/uploads\/2022\/02\/Entrada-a-Salamanca-desde-la-A62-Imagen-de-CylTV.jpg 580w, https:\/\/destinocastillayleon.es\/index\/wp-content\/uploads\/2022\/02\/Entrada-a-Salamanca-desde-la-A62-Imagen-de-CylTV-300x169.jpg 300w\" sizes=\"(max-width: 580px) 100vw, 580px\" \/><figcaption id=\"caption-attachment-34964\" class=\"wp-caption-text\">Entrada a Salamanca desde la A62 &#8211; Imagen de CylTV<\/figcaption><\/figure>\n<p>Existe <strong>un enlace ferroviario<\/strong>, pero con pocos trenes desde Valladolid, por lo que suele usarse los fines de semana para escapadas desde esta ciudad; <strong>se espera que en unos pocos a\u00f1os exista una conexi\u00f3n AVE<\/strong>, aunque esto puede tardar.<\/p>\n<p><a name=\"Comer\"><\/a><\/p>\n<h3><strong>\u00bfD\u00f3nde comer?<\/strong><\/h3>\n<p>Como es una ciudad <strong>muy tur\u00edstica, es f\u00e1cil localizar muchos lugares donde comer<\/strong>. Nosotros tenemos muchas experiencias en Salamanca. Desde lugares c\u00f3modos con men\u00fa del d\u00eda, como el <strong>Restaurante el Ave en la calle Libreros<\/strong>, muy cerca de la Clerec\u00eda, como <a href=\"https:\/\/destinocastillayleon.es\/index\/tapeo-por-salamanca\/\"><strong>rutas de tapas<\/strong>, por los bares de Salamanca<\/a>. Tambi\u00e9n en el <a href=\"https:\/\/lamesadelconde.es\/las-tapas-de-gonzalo-en-salamanca\/\" rel=\"noopener\" target=\"_blank\"><strong>Restaurante Las Tapas de Gonzalo<\/strong><\/a>, en la plaza Mayor.<\/p>\n<figure id=\"attachment_28130\" aria-describedby=\"caption-attachment-28130\" style=\"width: 580px\" class=\"wp-caption aligncenter\"><img decoding=\"async\" src=\"https:\/\/destinocastillayleon.es\/index\/wp-content\/uploads\/2017\/06\/cab2081e3782758f5f17d51a5dcd93e3.jpg\" alt=\"iPan iVino, tapas en Salamanca - Destino Castilla y Le\u00f3n\" width=\"580\" class=\"size-full wp-image-28130\" srcset=\"https:\/\/destinocastillayleon.es\/index\/wp-content\/uploads\/2017\/06\/cab2081e3782758f5f17d51a5dcd93e3.jpg 640w, https:\/\/destinocastillayleon.es\/index\/wp-content\/uploads\/2017\/06\/cab2081e3782758f5f17d51a5dcd93e3-300x188.jpg 300w\" sizes=\"(max-width: 640px) 100vw, 640px\" \/><figcaption id=\"caption-attachment-28130\" class=\"wp-caption-text\">De tapeo en el restaurante iPan iVino de Salamanca &#8211; Destino Castilla y Le\u00f3n<\/figcaption><\/figure>\n<p>Durante esta visita, cenamos o comimos muy bien tanto en el <a href=\"https:\/\/youtu.be\/tnnQGKd68mE\" rel=\"noopener\" target=\"_blank\"><strong>Restaurante Oroviejo<\/strong><\/a>, como en el <a href=\"https:\/\/youtu.be\/DJtGGIEAkA4\" rel=\"noopener\" target=\"_blank\"><strong>Restaurante Azogue Viejo<\/strong><\/a> o en el <a href=\"https:\/\/youtu.be\/jeJ1OtbMonw\" rel=\"noopener\" target=\"_blank\"><strong>Restaurante Vermuter\u00eda Lilith<\/strong><\/a>.<\/p>\n<p><a name=\"Dormir\"><\/a><\/p>\n<h3><strong>\u00bfD\u00f3nde alojarse?<\/strong><\/h3>\n<p>Durante nuestra visita, nos alojamos en un c\u00e9ntrico y c\u00f3modo Hotel Boutique, <strong>el <a href=\"https:\/\/www.booking.com\/hotel\/es\/room-mate-vega.es.html?aid=1281624;sid=c07c3c6d3b88b9bfc3748a5e4a24e278;atlas_src=sr_iw_title;dest_id=-400105;dest_type=city;dist=0;group_adults=2;group_children=1;no_rooms=1;room1=A%2CA%2C12;sb_price_type=total;type=total;ucfs=1&#038;\" rel=\"nofollow noopener\" target=\"_blank\">Hotel Ikonik Plaza Mercado<\/a>.<\/strong> Sin ser un s\u00faper hotel, es c\u00f3modo, limpio y super bien posicionado para que te olvides del coche en una ciudad como esta.<\/p>\n<p><center><iframe width=\"560\" height=\"315\" src=\"https:\/\/www.youtube.com\/embed\/b3BVeszDmPs\" title=\"YouTube video player\" frameborder=\"0\" allow=\"accelerometer; autoplay; clipboard-write; encrypted-media; gyroscope; picture-in-picture\" allowfullscreen><\/iframe><\/center><\/p>\n<p>En otras ocasiones, igualmente nos hemos alojado en otros hoteles y pensiones. Salamanca ofrece mucha oferta. As\u00ed, os podemos recomendar <strong>el <a href=\"https:\/\/www.booking.com\/hotel\/es\/ibis-salamanca.es.html?aid=1281624;sid=c07c3c6d3b88b9bfc3748a5e4a24e278;atlas_src=sr_iw_btn;dest_id=-400105;dest_type=city;dist=0;group_adults=2;group_children=1;no_rooms=1;room1=A%2CA%2C12;sb_price_type=total;type=total;ucfs=1&#038;\" rel=\"nofollow noopener\" target=\"_blank\">Ibis Salamanca<\/a><\/strong>, en algo sencillo pero completo; o en plan m\u00e1s econ\u00f3mico, <strong>el <a href=\"https:\/\/www.booking.com\/hotel\/es\/hostal-mindanao.es.html?aid=1281624;sid=c07c3c6d3b88b9bfc3748a5e4a24e278;atlas_src=sr_iw_btn;dest_id=-400105;dest_type=city;dist=0;group_adults=2;group_children=1;no_rooms=1;room1=A%2CA%2C12;sb_price_type=total;type=total;ucfs=1&#038;\" rel=\"nofollow noopener\" target=\"_blank\">Hostal Mindanao<\/a><\/strong>. <a name=\"Historia\"><\/a><\/p>\n<h3><strong>Breve contexto hist\u00f3rico<\/strong><\/h3>\n<p><strong>La ciudad de Salamanca es muy antigua<\/strong>. Recientemente se han localizado varios asentamientos prerromanos en <strong>la <a href=\"https:\/\/youtu.be\/uW72qvk-bd0\" rel=\"noopener\" target=\"_blank\">colina de San Vicente<\/a><\/strong>. Entre sus restos se han hallado objetos que ligan esta ciudad a la <a href=\"https:\/\/destinoysabor.com\/blog\/recorriendo-las-costas-de-cadiz\/\" rel=\"noopener\" target=\"_blank\">cultura tart\u00e9ssica<\/a>, que nunca se pens\u00f3 que llegara tan al norte.<\/p>\n<p>Bajo dominio romano, <strong>ya en el cerro de las Catedrales, la ciudad se desarrolla, siendo un importante hito de la <a href=\"https:\/\/destinocastillayleon.es\/index\/conjuntos-historicos-de-salamanca\/#Via-de-la-plata\" rel=\"noopener\" target=\"_blank\">Ruta de la Plata<\/a> para sacar el oro de Las M\u00e9dulas por Hispalis, Sevilla<\/strong>. Durante la \u00e9poca conocida como el desierto del Duero, qued\u00f3 casi abandonada, y <strong>tuvo que ser repoblada por orden de Alfonso VI en el siglo XI<\/strong>, construy\u00e9ndose la Catedral rom\u00e1nica.<\/p>\n<figure id=\"attachment_33098\" aria-describedby=\"caption-attachment-33098\" style=\"width: 220px\" class=\"wp-caption aligncenter\"><img decoding=\"async\" data-pin-description=\"Alfonso VI de Le\u00f3n - Imagen de Wikipedia\" src=\"https:\/\/destinocastillayleon.es\/index\/wp-content\/uploads\/2017\/06\/6fde61cc22cf23016f9b99c547390fa2.jpg\" alt=\"Alfonso VI de Le\u00f3n - Imagen de Wikipedia\" width=\"220\" class=\"size-full wp-image-33098\" srcset=\"https:\/\/destinocastillayleon.es\/index\/wp-content\/uploads\/2017\/06\/6fde61cc22cf23016f9b99c547390fa2.jpg 420w, https:\/\/destinocastillayleon.es\/index\/wp-content\/uploads\/2017\/06\/6fde61cc22cf23016f9b99c547390fa2-195x300.jpg 195w\" sizes=\"(max-width: 420px) 100vw, 420px\" \/><figcaption id=\"caption-attachment-33098\" class=\"wp-caption-text\">Alfonso VI de Le\u00f3n &#8211; Imagen de Wikipedia<\/figcaption><\/figure>\n<p><strong>A finales del siglo XV la poblaci\u00f3n ten\u00eda una gran pujanza<\/strong>, con la Universidad de Salamanca entre las m\u00e1s antiguas. Por esto, <strong>se decide construir otra catedral<\/strong>, pareja a la actual, que se deber\u00eda seguir usando mientras se constru\u00eda la nueva, <strong>y la universidad adquiere sus propios edificios<\/strong>, Las Escuelas Mayores y las Escuelas menores.<\/p>\n<p><strong>Esta ciudad qued\u00f3, y queda, muy ligada ya a la universidad<\/strong>, lo que por su armon\u00eda e historia le vale ser declarada <strong>Patrimonio Mundial de la Humanidad en 1988<\/strong>.<\/p>\n<p>Y vosotros, <strong>\u00bfHab\u00e9is realizado alguna vez una visita guiada nocturna por Salamanca? \u00bfC\u00f3mo os fue?<\/strong> Cont\u00e1dnoslo en un comentario.<\/p>\n<h4>Tambi\u00e9n te puede interesar<\/h4>\n<ul>\n<li><a href=\"https:\/\/destinocastillayleon.es\/index\/redescubriendo-salamanca\/\" rel=\"noopener\" target=\"_blank\">Redescubriendo Salamanca con actividades diferentes<\/a>.<\/li>\n<li><a href=\"https:\/\/destinocastillayleon.es\/index\/guia-de-salamanca\/\" rel=\"noopener\" target=\"_blank\">Gu\u00eda para viajar a Salamanca: una ruta imprescindible<\/a>.<\/li>\n<li><a href=\"https:\/\/destinocastillayleon.es\/index\/salamanca-nocturna\/\" rel=\"noopener\" target=\"_blank\">Safari fotogr\u00e1fico por la Salamanca nocturna<\/a>.<\/li>\n<\/ul>\n","protected":false},"excerpt":{"rendered":"<p>Te contamos c\u00f3mo fue nuestra visita guiada nocturna por Salamanca. Que, aunque te recomendamos que sea con gu\u00eda, puedes hacerla por libre siguiendo nuestro pasos, ya que te contamos algunas cosas interesantes del recorrido.<\/p>\n","protected":false},"author":2,"featured_media":35233,"comment_status":"open","ping_status":"closed","sticky":false,"template":"","format":"standard","meta":{"rop_custom_images_group":[],"rop_custom_messages_group":[],"rop_publish_now":"initial","rop_publish_now_accounts":{"twitter_1150954226_1150954226":""},"rop_publish_now_history":[],"rop_publish_now_status":"pending","footnotes":""},"categories":[3472,68,384,74,40,4795],"tags":[6002,2169,5060,6001],"class_list":["post-35208","post","type-post","status-publish","format-standard","has-post-thumbnail","hentry","category-inspirate","category-post_inicial","category-rutas-2","category-rutas_por_cyl","category-salamanca","category-salamanca-turismo","tag-ruta-guiada","tag-safari-fotografico-por-salamanca","tag-salamanca","tag-salamancacyltb"],"yoast_head":"<!-- This site is optimized with the Yoast SEO Premium plugin v20.4 (Yoast SEO v27.4) - https:\/\/yoast.com\/product\/yoast-seo-premium-wordpress\/ -->\n<title>Visita guiada nocturna por Salamanca - Destino Castilla y Le\u00f3n<\/title>\n<meta name=\"description\" content=\"Te contamos c\u00f3mo fue nuestra visita guiada nocturna por Salamanca. Que, aunque te recomendamos que sea con gu\u00eda, puedes hacerla por libre\" \/>\n<meta name=\"robots\" content=\"index, follow, max-snippet:-1, max-image-preview:large, max-video-preview:-1\" \/>\n<link rel=\"canonical\" href=\"https:\/\/destinocastillayleon.es\/index\/visita-guiada-nocturna-por-salamanca\/\" \/>\n<meta property=\"og:locale\" content=\"es_ES\" \/>\n<meta property=\"og:type\" content=\"article\" \/>\n<meta property=\"og:title\" content=\"Visita guiada nocturna por Salamanca - Destino Castilla y Le\u00f3n\" \/>\n<meta property=\"og:description\" content=\"Te contamos c\u00f3mo fue nuestra visita guiada nocturna por Salamanca. Que, aunque te recomendamos que sea con gu\u00eda, puedes hacerla por libre siguiendo nuestro pasos, ya que te contamos algunas cosas interesantes del recorrido.\" \/>\n<meta property=\"og:url\" content=\"https:\/\/destinocastillayleon.es\/index\/visita-guiada-nocturna-por-salamanca\/\" \/>\n<meta property=\"og:site_name\" content=\"Destino Castilla y Le\u00f3n\" \/>\n<meta property=\"article:publisher\" content=\"https:\/\/www.facebook.com\/DestinoCastillaYLeon\/\" \/>\n<meta property=\"article:author\" content=\"https:\/\/www.facebook.com\/profile.php?id=1158416854\" \/>\n<meta property=\"article:published_time\" content=\"2022-04-22T11:30:15+00:00\" \/>\n<meta property=\"article:modified_time\" content=\"2022-04-22T20:27:32+00:00\" \/>\n<meta property=\"og:image\" content=\"https:\/\/destinocastillayleon.es\/index\/wp-content\/uploads\/2022\/04\/Visita-nocturna-a-Salamanca-Destino-Castilla-y-Leon.jpg\" \/>\n\t<meta property=\"og:image:width\" content=\"1210\" \/>\n\t<meta property=\"og:image:height\" content=\"560\" \/>\n\t<meta property=\"og:image:type\" content=\"image\/jpeg\" \/>\n<meta name=\"author\" content=\"David V\u00e1zquez\" \/>\n<meta name=\"twitter:card\" content=\"summary_large_image\" \/>\n<meta name=\"twitter:title\" content=\"Visita guiada nocturna por Salamanca - Destino Castilla y Le\u00f3n\" \/>\n<meta name=\"twitter:description\" content=\"Te contamos c\u00f3mo fue nuestra visita guiada nocturna por Salamanca. Que, aunque te recomendamos que sea con gu\u00eda, puedes hacerla por libre siguiendo nuestro pasos, ya que te contamos algunas cosas interesantes del recorrido.\" \/>\n<meta name=\"twitter:image\" content=\"https:\/\/destinocastillayleon.es\/index\/wp-content\/uploads\/2022\/04\/Visita-nocturna-a-Salamanca-Destino-Castilla-y-Leon.jpg\" \/>\n<meta name=\"twitter:creator\" content=\"@https:\/\/twitter.com\/ContePantaleone\u200e\" \/>\n<meta name=\"twitter:site\" content=\"@destinocyl\" \/>\n<meta name=\"twitter:label1\" content=\"Escrito por\" \/>\n\t<meta name=\"twitter:data1\" content=\"David V\u00e1zquez\" \/>\n\t<meta name=\"twitter:label2\" content=\"Tiempo de lectura\" \/>\n\t<meta name=\"twitter:data2\" content=\"14 minutos\" \/>\n<script type=\"application\/ld+json\" class=\"yoast-schema-graph\">{\"@context\":\"https:\\\/\\\/schema.org\",\"@graph\":[{\"@type\":\"Article\",\"@id\":\"https:\\\/\\\/destinocastillayleon.es\\\/index\\\/visita-guiada-nocturna-por-salamanca\\\/#article\",\"isPartOf\":{\"@id\":\"https:\\\/\\\/destinocastillayleon.es\\\/index\\\/visita-guiada-nocturna-por-salamanca\\\/\"},\"author\":{\"name\":\"David V\u00e1zquez\",\"@id\":\"https:\\\/\\\/destinocastillayleon.es\\\/index\\\/#\\\/schema\\\/person\\\/189221bc8f6cc4fa28b18ad5c289d4c2\"},\"headline\":\"Visita guiada nocturna por Salamanca\",\"datePublished\":\"2022-04-22T11:30:15+00:00\",\"dateModified\":\"2022-04-22T20:27:32+00:00\",\"mainEntityOfPage\":{\"@id\":\"https:\\\/\\\/destinocastillayleon.es\\\/index\\\/visita-guiada-nocturna-por-salamanca\\\/\"},\"wordCount\":2776,\"commentCount\":0,\"image\":{\"@id\":\"https:\\\/\\\/destinocastillayleon.es\\\/index\\\/visita-guiada-nocturna-por-salamanca\\\/#primaryimage\"},\"thumbnailUrl\":\"https:\\\/\\\/destinocastillayleon.es\\\/index\\\/wp-content\\\/uploads\\\/2022\\\/04\\\/Visita-nocturna-a-Salamanca-Destino-Castilla-y-Leon.jpg\",\"keywords\":[\"ruta guiada\",\"safari fotogr\u00e1fico por Salamanca\",\"Salamanca\",\"SalamancaCyLTB\"],\"articleSection\":[\"Inspirate\",\"Post_inicial\",\"Rutas\",\"Rutas por Castilla y Le\u00f3n\",\"Salamanca\",\"Salamanca Turismo\"],\"inLanguage\":\"es\",\"potentialAction\":[{\"@type\":\"CommentAction\",\"name\":\"Comment\",\"target\":[\"https:\\\/\\\/destinocastillayleon.es\\\/index\\\/visita-guiada-nocturna-por-salamanca\\\/#respond\"]}]},{\"@type\":\"WebPage\",\"@id\":\"https:\\\/\\\/destinocastillayleon.es\\\/index\\\/visita-guiada-nocturna-por-salamanca\\\/\",\"url\":\"https:\\\/\\\/destinocastillayleon.es\\\/index\\\/visita-guiada-nocturna-por-salamanca\\\/\",\"name\":\"Visita guiada nocturna por Salamanca - Destino Castilla y Le\u00f3n\",\"isPartOf\":{\"@id\":\"https:\\\/\\\/destinocastillayleon.es\\\/index\\\/#website\"},\"primaryImageOfPage\":{\"@id\":\"https:\\\/\\\/destinocastillayleon.es\\\/index\\\/visita-guiada-nocturna-por-salamanca\\\/#primaryimage\"},\"image\":{\"@id\":\"https:\\\/\\\/destinocastillayleon.es\\\/index\\\/visita-guiada-nocturna-por-salamanca\\\/#primaryimage\"},\"thumbnailUrl\":\"https:\\\/\\\/destinocastillayleon.es\\\/index\\\/wp-content\\\/uploads\\\/2022\\\/04\\\/Visita-nocturna-a-Salamanca-Destino-Castilla-y-Leon.jpg\",\"datePublished\":\"2022-04-22T11:30:15+00:00\",\"dateModified\":\"2022-04-22T20:27:32+00:00\",\"author\":{\"@id\":\"https:\\\/\\\/destinocastillayleon.es\\\/index\\\/#\\\/schema\\\/person\\\/189221bc8f6cc4fa28b18ad5c289d4c2\"},\"description\":\"Te contamos c\u00f3mo fue nuestra visita guiada nocturna por Salamanca. Que, aunque te recomendamos que sea con gu\u00eda, puedes hacerla por libre\",\"breadcrumb\":{\"@id\":\"https:\\\/\\\/destinocastillayleon.es\\\/index\\\/visita-guiada-nocturna-por-salamanca\\\/#breadcrumb\"},\"inLanguage\":\"es\",\"potentialAction\":[{\"@type\":\"ReadAction\",\"target\":[\"https:\\\/\\\/destinocastillayleon.es\\\/index\\\/visita-guiada-nocturna-por-salamanca\\\/\"]}]},{\"@type\":\"ImageObject\",\"inLanguage\":\"es\",\"@id\":\"https:\\\/\\\/destinocastillayleon.es\\\/index\\\/visita-guiada-nocturna-por-salamanca\\\/#primaryimage\",\"url\":\"https:\\\/\\\/destinocastillayleon.es\\\/index\\\/wp-content\\\/uploads\\\/2022\\\/04\\\/Visita-nocturna-a-Salamanca-Destino-Castilla-y-Leon.jpg\",\"contentUrl\":\"https:\\\/\\\/destinocastillayleon.es\\\/index\\\/wp-content\\\/uploads\\\/2022\\\/04\\\/Visita-nocturna-a-Salamanca-Destino-Castilla-y-Leon.jpg\",\"width\":1210,\"height\":560,\"caption\":\"Visita nocturna a Salamanca - Destino Castilla y Le\u00f3n\"},{\"@type\":\"BreadcrumbList\",\"@id\":\"https:\\\/\\\/destinocastillayleon.es\\\/index\\\/visita-guiada-nocturna-por-salamanca\\\/#breadcrumb\",\"itemListElement\":[{\"@type\":\"ListItem\",\"position\":1,\"name\":\"Portada\",\"item\":\"https:\\\/\\\/destinocastillayleon.es\\\/index\\\/\"},{\"@type\":\"ListItem\",\"position\":2,\"name\":\"Visita guiada nocturna por Salamanca\"}]},{\"@type\":\"WebSite\",\"@id\":\"https:\\\/\\\/destinocastillayleon.es\\\/index\\\/#website\",\"url\":\"https:\\\/\\\/destinocastillayleon.es\\\/index\\\/\",\"name\":\"Destino Castilla y Le\u00f3n\",\"description\":\"Medio digital independiente y revista de Castilla y Le\u00f3n dedicado al turismo, gastronom\u00eda y vino de Castilla y Le\u00f3n\",\"potentialAction\":[{\"@type\":\"SearchAction\",\"target\":{\"@type\":\"EntryPoint\",\"urlTemplate\":\"https:\\\/\\\/destinocastillayleon.es\\\/index\\\/?s={search_term_string}\"},\"query-input\":{\"@type\":\"PropertyValueSpecification\",\"valueRequired\":true,\"valueName\":\"search_term_string\"}}],\"inLanguage\":\"es\"},{\"@type\":\"Person\",\"@id\":\"https:\\\/\\\/destinocastillayleon.es\\\/index\\\/#\\\/schema\\\/person\\\/189221bc8f6cc4fa28b18ad5c289d4c2\",\"name\":\"David V\u00e1zquez\",\"image\":{\"@type\":\"ImageObject\",\"inLanguage\":\"es\",\"@id\":\"https:\\\/\\\/secure.gravatar.com\\\/avatar\\\/cd12db6c575a90c3b75cfa0f794b74d425201c768612fad17e9f13cd33d48be8?s=96&d=mm&r=g\",\"url\":\"https:\\\/\\\/secure.gravatar.com\\\/avatar\\\/cd12db6c575a90c3b75cfa0f794b74d425201c768612fad17e9f13cd33d48be8?s=96&d=mm&r=g\",\"contentUrl\":\"https:\\\/\\\/secure.gravatar.com\\\/avatar\\\/cd12db6c575a90c3b75cfa0f794b74d425201c768612fad17e9f13cd33d48be8?s=96&d=mm&r=g\",\"caption\":\"David V\u00e1zquez\"},\"description\":\"Ingeniero Industrial de vocaci\u00f3n y profesi\u00f3n, he encontrado en los blogs la forma de plasmar mi pasi\u00f3n por los viajes, la gastronom\u00eda y los vinos. Especialmente los procedentes de Castilla y Le\u00f3n\",\"sameAs\":[\"https:\\\/\\\/www.destinocastillayleon.es\",\"https:\\\/\\\/www.facebook.com\\\/profile.php?id=1158416854\",\"https:\\\/\\\/instagram.com\\\/conte.pantaleone\",\"https:\\\/\\\/www.linkedin.com\\\/pub\\\/david-vazquez-lozano\\\/37\\\/17a\\\/25a\",\"https:\\\/\\\/x.com\\\/https:\\\/\\\/twitter.com\\\/ContePantaleone\u200e\"],\"url\":\"https:\\\/\\\/destinocastillayleon.es\\\/index\\\/author\\\/coadministradorcyl\\\/\"}]}<\/script>\n<!-- \/ Yoast SEO Premium plugin. -->","yoast_head_json":{"title":"Visita guiada nocturna por Salamanca - Destino Castilla y Le\u00f3n","description":"Te contamos c\u00f3mo fue nuestra visita guiada nocturna por Salamanca. Que, aunque te recomendamos que sea con gu\u00eda, puedes hacerla por libre","robots":{"index":"index","follow":"follow","max-snippet":"max-snippet:-1","max-image-preview":"max-image-preview:large","max-video-preview":"max-video-preview:-1"},"canonical":"https:\/\/destinocastillayleon.es\/index\/visita-guiada-nocturna-por-salamanca\/","og_locale":"es_ES","og_type":"article","og_title":"Visita guiada nocturna por Salamanca - Destino Castilla y Le\u00f3n","og_description":"Te contamos c\u00f3mo fue nuestra visita guiada nocturna por Salamanca. Que, aunque te recomendamos que sea con gu\u00eda, puedes hacerla por libre siguiendo nuestro pasos, ya que te contamos algunas cosas interesantes del recorrido.","og_url":"https:\/\/destinocastillayleon.es\/index\/visita-guiada-nocturna-por-salamanca\/","og_site_name":"Destino Castilla y Le\u00f3n","article_publisher":"https:\/\/www.facebook.com\/DestinoCastillaYLeon\/","article_author":"https:\/\/www.facebook.com\/profile.php?id=1158416854","article_published_time":"2022-04-22T11:30:15+00:00","article_modified_time":"2022-04-22T20:27:32+00:00","og_image":[{"width":1210,"height":560,"url":"https:\/\/destinocastillayleon.es\/index\/wp-content\/uploads\/2022\/04\/Visita-nocturna-a-Salamanca-Destino-Castilla-y-Leon.jpg","type":"image\/jpeg"}],"author":"David V\u00e1zquez","twitter_card":"summary_large_image","twitter_title":"Visita guiada nocturna por Salamanca - Destino Castilla y Le\u00f3n","twitter_description":"Te contamos c\u00f3mo fue nuestra visita guiada nocturna por Salamanca. Que, aunque te recomendamos que sea con gu\u00eda, puedes hacerla por libre siguiendo nuestro pasos, ya que te contamos algunas cosas interesantes del recorrido.","twitter_image":"https:\/\/destinocastillayleon.es\/index\/wp-content\/uploads\/2022\/04\/Visita-nocturna-a-Salamanca-Destino-Castilla-y-Leon.jpg","twitter_creator":"@https:\/\/twitter.com\/ContePantaleone\u200e","twitter_site":"@destinocyl","twitter_misc":{"Escrito por":"David V\u00e1zquez","Tiempo de lectura":"14 minutos"},"schema":{"@context":"https:\/\/schema.org","@graph":[{"@type":"Article","@id":"https:\/\/destinocastillayleon.es\/index\/visita-guiada-nocturna-por-salamanca\/#article","isPartOf":{"@id":"https:\/\/destinocastillayleon.es\/index\/visita-guiada-nocturna-por-salamanca\/"},"author":{"name":"David V\u00e1zquez","@id":"https:\/\/destinocastillayleon.es\/index\/#\/schema\/person\/189221bc8f6cc4fa28b18ad5c289d4c2"},"headline":"Visita guiada nocturna por Salamanca","datePublished":"2022-04-22T11:30:15+00:00","dateModified":"2022-04-22T20:27:32+00:00","mainEntityOfPage":{"@id":"https:\/\/destinocastillayleon.es\/index\/visita-guiada-nocturna-por-salamanca\/"},"wordCount":2776,"commentCount":0,"image":{"@id":"https:\/\/destinocastillayleon.es\/index\/visita-guiada-nocturna-por-salamanca\/#primaryimage"},"thumbnailUrl":"https:\/\/destinocastillayleon.es\/index\/wp-content\/uploads\/2022\/04\/Visita-nocturna-a-Salamanca-Destino-Castilla-y-Leon.jpg","keywords":["ruta guiada","safari fotogr\u00e1fico por Salamanca","Salamanca","SalamancaCyLTB"],"articleSection":["Inspirate","Post_inicial","Rutas","Rutas por Castilla y Le\u00f3n","Salamanca","Salamanca Turismo"],"inLanguage":"es","potentialAction":[{"@type":"CommentAction","name":"Comment","target":["https:\/\/destinocastillayleon.es\/index\/visita-guiada-nocturna-por-salamanca\/#respond"]}]},{"@type":"WebPage","@id":"https:\/\/destinocastillayleon.es\/index\/visita-guiada-nocturna-por-salamanca\/","url":"https:\/\/destinocastillayleon.es\/index\/visita-guiada-nocturna-por-salamanca\/","name":"Visita guiada nocturna por Salamanca - Destino Castilla y Le\u00f3n","isPartOf":{"@id":"https:\/\/destinocastillayleon.es\/index\/#website"},"primaryImageOfPage":{"@id":"https:\/\/destinocastillayleon.es\/index\/visita-guiada-nocturna-por-salamanca\/#primaryimage"},"image":{"@id":"https:\/\/destinocastillayleon.es\/index\/visita-guiada-nocturna-por-salamanca\/#primaryimage"},"thumbnailUrl":"https:\/\/destinocastillayleon.es\/index\/wp-content\/uploads\/2022\/04\/Visita-nocturna-a-Salamanca-Destino-Castilla-y-Leon.jpg","datePublished":"2022-04-22T11:30:15+00:00","dateModified":"2022-04-22T20:27:32+00:00","author":{"@id":"https:\/\/destinocastillayleon.es\/index\/#\/schema\/person\/189221bc8f6cc4fa28b18ad5c289d4c2"},"description":"Te contamos c\u00f3mo fue nuestra visita guiada nocturna por Salamanca. Que, aunque te recomendamos que sea con gu\u00eda, puedes hacerla por libre","breadcrumb":{"@id":"https:\/\/destinocastillayleon.es\/index\/visita-guiada-nocturna-por-salamanca\/#breadcrumb"},"inLanguage":"es","potentialAction":[{"@type":"ReadAction","target":["https:\/\/destinocastillayleon.es\/index\/visita-guiada-nocturna-por-salamanca\/"]}]},{"@type":"ImageObject","inLanguage":"es","@id":"https:\/\/destinocastillayleon.es\/index\/visita-guiada-nocturna-por-salamanca\/#primaryimage","url":"https:\/\/destinocastillayleon.es\/index\/wp-content\/uploads\/2022\/04\/Visita-nocturna-a-Salamanca-Destino-Castilla-y-Leon.jpg","contentUrl":"https:\/\/destinocastillayleon.es\/index\/wp-content\/uploads\/2022\/04\/Visita-nocturna-a-Salamanca-Destino-Castilla-y-Leon.jpg","width":1210,"height":560,"caption":"Visita nocturna a Salamanca - Destino Castilla y Le\u00f3n"},{"@type":"BreadcrumbList","@id":"https:\/\/destinocastillayleon.es\/index\/visita-guiada-nocturna-por-salamanca\/#breadcrumb","itemListElement":[{"@type":"ListItem","position":1,"name":"Portada","item":"https:\/\/destinocastillayleon.es\/index\/"},{"@type":"ListItem","position":2,"name":"Visita guiada nocturna por Salamanca"}]},{"@type":"WebSite","@id":"https:\/\/destinocastillayleon.es\/index\/#website","url":"https:\/\/destinocastillayleon.es\/index\/","name":"Destino Castilla y Le\u00f3n","description":"Medio digital independiente y revista de Castilla y Le\u00f3n dedicado al turismo, gastronom\u00eda y vino de Castilla y Le\u00f3n","potentialAction":[{"@type":"SearchAction","target":{"@type":"EntryPoint","urlTemplate":"https:\/\/destinocastillayleon.es\/index\/?s={search_term_string}"},"query-input":{"@type":"PropertyValueSpecification","valueRequired":true,"valueName":"search_term_string"}}],"inLanguage":"es"},{"@type":"Person","@id":"https:\/\/destinocastillayleon.es\/index\/#\/schema\/person\/189221bc8f6cc4fa28b18ad5c289d4c2","name":"David V\u00e1zquez","image":{"@type":"ImageObject","inLanguage":"es","@id":"https:\/\/secure.gravatar.com\/avatar\/cd12db6c575a90c3b75cfa0f794b74d425201c768612fad17e9f13cd33d48be8?s=96&d=mm&r=g","url":"https:\/\/secure.gravatar.com\/avatar\/cd12db6c575a90c3b75cfa0f794b74d425201c768612fad17e9f13cd33d48be8?s=96&d=mm&r=g","contentUrl":"https:\/\/secure.gravatar.com\/avatar\/cd12db6c575a90c3b75cfa0f794b74d425201c768612fad17e9f13cd33d48be8?s=96&d=mm&r=g","caption":"David V\u00e1zquez"},"description":"Ingeniero Industrial de vocaci\u00f3n y profesi\u00f3n, he encontrado en los blogs la forma de plasmar mi pasi\u00f3n por los viajes, la gastronom\u00eda y los vinos. Especialmente los procedentes de Castilla y Le\u00f3n","sameAs":["https:\/\/www.destinocastillayleon.es","https:\/\/www.facebook.com\/profile.php?id=1158416854","https:\/\/instagram.com\/conte.pantaleone","https:\/\/www.linkedin.com\/pub\/david-vazquez-lozano\/37\/17a\/25a","https:\/\/x.com\/https:\/\/twitter.com\/ContePantaleone\u200e"],"url":"https:\/\/destinocastillayleon.es\/index\/author\/coadministradorcyl\/"}]}},"_links":{"self":[{"href":"https:\/\/destinocastillayleon.es\/index\/wp-json\/wp\/v2\/posts\/35208","targetHints":{"allow":["GET"]}}],"collection":[{"href":"https:\/\/destinocastillayleon.es\/index\/wp-json\/wp\/v2\/posts"}],"about":[{"href":"https:\/\/destinocastillayleon.es\/index\/wp-json\/wp\/v2\/types\/post"}],"author":[{"embeddable":true,"href":"https:\/\/destinocastillayleon.es\/index\/wp-json\/wp\/v2\/users\/2"}],"replies":[{"embeddable":true,"href":"https:\/\/destinocastillayleon.es\/index\/wp-json\/wp\/v2\/comments?post=35208"}],"version-history":[{"count":14,"href":"https:\/\/destinocastillayleon.es\/index\/wp-json\/wp\/v2\/posts\/35208\/revisions"}],"predecessor-version":[{"id":35240,"href":"https:\/\/destinocastillayleon.es\/index\/wp-json\/wp\/v2\/posts\/35208\/revisions\/35240"}],"wp:featuredmedia":[{"embeddable":true,"href":"https:\/\/destinocastillayleon.es\/index\/wp-json\/wp\/v2\/media\/35233"}],"wp:attachment":[{"href":"https:\/\/destinocastillayleon.es\/index\/wp-json\/wp\/v2\/media?parent=35208"}],"wp:term":[{"taxonomy":"category","embeddable":true,"href":"https:\/\/destinocastillayleon.es\/index\/wp-json\/wp\/v2\/categories?post=35208"},{"taxonomy":"post_tag","embeddable":true,"href":"https:\/\/destinocastillayleon.es\/index\/wp-json\/wp\/v2\/tags?post=35208"}],"curies":[{"name":"wp","href":"https:\/\/api.w.org\/{rel}","templated":true}]}}