{"id":35193,"date":"2022-04-12T08:32:46","date_gmt":"2022-04-12T06:32:46","guid":{"rendered":"https:\/\/destinocastillayleon.es\/index\/?p=35193"},"modified":"2022-04-12T00:13:21","modified_gmt":"2022-04-11T22:13:21","slug":"semana-santa-en-rueda-2022","status":"publish","type":"post","link":"https:\/\/destinocastillayleon.es\/index\/semana-santa-en-rueda-2022\/","title":{"rendered":"Vive la Semana Santa en Rueda 2022"},"content":{"rendered":"<p>Y casi sin darnos cuenta, <strong>ya estamos celebrando la Semana Santa, aunque oficialmente empez\u00f3 el domingo pasado con el Domingo de Ramos.<\/strong> No obstante, los d\u00edas m\u00e1s fuertes siguen siendo los \u00faltimos d\u00edas de Pasi\u00f3n. <strong>En Rueda, se vive una Semana Santa cargada adem\u00e1s del componente religioso, de un componente de enoturismo, gastronom\u00eda y tradici\u00f3n<\/strong>. Vamos a conocer la Semana Santa en Rueda 2022.<\/p>\n<h3><strong>D\u00edas de pasi\u00f3n<\/strong><\/h3>\n<p>Ya os contamos hace a\u00f1os, a\u00f1os no marcados ni por una guerra ni una pandemia que, <strong>Castilla y Le\u00f3n cuenta con varias poblaciones cuyas celebraciones de <a href=\"https:\/\/destinocastillayleon.es\/index\/semana-santa-en-castilla-y-leon\/\">Semana Santa est\u00e1n declaradas de inter\u00e9s tur\u00edstico internacional<\/a>, nacional o regional.<\/strong><\/p>\n<figure id=\"attachment_22299\" aria-describedby=\"caption-attachment-22299\" style=\"width: 640px\" class=\"wp-caption aligncenter\"><img decoding=\"async\" src=\"https:\/\/destinocastillayleon.es\/index\/wp-content\/uploads\/2016\/03\/df79c48ea5382eb0e4017930fcca9e8f.jpg\" alt=\"Mapa de las Semanas Santas - Destino Castilla y Le\u00f3n\" width=\"640\" height=\"437\" class=\"size-full wp-image-22299\" srcset=\"https:\/\/destinocastillayleon.es\/index\/wp-content\/uploads\/2016\/03\/df79c48ea5382eb0e4017930fcca9e8f.jpg 640w, https:\/\/destinocastillayleon.es\/index\/wp-content\/uploads\/2016\/03\/df79c48ea5382eb0e4017930fcca9e8f-300x205.jpg 300w\" sizes=\"(max-width: 640px) 100vw, 640px\" \/><figcaption id=\"caption-attachment-22299\" class=\"wp-caption-text\">Mapa de las Semanas Santas &#8211; Imagen cortes\u00eda de la Junta de Castilla y Le\u00f3n<\/figcaption><\/figure>\n<p>Tambi\u00e9n, en otras ocasiones, <strong>os hemos hablado de las actividades de la <a href=\"https:\/\/destinocastillayleon.es\/index\/semana-santa-en-rueda\/\">Semana Santa en Rueda<\/a><\/strong>, y tras dos a\u00f1os de suspenso, este 2022, vuelve la tradici\u00f3n.<\/p>\n<h3><strong>\u00cdndice de contenido<\/strong><\/h3>\n<p>Para que esta publicaci\u00f3n sea m\u00e1s pr\u00e1ctica, <strong>hemos creado este \u00edndice de contenidos sobre la Semana Santa en Rueda 2022<\/strong>. Tocando en cada apartado, puedes ir directamente a ese contenido.<\/p>\n<p><strong>Actividades y patrimonio de la Semana Santa en Rueda 2022:<\/strong><\/p>\n<ul>\n<li><a href=\"#Iglesia\">Iglesia de Nuestra Se\u00f1ora de la Asunci\u00f3n<\/a>.<\/li>\n<li><a href=\"#Procesiones\">Procesiones<\/a>.<\/li>\n<li><a href=\"#Gastronomia\">Planes gastron\u00f3micos<\/a>.<\/li>\n<li><a href=\"#Detalles\">Muestra \u00abDetalles\u00bb, en la oficina de turismo de Rueda<\/a>.<\/li>\n<\/ul>\n<p><strong>Informaci\u00f3n general de Rueda:<\/strong><\/p>\n<ul>\n<li><a href=\"#Llegar\">\u00bfC\u00f3mo llegar?<\/a><\/li>\n<li><a href=\"#Comer\">\u00bfD\u00f3nde comer?<\/a><\/li>\n<li><a href=\"#Dormir\">\u00bfD\u00f3nde alojarte en la zona?<\/a><\/li>\n<li><a href=\"#Planes\">Otros planes en el entorno<\/a>.<\/li>\n<\/ul>\n<p>Esperamos que, <strong>os sea de utilidad e inspiraci\u00f3n<\/strong>.<\/p>\n<h2><strong>La Semana Santa en Rueda<\/strong><\/h2>\n<p>Desde Rueda, <strong>uno de los pueblos del vino de Castilla y Le\u00f3n nos proponen un plan para disfrutar de unos d\u00edas de desconexi\u00f3n de los duros d\u00edas de este invierno<\/strong> con una oferta basada en gastronom\u00eda y armonizada con los grandes vinos blancos de la DO. Rueda. Adem\u00e1s, <strong>disfrutando de la tradici\u00f3n y el patrimonio de este pueblo, y si quieres, de otros pueblos pr\u00f3ximos de la <a href=\"https:\/\/www.rutadelvinoderueda.com\/\" rel=\"noopener\" target=\"_blank\">Ruta del Vino de Rueda<\/a><\/strong>.<\/p>\n<p><figure id=\"attachment_35200\" aria-describedby=\"caption-attachment-35200\" style=\"width: 380px\" class=\"wp-caption aligncenter\"><img decoding=\"async\" src=\"https:\/\/destinocastillayleon.es\/index\/wp-content\/uploads\/2022\/04\/Cartel-de-la-Semana-Santa-en-Rueda-2022.jpg\" alt=\"Cartel de la Semana Santa en Rueda 2022\" width=\"380\" class=\"size-full wp-image-35200\" srcset=\"https:\/\/destinocastillayleon.es\/index\/wp-content\/uploads\/2022\/04\/Cartel-de-la-Semana-Santa-en-Rueda-2022.jpg 455w, https:\/\/destinocastillayleon.es\/index\/wp-content\/uploads\/2022\/04\/Cartel-de-la-Semana-Santa-en-Rueda-2022-212x300.jpg 212w\" sizes=\"(max-width: 455px) 100vw, 455px\" \/><figcaption id=\"caption-attachment-35200\" class=\"wp-caption-text\">Cartel de la Semana Santa en Rueda 2022<\/figcaption><\/figure><a name=\"Iglesia\"><\/a><\/p>\n<h3><strong>Patrimonio e historia visitable<\/strong><\/h3>\n<p>Esta villa del sur de Valladolid <strong>cuenta con un gran patrimonio art\u00edstico e hist\u00f3rico que sale al encuentro del visitante<\/strong>. El Viernes Santo, <strong>d\u00eda 15 de abril<\/strong>, pod\u00e9is conocerlo gracias a <strong>una visita guiada organizada por la Oficina de Turismo.<\/strong> Saliendo a las 11:00 horas. Aunque se requiere la reserva previa y es una actividad gratuita.<\/p>\n<h3><strong>Iglesia de Nuestra Se\u00f1ora de la Asunci\u00f3n de Rueda<\/strong><\/h3>\n<p>Durante los d\u00edas de gran religiosidad, <strong>la catedral del vino de la majestuosa iglesia barroca de Nuestra Se\u00f1ora de la Asunci\u00f3n estar\u00e1 abierta<\/strong> desde el mismo s\u00e1bado 9 de abril, al domingo 18; de 11:00 a 13:00 horas y de 17:00 a 19:00 horas. <\/p>\n<figure id=\"attachment_25984\" aria-describedby=\"caption-attachment-25984\" style=\"width: 533px\" class=\"wp-caption aligncenter\"><img decoding=\"async\" src=\"https:\/\/destinocastillayleon.es\/index\/wp-content\/uploads\/2017\/08\/07878d66ca735c732a26ab3339ae05d4.jpg\" alt=\"Iglesia de Santa Mar\u00eda de la Asunci\u00f3n de Rueda - Destino Castilla y Le\u00f3n\" width=\"533\" height=\"400\" class=\"size-full wp-image-25984\" srcset=\"https:\/\/destinocastillayleon.es\/index\/wp-content\/uploads\/2017\/08\/07878d66ca735c732a26ab3339ae05d4.jpg 533w, https:\/\/destinocastillayleon.es\/index\/wp-content\/uploads\/2017\/08\/07878d66ca735c732a26ab3339ae05d4-300x225.jpg 300w\" sizes=\"(max-width: 533px) 100vw, 533px\" \/><figcaption id=\"caption-attachment-25984\" class=\"wp-caption-text\">Iglesia de Santa Mar\u00eda de la Asunci\u00f3n de Rueda &#8211; Destino Castilla y Le\u00f3n<\/figcaption><\/figure>\n<p>Durante estas jornadas de puertas abiertas, <strong>se permitir\u00e1n a todos los que la visiten descubrir la belleza art\u00edstica de esta iglesia<\/strong> tan peculiar de estilo barroco.<a name=\"Procesiones\"><\/a><\/p>\n<h4><strong>Procesiones<\/strong><\/h4>\n<p>Otro cl\u00e1sico de nuestra tradici\u00f3n hisp\u00e1nica de la Semana Santa son las Procesiones, <strong>por lo que este a\u00f1o 2022 tambi\u00e9n volver\u00e1n tras dos a\u00f1os<\/strong> sin poder celebrarse.<a name=\"Gastronomia\"><\/a><\/p>\n<h3><strong>De la gastronom\u00eda y los vinos de Rueda<\/h3>\n<p><\/strong><br \/>\nTambi\u00e9n <strong>los amantes de los placeres mundanos pueden disfrutar una Semana Santa en Rueda deliciosa, con un buen tapeo y un buen vino<\/strong>. Por lo que nos informan, <strong>se celebrar\u00e1 la III Edici\u00f3n de la Semana Santa de Pinchos<\/strong>, del 13 al 16 de abril en los bares y restaurantes de Rueda.<\/p>\n<figure id=\"attachment_35196\" aria-describedby=\"caption-attachment-35196\" style=\"width: 600px\" class=\"wp-caption aligncenter\"><img decoding=\"async\" src=\"https:\/\/destinocastillayleon.es\/index\/wp-content\/uploads\/2022\/04\/Menu-del-Restaurante-el-Forno-de-Rueda-Imagen-de-La-Mesa-del-Conde.jpg\" alt=\"Men\u00fa del Restaurante el Forno de Rueda - Imagen de La Mesa del Conde\" width=\"600\" height=\"380\" class=\"size-full wp-image-35196\" srcset=\"https:\/\/destinocastillayleon.es\/index\/wp-content\/uploads\/2022\/04\/Menu-del-Restaurante-el-Forno-de-Rueda-Imagen-de-La-Mesa-del-Conde.jpg 600w, https:\/\/destinocastillayleon.es\/index\/wp-content\/uploads\/2022\/04\/Menu-del-Restaurante-el-Forno-de-Rueda-Imagen-de-La-Mesa-del-Conde-300x190.jpg 300w\" sizes=\"(max-width: 600px) 100vw, 600px\" \/><figcaption id=\"caption-attachment-35196\" class=\"wp-caption-text\">Men\u00fa del Restaurante el Forno de Rueda &#8211; Imagen de La Mesa del Conde<\/figcaption><\/figure>\n<p>Podr\u00e9is<strong> disfrutar de los mejores pinchos y tapas acompa\u00f1ados por un vino, una ca\u00f1a o agua por 3\u20ac<\/strong> en los restaurantes de Posada El Foro, Bar Trascampanas y Bar del Centro San Isidro.<\/p>\n<h4><strong>La artesan\u00eda del chocolate<\/strong><\/h4>\n<p>Algo que <strong>ya os contamos en nuestra <a href=\"https:\/\/destinocastillayleon.es\/index\/enoturismo-en-rueda\/\" rel=\"noopener\" target=\"_blank\">gu\u00eda para visitar Rueda<\/a><\/strong>; en este pueblo <strong>hay una f\u00e1brica artesana de chocolate<\/strong>. As\u00ed pues, el S\u00e1bado Santo existir\u00e1 la posibilidad de realizar una visita a la f\u00e1brica de Chocolate Juan Ru\u00edz con <strong>una degustaci\u00f3n por 8 \u20ac\/persona. Apuntad la fecha, s\u00e1bado 16 de abril,<\/strong> a las 17:30 horas.<\/p>\n<figure id=\"attachment_25983\" aria-describedby=\"caption-attachment-25983\" style=\"width: 640px\" class=\"wp-caption aligncenter\"><img decoding=\"async\" src=\"https:\/\/destinocastillayleon.es\/index\/wp-content\/uploads\/2017\/08\/aa412f36a0263762e75fd7b1edc09c81.jpg\" alt=\"F\u00e1brica de chocolates artesanales Juan Ruiz - Destino Castilla y Le\u00f3n\" width=\"640\" height=\"400\" class=\"size-full wp-image-25983\" srcset=\"https:\/\/destinocastillayleon.es\/index\/wp-content\/uploads\/2017\/08\/aa412f36a0263762e75fd7b1edc09c81.jpg 640w, https:\/\/destinocastillayleon.es\/index\/wp-content\/uploads\/2017\/08\/aa412f36a0263762e75fd7b1edc09c81-300x188.jpg 300w\" sizes=\"(max-width: 640px) 100vw, 640px\" \/><figcaption id=\"caption-attachment-25983\" class=\"wp-caption-text\">F\u00e1brica de chocolates artesanales Juan Ruiz &#8211; Destino Castilla y Le\u00f3n<\/figcaption><\/figure>\n<p>Si est\u00e1is interesados, h<strong>ay que realizar una reserva antes del d\u00eda 13 de abril<\/strong>, a trav\u00e9s de la Oficina de Turismo.<br \/>\n<a name=\"Detalles\"><\/a><\/p>\n<h3><strong>Exposici\u00f3n de Fotograf\u00eda \u201cDetalles\u201d, de Juan Carlos Prieto Torres<\/strong><\/h3>\n<p>Para los amantes de la cultura y el arte,<strong> en la propia Oficina de Turismo, desde el s\u00e1bado 9 de abril, hasta el 7 de mayo,<\/strong> se expone esta muestra fotogr\u00e1fica \u00abDetalles\u00bb del salmantino Juan Carlos Prieto Torres.<\/p>\n<figure id=\"attachment_35201\" aria-describedby=\"caption-attachment-35201\" style=\"width: 455px\" class=\"wp-caption aligncenter\"><img decoding=\"async\" src=\"https:\/\/destinocastillayleon.es\/index\/wp-content\/uploads\/2022\/04\/Cartel-de-la-Muestra-Detalle-en-Rueda.jpg\" alt=\"Semana Santa en Rueda 2022\" title=\"Cartel de la Muestra Detalle en Rueda\" width=\"455\" height=\"643\" class=\"size-full wp-image-35201\" srcset=\"https:\/\/destinocastillayleon.es\/index\/wp-content\/uploads\/2022\/04\/Cartel-de-la-Muestra-Detalle-en-Rueda.jpg 455w, https:\/\/destinocastillayleon.es\/index\/wp-content\/uploads\/2022\/04\/Cartel-de-la-Muestra-Detalle-en-Rueda-212x300.jpg 212w\" sizes=\"(max-width: 455px) 100vw, 455px\" \/><figcaption id=\"caption-attachment-35201\" class=\"wp-caption-text\">Cartel de la Muestra Detalle en Rueda<\/figcaption><\/figure>\n<p>En esta muestra, se recoge una colecci\u00f3n de <strong>38 piezas fotogr\u00e1ficas que buscan desde el objetivo de Juan Carlos Prieto, descubrir la belleza de lo cotidiano,<\/strong> con una sensibilidad de un autor que es un artista de la fotograf\u00eda.<\/p>\n<blockquote><p>Una exposici\u00f3n intimista que nos invita a mirar con otros ojos la realidad que nos rodea, fij\u00e1ndose en los detalles<\/p><\/blockquote>\n<h4><strong>Horario de visita<\/strong><\/h4>\n<p>Pod\u00e9is disfrutar de esta muestra en <strong>el siguiente horario:<\/strong><br \/>\nMi\u00e9rcoles, de 10:00 a 13:30 horas.<br \/>\nJueves, de 10:00 a 13:30 horas.<br \/>\nViernes, de 10:00 a 13:30 horas y de 16:30 a 18:30 horas.<br \/>\nS\u00e1bados, de 10:00 a 13:30 horas y de 16:30 a 18:30 horas.<br \/>\nDomingos y Festivos, de 10:00 horas a 13:30 horas.<\/p>\n<h4><strong>Situaci\u00f3n y contacto<\/strong><\/h4>\n<p>Calle del Sant\u00edsimo Cristo, 106,<br \/>\n47490 &#8211; Rueda, Valladolid<br \/>\nTelf.: +34 657 727 738<br \/>\n@.: <a href=\"mailto:turismo@rueda.gob.es\">turismo@rueda.gob.es<\/a><\/p>\n<h3><strong>Y por supuesto, mucho en enoturismo<\/strong><\/h3>\n<p>Y como complemento a la programaci\u00f3n, <strong>no te olvides de las posibilidades de hacer enoturismo en algunas de las muchas bodegas de Rueda y su entorno<\/strong>. Las bodegas ofrecen visitas especiales para mostrar la magia de vi\u00f1edo, los procesos elaborativos y los vinos.<\/p>\n<p><figure id=\"attachment_25976\" aria-describedby=\"caption-attachment-25976\" style=\"width: 640px\" class=\"wp-caption aligncenter\"><img decoding=\"async\" src=\"https:\/\/destinocastillayleon.es\/index\/wp-content\/uploads\/2017\/08\/4c659ca73d52746a683bc393eb0f16eb.jpg\" alt=\"Bodegas Yllera y el Hilo de Ariadna - Destino Castilla y Le\u00f3n\" width=\"640\" height=\"400\" class=\"size-full wp-image-25976\" srcset=\"https:\/\/destinocastillayleon.es\/index\/wp-content\/uploads\/2017\/08\/4c659ca73d52746a683bc393eb0f16eb.jpg 640w, https:\/\/destinocastillayleon.es\/index\/wp-content\/uploads\/2017\/08\/4c659ca73d52746a683bc393eb0f16eb-300x188.jpg 300w\" sizes=\"(max-width: 640px) 100vw, 640px\" \/><figcaption id=\"caption-attachment-25976\" class=\"wp-caption-text\">Bodegas Yllera en Rueda y el Hilo de Ariadna &#8211; Destino Castilla y Le\u00f3n<\/figcaption><\/figure><a name=\"Llegar\"><\/a><\/p>\n<h2><strong>Informaci\u00f3n general<\/strong><\/h2>\n<h3><strong>C\u00f3mo llegar<\/strong><\/h3>\n<p><strong><a href=\"https:\/\/goo.gl\/maps\/fhs1eYNWnA72\" rel=\"DoFollow noopener\" target=\"_Blank\">Rueda<\/a> est\u00e1 muy bien comunicado<\/strong>, ya que <strong>se encuentra junto a la autopista A6<\/strong>, que une Madrid con La Coru\u00f1a, en el Kil\u00f3metro 171.<a name=\"Dormir\"><\/a><\/p>\n<h3><strong>D\u00f3nde alojarte<\/strong><\/h3>\n<p>Como te contamos en nuestra publicaci\u00f3n sobre <a href=\"https:\/\/destinocastillayleon.es\/index\/enoturismo-en-rueda\/\">turismo en Rueda<\/a>, si quer\u00e9is disfrutar de <strong>hacer noche en Rueda, te sugerimos <a href=\"https:\/\/www.booking.com\/hotel\/es\/la-casona-de-tia-victoria.es.html?aid=1281624;sid=55a1b5560d0bd9ffc62bed95494b9cb6;age=12;atlas_src=sr_iw_title;dist=0;group_adults=2;group_children=1;no_rooms=1;room1=A%2CA%2C12;sb_price_type=total;type=total;ucfs=1&#038;\" rel=\"DoFollow noopener\" target=\"_Blank\">el hotel La Casona De T\u00eda Victoria<\/a><\/strong>.<\/p>\n<p><figure id=\"attachment_30276\" aria-describedby=\"caption-attachment-30276\" style=\"width: 580px\" class=\"wp-caption aligncenter\"><img decoding=\"async\" src=\"https:\/\/destinocastillayleon.es\/index\/wp-content\/uploads\/2017\/06\/Hotel-La-Casona-De-Tia-Victoria-en-Rueda.jpg\" alt=\"Hotel La Casona De T\u00eda Victoria, en Rueda\" width=\"580\" height=\"363\" class=\"size-full wp-image-30276\" srcset=\"https:\/\/destinocastillayleon.es\/index\/wp-content\/uploads\/2017\/06\/Hotel-La-Casona-De-Tia-Victoria-en-Rueda.jpg 580w, https:\/\/destinocastillayleon.es\/index\/wp-content\/uploads\/2017\/06\/Hotel-La-Casona-De-Tia-Victoria-en-Rueda-300x188.jpg 300w\" sizes=\"(max-width: 580px) 100vw, 580px\" \/><figcaption id=\"caption-attachment-30276\" class=\"wp-caption-text\">Hotel La Casona De T\u00eda Victoria, en Rueda<\/figcaption><\/figure><a name=\"Comer\"><\/a><\/p>\n<h3><strong>D\u00f3nde comer<\/strong><\/h3>\n<p>Ya os hemos comentado que <strong>en Rueda han preparado en sus restaurantes varias opciones de tapeo<\/strong>. Aunque si vamos a sugerir <strong>la Posada el Foro<\/strong>.<a name=\"Planes\"><\/a><\/p>\n<h3><strong>Otros planes alternativos en la zona<\/strong><\/h3>\n<p>Y ya que est\u00e1is en la zona, pod\u00e9is desplazaros a cualquiera de los pueblos pr\u00f3ximos donde disfrutar tambi\u00e9n de otros planes relacionados. A poqu\u00edsima distancia est\u00e1 <strong>Medina del Campo<\/strong>, con su magn\u00edfico <a href=\"https:\/\/destinocastillayleon.es\/index\/visitar-el-castillo-de-la-mota\/\">Castillo de la Mota<\/a>; O bien <a href=\"https:\/\/destinocastillayleon.es\/index\/visita-olmedo-la-ciudad-del-caballero\/\"><strong>Olmedo<\/strong><\/a>, con su variad\u00edsima oferta tur\u00edstica; <a href=\"https:\/\/destinocastillayleon.es\/index\/que-ver-en-serrada\/\"><strong>Serrada<\/strong><\/a>, <a href=\"https:\/\/destinocastillayleon.es\/index\/la-era-de-las-aves\/\"><strong>Alaejos<\/strong><\/a>, o al original <a href=\"https:\/\/destinocastillayleon.es\/index\/la-era-de-las-aves\/\">Zoo de las Aves<\/a>, en <strong>Fresno el Viejo<\/strong>.<\/p>\n<figure id=\"attachment_29763\" aria-describedby=\"caption-attachment-29763\" style=\"width: 580px\" class=\"wp-caption aligncenter\"><img decoding=\"async\" src=\"https:\/\/destinocastillayleon.es\/index\/wp-content\/uploads\/2017\/06\/7be5cd8335ca9f9c6d1fc43e4b3fa270.jpg\" alt=\"Parajes de la DO. Rueda - Destino Castilla y Le\u00f3n\" width=\"580\" class=\"size-full wp-image-29763\" srcset=\"https:\/\/destinocastillayleon.es\/index\/wp-content\/uploads\/2017\/06\/7be5cd8335ca9f9c6d1fc43e4b3fa270.jpg 640w, https:\/\/destinocastillayleon.es\/index\/wp-content\/uploads\/2017\/06\/7be5cd8335ca9f9c6d1fc43e4b3fa270-300x188.jpg 300w\" sizes=\"(max-width: 640px) 100vw, 640px\" \/><figcaption id=\"caption-attachment-29763\" class=\"wp-caption-text\">Lugares y actividades pr\u00f3ximas para hacer desde Rueda &#8211; Destino Castilla y Le\u00f3n<\/figcaption><\/figure>\n<p>Y sali\u00e9ndote un poco de Valladolid, ya en \u00c1vila, se encuentra <a href=\"https:\/\/destinocastillayleon.es\/index\/viaje-a-madrigal-de-las-altas-torres\/\"><strong>Madrigal de las Altas Torres<\/strong><\/a>, donde puedes conocer la villa donde naci\u00f3 Isabel la Cat\u00f3lica en \u00c1vila, o hacia la zona de Segovia, <a href=\"https:\/\/destinocastillayleon.es\/index\/10-razones-para-visitar-arevalo-la-morana\/\"><strong>Ar\u00e9valo<\/strong><\/a> o la comarca de Tierra de Pinares, con <a href=\"https:\/\/destinocastillayleon.es\/index\/tierra-de-pinares\/\" rel=\"noopener\" target=\"_blank\">Coca<\/a>; aunque igual ya queda algo a desmano.<\/p>\n<figure id=\"attachment_29999\" aria-describedby=\"caption-attachment-29999\" style=\"width: 580px\" class=\"wp-caption aligncenter\"><img decoding=\"async\" src=\"https:\/\/destinocastillayleon.es\/index\/wp-content\/uploads\/2019\/03\/03786917842e5e449398f9f00a494c82.jpg\" alt=\"Castillo de la Mota desde el Centro de Recepci\u00f3n de visitantes - Destino Castilla y Le\u00f3n\" width=\"580\" class=\"size-full wp-image-29999\" srcset=\"https:\/\/destinocastillayleon.es\/index\/wp-content\/uploads\/2019\/03\/03786917842e5e449398f9f00a494c82.jpg 640w, https:\/\/destinocastillayleon.es\/index\/wp-content\/uploads\/2019\/03\/03786917842e5e449398f9f00a494c82-300x176.jpg 300w\" sizes=\"(max-width: 640px) 100vw, 640px\" \/><figcaption id=\"caption-attachment-29999\" class=\"wp-caption-text\">Castillo de la Mota desde el Centro de Recepci\u00f3n de visitantes &#8211; Destino Castilla y Le\u00f3n<\/figcaption><\/figure>\n<p>Y ya conoc\u00edas la Semana Santa en Rueda 2022, como puedes comprobar, es m\u00e1s que solo vino. <strong>D\u00e9janos un comentario sobre c\u00f3mo vas a pasar, o c\u00f3mo has pasado t\u00fa la Semana Santa<\/strong>.<\/p>\n<h4>Tambi\u00e9n te puede interesar<\/h4>\n<ul>\n<li><a href=\"https:\/\/destinocastillayleon.es\/index\/enoturismo-en-rueda\/\" rel=\"noopener\" target=\"_blank\">Gu\u00eda para pasar un d\u00eda completo de enoturismo en Rueda<\/a>.<\/li>\n<li><a href=\"https:\/\/destinocastillayleon.es\/index\/bodegas-de-ramon-bilbao-en-rueda\/\" rel=\"noopener\" target=\"_blank\">Enoturismo en las nuevas Bodegas de Ram\u00f3n Bilbao en Rueda<\/a>.<\/li>\n<li><a href=\"https:\/\/destinocastillayleon.es\/index\/semana-santa-en-rueda\/\" rel=\"noopener\" target=\"_blank\">Actividades durante la Semana Santa en Rueda 2019<\/a>.<\/li>\n<\/ul>\n","protected":false},"excerpt":{"rendered":"<p>Como estamos ya en unos d\u00edas muy especiales del a\u00f1o, os compartimos lo que sabemos de la Semana Santa en Rueda 2022, unos planes alternativos para disfrutar de arte, religi\u00f3n, gastronom\u00eda y patrimonio; y sin olvidarte de sus vinos y sus bodegas.<\/p>\n","protected":false},"author":2,"featured_media":35203,"comment_status":"open","ping_status":"closed","sticky":false,"template":"","format":"standard","meta":{"rop_custom_images_group":[],"rop_custom_messages_group":[],"rop_publish_now":"initial","rop_publish_now_accounts":{"twitter_1150954226_1150954226":""},"rop_publish_now_history":[],"rop_publish_now_status":"pending","footnotes":""},"categories":[77,1343,68,4800],"tags":[5759,1260,132],"class_list":["post-35193","post","type-post","status-publish","format-standard","has-post-thumbnail","hentry","category-actualidad-y-agenda-de-castilla-y-leon","category-agenda","category-post_inicial","category-valladolid-actualidad","tag-rueda","tag-ruta-del-vino-de-rueda","tag-semana-santa"],"yoast_head":"<!-- This site is optimized with the Yoast SEO Premium plugin v20.4 (Yoast SEO v27.4) - https:\/\/yoast.com\/product\/yoast-seo-premium-wordpress\/ -->\n<title>Vive la Semana Santa en Rueda 2022 - Destino Castilla y Le\u00f3n<\/title>\n<meta name=\"description\" content=\"Compartimos lo que sabemos de la Semana Santa en Rueda 2022, una alternativa de arte, religi\u00f3n, gastronom\u00eda, patrimonio, vinos y bodegas.\" \/>\n<meta name=\"robots\" content=\"index, follow, max-snippet:-1, max-image-preview:large, max-video-preview:-1\" \/>\n<link rel=\"canonical\" href=\"https:\/\/destinocastillayleon.es\/index\/semana-santa-en-rueda-2022\/\" \/>\n<meta property=\"og:locale\" content=\"es_ES\" \/>\n<meta property=\"og:type\" content=\"article\" \/>\n<meta property=\"og:title\" content=\"Conoce la Semana Santa en Rueda 2022 - Destino Castilla y Le\u00f3n\" \/>\n<meta property=\"og:description\" content=\"Como estamos ya en unos d\u00edas muy especiales del a\u00f1o, os compartimos lo que sabemos de la Semana Santa en Rueda 2022, unos planes alternativos para disfrutar de arte, religi\u00f3n, gastronom\u00eda y patrimonio; y sin olvidarte de sus vinos y sus bodegas.\" \/>\n<meta property=\"og:url\" content=\"https:\/\/destinocastillayleon.es\/index\/semana-santa-en-rueda-2022\/\" \/>\n<meta property=\"og:site_name\" content=\"Destino Castilla y Le\u00f3n\" \/>\n<meta property=\"article:publisher\" content=\"https:\/\/www.facebook.com\/DestinoCastillaYLeon\/\" \/>\n<meta property=\"article:author\" content=\"https:\/\/www.facebook.com\/profile.php?id=1158416854\" \/>\n<meta property=\"article:published_time\" content=\"2022-04-12T06:32:46+00:00\" \/>\n<meta property=\"og:image\" content=\"https:\/\/destinocastillayleon.es\/index\/wp-content\/uploads\/2022\/04\/Semana-Santa-en-Rueda.jpg\" \/>\n\t<meta property=\"og:image:width\" content=\"1210\" \/>\n\t<meta property=\"og:image:height\" content=\"504\" \/>\n\t<meta property=\"og:image:type\" content=\"image\/jpeg\" \/>\n<meta name=\"author\" content=\"David V\u00e1zquez\" \/>\n<meta name=\"twitter:card\" content=\"summary_large_image\" \/>\n<meta name=\"twitter:title\" content=\"Conoce la Semana Santa en Rueda 2022 - Destino Castilla y Le\u00f3n\" \/>\n<meta name=\"twitter:description\" content=\"Como estamos ya en unos d\u00edas muy especiales del a\u00f1o, os compartimos lo que sabemos de la Semana Santa en Rueda 2022, unos planes alternativos para disfrutar de arte, religi\u00f3n, gastronom\u00eda y patrimonio; y sin olvidarte de sus vinos y sus bodegas.\" \/>\n<meta name=\"twitter:image\" content=\"https:\/\/destinocastillayleon.es\/index\/wp-content\/uploads\/2022\/04\/Semana-Santa-en-Rueda.jpg\" \/>\n<meta name=\"twitter:creator\" content=\"@https:\/\/twitter.com\/ContePantaleone\u200e\" \/>\n<meta name=\"twitter:site\" content=\"@destinocyl\" \/>\n<meta name=\"twitter:label1\" content=\"Escrito por\" \/>\n\t<meta name=\"twitter:data1\" content=\"David V\u00e1zquez\" \/>\n\t<meta name=\"twitter:label2\" content=\"Tiempo de lectura\" \/>\n\t<meta name=\"twitter:data2\" content=\"7 minutos\" \/>\n<script type=\"application\/ld+json\" class=\"yoast-schema-graph\">{\"@context\":\"https:\\\/\\\/schema.org\",\"@graph\":[{\"@type\":\"Article\",\"@id\":\"https:\\\/\\\/destinocastillayleon.es\\\/index\\\/semana-santa-en-rueda-2022\\\/#article\",\"isPartOf\":{\"@id\":\"https:\\\/\\\/destinocastillayleon.es\\\/index\\\/semana-santa-en-rueda-2022\\\/\"},\"author\":{\"name\":\"David V\u00e1zquez\",\"@id\":\"https:\\\/\\\/destinocastillayleon.es\\\/index\\\/#\\\/schema\\\/person\\\/189221bc8f6cc4fa28b18ad5c289d4c2\"},\"headline\":\"Vive la Semana Santa en Rueda 2022\",\"datePublished\":\"2022-04-12T06:32:46+00:00\",\"mainEntityOfPage\":{\"@id\":\"https:\\\/\\\/destinocastillayleon.es\\\/index\\\/semana-santa-en-rueda-2022\\\/\"},\"wordCount\":1413,\"commentCount\":0,\"image\":{\"@id\":\"https:\\\/\\\/destinocastillayleon.es\\\/index\\\/semana-santa-en-rueda-2022\\\/#primaryimage\"},\"thumbnailUrl\":\"https:\\\/\\\/destinocastillayleon.es\\\/index\\\/wp-content\\\/uploads\\\/2022\\\/04\\\/Semana-Santa-en-Rueda.jpg\",\"keywords\":[\"Rueda\",\"ruta del vino de Rueda\",\"Semana Santa\"],\"articleSection\":[\"Actualidad\",\"Agenda\",\"Post_inicial\",\"Valladolid Actualidad\"],\"inLanguage\":\"es\",\"potentialAction\":[{\"@type\":\"CommentAction\",\"name\":\"Comment\",\"target\":[\"https:\\\/\\\/destinocastillayleon.es\\\/index\\\/semana-santa-en-rueda-2022\\\/#respond\"]}]},{\"@type\":\"WebPage\",\"@id\":\"https:\\\/\\\/destinocastillayleon.es\\\/index\\\/semana-santa-en-rueda-2022\\\/\",\"url\":\"https:\\\/\\\/destinocastillayleon.es\\\/index\\\/semana-santa-en-rueda-2022\\\/\",\"name\":\"Vive la Semana Santa en Rueda 2022 - Destino Castilla y Le\u00f3n\",\"isPartOf\":{\"@id\":\"https:\\\/\\\/destinocastillayleon.es\\\/index\\\/#website\"},\"primaryImageOfPage\":{\"@id\":\"https:\\\/\\\/destinocastillayleon.es\\\/index\\\/semana-santa-en-rueda-2022\\\/#primaryimage\"},\"image\":{\"@id\":\"https:\\\/\\\/destinocastillayleon.es\\\/index\\\/semana-santa-en-rueda-2022\\\/#primaryimage\"},\"thumbnailUrl\":\"https:\\\/\\\/destinocastillayleon.es\\\/index\\\/wp-content\\\/uploads\\\/2022\\\/04\\\/Semana-Santa-en-Rueda.jpg\",\"datePublished\":\"2022-04-12T06:32:46+00:00\",\"author\":{\"@id\":\"https:\\\/\\\/destinocastillayleon.es\\\/index\\\/#\\\/schema\\\/person\\\/189221bc8f6cc4fa28b18ad5c289d4c2\"},\"description\":\"Compartimos lo que sabemos de la Semana Santa en Rueda 2022, una alternativa de arte, religi\u00f3n, gastronom\u00eda, patrimonio, vinos y bodegas.\",\"breadcrumb\":{\"@id\":\"https:\\\/\\\/destinocastillayleon.es\\\/index\\\/semana-santa-en-rueda-2022\\\/#breadcrumb\"},\"inLanguage\":\"es\",\"potentialAction\":[{\"@type\":\"ReadAction\",\"target\":[\"https:\\\/\\\/destinocastillayleon.es\\\/index\\\/semana-santa-en-rueda-2022\\\/\"]}]},{\"@type\":\"ImageObject\",\"inLanguage\":\"es\",\"@id\":\"https:\\\/\\\/destinocastillayleon.es\\\/index\\\/semana-santa-en-rueda-2022\\\/#primaryimage\",\"url\":\"https:\\\/\\\/destinocastillayleon.es\\\/index\\\/wp-content\\\/uploads\\\/2022\\\/04\\\/Semana-Santa-en-Rueda.jpg\",\"contentUrl\":\"https:\\\/\\\/destinocastillayleon.es\\\/index\\\/wp-content\\\/uploads\\\/2022\\\/04\\\/Semana-Santa-en-Rueda.jpg\",\"width\":1210,\"height\":504,\"caption\":\"Semana Santa en Rueda\"},{\"@type\":\"BreadcrumbList\",\"@id\":\"https:\\\/\\\/destinocastillayleon.es\\\/index\\\/semana-santa-en-rueda-2022\\\/#breadcrumb\",\"itemListElement\":[{\"@type\":\"ListItem\",\"position\":1,\"name\":\"Portada\",\"item\":\"https:\\\/\\\/destinocastillayleon.es\\\/index\\\/\"},{\"@type\":\"ListItem\",\"position\":2,\"name\":\"Vive la Semana Santa en Rueda 2022\"}]},{\"@type\":\"WebSite\",\"@id\":\"https:\\\/\\\/destinocastillayleon.es\\\/index\\\/#website\",\"url\":\"https:\\\/\\\/destinocastillayleon.es\\\/index\\\/\",\"name\":\"Destino Castilla y Le\u00f3n\",\"description\":\"Medio digital independiente y revista de Castilla y Le\u00f3n dedicado al turismo, gastronom\u00eda y vino de Castilla y Le\u00f3n\",\"potentialAction\":[{\"@type\":\"SearchAction\",\"target\":{\"@type\":\"EntryPoint\",\"urlTemplate\":\"https:\\\/\\\/destinocastillayleon.es\\\/index\\\/?s={search_term_string}\"},\"query-input\":{\"@type\":\"PropertyValueSpecification\",\"valueRequired\":true,\"valueName\":\"search_term_string\"}}],\"inLanguage\":\"es\"},{\"@type\":\"Person\",\"@id\":\"https:\\\/\\\/destinocastillayleon.es\\\/index\\\/#\\\/schema\\\/person\\\/189221bc8f6cc4fa28b18ad5c289d4c2\",\"name\":\"David V\u00e1zquez\",\"image\":{\"@type\":\"ImageObject\",\"inLanguage\":\"es\",\"@id\":\"https:\\\/\\\/secure.gravatar.com\\\/avatar\\\/cd12db6c575a90c3b75cfa0f794b74d425201c768612fad17e9f13cd33d48be8?s=96&d=mm&r=g\",\"url\":\"https:\\\/\\\/secure.gravatar.com\\\/avatar\\\/cd12db6c575a90c3b75cfa0f794b74d425201c768612fad17e9f13cd33d48be8?s=96&d=mm&r=g\",\"contentUrl\":\"https:\\\/\\\/secure.gravatar.com\\\/avatar\\\/cd12db6c575a90c3b75cfa0f794b74d425201c768612fad17e9f13cd33d48be8?s=96&d=mm&r=g\",\"caption\":\"David V\u00e1zquez\"},\"description\":\"Ingeniero Industrial de vocaci\u00f3n y profesi\u00f3n, he encontrado en los blogs la forma de plasmar mi pasi\u00f3n por los viajes, la gastronom\u00eda y los vinos. Especialmente los procedentes de Castilla y Le\u00f3n\",\"sameAs\":[\"https:\\\/\\\/www.destinocastillayleon.es\",\"https:\\\/\\\/www.facebook.com\\\/profile.php?id=1158416854\",\"https:\\\/\\\/instagram.com\\\/conte.pantaleone\",\"https:\\\/\\\/www.linkedin.com\\\/pub\\\/david-vazquez-lozano\\\/37\\\/17a\\\/25a\",\"https:\\\/\\\/x.com\\\/https:\\\/\\\/twitter.com\\\/ContePantaleone\u200e\"],\"url\":\"https:\\\/\\\/destinocastillayleon.es\\\/index\\\/author\\\/coadministradorcyl\\\/\"}]}<\/script>\n<!-- \/ Yoast SEO Premium plugin. -->","yoast_head_json":{"title":"Vive la Semana Santa en Rueda 2022 - Destino Castilla y Le\u00f3n","description":"Compartimos lo que sabemos de la Semana Santa en Rueda 2022, una alternativa de arte, religi\u00f3n, gastronom\u00eda, patrimonio, vinos y bodegas.","robots":{"index":"index","follow":"follow","max-snippet":"max-snippet:-1","max-image-preview":"max-image-preview:large","max-video-preview":"max-video-preview:-1"},"canonical":"https:\/\/destinocastillayleon.es\/index\/semana-santa-en-rueda-2022\/","og_locale":"es_ES","og_type":"article","og_title":"Conoce la Semana Santa en Rueda 2022 - Destino Castilla y Le\u00f3n","og_description":"Como estamos ya en unos d\u00edas muy especiales del a\u00f1o, os compartimos lo que sabemos de la Semana Santa en Rueda 2022, unos planes alternativos para disfrutar de arte, religi\u00f3n, gastronom\u00eda y patrimonio; y sin olvidarte de sus vinos y sus bodegas.","og_url":"https:\/\/destinocastillayleon.es\/index\/semana-santa-en-rueda-2022\/","og_site_name":"Destino Castilla y Le\u00f3n","article_publisher":"https:\/\/www.facebook.com\/DestinoCastillaYLeon\/","article_author":"https:\/\/www.facebook.com\/profile.php?id=1158416854","article_published_time":"2022-04-12T06:32:46+00:00","og_image":[{"width":1210,"height":504,"url":"https:\/\/destinocastillayleon.es\/index\/wp-content\/uploads\/2022\/04\/Semana-Santa-en-Rueda.jpg","type":"image\/jpeg"}],"author":"David V\u00e1zquez","twitter_card":"summary_large_image","twitter_title":"Conoce la Semana Santa en Rueda 2022 - Destino Castilla y Le\u00f3n","twitter_description":"Como estamos ya en unos d\u00edas muy especiales del a\u00f1o, os compartimos lo que sabemos de la Semana Santa en Rueda 2022, unos planes alternativos para disfrutar de arte, religi\u00f3n, gastronom\u00eda y patrimonio; y sin olvidarte de sus vinos y sus bodegas.","twitter_image":"https:\/\/destinocastillayleon.es\/index\/wp-content\/uploads\/2022\/04\/Semana-Santa-en-Rueda.jpg","twitter_creator":"@https:\/\/twitter.com\/ContePantaleone\u200e","twitter_site":"@destinocyl","twitter_misc":{"Escrito por":"David V\u00e1zquez","Tiempo de lectura":"7 minutos"},"schema":{"@context":"https:\/\/schema.org","@graph":[{"@type":"Article","@id":"https:\/\/destinocastillayleon.es\/index\/semana-santa-en-rueda-2022\/#article","isPartOf":{"@id":"https:\/\/destinocastillayleon.es\/index\/semana-santa-en-rueda-2022\/"},"author":{"name":"David V\u00e1zquez","@id":"https:\/\/destinocastillayleon.es\/index\/#\/schema\/person\/189221bc8f6cc4fa28b18ad5c289d4c2"},"headline":"Vive la Semana Santa en Rueda 2022","datePublished":"2022-04-12T06:32:46+00:00","mainEntityOfPage":{"@id":"https:\/\/destinocastillayleon.es\/index\/semana-santa-en-rueda-2022\/"},"wordCount":1413,"commentCount":0,"image":{"@id":"https:\/\/destinocastillayleon.es\/index\/semana-santa-en-rueda-2022\/#primaryimage"},"thumbnailUrl":"https:\/\/destinocastillayleon.es\/index\/wp-content\/uploads\/2022\/04\/Semana-Santa-en-Rueda.jpg","keywords":["Rueda","ruta del vino de Rueda","Semana Santa"],"articleSection":["Actualidad","Agenda","Post_inicial","Valladolid Actualidad"],"inLanguage":"es","potentialAction":[{"@type":"CommentAction","name":"Comment","target":["https:\/\/destinocastillayleon.es\/index\/semana-santa-en-rueda-2022\/#respond"]}]},{"@type":"WebPage","@id":"https:\/\/destinocastillayleon.es\/index\/semana-santa-en-rueda-2022\/","url":"https:\/\/destinocastillayleon.es\/index\/semana-santa-en-rueda-2022\/","name":"Vive la Semana Santa en Rueda 2022 - Destino Castilla y Le\u00f3n","isPartOf":{"@id":"https:\/\/destinocastillayleon.es\/index\/#website"},"primaryImageOfPage":{"@id":"https:\/\/destinocastillayleon.es\/index\/semana-santa-en-rueda-2022\/#primaryimage"},"image":{"@id":"https:\/\/destinocastillayleon.es\/index\/semana-santa-en-rueda-2022\/#primaryimage"},"thumbnailUrl":"https:\/\/destinocastillayleon.es\/index\/wp-content\/uploads\/2022\/04\/Semana-Santa-en-Rueda.jpg","datePublished":"2022-04-12T06:32:46+00:00","author":{"@id":"https:\/\/destinocastillayleon.es\/index\/#\/schema\/person\/189221bc8f6cc4fa28b18ad5c289d4c2"},"description":"Compartimos lo que sabemos de la Semana Santa en Rueda 2022, una alternativa de arte, religi\u00f3n, gastronom\u00eda, patrimonio, vinos y bodegas.","breadcrumb":{"@id":"https:\/\/destinocastillayleon.es\/index\/semana-santa-en-rueda-2022\/#breadcrumb"},"inLanguage":"es","potentialAction":[{"@type":"ReadAction","target":["https:\/\/destinocastillayleon.es\/index\/semana-santa-en-rueda-2022\/"]}]},{"@type":"ImageObject","inLanguage":"es","@id":"https:\/\/destinocastillayleon.es\/index\/semana-santa-en-rueda-2022\/#primaryimage","url":"https:\/\/destinocastillayleon.es\/index\/wp-content\/uploads\/2022\/04\/Semana-Santa-en-Rueda.jpg","contentUrl":"https:\/\/destinocastillayleon.es\/index\/wp-content\/uploads\/2022\/04\/Semana-Santa-en-Rueda.jpg","width":1210,"height":504,"caption":"Semana Santa en Rueda"},{"@type":"BreadcrumbList","@id":"https:\/\/destinocastillayleon.es\/index\/semana-santa-en-rueda-2022\/#breadcrumb","itemListElement":[{"@type":"ListItem","position":1,"name":"Portada","item":"https:\/\/destinocastillayleon.es\/index\/"},{"@type":"ListItem","position":2,"name":"Vive la Semana Santa en Rueda 2022"}]},{"@type":"WebSite","@id":"https:\/\/destinocastillayleon.es\/index\/#website","url":"https:\/\/destinocastillayleon.es\/index\/","name":"Destino Castilla y Le\u00f3n","description":"Medio digital independiente y revista de Castilla y Le\u00f3n dedicado al turismo, gastronom\u00eda y vino de Castilla y Le\u00f3n","potentialAction":[{"@type":"SearchAction","target":{"@type":"EntryPoint","urlTemplate":"https:\/\/destinocastillayleon.es\/index\/?s={search_term_string}"},"query-input":{"@type":"PropertyValueSpecification","valueRequired":true,"valueName":"search_term_string"}}],"inLanguage":"es"},{"@type":"Person","@id":"https:\/\/destinocastillayleon.es\/index\/#\/schema\/person\/189221bc8f6cc4fa28b18ad5c289d4c2","name":"David V\u00e1zquez","image":{"@type":"ImageObject","inLanguage":"es","@id":"https:\/\/secure.gravatar.com\/avatar\/cd12db6c575a90c3b75cfa0f794b74d425201c768612fad17e9f13cd33d48be8?s=96&d=mm&r=g","url":"https:\/\/secure.gravatar.com\/avatar\/cd12db6c575a90c3b75cfa0f794b74d425201c768612fad17e9f13cd33d48be8?s=96&d=mm&r=g","contentUrl":"https:\/\/secure.gravatar.com\/avatar\/cd12db6c575a90c3b75cfa0f794b74d425201c768612fad17e9f13cd33d48be8?s=96&d=mm&r=g","caption":"David V\u00e1zquez"},"description":"Ingeniero Industrial de vocaci\u00f3n y profesi\u00f3n, he encontrado en los blogs la forma de plasmar mi pasi\u00f3n por los viajes, la gastronom\u00eda y los vinos. Especialmente los procedentes de Castilla y Le\u00f3n","sameAs":["https:\/\/www.destinocastillayleon.es","https:\/\/www.facebook.com\/profile.php?id=1158416854","https:\/\/instagram.com\/conte.pantaleone","https:\/\/www.linkedin.com\/pub\/david-vazquez-lozano\/37\/17a\/25a","https:\/\/x.com\/https:\/\/twitter.com\/ContePantaleone\u200e"],"url":"https:\/\/destinocastillayleon.es\/index\/author\/coadministradorcyl\/"}]}},"_links":{"self":[{"href":"https:\/\/destinocastillayleon.es\/index\/wp-json\/wp\/v2\/posts\/35193","targetHints":{"allow":["GET"]}}],"collection":[{"href":"https:\/\/destinocastillayleon.es\/index\/wp-json\/wp\/v2\/posts"}],"about":[{"href":"https:\/\/destinocastillayleon.es\/index\/wp-json\/wp\/v2\/types\/post"}],"author":[{"embeddable":true,"href":"https:\/\/destinocastillayleon.es\/index\/wp-json\/wp\/v2\/users\/2"}],"replies":[{"embeddable":true,"href":"https:\/\/destinocastillayleon.es\/index\/wp-json\/wp\/v2\/comments?post=35193"}],"version-history":[{"count":8,"href":"https:\/\/destinocastillayleon.es\/index\/wp-json\/wp\/v2\/posts\/35193\/revisions"}],"predecessor-version":[{"id":35205,"href":"https:\/\/destinocastillayleon.es\/index\/wp-json\/wp\/v2\/posts\/35193\/revisions\/35205"}],"wp:featuredmedia":[{"embeddable":true,"href":"https:\/\/destinocastillayleon.es\/index\/wp-json\/wp\/v2\/media\/35203"}],"wp:attachment":[{"href":"https:\/\/destinocastillayleon.es\/index\/wp-json\/wp\/v2\/media?parent=35193"}],"wp:term":[{"taxonomy":"category","embeddable":true,"href":"https:\/\/destinocastillayleon.es\/index\/wp-json\/wp\/v2\/categories?post=35193"},{"taxonomy":"post_tag","embeddable":true,"href":"https:\/\/destinocastillayleon.es\/index\/wp-json\/wp\/v2\/tags?post=35193"}],"curies":[{"name":"wp","href":"https:\/\/api.w.org\/{rel}","templated":true}]}}