{"id":35055,"date":"2022-03-03T08:45:12","date_gmt":"2022-03-03T07:45:12","guid":{"rendered":"https:\/\/destinocastillayleon.es\/index\/?p=35055"},"modified":"2022-03-02T16:19:43","modified_gmt":"2022-03-02T15:19:43","slug":"llegada-reina-juana-a-tordesillas-2022","status":"publish","type":"post","link":"https:\/\/destinocastillayleon.es\/index\/llegada-reina-juana-a-tordesillas-2022\/","title":{"rendered":"La llegada Reina Juana a Tordesillas 2022"},"content":{"rendered":"<p>Poco a poco parece que, <strong>aunque con medidas de seguridad sanitarias, vamos recuperando la vida<\/strong> que nos quitaron con el Covid. Y es que acabamos de saber que este a\u00f1o <strong>vuelve una fiesta que recuerda la llegada de la Reina Juana a Tordesillas 2022<\/strong>; que, en esta edici\u00f3n, cumple 513 a\u00f1os.<\/p>\n<h3><strong>Breve contexto hist\u00f3rico<\/strong><\/h3>\n<p>Los reyes jurados en cortes, <strong>Juana I de Castilla y su marido Felipe I de Augsburgo, son reyes de la corona de Castilla<\/strong> desde el fallecimiento de la Reina Ysabel I \u00abla Cat\u00f3lica\u00bb en 1504. No obstante, el poder real se disputa entre Felipe I y Fernando el Cat\u00f3lico, marido y padre de la reina Juana, <strong>aunque Felipe no va a disfrutar del t\u00edtulo de rey mucho tiempo pues fallece en 1506<\/strong>.<\/p>\n<figure id=\"attachment_24729\" aria-describedby=\"caption-attachment-24729\" style=\"width: 640px\" class=\"wp-caption aligncenter\"><img decoding=\"async\" src=\"https:\/\/destinocastillayleon.es\/index\/wp-content\/uploads\/2017\/02\/5f0984a63d132384039331e5cd651772.jpg\" alt=\"Escultura de Juana frente a donde estar\u00eda su palacio prisi\u00f3n de Tordesillas - Destino Castilla y Le\u00f3n\" width=\"640\" height=\"400\" class=\"size-full wp-image-24729\" srcset=\"https:\/\/destinocastillayleon.es\/index\/wp-content\/uploads\/2017\/02\/5f0984a63d132384039331e5cd651772.jpg 640w, https:\/\/destinocastillayleon.es\/index\/wp-content\/uploads\/2017\/02\/5f0984a63d132384039331e5cd651772-300x188.jpg 300w\" sizes=\"(max-width: 640px) 100vw, 640px\" \/><figcaption id=\"caption-attachment-24729\" class=\"wp-caption-text\">Escultura de Juana frente a donde estar\u00eda su palacio prisi\u00f3n de Tordesillas &#8211; Destino Castilla y Le\u00f3n<\/figcaption><\/figure>\n<p>Durante varios meses <strong>se traslad\u00f3 con el f\u00e9retro de Felipe I por Castilla, lo que la vali\u00f3 el apodo de \u00abLa Loca\u00bb<\/strong>, as\u00ed y para  evitar que formara una corte en torno a su persona, <strong>Fernando \u00abEl Cat\u00f3lico\u00bb, pide entrevistarse con su hija en Tordesillas, cosa que ocurre en marzo de 1506<\/strong>. Tras esto, Juana, nunca abandonar\u00eda m\u00e1s esta localidad.<\/p>\n<h2><strong>Programa de la llegada de la Reina Juana a Tordesillas 2022<\/strong><\/h2>\n<p>Como otros a\u00f1os, se ha creado un programa que recuerda esta efem\u00e9ride.<\/p>\n<h3><strong>Programa<\/strong><\/h3>\n<ul>\n<strong>19:30. Llegada del Cortejo<\/strong><br \/>\nA la entrada de la Villa, el s\u00e9quito se detiene por orden de la Reina.<\/p>\n<p><strong>20:00. Puerta de la Villa<\/strong><br \/>\nLa Reina Do\u00f1a Juana I junto a su guardia, los Monteros de Espinosa, su hija, la Infanta Catalina, sus damas de compa\u00f1\u00eda, el personal de la corte.<br \/>\nA esta comitiva se le une su padre, Fernando el Cat\u00f3lico, igualmente escoltado por su guardia.<\/ul>\n<figure id=\"attachment_25793\" aria-describedby=\"caption-attachment-25793\" style=\"width: 640px\" class=\"wp-caption aligncenter\"><img decoding=\"async\" src=\"https:\/\/destinocastillayleon.es\/index\/wp-content\/uploads\/2017\/07\/cf12d97c56910cf271a76f2fbc6255b6.jpg\" alt=\"Reina Juana a Tordesillas 2019\" title=\"Recreaci\u00f3n en Tordesillas - Imagen de El Norte de Castilla\" width=\"640\" height=\"400\" class=\"size-full wp-image-25793\" srcset=\"https:\/\/destinocastillayleon.es\/index\/wp-content\/uploads\/2017\/07\/cf12d97c56910cf271a76f2fbc6255b6.jpg 640w, https:\/\/destinocastillayleon.es\/index\/wp-content\/uploads\/2017\/07\/cf12d97c56910cf271a76f2fbc6255b6-300x188.jpg 300w\" sizes=\"(max-width: 640px) 100vw, 640px\" \/><figcaption id=\"caption-attachment-25793\" class=\"wp-caption-text\">Recreaci\u00f3n hist\u00f3rica en Tordesillas &#8211; Imagen de El Norte de Castilla<\/figcaption><\/figure>\n<ul><strong>20:00. Plaza Mayor de Tordesillas<\/strong><br \/>\nLas vecinas de Tordesillas se asoman a sus balcones y comentan asombradas el movimiento de personas que se est\u00e1 produciendo en la villa ante la llegada de los s\u00e9quitos reales.<\/p>\n<p><strong>20:15. Puerta del Fora\u00f1o<\/strong><br \/>\nHernando de Tovar, Capit\u00e1n de los Monteros de Espinosa, ordena abrir las puertas de la villa para dar paso a la Reina.<br \/>\nLa comitiva entra al recinto amurallado de la Villa.<\/p>\n<figure id=\"attachment_24728\" aria-describedby=\"caption-attachment-24728\" style=\"width: 640px\" class=\"wp-caption aligncenter\"><img decoding=\"async\" src=\"https:\/\/destinocastillayleon.es\/index\/wp-content\/uploads\/2017\/02\/La-comitiva-de-Juana-llega-a-la-Plaza-Mayor-de-Tordesillas.jpg\" alt=\"La comitiva de Juana llega a la Plaza Mayor de Tordesillas\" width=\"640\" height=\"400\" class=\"size-full wp-image-24728\" srcset=\"https:\/\/destinocastillayleon.es\/index\/wp-content\/uploads\/2017\/02\/La-comitiva-de-Juana-llega-a-la-Plaza-Mayor-de-Tordesillas.jpg 640w, https:\/\/destinocastillayleon.es\/index\/wp-content\/uploads\/2017\/02\/La-comitiva-de-Juana-llega-a-la-Plaza-Mayor-de-Tordesillas-300x188.jpg 300w\" sizes=\"(max-width: 640px) 100vw, 640px\" \/><figcaption id=\"caption-attachment-24728\" class=\"wp-caption-text\">La comitiva de Juana llega a la Plaza Mayor de Tordesillas<\/figcaption><\/figure>\n<p><strong>20:30. Plaza Mayor de Tordesillas<\/strong><br \/>\nEl cortejo real se detiene en la plaza.<br \/>\nLa reina duda de las intenciones de su padre y ordena regresar a Burgos<br \/>\nFernando el Cat\u00f3lico tratar\u00e1 de convencer a su hija para que se quede en Tordesillas.<\/ul>\n<ul><strong>21:00. Palacio Alto<\/strong><br \/>\nLos s\u00e9quitos reales llegan al Palacio real.<br \/>\nLa Reina recuerda sus vivencias m\u00e1s dolorosas.<br \/>\nRecreaci\u00f3n de la vida y muerte de Don Felipe I.<br \/>\nLa reina, sola entra en el Palacio Real, para permanecer encerrada los pr\u00f3ximos 46 a\u00f1os.\n<\/ul>\n<p><center>Desc\u00e1rgate <a href=\"https:\/\/drive.google.com\/file\/d\/1Kz8r0TT3AysCJRTlvOKKHRf11EISlI-Y\/view?usp=sharing\" rel=\"noopener\" target=\"_blank\"><strong><u>la agenda<\/u><\/strong><\/a> en una imagen al m\u00f3vil<\/center><br \/>\n&nbsp;<\/p>\n<h2><strong>Informaci\u00f3n de inter\u00e9s<\/strong><\/h2>\n<h3><strong>C\u00f3mo llegar<\/strong><\/h3>\n<p><a href=\"https:\/\/goo.gl\/maps\/CHZinG57Kao\" rel=\"noopener\" target=\"_blank\">Tordesillas<\/a> es una poblaci\u00f3n muy bien  comunicada por carretera, al estar en <strong>el cruce de las Autov\u00edas A6<\/strong>, Madrid-La Coru\u00f1a, <strong>con la A62<\/strong>, Burgos-Lisboa.<\/p>\n<h3><strong>D\u00f3nde alojarte<\/strong><\/h3>\n<p>Tordesillas es una poblaci\u00f3n <strong>con vistas al Duero<\/strong>, y como hemos visto, <a href=\"https:\/\/destinocastillayleon.es\/index\/vinos-a-su-paso-por-el-rio-duero\/\">el Duero es un r\u00edo origen de grandes vinos<\/a>. Est\u00e1 integrada en la Ruta del Vino de Rueda, por lo que <strong>esta recreaci\u00f3n hist\u00f3rica es la excusa perfecta para una escapada de fin de semana<\/strong>. Nosotros nos alojar\u00edamos en el <a href=\"https:\/\/www.booking.com\/hotel\/es\/los-toreros.es.html?aid=1281624;sid=afd7163146a55d9859279aad07f473e0;age=12;dest_id=-404463;dest_type=city;dist=0;group_adults=2;group_children=1;hapos=8;hpos=8;no_rooms=1;req_adults=2;req_age=12;req_children=1;room1=A%2CA%2C12;sb_price_type=total;sr_order=popularity;srepoch=1551259633;srpvid=444542788e54014d;type=total;ucfs=1&#038;#map_closed\" target=\"_Blank\" rel=\"NoFollow noopener\">Hotel Los Toreros<\/a>.<\/p>\n<figure id=\"attachment_29882\" aria-describedby=\"caption-attachment-29882\" style=\"width: 640px\" class=\"wp-caption aligncenter\"><img decoding=\"async\" src=\"https:\/\/destinocastillayleon.es\/index\/wp-content\/uploads\/2017\/06\/Hotel-Los-Toreros-de-Tordesillas-Imagen-del-hotel.jpg\" alt=\"Hotel Los Toreros de Tordesillas - Imagen del hotel\" width=\"640\" height=\"400\" class=\"size-full wp-image-29882\" srcset=\"https:\/\/destinocastillayleon.es\/index\/wp-content\/uploads\/2017\/06\/Hotel-Los-Toreros-de-Tordesillas-Imagen-del-hotel.jpg 640w, https:\/\/destinocastillayleon.es\/index\/wp-content\/uploads\/2017\/06\/Hotel-Los-Toreros-de-Tordesillas-Imagen-del-hotel-300x188.jpg 300w\" sizes=\"(max-width: 640px) 100vw, 640px\" \/><figcaption id=\"caption-attachment-29882\" class=\"wp-caption-text\">Hotel Los Toreros de Tordesillas &#8211; Imagen del hotel<\/figcaption><\/figure>\n<p>Aunque igualmente, <strong>tienes muy pr\u00f3ximo Valladolid<\/strong>, desde donde tambi\u00e9n podr\u00edas visitar la Ruta del Vino de Cigales, o la <a href=\"https:\/\/destinocastillayleon.es\/index\/experiencias-de-la-ruta-del-vino-de-toro\/\">Ruta del Vino de Toro<\/a>. En ese caso te podr\u00edamos recomendar <a href=\"https:\/\/www.booking.com\/hotel\/es\/silkenjuandeaustria.es.html?aid=1281624;sid=afd7163146a55d9859279aad07f473e0;age=12;atlas_src=sr_iw_btn;dist=0;group_adults=2;group_children=1;no_rooms=1;room1=A%2CA%2C12;sb_price_type=total;type=total;ucfs=1&#038;\" target=\"_Blank\" rel=\"NoFollow noopener\">hacer noche en el Hotel Silken Juan de Austria<\/a>.<\/p>\n<h3><strong>D\u00f3nde comer<\/strong><\/h3>\n<p>Aunque Tordesillas <strong>posee una variada oferta gastron\u00f3mica<\/strong>, esos d\u00edas seguro que est\u00e1n llenos. No obstante, nuestra mejor experiencia la disfrutamos <strong>en <a href=\"http:\/\/atavolaconilconte.es\/index\/el-torreon-de-tordesillas\/\" target=\"_Blank\" rel=\"DoFollow noopener\">Mes\u00f3n Restaurante el Torre\u00f3n<\/a><\/strong>.<\/p>\n<h3><strong>Otras actividades<\/strong><\/h3>\n<p>Ya que est\u00e1is en Tordesillas, <strong>os recomendamos visitar el casco hist\u00f3rico<\/strong>, donde destaca el <strong>Real Monasterio de Santa Clara<\/strong>, un monasterio de monjas clarisas gestionado por Patrimonio Nacional. <strong>La Casa del Tratado<\/strong>, que recuerda la partici\u00f3n del mundo entre Espa\u00f1a y Portugal en 1498; y <strong>la iglesia de Santa Mar\u00eda<\/strong> y <strong>la iglesia museo de San Antol\u00edn<\/strong>.<\/p>\n<figure id=\"attachment_29881\" aria-describedby=\"caption-attachment-29881\" style=\"width: 640px\" class=\"wp-caption aligncenter\"><img decoding=\"async\" src=\"https:\/\/destinocastillayleon.es\/index\/wp-content\/uploads\/2017\/06\/b7feb94952bed2e7def737e1d70c3d5b.jpg\" alt=\"Cosas que no te puedes perder en Tordesillas - Destino Castilla y Le\u00f3n\" width=\"640\" height=\"518\" class=\"size-full wp-image-29881\" srcset=\"https:\/\/destinocastillayleon.es\/index\/wp-content\/uploads\/2017\/06\/b7feb94952bed2e7def737e1d70c3d5b.jpg 640w, https:\/\/destinocastillayleon.es\/index\/wp-content\/uploads\/2017\/06\/b7feb94952bed2e7def737e1d70c3d5b-300x243.jpg 300w\" sizes=\"(max-width: 640px) 100vw, 640px\" \/><figcaption id=\"caption-attachment-29881\" class=\"wp-caption-text\">Cosas que no te puedes perder en Tordesillas &#8211; Destino Castilla y Le\u00f3n<\/figcaption><\/figure>\n<p>En cuanto a enoturismo, sin duda recomendable, <a href=\"https:\/\/destinocastillayleon.es\/index\/visita-a-bodega-muela\/\">visitar y tomar los vinos de <strong>las Bodegas Muelas<\/strong><\/a>. Una de las m\u00e1s impresionantes que hemos visitado.<\/p>\n<p>En definitiva, <strong>una buena escapada de fin de semana a la conocida como la Villa del Tratado<\/strong>, pues ah\u00ed se firm\u00f3 el tratado que dividi\u00f3 el mundo entre Espa\u00f1a y Portugal en dos semiesferas de influencia en 1498. As\u00ed que como veis, un lugar cargado de historia.<br \/>\n&nbsp;<\/p>\n<h4>Tambi\u00e9n te puede interesar&#8230;<\/h4>\n<ul>\n<li><a href=\"https:\/\/destinocastillayleon.es\/index\/la-tradicion-de-repartir-sal-y-suerte-en-el-restaurante-el-torreon-de-tordesillas\/\">La tradici\u00f3n de repartir sal y suerte en el Restaurante el Torre\u00f3n de Tordesillas<\/a>.<\/li>\n<li><a href=\"https:\/\/destinocastillayleon.es\/index\/visita-a-bodega-muela\/\">Enoturismo en Tordesillas, visita a Bodega Muela<\/a>.<\/li>\n<li><a href=\"https:\/\/destinocastillayleon.es\/index\/rutas-historicas-por-medina-del-campo\/\">Rutas hist\u00f3ricas por Medina del Campo<\/a>.<\/li>\n<\/ul>\n","protected":false},"excerpt":{"rendered":"<p>Te contamos el programa que se ha preparado para celebrar la efem\u00e9ride de la llegada Reina Juana a Tordesillas 2022. Una gran excusa para una escapada de turismo de interior por la provincia de Valladolid.<\/p>\n","protected":false},"author":2,"featured_media":35061,"comment_status":"open","ping_status":"closed","sticky":false,"template":"","format":"standard","meta":{"rop_custom_images_group":[],"rop_custom_messages_group":[],"rop_publish_now":"initial","rop_publish_now_accounts":{"twitter_1150954226_1150954226":""},"rop_publish_now_history":[],"rop_publish_now_status":"pending","footnotes":""},"categories":[385,5511,68,384,26,4800],"tags":[1435,5997,2962,5058],"class_list":["post-35055","post","type-post","status-publish","format-standard","has-post-thumbnail","hentry","category-historia-rutas-2","category-no-rescatar-en-rrss","category-post_inicial","category-rutas-2","category-valladolid","category-valladolid-actualidad","tag-cortejo-reina-juana-en-tordesillas","tag-juana-en-tordesillas","tag-recreaciones-historicas","tag-valladolid"],"yoast_head":"<!-- This site is optimized with the Yoast SEO Premium plugin v20.4 (Yoast SEO v27.4) - https:\/\/yoast.com\/product\/yoast-seo-premium-wordpress\/ -->\n<title>Llegada Reina Juana a Tordesillas 2022 \u2013 Destino Castilla y Le\u00f3n<\/title>\n<meta name=\"description\" content=\"Programa de la efem\u00e9ride de la llegada de la Reina Juana a Tordesillas 2022. Una excusa para una escapada de turismo de interior.\" \/>\n<meta name=\"robots\" content=\"index, follow, max-snippet:-1, max-image-preview:large, max-video-preview:-1\" \/>\n<link rel=\"canonical\" href=\"https:\/\/destinocastillayleon.es\/index\/llegada-reina-juana-a-tordesillas-2022\/\" \/>\n<meta property=\"og:locale\" content=\"es_ES\" \/>\n<meta property=\"og:type\" content=\"article\" \/>\n<meta property=\"og:title\" content=\"La llegada Reina Juana a Tordesillas 2022 \u2013 Destino Castilla y Le\u00f3n\" \/>\n<meta property=\"og:description\" content=\"Te contamos el programa que se ha preparado para celebrar la efem\u00e9ride de la llegada Reina Juana a Tordesillas 2022. Una gran excusa para una escapada de turismo de interior por la provincia de Valladolid.\" \/>\n<meta property=\"og:url\" content=\"https:\/\/destinocastillayleon.es\/index\/llegada-reina-juana-a-tordesillas-2022\/\" \/>\n<meta property=\"og:site_name\" content=\"Destino Castilla y Le\u00f3n\" \/>\n<meta property=\"article:publisher\" content=\"https:\/\/www.facebook.com\/DestinoCastillaYLeon\/\" \/>\n<meta property=\"article:author\" content=\"https:\/\/www.facebook.com\/profile.php?id=1158416854\" \/>\n<meta property=\"article:published_time\" content=\"2022-03-03T07:45:12+00:00\" \/>\n<meta property=\"og:image\" content=\"https:\/\/destinocastillayleon.es\/index\/wp-content\/uploads\/2022\/03\/San-Antolin-y-la-reina-Juana-enTordesillas-Imagen-de-Wikipedia.jpg\" \/>\n\t<meta property=\"og:image:width\" content=\"1210\" \/>\n\t<meta property=\"og:image:height\" content=\"607\" \/>\n\t<meta property=\"og:image:type\" content=\"image\/jpeg\" \/>\n<meta name=\"author\" content=\"David V\u00e1zquez\" \/>\n<meta name=\"twitter:card\" content=\"summary_large_image\" \/>\n<meta name=\"twitter:title\" content=\"La llegada Reina Juana a Tordesillas 2022 \u2013 Destino Castilla y Le\u00f3n\" \/>\n<meta name=\"twitter:description\" content=\"Te contamos el programa que se ha preparado para celebrar la efem\u00e9ride de la llegada Reina Juana a Tordesillas 2022. Una gran excusa para una escapada de turismo de interior por la provincia de Valladolid.\" \/>\n<meta name=\"twitter:image\" content=\"https:\/\/destinocastillayleon.es\/index\/wp-content\/uploads\/2022\/03\/San-Antolin-y-la-reina-Juana-enTordesillas-Imagen-de-Wikipedia.jpg\" \/>\n<meta name=\"twitter:creator\" content=\"@https:\/\/twitter.com\/ContePantaleone\u200e\" \/>\n<meta name=\"twitter:site\" content=\"@destinocyl\" \/>\n<meta name=\"twitter:label1\" content=\"Escrito por\" \/>\n\t<meta name=\"twitter:data1\" content=\"David V\u00e1zquez\" \/>\n\t<meta name=\"twitter:label2\" content=\"Tiempo de lectura\" \/>\n\t<meta name=\"twitter:data2\" content=\"5 minutos\" \/>\n<script type=\"application\/ld+json\" class=\"yoast-schema-graph\">{\"@context\":\"https:\\\/\\\/schema.org\",\"@graph\":[{\"@type\":\"Article\",\"@id\":\"https:\\\/\\\/destinocastillayleon.es\\\/index\\\/llegada-reina-juana-a-tordesillas-2022\\\/#article\",\"isPartOf\":{\"@id\":\"https:\\\/\\\/destinocastillayleon.es\\\/index\\\/llegada-reina-juana-a-tordesillas-2022\\\/\"},\"author\":{\"name\":\"David V\u00e1zquez\",\"@id\":\"https:\\\/\\\/destinocastillayleon.es\\\/index\\\/#\\\/schema\\\/person\\\/189221bc8f6cc4fa28b18ad5c289d4c2\"},\"headline\":\"La llegada Reina Juana a Tordesillas 2022\",\"datePublished\":\"2022-03-03T07:45:12+00:00\",\"mainEntityOfPage\":{\"@id\":\"https:\\\/\\\/destinocastillayleon.es\\\/index\\\/llegada-reina-juana-a-tordesillas-2022\\\/\"},\"wordCount\":909,\"commentCount\":0,\"image\":{\"@id\":\"https:\\\/\\\/destinocastillayleon.es\\\/index\\\/llegada-reina-juana-a-tordesillas-2022\\\/#primaryimage\"},\"thumbnailUrl\":\"https:\\\/\\\/destinocastillayleon.es\\\/index\\\/wp-content\\\/uploads\\\/2022\\\/03\\\/San-Antolin-y-la-reina-Juana-enTordesillas-Imagen-de-Wikipedia.jpg\",\"keywords\":[\"Cortejo reina Juana en Tordesillas\",\"juana en tordesillas\",\"recreaciones hist\u00f3ricas\",\"Valladolid\"],\"articleSection\":[\"Historia y Leyendas de Castilla y Le\u00f3n\",\"No rescatar en RRSS\",\"Post_inicial\",\"Rutas\",\"Valladolid\",\"Valladolid Actualidad\"],\"inLanguage\":\"es\",\"potentialAction\":[{\"@type\":\"CommentAction\",\"name\":\"Comment\",\"target\":[\"https:\\\/\\\/destinocastillayleon.es\\\/index\\\/llegada-reina-juana-a-tordesillas-2022\\\/#respond\"]}]},{\"@type\":\"WebPage\",\"@id\":\"https:\\\/\\\/destinocastillayleon.es\\\/index\\\/llegada-reina-juana-a-tordesillas-2022\\\/\",\"url\":\"https:\\\/\\\/destinocastillayleon.es\\\/index\\\/llegada-reina-juana-a-tordesillas-2022\\\/\",\"name\":\"Llegada Reina Juana a Tordesillas 2022 \u2013 Destino Castilla y Le\u00f3n\",\"isPartOf\":{\"@id\":\"https:\\\/\\\/destinocastillayleon.es\\\/index\\\/#website\"},\"primaryImageOfPage\":{\"@id\":\"https:\\\/\\\/destinocastillayleon.es\\\/index\\\/llegada-reina-juana-a-tordesillas-2022\\\/#primaryimage\"},\"image\":{\"@id\":\"https:\\\/\\\/destinocastillayleon.es\\\/index\\\/llegada-reina-juana-a-tordesillas-2022\\\/#primaryimage\"},\"thumbnailUrl\":\"https:\\\/\\\/destinocastillayleon.es\\\/index\\\/wp-content\\\/uploads\\\/2022\\\/03\\\/San-Antolin-y-la-reina-Juana-enTordesillas-Imagen-de-Wikipedia.jpg\",\"datePublished\":\"2022-03-03T07:45:12+00:00\",\"author\":{\"@id\":\"https:\\\/\\\/destinocastillayleon.es\\\/index\\\/#\\\/schema\\\/person\\\/189221bc8f6cc4fa28b18ad5c289d4c2\"},\"description\":\"Programa de la efem\u00e9ride de la llegada de la Reina Juana a Tordesillas 2022. Una excusa para una escapada de turismo de interior.\",\"breadcrumb\":{\"@id\":\"https:\\\/\\\/destinocastillayleon.es\\\/index\\\/llegada-reina-juana-a-tordesillas-2022\\\/#breadcrumb\"},\"inLanguage\":\"es\",\"potentialAction\":[{\"@type\":\"ReadAction\",\"target\":[\"https:\\\/\\\/destinocastillayleon.es\\\/index\\\/llegada-reina-juana-a-tordesillas-2022\\\/\"]}]},{\"@type\":\"ImageObject\",\"inLanguage\":\"es\",\"@id\":\"https:\\\/\\\/destinocastillayleon.es\\\/index\\\/llegada-reina-juana-a-tordesillas-2022\\\/#primaryimage\",\"url\":\"https:\\\/\\\/destinocastillayleon.es\\\/index\\\/wp-content\\\/uploads\\\/2022\\\/03\\\/San-Antolin-y-la-reina-Juana-enTordesillas-Imagen-de-Wikipedia.jpg\",\"contentUrl\":\"https:\\\/\\\/destinocastillayleon.es\\\/index\\\/wp-content\\\/uploads\\\/2022\\\/03\\\/San-Antolin-y-la-reina-Juana-enTordesillas-Imagen-de-Wikipedia.jpg\",\"width\":1210,\"height\":607,\"caption\":\"San Antol\u00edn y la reina Juana enTordesillas - Imagen de Wikipedia\"},{\"@type\":\"BreadcrumbList\",\"@id\":\"https:\\\/\\\/destinocastillayleon.es\\\/index\\\/llegada-reina-juana-a-tordesillas-2022\\\/#breadcrumb\",\"itemListElement\":[{\"@type\":\"ListItem\",\"position\":1,\"name\":\"Portada\",\"item\":\"https:\\\/\\\/destinocastillayleon.es\\\/index\\\/\"},{\"@type\":\"ListItem\",\"position\":2,\"name\":\"La llegada Reina Juana a Tordesillas 2022\"}]},{\"@type\":\"WebSite\",\"@id\":\"https:\\\/\\\/destinocastillayleon.es\\\/index\\\/#website\",\"url\":\"https:\\\/\\\/destinocastillayleon.es\\\/index\\\/\",\"name\":\"Destino Castilla y Le\u00f3n\",\"description\":\"Medio digital independiente y revista de Castilla y Le\u00f3n dedicado al turismo, gastronom\u00eda y vino de Castilla y Le\u00f3n\",\"potentialAction\":[{\"@type\":\"SearchAction\",\"target\":{\"@type\":\"EntryPoint\",\"urlTemplate\":\"https:\\\/\\\/destinocastillayleon.es\\\/index\\\/?s={search_term_string}\"},\"query-input\":{\"@type\":\"PropertyValueSpecification\",\"valueRequired\":true,\"valueName\":\"search_term_string\"}}],\"inLanguage\":\"es\"},{\"@type\":\"Person\",\"@id\":\"https:\\\/\\\/destinocastillayleon.es\\\/index\\\/#\\\/schema\\\/person\\\/189221bc8f6cc4fa28b18ad5c289d4c2\",\"name\":\"David V\u00e1zquez\",\"image\":{\"@type\":\"ImageObject\",\"inLanguage\":\"es\",\"@id\":\"https:\\\/\\\/secure.gravatar.com\\\/avatar\\\/cd12db6c575a90c3b75cfa0f794b74d425201c768612fad17e9f13cd33d48be8?s=96&d=mm&r=g\",\"url\":\"https:\\\/\\\/secure.gravatar.com\\\/avatar\\\/cd12db6c575a90c3b75cfa0f794b74d425201c768612fad17e9f13cd33d48be8?s=96&d=mm&r=g\",\"contentUrl\":\"https:\\\/\\\/secure.gravatar.com\\\/avatar\\\/cd12db6c575a90c3b75cfa0f794b74d425201c768612fad17e9f13cd33d48be8?s=96&d=mm&r=g\",\"caption\":\"David V\u00e1zquez\"},\"description\":\"Ingeniero Industrial de vocaci\u00f3n y profesi\u00f3n, he encontrado en los blogs la forma de plasmar mi pasi\u00f3n por los viajes, la gastronom\u00eda y los vinos. Especialmente los procedentes de Castilla y Le\u00f3n\",\"sameAs\":[\"https:\\\/\\\/www.destinocastillayleon.es\",\"https:\\\/\\\/www.facebook.com\\\/profile.php?id=1158416854\",\"https:\\\/\\\/instagram.com\\\/conte.pantaleone\",\"https:\\\/\\\/www.linkedin.com\\\/pub\\\/david-vazquez-lozano\\\/37\\\/17a\\\/25a\",\"https:\\\/\\\/x.com\\\/https:\\\/\\\/twitter.com\\\/ContePantaleone\u200e\"],\"url\":\"https:\\\/\\\/destinocastillayleon.es\\\/index\\\/author\\\/coadministradorcyl\\\/\"}]}<\/script>\n<!-- \/ Yoast SEO Premium plugin. -->","yoast_head_json":{"title":"Llegada Reina Juana a Tordesillas 2022 \u2013 Destino Castilla y Le\u00f3n","description":"Programa de la efem\u00e9ride de la llegada de la Reina Juana a Tordesillas 2022. Una excusa para una escapada de turismo de interior.","robots":{"index":"index","follow":"follow","max-snippet":"max-snippet:-1","max-image-preview":"max-image-preview:large","max-video-preview":"max-video-preview:-1"},"canonical":"https:\/\/destinocastillayleon.es\/index\/llegada-reina-juana-a-tordesillas-2022\/","og_locale":"es_ES","og_type":"article","og_title":"La llegada Reina Juana a Tordesillas 2022 \u2013 Destino Castilla y Le\u00f3n","og_description":"Te contamos el programa que se ha preparado para celebrar la efem\u00e9ride de la llegada Reina Juana a Tordesillas 2022. Una gran excusa para una escapada de turismo de interior por la provincia de Valladolid.","og_url":"https:\/\/destinocastillayleon.es\/index\/llegada-reina-juana-a-tordesillas-2022\/","og_site_name":"Destino Castilla y Le\u00f3n","article_publisher":"https:\/\/www.facebook.com\/DestinoCastillaYLeon\/","article_author":"https:\/\/www.facebook.com\/profile.php?id=1158416854","article_published_time":"2022-03-03T07:45:12+00:00","og_image":[{"width":1210,"height":607,"url":"https:\/\/destinocastillayleon.es\/index\/wp-content\/uploads\/2022\/03\/San-Antolin-y-la-reina-Juana-enTordesillas-Imagen-de-Wikipedia.jpg","type":"image\/jpeg"}],"author":"David V\u00e1zquez","twitter_card":"summary_large_image","twitter_title":"La llegada Reina Juana a Tordesillas 2022 \u2013 Destino Castilla y Le\u00f3n","twitter_description":"Te contamos el programa que se ha preparado para celebrar la efem\u00e9ride de la llegada Reina Juana a Tordesillas 2022. Una gran excusa para una escapada de turismo de interior por la provincia de Valladolid.","twitter_image":"https:\/\/destinocastillayleon.es\/index\/wp-content\/uploads\/2022\/03\/San-Antolin-y-la-reina-Juana-enTordesillas-Imagen-de-Wikipedia.jpg","twitter_creator":"@https:\/\/twitter.com\/ContePantaleone\u200e","twitter_site":"@destinocyl","twitter_misc":{"Escrito por":"David V\u00e1zquez","Tiempo de lectura":"5 minutos"},"schema":{"@context":"https:\/\/schema.org","@graph":[{"@type":"Article","@id":"https:\/\/destinocastillayleon.es\/index\/llegada-reina-juana-a-tordesillas-2022\/#article","isPartOf":{"@id":"https:\/\/destinocastillayleon.es\/index\/llegada-reina-juana-a-tordesillas-2022\/"},"author":{"name":"David V\u00e1zquez","@id":"https:\/\/destinocastillayleon.es\/index\/#\/schema\/person\/189221bc8f6cc4fa28b18ad5c289d4c2"},"headline":"La llegada Reina Juana a Tordesillas 2022","datePublished":"2022-03-03T07:45:12+00:00","mainEntityOfPage":{"@id":"https:\/\/destinocastillayleon.es\/index\/llegada-reina-juana-a-tordesillas-2022\/"},"wordCount":909,"commentCount":0,"image":{"@id":"https:\/\/destinocastillayleon.es\/index\/llegada-reina-juana-a-tordesillas-2022\/#primaryimage"},"thumbnailUrl":"https:\/\/destinocastillayleon.es\/index\/wp-content\/uploads\/2022\/03\/San-Antolin-y-la-reina-Juana-enTordesillas-Imagen-de-Wikipedia.jpg","keywords":["Cortejo reina Juana en Tordesillas","juana en tordesillas","recreaciones hist\u00f3ricas","Valladolid"],"articleSection":["Historia y Leyendas de Castilla y Le\u00f3n","No rescatar en RRSS","Post_inicial","Rutas","Valladolid","Valladolid Actualidad"],"inLanguage":"es","potentialAction":[{"@type":"CommentAction","name":"Comment","target":["https:\/\/destinocastillayleon.es\/index\/llegada-reina-juana-a-tordesillas-2022\/#respond"]}]},{"@type":"WebPage","@id":"https:\/\/destinocastillayleon.es\/index\/llegada-reina-juana-a-tordesillas-2022\/","url":"https:\/\/destinocastillayleon.es\/index\/llegada-reina-juana-a-tordesillas-2022\/","name":"Llegada Reina Juana a Tordesillas 2022 \u2013 Destino Castilla y Le\u00f3n","isPartOf":{"@id":"https:\/\/destinocastillayleon.es\/index\/#website"},"primaryImageOfPage":{"@id":"https:\/\/destinocastillayleon.es\/index\/llegada-reina-juana-a-tordesillas-2022\/#primaryimage"},"image":{"@id":"https:\/\/destinocastillayleon.es\/index\/llegada-reina-juana-a-tordesillas-2022\/#primaryimage"},"thumbnailUrl":"https:\/\/destinocastillayleon.es\/index\/wp-content\/uploads\/2022\/03\/San-Antolin-y-la-reina-Juana-enTordesillas-Imagen-de-Wikipedia.jpg","datePublished":"2022-03-03T07:45:12+00:00","author":{"@id":"https:\/\/destinocastillayleon.es\/index\/#\/schema\/person\/189221bc8f6cc4fa28b18ad5c289d4c2"},"description":"Programa de la efem\u00e9ride de la llegada de la Reina Juana a Tordesillas 2022. Una excusa para una escapada de turismo de interior.","breadcrumb":{"@id":"https:\/\/destinocastillayleon.es\/index\/llegada-reina-juana-a-tordesillas-2022\/#breadcrumb"},"inLanguage":"es","potentialAction":[{"@type":"ReadAction","target":["https:\/\/destinocastillayleon.es\/index\/llegada-reina-juana-a-tordesillas-2022\/"]}]},{"@type":"ImageObject","inLanguage":"es","@id":"https:\/\/destinocastillayleon.es\/index\/llegada-reina-juana-a-tordesillas-2022\/#primaryimage","url":"https:\/\/destinocastillayleon.es\/index\/wp-content\/uploads\/2022\/03\/San-Antolin-y-la-reina-Juana-enTordesillas-Imagen-de-Wikipedia.jpg","contentUrl":"https:\/\/destinocastillayleon.es\/index\/wp-content\/uploads\/2022\/03\/San-Antolin-y-la-reina-Juana-enTordesillas-Imagen-de-Wikipedia.jpg","width":1210,"height":607,"caption":"San Antol\u00edn y la reina Juana enTordesillas - Imagen de Wikipedia"},{"@type":"BreadcrumbList","@id":"https:\/\/destinocastillayleon.es\/index\/llegada-reina-juana-a-tordesillas-2022\/#breadcrumb","itemListElement":[{"@type":"ListItem","position":1,"name":"Portada","item":"https:\/\/destinocastillayleon.es\/index\/"},{"@type":"ListItem","position":2,"name":"La llegada Reina Juana a Tordesillas 2022"}]},{"@type":"WebSite","@id":"https:\/\/destinocastillayleon.es\/index\/#website","url":"https:\/\/destinocastillayleon.es\/index\/","name":"Destino Castilla y Le\u00f3n","description":"Medio digital independiente y revista de Castilla y Le\u00f3n dedicado al turismo, gastronom\u00eda y vino de Castilla y Le\u00f3n","potentialAction":[{"@type":"SearchAction","target":{"@type":"EntryPoint","urlTemplate":"https:\/\/destinocastillayleon.es\/index\/?s={search_term_string}"},"query-input":{"@type":"PropertyValueSpecification","valueRequired":true,"valueName":"search_term_string"}}],"inLanguage":"es"},{"@type":"Person","@id":"https:\/\/destinocastillayleon.es\/index\/#\/schema\/person\/189221bc8f6cc4fa28b18ad5c289d4c2","name":"David V\u00e1zquez","image":{"@type":"ImageObject","inLanguage":"es","@id":"https:\/\/secure.gravatar.com\/avatar\/cd12db6c575a90c3b75cfa0f794b74d425201c768612fad17e9f13cd33d48be8?s=96&d=mm&r=g","url":"https:\/\/secure.gravatar.com\/avatar\/cd12db6c575a90c3b75cfa0f794b74d425201c768612fad17e9f13cd33d48be8?s=96&d=mm&r=g","contentUrl":"https:\/\/secure.gravatar.com\/avatar\/cd12db6c575a90c3b75cfa0f794b74d425201c768612fad17e9f13cd33d48be8?s=96&d=mm&r=g","caption":"David V\u00e1zquez"},"description":"Ingeniero Industrial de vocaci\u00f3n y profesi\u00f3n, he encontrado en los blogs la forma de plasmar mi pasi\u00f3n por los viajes, la gastronom\u00eda y los vinos. Especialmente los procedentes de Castilla y Le\u00f3n","sameAs":["https:\/\/www.destinocastillayleon.es","https:\/\/www.facebook.com\/profile.php?id=1158416854","https:\/\/instagram.com\/conte.pantaleone","https:\/\/www.linkedin.com\/pub\/david-vazquez-lozano\/37\/17a\/25a","https:\/\/x.com\/https:\/\/twitter.com\/ContePantaleone\u200e"],"url":"https:\/\/destinocastillayleon.es\/index\/author\/coadministradorcyl\/"}]}},"_links":{"self":[{"href":"https:\/\/destinocastillayleon.es\/index\/wp-json\/wp\/v2\/posts\/35055","targetHints":{"allow":["GET"]}}],"collection":[{"href":"https:\/\/destinocastillayleon.es\/index\/wp-json\/wp\/v2\/posts"}],"about":[{"href":"https:\/\/destinocastillayleon.es\/index\/wp-json\/wp\/v2\/types\/post"}],"author":[{"embeddable":true,"href":"https:\/\/destinocastillayleon.es\/index\/wp-json\/wp\/v2\/users\/2"}],"replies":[{"embeddable":true,"href":"https:\/\/destinocastillayleon.es\/index\/wp-json\/wp\/v2\/comments?post=35055"}],"version-history":[{"count":7,"href":"https:\/\/destinocastillayleon.es\/index\/wp-json\/wp\/v2\/posts\/35055\/revisions"}],"predecessor-version":[{"id":35063,"href":"https:\/\/destinocastillayleon.es\/index\/wp-json\/wp\/v2\/posts\/35055\/revisions\/35063"}],"wp:featuredmedia":[{"embeddable":true,"href":"https:\/\/destinocastillayleon.es\/index\/wp-json\/wp\/v2\/media\/35061"}],"wp:attachment":[{"href":"https:\/\/destinocastillayleon.es\/index\/wp-json\/wp\/v2\/media?parent=35055"}],"wp:term":[{"taxonomy":"category","embeddable":true,"href":"https:\/\/destinocastillayleon.es\/index\/wp-json\/wp\/v2\/categories?post=35055"},{"taxonomy":"post_tag","embeddable":true,"href":"https:\/\/destinocastillayleon.es\/index\/wp-json\/wp\/v2\/tags?post=35055"}],"curies":[{"name":"wp","href":"https:\/\/api.w.org\/{rel}","templated":true}]}}