{"id":34467,"date":"2021-07-30T11:50:00","date_gmt":"2021-07-30T09:50:00","guid":{"rendered":"https:\/\/destinocastillayleon.es\/index\/?p=34467"},"modified":"2021-08-05T13:09:27","modified_gmt":"2021-08-05T11:09:27","slug":"descubriendo-el-tietar-desde-la-adrada","status":"publish","type":"post","link":"https:\/\/destinocastillayleon.es\/index\/descubriendo-el-tietar-desde-la-adrada\/","title":{"rendered":"Descubriendo el Ti\u00e9tar desde La Adrada"},"content":{"rendered":"<p>Parece que fue eliminar las restricciones,<strong> y las ganas por viajar nos pusieron en carretera con ansias<\/strong>, o al menos as\u00ed lo vivimos en general los que nos consideramos viajeros. <strong>Durante mucho tiempo, un destino nos estuvo tentando hasta que; por fin, pudimos cuadrar viajar a La Adrada<\/strong>, una preciosa poblaci\u00f3n del valle del Ti\u00e9tar, en \u00c1vila.<\/p>\n<p>Geogr\u00e1ficamente, <strong>este valle del Ti\u00e9tar se encuentra en la zona sur de Gredos<\/strong>, en el parte m\u00e1s central de la pen\u00ednsula ib\u00e9rica, pero por una casualidad del destino, esta zona <strong>posee un clima mediterr\u00e1neo que le permite gozar de unos paisajes y verdor<\/strong> que, desde luego, no te esperas.<\/p>\n<blockquote><p>El valle de Ti\u00e9tar es equivalente al valle del Jerte, de hecho, se unen en Plasencia y comparten bastantes cosas en com\u00fan.<\/p><\/blockquote>\n<h3><strong>\u00cdndice de Contenidos<\/strong><\/h3>\n<p>Para ayudarte a <strong>usar esta publicaci\u00f3n sobre la Adrada<\/strong>, hemos creado este \u00edndice con los principales puntos.<\/p>\n<p><strong>Patrimonio hist\u00f3rico art\u00edstico:<\/strong><\/p>\n<ul>\n<li><a href=\"#Castillo\">Castillo de La Adrada<\/a>.<\/li>\n<li><a href=\"#Calles\">Arquitectura civil y popular<\/a>.<\/li>\n<li><a href=\"#Iglesias\">Iglesia y templos de inter\u00e9s<\/a>.<\/li>\n<li><a href=\"#Queseria\">La Queser\u00eda del Ti\u00e9tar <\/a>.<\/li>\n<li><a href=\"#Jardin-Botanico\">Jard\u00edn Bot\u00e1nico Valle del Ti\u00e9tar<\/a>.<\/li>\n<li><a href=\"#Senderismo\">Rutas de senderismo para conocer el entorno<\/a>.<\/li>\n<\/ul>\n<p><strong>Informaci\u00f3n general: <\/strong><\/p>\n<ul>\n<li><a href=\"#Llegar\">\u00bfC\u00f3mo llegar?<\/a><\/li>\n<li><a href=\"#Comer\">\u00bfD\u00f3nde comer?<\/a><\/li>\n<li><a href=\"#Dormir\">\u00bfD\u00f3nde alojarse?<\/a><\/li>\n<li><a href=\"#Historia\">Breve relato hist\u00f3rico<\/a>.<\/li>\n<\/ul>\n<p>Esperamos que, este resumen <strong>os sea de utilidad<\/strong>.<\/p>\n<h3><strong>Preparando el viaje<\/strong><\/h3>\n<p>El valle del Ti\u00e9tar, <strong> junto al valle del Alberche forman parte de la cuenca hidr\u00e1ulica del Tajo en Castilla y Le\u00f3n<\/strong>, esto climatol\u00f3gicamente se nota bastante <strong>por poseer un clima mediterr\u00e1neo<\/strong> que contrasta con otras zonas m\u00e1s continentales de Castilla y Le\u00f3n.<\/p>\n<p>Al estar en la zona sur de Gredos, <strong>y relativamente bien comunicado con la submeseta sur, mucha gente de Madrid y Toledo desciende de esta tierra<\/strong>, o bien tiene segundas residencias all\u00ed, as\u00ed que no te sorprenda que casi sea una extensi\u00f3n de estas zonas.<\/p>\n<h2><strong>Visita al Valle del Ti\u00e9tar <\/strong><\/h2>\n<p>En general, <strong>todo este valle es una preciosidad, las condiciones clim\u00e1ticas permiten una zona de gran belleza<\/strong>, con poblaciones serranas que <strong>en su momento demostraron su valent\u00eda al estar en la frontera con el mundo isl\u00e1mico<\/strong>, pero con una muralla de roca detr\u00e1s, como es la Sierra de Gredos.<\/p>\n<figure id=\"attachment_34514\" aria-describedby=\"caption-attachment-34514\" style=\"width: 640px\" class=\"wp-caption aligncenter\"><img decoding=\"async\" src=\"https:\/\/destinocastillayleon.es\/index\/wp-content\/uploads\/2021\/07\/f84134beb314cbd8915d7118cc30f162.jpg\" alt=\"Vista del Valle del Ti\u00e9tar, con la Sierra de Gredos al fondo - Destino Castilla y Le\u00f3n\" width=\"640\" height=\"360\" class=\"size-full wp-image-34514\" srcset=\"https:\/\/destinocastillayleon.es\/index\/wp-content\/uploads\/2021\/07\/f84134beb314cbd8915d7118cc30f162.jpg 640w, https:\/\/destinocastillayleon.es\/index\/wp-content\/uploads\/2021\/07\/f84134beb314cbd8915d7118cc30f162-300x169.jpg 300w\" sizes=\"(max-width: 640px) 100vw, 640px\" \/><figcaption id=\"caption-attachment-34514\" class=\"wp-caption-text\">Vista del Valle del Ti\u00e9tar, con la Sierra de Gredos al fondo &#8211; Destino Castilla y Le\u00f3n<\/figcaption><\/figure>\n<p>Pero la riqueza y los beneficios aportados, compensaban ser la punta de lanza. <strong>Hoy, puedes disfrutar de pueblos hermosos<\/strong> que crecieron al amparo de estas circunstancias, <strong>como es la misma La Adrada, Sotillo de La Adrada, Piedralves, Casavieja, o Arenas de San Pedro<\/strong>.<\/p>\n<p>Como todos pueblos serranos que, en cierta medida, <strong>guardan bastantes similitudes con los pueblos de la Sierra de Salamanca<\/strong>, compartiendo estilo, gastronom\u00eda y costumbres.<a name=\"Castillo\"><\/a><\/p>\n<h2><strong>Visita a La Adrada<\/strong><\/h2>\n<p>Como hemos dicho, <strong>este pueblo nace como una punta de lanza en la reconquista; una iglesia en lo alto de un cerro que domina la poblaci\u00f3n<\/strong>; que con el paso del tiempo se convertir\u00e1 en el castillo de La Adrada y marcar\u00e1 el destino de esta poblaci\u00f3n.<\/p>\n<h3><strong>Castillo de La Adrada<\/strong><\/h3>\n<p>Y es que, como dec\u00edamos, <strong>si bien esta construcci\u00f3n no nace como una fortaleza, ni como un palacio, si no como una peque\u00f1a iglesia o ermita<\/strong>; la parroquia principal de La Adrada, pero que, con el paso del tiempo, llegar\u00e1 a ser todo eso; haciendo que sea <strong>la construcci\u00f3n m\u00e1s destacable de La Adrada y visita obligada<\/strong>.<\/p>\n<figure id=\"attachment_34530\" aria-describedby=\"caption-attachment-34530\" style=\"width: 379px\" class=\"wp-caption aligncenter\"><img decoding=\"async\" src=\"https:\/\/destinocastillayleon.es\/index\/wp-content\/uploads\/2021\/07\/85ab809bf37711330fcf3dde7cbf21e7.jpg\" alt=\"Entrada al Castillo de La Adrada - Destino Castilla y Le\u00f3n\" width=\"379\" height=\"505\" class=\"size-full wp-image-34530\" srcset=\"https:\/\/destinocastillayleon.es\/index\/wp-content\/uploads\/2021\/07\/85ab809bf37711330fcf3dde7cbf21e7.jpg 379w, https:\/\/destinocastillayleon.es\/index\/wp-content\/uploads\/2021\/07\/85ab809bf37711330fcf3dde7cbf21e7-225x300.jpg 225w\" sizes=\"(max-width: 379px) 100vw, 379px\" \/><figcaption id=\"caption-attachment-34530\" class=\"wp-caption-text\">Entrada al Castillo de La Adrada &#8211; Destino Castilla y Le\u00f3n<\/figcaption><\/figure>\n<p>Aunque se puede subir andando por las calles de La Adrada, <strong>en la calle de las Escalerillas, si vienes en coche, rodea la colina y encontrar\u00e1s varios carteles que llevan a la base del castillo<\/strong>, se encuentra el Parque de calistenia, que dispone de aparatos deportivos que permiten la realizaci\u00f3n de ejercicio f\u00edsico con nuestro propio cuerpo.<\/p>\n<h4><strong>Subida al castillo<\/strong><\/h4>\n<p><strong>El \u00faltimo tramo de acceso al Castillo puedes hacerlo a pie o en tu propio veh\u00edculo y dejar aparcado tu coche en la explanada de la fortaleza<\/strong>. Las vistas son impresionantes; a la espalda el pueblo de La Adrada; al frente las imponentes murallas de la que fue una de las fortalezas palacio, m\u00e1s hermosas de Espa\u00f1a.<\/p>\n<figure id=\"attachment_34510\" aria-describedby=\"caption-attachment-34510\" style=\"width: 640px\" class=\"wp-caption aligncenter\"><img decoding=\"async\" src=\"https:\/\/destinocastillayleon.es\/index\/wp-content\/uploads\/2017\/06\/4b18fc2d9ff3ad9b1d0e3c28d45e0139.jpg\" alt=\"Subida al castillo de La Adrada - Destino Castilla y Le\u00f3n\" width=\"640\" height=\"360\" class=\"size-full wp-image-34510\" srcset=\"https:\/\/destinocastillayleon.es\/index\/wp-content\/uploads\/2017\/06\/4b18fc2d9ff3ad9b1d0e3c28d45e0139.jpg 640w, https:\/\/destinocastillayleon.es\/index\/wp-content\/uploads\/2017\/06\/4b18fc2d9ff3ad9b1d0e3c28d45e0139-300x169.jpg 300w\" sizes=\"(max-width: 640px) 100vw, 640px\" \/><figcaption id=\"caption-attachment-34510\" class=\"wp-caption-text\">Subida al castillo de La Adrada &#8211; Destino Castilla y Le\u00f3n<\/figcaption><\/figure>\n<p>Si bien el castillo de La Adrada <strong>sufri\u00f3 muchos da\u00f1os y abandono durante el siglo XIX y XX, las intervenciones de finales del siglo XX e inicios del XXI permiten una rehabilitaci\u00f3n de la mayor parte del mismo<\/strong> y un uso a nivel cultural y tur\u00edstico.<\/p>\n<blockquote><p>Este castillo sirvi\u00f3 de residencia a personajes ilustres, pues estaba en una ruta importante. Entre ellas, a los mismos Reyes Cat\u00f3licos, entre otros.<\/p><\/blockquote>\n<h4><strong>El patio exterior<\/strong><\/h4>\n<p>Aunque el Castillo <strong>cuenta con una poterna de salida, un tanto escondida a la vista, la entrada principal se acede una vez superado un foros y una puerta fortificada<\/strong>, lo que permite entrar a un amplio patio interior en el que espera la verdadera fortaleza.<\/p>\n<figure id=\"attachment_34513\" aria-describedby=\"caption-attachment-34513\" style=\"width: 640px\" class=\"wp-caption aligncenter\"><img decoding=\"async\" src=\"https:\/\/destinocastillayleon.es\/index\/wp-content\/uploads\/2021\/07\/29574b5cb9b87ea04e2d1b2392866249.jpg\" alt=\"Acceso a la fortaleza desde el patio exterior del castillo - Destino Castilla y Le\u00f3n\" width=\"640\" height=\"427\" class=\"size-full wp-image-34513\" srcset=\"https:\/\/destinocastillayleon.es\/index\/wp-content\/uploads\/2021\/07\/29574b5cb9b87ea04e2d1b2392866249.jpg 640w, https:\/\/destinocastillayleon.es\/index\/wp-content\/uploads\/2021\/07\/29574b5cb9b87ea04e2d1b2392866249-300x200.jpg 300w, https:\/\/destinocastillayleon.es\/index\/wp-content\/uploads\/2021\/07\/29574b5cb9b87ea04e2d1b2392866249-600x400.jpg 600w\" sizes=\"(max-width: 640px) 100vw, 640px\" \/><figcaption id=\"caption-attachment-34513\" class=\"wp-caption-text\">Acceso a la fortaleza desde el patio exterior del castillo &#8211; Destino Castilla y Le\u00f3n<\/figcaption><\/figure>\n<p>El paseo de ronda <strong>est\u00e1 accesible mediante las escaleras originales<\/strong>, y permite rodean casi todo el adarve del castillo.<\/p>\n<h4><strong>La fortaleza interior<\/strong><\/h4>\n<p>Para acceder a lo que fue en s\u00ed mismo un palacio fortificado, <strong>el acceso se realizaba por otra barbacana hoy desaparecida, de la que solo se conservan los cimientos<\/strong>. Esta barbacana ten\u00eda la puerta en un lateral, por lo que <strong>el posible asaltante no pod\u00eda usar maquinaria de asedio<\/strong> pesada para forzar la puerta al castillo.<\/p>\n<figure id=\"attachment_34507\" aria-describedby=\"caption-attachment-34507\" style=\"width: 640px\" class=\"wp-caption aligncenter\"><img decoding=\"async\" src=\"https:\/\/destinocastillayleon.es\/index\/wp-content\/uploads\/2017\/06\/e39a710868177b7ad47e7b186cd2c2de.jpg\" alt=\"Patio renacentista del Castillo de La Adrada reconstruido - Destino Castilla y Le\u00f3n\" width=\"640\" height=\"427\" class=\"size-full wp-image-34507\" srcset=\"https:\/\/destinocastillayleon.es\/index\/wp-content\/uploads\/2017\/06\/e39a710868177b7ad47e7b186cd2c2de.jpg 640w, https:\/\/destinocastillayleon.es\/index\/wp-content\/uploads\/2017\/06\/e39a710868177b7ad47e7b186cd2c2de-300x200.jpg 300w, https:\/\/destinocastillayleon.es\/index\/wp-content\/uploads\/2017\/06\/e39a710868177b7ad47e7b186cd2c2de-600x400.jpg 600w\" sizes=\"(max-width: 640px) 100vw, 640px\" \/><figcaption id=\"caption-attachment-34507\" class=\"wp-caption-text\">Patio renacentista del Castillo de La Adrada reconstruido &#8211; Destino Castilla y Le\u00f3n<\/figcaption><\/figure>\n<p>Su interior <strong>era un palacio renacentista<\/strong>, imaginamos con las comodidades de la \u00e9poca. El patio que hoy podemos ver <strong>tuvo que ser reconstruido debido a su estado de ruina<\/strong>, aunque siendo bastante fiel a lo original.<\/p>\n<figure id=\"attachment_34505\" aria-describedby=\"caption-attachment-34505\" style=\"width: 640px\" class=\"wp-caption aligncenter\"><img decoding=\"async\" src=\"https:\/\/destinocastillayleon.es\/index\/wp-content\/uploads\/2017\/06\/420a6673f8950a46c8b9ca6f58f170f3.jpg\" alt=\"Interior del Castillo de La Adrada, con los restos de la iglesia primitiva - Destino Castilla y Le\u00f3n\" width=\"640\" height=\"427\" class=\"size-full wp-image-34505\" srcset=\"https:\/\/destinocastillayleon.es\/index\/wp-content\/uploads\/2017\/06\/420a6673f8950a46c8b9ca6f58f170f3.jpg 640w, https:\/\/destinocastillayleon.es\/index\/wp-content\/uploads\/2017\/06\/420a6673f8950a46c8b9ca6f58f170f3-300x200.jpg 300w, https:\/\/destinocastillayleon.es\/index\/wp-content\/uploads\/2017\/06\/420a6673f8950a46c8b9ca6f58f170f3-600x400.jpg 600w\" sizes=\"(max-width: 640px) 100vw, 640px\" \/><figcaption id=\"caption-attachment-34505\" class=\"wp-caption-text\">Interior del Castillo de La Adrada, con los restos de la iglesia primitiva &#8211; Destino Castilla y Le\u00f3n<\/figcaption><\/figure>\n<p>El n\u00facleo inicial de esta fortaleza, <strong>la ermita en lo alto de la loma se conserva en gran medida<\/strong>, pues la Torre del Homenaje usaba el \u00e1bside como cimiento, y <strong>la nave central como una sala del palacio<\/strong>. El techo que cubr\u00eda esta zona del palacio se perdi\u00f3 y hoy es un patio de butacas a aire libre, que fuera de pandemia, era usado para acciones culturales y de ocio en las noches de verano.<\/p>\n<h4><strong>\u00bfQu\u00e9 puedes ver?<\/strong><\/h4>\n<p><strong>En la zona rehabilitada se encuentra la Oficina de Turismo de La Adrada<\/strong>, all\u00ed puedes recoger informaci\u00f3n no solo de La Adrada, <strong>si no, de todo el Valle del Ti\u00e9tar<\/strong>, que como te hemos contado es muy interesante.<\/p>\n<figure id=\"attachment_34500\" aria-describedby=\"caption-attachment-34500\" style=\"width: 640px\" class=\"wp-caption aligncenter\"><img decoding=\"async\" src=\"https:\/\/destinocastillayleon.es\/index\/wp-content\/uploads\/2017\/06\/ce8c2d9e05e0d3db474d3bfad5e0bede.jpg\" alt=\"Estancias rehabilitadas del Castillo de La Adrada - Destino Castilla y Le\u00f3n\" width=\"640\" height=\"360\" class=\"size-full wp-image-34500\" srcset=\"https:\/\/destinocastillayleon.es\/index\/wp-content\/uploads\/2017\/06\/ce8c2d9e05e0d3db474d3bfad5e0bede.jpg 640w, https:\/\/destinocastillayleon.es\/index\/wp-content\/uploads\/2017\/06\/ce8c2d9e05e0d3db474d3bfad5e0bede-300x169.jpg 300w\" sizes=\"(max-width: 640px) 100vw, 640px\" \/><figcaption id=\"caption-attachment-34500\" class=\"wp-caption-text\">Estancias rehabilitadas del Castillo de La Adrada &#8211; Destino Castilla y Le\u00f3n<\/figcaption><\/figure>\n<p>Otra sala rehabilitada <strong>es una sala de exposiciones temporales<\/strong>, donde diversos artistas realizan diversas muestras de arte durante todo el a\u00f1o.<\/p>\n<figure id=\"attachment_34501\" aria-describedby=\"caption-attachment-34501\" style=\"width: 640px\" class=\"wp-caption aligncenter\"><img decoding=\"async\" src=\"https:\/\/destinocastillayleon.es\/index\/wp-content\/uploads\/2017\/06\/85e1e3473b819cba9dc77e79b9d87ec6.jpg\" alt=\"Exposici\u00f3n temporal de arte en el Castillo de La Adrada - Destino Castilla y Le\u00f3n\" width=\"640\" height=\"360\" class=\"size-full wp-image-34501\" srcset=\"https:\/\/destinocastillayleon.es\/index\/wp-content\/uploads\/2017\/06\/85e1e3473b819cba9dc77e79b9d87ec6.jpg 640w, https:\/\/destinocastillayleon.es\/index\/wp-content\/uploads\/2017\/06\/85e1e3473b819cba9dc77e79b9d87ec6-300x169.jpg 300w\" sizes=\"(max-width: 640px) 100vw, 640px\" \/><figcaption id=\"caption-attachment-34501\" class=\"wp-caption-text\">Exposici\u00f3n temporal de arte en el Castillo de La Adrada &#8211; Destino Castilla y Le\u00f3n<\/figcaption><\/figure>\n<p><strong>El recorrido te permite subir a la muralla de la fortaleza y acceder a la Torre Albarrana <\/strong>. All\u00ed, <strong>no te asustes, aunque no vamos a hacerte un <em>spoiler<\/em><\/strong>. Subiendo m\u00e1s por el interior de la torre se llega a la muralla. <strong>Vamos a recorrerla disfrutando de unas vistas preciosas<\/strong>. Finalmente,  llegaremos a la Torre del Homenaje, sobre el antiguo \u00e1bside.<\/p>\n<h4><strong>Centro de interpretaci\u00f3n de las fortalezas del Valle del Ti\u00e9tar<\/strong><\/h4>\n<p>En el piso de superior del patio renacentista, <strong>encontrar\u00e1s el Centro de Interpretaci\u00f3n del Valle del Ti\u00e9tar<\/strong>, que como te hemos dicho fue l\u00ednea fronteriza durante la reconquista y estuvo jalonado por fortalezas de forma que forman una l\u00ednea de castillos.<\/p>\n<figure id=\"attachment_34512\" aria-describedby=\"caption-attachment-34512\" style=\"width: 640px\" class=\"wp-caption aligncenter\"><img decoding=\"async\" src=\"https:\/\/destinocastillayleon.es\/index\/wp-content\/uploads\/2021\/07\/f11e64a97e23100063c720c95173801a.jpg\" alt=\"Centro de Interpretaci\u00f3n del Valle del Ti\u00e9tar - Destino Castilla y Le\u00f3n\" width=\"640\" height=\"422\" class=\"size-full wp-image-34512\" srcset=\"https:\/\/destinocastillayleon.es\/index\/wp-content\/uploads\/2021\/07\/f11e64a97e23100063c720c95173801a.jpg 640w, https:\/\/destinocastillayleon.es\/index\/wp-content\/uploads\/2021\/07\/f11e64a97e23100063c720c95173801a-300x198.jpg 300w\" sizes=\"(max-width: 640px) 100vw, 640px\" \/><figcaption id=\"caption-attachment-34512\" class=\"wp-caption-text\">Centro de Interpretaci\u00f3n del Valle del Ti\u00e9tar &#8211; Destino Castilla y Le\u00f3n<\/figcaption><\/figure>\n<p>En este Centro de Interpretaci\u00f3n <strong>puedes conocer la importancia estrat\u00e9gica de la zona<\/strong> y c\u00f3mo fue su evoluci\u00f3n hasta llegar a nuestros d\u00edas.<\/p>\n<h4><strong>Video sobre el castillo<\/strong><\/h4>\n<p>Vamos a compartir <strong>este video que cuenta de una forma muy interesante y amena la historia y la evoluci\u00f3n de este castillo de La Adrada<\/strong>. Es muy ilustrativo y ayuda a comprender c\u00f3mo ha llegado a nuestros d\u00edas.<\/p>\n<p><center><iframe width=\"560\" height=\"315\" src=\"https:\/\/www.youtube.com\/embed\/9RZzhuue8kE\" title=\"YouTube video player\" frameborder=\"0\" allow=\"accelerometer; autoplay; clipboard-write; encrypted-media; gyroscope; picture-in-picture\" allowfullscreen><\/iframe><\/center><\/p>\n<p>Este v\u00eddeo <strong>lo puedes tambi\u00e9n visionar en el propio Castillo<\/strong> de La Adrada.<\/p>\n<p>Tras la visita al Castillo, <strong>aconsejamos bajar el coche; pero pod\u00e9is dejarlo ah\u00ed y bajar por la calle de las Escalerillas<\/strong>, que se llama as\u00ed, (bastante original), y que llega a la Plaza de la Villa de La Adrada; centro neur\u00e1lgico de La Adrada.<a name=\"Calles\"><\/a><\/p>\n<h3><strong>Arquitectura civil y popular<\/strong><\/h3>\n<p>Como en muchos pueblos, <strong>lo mejor es perderse un poco por las calles de La Adrada <\/strong>y callejeando, disfrutar de un pueblo tranquilo, descubriendo rincones llenos de encanto,.. y si tienes la oportunidad, conociendo a sus gentes.<\/p>\n<h4><strong>Calle de las Escalerillas<\/strong><\/h4>\n<p>Esta calle <strong>es el camino de subida, o bajada del castillo de La Adrada<\/strong>. Est\u00e1 compuesta de veintiocho escalones que unen el Barrio del Torrej\u00f3n con la Plaza de la Villa.<\/p>\n<figure id=\"attachment_34496\" aria-describedby=\"caption-attachment-34496\" style=\"width: 640px\" class=\"wp-caption aligncenter\"><img decoding=\"async\" src=\"https:\/\/destinocastillayleon.es\/index\/wp-content\/uploads\/2017\/06\/e4f9033779fae4eb029fba78f2dd5fa7.jpg\" alt=\"Calle de las Escaleras de La Adrada - Destino Castilla y Le\u00f3n\" width=\"640\" height=\"427\" class=\"size-full wp-image-34496\" srcset=\"https:\/\/destinocastillayleon.es\/index\/wp-content\/uploads\/2017\/06\/e4f9033779fae4eb029fba78f2dd5fa7.jpg 640w, https:\/\/destinocastillayleon.es\/index\/wp-content\/uploads\/2017\/06\/e4f9033779fae4eb029fba78f2dd5fa7-300x200.jpg 300w, https:\/\/destinocastillayleon.es\/index\/wp-content\/uploads\/2017\/06\/e4f9033779fae4eb029fba78f2dd5fa7-600x400.jpg 600w\" sizes=\"(max-width: 640px) 100vw, 640px\" \/><figcaption id=\"caption-attachment-34496\" class=\"wp-caption-text\">Calle de las Escaleras de La Adrada &#8211; Destino Castilla y Le\u00f3n<\/figcaption><\/figure>\n<p>En las inmediaciones de esta calle, <strong>encontrar\u00e1s diversas construcciones tradicionales de piedra descubierta<\/strong>, enfoscado, teja y ventanas de madera. La principal muestra es la Casa del T\u00edo Tal\u00eds del siglo XVIII. Por lo que nos dijeron, la parte de alta es conocida como \u201cEl Torrej\u00f3n\u201d, siendo un barrio tradicional de La Adrada.<\/p>\n<h4><strong>La Plaza de la Villa<\/strong><\/h4>\n<p>La calle de las Escalerillas, termina (cuando bajas), <strong>en la Plaza de la Villa<\/strong>. En cierto modo es el coraz\u00f3n de La Adrada, <strong>siendo semipeatonal y con terrazas de los bares locales<\/strong>. Es la t\u00edpica plaza castellana, aunque adaptada al terreno de la Adrada. Por lo que nos contaron, esta plaza fue el lugar p\u00fablico m\u00e1s importante, y a ella llegan las principales calles. La Calle Larga y la Calle de Feria.<\/p>\n<figure id=\"attachment_34508\" aria-describedby=\"caption-attachment-34508\" style=\"width: 640px\" class=\"wp-caption aligncenter\"><img decoding=\"async\" src=\"https:\/\/destinocastillayleon.es\/index\/wp-content\/uploads\/2017\/06\/00fb1777b9ebfa9593a5c90dfa2faa8c.jpg\" alt=\"Plaza de la Villa y Ayuntamiento de La Adrada - Destino Castilla y Le\u00f3n\" width=\"640\" height=\"444\" class=\"size-full wp-image-34508\" srcset=\"https:\/\/destinocastillayleon.es\/index\/wp-content\/uploads\/2017\/06\/00fb1777b9ebfa9593a5c90dfa2faa8c.jpg 640w, https:\/\/destinocastillayleon.es\/index\/wp-content\/uploads\/2017\/06\/00fb1777b9ebfa9593a5c90dfa2faa8c-300x208.jpg 300w\" sizes=\"(max-width: 640px) 100vw, 640px\" \/><figcaption id=\"caption-attachment-34508\" class=\"wp-caption-text\">Plaza de la Villa y Ayuntamiento de La Adrada &#8211; Destino Castilla y Le\u00f3n<\/figcaption><\/figure>\n<p><strong>El edificio m\u00e1s destacado es el Ayuntamiento<\/strong>, bastante sencillo para ser del siglo XVIII, donde la torre de reloj destaca sobre todas las dem\u00e1s construcciones. En frente, <strong>otra de las construcciones destacables, la Casa de los Jer\u00f3nimos<\/strong>.<\/p>\n<p>Una casa que <strong>perteneci\u00f3 a los frailes Jer\u00f3nimos del Escorial<\/strong>, que en La Adrada ten\u00edan una f\u00e1brica de papel, aunque con el paso de los a\u00f1os, este edificio ha tenido usos muy diversos. Lo que destacan los locales es el \u00e1rbol centenario. Una \u00abmelia azedarach\u00bb, que formaba parte del jard\u00edn de las antiguas escuelas.<\/p>\n<h4><strong>La Calle Larga<\/strong><\/h4>\n<p>Fue <strong>la calle principal de acceso al casco urbano tradicional de La Adrada<\/strong>, Hace honor a su nombre teniendo 800 metros de longitud. En su parte inicial (junto a la Plaza de la Villa), <strong>est\u00e1n las construcciones se\u00f1oriales de mayor importancia<\/strong>, usando la piedra natural a la vista y donde podremos contemplar los principales escudos nobiliarios.<\/p>\n<figure id=\"attachment_34503\" aria-describedby=\"caption-attachment-34503\" style=\"width: 640px\" class=\"wp-caption aligncenter\"><img decoding=\"async\" src=\"https:\/\/destinocastillayleon.es\/index\/wp-content\/uploads\/2017\/06\/1a72b1d8553566acd63da5aacdb97bf3.jpg\" alt=\"Inicio de la Calle Larga de La Adrada - Destino Castilla y Le\u00f3n\" width=\"640\" height=\"360\" class=\"size-full wp-image-34503\" srcset=\"https:\/\/destinocastillayleon.es\/index\/wp-content\/uploads\/2017\/06\/1a72b1d8553566acd63da5aacdb97bf3.jpg 640w, https:\/\/destinocastillayleon.es\/index\/wp-content\/uploads\/2017\/06\/1a72b1d8553566acd63da5aacdb97bf3-300x169.jpg 300w\" sizes=\"(max-width: 640px) 100vw, 640px\" \/><figcaption id=\"caption-attachment-34503\" class=\"wp-caption-text\">Inicio de la Calle Larga de La Adrada &#8211; Destino Castilla y Le\u00f3n<\/figcaption><\/figure>\n<h4><strong>La Calle de Feria<\/strong><\/h4>\n<p>M\u00e1s discreta y corta que la anterior, <strong>posee una arquitectura popular mejor conservada. Es una zona peatonal<\/strong>. Entre las casas m\u00e1s destacables, <strong>est\u00e1 la conocida como \u00ab<em>la casa del T\u00edo Tal\u00eds<\/em>\u00ab<\/strong>; un edificio de planta irregular, con unas fachadas de piedra, teja y cer\u00e1mica.<\/p>\n<figure id=\"attachment_34522\" aria-describedby=\"caption-attachment-34522\" style=\"width: 640px\" class=\"wp-caption aligncenter\"><img decoding=\"async\" src=\"https:\/\/destinocastillayleon.es\/index\/wp-content\/uploads\/2021\/07\/a6e225c3f68efc9af2b54adebb4dcbfe.jpg\" alt=\"Calle de Feria de La Adrada - Destino Castilla y Le\u00f3n\" width=\"640\" height=\"427\" class=\"size-full wp-image-34522\" srcset=\"https:\/\/destinocastillayleon.es\/index\/wp-content\/uploads\/2021\/07\/a6e225c3f68efc9af2b54adebb4dcbfe.jpg 640w, https:\/\/destinocastillayleon.es\/index\/wp-content\/uploads\/2021\/07\/a6e225c3f68efc9af2b54adebb4dcbfe-300x200.jpg 300w, https:\/\/destinocastillayleon.es\/index\/wp-content\/uploads\/2021\/07\/a6e225c3f68efc9af2b54adebb4dcbfe-600x400.jpg 600w\" sizes=\"(max-width: 640px) 100vw, 640px\" \/><figcaption id=\"caption-attachment-34522\" class=\"wp-caption-text\">Calle de Feria de La Adrada &#8211; Destino Castilla y Le\u00f3n<\/figcaption><\/figure>\n<p>Esta casa <strong>posee dos alturas m\u00e1s sobrado bajo el tejado<\/strong>. En La Adrada te dir\u00e1n que <strong>una de las fotos m\u00e1s t\u00edpicas es con esta casa y la Sierra de Gredos al fondo<\/strong>.<\/p>\n<h4><strong>Sala de cine La Melod\u00eda<\/strong><\/h4>\n<p>No es igual algo muy impresionante, <strong>salvo que seas un aut\u00e9ntico cin\u00e9filo, pero en La Adrada se encuentra este curioso cine<\/strong>. Se trata del Cine de verano (al aire libre) m\u00e1s antiguo de Espa\u00f1a en funcionamiento.<\/p>\n<p><figure id=\"attachment_34497\" aria-describedby=\"caption-attachment-34497\" style=\"width: 640px\" class=\"wp-caption aligncenter\"><img decoding=\"async\" src=\"https:\/\/destinocastillayleon.es\/index\/wp-content\/uploads\/2017\/06\/0ad7dc205fab503475bdec0c37cbd123.jpg\" alt=\"Cine La Melod\u00eda de La Adrada - Destino Castilla y Le\u00f3n\" width=\"640\" height=\"360\" class=\"size-full wp-image-34497\" srcset=\"https:\/\/destinocastillayleon.es\/index\/wp-content\/uploads\/2017\/06\/0ad7dc205fab503475bdec0c37cbd123.jpg 640w, https:\/\/destinocastillayleon.es\/index\/wp-content\/uploads\/2017\/06\/0ad7dc205fab503475bdec0c37cbd123-300x169.jpg 300w\" sizes=\"(max-width: 640px) 100vw, 640px\" \/><figcaption id=\"caption-attachment-34497\" class=\"wp-caption-text\">Cine La Melod\u00eda de La Adrada &#8211; Destino Castilla y Le\u00f3n<\/figcaption><\/figure><a name=\"Iglesias\"><\/a><\/p>\n<h3><strong>Iglesias<\/strong><\/h3>\n<p>Aunque ya os hemos comentado que La Adrada <strong>cont\u00f3 con su parroquia en lo alto del Cerro del Torrej\u00f3n antes de ser la base del castillo<\/strong>. Al realizarse esta transformaci\u00f3n, hubo que edificar una iglesia para la poblaci\u00f3n, esta vez en la zona baja.<\/p>\n<h4><strong>La Iglesia de El Salvador<\/strong><\/h4>\n<p>Se trata de <strong>la Iglesia principal de La Adrada actualmente. Es una construcci\u00f3n del siglo XVI<\/strong>; donde, aunque a<strong>\u00fan quedan trazas de un g\u00f3tico isabelino residual, es claramente un estilo que cabalga al clasicismo herreriano<\/strong>. De hecho, la direcci\u00f3n de la obra fue hecha por Pedro de Tolosa, aparejador del Escorial.<\/p>\n<figure id=\"attachment_34515\" aria-describedby=\"caption-attachment-34515\" style=\"width: 640px\" class=\"wp-caption aligncenter\"><img decoding=\"async\" src=\"https:\/\/destinocastillayleon.es\/index\/wp-content\/uploads\/2021\/07\/6e91f1c69870ce86a05172195ee0707e.jpg\" alt=\"Entrada a la Iglesia del Salvador de La Adrada - Destino Castilla y Le\u00f3n\" width=\"640\" height=\"360\" class=\"size-full wp-image-34515\" srcset=\"https:\/\/destinocastillayleon.es\/index\/wp-content\/uploads\/2021\/07\/6e91f1c69870ce86a05172195ee0707e.jpg 640w, https:\/\/destinocastillayleon.es\/index\/wp-content\/uploads\/2021\/07\/6e91f1c69870ce86a05172195ee0707e-300x169.jpg 300w\" sizes=\"(max-width: 640px) 100vw, 640px\" \/><figcaption id=\"caption-attachment-34515\" class=\"wp-caption-text\">Entrada a la Iglesia del Salvador de La Adrada &#8211; Destino Castilla y Le\u00f3n<\/figcaption><\/figure>\n<p>Su interior es distinto, <strong>pues finalizada la obra del edificio, ya impera un estilo barroco con tendencia al churrigueresco<\/strong>, donde ya encontramos seis columnas salom\u00f3nicas, y las figuras de El Salvador, la de San Blas; y una talla renacentista de la Virgen del Rosario del siglo XVI; que, aunque igual es moderna, transmite mucha belleza. Es <strong>una iglesia bastante sobria para su estilo<\/strong>.<\/p>\n<figure id=\"attachment_34504\" aria-describedby=\"caption-attachment-34504\" style=\"width: 640px\" class=\"wp-caption aligncenter\"><img decoding=\"async\" src=\"https:\/\/destinocastillayleon.es\/index\/wp-content\/uploads\/2017\/06\/30f5ca6aa890b51d45e973e55385e6ee.jpg\" alt=\"Interior de la Iglesia del Salvador de La Adrada - Destino Castilla y Le\u00f3n\" width=\"640\" height=\"427\" class=\"size-full wp-image-34504\" srcset=\"https:\/\/destinocastillayleon.es\/index\/wp-content\/uploads\/2017\/06\/30f5ca6aa890b51d45e973e55385e6ee.jpg 640w, https:\/\/destinocastillayleon.es\/index\/wp-content\/uploads\/2017\/06\/30f5ca6aa890b51d45e973e55385e6ee-300x200.jpg 300w, https:\/\/destinocastillayleon.es\/index\/wp-content\/uploads\/2017\/06\/30f5ca6aa890b51d45e973e55385e6ee-600x400.jpg 600w\" sizes=\"(max-width: 640px) 100vw, 640px\" \/><figcaption id=\"caption-attachment-34504\" class=\"wp-caption-text\">Interior de la Iglesia del Salvador de La Adrada &#8211; Destino Castilla y Le\u00f3n<\/figcaption><\/figure>\n<p>Esta iglesia <strong>ha quedado al otro lado de la carretera que atraviesa La Adrada<\/strong>. En su atrio y rode\u00e1ndola, hay una zona infantil con unos columpios, por lo que puede ser un buen sitio para descansar si viaj\u00e1is con ni\u00f1os peque\u00f1os.<\/p>\n<h4><strong>Ermita de la Virgen de la Yedra<\/strong><\/h4>\n<p>Tomando como <strong>referencia la carretera que atraviesa el municipio, os encontrar\u00e9is un parque infantil muy completo, cubierto por goma y columpios muy buenos<\/strong>, nuevamente un lugar de parada casi obligatorio para un turismo familiar. Es el parque F\u00e9lix Rodr\u00edguez de la Fuente. Pero atravesando la carretera, se llega a una zona verde; es el Parque de la Yedra. . <strong>Al fondo se encuentra esta ermita<\/strong> que, aunque inicialmente estaba fuera de la localidad, hoy ya est\u00e1 integrada.<\/p>\n<figure id=\"attachment_34498\" aria-describedby=\"caption-attachment-34498\" style=\"width: 640px\" class=\"wp-caption aligncenter\"><img decoding=\"async\" src=\"https:\/\/destinocastillayleon.es\/index\/wp-content\/uploads\/2017\/06\/90f007eaea92b0bea8396a48ff19a847.jpg\" alt=\"Ermita de Santa Mar\u00eda de la Yedra - Destino Castilla y Le\u00f3n\" width=\"640\" height=\"360\" class=\"size-full wp-image-34498\" srcset=\"https:\/\/destinocastillayleon.es\/index\/wp-content\/uploads\/2017\/06\/90f007eaea92b0bea8396a48ff19a847.jpg 640w, https:\/\/destinocastillayleon.es\/index\/wp-content\/uploads\/2017\/06\/90f007eaea92b0bea8396a48ff19a847-300x169.jpg 300w\" sizes=\"(max-width: 640px) 100vw, 640px\" \/><figcaption id=\"caption-attachment-34498\" class=\"wp-caption-text\">Ermita de Santa Mar\u00eda de la Yedra &#8211; Destino Castilla y Le\u00f3n<\/figcaption><\/figure>\n<p>Esta ermita <strong>acoge la imagen de la Virgen de la Yedra, patrona de La Adrada<\/strong>. Es una construcci\u00f3n del siglo XVI. Seg\u00fan la leyenda, la imagen original se localiz\u00f3 sobre un muro cubierto de hiedra por el siglo XII o XIII; si bien la imagen original se encontraba en la abad\u00eda de Burgohondo, <strong>esta imagen regresaba siempre a ese muro cubierto, as\u00ed que finalmente se construy\u00f3 esta ermita en este lugar<\/strong>.<\/p>\n<p>Es un templo <strong>muy restaurado actualmente, y presenta una planta de ladrillo y piedra muy bonita<\/strong>. En su interior, el templo solo posee una nave. En su \u00e1bside polilobulado se encuentra la imagen.<a name=\"Jardin-Botanico\"><\/a><\/p>\n<h2><strong>Saliendo de La Adrada<\/strong><\/h2>\n<p>Si bien la poblaci\u00f3n de La Adrada es interesante en s\u00ed misma, <strong>su entorno lo es si acaso m\u00e1s<\/strong>. Y aunque como patrimonio natural hay mucho, en especial destacan estos puntos que <strong>os vamos a contar: el Jard\u00edn Bot\u00e1nico, la Queser\u00eda del Ti\u00e9tar y las rutas de senderismo<\/strong>.<\/p>\n<h3><strong>Jard\u00edn Bot\u00e1nico Valle del Ti\u00e9tar<\/strong><\/h3>\n<p>Perteneciente a un particular, <strong>est\u00e1 abierto a todo aquel que quiera disfrutar de la naturaleza<\/strong>, en una finca de algo m\u00e1s de 10 Ha. con especies venidas de todas las partes del mundo. Incontables especies se dan cita en esta hermosa extensi\u00f3n.<\/p>\n<figure id=\"attachment_34506\" aria-describedby=\"caption-attachment-34506\" style=\"width: 640px\" class=\"wp-caption aligncenter\"><img decoding=\"async\" src=\"https:\/\/destinocastillayleon.es\/index\/wp-content\/uploads\/2017\/06\/7b771dfb7d408b4144dc05f1ad8e3977.jpg\" alt=\"Jard\u00edn bot\u00e1nico del Ti\u00e9tar - Destino Castilla y Le\u00f3n\" width=\"640\" height=\"360\" class=\"size-full wp-image-34506\" srcset=\"https:\/\/destinocastillayleon.es\/index\/wp-content\/uploads\/2017\/06\/7b771dfb7d408b4144dc05f1ad8e3977.jpg 640w, https:\/\/destinocastillayleon.es\/index\/wp-content\/uploads\/2017\/06\/7b771dfb7d408b4144dc05f1ad8e3977-300x169.jpg 300w\" sizes=\"(max-width: 640px) 100vw, 640px\" \/><figcaption id=\"caption-attachment-34506\" class=\"wp-caption-text\">Jard\u00edn bot\u00e1nico del Ti\u00e9tar &#8211; Destino Castilla y Le\u00f3n<\/figcaption><\/figure>\n<p>Incluso para los menos conocedores de la bot\u00e1nica, <strong>su propietario, un verdadero apasionado, os puede mostrar todas las especies presentes<\/strong>. Y es que la singular climatolog\u00eda <strong>ha hecho de este rinc\u00f3n de Castilla y Le\u00f3n, uno de los mejores lugares para este tipo de jardines bot\u00e1nicos<\/strong>.<\/p>\n<figure id=\"attachment_34499\" aria-describedby=\"caption-attachment-34499\" style=\"width: 640px\" class=\"wp-caption aligncenter\"><img decoding=\"async\" src=\"https:\/\/destinocastillayleon.es\/index\/wp-content\/uploads\/2017\/06\/58f4971c4c068321f034832b45b06f5f.jpg\" alt=\"Especies arboleas casi \u00fanicas en Espa\u00f1a - Destino Castilla y Le\u00f3n\" width=\"640\" height=\"360\" class=\"size-full wp-image-34499\" srcset=\"https:\/\/destinocastillayleon.es\/index\/wp-content\/uploads\/2017\/06\/58f4971c4c068321f034832b45b06f5f.jpg 640w, https:\/\/destinocastillayleon.es\/index\/wp-content\/uploads\/2017\/06\/58f4971c4c068321f034832b45b06f5f-300x169.jpg 300w\" sizes=\"(max-width: 640px) 100vw, 640px\" \/><figcaption id=\"caption-attachment-34499\" class=\"wp-caption-text\">Especies arboleas casi \u00fanicas en Espa\u00f1a &#8211; Destino Castilla y Le\u00f3n<\/figcaption><\/figure>\n<blockquote><p>O como defiende Axel Mahlau, cualquier planta puede sobrevivir si le buscas el espacio adecuado<\/p><\/blockquote>\n<p>Y es que como nos coment\u00f3, <strong>hay veces que se tarda mucho m\u00e1s en pensar d\u00f3nde debe ir una planta, que el proceso de trasplantarlas<\/strong>. Y es que tienen algunos espec\u00edmenes muy raros y curiosos; o valiosos si lo que te gusta es la bot\u00e1nica, pues mantiene relaci\u00f3n con los principales jardines bot\u00e1nicos del mundo. <strong>As\u00ed, al menos hay unas 350 variedades distintas de \u00e1rboles, casi 500 de arbustos y 500.0000 flores<\/strong>.<\/p>\n<figure id=\"attachment_34502\" aria-describedby=\"caption-attachment-34502\" style=\"width: 640px\" class=\"wp-caption aligncenter\"><img decoding=\"async\" src=\"https:\/\/destinocastillayleon.es\/index\/wp-content\/uploads\/2017\/06\/c06e70f0ef25862e0b3438d924c95900.jpg\" alt=\"Flores del Jard\u00edn Bot\u00e1nico de Ti\u00e9tar - Destino Castilla y Le\u00f3n\" width=\"640\" height=\"480\" class=\"size-full wp-image-34502\" srcset=\"https:\/\/destinocastillayleon.es\/index\/wp-content\/uploads\/2017\/06\/c06e70f0ef25862e0b3438d924c95900.jpg 640w, https:\/\/destinocastillayleon.es\/index\/wp-content\/uploads\/2017\/06\/c06e70f0ef25862e0b3438d924c95900-300x225.jpg 300w\" sizes=\"(max-width: 640px) 100vw, 640px\" \/><figcaption id=\"caption-attachment-34502\" class=\"wp-caption-text\">Flores del Jard\u00edn Bot\u00e1nico de Ti\u00e9tar &#8211; Destino Castilla y Le\u00f3n<\/figcaption><\/figure>\n<h4><strong>Acceso y visitas<\/strong><\/h4>\n<p>Aunque avisado, igual es complejo <strong>no saltarse la salida de la carretera CL-501<\/strong>, en una salida a un camino, en el km 21,600. Se encuentra <strong>nada m\u00e1s pasar la Queser\u00eda del Ti\u00e9tar<\/strong>.<\/p>\n<p>Aunque puede ser visitado sin problemas, <strong>es aconsejable realizar una reserva previa, llamando al telf.: +34 918 671 333 \/ +34 659 734 775<\/strong>.<a name=\"Queseria\"><\/a><\/p>\n<h3><strong>Queser\u00eda del Ti\u00e9tar<\/strong><\/h3>\n<p>La verdad es que <strong>nos encantar\u00eda poder hablaros m\u00e1s en profundidad de esta queser\u00eda<\/strong>, famosa en el mundo entero, siendo sus quesos puestos a la venta en lugares tan \u00abex\u00f3ticos\u00bb como Nueva York o Londres, entre los productos gourmet m\u00e1s caros&#8230; pero como tambi\u00e9n hay venta <em>insit\u00fa<\/em>, <strong>la cola que vimos era enorme y todo el personal estaba s\u00faper ocupado atendiendo a los clientes<\/strong>. que no pudimos ver nada m\u00e1s que el parking y la tienda.<\/p>\n<figure id=\"attachment_34509\" aria-describedby=\"caption-attachment-34509\" style=\"width: 640px\" class=\"wp-caption aligncenter\"><img decoding=\"async\" src=\"https:\/\/destinocastillayleon.es\/index\/wp-content\/uploads\/2017\/06\/a617fd2ca8fc92fc09fb526f5b0a3a4d.jpg\" alt=\"Queser\u00edas del Ti\u00e9tar - Destino Castilla y Le\u00f3n\" width=\"640\" height=\"360\" class=\"size-full wp-image-34509\" srcset=\"https:\/\/destinocastillayleon.es\/index\/wp-content\/uploads\/2017\/06\/a617fd2ca8fc92fc09fb526f5b0a3a4d.jpg 640w, https:\/\/destinocastillayleon.es\/index\/wp-content\/uploads\/2017\/06\/a617fd2ca8fc92fc09fb526f5b0a3a4d-300x169.jpg 300w\" sizes=\"(max-width: 640px) 100vw, 640px\" \/><figcaption id=\"caption-attachment-34509\" class=\"wp-caption-text\">Queser\u00edas del Ti\u00e9tar &#8211; Destino Castilla y Le\u00f3n<\/figcaption><\/figure>\n<p>Simplemente, <strong>os diremos que es uno de los quesos de cabra m\u00e1s prestigiosos del mundo<\/strong>, con una producci\u00f3n lo suficientemente grande como para cubrir la demanda internacional. Y est\u00e1 en Gredos.<a name=\"Senderismo\"><\/a><\/p>\n<h3><strong>Espacios naturales<\/strong><\/h3>\n<p><strong>El valle del Ti\u00e9tar es un para\u00edso natural<\/strong>, y esto se nota en todo su esplendor verde, con limoneros, naranjos,.. y un sin fin de especies que <strong>casi te hacen olvidar que estas en el centro de la pen\u00ednsula ib\u00e9rica<\/strong>, junto al Sistema Central.<\/p>\n<p>Aunque hay algo que llama la atenci\u00f3n <strong>son los puentes sobre los r\u00edo y arroyos de la zona<\/strong>, pues esta parte est\u00e1 llena de estas construcciones arquitect\u00f3nicas y caminos.<\/p>\n<figure id=\"attachment_34517\" aria-describedby=\"caption-attachment-34517\" style=\"width: 640px\" class=\"wp-caption aligncenter\"><img decoding=\"async\" src=\"https:\/\/destinocastillayleon.es\/index\/wp-content\/uploads\/2021\/07\/5e9f425111ce2626578e7aa3ee437ef1.jpg\" alt=\"Espacios naturales del Valle del Ti\u00e9tar - Destino Castilla y Le\u00f3n\" width=\"640\" height=\"480\" class=\"size-full wp-image-34517\" srcset=\"https:\/\/destinocastillayleon.es\/index\/wp-content\/uploads\/2021\/07\/5e9f425111ce2626578e7aa3ee437ef1.jpg 640w, https:\/\/destinocastillayleon.es\/index\/wp-content\/uploads\/2021\/07\/5e9f425111ce2626578e7aa3ee437ef1-300x225.jpg 300w\" sizes=\"(max-width: 640px) 100vw, 640px\" \/><figcaption id=\"caption-attachment-34517\" class=\"wp-caption-text\">Espacios naturales del Valle del Ti\u00e9tar &#8211; Destino Castilla y Le\u00f3n<\/figcaption><\/figure>\n<p>Nosotros <strong>no los pudimos ver todos, aunque existe una ruta conocida como \u00abla Ruta de los Puentes\u00bb,.. la describen bastante bien en la web <a href=\"https:\/\/www.rutinasvarias.com\/\" rel=\"noopener noFollow noreferrer\" target=\"_blank\">Rutinas Varias<\/a><\/strong>, as\u00ed que casi mejor os remitimos a ellos, mientras que nosotros tan solo os vamos a se\u00f1alar los puentes que conocimos, con fotos del propio Ayuntamiento de La Adrada.<\/p>\n<h4><strong>Puentes que atraviesan el r\u00edo Ti\u00e9tar<\/strong><\/h4>\n<p>Son muchos los puentes que atraviesan los r\u00edos y arroyos en La Adrada, algunos dignos de menci\u00f3n por su antig\u00fcedad o por su belleza. Entre estos, destacan cuatro especialmente: <strong>el Mocha, el Mosquea, el Nuevo y el Chico<\/strong>.<\/p>\n<ul><strong>El Puente Mocha<\/strong> Mocha es de origen romano y el m\u00e1s antiguo de los conservados en La Adrada. <strong>Formaba parte de la v\u00eda romana que comunicaba Talavera de la Reina con otros pueblos de Toledo<\/strong>. Se cree que fue reacondicionado durante los reinados del Carlos V y Felipe II para facilitar la comunicaci\u00f3n entre Yuste y El Escorial.<\/p>\n<p><strong>El Puente Mosquea<\/strong> <strong>sobre el r\u00edo Ti\u00e9tar es el mayor, ya que era de gran importancia para la trashumancia<\/strong> entre las zonas de la submeseta norte con la submeseta sur.<\/p>\n<p><strong>El Puente Nuevo<\/strong> fue <strong>construido en 1.791<\/strong> por el alcalde de Piedralaves para mejorar el antiguo puente de madera que un\u00eda las poblaciones. Se sit\u00faa <strong>sobre la garganta de Valdetejo<\/strong> en el camino viejo de Piedralaves.<\/p>\n<p><strong>El Puente Chico<\/strong>, <strong>salta el arroyo de la Cerc\u00e1. Se desconoce la dataci\u00f3n original, aunque su origen es medieval<\/strong>. Se localiza en el Camino de Fresnedilla, a continuaci\u00f3n del Puente Mosquea.<\/ul>\n<figure id=\"attachment_34529\" aria-describedby=\"caption-attachment-34529\" style=\"width: 640px\" class=\"wp-caption aligncenter\"><img decoding=\"async\" src=\"https:\/\/destinocastillayleon.es\/index\/wp-content\/uploads\/2021\/07\/bc4286d65e402d5c74876e0edd4b955e.jpg\" alt=\"Puentes de La Adrada - Im\u00e1genes del Ayuntamiento de La Adrada\" width=\"640\" height=\"426\" class=\"size-full wp-image-34529\" srcset=\"https:\/\/destinocastillayleon.es\/index\/wp-content\/uploads\/2021\/07\/bc4286d65e402d5c74876e0edd4b955e.jpg 640w, https:\/\/destinocastillayleon.es\/index\/wp-content\/uploads\/2021\/07\/bc4286d65e402d5c74876e0edd4b955e-300x200.jpg 300w, https:\/\/destinocastillayleon.es\/index\/wp-content\/uploads\/2021\/07\/bc4286d65e402d5c74876e0edd4b955e-600x400.jpg 600w\" sizes=\"(max-width: 640px) 100vw, 640px\" \/><figcaption id=\"caption-attachment-34529\" class=\"wp-caption-text\">Puentes de La Adrada &#8211; Im\u00e1genes del Ayuntamiento de La Adrada<\/figcaption><\/figure>\n<p>Estos puentes pueden ser conocidos en varias rutas de senderismo; <strong>Como nosotros no llegamos a realizarlas, os recomendamos visitar <a href=\"https:\/\/es.wikiloc.com\/rutas-senderismo\/puentes-de-la-adrada-8931845\" rel=\"noopener noreferrer\" target=\"_blank\">la ruta de wikiloc<\/a><\/strong>.<\/p>\n<p>Otra opci\u00f3n interesante es, <strong>la visita a alguna de las piscinas naturales de la zona<\/strong>, aunque reconocemos que a eso <strong>no nos dio tiempo en nuestro viaje<\/strong> y tan solo podemos indicar nada m\u00e1s que su existencia. <a name=\"Llegar\"><\/a><\/p>\n<h2><strong>Informaci\u00f3n general de La Adrada<\/strong><\/h2>\n<h3><strong>\u00bfC\u00f3mo llegar?<\/strong><\/h3>\n<p><strong>La poblaci\u00f3n de <a href=\"https:\/\/goo.gl\/maps\/LRDuQCqtYW4Vf8YWA\" rel=\"noopener nofollow noreferrer\" target=\"_blank\">La Adrada<\/a> se localiza en la carretera CL501<\/strong>, que es la continuaci\u00f3n de la Carretera de los Pantanos M501 de Madrid, en su parte de Castilla y Le\u00f3n. Desde Madrid, la mitad del camino es una autov\u00eda, aunque pasado Las Navas del Rey se vuelve una carretera lenta.<\/p>\n<p><figure id=\"attachment_34518\" aria-describedby=\"caption-attachment-34518\" style=\"width: 580px\" class=\"wp-caption aligncenter\"><img decoding=\"async\" src=\"https:\/\/destinocastillayleon.es\/index\/wp-content\/uploads\/2021\/07\/8977fde1ad793250fb5ecc3f1d6087de.jpg\" alt=\"Entrada a La Adrada - Destino Castilla y Le\u00f3n\" width=\"580\" height=\"326\" class=\"size-full wp-image-34518\" srcset=\"https:\/\/destinocastillayleon.es\/index\/wp-content\/uploads\/2021\/07\/8977fde1ad793250fb5ecc3f1d6087de.jpg 580w, https:\/\/destinocastillayleon.es\/index\/wp-content\/uploads\/2021\/07\/8977fde1ad793250fb5ecc3f1d6087de-300x169.jpg 300w\" sizes=\"(max-width: 580px) 100vw, 580px\" \/><figcaption id=\"caption-attachment-34518\" class=\"wp-caption-text\">Entrada a La Adrada &#8211; Destino Castilla y Le\u00f3n<\/figcaption><\/figure><a name=\"Comer\"><\/a><\/p>\n<h3><strong>\u00bfD\u00f3nde comer?<\/strong><\/h3>\n<p>En nuestra escapada por <strong>La Adrada comimos en el bar restaurante La Avenida<\/strong>. Un men\u00fa a la carta, con chulet\u00f3n, si bien, no creemos que fuera de ternera abulense, algo que no nos gusta; <strong>Porque si vendes Chulet\u00f3n de \u00c1vila, no es solo que se cocine en \u00c1vila<\/strong>. Pero, aun as\u00ed, muy bueno, tanto de tama\u00f1o, como de calidad y de ejecuci\u00f3n. Y ya ni hablar de los vinos de \u00c1vila, la DOP. Vinos de Cebreros.<\/p>\n<figure id=\"attachment_34524\" aria-describedby=\"caption-attachment-34524\" style=\"width: 580px\" class=\"wp-caption aligncenter\"><img decoding=\"async\" src=\"https:\/\/destinocastillayleon.es\/index\/wp-content\/uploads\/2021\/07\/ca1f9800112851a5a4e38c47e993afc8.jpg\" alt=\"Platos de dos men\u00fas en el Bar-Restaurante la Avenida de La Adrada - Destino Castilla y Le\u00f3n\" width=\"580\" height=\"436\" class=\"size-full wp-image-34524\" srcset=\"https:\/\/destinocastillayleon.es\/index\/wp-content\/uploads\/2021\/07\/ca1f9800112851a5a4e38c47e993afc8.jpg 580w, https:\/\/destinocastillayleon.es\/index\/wp-content\/uploads\/2021\/07\/ca1f9800112851a5a4e38c47e993afc8-300x226.jpg 300w\" sizes=\"(max-width: 580px) 100vw, 580px\" \/><figcaption id=\"caption-attachment-34524\" class=\"wp-caption-text\">Platos de dos men\u00fas en el Bar-Restaurante la Avenida de La Adrada &#8211; Destino Castilla y Le\u00f3n<\/figcaption><\/figure>\n<p>Tambi\u00e9n <strong>nos recomend\u00f3 gente local varios lugares interesantes para comer<\/strong>, y que os trasladamos. Nos hablaron bien de <strong>La Terraza del Ti\u00e9tar<\/strong>, del <strong>Canad\u00e1 bar<\/strong> y el <strong>Bar Cabezuelo<\/strong>; y especialmente indicado para familias, <strong>el Restaurante Summer&#8217;s Burger<\/strong>. No os podemos dar una valoraci\u00f3n de estos, pues no entramos a conocerlos.<\/p>\n<h4><strong>Gastronom\u00eda del Ti\u00e9tar<\/strong><\/h4>\n<p>Y es que, <strong>aunque estamos en Castilla y Le\u00f3n, el Valle del Ti\u00e9tar goza de una climatolog\u00eda diferente a lo que esperas, por lo que la gastronom\u00eda es igualmente \u00fanica<\/strong>. As\u00ed, si quer\u00e9is probar algo distinto, podr\u00e9is probar all\u00ed <strong>el salmorejo adradense<\/strong>, que es sabroso y potente guiso tradicional hecho a partir de la matanza con derivados del cerdo. <strong>Pero no te olvides de las patatas revolconas<\/strong>.<\/p>\n<figure id=\"attachment_34526\" aria-describedby=\"caption-attachment-34526\" style=\"width: 580px\" class=\"wp-caption aligncenter\"><img decoding=\"async\" src=\"https:\/\/destinocastillayleon.es\/index\/wp-content\/uploads\/2021\/07\/cefa937f730849ffe5e67fc1c769c5c8.jpg\" alt=\"Patatas revolconas de \u00c1vila - Destino Castilla y Le\u00f3n\" width=\"580\" class=\"size-full wp-image-34526\" srcset=\"https:\/\/destinocastillayleon.es\/index\/wp-content\/uploads\/2021\/07\/cefa937f730849ffe5e67fc1c769c5c8.jpg 639w, https:\/\/destinocastillayleon.es\/index\/wp-content\/uploads\/2021\/07\/cefa937f730849ffe5e67fc1c769c5c8-300x200.jpg 300w, https:\/\/destinocastillayleon.es\/index\/wp-content\/uploads\/2021\/07\/cefa937f730849ffe5e67fc1c769c5c8-600x400.jpg 600w\" sizes=\"(max-width: 639px) 100vw, 639px\" \/><figcaption id=\"caption-attachment-34526\" class=\"wp-caption-text\">Patatas revolconas de \u00c1vila &#8211; Destino Castilla y Le\u00f3n<\/figcaption><\/figure>\n<p>Tambi\u00e9n los quesos de La Adrada, ya os hemos mencionado a la Queser\u00eda del Ti\u00e9tar. Destaca el queso Monte Enebro.<strong> Y ya puestos, las morcillas o los Bollos de San Blas<\/strong>.<a name=\"Dormir\"><\/a><\/p>\n<h3><strong>\u00bfD\u00f3nde alojarse?<\/strong><\/h3>\n<p>Nuestro viaje por La Adrada <strong>fue una escapada de un d\u00eda. Realmente para visitar este pueblo, es suficiente<\/strong>; pero es igualmente verdad que, <strong>en cuanto quieres conocer m\u00e1s de este Valle del Ti\u00e9tar, se precisan varias jornadas<\/strong>, pues el entorno lo vale.<\/p>\n<figure id=\"attachment_34519\" aria-describedby=\"caption-attachment-34519\" style=\"width: 580px\" class=\"wp-caption aligncenter\"><img decoding=\"async\" src=\"https:\/\/destinocastillayleon.es\/index\/wp-content\/uploads\/2021\/07\/ba59717c19805fd14767620edec9321f.jpg\" alt=\"Posada Villa Maria de La Adrada - Destino Castilla y Le\u00f3n\" width=\"580\" height=\"326\" class=\"size-full wp-image-34519\" srcset=\"https:\/\/destinocastillayleon.es\/index\/wp-content\/uploads\/2021\/07\/ba59717c19805fd14767620edec9321f.jpg 580w, https:\/\/destinocastillayleon.es\/index\/wp-content\/uploads\/2021\/07\/ba59717c19805fd14767620edec9321f-300x169.jpg 300w\" sizes=\"(max-width: 580px) 100vw, 580px\" \/><figcaption id=\"caption-attachment-34519\" class=\"wp-caption-text\"><a href=\"https:\/\/www.booking.com\/hotel\/es\/posada-villa-maria.es.html?aid=1366108;sid=920c339a3ab2e1960f8c77c21ce0de61;atlas_src=sr_iw_btn;dest_id=-386401;dest_type=city;dist=0;group_adults=2;group_children=0;no_rooms=1;room1=A%2CA;sb_price_type=total;type=total;ucfs=1&#038;\" rel=\"noopener noreferrer\" target=\"_blank\"><u>Posada Villa Maria de La Adrada<\/u><\/a> &#8211; Destino Castilla y Le\u00f3n<\/figcaption><\/figure>\n<p>Viendo la oferta disponible, <strong>a nosotros, para un turismo familiar nos encaja muy bien el <a href=\"https:\/\/www.booking.com\/hotel\/es\/posada-villa-maria.es.html?aid=1366108;sid=920c339a3ab2e1960f8c77c21ce0de61;atlas_src=sr_iw_btn;dest_id=-386401;dest_type=city;dist=0;group_adults=2;group_children=0;no_rooms=1;room1=A%2CA;sb_price_type=total;type=total;ucfs=1&#038;\" rel=\"NoFollow noopener noreferrer\" target=\"_blank\">Posada Villa Maria<\/a><\/strong>; aunque tambi\u00e9n parece interesante el <a href=\"https:\/\/www.booking.com\/hotel\/es\/casa-rural-castillo-de-la-adrada.es.html?aid=1366108;sid=920c339a3ab2e1960f8c77c21ce0de61;atlas_src=sr_iw_btn;dest_id=-386401;dest_type=city;dist=0;group_adults=2;group_children=0;no_rooms=1;room1=A%2CA;sb_price_type=total;type=total;ucfs=1&#038;\" rel=\"NoFollow noopener noreferrer\" target=\"_blank\"><strong>Casa del Castillo<\/strong> by Naturadrada<\/a>; que es todo una vivienda. Si no os importa salir de La Adrada, hay otras opciones de inter\u00e9s en, <strong>por ejemplo, Casavieja, en <a href=\"https:\/\/www.booking.com\/hotel\/es\/la-casa-de-la-abuela-desi-casavieja.es.html?aid=1366108;sid=920c339a3ab2e1960f8c77c21ce0de61;atlas_src=sr_iw_title;dest_id=-386401;dest_type=city;dist=0;group_adults=2;group_children=0;no_rooms=1;room1=A%2CA;sb_price_type=total;type=total;ucfs=1&#038;\" rel=\"NoFollow noopener noreferrer\" target=\"_blank\">La Casa de la Abuela Desi<\/a><\/strong>.<a name=\"Historia\"><\/a><\/p>\n<h3><strong>Breve rese\u00f1a hist\u00f3rica<\/strong><\/h3>\n<p>Si bien <strong>el origen de La Adrada es un tanto incierto<\/strong>, pues no existen documentos ni yacimientos que avalen un asentamiento primigenio, <strong>se cree posible que el solar que ocupa el Castillo de La Adrada pudiera ser un castro inicial celt\u00edbero<\/strong>. Se sabe del inter\u00e9s de los romanos en la zona del Valle del Ti\u00e9tar por la presencia de puentes romanos.<\/p>\n<p>Es, durante el periodo andalus\u00ed, <strong>cuando se considera probable que se dieran asentamientos por todo el Valle del Ti\u00e9tar compuestas por moz\u00e1rabes y mud\u00e9jares<\/strong>. Al menos, est\u00e1 documentada esta poblaci\u00f3n estable en 1250; <strong>ya en manos cristianas, permiti\u00e9ndose un heredamiento en la aldea 1274<\/strong>. El siglo XIII es el periodo de expansi\u00f3n del Ti\u00e9tar.<\/p>\n<figure id=\"attachment_33315\" aria-describedby=\"caption-attachment-33315\" style=\"width: 208px\" class=\"wp-caption aligncenter\"><img decoding=\"async\" src=\"https:\/\/destinocastillayleon.es\/index\/wp-content\/uploads\/2020\/08\/Juan-II-de-Castilla.jpg\" alt=\"Juan II de Castilla\" width=\"208\" height=\"243\" class=\"size-full wp-image-33315\" \/><figcaption id=\"caption-attachment-33315\" class=\"wp-caption-text\">Juan II de Castilla<\/figcaption><\/figure>\n<p>En 1393, <strong>Ruy L\u00f3pez D\u00e1valos logra la secesi\u00f3n de la villa de \u00c1vila, convirti\u00e9ndola en el n\u00facleo de su Se\u00f1or\u00edo<\/strong>. Es importante este se\u00f1or\u00edo, pues <strong>ser\u00e1 el momento en el que la iglesia en lo alto del cerro inicia su transformaci\u00f3n en castillo<\/strong>; como una demostraci\u00f3n de fuerza, englobando a las poblaciones pr\u00f3ximas. A\u00f1os m\u00e1s tarde Juan II enajen\u00f3 este se\u00f1or\u00edo para finalmente <strong>entreg\u00e1rselo a su favorito, \u00c1lvaro de Luna<\/strong>.<\/p>\n<figure id=\"attachment_32495\" aria-describedby=\"caption-attachment-32495\" style=\"width: 404px\" class=\"wp-caption aligncenter\"><img decoding=\"async\" src=\"https:\/\/destinocastillayleon.es\/index\/wp-content\/uploads\/2020\/03\/db3e7a204b738c9e4d1159f4630f7968.jpg\" alt=\"Beltr\u00e1n de la Cueva - I Duque de Alburquerque\" width=\"404\" height=\"404\" class=\"size-full wp-image-32495\" srcset=\"https:\/\/destinocastillayleon.es\/index\/wp-content\/uploads\/2020\/03\/db3e7a204b738c9e4d1159f4630f7968.jpg 404w, https:\/\/destinocastillayleon.es\/index\/wp-content\/uploads\/2020\/03\/db3e7a204b738c9e4d1159f4630f7968-300x300.jpg 300w, https:\/\/destinocastillayleon.es\/index\/wp-content\/uploads\/2020\/03\/db3e7a204b738c9e4d1159f4630f7968-150x150.jpg 150w, https:\/\/destinocastillayleon.es\/index\/wp-content\/uploads\/2020\/03\/db3e7a204b738c9e4d1159f4630f7968-100x100.jpg 100w, https:\/\/destinocastillayleon.es\/index\/wp-content\/uploads\/2020\/03\/db3e7a204b738c9e4d1159f4630f7968-200x200.jpg 200w\" sizes=\"(max-width: 404px) 100vw, 404px\" \/><figcaption id=\"caption-attachment-32495\" class=\"wp-caption-text\">Beltr\u00e1n de la Cueva &#8211; I Duque de Alburquerque<\/figcaption><\/figure>\n<p>\u00c1lvaro de Luna, adem\u00e1s de repoblar el territorio con gentes de Galicia y Navarra; <strong>nuevamente har\u00e1 cambios en el castillo<\/strong>. Aunque, nuevamente habr\u00e1 un cambio de manos, <strong>pasando el se\u00f1or\u00edo a Beltr\u00e1n de la Cueva, en cuya descendencia se crear\u00eda el Marquesado de La Adrada<\/strong> y ser\u00e1 el que dar\u00e1 la configuraci\u00f3n que hoy vemos a esta fortaleza.<\/p>\n<h4>Tambi\u00e9n te puede interesar&#8230;<\/h4>\n<ul>\n<li><a href=\"https:\/\/destinocastillayleon.es\/index\/escapada-a-miranda-del-castanar\/\">Escapada a Miranda del Casta\u00f1ar<\/a>.<\/li>\n<li><a href=\"https:\/\/destinocastillayleon.es\/index\/que-ver-en-navas-del-marques\/\">Las Navas del Marqu\u00e9s, gastronom\u00eda y naturaleza para una escapada perfecta<\/a>.<\/li>\n<li><a href=\"https:\/\/destinocastillayleon.es\/index\/escapada-al-barco-de-avila\/\">Escapada al Barco de \u00c1vila \u00a1Descubre la Sierra de Gredos!<\/a><\/li>\n<\/ul>\n<p><!-- Parece que fue eliminar las restricciones,<strong> y el ansia por viajar nos puso en carretera con ansias<\/strong>, o al menos as\u00ed lo vivimos en general los que nos consideramos viajeros. <strong>Durante mucho tiempo, un destino nos estuvo tentando hasta que; por fin, pudimos cuadrar viajar a La Adrada<\/strong>, una preciosa poblaci\u00f3n del valle del Ti\u00e9tar, en \u00c1vila.\n\nGeogr\u00e1ficamente, <strong>este valle del Ti\u00e9tar se encuentra en la zona sur de Gredos<\/strong>, en el parte m\u00e1s central de la pen\u00ednsula ib\u00e9rica, pero por una casualidad del destino, esta zona <strong>posee un clima mediterr\u00e1neo que le permite gozar de unos paisajes y verdor<\/strong> que, desde luego, no te esperas.\n\n\n\n<blockquote>El valle de Ti\u00e9tar es equivalente al valle del Jerte, de hecho, se unen en Plasencia y comparten bastantes cosas en com\u00fan.<\/blockquote>\n\n\n\n\n\n<h3><strong>\u00cdndice de Contenidos<\/strong><\/h3>\n\n\nPara ayudarte a <strong>usar esta publicaci\u00f3n sobre la Adrada<\/strong>, hemos creado este \u00edndice con los principales puntos.\n\n<strong>Patrimonio hist\u00f3rico art\u00edstico:<\/strong>\n\n\n<ul>\n\n<li><a href=\"#Castillo\">Castillo de La Adrada<\/a>.<\/li>\n\n\n\n\n<li><a href=\"#Calles\">Arquitectura civil y popular<\/a>.<\/li>\n\n\n\n\n<li><a href=\"#Iglesias\">Iglesias y templos de inter\u00e9s<\/a>.<\/li>\n\n\n\n\n<li><a href=\"#Queseria\">La queser\u00eda del Ti\u00e9tar <\/a>.<\/li>\n\n\n\n\n<li><a href=\"#Jardin-Botanico\">Jard\u00edn Bot\u00e1nico Valle del Ti\u00e9tar<\/a>.<\/li>\n\n\n\n\n<li><a href=\"#Senderismo\">Rutas de senderismo para conocer el entorno<\/a>.<\/li>\n\n<\/ul>\n\n\n\n<strong>Informaci\u00f3n general: <\/strong>\n\n\n<ul>\n\n<li><a href=\"#Llegar\">\u00bfC\u00f3mo llegar?<\/a><\/li>\n\n\n\n\n<li><a href=\"#Comer\">\u00bfD\u00f3nde comer?<\/a><\/li>\n\n\n\n\n<li><a href=\"#Dormir\">\u00bfD\u00f3nde alojarse?<\/a><\/li>\n\n\n\n\n<li><a href=\"#Historia\">Breve relato hist\u00f3rico<\/a>.<\/li>\n\n<\/ul>\n\n\n\nEsperamos que, este resumen <strong>os sea de utilidad<\/strong>.\n\n\n\n<h3><strong>Preparando el viaje<\/strong><\/h3>\n\n\nEl valle del Ti\u00e9tar e<strong>s junto al valle del Alberche forman parte de la cuenca hidr\u00e1ulica del Tajo en Castilla y Le\u00f3n<\/strong>, esto climatol\u00f3gicamente se nota bastante <strong>por poseer unos climas mediterr\u00e1neos<\/strong> que contrastan con otras zonas m\u00e1s continentales de Castilla y Le\u00f3n.\n\nAl estar en la zona sur de Gredos, <strong>y relativamente bien comunicado con la submeseta sur, mucha gente de Madrid y Toledo desciende de esta zona<\/strong>, o bien tiene segundas residencias all\u00ed, as\u00ed que no te sorprenda que casi sea una extensi\u00f3n de estas zonas.\n\n\n\n<h2><strong>Visita al Valle del Ti\u00e9tar <\/strong><\/h2>\n\n\nEn general, <strong>todo este valle es una preciosidad, las condiciones clim\u00e1ticas permiten una zona de gran belleza<\/strong>, con poblaciones serranas que <strong>en su momento demostraron su valent\u00eda al estar en la frontera con el mundo isl\u00e1mico<\/strong>, pero con una muralla de roca detr\u00e1s, como es la Sierra de Gredos.\n\n[caption id=\"attachment_34514\" align=\"aligncenter\" width=\"640\"]<img decoding=\"async\" src=\"https:\/\/destinocastillayleon.es\/index\/wp-content\/uploads\/2021\/07\/f84134beb314cbd8915d7118cc30f162.jpg\" alt=\"Vista del Valle del Ti\u00e9tar, con la Sierra de Gredos al fondo - Destino Castilla y Le\u00f3n\" width=\"640\" height=\"360\" class=\"size-full wp-image-34514\" srcset=\"https:\/\/destinocastillayleon.es\/index\/wp-content\/uploads\/2021\/07\/f84134beb314cbd8915d7118cc30f162.jpg 640w, https:\/\/destinocastillayleon.es\/index\/wp-content\/uploads\/2021\/07\/f84134beb314cbd8915d7118cc30f162-300x169.jpg 300w\" sizes=\"(max-width: 640px) 100vw, 640px\" \/> Vista del Valle del Ti\u00e9tar, con la Sierra de Gredos al fondo - Destino Castilla y Le\u00f3n[\/caption]\n\nPero la riqueza y los beneficios aportados, compensaban ser la punta de lanza. <strong>Hoy, puedes disfrutar de pueblos hermosos<\/strong> que crecieron al amparo de estas circunstancias, <strong>como es la misma La Adrada, Sotillo, Piedralves, Casavieja, o Arenas de San Pedro<\/strong>.\n\nComo todos pueblos serranos que, en cierta medida, <strong>guardan bastantes similitudes con los pueblos de la Sierra de Salamanca<\/strong>, compartiendo estilo, gastronom\u00eda y costumbres.<a name=\"Castillo\"><\/a>\n\n\n\n<h2><strong>Visita a La Adrada<\/strong><\/h2>\n\n\nComo hemos dicho, <strong>este pueblo nace como una punta de lanza en la reconquista; una iglesia en lo alto de un cerro que domina la poblaci\u00f3n<\/strong>; que con el paso del tiempo se convertir\u00e1 en el castillo de La Adrada marcar\u00e1 el destino de esta poblaci\u00f3n.\n\n\n\n<h3><strong>Castillo de La Adrada<\/strong><\/h3>\n\n\nY es que, como dec\u00edamos, <strong>si bien esta construcci\u00f3n no nace como una fortaleza, ni como un palacio, si no como una peque\u00f1a iglesia o ermita<\/strong>; la parroquia principal de La Adrada, pero que, con el paso del tiempo, llegar\u00e1 a ser todo eso; haciendo que sea <strong>la construcci\u00f3n m\u00e1s destacable de La Adrada y visita obligada<\/strong>.\n\n[caption id=\"attachment_34530\" align=\"aligncenter\" width=\"379\"]<img decoding=\"async\" src=\"https:\/\/destinocastillayleon.es\/index\/wp-content\/uploads\/2021\/07\/85ab809bf37711330fcf3dde7cbf21e7.jpg\" alt=\"Entrada al Castillo de La Adrada - Destino Castilla y Le\u00f3n\" width=\"379\" height=\"505\" class=\"size-full wp-image-34530\" srcset=\"https:\/\/destinocastillayleon.es\/index\/wp-content\/uploads\/2021\/07\/85ab809bf37711330fcf3dde7cbf21e7.jpg 379w, https:\/\/destinocastillayleon.es\/index\/wp-content\/uploads\/2021\/07\/85ab809bf37711330fcf3dde7cbf21e7-225x300.jpg 225w\" sizes=\"(max-width: 379px) 100vw, 379px\" \/> Entrada al Castillo de La Adrada - Destino Castilla y Le\u00f3n[\/caption]\n\nAunque se puede subir andando por las calles de La Adrada, <strong>en la calle de las Escaleras, si vienes en coche, rodea la colina y encontrar\u00e1s varios carteles que llevan a la base del castillo<\/strong>, donde se ha habilitado un peque\u00f1o parking para coches y donde se est\u00e1 rehabilitando una zona infantil con unos columpios y unas mesas donde hacer picnic.\n\n\n\n<h4><strong>Subida al castillo<\/strong><\/h4>\n\n\n<strong>El \u00faltimo tramo de acceso no est\u00e1 habilitado para veh\u00edculos particulares<\/strong>, as\u00ed que hay que subir un peque\u00f1o tramo a pie. Las vistas son impresionantes; a la espalda el pueblo de La Adrada; al frente las imponentes murallas de la que fue una de las fortalezas palacio, m\u00e1s hermosas de Espa\u00f1a.\n\n[caption id=\"attachment_34510\" align=\"aligncenter\" width=\"640\"]<img decoding=\"async\" src=\"https:\/\/destinocastillayleon.es\/index\/wp-content\/uploads\/2017\/06\/4b18fc2d9ff3ad9b1d0e3c28d45e0139.jpg\" alt=\"Subida al castillo de La Adrada - Destino Castilla y Le\u00f3n\" width=\"640\" height=\"360\" class=\"size-full wp-image-34510\" srcset=\"https:\/\/destinocastillayleon.es\/index\/wp-content\/uploads\/2017\/06\/4b18fc2d9ff3ad9b1d0e3c28d45e0139.jpg 640w, https:\/\/destinocastillayleon.es\/index\/wp-content\/uploads\/2017\/06\/4b18fc2d9ff3ad9b1d0e3c28d45e0139-300x169.jpg 300w\" sizes=\"(max-width: 640px) 100vw, 640px\" \/> Subida al castillo de La Adrada - Destino Castilla y Le\u00f3n[\/caption]\n\nSi bien el castillo de La Adrada <strong>sufri\u00f3 muchos da\u00f1os y abandono durante el siglo XIX y XX, las intervenciones de finales del siglo XX e inicios del XXI permiten una rehabilitaci\u00f3n de la mayor parte del mismo<\/strong> y un uso a nivel cultural y tur\u00edstico.\n\n\n\n<blockquote>Este castillo sirvi\u00f3 de residencia a varias personas importantes, pues estaba en una ruta importante. Entre ellas, a los mismos Reyes Cat\u00f3licos, entre otros.<\/blockquote>\n\n\n\n\n\n<h4><strong>El patio exterior<\/strong><\/h4>\n\n\nAunque el Castillo <strong>cuenta con una poterna de salida, un tanto escondida a la vista, la entrada principal se acede una vez superado un foros y una puerta fortificada con barbacana<\/strong>, lo que permite entrar a un amplio patio interior en el que espera la verdadera fortaleza.\n\n[caption id=\"attachment_34513\" align=\"aligncenter\" width=\"640\"]<img decoding=\"async\" src=\"https:\/\/destinocastillayleon.es\/index\/wp-content\/uploads\/2021\/07\/29574b5cb9b87ea04e2d1b2392866249.jpg\" alt=\"Acceso a la fortaleza desde el patio exterior del castillo - Destino Castilla y Le\u00f3n\" width=\"640\" height=\"427\" class=\"size-full wp-image-34513\" srcset=\"https:\/\/destinocastillayleon.es\/index\/wp-content\/uploads\/2021\/07\/29574b5cb9b87ea04e2d1b2392866249.jpg 640w, https:\/\/destinocastillayleon.es\/index\/wp-content\/uploads\/2021\/07\/29574b5cb9b87ea04e2d1b2392866249-300x200.jpg 300w, https:\/\/destinocastillayleon.es\/index\/wp-content\/uploads\/2021\/07\/29574b5cb9b87ea04e2d1b2392866249-600x400.jpg 600w\" sizes=\"(max-width: 640px) 100vw, 640px\" \/> Acceso a la fortaleza desde el patio exterior del castillo - Destino Castilla y Le\u00f3n[\/caption]\n\nEl paso de ronda <strong>est\u00e1 accesible mediante las escaleras originales<\/strong>, y permite rodean casi todo el adarve del castillo.\n\n\n\n<h4><strong>La fortaleza interior<\/strong><\/h4>\n\n\nPara acceder a lo que fue en s\u00ed misma un palacio fortificado, <strong>el acceso se realizaba por otra barbacana hoy desaparecida, de la que solo se conservan los cimientos<\/strong>. Esta barbacana ten\u00eda la puerta en un lateral, por lo que <strong>el posible asaltante no pod\u00eda usar maquinaria de asedio<\/strong> pesada para forzar la puerta al castillo.\n\n[caption id=\"attachment_34507\" align=\"aligncenter\" width=\"640\"]<img decoding=\"async\" src=\"https:\/\/destinocastillayleon.es\/index\/wp-content\/uploads\/2017\/06\/e39a710868177b7ad47e7b186cd2c2de.jpg\" alt=\"Patio renacentista del Castillo de La Adrada reconstruido - Destino Castilla y Le\u00f3n\" width=\"640\" height=\"427\" class=\"size-full wp-image-34507\" srcset=\"https:\/\/destinocastillayleon.es\/index\/wp-content\/uploads\/2017\/06\/e39a710868177b7ad47e7b186cd2c2de.jpg 640w, https:\/\/destinocastillayleon.es\/index\/wp-content\/uploads\/2017\/06\/e39a710868177b7ad47e7b186cd2c2de-300x200.jpg 300w, https:\/\/destinocastillayleon.es\/index\/wp-content\/uploads\/2017\/06\/e39a710868177b7ad47e7b186cd2c2de-600x400.jpg 600w\" sizes=\"(max-width: 640px) 100vw, 640px\" \/> Patio renacentista del Castillo de La Adrada reconstruido - Destino Castilla y Le\u00f3n[\/caption]\n\nSu interior <strong>era un palacio renacentista<\/strong>, imaginamos con las comodidades de la \u00e9poca. El patio que hoy podemos ver <strong>tuvo que ser reconstruido debido a su estado de ruina<\/strong>, aunque siendo bastante fiel a lo original.\n\n[caption id=\"attachment_34505\" align=\"aligncenter\" width=\"640\"]<img decoding=\"async\" src=\"https:\/\/destinocastillayleon.es\/index\/wp-content\/uploads\/2017\/06\/420a6673f8950a46c8b9ca6f58f170f3.jpg\" alt=\"Interior del Castillo de La Adrada, con los restos de la iglesia primitiva - Destino Castilla y Le\u00f3n\" width=\"640\" height=\"427\" class=\"size-full wp-image-34505\" srcset=\"https:\/\/destinocastillayleon.es\/index\/wp-content\/uploads\/2017\/06\/420a6673f8950a46c8b9ca6f58f170f3.jpg 640w, https:\/\/destinocastillayleon.es\/index\/wp-content\/uploads\/2017\/06\/420a6673f8950a46c8b9ca6f58f170f3-300x200.jpg 300w, https:\/\/destinocastillayleon.es\/index\/wp-content\/uploads\/2017\/06\/420a6673f8950a46c8b9ca6f58f170f3-600x400.jpg 600w\" sizes=\"(max-width: 640px) 100vw, 640px\" \/> Interior del Castillo de La Adrada, con los restos de la iglesia primitiva - Destino Castilla y Le\u00f3n[\/caption]\n\nEl n\u00facleo inicial de esta fortaleza, <strong>la ermita en lo alto de la loma se conserva en gran medida<\/strong>, pues la torre del homenaje usaba el \u00e1bside como cimiento, y <strong>la nave central como una sala del palacio<\/strong>. El techo que cubr\u00eda esta zona del palacio se perdi\u00f3 y hoy es un patio de butacas a aire libre, que fuera de pandemia, era usado para acciones culturales y de ocio en las noches de verano.\n\n\n\n<h4><strong>\u00bfQu\u00e9 puedes ver?<\/strong><\/h4>\n\n\n<strong>En la zona rehabilitada se encuentra la Oficina de Turismo de La Adrada<\/strong>, all\u00ed puedes recoger informaci\u00f3n no solo de La Adrada, <strong>si no, de todo el valle del Ti\u00e9tar<\/strong>, que como te hemos contado es muy interesante.\n\n[caption id=\"attachment_34500\" align=\"aligncenter\" width=\"640\"]<img decoding=\"async\" src=\"https:\/\/destinocastillayleon.es\/index\/wp-content\/uploads\/2017\/06\/ce8c2d9e05e0d3db474d3bfad5e0bede.jpg\" alt=\"Estancias rehabilitadas del Castillo de La Adrada - Destino Castilla y Le\u00f3n\" width=\"640\" height=\"360\" class=\"size-full wp-image-34500\" srcset=\"https:\/\/destinocastillayleon.es\/index\/wp-content\/uploads\/2017\/06\/ce8c2d9e05e0d3db474d3bfad5e0bede.jpg 640w, https:\/\/destinocastillayleon.es\/index\/wp-content\/uploads\/2017\/06\/ce8c2d9e05e0d3db474d3bfad5e0bede-300x169.jpg 300w\" sizes=\"(max-width: 640px) 100vw, 640px\" \/> Estancias rehabilitadas del Castillo de La Adrada - Destino Castilla y Le\u00f3n[\/caption]\n\nOtra sala rehabilitada <strong>es una sala de exposiciones temporales<\/strong>, donde diversos artistas (especialmente locales) realizan diversas muestras de arte, como la que pudimos ver que estar\u00e1 durante el verano del 2021.\n\n[caption id=\"attachment_34501\" align=\"aligncenter\" width=\"640\"]<img decoding=\"async\" src=\"https:\/\/destinocastillayleon.es\/index\/wp-content\/uploads\/2017\/06\/85e1e3473b819cba9dc77e79b9d87ec6.jpg\" alt=\"Exposici\u00f3n temporal de arte en el Castillo de La Adrada - Destino Castilla y Le\u00f3n\" width=\"640\" height=\"360\" class=\"size-full wp-image-34501\" srcset=\"https:\/\/destinocastillayleon.es\/index\/wp-content\/uploads\/2017\/06\/85e1e3473b819cba9dc77e79b9d87ec6.jpg 640w, https:\/\/destinocastillayleon.es\/index\/wp-content\/uploads\/2017\/06\/85e1e3473b819cba9dc77e79b9d87ec6-300x169.jpg 300w\" sizes=\"(max-width: 640px) 100vw, 640px\" \/> Exposici\u00f3n temporal de arte en el Castillo de La Adrada - Destino Castilla y Le\u00f3n[\/caption]\n\nSubiendo por el patio,<strong> el recorrido permite subir a la muralla de la fortaleza por una de las torres<\/strong>. All\u00ed, <strong>no te asustes, aunque no vamos a hacerte un <em>spoiler<\/em><\/strong>. Subiendo m\u00e1s por el interior de la torre se llega a la muralla. <strong>Vamos a recorrerla disfrutando de unas vistas preciosas<\/strong>. Incluso pasaremos por la torre del homenaje, sobre el antiguo \u00e1bside.\n\n\n\n<h4><strong>Centro de interpretaci\u00f3n de las fortalezas del Valle del Ti\u00e9tar<\/strong><\/h4>\n\n\nEn el piso de superior del patio renacentista, <strong>encontrar\u00e1s un centro de interpretaci\u00f3n del Valle del Ti\u00e9tar<\/strong>, que como te hemos dicho fue l\u00ednea fronteriza durante la reconquista y estuvo jalonado por fortalezas de forma que forman una l\u00ednea de castillos.\n\n[caption id=\"attachment_34512\" align=\"aligncenter\" width=\"640\"]<img decoding=\"async\" src=\"https:\/\/destinocastillayleon.es\/index\/wp-content\/uploads\/2021\/07\/f11e64a97e23100063c720c95173801a.jpg\" alt=\"Centro de Interpretaci\u00f3n del Valle del Ti\u00e9tar - Destino Castilla y Le\u00f3n\" width=\"640\" height=\"422\" class=\"size-full wp-image-34512\" srcset=\"https:\/\/destinocastillayleon.es\/index\/wp-content\/uploads\/2021\/07\/f11e64a97e23100063c720c95173801a.jpg 640w, https:\/\/destinocastillayleon.es\/index\/wp-content\/uploads\/2021\/07\/f11e64a97e23100063c720c95173801a-300x198.jpg 300w\" sizes=\"(max-width: 640px) 100vw, 640px\" \/> Centro de Interpretaci\u00f3n del Valle del Ti\u00e9tar - Destino Castilla y Le\u00f3n[\/caption]\n\nEn este Centro de Interpretaci\u00f3n <strong>puedes conocer la importancia estrat\u00e9gica de la zona<\/strong> y c\u00f3mo fue su evoluci\u00f3n hasta llegar a nuestros d\u00edas.\n\n\n\n<h4><strong>Video sobre el castillo<\/strong><\/h4>\n\n\nVamos a compartir <strong>este video que cuenta de una forma muy interesante y amena la historia y la evoluci\u00f3n de este castillo de La Adrada<\/strong>. Es muy ilustrativo y ayuda a comprender c\u00f3mo ha llegado a nuestros d\u00edas.\n\n<center><iframe width=\"560\" height=\"315\" src=\"https:\/\/www.youtube.com\/embed\/9RZzhuue8kE\" title=\"YouTube video player\" frameborder=\"0\" allow=\"accelerometer; autoplay; clipboard-write; encrypted-media; gyroscope; picture-in-picture\" allowfullscreen><\/iframe><\/center>\n\nEste v\u00eddeo <strong>lo puedes tambi\u00e9n visionar en el propio Castillo<\/strong> de La Adrada.\n\nTras la visita al Castillo, <strong>aconsejamos bajar el coche; pero pod\u00e9is dejarlo ah\u00ed y bajar por la calle de las Escaleras<\/strong>, que se llama as\u00ed, (bastante original), y que llega a la plaza mayor de La Adrada.<a name=\"Calles\"><\/a>\n\n\n\n<h3><strong>Arquitectura civil y popular<\/strong><\/h3>\n\n\nComo en muchos pueblos, <strong>lo mejor es perderse un poco por las calles de La Adrada <\/strong>y callejeando, disfrutar de un pueblo tranquilo, descubriendo rincones llenos de encanto,.. y si tienes la oportunidad, conociendo a sus gentes.\n\n\n\n<h4><strong>Calle de las Escaleras<\/strong><\/h4>\n\n\nEsta calle <strong>es el camino de subida, o bajada del castillo de La Adrada<\/strong>. Est\u00e1 compuesta de escaleras que permiten ir del Castillo a la Plaza Mayor.\n\n[caption id=\"attachment_34496\" align=\"aligncenter\" width=\"640\"]<img decoding=\"async\" src=\"https:\/\/destinocastillayleon.es\/index\/wp-content\/uploads\/2017\/06\/e4f9033779fae4eb029fba78f2dd5fa7.jpg\" alt=\"Calle de las Escaleras de La Adrada - Destino Castilla y Le\u00f3n\" width=\"640\" height=\"427\" class=\"size-full wp-image-34496\" srcset=\"https:\/\/destinocastillayleon.es\/index\/wp-content\/uploads\/2017\/06\/e4f9033779fae4eb029fba78f2dd5fa7.jpg 640w, https:\/\/destinocastillayleon.es\/index\/wp-content\/uploads\/2017\/06\/e4f9033779fae4eb029fba78f2dd5fa7-300x200.jpg 300w, https:\/\/destinocastillayleon.es\/index\/wp-content\/uploads\/2017\/06\/e4f9033779fae4eb029fba78f2dd5fa7-600x400.jpg 600w\" sizes=\"(max-width: 640px) 100vw, 640px\" \/> Calle de las Escaleras de La Adrada - Destino Castilla y Le\u00f3n[\/caption]\n\nA lo largo de esta calle, <strong>encontrar\u00e1s diversas construcciones tradicionales de piedra descubierta<\/strong>, enfoscado, teja y ventanas de madera. Por lo que nos dijeron, la parte de alta es conocida como \u201cEl Torrej\u00f3n\u201d, siendo un barrio tradicional de La Adrada.\n\n\n\n<h4><strong>La Plaza de la Villa<\/strong><\/h4>\n\n\nLa calle de las Escaleras, termina (cuando bajas), <strong>en la Plaza de la Villa<\/strong>. En cierto modo es el coraz\u00f3n de La Adrada, <strong>siendo semipeatonal y con terrazas de los bares locales<\/strong>. Es la t\u00edpica plaza castellana, aunque adaptada al terreno de la Adrada. Por lo que nos contaron, esta plaza fue el lugar p\u00fablico m\u00e1s importante, y a ella llegan las principales calles. La Calle Larga y la Calle de Feria.\n\n[caption id=\"attachment_34508\" align=\"aligncenter\" width=\"640\"]<img decoding=\"async\" src=\"https:\/\/destinocastillayleon.es\/index\/wp-content\/uploads\/2017\/06\/00fb1777b9ebfa9593a5c90dfa2faa8c.jpg\" alt=\"Plaza de la Villa y Ayuntamiento de La Adrada - Destino Castilla y Le\u00f3n\" width=\"640\" height=\"444\" class=\"size-full wp-image-34508\" srcset=\"https:\/\/destinocastillayleon.es\/index\/wp-content\/uploads\/2017\/06\/00fb1777b9ebfa9593a5c90dfa2faa8c.jpg 640w, https:\/\/destinocastillayleon.es\/index\/wp-content\/uploads\/2017\/06\/00fb1777b9ebfa9593a5c90dfa2faa8c-300x208.jpg 300w\" sizes=\"(max-width: 640px) 100vw, 640px\" \/> Plaza de la Villa y Ayuntamiento de La Adrada - Destino Castilla y Le\u00f3n[\/caption]\n\n<strong>El edificio m\u00e1s destacado es el Ayuntamiento<\/strong>, bastante sencillo para ser del siglo XVIII, donde la torre de reloj destaca sobre todas las dem\u00e1s construcciones. En frente, <strong>otra de las construcciones destacables, la Casa de los Frailes<\/strong>.\n\nUna casa que <strong>perteneci\u00f3 a los Jer\u00f3nimos del Escorial<\/strong>, que en La Adrada ten\u00edan una f\u00e1brica de papel, aunque con el paso de los a\u00f1os, este edificio ha tenido usos muy diversos. Lo que destacan los locales es el \u00e1rbol centenario. Una \"melia\", que se plant\u00f3 cuando fue una escuela.\n\n\n\n\n<h4><strong>La Calle Larga<\/strong><\/h4>\n\n\nFue <strong>la calle principal de acceso al casco urbano tradicional de La Adrada<\/strong>, aunque actualmente ha perdido bastante importancia. En su parte inicial (junto a la plaza de la villa), <strong>est\u00e1n las construcciones se\u00f1oriales de mayor importancia<\/strong>, usando la piedra natural a la vista.\n\n[caption id=\"attachment_34503\" align=\"aligncenter\" width=\"640\"]<img decoding=\"async\" src=\"https:\/\/destinocastillayleon.es\/index\/wp-content\/uploads\/2017\/06\/1a72b1d8553566acd63da5aacdb97bf3.jpg\" alt=\"Inicio de la Calle Larga de La Adrada - Destino Castilla y Le\u00f3n\" width=\"640\" height=\"360\" class=\"size-full wp-image-34503\" srcset=\"https:\/\/destinocastillayleon.es\/index\/wp-content\/uploads\/2017\/06\/1a72b1d8553566acd63da5aacdb97bf3.jpg 640w, https:\/\/destinocastillayleon.es\/index\/wp-content\/uploads\/2017\/06\/1a72b1d8553566acd63da5aacdb97bf3-300x169.jpg 300w\" sizes=\"(max-width: 640px) 100vw, 640px\" \/> Inicio de la Calle Larga de La Adrada - Destino Castilla y Le\u00f3n[\/caption]\n\n\n\n<h4><strong>La Calle de Feria<\/strong><\/h4>\n\n\nM\u00e1s discreta y corta que la anterior, <strong>posee una arquitectura popular mejor conservada. Es una zona peatonal<\/strong>. Entre las casas m\u00e1s destacables, <strong>est\u00e1 la conocida como \"<em>la casa del T\u00edo Tal\u00eds<\/em>\"<\/strong>; un edificio de planta irregular, con unas fachadas de piedra, teja y cer\u00e1mica.\n\n[caption id=\"attachment_34522\" align=\"aligncenter\" width=\"640\"]<img decoding=\"async\" src=\"https:\/\/destinocastillayleon.es\/index\/wp-content\/uploads\/2021\/07\/a6e225c3f68efc9af2b54adebb4dcbfe.jpg\" alt=\"Calle de Feria de La Adrada - Destino Castilla y Le\u00f3n\" width=\"640\" height=\"427\" class=\"size-full wp-image-34522\" srcset=\"https:\/\/destinocastillayleon.es\/index\/wp-content\/uploads\/2021\/07\/a6e225c3f68efc9af2b54adebb4dcbfe.jpg 640w, https:\/\/destinocastillayleon.es\/index\/wp-content\/uploads\/2021\/07\/a6e225c3f68efc9af2b54adebb4dcbfe-300x200.jpg 300w, https:\/\/destinocastillayleon.es\/index\/wp-content\/uploads\/2021\/07\/a6e225c3f68efc9af2b54adebb4dcbfe-600x400.jpg 600w\" sizes=\"(max-width: 640px) 100vw, 640px\" \/> Calle de Feria de La Adrada - Destino Castilla y Le\u00f3n[\/caption]\n\nEsta casa <strong>posee dos alturas m\u00e1s sobrado bajo el tejado<\/strong>. En La Adrada te dir\u00e1n que <strong>una de las fotos m\u00e1s t\u00edpicas es con esta casa y la Sierra de Gredos al fondo<\/strong>.\n\n\n\n<h4><strong>Sala de cine La Melod\u00eda<\/strong><\/h4>\n\n\nNo es igual algo muy impresionante, <strong>salvo que seas un aut\u00e9ntico cin\u00e9filo, pero en La Adrada se encuentra este curioso cine<\/strong>. Se trata del Cine de verano (al aire libre) m\u00e1s antiguo de Espa\u00f1a en funcionamiento.\n\n[caption id=\"attachment_34497\" align=\"aligncenter\" width=\"640\"]<img decoding=\"async\" src=\"https:\/\/destinocastillayleon.es\/index\/wp-content\/uploads\/2017\/06\/0ad7dc205fab503475bdec0c37cbd123.jpg\" alt=\"Cine La Melod\u00eda de La Adrada - Destino Castilla y Le\u00f3n\" width=\"640\" height=\"360\" class=\"size-full wp-image-34497\" srcset=\"https:\/\/destinocastillayleon.es\/index\/wp-content\/uploads\/2017\/06\/0ad7dc205fab503475bdec0c37cbd123.jpg 640w, https:\/\/destinocastillayleon.es\/index\/wp-content\/uploads\/2017\/06\/0ad7dc205fab503475bdec0c37cbd123-300x169.jpg 300w\" sizes=\"(max-width: 640px) 100vw, 640px\" \/> Cine La Melod\u00eda de La Adrada - Destino Castilla y Le\u00f3n[\/caption]<a name=\"Iglesias\"><\/a>\n\n\n\n<h3><strong>Iglesias<\/strong><\/h3>\n\n\nAunque ya os hemos comentado que La Adrada <strong>cont\u00f3 con su parroquia en lo alto del cerro antes de ser la base del castillo<\/strong>. Al realizarse esta transformaci\u00f3n, hubo que edificar una iglesia para la poblaci\u00f3n, esta vez en la zona baja.\n\n\n\n<h4><strong>La Iglesia de El Salvador<\/strong><\/h4>\n\n\nSe trata de <strong>la Iglesia principal de La Adrada actualmente. Es una construcci\u00f3n del siglo XVI<\/strong>; donde, aunque a<strong>\u00fan quedan trazas de un g\u00f3tico isabelino residual, es claramente un estilo que cabalga al clasicismo herreriano<\/strong>. De hecho, la direcci\u00f3n de la obra fue hecha por Pedro de Tolosa, aparejador del Escorial.\n\n[caption id=\"attachment_34515\" align=\"aligncenter\" width=\"640\"]<img decoding=\"async\" src=\"https:\/\/destinocastillayleon.es\/index\/wp-content\/uploads\/2021\/07\/6e91f1c69870ce86a05172195ee0707e.jpg\" alt=\"Entrada a la Iglesia del Salvador de La Adrada - Destino Castilla y Le\u00f3n\" width=\"640\" height=\"360\" class=\"size-full wp-image-34515\" srcset=\"https:\/\/destinocastillayleon.es\/index\/wp-content\/uploads\/2021\/07\/6e91f1c69870ce86a05172195ee0707e.jpg 640w, https:\/\/destinocastillayleon.es\/index\/wp-content\/uploads\/2021\/07\/6e91f1c69870ce86a05172195ee0707e-300x169.jpg 300w\" sizes=\"(max-width: 640px) 100vw, 640px\" \/> Entrada a la Iglesia del Salvador de La Adrada - Destino Castilla y Le\u00f3n[\/caption]\n\nSu interior es distinto, <strong>pues finalizada la obra del edificio, ya impera un estilo barroco con tendencia al churrigueresco<\/strong>, donde ya encontramos seis columnas salom\u00f3nicas, y las figuras de El Salvador, la de San Blas; y una Virgen; que, aunque igual es moderna, transmite mucha belleza. Es <strong>una iglesia bastante sobria para su estilo<\/strong>.\n\n[caption id=\"attachment_34504\" align=\"aligncenter\" width=\"640\"]<img decoding=\"async\" src=\"https:\/\/destinocastillayleon.es\/index\/wp-content\/uploads\/2017\/06\/30f5ca6aa890b51d45e973e55385e6ee.jpg\" alt=\"Interior de la Iglesia del Salvador de La Adrada - Destino Castilla y Le\u00f3n\" width=\"640\" height=\"427\" class=\"size-full wp-image-34504\" srcset=\"https:\/\/destinocastillayleon.es\/index\/wp-content\/uploads\/2017\/06\/30f5ca6aa890b51d45e973e55385e6ee.jpg 640w, https:\/\/destinocastillayleon.es\/index\/wp-content\/uploads\/2017\/06\/30f5ca6aa890b51d45e973e55385e6ee-300x200.jpg 300w, https:\/\/destinocastillayleon.es\/index\/wp-content\/uploads\/2017\/06\/30f5ca6aa890b51d45e973e55385e6ee-600x400.jpg 600w\" sizes=\"(max-width: 640px) 100vw, 640px\" \/> Interior de la Iglesia del Salvador de La Adrada - Destino Castilla y Le\u00f3n[\/caption]\n\nEsta iglesia <strong>ha quedado al otro lado de la carretera que atraviesa La Adrada<\/strong>. En su atrio y rode\u00e1ndola, hay una zona infantil con unos columpios, por lo que puede ser un buen sitio para descansar si viaj\u00e1is con ni\u00f1os peque\u00f1os.\n\n\n\n<h4><strong>Ermita de la Virgen de la Yedra<\/strong><\/h4>\n\n\nEntre las carreteras que atraviesan La Adrada,<strong> a modo de referencia hay un parque infantil muy completo, cubierto por goma y columpios muy buenos<\/strong>, nuevamente un lugar de parada casi obligatorio para un turismo familiar. Pero atravesando la carretera, se llega a una zona verde; es el Parque de la Nava. <strong>Al fondo se encuentra esta ermita<\/strong> que, aunque inicialmente estaba fuera de la localidad, hoy ya est\u00e1 integrada.\n\n[caption id=\"attachment_34498\" align=\"aligncenter\" width=\"640\"]<img decoding=\"async\" src=\"https:\/\/destinocastillayleon.es\/index\/wp-content\/uploads\/2017\/06\/90f007eaea92b0bea8396a48ff19a847.jpg\" alt=\"Ermita de Santa Mar\u00eda de la Yedra - Destino Castilla y Le\u00f3n\" width=\"640\" height=\"360\" class=\"size-full wp-image-34498\" srcset=\"https:\/\/destinocastillayleon.es\/index\/wp-content\/uploads\/2017\/06\/90f007eaea92b0bea8396a48ff19a847.jpg 640w, https:\/\/destinocastillayleon.es\/index\/wp-content\/uploads\/2017\/06\/90f007eaea92b0bea8396a48ff19a847-300x169.jpg 300w\" sizes=\"(max-width: 640px) 100vw, 640px\" \/> Ermita de Santa Mar\u00eda de la Yedra - Destino Castilla y Le\u00f3n[\/caption]\n\nEsta ermita <strong>acoge la imagen de la Virgen de la Yedra, patrona de La Adrada<\/strong>. Es una construcci\u00f3n del siglo XVI. Seg\u00fan la leyenda, la imagen original se localiz\u00f3 sobre un muro cubierto de hiedra por el siglo XII o XIII; Si bien la imagen original se llevaba en la abad\u00eda de Burgohondo, <strong>esta imagen regresaba siempre a ese muro cubierto, as\u00ed que finalmente se construy\u00f3 esta ermita en este lugar<\/strong>.\n\nEs un templo <strong>muy restaurado actualmente, y presenta una planta de ladrillo y piedra muy bonita<\/strong>. En su interior, el templo solo posee una nave. En su \u00e1bside polilobulado se encuentra la imagen.<a name=\"Jardin-Botanico\"><\/a>\n\n\n\n<h2><strong>Saliendo de La Adrada<\/strong><\/h2>\n\n\nSi bien la poblaci\u00f3n de La Adrada es interesante en s\u00ed misma, <strong>su entorno lo es si acaso m\u00e1s<\/strong>. Y aunque como patrimonio natural hay mucho, en especial destacan estos puntos que <strong>os vamos a contar, el Jard\u00edn Bot\u00e1nico, la Queser\u00eda del Ti\u00e9tar y las rutas de senderismo<\/strong>.\n\n\n\n<h3><strong>Jard\u00edn Bot\u00e1nico Valle del Ti\u00e9tar<\/strong><\/h3>\n\n\nPerteneciente a un particular, <strong>est\u00e1 abierto a todo aquel que quiera disfrutar de la naturaleza<\/strong>, en una finca de algo m\u00e1s de 10 Ha. con especies venidas de todas las partes del mundo. Incontables especies se dan cita en esta hermosa extensi\u00f3n.\n\n[caption id=\"attachment_34506\" align=\"aligncenter\" width=\"640\"]<img decoding=\"async\" src=\"https:\/\/destinocastillayleon.es\/index\/wp-content\/uploads\/2017\/06\/7b771dfb7d408b4144dc05f1ad8e3977.jpg\" alt=\"Jard\u00edn bot\u00e1nico del Ti\u00e9tar - Destino Castilla y Le\u00f3n\" width=\"640\" height=\"360\" class=\"size-full wp-image-34506\" srcset=\"https:\/\/destinocastillayleon.es\/index\/wp-content\/uploads\/2017\/06\/7b771dfb7d408b4144dc05f1ad8e3977.jpg 640w, https:\/\/destinocastillayleon.es\/index\/wp-content\/uploads\/2017\/06\/7b771dfb7d408b4144dc05f1ad8e3977-300x169.jpg 300w\" sizes=\"(max-width: 640px) 100vw, 640px\" \/> Jard\u00edn bot\u00e1nico del Ti\u00e9tar - Destino Castilla y Le\u00f3n[\/caption]\n\nIncluso para los menos conocedores de la bot\u00e1nica, <strong>su propietario, un verdadero apasionado, os puede mostrar todas las especies presentes<\/strong>. Y es que la singular climatolog\u00eda <strong>ha hecho de este rinc\u00f3n de Castilla y Le\u00f3n, uno de los mejores lugares para este tipo de jardines bot\u00e1nicos<\/strong>.\n\n[caption id=\"attachment_34499\" align=\"aligncenter\" width=\"640\"]<img decoding=\"async\" src=\"https:\/\/destinocastillayleon.es\/index\/wp-content\/uploads\/2017\/06\/58f4971c4c068321f034832b45b06f5f.jpg\" alt=\"Especies arboleas casi \u00fanicas en Espa\u00f1a - Destino Castilla y Le\u00f3n\" width=\"640\" height=\"360\" class=\"size-full wp-image-34499\" srcset=\"https:\/\/destinocastillayleon.es\/index\/wp-content\/uploads\/2017\/06\/58f4971c4c068321f034832b45b06f5f.jpg 640w, https:\/\/destinocastillayleon.es\/index\/wp-content\/uploads\/2017\/06\/58f4971c4c068321f034832b45b06f5f-300x169.jpg 300w\" sizes=\"(max-width: 640px) 100vw, 640px\" \/> Especies arboleas casi \u00fanicas en Espa\u00f1a - Destino Castilla y Le\u00f3n[\/caption]\n\n\n\n<blockquote>O como defiende Axel Mahlau, cualquier planta puede sobrevivir si le buscas el espacio adecuado<\/blockquote>\n\n\n\nY es que como nos coment\u00f3, <strong>hay veces que se tarda mucho m\u00e1s en pensar d\u00f3nde debe ir una planta, que ten proceso de trasplantarlas<\/strong>. Y es que tienen algunos espec\u00edmenes muy raros y curiosos; o valiosos si lo que te gusta es la bot\u00e1nica, pues mantiene relaci\u00f3n con los principales jardines bot\u00e1nicos del mundo. <strong>As\u00ed, al menos hay unas 350 variedades distintas de \u00e1rboles, casi 500 de arbustos y 500.0000 flores<\/strong>.\n\n[caption id=\"attachment_34502\" align=\"aligncenter\" width=\"640\"]<img decoding=\"async\" src=\"https:\/\/destinocastillayleon.es\/index\/wp-content\/uploads\/2017\/06\/c06e70f0ef25862e0b3438d924c95900.jpg\" alt=\"Flores del Jard\u00edn Bot\u00e1nico de Ti\u00e9tar - Destino Castilla y Le\u00f3n\" width=\"640\" height=\"480\" class=\"size-full wp-image-34502\" srcset=\"https:\/\/destinocastillayleon.es\/index\/wp-content\/uploads\/2017\/06\/c06e70f0ef25862e0b3438d924c95900.jpg 640w, https:\/\/destinocastillayleon.es\/index\/wp-content\/uploads\/2017\/06\/c06e70f0ef25862e0b3438d924c95900-300x225.jpg 300w\" sizes=\"(max-width: 640px) 100vw, 640px\" \/> Flores del Jard\u00edn Bot\u00e1nico de Ti\u00e9tar - Destino Castilla y Le\u00f3n[\/caption]\n\n\n\n<h4><strong>Acceso y visitas<\/strong><\/h4>\n\n\nAunque avisado, igual es complejo <strong>no saltarse la salida de la carretera CL-501<\/strong>, en una salida a un camino, en el km 21,600. Se encuentra <strong>nada m\u00e1s pasar la queser\u00eda del Ti\u00e9tar<\/strong>.\n\nAunque puede ser visitado sin problemas, <strong>es aconsejable realizar una reserva previa, llamando al telf.: +34 918 671 333 \/ +34 659 734 775<\/strong>.<a name=\"Queseria\"><\/a>\n\n\n\n<h3><strong>Queser\u00edas del Ti\u00e9tar<\/strong><\/h3>\n\n\nLa verdad es que <strong>nos encantar\u00eda poder hablaros m\u00e1s en profundidad de estas queser\u00edas<\/strong>, famosos en el mundo entero, siendo sus quesos puestos a la venta en lugares tan \"ex\u00f3ticos\" como Nueva York o Londres, entre los productos gourmet m\u00e1s caros... pero como tambi\u00e9n hay venta <em>insit\u00fa<\/em>, <strong>la cola que vimos era enorme y todo el personal estaba s\u00faper ocupado atendiendo a los clientes<\/strong>. que no pudimos ver nada m\u00e1s que el parking y la tienda.\n\n[caption id=\"attachment_34509\" align=\"aligncenter\" width=\"640\"]<img decoding=\"async\" src=\"https:\/\/destinocastillayleon.es\/index\/wp-content\/uploads\/2017\/06\/a617fd2ca8fc92fc09fb526f5b0a3a4d.jpg\" alt=\"Queser\u00edas del Ti\u00e9tar - Destino Castilla y Le\u00f3n\" width=\"640\" height=\"360\" class=\"size-full wp-image-34509\" srcset=\"https:\/\/destinocastillayleon.es\/index\/wp-content\/uploads\/2017\/06\/a617fd2ca8fc92fc09fb526f5b0a3a4d.jpg 640w, https:\/\/destinocastillayleon.es\/index\/wp-content\/uploads\/2017\/06\/a617fd2ca8fc92fc09fb526f5b0a3a4d-300x169.jpg 300w\" sizes=\"(max-width: 640px) 100vw, 640px\" \/> Queser\u00edas del Ti\u00e9tar - Destino Castilla y Le\u00f3n[\/caption]\n\nSimplemente, <strong>os diremos que es uno de los quesos de cabra m\u00e1s prestigiosos del mundo<\/strong>, con una producci\u00f3n no los suficientemente grande como para cubrir la demanda internacional. Y est\u00e1 en Gredos.<a name=\"Senderismo\"><\/a>\n\n\n\n<h3><strong>Espacios naturales<\/strong><\/h3>\n\n\n<strong>El valle del Ti\u00e9tar es un para\u00edso natural<\/strong>, y esto se nota en todo su esplendor verde, con limoneros, naranjos,.. y un sin fin de especies que <strong>casi te hacen olvidar que estas en el centro de la pen\u00ednsula ib\u00e9rica<\/strong>, junto al Sistema Central.\n\nAunque hay algo que llama la atenci\u00f3n <strong>son los puentes sobre los r\u00edo y arroyos de la zona<\/strong>, pues esta parte est\u00e1 llena de puentes y caminos.\n\n[caption id=\"attachment_34517\" align=\"aligncenter\" width=\"640\"]<img decoding=\"async\" src=\"https:\/\/destinocastillayleon.es\/index\/wp-content\/uploads\/2021\/07\/5e9f425111ce2626578e7aa3ee437ef1.jpg\" alt=\"Espacios naturales del Valle del Ti\u00e9tar - Destino Castilla y Le\u00f3n\" width=\"640\" height=\"480\" class=\"size-full wp-image-34517\" srcset=\"https:\/\/destinocastillayleon.es\/index\/wp-content\/uploads\/2021\/07\/5e9f425111ce2626578e7aa3ee437ef1.jpg 640w, https:\/\/destinocastillayleon.es\/index\/wp-content\/uploads\/2021\/07\/5e9f425111ce2626578e7aa3ee437ef1-300x225.jpg 300w\" sizes=\"(max-width: 640px) 100vw, 640px\" \/> Espacios naturales del Valle del Ti\u00e9tar - Destino Castilla y Le\u00f3n[\/caption]\n\nNosotros <strong>no los pudimos ver todos, aunque existe una ruta conocida como \"la Ruta de los Puentes\",.. la describen bastante bien en la web <a href=\"https:\/\/www.rutinasvarias.com\/\" rel=\"noopener noFollow noreferrer\" target=\"_blank\">Rutinas Varias<\/a><\/strong>, as\u00ed que casi mejor os remitimos a ellos, mientras que nosotros tan solo os vamos a se\u00f1alar los puentes que conocimos, con fotos del propio ayuntamiento de La Adrada.\n\n\n\n<h4><strong>Puentes que atraviesan el r\u00edo Ti\u00e9tar<\/strong><\/h4>\n\n\nSon muchos los puentes que atraviesan los r\u00edos y arroyos en La Adrada, algunos dignos de menci\u00f3n por su antig\u00fcedad o por su belleza. Entre estos, destacan cuatro especialmente: <strong>el Mocha, el Mosquea, el Nuevo y el Chico<\/strong>.\n\n\n\n<ul><strong>El Puente Mocha<\/strong> es de origen romano, ya que <strong>formaba parte de la v\u00eda romana que comunicaba Talavera de la Reina con otros pueblos de Toledo<\/strong>. Se cree que fue reacondicionado durante los reinados del Carlos V y Felipe II para facilitar la comunicaci\u00f3n entre Yuste y El Escorial.\n\n<strong>El Puente Mosquea<\/strong> <strong>sobre el r\u00edo Ti\u00e9tar es el mayor, ya que era de gran importancia para la trashumancia<\/strong> entre las zonas de la submeseta norte con la submeseta sur.\n\n<strong>El Puente Nuevo<\/strong> es <strong>el que menor historia atesore, aunque posee esa belleza de la sencillez<\/strong>, adem\u00e1s de estar en un lugar privilegiado en el camino viejo de Piedralaves.\n\n<strong>El Puente Chico<\/strong>, <strong>salta el arroyo de la Cerc\u00e1. Se desconoce la dataci\u00f3n original<\/strong>. Se localiza en el Camino de Fresnedilla, a continuaci\u00f3n del Puente Mosquea.<\/ul>\n\n\n\n[caption id=\"attachment_34529\" align=\"aligncenter\" width=\"640\"]<img decoding=\"async\" src=\"https:\/\/destinocastillayleon.es\/index\/wp-content\/uploads\/2021\/07\/bc4286d65e402d5c74876e0edd4b955e.jpg\" alt=\"Puentes de La Adrada - Im\u00e1genes del Ayuntamiento de La Adrada\" width=\"640\" height=\"426\" class=\"size-full wp-image-34529\" srcset=\"https:\/\/destinocastillayleon.es\/index\/wp-content\/uploads\/2021\/07\/bc4286d65e402d5c74876e0edd4b955e.jpg 640w, https:\/\/destinocastillayleon.es\/index\/wp-content\/uploads\/2021\/07\/bc4286d65e402d5c74876e0edd4b955e-300x200.jpg 300w, https:\/\/destinocastillayleon.es\/index\/wp-content\/uploads\/2021\/07\/bc4286d65e402d5c74876e0edd4b955e-600x400.jpg 600w\" sizes=\"(max-width: 640px) 100vw, 640px\" \/> Puentes de La Adrada - Im\u00e1genes del Ayuntamiento de La Adrada[\/caption]\n\nEstos puentes pueden ser conocidos en varias rutas de senderismo; <strong>Como nosotros no llegamos a realizarlas, os recomendamos visitar <a href=\"https:\/\/es.wikiloc.com\/rutas-senderismo\/puentes-de-la-adrada-8931845\" rel=\"noopener noreferrer\" target=\"_blank\">la ruta de wikiloc<\/a><\/strong>.\n\nOtra opci\u00f3n interesante es, <strong>la visita a alguna de las piscinas naturales de la zona<\/strong>, aunque reconocemos que a eso <strong>no nos dio tiempo en nuestro viaje<\/strong> y tan solo podemos indicar nada m\u00e1s que su existencia. <a name=\"Llegar\"><\/a>\n\n\n\n<h2><strong>Informaci\u00f3n general de La Adrada<\/strong><\/h2>\n\n\n\n\n<h3><strong>\u00bfC\u00f3mo llegar?<\/strong><\/h3>\n\n\n<strong>La poblaci\u00f3n de <a href=\"https:\/\/goo.gl\/maps\/LRDuQCqtYW4Vf8YWA\" rel=\"noopener nofollow noreferrer\" target=\"_blank\">La Adrada<\/a> se localiza en la carretera CL501<\/strong>, que es la continuaci\u00f3n de la Carretera de los Pantanos M501 de Madrid, en su parte de Castilla y Le\u00f3n. Desde Madrid, la mitad del camino es una autov\u00eda, aunque pasado Las Navas del Rey se vuelve una carretera lenta.\n\n[caption id=\"attachment_34518\" align=\"aligncenter\" width=\"580\"]<img decoding=\"async\" src=\"https:\/\/destinocastillayleon.es\/index\/wp-content\/uploads\/2021\/07\/8977fde1ad793250fb5ecc3f1d6087de.jpg\" alt=\"Entrada a La Adrada - Destino Castilla y Le\u00f3n\" width=\"580\" height=\"326\" class=\"size-full wp-image-34518\" srcset=\"https:\/\/destinocastillayleon.es\/index\/wp-content\/uploads\/2021\/07\/8977fde1ad793250fb5ecc3f1d6087de.jpg 580w, https:\/\/destinocastillayleon.es\/index\/wp-content\/uploads\/2021\/07\/8977fde1ad793250fb5ecc3f1d6087de-300x169.jpg 300w\" sizes=\"(max-width: 580px) 100vw, 580px\" \/> Entrada a La Adrada - Destino Castilla y Le\u00f3n[\/caption]<a name=\"Comer\"><\/a>\n\n\n\n<h3><strong>\u00bfD\u00f3nde comer?<\/strong><\/h3>\n\n\nEn nuestra escapada por <strong>La Adrada comimos en el bar restaurante La Avenida<\/strong>. Un men\u00fa a la carta, con chulet\u00f3n, si bien, no creemos que fuera de ternera abulense, algo que no nos gusta; <strong>Porque si vendes Chulet\u00f3n de \u00c1vila, no es solo que se cocine en \u00c1vila<\/strong>. Pero, aun as\u00ed, muy bueno, tanto de tama\u00f1o, como de calidad y de ejecuci\u00f3n. Y ya ni hablar de los vinos de \u00c1vila, la DOP. Vinos de Cebreros.\n\n[caption id=\"attachment_34524\" align=\"aligncenter\" width=\"580\"]<img decoding=\"async\" src=\"https:\/\/destinocastillayleon.es\/index\/wp-content\/uploads\/2021\/07\/ca1f9800112851a5a4e38c47e993afc8.jpg\" alt=\"Platos de dos men\u00fas en el Bar-Restaurante la Avenida de La Adrada - Destino Castilla y Le\u00f3n\" width=\"580\" height=\"436\" class=\"size-full wp-image-34524\" srcset=\"https:\/\/destinocastillayleon.es\/index\/wp-content\/uploads\/2021\/07\/ca1f9800112851a5a4e38c47e993afc8.jpg 580w, https:\/\/destinocastillayleon.es\/index\/wp-content\/uploads\/2021\/07\/ca1f9800112851a5a4e38c47e993afc8-300x226.jpg 300w\" sizes=\"(max-width: 580px) 100vw, 580px\" \/> Platos de dos men\u00fas en el Bar-Restaurante la Avenida de La Adrada - Destino Castilla y Le\u00f3n[\/caption]\n\nTambi\u00e9n <strong>nos recomend\u00f3 gente local varios lugares interesantes para comer<\/strong>, y que os trasladamos. Nos hablaron bien de <strong>La Terraza del Ti\u00e9tar<\/strong> y el <strong>Bar Cabezuelo<\/strong>; y especialmente indicado para familias, <strong>el Restaurante Summer's Burger<\/strong>. No os podemos dar una valoraci\u00f3n de estos, pues no entramos a conocerlos.\n\n\n\n<h4><strong>Gastronom\u00eda del Ti\u00e9tar<\/strong><\/h4>\n\n\nY es que, <strong>aunque estamos en Castilla y Le\u00f3n, el Valle del Ti\u00e9tar goza de una climatolog\u00eda diferente a lo que esperas, por lo que la gastronom\u00eda es igualmente \u00fanica<\/strong>. As\u00ed, si quer\u00e9is probar algo distinto, podr\u00e9is probar all\u00ed <strong>el salmorejo adradense<\/strong>, que es sabroso y potente guiso tradicional hecho a partir de la matanza con derivados del cerdo. <strong>Pero no te olvides de las patatas revolconas<\/strong>.\n\n[caption id=\"attachment_34526\" align=\"aligncenter\" width=\"580\"]<img decoding=\"async\" src=\"https:\/\/destinocastillayleon.es\/index\/wp-content\/uploads\/2021\/07\/cefa937f730849ffe5e67fc1c769c5c8.jpg\" alt=\"Patatas revolconas de \u00c1vila - Destino Castilla y Le\u00f3n\" width=\"580\" class=\"size-full wp-image-34526\" srcset=\"https:\/\/destinocastillayleon.es\/index\/wp-content\/uploads\/2021\/07\/cefa937f730849ffe5e67fc1c769c5c8.jpg 639w, https:\/\/destinocastillayleon.es\/index\/wp-content\/uploads\/2021\/07\/cefa937f730849ffe5e67fc1c769c5c8-300x200.jpg 300w, https:\/\/destinocastillayleon.es\/index\/wp-content\/uploads\/2021\/07\/cefa937f730849ffe5e67fc1c769c5c8-600x400.jpg 600w\" sizes=\"(max-width: 639px) 100vw, 639px\" \/> Patatas revolconas de \u00c1vila - Destino Castilla y Le\u00f3n[\/caption]\n\nTambi\u00e9n los quesos de La Adrada, ya os hemos mencionado a la Queser\u00eda del Ti\u00e9tar. Destaca el queso Monte Enebro.<strong> Y ya puestos, las morcillas o los Bollos de San Blas<\/strong>.<a name=\"Dormir\"><\/a>\n\n\n\n<h3><strong>\u00bfD\u00f3nde alojarse?<\/strong><\/h3>\n\n\nNuestro viaje por La Adrada <strong>fue una escapada de un d\u00eda. Realmente para visitar este pueblo, es suficiente<\/strong>; pero es igualmente verdad que, <strong>en cuanto quieres conocer m\u00e1s de este Valle del Ti\u00e9tar, se precisan varias jornadas<\/strong>, pues el entorno lo vale.\n\n[caption id=\"attachment_34519\" align=\"aligncenter\" width=\"580\"]<img decoding=\"async\" src=\"https:\/\/destinocastillayleon.es\/index\/wp-content\/uploads\/2021\/07\/ba59717c19805fd14767620edec9321f.jpg\" alt=\"Posada Villa Maria de La Adrada - Destino Castilla y Le\u00f3n\" width=\"580\" height=\"326\" class=\"size-full wp-image-34519\" srcset=\"https:\/\/destinocastillayleon.es\/index\/wp-content\/uploads\/2021\/07\/ba59717c19805fd14767620edec9321f.jpg 580w, https:\/\/destinocastillayleon.es\/index\/wp-content\/uploads\/2021\/07\/ba59717c19805fd14767620edec9321f-300x169.jpg 300w\" sizes=\"(max-width: 580px) 100vw, 580px\" \/> <a href=\"https:\/\/www.booking.com\/hotel\/es\/posada-villa-maria.es.html?aid=1366108;sid=920c339a3ab2e1960f8c77c21ce0de61;atlas_src=sr_iw_btn;dest_id=-386401;dest_type=city;dist=0;group_adults=2;group_children=0;no_rooms=1;room1=A%2CA;sb_price_type=total;type=total;ucfs=1&\" rel=\"noopener noreferrer\" target=\"_blank\"><u>Posada Villa Maria de La Adrada<\/u><\/a> - Destino Castilla y Le\u00f3n[\/caption]\n\nViendo la oferta disponible, <strong>a nosotros, para un turismo familiar nos encaja muy bien el <a href=\"https:\/\/www.booking.com\/hotel\/es\/posada-villa-maria.es.html?aid=1366108;sid=920c339a3ab2e1960f8c77c21ce0de61;atlas_src=sr_iw_btn;dest_id=-386401;dest_type=city;dist=0;group_adults=2;group_children=0;no_rooms=1;room1=A%2CA;sb_price_type=total;type=total;ucfs=1&\" rel=\"NoFollow noopener noreferrer\" target=\"_blank\">Posada Villa Maria<\/a><\/strong>; aunque tambi\u00e9n parece interesante el <a href=\"https:\/\/www.booking.com\/hotel\/es\/casa-rural-castillo-de-la-adrada.es.html?aid=1366108;sid=920c339a3ab2e1960f8c77c21ce0de61;atlas_src=sr_iw_btn;dest_id=-386401;dest_type=city;dist=0;group_adults=2;group_children=0;no_rooms=1;room1=A%2CA;sb_price_type=total;type=total;ucfs=1&\" rel=\"NoFollow noopener noreferrer\" target=\"_blank\"><strong>Casa del Castillo<\/strong> by Naturadrada<\/a>; que es todo una vivienda. Si no os importa salir de La Adrada, hay otras opciones de inter\u00e9s en, <strong>por ejemplo, Casavieja, en <a href=\"https:\/\/www.booking.com\/hotel\/es\/la-casa-de-la-abuela-desi-casavieja.es.html?aid=1366108;sid=920c339a3ab2e1960f8c77c21ce0de61;atlas_src=sr_iw_title;dest_id=-386401;dest_type=city;dist=0;group_adults=2;group_children=0;no_rooms=1;room1=A%2CA;sb_price_type=total;type=total;ucfs=1&\" rel=\"NoFollow noopener noreferrer\" target=\"_blank\">La Casa de la Abuela Desi<\/a><\/strong>.<a name=\"Historia\"><\/a>\n\n\n\n<h3><strong>Breve rese\u00f1a hist\u00f3rica<\/strong><\/h3>\n\n\nSi bien <strong>el origen de La Adrada es un tanto incierto<\/strong>, pues no existen documentos ni yacimientos que avalen un asentamiento primigenio, <strong>se cree posible que el solar que ocupa el Castillo de La Adrada pudiera ser un castro inicial celt\u00edbero<\/strong>. Se sabe del inter\u00e9s de los romanos en la zona del Valle del Ti\u00e9tar por la presencia de puentes romanos.\n\nEs, durante el periodo andalus\u00ed, <strong>cuando se considera probable que se dieran asentamientos por todo el Valle del Ti\u00e9tar compuestas por moz\u00e1rabes y mud\u00e9jares<\/strong>. Al menos, est\u00e1 documentada esta poblaci\u00f3n estable en 1250; <strong>ya en manos cristianas, permiti\u00e9ndose un heredamiento en la aldea 1274<\/strong>. El siglo XIII es el periodo de expansi\u00f3n del Ti\u00e9tar.\n\n[caption id=\"attachment_33315\" align=\"aligncenter\" width=\"208\"]<img decoding=\"async\" src=\"https:\/\/destinocastillayleon.es\/index\/wp-content\/uploads\/2020\/08\/Juan-II-de-Castilla.jpg\" alt=\"Juan II de Castilla\" width=\"208\" height=\"243\" class=\"size-full wp-image-33315\" \/> Juan II de Castilla[\/caption]\n\nEn 1393, <strong>Ruy L\u00f3pez D\u00e1valos logra la secesi\u00f3n de la villa de \u00c1vila, convirti\u00e9ndola en el n\u00facleo de su Se\u00f1or\u00edo<\/strong>. Es importante este se\u00f1or\u00edo, pues <strong>ser\u00e1 el momento en el que la iglesia en lo alto del cerro inicia su transformaci\u00f3n en castillo<\/strong>; como una demostraci\u00f3n de fuerza, englobando a las poblaciones pr\u00f3ximas. A\u00f1os m\u00e1s tarde Juan II enajen\u00f3 este se\u00f1or\u00edo para finalmente <strong>entreg\u00e1rselo a su favorito, \u00c1lvaro de Luna<\/strong>.\n\n[caption id=\"attachment_32495\" align=\"aligncenter\" width=\"404\"]<img decoding=\"async\" src=\"https:\/\/destinocastillayleon.es\/index\/wp-content\/uploads\/2020\/03\/db3e7a204b738c9e4d1159f4630f7968.jpg\" alt=\"Beltr\u00e1n de la Cueva - I Duque de Alburquerque\" width=\"404\" height=\"404\" class=\"size-full wp-image-32495\" srcset=\"https:\/\/destinocastillayleon.es\/index\/wp-content\/uploads\/2020\/03\/db3e7a204b738c9e4d1159f4630f7968.jpg 404w, https:\/\/destinocastillayleon.es\/index\/wp-content\/uploads\/2020\/03\/db3e7a204b738c9e4d1159f4630f7968-300x300.jpg 300w, https:\/\/destinocastillayleon.es\/index\/wp-content\/uploads\/2020\/03\/db3e7a204b738c9e4d1159f4630f7968-150x150.jpg 150w, https:\/\/destinocastillayleon.es\/index\/wp-content\/uploads\/2020\/03\/db3e7a204b738c9e4d1159f4630f7968-100x100.jpg 100w, https:\/\/destinocastillayleon.es\/index\/wp-content\/uploads\/2020\/03\/db3e7a204b738c9e4d1159f4630f7968-200x200.jpg 200w\" sizes=\"(max-width: 404px) 100vw, 404px\" \/> Beltr\u00e1n de la Cueva - I Duque de Alburquerque[\/caption]\n\n\u00c1lvaro de Luna, adem\u00e1s de repoblar el territorio con gentes de Galicia y Navarra; <strong>nuevamente har\u00e1 cambios en el castillo<\/strong>. Aunque, nuevamente habr\u00e1 un cambio de manos, <strong>pasando el se\u00f1or\u00edo a Beltr\u00e1n de la Cueva, en cuya descendencia se crear\u00eda el Marquesado de La Adrada<\/strong> y ser\u00e1 el que dar\u00e1 la configuraci\u00f3n que hoy vemos a esta fortaleza.\n\n\n\n<h4>Tambi\u00e9n te puede interesar...<\/h4>\n\n\n\n\n<ul>\n\n\n<li><a href=\"https:\/\/destinocastillayleon.es\/index\/escapada-a-miranda-del-castanar\/\">Escapada a Miranda del Casta\u00f1ar<\/a>.<\/li>\n\n\n\n\n<li><a href=\"https:\/\/destinocastillayleon.es\/index\/que-ver-en-navas-del-marques\/\">Las Navas del Marqu\u00e9s, gastronom\u00eda y naturaleza para una escapada perfecta<\/a>.<\/li>\n\n\n\n\n<li><a href=\"https:\/\/destinocastillayleon.es\/index\/escapada-al-barco-de-avila\/\">Escapada al Barco de \u00c1vila \u00a1Descubre la Sierra de Gredos!<\/a><\/li>\n\n<\/ul>\n\n\n\n--><\/p>\n","protected":false},"excerpt":{"rendered":"<p>Te contamos nuestras impresiones de una escapada a La Adrada, en \u00c1vila; la puerta del precioso Valle del Ti\u00e9tar. Conoce este pueblo, te encantar\u00e1.<\/p>\n","protected":false},"author":2,"featured_media":34532,"comment_status":"open","ping_status":"closed","sticky":false,"template":"","format":"standard","meta":{"rop_custom_images_group":[],"rop_custom_messages_group":[],"rop_publish_now":"initial","rop_publish_now_accounts":{"twitter_1150954226_1150954226":""},"rop_publish_now_history":[],"rop_publish_now_status":"pending","footnotes":""},"categories":[62,4788,68,45,74],"tags":[5959,692,208,5958],"class_list":["post-34467","post","type-post","status-publish","format-standard","has-post-thumbnail","hentry","category-avila","category-avila-turismo","category-post_inicial","category-provincias","category-rutas_por_cyl","tag-la-adrada","tag-que-ver-en-avila","tag-turismo-de-interior","tag-valle-del-tietar"],"yoast_head":"<!-- This site is optimized with the Yoast SEO Premium plugin v20.4 (Yoast SEO v27.4) - https:\/\/yoast.com\/product\/yoast-seo-premium-wordpress\/ -->\n<title>Escapada a La Adrada, la puerta del Ti\u00e9tar \u2013 Destino Castilla y Le\u00f3n<\/title>\n<meta name=\"description\" content=\"Te contamos una escapada a la villa de La Adrada, en \u00c1vila; la puerta del precioso Valle del Ti\u00e9tar. Conoce este pueblo, te encantar\u00e1.\" \/>\n<meta name=\"robots\" content=\"index, follow, max-snippet:-1, max-image-preview:large, max-video-preview:-1\" \/>\n<link rel=\"canonical\" href=\"https:\/\/destinocastillayleon.es\/index\/descubriendo-el-tietar-desde-la-adrada\/\" \/>\n<meta property=\"og:locale\" content=\"es_ES\" \/>\n<meta property=\"og:type\" content=\"article\" \/>\n<meta property=\"og:title\" content=\"Escapada a La Adrada, la puerta del Ti\u00e9tar \u2013 Destino Castilla y Le\u00f3n\" \/>\n<meta property=\"og:description\" content=\"Te contamos nuestras impresiones de una escapada a La Adrada, en \u00c1vila; la puerta del precioso Valle del Ti\u00e9tar. Conoce este pueblo, te encantar\u00e1.\" \/>\n<meta property=\"og:url\" content=\"https:\/\/destinocastillayleon.es\/index\/descubriendo-el-tietar-desde-la-adrada\/\" \/>\n<meta property=\"og:site_name\" content=\"Destino Castilla y Le\u00f3n\" \/>\n<meta property=\"article:publisher\" content=\"https:\/\/www.facebook.com\/DestinoCastillaYLeon\/\" \/>\n<meta property=\"article:author\" content=\"https:\/\/www.facebook.com\/profile.php?id=1158416854\" \/>\n<meta property=\"article:published_time\" content=\"2021-07-30T09:50:00+00:00\" \/>\n<meta property=\"article:modified_time\" content=\"2021-08-05T11:09:27+00:00\" \/>\n<meta property=\"og:image\" content=\"https:\/\/destinocastillayleon.es\/index\/wp-content\/uploads\/2021\/07\/e64c4c1df0af6451f5aa233f78d1756c.jpg\" \/>\n\t<meta property=\"og:image:width\" content=\"1210\" \/>\n\t<meta property=\"og:image:height\" content=\"681\" \/>\n\t<meta property=\"og:image:type\" content=\"image\/jpeg\" \/>\n<meta name=\"author\" content=\"David V\u00e1zquez\" \/>\n<meta name=\"twitter:card\" content=\"summary_large_image\" \/>\n<meta name=\"twitter:title\" content=\"Escapada a La Adrada, la puerta del Ti\u00e9tar \u2013 Destino Castilla y Le\u00f3n\" \/>\n<meta name=\"twitter:description\" content=\"Te contamos nuestras impresiones de una escapada a La Adrada, en \u00c1vila; la puerta del precioso Valle del Ti\u00e9tar. Conoce este pueblo, te encantar\u00e1.\" \/>\n<meta name=\"twitter:image\" content=\"https:\/\/destinocastillayleon.es\/index\/wp-content\/uploads\/2021\/07\/e64c4c1df0af6451f5aa233f78d1756c.jpg\" \/>\n<meta name=\"twitter:creator\" content=\"@https:\/\/twitter.com\/ContePantaleone\u200e\" \/>\n<meta name=\"twitter:site\" content=\"@destinocyl\" \/>\n<meta name=\"twitter:label1\" content=\"Escrito por\" \/>\n\t<meta name=\"twitter:data1\" content=\"David V\u00e1zquez\" \/>\n\t<meta name=\"twitter:label2\" content=\"Tiempo de lectura\" \/>\n\t<meta name=\"twitter:data2\" content=\"22 minutos\" \/>\n<script type=\"application\/ld+json\" class=\"yoast-schema-graph\">{\"@context\":\"https:\\\/\\\/schema.org\",\"@graph\":[{\"@type\":\"Article\",\"@id\":\"https:\\\/\\\/destinocastillayleon.es\\\/index\\\/descubriendo-el-tietar-desde-la-adrada\\\/#article\",\"isPartOf\":{\"@id\":\"https:\\\/\\\/destinocastillayleon.es\\\/index\\\/descubriendo-el-tietar-desde-la-adrada\\\/\"},\"author\":{\"name\":\"David V\u00e1zquez\",\"@id\":\"https:\\\/\\\/destinocastillayleon.es\\\/index\\\/#\\\/schema\\\/person\\\/189221bc8f6cc4fa28b18ad5c289d4c2\"},\"headline\":\"Descubriendo el Ti\u00e9tar desde La Adrada\",\"datePublished\":\"2021-07-30T09:50:00+00:00\",\"dateModified\":\"2021-08-05T11:09:27+00:00\",\"mainEntityOfPage\":{\"@id\":\"https:\\\/\\\/destinocastillayleon.es\\\/index\\\/descubriendo-el-tietar-desde-la-adrada\\\/\"},\"wordCount\":4409,\"commentCount\":0,\"image\":{\"@id\":\"https:\\\/\\\/destinocastillayleon.es\\\/index\\\/descubriendo-el-tietar-desde-la-adrada\\\/#primaryimage\"},\"thumbnailUrl\":\"https:\\\/\\\/destinocastillayleon.es\\\/index\\\/wp-content\\\/uploads\\\/2021\\\/07\\\/e64c4c1df0af6451f5aa233f78d1756c.jpg\",\"keywords\":[\"La Adrada\",\"Qu\u00e9 ver en \u00c1vila\",\"turismo de interior\",\"Valle del Ti\u00e9tar\"],\"articleSection\":[\"Avila\",\"Avila turismo\",\"Post_inicial\",\"Provincias\",\"Rutas por Castilla y Le\u00f3n\"],\"inLanguage\":\"es\",\"potentialAction\":[{\"@type\":\"CommentAction\",\"name\":\"Comment\",\"target\":[\"https:\\\/\\\/destinocastillayleon.es\\\/index\\\/descubriendo-el-tietar-desde-la-adrada\\\/#respond\"]}]},{\"@type\":\"WebPage\",\"@id\":\"https:\\\/\\\/destinocastillayleon.es\\\/index\\\/descubriendo-el-tietar-desde-la-adrada\\\/\",\"url\":\"https:\\\/\\\/destinocastillayleon.es\\\/index\\\/descubriendo-el-tietar-desde-la-adrada\\\/\",\"name\":\"Escapada a La Adrada, la puerta del Ti\u00e9tar \u2013 Destino Castilla y Le\u00f3n\",\"isPartOf\":{\"@id\":\"https:\\\/\\\/destinocastillayleon.es\\\/index\\\/#website\"},\"primaryImageOfPage\":{\"@id\":\"https:\\\/\\\/destinocastillayleon.es\\\/index\\\/descubriendo-el-tietar-desde-la-adrada\\\/#primaryimage\"},\"image\":{\"@id\":\"https:\\\/\\\/destinocastillayleon.es\\\/index\\\/descubriendo-el-tietar-desde-la-adrada\\\/#primaryimage\"},\"thumbnailUrl\":\"https:\\\/\\\/destinocastillayleon.es\\\/index\\\/wp-content\\\/uploads\\\/2021\\\/07\\\/e64c4c1df0af6451f5aa233f78d1756c.jpg\",\"datePublished\":\"2021-07-30T09:50:00+00:00\",\"dateModified\":\"2021-08-05T11:09:27+00:00\",\"author\":{\"@id\":\"https:\\\/\\\/destinocastillayleon.es\\\/index\\\/#\\\/schema\\\/person\\\/189221bc8f6cc4fa28b18ad5c289d4c2\"},\"description\":\"Te contamos una escapada a la villa de La Adrada, en \u00c1vila; la puerta del precioso Valle del Ti\u00e9tar. Conoce este pueblo, te encantar\u00e1.\",\"breadcrumb\":{\"@id\":\"https:\\\/\\\/destinocastillayleon.es\\\/index\\\/descubriendo-el-tietar-desde-la-adrada\\\/#breadcrumb\"},\"inLanguage\":\"es\",\"potentialAction\":[{\"@type\":\"ReadAction\",\"target\":[\"https:\\\/\\\/destinocastillayleon.es\\\/index\\\/descubriendo-el-tietar-desde-la-adrada\\\/\"]}]},{\"@type\":\"ImageObject\",\"inLanguage\":\"es\",\"@id\":\"https:\\\/\\\/destinocastillayleon.es\\\/index\\\/descubriendo-el-tietar-desde-la-adrada\\\/#primaryimage\",\"url\":\"https:\\\/\\\/destinocastillayleon.es\\\/index\\\/wp-content\\\/uploads\\\/2021\\\/07\\\/e64c4c1df0af6451f5aa233f78d1756c.jpg\",\"contentUrl\":\"https:\\\/\\\/destinocastillayleon.es\\\/index\\\/wp-content\\\/uploads\\\/2021\\\/07\\\/e64c4c1df0af6451f5aa233f78d1756c.jpg\",\"width\":1210,\"height\":681,\"caption\":\"Escapada a La Adrada - Destino Castilla y Le\u00f3n\"},{\"@type\":\"BreadcrumbList\",\"@id\":\"https:\\\/\\\/destinocastillayleon.es\\\/index\\\/descubriendo-el-tietar-desde-la-adrada\\\/#breadcrumb\",\"itemListElement\":[{\"@type\":\"ListItem\",\"position\":1,\"name\":\"Portada\",\"item\":\"https:\\\/\\\/destinocastillayleon.es\\\/index\\\/\"},{\"@type\":\"ListItem\",\"position\":2,\"name\":\"Descubriendo el Ti\u00e9tar desde La Adrada\"}]},{\"@type\":\"WebSite\",\"@id\":\"https:\\\/\\\/destinocastillayleon.es\\\/index\\\/#website\",\"url\":\"https:\\\/\\\/destinocastillayleon.es\\\/index\\\/\",\"name\":\"Destino Castilla y Le\u00f3n\",\"description\":\"Medio digital independiente y revista de Castilla y Le\u00f3n dedicado al turismo, gastronom\u00eda y vino de Castilla y Le\u00f3n\",\"potentialAction\":[{\"@type\":\"SearchAction\",\"target\":{\"@type\":\"EntryPoint\",\"urlTemplate\":\"https:\\\/\\\/destinocastillayleon.es\\\/index\\\/?s={search_term_string}\"},\"query-input\":{\"@type\":\"PropertyValueSpecification\",\"valueRequired\":true,\"valueName\":\"search_term_string\"}}],\"inLanguage\":\"es\"},{\"@type\":\"Person\",\"@id\":\"https:\\\/\\\/destinocastillayleon.es\\\/index\\\/#\\\/schema\\\/person\\\/189221bc8f6cc4fa28b18ad5c289d4c2\",\"name\":\"David V\u00e1zquez\",\"image\":{\"@type\":\"ImageObject\",\"inLanguage\":\"es\",\"@id\":\"https:\\\/\\\/secure.gravatar.com\\\/avatar\\\/cd12db6c575a90c3b75cfa0f794b74d425201c768612fad17e9f13cd33d48be8?s=96&d=mm&r=g\",\"url\":\"https:\\\/\\\/secure.gravatar.com\\\/avatar\\\/cd12db6c575a90c3b75cfa0f794b74d425201c768612fad17e9f13cd33d48be8?s=96&d=mm&r=g\",\"contentUrl\":\"https:\\\/\\\/secure.gravatar.com\\\/avatar\\\/cd12db6c575a90c3b75cfa0f794b74d425201c768612fad17e9f13cd33d48be8?s=96&d=mm&r=g\",\"caption\":\"David V\u00e1zquez\"},\"description\":\"Ingeniero Industrial de vocaci\u00f3n y profesi\u00f3n, he encontrado en los blogs la forma de plasmar mi pasi\u00f3n por los viajes, la gastronom\u00eda y los vinos. Especialmente los procedentes de Castilla y Le\u00f3n\",\"sameAs\":[\"https:\\\/\\\/www.destinocastillayleon.es\",\"https:\\\/\\\/www.facebook.com\\\/profile.php?id=1158416854\",\"https:\\\/\\\/instagram.com\\\/conte.pantaleone\",\"https:\\\/\\\/www.linkedin.com\\\/pub\\\/david-vazquez-lozano\\\/37\\\/17a\\\/25a\",\"https:\\\/\\\/x.com\\\/https:\\\/\\\/twitter.com\\\/ContePantaleone\u200e\"],\"url\":\"https:\\\/\\\/destinocastillayleon.es\\\/index\\\/author\\\/coadministradorcyl\\\/\"}]}<\/script>\n<!-- \/ Yoast SEO Premium plugin. -->","yoast_head_json":{"title":"Escapada a La Adrada, la puerta del Ti\u00e9tar \u2013 Destino Castilla y Le\u00f3n","description":"Te contamos una escapada a la villa de La Adrada, en \u00c1vila; la puerta del precioso Valle del Ti\u00e9tar. Conoce este pueblo, te encantar\u00e1.","robots":{"index":"index","follow":"follow","max-snippet":"max-snippet:-1","max-image-preview":"max-image-preview:large","max-video-preview":"max-video-preview:-1"},"canonical":"https:\/\/destinocastillayleon.es\/index\/descubriendo-el-tietar-desde-la-adrada\/","og_locale":"es_ES","og_type":"article","og_title":"Escapada a La Adrada, la puerta del Ti\u00e9tar \u2013 Destino Castilla y Le\u00f3n","og_description":"Te contamos nuestras impresiones de una escapada a La Adrada, en \u00c1vila; la puerta del precioso Valle del Ti\u00e9tar. Conoce este pueblo, te encantar\u00e1.","og_url":"https:\/\/destinocastillayleon.es\/index\/descubriendo-el-tietar-desde-la-adrada\/","og_site_name":"Destino Castilla y Le\u00f3n","article_publisher":"https:\/\/www.facebook.com\/DestinoCastillaYLeon\/","article_author":"https:\/\/www.facebook.com\/profile.php?id=1158416854","article_published_time":"2021-07-30T09:50:00+00:00","article_modified_time":"2021-08-05T11:09:27+00:00","og_image":[{"width":1210,"height":681,"url":"https:\/\/destinocastillayleon.es\/index\/wp-content\/uploads\/2021\/07\/e64c4c1df0af6451f5aa233f78d1756c.jpg","type":"image\/jpeg"}],"author":"David V\u00e1zquez","twitter_card":"summary_large_image","twitter_title":"Escapada a La Adrada, la puerta del Ti\u00e9tar \u2013 Destino Castilla y Le\u00f3n","twitter_description":"Te contamos nuestras impresiones de una escapada a La Adrada, en \u00c1vila; la puerta del precioso Valle del Ti\u00e9tar. Conoce este pueblo, te encantar\u00e1.","twitter_image":"https:\/\/destinocastillayleon.es\/index\/wp-content\/uploads\/2021\/07\/e64c4c1df0af6451f5aa233f78d1756c.jpg","twitter_creator":"@https:\/\/twitter.com\/ContePantaleone\u200e","twitter_site":"@destinocyl","twitter_misc":{"Escrito por":"David V\u00e1zquez","Tiempo de lectura":"22 minutos"},"schema":{"@context":"https:\/\/schema.org","@graph":[{"@type":"Article","@id":"https:\/\/destinocastillayleon.es\/index\/descubriendo-el-tietar-desde-la-adrada\/#article","isPartOf":{"@id":"https:\/\/destinocastillayleon.es\/index\/descubriendo-el-tietar-desde-la-adrada\/"},"author":{"name":"David V\u00e1zquez","@id":"https:\/\/destinocastillayleon.es\/index\/#\/schema\/person\/189221bc8f6cc4fa28b18ad5c289d4c2"},"headline":"Descubriendo el Ti\u00e9tar desde La Adrada","datePublished":"2021-07-30T09:50:00+00:00","dateModified":"2021-08-05T11:09:27+00:00","mainEntityOfPage":{"@id":"https:\/\/destinocastillayleon.es\/index\/descubriendo-el-tietar-desde-la-adrada\/"},"wordCount":4409,"commentCount":0,"image":{"@id":"https:\/\/destinocastillayleon.es\/index\/descubriendo-el-tietar-desde-la-adrada\/#primaryimage"},"thumbnailUrl":"https:\/\/destinocastillayleon.es\/index\/wp-content\/uploads\/2021\/07\/e64c4c1df0af6451f5aa233f78d1756c.jpg","keywords":["La Adrada","Qu\u00e9 ver en \u00c1vila","turismo de interior","Valle del Ti\u00e9tar"],"articleSection":["Avila","Avila turismo","Post_inicial","Provincias","Rutas por Castilla y Le\u00f3n"],"inLanguage":"es","potentialAction":[{"@type":"CommentAction","name":"Comment","target":["https:\/\/destinocastillayleon.es\/index\/descubriendo-el-tietar-desde-la-adrada\/#respond"]}]},{"@type":"WebPage","@id":"https:\/\/destinocastillayleon.es\/index\/descubriendo-el-tietar-desde-la-adrada\/","url":"https:\/\/destinocastillayleon.es\/index\/descubriendo-el-tietar-desde-la-adrada\/","name":"Escapada a La Adrada, la puerta del Ti\u00e9tar \u2013 Destino Castilla y Le\u00f3n","isPartOf":{"@id":"https:\/\/destinocastillayleon.es\/index\/#website"},"primaryImageOfPage":{"@id":"https:\/\/destinocastillayleon.es\/index\/descubriendo-el-tietar-desde-la-adrada\/#primaryimage"},"image":{"@id":"https:\/\/destinocastillayleon.es\/index\/descubriendo-el-tietar-desde-la-adrada\/#primaryimage"},"thumbnailUrl":"https:\/\/destinocastillayleon.es\/index\/wp-content\/uploads\/2021\/07\/e64c4c1df0af6451f5aa233f78d1756c.jpg","datePublished":"2021-07-30T09:50:00+00:00","dateModified":"2021-08-05T11:09:27+00:00","author":{"@id":"https:\/\/destinocastillayleon.es\/index\/#\/schema\/person\/189221bc8f6cc4fa28b18ad5c289d4c2"},"description":"Te contamos una escapada a la villa de La Adrada, en \u00c1vila; la puerta del precioso Valle del Ti\u00e9tar. Conoce este pueblo, te encantar\u00e1.","breadcrumb":{"@id":"https:\/\/destinocastillayleon.es\/index\/descubriendo-el-tietar-desde-la-adrada\/#breadcrumb"},"inLanguage":"es","potentialAction":[{"@type":"ReadAction","target":["https:\/\/destinocastillayleon.es\/index\/descubriendo-el-tietar-desde-la-adrada\/"]}]},{"@type":"ImageObject","inLanguage":"es","@id":"https:\/\/destinocastillayleon.es\/index\/descubriendo-el-tietar-desde-la-adrada\/#primaryimage","url":"https:\/\/destinocastillayleon.es\/index\/wp-content\/uploads\/2021\/07\/e64c4c1df0af6451f5aa233f78d1756c.jpg","contentUrl":"https:\/\/destinocastillayleon.es\/index\/wp-content\/uploads\/2021\/07\/e64c4c1df0af6451f5aa233f78d1756c.jpg","width":1210,"height":681,"caption":"Escapada a La Adrada - Destino Castilla y Le\u00f3n"},{"@type":"BreadcrumbList","@id":"https:\/\/destinocastillayleon.es\/index\/descubriendo-el-tietar-desde-la-adrada\/#breadcrumb","itemListElement":[{"@type":"ListItem","position":1,"name":"Portada","item":"https:\/\/destinocastillayleon.es\/index\/"},{"@type":"ListItem","position":2,"name":"Descubriendo el Ti\u00e9tar desde La Adrada"}]},{"@type":"WebSite","@id":"https:\/\/destinocastillayleon.es\/index\/#website","url":"https:\/\/destinocastillayleon.es\/index\/","name":"Destino Castilla y Le\u00f3n","description":"Medio digital independiente y revista de Castilla y Le\u00f3n dedicado al turismo, gastronom\u00eda y vino de Castilla y Le\u00f3n","potentialAction":[{"@type":"SearchAction","target":{"@type":"EntryPoint","urlTemplate":"https:\/\/destinocastillayleon.es\/index\/?s={search_term_string}"},"query-input":{"@type":"PropertyValueSpecification","valueRequired":true,"valueName":"search_term_string"}}],"inLanguage":"es"},{"@type":"Person","@id":"https:\/\/destinocastillayleon.es\/index\/#\/schema\/person\/189221bc8f6cc4fa28b18ad5c289d4c2","name":"David V\u00e1zquez","image":{"@type":"ImageObject","inLanguage":"es","@id":"https:\/\/secure.gravatar.com\/avatar\/cd12db6c575a90c3b75cfa0f794b74d425201c768612fad17e9f13cd33d48be8?s=96&d=mm&r=g","url":"https:\/\/secure.gravatar.com\/avatar\/cd12db6c575a90c3b75cfa0f794b74d425201c768612fad17e9f13cd33d48be8?s=96&d=mm&r=g","contentUrl":"https:\/\/secure.gravatar.com\/avatar\/cd12db6c575a90c3b75cfa0f794b74d425201c768612fad17e9f13cd33d48be8?s=96&d=mm&r=g","caption":"David V\u00e1zquez"},"description":"Ingeniero Industrial de vocaci\u00f3n y profesi\u00f3n, he encontrado en los blogs la forma de plasmar mi pasi\u00f3n por los viajes, la gastronom\u00eda y los vinos. Especialmente los procedentes de Castilla y Le\u00f3n","sameAs":["https:\/\/www.destinocastillayleon.es","https:\/\/www.facebook.com\/profile.php?id=1158416854","https:\/\/instagram.com\/conte.pantaleone","https:\/\/www.linkedin.com\/pub\/david-vazquez-lozano\/37\/17a\/25a","https:\/\/x.com\/https:\/\/twitter.com\/ContePantaleone\u200e"],"url":"https:\/\/destinocastillayleon.es\/index\/author\/coadministradorcyl\/"}]}},"_links":{"self":[{"href":"https:\/\/destinocastillayleon.es\/index\/wp-json\/wp\/v2\/posts\/34467","targetHints":{"allow":["GET"]}}],"collection":[{"href":"https:\/\/destinocastillayleon.es\/index\/wp-json\/wp\/v2\/posts"}],"about":[{"href":"https:\/\/destinocastillayleon.es\/index\/wp-json\/wp\/v2\/types\/post"}],"author":[{"embeddable":true,"href":"https:\/\/destinocastillayleon.es\/index\/wp-json\/wp\/v2\/users\/2"}],"replies":[{"embeddable":true,"href":"https:\/\/destinocastillayleon.es\/index\/wp-json\/wp\/v2\/comments?post=34467"}],"version-history":[{"count":24,"href":"https:\/\/destinocastillayleon.es\/index\/wp-json\/wp\/v2\/posts\/34467\/revisions"}],"predecessor-version":[{"id":34596,"href":"https:\/\/destinocastillayleon.es\/index\/wp-json\/wp\/v2\/posts\/34467\/revisions\/34596"}],"wp:featuredmedia":[{"embeddable":true,"href":"https:\/\/destinocastillayleon.es\/index\/wp-json\/wp\/v2\/media\/34532"}],"wp:attachment":[{"href":"https:\/\/destinocastillayleon.es\/index\/wp-json\/wp\/v2\/media?parent=34467"}],"wp:term":[{"taxonomy":"category","embeddable":true,"href":"https:\/\/destinocastillayleon.es\/index\/wp-json\/wp\/v2\/categories?post=34467"},{"taxonomy":"post_tag","embeddable":true,"href":"https:\/\/destinocastillayleon.es\/index\/wp-json\/wp\/v2\/tags?post=34467"}],"curies":[{"name":"wp","href":"https:\/\/api.w.org\/{rel}","templated":true}]}}