{"id":34316,"date":"2021-08-06T06:12:15","date_gmt":"2021-08-06T04:12:15","guid":{"rendered":"https:\/\/destinocastillayleon.es\/index\/?p=34316"},"modified":"2021-08-03T12:13:53","modified_gmt":"2021-08-03T10:13:53","slug":"escapada-por-tiedra","status":"publish","type":"post","link":"https:\/\/destinocastillayleon.es\/index\/escapada-por-tiedra\/","title":{"rendered":"De los campos de lavanda, a las estrellas; una escapada por Tiedra"},"content":{"rendered":"<p>Debido al Covid, <strong>los viajes grandes igual se vuelven complicados; pero esto ya nos permiti\u00f3, y sigue permitiendo, conocer nuestro territorio a base de excursiones de turismo de interior<\/strong>. El a\u00f1o pasado, entre otros destinos, <strong>realizamos una escapada por Tiedra. Un precioso pueblo de los montes Torozos<\/strong>, en la provincia de Valladolid.<\/p>\n<h3><strong>\u00cdndice de contenidos<\/strong><\/h3>\n<p>Para facilitarte usar esta publicaci\u00f3n, <strong>hemos creado este \u00edndice con los principales contenidos<\/strong> sobre una escapada por Tiedra.<\/p>\n<p><strong>Prepara tu viaje:<\/strong><\/p>\n<ul>\n<li><a href=\"#Montes-Torozos\">Los montes Torozos<\/a>.<\/li>\n<\/ul>\n<p><strong>Patrimonio de Tiedra:<\/strong><\/p>\n<ul>\n<li><a href=\"#Castillo\">Castillo de Tiedra<\/a>.<\/i>\n<li><a href=\"#Tiedra-de-Lavanda\">Tiedra de Lavanda<\/a>.<\/li>\n<li><a href=\"#Centro-Astronomico\">Observatorio astron\u00f3mico<\/a>.<\/li>\n<li><a href=\"#Iglesias\">Edificios religioso de Tiedra<\/a>.<\/li>\n<li><a href=\"#Edificios\">Edificios civiles destacables<\/a>.\n<li><a href=\"#Aula-Arqueologica\">El aula Arqueol\u00f3gica<\/a>.<\/li>\n<\/ul>\n<p><strong>Informaci\u00f3n general:<\/strong><\/p>\n<ul>\n<li><a href=\"#Llegar\">\u00bfC\u00f3mo llegar?<\/a><\/li>\n<li><a href=\"#Comer\">\u00bfD\u00f3nde comer?<\/a><\/li>\n<li><a href=\"#Dormir\">\u00bfD\u00f3nde alojarte?<\/a><\/li>\n<li><a href=\"#Historia\">Breve relato hist\u00f3rico<\/a>.<\/li>\n<\/ul>\n<p>Esperamos que este \u00edndice, <strong>te sea de utilidad si decides ha realizar una escapada por Tiedra<\/strong> para disfrutar de un destino de turismo de interior.<\/p>\n<h3><strong><a name=\"Montes-Torozos\"><\/a>Preparando el viaje<\/strong><\/h3>\n<p>Los Montes Torozos <strong>son una de las pocas elevaciones en medio de la gran meseta castellana<\/strong>, si bien no se elevan una gran altura sobre el llano y presentan una superficie en general bastante plana. Estas caracter\u00edsticas hicieron de ella <strong>una buena zona para el cultivo de cereal, por lo que vamos a encontrar bastantes pueblos cerealistas<\/strong>, aunque con algunas extensiones de encinares de gran valor ecol\u00f3gico.<\/p>\n<figure id=\"attachment_32747\" aria-describedby=\"caption-attachment-32747\" style=\"width: 580px\" class=\"wp-caption aligncenter\"><img decoding=\"async\" data-pin-description=\"Carretera P901 entre Ampudia y Due\u00f1as - Destino Castilla y Le\u00f3n\" src=\"https:\/\/destinocastillayleon.es\/index\/wp-content\/uploads\/2020\/05\/75bf21e317fb2f14e482fb82b614f08d.jpg\" alt=\"Carretera P901 entre Ampudia y Due\u00f1as - Destino Castilla y Le\u00f3n\" width=\"580\" height=\"350\" class=\"size-full wp-image-32747\" srcset=\"https:\/\/destinocastillayleon.es\/index\/wp-content\/uploads\/2020\/05\/75bf21e317fb2f14e482fb82b614f08d.jpg 580w, https:\/\/destinocastillayleon.es\/index\/wp-content\/uploads\/2020\/05\/75bf21e317fb2f14e482fb82b614f08d-300x181.jpg 300w\" sizes=\"(max-width: 580px) 100vw, 580px\" \/><figcaption id=\"caption-attachment-32747\" class=\"wp-caption-text\">Carretera estrecha t\u00edpica de los Montes Torozos &#8211; Destino Castilla y Le\u00f3n<\/figcaption><\/figure>\n<p>Esta tierra <strong>fue una frontera natural durante la edad media entre el incipiente reino de Castilla y el experimentado reino de Le\u00f3n<\/strong>. Es por esta raz\u00f3n que toda <strong>la zona se encuentra salpicada de castillos<\/strong> que defienden estos pueblos, como el de Torrelobat\u00f3n, Montealegre de Campos, Mota del Marqu\u00e9s, <a href=\"https:\/\/destinocastillayleon.es\/index\/guia-para-visitar-uruena\/\">Urue\u00f1a<\/a> o mismamente, el que visitaremos en esta escapada, el de Tiedra.<\/p>\n<p>En unas ocasiones, a un lado de la frontera y en otras, en el bando contrario.<\/p>\n<h2><strong>Escapada por Tiedra, entre estrellas y lavanda<\/strong><\/h2>\n<p>Como acabamos de contaros, <strong>toda esta tierra de p\u00e1ramo fue una zona en disputa entre ambas coronas hasta su uni\u00f3n definitiva en 1233 con Fernando III el Santo<\/strong>. Fruto de esta zona de intercambios, estos p\u00e1ramos en medio de la meseta castellana disfrutaron de gran prosperidad durante la baja edad media.<\/p>\n<figure id=\"attachment_34572\" aria-describedby=\"caption-attachment-34572\" style=\"width: 640px\" class=\"wp-caption aligncenter\"><img decoding=\"async\" src=\"https:\/\/destinocastillayleon.es\/index\/wp-content\/uploads\/2021\/08\/51505f578378e1c4e64ffec5624bdd2f.jpg\" alt=\"Arquitectura popular en Tiedra - Destino Castilla y Le\u00f3n\" width=\"640\" height=\"360\" class=\"size-full wp-image-34572\" srcset=\"https:\/\/destinocastillayleon.es\/index\/wp-content\/uploads\/2021\/08\/51505f578378e1c4e64ffec5624bdd2f.jpg 640w, https:\/\/destinocastillayleon.es\/index\/wp-content\/uploads\/2021\/08\/51505f578378e1c4e64ffec5624bdd2f-300x169.jpg 300w\" sizes=\"(max-width: 640px) 100vw, 640px\" \/><figcaption id=\"caption-attachment-34572\" class=\"wp-caption-text\">Arquitectura popular en Tiedra &#8211; Destino Castilla y Le\u00f3n<\/figcaption><\/figure>\n<p>De aquella \u00e9poca poco ha quedado,<strong> aunque pueblos como Tiedra han sabido, por necesidad o por virtud, respetar su patrimonio para que hoy lo podamos disfrutar<\/strong>, algo que no se da en todos los pueblos de la zona, lamentablemente. O al menos no tanto como nos gustar\u00eda.<\/p>\n<h3><strong>Principales puntos de inter\u00e9s<\/strong><\/h3>\n<p>Aunque Tiedra <strong>presenta bastantes lugares interesantes, por lo que recomendamos perderte por sus calles al menos unas cuantas horas<\/strong>, son 3 los puntos m\u00e1s conocidos, que no los \u00fanicos de valor tur\u00edsticos. <\/p>\n<blockquote><p>Estos son, el Castillo medieval, el Observatorio Astron\u00f3mico y el Centro de Interpretaci\u00f3n de la Lavanda de Tiedra. <a name=\"Castillo\"><\/a><\/p><\/blockquote>\n<h3><strong>Castillo de Tiedra<\/strong><\/h3>\n<p>Este castillo <strong>es uno de los elementos que m\u00e1s llama la atenci\u00f3n, y asi imprescindible en una escapada por Tiedra; especialmente si vienes desde el sur por la carretera V705<\/strong>, pues este castillo, dominando lo alto del risco desde su privilegiado balc\u00f3n sale al encuentro del visitante.<\/p>\n<figure id=\"attachment_34554\" aria-describedby=\"caption-attachment-34554\" style=\"width: 640px\" class=\"wp-caption aligncenter\"><img decoding=\"async\" src=\"https:\/\/destinocastillayleon.es\/index\/wp-content\/uploads\/2021\/08\/0d4fa5d2bc21fa75612693c7474042a1.jpg\" alt=\"Hacia el castillo de Tiedra - Destino Castilla y Le\u00f3n\" width=\"640\" height=\"360\" class=\"size-full wp-image-34554\" srcset=\"https:\/\/destinocastillayleon.es\/index\/wp-content\/uploads\/2021\/08\/0d4fa5d2bc21fa75612693c7474042a1.jpg 640w, https:\/\/destinocastillayleon.es\/index\/wp-content\/uploads\/2021\/08\/0d4fa5d2bc21fa75612693c7474042a1-300x169.jpg 300w\" sizes=\"(max-width: 640px) 100vw, 640px\" \/><figcaption id=\"caption-attachment-34554\" class=\"wp-caption-text\">Hacia el castillo de Tiedra &#8211; Destino Castilla y Le\u00f3n<\/figcaption><\/figure>\n<p>Este castillo de Tiedra <strong>es una parte de todo el complejo defensivo existente durante la edad media, en el que el castillo con su muralla y su torre del homenaje se integraban en una muralla completa<\/strong> que cerraba la poblaci\u00f3n. <\/p>\n<p>Para su mayor defensa, <strong>adem\u00e1s contaba con un foso. Los pa\u00f1os norte y oeste fueron parte de la muralla en cuyo recinto se alberg\u00f3 la primera villa de repoblaci\u00f3n<\/strong>. Aunque con el paso del tiempo, la villa quedo extramuros del castillo y con un recinto nuevo.<\/p>\n<figure id=\"attachment_34571\" aria-describedby=\"caption-attachment-34571\" style=\"width: 580px\" class=\"wp-caption aligncenter\"><img decoding=\"async\" src=\"https:\/\/destinocastillayleon.es\/index\/wp-content\/uploads\/2021\/08\/Patio-de-armas-del-Castillo-de-Tiedra-Imagen-del-Ayto.-de-Tiedra.jpg\" alt=\"Patio de armas\" title=\"Patio del Castillo de Tiedra - Imagen del Ayto. de Tiedra\" width=\"580\" height=\"326\" class=\"size-full wp-image-34571\" srcset=\"https:\/\/destinocastillayleon.es\/index\/wp-content\/uploads\/2021\/08\/Patio-de-armas-del-Castillo-de-Tiedra-Imagen-del-Ayto.-de-Tiedra.jpg 580w, https:\/\/destinocastillayleon.es\/index\/wp-content\/uploads\/2021\/08\/Patio-de-armas-del-Castillo-de-Tiedra-Imagen-del-Ayto.-de-Tiedra-300x169.jpg 300w\" sizes=\"(max-width: 580px) 100vw, 580px\" \/><figcaption id=\"caption-attachment-34571\" class=\"wp-caption-text\">Patio de armas del Castillo de Tiedra &#8211; Imagen del Ayto. de Tiedra<\/figcaption><\/figure>\n<p>El aspecto actual <strong>es debido a una rehabilitaci\u00f3n del a\u00f1o 2011<\/strong> que permiti\u00f3 habilitar la torre para ser parte de un museo de la villa.<\/p>\n<h4><strong>La visita<\/strong><\/h4>\n<p>La visita al castillo <strong>es muy recomendable. Os pod\u00e9is dar un paseo por el paso de adarve<\/strong>; disfrutando de las vistas. Pero lo mejor es la torre, pues es ahora una especie de museo de historia de Tiedra.<\/p>\n<figure id=\"attachment_34555\" aria-describedby=\"caption-attachment-34555\" style=\"width: 640px\" class=\"wp-caption aligncenter\"><img decoding=\"async\" src=\"https:\/\/destinocastillayleon.es\/index\/wp-content\/uploads\/2021\/08\/f096bf970e4eff96c29ceb27a825dafe.jpg\" alt=\"Maqueta de la villa medieval\" title=\"Maqueta de la Tiedra medieval - Destino Castilla y Le\u00f3n\" width=\"640\" height=\"360\" class=\"size-full wp-image-34555\" srcset=\"https:\/\/destinocastillayleon.es\/index\/wp-content\/uploads\/2021\/08\/f096bf970e4eff96c29ceb27a825dafe.jpg 640w, https:\/\/destinocastillayleon.es\/index\/wp-content\/uploads\/2021\/08\/f096bf970e4eff96c29ceb27a825dafe-300x169.jpg 300w\" sizes=\"(max-width: 640px) 100vw, 640px\" \/><figcaption id=\"caption-attachment-34555\" class=\"wp-caption-text\">Maqueta de la Tiedra medieval &#8211; Destino Castilla y Le\u00f3n<\/figcaption><\/figure>\n<p>En cada planta se dedica a una cosa. <strong>Posiblemente la planta m\u00e1s interesante sea la de la bodega, pues varias figuras recrean unos almacenes y una mazmorra de la Edad Media<\/strong>. Otra muy interesante es la ante\u00faltima, previa a la azotea; pues hay <strong>una maqueta de la villa en su \u00e9poca medieval<\/strong>.<\/p>\n<p><figure id=\"attachment_34556\" aria-describedby=\"caption-attachment-34556\" style=\"width: 640px\" class=\"wp-caption aligncenter\"><img decoding=\"async\" src=\"https:\/\/destinocastillayleon.es\/index\/wp-content\/uploads\/2021\/08\/5f42747b0871f986047cb8f2e5b5c6b5.jpg\" alt=\"Interior de la torre del homenaje simulando una mazmorra - Destino Castilla y Le\u00f3n\" width=\"640\" height=\"360\" class=\"size-full wp-image-34556\" srcset=\"https:\/\/destinocastillayleon.es\/index\/wp-content\/uploads\/2021\/08\/5f42747b0871f986047cb8f2e5b5c6b5.jpg 640w, https:\/\/destinocastillayleon.es\/index\/wp-content\/uploads\/2021\/08\/5f42747b0871f986047cb8f2e5b5c6b5-300x169.jpg 300w\" sizes=\"(max-width: 640px) 100vw, 640px\" \/><figcaption id=\"caption-attachment-34556\" class=\"wp-caption-text\">Interior de la torre del homenaje simulando una mazmorra &#8211; Destino Castilla y Le\u00f3n<\/figcaption><\/figure><a name=\"Tiedra-de-Lavanda\"><\/a><\/p>\n<h3><strong>Centro de interpretaci\u00f3n de la Lavanda, Tiedra de Lavanda<\/strong><\/h3>\n<p>Hace unos a\u00f1os, <strong>se mont\u00f3 este centro de interpretaci\u00f3n de la lavanda<\/strong>, fruto de la iniciativa privada de varios emprendedores que <strong>conjuga la producci\u00f3n de lavanda y el turismo natural<\/strong>, con lo que este centro es un punto donde conocer esta planta tan interesante, tanto desde el punto de vista natural, bot\u00e1nico, de producci\u00f3n de derivados de la lavanda e historia de adaptaci\u00f3n de este cultivo a la zona de Tiedra.<\/p>\n<figure id=\"attachment_34558\" aria-describedby=\"caption-attachment-34558\" style=\"width: 640px\" class=\"wp-caption aligncenter\"><img decoding=\"async\" src=\"https:\/\/destinocastillayleon.es\/index\/wp-content\/uploads\/2021\/08\/8197dc43b6cfffbf6dce8895bcef4ed3.jpg\" alt=\"Exterior de Tiedra de Lavanda - Destino Castilla y Le\u00f3n\" width=\"640\" height=\"360\" class=\"size-full wp-image-34558\" srcset=\"https:\/\/destinocastillayleon.es\/index\/wp-content\/uploads\/2021\/08\/8197dc43b6cfffbf6dce8895bcef4ed3.jpg 640w, https:\/\/destinocastillayleon.es\/index\/wp-content\/uploads\/2021\/08\/8197dc43b6cfffbf6dce8895bcef4ed3-300x169.jpg 300w\" sizes=\"(max-width: 640px) 100vw, 640px\" \/><figcaption id=\"caption-attachment-34558\" class=\"wp-caption-text\">Exterior de Tiedra de Lavanda &#8211; Destino Castilla y Le\u00f3n<\/figcaption><\/figure>\n<p>Las instalaciones de este centro <strong>constan de un edificio moderno con un parking a la entrada donde dejar el veh\u00edculo<\/strong>. Dentro, existe una zona de tienda con productos derivados de la lavanda. La importancia y la creciente afici\u00f3n los \u00faltimos a\u00f1os por la lavanda, ha hecho que visitar Tiedra de Lavanda sea una escusa para organizar una escapada por Tiedra.<\/p>\n<p>Tras esto, <strong>hay un gran espacio di\u00e1fano, aunque segmentado en diversos espacios especializados en diferentes aspectos entorno a esta planta<\/strong>, generadora de una de las esencias m\u00e1s importantes del mundo. Existe una zona sobre bot\u00e1nica, su historia, la lavandacultura, la destilaci\u00f3n de la esencia y los usos y la experiencia de este aroma, mucho m\u00e1s que la propia cosm\u00e9tica asociada a los perfumes.<\/p>\n<figure id=\"attachment_34564\" aria-describedby=\"caption-attachment-34564\" style=\"width: 640px\" class=\"wp-caption aligncenter\"><img decoding=\"async\" src=\"https:\/\/destinocastillayleon.es\/index\/wp-content\/uploads\/2021\/08\/0bf5ea101c6c055adfc4f687f82a6a42.jpg\" alt=\"Recepci\u00f3n del Centro Tiedra de Lavanda - Destino Castilla Le\u00f3n\" width=\"640\" height=\"427\" class=\"size-full wp-image-34564\" srcset=\"https:\/\/destinocastillayleon.es\/index\/wp-content\/uploads\/2021\/08\/0bf5ea101c6c055adfc4f687f82a6a42.jpg 640w, https:\/\/destinocastillayleon.es\/index\/wp-content\/uploads\/2021\/08\/0bf5ea101c6c055adfc4f687f82a6a42-300x200.jpg 300w, https:\/\/destinocastillayleon.es\/index\/wp-content\/uploads\/2021\/08\/0bf5ea101c6c055adfc4f687f82a6a42-600x400.jpg 600w\" sizes=\"(max-width: 640px) 100vw, 640px\" \/><figcaption id=\"caption-attachment-34564\" class=\"wp-caption-text\">Recepci\u00f3n del Centro Tiedra de Lavanda &#8211; Destino Castilla Le\u00f3n<\/figcaption><\/figure>\n<h4><strong>Viviendo la experiencia de Tiedra de Lavanda<\/strong><\/h4>\n<p>Tras visitar la recepci\u00f3n de este centro, <strong>nos adentramos en una zona muy interesante dedicada a la lavanda en sus muchos aspectos<\/strong>, tal y como hemos indicado antes.<\/p>\n<p>Si bien anteriormente a la pandemia la visita se pod\u00eda hacer guiada o libre, <strong>durante nuestro paso, solo se permit\u00edan grupos muy reducidos y en visitas concertadas<\/strong>, donde te explican esos aspectos relacionados con la lavanda.<\/p>\n<figure id=\"attachment_34557\" aria-describedby=\"caption-attachment-34557\" style=\"width: 640px\" class=\"wp-caption aligncenter\"><img decoding=\"async\" src=\"https:\/\/destinocastillayleon.es\/index\/wp-content\/uploads\/2021\/08\/ee51f2c70b3676d5a106e9967f5b7e2f.jpg\" alt=\"Interior del Centro Tiedra de Lavanda - Destino Castilla y Le\u00f3n\" width=\"640\" height=\"428\" class=\"size-full wp-image-34557\" srcset=\"https:\/\/destinocastillayleon.es\/index\/wp-content\/uploads\/2021\/08\/ee51f2c70b3676d5a106e9967f5b7e2f.jpg 640w, https:\/\/destinocastillayleon.es\/index\/wp-content\/uploads\/2021\/08\/ee51f2c70b3676d5a106e9967f5b7e2f-300x200.jpg 300w, https:\/\/destinocastillayleon.es\/index\/wp-content\/uploads\/2021\/08\/ee51f2c70b3676d5a106e9967f5b7e2f-600x400.jpg 600w\" sizes=\"(max-width: 640px) 100vw, 640px\" \/><figcaption id=\"caption-attachment-34557\" class=\"wp-caption-text\">Interior del Centro Tiedra de Lavanda &#8211; Destino Castilla y Le\u00f3n<\/figcaption><\/figure>\n<p>No vamos a destriparte el contenido de este centro, <strong>lo mejor es que lo visites y descubras por ti mismo<\/strong>. Te va a enamorar esta esencia.<\/p>\n<h4><strong>Visita a la plantaci\u00f3n<\/strong><\/h4>\n<p>Pero, <strong>qu\u00e9 es la lavanda sin una visita a la plantaci\u00f3n<\/strong>. Y si bien se puede visitar libremente, <strong>es aconsejable visitarlo junto a la gente de Tiedra de Lavanda<\/strong>. Al igual que ocurre en Brihuega, en Guadalajara, la mejor \u00e9poca es junio y julio. Y si bien agosto y mayo se puede disfrutar de los colores de esta planta.<\/p>\n<figure id=\"attachment_34559\" aria-describedby=\"caption-attachment-34559\" style=\"width: 640px\" class=\"wp-caption aligncenter\"><img decoding=\"async\" src=\"https:\/\/destinocastillayleon.es\/index\/wp-content\/uploads\/2021\/08\/8805dd773ff48913efaab3cf94c44693.jpg\" alt=\"Campos de lavanda en Tiedra - Destino Castilla y Le\u00f3n\" width=\"640\" height=\"360\" class=\"size-full wp-image-34559\" srcset=\"https:\/\/destinocastillayleon.es\/index\/wp-content\/uploads\/2021\/08\/8805dd773ff48913efaab3cf94c44693.jpg 640w, https:\/\/destinocastillayleon.es\/index\/wp-content\/uploads\/2021\/08\/8805dd773ff48913efaab3cf94c44693-300x169.jpg 300w\" sizes=\"(max-width: 640px) 100vw, 640px\" \/><figcaption id=\"caption-attachment-34559\" class=\"wp-caption-text\">Campos de lavanda en Tiedra &#8211; Destino Castilla y Le\u00f3n<\/figcaption><\/figure>\n<h4><strong>Informaci\u00f3n adicional<\/strong><\/h4>\n<p>Centro de Interpretaci\u00f3n Tiedra de Lavanda<br \/>\nCtra. Tiedra \u2013 San Cebri\u00e1n<br \/>\n47870 &#8211; Tiedra, Valladolid.<\/p>\n<p>Telf.: +34 649 59 39 05<br \/>\n@.: <a href=\"mailto:luz@tiedradelavanda.es\">luz@tiedradelavanda.es<\/a><a name=\"Centro-Astronomico\"><\/a><\/p>\n<h3><strong>Observatorio astron\u00f3mico de Tiedra<\/strong><\/h3>\n<p>El otro gran atractivo de Tiedra es la presencia de uno de lo mejores observatorios astron\u00f3micos, pues por su situaci\u00f3n en lo alto de este gran p\u00e1ramo que forman los montes Torozos con poblaciones peque\u00f1as, es la presencia de unos cielos nocturnos muy limpios. Es otro de los motivos para una escapada por Tiedra.<\/p>\n<figure id=\"attachment_34565\" aria-describedby=\"caption-attachment-34565\" style=\"width: 640px\" class=\"wp-caption aligncenter\"><img decoding=\"async\" src=\"https:\/\/destinocastillayleon.es\/index\/wp-content\/uploads\/2021\/08\/a4fc94e1453d8516ece2852e70558ef5.jpg\" alt=\"Observatorio Astron\u00f3mico de Tiedra - Imagen de Cielo y Tierra\" width=\"640\" height=\"360\" class=\"size-full wp-image-34565\" srcset=\"https:\/\/destinocastillayleon.es\/index\/wp-content\/uploads\/2021\/08\/a4fc94e1453d8516ece2852e70558ef5.jpg 640w, https:\/\/destinocastillayleon.es\/index\/wp-content\/uploads\/2021\/08\/a4fc94e1453d8516ece2852e70558ef5-300x169.jpg 300w\" sizes=\"(max-width: 640px) 100vw, 640px\" \/><figcaption id=\"caption-attachment-34565\" class=\"wp-caption-text\">Observatorio Astron\u00f3mico de Tiedra &#8211; Imagen de Cielo y Tierra<\/figcaption><\/figure>\n<blockquote><p>Los cielos de Tiedra poseen el certificado Star Light<\/p><\/blockquote>\n<p>Este Centro astron\u00f3mico <strong>se trata de un proyecto pensado para acercar al gran p\u00fablico la magia de la ciencia y de la astronom\u00eda<\/strong>, ya que cuenta con <strong>un planetario y dos observatorios celestes<\/strong> equipados con telescopios diversos, lo que permiten la observaci\u00f3n de los cielos, tanto de d\u00eda como de noche.<\/p>\n<figure id=\"attachment_34567\" aria-describedby=\"caption-attachment-34567\" style=\"width: 530px\" class=\"wp-caption aligncenter\"><img decoding=\"async\" src=\"https:\/\/destinocastillayleon.es\/index\/wp-content\/uploads\/2021\/08\/7918d52bef465946941387e78a4c8c9f.jpg\" alt=\"Equipo de observaci\u00f3n nocturno de CAT - Imagen de Cielo y Tiedra\" width=\"530\" height=\"298\" class=\"size-full wp-image-34567\" srcset=\"https:\/\/destinocastillayleon.es\/index\/wp-content\/uploads\/2021\/08\/7918d52bef465946941387e78a4c8c9f.jpg 530w, https:\/\/destinocastillayleon.es\/index\/wp-content\/uploads\/2021\/08\/7918d52bef465946941387e78a4c8c9f-300x169.jpg 300w\" sizes=\"(max-width: 530px) 100vw, 530px\" \/><figcaption id=\"caption-attachment-34567\" class=\"wp-caption-text\">Equipo de observaci\u00f3n nocturno de CAT &#8211; Imagen de Cielo y Tiedra<\/figcaption><\/figure>\n<p>Las instalaciones de este centro astron\u00f3mico de Tiedra <strong>est\u00e1n preparados para albergar eventos<\/strong> como conferencias, reuniones, excursiones exposiciones de diversa \u00edndole.<\/p>\n<figure id=\"attachment_34566\" aria-describedby=\"caption-attachment-34566\" style=\"width: 380px\" class=\"wp-caption aligncenter\"><img decoding=\"async\" src=\"https:\/\/destinocastillayleon.es\/index\/wp-content\/uploads\/2021\/08\/e273dd8fe84b38da9b0597f744351a7b.jpg\" alt=\"Planetario del Centro Astron\u00f3mico de Tiedra - Imagen de Cielo y Tiedra\" width=\"380\" height=\"380\" class=\"size-full wp-image-34566\" srcset=\"https:\/\/destinocastillayleon.es\/index\/wp-content\/uploads\/2021\/08\/e273dd8fe84b38da9b0597f744351a7b.jpg 380w, https:\/\/destinocastillayleon.es\/index\/wp-content\/uploads\/2021\/08\/e273dd8fe84b38da9b0597f744351a7b-300x300.jpg 300w, https:\/\/destinocastillayleon.es\/index\/wp-content\/uploads\/2021\/08\/e273dd8fe84b38da9b0597f744351a7b-150x150.jpg 150w, https:\/\/destinocastillayleon.es\/index\/wp-content\/uploads\/2021\/08\/e273dd8fe84b38da9b0597f744351a7b-100x100.jpg 100w, https:\/\/destinocastillayleon.es\/index\/wp-content\/uploads\/2021\/08\/e273dd8fe84b38da9b0597f744351a7b-200x200.jpg 200w\" sizes=\"(max-width: 380px) 100vw, 380px\" \/><figcaption id=\"caption-attachment-34566\" class=\"wp-caption-text\">Planetario del Centro Astron\u00f3mico de Tiedra &#8211; Imagen de Cielo y Tiedra<\/figcaption><\/figure>\n<p><strong>Informaci\u00f3n de inter\u00e9s:<\/strong><br \/>\nPago del Val, s\/n,<br \/>\n47870 &#8211; Tiedra, Valladolid<\/p>\n<p>Telf.: +34 983 038 041<br \/>\n@.: <a href=\"mailto:info@cieloytiedra.com\"> info@cieloytiedra.com<\/a><\/p>\n<p><strong>Precio:<\/strong><br \/>\nEl coste medio de la entrada est\u00e1 entre los 10 y los 15 \u20ac\/adulto, dependiendo de actividad.<br \/>\nPara menores de 6 a\u00f1os, entre 8 y 10 \u20ac.<br \/>\nMenores de 3 a\u00f1os gratuita.<\/p>\n<p><strong>Horarios:<\/strong><br \/>\nAbierto los fines de semana; como depende del d\u00eda del a\u00f1o y climatolog\u00eda, consultar en web.<br \/>\n<a name=\"Iglesias\"><\/a><\/p>\n<h3><strong>Patrimonio arquitect\u00f3nico religioso de Tiedra<\/strong><\/h3>\n<p>Adem\u00e1s del Castillo, el Centro de interpretaci\u00f3n de la Lavanda y el Observatorio astron\u00f3mico, <strong>Tiedra posee el encanto de un pueblo de los Montes Torozos<\/strong>, una tierra que fue disputada por Castilla y por Le\u00f3n durante la Alta Edad Media.<\/p>\n<figure id=\"attachment_34568\" aria-describedby=\"caption-attachment-34568\" style=\"width: 640px\" class=\"wp-caption aligncenter\"><img decoding=\"async\" src=\"https:\/\/destinocastillayleon.es\/index\/wp-content\/uploads\/2021\/08\/b9933691e6d6866ff43bae2b5e552235.jpg\" alt=\"Calles de Tiedra - Destino Castilla y Le\u00f3n\" width=\"640\" height=\"427\" class=\"size-full wp-image-34568\" srcset=\"https:\/\/destinocastillayleon.es\/index\/wp-content\/uploads\/2021\/08\/b9933691e6d6866ff43bae2b5e552235.jpg 640w, https:\/\/destinocastillayleon.es\/index\/wp-content\/uploads\/2021\/08\/b9933691e6d6866ff43bae2b5e552235-300x200.jpg 300w, https:\/\/destinocastillayleon.es\/index\/wp-content\/uploads\/2021\/08\/b9933691e6d6866ff43bae2b5e552235-600x400.jpg 600w\" sizes=\"(max-width: 640px) 100vw, 640px\" \/><figcaption id=\"caption-attachment-34568\" class=\"wp-caption-text\">Calles de Tiedra &#8211; Destino Castilla y Le\u00f3n<\/figcaption><\/figure>\n<p>As\u00ed, <strong>vamos a encontrar adem\u00e1s de la arquitectura popular, tres iglesias<\/strong>. Nos cuentan que llego a existir una cuarta, pero que se perdi\u00f3. Cuatro iglesias en un pueblo significan que tubo bastante importancia en un determinado momento.<\/p>\n<h4><strong>Iglesia de El Salvador<\/strong><\/h4>\n<p>Se trata de <strong>la \u00fanica iglesia en uso en Tiedra actualmente<\/strong>. Se trata de un templo de <strong>estilo g\u00f3tico, cuya construcci\u00f3n se inici\u00f3 en el siglo XVI<\/strong>, como se puede apreciar viendo las b\u00f3vedas de crucer\u00eda de la Capilla Mayor.<\/p>\n<figure id=\"attachment_34569\" aria-describedby=\"caption-attachment-34569\" style=\"width: 640px\" class=\"wp-caption aligncenter\"><img decoding=\"async\" src=\"https:\/\/destinocastillayleon.es\/index\/wp-content\/uploads\/2021\/08\/99a1fc3ccdc56fab5e6e636186b5e92c.jpg\" alt=\"Iglesia del Salvador en Tiedra - Destino Castilla y Le\u00f3n\" width=\"640\" height=\"360\" class=\"size-full wp-image-34569\" srcset=\"https:\/\/destinocastillayleon.es\/index\/wp-content\/uploads\/2021\/08\/99a1fc3ccdc56fab5e6e636186b5e92c.jpg 640w, https:\/\/destinocastillayleon.es\/index\/wp-content\/uploads\/2021\/08\/99a1fc3ccdc56fab5e6e636186b5e92c-300x169.jpg 300w\" sizes=\"(max-width: 640px) 100vw, 640px\" \/><figcaption id=\"caption-attachment-34569\" class=\"wp-caption-text\">Iglesia del Salvador en Tiedra &#8211; Destino Castilla y Le\u00f3n<\/figcaption><\/figure>\n<p><strong>Muchos elementos de su interior est\u00e1n documentados de entre los siglos XVI y XVIII<\/strong>, lo que nos habla de una \u00e9poca de esplendor para Tiedra. Posiblemente el elemento m\u00e1s interesante sea <strong>el retablo mayor<\/strong>, de autor desconocido, pero de la conocida como Escuela de Toro.<\/p>\n<h4><strong>Iglesia de San Miguel<\/strong><\/h4>\n<p>Esta construcci\u00f3n <strong>data del siglo XII y estaba junto a la muralla<\/strong>, siendo parte de la defensa de la misa, por lo que tuvo esta doble funci\u00f3n, religiosa y militar. Durante el siglo XVI tiene que ser rehabilitada completamente, aunque <strong>a\u00fan es posible ver elementos de la construcci\u00f3n original<\/strong>, en estilo rom\u00e1nico, como la hilera de canecillos.<\/p>\n<figure id=\"attachment_34574\" aria-describedby=\"caption-attachment-34574\" style=\"width: 640px\" class=\"wp-caption aligncenter\"><img decoding=\"async\" src=\"https:\/\/destinocastillayleon.es\/index\/wp-content\/uploads\/2021\/08\/Iglesia-de-San-Miguel-de-Tiedra-Imagen-de-FotoLaguna2000.jpg\" alt=\"Iglesia de San Miguel de Tiedra - Imagen de FotoLaguna2000\" width=\"640\" height=\"431\" class=\"size-full wp-image-34574\" srcset=\"https:\/\/destinocastillayleon.es\/index\/wp-content\/uploads\/2021\/08\/Iglesia-de-San-Miguel-de-Tiedra-Imagen-de-FotoLaguna2000.jpg 640w, https:\/\/destinocastillayleon.es\/index\/wp-content\/uploads\/2021\/08\/Iglesia-de-San-Miguel-de-Tiedra-Imagen-de-FotoLaguna2000-300x202.jpg 300w\" sizes=\"(max-width: 640px) 100vw, 640px\" \/><figcaption id=\"caption-attachment-34574\" class=\"wp-caption-text\">Iglesia de San Miguel de Tiedra &#8211; Imagen de FotoLaguna2000<\/figcaption><\/figure>\n<p>Un dato curioso es que <strong>se han localizado piedras y piezas de origen visig\u00f3tico<\/strong> en la construcci\u00f3n del siglo XII, que fueron reaprovechadas en las obras.<\/p>\n<h4><strong>Iglesia de San Pedro<\/strong><\/h4>\n<p>Es posiblemente la que m\u00e1s llame la atenci\u00f3n, <strong>ya est\u00e1 bastante expuesta y en una zona adyacente a la muralla, por lo que es visible desde muchas partes<\/strong>, especialmente desde el paseo al castillo.<\/p>\n<p>El templo original <strong>era de estilo rom\u00e1nico, construido en el siglo XII<\/strong>. De esta \u00e9poca quedan los cimientos de la espada\u00f1a, que deb\u00eda servir adicionalmente como una torre defensiva m\u00e1s de la muralla.<\/p>\n<figure id=\"attachment_34577\" aria-describedby=\"caption-attachment-34577\" style=\"width: 640px\" class=\"wp-caption aligncenter\"><img decoding=\"async\" src=\"https:\/\/destinocastillayleon.es\/index\/wp-content\/uploads\/2021\/08\/Iglesia-de-San-Pedro-de-Tiedra-en-ruinas-Imagen-de-FotoLaguna2000.jpg\" alt=\"Iglesia de San Pedro de Tiedra en ruinas - Imagen de FotoLaguna2000\" width=\"640\" height=\"360\" class=\"size-full wp-image-34577\" srcset=\"https:\/\/destinocastillayleon.es\/index\/wp-content\/uploads\/2021\/08\/Iglesia-de-San-Pedro-de-Tiedra-en-ruinas-Imagen-de-FotoLaguna2000.jpg 640w, https:\/\/destinocastillayleon.es\/index\/wp-content\/uploads\/2021\/08\/Iglesia-de-San-Pedro-de-Tiedra-en-ruinas-Imagen-de-FotoLaguna2000-300x169.jpg 300w\" sizes=\"(max-width: 640px) 100vw, 640px\" \/><figcaption id=\"caption-attachment-34577\" class=\"wp-caption-text\">Iglesia de San Pedro de Tiedra en ruinas &#8211; Imagen de FotoLaguna2000<\/figcaption><\/figure>\n<p><strong>En el siglo XVI tuvo que reconstruirse; y de esta \u00e9poca debi\u00f3 ser la cubierta artesonado mud\u00e9jar<\/strong>. Actualmente es una ruina en el que se han perdido bastantes elementos. Durante nuestra visita, vimos que estaba en marcha un proyecto de recuperaci\u00f3n para un uso cultural.<\/p>\n<h4><strong>Ermita de Nuestra Se\u00f1ora de Tiedra Vieja<\/strong><\/h4>\n<p>A las afueras de Tiedra, <strong>aunque perfectamente comunicado por un camino arbolado que parte desde la salida sur de Tiedra<\/strong>, se llega a esta ermita santuario, que dista <strong>algo menos de medio kil\u00f3metro<\/strong>; por el camino se encuentran los restos de una calzada romana.<\/p>\n<p>Al llegar, llama la atenci\u00f3n <strong>una fachada cl\u00e1sica y muy hermosa, reconstruida en el siglo XVII<\/strong>. La puerta de acceso est\u00e1 bajo la espada\u00f1a, permitiendo llegar a trav\u00e9s de un zagu\u00e1n a un patio porticado. Este patio era parte de una antigua hospeder\u00eda.<\/p>\n<p><figure id=\"attachment_34576\" aria-describedby=\"caption-attachment-34576\" style=\"width: 640px\" class=\"wp-caption aligncenter\"><img decoding=\"async\" src=\"https:\/\/destinocastillayleon.es\/index\/wp-content\/uploads\/2021\/08\/Ermita-de-Ntra.-Sra.-de-Tiedra-Vieja-Imagen-de-FotoLaguna2000.jpg\" alt=\"Ermita de Ntra. Sra. de Tiedra Vieja - Imagen de FotoLaguna2000\" width=\"640\" height=\"426\" class=\"size-full wp-image-34576\" srcset=\"https:\/\/destinocastillayleon.es\/index\/wp-content\/uploads\/2021\/08\/Ermita-de-Ntra.-Sra.-de-Tiedra-Vieja-Imagen-de-FotoLaguna2000.jpg 640w, https:\/\/destinocastillayleon.es\/index\/wp-content\/uploads\/2021\/08\/Ermita-de-Ntra.-Sra.-de-Tiedra-Vieja-Imagen-de-FotoLaguna2000-300x200.jpg 300w, https:\/\/destinocastillayleon.es\/index\/wp-content\/uploads\/2021\/08\/Ermita-de-Ntra.-Sra.-de-Tiedra-Vieja-Imagen-de-FotoLaguna2000-600x400.jpg 600w\" sizes=\"(max-width: 640px) 100vw, 640px\" \/><figcaption id=\"caption-attachment-34576\" class=\"wp-caption-text\">Ermita de Ntra. Sra. de Tiedra Vieja &#8211; Imagen de FotoLaguna2000<\/figcaption><\/figure><a name=\"Aula-Arqueologica\"><\/a><\/p>\n<p><strong>La Iglesia actual es una edificaci\u00f3n de 1713<\/strong>, seg\u00fan los planos de Fray Juan de Santa Teresa. Est\u00e1 planteado en una sola nave con cubierta en b\u00f3veda de ca\u00f1\u00f3n y decoraci\u00f3n con yeser\u00edas. En la capilla mayor, el camar\u00edn de La Virgen de Nuestra Se\u00f1ora de Tiedra Vieja, cubierta con c\u00fapula sobre pechinas decoradas con pinturas alusivas a la vida de la Virgen.<\/p>\n<h4><strong>El Aula de arqueolog\u00eda<\/strong><\/h4>\n<p>En este santuario, <strong>situado sobre el antiguo yacimiento de Amall\u00f3briga<\/strong>, est\u00e1 el aula arqueol\u00f3gica y lo visible del yacimiento. <strong>Se puede visitar por libre de manera gratuita durante los meses de verano<\/strong>. La verdad que merece mucho la pena acercarse hasta all\u00ed.<\/p>\n<figure id=\"attachment_34585\" aria-describedby=\"caption-attachment-34585\" style=\"width: 640px\" class=\"wp-caption aligncenter\"><img decoding=\"async\" src=\"https:\/\/destinocastillayleon.es\/index\/wp-content\/uploads\/2021\/08\/a54a36f4d70ce66c93a03dbf19267728.jpg\" alt=\"Piezas del Aula arqueol\u00f3gica de Tiedra - Imagen de Tiedra.es\" width=\"640\" height=\"422\" class=\"size-full wp-image-34585\" srcset=\"https:\/\/destinocastillayleon.es\/index\/wp-content\/uploads\/2021\/08\/a54a36f4d70ce66c93a03dbf19267728.jpg 640w, https:\/\/destinocastillayleon.es\/index\/wp-content\/uploads\/2021\/08\/a54a36f4d70ce66c93a03dbf19267728-300x198.jpg 300w\" sizes=\"(max-width: 640px) 100vw, 640px\" \/><figcaption id=\"caption-attachment-34585\" class=\"wp-caption-text\">Piezas del Aula arqueol\u00f3gica de Tiedra &#8211; Imagen de Tiedra.es<\/figcaption><\/figure>\n<p>El aula de arqueolog\u00eda <strong>recoge piezas procedentes del yacimiento arqueol\u00f3gico pr\u00f3ximo de Amall\u00f3briga<\/strong>. No lo visitamos, por lo que <strong>estamos recogiendo informaci\u00f3n de la web<\/strong>.<\/p>\n<h4><strong>Yacimiento de Amall\u00f3briga<\/strong><\/h4>\n<p>Este yacimiento de <strong>unas 20 Ha. se localiza en el Cerro de la Ermita<\/strong> y se cree que es una importante ciudad vaccea, posteriormente romanizada y que es citada dentro de unos escritos llamados <em> Itinerario de Antonino<\/em>, del siglo III.<\/p>\n<p>Aunque gratuito, para la visita al aula o al yacimiento <strong>es preciso concertar una visita con la Oficina de turismo de Tiedra<\/strong>.<a name=\"Edificios\"><\/a><\/p>\n<h3><strong>Patrimonio arquitect\u00f3nico civil de Tiedra<\/strong><\/h3>\n<h4><strong>Plaza mayor de Tiedra<\/strong><\/h4>\n<p>Esta plaza <strong>sigue el esquema de otras plazas mayores castellanas ejecutadas durante la edad moderna;<\/strong> planta rectangular homog\u00e9nea con soportales en sus edificios y presidiendo la misma, el ayuntamiento. Las columnas m\u00e1s habituales de esta plaza son del siglo XVI y XVII.<\/p>\n<figure id=\"attachment_34560\" aria-describedby=\"caption-attachment-34560\" style=\"width: 640px\" class=\"wp-caption aligncenter\"><img decoding=\"async\" src=\"https:\/\/destinocastillayleon.es\/index\/wp-content\/uploads\/2021\/08\/5f49d62925172a366a302a2280a5380a.jpg\" alt=\"Ayuntamiento de Tiedra - Destino Castilla y Le\u00f3n\" width=\"640\" height=\"382\" class=\"size-full wp-image-34560\" srcset=\"https:\/\/destinocastillayleon.es\/index\/wp-content\/uploads\/2021\/08\/5f49d62925172a366a302a2280a5380a.jpg 640w, https:\/\/destinocastillayleon.es\/index\/wp-content\/uploads\/2021\/08\/5f49d62925172a366a302a2280a5380a-300x179.jpg 300w\" sizes=\"(max-width: 640px) 100vw, 640px\" \/><figcaption id=\"caption-attachment-34560\" class=\"wp-caption-text\">Ayuntamiento de Tiedra &#8211; Destino Castilla y Le\u00f3n<\/figcaption><\/figure>\n<p>El edificio m\u00e1s singular <strong>es el actual ayuntamiento, construido sobre el solar que ocupara un antiguo hospital<\/strong> hasta mediados del siglo XIX. Es un edificio de piedra de siller\u00eda y ladrillos en un estilo ecl\u00e9ctico.<\/p>\n<h4><strong>El P\u00f3sito real<\/strong><\/h4>\n<p>Como en otras localidades, <strong>existe un edificio p\u00fablico cuyas funciones eran las de actuar como \u201cbanco de semillas\u201d<\/strong>. Se trata de un p\u00f3sito real. El P\u00f3sito de Tiedra data de 1793. <\/p>\n<figure id=\"attachment_34575\" aria-describedby=\"caption-attachment-34575\" style=\"width: 640px\" class=\"wp-caption aligncenter\"><img decoding=\"async\" src=\"https:\/\/destinocastillayleon.es\/index\/wp-content\/uploads\/2021\/08\/7f83966e017a14cad2fb9b47232bbe4c.jpg\" alt=\"Antiguo P\u00f3sito Real de Tiedra - Imagen de FotoLaguna2000\" width=\"640\" height=\"359\" class=\"size-full wp-image-34575\" srcset=\"https:\/\/destinocastillayleon.es\/index\/wp-content\/uploads\/2021\/08\/7f83966e017a14cad2fb9b47232bbe4c.jpg 640w, https:\/\/destinocastillayleon.es\/index\/wp-content\/uploads\/2021\/08\/7f83966e017a14cad2fb9b47232bbe4c-300x168.jpg 300w\" sizes=\"(max-width: 640px) 100vw, 640px\" \/><figcaption id=\"caption-attachment-34575\" class=\"wp-caption-text\">Antiguo P\u00f3sito Real de Tiedra &#8211; Imagen de FotoLaguna2000<\/figcaption><\/figure>\n<p>Se trata de <strong>un edificio \u201cindustrial\u201d de una nave \u00fanica, de una planta y realizado en mamposter\u00eda<\/strong>; y cubierta de par y nudillo. Actualmente no posee las mismas funciones que anta\u00f1o, por lo que tras una restauraci\u00f3n integral hace a\u00f1os, se dedica para actividades culturales.<\/p>\n<h4><strong>Casa-Museo \u00abEl Hereje de Tiedra\u00bb<\/strong><\/h4>\n<p>Entre las muchas casas solariegas de Tiedra, <strong>hay una que destaca por su particular historia o leyenda<\/strong>; esta cuenta que all\u00ed vivi\u00f3 durante el siglo XVI, un sastre llamado Francisco Gomez, <strong>que fue condenado por la Inquisici\u00f3n<\/strong> por afirmar que las mujeres no deb\u00edan confesarse con sacerdotes, si no con sus maridos, algo que contradice el credo cat\u00f3lico.<\/p>\n<figure id=\"attachment_34561\" aria-describedby=\"caption-attachment-34561\" style=\"width: 640px\" class=\"wp-caption aligncenter\"><img decoding=\"async\" src=\"https:\/\/destinocastillayleon.es\/index\/wp-content\/uploads\/2021\/08\/Casa-del-Hereje-de-Tiedra-Imagen-de-Tiedra.es_.jpg\" alt=\"Casa del Hereje de Tiedra - Imagen de Tiedra.es\" width=\"640\" height=\"427\" class=\"size-full wp-image-34561\" srcset=\"https:\/\/destinocastillayleon.es\/index\/wp-content\/uploads\/2021\/08\/Casa-del-Hereje-de-Tiedra-Imagen-de-Tiedra.es_.jpg 640w, https:\/\/destinocastillayleon.es\/index\/wp-content\/uploads\/2021\/08\/Casa-del-Hereje-de-Tiedra-Imagen-de-Tiedra.es_-300x200.jpg 300w, https:\/\/destinocastillayleon.es\/index\/wp-content\/uploads\/2021\/08\/Casa-del-Hereje-de-Tiedra-Imagen-de-Tiedra.es_-600x400.jpg 600w\" sizes=\"(max-width: 640px) 100vw, 640px\" \/><figcaption id=\"caption-attachment-34561\" class=\"wp-caption-text\">Casa del Hereje de Tiedra &#8211; Imagen de Tiedra.es<\/figcaption><\/figure>\n<p>El edificio en cuesti\u00f3n <strong>es la casa t\u00edpica de los Montes Torozos; en ella se exponen diferentes muebles y utensilios a modo de museo etnogr\u00e1fico contextualizado<\/strong>. Es visitable y representa una experiencia muy interesante si te gusta este tipo de exposiciones.<\/p>\n<p><strong>Informaci\u00f3n:<\/strong><br \/>\nCalle Se\u00f1or 8,<br \/>\n47870 \u2013 Tiedra (Valladolid)<\/p>\n<p>Telf.: +34 983 791 405 \/ +34 983 791 405<br \/>\n@.: <a href=\"mailto:casamuseoelherejedetiedra@hotmail.com\"> casamuseoelherejedetiedra@hotmail.com<\/a><\/p>\n<p><strong>Horario de visitas:<\/strong><br \/>\nFines de semana y periodos vacacionales, con previa cita.<\/p>\n<h3><strong>El Centro Ecuestre Solero<\/strong><\/h3>\n<p>Se te gusta el mundo del caballo, en Tiedra, <strong>sabemos que existe este Centro Ecuestre<\/strong>. Un lugar donde se puede tener caballos entre campos de cereal y lavanda, en un espacio de semilibertad.<\/p>\n<figure id=\"attachment_34586\" aria-describedby=\"caption-attachment-34586\" style=\"width: 640px\" class=\"wp-caption aligncenter\"><img decoding=\"async\" src=\"https:\/\/destinocastillayleon.es\/index\/wp-content\/uploads\/2021\/08\/Centro-Ecuestre-Solero-Imagen-del-Centro.jpg\" alt=\"Centro Ecuestre Solero - Imagen del Centro\" width=\"640\" height=\"360\" class=\"size-full wp-image-34586\" srcset=\"https:\/\/destinocastillayleon.es\/index\/wp-content\/uploads\/2021\/08\/Centro-Ecuestre-Solero-Imagen-del-Centro.jpg 640w, https:\/\/destinocastillayleon.es\/index\/wp-content\/uploads\/2021\/08\/Centro-Ecuestre-Solero-Imagen-del-Centro-300x169.jpg 300w\" sizes=\"(max-width: 640px) 100vw, 640px\" \/><figcaption id=\"caption-attachment-34586\" class=\"wp-caption-text\">Centro Ecuestre Solero &#8211; Imagen del Centro<\/figcaption><\/figure>\n<p>Dado que no hemos estado, <strong>no podemos indicaros nada m\u00e1s all\u00e1 de su existencia<\/strong>.<\/p>\n<h4><strong>Informaci\u00f3n<\/strong><\/h4>\n<p>Carretera Tiedra-San Cebrian, km 1<br \/>\n47870 &#8211; Tiedra (Valladolid)<\/p>\n<p>Telf:+34 699 053 862;  +34 983 78  06 14<br \/>\n@.: <a href=\"mailto:turismorural@lacasonadeandrea.es\">turismorural@lacasonadeandrea.es<\/a><a name=\"Llegar\"><\/a><\/p>\n<h2><strong>Informaci\u00f3n general para un escapada por Tiedra<\/strong><\/h2>\n<h3><strong>\u00bfC\u00f3mo llegar?<\/strong><\/h3>\n<p>A la localidad de <a href=\"https:\/\/goo.gl\/maps\/u1fVjuJG5Z7PNA7h8\" rel=\"noopener noreferrer\" target=\"_blank\">Tiedra<\/a> <strong>se llega desde la VA-705, que es un desv\u00edo de la Autov\u00eda A6, en su km. 216<\/strong>, a la altura de Villardefrades; Pero puedes tomar un desv\u00edo previo en el Km. 209, por una carretera comarcal. <\/p>\n<p><figure id=\"attachment_34540\" aria-describedby=\"caption-attachment-34540\" style=\"width: 580px\" class=\"wp-caption aligncenter\"><img decoding=\"async\" src=\"https:\/\/destinocastillayleon.es\/index\/wp-content\/uploads\/2021\/08\/82569832544eb0c081e83e4535f89645.jpg\" alt=\"Entrada a Tiedra por la carretera VA705, justo frente a Tiedra de Lavanda - Destino Castilla y Le\u00f3n\" width=\"580\" height=\"326\" class=\"size-full wp-image-34540\" srcset=\"https:\/\/destinocastillayleon.es\/index\/wp-content\/uploads\/2021\/08\/82569832544eb0c081e83e4535f89645.jpg 580w, https:\/\/destinocastillayleon.es\/index\/wp-content\/uploads\/2021\/08\/82569832544eb0c081e83e4535f89645-300x169.jpg 300w\" sizes=\"(max-width: 580px) 100vw, 580px\" \/><figcaption id=\"caption-attachment-34540\" class=\"wp-caption-text\">Entrada a Tiedra por la carretera VA705, justo frente a Tiedra de Lavanda &#8211; Destino Castilla y Le\u00f3n<\/figcaption><\/figure><a name=\"Comer\"><\/a><\/p>\n<h3><strong>\u00bfD\u00f3nde comer?<\/strong><\/h3>\n<p>Hemos ido en varias ocasiones a Tiedra, <strong>pues es un lugar bonito para una escapada en familia y adem\u00e1s se complementa con otros destinos en la zona de los Montes Torozos<\/strong>. En la mayor parte de las ocasiones <strong>hemos hecho picnic<\/strong> en alguno de los merenderos de la zona.<\/p>\n<p>Pero vamos <strong>a destacar un restaurante local, peque\u00f1o, poco gourmet, pero con el atractivo de una cocina totalmente casera<\/strong>. Muy cerca de Tiedra de Lavanda, el bar restaurante El Refugio del Pago. <strong>No esperes bajillas elegantes, ni manteles bonitos; pero es cocina con mucho amor<\/strong>. La \u00fanica pega es que est\u00e1 justo en la traves\u00eda de la VA-705; pero han aprovechado la pandemia para mejorar las instalaciones y la cocina.<\/p>\n<figure id=\"attachment_34562\" aria-describedby=\"caption-attachment-34562\" style=\"width: 640px\" class=\"wp-caption aligncenter\"><img decoding=\"async\" src=\"https:\/\/destinocastillayleon.es\/index\/wp-content\/uploads\/2021\/08\/4b66d3eaee1ce1834a347534655830a2.jpg\" alt=\"Men\u00fas del Bar-Restaurante de Tiedra - Destino Castilla y Le\u00f3n\" width=\"640\" height=\"419\" class=\"size-full wp-image-34562\" srcset=\"https:\/\/destinocastillayleon.es\/index\/wp-content\/uploads\/2021\/08\/4b66d3eaee1ce1834a347534655830a2.jpg 640w, https:\/\/destinocastillayleon.es\/index\/wp-content\/uploads\/2021\/08\/4b66d3eaee1ce1834a347534655830a2-300x196.jpg 300w\" sizes=\"(max-width: 640px) 100vw, 640px\" \/><figcaption id=\"caption-attachment-34562\" class=\"wp-caption-text\">Men\u00fas del Bar-Restaurante El Refugio del Pago de Tiedra &#8211; Destino Castilla y Le\u00f3n<\/figcaption><\/figure>\n<p>Otros lugares m\u00e1s interesantes son <strong>Los Fogones de Mi Madre o Mes\u00f3n El Molino de Tiedra<\/strong>, aunque los hemos conocido m\u00e1s tapeando y tomando un vino. <\/p>\n<h4><strong>Especialidades de Tiedra<\/strong><\/h4>\n<p>Como siempre que podemos, te vamos a recomendar artesanos locales que elaboran productos t\u00edpicos de la zona; en Tiedra son recomendables <strong>los dulces del obrador Viuda de Lisardo Bragado e Hijos<\/strong>,.. no os los perd\u00e1is.<\/p>\n<figure id=\"attachment_34578\" aria-describedby=\"caption-attachment-34578\" style=\"width: 580px\" class=\"wp-caption aligncenter\"><img decoding=\"async\" src=\"https:\/\/destinocastillayleon.es\/index\/wp-content\/uploads\/2021\/08\/6f0f6ed8e5f9a8445f6929b3608377b7.jpg\" alt=\"Mantecados de Lisardo Bragado y Mieles de SetentayNueve - Destino Castilla y Le\u00f3n\" width=\"580\" height=\"396\" class=\"size-full wp-image-34578\" srcset=\"https:\/\/destinocastillayleon.es\/index\/wp-content\/uploads\/2021\/08\/6f0f6ed8e5f9a8445f6929b3608377b7.jpg 580w, https:\/\/destinocastillayleon.es\/index\/wp-content\/uploads\/2021\/08\/6f0f6ed8e5f9a8445f6929b3608377b7-300x205.jpg 300w\" sizes=\"(max-width: 580px) 100vw, 580px\" \/><figcaption id=\"caption-attachment-34578\" class=\"wp-caption-text\">Mantecados de Lisardo Bragado y Mieles de SetentayNueve &#8211; Destino Castilla y Le\u00f3n<\/figcaption><\/figure>\n<p>Y si como a nosotros, te gusta la miel artesana (nada que ver con lo que encuentras en los lineales de cualquier supermercado, te encantar\u00e1 la <strong>miel de Mieleras Setentaynueve<\/strong>, que se ha especializado en miel de Lavanda.<br \/>\n<a name=\"Dormir\"><\/a><\/p>\n<h3><strong>\u00bfD\u00f3nde alojarte?<\/strong><\/h3>\n<p><strong>Nunca nos hemos alojado en Tiedra, pues no nos pilla mal ir y volver en el d\u00eda<\/strong>, aunque no es un mal sitio para una escapada por los Montes Torozos, y si vienes de lejos, <strong>la zona es muy interesante<\/strong>, con poblaciones, casi olvidadas, pero que conservan su encanto, como Villalba de los Alcores y las ruinas del Monasterio de Matallana. Por esa raz\u00f3n, <strong>si tuvi\u00e9ramos que quedarnos a dormir en Tiedra, nos parece interesante <a href=\"https:\/\/www.booking.com\/hotel\/es\/alamar.es.html?aid=1281624;sid=920c339a3ab2e1960f8c77c21ce0de61;age=12;dest_id=-404200;dest_type=city;dist=0;group_adults=2;group_children=1;hapos=1;hpos=1;no_rooms=1;req_adults=2;req_age=12;req_children=1;room1=A%2CA%2C12;sb_price_type=total;sr_order=popularity;srepoch=1627944992;srpvid=9a33a14fac98003c;type=total;ucfs=1&#038;#hotelTmpl\" rel=\"NoFollow noopener noreferrer\" target=\"_Blank\">Casa Rural Alamar<\/a><\/strong>.<\/p>\n<figure id=\"attachment_34581\" aria-describedby=\"caption-attachment-34581\" style=\"width: 580px\" class=\"wp-caption aligncenter\"><img decoding=\"async\" src=\"https:\/\/destinocastillayleon.es\/index\/wp-content\/uploads\/2021\/08\/Casa-Rural-Alamar-Imagen-del-Hotel.jpg\" alt=\"Casa Rural Alamar - Imagen del Hotel\" width=\"580\" height=\"326\" class=\"size-full wp-image-34581\" srcset=\"https:\/\/destinocastillayleon.es\/index\/wp-content\/uploads\/2021\/08\/Casa-Rural-Alamar-Imagen-del-Hotel.jpg 580w, https:\/\/destinocastillayleon.es\/index\/wp-content\/uploads\/2021\/08\/Casa-Rural-Alamar-Imagen-del-Hotel-300x169.jpg 300w\" sizes=\"(max-width: 580px) 100vw, 580px\" \/><figcaption id=\"caption-attachment-34581\" class=\"wp-caption-text\">Casa Rural Alamar &#8211; Imagen del Hotel<\/figcaption><\/figure>\n<p>Ahora bien, si no te apetece quedarte en Tiedra, <strong>otras opciones pr\u00f3ximas ser\u00edan<\/strong>, en Urue\u00f1a, <a href=\"https:\/\/www.booking.com\/hotel\/es\/pozolico-ctr.es.html?aid=1281624;sid=920c339a3ab2e1960f8c77c21ce0de61;age=12;dest_id=-404200;dest_type=city;dist=0;group_adults=2;group_children=1;hapos=3;hpos=3;no_rooms=1;req_adults=2;req_age=12;req_children=1;room1=A%2CA%2C12;sb_price_type=total;spdest=ci%2F-404200;sr_order=popularity;srepoch=1627944992;srpvid=9a33a14fac98003c;type=total;ucfs=1&#038;#hotelTmpl\" rel=\"noopener nofollow noreferrer\" target=\"_blank\">Pozolico Hotel Rural<\/a>; o bien en Mota del Marqu\u00e9s, <a href=\"https:\/\/www.booking.com\/hotel\/es\/la-aldea-colorada-mota-del-marques.es.html?aid=1281624;sid=920c339a3ab2e1960f8c77c21ce0de61;age=12;atlas_src=sr_iw_btn;dest_id=-404200;dest_type=city;dist=0;group_adults=2;group_children=1;no_rooms=1;room1=A%2CA%2C12;sb_price_type=total;type=total;ucfs=1&#038;\" rel=\"nofollow noopener noreferrer\" target=\"_blank\"><strong>La Aldea Colorada Casa Rural<\/strong><\/a>. Pero no los hemos probado.<a name=\"Historia\"><\/a><\/p>\n<h3><strong>Breve rese\u00f1a hist\u00f3rica sobre Tiedra<\/strong><\/h3>\n<p>Para comprender lo que hemos visitado en esta escapada por Tiedra, es bueno tener unas pinceladas esenciales de la historia de la Vill. Tiedra <strong>cuenta con la ventaja de estar al borde de una terraza de los Montes Torozos<\/strong>, lo que permite dominar ampliamente la visi\u00f3n del valle del Duero. <strong>As\u00ed lo vieron ya los vacceos<\/strong>, un pueblo prerromano que estableci\u00f3 una ciudad en la zona de la actual Ermita de Nuestra Se\u00f1ora de Tiedra Vieja.<\/p>\n<p><strong>Los romanos tambi\u00e9n se establecieron all\u00ed, refundando la ciudad con el nombre romanizado de Amall\u00f3briga<\/strong>, cuyos restos forman el Yacimiento del Cerro de la Ermita.<\/p>\n<p>Durante la alta edad media, <strong>qued\u00f3 despoblada en el gran desierto del Duero, pero una vez repoblada, la villa pas\u00f3 a ser parte del reino de Le\u00f3n, o del de Castilla<\/strong>; seg\u00fan los avatares de la historia de fronteras de estos dos reinos.<\/p>\n<figure id=\"attachment_34589\" aria-describedby=\"caption-attachment-34589\" style=\"width: 200px\" class=\"wp-caption aligncenter\"><img decoding=\"async\" src=\"https:\/\/destinocastillayleon.es\/index\/wp-content\/uploads\/2021\/08\/ca87dec69996937f003eb9b23534a71b.jpg\" alt=\"Alfonso IX de Le\u00f3n - Imagen de Wikipedia\" width=\"200\" height=\"353\" class=\"size-full wp-image-34589\" srcset=\"https:\/\/destinocastillayleon.es\/index\/wp-content\/uploads\/2021\/08\/ca87dec69996937f003eb9b23534a71b.jpg 200w, https:\/\/destinocastillayleon.es\/index\/wp-content\/uploads\/2021\/08\/ca87dec69996937f003eb9b23534a71b-170x300.jpg 170w\" sizes=\"(max-width: 200px) 100vw, 200px\" \/><figcaption id=\"caption-attachment-34589\" class=\"wp-caption-text\">Alfonso IX de Le\u00f3n &#8211; Imagen de Wikipedia<\/figcaption><\/figure>\n<p>Aunque el castillo de Tiedra puede ser previo, o al menos alg\u00fan tipo de fortaleza, <strong>la primera menci\u00f3n documental conocida es del siglo XI<\/strong>. La siguiente menci\u00f3n ya indica que, <strong>pas\u00f3 a manos castellanas como parte del acuerdo de divorcio entre el rey Alfonso IX de Le\u00f3n y Do\u00f1a Berenguela de Castilla<\/strong>, hija de Alfonso VIII de Castilla y hermana del rey Enrique I de Castilla.<\/p>\n<p>Pero toda <strong>la zona fue zona de conflicto entre ambas potencias cristianas hasta la unificaci\u00f3n en 1233<\/strong> en la cabeza de Fernando III de Le\u00f3n y Castilla.<\/p>\n<p><figure id=\"attachment_32465\" aria-describedby=\"caption-attachment-32465\" style=\"width: 316px\" class=\"wp-caption aligncenter\"><img decoding=\"async\" src=\"https:\/\/destinocastillayleon.es\/index\/wp-content\/uploads\/2017\/06\/Fernando-III-de-Castilla.jpg\" alt=\"Fernando III de Le\u00f3n y Castilla\" width=\"316\" height=\"454\" class=\"size-full wp-image-32465\" srcset=\"https:\/\/destinocastillayleon.es\/index\/wp-content\/uploads\/2017\/06\/Fernando-III-de-Castilla.jpg 316w, https:\/\/destinocastillayleon.es\/index\/wp-content\/uploads\/2017\/06\/Fernando-III-de-Castilla-209x300.jpg 209w\" sizes=\"(max-width: 316px) 100vw, 316px\" \/><figcaption id=\"caption-attachment-32465\" class=\"wp-caption-text\">Fernando III de Le\u00f3n y Castilla<\/figcaption><\/figure><br \/>\n<strong>La \u00e9poca dorada de Tiedra se dio durante finales del siglo XV y el siglo XVI<\/strong>, con una importante actividad comercial. <strong>Es a finales del siglo XIX y principios del XX, que se da una segunda etapa de esplendor<\/strong>, con lo que se llenan las calles de edificios desmesurados.<\/p>\n<p>Tras conocer este precioso pueblo de Valladolid, <strong>\u00bfno te animas a una escapada por Tiedra?<\/strong> Ya has podido ver que es un pueblo muy curioso y que se complementa con m\u00e1s destinos proximos.<\/p>\n<h4>Tambi\u00e9n te puede interesar&#8230;<\/h4>\n<ul>\n<li><a href=\"https:\/\/destinocastillayleon.es\/index\/guia-para-visitar-uruena\/\">Gu\u00eda para visitar Urue\u00f1a<\/a>.<\/li>\n<li><a href=\"https:\/\/destinocastillayleon.es\/index\/castillo-encantado-de-trigueros-del-valle\/\">El Castillo Encantado de Trigueros del Valle<\/a>.<\/li>\n<li><a href=\"https:\/\/destinocastillayleon.es\/index\/guia-para-visitar-ampudia-la-bella-de-campos-en-palencia\/\">Gu\u00eda para visitar Ampudia, la Bella de Campos en Palencia<\/a>.<\/li>\n<\/ul>\n","protected":false},"excerpt":{"rendered":"<p>Gu\u00eda para hacer una escapada por Tiedra basada en nuestra experiencia visitando los campos de lavanda, el castillo y el observatorio astron\u00f3mico de Tiedra. Un destino en Valladolid que no te esperas.<\/p>\n","protected":false},"author":2,"featured_media":34591,"comment_status":"open","ping_status":"closed","sticky":false,"template":"","format":"standard","meta":{"rop_custom_images_group":[],"rop_custom_messages_group":[],"rop_publish_now":"initial","rop_publish_now_accounts":{"twitter_1150954226_1150954226":""},"rop_publish_now_history":[],"rop_publish_now_status":"pending","footnotes":""},"categories":[68,45,73,26,4798],"tags":[5963,5858,5964,5965],"class_list":["post-34316","post","type-post","status-publish","format-standard","has-post-thumbnail","hentry","category-post_inicial","category-provincias","category-punto_singular","category-valladolid","category-valladolid-turismo","tag-astronomia","tag-castillos","tag-lavanda","tag-montes-torozos"],"yoast_head":"<!-- This site is optimized with the Yoast SEO Premium plugin v20.4 (Yoast SEO v27.4) - https:\/\/yoast.com\/product\/yoast-seo-premium-wordpress\/ -->\n<title>De los campos de lavanda, a las estrellas; una escapada por Tiedra<\/title>\n<meta name=\"description\" content=\"Gu\u00eda para una escapada por Tiedra basada en nuestra experiencia por los campos de lavanda, el castillo y el observatorio astron\u00f3mico de Tiedra\" \/>\n<meta name=\"robots\" content=\"index, follow, max-snippet:-1, max-image-preview:large, max-video-preview:-1\" \/>\n<link rel=\"canonical\" href=\"https:\/\/destinocastillayleon.es\/index\/escapada-por-tiedra\/\" \/>\n<meta property=\"og:locale\" content=\"es_ES\" \/>\n<meta property=\"og:type\" content=\"article\" \/>\n<meta property=\"og:title\" content=\"De los campos de lavanda, a las estrellas; una escapada por Tiedra \u2013 Destino Castilla y Le\u00f3n\" \/>\n<meta property=\"og:description\" content=\"Gu\u00eda para hacer una escapada por Tiedra basada en nuestra experiencia visitando los campos de lavanda, el castillo y el observatorio astron\u00f3mico de Tiedra. Un destino en Valladolid que no te esperas.\" \/>\n<meta property=\"og:url\" content=\"https:\/\/destinocastillayleon.es\/index\/escapada-por-tiedra\/\" \/>\n<meta property=\"og:site_name\" content=\"Destino Castilla y Le\u00f3n\" \/>\n<meta property=\"article:publisher\" content=\"https:\/\/www.facebook.com\/DestinoCastillaYLeon\/\" \/>\n<meta property=\"article:author\" content=\"https:\/\/www.facebook.com\/profile.php?id=1158416854\" \/>\n<meta property=\"article:published_time\" content=\"2021-08-06T04:12:15+00:00\" \/>\n<meta property=\"og:image\" content=\"https:\/\/destinocastillayleon.es\/index\/wp-content\/uploads\/2021\/08\/02ef3e692e145d56d4563e4e64078bd0.jpg\" \/>\n\t<meta property=\"og:image:width\" content=\"1210\" \/>\n\t<meta property=\"og:image:height\" content=\"618\" \/>\n\t<meta property=\"og:image:type\" content=\"image\/jpeg\" \/>\n<meta name=\"author\" content=\"David V\u00e1zquez\" \/>\n<meta name=\"twitter:card\" content=\"summary_large_image\" \/>\n<meta name=\"twitter:title\" content=\"De los campos de lavanda, a las estrellas; una escapada por Tiedra \u2013 Destino Castilla y Le\u00f3n\" \/>\n<meta name=\"twitter:description\" content=\"Gu\u00eda para hacer una escapada por Tiedra basada en nuestra experiencia visitando los campos de lavanda, el castillo y el observatorio astron\u00f3mico de Tiedra. Un destino en Valladolid que no te esperas.\" \/>\n<meta name=\"twitter:image\" content=\"https:\/\/destinocastillayleon.es\/index\/wp-content\/uploads\/2021\/08\/02ef3e692e145d56d4563e4e64078bd0.jpg\" \/>\n<meta name=\"twitter:creator\" content=\"@https:\/\/twitter.com\/ContePantaleone\u200e\" \/>\n<meta name=\"twitter:site\" content=\"@destinocyl\" \/>\n<meta name=\"twitter:label1\" content=\"Escrito por\" \/>\n\t<meta name=\"twitter:data1\" content=\"David V\u00e1zquez\" \/>\n\t<meta name=\"twitter:label2\" content=\"Tiempo de lectura\" \/>\n\t<meta name=\"twitter:data2\" content=\"19 minutos\" \/>\n<script type=\"application\/ld+json\" class=\"yoast-schema-graph\">{\"@context\":\"https:\\\/\\\/schema.org\",\"@graph\":[{\"@type\":\"Article\",\"@id\":\"https:\\\/\\\/destinocastillayleon.es\\\/index\\\/escapada-por-tiedra\\\/#article\",\"isPartOf\":{\"@id\":\"https:\\\/\\\/destinocastillayleon.es\\\/index\\\/escapada-por-tiedra\\\/\"},\"author\":{\"name\":\"David V\u00e1zquez\",\"@id\":\"https:\\\/\\\/destinocastillayleon.es\\\/index\\\/#\\\/schema\\\/person\\\/189221bc8f6cc4fa28b18ad5c289d4c2\"},\"headline\":\"De los campos de lavanda, a las estrellas; una escapada por Tiedra\",\"datePublished\":\"2021-08-06T04:12:15+00:00\",\"mainEntityOfPage\":{\"@id\":\"https:\\\/\\\/destinocastillayleon.es\\\/index\\\/escapada-por-tiedra\\\/\"},\"wordCount\":3765,\"commentCount\":1,\"image\":{\"@id\":\"https:\\\/\\\/destinocastillayleon.es\\\/index\\\/escapada-por-tiedra\\\/#primaryimage\"},\"thumbnailUrl\":\"https:\\\/\\\/destinocastillayleon.es\\\/index\\\/wp-content\\\/uploads\\\/2021\\\/08\\\/02ef3e692e145d56d4563e4e64078bd0.jpg\",\"keywords\":[\"astronom\u00eda\",\"castillos\",\"lavanda\",\"montes torozos\"],\"articleSection\":[\"Post_inicial\",\"Provincias\",\"Punto Singular\",\"Valladolid\",\"Valladolid Turismo\"],\"inLanguage\":\"es\",\"potentialAction\":[{\"@type\":\"CommentAction\",\"name\":\"Comment\",\"target\":[\"https:\\\/\\\/destinocastillayleon.es\\\/index\\\/escapada-por-tiedra\\\/#respond\"]}]},{\"@type\":\"WebPage\",\"@id\":\"https:\\\/\\\/destinocastillayleon.es\\\/index\\\/escapada-por-tiedra\\\/\",\"url\":\"https:\\\/\\\/destinocastillayleon.es\\\/index\\\/escapada-por-tiedra\\\/\",\"name\":\"De los campos de lavanda, a las estrellas; una escapada por Tiedra\",\"isPartOf\":{\"@id\":\"https:\\\/\\\/destinocastillayleon.es\\\/index\\\/#website\"},\"primaryImageOfPage\":{\"@id\":\"https:\\\/\\\/destinocastillayleon.es\\\/index\\\/escapada-por-tiedra\\\/#primaryimage\"},\"image\":{\"@id\":\"https:\\\/\\\/destinocastillayleon.es\\\/index\\\/escapada-por-tiedra\\\/#primaryimage\"},\"thumbnailUrl\":\"https:\\\/\\\/destinocastillayleon.es\\\/index\\\/wp-content\\\/uploads\\\/2021\\\/08\\\/02ef3e692e145d56d4563e4e64078bd0.jpg\",\"datePublished\":\"2021-08-06T04:12:15+00:00\",\"author\":{\"@id\":\"https:\\\/\\\/destinocastillayleon.es\\\/index\\\/#\\\/schema\\\/person\\\/189221bc8f6cc4fa28b18ad5c289d4c2\"},\"description\":\"Gu\u00eda para una escapada por Tiedra basada en nuestra experiencia por los campos de lavanda, el castillo y el observatorio astron\u00f3mico de Tiedra\",\"breadcrumb\":{\"@id\":\"https:\\\/\\\/destinocastillayleon.es\\\/index\\\/escapada-por-tiedra\\\/#breadcrumb\"},\"inLanguage\":\"es\",\"potentialAction\":[{\"@type\":\"ReadAction\",\"target\":[\"https:\\\/\\\/destinocastillayleon.es\\\/index\\\/escapada-por-tiedra\\\/\"]}]},{\"@type\":\"ImageObject\",\"inLanguage\":\"es\",\"@id\":\"https:\\\/\\\/destinocastillayleon.es\\\/index\\\/escapada-por-tiedra\\\/#primaryimage\",\"url\":\"https:\\\/\\\/destinocastillayleon.es\\\/index\\\/wp-content\\\/uploads\\\/2021\\\/08\\\/02ef3e692e145d56d4563e4e64078bd0.jpg\",\"contentUrl\":\"https:\\\/\\\/destinocastillayleon.es\\\/index\\\/wp-content\\\/uploads\\\/2021\\\/08\\\/02ef3e692e145d56d4563e4e64078bd0.jpg\",\"width\":1210,\"height\":618,\"caption\":\"Escapada a Tiedra - Destino Castilla y Le\u00f3n\"},{\"@type\":\"BreadcrumbList\",\"@id\":\"https:\\\/\\\/destinocastillayleon.es\\\/index\\\/escapada-por-tiedra\\\/#breadcrumb\",\"itemListElement\":[{\"@type\":\"ListItem\",\"position\":1,\"name\":\"Portada\",\"item\":\"https:\\\/\\\/destinocastillayleon.es\\\/index\\\/\"},{\"@type\":\"ListItem\",\"position\":2,\"name\":\"De los campos de lavanda, a las estrellas; una escapada por Tiedra\"}]},{\"@type\":\"WebSite\",\"@id\":\"https:\\\/\\\/destinocastillayleon.es\\\/index\\\/#website\",\"url\":\"https:\\\/\\\/destinocastillayleon.es\\\/index\\\/\",\"name\":\"Destino Castilla y Le\u00f3n\",\"description\":\"Medio digital independiente y revista de Castilla y Le\u00f3n dedicado al turismo, gastronom\u00eda y vino de Castilla y Le\u00f3n\",\"potentialAction\":[{\"@type\":\"SearchAction\",\"target\":{\"@type\":\"EntryPoint\",\"urlTemplate\":\"https:\\\/\\\/destinocastillayleon.es\\\/index\\\/?s={search_term_string}\"},\"query-input\":{\"@type\":\"PropertyValueSpecification\",\"valueRequired\":true,\"valueName\":\"search_term_string\"}}],\"inLanguage\":\"es\"},{\"@type\":\"Person\",\"@id\":\"https:\\\/\\\/destinocastillayleon.es\\\/index\\\/#\\\/schema\\\/person\\\/189221bc8f6cc4fa28b18ad5c289d4c2\",\"name\":\"David V\u00e1zquez\",\"image\":{\"@type\":\"ImageObject\",\"inLanguage\":\"es\",\"@id\":\"https:\\\/\\\/secure.gravatar.com\\\/avatar\\\/cd12db6c575a90c3b75cfa0f794b74d425201c768612fad17e9f13cd33d48be8?s=96&d=mm&r=g\",\"url\":\"https:\\\/\\\/secure.gravatar.com\\\/avatar\\\/cd12db6c575a90c3b75cfa0f794b74d425201c768612fad17e9f13cd33d48be8?s=96&d=mm&r=g\",\"contentUrl\":\"https:\\\/\\\/secure.gravatar.com\\\/avatar\\\/cd12db6c575a90c3b75cfa0f794b74d425201c768612fad17e9f13cd33d48be8?s=96&d=mm&r=g\",\"caption\":\"David V\u00e1zquez\"},\"description\":\"Ingeniero Industrial de vocaci\u00f3n y profesi\u00f3n, he encontrado en los blogs la forma de plasmar mi pasi\u00f3n por los viajes, la gastronom\u00eda y los vinos. Especialmente los procedentes de Castilla y Le\u00f3n\",\"sameAs\":[\"https:\\\/\\\/www.destinocastillayleon.es\",\"https:\\\/\\\/www.facebook.com\\\/profile.php?id=1158416854\",\"https:\\\/\\\/instagram.com\\\/conte.pantaleone\",\"https:\\\/\\\/www.linkedin.com\\\/pub\\\/david-vazquez-lozano\\\/37\\\/17a\\\/25a\",\"https:\\\/\\\/x.com\\\/https:\\\/\\\/twitter.com\\\/ContePantaleone\u200e\"],\"url\":\"https:\\\/\\\/destinocastillayleon.es\\\/index\\\/author\\\/coadministradorcyl\\\/\"}]}<\/script>\n<!-- \/ Yoast SEO Premium plugin. -->","yoast_head_json":{"title":"De los campos de lavanda, a las estrellas; una escapada por Tiedra","description":"Gu\u00eda para una escapada por Tiedra basada en nuestra experiencia por los campos de lavanda, el castillo y el observatorio astron\u00f3mico de Tiedra","robots":{"index":"index","follow":"follow","max-snippet":"max-snippet:-1","max-image-preview":"max-image-preview:large","max-video-preview":"max-video-preview:-1"},"canonical":"https:\/\/destinocastillayleon.es\/index\/escapada-por-tiedra\/","og_locale":"es_ES","og_type":"article","og_title":"De los campos de lavanda, a las estrellas; una escapada por Tiedra \u2013 Destino Castilla y Le\u00f3n","og_description":"Gu\u00eda para hacer una escapada por Tiedra basada en nuestra experiencia visitando los campos de lavanda, el castillo y el observatorio astron\u00f3mico de Tiedra. Un destino en Valladolid que no te esperas.","og_url":"https:\/\/destinocastillayleon.es\/index\/escapada-por-tiedra\/","og_site_name":"Destino Castilla y Le\u00f3n","article_publisher":"https:\/\/www.facebook.com\/DestinoCastillaYLeon\/","article_author":"https:\/\/www.facebook.com\/profile.php?id=1158416854","article_published_time":"2021-08-06T04:12:15+00:00","og_image":[{"width":1210,"height":618,"url":"https:\/\/destinocastillayleon.es\/index\/wp-content\/uploads\/2021\/08\/02ef3e692e145d56d4563e4e64078bd0.jpg","type":"image\/jpeg"}],"author":"David V\u00e1zquez","twitter_card":"summary_large_image","twitter_title":"De los campos de lavanda, a las estrellas; una escapada por Tiedra \u2013 Destino Castilla y Le\u00f3n","twitter_description":"Gu\u00eda para hacer una escapada por Tiedra basada en nuestra experiencia visitando los campos de lavanda, el castillo y el observatorio astron\u00f3mico de Tiedra. Un destino en Valladolid que no te esperas.","twitter_image":"https:\/\/destinocastillayleon.es\/index\/wp-content\/uploads\/2021\/08\/02ef3e692e145d56d4563e4e64078bd0.jpg","twitter_creator":"@https:\/\/twitter.com\/ContePantaleone\u200e","twitter_site":"@destinocyl","twitter_misc":{"Escrito por":"David V\u00e1zquez","Tiempo de lectura":"19 minutos"},"schema":{"@context":"https:\/\/schema.org","@graph":[{"@type":"Article","@id":"https:\/\/destinocastillayleon.es\/index\/escapada-por-tiedra\/#article","isPartOf":{"@id":"https:\/\/destinocastillayleon.es\/index\/escapada-por-tiedra\/"},"author":{"name":"David V\u00e1zquez","@id":"https:\/\/destinocastillayleon.es\/index\/#\/schema\/person\/189221bc8f6cc4fa28b18ad5c289d4c2"},"headline":"De los campos de lavanda, a las estrellas; una escapada por Tiedra","datePublished":"2021-08-06T04:12:15+00:00","mainEntityOfPage":{"@id":"https:\/\/destinocastillayleon.es\/index\/escapada-por-tiedra\/"},"wordCount":3765,"commentCount":1,"image":{"@id":"https:\/\/destinocastillayleon.es\/index\/escapada-por-tiedra\/#primaryimage"},"thumbnailUrl":"https:\/\/destinocastillayleon.es\/index\/wp-content\/uploads\/2021\/08\/02ef3e692e145d56d4563e4e64078bd0.jpg","keywords":["astronom\u00eda","castillos","lavanda","montes torozos"],"articleSection":["Post_inicial","Provincias","Punto Singular","Valladolid","Valladolid Turismo"],"inLanguage":"es","potentialAction":[{"@type":"CommentAction","name":"Comment","target":["https:\/\/destinocastillayleon.es\/index\/escapada-por-tiedra\/#respond"]}]},{"@type":"WebPage","@id":"https:\/\/destinocastillayleon.es\/index\/escapada-por-tiedra\/","url":"https:\/\/destinocastillayleon.es\/index\/escapada-por-tiedra\/","name":"De los campos de lavanda, a las estrellas; una escapada por Tiedra","isPartOf":{"@id":"https:\/\/destinocastillayleon.es\/index\/#website"},"primaryImageOfPage":{"@id":"https:\/\/destinocastillayleon.es\/index\/escapada-por-tiedra\/#primaryimage"},"image":{"@id":"https:\/\/destinocastillayleon.es\/index\/escapada-por-tiedra\/#primaryimage"},"thumbnailUrl":"https:\/\/destinocastillayleon.es\/index\/wp-content\/uploads\/2021\/08\/02ef3e692e145d56d4563e4e64078bd0.jpg","datePublished":"2021-08-06T04:12:15+00:00","author":{"@id":"https:\/\/destinocastillayleon.es\/index\/#\/schema\/person\/189221bc8f6cc4fa28b18ad5c289d4c2"},"description":"Gu\u00eda para una escapada por Tiedra basada en nuestra experiencia por los campos de lavanda, el castillo y el observatorio astron\u00f3mico de Tiedra","breadcrumb":{"@id":"https:\/\/destinocastillayleon.es\/index\/escapada-por-tiedra\/#breadcrumb"},"inLanguage":"es","potentialAction":[{"@type":"ReadAction","target":["https:\/\/destinocastillayleon.es\/index\/escapada-por-tiedra\/"]}]},{"@type":"ImageObject","inLanguage":"es","@id":"https:\/\/destinocastillayleon.es\/index\/escapada-por-tiedra\/#primaryimage","url":"https:\/\/destinocastillayleon.es\/index\/wp-content\/uploads\/2021\/08\/02ef3e692e145d56d4563e4e64078bd0.jpg","contentUrl":"https:\/\/destinocastillayleon.es\/index\/wp-content\/uploads\/2021\/08\/02ef3e692e145d56d4563e4e64078bd0.jpg","width":1210,"height":618,"caption":"Escapada a Tiedra - Destino Castilla y Le\u00f3n"},{"@type":"BreadcrumbList","@id":"https:\/\/destinocastillayleon.es\/index\/escapada-por-tiedra\/#breadcrumb","itemListElement":[{"@type":"ListItem","position":1,"name":"Portada","item":"https:\/\/destinocastillayleon.es\/index\/"},{"@type":"ListItem","position":2,"name":"De los campos de lavanda, a las estrellas; una escapada por Tiedra"}]},{"@type":"WebSite","@id":"https:\/\/destinocastillayleon.es\/index\/#website","url":"https:\/\/destinocastillayleon.es\/index\/","name":"Destino Castilla y Le\u00f3n","description":"Medio digital independiente y revista de Castilla y Le\u00f3n dedicado al turismo, gastronom\u00eda y vino de Castilla y Le\u00f3n","potentialAction":[{"@type":"SearchAction","target":{"@type":"EntryPoint","urlTemplate":"https:\/\/destinocastillayleon.es\/index\/?s={search_term_string}"},"query-input":{"@type":"PropertyValueSpecification","valueRequired":true,"valueName":"search_term_string"}}],"inLanguage":"es"},{"@type":"Person","@id":"https:\/\/destinocastillayleon.es\/index\/#\/schema\/person\/189221bc8f6cc4fa28b18ad5c289d4c2","name":"David V\u00e1zquez","image":{"@type":"ImageObject","inLanguage":"es","@id":"https:\/\/secure.gravatar.com\/avatar\/cd12db6c575a90c3b75cfa0f794b74d425201c768612fad17e9f13cd33d48be8?s=96&d=mm&r=g","url":"https:\/\/secure.gravatar.com\/avatar\/cd12db6c575a90c3b75cfa0f794b74d425201c768612fad17e9f13cd33d48be8?s=96&d=mm&r=g","contentUrl":"https:\/\/secure.gravatar.com\/avatar\/cd12db6c575a90c3b75cfa0f794b74d425201c768612fad17e9f13cd33d48be8?s=96&d=mm&r=g","caption":"David V\u00e1zquez"},"description":"Ingeniero Industrial de vocaci\u00f3n y profesi\u00f3n, he encontrado en los blogs la forma de plasmar mi pasi\u00f3n por los viajes, la gastronom\u00eda y los vinos. Especialmente los procedentes de Castilla y Le\u00f3n","sameAs":["https:\/\/www.destinocastillayleon.es","https:\/\/www.facebook.com\/profile.php?id=1158416854","https:\/\/instagram.com\/conte.pantaleone","https:\/\/www.linkedin.com\/pub\/david-vazquez-lozano\/37\/17a\/25a","https:\/\/x.com\/https:\/\/twitter.com\/ContePantaleone\u200e"],"url":"https:\/\/destinocastillayleon.es\/index\/author\/coadministradorcyl\/"}]}},"_links":{"self":[{"href":"https:\/\/destinocastillayleon.es\/index\/wp-json\/wp\/v2\/posts\/34316","targetHints":{"allow":["GET"]}}],"collection":[{"href":"https:\/\/destinocastillayleon.es\/index\/wp-json\/wp\/v2\/posts"}],"about":[{"href":"https:\/\/destinocastillayleon.es\/index\/wp-json\/wp\/v2\/types\/post"}],"author":[{"embeddable":true,"href":"https:\/\/destinocastillayleon.es\/index\/wp-json\/wp\/v2\/users\/2"}],"replies":[{"embeddable":true,"href":"https:\/\/destinocastillayleon.es\/index\/wp-json\/wp\/v2\/comments?post=34316"}],"version-history":[{"count":28,"href":"https:\/\/destinocastillayleon.es\/index\/wp-json\/wp\/v2\/posts\/34316\/revisions"}],"predecessor-version":[{"id":34593,"href":"https:\/\/destinocastillayleon.es\/index\/wp-json\/wp\/v2\/posts\/34316\/revisions\/34593"}],"wp:featuredmedia":[{"embeddable":true,"href":"https:\/\/destinocastillayleon.es\/index\/wp-json\/wp\/v2\/media\/34591"}],"wp:attachment":[{"href":"https:\/\/destinocastillayleon.es\/index\/wp-json\/wp\/v2\/media?parent=34316"}],"wp:term":[{"taxonomy":"category","embeddable":true,"href":"https:\/\/destinocastillayleon.es\/index\/wp-json\/wp\/v2\/categories?post=34316"},{"taxonomy":"post_tag","embeddable":true,"href":"https:\/\/destinocastillayleon.es\/index\/wp-json\/wp\/v2\/tags?post=34316"}],"curies":[{"name":"wp","href":"https:\/\/api.w.org\/{rel}","templated":true}]}}