{"id":33567,"date":"2020-10-28T04:22:06","date_gmt":"2020-10-28T03:22:06","guid":{"rendered":"https:\/\/destinocastillayleon.es\/index\/?p=33567"},"modified":"2020-11-26T21:16:50","modified_gmt":"2020-11-26T20:16:50","slug":"experiencias-de-la-ruta-del-vino-de-toro","status":"publish","type":"post","link":"https:\/\/destinocastillayleon.es\/index\/experiencias-de-la-ruta-del-vino-de-toro\/","title":{"rendered":"Experiencias de la Ruta del Vino de Toro"},"content":{"rendered":"<p>Si nos has le\u00eddo alguna vez, <strong>sabr\u00e1s que la <a href=\"https:\/\/destinocastillayleon.es\/index\/gastronomia-de-toro\/\">comarca de Toro<\/a>, entre Zamora y Valladolid, es una de las que m\u00e1s nos gusta<\/strong>, pues es afamada por sus vinos, pero tambi\u00e9n por <strong>contar con un rico patrimonio natural, gastron\u00f3mico, hist\u00f3rico art\u00edstico<\/strong>. Desde hace unos a\u00f1os, muchos de estos atractivos se vertebran, gracias al vino, en <a href=\"https:\/\/www.rutavinotoro.com\/\" rel=\"noopener nofollow noreferrer\" target=\"_blank\">la Ruta del Vino de Toro<\/a>. <\/p>\n<p>Una asociaci\u00f3n de empresas, repartidas especialmente por Zamora, pero que tambi\u00e9n se extienden por Valladolid y que ofrecen en conjunto una experiencia tur\u00edstica que va mucho m\u00e1s all\u00e1 del vino.<\/p>\n<h3><strong>Enoturismo, un nuevo motor para el medio rural<\/strong><\/h3>\n<p>Sab\u00e9is que <strong>nos gusta mucho el vino y el enoturismo<\/strong>, por eso valoramos enormemente la existencia de agrupaciones como la Ruta del Vino de Toro, que de alguna forma <strong>vertebra los recursos tur\u00edsticos de una comarca bajo el pretexto del vino<\/strong>.<\/p>\n<blockquote><p>Y es que ya lo hemos defendido muchas veces, enoturismo es esencialmente turismo, y vino solo la excusa.<\/p><\/blockquote>\n<p>A lo largo de esta publicaci\u00f3n <strong>te queremos contar la experiencia que hemos podido vivir en una escapada recorriendo diferentes actividades relacionadas con Toro<\/strong>, con sus vinos, con su historia, con su gastronom\u00eda, y con los placeres que permiten disfrutar de una experiencia may\u00fascula.<\/p>\n<figure id=\"attachment_33598\" aria-describedby=\"caption-attachment-33598\" style=\"width: 640px\" class=\"wp-caption aligncenter\"><img decoding=\"async\" data-pin-description=\"El balc\u00f3n de Toro sobre la Vega del Duero - Destino Castilla y Le\u00f3n\" src=\"https:\/\/destinocastillayleon.es\/index\/wp-content\/uploads\/2020\/10\/6efcb2ec2041013c5279115bdcb5a89f.jpg\" alt=\"El balc\u00f3n de Toro sobre la Vega del Duero - Destino Castilla y Le\u00f3n\" width=\"640\" height=\"361\" class=\"size-full wp-image-33598\" srcset=\"https:\/\/destinocastillayleon.es\/index\/wp-content\/uploads\/2020\/10\/6efcb2ec2041013c5279115bdcb5a89f.jpg 640w, https:\/\/destinocastillayleon.es\/index\/wp-content\/uploads\/2020\/10\/6efcb2ec2041013c5279115bdcb5a89f-300x169.jpg 300w\" sizes=\"(max-width: 640px) 100vw, 640px\" \/><figcaption id=\"caption-attachment-33598\" class=\"wp-caption-text\">El balc\u00f3n de Toro sobre la Vega del Duero &#8211; Destino Castilla y Le\u00f3n<\/figcaption><\/figure>\n<h3><strong>\u00cdndice de contenidos<\/strong><\/h3>\n<p>Para ayudarte a gestionar toda la informaci\u00f3n que contiene esta gu\u00eda de la Ruta del Vino de Toro, hemos creado este \u00edndice de contenidos.<\/p>\n<p><strong>Patrimonio:<\/strong><\/p>\n<ul>\n<li><a href=\"#Vegas\">Antes de llegar a Toro, la vega del Duero<\/a>.<\/li>\n<li><a href=\"#Puente-Romano\">Puente romano<\/a>.<\/li>\n<li><a href=\"#Visita-a-Toro\">Visita patrimonial a Toro<\/a>.<\/li>\n<li><a href=\"#Colegiata\">Visita a la Colegiata<\/a>.<\/li>\n<li><a href=\"#Iglesias\">Iglesias visitables<\/a>.<\/li>\n<\/ul>\n<p><strong>Restaurantes y de comer:<\/strong><\/p>\n<ul>\n<li><a href=\"#Esquina-de-Colas\">Mes\u00f3n Restaurante La Esquina del Col\u00e1s<\/a>.<\/li>\n<li><a href=\"#Dona-Negra\">Restaurante Do\u00f1a Negra<\/a>.<\/li>\n<li><a href=\"#Castilla\">Restaurante Castilla<\/a>.<\/li>\n<li><a href=\"#La-Panera\">Restaurante La Panera-El Sabor Vintage Enoteca<\/a>.<\/li>\n<li><a href=\"#Latinta\">Bar de tapas Latinta<\/a>.<\/li>\n<li><a href=\"#Cafe-Imperial\">Restaurante Caf\u00e9 Imperial<\/a>.<\/li>\n<\/ul>\n<p><strong>Museos:<\/strong><\/p>\n<ul>\n<li><a href=\"#Museo-del-Vino\">Museo del Vino Pagos del Rey<\/a>.<\/li>\n<li><a href=\"#Museo-del-Queso\">Museo del Queso Chill\u00f3n<\/a>.<\/li>\n<li><a href=\"#Bodega-del-Ayuntamiento\">Bodega tradicional del Ayuntamiento<\/a>.<\/li>\n<li><a href=\"#Bodega-Historica\">Bodega Hist\u00f3rica de toro<\/a>.<\/li>\n<\/ul>\n<p><strong>Productos gastron\u00f3micos:<\/strong><\/p>\n<ul>\n<li><a href=\"#Queseria-Chillon\">Queser\u00edas Chill\u00f3n<\/a>.<\/li>\n<li><a href=\"#Otras-Tiendas\">Otras tiendas de productos gastron\u00f3micos<\/a>.<\/li>\n<\/ul>\n<p><strong>Hospedaje:<\/strong><\/p>\n<ul>\n<li><a href=\"#Monte-la-Reina\">Posada Real Monte la Reina<\/a>.<\/li>\n<li><a href=\"#Hotel-Valbusenda\">Hotel-Spa Valbusenda<\/a>.<\/li>\n<li><a href=\"#Otros-Hoteles\">Otros hoteles<\/a>.<\/li>\n<\/ul>\n<p><strong>Bodegas visitables:<\/strong><\/p>\n<ul>\n<li><a href=\"#Bodegas-Vocarraje\">Bodegas Vocarraje<\/a>.<\/li>\n<li><a href=\"#Bodega-Valbusenda\">Bodegas Valbusenda<\/a>.<\/li>\n<li><a href=\"#Bodegas-Valdigal\">Bodegas Valdigal<\/a>.<\/li>\n<li><a href=\"#Otras-Bodegas\">Otras bodegas visitables para hacer enoturismo<\/a>.<\/li>\n<\/ul>\n<p>&nbsp;<\/p>\n<h2><strong>Por la Ruta del vino de Toro, mucho m\u00e1s que vinos<\/strong><\/h2>\n<p>Muchas de las experiencias que os vamos a contar, <strong>est\u00e1n ligadas a la Ruta del Vino de Toro, que fue la organizadora de este viaje de descubrimiento, no obstante, como conocedores de algunos rincones adicionales en Toro<\/strong>, adem\u00e1s vivimos otras experiencias complementarias adicionales por nuestra cuenta, pero que son <strong>accesibles a cualquiera que visite Toro<\/strong> o su comarca.<\/p>\n<p><figure id=\"attachment_33653\" aria-describedby=\"caption-attachment-33653\" style=\"width: 580px\" class=\"wp-caption aligncenter\"><img decoding=\"async\" data-pin-description=\"La noche de Toro - Destino Castilla y Le\u00f3n\" src=\"https:\/\/destinocastillayleon.es\/index\/wp-content\/uploads\/2020\/10\/20fb27884c546a84209a7806e9d2debb.jpg\" alt=\"La noche de Toro - Destino Castilla y Le\u00f3n\" width=\"580\" class=\"size-full wp-image-33653\" srcset=\"https:\/\/destinocastillayleon.es\/index\/wp-content\/uploads\/2020\/10\/20fb27884c546a84209a7806e9d2debb.jpg 640w, https:\/\/destinocastillayleon.es\/index\/wp-content\/uploads\/2020\/10\/20fb27884c546a84209a7806e9d2debb-300x169.jpg 300w\" sizes=\"(max-width: 640px) 100vw, 640px\" \/><figcaption id=\"caption-attachment-33653\" class=\"wp-caption-text\">La noche de Toro &#8211; Destino Castilla y Le\u00f3n<\/figcaption><\/figure><a name=\"Vegas\"><\/a><\/p>\n<h3><strong>Antes de llegar a Toro<\/strong><\/h3>\n<p>Como os contaremos m\u00e1s adelante, <strong><a href=\"https:\/\/destinocastillayleon.es\/index\/turismo-en-toro\/\">Toro<\/a> es una de las ciudades con m\u00e1s encanto y patrimonio que pod\u00e9is visitar<\/strong>. Ya os lo hemos contado en otras ocasiones. Pero como en esta ocasi\u00f3n <strong>ten\u00edamos algo de tiempo, nos dedicamos a recorrer las riberas del Duero<\/strong> en el entorno de la ciudad.<\/p>\n<figure id=\"attachment_33616\" aria-describedby=\"caption-attachment-33616\" style=\"width: 640px\" class=\"wp-caption aligncenter\"><img decoding=\"async\" data-pin-description=\"R\u00edo Duero llegando a Toro - Destino Castilla y Le\u00f3n\" src=\"https:\/\/destinocastillayleon.es\/index\/wp-content\/uploads\/2020\/10\/84590a6aafe3945093d8cc28765bc926.jpg\" alt=\"R\u00edo Duero llegando a Toro - Destino Castilla y Le\u00f3n\" width=\"640\" height=\"360\" class=\"size-full wp-image-33616\" srcset=\"https:\/\/destinocastillayleon.es\/index\/wp-content\/uploads\/2020\/10\/84590a6aafe3945093d8cc28765bc926.jpg 640w, https:\/\/destinocastillayleon.es\/index\/wp-content\/uploads\/2020\/10\/84590a6aafe3945093d8cc28765bc926-300x169.jpg 300w\" sizes=\"(max-width: 640px) 100vw, 640px\" \/><figcaption id=\"caption-attachment-33616\" class=\"wp-caption-text\">R\u00edo Duero llegando a Toro &#8211; Destino Castilla y Le\u00f3n<\/figcaption><\/figure>\n<p>Estas f\u00e9rtiles vegas ba\u00f1adas por el Duero <strong>son el origen de los vinos de la <a href=\"https:\/\/m.dotoro.com\/es\/\" rel=\"nofollow noopener noreferrer\" target=\"_blank\">Denominaci\u00f3n de Origen Toro<\/a><\/strong>. La variedad tempranillo, conocida localmente como <a href=\"https:\/\/es.wikipedia.org\/wiki\/Tinta_de_Toro\" rel=\"noopener noreferrer\" target=\"_blank\">Tinta de Toro<\/a> se ha adaptado a este clima continental y sus terrenos de arenas y cantos rodados de forma que sean <strong>vinos muy expresivos y cargados de personalidad<\/strong>.<\/p>\n<figure id=\"attachment_33615\" aria-describedby=\"caption-attachment-33615\" style=\"width: 640px\" class=\"wp-caption aligncenter\"><img decoding=\"async\" src=\"https:\/\/destinocastillayleon.es\/index\/wp-content\/uploads\/2020\/10\/9a05373ccd1f0a11057680a260633c1c.jpg\" alt=\"Vi\u00f1edos en la vega de Toro - Destino Castilla y Le\u00f3n\" width=\"640\" height=\"360\" class=\"size-full wp-image-33615\" srcset=\"https:\/\/destinocastillayleon.es\/index\/wp-content\/uploads\/2020\/10\/9a05373ccd1f0a11057680a260633c1c.jpg 640w, https:\/\/destinocastillayleon.es\/index\/wp-content\/uploads\/2020\/10\/9a05373ccd1f0a11057680a260633c1c-300x169.jpg 300w\" sizes=\"(max-width: 640px) 100vw, 640px\" \/><figcaption id=\"caption-attachment-33615\" class=\"wp-caption-text\">Vi\u00f1edos en la vega de Toro &#8211; Destino Castilla y Le\u00f3n<\/figcaption><\/figure>\n<p>Llegando a Toro <strong>por las carreteras pr\u00f3ximas nos encontramos un monumento que recuerda que en 1476 se libr\u00f3 la batalla decisiva entre las tropas de Isabel I La Cat\u00f3lica frente a las tropas portuguesas de Juan II y Juan \u201cLa Beltraneja\u201d<\/strong>. Esta batalla decant\u00f3 la victoria en la Guerra Civil castellana a favor de los Reyes Cat\u00f3licos.<a name=\"Puente-Romano\"><\/a><\/p>\n<h4><strong>Puente romano<\/strong><\/h4>\n<p>Por esta zona pasaba <strong>una calzada romana, que desemboca en el puente romano sobre el Duero<\/strong>. Este puente actualmente est\u00e1 muy reformado y poco queda del original romano, ya que posee muchas modernizaciones de \u00e9poca medieval y cl\u00e1sica. Incluso hasta de \u00e9pocas recientes.<\/p>\n<figure id=\"attachment_33595\" aria-describedby=\"caption-attachment-33595\" style=\"width: 640px\" class=\"wp-caption aligncenter\"><img decoding=\"async\" data-pin-description=\"Calzada romana a su paso por el puente romano de Toro - Destino Castilla y Le\u00f3n\" src=\"https:\/\/destinocastillayleon.es\/index\/wp-content\/uploads\/2020\/10\/e8e89ba8179cbcf7166bc95f71e4e6fb.jpg\" alt=\"Calzada romana a su paso por el puente romano de Toro - Destino Castilla y Le\u00f3n\" width=\"640\" height=\"360\" class=\"size-full wp-image-33595\" srcset=\"https:\/\/destinocastillayleon.es\/index\/wp-content\/uploads\/2020\/10\/e8e89ba8179cbcf7166bc95f71e4e6fb.jpg 640w, https:\/\/destinocastillayleon.es\/index\/wp-content\/uploads\/2020\/10\/e8e89ba8179cbcf7166bc95f71e4e6fb-300x169.jpg 300w\" sizes=\"(max-width: 640px) 100vw, 640px\" \/><figcaption id=\"caption-attachment-33595\" class=\"wp-caption-text\">Calzada romana a su paso por el puente romano de Toro &#8211; Destino Castilla y Le\u00f3n<\/figcaption><\/figure>\n<p>Un peregrino del <strong><a href=\"https:\/\/destinocastillayleon.es\/index\/camino-de-santiago-por-castilla-y-leon\/#Camino-de-Levante\">Camino de Santiago de Levante<\/a> tras pasar el puente romano<\/strong>, ascender\u00eda el barranco hasta la propia ciudad de Toro. Este tr\u00e1nsito actualmente es nuevamente peatonal, aunque durante a\u00f1os fue un usado para el paso del tr\u00e1fico rodado.<\/p>\n<figure id=\"attachment_33617\" aria-describedby=\"caption-attachment-33617\" style=\"width: 640px\" class=\"wp-caption aligncenter\"><img decoding=\"async\" data-pin-description=\"Puente Romano de Toro - Destino Castilla y Le\u00f3n\" src=\"https:\/\/destinocastillayleon.es\/index\/wp-content\/uploads\/2020\/10\/0a004d271af9a4f76d8d7018ed8f11f2.jpg\" alt=\"Puente Romano de Toro - Destino Castilla y Le\u00f3n\" width=\"640\" height=\"360\" class=\"size-full wp-image-33617\" srcset=\"https:\/\/destinocastillayleon.es\/index\/wp-content\/uploads\/2020\/10\/0a004d271af9a4f76d8d7018ed8f11f2.jpg 640w, https:\/\/destinocastillayleon.es\/index\/wp-content\/uploads\/2020\/10\/0a004d271af9a4f76d8d7018ed8f11f2-300x169.jpg 300w\" sizes=\"(max-width: 640px) 100vw, 640px\" \/><figcaption id=\"caption-attachment-33617\" class=\"wp-caption-text\">Puente Romano de Toro &#8211; Destino Castilla y Le\u00f3n<\/figcaption><\/figure>\n<h3><strong>Visita monumental a Toro<\/strong><\/h3>\n<p>Tras subir, llegamos a Toro. <strong>A esta preciosa ciudad zamorana la hemos visitado en numerosas ocasiones<\/strong>. De hecho, pod\u00e9is consultar <a href=\"https:\/\/destinocastillayleon.es\/index\/turismo-en-toro\/\">nuestra gu\u00eda de viaje dedicada a esta hist\u00f3rica ciudad<\/a>. Y aunque volvimos a recorrer lugares conocidos, <strong>Toro tiene mucho encanto que hace que, en cada viaje, todas las experiencias sean nuevas otra vez<\/strong>.<figure id=\"attachment_28199\" aria-describedby=\"caption-attachment-28199\" style=\"width: 640px\" class=\"wp-caption aligncenter\"><img decoding=\"async\" src=\"https:\/\/destinocastillayleon.es\/index\/wp-content\/uploads\/2017\/06\/203f72a2f176dcf81992a305d9272ea5.jpg\" alt=\"Im\u00e1genes de Toro - Destino Castilla y Le\u00f3n\" width=\"640\" height=\"400\" class=\"size-full wp-image-28199\" srcset=\"https:\/\/destinocastillayleon.es\/index\/wp-content\/uploads\/2017\/06\/203f72a2f176dcf81992a305d9272ea5.jpg 640w, https:\/\/destinocastillayleon.es\/index\/wp-content\/uploads\/2017\/06\/203f72a2f176dcf81992a305d9272ea5-300x188.jpg 300w\" sizes=\"(max-width: 640px) 100vw, 640px\" \/><figcaption id=\"caption-attachment-28199\" class=\"wp-caption-text\">Im\u00e1genes de Toro &#8211; Destino Castilla y Le\u00f3n<\/figcaption><\/figure><a name=\"Visita-a-Toro\"><\/a><\/p>\n<h4><strong>Principales atractivos de la ciudad de Toro<\/strong><\/h4>\n<p>No nos vamos a detener en detalles sobre Toro, <strong>os sugerimos nuestra gu\u00eda de la ciudad de Toro<\/strong>. En una esta escapada enotur\u00edstica, no obstante, tambi\u00e9n <strong>tuvimos tiempo para recorrer nuevamente esta ciudad, deteni\u00e9ndonos en su antiguo castillo<\/strong>, hoy desmochado y desde hace unos a\u00f1os, rehabilitado para ser la Oficina de Turismo de la ciudad.<\/p>\n<p>A la puerta se encuentra <strong>el verraco de Toro, un vestigio prerromano de los pueblos celtib\u00e9ricos<\/strong> que dominaron este territorio antes de la llegada de Roma.<\/p>\n<figure id=\"attachment_33620\" aria-describedby=\"caption-attachment-33620\" style=\"width: 640px\" class=\"wp-caption aligncenter\"><img decoding=\"async\" data-pin-description=\"Verraco de Toro junto al antiguo alc\u00e1zar de la ciudad - Destino Castilla y Le\u00f3n\" src=\"https:\/\/destinocastillayleon.es\/index\/wp-content\/uploads\/2020\/10\/210a552854a8be94c0f51e55c057c3d1.jpg\" alt=\"Verraco de Toro junto al antiguo alc\u00e1zar de la ciudad - Destino Castilla y Le\u00f3n\" width=\"640\" height=\"360\" class=\"size-full wp-image-33620\" srcset=\"https:\/\/destinocastillayleon.es\/index\/wp-content\/uploads\/2020\/10\/210a552854a8be94c0f51e55c057c3d1.jpg 640w, https:\/\/destinocastillayleon.es\/index\/wp-content\/uploads\/2020\/10\/210a552854a8be94c0f51e55c057c3d1-300x169.jpg 300w\" sizes=\"(max-width: 640px) 100vw, 640px\" \/><figcaption id=\"caption-attachment-33620\" class=\"wp-caption-text\">Verraco de Toro junto al antiguo alc\u00e1zar de la ciudad &#8211; Destino Castilla y Le\u00f3n<\/figcaption><\/figure>\n<p>Desde aqu\u00ed, <strong>nos acercamos a la Torre del Reloj<\/strong>, un ejemplo de una preciosa torre que protege una de las puertas del recinto amurallado medieval. Por este arco se pasa a una zona peatonal que termina <strong>en la Colegiata de Toro, pasando previamente por la plaza mayor<\/strong>, donde adem\u00e1s de <strong>un ayuntamiento neocl\u00e1sico<\/strong>, la plaza posee <strong>una preciosa Iglesia mud\u00e9jar de los Caballeros de San Juan<\/strong> (tambi\u00e9n conocida como Orden de San Juan del Santo Sepulcro de Jerusal\u00e9n, Rodas y Malta).<\/p>\n<p><figure id=\"attachment_33619\" aria-describedby=\"caption-attachment-33619\" style=\"width: 400px\" class=\"wp-caption aligncenter\"><img decoding=\"async\" src=\"https:\/\/destinocastillayleon.es\/index\/wp-content\/uploads\/2020\/10\/07d8561f2c8602487cf76ae12dab352c.jpg\" alt=\"Torre del reloj de Toro - Destino Castilla y Le\u00f3n\" width=\"400\" height=\"520\" class=\"size-full wp-image-33619\" srcset=\"https:\/\/destinocastillayleon.es\/index\/wp-content\/uploads\/2020\/10\/07d8561f2c8602487cf76ae12dab352c.jpg 400w, https:\/\/destinocastillayleon.es\/index\/wp-content\/uploads\/2020\/10\/07d8561f2c8602487cf76ae12dab352c-231x300.jpg 231w\" sizes=\"(max-width: 400px) 100vw, 400px\" \/><figcaption id=\"caption-attachment-33619\" class=\"wp-caption-text\">Torre del reloj de Toro &#8211; Destino Castilla y Le\u00f3n<\/figcaption><\/figure><a name=\"Colegiata\"><\/a><\/p>\n<h4><strong>La Colegiata de Toro<\/strong><\/h4>\n<p>Esta iglesia colegiata <strong>siempre merece pararse junto a ella<\/strong>. Es una de las <strong>joyas del rom\u00e1nico universal<\/strong>, y junto a la <a href=\"https:\/\/destinocastillayleon.es\/index\/la-catedral-vieja-de-salamanca\/\">Catedral vieja de Salamanca<\/a>, la <a href=\"https:\/\/destinocastillayleon.es\/index\/guia-para-visitar-zamora\/#Catedral-de-Zamora\">Catedral de Zamora<\/a> y la Catedral vieja de Plasencia forman el \u201cRom\u00e1nico del Duero\u201d o tambi\u00e9n llamado \u201cRom\u00e1nico bizantino\u201d.<\/p>\n<figure id=\"attachment_33600\" aria-describedby=\"caption-attachment-33600\" style=\"width: 640px\" class=\"wp-caption aligncenter\"><img decoding=\"async\" data-pin-description=\"Colegia de Toro - Destino Castilla y Le\u00f3n\" src=\"https:\/\/destinocastillayleon.es\/index\/wp-content\/uploads\/2020\/10\/debe65e130be49a7b37dc2bb1d4b22bd.jpg\" alt=\"Colegia de Toro - Destino Castilla y Le\u00f3n\" width=\"640\" height=\"426\" class=\"size-full wp-image-33600\" srcset=\"https:\/\/destinocastillayleon.es\/index\/wp-content\/uploads\/2020\/10\/debe65e130be49a7b37dc2bb1d4b22bd.jpg 640w, https:\/\/destinocastillayleon.es\/index\/wp-content\/uploads\/2020\/10\/debe65e130be49a7b37dc2bb1d4b22bd-300x200.jpg 300w, https:\/\/destinocastillayleon.es\/index\/wp-content\/uploads\/2020\/10\/debe65e130be49a7b37dc2bb1d4b22bd-600x400.jpg 600w\" sizes=\"(max-width: 640px) 100vw, 640px\" \/><figcaption id=\"caption-attachment-33600\" class=\"wp-caption-text\">Colegia de Toro &#8211; Destino Castilla y Le\u00f3n<\/figcaption><\/figure>\n<p>Su exterior es magn\u00edfico, <strong>destacando la entrada norte<\/strong>, con un p\u00f3rtico labrado de singular belleza, del que a\u00fan podemos intuir alg\u00fan resto de policrom\u00eda, aunque es residual. Pero <strong>lo mejor est\u00e1 en el interior, y merece pagar la entrada  para realizar una visita al interior<\/strong>.<\/p>\n<figure id=\"attachment_33613\" aria-describedby=\"caption-attachment-33613\" style=\"width: 640px\" class=\"wp-caption aligncenter\"><img decoding=\"async\" data-pin-description=\"Entrada norte rom\u00e1nica de la Colegiata de Toro - Destino Castilla y Le\u00f3n\" src=\"https:\/\/destinocastillayleon.es\/index\/wp-content\/uploads\/2020\/10\/a57fc1f97bb3ae359f7f78d243bfbca4.jpg\" alt=\"Entrada norte rom\u00e1nica de la Colegiata de Toro - Destino Castilla y Le\u00f3n\" width=\"640\" height=\"425\" class=\"size-full wp-image-33613\" srcset=\"https:\/\/destinocastillayleon.es\/index\/wp-content\/uploads\/2020\/10\/a57fc1f97bb3ae359f7f78d243bfbca4.jpg 640w, https:\/\/destinocastillayleon.es\/index\/wp-content\/uploads\/2020\/10\/a57fc1f97bb3ae359f7f78d243bfbca4-300x200.jpg 300w\" sizes=\"(max-width: 640px) 100vw, 640px\" \/><figcaption id=\"caption-attachment-33613\" class=\"wp-caption-text\">Entrada norte rom\u00e1nica de la Colegiata de Toro &#8211; Destino Castilla y Le\u00f3n<\/figcaption><\/figure>\n<p>Dentro encontrar\u00e9is <strong>varias salas reabiertas al p\u00fablico que forman una especie de museo de la iglesia<\/strong>; Adem\u00e1s, la subida a la torre campanario es <strong>una experiencia \u00fanica<\/strong>. Y cuidado que no toquen las campanas,.. porque son realmente potentes.<\/p>\n<figure id=\"attachment_33608\" aria-describedby=\"caption-attachment-33608\" style=\"width: 640px\" class=\"wp-caption aligncenter\"><img decoding=\"async\" data-pin-description=\"Interior de la Colegiata de Toro - Destino Castilla y Le\u00f3n\" src=\"https:\/\/destinocastillayleon.es\/index\/wp-content\/uploads\/2020\/10\/11742e606cd4538a200df5428c94c2de.jpg\" alt=\"Interior de la Colegiata de Toro - Destino Castilla y Le\u00f3n\" width=\"640\" height=\"425\" class=\"size-full wp-image-33608\" srcset=\"https:\/\/destinocastillayleon.es\/index\/wp-content\/uploads\/2020\/10\/11742e606cd4538a200df5428c94c2de.jpg 640w, https:\/\/destinocastillayleon.es\/index\/wp-content\/uploads\/2020\/10\/11742e606cd4538a200df5428c94c2de-300x200.jpg 300w\" sizes=\"(max-width: 640px) 100vw, 640px\" \/><figcaption id=\"caption-attachment-33608\" class=\"wp-caption-text\">Interior de la Colegiata de Toro &#8211; Destino Castilla y Le\u00f3n<\/figcaption><\/figure>\n<p>En la parte m\u00e1s convencional, <strong>destaca la sacrist\u00eda, la capilla mayor y el gran cimborrio<\/strong>, que eleva el crucero sobre el resto de las naves en una plata hexadecagonal. Tambi\u00e9n son interesantes <strong>los rosetones<\/strong>, por el tama\u00f1o entre las diferentes fachadas del transepto, se puede intuir cual es m\u00e1s antigua.<\/p>\n<figure id=\"attachment_33599\" aria-describedby=\"caption-attachment-33599\" style=\"width: 640px\" class=\"wp-caption aligncenter\"><img decoding=\"async\" data-pin-description=\"Cimborrio de la Colegiata de Toro desde la torre -Destin Castilla y Le\u00f3n\" src=\"https:\/\/destinocastillayleon.es\/index\/wp-content\/uploads\/2020\/10\/6b661f019e328eaa11659f0bb9b95b76.jpg\" alt=\"Cimborrio de la Colegiata de Toro desde la torre - Destino Castilla y Le\u00f3n\" width=\"640\" height=\"427\" class=\"size-full wp-image-33599\" srcset=\"https:\/\/destinocastillayleon.es\/index\/wp-content\/uploads\/2020\/10\/6b661f019e328eaa11659f0bb9b95b76.jpg 640w, https:\/\/destinocastillayleon.es\/index\/wp-content\/uploads\/2020\/10\/6b661f019e328eaa11659f0bb9b95b76-300x200.jpg 300w, https:\/\/destinocastillayleon.es\/index\/wp-content\/uploads\/2020\/10\/6b661f019e328eaa11659f0bb9b95b76-600x400.jpg 600w\" sizes=\"(max-width: 640px) 100vw, 640px\" \/><figcaption id=\"caption-attachment-33599\" class=\"wp-caption-text\">Cimborrio de la Colegiata de Toro desde la torre &#8211; Destino Castilla y Le\u00f3n<\/figcaption><\/figure>\n<p>Y a destacar siempre, <strong>el P\u00f3rtico de la Majestad<\/strong>, un p\u00f3rtico que fue quitado de la intemperie al construirse la capilla de Capilla de Santo Tom\u00e1s. Hoy, restaurada por motivo de la muestra de arte sacro <a href=\"https:\/\/destinocastillayleon.es\/index\/aqva\/\">Las Edades del Hombre en el 2016<\/a>, se muestra en casi su esplendor con una riqu\u00edsima policrom\u00eda. <\/p>\n<p><figure id=\"attachment_33611\" aria-describedby=\"caption-attachment-33611\" style=\"width: 640px\" class=\"wp-caption aligncenter\"><img decoding=\"async\" data-pin-description=\"P\u00f3rtico de la majestad de la Colegiata de Toro - Destino Castilla y Le\u00f3n\" src=\"https:\/\/destinocastillayleon.es\/index\/wp-content\/uploads\/2020\/10\/eceb8f7dd52ee59e9c45fb71502c3818.jpg\" alt=\"P\u00f3rtico de la majestad de la Colegiata de Toro - Destino Castilla y Le\u00f3n\" width=\"640\" height=\"425\" class=\"size-full wp-image-33611\" srcset=\"https:\/\/destinocastillayleon.es\/index\/wp-content\/uploads\/2020\/10\/eceb8f7dd52ee59e9c45fb71502c3818.jpg 640w, https:\/\/destinocastillayleon.es\/index\/wp-content\/uploads\/2020\/10\/eceb8f7dd52ee59e9c45fb71502c3818-300x200.jpg 300w\" sizes=\"(max-width: 640px) 100vw, 640px\" \/><figcaption id=\"caption-attachment-33611\" class=\"wp-caption-text\">P\u00f3rtico de la majestad de la Colegiata de Toro &#8211; Destino Castilla y Le\u00f3n<\/figcaption><\/figure><a name=\"Iglesias\"><\/a><\/p>\n<h4><strong>Iglesias visitables de Toro<\/strong><\/h4>\n<p>Actualmente <strong>hay pase combinado que permite visitar cinco de las grandes iglesias m\u00e1s importantes de Toro<\/strong>; evidentemente la Colegiata; pero, adem\u00e1s, <strong>Iglesia del Santo Sepulcro; la Iglesia de San Lorenzo el Real; la Iglesia-Museo de los Caballeros y la Iglesia de San Sebasti\u00e1n de los Caballeros<\/strong>.<\/p>\n<figure id=\"attachment_33604\" aria-describedby=\"caption-attachment-33604\" style=\"width: 693px\" class=\"wp-caption aligncenter\"><img decoding=\"async\" src=\"https:\/\/destinocastillayleon.es\/index\/wp-content\/uploads\/2020\/10\/Mapa-de-las-Iglesias-visitables-con-el-bono-de-Toro-Sacro.jpg\" alt=\"Mapa de las Iglesias visitables con el bono de Toro Sacro\" width=\"693\" height=\"462\" class=\"size-full wp-image-33604\" srcset=\"https:\/\/destinocastillayleon.es\/index\/wp-content\/uploads\/2020\/10\/Mapa-de-las-Iglesias-visitables-con-el-bono-de-Toro-Sacro.jpg 693w, https:\/\/destinocastillayleon.es\/index\/wp-content\/uploads\/2020\/10\/Mapa-de-las-Iglesias-visitables-con-el-bono-de-Toro-Sacro-300x200.jpg 300w, https:\/\/destinocastillayleon.es\/index\/wp-content\/uploads\/2020\/10\/Mapa-de-las-Iglesias-visitables-con-el-bono-de-Toro-Sacro-600x400.jpg 600w\" sizes=\"(max-width: 693px) 100vw, 693px\" \/><figcaption id=\"caption-attachment-33604\" class=\"wp-caption-text\">Mapa de las Iglesias visitables con el bono de Toro Sacro<\/figcaption><\/figure>\n<p>El coste de las entradas por separado varia de los 2 a los 4\u20ac, mientras que <strong>la entrada conjunta vale 5\u20ac\/persona y se puede gastar en el a\u00f1o<\/strong>. Merece la pena pagar esta entrada combinada.<a name=\"Gastronomia\"><\/a><\/p>\n<h2><strong>Gastronom\u00eda en Toro y su entorno<\/strong><\/h2>\n<p>Como siempre que hablamos de gastronom\u00eda, <strong>tenemos que decir que en Castilla y Le\u00f3n se come de maravilla generalmente<\/strong>. Toro y su comarca no es menos, y es que <strong>la Ruta del Vino de Toro tambi\u00e9n agrupa gran cantidad de negocios dedicados a la restauraci\u00f3n<\/strong>, con cocinas variadas.<\/p>\n<h3><strong>Restaurantes de Toro<\/strong><\/h3>\n<p>Durante nuestra experiencia en este viaje con la Ruta del Vino de Toro <strong>pudimos disfrutar de algunos de estos locales<\/strong>, aunque fuera de programa, nosotros nos organizamos para recorrer algunos otros lugares; algunos que ya conoc\u00edamos o ten\u00edamos referencia; y otros nuevos.<a name=\"Esquina-de-Colas\"><\/a><\/p>\n<h4><strong>Restaurante la Esquina de Col\u00e1s<\/strong><\/h4>\n<p>Este restaurante <strong>est\u00e1 situado en la esquina de la plaza mayor y la plazoleta de Bollos de Hito<\/strong>, en un edificio hist\u00f3rico con la estructura de madera a la vista. Este local lo conocemos de siempre, si bien como mes\u00f3n. Ya <strong>te lo recomendamos en su momento en la <a href=\"https:\/\/destinocastillayleon.es\/index\/los-mejores-bares-para-tapear-en-toro\/\">gu\u00eda de tapeo de Toro<\/a><\/strong>.<\/p>\n<figure id=\"attachment_33622\" aria-describedby=\"caption-attachment-33622\" style=\"width: 500px\" class=\"wp-caption aligncenter\"><img decoding=\"async\" data-pin-description=\"Restaurante la Esquina de Col\u00e1s \u2013 Destino Castilla y Le\u00f3n\" src=\"https:\/\/destinocastillayleon.es\/index\/wp-content\/uploads\/2020\/10\/00de9f116cbc702d73b2b6df255d7f75.jpg\" alt=\"Restaurante la Esquina de Col\u00e1s \u2013 Destino Castilla y Le\u00f3n\" width=\"500\" height=\"333\" class=\"size-full wp-image-33622\" srcset=\"https:\/\/destinocastillayleon.es\/index\/wp-content\/uploads\/2020\/10\/00de9f116cbc702d73b2b6df255d7f75.jpg 500w, https:\/\/destinocastillayleon.es\/index\/wp-content\/uploads\/2020\/10\/00de9f116cbc702d73b2b6df255d7f75-300x200.jpg 300w\" sizes=\"(max-width: 500px) 100vw, 500px\" \/><figcaption id=\"caption-attachment-33622\" class=\"wp-caption-text\">Restaurante la Esquina de Col\u00e1s \u2013 Destino Castilla y Le\u00f3n<\/figcaption><\/figure>\n<p>Pero lo que no sab\u00edamos es que ha adquirido junto a este local, otro edificio hist\u00f3rico, al no poder expandirse en la ubicaci\u00f3n actual, para <strong>hacer las veces de restaurante<\/strong>. Una de las cenas las realizamos en estos nuevos locales.<\/p>\n<p>Nuestros compa\u00f1eros de <strong><a href=\"https:\/\/lamesadelconde.es\/la-esquina-de-colas\/\" target=\"_blank\" rel=\"DoFollow noopener noreferrer\">La mesa del Conde<\/a> os pueden dar un mayor detalle de la cena<\/strong>, nosotros solo os diremos que fue <strong>un men\u00fa variado muy interesante, de una cocina moderna, pero que hunde sus ra\u00edces en la tradici\u00f3n torensana<\/strong>; y con <strong>una carta de vinos envidiable<\/strong> que, aunque posee muchas referencias de prestigio, sobre todo apuesta por los vinos de la DO. Toro. <\/p>\n<figure id=\"attachment_33593\" aria-describedby=\"caption-attachment-33593\" style=\"width: 640px\" class=\"wp-caption aligncenter\"><img decoding=\"async\" src=\"https:\/\/destinocastillayleon.es\/index\/wp-content\/uploads\/2020\/10\/0f545aa7e44419a6a9cabad396f10b81.jpg\" alt=\"Men\u00fa de raciones en el restaurante La Esquina de Col\u00e1s - Destino Castilla y Le\u00f3n\" width=\"640\" height=\"426\" class=\"size-full wp-image-33593\" srcset=\"https:\/\/destinocastillayleon.es\/index\/wp-content\/uploads\/2020\/10\/0f545aa7e44419a6a9cabad396f10b81.jpg 640w, https:\/\/destinocastillayleon.es\/index\/wp-content\/uploads\/2020\/10\/0f545aa7e44419a6a9cabad396f10b81-300x200.jpg 300w, https:\/\/destinocastillayleon.es\/index\/wp-content\/uploads\/2020\/10\/0f545aa7e44419a6a9cabad396f10b81-600x400.jpg 600w\" sizes=\"(max-width: 640px) 100vw, 640px\" \/><figcaption id=\"caption-attachment-33593\" class=\"wp-caption-text\">Men\u00fa de raciones en el restaurante La Esquina de Col\u00e1s &#8211; Destino Castilla y Le\u00f3n<\/figcaption><\/figure>\n<p><strong>Situaci\u00f3n:<\/strong><br \/>\nMes\u00f3n Restaurante La Esquina de Col\u00e1s<br \/>\nPlaza Mayor, 24 (<a href=\"https:\/\/goo.gl\/maps\/vyBmuQb479pzXzo1A\" target=\"_Blank\" rel=\"NoFollow noopener noreferrer\">ver en un mapa<\/a>)<br \/>\n49800 \u2013 Toro, Zamora<a name=\"Dona-Negra\"><\/a><\/p>\n<h4><strong>Restaurante Do\u00f1a Negra<\/strong><\/h4>\n<p>Esta propuesta es <strong>algo m\u00e1s vanguardista, ya que el equipo de cocina es de origen hispanoamericano y esto se plasma en una cocina mucho m\u00e1s internacional<\/strong>, aunque sin despreciar la tradici\u00f3n de donde estamos.<\/p>\n<figure id=\"attachment_33601\" aria-describedby=\"caption-attachment-33601\" style=\"width: 640px\" class=\"wp-caption aligncenter\"><img decoding=\"async\" data-pin-description=\"Comedor del Restaurante Do\u00f1a Negra de Toro - Destino Castilla y Le\u00f3n\" src=\"https:\/\/destinocastillayleon.es\/index\/wp-content\/uploads\/2020\/10\/c0da31a4793aa30d25458d1cb7a34aba.jpg\" alt=\"Comedor del Restaurante Do\u00f1a Negra de Toro - Destino Castilla y Le\u00f3n\" width=\"640\" height=\"360\" class=\"size-full wp-image-33601\" srcset=\"https:\/\/destinocastillayleon.es\/index\/wp-content\/uploads\/2020\/10\/c0da31a4793aa30d25458d1cb7a34aba.jpg 640w, https:\/\/destinocastillayleon.es\/index\/wp-content\/uploads\/2020\/10\/c0da31a4793aa30d25458d1cb7a34aba-300x169.jpg 300w\" sizes=\"(max-width: 640px) 100vw, 640px\" \/><figcaption id=\"caption-attachment-33601\" class=\"wp-caption-text\">Comedor del Restaurante Do\u00f1a Negra de Toro &#8211; Destino Castilla y Le\u00f3n<\/figcaption><\/figure>\n<p>Este local es muy atractivo, <strong>al estar en una antigua bodega bajo las viejas murallas medievales<\/strong>, en la calle que une la Puerta del Reloj con la Puerta de Trascastillo.<\/p>\n<p>Una cocina mucho <strong>m\u00e1s de autor; que, si bien fue correcta, no nos enamor\u00f3 tanto<\/strong> como en otras ocasiones. Pod\u00e9is conocer con m\u00e1s detalle <a href=\"https:\/\/lamesadelconde.es\/restaurante-dona-negra-de-toro\/\" rel=\"noopener noreferrer\" target=\"_blank\">la esperiencia en el Restaurante Do\u00f1a Negra<\/a>, en la publicaci\u00f3n de La mesa del Conde.<\/p>\n<figure id=\"attachment_33606\" aria-describedby=\"caption-attachment-33606\" style=\"width: 640px\" class=\"wp-caption aligncenter\"><img decoding=\"async\" data-pin-description=\"Platos del men\u00fa del Restaurante Do\u00f1a Negra de Toro - Destino Castilla y Le\u00f3n\" src=\"https:\/\/destinocastillayleon.es\/index\/wp-content\/uploads\/2020\/10\/16a895a6d13d4399afb4d102a0d81cf9.jpg\" alt=\"Platos del men\u00fa del Restaurante Do\u00f1a Negra de Toro - Destino Castilla y Le\u00f3n\" width=\"640\" height=\"427\" class=\"size-full wp-image-33606\" srcset=\"https:\/\/destinocastillayleon.es\/index\/wp-content\/uploads\/2020\/10\/16a895a6d13d4399afb4d102a0d81cf9.jpg 640w, https:\/\/destinocastillayleon.es\/index\/wp-content\/uploads\/2020\/10\/16a895a6d13d4399afb4d102a0d81cf9-300x200.jpg 300w, https:\/\/destinocastillayleon.es\/index\/wp-content\/uploads\/2020\/10\/16a895a6d13d4399afb4d102a0d81cf9-600x400.jpg 600w\" sizes=\"(max-width: 640px) 100vw, 640px\" \/><figcaption id=\"caption-attachment-33606\" class=\"wp-caption-text\">Platos del men\u00fa del Restaurante Do\u00f1a Negra de Toro &#8211; Destino Castilla y Le\u00f3n<\/figcaption><\/figure>\n<p><strong>Situaci\u00f3n:<\/strong><br \/>\nRestaurante Do\u00f1a Negra<br \/>\nCalle Odreros, 10 (<a href=\"https:\/\/goo.gl\/maps\/ac3dGRMeUrqp9uot7\" target=\"_Blank\" rel=\"NoFollow noopener noreferrer\">ver en un mapa<\/a>)<br \/>\n49800 &#8211; Toro, Zamora<a name=\"Castilla\"><\/a><\/p>\n<h4><strong>Restaurante Castilla<\/strong><\/h4>\n<p>Este restaurante <strong>lo visitamos fuera de programa por nuestra cuenta<\/strong>. No comimos, pero hicimos <strong>una merienda con un caf\u00e9, un chocolate y unas porras para acompa\u00f1ar<\/strong>.<\/p>\n<p>Este restaurante, tambi\u00e9n <strong>incluido en la Ruta del Vino de Toro y lo conoc\u00edamos de anteriores viajes<\/strong>, por lo que lo elegimos para ese peque\u00f1o descanso. Sobre todo, <strong>quisi\u00e9ramos destacar el trato humano, la cercan\u00eda y la profesionalidad<\/strong> de este equipo que lleva detr\u00e1s de este restaurante desde hace muchos a\u00f1os.<\/p>\n<figure id=\"attachment_33623\" aria-describedby=\"caption-attachment-33623\" style=\"width: 640px\" class=\"wp-caption aligncenter\"><img decoding=\"async\" data-pin-description=\"Restaurante Castilla de Toro - Destino Castilla y Le\u00f3n\" src=\"https:\/\/destinocastillayleon.es\/index\/wp-content\/uploads\/2020\/10\/36875a99d8eec6011e09516ed6a20d0d.jpg\" alt=\"Restaurante Castilla de Toro - Destino Castilla y Le\u00f3n\" width=\"640\" height=\"360\" class=\"size-full wp-image-33623\" srcset=\"https:\/\/destinocastillayleon.es\/index\/wp-content\/uploads\/2020\/10\/36875a99d8eec6011e09516ed6a20d0d.jpg 640w, https:\/\/destinocastillayleon.es\/index\/wp-content\/uploads\/2020\/10\/36875a99d8eec6011e09516ed6a20d0d-300x169.jpg 300w\" sizes=\"(max-width: 640px) 100vw, 640px\" \/><figcaption id=\"caption-attachment-33623\" class=\"wp-caption-text\">Restaurante Castilla de Toro &#8211; Destino Castilla y Le\u00f3n<\/figcaption><\/figure>\n<p><strong>Situaci\u00f3n:<\/strong><br \/>\nRestaurante Castilla<br \/>\nPlaza Bollos de Hito, s\/n (<a href=\"https:\/\/goo.gl\/maps\/wdD9D3TwdXrme31r8\" target=\"_Blank\" rel=\"NoFollow noopener noreferrer\">ver en un mapa<\/a>)<br \/>\n49800 &#8211; Toro, Zamora<\/p>\n<h3><strong>Restaurantes en Morales de toro<\/strong><\/h3>\n<p>En este caso, tan solo hemos visitado el Restaurante La Panera, que <strong>es tambi\u00e9n una enoteca en Morales de Toro, a escasos 5 kil\u00f3metros de Toro<\/strong>, por lo que no resulta dif\u00edcil disfrutar de su gastronom\u00eda si est\u00e1is visitando Toro.<a name=\"La-Panera\"><\/a><\/p>\n<h4><strong>Restaurante la Panera<\/strong><\/h4>\n<p>Como con la Esquina de Col\u00e1s, <strong>tambi\u00e9n conoc\u00edamos este restaurante, si bien en cada ocasi\u00f3n hemos disfrutado de una forma diferente de men\u00fa<\/strong>. <\/p>\n<figure id=\"attachment_33624\" aria-describedby=\"caption-attachment-33624\" style=\"width: 450px\" class=\"wp-caption aligncenter\"><img decoding=\"async\" data-pin-description=\"Entrada al Restaurante La Panera - Enoteca El Sabor Vintage - Imagen de La mesa del Conde\" src=\"https:\/\/destinocastillayleon.es\/index\/wp-content\/uploads\/2020\/10\/Entrada-al-Restaurante-La-Panera-Enoteca-El-Sabor-Vintage-Imagen-de-La-mesa-del-Conde.jpg\" alt=\"Entrada al Restaurante La Panera - Enoteca El Sabor Vintage - Imagen de La mesa del Conde\" width=\"450\" height=\"300\" class=\"size-full wp-image-33624\" srcset=\"https:\/\/destinocastillayleon.es\/index\/wp-content\/uploads\/2020\/10\/Entrada-al-Restaurante-La-Panera-Enoteca-El-Sabor-Vintage-Imagen-de-La-mesa-del-Conde.jpg 450w, https:\/\/destinocastillayleon.es\/index\/wp-content\/uploads\/2020\/10\/Entrada-al-Restaurante-La-Panera-Enoteca-El-Sabor-Vintage-Imagen-de-La-mesa-del-Conde-300x200.jpg 300w\" sizes=\"(max-width: 450px) 100vw, 450px\" \/><figcaption id=\"caption-attachment-33624\" class=\"wp-caption-text\">Entrada al Restaurante La Panera &#8211; Enoteca El Sabor Vintage &#8211; Imagen de La mesa del Conde<\/figcaption><\/figure>\n<p>En las primeras, disfrutamos durante los duros d\u00edas invernales de <a href=\"https:\/\/destinocastillayleon.es\/index\/viaje-de-enoturismo-en-toro\/#La-Panera\">un magn\u00edfico cocido castellano<\/a>, en otra ocasi\u00f3n, <a href=\"https:\/\/lamesadelconde.es\/la-antigua-panera-de-morales-de-toro\/\" target=\"_Blank\" rel=\"doFollow noopener noreferrer\">un men\u00fa degustaci\u00f3n con el Museo del Vino Pagos del Rey<\/a>; y en esta ocasi\u00f3n, de <strong>un men\u00fa degustaci\u00f3n con cata de 12 vinos<\/strong>.<\/p>\n<figure id=\"attachment_33629\" aria-describedby=\"caption-attachment-33629\" style=\"width: 640px\" class=\"wp-caption aligncenter\"><img decoding=\"async\" data-pin-description=\"Cata de vinos blancos en proceso de clarificaci\u00f3n - Destino Castilla y Le\u00f3n\" src=\"https:\/\/destinocastillayleon.es\/index\/wp-content\/uploads\/2020\/10\/0160d8a4d096617308d35b2ea747b601.jpg\" alt=\"Cata de vinos blancos en proceso de clarificaci\u00f3n - Destino Castilla y Le\u00f3n\" width=\"640\" height=\"425\" class=\"size-full wp-image-33629\" srcset=\"https:\/\/destinocastillayleon.es\/index\/wp-content\/uploads\/2020\/10\/0160d8a4d096617308d35b2ea747b601.jpg 640w, https:\/\/destinocastillayleon.es\/index\/wp-content\/uploads\/2020\/10\/0160d8a4d096617308d35b2ea747b601-300x200.jpg 300w\" sizes=\"(max-width: 640px) 100vw, 640px\" \/><figcaption id=\"caption-attachment-33629\" class=\"wp-caption-text\">Cata de vinos blancos en proceso de clarificaci\u00f3n &#8211; Destino Castilla y Le\u00f3n<\/figcaption><\/figure>\n<p>La <a href=\"https:\/\/lamesadelconde.es\/restaurante-la-panera\/\" rel=\"noopener noreferrer\" target=\"_blank\">experiencia en el restaurante la Antigua Panera<\/a> fue brutal, <strong>Incluso antes de empezar, con los aperitivos, catamos un vermut casero y diversos vinos blancos en diferentes estados de elaboraci\u00f3n<\/strong>. Tras esto, ya fueron pasando por la mesa <strong>diversos platos, de corte inicialmente modernos, para vinos j\u00f3venes y frescos, tanto blancos, como rosados<\/strong>, como tintos de las denominaciones de origen Rueda y Toro; no podemos olvidar que son adyacentes la una de la otra.<\/p>\n<figure id=\"attachment_33633\" aria-describedby=\"caption-attachment-33633\" style=\"width: 640px\" class=\"wp-caption aligncenter\"><img decoding=\"async\" data-pin-description=\"Algunos de los platos del men\u00fa degustaci\u00f3n del Restaurante La Panera - Destino Castilla y Le\u00f3n\" src=\"https:\/\/destinocastillayleon.es\/index\/wp-content\/uploads\/2020\/10\/ff40790c3ea25d7a37c43a2ea498b279.jpg\" alt=\"Algunos de los platos del men\u00fa degustaci\u00f3n del Restaurante La Panera - Destino Castilla y Le\u00f3n\" width=\"640\" height=\"426\" class=\"size-full wp-image-33633\" srcset=\"https:\/\/destinocastillayleon.es\/index\/wp-content\/uploads\/2020\/10\/ff40790c3ea25d7a37c43a2ea498b279.jpg 640w, https:\/\/destinocastillayleon.es\/index\/wp-content\/uploads\/2020\/10\/ff40790c3ea25d7a37c43a2ea498b279-300x200.jpg 300w, https:\/\/destinocastillayleon.es\/index\/wp-content\/uploads\/2020\/10\/ff40790c3ea25d7a37c43a2ea498b279-600x400.jpg 600w\" sizes=\"(max-width: 640px) 100vw, 640px\" \/><figcaption id=\"caption-attachment-33633\" class=\"wp-caption-text\">Algunos de los platos del men\u00fa degustaci\u00f3n del Restaurante La Panera &#8211; Destino Castilla y Le\u00f3n<\/figcaption><\/figure>\n<p>Tras esto, <strong>lleg\u00f3 un gran bistec a la piedra, una carne roja muy cl\u00e1sica perfecta para armonizar con los vinos tintos<\/strong> de esta denominaci\u00f3n de origen.<\/p>\n<figure id=\"attachment_33639\" aria-describedby=\"caption-attachment-33639\" style=\"width: 640px\" class=\"wp-caption aligncenter\"><img decoding=\"async\" data-pin-description=\"Chulet\u00f3n de carne a la brasa con vinos de Toro - Destino Castilla y Le\u00f3n\" src=\"https:\/\/destinocastillayleon.es\/index\/wp-content\/uploads\/2020\/10\/53d8d910dd0eb82b9a82e5a8e3045bdb.jpg\" alt=\"Chulet\u00f3n de carne a la brasa con vinos de Toro - Destino Castilla y Le\u00f3n\" width=\"640\" height=\"360\" class=\"size-full wp-image-33639\" srcset=\"https:\/\/destinocastillayleon.es\/index\/wp-content\/uploads\/2020\/10\/53d8d910dd0eb82b9a82e5a8e3045bdb.jpg 640w, https:\/\/destinocastillayleon.es\/index\/wp-content\/uploads\/2020\/10\/53d8d910dd0eb82b9a82e5a8e3045bdb-300x169.jpg 300w\" sizes=\"(max-width: 640px) 100vw, 640px\" \/><figcaption id=\"caption-attachment-33639\" class=\"wp-caption-text\">Chulet\u00f3n de carne a la brasa con vinos de Toro &#8211; Destino Castilla y Le\u00f3n<\/figcaption><\/figure>\n<p>Debido a que ten\u00edamos un compromiso ineludible, <strong>no nos quedamos a la \u00faltima ronda con los vinos gran reserva y vinos de Oporto<\/strong>, que son perfectos para postres con chocolate.<\/p>\n<p>Sin duda, <strong>una gran experiencia gastron\u00f3mica y enol\u00f3gica, pues este men\u00fa degustaci\u00f3n con tantos vinos es una forma \u00fanica no solo de comer bien<\/strong>, si no de aprender y disfrutar del vino de mano de Roberto, una eminencia y un apasionado.<\/p>\n<p><strong>Situaci\u00f3n:<\/strong><br \/>\nPlaza Mayor, 11 (<a href=\"https:\/\/goo.gl\/maps\/9FycRcG2xP1AdwPD7\" target=\"_Blank\" rel=\"NoFollow noopener noreferrer\">ver en un mapa<\/a>)<br \/>\n49810 &#8211; Morales de Toro, Zamora<\/p>\n<h3><strong>De tapas por Toro<\/strong><\/h3>\n<p>Tambi\u00e9n <strong>en este viaje nos dio tiempo a tapear por Toro antes de tener que marcharnos<\/strong>. Con la experiencia que vivimos, vamos a actualizar los lugares que ya os sugerimos en nuestra <a href=\"https:\/\/destinocastillayleon.es\/index\/los-mejores-bares-para-tapear-en-toro\/\">ruta de tapeo por Toro<\/a>. <strong>Lamentablemente, hay varios que han tenido que cerrar y otros renovarse<\/strong> La mayor parte de los bares de tapas est\u00e1n adscritos a la Ruta del Vino de Toro.<a name=\"Latinta\"><\/a><\/p>\n<h4><strong>Bar restaurante Latinta<\/strong><\/h4>\n<p>Este bar no lo conoc\u00edamos y nos lo sugirieron. <strong>Un bar moderno, con un toque informal, pero con una propuesta gastron\u00f3mica y enol\u00f3gica interesante<\/strong>. Posee varias mesas altas, adem\u00e1s de una terraza.<\/p>\n<p>Os diremos que <strong>las croquetas que pedimos, dos medias raciones para variar gustos, estaban de muerte<\/strong>, sobre todo para acompa\u00f1ar a un tinto roble de Toro.<\/p>\n<figure id=\"attachment_33625\" aria-describedby=\"caption-attachment-33625\" style=\"width: 640px\" class=\"wp-caption aligncenter\"><img decoding=\"async\" data-pin-description=\"Tapeando en el bar Latinta de Toro - Destino Castilla y Le\u00f3n\" src=\"https:\/\/destinocastillayleon.es\/index\/wp-content\/uploads\/2020\/10\/8aaf88661d42085c2a684fb729e47e75.jpg\" alt=\"Tapeando en el bar Latinta de Toro - Destino Castilla y Le\u00f3n\" width=\"640\" height=\"425\" class=\"size-full wp-image-33625\" srcset=\"https:\/\/destinocastillayleon.es\/index\/wp-content\/uploads\/2020\/10\/8aaf88661d42085c2a684fb729e47e75.jpg 640w, https:\/\/destinocastillayleon.es\/index\/wp-content\/uploads\/2020\/10\/8aaf88661d42085c2a684fb729e47e75-300x200.jpg 300w\" sizes=\"(max-width: 640px) 100vw, 640px\" \/><figcaption id=\"caption-attachment-33625\" class=\"wp-caption-text\">Tapeando en el bar Latinta de Toro &#8211; Destino Castilla y Le\u00f3n<\/figcaption><\/figure>\n<p><strong>Situaci\u00f3n:<\/strong><br \/>\nBar restaurante Latinta<br \/>\nPlaza Mayor N\u00ba2, Bajo (<a href=\"https:\/\/goo.gl\/maps\/9FycRcG2xP1AdwPD7\" target=\"_Blank\" rel=\"NoFollow noopener noreferrer\">ver en un mapa<\/a>)<br \/>\n49800 &#8211; Toro, Zamora<a name=\"Cafe-Imperial\"><\/a><\/p>\n<h4><strong>Restaurante Caf\u00e9 Imperial<\/strong><\/h4>\n<p>Este es <strong>un viejo conocido para nosotros. Un cl\u00e1sico de siempre, pero sin perder de vista un estilo gastron\u00f3mico actual<\/strong>, ya que ha sido galardonado en los \u00faltimos concursos de tapas en Toro, y eso es interesante.<\/p>\n<p>En este caso, <strong>nos tomamos unas tapas variadas con vinos, un tinto cl\u00e1sico de Toro, y un verdejo de Toro<\/strong>, porque tambi\u00e9n se elaboran blancos verdejos en Toro. Vinos menos afrutados, pero con una personalidad interesante.<\/p>\n<figure id=\"attachment_33626\" aria-describedby=\"caption-attachment-33626\" style=\"width: 640px\" class=\"wp-caption aligncenter\"><img decoding=\"async\" data-pin-description=\"Tapeando en el Caf\u00e9 Imperial de Toro - Destino Castilla y Le\u00f3n\" src=\"https:\/\/destinocastillayleon.es\/index\/wp-content\/uploads\/2020\/10\/d57ee88ed540a849ea27f6e7a50c0cd5.jpg\" alt=\"Tapeando en el Caf\u00e9 Imperial de Toro - Destino Castilla y Le\u00f3n\" width=\"640\" height=\"426\" class=\"size-full wp-image-33626\" srcset=\"https:\/\/destinocastillayleon.es\/index\/wp-content\/uploads\/2020\/10\/d57ee88ed540a849ea27f6e7a50c0cd5.jpg 640w, https:\/\/destinocastillayleon.es\/index\/wp-content\/uploads\/2020\/10\/d57ee88ed540a849ea27f6e7a50c0cd5-300x200.jpg 300w, https:\/\/destinocastillayleon.es\/index\/wp-content\/uploads\/2020\/10\/d57ee88ed540a849ea27f6e7a50c0cd5-600x400.jpg 600w\" sizes=\"(max-width: 640px) 100vw, 640px\" \/><figcaption id=\"caption-attachment-33626\" class=\"wp-caption-text\">Tapeando en el Caf\u00e9 Imperial de Toro &#8211; Destino Castilla y Le\u00f3n<\/figcaption><\/figure>\n<p><strong>Situaci\u00f3n:<\/strong><br \/>\nCaf\u00e9 Imperial<br \/>\nPlaza Mayor N\u00ba19, Bajo (<a href=\"https:\/\/goo.gl\/maps\/41vVDcJtXrqJYTEh9\" target=\"_Blank\" rel=\"NoFollow noopener noreferrer\">ver en un mapa<\/a>)<br \/>\n49800 &#8211; Toro, Zamora<\/p>\n<p>Aunque <strong>no visitamos m\u00e1s lugares, nos llevamos varias recomendaciones para nuestros pr\u00f3ximos viajes a Toro<\/strong> como el bar El Arco del Reloj. Desde luego, los restaurantes La Esquina de Col\u00e1s y la Do\u00f1a Negra, que tambi\u00e9n ofrecen tapas.<\/p>\n<h2><strong>Museos de la Ruta del Vino de Toro<\/strong><\/h2>\n<p>La Ruta del Vino de Toro <strong>posee al menos dos museos dedicados al vino y la gastronom\u00eda<\/strong>. El m\u00e1s conocido es el Museo del Vino Pagos del Rey, una instalaci\u00f3n en Morales de Toro; pero hay otro museo, en este caso dedicado al queso y que se complementan.<\/p>\n<h3><strong>Museos cl\u00e1sicos<\/strong><\/h3>\n<p>Vamos a distinguir <strong>dos tipos de museos, museos del vino; con el concepto t\u00edpico de museo<\/strong>, aunque m\u00e1s adelante tambi\u00e9n vamos a incluir otros tipos de museos.<a name=\"Museo-del-Vino\"><\/a><\/p>\n<h4><strong>Museo del Vino Pagos del Rey<\/strong><\/h4>\n<p>Este <a href=\"https:\/\/destinocastillayleon.es\/index\/visita-al-museo-del-vino-pagos-del-rey\/\">museo<\/a> <strong>se asienta sobre una antigua bodega<\/strong>, en la que se han realizado muchas rehabilitaciones para tener una bodega moderna y plenamente funcional, respetando los restos de la antigua.<\/p>\n<figure id=\"attachment_33594\" aria-describedby=\"caption-attachment-33594\" style=\"width: 640px\" class=\"wp-caption aligncenter\"><img decoding=\"async\" data-pin-description=\"Instalaciones del Museo del Vino Pagos del Rey - Destino Castilla y Le\u00f3n\" src=\"https:\/\/destinocastillayleon.es\/index\/wp-content\/uploads\/2020\/10\/e4647eaf0aeaa2dfc744f739f31f96dc.jpg\" alt=\"Instalaciones del Museo del Vino Pagos del Rey - Destino Castilla y Le\u00f3n\" width=\"640\" height=\"360\" class=\"size-full wp-image-33594\" srcset=\"https:\/\/destinocastillayleon.es\/index\/wp-content\/uploads\/2020\/10\/e4647eaf0aeaa2dfc744f739f31f96dc.jpg 640w, https:\/\/destinocastillayleon.es\/index\/wp-content\/uploads\/2020\/10\/e4647eaf0aeaa2dfc744f739f31f96dc-300x169.jpg 300w\" sizes=\"(max-width: 640px) 100vw, 640px\" \/><figcaption id=\"caption-attachment-33594\" class=\"wp-caption-text\">Instalaciones del Museo del Vino Pagos del Rey &#8211; Destino Castilla y Le\u00f3n<\/figcaption><\/figure>\n<p>En <strong>sus instalaciones lo primero que hay que disfrutar es de un bello jard\u00edn<\/strong> que, en primavera es muy agradable. En su interior, la antigua sala de fermentaci\u00f3n es <strong>un periplo por la cultura del vino en general<\/strong>, especialmente en la parte inferior y mucho m\u00e1s <strong>dedicado a la zona en la que est\u00e1, la denominaci\u00f3n de origen Toro<\/strong> en la superior.<\/p>\n<p>Pero no es solo esto lo que hay en este museo, pues adem\u00e1s de <strong>la exposici\u00f3n permanente, que nunca nos cansamos de visitarla<\/strong>; en algunas estancias, <strong>en funci\u00f3n de las necesidades, es tambi\u00e9n un espacio cultural y de ocio<\/strong>.<\/p>\n<figure id=\"attachment_33627\" aria-describedby=\"caption-attachment-33627\" style=\"width: 640px\" class=\"wp-caption aligncenter\"><img decoding=\"async\" data-pin-description=\"Show de humor en el Museo del vino Pagos del Rey - Destino Castilla y Le\u00f3n\" src=\"https:\/\/destinocastillayleon.es\/index\/wp-content\/uploads\/2020\/10\/0ea583c2764b5c28c980db0506abbaeb.jpg\" alt=\"Show de humor en el Museo del vino Pagos del Rey - Destino Castilla y Le\u00f3n\" width=\"640\" height=\"427\" class=\"size-full wp-image-33627\" srcset=\"https:\/\/destinocastillayleon.es\/index\/wp-content\/uploads\/2020\/10\/0ea583c2764b5c28c980db0506abbaeb.jpg 640w, https:\/\/destinocastillayleon.es\/index\/wp-content\/uploads\/2020\/10\/0ea583c2764b5c28c980db0506abbaeb-300x200.jpg 300w, https:\/\/destinocastillayleon.es\/index\/wp-content\/uploads\/2020\/10\/0ea583c2764b5c28c980db0506abbaeb-600x400.jpg 600w\" sizes=\"(max-width: 640px) 100vw, 640px\" \/><figcaption id=\"caption-attachment-33627\" class=\"wp-caption-text\">Show de humor en el Museo del vino Pagos del Rey &#8211; Destino Castilla y Le\u00f3n<\/figcaption><\/figure>\n<p>Durante nuestra visita, por ejemplo, <strong>disfrutamos de una de las sesiones de un ciclo de monologuistas, de mano de <a href=\"https:\/\/www.facebook.com\/ChelyCapitan\/\" target=\"_Blank\" rel=\"NoFollow noopener noreferrer\">Chely Capit\u00e1n<\/a><\/strong>; lo que hizo que la armon\u00eda de los vinos de Pagos del Rey fuese totalmente diferente a lo que hab\u00edamos visto hasta la fecha, y hemos visitado muchas veces este museo. <\/p>\n<p>Con las restricciones actuales del Covid, <strong>imaginamos que este programa cultural estar\u00e1 un tanto limitado, pero de cara al futuro, os aconsejamos consultar el programa de actuaciones<\/strong>, que pod\u00e9is conocer en su web: <a href=\"http:\/\/www.pagosdelreymuseodelvino.com\/category\/programacion\/\" target=\"_Blank\" rel=\"NoFollow noopener noreferrer\">Museo del Vino Pagos del Rey \u2013 Programaci\u00f3n cultural<\/a>.<\/p>\n<p><strong>Situaci\u00f3n:<\/strong><br \/>\nPagos del Rey Museo del Vino<br \/>\nAv. Comuneros, 90 (<a href=\"https:\/\/g.page\/pagosdelreymuseodelvino?share\" target=\"_Blank\" rel=\"NoFollow noopener noreferrer\">ver en un mapa<\/a>)<br \/>\n49800 &#8211; Morales de Toro, Zamora<a name=\"Museo-del-Queso\"><\/a><\/p>\n<h4><strong>Museo del Queso Quesos Chill\u00f3n<\/strong><\/h4>\n<p>Este museo <strong>es el \u00fanico museo dedicado al queso, reconocido oficialmente por la Junta de Castilla y Le\u00f3n<\/strong>. Este museo recoge <strong>las vivencias de la familia Chill\u00f3n<\/strong>, que desde hace tres generaciones llevan elaborando y comercializando quesos.<\/p>\n<figure id=\"attachment_33610\" aria-describedby=\"caption-attachment-33610\" style=\"width: 640px\" class=\"wp-caption aligncenter\"><img decoding=\"async\" data-pin-description=\"Museo del Queso en Quer\u00edas Chill\u00f3n - Destino Castilla y Le\u00f3n\" src=\"https:\/\/destinocastillayleon.es\/index\/wp-content\/uploads\/2020\/10\/8562e76021c44c6a80ea33dd2805fe48.jpg\" alt=\"Museo del Queso en Quer\u00edas Chill\u00f3n - Destino Castilla y Le\u00f3n\" width=\"640\" height=\"360\" class=\"size-full wp-image-33610\" srcset=\"https:\/\/destinocastillayleon.es\/index\/wp-content\/uploads\/2020\/10\/8562e76021c44c6a80ea33dd2805fe48.jpg 640w, https:\/\/destinocastillayleon.es\/index\/wp-content\/uploads\/2020\/10\/8562e76021c44c6a80ea33dd2805fe48-300x169.jpg 300w\" sizes=\"(max-width: 640px) 100vw, 640px\" \/><figcaption id=\"caption-attachment-33610\" class=\"wp-caption-text\">Museo del Queso en Quer\u00edas Chill\u00f3n &#8211; Destino Castilla y Le\u00f3n<\/figcaption><\/figure>\n<p>Este museo <strong>hace un recorrido desde los primeros equipos para la producci\u00f3n de quesos<\/strong> de forma artesanal, hasta las t\u00e9cnicas modernas que adaptan, v\u00eda mecanizaci\u00f3n, estos procesos para hacer m\u00e1s rentable esta tradici\u00f3n.<\/p>\n<figure id=\"attachment_33592\" aria-describedby=\"caption-attachment-33592\" style=\"width: 640px\" class=\"wp-caption aligncenter\"><img decoding=\"async\" data-pin-description=\"Degustaci\u00f3n y cata de quesos armonizada de Quesos Chill\u00f3n - Destino Castilla y Le\u00f3n\" src=\"https:\/\/destinocastillayleon.es\/index\/wp-content\/uploads\/2020\/10\/6696134a1aab88faf08e20705a92de63.jpg\" alt=\"Degustaci\u00f3n y cata de quesos armonizada de Quesos Chill\u00f3n - Destino Castilla y Le\u00f3n\" width=\"640\" height=\"425\" class=\"size-full wp-image-33592\" srcset=\"https:\/\/destinocastillayleon.es\/index\/wp-content\/uploads\/2020\/10\/6696134a1aab88faf08e20705a92de63.jpg 640w, https:\/\/destinocastillayleon.es\/index\/wp-content\/uploads\/2020\/10\/6696134a1aab88faf08e20705a92de63-300x200.jpg 300w\" sizes=\"(max-width: 640px) 100vw, 640px\" \/><figcaption id=\"caption-attachment-33592\" class=\"wp-caption-text\">Degustaci\u00f3n y cata de quesos armonizada de Quesos Chill\u00f3n &#8211; Destino Castilla y Le\u00f3n<\/figcaption><\/figure>\n<p>La visita a este museo termina con <strong>una degustaci\u00f3n de diferentes variedades de queso<\/strong>, armonizada con un vino de Toro, algunos patentados por esta empresa familiar.<\/p>\n<p><strong>Situaci\u00f3n:<\/strong><br \/>\nMuseo del Queso Queser\u00edas Chill\u00f3n Plaza<br \/>\nCtra. Tordesillas, 11 (<a href=\"https:\/\/goo.gl\/maps\/T8qbPGZRoBfyiBPb6\" target=\"_Blank\" rel=\"NoFollow noopener noreferrer\">ver en un mapa<\/a>)<br \/>\n49800 &#8211; Toro, Zamora<\/p>\n<h3><strong>Bodegas museos tradicionales visitables<\/strong><\/h3>\n<p>Hemos incluido <strong>dos bodegas tradicionales de Toro, recientemente rehabilitadas para su uso como espacios muse\u00edsticos<\/strong>, donde tanto el contenido, como en s\u00ed misma la instalaci\u00f3n son admirables por ser <strong>una parte intr\u00ednseca de la cultura y la econom\u00eda del vino en Toro<\/strong>.<a name=\"Bodega-del-Ayuntamiento\"><\/a><\/p>\n<h4><strong>Museo Bodega del Ayuntamiento<\/strong><\/h4>\n<p>Nuevamente <strong>esta visita la hicimos fuera del programa oficial del viaje. Esta bodega es una bodega tradicional rehabilitada por el Ayuntamiento<\/strong>. En ella se muestra la cultura del vino en Toro, que se remonta a muchos siglos en el pasado.<\/p>\n<p>Es <strong>un ejemplo de las bodegas tradicionales existentes en Toro<\/strong>, que como otras poblaciones de Castilla y Le\u00f3n est\u00e1 completamente horadada en su subsuelo, aunque no todas son visitables; est\u00e1 en concreto s\u00ed lo es. Es un gran complemento a los museos anteriores.<\/p>\n<figure id=\"attachment_33628\" aria-describedby=\"caption-attachment-33628\" style=\"width: 615px\" class=\"wp-caption aligncenter\"><img decoding=\"async\" data-pin-description=\"Bodega del Ayuntamiento - Imagen del Ayto. de Toro\" src=\"https:\/\/destinocastillayleon.es\/index\/wp-content\/uploads\/2020\/10\/Bodega-del-Ayuntamiento-Imagen-del-Ayto.-de-Toro.jpg\" alt=\"Bodega del Ayuntamiento - Imagen del Ayto. de Toro\" width=\"615\" height=\"346\" class=\"size-full wp-image-33628\" srcset=\"https:\/\/destinocastillayleon.es\/index\/wp-content\/uploads\/2020\/10\/Bodega-del-Ayuntamiento-Imagen-del-Ayto.-de-Toro.jpg 615w, https:\/\/destinocastillayleon.es\/index\/wp-content\/uploads\/2020\/10\/Bodega-del-Ayuntamiento-Imagen-del-Ayto.-de-Toro-300x169.jpg 300w\" sizes=\"(max-width: 615px) 100vw, 615px\" \/><figcaption id=\"caption-attachment-33628\" class=\"wp-caption-text\">Bodega del Ayuntamiento &#8211; Imagen del Ayto. de Toro<\/figcaption><\/figure>\n<p>Esta bodega <strong>se compone de un conjunto de tres naves a distintos niveles enlazadas por las esquinas y rematadas con b\u00f3vedas de ca\u00f1\u00f3n<\/strong> para sujetar los techos y se encuentra bajo el actual ayuntamiento de estilo cl\u00e1sico, obra de Ventura Rodriguez, si bien esta bodega es posiblemente mucho m\u00e1s antigua.<a name=\"Bodega-Historica\"><\/a><\/p>\n<h4><strong>Museo Bodega Hist\u00f3rica del Vino de Toro<\/strong><\/h4>\n<p>Esta es otra bodega de Toro <strong>rehabilitada por la <a href=\"https:\/\/www.bodegahistoricadelvinodetoro.es\/\" target=\"_Blank\" rel=\"NoFollow noopener noreferrer\">Denominaci\u00f3n de Origen Toro<\/a> y que sirve como museo y centro de interpretaci\u00f3n y promoci\u00f3n de los vinos de Toro<\/strong>. En esta bodega adem\u00e1s se conserva la parte de lagar, con una viga romana original.<\/p>\n<p>Esta bodega posee <strong>una b\u00f3veda de ca\u00f1\u00f3n realizada con ladrillo mud\u00e9jar<\/strong>, pero reforzada por arcos de medio punto, realizado en piedra.<\/p>\n<figure id=\"attachment_24749\" aria-describedby=\"caption-attachment-24749\" style=\"width: 640px\" class=\"wp-caption aligncenter\"><img decoding=\"async\" src=\"https:\/\/destinocastillayleon.es\/index\/wp-content\/uploads\/2017\/02\/1ba6599fb2b4777ca9198365ec49f804.jpg\" alt=\"Lagar de la Bodega tradicional de Toro - Imagen de Castilla y Le\u00f3n de vinos\" width=\"640\" height=\"341\" class=\"size-full wp-image-24749\" srcset=\"https:\/\/destinocastillayleon.es\/index\/wp-content\/uploads\/2017\/02\/1ba6599fb2b4777ca9198365ec49f804.jpg 640w, https:\/\/destinocastillayleon.es\/index\/wp-content\/uploads\/2017\/02\/1ba6599fb2b4777ca9198365ec49f804-300x160.jpg 300w\" sizes=\"(max-width: 640px) 100vw, 640px\" \/><figcaption id=\"caption-attachment-24749\" class=\"wp-caption-text\">Lagar de la Bodega tradicional de Toro &#8211; Imagen de Castilla y Le\u00f3n de vinos<\/figcaption><\/figure>\n<p><strong>Situaci\u00f3n:<\/strong><br \/>\nBodega Hist\u00f3rica del Vino de Toro<br \/>\nCalle Cerrada, 2 (<a href=\"https:\/\/goo.gl\/maps\/Bpb9pdwM7E7phucu9\" target=\"_Blank\" rel=\"NoFollow noopener noreferrer\">ver en un mapa<\/a>)<br \/>\n49800 &#8211; Toro, Zamora<\/p>\n<h2><strong>Gastronom\u00eda, productores y tiendas gourmet<\/strong><\/h2>\n<p>Pero <strong>el gusto es tambi\u00e9n exportable, y adem\u00e1s de bodegas y restaurantes, son varios los productores de productos agroalimentarios que pertenecen a la Ruta del Vino de Toro<\/strong>, o bien son negocios locales donde adquirir estos productos, siempre de excelente calidad. <\/p>\n<p><strong>Productos tradicionales que han evolucionado junto al vino<\/strong>, de forma que siempre son una armon\u00eda perfecta.<a name=\"Queseria-Chillon\"><\/a><\/p>\n<h3><strong>Queser\u00edas Chill\u00f3n<\/strong><\/h3>\n<p>Es que el <a href=\"#Museo-del-Queso\">Museo del queso<\/a> <strong>es tambi\u00e9n f\u00e1brica y tienda de productos gastron\u00f3micos<\/strong>. Junto al museo se encuentran estas instalaciones, y aunque conectadas est\u00e1n conectadas y son complementarias.<\/p>\n<figure id=\"attachment_33631\" aria-describedby=\"caption-attachment-33631\" style=\"width: 640px\" class=\"wp-caption aligncenter\"><img decoding=\"async\" data-pin-description=\"Quesos de Queser\u00edas Chill\u00f3n en Toro - Destino Castilla y Le\u00f3n\" src=\"https:\/\/destinocastillayleon.es\/index\/wp-content\/uploads\/2020\/10\/77c7ad002c4ab1e25ffa2272a9e61603.jpg\" alt=\"Quesos de Queser\u00edas Chill\u00f3n en Toro - Destino Castilla y Le\u00f3n\" width=\"640\" height=\"360\" class=\"size-full wp-image-33631\" srcset=\"https:\/\/destinocastillayleon.es\/index\/wp-content\/uploads\/2020\/10\/77c7ad002c4ab1e25ffa2272a9e61603.jpg 640w, https:\/\/destinocastillayleon.es\/index\/wp-content\/uploads\/2020\/10\/77c7ad002c4ab1e25ffa2272a9e61603-300x169.jpg 300w\" sizes=\"(max-width: 640px) 100vw, 640px\" \/><figcaption id=\"caption-attachment-33631\" class=\"wp-caption-text\">Quesos de Queser\u00edas Chill\u00f3n en Toro &#8211; Destino Castilla y Le\u00f3n<\/figcaption><\/figure>\n<p><strong>Situaci\u00f3n:<\/strong><br \/>\nMuseo del Queso Queser\u00edas Chill\u00f3n Plaza<br \/>\nCtra. Tordesillas, 11 (<a href=\"https:\/\/goo.gl\/maps\/T8qbPGZRoBfyiBPb6\" target=\"_Blank\" rel=\"NoFollow noopener noreferrer\">ver en un mapa<\/a>)<br \/>\n49800 &#8211; Toro, Zamora<a name=\"Otras-Tiendas\"><\/a><\/p>\n<h4><strong>Otras tiendas en Toro<\/strong><\/h4>\n<p>Y como del cerdo, nos gustan hasta los andares; pues, <strong>aunque fuera de programa conocimos los embutidos de <a href=\"https:\/\/www.todetoro.es\/index.php\" target=\"_Blank\" rel=\"NoFollow noopener noreferrer\">TodeToro<\/a><\/strong>.<\/p>\n<figure id=\"attachment_33632\" aria-describedby=\"caption-attachment-33632\" style=\"width: 580px\" class=\"wp-caption aligncenter\"><img decoding=\"async\" data-pin-description=\"Chocolates de Chocolater\u00eda la Superlativa de Toro - Imagen de la marca\" src=\"https:\/\/destinocastillayleon.es\/index\/wp-content\/uploads\/2020\/10\/e717a33f10d448dc7a804d29e6665265.jpg\" alt=\"Chocolates de Chocolater\u00eda la Superlativa de Toro - Imagen de la marca\" width=\"580\" height=\"326\" class=\"size-full wp-image-33632\" srcset=\"https:\/\/destinocastillayleon.es\/index\/wp-content\/uploads\/2020\/10\/e717a33f10d448dc7a804d29e6665265.jpg 580w, https:\/\/destinocastillayleon.es\/index\/wp-content\/uploads\/2020\/10\/e717a33f10d448dc7a804d29e6665265-300x169.jpg 300w\" sizes=\"(max-width: 580px) 100vw, 580px\" \/><figcaption id=\"caption-attachment-33632\" class=\"wp-caption-text\">Chocolates de Chocolater\u00eda la Superlativa de Toro &#8211; Imagen de la marca<\/figcaption><\/figure>\n<p>Tambi\u00e9n para los m\u00e1s dulces, fuera de programa, <strong>conocimos parcialmente los <a href=\"https:\/\/www.chocolateslasuperlativa.com\/\" target=\"_Blank\" rel=\"NoFollow noopener noreferrer\">Chocolates la Superlativa<\/a><\/strong>, una f\u00e1brica de chocolates artesanales que llevan trabajando este dulce producto desde 1870.<\/p>\n<h2><strong>Alojamientos disfrutados<\/strong><\/h2>\n<p>En nuestro viaje de <strong>tres d\u00edas y dos noches, disfrutamos de dos hoteles de la Ruta del Vino de Toro<\/strong>. Dos espacios \u00fanicos que ya hab\u00edamos conocido en anteriores visitas, pero no de esta forma. Sin duda dos <strong>exponentes de la comodidad, el lujo y el bien estar dentro de un viaje<\/strong>; porque para disfrutar del viaje, hay que estar descansado.<a name=\"Monte-la-Reina\"><\/a><\/p>\n<h3><strong>Posada Real Bodega Monte la Reina<\/strong><\/h3>\n<p><strong>\u00bfA qui\u00e9n no le gusta la idea de dormir en un aut\u00e9ntico castillo?<\/strong> Pues esto es lo que disfrutamos, vosotros tambi\u00e9n pod\u00e9is hacer, <strong>si eleg\u00eds este Posada Real podr\u00e9is alojaros en alguna de las 8 habitaciones dobles<\/strong>, perfectamente equipadas de <strong>este castillo neog\u00f3tico del siglo XIX<\/strong>. <\/p>\n<figure id=\"attachment_33634\" aria-describedby=\"caption-attachment-33634\" style=\"width: 640px\" class=\"wp-caption aligncenter\"><img decoding=\"async\" data-pin-description=\"Posada Real Monte la Reina - Destino Castilla y Le\u00f3n\" src=\"https:\/\/destinocastillayleon.es\/index\/wp-content\/uploads\/2020\/10\/73f80b62f0acfb05d0247968ff5a8d15.jpg\" alt=\"Posada Real Monte la Reina - Destino Castilla y Le\u00f3n\" width=\"640\" height=\"427\" class=\"size-full wp-image-33634\" srcset=\"https:\/\/destinocastillayleon.es\/index\/wp-content\/uploads\/2020\/10\/73f80b62f0acfb05d0247968ff5a8d15.jpg 640w, https:\/\/destinocastillayleon.es\/index\/wp-content\/uploads\/2020\/10\/73f80b62f0acfb05d0247968ff5a8d15-300x200.jpg 300w, https:\/\/destinocastillayleon.es\/index\/wp-content\/uploads\/2020\/10\/73f80b62f0acfb05d0247968ff5a8d15-600x400.jpg 600w\" sizes=\"(max-width: 640px) 100vw, 640px\" \/><figcaption id=\"caption-attachment-33634\" class=\"wp-caption-text\">Posada Real Monte la Reina &#8211; Destino Castilla y Le\u00f3n<\/figcaption><\/figure>\n<p>En su interior, <strong>disfrutar\u00e9is no solo de unas habitaciones muy confortables y modernas, adaptadas a los tiempos actuales<\/strong>. Adem\u00e1s, es un entorno con <strong>unas magn\u00edficas vistas al Duero<\/strong>, camino de la ciudad de Zamora.<\/p>\n<figure id=\"attachment_33636\" aria-describedby=\"caption-attachment-33636\" style=\"width: 640px\" class=\"wp-caption aligncenter\"><img decoding=\"async\" src=\"https:\/\/destinocastillayleon.es\/index\/wp-content\/uploads\/2020\/10\/b9094afc2d9909e15f2252b5042aae92.jpg\" alt=\"Desayuno en la Posada Real Hotel Monte la Reina - Destino Castilla y Le\u00f3n\" width=\"640\" height=\"427\" class=\"size-full wp-image-33636\" srcset=\"https:\/\/destinocastillayleon.es\/index\/wp-content\/uploads\/2020\/10\/b9094afc2d9909e15f2252b5042aae92.jpg 640w, https:\/\/destinocastillayleon.es\/index\/wp-content\/uploads\/2020\/10\/b9094afc2d9909e15f2252b5042aae92-300x200.jpg 300w, https:\/\/destinocastillayleon.es\/index\/wp-content\/uploads\/2020\/10\/b9094afc2d9909e15f2252b5042aae92-600x400.jpg 600w\" sizes=\"(max-width: 640px) 100vw, 640px\" \/><figcaption id=\"caption-attachment-33636\" class=\"wp-caption-text\">Desayuno en la Posada Real Hotel Monte la Reina &#8211; Destino Castilla y Le\u00f3n<\/figcaption><\/figure>\n<p>Por las ma\u00f1anas, <strong>el desayuno con productos de temporada permite disfrutar de uno de los placeres de la vida como es tomar un desayuno completo<\/strong> en un remanso de paz y un entorno amable y acogedor. O bien <strong>disfrutar de su biblioteca<\/strong>, con interesantes vol\u00famenes dedicados entre otras cosas, a la viticultura.<\/p>\n<h4><strong>La bodega Monte la Reina<\/strong><\/h4>\n<p>Aunque no nos dio tiempo en este completo viaje a visitar la bodega de estas instalaciones, si lo hemos hecho en otras ocasiones. <strong>Bajo este precioso castillo se encuentran unas modernas instalaciones preparadas para la elaboraci\u00f3n de buenos vinos de Toro<\/strong>, ya que este castillo se encuentra completamente rodeado de vi\u00f1edos a diferentes cotas, lo que har\u00e1 que los vinos tengan diferentes personalidades seg\u00fan la altitud.<\/p>\n<figure id=\"attachment_33637\" aria-describedby=\"caption-attachment-33637\" style=\"width: 580px\" class=\"wp-caption aligncenter\"><img decoding=\"async\" src=\"https:\/\/destinocastillayleon.es\/index\/wp-content\/uploads\/2020\/10\/2971f777099a5f84861145e2be52a5e8.jpg\" alt=\"Sala de dep\u00f3sitos de Bodega Monte la Reina - Imagen de la Bodega\" width=\"580\" height=\"326\" class=\"size-full wp-image-33637\" srcset=\"https:\/\/destinocastillayleon.es\/index\/wp-content\/uploads\/2020\/10\/2971f777099a5f84861145e2be52a5e8.jpg 580w, https:\/\/destinocastillayleon.es\/index\/wp-content\/uploads\/2020\/10\/2971f777099a5f84861145e2be52a5e8-300x169.jpg 300w\" sizes=\"(max-width: 580px) 100vw, 580px\" \/><figcaption id=\"caption-attachment-33637\" class=\"wp-caption-text\">Sala de dep\u00f3sitos de Bodega Monte la Reina &#8211; Imagen de la Bodega<\/figcaption><\/figure>\n<blockquote><p>Ojo, esta Posada Real y bodega no cuenta con cartel en la carretera N122, hay que salirse en un desv\u00edo a la izquierda, saliendo desde Toro, y pasar por un viaducto las v\u00edas del tren antes de iniciar la subida al castillo<\/p><\/blockquote>\n<p><strong>Situaci\u00f3n:<\/strong><br \/>\nPosada Real Bodega Monte la Reina<br \/>\nCarretera, N-122, Km 436,7 (<a href=\"https:\/\/g.page\/montelareina?share\" target=\"_Blank\" rel=\"NoFollow noopener noreferrer\">ver en un mapa<\/a>)<br \/>\n49881 &#8211; Monte la Reina, Zamora<\/p>\n<p><strong>Reservas:<\/strong><br \/>\nPuedes reservar tu estancia en este enlace. <a href=\"https:\/\/www.booking.com\/hotel\/es\/castillo-monte-la-reina.es.html?aid=1366108;sid=810d0fb5194806bd5f19e409f53523f5;dest_id=-409113;dest_type=city;dist=0;group_adults=2;group_children=0;hapos=1;hpos=1;no_rooms=1;room1=A%2CA;sb_price_type=total;sr_order=popularity;srepoch=1603272463;srpvid=d6084287a8f60065;type=total;ucfs=1&#038;#hotelTmpl\" target=\"_Blank\" rel=\"NoFollow noopener noreferrer\"><strong>Reserva en la Posada Real Monte la Reina<\/strong><\/a>.<a name=\"Hotel-Valbusenda\"><\/a><\/p>\n<h3><strong>Hotel-Spa 5* Valbusenda<\/strong><\/h3>\n<p>Si en el anterior disfrut\u00e1bamos de unas instalaciones cargadas de historia, <strong>este Hotel Valbusenda 5* es radicalmente distinto, con unas construcci\u00f3n modernas y funcionales<\/strong>. Este hotel destaca por unas <strong>l\u00edneas arquitect\u00f3nicas vanguardistas para dar forma a un c\u00f3modo hotel<\/strong>.<\/p>\n<p>Las habitaciones son <strong>muy c\u00f3modas, con un ba\u00f1o casi integrado en el dormitorio y unas vistas a las riberas del Duero<\/strong> y sus vi\u00f1edos, magn\u00edficas.<\/p>\n<figure id=\"attachment_33646\" aria-describedby=\"caption-attachment-33646\" style=\"width: 640px\" class=\"wp-caption aligncenter\"><img decoding=\"async\" data-pin-description=\"Hotel Spa Valbusenda - Destino Castilla y Le\u00f3n\" src=\"https:\/\/destinocastillayleon.es\/index\/wp-content\/uploads\/2020\/10\/c6db3f96e0ee39c72dcb115d5c1137d4.jpg\" alt=\"Hotel Spa Valbusenda - Destino Castilla y Le\u00f3n\" width=\"640\" height=\"360\" class=\"size-full wp-image-33646\" srcset=\"https:\/\/destinocastillayleon.es\/index\/wp-content\/uploads\/2020\/10\/c6db3f96e0ee39c72dcb115d5c1137d4.jpg 640w, https:\/\/destinocastillayleon.es\/index\/wp-content\/uploads\/2020\/10\/c6db3f96e0ee39c72dcb115d5c1137d4-300x169.jpg 300w\" sizes=\"(max-width: 640px) 100vw, 640px\" \/><figcaption id=\"caption-attachment-33646\" class=\"wp-caption-text\">Hotel Spa Valbusenda &#8211; Destino Castilla y Le\u00f3n<\/figcaption><\/figure>\n<p>Con un <strong>desayuno a la carta muy completo<\/strong>, nuestra elecci\u00f3n tras varias experiencias en la zona y sabiendo que a\u00fan nos esperaban varias actividades, <strong>lo dise\u00f1amos relativamente ligero, con una importante presencia de la gastronom\u00eda tradicional zamorana<\/strong> en la carta.<\/p>\n<h4><strong>Instalaciones comunes<\/strong><\/h4>\n<p>No solemos hacer mucho uso de este tipo de instalaciones comunes en los hoteles que visitamos, pero <strong>este caso merece menci\u00f3n propia<\/strong>. Tras llegar de cenar, y aunque ya era ligeramente tarde, decidimos relajarnos al llegar al hotel en esta sala, donde <strong>nos sabemos si un empleado del hotel o un hu\u00e9sped como nosotros, estaba tocando un piano de cola<\/strong>. Nos sentamos en un c\u00f3modo sof\u00e1, junto a una chimenea simulada y <strong>aquello fue un gustazo de relax<\/strong>.<\/p>\n<figure id=\"attachment_33644\" aria-describedby=\"caption-attachment-33644\" style=\"width: 640px\" class=\"wp-caption aligncenter\"><img decoding=\"async\" data-pin-description=\"Piano del Hotel Spa Valbusenda - Destino Castilla y Le\u00f3n\" src=\"https:\/\/destinocastillayleon.es\/index\/wp-content\/uploads\/2020\/10\/7f89e3167d40bb0838046f9dfd35cf47.jpg\" alt=\"Piano del Hotel Spa Valbusenda - Destino Castilla y Le\u00f3n\" width=\"640\" height=\"426\" class=\"size-full wp-image-33644\" srcset=\"https:\/\/destinocastillayleon.es\/index\/wp-content\/uploads\/2020\/10\/7f89e3167d40bb0838046f9dfd35cf47.jpg 640w, https:\/\/destinocastillayleon.es\/index\/wp-content\/uploads\/2020\/10\/7f89e3167d40bb0838046f9dfd35cf47-300x200.jpg 300w, https:\/\/destinocastillayleon.es\/index\/wp-content\/uploads\/2020\/10\/7f89e3167d40bb0838046f9dfd35cf47-600x400.jpg 600w\" sizes=\"(max-width: 640px) 100vw, 640px\" \/><figcaption id=\"caption-attachment-33644\" class=\"wp-caption-text\">Piano del Hotel Spa Valbusenda &#8211; Destino Castilla y Le\u00f3n<\/figcaption><\/figure>\n<h4><strong>El Spa<\/strong><\/h4>\n<p>Pero lo que posiblemente m\u00e1s atraiga al visitante sea <strong>un spa muy completo que posee este hotel<\/strong>. Si bien los hemos disfrutado m\u00e1s completos, este spa posee todo lo necesario para hacerte disfrutar de <strong>la magia del agua, desconectar de las obligaciones, y relajar cuerpo y mente<\/strong> en varias piscinas climatizadas, con piscinas de chorros, as\u00ed como diferentes estilos de saunas, duchas de hidroterapia, piscinas de chorros, Sauna y ba\u00f1o de vapor\u2026<\/p>\n<figure id=\"attachment_33643\" aria-describedby=\"caption-attachment-33643\" style=\"width: 640px\" class=\"wp-caption aligncenter\"><img decoding=\"async\" data-pin-description=\"Spa del Hotel Spa Valbusenda - Destino Castilla y Le\u00f3n\" src=\"https:\/\/destinocastillayleon.es\/index\/wp-content\/uploads\/2020\/10\/89dedd22ae28613d52a85f29ef26fa9c.jpg\" alt=\"Spa del Hotel Spa Valbusenda - Destino Castilla y Le\u00f3n\" width=\"640\" height=\"360\" class=\"size-full wp-image-33643\" srcset=\"https:\/\/destinocastillayleon.es\/index\/wp-content\/uploads\/2020\/10\/89dedd22ae28613d52a85f29ef26fa9c.jpg 640w, https:\/\/destinocastillayleon.es\/index\/wp-content\/uploads\/2020\/10\/89dedd22ae28613d52a85f29ef26fa9c-300x169.jpg 300w\" sizes=\"(max-width: 640px) 100vw, 640px\" \/><figcaption id=\"caption-attachment-33643\" class=\"wp-caption-text\">Spa del Hotel Spa Valbusenda &#8211; Pincha <a href=\"https:\/\/drive.google.com\/file\/d\/1CGaCqj_w9JTOr-jbUIS_qRHtfUwW7-LW\/view?usp=sharing\" rel=\"noopener noreferrer\" target=\"_blank\"><strong><u>aqu\u00ed para ver un video<\/u><\/strong><\/a> &#8211; Destino Castilla y Le\u00f3n<\/figcaption><\/figure>\n<p><strong>Situaci\u00f3n:<\/strong><br \/>\nValbusenda Hotel Bodega &#038; Spa<br \/>\nCarretera de Toro a Peleagonzalo, s\/n (<a href=\"https:\/\/g.page\/Valbusenda?share\" target=\"_Blank\" rel=\"NoFollow noopener noreferrer\">ver en un mapa<\/a>)<br \/>\n49800 &#8211; Toro, Zamora <a name=\"Otros-Hoteles\"><\/a><\/p>\n<h3><strong>Otros hoteles y casas rurales<\/strong><\/h3>\n<p>Evidentemente, <strong>existen otras tantas casas rurales y hoteles rurales adscritos a la Ruta del Vino de Toro<\/strong>, seguramente mucho m\u00e1s econ\u00f3micos, pero estas dos instalaciones son dos buques insignia de esta zona, con una gran capacidad.<\/p>\n<figure id=\"attachment_33642\" aria-describedby=\"caption-attachment-33642\" style=\"width: 580px\" class=\"wp-caption aligncenter\"><img decoding=\"async\" data-pin-description=\"Hotel Juan II de Toro - Imagen del Hotel\" src=\"https:\/\/destinocastillayleon.es\/index\/wp-content\/uploads\/2020\/10\/Hotel-Juan-II-de-Toro-Imagen-del-Hotel.jpg\" alt=\"Hotel Juan II de Toro - Imagen del Hotel\" width=\"580\" height=\"297\" class=\"size-full wp-image-33642\" srcset=\"https:\/\/destinocastillayleon.es\/index\/wp-content\/uploads\/2020\/10\/Hotel-Juan-II-de-Toro-Imagen-del-Hotel.jpg 580w, https:\/\/destinocastillayleon.es\/index\/wp-content\/uploads\/2020\/10\/Hotel-Juan-II-de-Toro-Imagen-del-Hotel-300x154.jpg 300w\" sizes=\"(max-width: 580px) 100vw, 580px\" \/><figcaption id=\"caption-attachment-33642\" class=\"wp-caption-text\">Hotel Juan II de Toro &#8211; Imagen del Hotel<\/figcaption><\/figure>\n<p>No obstante, <strong>dentro de esta ruta, pod\u00e9is tambi\u00e9n alojaros en el propio Toro<\/strong>, de esta forma os pod\u00e9is olvidar del coche. As\u00ed est\u00e1n <strong>los <a href=\"https:\/\/www.booking.com\/hotel\/es\/apartamentos-albero.es.html?aid=1366108;sid=810d0fb5194806bd5f19e409f53523f5;dest_id=-404548;dest_type=city;dist=0;group_adults=2;group_children=0;hapos=6;hpos=6;no_rooms=1;room1=A%2CA;sb_price_type=total;sr_order=popularity;srepoch=1603275336;srpvid=5bac48245e040096;type=total;ucfs=1&#038;#hotelTmpl\" target=\"_Blank\" rel=\"NoFollow noopener noreferrer\">Apartamentos Albero<\/a><\/strong>, c\u00f3modos y familiares. El palacio del siglo XV <a href=\"https:\/\/www.booking.com\/hotel\/es\/posada-palacio-rejadorada.es.html?aid=1366108;sid=810d0fb5194806bd5f19e409f53523f5;dest_id=-404548;dest_type=city;dist=0;group_adults=2;group_children=0;hapos=2;hpos=2;no_rooms=1;room1=A%2CA;sb_price_type=total;sr_order=popularity;srepoch=1603275336;srpvid=5bac48245e040096;type=total;ucfs=1&#038;#hotelTmpl\" target=\"_Blank\" rel=\"NoFollow noopener noreferrer\"><strong>Posada Real Rejadorada<\/strong><\/a>, que adem\u00e1s cuenta con otra bodega tradicional, adem\u00e1s de bodega de elaboraci\u00f3n de vino. O bien uno de los miradores m\u00e1s maravillosos al Duero o a la Colegiata, <strong>el <a href=\"https:\/\/www.booking.com\/hotel\/es\/juan-ii.es.html?aid=1366108;sid=810d0fb5194806bd5f19e409f53523f5;dest_id=-404548;dest_type=city;dist=0;group_adults=2;group_children=0;hapos=1;hpos=1;no_rooms=1;room1=A%2CA;sb_price_type=total;sr_order=popularity;srepoch=1603275336;srpvid=5bac48245e040096;type=total;ucfs=1&#038;#hotelTmpl\" target=\"_Blank\" rel=\"NoFollow noopener noreferrer\">Hotel Juan II<\/a><\/strong>. Como veis, para todos los p\u00fablicos.<\/p>\n<h2><strong>Bodegas visitables<\/strong><\/h2>\n<p>Hemos dejado las bodegas para el final, <strong>pues el enoturismo es en esencia, turismo; y luego un poco de vino<\/strong>. Y aunque nos hemos relacionado con el vino en cada uno de los lugares por los que hemos pasado, <strong>solo ahora nos vamos a centrar en las visitas a las bodegas<\/strong>.<\/p>\n<p><strong>Visitables hay varias bodegas, con mejor o peor oferta enotur\u00edstica<\/strong>, sobre todo si como a nosotros, que ya hemos visitado muchas, que nos cuenten el proceso de elaboraci\u00f3n de vino simplemente, pues ya no es algo plenamente atractivo. <strong>Os vamos a contar las que visitamos<\/strong>.<a name=\"Bodegas-Vocarraje\"><\/a><\/p>\n<h3><strong>Bodegas Vocarraje<\/strong><\/h3>\n<p>Esta bodega familiar <strong>nace de la pasi\u00f3n por la tierra y la vid de su fundador, Abd\u00f3n Segovia<\/strong>, que junto a su familia ha pasado de dar servicios de viticultura a otros, a elaborar sus propios vinos.<\/p>\n<figure id=\"attachment_33590\" aria-describedby=\"caption-attachment-33590\" style=\"width: 640px\" class=\"wp-caption aligncenter\"><img decoding=\"async\" src=\"https:\/\/destinocastillayleon.es\/index\/wp-content\/uploads\/2020\/10\/ad293d999e88d2bee96129fe8e04f01a.jpg\" alt=\"Algunas barricas de la Bodega Abd\u00f3n Segovia - Destino Castilla y Le\u00f3n\" width=\"640\" height=\"426\" class=\"size-full wp-image-33590\" srcset=\"https:\/\/destinocastillayleon.es\/index\/wp-content\/uploads\/2020\/10\/ad293d999e88d2bee96129fe8e04f01a.jpg 640w, https:\/\/destinocastillayleon.es\/index\/wp-content\/uploads\/2020\/10\/ad293d999e88d2bee96129fe8e04f01a-300x200.jpg 300w, https:\/\/destinocastillayleon.es\/index\/wp-content\/uploads\/2020\/10\/ad293d999e88d2bee96129fe8e04f01a-600x400.jpg 600w\" sizes=\"(max-width: 640px) 100vw, 640px\" \/><figcaption id=\"caption-attachment-33590\" class=\"wp-caption-text\">Algunas barricas de la Bodega Abd\u00f3n Segovia &#8211; Destino Castilla y Le\u00f3n<\/figcaption><\/figure>\n<p>Es una bodega que <strong>inicialmente no os va a llamar mucho la atenci\u00f3n, pero lo mejor no son las instalaciones, si no lo que puedes aprender (y si te gusta este mundillo a\u00fan m\u00e1s), sobre la viticultura<\/strong>. De hecho, nosotros vamos a regresar cuando se pueda, pues qued\u00f3 una larga sesi\u00f3n de vinos pendiente.<\/p>\n<p>Esta bodega <strong>elabora vinos de autor, dentro y fuera de los par\u00e1metros del Consejo Regulador de la Denominaci\u00f3n de Origen Toro<\/strong>, que resulta, por lo que nos han comentado, un tanto r\u00edgido a la hora de poder hacer cosas diferentes. <\/p>\n<figure id=\"attachment_33638\" aria-describedby=\"caption-attachment-33638\" style=\"width: 640px\" class=\"wp-caption aligncenter\"><img decoding=\"async\" data-pin-description=\"Vinos de la Bodega Vocarraje - Destino Castilla y Le\u00f3n\" src=\"https:\/\/destinocastillayleon.es\/index\/wp-content\/uploads\/2020\/10\/67ba68b53772094d171a70d1bbb9c648.jpg\" alt=\"Vinos de la Bodega Vocarraje - Destino Castilla y Le\u00f3n\" width=\"640\" height=\"427\" class=\"size-full wp-image-33638\" srcset=\"https:\/\/destinocastillayleon.es\/index\/wp-content\/uploads\/2020\/10\/67ba68b53772094d171a70d1bbb9c648.jpg 640w, https:\/\/destinocastillayleon.es\/index\/wp-content\/uploads\/2020\/10\/67ba68b53772094d171a70d1bbb9c648-300x200.jpg 300w, https:\/\/destinocastillayleon.es\/index\/wp-content\/uploads\/2020\/10\/67ba68b53772094d171a70d1bbb9c648-600x400.jpg 600w\" sizes=\"(max-width: 640px) 100vw, 640px\" \/><figcaption id=\"caption-attachment-33638\" class=\"wp-caption-text\">Vinos de la Bodega Vocarraje &#8211; Destino Castilla y Le\u00f3n<\/figcaption><\/figure>\n<p>Esta bodega, <strong>de estilo familiar es perfecta para compaginar con las bodegas Prado del Rey<\/strong>, donde se encuentra el museo, pues son dos estilos distintos de hacer las cosas. Totalmente complementarias, y al estar a poca distancia la una de la otra, es una combinaci\u00f3n perfecta.<\/p>\n<p><strong>Situaci\u00f3n:<\/strong><br \/>\nBodega Vocarraje Vino Abd\u00f3n Segovia<br \/>\nCalle San Rom\u00e1n, 15 (<a href=\"https:\/\/g.page\/VINOABDONSEGOVIA?share\" target=\"_Blank\" rel=\"NoFollow noopener noreferrer\">ver en un mapa<\/a>)<br \/>\n49810 &#8211; Morales de Toro, Zamora, Espa\u00f1a<\/p>\n<blockquote><p>Ojo, es mejor que sig\u00e1is los carteles de la carretera, pues los GPS no localizan bien esta bodega<\/p><\/blockquote>\n<p><a name=\"Bodega-Valbusenda\"><\/a><\/p>\n<h3><strong>Bodega Valbusenda<\/strong><\/h3>\n<p>Como dijimos anteriormente, <strong>en las instalaciones de este hotel, tambi\u00e9n hay una bodega a poca distancia<\/strong>. Un edificio <strong>moderno y funcional<\/strong>, aunque con estilo para no desentonar en ese precioso entorno. Pod\u00e9is realizar una magn\u00edfica visita a estas instalaciones.<\/p>\n<figure id=\"attachment_33596\" aria-describedby=\"caption-attachment-33596\" style=\"width: 640px\" class=\"wp-caption aligncenter\"><img decoding=\"async\" data-pin-description=\"Deposito de fermentaci\u00f3n de materiales mixtos de Valbusenda - Destino Castilla y Le\u00f3n\" src=\"https:\/\/destinocastillayleon.es\/index\/wp-content\/uploads\/2020\/10\/9748a4710e7a467f85444f60587e3f26.jpg\" alt=\"Dep\u00f3sito de fermentaci\u00f3n de materiales mixtos de Valbusenda - Destino Castilla y Le\u00f3n\" width=\"640\" height=\"425\" class=\"size-full wp-image-33596\" srcset=\"https:\/\/destinocastillayleon.es\/index\/wp-content\/uploads\/2020\/10\/9748a4710e7a467f85444f60587e3f26.jpg 640w, https:\/\/destinocastillayleon.es\/index\/wp-content\/uploads\/2020\/10\/9748a4710e7a467f85444f60587e3f26-300x200.jpg 300w\" sizes=\"(max-width: 640px) 100vw, 640px\" \/><figcaption id=\"caption-attachment-33596\" class=\"wp-caption-text\">Dep\u00f3sito de fermentaci\u00f3n de materiales mixtos de Valbusenda &#8211; Destino Castilla y Le\u00f3n<\/figcaption><\/figure>\n<p>De esta bodega, <strong>queremos destacar la amplitud de las instalaciones; unas instalaciones modernas<\/strong>, hasta ah\u00ed nada novedoso, aunque un elemento que s\u00ed <strong>nos llam\u00f3 la atenci\u00f3n son unos dep\u00f3sitos muy especiales para vinos muy especiales<\/strong>. Se tratan de unos dep\u00f3sitos formados por paneles mixtos de acero inoxidable y madera, que son desmontables y que sirven para hacer las fermentaciones alcoh\u00f3licas en un entorno distinto al habitual.<\/p>\n<h4><strong>Catas maridadas<\/strong><\/h4>\n<p>La sesi\u00f3n de cata <strong>se hizo con cuatro vinos muy interesantes; donde, adem\u00e1s, disfrutamos de una armon\u00eda nada tradicional, aunque tampoco desconocida<\/strong>. Si os gustan los vinos de Toro, seguramente habr\u00e9is o\u00eddo su maridaje con chocolate.<\/p>\n<figure id=\"attachment_33591\" aria-describedby=\"caption-attachment-33591\" style=\"width: 640px\" class=\"wp-caption aligncenter\"><img decoding=\"async\" data-pin-description=\"Cata con chocolates de Bodegas Valbusenda - Destino Castilla y Le\u00f3n\" src=\"https:\/\/destinocastillayleon.es\/index\/wp-content\/uploads\/2020\/10\/42981398aa5b3fa43596f372b0f99c3f.jpg\" alt=\"Cata con chocolates de Bodegas Valbusenda - Destino Castilla y Le\u00f3n\" width=\"640\" height=\"425\" class=\"size-full wp-image-33591\" srcset=\"https:\/\/destinocastillayleon.es\/index\/wp-content\/uploads\/2020\/10\/42981398aa5b3fa43596f372b0f99c3f.jpg 640w, https:\/\/destinocastillayleon.es\/index\/wp-content\/uploads\/2020\/10\/42981398aa5b3fa43596f372b0f99c3f-300x200.jpg 300w\" sizes=\"(max-width: 640px) 100vw, 640px\" \/><figcaption id=\"caption-attachment-33591\" class=\"wp-caption-text\">Cata con chocolates de Bodegas Valbusenda &#8211; Destino Castilla y Le\u00f3n<\/figcaption><\/figure>\n<p>Realizamos <strong>una cata con diversos chocolates artesanales<\/strong>, donde en sus elaboraciones se le hab\u00edan a\u00f1adido algunas especias para dar sabores diferentes. Esto hizo que la cata de estos vinos creara unas armon\u00edas \u00fanicas y diferentes a lo que estamos habituados.<\/p>\n<h4><strong>Un jard\u00edn ampelogr\u00e1fico<\/strong><\/h4>\n<p>Queremos destacar esto otro punto curioso. En la subida a la bodega, nos vamos a ver envueltos de vi\u00f1edos de producci\u00f3n, pero justo hay una zona en la que <strong>vamos a encontrar vides muy diversas, ya que es un jard\u00edn ampelogr\u00e1fico, en el que se encuentran 250 variedades de vides procedentes de todo el mundo<\/strong>.<\/p>\n<figure id=\"attachment_33602\" aria-describedby=\"caption-attachment-33602\" style=\"width: 640px\" class=\"wp-caption aligncenter\"><img decoding=\"async\" data-pin-description=\"Entrando al jardin ampelogr\u00e1fico - Destino Castilla y Le\u00f3n\" src=\"https:\/\/destinocastillayleon.es\/index\/wp-content\/uploads\/2020\/10\/e48a16299563737cc34dc14d339628bc.jpg\" alt=\"Entrando al jard\u00edn ampelogr\u00e1fico - Destino Castilla y Le\u00f3n\" width=\"640\" height=\"427\" class=\"size-full wp-image-33602\" srcset=\"https:\/\/destinocastillayleon.es\/index\/wp-content\/uploads\/2020\/10\/e48a16299563737cc34dc14d339628bc.jpg 640w, https:\/\/destinocastillayleon.es\/index\/wp-content\/uploads\/2020\/10\/e48a16299563737cc34dc14d339628bc-300x200.jpg 300w, https:\/\/destinocastillayleon.es\/index\/wp-content\/uploads\/2020\/10\/e48a16299563737cc34dc14d339628bc-600x400.jpg 600w\" sizes=\"(max-width: 640px) 100vw, 640px\" \/><figcaption id=\"caption-attachment-33602\" class=\"wp-caption-text\">Entrando al jard\u00edn ampelogr\u00e1fico &#8211; Destino Castilla y Le\u00f3n<\/figcaption><\/figure>\n<p>Es la misma planta, pero con diferentes variedades; tanto de vino como de mesa; tintas y blancas; espa\u00f1olas, europeas o asi\u00e1ticas,.. <strong>Estas vi\u00f1as se cultivan como jard\u00edn y solo en ocasiones se preparan vinificaciones<\/strong>.<\/p>\n<p><strong>Situaci\u00f3n:<\/strong><br \/>\nBodegas Valbusenda<br \/>\nCarretera de Toro a Peleagonzalo, s\/n (<a href=\"https:\/\/g.page\/Valbusenda?share\" target=\"_Blank\" rel=\"NoFollow noopener noreferrer\">ver en un mapa<\/a>)<br \/>\n49800 &#8211; Toro, Zamora<a name=\"Bodegas-Valdigal\"><\/a><\/p>\n<h3><strong>Bodega Valdigal<\/strong><\/h3>\n<p>Esta <a href=\"https:\/\/destinocastillayleon.es\/index\/enoturismo-en-las-bodegas-valdigal\/\">bodega<\/a> <strong>la conocimos hace muchos a\u00f1os y es una de las bodegas m\u00e1s interesantes que conocemos<\/strong>, pues es <strong>la bodega comercial m\u00e1s peque\u00f1a de la denominaci\u00f3n de origen<\/strong>. Las instalaciones, en el casco urbano de Toro, son dos ca\u00f1ones de b\u00f3vedas de ca\u00f1\u00f3n hechas en ladrillo y reforzadas por arcos de medio punto.<\/p>\n<p>Esta bodega <strong>elabora en estas peque\u00f1as instalaciones vinos tinto de la variedad tempranillo<\/strong>, en su adaptaci\u00f3n llamada \u201ctinta de Toro\u201d y blancos, de la variedad verdejo de Toro. Adem\u00e1s de conocer las instalaciones, muy atractivas, la mejor fase puede ser la cata.<\/p>\n<figure id=\"attachment_33640\" aria-describedby=\"caption-attachment-33640\" style=\"width: 640px\" class=\"wp-caption aligncenter\"><img decoding=\"async\" data-pin-description=\"Visita a la Bodega Valdigal de Toro - Destino Castilla y Le\u00f3n\" src=\"https:\/\/destinocastillayleon.es\/index\/wp-content\/uploads\/2020\/10\/1cfc1a2dd9a75d4eb6456bf394cfb420.jpg\" alt=\"Visita a la Bodega Valdigal de Toro - Destino Castilla y Le\u00f3n\" width=\"640\" height=\"425\" class=\"size-full wp-image-33640\" srcset=\"https:\/\/destinocastillayleon.es\/index\/wp-content\/uploads\/2020\/10\/1cfc1a2dd9a75d4eb6456bf394cfb420.jpg 640w, https:\/\/destinocastillayleon.es\/index\/wp-content\/uploads\/2020\/10\/1cfc1a2dd9a75d4eb6456bf394cfb420-300x200.jpg 300w\" sizes=\"(max-width: 640px) 100vw, 640px\" \/><figcaption id=\"caption-attachment-33640\" class=\"wp-caption-text\">Visita a la Bodega Valdigal de Toro &#8211; Destino Castilla y Le\u00f3n<\/figcaption><\/figure>\n<p>Cuando el tiempo lo permite, <strong>esta bodega cuenta con la mejor sala de catas del mundo. Un patio interior ajardinado<\/strong> que es una maravilla. <\/p>\n<p><strong>Situaci\u00f3n:<\/strong><br \/>\nBodega Valdigal<br \/>\nCalle Capuchinos, 6 (<a href=\"https:\/\/goo.gl\/maps\/tq96TLUNZmjhTyAB8\" target=\"_Blank\" rel=\"NoFollow noopener noreferrer\">ver en un mapa<\/a>)<br \/>\n49800 &#8211; Toro, Zamora <a name=\"Otras-Bodegas\"><\/a><\/p>\n<h3><strong>Otras bodegas visitables<\/strong><\/h3>\n<p>Evidentemente, <strong>fuera de estas bodegas, en la Ruta del Vino de Toro hay otras tantas m\u00e1s visitables, a cu\u00e1l m\u00e1s interesante<\/strong>. Durante este viaje no nos dio tiempo a m\u00e1s, ni que decir tiene que, para tres d\u00edas, estuvo muy completa. Pero en otros viajes hemos conocido otras bodegas fascinantes que complementan a las que vivimos.<\/p>\n<p>As\u00ed, os podemos recomendar y que pod\u00e9is conocer con mayor profundidad en nuestras publicaciones, las <a href=\"https:\/\/destinocastillayleon.es\/index\/enoturismo-en-bodegas-liberalia\/\"><strong>Bodegas Liberalia<\/strong><\/a>, que es una pinacoteca en s\u00ed misma, adem\u00e1s de bodega de elaboraci\u00f3n de vinos. <a href=\"https:\/\/destinocastillayleon.es\/index\/viaje-de-enoturismo-en-toro\/#Estancia-Piedra\"><strong>Bodegas Estancia Piedra<\/strong><\/a>.<\/p>\n<figure id=\"attachment_31696\" aria-describedby=\"caption-attachment-31696\" style=\"width: 640px\" class=\"wp-caption aligncenter\"><img decoding=\"async\" src=\"https:\/\/destinocastillayleon.es\/index\/wp-content\/uploads\/2017\/06\/585375088cf5ffd55d5cf91676f4d06c.jpg\" alt=\"Visita de enoturismo a Bodegas Liberalia - Destino Castilla y Le\u00f3n\" width=\"640\" class=\"size-full wp-image-31696\" srcset=\"https:\/\/destinocastillayleon.es\/index\/wp-content\/uploads\/2017\/06\/585375088cf5ffd55d5cf91676f4d06c.jpg 1100w, https:\/\/destinocastillayleon.es\/index\/wp-content\/uploads\/2017\/06\/585375088cf5ffd55d5cf91676f4d06c-300x169.jpg 300w, https:\/\/destinocastillayleon.es\/index\/wp-content\/uploads\/2017\/06\/585375088cf5ffd55d5cf91676f4d06c-768x431.jpg 768w, https:\/\/destinocastillayleon.es\/index\/wp-content\/uploads\/2017\/06\/585375088cf5ffd55d5cf91676f4d06c-1024x575.jpg 1024w\" sizes=\"(max-width: 1100px) 100vw, 1100px\" \/><figcaption id=\"caption-attachment-31696\" class=\"wp-caption-text\">Visita de enoturismo a Bodegas Liberalia &#8211; Destino Castilla y Le\u00f3n<\/figcaption><\/figure>\n<p>Y esta fue nuestra experiencia recorriendo la Ruta del Vino de Toro, <strong>evidentemente no hemos seguido un orden cronol\u00f3gico, pero est\u00e1n los lugares interesantes para visitar en una escapada de enoturismo en Toro<\/strong>, toda una experiencia que va <em>#Dejando Huella<\/em>.<\/p>\n<p>Y vosotros, <strong>\u00bfconoc\u00edas los atractivos de la Ruta del Vino de Toro?<\/strong><\/p>\n<h4>Tambi\u00e9n te puede interesar<\/h4>\n<ul>\n<li><a href=\"https:\/\/destinocastillayleon.es\/index\/turismo-en-toro\/\">Gu\u00eda para no perderte nada haciendo turismo en Toro<\/a>.<\/li>\n<li><a href=\"https:\/\/destinocastillayleon.es\/index\/gastronomia-de-toro\/\">Gastronom\u00eda de Toro, \u00a1Mucho m\u00e1s que vino!<\/a>.<\/li>\n<li><a href=\"https:\/\/destinocastillayleon.es\/index\/viaje-de-enoturismo-en-toro\/\">Viaje de enoturismo en Toro, la Ruta del vino de Toro, un destino a\u00fan por descubrir<\/a>.<\/li>\n<\/ul>\n","protected":false},"excerpt":{"rendered":"<p>Conoce las experiencias que puedes vivir en una escapada por la Ruta del Vino de Toro; turismo, vino, gastronom\u00eda y mucho m\u00e1s te esperan en esta comarca de Zamora<\/p>\n","protected":false},"author":2,"featured_media":33656,"comment_status":"open","ping_status":"closed","sticky":false,"template":"","format":"standard","meta":{"rop_custom_images_group":[],"rop_custom_messages_group":[],"rop_publish_now":"initial","rop_publish_now_accounts":{"twitter_1150954226_1150954226":""},"rop_publish_now_history":[],"rop_publish_now_status":"pending","footnotes":""},"categories":[48,3472,68,45,384,74,26,4798,1411,44,4803],"tags":[93,5867,447,5734,54,55],"class_list":["post-33567","post","type-post","status-publish","format-standard","has-post-thumbnail","hentry","category-enoturismo","category-inspirate","category-post_inicial","category-provincias","category-rutas-2","category-rutas_por_cyl","category-valladolid","category-valladolid-turismo","category-visitando_bodegas","category-zamora","category-zamora-turismo","tag-enoturismo-2","tag-hoteles","tag-museo-del-vino","tag-restaurantes","tag-toro","tag-zamora-2"],"yoast_head":"<!-- This site is optimized with the Yoast SEO Premium plugin v20.4 (Yoast SEO v27.4) - https:\/\/yoast.com\/product\/yoast-seo-premium-wordpress\/ -->\n<title>Experiencias por la Ruta del Vino de Toro, mucho m\u00e1s que vino<\/title>\n<meta name=\"description\" content=\"Toma ideas para una escapada por la Ruta del Vino de Toro; turismo, vino, gastronom\u00eda y mucho m\u00e1s te esperan en esta comarca de Zamora\" \/>\n<meta name=\"robots\" content=\"index, follow, max-snippet:-1, max-image-preview:large, max-video-preview:-1\" \/>\n<link rel=\"canonical\" href=\"https:\/\/destinocastillayleon.es\/index\/experiencias-de-la-ruta-del-vino-de-toro\/\" \/>\n<meta property=\"og:locale\" content=\"es_ES\" \/>\n<meta property=\"og:type\" content=\"article\" \/>\n<meta property=\"og:title\" content=\"Experiencias por la Ruta del Vino de Toro, mucho m\u00e1s que vino - Destino Castilla y Le\u00f3n\" \/>\n<meta property=\"og:description\" content=\"Conoce las experiencias que puedes vivir en una escapada por la Ruta del Vino de Toro; turismo, vino, gastronom\u00eda y mucho m\u00e1s te esperan en esta comarca de Zamora\" \/>\n<meta property=\"og:url\" content=\"https:\/\/destinocastillayleon.es\/index\/experiencias-de-la-ruta-del-vino-de-toro\/\" \/>\n<meta property=\"og:site_name\" content=\"Destino Castilla y Le\u00f3n\" \/>\n<meta property=\"article:publisher\" content=\"https:\/\/www.facebook.com\/DestinoCastillaYLeon\/\" \/>\n<meta property=\"article:author\" content=\"https:\/\/www.facebook.com\/profile.php?id=1158416854\" \/>\n<meta property=\"article:published_time\" content=\"2020-10-28T03:22:06+00:00\" \/>\n<meta property=\"article:modified_time\" content=\"2020-11-26T20:16:50+00:00\" \/>\n<meta property=\"og:image\" content=\"https:\/\/destinocastillayleon.es\/index\/wp-content\/uploads\/2020\/10\/27e012f197b0be0837cab7b4f0337947.jpg\" \/>\n\t<meta property=\"og:image:width\" content=\"1210\" \/>\n\t<meta property=\"og:image:height\" content=\"633\" \/>\n\t<meta property=\"og:image:type\" content=\"image\/jpeg\" \/>\n<meta name=\"author\" content=\"David V\u00e1zquez\" \/>\n<meta name=\"twitter:card\" content=\"summary_large_image\" \/>\n<meta name=\"twitter:title\" content=\"Experiencias por la Ruta del Vino de Toro, mucho m\u00e1s que vino - Destino Castilla y Le\u00f3n\" \/>\n<meta name=\"twitter:description\" content=\"Conoce las experiencias que puedes vivir en una escapada por la Ruta del Vino de Toro; turismo, vino, gastronom\u00eda y mucho m\u00e1s te esperan en esta comarca de Zamora\" \/>\n<meta name=\"twitter:creator\" content=\"@https:\/\/twitter.com\/ContePantaleone\u200e\" \/>\n<meta name=\"twitter:site\" content=\"@destinocyl\" \/>\n<meta name=\"twitter:label1\" content=\"Escrito por\" \/>\n\t<meta name=\"twitter:data1\" content=\"David V\u00e1zquez\" \/>\n\t<meta name=\"twitter:label2\" content=\"Tiempo de lectura\" \/>\n\t<meta name=\"twitter:data2\" content=\"31 minutos\" \/>\n<script type=\"application\/ld+json\" class=\"yoast-schema-graph\">{\"@context\":\"https:\\\/\\\/schema.org\",\"@graph\":[{\"@type\":\"Article\",\"@id\":\"https:\\\/\\\/destinocastillayleon.es\\\/index\\\/experiencias-de-la-ruta-del-vino-de-toro\\\/#article\",\"isPartOf\":{\"@id\":\"https:\\\/\\\/destinocastillayleon.es\\\/index\\\/experiencias-de-la-ruta-del-vino-de-toro\\\/\"},\"author\":{\"name\":\"David V\u00e1zquez\",\"@id\":\"https:\\\/\\\/destinocastillayleon.es\\\/index\\\/#\\\/schema\\\/person\\\/189221bc8f6cc4fa28b18ad5c289d4c2\"},\"headline\":\"Experiencias de la Ruta del Vino de Toro\",\"datePublished\":\"2020-10-28T03:22:06+00:00\",\"dateModified\":\"2020-11-26T20:16:50+00:00\",\"mainEntityOfPage\":{\"@id\":\"https:\\\/\\\/destinocastillayleon.es\\\/index\\\/experiencias-de-la-ruta-del-vino-de-toro\\\/\"},\"wordCount\":6146,\"commentCount\":0,\"image\":{\"@id\":\"https:\\\/\\\/destinocastillayleon.es\\\/index\\\/experiencias-de-la-ruta-del-vino-de-toro\\\/#primaryimage\"},\"thumbnailUrl\":\"https:\\\/\\\/destinocastillayleon.es\\\/index\\\/wp-content\\\/uploads\\\/2020\\\/10\\\/27e012f197b0be0837cab7b4f0337947.jpg\",\"keywords\":[\"enoturismo\",\"hoteles\",\"Museo del Vino\",\"restaurantes\",\"toro\",\"zamora\"],\"articleSection\":[\"enoturismo\",\"Inspirate\",\"Post_inicial\",\"Provincias\",\"Rutas\",\"Rutas por Castilla y Le\u00f3n\",\"Valladolid\",\"Valladolid Turismo\",\"Visitando Bodegas\",\"Zamora\",\"Zamora Turismo\"],\"inLanguage\":\"es\",\"potentialAction\":[{\"@type\":\"CommentAction\",\"name\":\"Comment\",\"target\":[\"https:\\\/\\\/destinocastillayleon.es\\\/index\\\/experiencias-de-la-ruta-del-vino-de-toro\\\/#respond\"]}]},{\"@type\":[\"WebPage\",\"ItemPage\"],\"@id\":\"https:\\\/\\\/destinocastillayleon.es\\\/index\\\/experiencias-de-la-ruta-del-vino-de-toro\\\/\",\"url\":\"https:\\\/\\\/destinocastillayleon.es\\\/index\\\/experiencias-de-la-ruta-del-vino-de-toro\\\/\",\"name\":\"Experiencias por la Ruta del Vino de Toro, mucho m\u00e1s que vino\",\"isPartOf\":{\"@id\":\"https:\\\/\\\/destinocastillayleon.es\\\/index\\\/#website\"},\"primaryImageOfPage\":{\"@id\":\"https:\\\/\\\/destinocastillayleon.es\\\/index\\\/experiencias-de-la-ruta-del-vino-de-toro\\\/#primaryimage\"},\"image\":{\"@id\":\"https:\\\/\\\/destinocastillayleon.es\\\/index\\\/experiencias-de-la-ruta-del-vino-de-toro\\\/#primaryimage\"},\"thumbnailUrl\":\"https:\\\/\\\/destinocastillayleon.es\\\/index\\\/wp-content\\\/uploads\\\/2020\\\/10\\\/27e012f197b0be0837cab7b4f0337947.jpg\",\"datePublished\":\"2020-10-28T03:22:06+00:00\",\"dateModified\":\"2020-11-26T20:16:50+00:00\",\"author\":{\"@id\":\"https:\\\/\\\/destinocastillayleon.es\\\/index\\\/#\\\/schema\\\/person\\\/189221bc8f6cc4fa28b18ad5c289d4c2\"},\"description\":\"Toma ideas para una escapada por la Ruta del Vino de Toro; turismo, vino, gastronom\u00eda y mucho m\u00e1s te esperan en esta comarca de Zamora\",\"breadcrumb\":{\"@id\":\"https:\\\/\\\/destinocastillayleon.es\\\/index\\\/experiencias-de-la-ruta-del-vino-de-toro\\\/#breadcrumb\"},\"inLanguage\":\"es\",\"potentialAction\":[{\"@type\":\"ReadAction\",\"target\":[\"https:\\\/\\\/destinocastillayleon.es\\\/index\\\/experiencias-de-la-ruta-del-vino-de-toro\\\/\"]}]},{\"@type\":\"ImageObject\",\"inLanguage\":\"es\",\"@id\":\"https:\\\/\\\/destinocastillayleon.es\\\/index\\\/experiencias-de-la-ruta-del-vino-de-toro\\\/#primaryimage\",\"url\":\"https:\\\/\\\/destinocastillayleon.es\\\/index\\\/wp-content\\\/uploads\\\/2020\\\/10\\\/27e012f197b0be0837cab7b4f0337947.jpg\",\"contentUrl\":\"https:\\\/\\\/destinocastillayleon.es\\\/index\\\/wp-content\\\/uploads\\\/2020\\\/10\\\/27e012f197b0be0837cab7b4f0337947.jpg\",\"width\":1210,\"height\":633,\"caption\":\"Enoturismo por la Ruta del Vino de Toro - Destino Castilla y Le\u00f3n\"},{\"@type\":\"BreadcrumbList\",\"@id\":\"https:\\\/\\\/destinocastillayleon.es\\\/index\\\/experiencias-de-la-ruta-del-vino-de-toro\\\/#breadcrumb\",\"itemListElement\":[{\"@type\":\"ListItem\",\"position\":1,\"name\":\"Portada\",\"item\":\"https:\\\/\\\/destinocastillayleon.es\\\/index\\\/\"},{\"@type\":\"ListItem\",\"position\":2,\"name\":\"Experiencias de la Ruta del Vino de Toro\"}]},{\"@type\":\"WebSite\",\"@id\":\"https:\\\/\\\/destinocastillayleon.es\\\/index\\\/#website\",\"url\":\"https:\\\/\\\/destinocastillayleon.es\\\/index\\\/\",\"name\":\"Destino Castilla y Le\u00f3n\",\"description\":\"Medio digital independiente y revista de Castilla y Le\u00f3n dedicado al turismo, gastronom\u00eda y vino de Castilla y Le\u00f3n\",\"potentialAction\":[{\"@type\":\"SearchAction\",\"target\":{\"@type\":\"EntryPoint\",\"urlTemplate\":\"https:\\\/\\\/destinocastillayleon.es\\\/index\\\/?s={search_term_string}\"},\"query-input\":{\"@type\":\"PropertyValueSpecification\",\"valueRequired\":true,\"valueName\":\"search_term_string\"}}],\"inLanguage\":\"es\"},{\"@type\":\"Person\",\"@id\":\"https:\\\/\\\/destinocastillayleon.es\\\/index\\\/#\\\/schema\\\/person\\\/189221bc8f6cc4fa28b18ad5c289d4c2\",\"name\":\"David V\u00e1zquez\",\"image\":{\"@type\":\"ImageObject\",\"inLanguage\":\"es\",\"@id\":\"https:\\\/\\\/secure.gravatar.com\\\/avatar\\\/cd12db6c575a90c3b75cfa0f794b74d425201c768612fad17e9f13cd33d48be8?s=96&d=mm&r=g\",\"url\":\"https:\\\/\\\/secure.gravatar.com\\\/avatar\\\/cd12db6c575a90c3b75cfa0f794b74d425201c768612fad17e9f13cd33d48be8?s=96&d=mm&r=g\",\"contentUrl\":\"https:\\\/\\\/secure.gravatar.com\\\/avatar\\\/cd12db6c575a90c3b75cfa0f794b74d425201c768612fad17e9f13cd33d48be8?s=96&d=mm&r=g\",\"caption\":\"David V\u00e1zquez\"},\"description\":\"Ingeniero Industrial de vocaci\u00f3n y profesi\u00f3n, he encontrado en los blogs la forma de plasmar mi pasi\u00f3n por los viajes, la gastronom\u00eda y los vinos. Especialmente los procedentes de Castilla y Le\u00f3n\",\"sameAs\":[\"https:\\\/\\\/www.destinocastillayleon.es\",\"https:\\\/\\\/www.facebook.com\\\/profile.php?id=1158416854\",\"https:\\\/\\\/instagram.com\\\/conte.pantaleone\",\"https:\\\/\\\/www.linkedin.com\\\/pub\\\/david-vazquez-lozano\\\/37\\\/17a\\\/25a\",\"https:\\\/\\\/x.com\\\/https:\\\/\\\/twitter.com\\\/ContePantaleone\u200e\"],\"url\":\"https:\\\/\\\/destinocastillayleon.es\\\/index\\\/author\\\/coadministradorcyl\\\/\"}]}<\/script>\n<!-- \/ Yoast SEO Premium plugin. -->","yoast_head_json":{"title":"Experiencias por la Ruta del Vino de Toro, mucho m\u00e1s que vino","description":"Toma ideas para una escapada por la Ruta del Vino de Toro; turismo, vino, gastronom\u00eda y mucho m\u00e1s te esperan en esta comarca de Zamora","robots":{"index":"index","follow":"follow","max-snippet":"max-snippet:-1","max-image-preview":"max-image-preview:large","max-video-preview":"max-video-preview:-1"},"canonical":"https:\/\/destinocastillayleon.es\/index\/experiencias-de-la-ruta-del-vino-de-toro\/","og_locale":"es_ES","og_type":"article","og_title":"Experiencias por la Ruta del Vino de Toro, mucho m\u00e1s que vino - Destino Castilla y Le\u00f3n","og_description":"Conoce las experiencias que puedes vivir en una escapada por la Ruta del Vino de Toro; turismo, vino, gastronom\u00eda y mucho m\u00e1s te esperan en esta comarca de Zamora","og_url":"https:\/\/destinocastillayleon.es\/index\/experiencias-de-la-ruta-del-vino-de-toro\/","og_site_name":"Destino Castilla y Le\u00f3n","article_publisher":"https:\/\/www.facebook.com\/DestinoCastillaYLeon\/","article_author":"https:\/\/www.facebook.com\/profile.php?id=1158416854","article_published_time":"2020-10-28T03:22:06+00:00","article_modified_time":"2020-11-26T20:16:50+00:00","og_image":[{"width":1210,"height":633,"url":"https:\/\/destinocastillayleon.es\/index\/wp-content\/uploads\/2020\/10\/27e012f197b0be0837cab7b4f0337947.jpg","type":"image\/jpeg"}],"author":"David V\u00e1zquez","twitter_card":"summary_large_image","twitter_title":"Experiencias por la Ruta del Vino de Toro, mucho m\u00e1s que vino - Destino Castilla y Le\u00f3n","twitter_description":"Conoce las experiencias que puedes vivir en una escapada por la Ruta del Vino de Toro; turismo, vino, gastronom\u00eda y mucho m\u00e1s te esperan en esta comarca de Zamora","twitter_creator":"@https:\/\/twitter.com\/ContePantaleone\u200e","twitter_site":"@destinocyl","twitter_misc":{"Escrito por":"David V\u00e1zquez","Tiempo de lectura":"31 minutos"},"schema":{"@context":"https:\/\/schema.org","@graph":[{"@type":"Article","@id":"https:\/\/destinocastillayleon.es\/index\/experiencias-de-la-ruta-del-vino-de-toro\/#article","isPartOf":{"@id":"https:\/\/destinocastillayleon.es\/index\/experiencias-de-la-ruta-del-vino-de-toro\/"},"author":{"name":"David V\u00e1zquez","@id":"https:\/\/destinocastillayleon.es\/index\/#\/schema\/person\/189221bc8f6cc4fa28b18ad5c289d4c2"},"headline":"Experiencias de la Ruta del Vino de Toro","datePublished":"2020-10-28T03:22:06+00:00","dateModified":"2020-11-26T20:16:50+00:00","mainEntityOfPage":{"@id":"https:\/\/destinocastillayleon.es\/index\/experiencias-de-la-ruta-del-vino-de-toro\/"},"wordCount":6146,"commentCount":0,"image":{"@id":"https:\/\/destinocastillayleon.es\/index\/experiencias-de-la-ruta-del-vino-de-toro\/#primaryimage"},"thumbnailUrl":"https:\/\/destinocastillayleon.es\/index\/wp-content\/uploads\/2020\/10\/27e012f197b0be0837cab7b4f0337947.jpg","keywords":["enoturismo","hoteles","Museo del Vino","restaurantes","toro","zamora"],"articleSection":["enoturismo","Inspirate","Post_inicial","Provincias","Rutas","Rutas por Castilla y Le\u00f3n","Valladolid","Valladolid Turismo","Visitando Bodegas","Zamora","Zamora Turismo"],"inLanguage":"es","potentialAction":[{"@type":"CommentAction","name":"Comment","target":["https:\/\/destinocastillayleon.es\/index\/experiencias-de-la-ruta-del-vino-de-toro\/#respond"]}]},{"@type":["WebPage","ItemPage"],"@id":"https:\/\/destinocastillayleon.es\/index\/experiencias-de-la-ruta-del-vino-de-toro\/","url":"https:\/\/destinocastillayleon.es\/index\/experiencias-de-la-ruta-del-vino-de-toro\/","name":"Experiencias por la Ruta del Vino de Toro, mucho m\u00e1s que vino","isPartOf":{"@id":"https:\/\/destinocastillayleon.es\/index\/#website"},"primaryImageOfPage":{"@id":"https:\/\/destinocastillayleon.es\/index\/experiencias-de-la-ruta-del-vino-de-toro\/#primaryimage"},"image":{"@id":"https:\/\/destinocastillayleon.es\/index\/experiencias-de-la-ruta-del-vino-de-toro\/#primaryimage"},"thumbnailUrl":"https:\/\/destinocastillayleon.es\/index\/wp-content\/uploads\/2020\/10\/27e012f197b0be0837cab7b4f0337947.jpg","datePublished":"2020-10-28T03:22:06+00:00","dateModified":"2020-11-26T20:16:50+00:00","author":{"@id":"https:\/\/destinocastillayleon.es\/index\/#\/schema\/person\/189221bc8f6cc4fa28b18ad5c289d4c2"},"description":"Toma ideas para una escapada por la Ruta del Vino de Toro; turismo, vino, gastronom\u00eda y mucho m\u00e1s te esperan en esta comarca de Zamora","breadcrumb":{"@id":"https:\/\/destinocastillayleon.es\/index\/experiencias-de-la-ruta-del-vino-de-toro\/#breadcrumb"},"inLanguage":"es","potentialAction":[{"@type":"ReadAction","target":["https:\/\/destinocastillayleon.es\/index\/experiencias-de-la-ruta-del-vino-de-toro\/"]}]},{"@type":"ImageObject","inLanguage":"es","@id":"https:\/\/destinocastillayleon.es\/index\/experiencias-de-la-ruta-del-vino-de-toro\/#primaryimage","url":"https:\/\/destinocastillayleon.es\/index\/wp-content\/uploads\/2020\/10\/27e012f197b0be0837cab7b4f0337947.jpg","contentUrl":"https:\/\/destinocastillayleon.es\/index\/wp-content\/uploads\/2020\/10\/27e012f197b0be0837cab7b4f0337947.jpg","width":1210,"height":633,"caption":"Enoturismo por la Ruta del Vino de Toro - Destino Castilla y Le\u00f3n"},{"@type":"BreadcrumbList","@id":"https:\/\/destinocastillayleon.es\/index\/experiencias-de-la-ruta-del-vino-de-toro\/#breadcrumb","itemListElement":[{"@type":"ListItem","position":1,"name":"Portada","item":"https:\/\/destinocastillayleon.es\/index\/"},{"@type":"ListItem","position":2,"name":"Experiencias de la Ruta del Vino de Toro"}]},{"@type":"WebSite","@id":"https:\/\/destinocastillayleon.es\/index\/#website","url":"https:\/\/destinocastillayleon.es\/index\/","name":"Destino Castilla y Le\u00f3n","description":"Medio digital independiente y revista de Castilla y Le\u00f3n dedicado al turismo, gastronom\u00eda y vino de Castilla y Le\u00f3n","potentialAction":[{"@type":"SearchAction","target":{"@type":"EntryPoint","urlTemplate":"https:\/\/destinocastillayleon.es\/index\/?s={search_term_string}"},"query-input":{"@type":"PropertyValueSpecification","valueRequired":true,"valueName":"search_term_string"}}],"inLanguage":"es"},{"@type":"Person","@id":"https:\/\/destinocastillayleon.es\/index\/#\/schema\/person\/189221bc8f6cc4fa28b18ad5c289d4c2","name":"David V\u00e1zquez","image":{"@type":"ImageObject","inLanguage":"es","@id":"https:\/\/secure.gravatar.com\/avatar\/cd12db6c575a90c3b75cfa0f794b74d425201c768612fad17e9f13cd33d48be8?s=96&d=mm&r=g","url":"https:\/\/secure.gravatar.com\/avatar\/cd12db6c575a90c3b75cfa0f794b74d425201c768612fad17e9f13cd33d48be8?s=96&d=mm&r=g","contentUrl":"https:\/\/secure.gravatar.com\/avatar\/cd12db6c575a90c3b75cfa0f794b74d425201c768612fad17e9f13cd33d48be8?s=96&d=mm&r=g","caption":"David V\u00e1zquez"},"description":"Ingeniero Industrial de vocaci\u00f3n y profesi\u00f3n, he encontrado en los blogs la forma de plasmar mi pasi\u00f3n por los viajes, la gastronom\u00eda y los vinos. Especialmente los procedentes de Castilla y Le\u00f3n","sameAs":["https:\/\/www.destinocastillayleon.es","https:\/\/www.facebook.com\/profile.php?id=1158416854","https:\/\/instagram.com\/conte.pantaleone","https:\/\/www.linkedin.com\/pub\/david-vazquez-lozano\/37\/17a\/25a","https:\/\/x.com\/https:\/\/twitter.com\/ContePantaleone\u200e"],"url":"https:\/\/destinocastillayleon.es\/index\/author\/coadministradorcyl\/"}]}},"_links":{"self":[{"href":"https:\/\/destinocastillayleon.es\/index\/wp-json\/wp\/v2\/posts\/33567","targetHints":{"allow":["GET"]}}],"collection":[{"href":"https:\/\/destinocastillayleon.es\/index\/wp-json\/wp\/v2\/posts"}],"about":[{"href":"https:\/\/destinocastillayleon.es\/index\/wp-json\/wp\/v2\/types\/post"}],"author":[{"embeddable":true,"href":"https:\/\/destinocastillayleon.es\/index\/wp-json\/wp\/v2\/users\/2"}],"replies":[{"embeddable":true,"href":"https:\/\/destinocastillayleon.es\/index\/wp-json\/wp\/v2\/comments?post=33567"}],"version-history":[{"count":41,"href":"https:\/\/destinocastillayleon.es\/index\/wp-json\/wp\/v2\/posts\/33567\/revisions"}],"predecessor-version":[{"id":33928,"href":"https:\/\/destinocastillayleon.es\/index\/wp-json\/wp\/v2\/posts\/33567\/revisions\/33928"}],"wp:featuredmedia":[{"embeddable":true,"href":"https:\/\/destinocastillayleon.es\/index\/wp-json\/wp\/v2\/media\/33656"}],"wp:attachment":[{"href":"https:\/\/destinocastillayleon.es\/index\/wp-json\/wp\/v2\/media?parent=33567"}],"wp:term":[{"taxonomy":"category","embeddable":true,"href":"https:\/\/destinocastillayleon.es\/index\/wp-json\/wp\/v2\/categories?post=33567"},{"taxonomy":"post_tag","embeddable":true,"href":"https:\/\/destinocastillayleon.es\/index\/wp-json\/wp\/v2\/tags?post=33567"}],"curies":[{"name":"wp","href":"https:\/\/api.w.org\/{rel}","templated":true}]}}