{"id":33197,"date":"2020-08-12T16:41:26","date_gmt":"2020-08-12T14:41:26","guid":{"rendered":"https:\/\/destinocastillayleon.es\/index\/?p=33197"},"modified":"2020-08-12T16:41:26","modified_gmt":"2020-08-12T14:41:26","slug":"concierto-solidario-de-juan-carlos-prieto","status":"publish","type":"post","link":"https:\/\/destinocastillayleon.es\/index\/concierto-solidario-de-juan-carlos-prieto\/","title":{"rendered":"Concierto Solidario de Juan Carlos Prieto en la Era de las Aves"},"content":{"rendered":"<p>Acabamos de saber que <strong>el pr\u00f3ximo s\u00e1bado 15 de agosto<\/strong> se celebrar\u00e1 un <strong>concierto solidario de Juan Carlos Prieto<\/strong> en el <a href=\"http:\/\/www.zoologicolaeradelasaves.com\/\" rel=\"noopener noreferrer\" target=\"_blank\">parque zool\u00f3gico La Era de las Aves<\/a>, en la localidad de Fresno el Viejo, al sur de Valladolid.<\/p>\n<h2><strong>Concierto de Juan Carlos Prieto y otros<\/strong><\/h2>\n<p>Este evento <strong>tendr\u00e1 como cartel principal al cantante <a href=\"https:\/\/www.santafeproducciones.com\/product\/juan-carlos-prieto-para-que-no-habite-el-olvido\/\" rel=\"noopener noreferrer\" target=\"_blank\">Juan Carlos Prieto<\/a>, al que le acompa\u00f1an artistas como Alberto Iglesias y Reyes Galocha<\/strong>. Este concierto tiene u<strong>na finalidad solidaria, cuyo objetivo es recaudar fondos para la Asociaci\u00f3n \u00abLa Era de las Aves\u00bb<\/strong>, un centro de conservaci\u00f3n de la fauna en el sur de Valladolid.<\/p>\n<figure id=\"attachment_33200\" aria-describedby=\"caption-attachment-33200\" style=\"width: 380px\" class=\"wp-caption aligncenter\"><img decoding=\"async\" src=\"https:\/\/destinocastillayleon.es\/index\/wp-content\/uploads\/2020\/08\/Cartel-del-Concierto-solidario-Imagen-de-la-Era-de-las-Aves.jpg\" alt=\"Cartel del Concierto solidario - Imagen de la Era de las Aves\" width=\"380\" height=\"509\" class=\"size-full wp-image-33200\" srcset=\"https:\/\/destinocastillayleon.es\/index\/wp-content\/uploads\/2020\/08\/Cartel-del-Concierto-solidario-Imagen-de-la-Era-de-las-Aves.jpg 380w, https:\/\/destinocastillayleon.es\/index\/wp-content\/uploads\/2020\/08\/Cartel-del-Concierto-solidario-Imagen-de-la-Era-de-las-Aves-224x300.jpg 224w\" sizes=\"(max-width: 380px) 100vw, 380px\" \/><figcaption id=\"caption-attachment-33200\" class=\"wp-caption-text\">Cartel del Concierto solidario &#8211; Imagen de la Era de las Aves<\/figcaption><\/figure>\n<p>Esta asociaci\u00f3n <strong>ayuda a mantener y conservar este refugio para la vida salvaje<\/strong> y los fondos van destinados a la manutenci\u00f3n de estos animales.<\/p>\n<h3><strong>Centro zool\u00f3gico la Era de las Aves<\/strong><\/h3>\n<p>Este centro <strong>se encuentra en las afueras de la localidad de Fresno el Viejo<\/strong>. Se trata de un lugar que <strong>naci\u00f3 dedicado a las aves, aunque la actualidad recoge toda clase de animales que necesitan un refugio por la imposibilidad de volver a vivir en plena libertad<\/strong>. Otros animales que pueblan esta comunidad son mascotas abandonadas que no alcanzan otra familia de adopci\u00f3n.<\/p>\n<figure id=\"attachment_26083\" aria-describedby=\"caption-attachment-26083\" style=\"width: 629px\" class=\"wp-caption aligncenter\"><img decoding=\"async\" src=\"https:\/\/destinocastillayleon.es\/index\/wp-content\/uploads\/2017\/09\/89aac99966b47f291e7b0ec7c726d54c.jpg\" alt=\"Concierto Solidario de Juan Carlos Prieto\" title=\"Algunos de los animales que te esperan en La Era de las Aves - Destino Castilla y Le\u00f3n\" width=\"629\" height=\"400\" class=\"size-full wp-image-26083\" srcset=\"https:\/\/destinocastillayleon.es\/index\/wp-content\/uploads\/2017\/09\/89aac99966b47f291e7b0ec7c726d54c.jpg 629w, https:\/\/destinocastillayleon.es\/index\/wp-content\/uploads\/2017\/09\/89aac99966b47f291e7b0ec7c726d54c-300x191.jpg 300w\" sizes=\"(max-width: 629px) 100vw, 629px\" \/><figcaption id=\"caption-attachment-26083\" class=\"wp-caption-text\">Algunos de los animales que te esperan en La Era de las Aves &#8211; Destino Castilla y Le\u00f3n<\/figcaption><\/figure>\n<h3><strong>Concierto a la luz de la luna<\/strong><\/h3>\n<p>Este concierto, <strong>de car\u00e1cter \u00edntimo y personal arrancar\u00e1 a las 21:00 horas<\/strong>, para disfrutar de la luz de la luna. Dadas las actuales circunstancias del Covid-19, el aforo se ha tenido que reducir para garantizar la salud de los asistentes, por lo que <strong>se aconseja a los interesados reservar su plaza en el telf. 610 62 46 92<\/strong>.<\/p>\n<blockquote><p>El espect\u00e1culo tendr\u00e1 lugar en el centro de la Era de las Aves, con un bello escenario.<\/p><\/blockquote>\n<figure id=\"attachment_26089\" aria-describedby=\"caption-attachment-26089\" style=\"width: 627px\" class=\"wp-caption aligncenter\"><img decoding=\"async\" src=\"https:\/\/destinocastillayleon.es\/index\/wp-content\/uploads\/2017\/09\/aca1e4dd4c521ca9a94da3791a10b158.jpg\" alt=\"La Era de las Aves - Destino Castilla y Le\u00f3n\" width=\"627\" height=\"400\" class=\"size-full wp-image-26089\" srcset=\"https:\/\/destinocastillayleon.es\/index\/wp-content\/uploads\/2017\/09\/aca1e4dd4c521ca9a94da3791a10b158.jpg 627w, https:\/\/destinocastillayleon.es\/index\/wp-content\/uploads\/2017\/09\/aca1e4dd4c521ca9a94da3791a10b158-300x191.jpg 300w\" sizes=\"(max-width: 627px) 100vw, 627px\" \/><figcaption id=\"caption-attachment-26089\" class=\"wp-caption-text\">La Era de las Aves &#8211; Destino Castilla y Le\u00f3n<\/figcaption><\/figure>\n<p><strong>El coste de las entradas ser\u00e1 de 4\u20ac por persona<\/strong>, y ser\u00e1 un donativo a beneficio de la conservaci\u00f3n y los cuidado de estos animales salvajes irrecuperables que habitan este centro.<\/p>\n<p>Igualmente, <strong>existe la posibilidad de colaborar con esta asociaci\u00f3n con una entrada en la fila cero<\/strong> para todos aquellos que no puedan asistir, pero quieran aportar su granito de arena.  Queda habilitado un n\u00famero de cuenta: ES67 2103 2503 4400 3010 3966.<\/p>\n<h4><strong>Nota<\/strong><\/h4>\n<p>El medio <strong>Destino Castilla y Le\u00f3n no tiene ning\u00fan inter\u00e9s ni es participe de este evento<\/strong>, no obstante, colabora en la difusi\u00f3n de este evento cuyo fin es la conservaci\u00f3n del centro.<\/p>\n<p>Desde la organizaci\u00f3n <strong>se hace un especial hincapi\u00e9 en que se cumplir\u00e1n las medidas sanitarias y de seguridad, con espacio suficiente entre asistentes<\/strong>, la obligaci\u00f3n del uso de mascarillas y otras medidas que garanticen la seguridad del p\u00fablico.<\/p>\n<figure id=\"attachment_26085\" aria-describedby=\"caption-attachment-26085\" style=\"width: 640px\" class=\"wp-caption aligncenter\"><img decoding=\"async\" src=\"https:\/\/destinocastillayleon.es\/index\/wp-content\/uploads\/2017\/09\/48305a6dc520c29e10ec80cdf6377c25.jpg\" alt=\"Iglesia mud\u00e9jar de San Juan de Fresno el Viejo - Destino Castilla y Le\u00f3n\" width=\"640\" height=\"400\" class=\"size-full wp-image-26085\" srcset=\"https:\/\/destinocastillayleon.es\/index\/wp-content\/uploads\/2017\/09\/48305a6dc520c29e10ec80cdf6377c25.jpg 640w, https:\/\/destinocastillayleon.es\/index\/wp-content\/uploads\/2017\/09\/48305a6dc520c29e10ec80cdf6377c25-300x188.jpg 300w\" sizes=\"(max-width: 640px) 100vw, 640px\" \/><figcaption id=\"caption-attachment-26085\" class=\"wp-caption-text\">Iglesia mud\u00e9jar de San Juan de Fresno el Viejo &#8211; Destino Castilla y Le\u00f3n<\/figcaption><\/figure>\n<h3><strong>Informaci\u00f3n general sobre Fresno el Viejo<\/strong><\/h3>\n<h4><strong>\u00bfC\u00f3mo llegar?<\/strong><\/h4>\n<p><a href=\"https:\/\/goo.gl\/maps\/zHRHRp4e9KEwowvM8\" rel=\"noopener noreferrer\" target=\"_blank\">Fresno el Viejo<\/a> es <strong>una localidad del sur de Valladolid<\/strong>. Se llega <strong>desde la salida de la autov\u00eda A62, a la altura de Alaejos (salida 181)<\/strong> y siguiendo la carretera a Castrej\u00f3n unos 15 km. desde la salida de la autov\u00eda.<\/p>\n<h4><strong>\u00bfD\u00f3nde comer?<\/strong><\/h4>\n<p>Una visita a Fresno el Viejo <strong>puede estar cargada de actividades y cosas para ver<\/strong>. Por ese motivo os aconsejamos realizar una visita de todo un d\u00eda. Para comer, <strong>pod\u00e9is reservar una barbacoa en el propio Centro de la Era de las Aves<\/strong>, pero igualmente en el propio pueblo pod\u00e9is o bien ir de picote por los bares del centro, o bien algo m\u00e1s formal en los restaurantes.<\/p>\n<figure id=\"attachment_20014\" aria-describedby=\"caption-attachment-20014\" style=\"width: 500px\" class=\"wp-caption aligncenter\"><img decoding=\"async\" src=\"https:\/\/destinocastillayleon.es\/index\/wp-content\/uploads\/2015\/08\/417184172defbd1d4a5fdd46ee10d3ce.jpg\" alt=\"Mes\u00f3n, Posada Real La Puerta Grande - Alaejos - Destino Castilla y Le\u00f3n\" width=\"500\" height=\"281\" class=\"size-full wp-image-20014\" srcset=\"https:\/\/destinocastillayleon.es\/index\/wp-content\/uploads\/2015\/08\/417184172defbd1d4a5fdd46ee10d3ce.jpg 500w, https:\/\/destinocastillayleon.es\/index\/wp-content\/uploads\/2015\/08\/417184172defbd1d4a5fdd46ee10d3ce-300x169.jpg 300w\" sizes=\"(max-width: 500px) 100vw, 500px\" \/><figcaption id=\"caption-attachment-20014\" class=\"wp-caption-text\">Mes\u00f3n, Posada Real La Puerta Grande &#8211; Alaejos &#8211; Destino Castilla y Le\u00f3n<\/figcaption><\/figure>\n<p><strong>En el propio pueblo est\u00e1n el Restaurante Rabel, o el Mes\u00f3n Rural<\/strong>. No obstante, si no os importa moveros, los amigos de La mesa el Conde os recomiendan pr\u00f3ximo, en Alaejos (10 minutos en coche) <a href=\"https:\/\/lamesadelconde.es\/la-puerta-grande\/\" rel=\"noopener noreferrer\" target=\"_blank\">el restaurante de la Posada Real La Puerta Grande<\/a>.<\/p>\n<h4><strong>\u00bfD\u00f3nde dormir?<\/strong><\/h4>\n<p>Y si decides <strong>pasar tambi\u00e9n la noche y al d\u00eda siguiente viajar por la Ruta del Vino de Rueda, pod\u00e9is alojaros en alguna de las casas rurales de Fresno el Viejo<\/strong>. La m\u00e1s atractiva es la de <strong>Casa Rural La Meditaci\u00f3n de Daniela<\/strong>, con un magn\u00edfico Spa.<\/p>\n<p>Otras opciones, de nuevo saliendo del pueblo son, en <strong>la <a href=\"https:\/\/www.booking.com\/hotel\/es\/posada-plaza-mayor-de-alaejos.es.html?aid=1287792;sid=494007d112f0505b1a162cad6d343c42;dest_id=-369518;dest_type=city;dist=0;group_adults=2;group_children=0;hapos=3;hpos=3;no_rooms=1;room1=A%2CA;sb_price_type=total;sr_order=popularity;srepoch=1597239797;srpvid=b3c9607a046c01f9;type=total;ucfs=1&#038;#hotelTmpl\" rel=\"nofollow noopener noreferrer\" target=\"_blank\">Posada Real Puerta Grande<\/a><\/strong>, en la plaza mayor de Alaejos. A escasa distancia, como hemos dicho, o en <strong>el <a href=\"https:\/\/www.booking.com\/hotel\/es\/doa-a-elvira-nava.es.html?aid=1287792;sid=494007d112f0505b1a162cad6d343c42;dest_id=-393670;dest_type=city;dist=0;group_adults=2;group_children=0;hapos=1;hpos=1;no_rooms=1;room1=A%2CA;sb_price_type=total;sr_order=popularity;srepoch=1597240129;srpvid=17c66120deaa003f;type=total;ucfs=1&#038;#hotelTmpl\" rel=\"noopener noreferrer\" target=\"_blank\">Hotel rural Do\u00f1a Elvira Nava<\/a><\/strong>, en Nava del Rey, tambi\u00e9n pr\u00f3ximo.<\/p>\n<p>Y ya veis <strong>c\u00f3mo pod\u00e9is tener una excusa fant\u00e1stica, con este concierto Solidario de Juan Carlos Prieto, para una escapada por esta localidad del sur de Valladolid<\/strong>, que puede ser tan completa como quer\u00e1is.<\/p>\n<h4>Tambi\u00e9n te puede interesar<\/h4>\n<ul>\n<li><a href=\"https:\/\/destinocastillayleon.es\/index\/guia-para-pasar-el-dia-en-alaejos\/\"  >Gu\u00eda para pasar el d\u00eda en Alaejos<\/a>.<\/li>\n<li><a href=\"https:\/\/destinocastillayleon.es\/index\/la-era-de-las-aves\/\" >La Era de las Aves, el zoo de las aves al sur de la provincia de Valladolid<\/a>.<\/li>\n<li><a href=\"https:\/\/destinocastillayleon.es\/index\/visitar-el-castillo-de-la-mota\/\">Visitar el Castillo de la Mota, el icono de Medina del Campo<\/a>.<\/li>\n<\/ul>\n","protected":false},"excerpt":{"rendered":"<p>Conoce este concierto Solidario de Juan Carlos Prieto que se celebrar\u00e1 el pr\u00f3ximo s\u00e1bado 15 de agosto en el Centro zool\u00f3gico La Era de las Aves, Fresno el Viejo, Valladolid.<\/p>\n","protected":false},"author":2,"featured_media":33201,"comment_status":"open","ping_status":"closed","sticky":false,"template":"","format":"standard","meta":{"rop_custom_images_group":[],"rop_custom_messages_group":[],"rop_publish_now":"initial","rop_publish_now_accounts":{"twitter_1150954226_1150954226":""},"rop_publish_now_history":[],"rop_publish_now_status":"pending","footnotes":""},"categories":[1343,5511,68,4800],"tags":[5900,5899,5371,5058],"class_list":["post-33197","post","type-post","status-publish","format-standard","has-post-thumbnail","hentry","category-agenda","category-no-rescatar-en-rrss","category-post_inicial","category-valladolid-actualidad","tag-era-de-las-aves","tag-evento","tag-fresno-el-viejo","tag-valladolid"],"yoast_head":"<!-- This site is optimized with the Yoast SEO Premium plugin v20.4 (Yoast SEO v27.4) - https:\/\/yoast.com\/product\/yoast-seo-premium-wordpress\/ -->\n<title>Concierto Solidario de Juan Carlos Prieto - Destino Castilla y Le\u00f3n<\/title>\n<meta name=\"description\" content=\"Conoce este concierto Solidario de Juan Carlos Prieto el pr\u00f3ximo s\u00e1bado 15 de agosto en el Centro zool\u00f3gico La Era de las Aves, Fresno el Viejo, Valladolid.\" \/>\n<meta name=\"robots\" content=\"index, follow, max-snippet:-1, max-image-preview:large, max-video-preview:-1\" \/>\n<link rel=\"canonical\" href=\"https:\/\/destinocastillayleon.es\/index\/concierto-solidario-de-juan-carlos-prieto\/\" \/>\n<meta property=\"og:locale\" content=\"es_ES\" \/>\n<meta property=\"og:type\" content=\"article\" \/>\n<meta property=\"og:title\" content=\"Concierto Solidario de Juan Carlos Prieto en la Era de las Aves - Destino Castilla y Le\u00f3n\" \/>\n<meta property=\"og:description\" content=\"Conoce este concierto Solidario de Juan Carlos Prieto que se celebrar\u00e1 el pr\u00f3ximo s\u00e1bado 15 de agosto en el Centro zool\u00f3gico La Era de las Aves, Fresno el Viejo, Valladolid.\" \/>\n<meta property=\"og:url\" content=\"https:\/\/destinocastillayleon.es\/index\/concierto-solidario-de-juan-carlos-prieto\/\" \/>\n<meta property=\"og:site_name\" content=\"Destino Castilla y Le\u00f3n\" \/>\n<meta property=\"article:publisher\" content=\"https:\/\/www.facebook.com\/DestinoCastillaYLeon\/\" \/>\n<meta property=\"article:author\" content=\"https:\/\/www.facebook.com\/profile.php?id=1158416854\" \/>\n<meta property=\"article:published_time\" content=\"2020-08-12T14:41:26+00:00\" \/>\n<meta property=\"og:image\" content=\"https:\/\/destinocastillayleon.es\/index\/wp-content\/uploads\/2020\/08\/Concierto-solidario-del-cantautor-Juan-Carlos-Prieto-en-Fresno-el-Viejo.jpg\" \/>\n\t<meta property=\"og:image:width\" content=\"1100\" \/>\n\t<meta property=\"og:image:height\" content=\"619\" \/>\n\t<meta property=\"og:image:type\" content=\"image\/jpeg\" \/>\n<meta name=\"author\" content=\"David V\u00e1zquez\" \/>\n<meta name=\"twitter:card\" content=\"summary_large_image\" \/>\n<meta name=\"twitter:title\" content=\"Concierto Solidario de Juan Carlos Prieto en la Era de las Aves - Destino Castilla y Le\u00f3n\" \/>\n<meta name=\"twitter:description\" content=\"Conoce este concierto Solidario de Juan Carlos Prieto que se celebrar\u00e1 el pr\u00f3ximo s\u00e1bado 15 de agosto en el Centro zool\u00f3gico La Era de las Aves, Fresno el Viejo, Valladolid.\" \/>\n<meta name=\"twitter:image\" content=\"https:\/\/destinocastillayleon.es\/index\/wp-content\/uploads\/2020\/08\/Concierto-solidario-del-cantautor-Juan-Carlos-Prieto-en-Fresno-el-Viejo.jpg\" \/>\n<meta name=\"twitter:creator\" content=\"@https:\/\/twitter.com\/ContePantaleone\u200e\" \/>\n<meta name=\"twitter:site\" content=\"@destinocyl\" \/>\n<meta name=\"twitter:label1\" content=\"Escrito por\" \/>\n\t<meta name=\"twitter:data1\" content=\"David V\u00e1zquez\" \/>\n\t<meta name=\"twitter:label2\" content=\"Tiempo de lectura\" \/>\n\t<meta name=\"twitter:data2\" content=\"4 minutos\" \/>\n<script type=\"application\/ld+json\" class=\"yoast-schema-graph\">{\"@context\":\"https:\\\/\\\/schema.org\",\"@graph\":[{\"@type\":\"Article\",\"@id\":\"https:\\\/\\\/destinocastillayleon.es\\\/index\\\/concierto-solidario-de-juan-carlos-prieto\\\/#article\",\"isPartOf\":{\"@id\":\"https:\\\/\\\/destinocastillayleon.es\\\/index\\\/concierto-solidario-de-juan-carlos-prieto\\\/\"},\"author\":{\"name\":\"David V\u00e1zquez\",\"@id\":\"https:\\\/\\\/destinocastillayleon.es\\\/index\\\/#\\\/schema\\\/person\\\/189221bc8f6cc4fa28b18ad5c289d4c2\"},\"headline\":\"Concierto Solidario de Juan Carlos Prieto en la Era de las Aves\",\"datePublished\":\"2020-08-12T14:41:26+00:00\",\"mainEntityOfPage\":{\"@id\":\"https:\\\/\\\/destinocastillayleon.es\\\/index\\\/concierto-solidario-de-juan-carlos-prieto\\\/\"},\"wordCount\":904,\"commentCount\":0,\"image\":{\"@id\":\"https:\\\/\\\/destinocastillayleon.es\\\/index\\\/concierto-solidario-de-juan-carlos-prieto\\\/#primaryimage\"},\"thumbnailUrl\":\"https:\\\/\\\/destinocastillayleon.es\\\/index\\\/wp-content\\\/uploads\\\/2020\\\/08\\\/Concierto-solidario-del-cantautor-Juan-Carlos-Prieto-en-Fresno-el-Viejo.jpg\",\"keywords\":[\"Era de las aves\",\"evento\",\"fresno el viejo\",\"Valladolid\"],\"articleSection\":[\"Agenda\",\"No rescatar en RRSS\",\"Post_inicial\",\"Valladolid Actualidad\"],\"inLanguage\":\"es\",\"potentialAction\":[{\"@type\":\"CommentAction\",\"name\":\"Comment\",\"target\":[\"https:\\\/\\\/destinocastillayleon.es\\\/index\\\/concierto-solidario-de-juan-carlos-prieto\\\/#respond\"]}]},{\"@type\":\"WebPage\",\"@id\":\"https:\\\/\\\/destinocastillayleon.es\\\/index\\\/concierto-solidario-de-juan-carlos-prieto\\\/\",\"url\":\"https:\\\/\\\/destinocastillayleon.es\\\/index\\\/concierto-solidario-de-juan-carlos-prieto\\\/\",\"name\":\"Concierto Solidario de Juan Carlos Prieto - Destino Castilla y Le\u00f3n\",\"isPartOf\":{\"@id\":\"https:\\\/\\\/destinocastillayleon.es\\\/index\\\/#website\"},\"primaryImageOfPage\":{\"@id\":\"https:\\\/\\\/destinocastillayleon.es\\\/index\\\/concierto-solidario-de-juan-carlos-prieto\\\/#primaryimage\"},\"image\":{\"@id\":\"https:\\\/\\\/destinocastillayleon.es\\\/index\\\/concierto-solidario-de-juan-carlos-prieto\\\/#primaryimage\"},\"thumbnailUrl\":\"https:\\\/\\\/destinocastillayleon.es\\\/index\\\/wp-content\\\/uploads\\\/2020\\\/08\\\/Concierto-solidario-del-cantautor-Juan-Carlos-Prieto-en-Fresno-el-Viejo.jpg\",\"datePublished\":\"2020-08-12T14:41:26+00:00\",\"author\":{\"@id\":\"https:\\\/\\\/destinocastillayleon.es\\\/index\\\/#\\\/schema\\\/person\\\/189221bc8f6cc4fa28b18ad5c289d4c2\"},\"description\":\"Conoce este concierto Solidario de Juan Carlos Prieto el pr\u00f3ximo s\u00e1bado 15 de agosto en el Centro zool\u00f3gico La Era de las Aves, Fresno el Viejo, Valladolid.\",\"breadcrumb\":{\"@id\":\"https:\\\/\\\/destinocastillayleon.es\\\/index\\\/concierto-solidario-de-juan-carlos-prieto\\\/#breadcrumb\"},\"inLanguage\":\"es\",\"potentialAction\":[{\"@type\":\"ReadAction\",\"target\":[\"https:\\\/\\\/destinocastillayleon.es\\\/index\\\/concierto-solidario-de-juan-carlos-prieto\\\/\"]}]},{\"@type\":\"ImageObject\",\"inLanguage\":\"es\",\"@id\":\"https:\\\/\\\/destinocastillayleon.es\\\/index\\\/concierto-solidario-de-juan-carlos-prieto\\\/#primaryimage\",\"url\":\"https:\\\/\\\/destinocastillayleon.es\\\/index\\\/wp-content\\\/uploads\\\/2020\\\/08\\\/Concierto-solidario-del-cantautor-Juan-Carlos-Prieto-en-Fresno-el-Viejo.jpg\",\"contentUrl\":\"https:\\\/\\\/destinocastillayleon.es\\\/index\\\/wp-content\\\/uploads\\\/2020\\\/08\\\/Concierto-solidario-del-cantautor-Juan-Carlos-Prieto-en-Fresno-el-Viejo.jpg\",\"width\":1100,\"height\":619,\"caption\":\"Concierto solidario del cantautor Juan Carlos Prieto en Fresno el Viejo\"},{\"@type\":\"BreadcrumbList\",\"@id\":\"https:\\\/\\\/destinocastillayleon.es\\\/index\\\/concierto-solidario-de-juan-carlos-prieto\\\/#breadcrumb\",\"itemListElement\":[{\"@type\":\"ListItem\",\"position\":1,\"name\":\"Portada\",\"item\":\"https:\\\/\\\/destinocastillayleon.es\\\/index\\\/\"},{\"@type\":\"ListItem\",\"position\":2,\"name\":\"Concierto Solidario de Juan Carlos Prieto en la Era de las Aves\"}]},{\"@type\":\"WebSite\",\"@id\":\"https:\\\/\\\/destinocastillayleon.es\\\/index\\\/#website\",\"url\":\"https:\\\/\\\/destinocastillayleon.es\\\/index\\\/\",\"name\":\"Destino Castilla y Le\u00f3n\",\"description\":\"Medio digital independiente y revista de Castilla y Le\u00f3n dedicado al turismo, gastronom\u00eda y vino de Castilla y Le\u00f3n\",\"potentialAction\":[{\"@type\":\"SearchAction\",\"target\":{\"@type\":\"EntryPoint\",\"urlTemplate\":\"https:\\\/\\\/destinocastillayleon.es\\\/index\\\/?s={search_term_string}\"},\"query-input\":{\"@type\":\"PropertyValueSpecification\",\"valueRequired\":true,\"valueName\":\"search_term_string\"}}],\"inLanguage\":\"es\"},{\"@type\":\"Person\",\"@id\":\"https:\\\/\\\/destinocastillayleon.es\\\/index\\\/#\\\/schema\\\/person\\\/189221bc8f6cc4fa28b18ad5c289d4c2\",\"name\":\"David V\u00e1zquez\",\"image\":{\"@type\":\"ImageObject\",\"inLanguage\":\"es\",\"@id\":\"https:\\\/\\\/secure.gravatar.com\\\/avatar\\\/cd12db6c575a90c3b75cfa0f794b74d425201c768612fad17e9f13cd33d48be8?s=96&d=mm&r=g\",\"url\":\"https:\\\/\\\/secure.gravatar.com\\\/avatar\\\/cd12db6c575a90c3b75cfa0f794b74d425201c768612fad17e9f13cd33d48be8?s=96&d=mm&r=g\",\"contentUrl\":\"https:\\\/\\\/secure.gravatar.com\\\/avatar\\\/cd12db6c575a90c3b75cfa0f794b74d425201c768612fad17e9f13cd33d48be8?s=96&d=mm&r=g\",\"caption\":\"David V\u00e1zquez\"},\"description\":\"Ingeniero Industrial de vocaci\u00f3n y profesi\u00f3n, he encontrado en los blogs la forma de plasmar mi pasi\u00f3n por los viajes, la gastronom\u00eda y los vinos. Especialmente los procedentes de Castilla y Le\u00f3n\",\"sameAs\":[\"https:\\\/\\\/www.destinocastillayleon.es\",\"https:\\\/\\\/www.facebook.com\\\/profile.php?id=1158416854\",\"https:\\\/\\\/instagram.com\\\/conte.pantaleone\",\"https:\\\/\\\/www.linkedin.com\\\/pub\\\/david-vazquez-lozano\\\/37\\\/17a\\\/25a\",\"https:\\\/\\\/x.com\\\/https:\\\/\\\/twitter.com\\\/ContePantaleone\u200e\"],\"url\":\"https:\\\/\\\/destinocastillayleon.es\\\/index\\\/author\\\/coadministradorcyl\\\/\"}]}<\/script>\n<!-- \/ Yoast SEO Premium plugin. -->","yoast_head_json":{"title":"Concierto Solidario de Juan Carlos Prieto - Destino Castilla y Le\u00f3n","description":"Conoce este concierto Solidario de Juan Carlos Prieto el pr\u00f3ximo s\u00e1bado 15 de agosto en el Centro zool\u00f3gico La Era de las Aves, Fresno el Viejo, Valladolid.","robots":{"index":"index","follow":"follow","max-snippet":"max-snippet:-1","max-image-preview":"max-image-preview:large","max-video-preview":"max-video-preview:-1"},"canonical":"https:\/\/destinocastillayleon.es\/index\/concierto-solidario-de-juan-carlos-prieto\/","og_locale":"es_ES","og_type":"article","og_title":"Concierto Solidario de Juan Carlos Prieto en la Era de las Aves - Destino Castilla y Le\u00f3n","og_description":"Conoce este concierto Solidario de Juan Carlos Prieto que se celebrar\u00e1 el pr\u00f3ximo s\u00e1bado 15 de agosto en el Centro zool\u00f3gico La Era de las Aves, Fresno el Viejo, Valladolid.","og_url":"https:\/\/destinocastillayleon.es\/index\/concierto-solidario-de-juan-carlos-prieto\/","og_site_name":"Destino Castilla y Le\u00f3n","article_publisher":"https:\/\/www.facebook.com\/DestinoCastillaYLeon\/","article_author":"https:\/\/www.facebook.com\/profile.php?id=1158416854","article_published_time":"2020-08-12T14:41:26+00:00","og_image":[{"width":1100,"height":619,"url":"https:\/\/destinocastillayleon.es\/index\/wp-content\/uploads\/2020\/08\/Concierto-solidario-del-cantautor-Juan-Carlos-Prieto-en-Fresno-el-Viejo.jpg","type":"image\/jpeg"}],"author":"David V\u00e1zquez","twitter_card":"summary_large_image","twitter_title":"Concierto Solidario de Juan Carlos Prieto en la Era de las Aves - Destino Castilla y Le\u00f3n","twitter_description":"Conoce este concierto Solidario de Juan Carlos Prieto que se celebrar\u00e1 el pr\u00f3ximo s\u00e1bado 15 de agosto en el Centro zool\u00f3gico La Era de las Aves, Fresno el Viejo, Valladolid.","twitter_image":"https:\/\/destinocastillayleon.es\/index\/wp-content\/uploads\/2020\/08\/Concierto-solidario-del-cantautor-Juan-Carlos-Prieto-en-Fresno-el-Viejo.jpg","twitter_creator":"@https:\/\/twitter.com\/ContePantaleone\u200e","twitter_site":"@destinocyl","twitter_misc":{"Escrito por":"David V\u00e1zquez","Tiempo de lectura":"4 minutos"},"schema":{"@context":"https:\/\/schema.org","@graph":[{"@type":"Article","@id":"https:\/\/destinocastillayleon.es\/index\/concierto-solidario-de-juan-carlos-prieto\/#article","isPartOf":{"@id":"https:\/\/destinocastillayleon.es\/index\/concierto-solidario-de-juan-carlos-prieto\/"},"author":{"name":"David V\u00e1zquez","@id":"https:\/\/destinocastillayleon.es\/index\/#\/schema\/person\/189221bc8f6cc4fa28b18ad5c289d4c2"},"headline":"Concierto Solidario de Juan Carlos Prieto en la Era de las Aves","datePublished":"2020-08-12T14:41:26+00:00","mainEntityOfPage":{"@id":"https:\/\/destinocastillayleon.es\/index\/concierto-solidario-de-juan-carlos-prieto\/"},"wordCount":904,"commentCount":0,"image":{"@id":"https:\/\/destinocastillayleon.es\/index\/concierto-solidario-de-juan-carlos-prieto\/#primaryimage"},"thumbnailUrl":"https:\/\/destinocastillayleon.es\/index\/wp-content\/uploads\/2020\/08\/Concierto-solidario-del-cantautor-Juan-Carlos-Prieto-en-Fresno-el-Viejo.jpg","keywords":["Era de las aves","evento","fresno el viejo","Valladolid"],"articleSection":["Agenda","No rescatar en RRSS","Post_inicial","Valladolid Actualidad"],"inLanguage":"es","potentialAction":[{"@type":"CommentAction","name":"Comment","target":["https:\/\/destinocastillayleon.es\/index\/concierto-solidario-de-juan-carlos-prieto\/#respond"]}]},{"@type":"WebPage","@id":"https:\/\/destinocastillayleon.es\/index\/concierto-solidario-de-juan-carlos-prieto\/","url":"https:\/\/destinocastillayleon.es\/index\/concierto-solidario-de-juan-carlos-prieto\/","name":"Concierto Solidario de Juan Carlos Prieto - Destino Castilla y Le\u00f3n","isPartOf":{"@id":"https:\/\/destinocastillayleon.es\/index\/#website"},"primaryImageOfPage":{"@id":"https:\/\/destinocastillayleon.es\/index\/concierto-solidario-de-juan-carlos-prieto\/#primaryimage"},"image":{"@id":"https:\/\/destinocastillayleon.es\/index\/concierto-solidario-de-juan-carlos-prieto\/#primaryimage"},"thumbnailUrl":"https:\/\/destinocastillayleon.es\/index\/wp-content\/uploads\/2020\/08\/Concierto-solidario-del-cantautor-Juan-Carlos-Prieto-en-Fresno-el-Viejo.jpg","datePublished":"2020-08-12T14:41:26+00:00","author":{"@id":"https:\/\/destinocastillayleon.es\/index\/#\/schema\/person\/189221bc8f6cc4fa28b18ad5c289d4c2"},"description":"Conoce este concierto Solidario de Juan Carlos Prieto el pr\u00f3ximo s\u00e1bado 15 de agosto en el Centro zool\u00f3gico La Era de las Aves, Fresno el Viejo, Valladolid.","breadcrumb":{"@id":"https:\/\/destinocastillayleon.es\/index\/concierto-solidario-de-juan-carlos-prieto\/#breadcrumb"},"inLanguage":"es","potentialAction":[{"@type":"ReadAction","target":["https:\/\/destinocastillayleon.es\/index\/concierto-solidario-de-juan-carlos-prieto\/"]}]},{"@type":"ImageObject","inLanguage":"es","@id":"https:\/\/destinocastillayleon.es\/index\/concierto-solidario-de-juan-carlos-prieto\/#primaryimage","url":"https:\/\/destinocastillayleon.es\/index\/wp-content\/uploads\/2020\/08\/Concierto-solidario-del-cantautor-Juan-Carlos-Prieto-en-Fresno-el-Viejo.jpg","contentUrl":"https:\/\/destinocastillayleon.es\/index\/wp-content\/uploads\/2020\/08\/Concierto-solidario-del-cantautor-Juan-Carlos-Prieto-en-Fresno-el-Viejo.jpg","width":1100,"height":619,"caption":"Concierto solidario del cantautor Juan Carlos Prieto en Fresno el Viejo"},{"@type":"BreadcrumbList","@id":"https:\/\/destinocastillayleon.es\/index\/concierto-solidario-de-juan-carlos-prieto\/#breadcrumb","itemListElement":[{"@type":"ListItem","position":1,"name":"Portada","item":"https:\/\/destinocastillayleon.es\/index\/"},{"@type":"ListItem","position":2,"name":"Concierto Solidario de Juan Carlos Prieto en la Era de las Aves"}]},{"@type":"WebSite","@id":"https:\/\/destinocastillayleon.es\/index\/#website","url":"https:\/\/destinocastillayleon.es\/index\/","name":"Destino Castilla y Le\u00f3n","description":"Medio digital independiente y revista de Castilla y Le\u00f3n dedicado al turismo, gastronom\u00eda y vino de Castilla y Le\u00f3n","potentialAction":[{"@type":"SearchAction","target":{"@type":"EntryPoint","urlTemplate":"https:\/\/destinocastillayleon.es\/index\/?s={search_term_string}"},"query-input":{"@type":"PropertyValueSpecification","valueRequired":true,"valueName":"search_term_string"}}],"inLanguage":"es"},{"@type":"Person","@id":"https:\/\/destinocastillayleon.es\/index\/#\/schema\/person\/189221bc8f6cc4fa28b18ad5c289d4c2","name":"David V\u00e1zquez","image":{"@type":"ImageObject","inLanguage":"es","@id":"https:\/\/secure.gravatar.com\/avatar\/cd12db6c575a90c3b75cfa0f794b74d425201c768612fad17e9f13cd33d48be8?s=96&d=mm&r=g","url":"https:\/\/secure.gravatar.com\/avatar\/cd12db6c575a90c3b75cfa0f794b74d425201c768612fad17e9f13cd33d48be8?s=96&d=mm&r=g","contentUrl":"https:\/\/secure.gravatar.com\/avatar\/cd12db6c575a90c3b75cfa0f794b74d425201c768612fad17e9f13cd33d48be8?s=96&d=mm&r=g","caption":"David V\u00e1zquez"},"description":"Ingeniero Industrial de vocaci\u00f3n y profesi\u00f3n, he encontrado en los blogs la forma de plasmar mi pasi\u00f3n por los viajes, la gastronom\u00eda y los vinos. Especialmente los procedentes de Castilla y Le\u00f3n","sameAs":["https:\/\/www.destinocastillayleon.es","https:\/\/www.facebook.com\/profile.php?id=1158416854","https:\/\/instagram.com\/conte.pantaleone","https:\/\/www.linkedin.com\/pub\/david-vazquez-lozano\/37\/17a\/25a","https:\/\/x.com\/https:\/\/twitter.com\/ContePantaleone\u200e"],"url":"https:\/\/destinocastillayleon.es\/index\/author\/coadministradorcyl\/"}]}},"_links":{"self":[{"href":"https:\/\/destinocastillayleon.es\/index\/wp-json\/wp\/v2\/posts\/33197","targetHints":{"allow":["GET"]}}],"collection":[{"href":"https:\/\/destinocastillayleon.es\/index\/wp-json\/wp\/v2\/posts"}],"about":[{"href":"https:\/\/destinocastillayleon.es\/index\/wp-json\/wp\/v2\/types\/post"}],"author":[{"embeddable":true,"href":"https:\/\/destinocastillayleon.es\/index\/wp-json\/wp\/v2\/users\/2"}],"replies":[{"embeddable":true,"href":"https:\/\/destinocastillayleon.es\/index\/wp-json\/wp\/v2\/comments?post=33197"}],"version-history":[{"count":4,"href":"https:\/\/destinocastillayleon.es\/index\/wp-json\/wp\/v2\/posts\/33197\/revisions"}],"predecessor-version":[{"id":33203,"href":"https:\/\/destinocastillayleon.es\/index\/wp-json\/wp\/v2\/posts\/33197\/revisions\/33203"}],"wp:featuredmedia":[{"embeddable":true,"href":"https:\/\/destinocastillayleon.es\/index\/wp-json\/wp\/v2\/media\/33201"}],"wp:attachment":[{"href":"https:\/\/destinocastillayleon.es\/index\/wp-json\/wp\/v2\/media?parent=33197"}],"wp:term":[{"taxonomy":"category","embeddable":true,"href":"https:\/\/destinocastillayleon.es\/index\/wp-json\/wp\/v2\/categories?post=33197"},{"taxonomy":"post_tag","embeddable":true,"href":"https:\/\/destinocastillayleon.es\/index\/wp-json\/wp\/v2\/tags?post=33197"}],"curies":[{"name":"wp","href":"https:\/\/api.w.org\/{rel}","templated":true}]}}