{"id":3289,"date":"2013-06-04T15:31:31","date_gmt":"2013-06-04T15:31:31","guid":{"rendered":"http:\/\/destinocastillayleon.es\/index\/?p=3289"},"modified":"2018-02-08T00:54:18","modified_gmt":"2018-02-07T23:54:18","slug":"descubre-la-montana-palentina-comida-tipica-en-el-bosque","status":"publish","type":"post","link":"https:\/\/destinocastillayleon.es\/index\/descubre-la-montana-palentina-comida-tipica-en-el-bosque\/","title":{"rendered":"Descubre la monta\u00f1a palentina + comida t\u00edpica en el bosque"},"content":{"rendered":"<p>Descubre la monta\u00f1a palentina, sus fauna y su flora de la mano de <strong>gu\u00edas expertos.<\/strong> El itinerario de unas <strong>3 horas de duraci\u00f3n<\/strong>, transcurre por la zona baja del <strong>Valle Estrecho<\/strong>, entre el pantano de Ruesga y el Pico de la Celada.<\/p>\n<p>Podr\u00e1s disfrutar de una relajante caminata por los <strong>paisajes t\u00edpicos del monte cant\u00e1brico<\/strong> y adentrarte en las minas que fueron excavadas por los romanos en el s.III. Llegar\u00e1s a parajes \u00fanicos haciendo una parada para comer y descubrir lo que el bosque esconde.<\/p>\n<p><center><a href=\"http:\/\/destinocastillayleon.es\/index\/descubre-la-montana-palentina-comida-tipica-en-el-bosque\/oferta_minas-indd\/\" rel=\"attachment wp-att-3294\"><img decoding=\"async\" class=\"alignnone size-full wp-image-3294\" alt=\"OFERTA_minas.indd\" src=\"http:\/\/destinocastillayleon.es\/index\/wp-content\/uploads\/2013\/06\/OFERTApnta_destinocyl.jpg\" width=\"450\" height=\"640\"  \/><\/a><\/p>\n<p><\/center><br \/>\nPara reservar s\u00f3lo tienes que llamar y decir el c\u00f3digo: &#8216;<strong>OfertaDestinoCyL<\/strong>&#8216; ya que es una oferta exclusiva para los lectores de Destino Castilla y Le\u00f3n.<\/p>\n<p>\u00a1Esperamos que os guste!<\/p>\n<p>&nbsp; <\/p>\n<h4>Otras ofertas<\/h4>\n<p>&nbsp; &nbsp; <strong>\u2022 <\/strong><a href=\"http:\/\/destinocastillayleon.es\/index\/descubre-la-villa-medieval-de-sepulveda-y-disfruta-de-un-5-de-descuento-en-el-hotel-vado-del-duraton\/\" ><span style=\"color: #000000;\">Descubre Sep\u00faveda con 5% de descuento en el Hotel Vado del Durat\u00f3n<\/a>.<br \/>\n&nbsp; &nbsp; <strong>\u2022 <\/strong><a href=\"http:\/\/destinocastillayleon.es\/index\/ruta-4x4-en-el-parque-natural-de-fuentes-carrionas\/\" ><span style=\"color: #000000;\">Ruta 4&#215;4 por el parque natural de Fuentes Carrionas en Palencia<\/a>.<br \/>\n&nbsp; <\/p>\n<p><center><\/p>\n","protected":false},"excerpt":{"rendered":"<p>Oferta especial Destinocyl: Descubre la monta\u00f1a palentina + comida t\u00edpica en el bosque<\/p>\n","protected":false},"author":6,"featured_media":3295,"comment_status":"open","ping_status":"closed","sticky":false,"template":"","format":"standard","meta":{"rop_custom_images_group":[],"rop_custom_messages_group":[],"rop_publish_now":"initial","rop_publish_now_accounts":{"twitter_1150954226_1150954226":""},"rop_publish_now_history":[],"rop_publish_now_status":"pending","footnotes":""},"categories":[42,4717,68,45,1],"tags":[769,1444,359,360,358,327,3481,2025,5062,357,222,361,223,369,801,362],"class_list":["post-3289","post","type-post","status-publish","format-standard","has-post-thumbnail","hentry","category-palencia","category-palencia-turismo","category-post_inicial","category-provincias","category-uncategorized","tag-destino-castilla-y-leon","tag-ecoturismo-en-castilla-y-leon","tag-flora-y-fauna","tag-itinerarios","tag-montana-palentina","tag-oferta","tag-ofertas-en-castilla-y-leon","tag-ofertas-turismo-en-castilla-y-leon","tag-palencia","tag-pnta","tag-rutas","tag-rutas-de-trekking","tag-senderismo","tag-turismo-en-castilla-y-leon","tag-turismo-en-palencia","tag-valle-estrecho"],"yoast_head":"<!-- This site is optimized with the Yoast SEO Premium plugin v20.4 (Yoast SEO v27.4) - https:\/\/yoast.com\/product\/yoast-seo-premium-wordpress\/ -->\n<title>oferta Descubre la monta\u00f1a palentina + comida t\u00edpica en el bosque<\/title>\n<meta name=\"description\" content=\"Oferta especial Destinocyl: Descubre la monta\u00f1a palentina + comida t\u00edpica en el bosque\" \/>\n<meta name=\"robots\" content=\"index, follow, max-snippet:-1, max-image-preview:large, max-video-preview:-1\" \/>\n<link rel=\"canonical\" href=\"https:\/\/destinocastillayleon.es\/index\/descubre-la-montana-palentina-comida-tipica-en-el-bosque\/\" \/>\n<meta property=\"og:locale\" content=\"es_ES\" \/>\n<meta property=\"og:type\" content=\"article\" \/>\n<meta property=\"og:title\" content=\"Descubre la monta\u00f1a palentina + comida t\u00edpica en el bosque\" \/>\n<meta property=\"og:description\" content=\"Oferta especial Destinocyl: Descubre la monta\u00f1a palentina + comida t\u00edpica en el bosque\" \/>\n<meta property=\"og:url\" content=\"https:\/\/destinocastillayleon.es\/index\/descubre-la-montana-palentina-comida-tipica-en-el-bosque\/\" \/>\n<meta property=\"og:site_name\" content=\"Destino Castilla y Le\u00f3n\" \/>\n<meta property=\"article:publisher\" content=\"https:\/\/www.facebook.com\/DestinoCastillaYLeon\/\" \/>\n<meta property=\"article:published_time\" content=\"2013-06-04T15:31:31+00:00\" \/>\n<meta property=\"article:modified_time\" content=\"2018-02-07T23:54:18+00:00\" \/>\n<meta property=\"og:image\" content=\"https:\/\/destinocastillayleon.es\/index\/wp-content\/uploads\/2013\/06\/portada-ruta-especial-Destinocyl_PNTA.jpg\" \/>\n\t<meta property=\"og:image:width\" content=\"737\" \/>\n\t<meta property=\"og:image:height\" content=\"572\" \/>\n\t<meta property=\"og:image:type\" content=\"image\/jpeg\" \/>\n<meta name=\"author\" content=\"Lola Hernandez\" \/>\n<meta name=\"twitter:card\" content=\"summary_large_image\" \/>\n<meta name=\"twitter:creator\" content=\"@destinocyl\" \/>\n<meta name=\"twitter:site\" content=\"@destinocyl\" \/>\n<meta name=\"twitter:label1\" content=\"Escrito por\" \/>\n\t<meta name=\"twitter:data1\" content=\"Lola Hernandez\" \/>\n\t<meta name=\"twitter:label2\" content=\"Tiempo de lectura\" \/>\n\t<meta name=\"twitter:data2\" content=\"1 minuto\" \/>\n<script type=\"application\/ld+json\" class=\"yoast-schema-graph\">{\"@context\":\"https:\\\/\\\/schema.org\",\"@graph\":[{\"@type\":\"Article\",\"@id\":\"https:\\\/\\\/destinocastillayleon.es\\\/index\\\/descubre-la-montana-palentina-comida-tipica-en-el-bosque\\\/#article\",\"isPartOf\":{\"@id\":\"https:\\\/\\\/destinocastillayleon.es\\\/index\\\/descubre-la-montana-palentina-comida-tipica-en-el-bosque\\\/\"},\"author\":{\"name\":\"Lola Hernandez\",\"@id\":\"https:\\\/\\\/destinocastillayleon.es\\\/index\\\/#\\\/schema\\\/person\\\/49ffcb7eb307589ba529009335ed7767\"},\"headline\":\"Descubre la monta\u00f1a palentina + comida t\u00edpica en el bosque\",\"datePublished\":\"2013-06-04T15:31:31+00:00\",\"dateModified\":\"2018-02-07T23:54:18+00:00\",\"mainEntityOfPage\":{\"@id\":\"https:\\\/\\\/destinocastillayleon.es\\\/index\\\/descubre-la-montana-palentina-comida-tipica-en-el-bosque\\\/\"},\"wordCount\":167,\"commentCount\":0,\"image\":{\"@id\":\"https:\\\/\\\/destinocastillayleon.es\\\/index\\\/descubre-la-montana-palentina-comida-tipica-en-el-bosque\\\/#primaryimage\"},\"thumbnailUrl\":\"https:\\\/\\\/destinocastillayleon.es\\\/index\\\/wp-content\\\/uploads\\\/2013\\\/06\\\/portada-ruta-especial-Destinocyl_PNTA.jpg\",\"keywords\":[\"Destino Castilla y Le\u00f3n\",\"ecoturismo en Castilla y Le\u00f3n\",\"flora y fauna\",\"itinerarios\",\"Monta\u00f1a Palentina\",\"oferta\",\"ofertas en Castilla y Le\u00f3n\",\"ofertas tur\u00edsmo en Castilla y Le\u00f3n\",\"Palencia\",\"PNTA\",\"rutas\",\"rutas de trekking\",\"senderismo\",\"turismo en Castilla y Le\u00f3n\",\"Turismo en Palencia\",\"Valle Estrecho\"],\"articleSection\":[\"Palencia\",\"Palencia turismo\",\"Post_inicial\",\"Provincias\",\"Uncategorized\"],\"inLanguage\":\"es\",\"potentialAction\":[{\"@type\":\"CommentAction\",\"name\":\"Comment\",\"target\":[\"https:\\\/\\\/destinocastillayleon.es\\\/index\\\/descubre-la-montana-palentina-comida-tipica-en-el-bosque\\\/#respond\"]}]},{\"@type\":\"WebPage\",\"@id\":\"https:\\\/\\\/destinocastillayleon.es\\\/index\\\/descubre-la-montana-palentina-comida-tipica-en-el-bosque\\\/\",\"url\":\"https:\\\/\\\/destinocastillayleon.es\\\/index\\\/descubre-la-montana-palentina-comida-tipica-en-el-bosque\\\/\",\"name\":\"oferta Descubre la monta\u00f1a palentina + comida t\u00edpica en el bosque\",\"isPartOf\":{\"@id\":\"https:\\\/\\\/destinocastillayleon.es\\\/index\\\/#website\"},\"primaryImageOfPage\":{\"@id\":\"https:\\\/\\\/destinocastillayleon.es\\\/index\\\/descubre-la-montana-palentina-comida-tipica-en-el-bosque\\\/#primaryimage\"},\"image\":{\"@id\":\"https:\\\/\\\/destinocastillayleon.es\\\/index\\\/descubre-la-montana-palentina-comida-tipica-en-el-bosque\\\/#primaryimage\"},\"thumbnailUrl\":\"https:\\\/\\\/destinocastillayleon.es\\\/index\\\/wp-content\\\/uploads\\\/2013\\\/06\\\/portada-ruta-especial-Destinocyl_PNTA.jpg\",\"datePublished\":\"2013-06-04T15:31:31+00:00\",\"dateModified\":\"2018-02-07T23:54:18+00:00\",\"author\":{\"@id\":\"https:\\\/\\\/destinocastillayleon.es\\\/index\\\/#\\\/schema\\\/person\\\/49ffcb7eb307589ba529009335ed7767\"},\"description\":\"Oferta especial Destinocyl: Descubre la monta\u00f1a palentina + comida t\u00edpica en el bosque\",\"breadcrumb\":{\"@id\":\"https:\\\/\\\/destinocastillayleon.es\\\/index\\\/descubre-la-montana-palentina-comida-tipica-en-el-bosque\\\/#breadcrumb\"},\"inLanguage\":\"es\",\"potentialAction\":[{\"@type\":\"ReadAction\",\"target\":[\"https:\\\/\\\/destinocastillayleon.es\\\/index\\\/descubre-la-montana-palentina-comida-tipica-en-el-bosque\\\/\"]}]},{\"@type\":\"ImageObject\",\"inLanguage\":\"es\",\"@id\":\"https:\\\/\\\/destinocastillayleon.es\\\/index\\\/descubre-la-montana-palentina-comida-tipica-en-el-bosque\\\/#primaryimage\",\"url\":\"https:\\\/\\\/destinocastillayleon.es\\\/index\\\/wp-content\\\/uploads\\\/2013\\\/06\\\/portada-ruta-especial-Destinocyl_PNTA.jpg\",\"contentUrl\":\"https:\\\/\\\/destinocastillayleon.es\\\/index\\\/wp-content\\\/uploads\\\/2013\\\/06\\\/portada-ruta-especial-Destinocyl_PNTA.jpg\",\"width\":737,\"height\":572},{\"@type\":\"BreadcrumbList\",\"@id\":\"https:\\\/\\\/destinocastillayleon.es\\\/index\\\/descubre-la-montana-palentina-comida-tipica-en-el-bosque\\\/#breadcrumb\",\"itemListElement\":[{\"@type\":\"ListItem\",\"position\":1,\"name\":\"Portada\",\"item\":\"https:\\\/\\\/destinocastillayleon.es\\\/index\\\/\"},{\"@type\":\"ListItem\",\"position\":2,\"name\":\"Descubre la monta\u00f1a palentina + comida t\u00edpica en el bosque\"}]},{\"@type\":\"WebSite\",\"@id\":\"https:\\\/\\\/destinocastillayleon.es\\\/index\\\/#website\",\"url\":\"https:\\\/\\\/destinocastillayleon.es\\\/index\\\/\",\"name\":\"Destino Castilla y Le\u00f3n\",\"description\":\"Medio digital independiente y revista de Castilla y Le\u00f3n dedicado al turismo, gastronom\u00eda y vino de Castilla y Le\u00f3n\",\"potentialAction\":[{\"@type\":\"SearchAction\",\"target\":{\"@type\":\"EntryPoint\",\"urlTemplate\":\"https:\\\/\\\/destinocastillayleon.es\\\/index\\\/?s={search_term_string}\"},\"query-input\":{\"@type\":\"PropertyValueSpecification\",\"valueRequired\":true,\"valueName\":\"search_term_string\"}}],\"inLanguage\":\"es\"},{\"@type\":\"Person\",\"@id\":\"https:\\\/\\\/destinocastillayleon.es\\\/index\\\/#\\\/schema\\\/person\\\/49ffcb7eb307589ba529009335ed7767\",\"name\":\"Lola Hernandez\",\"image\":{\"@type\":\"ImageObject\",\"inLanguage\":\"es\",\"@id\":\"https:\\\/\\\/secure.gravatar.com\\\/avatar\\\/72ead65e55ad0522fba484acfe2842bf78b2f7c727df41d76fed78a85519da34?s=96&d=mm&r=g\",\"url\":\"https:\\\/\\\/secure.gravatar.com\\\/avatar\\\/72ead65e55ad0522fba484acfe2842bf78b2f7c727df41d76fed78a85519da34?s=96&d=mm&r=g\",\"contentUrl\":\"https:\\\/\\\/secure.gravatar.com\\\/avatar\\\/72ead65e55ad0522fba484acfe2842bf78b2f7c727df41d76fed78a85519da34?s=96&d=mm&r=g\",\"caption\":\"Lola Hernandez\"},\"description\":\"Lola Hern\u00e1ndez fue fundadora y directora de www.destinocastillayleon.es Escribiendo sobre turismo, gastronom\u00eda y vino de su tierra de origen, Castilla y Le\u00f3n.\",\"sameAs\":[\"http:\\\/\\\/www.destinoysabor.com\\\/blog\"],\"url\":\"https:\\\/\\\/destinocastillayleon.es\\\/index\\\/author\\\/lola-hernandez\\\/\"}]}<\/script>\n<!-- \/ Yoast SEO Premium plugin. -->","yoast_head_json":{"title":"oferta Descubre la monta\u00f1a palentina + comida t\u00edpica en el bosque","description":"Oferta especial Destinocyl: Descubre la monta\u00f1a palentina + comida t\u00edpica en el bosque","robots":{"index":"index","follow":"follow","max-snippet":"max-snippet:-1","max-image-preview":"max-image-preview:large","max-video-preview":"max-video-preview:-1"},"canonical":"https:\/\/destinocastillayleon.es\/index\/descubre-la-montana-palentina-comida-tipica-en-el-bosque\/","og_locale":"es_ES","og_type":"article","og_title":"Descubre la monta\u00f1a palentina + comida t\u00edpica en el bosque","og_description":"Oferta especial Destinocyl: Descubre la monta\u00f1a palentina + comida t\u00edpica en el bosque","og_url":"https:\/\/destinocastillayleon.es\/index\/descubre-la-montana-palentina-comida-tipica-en-el-bosque\/","og_site_name":"Destino Castilla y Le\u00f3n","article_publisher":"https:\/\/www.facebook.com\/DestinoCastillaYLeon\/","article_published_time":"2013-06-04T15:31:31+00:00","article_modified_time":"2018-02-07T23:54:18+00:00","og_image":[{"width":737,"height":572,"url":"https:\/\/destinocastillayleon.es\/index\/wp-content\/uploads\/2013\/06\/portada-ruta-especial-Destinocyl_PNTA.jpg","type":"image\/jpeg"}],"author":"Lola Hernandez","twitter_card":"summary_large_image","twitter_creator":"@destinocyl","twitter_site":"@destinocyl","twitter_misc":{"Escrito por":"Lola Hernandez","Tiempo de lectura":"1 minuto"},"schema":{"@context":"https:\/\/schema.org","@graph":[{"@type":"Article","@id":"https:\/\/destinocastillayleon.es\/index\/descubre-la-montana-palentina-comida-tipica-en-el-bosque\/#article","isPartOf":{"@id":"https:\/\/destinocastillayleon.es\/index\/descubre-la-montana-palentina-comida-tipica-en-el-bosque\/"},"author":{"name":"Lola Hernandez","@id":"https:\/\/destinocastillayleon.es\/index\/#\/schema\/person\/49ffcb7eb307589ba529009335ed7767"},"headline":"Descubre la monta\u00f1a palentina + comida t\u00edpica en el bosque","datePublished":"2013-06-04T15:31:31+00:00","dateModified":"2018-02-07T23:54:18+00:00","mainEntityOfPage":{"@id":"https:\/\/destinocastillayleon.es\/index\/descubre-la-montana-palentina-comida-tipica-en-el-bosque\/"},"wordCount":167,"commentCount":0,"image":{"@id":"https:\/\/destinocastillayleon.es\/index\/descubre-la-montana-palentina-comida-tipica-en-el-bosque\/#primaryimage"},"thumbnailUrl":"https:\/\/destinocastillayleon.es\/index\/wp-content\/uploads\/2013\/06\/portada-ruta-especial-Destinocyl_PNTA.jpg","keywords":["Destino Castilla y Le\u00f3n","ecoturismo en Castilla y Le\u00f3n","flora y fauna","itinerarios","Monta\u00f1a Palentina","oferta","ofertas en Castilla y Le\u00f3n","ofertas tur\u00edsmo en Castilla y Le\u00f3n","Palencia","PNTA","rutas","rutas de trekking","senderismo","turismo en Castilla y Le\u00f3n","Turismo en Palencia","Valle Estrecho"],"articleSection":["Palencia","Palencia turismo","Post_inicial","Provincias","Uncategorized"],"inLanguage":"es","potentialAction":[{"@type":"CommentAction","name":"Comment","target":["https:\/\/destinocastillayleon.es\/index\/descubre-la-montana-palentina-comida-tipica-en-el-bosque\/#respond"]}]},{"@type":"WebPage","@id":"https:\/\/destinocastillayleon.es\/index\/descubre-la-montana-palentina-comida-tipica-en-el-bosque\/","url":"https:\/\/destinocastillayleon.es\/index\/descubre-la-montana-palentina-comida-tipica-en-el-bosque\/","name":"oferta Descubre la monta\u00f1a palentina + comida t\u00edpica en el bosque","isPartOf":{"@id":"https:\/\/destinocastillayleon.es\/index\/#website"},"primaryImageOfPage":{"@id":"https:\/\/destinocastillayleon.es\/index\/descubre-la-montana-palentina-comida-tipica-en-el-bosque\/#primaryimage"},"image":{"@id":"https:\/\/destinocastillayleon.es\/index\/descubre-la-montana-palentina-comida-tipica-en-el-bosque\/#primaryimage"},"thumbnailUrl":"https:\/\/destinocastillayleon.es\/index\/wp-content\/uploads\/2013\/06\/portada-ruta-especial-Destinocyl_PNTA.jpg","datePublished":"2013-06-04T15:31:31+00:00","dateModified":"2018-02-07T23:54:18+00:00","author":{"@id":"https:\/\/destinocastillayleon.es\/index\/#\/schema\/person\/49ffcb7eb307589ba529009335ed7767"},"description":"Oferta especial Destinocyl: Descubre la monta\u00f1a palentina + comida t\u00edpica en el bosque","breadcrumb":{"@id":"https:\/\/destinocastillayleon.es\/index\/descubre-la-montana-palentina-comida-tipica-en-el-bosque\/#breadcrumb"},"inLanguage":"es","potentialAction":[{"@type":"ReadAction","target":["https:\/\/destinocastillayleon.es\/index\/descubre-la-montana-palentina-comida-tipica-en-el-bosque\/"]}]},{"@type":"ImageObject","inLanguage":"es","@id":"https:\/\/destinocastillayleon.es\/index\/descubre-la-montana-palentina-comida-tipica-en-el-bosque\/#primaryimage","url":"https:\/\/destinocastillayleon.es\/index\/wp-content\/uploads\/2013\/06\/portada-ruta-especial-Destinocyl_PNTA.jpg","contentUrl":"https:\/\/destinocastillayleon.es\/index\/wp-content\/uploads\/2013\/06\/portada-ruta-especial-Destinocyl_PNTA.jpg","width":737,"height":572},{"@type":"BreadcrumbList","@id":"https:\/\/destinocastillayleon.es\/index\/descubre-la-montana-palentina-comida-tipica-en-el-bosque\/#breadcrumb","itemListElement":[{"@type":"ListItem","position":1,"name":"Portada","item":"https:\/\/destinocastillayleon.es\/index\/"},{"@type":"ListItem","position":2,"name":"Descubre la monta\u00f1a palentina + comida t\u00edpica en el bosque"}]},{"@type":"WebSite","@id":"https:\/\/destinocastillayleon.es\/index\/#website","url":"https:\/\/destinocastillayleon.es\/index\/","name":"Destino Castilla y Le\u00f3n","description":"Medio digital independiente y revista de Castilla y Le\u00f3n dedicado al turismo, gastronom\u00eda y vino de Castilla y Le\u00f3n","potentialAction":[{"@type":"SearchAction","target":{"@type":"EntryPoint","urlTemplate":"https:\/\/destinocastillayleon.es\/index\/?s={search_term_string}"},"query-input":{"@type":"PropertyValueSpecification","valueRequired":true,"valueName":"search_term_string"}}],"inLanguage":"es"},{"@type":"Person","@id":"https:\/\/destinocastillayleon.es\/index\/#\/schema\/person\/49ffcb7eb307589ba529009335ed7767","name":"Lola Hernandez","image":{"@type":"ImageObject","inLanguage":"es","@id":"https:\/\/secure.gravatar.com\/avatar\/72ead65e55ad0522fba484acfe2842bf78b2f7c727df41d76fed78a85519da34?s=96&d=mm&r=g","url":"https:\/\/secure.gravatar.com\/avatar\/72ead65e55ad0522fba484acfe2842bf78b2f7c727df41d76fed78a85519da34?s=96&d=mm&r=g","contentUrl":"https:\/\/secure.gravatar.com\/avatar\/72ead65e55ad0522fba484acfe2842bf78b2f7c727df41d76fed78a85519da34?s=96&d=mm&r=g","caption":"Lola Hernandez"},"description":"Lola Hern\u00e1ndez fue fundadora y directora de www.destinocastillayleon.es Escribiendo sobre turismo, gastronom\u00eda y vino de su tierra de origen, Castilla y Le\u00f3n.","sameAs":["http:\/\/www.destinoysabor.com\/blog"],"url":"https:\/\/destinocastillayleon.es\/index\/author\/lola-hernandez\/"}]}},"_links":{"self":[{"href":"https:\/\/destinocastillayleon.es\/index\/wp-json\/wp\/v2\/posts\/3289","targetHints":{"allow":["GET"]}}],"collection":[{"href":"https:\/\/destinocastillayleon.es\/index\/wp-json\/wp\/v2\/posts"}],"about":[{"href":"https:\/\/destinocastillayleon.es\/index\/wp-json\/wp\/v2\/types\/post"}],"author":[{"embeddable":true,"href":"https:\/\/destinocastillayleon.es\/index\/wp-json\/wp\/v2\/users\/6"}],"replies":[{"embeddable":true,"href":"https:\/\/destinocastillayleon.es\/index\/wp-json\/wp\/v2\/comments?post=3289"}],"version-history":[{"count":9,"href":"https:\/\/destinocastillayleon.es\/index\/wp-json\/wp\/v2\/posts\/3289\/revisions"}],"predecessor-version":[{"id":13476,"href":"https:\/\/destinocastillayleon.es\/index\/wp-json\/wp\/v2\/posts\/3289\/revisions\/13476"}],"wp:featuredmedia":[{"embeddable":true,"href":"https:\/\/destinocastillayleon.es\/index\/wp-json\/wp\/v2\/media\/3295"}],"wp:attachment":[{"href":"https:\/\/destinocastillayleon.es\/index\/wp-json\/wp\/v2\/media?parent=3289"}],"wp:term":[{"taxonomy":"category","embeddable":true,"href":"https:\/\/destinocastillayleon.es\/index\/wp-json\/wp\/v2\/categories?post=3289"},{"taxonomy":"post_tag","embeddable":true,"href":"https:\/\/destinocastillayleon.es\/index\/wp-json\/wp\/v2\/tags?post=3289"}],"curies":[{"name":"wp","href":"https:\/\/api.w.org\/{rel}","templated":true}]}}