{"id":32692,"date":"2020-05-13T08:39:20","date_gmt":"2020-05-13T06:39:20","guid":{"rendered":"https:\/\/destinocastillayleon.es\/index\/?p=32692"},"modified":"2020-05-13T08:39:20","modified_gmt":"2020-05-13T06:39:20","slug":"premios-europa-nostra-2020","status":"publish","type":"post","link":"https:\/\/destinocastillayleon.es\/index\/premios-europa-nostra-2020\/","title":{"rendered":"Premios Europa Nostra al Patrimonio Europeo de las Bodegas de Moradillo de Roa"},"content":{"rendered":"<p>Acabamos de saber que uno de los lugares m\u00e1s interesantes para hacer enoturismo en Castilla y Le\u00f3n, y que estuvimos visitando hace aproximadamente un a\u00f1o, <strong>ha sido galardonado dentro de los premios Europa Nostra 2020<\/strong>. Nos referimos al <strong>Barrio de bodegas subterr\u00e1neas y lagares tradicionales \u00ab<a href=\"https:\/\/destinocastillayleon.es\/index\/el-cotarro-ribera-del-duero-burgalesa\/\">el Cotarro<\/a>\u00ab<\/strong>, en Moradillo de Roa, en Burgos.<\/p>\n<p>Y es que este ambicioso <strong>proyecto de restauraci\u00f3n y recuperaci\u00f3n de un gran barrio de bodegas es una gran experiencia<\/strong> para cualquier amante del turismo de interior, y m\u00e1s a\u00fan para un enoturista.<\/p>\n<h3><strong>Premios Patrimonio Europeo \/ Europa Nostra<\/strong><\/h3>\n<p>Europa Nostra <strong>es una asociaci\u00f3n a nivel europeo comprometida con la salvaguarda y la promoci\u00f3n del patrimonio cultural y natural de Europa<\/strong>. Esta organizaci\u00f3n presente <strong>en 40 pa\u00edses de Europa<\/strong>, y cuenta con el reconocimiento de la Uni\u00f3n Europea en materias de conservaci\u00f3n de patrimonio.<\/p>\n<p>Esta organizaci\u00f3n <strong>contribuye a la formaci\u00f3n y aplicaci\u00f3n de estrategias y pol\u00edticas europeas relacionadas con el patrimonio, a trav\u00e9s del di\u00e1logo con instituciones nacionales e internacionales de Europa y la coordinaci\u00f3n de la <em>European Heritage Alliance<\/em><\/strong>. As\u00ed Europa Nostra es uno de los promotores de <strong>los D\u00edas Europeos del Patrimonio Cultural<\/strong>, que se celebran los 9 de mayo.<\/p>\n<blockquote><p>En Espa\u00f1a est\u00e1 representada en la asociaci\u00f3n <a href=\"https:\/\/www.hispanianostra.org\/\" rel=\"noopener noreferrer\" target=\"_blank\">Hispania Nostra<\/a><\/p><\/blockquote>\n<p><img decoding=\"async\" src=\"https:\/\/destinocastillayleon.es\/index\/wp-content\/uploads\/2017\/06\/Hispania-Nostra.jpg\" alt=\"premios Europa Nostra\" width=\"290\" height=\"320\" class=\"aligncenter size-full wp-image-32701\" \/><\/p>\n<h4><strong>Premios de Patrimonio Europeo<\/strong><\/h4>\n<p>Estos premios <strong>fueron creados en 2002 por la Comisi\u00f3n Europea y gestionados por Europa Nostra<\/strong> para reconocer las mejores pr\u00e1cticas, pol\u00edticas y proyectos relacionados con la conservaci\u00f3n y difusi\u00f3n del patrimonio, tal y como lo entiende la Uni\u00f3n Europea, como <strong>un recurso estrat\u00e9gico para la sociedad y las econom\u00edas europeas<\/strong>.<\/p>\n<p>Estos premios, <strong>abalados por la Uni\u00f3n Europea, sirven para incrementar el inter\u00e9s del p\u00fablico en general sobre nuestro patrimonio com\u00fan<\/strong>, convirti\u00e9ndose as\u00ed, en una herramienta de promoci\u00f3n de dicho patrimonio.<\/p>\n<h2><strong>Los premios de Patrimonio Europeo \/ Premios Europa Nostra 2020<\/strong><\/h2>\n<p>A lo largo de 18 a\u00f1os, 39 de los 40 pa\u00edses <strong>han presentado hasta 3.150 proyectos y candidaturas<\/strong>, en el que Espa\u00f1a ocupa el primer puesto por proyectos presentados, seguido por Italia y Reino Unido. Esto <strong>ha hecho a nuestra naci\u00f3n estar a la cabeza de reconocimientos, con 70 premios en estos a\u00f1os<\/strong>. <\/p>\n<h3><strong>Proyecto de recuperaci\u00f3n y restauraci\u00f3n del barrio de Bodegas Subterr\u00e1neas y Lagares tradicionales El Cotarro, Moradillo de Roa<\/strong><\/h3>\n<p>Este a\u00f1o 2020, este pueblo burgal\u00e9s de la Ribera del Duero <strong>ha sido galardonado en la categor\u00eda de conservaci\u00f3n por su gran labor restauradora en este barrio de bodegas<\/strong>. Si no lo conoc\u00e9is, os recomendamos visitar este paraje.<\/p>\n<p><strong>En palabras de Mariya Gabriel<\/strong>, Comisaria Europea de Innovaci\u00f3n, Investigaci\u00f3n, Cultura, Educaci\u00f3n y Juventud, sobre los premios Europa Nostra:<br \/>\n<em>\u201cLa crisis del COVID-19 ha dejado claro lo necesarios que son el patrimonio cultural y la cultura para las personas y las comunidades de toda Europa. En un momento en que millones de europeos est\u00e1n socialmente separados, nuestro patrimonio cultural contin\u00faa, m\u00e1s que nunca, uniendo a la gente. Los ganadores de este a\u00f1o de los Premios de Patrimonio Europeo \/ Premios Europa Nostra son ejemplos inspiradores y poderosos que contribuyen a una Europa m\u00e1s cercana, m\u00e1s unida y m\u00e1s resistente,\u201d <\/em><\/p>\n<figure id=\"attachment_32703\" aria-describedby=\"caption-attachment-32703\" style=\"width: 420px\" class=\"wp-caption aligncenter\"><img decoding=\"async\" src=\"https:\/\/destinocastillayleon.es\/index\/wp-content\/uploads\/2017\/06\/ca0d4be4ad21aeb83d8fe2677b3b3810.jpg\" alt=\"premios Europa Nostra\" title=\"Comisaria europea de Juventud e Innovaci\u00f3n Mariya Gabriel\" width=\"420\" height=\"280\" class=\"size-full wp-image-32703\" srcset=\"https:\/\/destinocastillayleon.es\/index\/wp-content\/uploads\/2017\/06\/ca0d4be4ad21aeb83d8fe2677b3b3810.jpg 420w, https:\/\/destinocastillayleon.es\/index\/wp-content\/uploads\/2017\/06\/ca0d4be4ad21aeb83d8fe2677b3b3810-300x200.jpg 300w\" sizes=\"(max-width: 420px) 100vw, 420px\" \/><figcaption id=\"caption-attachment-32703\" class=\"wp-caption-text\">Comisaria europea de Juventud e Innovaci\u00f3n Mariya Gabriel<\/figcaption><\/figure>\n<p>Este es <strong>un buen ejemplo de \u00e9xito, obtenido cuando una comunidad se vuelca en rehabilitar, dar uso y mantener el patrimonio com\u00fan, y un ejemplo de superaci\u00f3n<\/strong>, ya que no siempre es cuesti\u00f3n de dinero, si no, de voluntad.<\/p>\n<h4><strong>Los jurados<\/strong><\/h4>\n<p>Los premiados <strong>han sido seleccionados por un jurado independiente compuesto por expertos en patrimonio de toda Europa<\/strong> a trav\u00e9s de la evaluaci\u00f3n de las candidaturas presentadas por particulares y organizaciones de 30 pa\u00edses europeos, y que han fallado de esta forma los premios Europa Nostra 2020.<\/p>\n<h4><strong>Otros premiados en el 2020<\/strong><\/h4>\n<p>Por categor\u00edas y por orden alfab\u00e9tico de pa\u00edses:<br \/>\n<strong>Conservaci\u00f3n:<\/strong><\/p>\n<ul>Rubens&#8217; Garden Screen and Garden Pavilion, Antwerp, B\u00e9lgica.<br \/>\nHvar&#8217;s Arsenal, Croacia.<br \/>\nEpitaphs of the University Church of Leipzig, Alemania.<br \/>\nThe Museum of Fine Arts, Budapest, Hungr\u00eda.<br \/>\nBasilica of Santa Maria di Collemaggio, L\u2019Aquila, Italia.<br \/>\nLocHal, Tilburg, Holanda.<br \/>\nBodegas Subterr\u00e1neas y Lagares Tradicionales El Cotarro, Moradillo de Roa, Burgos, Espa\u00f1a.<br \/>\nThe Iron Bridge, Shropshire, Reino Unido.<\/ul>\n<p><strong>Investigaci\u00f3n:<\/strong><\/p>\n<ul>Red Tramontana III, Francia,Italia, Polonia, Portuga y Espa\u00f1a.<br \/>\nTurin Papyrus Online Platform (TPOP), Italia.<br \/>\nScanning for Syria, Holanda.<\/ul>\n<p><strong>Dedicaci\u00f3n:<\/strong><\/p>\n<ul>Mr. Don Duco, Holanda.<\/ul>\n<p><strong>Educaci\u00f3n, Formaci\u00f3n y Sensibilizaci\u00f3n:<\/strong><\/p>\n<ul>Cross-border Collaboration for European Classical Music, Rep\u00fablica Checa.<br \/>\nArolsen Archives Online, Alemania.<br \/>\nThe Secret Life of a Palace, G\u00f6d\u00f6ll\u0151, Hungr\u00eda.<br \/>\nUccu Roma Informal Educational Foundation, Hungr\u00eda.<br \/>\nAuschwitz. No hace mucho. No muy lejos, Polonia y Espa\u00f1a.<br \/>\nThe Ambulance for Monuments, Ruman\u00eda.<\/ul>\n<p>Igualmente <strong>se han concedido Premios Europa Nostra a tres importantes proyectos de pa\u00edses europeos que no participantes en el Programa<\/strong> de la Uni\u00f3n Europea \u201cCreative Europe\u201d. <\/p>\n<p><strong>Conservaci\u00f3n:<\/strong><\/p>\n<ul>Manor Farm of Bois de Ch\u00eanes, Suiza.<\/ul>\n<p><strong>Dedicaci\u00f3n:<\/strong><\/p>\n<ul>Soci\u00e9t\u00e9 de Lecture, Geneva, Suiza.<\/ul>\n<p><strong>Educaci\u00f3n, Formaci\u00f3n y Sensibilizaci\u00f3n<\/strong><\/p>\n<ul>SARAT &#8211; Safeguarding Archaeological Assets of Turkey, Turqu\u00eda.<\/ul>\n<h3><strong>El barrio de Bodegas Subterr\u00e1neas y Lagares tradicionales El Cotarro<\/strong><\/h3>\n<p>Aunque ya os hablamos de este lugar hace tiempo, <strong>queremos ilustraros un poco sobre este lugar. Al sur de Aranda de Duero, lo que hace que sea un buen lugar complementario a una visita a la Ribera del Duero burgalesa<\/strong>, se encuentra esta peque\u00f1a localidad de <a href=\"https:\/\/goo.gl\/maps\/rSPVEcEVx36YMj7B7\" rel=\"noopener noreferrer\" target=\"_blank\">Moradillo de Roa<\/a>, de apenas 200 habitantes.<\/p>\n<p>Posee una colina que <strong>fue horadada hace siglos para albergar bodegas y lagares de elaboraci\u00f3n de vino<\/strong>. Desde hace unos a\u00f1os, el ayuntamiento y los vecinos han ido creando <strong>este proyecto de restauraci\u00f3n de las bodegas y lagares<\/strong>.<\/p>\n<figure id=\"attachment_30514\" aria-describedby=\"caption-attachment-30514\" style=\"width: 640px\" class=\"wp-caption aligncenter\"><img decoding=\"async\" src=\"https:\/\/destinocastillayleon.es\/index\/wp-content\/uploads\/2019\/05\/faffec691c65840129e030c1113539f9.jpg\" alt=\"Recopilaci\u00f3n de fotograf\u00edas en el Ayuntamiento de Moradillo de Roa\" width=\"640\" class=\"size-full wp-image-30514\" srcset=\"https:\/\/destinocastillayleon.es\/index\/wp-content\/uploads\/2019\/05\/faffec691c65840129e030c1113539f9.jpg 797w, https:\/\/destinocastillayleon.es\/index\/wp-content\/uploads\/2019\/05\/faffec691c65840129e030c1113539f9-300x200.jpg 300w, https:\/\/destinocastillayleon.es\/index\/wp-content\/uploads\/2019\/05\/faffec691c65840129e030c1113539f9-768x512.jpg 768w, https:\/\/destinocastillayleon.es\/index\/wp-content\/uploads\/2019\/05\/faffec691c65840129e030c1113539f9-1024x682.jpg 1024w, https:\/\/destinocastillayleon.es\/index\/wp-content\/uploads\/2019\/05\/faffec691c65840129e030c1113539f9-600x400.jpg 600w, https:\/\/destinocastillayleon.es\/index\/wp-content\/uploads\/2019\/05\/faffec691c65840129e030c1113539f9-1200x800.jpg 1200w\" sizes=\"(max-width: 797px) 100vw, 797px\" \/><figcaption id=\"caption-attachment-30514\" class=\"wp-caption-text\">Recopilaci\u00f3n de fotograf\u00edas en el Ayuntamiento de Moradillo de Roa &#8211; Destino Castilla y Le\u00f3n<\/figcaption><\/figure>\n<p>Desde las salas polivalentes del edificio del ayuntamiento, a trav\u00e9s de <strong>un inmenso fondo fotogr\u00e1fico, pod\u00e9is conocer los inicios, el c\u00f3mo estaba cuando empez\u00f3 el proyecto y c\u00f3mo ha ido evolucionando<\/strong> en estos a\u00f1os de intenso trabajo.<\/p>\n<h4><strong>Los lagares de superficie<\/strong><\/h4>\n<p>En Moradillo de Roa a\u00fan <strong>se conservan varios lagares del siglo XVII y XVIII<\/strong>, que recientemente han sido rehabilitados para hacerlos visitables. <strong>El lagar es el punto de inicio de la transformaci\u00f3n de la uva en vino<\/strong>; el lugar donde se prensa la uva.<\/p>\n<figure id=\"attachment_30513\" aria-describedby=\"caption-attachment-30513\" style=\"width: 640px\" class=\"wp-caption aligncenter\"><img decoding=\"async\" src=\"https:\/\/destinocastillayleon.es\/index\/wp-content\/uploads\/2019\/05\/Lagar-tradicional-enoturismo-Ribera-del-Duero-burgalesa.jpg\" alt=\"enoturismo en la Ribera del Duero Burgalesa\" width=\"640\" class=\"size-full wp-image-30513\" srcset=\"https:\/\/destinocastillayleon.es\/index\/wp-content\/uploads\/2019\/05\/Lagar-tradicional-enoturismo-Ribera-del-Duero-burgalesa.jpg 797w, https:\/\/destinocastillayleon.es\/index\/wp-content\/uploads\/2019\/05\/Lagar-tradicional-enoturismo-Ribera-del-Duero-burgalesa-300x200.jpg 300w, https:\/\/destinocastillayleon.es\/index\/wp-content\/uploads\/2019\/05\/Lagar-tradicional-enoturismo-Ribera-del-Duero-burgalesa-768x512.jpg 768w, https:\/\/destinocastillayleon.es\/index\/wp-content\/uploads\/2019\/05\/Lagar-tradicional-enoturismo-Ribera-del-Duero-burgalesa-1024x682.jpg 1024w, https:\/\/destinocastillayleon.es\/index\/wp-content\/uploads\/2019\/05\/Lagar-tradicional-enoturismo-Ribera-del-Duero-burgalesa-600x400.jpg 600w, https:\/\/destinocastillayleon.es\/index\/wp-content\/uploads\/2019\/05\/Lagar-tradicional-enoturismo-Ribera-del-Duero-burgalesa-1200x800.jpg 1200w\" sizes=\"(max-width: 797px) 100vw, 797px\" \/><figcaption id=\"caption-attachment-30513\" class=\"wp-caption-text\">Lagar tradicional de Moradillo de Roa &#8211; Destino Castilla y Le\u00f3n<\/figcaption><\/figure>\n<h4><strong>El barrio de bodegas<\/strong><\/h4>\n<p>Utilizando toda la monta\u00f1a sobre la que se asienta Moradillo, <strong>la gente fue haciendo sus cuevas para fermentar los mostos y hacer vinos<\/strong>. Estas bodegas cayeron en el abandono cuando la gran emigraci\u00f3n del campo a las ciudades.<\/p>\n<p>Algunas <strong>fueron transformadas en merenderos<\/strong>, por lo que aunque \u00abhabitadas\u00bb, su uso y mantenimiento no fue durante mucho tiempo el mejor.<\/p>\n<figure id=\"attachment_30523\" aria-describedby=\"caption-attachment-30523\" style=\"width: 640px\" class=\"wp-caption aligncenter\"><img decoding=\"async\" src=\"https:\/\/destinocastillayleon.es\/index\/wp-content\/uploads\/2019\/05\/9a1a45c1804dc4cf8770ecdb07bad2c3.jpg\" alt=\"Bodegas subterr\u00e1neas en Moradillo de Roa - Destino Castilla y Le\u00f3n\" width=\"640\" class=\"size-full wp-image-30523\" srcset=\"https:\/\/destinocastillayleon.es\/index\/wp-content\/uploads\/2019\/05\/9a1a45c1804dc4cf8770ecdb07bad2c3.jpg 797w, https:\/\/destinocastillayleon.es\/index\/wp-content\/uploads\/2019\/05\/9a1a45c1804dc4cf8770ecdb07bad2c3-300x200.jpg 300w, https:\/\/destinocastillayleon.es\/index\/wp-content\/uploads\/2019\/05\/9a1a45c1804dc4cf8770ecdb07bad2c3-768x512.jpg 768w, https:\/\/destinocastillayleon.es\/index\/wp-content\/uploads\/2019\/05\/9a1a45c1804dc4cf8770ecdb07bad2c3-1024x682.jpg 1024w, https:\/\/destinocastillayleon.es\/index\/wp-content\/uploads\/2019\/05\/9a1a45c1804dc4cf8770ecdb07bad2c3-600x400.jpg 600w, https:\/\/destinocastillayleon.es\/index\/wp-content\/uploads\/2019\/05\/9a1a45c1804dc4cf8770ecdb07bad2c3-1200x800.jpg 1200w\" sizes=\"(max-width: 797px) 100vw, 797px\" \/><figcaption id=\"caption-attachment-30523\" class=\"wp-caption-text\">Bodegas subterr\u00e1neas en Moradillo de Roa &#8211; Destino Castilla y Le\u00f3n<\/figcaption><\/figure>\n<p>Este proyecto <strong>ha permitido rescatar la gran mayor\u00eda de estas bodegas. Particulares y ayuntamiento han colaborado para devolver el esplendor a este lugar, con la reutilizaci\u00f3n de los materiales tradicionales para lograr ese aspecto original<\/strong>. Adem\u00e1s, fruto de esta colaboraci\u00f3n, es posible realizar un recorrido guiado por algunas bodegas y lagares. Conocer y vivir la experiencia real de tener tan solo unas velas para iluminarte.<\/p>\n<h4><strong>Y despu\u00e9s de pasar una ma\u00f1ana de bodegas, la experiencia gastron\u00f3mica<\/strong><\/h4>\n<p>Asociado a este proyecto, desde la asociaci\u00f3n que est\u00e1 gestionando este proyecto, pod\u00e9is disfrutar de una cata de vinos blancos de la Ribera del Duero. Que aunque es una denominaci\u00f3n de origen eminentemente de vinos tintos, desde Moradillo de Roa se llevan varios a\u00f1os elaborando vinos blancos con variedades aut\u00f3ctonas.<\/p>\n<p>Y luego, <strong>pod\u00e9is comer en el propio Moradillo de Roa. Nosotros lo hicimos en un restaurante local<\/strong>, La Posada de Moradillo; con comida casera, a buen precio y buena calidad. Nos decantamos por un men\u00fa, pero siempre pod\u00e9is disfrutar de alg\u00fan <a href=\"https:\/\/destinocastillayleon.es\/index\/asado-de-cordero-al-estilo-arandino\/\" rel=\"noopener noreferrer\" target=\"_blank\">lechazo asado al estilo arandino<\/a>. Simple, pero magn\u00edfico.<\/p>\n<h4><strong>Otros atractivos del entorno<\/strong><\/h4>\n<p>Pod\u00e9is completar la experiencia de enoturismo en la zona, <strong>visitando varios pueblos pr\u00f3ximos<\/strong>, empezando por <a href=\"https:\/\/destinocastillayleon.es\/index\/las-bodegas-subterraneas-de-aranda-de-duero\/\" rel=\"noopener noreferrer\" target=\"_blank\">Aranda de Duero<\/a>, con sus 7 kil\u00f3metros de bodegas subterr\u00e1neas; <a href=\"https:\/\/destinocastillayleon.es\/index\/guia-de-gumiel-de-izan\/\" rel=\"noopener noreferrer\" target=\"_blank\">Gumiel de Iz\u00e1n<\/a> y su catedral del vino. En Santa Cruz de Salcedo, visitar el Museo de los Aromas y tambi\u00e9n comer un rico asado en el <a href=\"https:\/\/destinoysabor.com\/blog\/hotel-las-baronas-de-santa-cruz-de-salcedo\/\" rel=\"noopener noreferrer\" target=\"_blank\">Hotel rural Las Baronas<\/a>; Visitar la aristocr\u00e1tica <a href=\"https:\/\/destinocastillayleon.es\/index\/penaranda-de-duero\/\" rel=\"noopener noreferrer\" target=\"_blank\">Pe\u00f1aranda de Duero<\/a>,&#8230;<\/p>\n<figure id=\"attachment_32702\" aria-describedby=\"caption-attachment-32702\" style=\"width: 640px\" class=\"wp-caption aligncenter\"><img decoding=\"async\" src=\"https:\/\/destinocastillayleon.es\/index\/wp-content\/uploads\/2017\/06\/11fe2c343090648424e8ee983a161a80.jpg\" alt=\"M\u00e1s destinos pr\u00f3ximos a Moradillo de Roa en la Ribera del Duero Burgalesa - Destino Castilla y Le\u00f3n\" width=\"640\" height=\"427\" class=\"size-full wp-image-32702\" srcset=\"https:\/\/destinocastillayleon.es\/index\/wp-content\/uploads\/2017\/06\/11fe2c343090648424e8ee983a161a80.jpg 640w, https:\/\/destinocastillayleon.es\/index\/wp-content\/uploads\/2017\/06\/11fe2c343090648424e8ee983a161a80-300x200.jpg 300w, https:\/\/destinocastillayleon.es\/index\/wp-content\/uploads\/2017\/06\/11fe2c343090648424e8ee983a161a80-600x400.jpg 600w\" sizes=\"(max-width: 640px) 100vw, 640px\" \/><figcaption id=\"caption-attachment-32702\" class=\"wp-caption-text\">M\u00e1s destinos pr\u00f3ximos a Moradillo de Roa en la Ribera del Duero Burgalesa &#8211; Destino Castilla y Le\u00f3n<\/figcaption><\/figure>\n<p>Y ya veis, <strong>que no faltan motivos para visitar esta zona de la Ribera del Duero<\/strong>. Y desde el pasado 9 de mayo, adem\u00e1s con <strong>un reconocimiento merecido por parte de la Uni\u00f3n Europea para este proyecto de restauraci\u00f3n del patrimonio<\/strong>, que en definitiva, nos pertenece a todos.<\/p>\n<p>Y vosotros,<strong> \u00bfConoc\u00edas el premio Europa Nostra concedido a Moradillo de Roa? \u00bfY el pueblo en s\u00ed?<\/strong> Contadnos qu\u00e9 m\u00e1s cosas aconsejar\u00edas visitar en Moradillo de Roa o su entorno.<\/p>\n<h4>Tambi\u00e9n te puede interesar<\/h4>\n<ul>\n<li><a href=\"https:\/\/destinocastillayleon.es\/index\/yacimientos-romanos-en-castilla-y-leon\/\">Yacimientos romanos en Castilla y Le\u00f3n, patrimonio hist\u00f3rico visitable<\/a>.<\/li>\n<li><a href=\"https:\/\/destinocastillayleon.es\/index\/el-cotarro-ribera-del-duero-burgalesa\/\">\u201cEl Cotarro\u201d, un barrio de bodegas singular en la Ribera del Duero burgalesa<\/a>.<\/li>\n<li><a href=\"https:\/\/destinocastillayleon.es\/index\/emprendedores-del-abadengo\/\">\u201cSalvemos lo nuestro\u201d la campa\u00f1a para salvar a los emprendedores del Abadengo<\/a>.<\/li>\n<\/ul>\n","protected":false},"excerpt":{"rendered":"<p>Te contamos el premio otorgado por la Uni\u00f3n Europea, a trav\u00e9s de los premios Europa Nostra 2020 a las Bodegas de Moradillo de Roa en la categor\u00eda de restauraci\u00f3n patrimonial en la Ribera del Duero burgalesa.<\/p>\n","protected":false},"author":2,"featured_media":30523,"comment_status":"open","ping_status":"closed","sticky":false,"template":"","format":"standard","meta":{"rop_custom_images_group":[],"rop_custom_messages_group":[],"rop_publish_now":"initial","rop_publish_now_accounts":{"twitter_1150954226_1150954226":""},"rop_publish_now_history":[],"rop_publish_now_status":"pending","footnotes":""},"categories":[77,4720,48,5511,68],"tags":[93,5881,5882,5880,5768],"class_list":["post-32692","post","type-post","status-publish","format-standard","has-post-thumbnail","hentry","category-actualidad-y-agenda-de-castilla-y-leon","category-burgos-actualidad","category-enoturismo","category-no-rescatar-en-rrss","category-post_inicial","tag-enoturismo-2","tag-moradillo-de-roa","tag-patrimonio","tag-premios-europa-nostra","tag-ribera-del-duero-burgalesa"],"yoast_head":"<!-- This site is optimized with the Yoast SEO Premium plugin v20.4 (Yoast SEO v27.4) - https:\/\/yoast.com\/product\/yoast-seo-premium-wordpress\/ -->\n<title>Premios Europa Nostra al Patrimonio Europeo a Moradillo de Roa<\/title>\n<meta name=\"description\" content=\"Te contamos el premio otorgado por la Uni\u00f3n Europea, a trav\u00e9s de los premios Europa Nostra 2020 a las Bodegas de Moradillo de Roa\" \/>\n<meta name=\"robots\" content=\"index, follow, max-snippet:-1, max-image-preview:large, max-video-preview:-1\" \/>\n<link rel=\"canonical\" href=\"https:\/\/destinocastillayleon.es\/index\/premios-europa-nostra-2020\/\" \/>\n<meta property=\"og:locale\" content=\"es_ES\" \/>\n<meta property=\"og:type\" content=\"article\" \/>\n<meta property=\"og:title\" content=\"Premios Europa Nostra al Patrimonio Europeo de las Bodegas de Moradillo de Roa - Destino Castilla y Le\u00f3n\" \/>\n<meta property=\"og:description\" content=\"Te contamos el premio otorgado por la Uni\u00f3n Europea, a trav\u00e9s de los premios Europa Nostra 2020 a las Bodegas de Moradillo de Roa en la categor\u00eda de restauraci\u00f3n patrimonial en la Ribera del Duero burgalesa.\" \/>\n<meta property=\"og:url\" content=\"https:\/\/destinocastillayleon.es\/index\/premios-europa-nostra-2020\/\" \/>\n<meta property=\"og:site_name\" content=\"Destino Castilla y Le\u00f3n\" \/>\n<meta property=\"article:publisher\" content=\"https:\/\/www.facebook.com\/DestinoCastillaYLeon\/\" \/>\n<meta property=\"article:author\" content=\"https:\/\/www.facebook.com\/profile.php?id=1158416854\" \/>\n<meta property=\"article:published_time\" content=\"2020-05-13T06:39:20+00:00\" \/>\n<meta property=\"og:image\" content=\"https:\/\/destinocastillayleon.es\/index\/wp-content\/uploads\/2019\/05\/9a1a45c1804dc4cf8770ecdb07bad2c3.jpg\" \/>\n\t<meta property=\"og:image:width\" content=\"797\" \/>\n\t<meta property=\"og:image:height\" content=\"531\" \/>\n\t<meta property=\"og:image:type\" content=\"image\/jpeg\" \/>\n<meta name=\"author\" content=\"David V\u00e1zquez\" \/>\n<meta name=\"twitter:card\" content=\"summary_large_image\" \/>\n<meta name=\"twitter:title\" content=\"Premios Europa Nostra al Patrimonio Europeo de las Bodegas de Moradillo de Roa - Destino Castilla y Le\u00f3n\" \/>\n<meta name=\"twitter:description\" content=\"Te contamos el premio otorgado por la Uni\u00f3n Europea, a trav\u00e9s de los premios Europa Nostra 2020 a las Bodegas de Moradillo de Roa en la categor\u00eda de restauraci\u00f3n patrimonial en la Ribera del Duero burgalesa.\" \/>\n<meta name=\"twitter:creator\" content=\"@https:\/\/twitter.com\/ContePantaleone\u200e\" \/>\n<meta name=\"twitter:site\" content=\"@destinocyl\" \/>\n<meta name=\"twitter:label1\" content=\"Escrito por\" \/>\n\t<meta name=\"twitter:data1\" content=\"David V\u00e1zquez\" \/>\n\t<meta name=\"twitter:label2\" content=\"Tiempo de lectura\" \/>\n\t<meta name=\"twitter:data2\" content=\"8 minutos\" \/>\n<script type=\"application\/ld+json\" class=\"yoast-schema-graph\">{\"@context\":\"https:\\\/\\\/schema.org\",\"@graph\":[{\"@type\":\"Article\",\"@id\":\"https:\\\/\\\/destinocastillayleon.es\\\/index\\\/premios-europa-nostra-2020\\\/#article\",\"isPartOf\":{\"@id\":\"https:\\\/\\\/destinocastillayleon.es\\\/index\\\/premios-europa-nostra-2020\\\/\"},\"author\":{\"name\":\"David V\u00e1zquez\",\"@id\":\"https:\\\/\\\/destinocastillayleon.es\\\/index\\\/#\\\/schema\\\/person\\\/189221bc8f6cc4fa28b18ad5c289d4c2\"},\"headline\":\"Premios Europa Nostra al Patrimonio Europeo de las Bodegas de Moradillo de Roa\",\"datePublished\":\"2020-05-13T06:39:20+00:00\",\"mainEntityOfPage\":{\"@id\":\"https:\\\/\\\/destinocastillayleon.es\\\/index\\\/premios-europa-nostra-2020\\\/\"},\"wordCount\":1639,\"commentCount\":2,\"image\":{\"@id\":\"https:\\\/\\\/destinocastillayleon.es\\\/index\\\/premios-europa-nostra-2020\\\/#primaryimage\"},\"thumbnailUrl\":\"https:\\\/\\\/destinocastillayleon.es\\\/index\\\/wp-content\\\/uploads\\\/2019\\\/05\\\/9a1a45c1804dc4cf8770ecdb07bad2c3.jpg\",\"keywords\":[\"enoturismo\",\"Moradillo de Roa\",\"patrimonio\",\"premios Europa Nostra\",\"Ribera del Duero Burgalesa\"],\"articleSection\":[\"Actualidad\",\"burgos actualidad\",\"enoturismo\",\"No rescatar en RRSS\",\"Post_inicial\"],\"inLanguage\":\"es\",\"potentialAction\":[{\"@type\":\"CommentAction\",\"name\":\"Comment\",\"target\":[\"https:\\\/\\\/destinocastillayleon.es\\\/index\\\/premios-europa-nostra-2020\\\/#respond\"]}]},{\"@type\":\"WebPage\",\"@id\":\"https:\\\/\\\/destinocastillayleon.es\\\/index\\\/premios-europa-nostra-2020\\\/\",\"url\":\"https:\\\/\\\/destinocastillayleon.es\\\/index\\\/premios-europa-nostra-2020\\\/\",\"name\":\"Premios Europa Nostra al Patrimonio Europeo a Moradillo de Roa\",\"isPartOf\":{\"@id\":\"https:\\\/\\\/destinocastillayleon.es\\\/index\\\/#website\"},\"primaryImageOfPage\":{\"@id\":\"https:\\\/\\\/destinocastillayleon.es\\\/index\\\/premios-europa-nostra-2020\\\/#primaryimage\"},\"image\":{\"@id\":\"https:\\\/\\\/destinocastillayleon.es\\\/index\\\/premios-europa-nostra-2020\\\/#primaryimage\"},\"thumbnailUrl\":\"https:\\\/\\\/destinocastillayleon.es\\\/index\\\/wp-content\\\/uploads\\\/2019\\\/05\\\/9a1a45c1804dc4cf8770ecdb07bad2c3.jpg\",\"datePublished\":\"2020-05-13T06:39:20+00:00\",\"author\":{\"@id\":\"https:\\\/\\\/destinocastillayleon.es\\\/index\\\/#\\\/schema\\\/person\\\/189221bc8f6cc4fa28b18ad5c289d4c2\"},\"description\":\"Te contamos el premio otorgado por la Uni\u00f3n Europea, a trav\u00e9s de los premios Europa Nostra 2020 a las Bodegas de Moradillo de Roa\",\"breadcrumb\":{\"@id\":\"https:\\\/\\\/destinocastillayleon.es\\\/index\\\/premios-europa-nostra-2020\\\/#breadcrumb\"},\"inLanguage\":\"es\",\"potentialAction\":[{\"@type\":\"ReadAction\",\"target\":[\"https:\\\/\\\/destinocastillayleon.es\\\/index\\\/premios-europa-nostra-2020\\\/\"]}]},{\"@type\":\"ImageObject\",\"inLanguage\":\"es\",\"@id\":\"https:\\\/\\\/destinocastillayleon.es\\\/index\\\/premios-europa-nostra-2020\\\/#primaryimage\",\"url\":\"https:\\\/\\\/destinocastillayleon.es\\\/index\\\/wp-content\\\/uploads\\\/2019\\\/05\\\/9a1a45c1804dc4cf8770ecdb07bad2c3.jpg\",\"contentUrl\":\"https:\\\/\\\/destinocastillayleon.es\\\/index\\\/wp-content\\\/uploads\\\/2019\\\/05\\\/9a1a45c1804dc4cf8770ecdb07bad2c3.jpg\",\"width\":797,\"height\":531,\"caption\":\"Bodegas subterr\u00e1neas en Moradillo de Roa - Destino Castilla y Le\u00f3n\"},{\"@type\":\"BreadcrumbList\",\"@id\":\"https:\\\/\\\/destinocastillayleon.es\\\/index\\\/premios-europa-nostra-2020\\\/#breadcrumb\",\"itemListElement\":[{\"@type\":\"ListItem\",\"position\":1,\"name\":\"Portada\",\"item\":\"https:\\\/\\\/destinocastillayleon.es\\\/index\\\/\"},{\"@type\":\"ListItem\",\"position\":2,\"name\":\"Premios Europa Nostra al Patrimonio Europeo de las Bodegas de Moradillo de Roa\"}]},{\"@type\":\"WebSite\",\"@id\":\"https:\\\/\\\/destinocastillayleon.es\\\/index\\\/#website\",\"url\":\"https:\\\/\\\/destinocastillayleon.es\\\/index\\\/\",\"name\":\"Destino Castilla y Le\u00f3n\",\"description\":\"Medio digital independiente y revista de Castilla y Le\u00f3n dedicado al turismo, gastronom\u00eda y vino de Castilla y Le\u00f3n\",\"potentialAction\":[{\"@type\":\"SearchAction\",\"target\":{\"@type\":\"EntryPoint\",\"urlTemplate\":\"https:\\\/\\\/destinocastillayleon.es\\\/index\\\/?s={search_term_string}\"},\"query-input\":{\"@type\":\"PropertyValueSpecification\",\"valueRequired\":true,\"valueName\":\"search_term_string\"}}],\"inLanguage\":\"es\"},{\"@type\":\"Person\",\"@id\":\"https:\\\/\\\/destinocastillayleon.es\\\/index\\\/#\\\/schema\\\/person\\\/189221bc8f6cc4fa28b18ad5c289d4c2\",\"name\":\"David V\u00e1zquez\",\"image\":{\"@type\":\"ImageObject\",\"inLanguage\":\"es\",\"@id\":\"https:\\\/\\\/secure.gravatar.com\\\/avatar\\\/cd12db6c575a90c3b75cfa0f794b74d425201c768612fad17e9f13cd33d48be8?s=96&d=mm&r=g\",\"url\":\"https:\\\/\\\/secure.gravatar.com\\\/avatar\\\/cd12db6c575a90c3b75cfa0f794b74d425201c768612fad17e9f13cd33d48be8?s=96&d=mm&r=g\",\"contentUrl\":\"https:\\\/\\\/secure.gravatar.com\\\/avatar\\\/cd12db6c575a90c3b75cfa0f794b74d425201c768612fad17e9f13cd33d48be8?s=96&d=mm&r=g\",\"caption\":\"David V\u00e1zquez\"},\"description\":\"Ingeniero Industrial de vocaci\u00f3n y profesi\u00f3n, he encontrado en los blogs la forma de plasmar mi pasi\u00f3n por los viajes, la gastronom\u00eda y los vinos. Especialmente los procedentes de Castilla y Le\u00f3n\",\"sameAs\":[\"https:\\\/\\\/www.destinocastillayleon.es\",\"https:\\\/\\\/www.facebook.com\\\/profile.php?id=1158416854\",\"https:\\\/\\\/instagram.com\\\/conte.pantaleone\",\"https:\\\/\\\/www.linkedin.com\\\/pub\\\/david-vazquez-lozano\\\/37\\\/17a\\\/25a\",\"https:\\\/\\\/x.com\\\/https:\\\/\\\/twitter.com\\\/ContePantaleone\u200e\"],\"url\":\"https:\\\/\\\/destinocastillayleon.es\\\/index\\\/author\\\/coadministradorcyl\\\/\"}]}<\/script>\n<!-- \/ Yoast SEO Premium plugin. -->","yoast_head_json":{"title":"Premios Europa Nostra al Patrimonio Europeo a Moradillo de Roa","description":"Te contamos el premio otorgado por la Uni\u00f3n Europea, a trav\u00e9s de los premios Europa Nostra 2020 a las Bodegas de Moradillo de Roa","robots":{"index":"index","follow":"follow","max-snippet":"max-snippet:-1","max-image-preview":"max-image-preview:large","max-video-preview":"max-video-preview:-1"},"canonical":"https:\/\/destinocastillayleon.es\/index\/premios-europa-nostra-2020\/","og_locale":"es_ES","og_type":"article","og_title":"Premios Europa Nostra al Patrimonio Europeo de las Bodegas de Moradillo de Roa - Destino Castilla y Le\u00f3n","og_description":"Te contamos el premio otorgado por la Uni\u00f3n Europea, a trav\u00e9s de los premios Europa Nostra 2020 a las Bodegas de Moradillo de Roa en la categor\u00eda de restauraci\u00f3n patrimonial en la Ribera del Duero burgalesa.","og_url":"https:\/\/destinocastillayleon.es\/index\/premios-europa-nostra-2020\/","og_site_name":"Destino Castilla y Le\u00f3n","article_publisher":"https:\/\/www.facebook.com\/DestinoCastillaYLeon\/","article_author":"https:\/\/www.facebook.com\/profile.php?id=1158416854","article_published_time":"2020-05-13T06:39:20+00:00","og_image":[{"width":797,"height":531,"url":"https:\/\/destinocastillayleon.es\/index\/wp-content\/uploads\/2019\/05\/9a1a45c1804dc4cf8770ecdb07bad2c3.jpg","type":"image\/jpeg"}],"author":"David V\u00e1zquez","twitter_card":"summary_large_image","twitter_title":"Premios Europa Nostra al Patrimonio Europeo de las Bodegas de Moradillo de Roa - Destino Castilla y Le\u00f3n","twitter_description":"Te contamos el premio otorgado por la Uni\u00f3n Europea, a trav\u00e9s de los premios Europa Nostra 2020 a las Bodegas de Moradillo de Roa en la categor\u00eda de restauraci\u00f3n patrimonial en la Ribera del Duero burgalesa.","twitter_creator":"@https:\/\/twitter.com\/ContePantaleone\u200e","twitter_site":"@destinocyl","twitter_misc":{"Escrito por":"David V\u00e1zquez","Tiempo de lectura":"8 minutos"},"schema":{"@context":"https:\/\/schema.org","@graph":[{"@type":"Article","@id":"https:\/\/destinocastillayleon.es\/index\/premios-europa-nostra-2020\/#article","isPartOf":{"@id":"https:\/\/destinocastillayleon.es\/index\/premios-europa-nostra-2020\/"},"author":{"name":"David V\u00e1zquez","@id":"https:\/\/destinocastillayleon.es\/index\/#\/schema\/person\/189221bc8f6cc4fa28b18ad5c289d4c2"},"headline":"Premios Europa Nostra al Patrimonio Europeo de las Bodegas de Moradillo de Roa","datePublished":"2020-05-13T06:39:20+00:00","mainEntityOfPage":{"@id":"https:\/\/destinocastillayleon.es\/index\/premios-europa-nostra-2020\/"},"wordCount":1639,"commentCount":2,"image":{"@id":"https:\/\/destinocastillayleon.es\/index\/premios-europa-nostra-2020\/#primaryimage"},"thumbnailUrl":"https:\/\/destinocastillayleon.es\/index\/wp-content\/uploads\/2019\/05\/9a1a45c1804dc4cf8770ecdb07bad2c3.jpg","keywords":["enoturismo","Moradillo de Roa","patrimonio","premios Europa Nostra","Ribera del Duero Burgalesa"],"articleSection":["Actualidad","burgos actualidad","enoturismo","No rescatar en RRSS","Post_inicial"],"inLanguage":"es","potentialAction":[{"@type":"CommentAction","name":"Comment","target":["https:\/\/destinocastillayleon.es\/index\/premios-europa-nostra-2020\/#respond"]}]},{"@type":"WebPage","@id":"https:\/\/destinocastillayleon.es\/index\/premios-europa-nostra-2020\/","url":"https:\/\/destinocastillayleon.es\/index\/premios-europa-nostra-2020\/","name":"Premios Europa Nostra al Patrimonio Europeo a Moradillo de Roa","isPartOf":{"@id":"https:\/\/destinocastillayleon.es\/index\/#website"},"primaryImageOfPage":{"@id":"https:\/\/destinocastillayleon.es\/index\/premios-europa-nostra-2020\/#primaryimage"},"image":{"@id":"https:\/\/destinocastillayleon.es\/index\/premios-europa-nostra-2020\/#primaryimage"},"thumbnailUrl":"https:\/\/destinocastillayleon.es\/index\/wp-content\/uploads\/2019\/05\/9a1a45c1804dc4cf8770ecdb07bad2c3.jpg","datePublished":"2020-05-13T06:39:20+00:00","author":{"@id":"https:\/\/destinocastillayleon.es\/index\/#\/schema\/person\/189221bc8f6cc4fa28b18ad5c289d4c2"},"description":"Te contamos el premio otorgado por la Uni\u00f3n Europea, a trav\u00e9s de los premios Europa Nostra 2020 a las Bodegas de Moradillo de Roa","breadcrumb":{"@id":"https:\/\/destinocastillayleon.es\/index\/premios-europa-nostra-2020\/#breadcrumb"},"inLanguage":"es","potentialAction":[{"@type":"ReadAction","target":["https:\/\/destinocastillayleon.es\/index\/premios-europa-nostra-2020\/"]}]},{"@type":"ImageObject","inLanguage":"es","@id":"https:\/\/destinocastillayleon.es\/index\/premios-europa-nostra-2020\/#primaryimage","url":"https:\/\/destinocastillayleon.es\/index\/wp-content\/uploads\/2019\/05\/9a1a45c1804dc4cf8770ecdb07bad2c3.jpg","contentUrl":"https:\/\/destinocastillayleon.es\/index\/wp-content\/uploads\/2019\/05\/9a1a45c1804dc4cf8770ecdb07bad2c3.jpg","width":797,"height":531,"caption":"Bodegas subterr\u00e1neas en Moradillo de Roa - Destino Castilla y Le\u00f3n"},{"@type":"BreadcrumbList","@id":"https:\/\/destinocastillayleon.es\/index\/premios-europa-nostra-2020\/#breadcrumb","itemListElement":[{"@type":"ListItem","position":1,"name":"Portada","item":"https:\/\/destinocastillayleon.es\/index\/"},{"@type":"ListItem","position":2,"name":"Premios Europa Nostra al Patrimonio Europeo de las Bodegas de Moradillo de Roa"}]},{"@type":"WebSite","@id":"https:\/\/destinocastillayleon.es\/index\/#website","url":"https:\/\/destinocastillayleon.es\/index\/","name":"Destino Castilla y Le\u00f3n","description":"Medio digital independiente y revista de Castilla y Le\u00f3n dedicado al turismo, gastronom\u00eda y vino de Castilla y Le\u00f3n","potentialAction":[{"@type":"SearchAction","target":{"@type":"EntryPoint","urlTemplate":"https:\/\/destinocastillayleon.es\/index\/?s={search_term_string}"},"query-input":{"@type":"PropertyValueSpecification","valueRequired":true,"valueName":"search_term_string"}}],"inLanguage":"es"},{"@type":"Person","@id":"https:\/\/destinocastillayleon.es\/index\/#\/schema\/person\/189221bc8f6cc4fa28b18ad5c289d4c2","name":"David V\u00e1zquez","image":{"@type":"ImageObject","inLanguage":"es","@id":"https:\/\/secure.gravatar.com\/avatar\/cd12db6c575a90c3b75cfa0f794b74d425201c768612fad17e9f13cd33d48be8?s=96&d=mm&r=g","url":"https:\/\/secure.gravatar.com\/avatar\/cd12db6c575a90c3b75cfa0f794b74d425201c768612fad17e9f13cd33d48be8?s=96&d=mm&r=g","contentUrl":"https:\/\/secure.gravatar.com\/avatar\/cd12db6c575a90c3b75cfa0f794b74d425201c768612fad17e9f13cd33d48be8?s=96&d=mm&r=g","caption":"David V\u00e1zquez"},"description":"Ingeniero Industrial de vocaci\u00f3n y profesi\u00f3n, he encontrado en los blogs la forma de plasmar mi pasi\u00f3n por los viajes, la gastronom\u00eda y los vinos. Especialmente los procedentes de Castilla y Le\u00f3n","sameAs":["https:\/\/www.destinocastillayleon.es","https:\/\/www.facebook.com\/profile.php?id=1158416854","https:\/\/instagram.com\/conte.pantaleone","https:\/\/www.linkedin.com\/pub\/david-vazquez-lozano\/37\/17a\/25a","https:\/\/x.com\/https:\/\/twitter.com\/ContePantaleone\u200e"],"url":"https:\/\/destinocastillayleon.es\/index\/author\/coadministradorcyl\/"}]}},"_links":{"self":[{"href":"https:\/\/destinocastillayleon.es\/index\/wp-json\/wp\/v2\/posts\/32692","targetHints":{"allow":["GET"]}}],"collection":[{"href":"https:\/\/destinocastillayleon.es\/index\/wp-json\/wp\/v2\/posts"}],"about":[{"href":"https:\/\/destinocastillayleon.es\/index\/wp-json\/wp\/v2\/types\/post"}],"author":[{"embeddable":true,"href":"https:\/\/destinocastillayleon.es\/index\/wp-json\/wp\/v2\/users\/2"}],"replies":[{"embeddable":true,"href":"https:\/\/destinocastillayleon.es\/index\/wp-json\/wp\/v2\/comments?post=32692"}],"version-history":[{"count":12,"href":"https:\/\/destinocastillayleon.es\/index\/wp-json\/wp\/v2\/posts\/32692\/revisions"}],"predecessor-version":[{"id":32710,"href":"https:\/\/destinocastillayleon.es\/index\/wp-json\/wp\/v2\/posts\/32692\/revisions\/32710"}],"wp:featuredmedia":[{"embeddable":true,"href":"https:\/\/destinocastillayleon.es\/index\/wp-json\/wp\/v2\/media\/30523"}],"wp:attachment":[{"href":"https:\/\/destinocastillayleon.es\/index\/wp-json\/wp\/v2\/media?parent=32692"}],"wp:term":[{"taxonomy":"category","embeddable":true,"href":"https:\/\/destinocastillayleon.es\/index\/wp-json\/wp\/v2\/categories?post=32692"},{"taxonomy":"post_tag","embeddable":true,"href":"https:\/\/destinocastillayleon.es\/index\/wp-json\/wp\/v2\/tags?post=32692"}],"curies":[{"name":"wp","href":"https:\/\/api.w.org\/{rel}","templated":true}]}}