{"id":32630,"date":"2020-04-30T08:19:34","date_gmt":"2020-04-30T06:19:34","guid":{"rendered":"https:\/\/destinocastillayleon.es\/index\/?p=32630"},"modified":"2020-05-06T10:25:15","modified_gmt":"2020-05-06T08:25:15","slug":"emprendedores-del-abadengo","status":"publish","type":"post","link":"https:\/\/destinocastillayleon.es\/index\/emprendedores-del-abadengo\/","title":{"rendered":"\u00abSalvemos lo nuestro\u00bb la campa\u00f1a para salvar a los emprendedores del Abadengo"},"content":{"rendered":"<p>El COVID-19 ha paralizado la econom\u00eda de todo el pa\u00eds pero un grupo de <strong>emprendedores del Abadengo, una comarca de Salamanca<\/strong> en los Arribes del Duero se resisten a perder su trabajo. Bajo el lema <strong>\u00abSalvemos lo nuestro\u00bb, <\/strong>la iniciativa\u00a0permite <strong>la compra solidaria de<\/strong> <strong>un bono prepago <\/strong>en alojamiento y restauraci\u00f3n de la zona a canjear cuando la situaci\u00f3n se normalice.<\/p>\n<h2><strong>Campa\u00f1a: \u00abSalvemos lo nuestro\u00bb<\/strong><\/h2>\n<p>La campa\u00f1a \u2018Salvemos lo nuestro\u2019, tiene por objetivo lograr el apoyo y el impulso necesario de la sociedad que permita la recuperaci\u00f3n econ\u00f3mica de las empresas adheridas.<\/p>\n<p>La iniciativa propone <strong>comprar ahora de una manera solidaria, <\/strong>ya que los establecimientos est\u00e1n cerrados, <strong>y consumir cuando la situaci\u00f3n se normalice<\/strong> dentro de los pr\u00f3ximos 3 a\u00f1os.<\/p>\n<p>La campa\u00f1a promovida por la almazara \u00abAceiteros del \u00c1gueda\u00bb en Ahigal de los Aceiteros (Salamanca) <strong>aglutina a las empresas gourmet, hosteler\u00eda y alojamientos de la comarca de Abadengo. <\/strong>Una zona especialmente bella y poco poblada, situada en los Arribes del Duero, muy pr\u00f3xima a Portugal.<\/p>\n<figure id=\"attachment_14021\" aria-describedby=\"caption-attachment-14021\" style=\"width: 709px\" class=\"wp-caption aligncenter\"><img decoding=\"async\" class=\"size-full wp-image-14021\" src=\"https:\/\/destinocastillayleon.es\/index\/wp-content\/uploads\/2014\/06\/a02f21354331a74d381edd00b2b14545.jpg\" alt=\"\" width=\"709\" height=\"531\" srcset=\"https:\/\/destinocastillayleon.es\/index\/wp-content\/uploads\/2014\/06\/a02f21354331a74d381edd00b2b14545.jpg 709w, https:\/\/destinocastillayleon.es\/index\/wp-content\/uploads\/2014\/06\/a02f21354331a74d381edd00b2b14545-300x224.jpg 300w\" sizes=\"(max-width: 709px) 100vw, 709px\" \/><figcaption id=\"caption-attachment-14021\" class=\"wp-caption-text\">Arribes del Duero, los fiordos de Espa\u00f1a<\/figcaption><\/figure>\n<p>Los productos gourmet como: <strong>Aceites de Oliva Virgen Extra, hornazos, vinos, quesos, embutidos de cerdo ib\u00e9rico o dulces t\u00edpicos como las perrunillas<\/strong> pueden adquirirse directamente a trav\u00e9s de la tienda online, llegando al domicilio de los consumidores a los pocos d\u00edas como cualquier otra compra online.<\/p>\n<figure id=\"attachment_32632\" aria-describedby=\"caption-attachment-32632\" style=\"width: 850px\" class=\"wp-caption aligncenter\"><img decoding=\"async\" class=\"size-full wp-image-32632\" src=\"https:\/\/destinocastillayleon.es\/index\/wp-content\/uploads\/2020\/04\/abade-y-arribera-petaca-y-estuches-mixtos-1-1.jpg\" alt=\"emprendedores del Abadengo\" title=\"Aceites de Oliva Virgen Extra que se incluyen en los bonos\" width=\"850\" height=\"479\" srcset=\"https:\/\/destinocastillayleon.es\/index\/wp-content\/uploads\/2020\/04\/abade-y-arribera-petaca-y-estuches-mixtos-1-1.jpg 850w, https:\/\/destinocastillayleon.es\/index\/wp-content\/uploads\/2020\/04\/abade-y-arribera-petaca-y-estuches-mixtos-1-1-300x169.jpg 300w, https:\/\/destinocastillayleon.es\/index\/wp-content\/uploads\/2020\/04\/abade-y-arribera-petaca-y-estuches-mixtos-1-1-768x433.jpg 768w\" sizes=\"(max-width: 850px) 100vw, 850px\" \/><figcaption id=\"caption-attachment-32632\" class=\"wp-caption-text\"><em>Aceites de Oliva Virgen Extra que se incluyen en los bonos<\/em><\/figcaption><\/figure>\n<p>En el caso de\u00a0<strong>restaurantes y alojamientos rurales<\/strong>, el bono tiene una\u00a0<strong>validez hasta diciembre de 2023<\/strong> y se puede utilizar, previa reserva, cuando pase la crisis sanitaria. Algunos de los establecimientos son:<\/p>\n<p>&#8211; <strong><a href=\"https:\/\/destinocastillayleon.es\/index\/alojarse-en-ahigal\/\">La posada de los Aceiteros<\/a><\/strong> (Ahigal de los Aceiteros)<\/p>\n<p>&#8211; <strong><a href=\"https:\/\/destinocastillayleon.es\/index\/oleoturismo-en-las-arribes-del-duero\/\">La almazara<\/strong> <strong>Aceiteros del \u00c1gueda<\/a> <\/strong>(Ahigal de los Aceiteros)<\/p>\n<p>&#8211; <strong>La bodega<\/strong> <strong>Quinta las Velas<\/strong> (Ahigal de los Aceiteros)<\/p>\n<p>&#8211; <strong>El hotel rura<\/strong>l <strong>Mesa del Conde<\/strong> (San Felices de los Gallegos).<\/p>\n<p>Todos los negocios de la zona que quieran adherirse a la campa\u00f1a pueden hacerlo sin ning\u00fan coste para ellos.<\/p>\n<p>Encuentra m\u00e1s informaci\u00f3n en la web <strong><a href=\"https:\/\/www.arribera.com\/tienda\/?product_cat=salvemos-lo-nuestro\">arribera.com<\/a><\/strong> o en las siguientes v\u00edas de contacto: <strong>Tel\u00e9fono:<\/strong> (+34) 649 340 382 o por <strong>correo electr\u00f3nico<\/strong> info@arribera.com<\/p>\n<p><strong>Desde Destino Castilla y Le\u00f3n os invitamos a apoyar esta iniciativa<\/strong> y a descubrir esta comarca salmantina tan verde y tan bonita que tanto <strong>nos recuerda a las \u00abHigh Lands\u00bb escocesas.<\/strong> Ya que no podremos viajar fuera, descubramos este hermoso y poco conocido territorio, y de paso ayudamos a los emprendedores del Abadengo.<\/p>\n<p>&nbsp;<\/p>\n<h4>Tambi\u00e9n te puede interesar&#8230;\u00a0<\/h4>\n<ul>\n<li><a href=\"https:\/\/destinocastillayleon.es\/index\/oleoturismo-en-las-arribes-del-duero\/\">Oleoturismo en las Arribes del Duero, disfrutar del aceite desde el origen<\/a>.<\/li>\n<li><a title=\"View Alojarse en la Posada de los Aceiteros de Ahigal de los Aceiteros, en las Arribes del Duero de Salamanca\" href=\"https:\/\/destinocastillayleon.es\/index\/alojarse-en-ahigal\/\" target=\"_self\" rel=\"bookmark noopener noreferrer\">Alojarse en la Posada de los Aceiteros de Ahigal de los Aceiteros, en las Arribes del Duero de Salamanca<\/a>.<\/li>\n<li><a title=\"View Gu\u00eda para viajar a Salamanca: una ruta imprescindible\" href=\"https:\/\/destinocastillayleon.es\/index\/guia-de-salamanca\/\" target=\"_self\" rel=\"bookmark noopener noreferrer\">Gu\u00eda para viajar a Salamanca: una ruta imprescindible<\/a>.<\/li>\n<li><a title=\"View 10 rincones ocultos para hacer turismo en Salamanca\" href=\"https:\/\/destinocastillayleon.es\/index\/turismo-en-salamanca\/\" target=\"_self\" rel=\"bookmark noopener noreferrer\">10 rincones ocultos para hacer turismo en Salamanca<\/a>.<\/li>\n<li><a title=\"View Vuelven las visitas nocturnas a la torre de la catedral de Salamanca\" href=\"https:\/\/destinocastillayleon.es\/index\/visitas-nocturnas-a-la-torre-de-la-catedral\/\" target=\"_self\" rel=\"bookmark noopener noreferrer\">Vuelven las visitas nocturnas a la torre de la catedral de Salamanca<\/a>.<\/li>\n<\/ul>\n","protected":false},"excerpt":{"rendered":"<p>\u00abSalvemos lo nuestro\u00bb la campa\u00f1a de los emprendedores del Abadengo para salvar la situaci\u00f3n en el medio rural de las Arribes del Duero.<\/p>\n","protected":false},"author":6,"featured_media":14759,"comment_status":"open","ping_status":"closed","sticky":false,"template":"","format":"standard","meta":{"rop_custom_images_group":[],"rop_custom_messages_group":[],"rop_publish_now":"initial","rop_publish_now_accounts":{"twitter_1150954226_1150954226":""},"rop_publish_now_history":[],"rop_publish_now_status":"pending","footnotes":""},"categories":[77,68,40,4797],"tags":[3530,5107,5241],"class_list":["post-32630","post","type-post","status-publish","format-standard","has-post-thumbnail","hentry","category-actualidad-y-agenda-de-castilla-y-leon","category-post_inicial","category-salamanca","category-salamanca-actualidad","tag-aceite-de-oliva-de-castilla-y-leon","tag-ahigal-de-los-aceiteros","tag-alojarse-en-ahigal-de-los-aceiteros"],"yoast_head":"<!-- This site is optimized with the Yoast SEO Premium plugin v20.4 (Yoast SEO v27.4) - https:\/\/yoast.com\/product\/yoast-seo-premium-wordpress\/ -->\n<title>&quot;Salvemos lo nuestro&quot; la campa\u00f1a de los emprendedores del Abadengo<\/title>\n<meta name=\"description\" content=\"&quot;Salvemos lo nuestro&quot; la campa\u00f1a de los emprendedores del Abadengo para salvar la situaci\u00f3n en el medio rural de las Arribes del Duero.\" \/>\n<meta name=\"robots\" content=\"index, follow, max-snippet:-1, max-image-preview:large, max-video-preview:-1\" \/>\n<link rel=\"canonical\" href=\"https:\/\/destinocastillayleon.es\/index\/emprendedores-del-abadengo\/\" \/>\n<meta property=\"og:locale\" content=\"es_ES\" \/>\n<meta property=\"og:type\" content=\"article\" \/>\n<meta property=\"og:title\" content=\"&quot;Salvemos lo nuestro&quot; la campa\u00f1a de los emprendedores del Abadengo\" \/>\n<meta property=\"og:description\" content=\"&quot;Salvemos lo nuestro&quot; la campa\u00f1a de los emprendedores del Abadengo para salvar la situaci\u00f3n en el medio rural de las Arribes del Duero.\" \/>\n<meta property=\"og:url\" content=\"https:\/\/destinocastillayleon.es\/index\/emprendedores-del-abadengo\/\" \/>\n<meta property=\"og:site_name\" content=\"Destino Castilla y Le\u00f3n\" \/>\n<meta property=\"article:publisher\" content=\"https:\/\/www.facebook.com\/DestinoCastillaYLeon\/\" \/>\n<meta property=\"article:published_time\" content=\"2020-04-30T06:19:34+00:00\" \/>\n<meta property=\"article:modified_time\" content=\"2020-05-06T08:25:15+00:00\" \/>\n<meta property=\"og:image\" content=\"https:\/\/destinocastillayleon.es\/index\/wp-content\/uploads\/2014\/07\/Arribes-del-Duero.png\" \/>\n\t<meta property=\"og:image:width\" content=\"800\" \/>\n\t<meta property=\"og:image:height\" content=\"478\" \/>\n\t<meta property=\"og:image:type\" content=\"image\/png\" \/>\n<meta name=\"author\" content=\"Lola Hernandez\" \/>\n<meta name=\"twitter:card\" content=\"summary_large_image\" \/>\n<meta name=\"twitter:title\" content=\"&quot;Salvemos lo nuestro&quot; la campa\u00f1a de los emprendedores del Abadengo\" \/>\n<meta name=\"twitter:description\" content=\"&quot;Salvemos lo nuestro&quot; la campa\u00f1a de los emprendedores del Abadengo para salvar la situaci\u00f3n en el medio rural de las Arribes del Duero.\" \/>\n<meta name=\"twitter:image\" content=\"https:\/\/destinocastillayleon.es\/index\/wp-content\/uploads\/2014\/07\/Arribes-del-Duero.png\" \/>\n<meta name=\"twitter:creator\" content=\"@destinocyl\" \/>\n<meta name=\"twitter:site\" content=\"@destinocyl\" \/>\n<meta name=\"twitter:label1\" content=\"Escrito por\" \/>\n\t<meta name=\"twitter:data1\" content=\"Lola Hernandez\" \/>\n\t<meta name=\"twitter:label2\" content=\"Tiempo de lectura\" \/>\n\t<meta name=\"twitter:data2\" content=\"3 minutos\" \/>\n<script type=\"application\/ld+json\" class=\"yoast-schema-graph\">{\"@context\":\"https:\\\/\\\/schema.org\",\"@graph\":[{\"@type\":\"Article\",\"@id\":\"https:\\\/\\\/destinocastillayleon.es\\\/index\\\/emprendedores-del-abadengo\\\/#article\",\"isPartOf\":{\"@id\":\"https:\\\/\\\/destinocastillayleon.es\\\/index\\\/emprendedores-del-abadengo\\\/\"},\"author\":{\"name\":\"Lola Hernandez\",\"@id\":\"https:\\\/\\\/destinocastillayleon.es\\\/index\\\/#\\\/schema\\\/person\\\/49ffcb7eb307589ba529009335ed7767\"},\"headline\":\"\u00abSalvemos lo nuestro\u00bb la campa\u00f1a para salvar a los emprendedores del Abadengo\",\"datePublished\":\"2020-04-30T06:19:34+00:00\",\"dateModified\":\"2020-05-06T08:25:15+00:00\",\"mainEntityOfPage\":{\"@id\":\"https:\\\/\\\/destinocastillayleon.es\\\/index\\\/emprendedores-del-abadengo\\\/\"},\"wordCount\":518,\"commentCount\":0,\"image\":{\"@id\":\"https:\\\/\\\/destinocastillayleon.es\\\/index\\\/emprendedores-del-abadengo\\\/#primaryimage\"},\"thumbnailUrl\":\"https:\\\/\\\/destinocastillayleon.es\\\/index\\\/wp-content\\\/uploads\\\/2014\\\/07\\\/Arribes-del-Duero.png\",\"keywords\":[\"aceite de oliva de Castilla y Le\u00f3n\",\"ahigal de los aceiteros\",\"Alojarse en Ahigal de los Aceiteros\"],\"articleSection\":[\"Actualidad\",\"Post_inicial\",\"Salamanca\",\"Salamanca actualidad\"],\"inLanguage\":\"es\",\"potentialAction\":[{\"@type\":\"CommentAction\",\"name\":\"Comment\",\"target\":[\"https:\\\/\\\/destinocastillayleon.es\\\/index\\\/emprendedores-del-abadengo\\\/#respond\"]}]},{\"@type\":\"WebPage\",\"@id\":\"https:\\\/\\\/destinocastillayleon.es\\\/index\\\/emprendedores-del-abadengo\\\/\",\"url\":\"https:\\\/\\\/destinocastillayleon.es\\\/index\\\/emprendedores-del-abadengo\\\/\",\"name\":\"\\\"Salvemos lo nuestro\\\" la campa\u00f1a de los emprendedores del Abadengo\",\"isPartOf\":{\"@id\":\"https:\\\/\\\/destinocastillayleon.es\\\/index\\\/#website\"},\"primaryImageOfPage\":{\"@id\":\"https:\\\/\\\/destinocastillayleon.es\\\/index\\\/emprendedores-del-abadengo\\\/#primaryimage\"},\"image\":{\"@id\":\"https:\\\/\\\/destinocastillayleon.es\\\/index\\\/emprendedores-del-abadengo\\\/#primaryimage\"},\"thumbnailUrl\":\"https:\\\/\\\/destinocastillayleon.es\\\/index\\\/wp-content\\\/uploads\\\/2014\\\/07\\\/Arribes-del-Duero.png\",\"datePublished\":\"2020-04-30T06:19:34+00:00\",\"dateModified\":\"2020-05-06T08:25:15+00:00\",\"author\":{\"@id\":\"https:\\\/\\\/destinocastillayleon.es\\\/index\\\/#\\\/schema\\\/person\\\/49ffcb7eb307589ba529009335ed7767\"},\"description\":\"\\\"Salvemos lo nuestro\\\" la campa\u00f1a de los emprendedores del Abadengo para salvar la situaci\u00f3n en el medio rural de las Arribes del Duero.\",\"breadcrumb\":{\"@id\":\"https:\\\/\\\/destinocastillayleon.es\\\/index\\\/emprendedores-del-abadengo\\\/#breadcrumb\"},\"inLanguage\":\"es\",\"potentialAction\":[{\"@type\":\"ReadAction\",\"target\":[\"https:\\\/\\\/destinocastillayleon.es\\\/index\\\/emprendedores-del-abadengo\\\/\"]}]},{\"@type\":\"ImageObject\",\"inLanguage\":\"es\",\"@id\":\"https:\\\/\\\/destinocastillayleon.es\\\/index\\\/emprendedores-del-abadengo\\\/#primaryimage\",\"url\":\"https:\\\/\\\/destinocastillayleon.es\\\/index\\\/wp-content\\\/uploads\\\/2014\\\/07\\\/Arribes-del-Duero.png\",\"contentUrl\":\"https:\\\/\\\/destinocastillayleon.es\\\/index\\\/wp-content\\\/uploads\\\/2014\\\/07\\\/Arribes-del-Duero.png\",\"width\":800,\"height\":478},{\"@type\":\"BreadcrumbList\",\"@id\":\"https:\\\/\\\/destinocastillayleon.es\\\/index\\\/emprendedores-del-abadengo\\\/#breadcrumb\",\"itemListElement\":[{\"@type\":\"ListItem\",\"position\":1,\"name\":\"Portada\",\"item\":\"https:\\\/\\\/destinocastillayleon.es\\\/index\\\/\"},{\"@type\":\"ListItem\",\"position\":2,\"name\":\"\u00abSalvemos lo nuestro\u00bb la campa\u00f1a para salvar a los emprendedores del Abadengo\"}]},{\"@type\":\"WebSite\",\"@id\":\"https:\\\/\\\/destinocastillayleon.es\\\/index\\\/#website\",\"url\":\"https:\\\/\\\/destinocastillayleon.es\\\/index\\\/\",\"name\":\"Destino Castilla y Le\u00f3n\",\"description\":\"Medio digital independiente y revista de Castilla y Le\u00f3n dedicado al turismo, gastronom\u00eda y vino de Castilla y Le\u00f3n\",\"potentialAction\":[{\"@type\":\"SearchAction\",\"target\":{\"@type\":\"EntryPoint\",\"urlTemplate\":\"https:\\\/\\\/destinocastillayleon.es\\\/index\\\/?s={search_term_string}\"},\"query-input\":{\"@type\":\"PropertyValueSpecification\",\"valueRequired\":true,\"valueName\":\"search_term_string\"}}],\"inLanguage\":\"es\"},{\"@type\":\"Person\",\"@id\":\"https:\\\/\\\/destinocastillayleon.es\\\/index\\\/#\\\/schema\\\/person\\\/49ffcb7eb307589ba529009335ed7767\",\"name\":\"Lola Hernandez\",\"image\":{\"@type\":\"ImageObject\",\"inLanguage\":\"es\",\"@id\":\"https:\\\/\\\/secure.gravatar.com\\\/avatar\\\/72ead65e55ad0522fba484acfe2842bf78b2f7c727df41d76fed78a85519da34?s=96&d=mm&r=g\",\"url\":\"https:\\\/\\\/secure.gravatar.com\\\/avatar\\\/72ead65e55ad0522fba484acfe2842bf78b2f7c727df41d76fed78a85519da34?s=96&d=mm&r=g\",\"contentUrl\":\"https:\\\/\\\/secure.gravatar.com\\\/avatar\\\/72ead65e55ad0522fba484acfe2842bf78b2f7c727df41d76fed78a85519da34?s=96&d=mm&r=g\",\"caption\":\"Lola Hernandez\"},\"description\":\"Lola Hern\u00e1ndez fue fundadora y directora de www.destinocastillayleon.es Escribiendo sobre turismo, gastronom\u00eda y vino de su tierra de origen, Castilla y Le\u00f3n.\",\"sameAs\":[\"http:\\\/\\\/www.destinoysabor.com\\\/blog\"],\"url\":\"https:\\\/\\\/destinocastillayleon.es\\\/index\\\/author\\\/lola-hernandez\\\/\"}]}<\/script>\n<!-- \/ Yoast SEO Premium plugin. -->","yoast_head_json":{"title":"\"Salvemos lo nuestro\" la campa\u00f1a de los emprendedores del Abadengo","description":"\"Salvemos lo nuestro\" la campa\u00f1a de los emprendedores del Abadengo para salvar la situaci\u00f3n en el medio rural de las Arribes del Duero.","robots":{"index":"index","follow":"follow","max-snippet":"max-snippet:-1","max-image-preview":"max-image-preview:large","max-video-preview":"max-video-preview:-1"},"canonical":"https:\/\/destinocastillayleon.es\/index\/emprendedores-del-abadengo\/","og_locale":"es_ES","og_type":"article","og_title":"\"Salvemos lo nuestro\" la campa\u00f1a de los emprendedores del Abadengo","og_description":"\"Salvemos lo nuestro\" la campa\u00f1a de los emprendedores del Abadengo para salvar la situaci\u00f3n en el medio rural de las Arribes del Duero.","og_url":"https:\/\/destinocastillayleon.es\/index\/emprendedores-del-abadengo\/","og_site_name":"Destino Castilla y Le\u00f3n","article_publisher":"https:\/\/www.facebook.com\/DestinoCastillaYLeon\/","article_published_time":"2020-04-30T06:19:34+00:00","article_modified_time":"2020-05-06T08:25:15+00:00","og_image":[{"width":800,"height":478,"url":"https:\/\/destinocastillayleon.es\/index\/wp-content\/uploads\/2014\/07\/Arribes-del-Duero.png","type":"image\/png"}],"author":"Lola Hernandez","twitter_card":"summary_large_image","twitter_title":"\"Salvemos lo nuestro\" la campa\u00f1a de los emprendedores del Abadengo","twitter_description":"\"Salvemos lo nuestro\" la campa\u00f1a de los emprendedores del Abadengo para salvar la situaci\u00f3n en el medio rural de las Arribes del Duero.","twitter_image":"https:\/\/destinocastillayleon.es\/index\/wp-content\/uploads\/2014\/07\/Arribes-del-Duero.png","twitter_creator":"@destinocyl","twitter_site":"@destinocyl","twitter_misc":{"Escrito por":"Lola Hernandez","Tiempo de lectura":"3 minutos"},"schema":{"@context":"https:\/\/schema.org","@graph":[{"@type":"Article","@id":"https:\/\/destinocastillayleon.es\/index\/emprendedores-del-abadengo\/#article","isPartOf":{"@id":"https:\/\/destinocastillayleon.es\/index\/emprendedores-del-abadengo\/"},"author":{"name":"Lola Hernandez","@id":"https:\/\/destinocastillayleon.es\/index\/#\/schema\/person\/49ffcb7eb307589ba529009335ed7767"},"headline":"\u00abSalvemos lo nuestro\u00bb la campa\u00f1a para salvar a los emprendedores del Abadengo","datePublished":"2020-04-30T06:19:34+00:00","dateModified":"2020-05-06T08:25:15+00:00","mainEntityOfPage":{"@id":"https:\/\/destinocastillayleon.es\/index\/emprendedores-del-abadengo\/"},"wordCount":518,"commentCount":0,"image":{"@id":"https:\/\/destinocastillayleon.es\/index\/emprendedores-del-abadengo\/#primaryimage"},"thumbnailUrl":"https:\/\/destinocastillayleon.es\/index\/wp-content\/uploads\/2014\/07\/Arribes-del-Duero.png","keywords":["aceite de oliva de Castilla y Le\u00f3n","ahigal de los aceiteros","Alojarse en Ahigal de los Aceiteros"],"articleSection":["Actualidad","Post_inicial","Salamanca","Salamanca actualidad"],"inLanguage":"es","potentialAction":[{"@type":"CommentAction","name":"Comment","target":["https:\/\/destinocastillayleon.es\/index\/emprendedores-del-abadengo\/#respond"]}]},{"@type":"WebPage","@id":"https:\/\/destinocastillayleon.es\/index\/emprendedores-del-abadengo\/","url":"https:\/\/destinocastillayleon.es\/index\/emprendedores-del-abadengo\/","name":"\"Salvemos lo nuestro\" la campa\u00f1a de los emprendedores del Abadengo","isPartOf":{"@id":"https:\/\/destinocastillayleon.es\/index\/#website"},"primaryImageOfPage":{"@id":"https:\/\/destinocastillayleon.es\/index\/emprendedores-del-abadengo\/#primaryimage"},"image":{"@id":"https:\/\/destinocastillayleon.es\/index\/emprendedores-del-abadengo\/#primaryimage"},"thumbnailUrl":"https:\/\/destinocastillayleon.es\/index\/wp-content\/uploads\/2014\/07\/Arribes-del-Duero.png","datePublished":"2020-04-30T06:19:34+00:00","dateModified":"2020-05-06T08:25:15+00:00","author":{"@id":"https:\/\/destinocastillayleon.es\/index\/#\/schema\/person\/49ffcb7eb307589ba529009335ed7767"},"description":"\"Salvemos lo nuestro\" la campa\u00f1a de los emprendedores del Abadengo para salvar la situaci\u00f3n en el medio rural de las Arribes del Duero.","breadcrumb":{"@id":"https:\/\/destinocastillayleon.es\/index\/emprendedores-del-abadengo\/#breadcrumb"},"inLanguage":"es","potentialAction":[{"@type":"ReadAction","target":["https:\/\/destinocastillayleon.es\/index\/emprendedores-del-abadengo\/"]}]},{"@type":"ImageObject","inLanguage":"es","@id":"https:\/\/destinocastillayleon.es\/index\/emprendedores-del-abadengo\/#primaryimage","url":"https:\/\/destinocastillayleon.es\/index\/wp-content\/uploads\/2014\/07\/Arribes-del-Duero.png","contentUrl":"https:\/\/destinocastillayleon.es\/index\/wp-content\/uploads\/2014\/07\/Arribes-del-Duero.png","width":800,"height":478},{"@type":"BreadcrumbList","@id":"https:\/\/destinocastillayleon.es\/index\/emprendedores-del-abadengo\/#breadcrumb","itemListElement":[{"@type":"ListItem","position":1,"name":"Portada","item":"https:\/\/destinocastillayleon.es\/index\/"},{"@type":"ListItem","position":2,"name":"\u00abSalvemos lo nuestro\u00bb la campa\u00f1a para salvar a los emprendedores del Abadengo"}]},{"@type":"WebSite","@id":"https:\/\/destinocastillayleon.es\/index\/#website","url":"https:\/\/destinocastillayleon.es\/index\/","name":"Destino Castilla y Le\u00f3n","description":"Medio digital independiente y revista de Castilla y Le\u00f3n dedicado al turismo, gastronom\u00eda y vino de Castilla y Le\u00f3n","potentialAction":[{"@type":"SearchAction","target":{"@type":"EntryPoint","urlTemplate":"https:\/\/destinocastillayleon.es\/index\/?s={search_term_string}"},"query-input":{"@type":"PropertyValueSpecification","valueRequired":true,"valueName":"search_term_string"}}],"inLanguage":"es"},{"@type":"Person","@id":"https:\/\/destinocastillayleon.es\/index\/#\/schema\/person\/49ffcb7eb307589ba529009335ed7767","name":"Lola Hernandez","image":{"@type":"ImageObject","inLanguage":"es","@id":"https:\/\/secure.gravatar.com\/avatar\/72ead65e55ad0522fba484acfe2842bf78b2f7c727df41d76fed78a85519da34?s=96&d=mm&r=g","url":"https:\/\/secure.gravatar.com\/avatar\/72ead65e55ad0522fba484acfe2842bf78b2f7c727df41d76fed78a85519da34?s=96&d=mm&r=g","contentUrl":"https:\/\/secure.gravatar.com\/avatar\/72ead65e55ad0522fba484acfe2842bf78b2f7c727df41d76fed78a85519da34?s=96&d=mm&r=g","caption":"Lola Hernandez"},"description":"Lola Hern\u00e1ndez fue fundadora y directora de www.destinocastillayleon.es Escribiendo sobre turismo, gastronom\u00eda y vino de su tierra de origen, Castilla y Le\u00f3n.","sameAs":["http:\/\/www.destinoysabor.com\/blog"],"url":"https:\/\/destinocastillayleon.es\/index\/author\/lola-hernandez\/"}]}},"_links":{"self":[{"href":"https:\/\/destinocastillayleon.es\/index\/wp-json\/wp\/v2\/posts\/32630","targetHints":{"allow":["GET"]}}],"collection":[{"href":"https:\/\/destinocastillayleon.es\/index\/wp-json\/wp\/v2\/posts"}],"about":[{"href":"https:\/\/destinocastillayleon.es\/index\/wp-json\/wp\/v2\/types\/post"}],"author":[{"embeddable":true,"href":"https:\/\/destinocastillayleon.es\/index\/wp-json\/wp\/v2\/users\/6"}],"replies":[{"embeddable":true,"href":"https:\/\/destinocastillayleon.es\/index\/wp-json\/wp\/v2\/comments?post=32630"}],"version-history":[{"count":10,"href":"https:\/\/destinocastillayleon.es\/index\/wp-json\/wp\/v2\/posts\/32630\/revisions"}],"predecessor-version":[{"id":32657,"href":"https:\/\/destinocastillayleon.es\/index\/wp-json\/wp\/v2\/posts\/32630\/revisions\/32657"}],"wp:featuredmedia":[{"embeddable":true,"href":"https:\/\/destinocastillayleon.es\/index\/wp-json\/wp\/v2\/media\/14759"}],"wp:attachment":[{"href":"https:\/\/destinocastillayleon.es\/index\/wp-json\/wp\/v2\/media?parent=32630"}],"wp:term":[{"taxonomy":"category","embeddable":true,"href":"https:\/\/destinocastillayleon.es\/index\/wp-json\/wp\/v2\/categories?post=32630"},{"taxonomy":"post_tag","embeddable":true,"href":"https:\/\/destinocastillayleon.es\/index\/wp-json\/wp\/v2\/tags?post=32630"}],"curies":[{"name":"wp","href":"https:\/\/api.w.org\/{rel}","templated":true}]}}