{"id":32019,"date":"2019-12-28T13:19:13","date_gmt":"2019-12-28T12:19:13","guid":{"rendered":"https:\/\/destinocastillayleon.es\/index\/?p=32019"},"modified":"2026-04-28T10:12:53","modified_gmt":"2026-04-28T08:12:53","slug":"que-ver-en-navas-del-marques","status":"publish","type":"post","link":"https:\/\/destinocastillayleon.es\/index\/que-ver-en-navas-del-marques\/","title":{"rendered":"Las Navas del Marqu\u00e9s, gastronom\u00eda y naturaleza para una escapada perfecta"},"content":{"rendered":"<p><strong>Las Navas del Marqu\u00e9s<\/strong> fue el lugar elegido por el marqu\u00e9s Don Pedro D\u00e1vila para construir su castillo-palacio de Magalia hacia el a\u00f1o 1540. Este castillo, muy bien conservado, es uno de los principales reclamos tur\u00edsticos de la localidad, pero no el \u00fanico. <strong>Su<\/strong> <strong>cercan\u00eda a Madrid<\/strong> (a 79 kms de la capital), su <strong>atractivo<\/strong> <strong>entorno natural <\/strong>(rodeado de inmensos bosques), <strong>su gastronom\u00eda, <\/strong>(m\u00e1s de una veintena de bares y restaurantes) y su<strong> animada vida social y cultural <\/strong>hacen de esta localidad abulense un lugar ideal para hacer una escapada cualquier fin de semana. O quedarse all\u00ed durante unos d\u00edas si lo que necesitas es darte un buen ba\u00f1o de naturaleza y relax.<\/p>\n<figure id=\"attachment_32030\" aria-describedby=\"caption-attachment-32030\" style=\"width: 1024px\" class=\"wp-caption aligncenter\"><img decoding=\"async\" class=\"wp-image-32030 size-large\" title=\"Plaza de Navas del Marqu\u00e9s donde se observa el conjunto arquitect\u00f3nico\" src=\"https:\/\/destinocastillayleon.es\/index\/wp-content\/uploads\/2019\/11\/c395309de4df3982d337f878ca95a032-1024x683.jpg\" alt=\"Plaza de Navas del Marqu\u00e9s donde se observa el conjunto arquitect\u00f3nico\" width=\"1024\" height=\"683\" srcset=\"https:\/\/destinocastillayleon.es\/index\/wp-content\/uploads\/2019\/11\/c395309de4df3982d337f878ca95a032-1024x683.jpg 1024w, https:\/\/destinocastillayleon.es\/index\/wp-content\/uploads\/2019\/11\/c395309de4df3982d337f878ca95a032-300x200.jpg 300w, https:\/\/destinocastillayleon.es\/index\/wp-content\/uploads\/2019\/11\/c395309de4df3982d337f878ca95a032-768x512.jpg 768w, https:\/\/destinocastillayleon.es\/index\/wp-content\/uploads\/2019\/11\/c395309de4df3982d337f878ca95a032-600x400.jpg 600w, https:\/\/destinocastillayleon.es\/index\/wp-content\/uploads\/2019\/11\/c395309de4df3982d337f878ca95a032.jpg 796w\" sizes=\"(max-width: 1024px) 100vw, 1024px\" \/><figcaption id=\"caption-attachment-32030\" class=\"wp-caption-text\"><em>Plaza de Navas del Marqu\u00e9s donde se observa su conjunto arquitect\u00f3nico<\/em><\/figcaption><\/figure>\n<p>A continuaci\u00f3n te damos las claves para visitar Las Navas del Marqu\u00e9s <strong>\u00a1Te va a encantar!<\/strong> Lo prometemos.<\/p>\n<h2><strong>Qu\u00e9 ver en Navas del Marqu\u00e9s<\/strong><\/h2>\n<p>Las Navas del Marqu\u00e9s ha sido durante siglos <strong>el lugar de descanso favorito de los D\u00e1vila,<\/strong> una de las familias m\u00e1s pudientes del pa\u00eds junto a la Casa de Alba. Y no es para menos, la belleza de su entorno natural, <strong>en plena Sierra de Malag\u00f3n, <\/strong>ofrece a quienes lo visitan una verdadera sensaci\u00f3n de paz y desconexi\u00f3n en un mar de bosques.<\/p>\n<p>Los principales puntos que puedes visitar son:<\/p>\n<h3><strong>Castillo-Palacio de Magalia<\/strong><\/h3>\n<p>Este <strong>castillo de estilo renacentista<\/strong> se encuentra<strong> muy bien conservado.<\/strong> Est\u00e1 asentado sobre rocas de granito y cuenta con <strong>dos b\u00f3vedas planas<\/strong> realizadas en piedra que supusieron una verdadera revoluci\u00f3n arquitect\u00f3nica cuando fueron construidas (y que en pocos lugares m\u00e1s podr\u00e1s verlas ya que suponen una \u00abrareza\u00bb para la \u00e9poca en la que se construy\u00f3 el castillo).<\/p>\n<figure id=\"attachment_32156\" aria-describedby=\"caption-attachment-32156\" style=\"width: 796px\" class=\"wp-caption aligncenter\"><img decoding=\"async\" class=\"size-full wp-image-32156\" src=\"https:\/\/destinocastillayleon.es\/index\/wp-content\/uploads\/2019\/12\/Castillo-Palacio-de-Magalia-1.jpg\" alt=\"Castillo-Palacio de Magalia en Navas del Marqu\u00e9s \u00c1vila\" width=\"796\" height=\"531\" srcset=\"https:\/\/destinocastillayleon.es\/index\/wp-content\/uploads\/2019\/12\/Castillo-Palacio-de-Magalia-1.jpg 796w, https:\/\/destinocastillayleon.es\/index\/wp-content\/uploads\/2019\/12\/Castillo-Palacio-de-Magalia-1-300x200.jpg 300w, https:\/\/destinocastillayleon.es\/index\/wp-content\/uploads\/2019\/12\/Castillo-Palacio-de-Magalia-1-768x512.jpg 768w, https:\/\/destinocastillayleon.es\/index\/wp-content\/uploads\/2019\/12\/Castillo-Palacio-de-Magalia-1-600x400.jpg 600w\" sizes=\"(max-width: 796px) 100vw, 796px\" \/><figcaption id=\"caption-attachment-32156\" class=\"wp-caption-text\">Castillo-Palacio de Magalia en Navas del Marqu\u00e9s \u00c1vila<\/figcaption><\/figure>\n<p>Por las paredes del castillo hay inscripciones que Don Pedro D\u00e1vila dej\u00f3 para la posteridad, algunas de ellas bastante curiosas. Cuenta con<strong> una biblioteca y una sala de reuniones<\/strong> en la que el expresidente del Gobierno, Felipe Gonz\u00e1lez, se reuni\u00f3 a puerta cerrada para tratar un tema complejo de la actualidad del momento. Podr\u00e1s ver tambi\u00e9n su patio<strong> porticado, la capilla<\/strong> (en el interior de una torre, algo curioso tambi\u00e9n) y algunas salas donde se conservan muebles antiguos y algunos objetos hist\u00f3ricos y de valor.<\/p>\n<figure id=\"attachment_32157\" aria-describedby=\"caption-attachment-32157\" style=\"width: 850px\" class=\"wp-caption aligncenter\"><img decoding=\"async\" class=\"wp-image-32157\" src=\"https:\/\/destinocastillayleon.es\/index\/wp-content\/uploads\/2019\/12\/IMG_8592-1.jpg\" alt=\"Patio porticado del Castillo Palacio de Magalia\" width=\"850\" height=\"567\" srcset=\"https:\/\/destinocastillayleon.es\/index\/wp-content\/uploads\/2019\/12\/IMG_8592-1.jpg 796w, https:\/\/destinocastillayleon.es\/index\/wp-content\/uploads\/2019\/12\/IMG_8592-1-300x200.jpg 300w, https:\/\/destinocastillayleon.es\/index\/wp-content\/uploads\/2019\/12\/IMG_8592-1-768x512.jpg 768w, https:\/\/destinocastillayleon.es\/index\/wp-content\/uploads\/2019\/12\/IMG_8592-1-600x400.jpg 600w\" sizes=\"(max-width: 850px) 100vw, 850px\" \/><figcaption id=\"caption-attachment-32157\" class=\"wp-caption-text\"><em>Patio porticado del Castillo Palacio de Magalia (Las Navas del Marqu\u00e9s-\u00c1vila)<\/em><\/figcaption><\/figure>\n<h3><strong>Visitas guiadas al castillo<\/strong>:<\/h3>\n<p>Se ofrecen visitas guiadas desde <strong><a href=\"https:\/\/turismolasnavas.es\/contactar\">la oficina de turismo<\/a> de Las Navas del Marqu\u00e9s<\/strong>. Direcci\u00f3n: Paseo de las Damas s\/n. <strong>Tel. 918 972 507. Tel. 918 972 000 Ext. 2404.<\/strong><\/p>\n<h4>Horario de las visitas guiadas al Castillo<\/h4>\n<ul>\n<li>Julio y agosto:<br \/>\nJueves\u00a0y s\u00e1bados\u00a010:00 y 11:15.<\/li>\n<li>Resto de meses:<br \/>\nS\u00e1bados\u00a012:30.<\/li>\n<\/ul>\n<h4>Horario de apertura del Castillo sin visita guiada<\/h4>\n<ul>\n<li>De lunes a viernes el patio y el jard\u00edn est\u00e1n abiertos de 8:00 a 22:00.<\/li>\n<li>Los fines de semana y festivos el jard\u00edn est\u00e1 abierto de 10:00 a 20:00<\/li>\n<\/ul>\n<p>La visita guiada al Castillo Palacio de Magalia (1 h. 20 min. de duraci\u00f3n) cuesta: 2 \u20ac\/adulto y 1,5 \u20ac\/ni\u00f1o (hasta 14 a\u00f1os incluidos). Entrada gratuita para ni\u00f1os menores de 6 a\u00f1os.<\/p>\n<h3><strong>FIMLasNavas, Festival Internacional de M\u00fasica<\/strong><\/h3>\n<p>Desde el 2010 se celebra en el castillo de Magalia el <strong>\u00ab<a href=\"https:\/\/turismolasnavas.es\/que-ver-y-que-hacer\/turismo-cultural\/festival-de-musica-vocal\">Festival Internacional de M\u00fasica<\/a>\u00bb <\/strong>al que acuden m\u00fasicos nacionales e internacionales de prestigio. Estas veladas musicales son maravillosas y muy recomendables. La entrada es libre hasta completar el aforo.<\/p>\n<figure id=\"attachment_32160\" aria-describedby=\"caption-attachment-32160\" style=\"width: 1021px\" class=\"wp-caption aligncenter\"><img decoding=\"async\" class=\"wp-image-32160 size-full\" src=\"https:\/\/destinocastillayleon.es\/index\/wp-content\/uploads\/2019\/12\/880f312fa0beffacc8ac7d877c87fc0f.jpg\" alt=\"Maestro Peter Phillips en el Festival Internacional de M\u00fasica de Las Navas del Marqu\u00e9s (1)\" width=\"1021\" height=\"682\" srcset=\"https:\/\/destinocastillayleon.es\/index\/wp-content\/uploads\/2019\/12\/880f312fa0beffacc8ac7d877c87fc0f.jpg 1021w, https:\/\/destinocastillayleon.es\/index\/wp-content\/uploads\/2019\/12\/880f312fa0beffacc8ac7d877c87fc0f-300x200.jpg 300w, https:\/\/destinocastillayleon.es\/index\/wp-content\/uploads\/2019\/12\/880f312fa0beffacc8ac7d877c87fc0f-768x513.jpg 768w, https:\/\/destinocastillayleon.es\/index\/wp-content\/uploads\/2019\/12\/880f312fa0beffacc8ac7d877c87fc0f-600x400.jpg 600w\" sizes=\"(max-width: 1021px) 100vw, 1021px\" \/><figcaption id=\"caption-attachment-32160\" class=\"wp-caption-text\"><em>Maestro Peter Phillips en el Festival Internacional de M\u00fasica de Las Navas del Marqu\u00e9s Fuente de la imagen: AVFotos.com<\/em><\/figcaption><\/figure>\n<h2><strong>Convento de Santo Domingo y San Pablo<\/strong><\/h2>\n<p>Como otros tantos edificios hist\u00f3ricos, el convento de Santo Domingo y San Pablo estuvo abandonado a su suerte desde su desamortizaci\u00f3n en el s.XIX hasta que fue declarado<strong> monumento hist\u00f3rico art\u00edstico en 1982.<\/strong> El Ayuntamiento de Las Navas del Marqu\u00e9s compr\u00f3 el convento al obispado en el 2004 y desde entonces se utiliza como <strong>espacio para exposiciones, conciertos y otras actividades. <\/strong>Principalmente acoge la exposici\u00f3n <strong>\u201cArtenavas\u201d,<\/strong> que cuenta con la participaci\u00f3n de escultores, pintores y otros artistas de primera l\u00ednea.<\/p>\n<figure id=\"attachment_32161\" aria-describedby=\"caption-attachment-32161\" style=\"width: 796px\" class=\"wp-caption aligncenter\"><img decoding=\"async\" class=\"wp-image-32161 size-full\" src=\"https:\/\/destinocastillayleon.es\/index\/wp-content\/uploads\/2019\/12\/IMG_8871.jpg\" alt=\"Convento de Santo Domingo y San Pablo\" width=\"796\" height=\"531\" srcset=\"https:\/\/destinocastillayleon.es\/index\/wp-content\/uploads\/2019\/12\/IMG_8871.jpg 796w, https:\/\/destinocastillayleon.es\/index\/wp-content\/uploads\/2019\/12\/IMG_8871-300x200.jpg 300w, https:\/\/destinocastillayleon.es\/index\/wp-content\/uploads\/2019\/12\/IMG_8871-768x512.jpg 768w, https:\/\/destinocastillayleon.es\/index\/wp-content\/uploads\/2019\/12\/IMG_8871-600x400.jpg 600w\" sizes=\"(max-width: 796px) 100vw, 796px\" \/><figcaption id=\"caption-attachment-32161\" class=\"wp-caption-text\"><em>Convento de Santo Domingo y San Pablo<\/em><\/figcaption><\/figure>\n<p><strong>De estilo herreriano,<\/strong> es una obra arquitect\u00f3nica notable. La<strong> fachada en piedra<\/strong> est\u00e1 decorada a base de placados de formas regulares. El interior, de planta de cruz latina,<strong> impresiona por su magnitud<\/strong> aunque no se conserva pr\u00e1cticamente nada de lo que en otro tiempo decor\u00f3 el templo.<\/p>\n<figure id=\"attachment_32162\" aria-describedby=\"caption-attachment-32162\" style=\"width: 708px\" class=\"wp-caption aligncenter\"><img decoding=\"async\" class=\"wp-image-32162 size-full\" src=\"https:\/\/destinocastillayleon.es\/index\/wp-content\/uploads\/2019\/12\/Interior_del_convento.jpg\" alt=\"Interior del Convento de Santo Domingo y San Pablo\" width=\"708\" height=\"531\" srcset=\"https:\/\/destinocastillayleon.es\/index\/wp-content\/uploads\/2019\/12\/Interior_del_convento.jpg 708w, https:\/\/destinocastillayleon.es\/index\/wp-content\/uploads\/2019\/12\/Interior_del_convento-300x225.jpg 300w, https:\/\/destinocastillayleon.es\/index\/wp-content\/uploads\/2019\/12\/Interior_del_convento-768x576.jpg 768w\" sizes=\"(max-width: 708px) 100vw, 708px\" \/><figcaption id=\"caption-attachment-32162\" class=\"wp-caption-text\"><em>Interior del Convento de Santo Domingo y San Pablo Fuente de la imagen: Wikipedia<\/em><\/figcaption><\/figure>\n<p>Desde la oficina de turismo se ofrecen visitas guiadas al convento junto a la visita al castillo de Magalia.<\/p>\n<h2><strong>Iglesias y ermitas de Las Navas del Marqu\u00e9s<\/strong><\/h2>\n<p>La visita al casco hist\u00f3rico se puede completar visitando las otras <strong>dos iglesias y dos ermitas<\/strong>\u00a0a las que podr\u00e1s acceder durante los horarios de culto (m\u00e1s otras dos ermitas peque\u00f1as que no mencionamos en este art\u00edculo).<\/p>\n<p>La<strong> Iglesia parroquial de San Juan Bautista <\/strong>del s. XVI, se encuentra junto al Castillo de Magalia (Plaza Vieja, 1).<\/p>\n<figure id=\"attachment_32163\" aria-describedby=\"caption-attachment-32163\" style=\"width: 796px\" class=\"wp-caption aligncenter\"><img decoding=\"async\" class=\"size-full wp-image-32163\" src=\"https:\/\/destinocastillayleon.es\/index\/wp-content\/uploads\/2019\/12\/IGLESIA-PARROQUIAL-DE-SAN-JUAN-BAUTISTA-1.jpg\" alt=\"IGLESIA PARROQUIAL DE SAN JUAN BAUTISTA \" width=\"796\" height=\"531\" srcset=\"https:\/\/destinocastillayleon.es\/index\/wp-content\/uploads\/2019\/12\/IGLESIA-PARROQUIAL-DE-SAN-JUAN-BAUTISTA-1.jpg 796w, https:\/\/destinocastillayleon.es\/index\/wp-content\/uploads\/2019\/12\/IGLESIA-PARROQUIAL-DE-SAN-JUAN-BAUTISTA-1-300x200.jpg 300w, https:\/\/destinocastillayleon.es\/index\/wp-content\/uploads\/2019\/12\/IGLESIA-PARROQUIAL-DE-SAN-JUAN-BAUTISTA-1-768x512.jpg 768w, https:\/\/destinocastillayleon.es\/index\/wp-content\/uploads\/2019\/12\/IGLESIA-PARROQUIAL-DE-SAN-JUAN-BAUTISTA-1-600x400.jpg 600w\" sizes=\"(max-width: 796px) 100vw, 796px\" \/><figcaption id=\"caption-attachment-32163\" class=\"wp-caption-text\"><em>Iglesia parroquial de San Juan Bautista\u00a0<\/em><\/figcaption><\/figure>\n<p>La<strong> ermita del Sant\u00edsimo Cristo de Gracia,<\/strong> con fachada de granito se construy\u00f3 a finales del siglo XV. En ella se encuentra el <strong>Cristo de Gracia<\/strong>,\u00a0<strong>el patr\u00f3n de la villa, <\/strong>que es honrado por la Cofrad\u00eda de los Ganaderos en las fiestas patronales (segunda semana de julio). Esta ermita se encuentra en la Plaza del Sant\u00edsimo Cristo de Gracia, 1.<\/p>\n<figure id=\"attachment_32164\" aria-describedby=\"caption-attachment-32164\" style=\"width: 850px\" class=\"wp-caption aligncenter\"><img decoding=\"async\" class=\"size-full wp-image-32164\" src=\"https:\/\/destinocastillayleon.es\/index\/wp-content\/uploads\/2019\/12\/5c3d5660f018eca20e48d4ac4260511d.jpg\" alt=\"Ermita del Santisimo Cristo de Gracia Fuente de la imagen: turismolasnavas.es\" width=\"850\" height=\"430\" srcset=\"https:\/\/destinocastillayleon.es\/index\/wp-content\/uploads\/2019\/12\/5c3d5660f018eca20e48d4ac4260511d.jpg 850w, https:\/\/destinocastillayleon.es\/index\/wp-content\/uploads\/2019\/12\/5c3d5660f018eca20e48d4ac4260511d-300x152.jpg 300w, https:\/\/destinocastillayleon.es\/index\/wp-content\/uploads\/2019\/12\/5c3d5660f018eca20e48d4ac4260511d-768x389.jpg 768w\" sizes=\"(max-width: 850px) 100vw, 850px\" \/><figcaption id=\"caption-attachment-32164\" class=\"wp-caption-text\"><em>Ermita del Santisimo Cristo de Gracia. Fuente de la imagen: turismolasnavas.es<\/em><\/figcaption><\/figure>\n<p>La <strong>ermita de San Antonio<\/strong>, construida en piedra, con cubierta a dos aguas y puerta adintelada, data de finales del siglo XIX y se encuentra a las afueras de Las Navas del Marqu\u00e9s.<\/p>\n<figure id=\"attachment_32166\" aria-describedby=\"caption-attachment-32166\" style=\"width: 850px\" class=\"wp-caption aligncenter\"><img decoding=\"async\" class=\"size-full wp-image-32166\" src=\"https:\/\/destinocastillayleon.es\/index\/wp-content\/uploads\/2019\/12\/48d903a48e2a20bd4fdacdb07cc4ea2d.jpg\" alt=\"Iglesia y ermita de Las Navas del Marqu\u00e9s (1)\" width=\"850\" height=\"478\" srcset=\"https:\/\/destinocastillayleon.es\/index\/wp-content\/uploads\/2019\/12\/48d903a48e2a20bd4fdacdb07cc4ea2d.jpg 850w, https:\/\/destinocastillayleon.es\/index\/wp-content\/uploads\/2019\/12\/48d903a48e2a20bd4fdacdb07cc4ea2d-300x169.jpg 300w, https:\/\/destinocastillayleon.es\/index\/wp-content\/uploads\/2019\/12\/48d903a48e2a20bd4fdacdb07cc4ea2d-768x432.jpg 768w\" sizes=\"(max-width: 850px) 100vw, 850px\" \/><figcaption id=\"caption-attachment-32166\" class=\"wp-caption-text\"><em>Iglesia y ermita de Las Navas del Marqu\u00e9s. Fuente de la imagen: turismolasnavas.es<\/em><\/figcaption><\/figure>\n<p>Y la <strong>iglesia de Ntra. Sra. de la Asunci\u00f3n, <\/strong>construida en 1954, evoca un cierto estilo colonial por su arquitectura y entorno. Se ubica en el llamado \u00abBarrio de la Estaci\u00f3n\u00bb.<\/p>\n<h2><strong>\u00abMirador Eiffel\u00bb en la ciudad Ducal<\/strong><\/h2>\n<p><strong>A finales del siglo XIX<\/strong>,\u00a0\u00c1ngela P\u00e9rez de Barradas, <strong>Duquesa de Medinaceli<\/strong> y XV Marquesa de Las Navas, orden\u00f3 construir junto a su chalet de recreo un lago, un teatro, fuentes y jard\u00edn bot\u00e1nico. Un lugar creado a capricho de la Duquesa que debi\u00f3 ser <strong>verdaderamente pintoresco<\/strong>\u00a0en un entorno id\u00edlico. Al estar rodeado de bosques, la duquesa mand\u00f3 levantar <strong>\u00abEl Mirador Eiffel\u00bb,<\/strong> una magn\u00edfica atalaya desde la que avistar posibles incendios.<\/p>\n<figure id=\"attachment_32167\" aria-describedby=\"caption-attachment-32167\" style=\"width: 354px\" class=\"wp-caption aligncenter\"><img decoding=\"async\" class=\"wp-image-32167 size-full\" src=\"https:\/\/destinocastillayleon.es\/index\/wp-content\/uploads\/2019\/12\/3bce17072221728923dad0becebfecf3.jpg\" alt=\"Mirador Eiffel en Las Navas del Marqu\u00e9s\" width=\"354\" height=\"531\" srcset=\"https:\/\/destinocastillayleon.es\/index\/wp-content\/uploads\/2019\/12\/3bce17072221728923dad0becebfecf3.jpg 354w, https:\/\/destinocastillayleon.es\/index\/wp-content\/uploads\/2019\/12\/3bce17072221728923dad0becebfecf3-200x300.jpg 200w\" sizes=\"(max-width: 354px) 100vw, 354px\" \/><figcaption id=\"caption-attachment-32167\" class=\"wp-caption-text\">Mirador Eiffel en Las Navas del Marqu\u00e9s<\/figcaption><\/figure>\n<p>Parad\u00f3jicamente, esta atalaya es lo \u00fanico que se conserva de todo aquello, ya que<strong> el chalet de recreo<\/strong> (construido en madera siguiendo el estilo n\u00f3rdico) <strong>sufri\u00f3 un grave incendio<\/strong> que lo hizo desaparecer. Hoy se denomina <strong>\u00abMirador Eiffel\u00bb\u00a0<\/strong> a esta torre porque fue encargada al taller del famoso arquitecto de la torre de Par\u00eds.<\/p>\n<figure id=\"attachment_32159\" aria-describedby=\"caption-attachment-32159\" style=\"width: 796px\" class=\"wp-caption aligncenter\"><img decoding=\"async\" class=\"size-full wp-image-32159\" src=\"https:\/\/destinocastillayleon.es\/index\/wp-content\/uploads\/2019\/12\/IMG_8660.jpg\" alt=\"Mar de bosques en Navas del Marqu\u00e9s\" width=\"796\" height=\"531\" srcset=\"https:\/\/destinocastillayleon.es\/index\/wp-content\/uploads\/2019\/12\/IMG_8660.jpg 796w, https:\/\/destinocastillayleon.es\/index\/wp-content\/uploads\/2019\/12\/IMG_8660-300x200.jpg 300w, https:\/\/destinocastillayleon.es\/index\/wp-content\/uploads\/2019\/12\/IMG_8660-768x512.jpg 768w, https:\/\/destinocastillayleon.es\/index\/wp-content\/uploads\/2019\/12\/IMG_8660-600x400.jpg 600w\" sizes=\"(max-width: 796px) 100vw, 796px\" \/><figcaption id=\"caption-attachment-32159\" class=\"wp-caption-text\">Mar de bosques en Navas del Marqu\u00e9s<\/figcaption><\/figure>\n<p>Este mirador te permitir\u00e1 tener<strong>\u00a0una de las mejores vistas de las sierras de Gredos y Guadarrama,<\/strong> los pinares que lo rodean y <strong>el jard\u00edn bot\u00e1nico de la Duquesa<\/strong> que se encuentra a sus pies. Merece la pena subir hasta \u00e9l y relajarse contemplando el paisaje. Para acceder al \u00abMirador Eiffel\u00bb <strong>debes llegar a la Ciudad Ducal <\/strong>(una urbanizaci\u00f3n de chalets), siguiendo las indicaciones de <a href=\"https:\/\/goo.gl\/maps\/ybioSPUtHRQbdgRt7\">Google Maps<\/a>.<\/p>\n<h2><strong>Senderismo en Las Navas del Marqu\u00e9s<\/strong><\/h2>\n<p>Las Navas del Marqu\u00e9s cuenta con uno de los <strong>entornos naturales m\u00e1s interesantes y bellos de la zona. <\/strong>Destaca por la gran variedad de especies arb\u00f3reas de sus bosques, siendo el hogar de aves en peligro de extinci\u00f3n como el <strong>\u00c1guila Imperial Ib\u00e9rica y la Cig\u00fce\u00f1a Negra.<\/strong><\/p>\n<p>Hay <strong>varias rutas de senderismo<\/strong> bien se\u00f1alizadas para los amantes de esta actividad. Si deseas realizar alguna, te recomendamos visitar la oficina de turismo donde te proporcionar\u00e1n un mapa de las diferentes sendas.<\/p>\n<h3>Ruta por las necr\u00f3polis de Las Navas del Marqu\u00e9s<\/h3>\n<p>Hay personas a las que les apasionan este tipo de <strong>tumbas horadadas en la piedra<\/strong> (ese es nuestro caso) y otras a las que no les dicen nada. Si te apetece <strong>caminar por los alrededores del pueblo<\/strong>, visitar alguna de estas sepulturas altomedievales no te llevar\u00e1 mucho tiempo ya que est\u00e1n <strong>a pocos kil\u00f3metros de la localidad. <\/strong><\/p>\n<p><strong>Existen 3 conjuntos de sepulturas antropomorfas excavadas en la roca. <\/strong>La primera necr\u00f3polis se encuentra situada a 2 Km. de la Iglesia de San Juan Bautista, cerca de la carretera que enlaza la villa con Peguerinos, junto a la llamada \u201ccurva de la Povea\u201d, y se conoce coloquialmente como \u201cLa Sepultura del Moro\u201d.<\/p>\n<figure id=\"attachment_32171\" aria-describedby=\"caption-attachment-32171\" style=\"width: 850px\" class=\"wp-caption aligncenter\"><img decoding=\"async\" class=\"size-full wp-image-32171\" src=\"https:\/\/destinocastillayleon.es\/index\/wp-content\/uploads\/2019\/12\/c4642b3b8cd30914a4190503205c8c47.jpg\" alt=\"necr\u00f3polis de Las Navas del Marqu\u00e9s\" width=\"850\" height=\"301\" srcset=\"https:\/\/destinocastillayleon.es\/index\/wp-content\/uploads\/2019\/12\/c4642b3b8cd30914a4190503205c8c47.jpg 850w, https:\/\/destinocastillayleon.es\/index\/wp-content\/uploads\/2019\/12\/c4642b3b8cd30914a4190503205c8c47-300x106.jpg 300w, https:\/\/destinocastillayleon.es\/index\/wp-content\/uploads\/2019\/12\/c4642b3b8cd30914a4190503205c8c47-768x272.jpg 768w\" sizes=\"(max-width: 850px) 100vw, 850px\" \/><figcaption id=\"caption-attachment-32171\" class=\"wp-caption-text\"><em>necr\u00f3polis de Las Navas del Marqu\u00e9s<\/em><\/figcaption><\/figure>\n<p>El segundo grupo de tumbas se halla<strong> a 1 km aproximadamente<\/strong> de \u00e9ste conjunto. El tercero, lo encontrar\u00e1s a 4 km. de Navalperal de Pinares, en la zona conocida como La Retuerta.<\/p>\n<h3>La ruta de los Trece Roeles<\/h3>\n<p>Se trata de <strong>una ruta sencilla y muy bonita<\/strong> si lo que quieres hacer es un recorrido corto (<strong>2,4 kms) <\/strong>y de dificultad baja (ideal para hacer con ni\u00f1os) que te llevar\u00e1 unos <strong>40 min. de ida y 40 min de vuelta<\/strong> aproximadamente.\u00a0 Fue dise\u00f1ada por el Ayuntamiento de Las Navas del Marqu\u00e9s y por la Sociedad Montes de las Navas S.A cono parte del proyecto<strong> \u00abRutas Saludables por las Navas\u00bb, <\/strong>una serie de rutas enfocadas a la promoci\u00f3n de la salud recorriendo sus bosques.<\/p>\n<figure id=\"attachment_32173\" aria-describedby=\"caption-attachment-32173\" style=\"width: 850px\" class=\"wp-caption aligncenter\"><img decoding=\"async\" class=\"size-full wp-image-32173\" src=\"https:\/\/destinocastillayleon.es\/index\/wp-content\/uploads\/2019\/12\/Mirador-de-los-13-roeles-1.jpg\" alt=\"Mirador de los trece roeles\" width=\"850\" height=\"568\" srcset=\"https:\/\/destinocastillayleon.es\/index\/wp-content\/uploads\/2019\/12\/Mirador-de-los-13-roeles-1.jpg 850w, https:\/\/destinocastillayleon.es\/index\/wp-content\/uploads\/2019\/12\/Mirador-de-los-13-roeles-1-300x200.jpg 300w, https:\/\/destinocastillayleon.es\/index\/wp-content\/uploads\/2019\/12\/Mirador-de-los-13-roeles-1-768x513.jpg 768w, https:\/\/destinocastillayleon.es\/index\/wp-content\/uploads\/2019\/12\/Mirador-de-los-13-roeles-1-600x400.jpg 600w\" sizes=\"(max-width: 850px) 100vw, 850px\" \/><figcaption id=\"caption-attachment-32173\" class=\"wp-caption-text\"><em>Piedra de los trece roeles<\/em><\/figcaption><\/figure>\n<p>La ruta parte desde <strong>el cartel de inicio,<\/strong> transcurre por un tramo de pinares, tiene una peque\u00f1a subida al Canchal, se llega al mirador, se camina hasta<strong> la piedra de los trece roeles<\/strong> y se llega hasta las ruinas de la Casa Grande. Ah\u00ed finaliza la ruta, que al no ser circular, se debe regresar nuevamente al punto de partida.<\/p>\n<h3>Rutas de la Dehesa Boyal y el P\u00e1ramo<\/h3>\n<p>Ambas rutas (ruta larga 11 kms y ruta corta 4 kms) parten del noroeste de Las Navas del Marqu\u00e9s, zona de robledales y pastos. Dos sendas que recompensan al caminante constantemente con maravillosas vistas naturales.<\/p>\n<figure id=\"attachment_32174\" aria-describedby=\"caption-attachment-32174\" style=\"width: 850px\" class=\"wp-caption aligncenter\"><img decoding=\"async\" class=\"size-full wp-image-32174\" src=\"https:\/\/destinocastillayleon.es\/index\/wp-content\/uploads\/2019\/12\/Fuente-del-toril-1.jpg\" alt=\"Fuente del Toril - Rutas de la Dehesa Boyal y el P\u00e1ramo Dehesa Boyal y P\u00e1ramo \" width=\"850\" height=\"568\" srcset=\"https:\/\/destinocastillayleon.es\/index\/wp-content\/uploads\/2019\/12\/Fuente-del-toril-1.jpg 850w, https:\/\/destinocastillayleon.es\/index\/wp-content\/uploads\/2019\/12\/Fuente-del-toril-1-300x200.jpg 300w, https:\/\/destinocastillayleon.es\/index\/wp-content\/uploads\/2019\/12\/Fuente-del-toril-1-768x513.jpg 768w, https:\/\/destinocastillayleon.es\/index\/wp-content\/uploads\/2019\/12\/Fuente-del-toril-1-600x400.jpg 600w\" sizes=\"(max-width: 850px) 100vw, 850px\" \/><figcaption id=\"caption-attachment-32174\" class=\"wp-caption-text\"><em>Fuente del Toril &#8211; Rutas de la Dehesa Boyal y el P\u00e1ramo Dehesa Boyal y P\u00e1ramo<\/em><\/figcaption><\/figure>\n<h3>La ruta de las esculturas<\/h3>\n<p>Se trata de una senda de dificuldad media &#8211; baja, de unos 2 kms de recorrido (1h y 30 min) que transcurre por una de las zonas con mayor valor ambiental de la localidad haciendo disfrutar al caminante de<strong> diferentes obras de arte<\/strong> a lo largo del paseo.<\/p>\n<figure id=\"attachment_32175\" aria-describedby=\"caption-attachment-32175\" style=\"width: 850px\" class=\"wp-caption aligncenter\"><img decoding=\"async\" class=\"size-full wp-image-32175\" src=\"https:\/\/destinocastillayleon.es\/index\/wp-content\/uploads\/2019\/12\/a210d3deab30513012bb5cf3a02b07f1.jpg\" alt=\"ruta de las esculturas en Navas del Marqu\u00e9s (1)\" width=\"850\" height=\"568\" srcset=\"https:\/\/destinocastillayleon.es\/index\/wp-content\/uploads\/2019\/12\/a210d3deab30513012bb5cf3a02b07f1.jpg 850w, https:\/\/destinocastillayleon.es\/index\/wp-content\/uploads\/2019\/12\/a210d3deab30513012bb5cf3a02b07f1-300x200.jpg 300w, https:\/\/destinocastillayleon.es\/index\/wp-content\/uploads\/2019\/12\/a210d3deab30513012bb5cf3a02b07f1-768x513.jpg 768w, https:\/\/destinocastillayleon.es\/index\/wp-content\/uploads\/2019\/12\/a210d3deab30513012bb5cf3a02b07f1-600x400.jpg 600w\" sizes=\"(max-width: 850px) 100vw, 850px\" \/><figcaption id=\"caption-attachment-32175\" class=\"wp-caption-text\"><em>Ruta de las esculturas en Navas del Marqu\u00e9s. Fuente de la imagen: turismolasnavas.es<\/em><\/figcaption><\/figure>\n<p>Si te animas a realizar esta ruta podr\u00e1s ver 9 obras escult\u00f3ricas de car\u00e1cter permanente, dentro de una<strong> senda circular que transcurre dentro del robledal de Las Navas del Marqu\u00e9s.<\/strong> Esta ruta viene a ampliar y enriquecer la oferta tur\u00edstica de la villa, manteniendo la autenticidad del lugar y de sus recursos paisaj\u00edsticos.<\/p>\n<p>Encuentra <strong>m\u00e1s informaci\u00f3n <a href=\"https:\/\/turismolasnavas.es\/rutas\/ruta-de-las-esculturas\">aqu\u00ed<\/a><\/strong><\/p>\n<h3>La ruta de los Riscos y las Atalayas<\/h3>\n<p>Con una longitud superior a los 12 kms, esta ruta circular enlaza caminos y sendas que transcurren por riscos y cerros que constituyen elevaciones naturales en forma de magn\u00edficos miradores. La dificultad es media.<\/p>\n<figure id=\"attachment_32176\" aria-describedby=\"caption-attachment-32176\" style=\"width: 850px\" class=\"wp-caption aligncenter\"><img decoding=\"async\" class=\"size-full wp-image-32176\" src=\"https:\/\/destinocastillayleon.es\/index\/wp-content\/uploads\/2019\/12\/Ruta-de-los-Riscos-y-Las-Atalayas-1.jpg\" alt=\"Ruta de los Riscos y Las Atalayas (1)\" width=\"850\" height=\"568\" srcset=\"https:\/\/destinocastillayleon.es\/index\/wp-content\/uploads\/2019\/12\/Ruta-de-los-Riscos-y-Las-Atalayas-1.jpg 850w, https:\/\/destinocastillayleon.es\/index\/wp-content\/uploads\/2019\/12\/Ruta-de-los-Riscos-y-Las-Atalayas-1-300x200.jpg 300w, https:\/\/destinocastillayleon.es\/index\/wp-content\/uploads\/2019\/12\/Ruta-de-los-Riscos-y-Las-Atalayas-1-768x513.jpg 768w, https:\/\/destinocastillayleon.es\/index\/wp-content\/uploads\/2019\/12\/Ruta-de-los-Riscos-y-Las-Atalayas-1-600x400.jpg 600w\" sizes=\"(max-width: 850px) 100vw, 850px\" \/><figcaption id=\"caption-attachment-32176\" class=\"wp-caption-text\">Ruta de los Riscos y Las Atalayas. Fuente de la imagen: turismolasnavas.es<\/figcaption><\/figure>\n<p>Puedes encontrar m\u00e1s informaci\u00f3n <strong><a href=\"https:\/\/turismolasnavas.es\/rutas\/riscos-y-atalayas\">aqu\u00ed<\/a><\/strong><\/p>\n<h2><strong>Jornadas de la Micolog\u00eda y Micoturismo<\/strong><\/h2>\n<p>Las <strong>Jornadas de la Micolog\u00eda de Las Navas del Marqu\u00e9s,<\/strong> que ya van por su <strong><a href=\"https:\/\/lasnavasdelmarques.es\/agenda\/2019\/xvi-jornadas-micologicas\">XVI edici\u00f3n<\/a>,<\/strong> son toda una tradici\u00f3n en el municipio. Estas jornadas se inician con un una serie de ponencias te\u00f3ricas sobre micolog\u00eda en el Ayuntamiento de la localidad. Al d\u00eda siguiente los participantes<strong> salen al monte a recolectar hongos<\/strong> de la mano de un gu\u00eda experto.<\/p>\n<figure id=\"attachment_32180\" aria-describedby=\"caption-attachment-32180\" style=\"width: 1024px\" class=\"wp-caption aligncenter\"><img decoding=\"async\" class=\"size-full wp-image-32180\" src=\"https:\/\/destinocastillayleon.es\/index\/wp-content\/uploads\/2019\/12\/IMG_8523.jpg\" alt=\"Recolecci\u00f3n de setas en Las Navas del Marqu\u00e9s\" width=\"1024\" height=\"683\" srcset=\"https:\/\/destinocastillayleon.es\/index\/wp-content\/uploads\/2019\/12\/IMG_8523.jpg 1024w, https:\/\/destinocastillayleon.es\/index\/wp-content\/uploads\/2019\/12\/IMG_8523-300x200.jpg 300w, https:\/\/destinocastillayleon.es\/index\/wp-content\/uploads\/2019\/12\/IMG_8523-768x512.jpg 768w, https:\/\/destinocastillayleon.es\/index\/wp-content\/uploads\/2019\/12\/IMG_8523-600x400.jpg 600w\" sizes=\"(max-width: 1024px) 100vw, 1024px\" \/><figcaption id=\"caption-attachment-32180\" class=\"wp-caption-text\"><em>Recolecci\u00f3n de setas en las Jornadas de Micolog\u00eda de Las Navas del Marqu\u00e9s<\/em><\/figcaption><\/figure>\n<p>Por la tarde se muestra una <strong>gran exposici\u00f3n de setas <\/strong>recogidas en la salida al campo. <strong>Al d\u00eda siguiente, las charlas se vuelven m\u00e1s pr\u00e1cticas<\/strong> y en ellas se explican, por ejemplo, c\u00f3mo armonizar el consumo de vino y de hongos, la tradici\u00f3n de las setas en la gastronom\u00eda japonesa o <strong>c\u00f3mo llevar la micolog\u00eda a nuestro recetario cotidiano.\u00a0<\/strong><\/p>\n<figure id=\"attachment_32179\" aria-describedby=\"caption-attachment-32179\" style=\"width: 796px\" class=\"wp-caption aligncenter\"><img decoding=\"async\" class=\"size-full wp-image-32179\" src=\"https:\/\/destinocastillayleon.es\/index\/wp-content\/uploads\/2019\/12\/IMG_8761.jpg\" alt=\"Exposici\u00f3n de setas en las Jornadas de la Micolog\u00eda en Navas del Marqu\u00e9s\" width=\"796\" height=\"531\" srcset=\"https:\/\/destinocastillayleon.es\/index\/wp-content\/uploads\/2019\/12\/IMG_8761.jpg 796w, https:\/\/destinocastillayleon.es\/index\/wp-content\/uploads\/2019\/12\/IMG_8761-300x200.jpg 300w, https:\/\/destinocastillayleon.es\/index\/wp-content\/uploads\/2019\/12\/IMG_8761-768x512.jpg 768w, https:\/\/destinocastillayleon.es\/index\/wp-content\/uploads\/2019\/12\/IMG_8761-600x400.jpg 600w\" sizes=\"(max-width: 796px) 100vw, 796px\" \/><figcaption id=\"caption-attachment-32179\" class=\"wp-caption-text\"><em>Exposici\u00f3n de setas en las Jornadas de la Micolog\u00eda\u00a0<\/em><\/figcaption><\/figure>\n<p>Los bosques de Las Navas del Marqu\u00e9s son el escenario id\u00f3neo para la recogida de setas en oto\u00f1o. Una afici\u00f3n que a\u00f1o tras a\u00f1o va en aumento.<\/p>\n<blockquote><p>Cada vez son m\u00e1s los viajeros que se acercan a la localidad en busca del sosiego y la tranquilidad de sus pinares, que en el oto\u00f1o muestran todo su esplendor con olores y colores de lo m\u00e1s gratificantes para los sentidos<\/p><\/blockquote>\n<figure id=\"attachment_32184\" aria-describedby=\"caption-attachment-32184\" style=\"width: 796px\" class=\"wp-caption aligncenter\"><img decoding=\"async\" class=\"size-full wp-image-32184\" src=\"https:\/\/destinocastillayleon.es\/index\/wp-content\/uploads\/2019\/12\/IMG_8544-1.jpg\" alt=\"Recolecci\u00f3n de setas en las Jornadas de la micolog\u00eda de Las Navas del Marqu\u00e9s\" width=\"796\" height=\"531\" srcset=\"https:\/\/destinocastillayleon.es\/index\/wp-content\/uploads\/2019\/12\/IMG_8544-1.jpg 796w, https:\/\/destinocastillayleon.es\/index\/wp-content\/uploads\/2019\/12\/IMG_8544-1-300x200.jpg 300w, https:\/\/destinocastillayleon.es\/index\/wp-content\/uploads\/2019\/12\/IMG_8544-1-768x512.jpg 768w, https:\/\/destinocastillayleon.es\/index\/wp-content\/uploads\/2019\/12\/IMG_8544-1-600x400.jpg 600w\" sizes=\"(max-width: 796px) 100vw, 796px\" \/><figcaption id=\"caption-attachment-32184\" class=\"wp-caption-text\">Aprendiendo sobre los olores de las setas en las Jornadas de la micolog\u00eda de Las Navas del Marqu\u00e9s<\/figcaption><\/figure>\n<h2><strong>D\u00f3nde comer en Las Navas del Marqu\u00e9s<\/strong><\/h2>\n<p>Los <strong>meses fr\u00edos de invierno<\/strong> tambi\u00e9n son buenos para visitar Las Navas. Su paisaje nevado y su variada oferta gastron\u00f3mica atraen a muchos visitantes (principalmente madrile\u00f1os) deseosos de<strong> pasar una jornada en la nieve<\/strong> o dar alg\u00fan paseo por sus alrededores disfrutando de su entorno privilegiado.<\/p>\n<p><strong>Sorprende la variedad y calidad ofertada<\/strong> por los restaurantes de Las Navas del Marqu\u00e9s. Puedes encontrar de todo. Desde bares para tapear a restaurantes de cocina tradicional e incluso cocina de autor.<\/p>\n<h3>Bares para tapear en Las Navas del Marqu\u00e9s<\/h3>\n<p>Los bares para tapear se concentran en la Avenida Principal. Los bares que recomendamos son:<\/p>\n<ul>\n<li><strong>Flash Rock Bar:<\/strong> un bar abierto de d\u00eda y de noche, con muy buena m\u00fasica y ambiente. Puedes encontrarlo abierto por la ma\u00f1ana a primera hora para tomarte un chocolate con churros (y porras) que por la noche para tomarte una copa. Cuenta con una peque\u00f1a cocina en la que elaboran diferentes y deliciosas tapas a lo largo del a\u00f1o. <em>Avenida Principal, 105<\/em> <em>(<a href=\"https:\/\/goo.gl\/maps\/hZWQJPv27DBP8vry9\" target=\"_blank\" rel=\"noopener noreferrer\">ver en un mapa aparte<\/a>)<\/em><\/li>\n<li><strong>Bar restaurante Los Roeles:<\/strong> con ambientaci\u00f3n cl\u00e1sica, su cocina es fiel a la cocina tradicional utilizando productos locales y de temporada como las tapas micol\u00f3gicas cuando llega el oto\u00f1o. Ideal para disfrutar de sus tapas y raciones. <em>Avenida Principal, 8 (<a href=\"https:\/\/goo.gl\/maps\/TDKZYVMAMn8gUzHFA\" target=\"_blank\" rel=\"noopener noreferrer\">ver en un mapa aparte<\/a>)<\/em><\/li>\n<li><strong>Obrador cafeter\u00eda El Sauco:<\/strong> Se trata de una confiter\u00eda muy concurrida que hace las veces de bar-cafeter\u00eda, donde puedes pedir un delicioso desayuno con cruasanes caseros reci\u00e9n hechos (muy recomendable) a una copa bien servida al caer la tarde. <em>Avenida Principal, 124 (<a href=\"https:\/\/goo.gl\/maps\/JDXXho6oseFBqf476\" target=\"_blank\" rel=\"noopener noreferrer\">ver en un mapa aparte<\/a>)<\/em><\/li>\n<\/ul>\n<figure id=\"attachment_32186\" aria-describedby=\"caption-attachment-32186\" style=\"width: 1024px\" class=\"wp-caption aligncenter\"><img decoding=\"async\" class=\"size-full wp-image-32186\" src=\"https:\/\/destinocastillayleon.es\/index\/wp-content\/uploads\/2019\/12\/1f3495fb77f6722dee09d59fcb6c59b3.jpg\" alt=\" tapa de crujiente de patata con pollo, n\u00edscalos y reducci\u00f3n de Pedro Ximenez. \" width=\"1024\" height=\"581\" srcset=\"https:\/\/destinocastillayleon.es\/index\/wp-content\/uploads\/2019\/12\/1f3495fb77f6722dee09d59fcb6c59b3.jpg 1024w, https:\/\/destinocastillayleon.es\/index\/wp-content\/uploads\/2019\/12\/1f3495fb77f6722dee09d59fcb6c59b3-300x170.jpg 300w, https:\/\/destinocastillayleon.es\/index\/wp-content\/uploads\/2019\/12\/1f3495fb77f6722dee09d59fcb6c59b3-768x436.jpg 768w\" sizes=\"(max-width: 1024px) 100vw, 1024px\" \/><figcaption id=\"caption-attachment-32186\" class=\"wp-caption-text\"><em>tapa de crujiente de patata con pollo, n\u00edscalos y reducci\u00f3n de Pedro Ximenez &#8211; Bar Restaurante Los Roeles<\/em><\/figcaption><\/figure>\n<h3>Restaurantes en Navas del Marqu\u00e9s<\/h3>\n<p>Si lo que te apetece es un <strong>men\u00fa basado en la cocina t\u00edpica serrana<\/strong> y de respeto al producto local te recomendamos dos restaurantes:<\/p>\n<h4><strong>Restaurante Asador La Parrilla Charra<\/strong><\/h4>\n<p>Conocido como \u00abLa Parrilla\u00bb, este restaurante ofrece <strong>cocina tradicional castellana <\/strong>bien elaborada basada en los platos caracter\u00edsticos de nuestro recetario (estofado de garbanzos, sopas de ajo, patatas revolconas, ensalada de ventresca, mollejas de cordero, callos&#8230;) presentados en una <strong>vajilla de cer\u00e1mica de lo m\u00e1s original<\/strong> y sugerente. Muy recomendable su plato estrella, <strong>ternera a la piedra <\/strong>que se coloca en la mesa y es el propio comensal el que termina de cocinar la pieza de carne a su gusto. El postre, tambi\u00e9n delicioso, puedes pedirlo como degusaci\u00f3n para que en un plato se sirvan <strong>varios dulces, todos ellos caseros<\/strong> para compartir.<\/p>\n<figure id=\"attachment_32188\" aria-describedby=\"caption-attachment-32188\" style=\"width: 796px\" class=\"wp-caption aligncenter\"><img decoding=\"async\" class=\"size-full wp-image-32188\" src=\"https:\/\/destinocastillayleon.es\/index\/wp-content\/uploads\/2019\/12\/IMG_8614.jpg\" alt=\"Estofado de garbanzos Restaurante La Parrilla\" width=\"796\" height=\"531\" srcset=\"https:\/\/destinocastillayleon.es\/index\/wp-content\/uploads\/2019\/12\/IMG_8614.jpg 796w, https:\/\/destinocastillayleon.es\/index\/wp-content\/uploads\/2019\/12\/IMG_8614-300x200.jpg 300w, https:\/\/destinocastillayleon.es\/index\/wp-content\/uploads\/2019\/12\/IMG_8614-768x512.jpg 768w, https:\/\/destinocastillayleon.es\/index\/wp-content\/uploads\/2019\/12\/IMG_8614-600x400.jpg 600w\" sizes=\"(max-width: 796px) 100vw, 796px\" \/><figcaption id=\"caption-attachment-32188\" class=\"wp-caption-text\"><em>Estofado de garbanzos -Restaurante La Parrilla<\/em><\/figcaption><\/figure>\n<ul>\n<li><strong>Direcci\u00f3n: <\/strong>Calle Aniceto Marinas, 27 (<a href=\"https:\/\/goo.gl\/maps\/GA41bLXuo85DsBmk9\" target=\"_blank\" rel=\"noopener noreferrer\">ver en un mapa aparte<\/a>)<\/li>\n<li><strong>Precio del men\u00fa: <\/strong>El men\u00fa del d\u00eda de diario cuesta 9,50 \u20ac\/persona. El men\u00fa fin de semana asciende a 17\u20ac\/persona. Si vais a la carta, el precio medio ronda los 25-30\u20ac\/persona,<\/li>\n<\/ul>\n<h4><strong>Restaurante Montecarlo<\/strong><\/h4>\n<p>Desde la calle nada hace pensar que en el interior de este restaurante se dan forma a los platos m\u00e1s creativos de toda la comarca. <strong>Ni siquiera estando dentro puedes imaginar lo que puede llegar a salir de la cocina,<\/strong> reformada a conciencia por<strong> Alberto Rosado,<\/strong> actual gerente e hijo de los primeros propietarios.<\/p>\n<figure id=\"attachment_32191\" aria-describedby=\"caption-attachment-32191\" style=\"width: 1024px\" class=\"wp-caption aligncenter\"><img decoding=\"async\" class=\"size-full wp-image-32191\" src=\"https:\/\/destinocastillayleon.es\/index\/wp-content\/uploads\/2019\/12\/Alberto-Rosado-junto-a-la-nueva-bodega-donde-se-almacenan-vinos-de-primeras-marcas.jpg\" alt=\"Alberto Rosado junto a la nueva bodega donde se almacenan vinos de primeras marcas\" width=\"1024\" height=\"683\" srcset=\"https:\/\/destinocastillayleon.es\/index\/wp-content\/uploads\/2019\/12\/Alberto-Rosado-junto-a-la-nueva-bodega-donde-se-almacenan-vinos-de-primeras-marcas.jpg 796w, https:\/\/destinocastillayleon.es\/index\/wp-content\/uploads\/2019\/12\/Alberto-Rosado-junto-a-la-nueva-bodega-donde-se-almacenan-vinos-de-primeras-marcas-300x200.jpg 300w, https:\/\/destinocastillayleon.es\/index\/wp-content\/uploads\/2019\/12\/Alberto-Rosado-junto-a-la-nueva-bodega-donde-se-almacenan-vinos-de-primeras-marcas-768x512.jpg 768w, https:\/\/destinocastillayleon.es\/index\/wp-content\/uploads\/2019\/12\/Alberto-Rosado-junto-a-la-nueva-bodega-donde-se-almacenan-vinos-de-primeras-marcas-600x400.jpg 600w\" sizes=\"(max-width: 1024px) 100vw, 1024px\" \/><figcaption id=\"caption-attachment-32191\" class=\"wp-caption-text\">Alberto Rosado junto a la nueva bodega donde se almacenan vinos de primeras marcas<\/figcaption><\/figure>\n<p>Se trata de un <strong>restaurante de cocina castellana y de mercado <\/strong>con una dedicaci\u00f3n especial a las carnes, los pescados y los guisos, sin dejar de lado las nuevas tendencias culinarias. All\u00ed encontrar\u00e1s dos tipos de men\u00fas. Un<strong> men\u00fa cl\u00e1sico<\/strong> con los platos t\u00edpicos de la tierra, bien elaborados y presentados y otro <strong>men\u00fa m\u00e1s actual y sorprendente <\/strong>en el que Alberto Rosado da rienda suelta a su creatividad y buen hacer en los fogones.<\/p>\n<figure id=\"attachment_32192\" aria-describedby=\"caption-attachment-32192\" style=\"width: 796px\" class=\"wp-caption aligncenter\"><img decoding=\"async\" class=\"wp-image-32192 size-full\" src=\"https:\/\/destinocastillayleon.es\/index\/wp-content\/uploads\/2019\/12\/Taco-de-cigala-y-foie-de-bacalao-con-vinagreta-blanca.jpg\" alt=\"Taco de cigala y foie de bacalao con vinagreta blanca,\" width=\"796\" height=\"531\" srcset=\"https:\/\/destinocastillayleon.es\/index\/wp-content\/uploads\/2019\/12\/Taco-de-cigala-y-foie-de-bacalao-con-vinagreta-blanca.jpg 796w, https:\/\/destinocastillayleon.es\/index\/wp-content\/uploads\/2019\/12\/Taco-de-cigala-y-foie-de-bacalao-con-vinagreta-blanca-300x200.jpg 300w, https:\/\/destinocastillayleon.es\/index\/wp-content\/uploads\/2019\/12\/Taco-de-cigala-y-foie-de-bacalao-con-vinagreta-blanca-768x512.jpg 768w, https:\/\/destinocastillayleon.es\/index\/wp-content\/uploads\/2019\/12\/Taco-de-cigala-y-foie-de-bacalao-con-vinagreta-blanca-600x400.jpg 600w\" sizes=\"(max-width: 796px) 100vw, 796px\" \/><figcaption id=\"caption-attachment-32192\" class=\"wp-caption-text\"><em>Taco de cigala y foie de bacalao con vinagreta blanca<\/em><\/figcaption><\/figure>\n<ul>\n<li><strong>Direcci\u00f3n:<\/strong> c\/ Garc\u00eda del Real, 24 05230 Las Navas del Marqu\u00e9s (\u00c1vila)<\/li>\n<li><strong>Tel\u00e9fono:<\/strong> 91 897 06 49<\/li>\n<li><strong>Precio: <\/strong>Es un restaurante bastante asequible si se compara con otros restaurantes similares. El men\u00fa de d\u00eda tradicional cuesta 15\u20ac los d\u00edas de diario y 25\u20ac fin de semana. La calidad y cuidado del producto est\u00e1 asegurada.<\/li>\n<li>Web: <a href=\"http:\/\/restaurantemontecarlo.es\/\">restaurantemontecarlo.es<\/a><\/li>\n<\/ul>\n<p>Puedes ampliar informaci\u00f3n sobre d\u00f3nde comer en Navas del Marqu\u00e9s en<a href=\"http:\/\/atavolaconilconte.es\/index\/comer-bien-en-las-navas-del-marques\/\"> este art\u00edculo de \u00abLa Mesa del Conde\u00bb<\/a><\/p>\n<h2><strong>Turismo gastron\u00f3mico en Las Navas del Marqu\u00e9s<\/strong><\/h2>\n<p>En la llamada<strong> \u00abCasa del Cura\u00bb<\/strong> alojamiento rural que dispone de cinco habitaciones, jard\u00edn, terraza y sal\u00f3n compartido, se ofrecen <strong>actividades gastron\u00f3micas a lo largo del a\u00f1o<\/strong> como catas, degustaciones y cursos de cocina saludable y creativa.<\/p>\n<figure id=\"attachment_32193\" aria-describedby=\"caption-attachment-32193\" style=\"width: 708px\" class=\"wp-caption aligncenter\"><img decoding=\"async\" class=\"wp-image-32193 size-full\" src=\"https:\/\/destinocastillayleon.es\/index\/wp-content\/uploads\/2019\/12\/20151107_123016-1-1.jpg\" alt=\"La casa del Cura. Fuente de la imagen: elrondon.es\" width=\"708\" height=\"531\" srcset=\"https:\/\/destinocastillayleon.es\/index\/wp-content\/uploads\/2019\/12\/20151107_123016-1-1.jpg 708w, https:\/\/destinocastillayleon.es\/index\/wp-content\/uploads\/2019\/12\/20151107_123016-1-1-300x225.jpg 300w, https:\/\/destinocastillayleon.es\/index\/wp-content\/uploads\/2019\/12\/20151107_123016-1-1-768x576.jpg 768w\" sizes=\"(max-width: 708px) 100vw, 708px\" \/><figcaption id=\"caption-attachment-32193\" class=\"wp-caption-text\"><em>La casa del Cura. Fuente de la imagen: elrondon.es<\/em><\/figcaption><\/figure>\n<ul>\n<li><strong>Direcci\u00f3n:<\/strong> Calle Cal y Canto, 15, 05230 Las Navas del Marqu\u00e9s, \u00c1vila<em> (<a href=\"https:\/\/www.google.com\/search?q=telefono+%22Casa+del+Cura%22+navas+del+marques&amp;oq=telefono+%22Casa+del+Cura%22+navas+del+marques&amp;aqs=chrome..69i57j33.5189j1j9&amp;sourceid=chrome&amp;ie=UTF-8#\">Ver direcci\u00f3n en Google Maps<\/a>)<\/em><\/li>\n<li><strong>Tel\u00e9fono:<\/strong> 918 97 24 63<\/li>\n<\/ul>\n<p>&nbsp;<\/p>\n<h2><strong>D\u00f3nde dormir en Las Navas del Marqu\u00e9s<\/strong><\/h2>\n<p>Con todo lo que te hemos contado hasta ahora es posible que te entren ganas de pasar una o varias noches all\u00ed. Hay alojamiento para todo tipo de viajero: grandes grupos, familias, solo o en pareja. Echa un vistazo a las casas rurales y <a href=\"https:\/\/www.booking.com\/searchresults.es.html?aid=1366117&amp;sid=ec63f49d619130ec66f0d973521220ca&amp;sb=1&amp;src=index&amp;src_elem=sb&amp;error_url=https%3A%2F%2Fwww.booking.com%2Findex.es.html%3Faid%3D1366117%3Bsid%3Dec63f49d619130ec66f0d973521220ca%3Bsb_price_type%3Dtotal%3Bsrpvid%3D4aa64e24844f011b%26%3B&amp;sr_autoscroll=1&amp;ss=Las+Navas+del+Marqu%C3%A9s&amp;is_ski_area=0&amp;ssne=Las+Navas+del+Marqu%C3%A9s&amp;ssne_untouched=Las+Navas+del+Marqu%C3%A9s&amp;dest_id=-388485&amp;dest_type=city&amp;checkin_year=2019&amp;checkin_month=12&amp;checkin_monthday=28&amp;checkout_year=2019&amp;checkout_month=12&amp;checkout_monthday=29&amp;group_adults=2&amp;group_children=0&amp;no_rooms=1&amp;b_h4u_keep_filters=&amp;from_sf=1\">hoteles de Las Navas del Marqu\u00e9s<\/a> que ofrece Booking,com<\/p>\n<h3>Alojamiento rural El Colmenar<\/h3>\n<p><strong>El alojamiento rural El Colmenar,<\/strong> es una <strong>casona antigua rehabilitada<\/strong> y abierta al turismo recientemente. De <strong>alquiler \u00edntegro,<\/strong> dispone de varias habitaciones coquetamente decoradas con una capacidad de hasta 48 personas alojadas.<\/p>\n<p><img decoding=\"async\" class=\"size-full wp-image-32196\" src=\"https:\/\/destinocastillayleon.es\/index\/wp-content\/uploads\/2019\/12\/El-colmenar.jpg\" alt=\"El colmenar\" width=\"850\" height=\"478\" srcset=\"https:\/\/destinocastillayleon.es\/index\/wp-content\/uploads\/2019\/12\/El-colmenar.jpg 850w, https:\/\/destinocastillayleon.es\/index\/wp-content\/uploads\/2019\/12\/El-colmenar-300x169.jpg 300w, https:\/\/destinocastillayleon.es\/index\/wp-content\/uploads\/2019\/12\/El-colmenar-768x432.jpg 768w\" sizes=\"(max-width: 850px) 100vw, 850px\" \/><\/p>\n<p>Cuenta con <strong>un amplio jard\u00edn<\/strong>, piscina, barbacoa, cocina para uso com\u00fan con todo el menaje nuevo a vuestra disposici\u00f3n, comedor con chimenea, un observatorio astron\u00f3mico (que se abrir\u00e1 pr\u00f3ximamente) y unas escaleras antiguas con <strong>una armadura medieval<\/strong> que es como para grabar la escena de alguna pel\u00edcula all\u00ed.<\/p>\n<p>Encuentra m\u00e1s informaci\u00f3n sobre este alojamiento <strong><a href=\"https:\/\/www.booking.com\/hotel\/es\/casa-jardin-el-colmenar-las-navas-del-marques.es.html?aid=1366117;sid=ec63f49d619130ec66f0d973521220ca;checkin=2019-12-28;checkout=2019-12-29;dest_id=-388485;dest_type=city;dist=0;group_adults=2;group_children=0;hapos=1;hpos=1;no_rooms=1;room1=A%2CA;sb_price_type=total;soh=1;sr_order=popularity;srepoch=1577531134;srpvid=b1d74dff14230102;type=total;ucfs=1&amp;#no_availability_msg\">aqu\u00ed<\/a><\/strong><\/p>\n<p>Esperamos que te haya gustado este art\u00edculo. Si crees que nos dejamos algo en el tintero o hay alguna errata u omisi\u00f3n, por favor, d\u00e9janos tu comentario m\u00e1s abajo.<\/p>\n<p>Por \u00faltimo <strong>agradecemos a la organizaci\u00f3n de la \u00ab<a href=\"http:\/\/tuitquedadamicologica.net\/\">Tuit Quedada Micol\u00f3gica<\/a>\u00ab<\/strong> celebrada este a\u00f1o en Las Navas del Marqu\u00e9s por habernos invitado y habernos mostrado esta joya natural y gastron\u00f3mica de Castilla y Le\u00f3n.<\/p>\n<p>Tambi\u00e9n te puede interesar&#8230;<\/p>\n<ul>\n<li><a title=\"View Escapada al Barco de \u00c1vila \u00a1Descubre la Sierra de Gredos!\" href=\"https:\/\/destinocastillayleon.es\/index\/escapada-al-barco-de-avila\/\" target=\"_self\" rel=\"bookmark noopener noreferrer\">Escapada al Barco de \u00c1vila \u00a1Descubre la Sierra de Gredos!<\/a><\/li>\n<li><a title=\"View Enoturismo en Gredos, una forma diferente de disfrutar del buen tiempo\" href=\"https:\/\/destinocastillayleon.es\/index\/enoturismo-en-gredos\/\" target=\"_self\" rel=\"bookmark noopener noreferrer\">Enoturismo en Gredos, una forma diferente de disfrutar del buen tiempo<\/a><\/li>\n<li><a title=\"View Visita Guiada por \u00c1vila recorriendo sus rincones m\u00e1s impactantes\" href=\"https:\/\/destinocastillayleon.es\/index\/visita-guiada-por-avila\/\" target=\"_self\" rel=\"bookmark noopener noreferrer\">Visita Guiada por \u00c1vila recorriendo sus rincones m\u00e1s impactantes<\/a><\/li>\n<li><a title=\"View Ruta de tapas por \u00c1vila, 5 lugares imprescindibles\" href=\"https:\/\/destinocastillayleon.es\/index\/ruta-de-tapas-por-avila\/\" target=\"_self\" rel=\"bookmark noopener noreferrer\">Ruta de tapas por \u00c1vila, 5 lugares imprescindibles<\/a><\/li>\n<li><a title=\"View Enoturismo en la Bodega Daniel Ramos\" href=\"https:\/\/destinocastillayleon.es\/index\/enoturismo-en-la-bodega-daniel-ramos\/\" target=\"_self\" rel=\"bookmark noopener noreferrer\">Enoturismo en la Bodega Daniel Ramos<\/a><\/li>\n<\/ul>\n","protected":false},"excerpt":{"rendered":"<p>Las Navas del Marqu\u00e9s son un buen destino para una escapada de fin de semana por su cercan\u00eda a Madrid, su atractivo entorno natural y su gastronom\u00eda<\/p>\n","protected":false},"author":6,"featured_media":32197,"comment_status":"open","ping_status":"closed","sticky":false,"template":"","format":"standard","meta":{"rop_custom_images_group":[],"rop_custom_messages_group":[],"rop_publish_now":"initial","rop_publish_now_accounts":{"twitter_1150954226_1150954226":""},"rop_publish_now_history":[],"rop_publish_now_status":"pending","footnotes":""},"categories":[77,62,4790,4788,68],"tags":[5850,2088,5848,5849,5847,666,5846,207],"class_list":["post-32019","post","type-post","status-publish","format-standard","has-post-thumbnail","hentry","category-actualidad-y-agenda-de-castilla-y-leon","category-avila","category-avila-gastronomia","category-avila-turismo","category-post_inicial","tag-castillo-de-navas-del-marques","tag-donde-comer-en-avila","tag-donde-dormir-en-las-navas-del-marques","tag-las-navas-del-marques","tag-que-ver-en-navas-del-marques","tag-turismo-en-avila","tag-turismo-en-las-navas-del-marques","tag-turismo-gastronomico"],"yoast_head":"<!-- This site is optimized with the Yoast SEO Premium plugin v20.4 (Yoast SEO v27.4) - https:\/\/yoast.com\/product\/yoast-seo-premium-wordpress\/ -->\n<title>Qu\u00e9 ver en Navas del Marqu\u00e9s - Escapada perfecta - DestinoCyL<\/title>\n<meta name=\"description\" content=\"Qu\u00e9 ver en Navas del Marqu\u00e9s: buen destino para escapada de fin de semana por su cercan\u00eda a Madrid, su entorno natural y gastronom\u00eda\" \/>\n<meta name=\"robots\" content=\"index, follow, max-snippet:-1, max-image-preview:large, max-video-preview:-1\" \/>\n<link rel=\"canonical\" href=\"https:\/\/destinocastillayleon.es\/index\/que-ver-en-navas-del-marques\/\" \/>\n<meta property=\"og:locale\" content=\"es_ES\" \/>\n<meta property=\"og:type\" content=\"article\" \/>\n<meta property=\"og:title\" content=\"Las Navas del Marqu\u00e9s, gastronom\u00eda y naturaleza para una escapada perfecta - Destino Castilla y Le\u00f3n\" \/>\n<meta property=\"og:description\" content=\"Las Navas del Marqu\u00e9s son un buen destino para una escapada de fin de semana por su cercan\u00eda a Madrid, su atractivo entorno natural y su gastronom\u00eda\" \/>\n<meta property=\"og:url\" content=\"https:\/\/destinocastillayleon.es\/index\/que-ver-en-navas-del-marques\/\" \/>\n<meta property=\"og:site_name\" content=\"Destino Castilla y Le\u00f3n\" \/>\n<meta property=\"article:publisher\" content=\"https:\/\/www.facebook.com\/DestinoCastillaYLeon\/\" \/>\n<meta property=\"article:published_time\" content=\"2019-12-28T12:19:13+00:00\" \/>\n<meta property=\"article:modified_time\" content=\"2026-04-28T08:12:53+00:00\" \/>\n<meta property=\"og:image\" content=\"https:\/\/destinocastillayleon.es\/index\/wp-content\/uploads\/2019\/12\/IMG_8921.jpg\" \/>\n\t<meta property=\"og:image:width\" content=\"796\" \/>\n\t<meta property=\"og:image:height\" content=\"531\" \/>\n\t<meta property=\"og:image:type\" content=\"image\/jpeg\" \/>\n<meta name=\"author\" content=\"Lola Hernandez\" \/>\n<meta name=\"twitter:card\" content=\"summary_large_image\" \/>\n<meta name=\"twitter:title\" content=\"Las Navas del Marqu\u00e9s, gastronom\u00eda y naturaleza para una escapada perfecta - Destino Castilla y Le\u00f3n\" \/>\n<meta name=\"twitter:description\" content=\"Las Navas del Marqu\u00e9s son un buen destino para una escapada de fin de semana por su cercan\u00eda a Madrid, su atractivo entorno natural y su gastronom\u00eda\" \/>\n<meta name=\"twitter:creator\" content=\"@destinocyl\" \/>\n<meta name=\"twitter:site\" content=\"@destinocyl\" \/>\n<meta name=\"twitter:label1\" content=\"Escrito por\" \/>\n\t<meta name=\"twitter:data1\" content=\"Lola Hernandez\" \/>\n\t<meta name=\"twitter:label2\" content=\"Tiempo de lectura\" \/>\n\t<meta name=\"twitter:data2\" content=\"20 minutos\" \/>\n<script type=\"application\/ld+json\" class=\"yoast-schema-graph\">{\"@context\":\"https:\\\/\\\/schema.org\",\"@graph\":[{\"@type\":\"Article\",\"@id\":\"https:\\\/\\\/destinocastillayleon.es\\\/index\\\/que-ver-en-navas-del-marques\\\/#article\",\"isPartOf\":{\"@id\":\"https:\\\/\\\/destinocastillayleon.es\\\/index\\\/que-ver-en-navas-del-marques\\\/\"},\"author\":{\"name\":\"Lola Hernandez\",\"@id\":\"https:\\\/\\\/destinocastillayleon.es\\\/index\\\/#\\\/schema\\\/person\\\/49ffcb7eb307589ba529009335ed7767\"},\"headline\":\"Las Navas del Marqu\u00e9s, gastronom\u00eda y naturaleza para una escapada perfecta\",\"datePublished\":\"2019-12-28T12:19:13+00:00\",\"dateModified\":\"2026-04-28T08:12:53+00:00\",\"mainEntityOfPage\":{\"@id\":\"https:\\\/\\\/destinocastillayleon.es\\\/index\\\/que-ver-en-navas-del-marques\\\/\"},\"wordCount\":3463,\"commentCount\":7,\"image\":{\"@id\":\"https:\\\/\\\/destinocastillayleon.es\\\/index\\\/que-ver-en-navas-del-marques\\\/#primaryimage\"},\"thumbnailUrl\":\"https:\\\/\\\/destinocastillayleon.es\\\/index\\\/wp-content\\\/uploads\\\/2019\\\/12\\\/IMG_8921.jpg\",\"keywords\":[\"Castillo de Navas del Marqu\u00e9s\",\"donde comer en \u00e1vila\",\"D\u00f3nde dormir en Las Navas del Marqu\u00e9s\",\"Las Navas del Marqu\u00e9s\",\"Qu\u00e9 ver en Navas del Marqu\u00e9s\",\"Turismo en \u00c1vila\",\"Turismo en Las Navas del Marqu\u00e9s\",\"turismo gastron\u00f3mico\"],\"articleSection\":[\"Actualidad\",\"Avila\",\"Avila gastronom\u00eda\",\"Avila turismo\",\"Post_inicial\"],\"inLanguage\":\"es\",\"potentialAction\":[{\"@type\":\"CommentAction\",\"name\":\"Comment\",\"target\":[\"https:\\\/\\\/destinocastillayleon.es\\\/index\\\/que-ver-en-navas-del-marques\\\/#respond\"]}]},{\"@type\":\"WebPage\",\"@id\":\"https:\\\/\\\/destinocastillayleon.es\\\/index\\\/que-ver-en-navas-del-marques\\\/\",\"url\":\"https:\\\/\\\/destinocastillayleon.es\\\/index\\\/que-ver-en-navas-del-marques\\\/\",\"name\":\"Qu\u00e9 ver en Navas del Marqu\u00e9s - Escapada perfecta - DestinoCyL\",\"isPartOf\":{\"@id\":\"https:\\\/\\\/destinocastillayleon.es\\\/index\\\/#website\"},\"primaryImageOfPage\":{\"@id\":\"https:\\\/\\\/destinocastillayleon.es\\\/index\\\/que-ver-en-navas-del-marques\\\/#primaryimage\"},\"image\":{\"@id\":\"https:\\\/\\\/destinocastillayleon.es\\\/index\\\/que-ver-en-navas-del-marques\\\/#primaryimage\"},\"thumbnailUrl\":\"https:\\\/\\\/destinocastillayleon.es\\\/index\\\/wp-content\\\/uploads\\\/2019\\\/12\\\/IMG_8921.jpg\",\"datePublished\":\"2019-12-28T12:19:13+00:00\",\"dateModified\":\"2026-04-28T08:12:53+00:00\",\"author\":{\"@id\":\"https:\\\/\\\/destinocastillayleon.es\\\/index\\\/#\\\/schema\\\/person\\\/49ffcb7eb307589ba529009335ed7767\"},\"description\":\"Qu\u00e9 ver en Navas del Marqu\u00e9s: buen destino para escapada de fin de semana por su cercan\u00eda a Madrid, su entorno natural y gastronom\u00eda\",\"breadcrumb\":{\"@id\":\"https:\\\/\\\/destinocastillayleon.es\\\/index\\\/que-ver-en-navas-del-marques\\\/#breadcrumb\"},\"inLanguage\":\"es\",\"potentialAction\":[{\"@type\":\"ReadAction\",\"target\":[\"https:\\\/\\\/destinocastillayleon.es\\\/index\\\/que-ver-en-navas-del-marques\\\/\"]}]},{\"@type\":\"ImageObject\",\"inLanguage\":\"es\",\"@id\":\"https:\\\/\\\/destinocastillayleon.es\\\/index\\\/que-ver-en-navas-del-marques\\\/#primaryimage\",\"url\":\"https:\\\/\\\/destinocastillayleon.es\\\/index\\\/wp-content\\\/uploads\\\/2019\\\/12\\\/IMG_8921.jpg\",\"contentUrl\":\"https:\\\/\\\/destinocastillayleon.es\\\/index\\\/wp-content\\\/uploads\\\/2019\\\/12\\\/IMG_8921.jpg\",\"width\":796,\"height\":531,\"caption\":\"Panor\u00e1mica de Las Navas del Marqu\u00e9s\"},{\"@type\":\"BreadcrumbList\",\"@id\":\"https:\\\/\\\/destinocastillayleon.es\\\/index\\\/que-ver-en-navas-del-marques\\\/#breadcrumb\",\"itemListElement\":[{\"@type\":\"ListItem\",\"position\":1,\"name\":\"Portada\",\"item\":\"https:\\\/\\\/destinocastillayleon.es\\\/index\\\/\"},{\"@type\":\"ListItem\",\"position\":2,\"name\":\"Las Navas del Marqu\u00e9s, gastronom\u00eda y naturaleza para una escapada perfecta\"}]},{\"@type\":\"WebSite\",\"@id\":\"https:\\\/\\\/destinocastillayleon.es\\\/index\\\/#website\",\"url\":\"https:\\\/\\\/destinocastillayleon.es\\\/index\\\/\",\"name\":\"Destino Castilla y Le\u00f3n\",\"description\":\"Medio digital independiente y revista de Castilla y Le\u00f3n dedicado al turismo, gastronom\u00eda y vino de Castilla y Le\u00f3n\",\"potentialAction\":[{\"@type\":\"SearchAction\",\"target\":{\"@type\":\"EntryPoint\",\"urlTemplate\":\"https:\\\/\\\/destinocastillayleon.es\\\/index\\\/?s={search_term_string}\"},\"query-input\":{\"@type\":\"PropertyValueSpecification\",\"valueRequired\":true,\"valueName\":\"search_term_string\"}}],\"inLanguage\":\"es\"},{\"@type\":\"Person\",\"@id\":\"https:\\\/\\\/destinocastillayleon.es\\\/index\\\/#\\\/schema\\\/person\\\/49ffcb7eb307589ba529009335ed7767\",\"name\":\"Lola Hernandez\",\"image\":{\"@type\":\"ImageObject\",\"inLanguage\":\"es\",\"@id\":\"https:\\\/\\\/secure.gravatar.com\\\/avatar\\\/72ead65e55ad0522fba484acfe2842bf78b2f7c727df41d76fed78a85519da34?s=96&d=mm&r=g\",\"url\":\"https:\\\/\\\/secure.gravatar.com\\\/avatar\\\/72ead65e55ad0522fba484acfe2842bf78b2f7c727df41d76fed78a85519da34?s=96&d=mm&r=g\",\"contentUrl\":\"https:\\\/\\\/secure.gravatar.com\\\/avatar\\\/72ead65e55ad0522fba484acfe2842bf78b2f7c727df41d76fed78a85519da34?s=96&d=mm&r=g\",\"caption\":\"Lola Hernandez\"},\"description\":\"Lola Hern\u00e1ndez fue fundadora y directora de www.destinocastillayleon.es Escribiendo sobre turismo, gastronom\u00eda y vino de su tierra de origen, Castilla y Le\u00f3n.\",\"sameAs\":[\"http:\\\/\\\/www.destinoysabor.com\\\/blog\"],\"url\":\"https:\\\/\\\/destinocastillayleon.es\\\/index\\\/author\\\/lola-hernandez\\\/\"}]}<\/script>\n<!-- \/ Yoast SEO Premium plugin. -->","yoast_head_json":{"title":"Qu\u00e9 ver en Navas del Marqu\u00e9s - Escapada perfecta - DestinoCyL","description":"Qu\u00e9 ver en Navas del Marqu\u00e9s: buen destino para escapada de fin de semana por su cercan\u00eda a Madrid, su entorno natural y gastronom\u00eda","robots":{"index":"index","follow":"follow","max-snippet":"max-snippet:-1","max-image-preview":"max-image-preview:large","max-video-preview":"max-video-preview:-1"},"canonical":"https:\/\/destinocastillayleon.es\/index\/que-ver-en-navas-del-marques\/","og_locale":"es_ES","og_type":"article","og_title":"Las Navas del Marqu\u00e9s, gastronom\u00eda y naturaleza para una escapada perfecta - Destino Castilla y Le\u00f3n","og_description":"Las Navas del Marqu\u00e9s son un buen destino para una escapada de fin de semana por su cercan\u00eda a Madrid, su atractivo entorno natural y su gastronom\u00eda","og_url":"https:\/\/destinocastillayleon.es\/index\/que-ver-en-navas-del-marques\/","og_site_name":"Destino Castilla y Le\u00f3n","article_publisher":"https:\/\/www.facebook.com\/DestinoCastillaYLeon\/","article_published_time":"2019-12-28T12:19:13+00:00","article_modified_time":"2026-04-28T08:12:53+00:00","og_image":[{"width":796,"height":531,"url":"https:\/\/destinocastillayleon.es\/index\/wp-content\/uploads\/2019\/12\/IMG_8921.jpg","type":"image\/jpeg"}],"author":"Lola Hernandez","twitter_card":"summary_large_image","twitter_title":"Las Navas del Marqu\u00e9s, gastronom\u00eda y naturaleza para una escapada perfecta - Destino Castilla y Le\u00f3n","twitter_description":"Las Navas del Marqu\u00e9s son un buen destino para una escapada de fin de semana por su cercan\u00eda a Madrid, su atractivo entorno natural y su gastronom\u00eda","twitter_creator":"@destinocyl","twitter_site":"@destinocyl","twitter_misc":{"Escrito por":"Lola Hernandez","Tiempo de lectura":"20 minutos"},"schema":{"@context":"https:\/\/schema.org","@graph":[{"@type":"Article","@id":"https:\/\/destinocastillayleon.es\/index\/que-ver-en-navas-del-marques\/#article","isPartOf":{"@id":"https:\/\/destinocastillayleon.es\/index\/que-ver-en-navas-del-marques\/"},"author":{"name":"Lola Hernandez","@id":"https:\/\/destinocastillayleon.es\/index\/#\/schema\/person\/49ffcb7eb307589ba529009335ed7767"},"headline":"Las Navas del Marqu\u00e9s, gastronom\u00eda y naturaleza para una escapada perfecta","datePublished":"2019-12-28T12:19:13+00:00","dateModified":"2026-04-28T08:12:53+00:00","mainEntityOfPage":{"@id":"https:\/\/destinocastillayleon.es\/index\/que-ver-en-navas-del-marques\/"},"wordCount":3463,"commentCount":7,"image":{"@id":"https:\/\/destinocastillayleon.es\/index\/que-ver-en-navas-del-marques\/#primaryimage"},"thumbnailUrl":"https:\/\/destinocastillayleon.es\/index\/wp-content\/uploads\/2019\/12\/IMG_8921.jpg","keywords":["Castillo de Navas del Marqu\u00e9s","donde comer en \u00e1vila","D\u00f3nde dormir en Las Navas del Marqu\u00e9s","Las Navas del Marqu\u00e9s","Qu\u00e9 ver en Navas del Marqu\u00e9s","Turismo en \u00c1vila","Turismo en Las Navas del Marqu\u00e9s","turismo gastron\u00f3mico"],"articleSection":["Actualidad","Avila","Avila gastronom\u00eda","Avila turismo","Post_inicial"],"inLanguage":"es","potentialAction":[{"@type":"CommentAction","name":"Comment","target":["https:\/\/destinocastillayleon.es\/index\/que-ver-en-navas-del-marques\/#respond"]}]},{"@type":"WebPage","@id":"https:\/\/destinocastillayleon.es\/index\/que-ver-en-navas-del-marques\/","url":"https:\/\/destinocastillayleon.es\/index\/que-ver-en-navas-del-marques\/","name":"Qu\u00e9 ver en Navas del Marqu\u00e9s - Escapada perfecta - DestinoCyL","isPartOf":{"@id":"https:\/\/destinocastillayleon.es\/index\/#website"},"primaryImageOfPage":{"@id":"https:\/\/destinocastillayleon.es\/index\/que-ver-en-navas-del-marques\/#primaryimage"},"image":{"@id":"https:\/\/destinocastillayleon.es\/index\/que-ver-en-navas-del-marques\/#primaryimage"},"thumbnailUrl":"https:\/\/destinocastillayleon.es\/index\/wp-content\/uploads\/2019\/12\/IMG_8921.jpg","datePublished":"2019-12-28T12:19:13+00:00","dateModified":"2026-04-28T08:12:53+00:00","author":{"@id":"https:\/\/destinocastillayleon.es\/index\/#\/schema\/person\/49ffcb7eb307589ba529009335ed7767"},"description":"Qu\u00e9 ver en Navas del Marqu\u00e9s: buen destino para escapada de fin de semana por su cercan\u00eda a Madrid, su entorno natural y gastronom\u00eda","breadcrumb":{"@id":"https:\/\/destinocastillayleon.es\/index\/que-ver-en-navas-del-marques\/#breadcrumb"},"inLanguage":"es","potentialAction":[{"@type":"ReadAction","target":["https:\/\/destinocastillayleon.es\/index\/que-ver-en-navas-del-marques\/"]}]},{"@type":"ImageObject","inLanguage":"es","@id":"https:\/\/destinocastillayleon.es\/index\/que-ver-en-navas-del-marques\/#primaryimage","url":"https:\/\/destinocastillayleon.es\/index\/wp-content\/uploads\/2019\/12\/IMG_8921.jpg","contentUrl":"https:\/\/destinocastillayleon.es\/index\/wp-content\/uploads\/2019\/12\/IMG_8921.jpg","width":796,"height":531,"caption":"Panor\u00e1mica de Las Navas del Marqu\u00e9s"},{"@type":"BreadcrumbList","@id":"https:\/\/destinocastillayleon.es\/index\/que-ver-en-navas-del-marques\/#breadcrumb","itemListElement":[{"@type":"ListItem","position":1,"name":"Portada","item":"https:\/\/destinocastillayleon.es\/index\/"},{"@type":"ListItem","position":2,"name":"Las Navas del Marqu\u00e9s, gastronom\u00eda y naturaleza para una escapada perfecta"}]},{"@type":"WebSite","@id":"https:\/\/destinocastillayleon.es\/index\/#website","url":"https:\/\/destinocastillayleon.es\/index\/","name":"Destino Castilla y Le\u00f3n","description":"Medio digital independiente y revista de Castilla y Le\u00f3n dedicado al turismo, gastronom\u00eda y vino de Castilla y Le\u00f3n","potentialAction":[{"@type":"SearchAction","target":{"@type":"EntryPoint","urlTemplate":"https:\/\/destinocastillayleon.es\/index\/?s={search_term_string}"},"query-input":{"@type":"PropertyValueSpecification","valueRequired":true,"valueName":"search_term_string"}}],"inLanguage":"es"},{"@type":"Person","@id":"https:\/\/destinocastillayleon.es\/index\/#\/schema\/person\/49ffcb7eb307589ba529009335ed7767","name":"Lola Hernandez","image":{"@type":"ImageObject","inLanguage":"es","@id":"https:\/\/secure.gravatar.com\/avatar\/72ead65e55ad0522fba484acfe2842bf78b2f7c727df41d76fed78a85519da34?s=96&d=mm&r=g","url":"https:\/\/secure.gravatar.com\/avatar\/72ead65e55ad0522fba484acfe2842bf78b2f7c727df41d76fed78a85519da34?s=96&d=mm&r=g","contentUrl":"https:\/\/secure.gravatar.com\/avatar\/72ead65e55ad0522fba484acfe2842bf78b2f7c727df41d76fed78a85519da34?s=96&d=mm&r=g","caption":"Lola Hernandez"},"description":"Lola Hern\u00e1ndez fue fundadora y directora de www.destinocastillayleon.es Escribiendo sobre turismo, gastronom\u00eda y vino de su tierra de origen, Castilla y Le\u00f3n.","sameAs":["http:\/\/www.destinoysabor.com\/blog"],"url":"https:\/\/destinocastillayleon.es\/index\/author\/lola-hernandez\/"}]}},"_links":{"self":[{"href":"https:\/\/destinocastillayleon.es\/index\/wp-json\/wp\/v2\/posts\/32019","targetHints":{"allow":["GET"]}}],"collection":[{"href":"https:\/\/destinocastillayleon.es\/index\/wp-json\/wp\/v2\/posts"}],"about":[{"href":"https:\/\/destinocastillayleon.es\/index\/wp-json\/wp\/v2\/types\/post"}],"author":[{"embeddable":true,"href":"https:\/\/destinocastillayleon.es\/index\/wp-json\/wp\/v2\/users\/6"}],"replies":[{"embeddable":true,"href":"https:\/\/destinocastillayleon.es\/index\/wp-json\/wp\/v2\/comments?post=32019"}],"version-history":[{"count":21,"href":"https:\/\/destinocastillayleon.es\/index\/wp-json\/wp\/v2\/posts\/32019\/revisions"}],"predecessor-version":[{"id":40040,"href":"https:\/\/destinocastillayleon.es\/index\/wp-json\/wp\/v2\/posts\/32019\/revisions\/40040"}],"wp:featuredmedia":[{"embeddable":true,"href":"https:\/\/destinocastillayleon.es\/index\/wp-json\/wp\/v2\/media\/32197"}],"wp:attachment":[{"href":"https:\/\/destinocastillayleon.es\/index\/wp-json\/wp\/v2\/media?parent=32019"}],"wp:term":[{"taxonomy":"category","embeddable":true,"href":"https:\/\/destinocastillayleon.es\/index\/wp-json\/wp\/v2\/categories?post=32019"},{"taxonomy":"post_tag","embeddable":true,"href":"https:\/\/destinocastillayleon.es\/index\/wp-json\/wp\/v2\/tags?post=32019"}],"curies":[{"name":"wp","href":"https:\/\/api.w.org\/{rel}","templated":true}]}}