{"id":31877,"date":"2022-12-23T06:22:53","date_gmt":"2022-12-23T05:22:53","guid":{"rendered":"https:\/\/destinocastillayleon.es\/index\/?p=31877"},"modified":"2023-10-17T16:09:32","modified_gmt":"2023-10-17T14:09:32","slug":"penaranda-de-duero","status":"publish","type":"post","link":"https:\/\/destinocastillayleon.es\/index\/penaranda-de-duero\/","title":{"rendered":"Gu\u00eda para una visita a Pe\u00f1aranda de Duero"},"content":{"rendered":"<p>A veces, salirse de los circuitos tur\u00edsticos t\u00edpicos, <strong>tiene la gracia de encontrarte con lugares inesperados, especialmente para el p\u00fablico en general<\/strong>. La Ribera del Duero burgalesa, est\u00e1 llena de estos <em>outliners<\/em>, o lugares que no suelen estar dentro de las rutas t\u00edpicas. En general, toda esta comarca entorno a <a href=https:\/\/destinocastillayleon.es\/index\/?s=aranda+de+duero>Aranda de Duero<\/a> est\u00e1 salpicada de pueblos ribere\u00f1os de singular belleza; <strong>uno de estos pueblos es este de Pe\u00f1aranda de Duero<\/strong>, un pueblo singular por su belleza y patrimonio.<\/p>\n<figure id=\"attachment_31942\" aria-describedby=\"caption-attachment-31942\" style=\"width: 640px\" class=\"wp-caption aligncenter\"><img src=https:\/\/destinocastillayleon.es\/index\/wp-content\/uploads\/2019\/10\/b670e1114c50b40141d6a1a70aa38844.jpg alt=\"Castillo de Pe\u00f1aranda de Duero - Destino Castilla y Le\u00f3n\" width=\"640\" height=\"427\" class=\"size-full wp-image-31942\" \/><figcaption id=\"caption-attachment-31942\" class=\"wp-caption-text\">Castillo de Pe\u00f1aranda de Duero &#8211; Destino Castilla y Le\u00f3n<\/figcaption><\/figure>\n<h3><strong>\u00cdndice de contenidos<\/strong><\/h3>\n<p>Para facilitar el uso de esta gu\u00eda sobre este pueblo burgal\u00e9s de la Ribera del Duero, <strong>hemos creado este \u00edndice de contenidos<\/strong> que esperamos os sea \u00fatil si quer\u00e9is viajar Pe\u00f1aranda de Duero. Seguro que os encanta.<\/p>\n<p><strong>Patrimonio de Pe\u00f1aranda de Duero:<\/strong><\/p>\n<ul>\n<li><a href=\"#bodega-cooperativa\">Bodega cooperativa de Pe\u00f1aranda<\/a>.<\/li>\n<\/ul>\n<p><strong>Castillo de Pe\u00f1aranda de Duero:<\/strong><\/p>\n<ul>\n<li><a href=\"#Castillo\">Castillo de los Condes de Miranda<\/a>.<\/li>\n<li><a href=\"#Centro-de-interpretaci\u00f3n\">Centro de interpretaci\u00f3n de los castillos de frontera<\/a>.<\/li>\n<\/ul>\n<p><strong>Visita al casco urbano de Pe\u00f1aranda:<\/strong><\/p>\n<ul>\n<li><a href=\"#Palacio-ducal\">Palacio de los Condes de Miranda<\/a>.<\/li>\n<li><a href=\"#Iglesia\">Iglesia colegiata de Santa Ana de Pe\u00f1aranda de Duero<\/a>.<\/li>\n<li><a href=\"#Rollo\">Rollo de justicia<\/a>.<\/li>\n<li><a href=\"#Murallas\">Murallas<\/a>.<\/li>\n<li><a href=\"#Farmacia\">La farmacia m\u00e1s antigua de Espa\u00f1a en activo<\/a>.<\/li>\n<li><a href=\"#Herreria\">Herrer\u00eda relojer\u00eda<\/a>.<\/li>\n<li><a href=\"#Franciscanas-Concepcionistas\">Monasterio de las Madres Franciscanas Concepcionistas<\/a>.<\/li>\n<li><a href=\"#Bodegas-subterraneas\">Bodegas subterr\u00e1neas, bodega de la C\u00e1rcel<\/a>.<\/li>\n<li><a href=\"#Monasterio-San-Jose\">Monasterio de San Jos\u00e9<\/a>.<\/li>\n<\/ul>\n<p><strong>Informaci\u00f3n de inter\u00e9s:<\/strong><\/p>\n<ul>\n<li><a href=\"#Llegar\">\u00bfC\u00f3mo llegar?<\/a><\/li>\n<li><a href=\"#Comer\">\u00bfD\u00f3nde comer?<\/a><\/li>\n<li><a href=\"#Dormir\">\u00bfD\u00f3nde dormir?<\/a><\/li>\n<li><a href=\"#Historia\">Rese\u00f1a hist\u00f3rica<\/a><\/li>\n<li><a href=\"#Entorno\">Lugares interesantes en el entorno<\/a>.<\/li>\n<\/ul>\n<p>Pod\u00e9is ver la <strong>cantidad de monumentos<\/strong> que tiene esta poblaci\u00f3n.<\/p>\n<h2><strong>Una visita por el coraz\u00f3n de la Ribera del Duero<\/strong><\/h2>\n<p>Es posible que salvo que te guste especialmente la ribera burgalesa, que no ser\u00eda nada extra\u00f1o, normalmente no se visitan pueblos que no est\u00e1n <strong>pr\u00f3ximos a la autov\u00eda A1<\/strong>, cerca de su paso por Aranda de Duero. Por esta raz\u00f3n, <strong>esta localidad suele ser un complemento a Aranda de Duero<\/strong>, una de las grandes capitales del vino de Espa\u00f1a.<\/p>\n<figure id=\"attachment_31941\" aria-describedby=\"caption-attachment-31941\" style=\"width: 640px\" class=\"wp-caption aligncenter\"><img src=https:\/\/destinocastillayleon.es\/index\/wp-content\/uploads\/2019\/10\/5b7641cd822e9d95ce3e0cb8e713d9a2.jpg alt=\"Arco de acceso al recinto hist\u00f3rico - Destino Castilla y Le\u00f3n\" width=\"640\" height=\"427\" class=\"size-full wp-image-31941\" \/><figcaption id=\"caption-attachment-31941\" class=\"wp-caption-text\">Arco de acceso al recinto hist\u00f3rico &#8211; Destino Castilla y Le\u00f3n<\/figcaption><\/figure>\n<p>Pe\u00f1aranda de Duero <strong>no es un pueblo muy grande, no obstante, su centro hist\u00f3rico amurallado posee un rico patrimonio, aunque no todo \u00e9l sea visitable<\/strong>. No obstante, para el viajero experimentado, <strong>el hecho de contar con una muralla ya puede dar una pista de que es un pueblo interesante<\/strong>. Habr\u00eda que <strong>dividir una visita a este pueblo en tres partes<\/strong>; una visita a <strong>la Bodega Cooperativa<\/strong> Castillo de Pe\u00f1aranda, aunque carece de inter\u00e9s enotur\u00edstico; el <strong>castillo de Pe\u00f1aranda de Duero<\/strong>, coronando el cerro; y <strong>el centro urbano<\/strong> protegido por la muralla.<a name=\"bodega-cooperativa\"><\/a><\/p>\n<h3><strong>Visita a la bodega Castillo de Pe\u00f1aranda<\/strong><\/h3>\n<p>Esta es una bodega cooperativa que <strong>elabora vinos amparados por la DO. Ribera del Duero<\/strong>. Es una bodega con <strong>m\u00e1s de 500 socios<\/strong> que juntan sus producciones para la producci\u00f3n de <strong>algo m\u00e1s de un mill\u00f3n de botellas de vino<\/strong>, entre j\u00f3venes, crianzas y reservas.<\/p>\n<figure id=\"attachment_31903\" aria-describedby=\"caption-attachment-31903\" style=\"width: 640px\" class=\"wp-caption aligncenter\"><img src=https:\/\/destinocastillayleon.es\/index\/wp-content\/uploads\/2019\/10\/3a337421db12236db8b7b8ac5a25206d.jpg alt=\"Visita a la bodega Cooperativa de Pe\u00f1aranda de Duero - Destino Castilla y Le\u00f3n\" width=\"640\" height=\"426\" class=\"size-full wp-image-31903\" \/><figcaption id=\"caption-attachment-31903\" class=\"wp-caption-text\">Visita a la bodega Cooperativa de Pe\u00f1aranda de Duero &#8211; Destino Castilla y Le\u00f3n<\/figcaption><\/figure>\n<p>Es una instalaci\u00f3n <strong>edificada en 1968, para dar salida a las peque\u00f1as producciones que se segu\u00edan elaborando en los lagares bajo las casas del pueblo<\/strong>. Pe\u00f1aranda de Duero, como otros pueblos vitivin\u00edcolas est\u00e1 horadado complemente su subsuelo con galer\u00edas subterr\u00e1neas que se usaban para elaborar y conservar vinos. Quiz\u00e1s para gente muy interesada en los vinos puede resultarle interesante.<a name=\"Castillo\"><\/a><\/p>\n<h3><strong>Subida al Castillo de Pe\u00f1aranda<\/strong><\/h3>\n<p>Hagamos un breve inciso hist\u00f3rico,<strong> para conocer y comprender mejor este castillo que desde lo alto de su loma otea el horizonte<\/strong>. El castillo actual <strong>no es el original, que databa del siglo X durante la reconquista del Duero.<\/strong> Este castillo inicial fue edificado por los cristianos para formar la famosa l\u00ednea de castillos del Duero, del que forman parte entre otros, el <a href=https:\/\/destinocastillayleon.es\/index\/visitar-penafiel\/>Castillo de Pe\u00f1afiel<\/a>, el de <a href=https:\/\/destinocastillayleon.es\/index\/curiel-del-duero\/>Curiel del Duero<\/a> o el de <a href=https:\/\/destinocastillayleon.es\/index\/gormaz\/>Gormaz<\/a>, cuando pas\u00f3 a ser definitivamente fortaleza cristiana. Eran en principio fortalezas vig\u00edas con peque\u00f1as dotaciones que se apoyaban unas a otras para una defensa combinada.<\/p>\n<figure id=\"attachment_31905\" aria-describedby=\"caption-attachment-31905\" style=\"width: 640px\" class=\"wp-caption aligncenter\"><img src=https:\/\/destinocastillayleon.es\/index\/wp-content\/uploads\/2019\/10\/7d929b38dce5a6cc0efa0510b70619ff.jpg alt=\"Castillo de Pe\u00f1aranda desde la bodega cooperativa - Imagen de la bodega\" width=\"640\" height=\"426\" class=\"size-full wp-image-31905\" \/><figcaption id=\"caption-attachment-31905\" class=\"wp-caption-text\">Castillo de Pe\u00f1aranda desde la bodega cooperativa &#8211; Imagen de la bodega<\/figcaption><\/figure>\n<p>La actual construcci\u00f3n, <strong>como ocurre en el castillo de Pe\u00f1afiel es de finales del siglo XIV y principios del XV<\/strong>. De hecho, aprovechar\u00e1 las ruinas de ese castillo del siglo X, que fue m\u00e1s modesto, y <strong>por orden de los Condes de Miranda fue levantada la actual fortaleza,<\/strong> que se adapta al contorno de la cima del cerro que lo sustenta.<\/p>\n<h3><strong>Defensas exteriores<\/strong><\/h3>\n<p>La entrada al recinto amurallado <strong>se hace por un arco de acceso que se halla al Este<\/strong>, lejos de la torre del homenaje, que est\u00e1 hacia occidente. A esta puerta <strong>se llega salvando un foso excavado<\/strong> en la roca viva.<\/p>\n<figure id=\"attachment_31907\" aria-describedby=\"caption-attachment-31907\" style=\"width: 640px\" class=\"wp-caption aligncenter\"><img src=https:\/\/destinocastillayleon.es\/index\/wp-content\/uploads\/2019\/10\/340a5b53da8d16f2b3c93ed582614788.jpg alt=\"Entrada al Castillo de Pe\u00f1aranda de Duero - Imagen de Terranostrum\" width=\"640\" height=\"406\" class=\"size-full wp-image-31907\" \/><figcaption id=\"caption-attachment-31907\" class=\"wp-caption-text\">Entrada al Castillo de Pe\u00f1aranda de Duero &#8211; Imagen de Terranostrum<\/figcaption><\/figure>\n<h3><strong>Interior del castillo y torre del homenaje<\/strong><\/h3>\n<p>Esta torre, de <strong>s\u00f3lidos sillares del siglo XV<\/strong>, consta de una planta baja y otros tres pisos. <strong>El acceso es nuevamente al este, a trav\u00e9s de un arco ojival a la altura del primer piso<\/strong>. Para llegar a \u00e9l, se sube por una escalera met\u00e1lica, aunque imaginamos que anta\u00f1o ser\u00eda una escalera que pudiera ser eliminada para dificultar la entrada de atacantes. Los macizos muros de piedra son pr\u00e1cticamente ciegos en tres de sus cuatro costados, aunque en el lado sur, orientado al pueblo de Pe\u00f1aranda si dispone de ventanas.<\/p>\n<figure id=\"attachment_31906\" aria-describedby=\"caption-attachment-31906\" style=\"width: 640px\" class=\"wp-caption aligncenter\"><img src=https:\/\/destinocastillayleon.es\/index\/wp-content\/uploads\/2019\/10\/5de168e83a118198243db3578db0a21c.jpg alt=\"Patio de armas del Castillo de Pe\u00f1aranda de Duero - Imagen de Megaconstrucciones\" width=\"640\" height=\"427\" class=\"size-full wp-image-31906\" \/><figcaption id=\"caption-attachment-31906\" class=\"wp-caption-text\">Patio de armas del Castillo de Pe\u00f1aranda de Duero &#8211; Imagen de Megaconstrucciones<\/figcaption><\/figure>\n<h4><strong>Dejadez y casi ruina del castillo<\/strong><\/h4>\n<p>Se sabe que <strong>en el siglo XVII esta fortaleza llevaba tiempo sin ser habitada, ni con un uso militar<\/strong>. Las tecnolog\u00edas b\u00e9licas hac\u00edan in\u00fatiles las defensas medievales en caso de ataque. El Conde de Miranda <strong>ten\u00eda su residencia en un pr\u00e1ctico palacio en el casco urbano<\/strong>. De no haber sido una s\u00f3lida construcci\u00f3n y su dif\u00edcil acceso, posiblemente no hubiera llegado a nuestros d\u00edas.<\/p>\n<p><figure id=\"attachment_31908\" aria-describedby=\"caption-attachment-31908\" style=\"width: 400px\" class=\"wp-caption aligncenter\"><img src=https:\/\/destinocastillayleon.es\/index\/wp-content\/uploads\/2019\/10\/d19eab954c68112299a6a77da5d900d4.jpg alt=\"Imagen de inicios del siglo XX del Castillo de Pe\u00f1aranda - Imagen de verpueblos.com\" width=\"400\" height=\"302\" class=\"size-full wp-image-31908\" \/><figcaption id=\"caption-attachment-31908\" class=\"wp-caption-text\">Imagen de inicios del siglo XX del Castillo de Pe\u00f1aranda &#8211; Imagen de verpueblos.com<\/figcaption><\/figure><a name=\"Centro-de-interpretaci\u00f3n\"><\/a><\/p>\n<h4><strong>Centro de interpretaci\u00f3n de los castillos<\/strong><\/h4>\n<p>Gracias a recientes intervenciones, <strong>este castillo alberga en su torre del homenaje este Centro de Interpretaci\u00f3n de los Castillos<\/strong>. Un museo que trata de mostrar al visitante c\u00f3mo fue la vida durante la edad media en la Ribera del Duero, y como era necesario organizar <strong>esta l\u00ednea de castillos para la defensa de las poblaciones cristianas de las razias de saqueo sarracenas.<\/strong><\/p>\n<figure id=\"attachment_31902\" aria-describedby=\"caption-attachment-31902\" style=\"width: 640px\" class=\"wp-caption aligncenter\"><img src=https:\/\/destinocastillayleon.es\/index\/wp-content\/uploads\/2019\/10\/a5d96e028c3afab8825d10c26ca9c956.jpg alt=\"Distribuci\u00f3n del Centro de Interpretaci\u00f3n de los Castillos de Pe\u00f1aranda de Duero - Destino Castilla y Le\u00f3n\" width=\"640\" height=\"465\" class=\"size-full wp-image-31902\" \/><figcaption id=\"caption-attachment-31902\" class=\"wp-caption-text\">Distribuci\u00f3n del <a href=\"http:\/\/www.xn--pearandadeduero-zqb.es\/sites\/penarandadeduero\/files\/cic.pdf\" rel=\"nofollow noopener noreferrer\" target=\"_blank\"><u>Centro de Interpretaci\u00f3n de los Castillos de Pe\u00f1aranda de Duero<\/u><\/a> &#8211; Destino Castilla y Le\u00f3n<\/figcaption><\/figure>\n<h3><strong>Informaci\u00f3n de inter\u00e9s<\/strong><\/h3>\n<h4><strong>Horario<\/strong><\/h4>\n<p>Abierto los viernes, s\u00e1bados y domingo.<\/p>\n<ul>Octubre: de 11:00 a 14:00 horas y de 15:00 a 18:00 horas.<br \/>\nNoviembre y diciembre: de 10:30 a 14:00 horas y de 15:00 a 17:30 horas.<br \/>\nMayo, junio, julio y agosto: de 11:00 a 14:00 horas y de 18:00 a 21:00 horas.<br \/>\nSeptiembre: de 11:00 a 14:00 horas y de 17:00 a 20:00 horas.<\/p>\n<p>Los mi\u00e9rcoles por la tarde abierto con solicitudes previas en la oficina de turismo.<\/ul>\n<h4><strong>Precio de las entradas<\/strong><\/h4>\n<p>General: 3 \u20ac\/persona.<br \/>\nNi\u00f1os de 4 a 14 a\u00f1os: 1 \u20ac\/persona.<br \/>\nMenores de 4 a\u00f1os: gratis. <\/p>\n<p>Pod\u00e9is reservar las entradas online y <a href=\"https:\/\/www.civitatis.com\/es\/penaranda-de-duero\/entrada-torre-castillo-penaranda\/?aid=99913\" rel=\"NoFollow noopener\" target=\"_Blank\">tenerlas de forma anticipada <strong>en este link<\/strong><\/a>.<br \/>\n&nbsp;<\/p>\n<h2><strong>Visita al casco urbano de Pe\u00f1aranda<\/strong><\/h2>\n<p><strong>El casco urbano medieval de Pe\u00f1aranda de Duero conserva gran parte de su patrimonio<\/strong>, especialmente centrado en la plaza mayor, aunque esta sea una zona m\u00e1s renacentista del siglo XVI.<\/p>\n<figure id=\"attachment_31933\" aria-describedby=\"caption-attachment-31933\" style=\"width: 640px\" class=\"wp-caption aligncenter\"><img src=https:\/\/destinocastillayleon.es\/index\/wp-content\/uploads\/2019\/10\/b30e383d8624325a7bbe401cfbb6bb70.jpg alt=\"Ayuntamiento de Pe\u00f1aranda de Duero - Destino Castilla y Le\u00f3n\" width=\"640\" height=\"426\" class=\"size-full wp-image-31933\" \/><figcaption id=\"caption-attachment-31933\" class=\"wp-caption-text\">Ayuntamiento de Pe\u00f1aranda de Duero &#8211; Destino Castilla y Le\u00f3n<\/figcaption><\/figure>\n<p>Pod\u00e9is realizar una visita libre, aunque para sacarle el m\u00e1ximo partido a este pueblo cargado de historia, <strong>lo mejor es realizar la visita guiada teatralizadas<\/strong> que se organizan los s\u00e1bados, y que pueden incluir la visita al castillo, a la poblaci\u00f3n o al Palacio Condal. Para disfrutar de esta <a href=\"https:\/\/www.civitatis.com\/es\/penaranda-de-duero\/tour-teatralizado-penaranda-duero\/?aid=99913\" rel=\"NoFollow noopener\" target=\"_Blank\"><strong>visita teatralizada<\/a> es necesario realizar la reserva previa online.<\/strong> <a name=\"Palacio-ducal\"><\/a><br \/>\n&nbsp;<\/p>\n<h3><strong>El palacio de los Condes de Miranda<\/strong><\/h3>\n<p>Este Palacio de los Condes de Miranda, tambi\u00e9n <strong>conocido por otros nombres, como Palacio de Avellaneda, o Palacio de los Z\u00fa\u00f1iga<\/strong>, es un palacio <strong>renacentista plateresco del siglo XVI<\/strong>. Se debe su construcci\u00f3n a Francisco de Z\u00fa\u00f1iga y Velasco, tercer conde de Miranda del Casta\u00f1a, una rama menor de la Casa nobiliaria de los Z\u00fa\u00f1iga y que en Pe\u00f1aranda <strong>instalaron su mayorazgo, primero con el castillo del siglo XV y m\u00e1s tarde este palacio<\/strong>.<\/p>\n<p>Pero el conjunto familiar <strong>no se puede entender correctamente si no se incluye la Iglesia <a href=\"#Iglesia\">Colegiata de Santa Ana<\/a><\/strong>, que se encuentra en frente a este palacio; y el <a href=\"#Franciscanas-Concepcionistas\"><strong>Monasterio de Franciscanas Concepcionistas<\/strong><\/a>.<\/p>\n<figure id=\"attachment_31930\" aria-describedby=\"caption-attachment-31930\" style=\"width: 640px\" class=\"wp-caption aligncenter\"><img src=https:\/\/destinocastillayleon.es\/index\/wp-content\/uploads\/2019\/10\/866d5ef19715f797afa24a1543034db5.jpg alt=\"Palacio de los Condes de Miranda - Destino Castilla y Le\u00f3n\" width=\"640\" height=\"426\" class=\"size-full wp-image-31930\" \/><figcaption id=\"caption-attachment-31930\" class=\"wp-caption-text\">Palacio de los Condes de Miranda &#8211; Destino Castilla y Le\u00f3n<\/figcaption><\/figure>\n<p>Con la transformaci\u00f3n de Ducado al condado de Miranda, por orden de Felipe III, <strong>el palacio familiar vive su momento de mayor esplendor<\/strong>, con ampliaciones de las instalaciones y haciendo de Pe\u00f1aranda de Duero <strong>una peque\u00f1a corte ducal<\/strong>, que aunque no llegara a la altura de las cortes ducales de <a href=\"https:\/\/destinoysabor.com\/blog\/villa-ducal-de-pastrana\/\" rel=\"dofollow noopener noreferrer\" target=\"_blank\">Pastrana<\/a>, <a href=https:\/\/destinocastillayleon.es\/index\/la-otra-lerma\/>Lerma<\/a> o <a href=https:\/\/destinocastillayleon.es\/index\/escapada-a-medinaceli\/>Medinaceli<\/a>, <strong>supuso atraer a personajes y artistas del momento a este pueblo burgal\u00e9s<\/strong>. <\/p>\n<figure id=\"attachment_31935\" aria-describedby=\"caption-attachment-31935\" style=\"width: 640px\" class=\"wp-caption aligncenter\"><img src=https:\/\/destinocastillayleon.es\/index\/wp-content\/uploads\/2019\/10\/a95f753ed5bf6df71a87b91106366e91-1.jpg alt=\"Plaza mayor con el palacio y su ampliaci\u00f3n moderna - Destino Castilla y Le\u00f3n\" width=\"640\" height=\"400\" class=\"size-full wp-image-31935\" \/><figcaption id=\"caption-attachment-31935\" class=\"wp-caption-text\">Plaza mayor con el palacio y su ampliaci\u00f3n moderna &#8211; Destino Castilla y Le\u00f3n<\/figcaption><\/figure>\n<p><strong>Tras asentarse la corte real definitivamente en Madrid, la vida palaciega fue bajando su importancia<\/strong>, haciendo que los mejores muebles, obras de arte y bienes se llevaran a otras residencias de la casa ducal; como una fuente, tallada en alabastro, que fue trasladada a Madrid.<\/p>\n<h4><strong>Decadencia y restauraci\u00f3n<\/strong><\/h4>\n<p>Al igual que es castillo, <strong>su buena f\u00e1brica hizo que el paso del tiempo y el abandono no hicieran un gran da\u00f1o a la construcci\u00f3n, pero el paso de los franceses no perdona<\/strong>. Unido a los malos administradores que permiten el expolio, hacen que casi se eche a perder. Incluso parece ser que se tante\u00f3 ser llevado, piedra a piedra, a norte Am\u00e9rica. Afortunadamente, <strong>en 1940 pasa a titularidad del estado y desde entonces ha ido efectuando obras de mantenimiento y restauraci\u00f3n<\/strong>; aunque algunas de ellas, de dudosa calidad.<\/p>\n<figure id=\"attachment_31910\" aria-describedby=\"caption-attachment-31910\" style=\"width: 380px\" class=\"wp-caption aligncenter\"><img src=https:\/\/destinocastillayleon.es\/index\/wp-content\/uploads\/2019\/10\/Estado-del-interior-del-palacio-antes-de-las-intervenciones-Imagen-de-Wikipedia.jpg alt=\"Estado del interior del palacio antes de las intervenciones - Imagen de Wikipedia\" width=\"380\" height=\"500\" class=\"size-full wp-image-31910\" \/><figcaption id=\"caption-attachment-31910\" class=\"wp-caption-text\">Estado del interior del palacio antes de las intervenciones &#8211; Imagen de Wikipedia<\/figcaption><\/figure>\n<h4><strong>En la actualidad<\/strong><\/h4>\n<p>Aunque <strong>la fachada principal se conserva en un gran estado<\/strong>, la zona de uni\u00f3n a la muralla, que <strong>deb\u00eda contener un ala y unas galer\u00edas que daba a un jard\u00edn se han perdido y de esta parte solo se conserva una puerta barroca<\/strong>. En esta parte del solar se realiz\u00f3 la ampliaci\u00f3n actual, que no deja de ser un feo, <strong>a nuestro entender, <em>pegote<\/em><\/strong>, aunque una soluci\u00f3n mejor igualmente es dif\u00edcil de ejecutar.<\/p>\n<figure id=\"attachment_31911\" aria-describedby=\"caption-attachment-31911\" style=\"width: 640px\" class=\"wp-caption aligncenter\"><img src=https:\/\/destinocastillayleon.es\/index\/wp-content\/uploads\/2019\/10\/8ac6bf3de1866699660a9aed995ee159.jpg alt=\"Patio del Palacio de los Condes de Miranda en Pe\u00f1aranda de Duero - Imagen del Ayto\" width=\"640\" height=\"427\" class=\"size-full wp-image-31911\" \/><figcaption id=\"caption-attachment-31911\" class=\"wp-caption-text\">Patio del Palacio de los Condes de Miranda en Pe\u00f1aranda de Duero &#8211; Imagen del Ayto.<\/figcaption><\/figure>\n<p>Junto a las actuaciones en el palacio <strong>se llevaron a cabo labores de restauraci\u00f3n en toda la plaza, especialmente en los edificios adosados a la muralla<\/strong>, que eran las casas del servicio de la corte ducal y de la Colegiata. <strong>Estas casas hoy albergan entre otros, La Posada Ducal;<\/strong> un hotel rural de 3 estrellas, de que al menos la cafeter\u00eda,.. no nos dej\u00f3 un buen sabor de boca.<\/p>\n<h4><strong>Interior y usos del palacio<\/strong><\/h4>\n<p>El cuerpo principal <strong>est\u00e1 bastante bien conservado gracias a las intervenciones del siglo XX<\/strong>, especialmente todas aquellas que dan a la plaza. Aunque gran parte de los elementos ornamentales se perdieron, se han sustituido en su interior por r\u00e9plicas.<\/p>\n<figure id=\"attachment_31912\" aria-describedby=\"caption-attachment-31912\" style=\"width: 640px\" class=\"wp-caption aligncenter\"><img src=https:\/\/destinocastillayleon.es\/index\/wp-content\/uploads\/2019\/10\/Sala-de-los-embajadores-del-Palacio-de-los-Condes-de-Miranda-Imagen-de-ElPoderdelArte.jpg alt=\"Sala de los embajadores del Palacio de los Condes de Miranda - Imagen de ElPoderdelArte\" width=\"640\" height=\"426\" class=\"size-full wp-image-31912\" \/><figcaption id=\"caption-attachment-31912\" class=\"wp-caption-text\">Sala de los embajadores del Palacio de los Condes de Miranda &#8211; Imagen de ElPoderdelArte<\/figcaption><\/figure>\n<p>Posiblemente, <strong>lo m\u00e1s bonito, que es el patio interior, donde se conservan elementos del g\u00f3tico tard\u00edo y elementos renacentistas<\/strong>, est\u00e1 bastante bien conservado. En muchas salas existen yeser\u00edas y artesonados mud\u00e9jares de gran calidad. Una de las estancias m\u00e1s impresionantes es <strong>el Sal\u00f3n de Embajadores, presidido por una chimenea de estuco<\/strong>, sobre la que se abre una tribuna cerrada con celos\u00eda.<\/p>\n<figure id=\"attachment_31924\" aria-describedby=\"caption-attachment-31924\" style=\"width: 641px\" class=\"wp-caption aligncenter\"><img src=https:\/\/destinocastillayleon.es\/index\/wp-content\/uploads\/2019\/10\/Estructura-de-las-actuaciones.jpg alt=\"Esquema de las actuaciones\" width=\"641\" height=\"300\" class=\"size-full wp-image-31924\" \/><figcaption id=\"caption-attachment-31924\" class=\"wp-caption-text\">Esquema de las actuaciones<\/figcaption><\/figure>\n<h4><strong>Informaci\u00f3n de inter\u00e9s<\/strong><\/h4>\n<p>El patio <strong>es visitable en el horario de apertura<\/strong>, y aunque existe una visita libre, <strong>lo ideal es organizar una visita guiada<\/strong>.<\/p>\n<p><strong>Horarios:<\/strong><br \/>\n<strong>Horario de invierno:<\/strong><br \/>\nDe martes a s\u00e1bados, a las 11:00, a las 13:00 y a las 16:30 horas.<br \/>\nDomingos:  a las 11:00 y a las 13:00 horas.<\/p>\n<p><strong>Horario de verano:<\/strong><br \/>\nDe martes a s\u00e1bados, a las 11:00, a las 13:00, a las 16:30 y a las 18:00 horas.<br \/>\nDomingos:  a las 11:00 y a las 13:00 horas.<\/p>\n<p><strong>Visitas libres,<\/strong> para tener la visita guiada, es necesario un m\u00ednimo de 4 personas.<\/p>\n<p><strong>Precio de la entrada<\/strong><br \/>\nGeneral: 3 \u20ac\/persona.<br \/>\nNi\u00f1os, de 4 a 14 a\u00f1os: 2 \u20ac\/persona.<br \/>\nGrupos, a partir de 20 personas y concertados con anterioridad: 2 \u20ac\/persona.<\/p>\n<p><!-- Si te interesa la visita guiada, muy recomendable, es aconsejable <a href=\"https:\/\/www.civitatis.com\/es\/penaranda-de-duero\/visita-guiada-palacio-avellaneda\/?aid=99913\" rel=\"NoFollow noopener\" target=\"_Blank\">realizar <strong>reservarla online<\/strong> de forma anticipada<\/a>. --> <a name=\"Rollo\"><\/a><br \/>\n&nbsp;<\/p>\n<h3><strong>Rollo de Justicia de Pe\u00f1aranda<\/strong><\/h3>\n<p>Este rollo de justicia es <strong>una columna de piedra que nos indica que estamos en una poblaci\u00f3n importante <\/strong>desde la que se impart\u00eda justicia en nombre del monarca. El rollo o picota de Pe\u00f1aranda es<strong> una columna tallada en piedra con unas preciosas l\u00edneas g\u00f3ticas<\/strong>. Desde 1931 est\u00e1 declarado Bien de Inter\u00e9s Cultural.<a name=\"Murallas\"><\/a><\/p>\n<p><figure id=\"attachment_31929\" aria-describedby=\"caption-attachment-31929\" style=\"width: 640px\" class=\"wp-caption aligncenter\"><img src=https:\/\/destinocastillayleon.es\/index\/wp-content\/uploads\/2019\/10\/2000b666a6bd2595cc76d5bdaf7d4398.jpg alt=\"Rollo de Justicia en la plaza - Destino Castilla y Le\u00f3n\" width=\"640\" height=\"426\" class=\"size-full wp-image-31929\" \/><figcaption id=\"caption-attachment-31929\" class=\"wp-caption-text\">Rollo de Justicia en la plaza &#8211; Destino Castilla y Le\u00f3n<\/figcaption><\/figure><br \/>\n&nbsp;<\/p>\n<h3><strong>Murallas de Pe\u00f1aranda de Duero<\/strong><\/h3>\n<p>Esta poblaci\u00f3n <strong>goz\u00f3 de la protecci\u00f3n de una muralla medieval, aunque con a\u00f1adidos posteriores<\/strong>. Este recinto contaba con 3 puertas de acceso; al este, al sur y al oeste. Actualmente se conservan <strong>partes de los lienzos de murallas<\/strong>, y dos de estas tres puertas.<\/p>\n<figure id=\"attachment_31943\" aria-describedby=\"caption-attachment-31943\" style=\"width: 640px\" class=\"wp-caption aligncenter\"><img src=https:\/\/destinocastillayleon.es\/index\/wp-content\/uploads\/2019\/10\/77391257db7719c8020c4f74713213d7.jpg alt=\"Interior del arco de la Calle Real - Destino Castilla y Le\u00f3n\" width=\"640\" height=\"427\" class=\"size-full wp-image-31943\" \/><figcaption id=\"caption-attachment-31943\" class=\"wp-caption-text\">Interior del arco de la Calle Real &#8211; Destino Castilla y Le\u00f3n<\/figcaption><\/figure>\n<p>El acceso m\u00e1s impresionante <strong>es el del sur ya que, tras pasar por un gran arco, se da acceso a la plaza mayor<\/strong>, con el Palacio de Avellaneda a la izquierda y la Colegiata de Santa Ana a la derecha.<a name=\"Iglesia\"><\/a><br \/>\n&nbsp;<\/p>\n<h3><strong>Iglesia colegiata de Santa Ana de Pe\u00f1aranda de Duero<\/strong><\/h3>\n<p><strong>Esta iglesia impresionante preside la plaza mayor<\/strong>. Posee una fachada majestuosa, enfrentada al palacio de los Condes de Miranda. Esta iglesia <strong>tuvo su importancia, siendo una colegiata asistida por un colegio o grupo de sacerdotes con un abad que lo dirig\u00eda<\/strong>. Y aunque actualmente ha perdido su condici\u00f3n de colegiata, sigue siendo llamada as\u00ed de forma popular.<\/p>\n<p>Fue construida tras la muerte del art\u00edfice principal del palacio, por su viuda, Do\u00f1a Mar\u00eda Enr\u00edquez de C\u00e1rdenas y su hijo el II duque de Miranda. <strong>La obra, aunque se inicia en el siglo XVI, se prolonga hasta el siglo XVII<\/strong>, por lo que posee varios estilos, aunque el predominante es el barroco, atribuido a Rodrigo Gil de Honta\u00f1\u00f3n y a Pedro de Resines.<\/p>\n<figure id=\"attachment_31946\" aria-describedby=\"caption-attachment-31946\" style=\"width: 640px\" class=\"wp-caption aligncenter\"><img src=https:\/\/destinocastillayleon.es\/index\/wp-content\/uploads\/2019\/10\/456cfc7135f1fc2816a7024f35ded699.jpg alt=\"Iglesia Colegiata desde m\u00e1s arriba - Destino Castilla y Le\u00f3n\" width=\"640\" height=\"425\" class=\"size-full wp-image-31946\" \/><figcaption id=\"caption-attachment-31946\" class=\"wp-caption-text\">Iglesia Colegiata desde m\u00e1s arriba &#8211; Destino Castilla y Le\u00f3n<\/figcaption><\/figure>\n<p>Como otras iglesias de la zona de la Ribera del Duero burgalesa, <strong>la fachada principal est\u00e1 dotada por un retablo p\u00e9treo<\/strong>; igual no tan espectacular, ni tan magn\u00edfico, como el de <a href=https:\/\/destinocastillayleon.es\/index\/guia-de-gumiel-de-izan\/>Gumiel de Iz\u00e1n<\/a>, que est\u00e1 bastante pr\u00f3ximo, pero igualmente impresionante.<\/p>\n<figure id=\"attachment_31936\" aria-describedby=\"caption-attachment-31936\" style=\"width: 640px\" class=\"wp-caption aligncenter\"><img src=https:\/\/destinocastillayleon.es\/index\/wp-content\/uploads\/2019\/10\/b7c3ae4846022667b022717df0b47f4c.jpg alt=\"Plaza mayor y Colegiata de Santa Ana de Pe\u00f1aranda - Destino Castilla y Le\u00f3n\" width=\"640\" height=\"426\" class=\"size-full wp-image-31936\" \/><figcaption id=\"caption-attachment-31936\" class=\"wp-caption-text\">Plaza mayor y Colegiata de Santa Ana de Pe\u00f1aranda &#8211; Destino Castilla y Le\u00f3n<\/figcaption><\/figure>\n<p>El acceso al templo <strong>se hace por una escalera con ocho columnas de m\u00e1rmol tallado en estilo renacentista italiano que fueron tra\u00eddas de N\u00e1poles<\/strong>, por Juan de Z\u00fa\u00f1iga, VI Conde de Miranda, que fue virrey de N\u00e1poles. Otros detalles interesantes son los tres bustos de los emperadores romanos que se encuentran en las fachadas, tra\u00eddos por \u00e9l.<\/p>\n<h4><strong>Interior<\/strong><\/h4>\n<p>En el interior, una \u00fanica nave con b\u00f3vedas de crucer\u00eda renacentista, es de gran inter\u00e9s <strong>el retablo neocl\u00e1sico dise\u00f1ado por Ventura Rodr\u00edguez,<\/strong> con una altorrelieve de Alfonso Giraldo dedicado a la Santa patrona de la Colegiata, Santa Ana. Otra joya en su interior es <strong>un Cristo procesional articulado<\/strong>; una talla de <strong>un Jes\u00fas Nazareno<\/strong> y <strong>la colecci\u00f3n de reliquias<\/strong>, dispuestas en un retablo neocl\u00e1sico.<\/p>\n<figure id=\"attachment_31914\" aria-describedby=\"caption-attachment-31914\" style=\"width: 640px\" class=\"wp-caption aligncenter\"><img src=https:\/\/destinocastillayleon.es\/index\/wp-content\/uploads\/2019\/10\/Interior-de-la-Iglesia-Colegiata-de-San-Ana-Imagen-de-la-Ruta-del-Vino-de-la-Ribera-del-Duero.jpg alt=\"Interior de la Iglesia Colegiata de San Ana - Imagen de la Ruta del Vino de la Ribera del Duero\" width=\"640\" height=\"426\" class=\"size-full wp-image-31914\" \/><figcaption id=\"caption-attachment-31914\" class=\"wp-caption-text\">Interior de la Iglesia Colegiata de San Ana &#8211; Imagen de la Ruta del Vino de la Ribera del Duero<\/figcaption><\/figure>\n<h4><strong>Informaci\u00f3n para una visita<\/strong><\/h4>\n<p><strong>Horarios:<\/strong><br \/>\nDe martes a s\u00e1bado, en ciertas franjas horarias, a las 10:30, a las 12:00 y a las 16:00 horas.<\/p>\n<p><strong>Precio de la visita:<\/strong><br \/>\nEntrada general: 4 \u20ac\/persona.<br \/>\nNi\u00f1os de 4 a 14 a\u00f1os: 2 \u20ac\/persona.<\/p>\n<p>Para entender todos los detalles de esta iglesia, igualmente <a href=\"https:\/\/www.civitatis.com\/es\/penaranda-de-duero\/visita-guiada-excolegiata-santa-ana\/?aid=99913\" rel=\"NoFollow noopener\" target=\"_Blank\"><strong>recomendamos la reserva anticipada online de una visita guiada<\/strong><\/a> al interior del templo.<a name=\"Farmacia\"><\/a><br \/>\n&nbsp;<\/p>\n<h3><strong>Farmacia m\u00e1s antigua de Espa\u00f1a en funcionamiento<\/strong><\/h3>\n<p>No sabemos si esto es, o no, un atractivo tur\u00edstico; o bien una curiosidad, como <a href=\"https:\/\/destinocastillayleon.es\/index\/museo-provincial-del-pan\/#Buzon\" rel=\"noopener noreferrer\" target=\"_blank\">el primer buz\u00f3n de correo en Mayorga de Campos<\/a>. El caso es que <strong>esta botica lleva abierta de forma ininterrumpida desde el siglo XVIII<\/strong>, cuando fue fundada por Lucas Ximeno. Sus descendientes, actualmente <strong>ocho generaciones, conservan el legado a trav\u00e9s de los siglos.<\/strong> Esta farmacia est\u00e1 en un cas\u00f3n de la \u00e9poca, contando con varias dependencias, como rebotica, laboratorio y jard\u00edn de plantas medicinales.<\/p>\n<figure id=\"attachment_31915\" aria-describedby=\"caption-attachment-31915\" style=\"width: 640px\" class=\"wp-caption aligncenter\"><img src=https:\/\/destinocastillayleon.es\/index\/wp-content\/uploads\/2019\/10\/cad37eaf9d8c73ad57e228b2dc428392.jpg alt=\"La rebotica m\u00e1s antigua de Espa\u00f1a est\u00e1 en Pe\u00f1aranda de Duero - Imagen de farmaciaaldiablog\" width=\"640\" height=\"346\" class=\"size-full wp-image-31915\" \/><figcaption id=\"caption-attachment-31915\" class=\"wp-caption-text\">La rebotica m\u00e1s antigua de Espa\u00f1a est\u00e1 en Pe\u00f1aranda de Duero &#8211; Imagen de farmaciaaldiablog<\/figcaption><\/figure>\n<h4><strong>Para visitarlo<\/strong><\/h4>\n<p>Ojo, <strong>este es un negocio en activo como farmacia<\/strong>. Cierra los fines de semana y festivos, y la visita es posible, en funci\u00f3n de los clientes.<a name=\"Herreria\"><\/a><\/p>\n<h3><strong>Herrer\u00eda relojer\u00eda<\/strong><\/h3>\n<p>Junto un antiguo hospital de peregrinos, en el exterior de la muralla, <strong>se encuentra esta herrer\u00eda<\/strong>, regentada actualmente <strong>por la tercera generaci\u00f3n<\/strong>. Los propietarios, la familia Cerezo, fundaron esta antigua fragua a mediados del siglo XIX; una forja que sigue trabajando de manera artesanal siguiendo la tradici\u00f3n castellana.<\/p>\n<figure id=\"attachment_31917\" aria-describedby=\"caption-attachment-31917\" style=\"width: 640px\" class=\"wp-caption aligncenter\"><img src=https:\/\/destinocastillayleon.es\/index\/wp-content\/uploads\/2019\/10\/d7cdb1038105d60f28dd2e686fa54f8c.jpg alt=\"Herrer\u00eda artesana de Pe\u00f1aranda de Duero - Collage de Destino Castilla y Le\u00f3n\" width=\"640\" height=\"400\" class=\"size-full wp-image-31917\" \/><figcaption id=\"caption-attachment-31917\" class=\"wp-caption-text\">Herrer\u00eda artesana de Pe\u00f1aranda de Duero &#8211; Collage de Destino Castilla y Le\u00f3n<\/figcaption><\/figure>\n<p>Otro de los atractivos de esta instalaci\u00f3n, es <strong>la colecci\u00f3n de relojes antiguos, realizados en madera y metal perfectamente restaurados y en funcionamiento<\/strong>.<a name=\"Franciscanas-Concepcionistas\"><\/a><br \/>\n&nbsp;<\/p>\n<h3><strong>Monasterio de las Madres Franciscanas Concepcionistas<\/strong><\/h3>\n<p>Este edificio <strong>fue una casa solariega de, los Condes primero y Duques despu\u00e9s, de Miranda<\/strong>. En 1558 ceden esta construcci\u00f3n extramuros para transformarla en un monasterio, ya que tres de sus hijas hab\u00edan tomado los h\u00e1bitos concepcionistas en un convento en Torrijos.<\/p>\n<blockquote><p>De esta forma, regresaron las tres hijas, una de ellas, convertida en la primera abadesa, la Madre Ana de Z\u00fa\u00f1iga.<\/p><\/blockquote>\n<figure id=\"attachment_31920\" aria-describedby=\"caption-attachment-31920\" style=\"width: 640px\" class=\"wp-caption aligncenter\"><img src=https:\/\/destinocastillayleon.es\/index\/wp-content\/uploads\/2019\/10\/061326327afad3a85372d4939f5b0a85.jpg alt=\"Monasterio de las Madres Franciscanas Concepcionistas - Composici\u00f3n de Destino Castilla y Le\u00f3n\" width=\"640\" height=\"427\" class=\"size-full wp-image-31920\" \/><figcaption id=\"caption-attachment-31920\" class=\"wp-caption-text\">Monasterio de las Madres Franciscanas Concepcionistas &#8211; Composici\u00f3n de Destino Castilla y Le\u00f3n<\/figcaption><\/figure>\n<p>Es de suponer <strong>que el edificio ha cambiado mucho desde su concepci\u00f3n original, especialmente para adaptarlo al fin conventual<\/strong>, no deja de ser <strong>un hermoso edificio de estilo castellano mud\u00e9jar<\/strong>. No obstante, su estructura sigue siendo la de un antiguo palacio, con un patio interior en forma de<strong> claustro de estilo plateresco<\/strong>, y su iglesia, conserva un precioso artesonado mud\u00e9jar.<a name=\"Monasterio-San-Jose\"><\/a><br \/>\n&nbsp;<\/p>\n<h3><strong>Monasterio de San Jos\u00e9<\/strong><\/h3>\n<p>Este es <strong>un Monasterio de los Carmelitas Descalzos, la orden fundada por Santa Teresa de Jes\u00fas y San Juan de la Cruz<\/strong>, si bien, esta fundaci\u00f3n es debida a la intervenci\u00f3n del Duque de Miranda, Don Juan de Z\u00fa\u00f1iga.<\/p>\n<figure id=\"attachment_31928\" aria-describedby=\"caption-attachment-31928\" style=\"width: 640px\" class=\"wp-caption aligncenter\"><img src=https:\/\/destinocastillayleon.es\/index\/wp-content\/uploads\/2019\/10\/dd9d820e8ecf428d5fe92bb67ec59914.jpg alt=\"Monasterio de San Jos\u00e9 - Destino Castilla y Le\u00f3n\" width=\"640\" height=\"427\" class=\"size-full wp-image-31928\" \/><figcaption id=\"caption-attachment-31928\" class=\"wp-caption-text\">Monasterio de San Jos\u00e9 &#8211; Destino Castilla y Le\u00f3n<\/figcaption><\/figure>\n<p>Este convento<strong> est\u00e1 fuera del casco urbano de Pe\u00f1aranda<\/strong>. Est\u00e1 ocupado desde su origen por una Comunidad de Frailes Carmelitas Descalzos. En su fachada aparecen los escudos de los Duques y una estatua en piedra de San Jos\u00e9. <strong>En la iglesia del monasterio se pueden admirar varios interesantes retablos y un friso de azulejos talaveranos de 1755<\/strong>.<\/p>\n<p><figure id=\"attachment_31918\" aria-describedby=\"caption-attachment-31918\" style=\"width: 640px\" class=\"wp-caption aligncenter\"><img src=https:\/\/destinocastillayleon.es\/index\/wp-content\/uploads\/2019\/10\/dc613ba51e69a1c6a5b0cc4b2f4b7218.jpg alt=\"Monasterio del San Jos\u00e9 - Composici\u00f3n de Destino Castilla y Le\u00f3n\" width=\"640\" height=\"427\" class=\"size-full wp-image-31918\" \/><figcaption id=\"caption-attachment-31918\" class=\"wp-caption-text\">Monasterio de San Jos\u00e9 &#8211; Composici\u00f3n de Destino Castilla y Le\u00f3n<\/figcaption><\/figure><br \/>\n<strong>S\u00f3lo es posible la visita del exterior<\/strong>, ya que es una comunidad activa de clausura.<a name=\"Bodegas-subterraneas\"><\/a><br \/>\n&nbsp;<\/p>\n<h3><strong>Bodegas subterr\u00e1neas<\/strong><\/h3>\n<p>Aunque ya lo hemos anticipado en la primera parte al hablar de bodegas, <strong>todo el pueblo aparece horadado por bodegas y lagares<\/strong>. La producci\u00f3n de vinos fue uno de los motores econ\u00f3micos de la poblaci\u00f3n.<\/p>\n<p>Por esta raz\u00f3n, pr\u00e1cticamente todas las casas disponen de una, aunque<strong> actualmente son casi todas privadas y no visitables<\/strong>; pero recientemente se ha abierto la bodega hist\u00f3rica del Ayuntamiento, conocida como la Bodega de la C\u00e1rcel, porque tambi\u00e9n tubo este uso esta bodega.<\/p>\n<figure id=\"attachment_36047\" aria-describedby=\"caption-attachment-36047\" style=\"width: 640px\" class=\"wp-caption aligncenter\"><img decoding=\"async\" src=\"https:\/\/destinocastillayleon.es\/index\/wp-content\/uploads\/2022\/12\/Bodega-de-la-Carcel-de-Penaranda-de-Duero-Imagen-del-Ayuntamiento.jpg\" alt=\"Bodega de la C\u00e1rcel de Pe\u00f1aranda de Duero - Imagen del Ayuntamiento\" width=\"640\" height=\"360\" class=\"size-full wp-image-36047\" srcset=\"https:\/\/destinocastillayleon.es\/index\/wp-content\/uploads\/2022\/12\/Bodega-de-la-Carcel-de-Penaranda-de-Duero-Imagen-del-Ayuntamiento.jpg 640w, https:\/\/destinocastillayleon.es\/index\/wp-content\/uploads\/2022\/12\/Bodega-de-la-Carcel-de-Penaranda-de-Duero-Imagen-del-Ayuntamiento-300x169.jpg 300w\" sizes=\"(max-width: 640px) 100vw, 640px\" \/><figcaption id=\"caption-attachment-36047\" class=\"wp-caption-text\">Bodega de la C\u00e1rcel de Pe\u00f1aranda de Duero &#8211; Imagen del Ayuntamiento<\/figcaption><\/figure>\n<p>La visita a esta bodega de la C\u00e1rcel <a href=\"https:\/\/www.civitatis.com\/es\/penaranda-de-duero\/visita-bodega-subterranea-carcel\/?aid=99913\" rel=\"NoFollow noopener\" target=\"_Blank\"><strong>requiere entrada anticipada<\/a><\/strong>. Incluye <strong>la visita, la degustaci\u00f3n de un vino de la Ribera del Duero<\/strong> en un vaso de barro cocido tradicional, que despu\u00e9s de la cata, puedes llevarte de recuerdo.<br \/>\n&nbsp;<\/p>\n<h3><strong>El propio pueblo, como bien de inter\u00e9s cultural<\/strong><\/h3>\n<p>Y, en cualquier caso, <strong>el simple hecho de dar un paseo por el casco hist\u00f3rico supone una maravilla<\/strong>. Casi todo este centro est\u00e1 conformado por casas centenarias con estructuras de madera a la vista y encalados los ladrillos de adobe. <strong>Es muy f\u00e1cil descubrir casas solariegas blasonadas<\/strong>.<\/p>\n<p><figure id=\"attachment_31937\" aria-describedby=\"caption-attachment-31937\" style=\"width: 640px\" class=\"wp-caption aligncenter\"><img src=https:\/\/destinocastillayleon.es\/index\/wp-content\/uploads\/2019\/10\/a01ef6a7dc594c2a03dd4b0d84ad15d2.jpg alt=\"Oficina de turismo - Destino Castilla y Le\u00f3n\" width=\"640\" height=\"426\" class=\"size-full wp-image-31937\" \/><figcaption id=\"caption-attachment-31937\" class=\"wp-caption-text\">Oficina de turismo &#8211; Destino Castilla y Le\u00f3n<\/figcaption><\/figure><a name=\"Llegar\"><\/a><br \/>\n&nbsp;<\/p>\n<h2><strong>Informaci\u00f3n de inter\u00e9s<\/strong><\/h2>\n<h3><strong>\u00bfC\u00f3mo llegar?<\/strong><\/h3>\n<p>Como dijimos al inicio, el problema de <a href=\"https:\/\/goo.gl\/maps\/EMqKpesUJg7yrcGt5\" rel=\"noopener noreferrer\" target=\"_blank\">Pe\u00f1aranda de Duero<\/a> es estar un tanto \u00aba desmano\u00bb, no mucho, pero igual lo suficiente como para que no sea un sitio de paso. <strong>Se llega desde la desviaci\u00f3n de la autopista A1 Madrid-Burgos, en Aranda de Duero<\/strong>, hacia la carretera <strong>BU-925<\/strong>.<\/p>\n<p><figure id=\"attachment_31938\" aria-describedby=\"caption-attachment-31938\" style=\"width: 580px\" class=\"wp-caption aligncenter\"><img src=https:\/\/destinocastillayleon.es\/index\/wp-content\/uploads\/2019\/10\/74002f66d25f29b1ace7ec58ead0bdde.jpg alt=\"Carretera de la Ribera del Duero burgalesa - Destino Castilla y Le\u00f3n\" width=\"580\" height=\"387\" class=\"size-full wp-image-31938\" \/><figcaption id=\"caption-attachment-31938\" class=\"wp-caption-text\">Carretera de la Ribera del Duero burgalesa &#8211; Destino Castilla y Le\u00f3n<\/figcaption><\/figure><a name=\"Dormir\"><\/a><\/p>\n<h3><strong>\u00bfD\u00f3nde alojarte?<\/strong><\/h3>\n<p>Te hemos dicho que este pueblo cuenta con el hotel rural la Posada del Palacio. <strong>No es un lugar donde hayamos estado, pero si hemos estado en la cafeter\u00eda, y no nos dej\u00f3 una buena impresi\u00f3n<\/strong>. No obstante, en el propio pueblo hay varias casas rurales y posadas.<\/p>\n<p>En plan econ\u00f3mico <strong>os recomendamos el <a href=\"https:\/\/www.booking.com\/hotel\/es\/alojamientos-palacete-penaranda-de-duero4.es.html?aid=1281624;sid=a35061beca099405596e1604a30404ca;age=12;dest_id=-396088;dest_type=city;dist=0;group_adults=2;group_children=1;hapos=1;hpos=1;no_rooms=1;req_adults=2;req_age=12;req_children=1;room1=A%2CA%2C12;sb_price_type=total;sr_order=popularity;srepoch=1572387446;srpvid=a9379cbb9e0f0119;type=total;ucfs=1&#038;#hotelTmpl\" rel=\"nofollow noopener noreferrer\" target=\"_Blank\"> Alojamientos Palacete<\/a><\/strong>, <a href=\"https:\/\/www.booking.com\/hotel\/es\/el-refugio-de-don-miguel.es.html?aid=1281624;sid=a35061beca099405596e1604a30404ca;atlas_src=sr_iw_title;dist=0;group_adults=2;group_children=1;no_rooms=1;room1=A%2CA%2C12;sb_price_type=total;type=total;ucfs=1&#038;\" rel=\"nofollow noopener noreferrer\" target=\"_Blank\"><strong>El Refugio de Don Miguel<\/strong><\/a>, o <a href=\"https:\/\/www.booking.com\/hotel\/es\/hospederia-amp-jaramillo.es.html?aid=1281624;sid=a35061beca099405596e1604a30404ca;atlas_src=sr_iw_title;dist=0;group_adults=2;group_children=1;no_rooms=1;room1=A%2CA%2C12;sb_price_type=total;type=total;ucfs=1&#038;\" rel=\"nofollow noopener noreferrer\" target=\"_Blank\"><strong>Hospeder\u00eda Jaramillo<\/strong><\/a>. Los tres presentan una buena opci\u00f3n.<\/p>\n<figure id=\"attachment_31921\" aria-describedby=\"caption-attachment-31921\" style=\"width: 580px\" class=\"wp-caption aligncenter\"><img src=https:\/\/destinocastillayleon.es\/index\/wp-content\/uploads\/2019\/10\/8a89f3423ff57bd7d32345f93c3ce2ad.jpg alt=\"Hospeder\u00eda Jaramillo en Pe\u00f1aranda de Duero - Imagen del Hotel\" width=\"580\" height=\"386\" class=\"size-full wp-image-31921\" \/><figcaption id=\"caption-attachment-31921\" class=\"wp-caption-text\">Hospeder\u00eda Jaramillo en Pe\u00f1aranda de Duero &#8211; Imagen del Hotel<\/figcaption><\/figure>\n<p>Aunque <strong>si no te importa alojarte en Pe\u00f1aranda, pero s\u00ed disfrutar de la ribera burgalesa, siempre tienes las opciones de quedarte en Aranda<\/strong>, en el <a href=\"https:\/\/www.booking.com\/hotel\/es\/tudancaaranda.es.html?aid=1281624;sid=a35061beca099405596e1604a30404ca;age=12;dest_id=-370993;dest_type=city;dist=0;group_adults=2;group_children=1;hapos=1;hpos=1;no_rooms=1;req_adults=2;req_age=12;req_children=1;room1=A%2CA%2C12;sb_price_type=total;sr_order=popularity;srepoch=1572387531;srpvid=b8f39ce5d1f802e6;type=total;ucfs=1&#038;#hotelTmpl\" rel=\"nofollow noopener noreferrer\" target=\"_Blank\">Hotel del \u00c1rea Tudanca<\/a>, o en el <a href=\"https:\/\/www.booking.com\/hotel\/es\/rural-restaurante-las-baronas.es.html?aid=1281624;sid=a35061beca099405596e1604a30404ca;age=12;dest_id=-401665;dest_type=city;dist=0;group_adults=2;group_children=1;hapos=1;hpos=1;no_rooms=1;req_adults=2;req_age=12;req_children=1;room1=A%2CA%2C12;sb_price_type=total;sr_order=popularity;srepoch=1572387487;srpvid=f5bc9ccfbd4a00d4;type=total;ucfs=1&#038;#hotelTmpl\" rel=\"nofollow noopener noreferrer\" target=\"_Blank\">Hotel rural Las Baronas<\/a>, <strong>en <a href=\"https:\/\/destinoysabor.com\/blog\/hotel-las-baronas-de-santa-cruz-de-salcedo\/\" rel=\"dofollow noopener noreferrer\" target=\"_Blank\">el hotel de Santa Cruz de la Salceda<\/a><\/strong>. Todos son sitios interesantes para quedarte a recorrer la comarca.<a name=\"Comer\"><\/a><\/p>\n<h3><strong>\u00bfD\u00f3nde comer en Pe\u00f1aranda?<\/strong><\/h3>\n<p><strong>No descubrimos tanta oferta gastron\u00f3mica como esper\u00e1bamos en un pueblo con tanto atractivo<\/strong>; y nuestra experiencia picando algo a media tarde no fue especialmente buena. No obstante, luego, al movernos por el pueblo, si vimos algunos lugares que ten\u00edan su atractivo.<\/p>\n<figure id=\"attachment_29473\" aria-describedby=\"caption-attachment-29473\" style=\"width: 580px\" class=\"wp-caption aligncenter\"><img src=https:\/\/destinocastillayleon.es\/index\/wp-content\/uploads\/2017\/06\/5721408f8f141de3ab9c826376c88210.jpg alt=\"Cuarto de lechazo asado como plato principal - Destino castilla y Le\u00f3n\" width=\"580\" class=\"size-full wp-image-29473\" \/><figcaption id=\"caption-attachment-29473\" class=\"wp-caption-text\">Cuarto de lechazo asado t\u00edpico burgal\u00e9s &#8211; Destino castilla y Le\u00f3n<\/figcaption><\/figure>\n<p>As\u00ed, por ejemplo, <strong>Bar Restaurante El refugio de Don Miguel<\/strong>, en la calle de la botica, 21; con men\u00fa desde 15\u20ac por persona. Otra opci\u00f3n, que nos sac\u00f3 de un apuro, fue<strong> en el bar El Palacete<\/strong>, que se encuentra frente al arco de entrada al casco hist\u00f3rico y que nos sirvi\u00f3 lo que necesit\u00e1bamos, tras la mala experiencia previa.<a name=\"Historia\"><\/a><\/p>\n<h3><strong>Entorno y contexto hist\u00f3rico<\/strong><\/h3>\n<p>Pe\u00f1aranda de Duero <strong>est\u00e1 sobre asentamientos prerromano de tribus ar\u00e9vacas y vasconas<\/strong>. Su fundaci\u00f3n se debe a su posici\u00f3n estrat\u00e9gica entre el r\u00edo Arandilla y la loma tras <strong>la reconquista de este territorio por los cristianos en el siglo X<\/strong>. Parece ser que estuvo bajo el amparo de Clunia, aunque m\u00e1s tarde ser\u00e1 gestionado desde San Esteban de Gormaz.<\/p>\n<figure id=\"attachment_19529\" aria-describedby=\"caption-attachment-19529\" style=\"width: 580px\" class=\"wp-caption aligncenter\"><img src=https:\/\/destinocastillayleon.es\/index\/wp-content\/uploads\/2015\/06\/1e54d0ac66ec6f20bd542e304154c57f.jpg alt=\"San Esteban de Gormaz - Destino Castilla y Le\u00f3n\" width=\"580\" class=\"size-full wp-image-19529\" \/><figcaption id=\"caption-attachment-19529\" class=\"wp-caption-text\">San Esteban de Gormaz &#8211; Destino Castilla y Le\u00f3n<\/figcaption><\/figure>\n<p>Tuvo varios se\u00f1ores, como el infante Don Pedro, hijo de Sancho IV de Castilla, aunque <strong>es bajo el reinado de Alfonso XI, que pasa a manos de los Avellaneda<\/strong>, tras el patrimonio de Aldonza de Avellaneda con Diego L\u00f3pez de Z\u00fa\u00f1iga en el siglo XV. Este linaje el que da nombre de os Avellaneda y empieza la saga familiar, <strong>llegando a su esplendor con el sexto conde de Miranda<\/strong>, que es ascendido a Duque de Miranda.<a name=\"Entorno\"><\/a><\/p>\n<h4><strong>Entorno de Pe\u00f1aranda<\/strong><\/h4>\n<p>Estamos en la Ribera del Duero burgalesa, <strong>un buen lugar para comer y disfrutar de buenos vinos de la DO. Ribera del Duero<\/strong>. Este pueblo posee bastantes cosas interesantes de conocer o visitar. Pero estamos rodeados de lugares interesantes para conocer.<\/p>\n<figure id=\"attachment_31612\" aria-describedby=\"caption-attachment-31612\" style=\"width: 580px\" class=\"wp-caption aligncenter\"><img src=https:\/\/destinocastillayleon.es\/index\/wp-content\/uploads\/2017\/06\/39a2e7754a0b57943fb9d38a5f67e66d.jpg alt=\"Santa Mar\u00eda de Gumiel de Iz\u00e1n - Destino Castilla y Le\u00f3n\" width=\"580\" class=\"size-full wp-image-31612\" \/><figcaption id=\"caption-attachment-31612\" class=\"wp-caption-text\">Santa Mar\u00eda de Gumiel de Iz\u00e1n &#8211; Destino Castilla y Le\u00f3n<\/figcaption><\/figure>\n<p>Sin \u00e1nimo de alargarnos m\u00e1s, <strong>ten\u00e9is la cabeza de comarca, <a href=https:\/\/destinocastillayleon.es\/index\/las-bodegas-subterraneas-de-aranda-de-duero\/>Aranda de Duero y sus bodegas subterr\u00e1neas<\/a><\/strong>; entre las que destaca <a href=\"https:\/\/www.civitatis.com\/es\/aranda-de-duero\/tour-museo-vino\/?aid=99913\" rel=\"NoFollow noopener\" target=\"_Blank\">la Bodega Museo, que es visitable<\/a>, y act\u00faa como <strong>Museo del Vino de Aranda del Duero<\/strong>, y en cuyo entorno puedes disfrutar de <a href=https:\/\/destinocastillayleon.es\/index\/de-tapas-por-aranda\/>un buen lugar de tapeo<\/a>. Cerca est\u00e1 <a href=https:\/\/destinocastillayleon.es\/index\/el-cotarro-ribera-del-duero-burgalesa\/><strong>Moradillo de Roa y su famoso barrio de bodegas<\/strong><\/a> que comparan con la Comarca de J.R.R. Tolkien, y algo de raz\u00f3n tienen. Igualmente <a href=https:\/\/destinocastillayleon.es\/index\/guia-de-gumiel-de-izan\/><strong>Gumiel de Iz\u00e1n<\/a>, con <a href=\"https:\/\/www.civitatis.com\/es\/gumiel-de-izan\/visita-bodegas-portia\/?aid=99913\" rel=\"noopener\" target=\"_blank\">sus famosa Bodega Portia<\/a> y su casi catedral<\/strong>. El <strong>Monasterio de la Vid<\/strong>, uno de los m\u00e1s bonitos. Y podr\u00edamos seguir, la zona da para mucho.<br \/>\n&nbsp;<\/p>\n<h4>Tambi\u00e9n te puede interesar<\/h4>\n<ul>\n<li><a href=https:\/\/destinocastillayleon.es\/index\/bodegas-balbas\/>Enoturismo con may\u00fasculas en Bodegas Balb\u00e1s<\/a>.<\/li>\n<li><a href=https:\/\/destinocastillayleon.es\/index\/bodegas-centenarias\/>Bodegas centenarias de Castilla y Le\u00f3n<\/a>.<\/li>\n<li><a href=https:\/\/destinocastillayleon.es\/index\/aranda-de-duero-con-grupo-tudanca\/>Escapada a Aranda de Duero con Grupo Tudanca<\/a>.<\/li>\n<li><a href=\"http:\/\/atavolaconilconte.es\/index\/lagar-de-isilla\/\" rel=\"noopener dofollow noreferrer\" target=\"_blank\">vinos de la Bodega el Lagar de Isilla<\/a>.<\/li>\n<\/ul>\n<p>&nbsp;<\/p>\n","protected":false},"excerpt":{"rendered":"<p>Viaja a la Ribera del Duero burgalesa para descubrir este pueblo medieval lleno de encanto. Se trata de Pe\u00f1aranda de Duero, un precioso pueblo cerca de Aranda de Duero, Burgos<\/p>\n","protected":false},"author":6,"featured_media":31927,"comment_status":"open","ping_status":"closed","sticky":false,"template":"","format":"standard","meta":{"rop_custom_images_group":[],"rop_custom_messages_group":[],"rop_publish_now":"initial","rop_publish_now_accounts":{"twitter_1150954226_1150954226":""},"rop_publish_now_history":[],"rop_publish_now_status":"pending","footnotes":""},"categories":[43,4721,48,68,45,73,384],"tags":[4750,752,5809,133],"class_list":["post-31877","post","type-post","status-publish","format-standard","has-post-thumbnail","hentry","category-burgos","category-burgos-turismo","category-enoturismo","category-post_inicial","category-provincias","category-punto_singular","category-rutas-2","tag-penaranda-de-duero","tag-que-hacer-en-burgos","tag-ribera-burgalesa","tag-ribera-del-duero"],"yoast_head":"<!-- This site is optimized with the Yoast SEO Premium plugin v20.4 (Yoast SEO v27.4) - https:\/\/yoast.com\/product\/yoast-seo-premium-wordpress\/ -->\n<title>Gu\u00eda para una visita a Pe\u00f1aranda de Duero - DestinoCyL<\/title>\n<meta name=\"description\" content=\"Viaja a la Ribera burgalesa y descubre este pueblo medieval lleno de encanto. Pe\u00f1aranda de Duero, un precioso pueblo cerca de Aranda de Duero\" \/>\n<meta name=\"robots\" content=\"index, follow, max-snippet:-1, max-image-preview:large, max-video-preview:-1\" \/>\n<link rel=\"canonical\" href=\"https:\/\/destinocastillayleon.es\/index\/penaranda-de-duero\/\" \/>\n<meta property=\"og:locale\" content=\"es_ES\" \/>\n<meta property=\"og:type\" content=\"article\" \/>\n<meta property=\"og:title\" content=\"Gu\u00eda para una visita a Pe\u00f1aranda de Duero - Destino Castilla y Le\u00f3n\" \/>\n<meta property=\"og:description\" content=\"Viaja a la Ribera del Duero burgalesa para descubrir este pueblo medieval lleno de encanto. Se trata de Pe\u00f1aranda de Duero, un precioso pueblo cerca de Aranda de Duero, Burgos\" \/>\n<meta property=\"og:url\" content=\"https:\/\/destinocastillayleon.es\/index\/penaranda-de-duero\/\" \/>\n<meta property=\"og:site_name\" content=\"Destino Castilla y Le\u00f3n\" \/>\n<meta property=\"article:publisher\" content=\"https:\/\/www.facebook.com\/DestinoCastillaYLeon\/\" \/>\n<meta property=\"article:published_time\" content=\"2022-12-23T05:22:53+00:00\" \/>\n<meta property=\"article:modified_time\" content=\"2023-10-17T14:09:32+00:00\" \/>\n<meta property=\"og:image\" content=\"https:\/\/destinocastillayleon.es\/index\/wp-content\/uploads\/2019\/10\/84b7be37a974c1088ee02621c0c11c01.jpg\" \/>\n\t<meta property=\"og:image:width\" content=\"980\" \/>\n\t<meta property=\"og:image:height\" content=\"600\" \/>\n\t<meta property=\"og:image:type\" content=\"image\/jpeg\" \/>\n<meta name=\"author\" content=\"Lola Hernandez\" \/>\n<meta name=\"twitter:card\" content=\"summary_large_image\" \/>\n<meta name=\"twitter:title\" content=\"Gu\u00eda para una visita a Pe\u00f1aranda de Duero - Destino Castilla y Le\u00f3n\" \/>\n<meta name=\"twitter:description\" content=\"Viaja a la Ribera del Duero burgalesa para descubrir este pueblo medieval lleno de encanto. Se trata de Pe\u00f1aranda de Duero, un precioso pueblo cerca de Aranda de Duero, Burgos\" \/>\n<meta name=\"twitter:creator\" content=\"@destinocyl\" \/>\n<meta name=\"twitter:site\" content=\"@destinocyl\" \/>\n<meta name=\"twitter:label1\" content=\"Escrito por\" \/>\n\t<meta name=\"twitter:data1\" content=\"Lola Hernandez\" \/>\n\t<meta name=\"twitter:label2\" content=\"Tiempo de lectura\" \/>\n\t<meta name=\"twitter:data2\" content=\"25 minutos\" \/>\n<script type=\"application\/ld+json\" class=\"yoast-schema-graph\">{\"@context\":\"https:\\\/\\\/schema.org\",\"@graph\":[{\"@type\":\"Article\",\"@id\":\"https:\\\/\\\/destinocastillayleon.es\\\/index\\\/penaranda-de-duero\\\/#article\",\"isPartOf\":{\"@id\":\"https:\\\/\\\/destinocastillayleon.es\\\/index\\\/penaranda-de-duero\\\/\"},\"author\":{\"name\":\"Lola Hernandez\",\"@id\":\"https:\\\/\\\/destinocastillayleon.es\\\/index\\\/#\\\/schema\\\/person\\\/49ffcb7eb307589ba529009335ed7767\"},\"headline\":\"Gu\u00eda para una visita a Pe\u00f1aranda de Duero\",\"datePublished\":\"2022-12-23T05:22:53+00:00\",\"dateModified\":\"2023-10-17T14:09:32+00:00\",\"mainEntityOfPage\":{\"@id\":\"https:\\\/\\\/destinocastillayleon.es\\\/index\\\/penaranda-de-duero\\\/\"},\"wordCount\":4456,\"commentCount\":2,\"image\":{\"@id\":\"https:\\\/\\\/destinocastillayleon.es\\\/index\\\/penaranda-de-duero\\\/#primaryimage\"},\"thumbnailUrl\":\"https:\\\/\\\/destinocastillayleon.es\\\/index\\\/wp-content\\\/uploads\\\/2019\\\/10\\\/84b7be37a974c1088ee02621c0c11c01.jpg\",\"keywords\":[\"Pe\u00f1aranda de duero\",\"que hacer en Burgos\",\"ribera burgalesa\",\"Ribera del Duero\"],\"articleSection\":[\"Burgos\",\"Burgos turismo\",\"enoturismo\",\"Post_inicial\",\"Provincias\",\"Punto Singular\",\"Rutas\"],\"inLanguage\":\"es\",\"potentialAction\":[{\"@type\":\"CommentAction\",\"name\":\"Comment\",\"target\":[\"https:\\\/\\\/destinocastillayleon.es\\\/index\\\/penaranda-de-duero\\\/#respond\"]}]},{\"@type\":\"WebPage\",\"@id\":\"https:\\\/\\\/destinocastillayleon.es\\\/index\\\/penaranda-de-duero\\\/\",\"url\":\"https:\\\/\\\/destinocastillayleon.es\\\/index\\\/penaranda-de-duero\\\/\",\"name\":\"Gu\u00eda para una visita a Pe\u00f1aranda de Duero - DestinoCyL\",\"isPartOf\":{\"@id\":\"https:\\\/\\\/destinocastillayleon.es\\\/index\\\/#website\"},\"primaryImageOfPage\":{\"@id\":\"https:\\\/\\\/destinocastillayleon.es\\\/index\\\/penaranda-de-duero\\\/#primaryimage\"},\"image\":{\"@id\":\"https:\\\/\\\/destinocastillayleon.es\\\/index\\\/penaranda-de-duero\\\/#primaryimage\"},\"thumbnailUrl\":\"https:\\\/\\\/destinocastillayleon.es\\\/index\\\/wp-content\\\/uploads\\\/2019\\\/10\\\/84b7be37a974c1088ee02621c0c11c01.jpg\",\"datePublished\":\"2022-12-23T05:22:53+00:00\",\"dateModified\":\"2023-10-17T14:09:32+00:00\",\"author\":{\"@id\":\"https:\\\/\\\/destinocastillayleon.es\\\/index\\\/#\\\/schema\\\/person\\\/49ffcb7eb307589ba529009335ed7767\"},\"description\":\"Viaja a la Ribera burgalesa y descubre este pueblo medieval lleno de encanto. Pe\u00f1aranda de Duero, un precioso pueblo cerca de Aranda de Duero\",\"breadcrumb\":{\"@id\":\"https:\\\/\\\/destinocastillayleon.es\\\/index\\\/penaranda-de-duero\\\/#breadcrumb\"},\"inLanguage\":\"es\",\"potentialAction\":[{\"@type\":\"ReadAction\",\"target\":[\"https:\\\/\\\/destinocastillayleon.es\\\/index\\\/penaranda-de-duero\\\/\"]}]},{\"@type\":\"ImageObject\",\"inLanguage\":\"es\",\"@id\":\"https:\\\/\\\/destinocastillayleon.es\\\/index\\\/penaranda-de-duero\\\/#primaryimage\",\"url\":\"https:\\\/\\\/destinocastillayleon.es\\\/index\\\/wp-content\\\/uploads\\\/2019\\\/10\\\/84b7be37a974c1088ee02621c0c11c01.jpg\",\"contentUrl\":\"https:\\\/\\\/destinocastillayleon.es\\\/index\\\/wp-content\\\/uploads\\\/2019\\\/10\\\/84b7be37a974c1088ee02621c0c11c01.jpg\",\"width\":980,\"height\":600,\"caption\":\"Pe\u00f1aranda de Duero - Destino Castilla y Le\u00f3n\"},{\"@type\":\"BreadcrumbList\",\"@id\":\"https:\\\/\\\/destinocastillayleon.es\\\/index\\\/penaranda-de-duero\\\/#breadcrumb\",\"itemListElement\":[{\"@type\":\"ListItem\",\"position\":1,\"name\":\"Portada\",\"item\":\"https:\\\/\\\/destinocastillayleon.es\\\/index\\\/\"},{\"@type\":\"ListItem\",\"position\":2,\"name\":\"Gu\u00eda para una visita a Pe\u00f1aranda de Duero\"}]},{\"@type\":\"WebSite\",\"@id\":\"https:\\\/\\\/destinocastillayleon.es\\\/index\\\/#website\",\"url\":\"https:\\\/\\\/destinocastillayleon.es\\\/index\\\/\",\"name\":\"Destino Castilla y Le\u00f3n\",\"description\":\"Medio digital independiente y revista de Castilla y Le\u00f3n dedicado al turismo, gastronom\u00eda y vino de Castilla y Le\u00f3n\",\"potentialAction\":[{\"@type\":\"SearchAction\",\"target\":{\"@type\":\"EntryPoint\",\"urlTemplate\":\"https:\\\/\\\/destinocastillayleon.es\\\/index\\\/?s={search_term_string}\"},\"query-input\":{\"@type\":\"PropertyValueSpecification\",\"valueRequired\":true,\"valueName\":\"search_term_string\"}}],\"inLanguage\":\"es\"},{\"@type\":\"Person\",\"@id\":\"https:\\\/\\\/destinocastillayleon.es\\\/index\\\/#\\\/schema\\\/person\\\/49ffcb7eb307589ba529009335ed7767\",\"name\":\"Lola Hernandez\",\"image\":{\"@type\":\"ImageObject\",\"inLanguage\":\"es\",\"@id\":\"https:\\\/\\\/secure.gravatar.com\\\/avatar\\\/72ead65e55ad0522fba484acfe2842bf78b2f7c727df41d76fed78a85519da34?s=96&d=mm&r=g\",\"url\":\"https:\\\/\\\/secure.gravatar.com\\\/avatar\\\/72ead65e55ad0522fba484acfe2842bf78b2f7c727df41d76fed78a85519da34?s=96&d=mm&r=g\",\"contentUrl\":\"https:\\\/\\\/secure.gravatar.com\\\/avatar\\\/72ead65e55ad0522fba484acfe2842bf78b2f7c727df41d76fed78a85519da34?s=96&d=mm&r=g\",\"caption\":\"Lola Hernandez\"},\"description\":\"Lola Hern\u00e1ndez fue fundadora y directora de www.destinocastillayleon.es Escribiendo sobre turismo, gastronom\u00eda y vino de su tierra de origen, Castilla y Le\u00f3n.\",\"sameAs\":[\"http:\\\/\\\/www.destinoysabor.com\\\/blog\"],\"url\":\"https:\\\/\\\/destinocastillayleon.es\\\/index\\\/author\\\/lola-hernandez\\\/\"}]}<\/script>\n<!-- \/ Yoast SEO Premium plugin. -->","yoast_head_json":{"title":"Gu\u00eda para una visita a Pe\u00f1aranda de Duero - DestinoCyL","description":"Viaja a la Ribera burgalesa y descubre este pueblo medieval lleno de encanto. Pe\u00f1aranda de Duero, un precioso pueblo cerca de Aranda de Duero","robots":{"index":"index","follow":"follow","max-snippet":"max-snippet:-1","max-image-preview":"max-image-preview:large","max-video-preview":"max-video-preview:-1"},"canonical":"https:\/\/destinocastillayleon.es\/index\/penaranda-de-duero\/","og_locale":"es_ES","og_type":"article","og_title":"Gu\u00eda para una visita a Pe\u00f1aranda de Duero - Destino Castilla y Le\u00f3n","og_description":"Viaja a la Ribera del Duero burgalesa para descubrir este pueblo medieval lleno de encanto. Se trata de Pe\u00f1aranda de Duero, un precioso pueblo cerca de Aranda de Duero, Burgos","og_url":"https:\/\/destinocastillayleon.es\/index\/penaranda-de-duero\/","og_site_name":"Destino Castilla y Le\u00f3n","article_publisher":"https:\/\/www.facebook.com\/DestinoCastillaYLeon\/","article_published_time":"2022-12-23T05:22:53+00:00","article_modified_time":"2023-10-17T14:09:32+00:00","og_image":[{"width":980,"height":600,"url":"https:\/\/destinocastillayleon.es\/index\/wp-content\/uploads\/2019\/10\/84b7be37a974c1088ee02621c0c11c01.jpg","type":"image\/jpeg"}],"author":"Lola Hernandez","twitter_card":"summary_large_image","twitter_title":"Gu\u00eda para una visita a Pe\u00f1aranda de Duero - Destino Castilla y Le\u00f3n","twitter_description":"Viaja a la Ribera del Duero burgalesa para descubrir este pueblo medieval lleno de encanto. Se trata de Pe\u00f1aranda de Duero, un precioso pueblo cerca de Aranda de Duero, Burgos","twitter_creator":"@destinocyl","twitter_site":"@destinocyl","twitter_misc":{"Escrito por":"Lola Hernandez","Tiempo de lectura":"25 minutos"},"schema":{"@context":"https:\/\/schema.org","@graph":[{"@type":"Article","@id":"https:\/\/destinocastillayleon.es\/index\/penaranda-de-duero\/#article","isPartOf":{"@id":"https:\/\/destinocastillayleon.es\/index\/penaranda-de-duero\/"},"author":{"name":"Lola Hernandez","@id":"https:\/\/destinocastillayleon.es\/index\/#\/schema\/person\/49ffcb7eb307589ba529009335ed7767"},"headline":"Gu\u00eda para una visita a Pe\u00f1aranda de Duero","datePublished":"2022-12-23T05:22:53+00:00","dateModified":"2023-10-17T14:09:32+00:00","mainEntityOfPage":{"@id":"https:\/\/destinocastillayleon.es\/index\/penaranda-de-duero\/"},"wordCount":4456,"commentCount":2,"image":{"@id":"https:\/\/destinocastillayleon.es\/index\/penaranda-de-duero\/#primaryimage"},"thumbnailUrl":"https:\/\/destinocastillayleon.es\/index\/wp-content\/uploads\/2019\/10\/84b7be37a974c1088ee02621c0c11c01.jpg","keywords":["Pe\u00f1aranda de duero","que hacer en Burgos","ribera burgalesa","Ribera del Duero"],"articleSection":["Burgos","Burgos turismo","enoturismo","Post_inicial","Provincias","Punto Singular","Rutas"],"inLanguage":"es","potentialAction":[{"@type":"CommentAction","name":"Comment","target":["https:\/\/destinocastillayleon.es\/index\/penaranda-de-duero\/#respond"]}]},{"@type":"WebPage","@id":"https:\/\/destinocastillayleon.es\/index\/penaranda-de-duero\/","url":"https:\/\/destinocastillayleon.es\/index\/penaranda-de-duero\/","name":"Gu\u00eda para una visita a Pe\u00f1aranda de Duero - DestinoCyL","isPartOf":{"@id":"https:\/\/destinocastillayleon.es\/index\/#website"},"primaryImageOfPage":{"@id":"https:\/\/destinocastillayleon.es\/index\/penaranda-de-duero\/#primaryimage"},"image":{"@id":"https:\/\/destinocastillayleon.es\/index\/penaranda-de-duero\/#primaryimage"},"thumbnailUrl":"https:\/\/destinocastillayleon.es\/index\/wp-content\/uploads\/2019\/10\/84b7be37a974c1088ee02621c0c11c01.jpg","datePublished":"2022-12-23T05:22:53+00:00","dateModified":"2023-10-17T14:09:32+00:00","author":{"@id":"https:\/\/destinocastillayleon.es\/index\/#\/schema\/person\/49ffcb7eb307589ba529009335ed7767"},"description":"Viaja a la Ribera burgalesa y descubre este pueblo medieval lleno de encanto. Pe\u00f1aranda de Duero, un precioso pueblo cerca de Aranda de Duero","breadcrumb":{"@id":"https:\/\/destinocastillayleon.es\/index\/penaranda-de-duero\/#breadcrumb"},"inLanguage":"es","potentialAction":[{"@type":"ReadAction","target":["https:\/\/destinocastillayleon.es\/index\/penaranda-de-duero\/"]}]},{"@type":"ImageObject","inLanguage":"es","@id":"https:\/\/destinocastillayleon.es\/index\/penaranda-de-duero\/#primaryimage","url":"https:\/\/destinocastillayleon.es\/index\/wp-content\/uploads\/2019\/10\/84b7be37a974c1088ee02621c0c11c01.jpg","contentUrl":"https:\/\/destinocastillayleon.es\/index\/wp-content\/uploads\/2019\/10\/84b7be37a974c1088ee02621c0c11c01.jpg","width":980,"height":600,"caption":"Pe\u00f1aranda de Duero - Destino Castilla y Le\u00f3n"},{"@type":"BreadcrumbList","@id":"https:\/\/destinocastillayleon.es\/index\/penaranda-de-duero\/#breadcrumb","itemListElement":[{"@type":"ListItem","position":1,"name":"Portada","item":"https:\/\/destinocastillayleon.es\/index\/"},{"@type":"ListItem","position":2,"name":"Gu\u00eda para una visita a Pe\u00f1aranda de Duero"}]},{"@type":"WebSite","@id":"https:\/\/destinocastillayleon.es\/index\/#website","url":"https:\/\/destinocastillayleon.es\/index\/","name":"Destino Castilla y Le\u00f3n","description":"Medio digital independiente y revista de Castilla y Le\u00f3n dedicado al turismo, gastronom\u00eda y vino de Castilla y Le\u00f3n","potentialAction":[{"@type":"SearchAction","target":{"@type":"EntryPoint","urlTemplate":"https:\/\/destinocastillayleon.es\/index\/?s={search_term_string}"},"query-input":{"@type":"PropertyValueSpecification","valueRequired":true,"valueName":"search_term_string"}}],"inLanguage":"es"},{"@type":"Person","@id":"https:\/\/destinocastillayleon.es\/index\/#\/schema\/person\/49ffcb7eb307589ba529009335ed7767","name":"Lola Hernandez","image":{"@type":"ImageObject","inLanguage":"es","@id":"https:\/\/secure.gravatar.com\/avatar\/72ead65e55ad0522fba484acfe2842bf78b2f7c727df41d76fed78a85519da34?s=96&d=mm&r=g","url":"https:\/\/secure.gravatar.com\/avatar\/72ead65e55ad0522fba484acfe2842bf78b2f7c727df41d76fed78a85519da34?s=96&d=mm&r=g","contentUrl":"https:\/\/secure.gravatar.com\/avatar\/72ead65e55ad0522fba484acfe2842bf78b2f7c727df41d76fed78a85519da34?s=96&d=mm&r=g","caption":"Lola Hernandez"},"description":"Lola Hern\u00e1ndez fue fundadora y directora de www.destinocastillayleon.es Escribiendo sobre turismo, gastronom\u00eda y vino de su tierra de origen, Castilla y Le\u00f3n.","sameAs":["http:\/\/www.destinoysabor.com\/blog"],"url":"https:\/\/destinocastillayleon.es\/index\/author\/lola-hernandez\/"}]}},"_links":{"self":[{"href":"https:\/\/destinocastillayleon.es\/index\/wp-json\/wp\/v2\/posts\/31877","targetHints":{"allow":["GET"]}}],"collection":[{"href":"https:\/\/destinocastillayleon.es\/index\/wp-json\/wp\/v2\/posts"}],"about":[{"href":"https:\/\/destinocastillayleon.es\/index\/wp-json\/wp\/v2\/types\/post"}],"author":[{"embeddable":true,"href":"https:\/\/destinocastillayleon.es\/index\/wp-json\/wp\/v2\/users\/6"}],"replies":[{"embeddable":true,"href":"https:\/\/destinocastillayleon.es\/index\/wp-json\/wp\/v2\/comments?post=31877"}],"version-history":[{"count":39,"href":"https:\/\/destinocastillayleon.es\/index\/wp-json\/wp\/v2\/posts\/31877\/revisions"}],"predecessor-version":[{"id":37917,"href":"https:\/\/destinocastillayleon.es\/index\/wp-json\/wp\/v2\/posts\/31877\/revisions\/37917"}],"wp:featuredmedia":[{"embeddable":true,"href":"https:\/\/destinocastillayleon.es\/index\/wp-json\/wp\/v2\/media\/31927"}],"wp:attachment":[{"href":"https:\/\/destinocastillayleon.es\/index\/wp-json\/wp\/v2\/media?parent=31877"}],"wp:term":[{"taxonomy":"category","embeddable":true,"href":"https:\/\/destinocastillayleon.es\/index\/wp-json\/wp\/v2\/categories?post=31877"},{"taxonomy":"post_tag","embeddable":true,"href":"https:\/\/destinocastillayleon.es\/index\/wp-json\/wp\/v2\/tags?post=31877"}],"curies":[{"name":"wp","href":"https:\/\/api.w.org\/{rel}","templated":true}]}}