{"id":31855,"date":"2019-11-06T06:17:15","date_gmt":"2019-11-06T05:17:15","guid":{"rendered":"https:\/\/destinocastillayleon.es\/index\/?p=31855"},"modified":"2019-11-05T19:41:58","modified_gmt":"2019-11-05T18:41:58","slug":"dia-del-enoturismo-2019","status":"publish","type":"post","link":"https:\/\/destinocastillayleon.es\/index\/dia-del-enoturismo-2019\/","title":{"rendered":"D\u00eda del Enoturismo 2019"},"content":{"rendered":"<p>Para mucha gente <strong>el d\u00eda 10 de noviembre<\/strong> no significa nada, pero <strong>en esta fecha se celebra el D\u00eda Europeo del Enoturismo 2019<\/strong>, una iniciativa instaurada por <a href=\"http:\/\/www.recevin.eu\/\" rel=\"nofollow noopener noreferrer\" target=\"_blank\">RECEVIN<\/a>, <strong>Red Europea de las Ciudades del Vino<\/strong> en 2009, para celebrar de forma conjunta una serie de <strong>actividades a nivel europeo relacionadas con el turismo de vino<\/strong>. Espa\u00f1a no est\u00e1 fuera de esta red, y son muchos, cada vez m\u00e1s, los municipios que elaboran un programa de actividades relacionadas con esta celebraci\u00f3n. <\/p>\n<h2><strong>El d\u00eda Europeo del Enoturismo<\/strong><\/h2>\n<p>Esta iniciativa surgi\u00f3 con <strong>la idea de dar difusi\u00f3n internacional al turismo del vino de forma paralela en todos los pa\u00edses europeos favoreciendo as\u00ed una homogeneizaci\u00f3n de los est\u00e1ndares de calidad<\/strong> de las diferentes rutas del vino europeo. As\u00ed esta federaci\u00f3n que engloba a las asociaciones de Rutas del vino de cada pa\u00eds europeo donde existe, coordina las diferentes actividades, para que este d\u00eda sea cada vez m\u00e1s conocido.<\/p>\n<figure id=\"attachment_28910\" aria-describedby=\"caption-attachment-28910\" style=\"width: 640px\" class=\"wp-caption aligncenter\"><img decoding=\"async\" src=\"https:\/\/destinocastillayleon.es\/index\/wp-content\/uploads\/2017\/06\/Enoturismo-con-bodegas-Comenge-Imagen-de-la-bodega.jpg\" alt=\"Enoturismo con bodegas Comenge - Imagen de la bodega\" width=\"640\" height=\"400\" class=\"size-full wp-image-28910\" srcset=\"https:\/\/destinocastillayleon.es\/index\/wp-content\/uploads\/2017\/06\/Enoturismo-con-bodegas-Comenge-Imagen-de-la-bodega.jpg 640w, https:\/\/destinocastillayleon.es\/index\/wp-content\/uploads\/2017\/06\/Enoturismo-con-bodegas-Comenge-Imagen-de-la-bodega-300x188.jpg 300w\" sizes=\"(max-width: 640px) 100vw, 640px\" \/><figcaption id=\"caption-attachment-28910\" class=\"wp-caption-text\">Enoturismo con bodegas Comenge &#8211; Imagen de la bodega<\/figcaption><\/figure>\n<h3><strong>Actividades<\/strong><\/h3>\n<ul>\n<li><a href=\"#Rueda\">Actividades del ayuntamiento de Rueda<\/a>.<\/li>\n<p><a href=\"#Ruta-Vino-Rueda\">Actividades de la Ruta del Vino de Rueda<\/a>.<\/li>\n<\/ul>\n<p><a name=\"Rueda\"><\/a><br \/>\n&nbsp;<\/p>\n<h3><strong>Celebraci\u00f3n del d\u00eda europeo del enoturismo en Rueda<\/strong><\/h3>\n<p><a href=\"https:\/\/destinocastillayleon.es\/index\/enoturismo-en-rueda\/\">Rueda<\/a>, como hemos comentado, <strong>una de las grandes capitales del vino en Espa\u00f1a<\/strong>, tiene preparado una serie de actividades <strong>coordinadas por el Ayuntamiento de Rueda y el Consejo Regulador de la Denominaci\u00f3n de Origen<\/strong>.<\/p>\n<figure id=\"attachment_25984\" aria-describedby=\"caption-attachment-25984\" style=\"width: 533px\" class=\"wp-caption aligncenter\"><img decoding=\"async\" src=\"https:\/\/destinocastillayleon.es\/index\/wp-content\/uploads\/2017\/08\/07878d66ca735c732a26ab3339ae05d4.jpg\" alt=\"Rueda en el d\u00eda del Enoturismo 2019 - Destino Castilla y Le\u00f3n\" title=\"Iglesia de la Asunci\u00f3n de Rueda\" width=\"533\" height=\"400\" class=\"size-full wp-image-25984\" srcset=\"https:\/\/destinocastillayleon.es\/index\/wp-content\/uploads\/2017\/08\/07878d66ca735c732a26ab3339ae05d4.jpg 533w, https:\/\/destinocastillayleon.es\/index\/wp-content\/uploads\/2017\/08\/07878d66ca735c732a26ab3339ae05d4-300x225.jpg 300w\" sizes=\"(max-width: 533px) 100vw, 533px\" \/><figcaption id=\"caption-attachment-25984\" class=\"wp-caption-text\">Iglesia de Santa Mar\u00eda de la Asunci\u00f3n de Rueda &#8211; Destino Castilla y Le\u00f3n<\/figcaption><\/figure>\n<p>En concreto <strong>se podr\u00e1 visitar la casona del siglo XVIII, de estilo mud\u00e9jar castellano<\/strong>, que acoge al propio consejo regulador, la instituci\u00f3n de estas caracter\u00edsticas m\u00e1s antigua de Castilla y Le\u00f3n. De esta forma quieren dar a <strong>conocer las diferentes estancias de este cas\u00f3n emblem\u00e1tico dentro de Rueda<\/strong>, y mostrar los usos que suelen albergar.<\/p>\n<p>Adem\u00e1s, tras la visita, <strong>los asistentes podr\u00e1n disfrutar de una cata de un vino blanco verdejo<\/strong>, junto a un aperitivo, en el ayuntamiento de la localidad. <\/p>\n<figure id=\"attachment_25978\" aria-describedby=\"caption-attachment-25978\" style=\"width: 640px\" class=\"wp-caption aligncenter\"><img decoding=\"async\" src=\"https:\/\/destinocastillayleon.es\/index\/wp-content\/uploads\/2017\/08\/d931025fae373253854cad9e280cdd88.jpg\" alt=\"Casa del Consejo regulador de la D.O. Rueda - Destino Castilla y Le\u00f3n\" width=\"640\" height=\"400\" class=\"size-full wp-image-25978\" srcset=\"https:\/\/destinocastillayleon.es\/index\/wp-content\/uploads\/2017\/08\/d931025fae373253854cad9e280cdd88.jpg 640w, https:\/\/destinocastillayleon.es\/index\/wp-content\/uploads\/2017\/08\/d931025fae373253854cad9e280cdd88-300x188.jpg 300w\" sizes=\"(max-width: 640px) 100vw, 640px\" \/><figcaption id=\"caption-attachment-25978\" class=\"wp-caption-text\">Casa del Consejo regulador de la D.O. Rueda &#8211; Destino Castilla y Le\u00f3n<\/figcaption><\/figure>\n<p>La visita <strong>es gratuita<\/strong>, aunque tiene <strong>plazas limitadas<\/strong>. Para asistir es necesario realizar una reserva previa mediante una llamada telef\u00f3nica o email:<br \/>\nTelf.: +34 657 727 738<br \/>\n@.: <a href=\"mailto.turismo@rueda.gob.es.\">turismo@rueda.gob.es.<\/a><\/p>\n<p>Como pod\u00e9is ver, <strong>Rueda es un lugar con gran actividad<\/strong> y que se mueve, <strong>lo que hace de esta poblaci\u00f3n vallisoletana un bueno destino de Enoturismo<\/strong>, que se complementa con la gran cantidad de pueblos en las proximidades, como <a href=\"https:\/\/destinocastillayleon.es\/index\/rutas-historicas-por-medina-del-campo\/\">Medina del Campo<\/a>, <a href=\"https:\/\/destinocastillayleon.es\/index\/que-ver-en-serrada\/\">Serrada<\/a>, <a href=\"https:\/\/destinocastillayleon.es\/index\/enoturismo-en-la-seca\/\">La Seca<\/a>, <a href=\"https:\/\/destinocastillayleon.es\/index\/visita-olmedo-la-ciudad-del-caballero\/\">Olmedo<\/a>, o Nava del Rey, entro otros muchos.<\/p>\n<h4><strong>Informaci\u00f3n adicional<\/strong><\/h4>\n<p><strong>\u00bfC\u00f3mo llegar?<\/strong><br \/>\n<a href=\"https:\/\/goo.gl\/maps\/iMTo6MxX6gNETACe9\" rel=\"noopener noreferrer\" target=\"_blank\">Rueda<\/a> est\u00e1 <strong>muy bien comunicada<\/strong>, al estar en el km. 170 de la <strong>autov\u00eda A6<\/strong>, Madrid-La Coru\u00f1a.<\/p>\n<p><strong>\u00bfD\u00f3nde alojarte?<\/strong><br \/>\nHay bastantes casas rurales y hoteles en el entorno, una buena escapada de enoturismo en la zona da para mucho, por lo que te recomendamos hacer noche. Un buen lugar en Rueda es en la <a href=\"https:\/\/www.booking.com\/searchresults.es.html?city=-399846&#038;aid=1281624&#038;no_rooms=1&#038;group_adults=2&#038;group_children=1&#038;room1=A%2CA%2C12#map_closed\" rel=\"noopener noreferrer\" target=\"_blank\">Casa Rural Villa Calera<\/a>.<\/p>\n<figure id=\"attachment_31633\" aria-describedby=\"caption-attachment-31633\" style=\"width: 580px\" class=\"wp-caption aligncenter\"><img decoding=\"async\" src=\"https:\/\/destinocastillayleon.es\/index\/wp-content\/uploads\/2017\/06\/Casa-Rural-Villa-Calera-en-Rueda-Imagen-de-la-casa-rural.jpg\" alt=\"Casa Rural Villa Calera en Rueda - Imagen de la casa rural\" width=\"580\" height=\"386\" class=\"size-full wp-image-31633\" srcset=\"https:\/\/destinocastillayleon.es\/index\/wp-content\/uploads\/2017\/06\/Casa-Rural-Villa-Calera-en-Rueda-Imagen-de-la-casa-rural.jpg 580w, https:\/\/destinocastillayleon.es\/index\/wp-content\/uploads\/2017\/06\/Casa-Rural-Villa-Calera-en-Rueda-Imagen-de-la-casa-rural-300x200.jpg 300w\" sizes=\"(max-width: 580px) 100vw, 580px\" \/><figcaption id=\"caption-attachment-31633\" class=\"wp-caption-text\">Casa Rural Villa Calera en Rueda &#8211; Imagen de la casa rural<\/figcaption><\/figure>\n<p><strong>\u00bfD\u00f3nde comer?<\/strong><br \/>\nPor nuestra experiencia, <strong>te recomendamos con una grand\u00edsima relaci\u00f3n calidad precio, comer en la Taberna El Foro<\/strong>, justo enfrente del cas\u00f3n del Consejo Regulador de la DO. Otra opci\u00f3n es el Rte. de las Bodegas del Grupo Yllera.<a name=\"Ruta-Vino-Rueda\"><\/a><\/p>\n<h2><strong>Actividades del D\u00eda Europeo del Enoturismo en la Ruta del Vino de Rueda<\/strong><\/h2>\n<p>Nos ha llegado la informaci\u00f3n de la <a href=\"https:\/\/www.rutadelvinoderueda.com\/es\/\" rel=\"nofollow noopener noreferrer\" target=\"_blank\">Ruta del Vino de Rueda<\/a>, la asociaci\u00f3n dedicada al fomento del turismo del vino en la zona de la DO. Rueda.<\/p>\n<figure id=\"attachment_29174\" aria-describedby=\"caption-attachment-29174\" style=\"width: 580px\" class=\"wp-caption aligncenter\"><img decoding=\"async\" src=\"https:\/\/destinocastillayleon.es\/index\/wp-content\/uploads\/2017\/06\/Semana-del-Enoturismo-en-la-Ruta-del-Vino-de-Rueda.jpg\" alt=\"Semana del Enoturismo en la Ruta del Vino de Rueda\" width=\"580\" height=\"110\" class=\"size-full wp-image-29174\" srcset=\"https:\/\/destinocastillayleon.es\/index\/wp-content\/uploads\/2017\/06\/Semana-del-Enoturismo-en-la-Ruta-del-Vino-de-Rueda.jpg 580w, https:\/\/destinocastillayleon.es\/index\/wp-content\/uploads\/2017\/06\/Semana-del-Enoturismo-en-la-Ruta-del-Vino-de-Rueda-300x57.jpg 300w\" sizes=\"(max-width: 580px) 100vw, 580px\" \/><figcaption id=\"caption-attachment-29174\" class=\"wp-caption-text\">Semana del Enoturismo en la Ruta del Vino de Rueda<\/figcaption><\/figure>\n<h3><strong>De Bodegas<\/strong><\/h3>\n<p>Pilar esencial del enoturismo, las bodegas abrir\u00e1n ese d\u00eda con una programaci\u00f3n especial:<\/p>\n<h4><strong>Bodegas Cuatro Rayas<\/strong><\/h4>\n<p>Han preparado una <strong>cata especial de vinos turbios en La Seca<\/strong>. Especialmente dirigida para los amantes del vino, ya que estos vinos est\u00e1n a\u00fan sin clarificar ni estabilizar. Es una experiencia \u00fanica probarlos.<\/p>\n<p><strong>D\u00edas 4, 5, 6, 7 y 8 de noviembre<\/strong><\/p>\n<ul>\n<li>Sesiones: 11.30 y a las 16.30 horas (duraci\u00f3n aproximada 90 minutos)<\/li>\n<li>Precio: <strong>10 \u20ac\/persona<\/strong>.<\/li>\n<li>Incluye: Visita y cata. <\/li>\n<\/ul>\n<p>&nbsp;<br \/>\n<strong>D\u00eda: s\u00e1bado 9 de noviembre<\/strong><\/p>\n<ul>\n<li>Sesiones: 11.30 y a las 16.30 horas (duraci\u00f3n aproximada 90 minutos)<\/li>\n<li>Precio: <strong>15 \u20ac\/persona<\/strong>.<\/li>\n<li>Incluye: Visita, cata y pincho. <\/li>\n<\/ul>\n<p>&nbsp;<br \/>\nImportante: Obligatorio reservar con 24 horas de antelaci\u00f3n en <a href=\"mailto.enoturismo@cuatrorayas.es\">enoturismo@cuatrorayas.es<\/a> o contactar en el +34 647 740 517<br \/>\n&nbsp;<\/p>\n<h4><strong>Bodegas Montepedroso<\/strong><\/h4>\n<p>Esta bodega ha preparado una \u2018<em>Cata Especial de Fincas Singulares<\/em>\u2018, un viaje a trav\u00e9s de los sentidos para descubrir cinco vinos procedentes de cinco terru\u00f1os diferentes.<\/p>\n<p><strong>Fecha: Del 6 al 10 de noviembre<\/strong><\/p>\n<ul>\n<li>Horario: Consultar todos los horarios disponibles.<\/li>\n<li>Incluye: Visita guiada a la bodega de elaboraci\u00f3n de vinos blancos DO Rueda y cata de cinco vinos singulares. <\/li>\n<li>Precio: <strong>10\u20ac\/persona<\/strong>.<\/li>\n<\/ul>\n<p>&nbsp;<br \/>\nPara ampliar informaci\u00f3n y realizar las reservas, contactar al +34 983 868 977 o al email: <a href=\"montepedroso@bujanda.com\">montepedroso@bujanda.com<\/a>.<\/p>\n<h4><strong>Bodegas Menade<\/strong><\/h4>\n<p>Esta bodega de La Seca ha preparado la fiesta del vino &#8216;<em>Menade by Secala<\/em>&#8216; que consiste en una cata directa de barricas de las a\u00f1adas 2019, 2018 y 2017 de sus vinos. <\/p>\n<figure id=\"attachment_22749\" aria-describedby=\"caption-attachment-22749\" style=\"width: 640px\" class=\"wp-caption aligncenter\"><img decoding=\"async\" src=\"https:\/\/destinocastillayleon.es\/index\/wp-content\/uploads\/2016\/05\/Visita-a-una-bodega-subterranea.jpg\" alt=\"Visita a una bodega subterranea\" width=\"640\" height=\"400\" class=\"size-full wp-image-22749\" srcset=\"https:\/\/destinocastillayleon.es\/index\/wp-content\/uploads\/2016\/05\/Visita-a-una-bodega-subterranea.jpg 640w, https:\/\/destinocastillayleon.es\/index\/wp-content\/uploads\/2016\/05\/Visita-a-una-bodega-subterranea-300x188.jpg 300w\" sizes=\"(max-width: 640px) 100vw, 640px\" \/><figcaption id=\"caption-attachment-22749\" class=\"wp-caption-text\">Visita a una bodega subterranea &#8211; Imagen cortes\u00eda de Bodegas Menade<\/figcaption><\/figure>\n<p><strong>D\u00eda de visita: 10 noviembre.<\/strong><\/p>\n<ul>\n<li>Duraci\u00f3n 1 hora; aunque habr\u00e1 2 turnos: 11:00 a 12:00 horas y de 13:00 a 14:00 horas.<\/li>\n<li>Precio: <strong>15\u20ac\/persona<\/strong>.<\/li>\n<li>Plazas limitadas: 12 personas por turno<\/li>\n<\/ul>\n<p>&nbsp;<br \/>\nM\u00e1s informaci\u00f3n: <a href=\"mailto.enoturismo@menade.es\">enoturismo@menade.es<\/a>.<\/p>\n<h4><strong>Bodegas Ram\u00f3n Bilbao<\/strong><\/h4>\n<p>Las Bodegas Ram\u00f3n Bilbao en Rueda proponen una actividad oto\u00f1al en la que la cocina de temporada, protagonizada por las setas, y sus vinos m\u00e1s representativos se unen.<\/p>\n<figure id=\"attachment_27011\" aria-describedby=\"caption-attachment-27011\" style=\"width: 640px\" class=\"wp-caption aligncenter\"><img decoding=\"async\" src=\"https:\/\/destinocastillayleon.es\/index\/wp-content\/uploads\/2017\/06\/52dbc4cfaec3a49220b0e6e709bcddd5.jpg\" alt=\"Bodegas Ram\u00f3n Bilbao en Rueda - Destino Castilla y Le\u00f3n\" width=\"640\" height=\"360\" class=\"size-full wp-image-27011\" srcset=\"https:\/\/destinocastillayleon.es\/index\/wp-content\/uploads\/2017\/06\/52dbc4cfaec3a49220b0e6e709bcddd5.jpg 640w, https:\/\/destinocastillayleon.es\/index\/wp-content\/uploads\/2017\/06\/52dbc4cfaec3a49220b0e6e709bcddd5-300x169.jpg 300w\" sizes=\"(max-width: 640px) 100vw, 640px\" \/><figcaption id=\"caption-attachment-27011\" class=\"wp-caption-text\">Bodegas Ram\u00f3n Bilbao en Rueda &#8211; Destino Castilla y Le\u00f3n<\/figcaption><\/figure>\n<p>D\u00eda de visita: <strong>S\u00e1bado 9 de noviembre<\/strong>.<\/p>\n<ul>\n<li>Hora: 11:30h (duraci\u00f3n aprox. 3h)<\/li>\n<li>Precio: <strong>25 \u20ac\/persona<\/strong>.<\/li>\n<\/ul>\n<p>&nbsp;<br \/>\nEsta actividad requiere reserva previa y est\u00e1 sujeta a disponibilidad. Pod\u00e9is contactar directamente con ellos a trav\u00e9s del telf.: +34 983 237 744 o en el email: <a fref=\"visitanosrueda@zamoracompany.com\">visitanosrueda@zamoracompany.com<\/a>.<\/p>\n<p>Para cualquier otro d\u00eda, pod\u00e9is disfrutar de una visita a esta magn\u00edfica bodega gracias a <a href=\"https:\/\/destinoysabor.com\/experiencias\/visita-a-la-bodega-ramon-bilbao-en-rueda-cata-de-sus-vinos-blancos\/\" rel=\"dofollow noopener noreferrer\" target=\"_blank\">Destino y Sabor<\/a>.<\/p>\n<h3><strong>Vino y conciertos<\/strong><\/h3>\n<p>Como enoturismo es mucho m\u00e1s turismo y algo vino, tambi\u00e9n hay sitio para disfrutar de la m\u00fasica y el vino en directo.<\/p>\n<h4><strong>Parador Nacional de Tordesillas y Bodega Muelas<\/strong><\/h4>\n<p>Esta experiencia nos traslada a <a href=\"https:\/\/destinocastillayleon.es\/index\/la-tradicion-de-repartir-sal-y-suerte-en-el-restaurante-el-torreon-de-tordesillas\/\">Tordesillas<\/a>, una preciosa villa. La experiencia consiste en una audici\u00f3n did\u00e1ctica de \u00f3rgano, en la Iglesia Santa Mar\u00eda, <strong>por el organista Jorge Garc\u00eda<\/strong> y contin\u00faa con la visita a <a href=\"https:\/\/destinocastillayleon.es\/index\/visita-a-bodega-muela\/\">Bodega Muelas<\/a>, una casa con decenas de a\u00f1os de tradici\u00f3n, para disfrutar de <strong>una visita guiada a la bodega subterr\u00e1nea<\/strong> y una cata dirigida de sus vinos.<\/p>\n<p><strong>S\u00e1bado 9 noviembre a las 19 horas<\/strong><\/p>\n<ul>\n<li>Punto de encuentro: Iglesia Santa Mar\u00eda de Tordesillas.<\/li>\n<li>Precio: 15\u20ac\/ por persona.<\/li>\n<li>Observaciones: Necesaria reserva previa. <\/li>\n<\/ul>\n<p>&nbsp;<br \/>\nM\u00e1s informaci\u00f3n y reservas en el telf.: +34 983 770 051 y en el email: <a href=\"mailto.tordesillas@parador.es\">tordesillas@parador.es<\/a>.<\/p>\n<h3><strong>Relax y cultura<\/strong><\/h3>\n<p><strong>A6 ROUTE<\/strong> nos propone <strong>una visita teatralizada<\/strong> por Medina del Campo. Para rematar <strong>en los Quesos de Juan<\/strong>, con una cata de quesos artesanos de la zona y vinos de la Ruta del Vino de Rueda.<\/p>\n<figure id=\"attachment_31967\" aria-describedby=\"caption-attachment-31967\" style=\"width: 640px\" class=\"wp-caption aligncenter\"><img decoding=\"async\" src=\"https:\/\/destinocastillayleon.es\/index\/wp-content\/uploads\/2019\/10\/6ceb90dc48b504eda52a5f7da1525a72.jpg\" alt=\"Degustaci\u00f3n de quesos en Medina del Campo\" width=\"640\" height=\"166\" class=\"size-full wp-image-31967\" srcset=\"https:\/\/destinocastillayleon.es\/index\/wp-content\/uploads\/2019\/10\/6ceb90dc48b504eda52a5f7da1525a72.jpg 640w, https:\/\/destinocastillayleon.es\/index\/wp-content\/uploads\/2019\/10\/6ceb90dc48b504eda52a5f7da1525a72-300x78.jpg 300w\" sizes=\"(max-width: 640px) 100vw, 640px\" \/><figcaption id=\"caption-attachment-31967\" class=\"wp-caption-text\">Degustaci\u00f3n de quesos en Medina del Campo<\/figcaption><\/figure>\n<p><strong>S\u00e1bado 9 de noviembre, a las 19:00 horas<\/strong>. Tiene un coste de 7 \u20ac\/persona y se sale desde Las Reales Carnicer\u00edas.<\/p>\n<h4><strong>Balneario de Olmedo<\/strong><\/h4>\n<p><strong>El s\u00e1bado 2 de noviembre Castilla Termal Balneario de Olmedo<\/strong> te invita a vivir una noche de teatro y buena gastronom\u00eda a trav\u00e9s una original propuesta que te llevar\u00e1 hasta el siglo XVIII. <\/p>\n<figure id=\"attachment_8188\" aria-describedby=\"caption-attachment-8188\" style=\"width: 430px\" class=\"wp-caption aligncenter\"><img decoding=\"async\" src=\"https:\/\/destinocastillayleon.es\/index\/wp-content\/uploads\/2013\/10\/hotel-balneario-villa-de-olmedo-olmedo_020720101259329192.jpg\" alt=\"R\u00e9plica del patio \u00e1rabe en el Balneario de Olmedo\" width=\"430\" height=\"322\" class=\"size-full wp-image-8188\" srcset=\"https:\/\/destinocastillayleon.es\/index\/wp-content\/uploads\/2013\/10\/hotel-balneario-villa-de-olmedo-olmedo_020720101259329192.jpg 430w, https:\/\/destinocastillayleon.es\/index\/wp-content\/uploads\/2013\/10\/hotel-balneario-villa-de-olmedo-olmedo_020720101259329192-300x224.jpg 300w\" sizes=\"(max-width: 430px) 100vw, 430px\" \/><figcaption id=\"caption-attachment-8188\" class=\"wp-caption-text\">R\u00e9plica del patio \u00e1rabe en el Balneario de Olmedo<\/figcaption><\/figure>\n<p><strong>S\u00e1bado 2 de noviembre<\/strong>, a las 21:30 horas. Precio: <strong>45\u20ac\/persona<\/strong>.<br \/>\nInformaci\u00f3n y reservas en la <a href=\"https:\/\/www.castillatermal.com\/blog\/cena-con-espectaculo\/\" target=\"_Blank\" rel=\"nofollow noopener noreferrer\">web del balneario<\/a>. <\/p>\n<h4><strong>Las bodegas subterr\u00e1neas de Medina del Campo<\/strong><\/h4>\n<p>La visita comienza <strong>en el Palacio Real Testamentario<\/strong> con una introducci\u00f3n hist\u00f3rica sobre el vino en Medina del Campo y a continuaci\u00f3n se realizar\u00e1 un recorrido por tres singulares bodegas, de diferentes caracter\u00edsticas y que encierran varias sorpresas. <\/p>\n<figure id=\"attachment_8927\" aria-describedby=\"caption-attachment-8927\" style=\"width: 640px\" class=\"wp-caption aligncenter\"><img decoding=\"async\" src=\"https:\/\/destinocastillayleon.es\/index\/wp-content\/uploads\/2013\/11\/Palacio-Real-Testamentario.jpg\" alt=\"Palacio Real Testamentario\" width=\"640\" height=\"480\" class=\"size-full wp-image-8927\" srcset=\"https:\/\/destinocastillayleon.es\/index\/wp-content\/uploads\/2013\/11\/Palacio-Real-Testamentario.jpg 640w, https:\/\/destinocastillayleon.es\/index\/wp-content\/uploads\/2013\/11\/Palacio-Real-Testamentario-300x225.jpg 300w\" sizes=\"(max-width: 640px) 100vw, 640px\" \/><figcaption id=\"caption-attachment-8927\" class=\"wp-caption-text\">Palacio Real Testamentario &#8211; Destino Castilla y Le\u00f3n<\/figcaption><\/figure>\n<p>Viernes 8 de noviembre a las 16:30 horas.<\/p>\n<ul>\n<li>Duraci\u00f3n aproximada: 90 minutos.<\/li>\n<li>Tarifas: Tarifa \u00fanica de 5,50\u20ac\/persona.<\/li>\n<li>Observaciones: M\u00ednimo 8 personas y m\u00e1ximo 20.<\/li>\n<\/ul>\n<p>&nbsp;<br \/>\nRequiere reserva previa en el +34 983 812 724 \/ 34 983 810 063<br \/>\n&nbsp;<\/p>\n<h4><strong>Naturaleza en el Zoo la Era de las Aves<\/strong><\/h4>\n<p>Este singular zoologico, <a href=\"https:\/\/destinocastillayleon.es\/index\/la-era-de-las-aves\/\">la Era de las Aves<\/a>, en Fresno el Viejo tambi\u00e9n tiene esta actividad propuesta.<\/p>\n<figure id=\"attachment_31968\" aria-describedby=\"caption-attachment-31968\" style=\"width: 680px\" class=\"wp-caption aligncenter\"><img decoding=\"async\" src=\"https:\/\/destinocastillayleon.es\/index\/wp-content\/uploads\/2019\/10\/Actividades-en-la-Era-de-las-Aves.jpg\" alt=\"Actividades en la Era de las Aves\" width=\"680\" height=\"383\" class=\"size-full wp-image-31968\" srcset=\"https:\/\/destinocastillayleon.es\/index\/wp-content\/uploads\/2019\/10\/Actividades-en-la-Era-de-las-Aves.jpg 680w, https:\/\/destinocastillayleon.es\/index\/wp-content\/uploads\/2019\/10\/Actividades-en-la-Era-de-las-Aves-300x169.jpg 300w\" sizes=\"(max-width: 680px) 100vw, 680px\" \/><figcaption id=\"caption-attachment-31968\" class=\"wp-caption-text\">Actividades en la Era de las Aves<\/figcaption><\/figure>\n<h2><strong>Otras iniciativas para el d\u00eda internacional del Enoturismo 2019<\/strong><\/h2>\n<p>Cu\u00e9ntanos m\u00e1s iniciativas para celebrar el D\u00eda del Enoturismo 2019 de Europa en Castilla y Le\u00f3n. Av\u00edsanos con comentario o un email con la informaci\u00f3n, y trataremos de incluirla en esta publicaci\u00f3n actualiz\u00e1ndola.<br \/>\n&nbsp;<br \/>\n&nbsp;<\/p>\n<h4>Tambi\u00e9n te puede interesar<\/h4>\n<ul>\n<li><a href=\"https:\/\/destinocastillayleon.es\/index\/enoturismo-en-rueda\/\">Gu\u00eda para pasar un d\u00eda completo de enoturismo en Rueda<\/a>.<\/li>\n<li><a href=\"https:\/\/destinocastillayleon.es\/index\/bodegas-de-ramon-bilbao-en-rueda\/\">Enoturismo en las nuevas Bodegas de Ram\u00f3n Bilbao en Rueda<\/a>.<\/li>\n<li><a href=\"https:\/\/destinocastillayleon.es\/index\/dia-europeo-del-enoturismo-en-la-ruta-del-vino-de-rueda\/\">D\u00eda Europeo del Enoturismo en la Ruta del Vino de Rueda \u00a1Mira que planazos!<\/a>.<\/li>\n<\/ul>\n","protected":false},"excerpt":{"rendered":"<p>Conoce las actividades que se van a celebrar el pr\u00f3ximo 10 de noviembre, el d\u00eda del Enoturismo 2019 en Europa. Bodegas y localidades se preparan para esta jornada.<\/p>\n","protected":false},"author":2,"featured_media":31870,"comment_status":"open","ping_status":"closed","sticky":false,"template":"","format":"standard","meta":{"rop_custom_images_group":[],"rop_custom_messages_group":[],"rop_publish_now":"initial","rop_publish_now_accounts":{"twitter_1150954226_1150954226":""},"rop_publish_now_history":[],"rop_publish_now_status":"pending","footnotes":""},"categories":[77,1343,48,5511,68,4800,1411],"tags":[5825,93,5759],"class_list":["post-31855","post","type-post","status-publish","format-standard","has-post-thumbnail","hentry","category-actualidad-y-agenda-de-castilla-y-leon","category-agenda","category-enoturismo","category-no-rescatar-en-rrss","category-post_inicial","category-valladolid-actualidad","category-visitando_bodegas","tag-dia-europero-del-enoturismo","tag-enoturismo-2","tag-rueda"],"yoast_head":"<!-- This site is optimized with the Yoast SEO Premium plugin v20.4 (Yoast SEO v27.4) - https:\/\/yoast.com\/product\/yoast-seo-premium-wordpress\/ -->\n<title>Actividades en el d\u00eda del Enoturismo 2019 - Destino Castilla y Le\u00f3n<\/title>\n<meta name=\"description\" content=\"Conoce las actividades para el pr\u00f3ximo 10 de noviembre, el d\u00eda del Enoturismo 2019 en Europa. Bodegas y localidades se preparan para esta jornada.\" \/>\n<meta name=\"robots\" content=\"index, follow, max-snippet:-1, max-image-preview:large, max-video-preview:-1\" \/>\n<link rel=\"canonical\" href=\"https:\/\/destinocastillayleon.es\/index\/dia-del-enoturismo-2019\/\" \/>\n<meta property=\"og:locale\" content=\"es_ES\" \/>\n<meta property=\"og:type\" content=\"article\" \/>\n<meta property=\"og:title\" content=\"Actividades en el d\u00eda del Enoturismo 2019 - Destino Castilla y Le\u00f3n\" \/>\n<meta property=\"og:description\" content=\"Conoce las actividades que se van a celebrar el pr\u00f3ximo 10 de noviembre, el d\u00eda del Enoturismo 2019 en Europa. Bodegas y localidades se preparan para esta jornada.\" \/>\n<meta property=\"og:url\" content=\"https:\/\/destinocastillayleon.es\/index\/dia-del-enoturismo-2019\/\" \/>\n<meta property=\"og:site_name\" content=\"Destino Castilla y Le\u00f3n\" \/>\n<meta property=\"article:publisher\" content=\"https:\/\/www.facebook.com\/DestinoCastillaYLeon\/\" \/>\n<meta property=\"article:author\" content=\"https:\/\/www.facebook.com\/profile.php?id=1158416854\" \/>\n<meta property=\"article:published_time\" content=\"2019-11-06T05:17:15+00:00\" \/>\n<meta property=\"og:image\" content=\"https:\/\/destinocastillayleon.es\/index\/wp-content\/uploads\/2019\/10\/f7d9185bc16d9787894e9361c6261625.jpg\" \/>\n\t<meta property=\"og:image:width\" content=\"980\" \/>\n\t<meta property=\"og:image:height\" content=\"615\" \/>\n\t<meta property=\"og:image:type\" content=\"image\/jpeg\" \/>\n<meta name=\"author\" content=\"David V\u00e1zquez\" \/>\n<meta name=\"twitter:card\" content=\"summary_large_image\" \/>\n<meta name=\"twitter:title\" content=\"Actividades en el d\u00eda del Enoturismo 2019 - Destino Castilla y Le\u00f3n\" \/>\n<meta name=\"twitter:description\" content=\"Conoce las actividades que se van a celebrar el pr\u00f3ximo 10 de noviembre, el d\u00eda del Enoturismo 2019 en Europa. Bodegas y localidades se preparan para esta jornada.\" \/>\n<meta name=\"twitter:image\" content=\"https:\/\/destinocastillayleon.es\/index\/wp-content\/uploads\/2019\/10\/f7d9185bc16d9787894e9361c6261625.jpg\" \/>\n<meta name=\"twitter:creator\" content=\"@https:\/\/twitter.com\/ContePantaleone\u200e\" \/>\n<meta name=\"twitter:site\" content=\"@destinocyl\" \/>\n<meta name=\"twitter:label1\" content=\"Escrito por\" \/>\n\t<meta name=\"twitter:data1\" content=\"David V\u00e1zquez\" \/>\n\t<meta name=\"twitter:label2\" content=\"Tiempo de lectura\" \/>\n\t<meta name=\"twitter:data2\" content=\"8 minutos\" \/>\n<script type=\"application\/ld+json\" class=\"yoast-schema-graph\">{\"@context\":\"https:\\\/\\\/schema.org\",\"@graph\":[{\"@type\":\"Article\",\"@id\":\"https:\\\/\\\/destinocastillayleon.es\\\/index\\\/dia-del-enoturismo-2019\\\/#article\",\"isPartOf\":{\"@id\":\"https:\\\/\\\/destinocastillayleon.es\\\/index\\\/dia-del-enoturismo-2019\\\/\"},\"author\":{\"name\":\"David V\u00e1zquez\",\"@id\":\"https:\\\/\\\/destinocastillayleon.es\\\/index\\\/#\\\/schema\\\/person\\\/189221bc8f6cc4fa28b18ad5c289d4c2\"},\"headline\":\"D\u00eda del Enoturismo 2019\",\"datePublished\":\"2019-11-06T05:17:15+00:00\",\"mainEntityOfPage\":{\"@id\":\"https:\\\/\\\/destinocastillayleon.es\\\/index\\\/dia-del-enoturismo-2019\\\/\"},\"wordCount\":1576,\"commentCount\":0,\"image\":{\"@id\":\"https:\\\/\\\/destinocastillayleon.es\\\/index\\\/dia-del-enoturismo-2019\\\/#primaryimage\"},\"thumbnailUrl\":\"https:\\\/\\\/destinocastillayleon.es\\\/index\\\/wp-content\\\/uploads\\\/2019\\\/10\\\/f7d9185bc16d9787894e9361c6261625.jpg\",\"keywords\":[\"dia europero del enoturismo\",\"enoturismo\",\"Rueda\"],\"articleSection\":[\"Actualidad\",\"Agenda\",\"enoturismo\",\"No rescatar en RRSS\",\"Post_inicial\",\"Valladolid Actualidad\",\"Visitando Bodegas\"],\"inLanguage\":\"es\",\"potentialAction\":[{\"@type\":\"CommentAction\",\"name\":\"Comment\",\"target\":[\"https:\\\/\\\/destinocastillayleon.es\\\/index\\\/dia-del-enoturismo-2019\\\/#respond\"]}]},{\"@type\":\"WebPage\",\"@id\":\"https:\\\/\\\/destinocastillayleon.es\\\/index\\\/dia-del-enoturismo-2019\\\/\",\"url\":\"https:\\\/\\\/destinocastillayleon.es\\\/index\\\/dia-del-enoturismo-2019\\\/\",\"name\":\"Actividades en el d\u00eda del Enoturismo 2019 - Destino Castilla y Le\u00f3n\",\"isPartOf\":{\"@id\":\"https:\\\/\\\/destinocastillayleon.es\\\/index\\\/#website\"},\"primaryImageOfPage\":{\"@id\":\"https:\\\/\\\/destinocastillayleon.es\\\/index\\\/dia-del-enoturismo-2019\\\/#primaryimage\"},\"image\":{\"@id\":\"https:\\\/\\\/destinocastillayleon.es\\\/index\\\/dia-del-enoturismo-2019\\\/#primaryimage\"},\"thumbnailUrl\":\"https:\\\/\\\/destinocastillayleon.es\\\/index\\\/wp-content\\\/uploads\\\/2019\\\/10\\\/f7d9185bc16d9787894e9361c6261625.jpg\",\"datePublished\":\"2019-11-06T05:17:15+00:00\",\"author\":{\"@id\":\"https:\\\/\\\/destinocastillayleon.es\\\/index\\\/#\\\/schema\\\/person\\\/189221bc8f6cc4fa28b18ad5c289d4c2\"},\"description\":\"Conoce las actividades para el pr\u00f3ximo 10 de noviembre, el d\u00eda del Enoturismo 2019 en Europa. Bodegas y localidades se preparan para esta jornada.\",\"breadcrumb\":{\"@id\":\"https:\\\/\\\/destinocastillayleon.es\\\/index\\\/dia-del-enoturismo-2019\\\/#breadcrumb\"},\"inLanguage\":\"es\",\"potentialAction\":[{\"@type\":\"ReadAction\",\"target\":[\"https:\\\/\\\/destinocastillayleon.es\\\/index\\\/dia-del-enoturismo-2019\\\/\"]}]},{\"@type\":\"ImageObject\",\"inLanguage\":\"es\",\"@id\":\"https:\\\/\\\/destinocastillayleon.es\\\/index\\\/dia-del-enoturismo-2019\\\/#primaryimage\",\"url\":\"https:\\\/\\\/destinocastillayleon.es\\\/index\\\/wp-content\\\/uploads\\\/2019\\\/10\\\/f7d9185bc16d9787894e9361c6261625.jpg\",\"contentUrl\":\"https:\\\/\\\/destinocastillayleon.es\\\/index\\\/wp-content\\\/uploads\\\/2019\\\/10\\\/f7d9185bc16d9787894e9361c6261625.jpg\",\"width\":980,\"height\":615,\"caption\":\"D\u00eda del Enoturismo 2019 - Destino Castilla y Le\u00f3n\"},{\"@type\":\"BreadcrumbList\",\"@id\":\"https:\\\/\\\/destinocastillayleon.es\\\/index\\\/dia-del-enoturismo-2019\\\/#breadcrumb\",\"itemListElement\":[{\"@type\":\"ListItem\",\"position\":1,\"name\":\"Portada\",\"item\":\"https:\\\/\\\/destinocastillayleon.es\\\/index\\\/\"},{\"@type\":\"ListItem\",\"position\":2,\"name\":\"D\u00eda del Enoturismo 2019\"}]},{\"@type\":\"WebSite\",\"@id\":\"https:\\\/\\\/destinocastillayleon.es\\\/index\\\/#website\",\"url\":\"https:\\\/\\\/destinocastillayleon.es\\\/index\\\/\",\"name\":\"Destino Castilla y Le\u00f3n\",\"description\":\"Medio digital independiente y revista de Castilla y Le\u00f3n dedicado al turismo, gastronom\u00eda y vino de Castilla y Le\u00f3n\",\"potentialAction\":[{\"@type\":\"SearchAction\",\"target\":{\"@type\":\"EntryPoint\",\"urlTemplate\":\"https:\\\/\\\/destinocastillayleon.es\\\/index\\\/?s={search_term_string}\"},\"query-input\":{\"@type\":\"PropertyValueSpecification\",\"valueRequired\":true,\"valueName\":\"search_term_string\"}}],\"inLanguage\":\"es\"},{\"@type\":\"Person\",\"@id\":\"https:\\\/\\\/destinocastillayleon.es\\\/index\\\/#\\\/schema\\\/person\\\/189221bc8f6cc4fa28b18ad5c289d4c2\",\"name\":\"David V\u00e1zquez\",\"image\":{\"@type\":\"ImageObject\",\"inLanguage\":\"es\",\"@id\":\"https:\\\/\\\/secure.gravatar.com\\\/avatar\\\/cd12db6c575a90c3b75cfa0f794b74d425201c768612fad17e9f13cd33d48be8?s=96&d=mm&r=g\",\"url\":\"https:\\\/\\\/secure.gravatar.com\\\/avatar\\\/cd12db6c575a90c3b75cfa0f794b74d425201c768612fad17e9f13cd33d48be8?s=96&d=mm&r=g\",\"contentUrl\":\"https:\\\/\\\/secure.gravatar.com\\\/avatar\\\/cd12db6c575a90c3b75cfa0f794b74d425201c768612fad17e9f13cd33d48be8?s=96&d=mm&r=g\",\"caption\":\"David V\u00e1zquez\"},\"description\":\"Ingeniero Industrial de vocaci\u00f3n y profesi\u00f3n, he encontrado en los blogs la forma de plasmar mi pasi\u00f3n por los viajes, la gastronom\u00eda y los vinos. Especialmente los procedentes de Castilla y Le\u00f3n\",\"sameAs\":[\"https:\\\/\\\/www.destinocastillayleon.es\",\"https:\\\/\\\/www.facebook.com\\\/profile.php?id=1158416854\",\"https:\\\/\\\/instagram.com\\\/conte.pantaleone\",\"https:\\\/\\\/www.linkedin.com\\\/pub\\\/david-vazquez-lozano\\\/37\\\/17a\\\/25a\",\"https:\\\/\\\/x.com\\\/https:\\\/\\\/twitter.com\\\/ContePantaleone\u200e\"],\"url\":\"https:\\\/\\\/destinocastillayleon.es\\\/index\\\/author\\\/coadministradorcyl\\\/\"}]}<\/script>\n<!-- \/ Yoast SEO Premium plugin. -->","yoast_head_json":{"title":"Actividades en el d\u00eda del Enoturismo 2019 - Destino Castilla y Le\u00f3n","description":"Conoce las actividades para el pr\u00f3ximo 10 de noviembre, el d\u00eda del Enoturismo 2019 en Europa. Bodegas y localidades se preparan para esta jornada.","robots":{"index":"index","follow":"follow","max-snippet":"max-snippet:-1","max-image-preview":"max-image-preview:large","max-video-preview":"max-video-preview:-1"},"canonical":"https:\/\/destinocastillayleon.es\/index\/dia-del-enoturismo-2019\/","og_locale":"es_ES","og_type":"article","og_title":"Actividades en el d\u00eda del Enoturismo 2019 - Destino Castilla y Le\u00f3n","og_description":"Conoce las actividades que se van a celebrar el pr\u00f3ximo 10 de noviembre, el d\u00eda del Enoturismo 2019 en Europa. Bodegas y localidades se preparan para esta jornada.","og_url":"https:\/\/destinocastillayleon.es\/index\/dia-del-enoturismo-2019\/","og_site_name":"Destino Castilla y Le\u00f3n","article_publisher":"https:\/\/www.facebook.com\/DestinoCastillaYLeon\/","article_author":"https:\/\/www.facebook.com\/profile.php?id=1158416854","article_published_time":"2019-11-06T05:17:15+00:00","og_image":[{"width":980,"height":615,"url":"https:\/\/destinocastillayleon.es\/index\/wp-content\/uploads\/2019\/10\/f7d9185bc16d9787894e9361c6261625.jpg","type":"image\/jpeg"}],"author":"David V\u00e1zquez","twitter_card":"summary_large_image","twitter_title":"Actividades en el d\u00eda del Enoturismo 2019 - Destino Castilla y Le\u00f3n","twitter_description":"Conoce las actividades que se van a celebrar el pr\u00f3ximo 10 de noviembre, el d\u00eda del Enoturismo 2019 en Europa. Bodegas y localidades se preparan para esta jornada.","twitter_image":"https:\/\/destinocastillayleon.es\/index\/wp-content\/uploads\/2019\/10\/f7d9185bc16d9787894e9361c6261625.jpg","twitter_creator":"@https:\/\/twitter.com\/ContePantaleone\u200e","twitter_site":"@destinocyl","twitter_misc":{"Escrito por":"David V\u00e1zquez","Tiempo de lectura":"8 minutos"},"schema":{"@context":"https:\/\/schema.org","@graph":[{"@type":"Article","@id":"https:\/\/destinocastillayleon.es\/index\/dia-del-enoturismo-2019\/#article","isPartOf":{"@id":"https:\/\/destinocastillayleon.es\/index\/dia-del-enoturismo-2019\/"},"author":{"name":"David V\u00e1zquez","@id":"https:\/\/destinocastillayleon.es\/index\/#\/schema\/person\/189221bc8f6cc4fa28b18ad5c289d4c2"},"headline":"D\u00eda del Enoturismo 2019","datePublished":"2019-11-06T05:17:15+00:00","mainEntityOfPage":{"@id":"https:\/\/destinocastillayleon.es\/index\/dia-del-enoturismo-2019\/"},"wordCount":1576,"commentCount":0,"image":{"@id":"https:\/\/destinocastillayleon.es\/index\/dia-del-enoturismo-2019\/#primaryimage"},"thumbnailUrl":"https:\/\/destinocastillayleon.es\/index\/wp-content\/uploads\/2019\/10\/f7d9185bc16d9787894e9361c6261625.jpg","keywords":["dia europero del enoturismo","enoturismo","Rueda"],"articleSection":["Actualidad","Agenda","enoturismo","No rescatar en RRSS","Post_inicial","Valladolid Actualidad","Visitando Bodegas"],"inLanguage":"es","potentialAction":[{"@type":"CommentAction","name":"Comment","target":["https:\/\/destinocastillayleon.es\/index\/dia-del-enoturismo-2019\/#respond"]}]},{"@type":"WebPage","@id":"https:\/\/destinocastillayleon.es\/index\/dia-del-enoturismo-2019\/","url":"https:\/\/destinocastillayleon.es\/index\/dia-del-enoturismo-2019\/","name":"Actividades en el d\u00eda del Enoturismo 2019 - Destino Castilla y Le\u00f3n","isPartOf":{"@id":"https:\/\/destinocastillayleon.es\/index\/#website"},"primaryImageOfPage":{"@id":"https:\/\/destinocastillayleon.es\/index\/dia-del-enoturismo-2019\/#primaryimage"},"image":{"@id":"https:\/\/destinocastillayleon.es\/index\/dia-del-enoturismo-2019\/#primaryimage"},"thumbnailUrl":"https:\/\/destinocastillayleon.es\/index\/wp-content\/uploads\/2019\/10\/f7d9185bc16d9787894e9361c6261625.jpg","datePublished":"2019-11-06T05:17:15+00:00","author":{"@id":"https:\/\/destinocastillayleon.es\/index\/#\/schema\/person\/189221bc8f6cc4fa28b18ad5c289d4c2"},"description":"Conoce las actividades para el pr\u00f3ximo 10 de noviembre, el d\u00eda del Enoturismo 2019 en Europa. Bodegas y localidades se preparan para esta jornada.","breadcrumb":{"@id":"https:\/\/destinocastillayleon.es\/index\/dia-del-enoturismo-2019\/#breadcrumb"},"inLanguage":"es","potentialAction":[{"@type":"ReadAction","target":["https:\/\/destinocastillayleon.es\/index\/dia-del-enoturismo-2019\/"]}]},{"@type":"ImageObject","inLanguage":"es","@id":"https:\/\/destinocastillayleon.es\/index\/dia-del-enoturismo-2019\/#primaryimage","url":"https:\/\/destinocastillayleon.es\/index\/wp-content\/uploads\/2019\/10\/f7d9185bc16d9787894e9361c6261625.jpg","contentUrl":"https:\/\/destinocastillayleon.es\/index\/wp-content\/uploads\/2019\/10\/f7d9185bc16d9787894e9361c6261625.jpg","width":980,"height":615,"caption":"D\u00eda del Enoturismo 2019 - Destino Castilla y Le\u00f3n"},{"@type":"BreadcrumbList","@id":"https:\/\/destinocastillayleon.es\/index\/dia-del-enoturismo-2019\/#breadcrumb","itemListElement":[{"@type":"ListItem","position":1,"name":"Portada","item":"https:\/\/destinocastillayleon.es\/index\/"},{"@type":"ListItem","position":2,"name":"D\u00eda del Enoturismo 2019"}]},{"@type":"WebSite","@id":"https:\/\/destinocastillayleon.es\/index\/#website","url":"https:\/\/destinocastillayleon.es\/index\/","name":"Destino Castilla y Le\u00f3n","description":"Medio digital independiente y revista de Castilla y Le\u00f3n dedicado al turismo, gastronom\u00eda y vino de Castilla y Le\u00f3n","potentialAction":[{"@type":"SearchAction","target":{"@type":"EntryPoint","urlTemplate":"https:\/\/destinocastillayleon.es\/index\/?s={search_term_string}"},"query-input":{"@type":"PropertyValueSpecification","valueRequired":true,"valueName":"search_term_string"}}],"inLanguage":"es"},{"@type":"Person","@id":"https:\/\/destinocastillayleon.es\/index\/#\/schema\/person\/189221bc8f6cc4fa28b18ad5c289d4c2","name":"David V\u00e1zquez","image":{"@type":"ImageObject","inLanguage":"es","@id":"https:\/\/secure.gravatar.com\/avatar\/cd12db6c575a90c3b75cfa0f794b74d425201c768612fad17e9f13cd33d48be8?s=96&d=mm&r=g","url":"https:\/\/secure.gravatar.com\/avatar\/cd12db6c575a90c3b75cfa0f794b74d425201c768612fad17e9f13cd33d48be8?s=96&d=mm&r=g","contentUrl":"https:\/\/secure.gravatar.com\/avatar\/cd12db6c575a90c3b75cfa0f794b74d425201c768612fad17e9f13cd33d48be8?s=96&d=mm&r=g","caption":"David V\u00e1zquez"},"description":"Ingeniero Industrial de vocaci\u00f3n y profesi\u00f3n, he encontrado en los blogs la forma de plasmar mi pasi\u00f3n por los viajes, la gastronom\u00eda y los vinos. Especialmente los procedentes de Castilla y Le\u00f3n","sameAs":["https:\/\/www.destinocastillayleon.es","https:\/\/www.facebook.com\/profile.php?id=1158416854","https:\/\/instagram.com\/conte.pantaleone","https:\/\/www.linkedin.com\/pub\/david-vazquez-lozano\/37\/17a\/25a","https:\/\/x.com\/https:\/\/twitter.com\/ContePantaleone\u200e"],"url":"https:\/\/destinocastillayleon.es\/index\/author\/coadministradorcyl\/"}]}},"_links":{"self":[{"href":"https:\/\/destinocastillayleon.es\/index\/wp-json\/wp\/v2\/posts\/31855","targetHints":{"allow":["GET"]}}],"collection":[{"href":"https:\/\/destinocastillayleon.es\/index\/wp-json\/wp\/v2\/posts"}],"about":[{"href":"https:\/\/destinocastillayleon.es\/index\/wp-json\/wp\/v2\/types\/post"}],"author":[{"embeddable":true,"href":"https:\/\/destinocastillayleon.es\/index\/wp-json\/wp\/v2\/users\/2"}],"replies":[{"embeddable":true,"href":"https:\/\/destinocastillayleon.es\/index\/wp-json\/wp\/v2\/comments?post=31855"}],"version-history":[{"count":14,"href":"https:\/\/destinocastillayleon.es\/index\/wp-json\/wp\/v2\/posts\/31855\/revisions"}],"predecessor-version":[{"id":31972,"href":"https:\/\/destinocastillayleon.es\/index\/wp-json\/wp\/v2\/posts\/31855\/revisions\/31972"}],"wp:featuredmedia":[{"embeddable":true,"href":"https:\/\/destinocastillayleon.es\/index\/wp-json\/wp\/v2\/media\/31870"}],"wp:attachment":[{"href":"https:\/\/destinocastillayleon.es\/index\/wp-json\/wp\/v2\/media?parent=31855"}],"wp:term":[{"taxonomy":"category","embeddable":true,"href":"https:\/\/destinocastillayleon.es\/index\/wp-json\/wp\/v2\/categories?post=31855"},{"taxonomy":"post_tag","embeddable":true,"href":"https:\/\/destinocastillayleon.es\/index\/wp-json\/wp\/v2\/tags?post=31855"}],"curies":[{"name":"wp","href":"https:\/\/api.w.org\/{rel}","templated":true}]}}