{"id":31723,"date":"2019-10-18T05:57:28","date_gmt":"2019-10-18T03:57:28","guid":{"rendered":"https:\/\/destinocastillayleon.es\/index\/?p=31723"},"modified":"2020-01-28T16:26:48","modified_gmt":"2020-01-28T15:26:48","slug":"viajar-por-el-bierzo-en-otono","status":"publish","type":"post","link":"https:\/\/destinocastillayleon.es\/index\/viajar-por-el-bierzo-en-otono\/","title":{"rendered":"Motivos para viajar por El Bierzo en oto\u00f1o"},"content":{"rendered":"<p><strong>Es tiempo de oto\u00f1o, aunque por el sol y el calor que estamos viviendo no lo parezca<\/strong>, pero aun as\u00ed, en una tierra como la nuestra, t<strong>enemos tradiciones que se arraigan y nos hacen vivir experiencias que nos conectan con nuestros ancestros<\/strong>. En esta publicaci\u00f3n, os vamos a contar en una \u00fanica excusa, <strong>cuatro grandes motivos para viajar por El Bierzo en oto\u00f1o<\/strong>. Si generalmente esta comarca leonesa es m\u00e1gica, con los colores del oto\u00f1o, se muestra todav\u00eda m\u00e1s atractiva, si es que es posible.<\/p>\n<figure id=\"attachment_31757\" aria-describedby=\"caption-attachment-31757\" style=\"width: 640px\" class=\"wp-caption aligncenter\"><img decoding=\"async\" src=\"https:\/\/destinocastillayleon.es\/index\/wp-content\/uploads\/2017\/06\/3d524d9f4d556a3091b7bee2e7191d6c.jpg\" alt=\"viajar por El Bierzo en oto\u00f1o\" Title=\"Enoturismo en oto\u00f1o entre las vi\u00f1as de El Palacio de Canedo - Imagen de Cardinalia\" width=\"640\" height=\"427\" class=\"size-full wp-image-31757\" srcset=\"https:\/\/destinocastillayleon.es\/index\/wp-content\/uploads\/2017\/06\/3d524d9f4d556a3091b7bee2e7191d6c.jpg 640w, https:\/\/destinocastillayleon.es\/index\/wp-content\/uploads\/2017\/06\/3d524d9f4d556a3091b7bee2e7191d6c-300x200.jpg 300w, https:\/\/destinocastillayleon.es\/index\/wp-content\/uploads\/2017\/06\/3d524d9f4d556a3091b7bee2e7191d6c-600x400.jpg 600w\" sizes=\"(max-width: 640px) 100vw, 640px\" \/><figcaption id=\"caption-attachment-31757\" class=\"wp-caption-text\">Enoturismo en oto\u00f1o entre las vi\u00f1as de El Palacio de Canedo &#8211; Imagen de Cardinalia<\/figcaption><\/figure>\n<p>Una de las ventajas del oto\u00f1o, <strong>es que es una estaci\u00f3n, sobre todo a inicios, ideal para escapadas de fin de semana<\/strong>, un momento de vivir experiencias diferentes.<\/p>\n<h3><strong>El Bierzo, una gran comarca con car\u00e1cter propio<\/strong><\/h3>\n<p>Para quienes nunca han visitado esta tierra, <strong>esta tierra sorprende<\/strong>. El gran valle berciano <strong>puede ser un peque\u00f1o para\u00edso terrenal<\/strong>, al alcance del viajero que se adentra en \u00e9l. Sus paisajes, con <strong>una naturaleza casi virgen en muchos caso; su rico patrimonio<\/strong>, fruto del paso del tiempo de grandes maestros; <strong>y por supuesto, su gastronom\u00eda, una regi\u00f3n con varias denominaciones de origen de alimentos y vinos<\/strong>, que se combina con el buen hacer de la tradici\u00f3n para ofrecer platos inmejorables.<\/p>\n<h3><strong>\u00cdndice de propuestas<\/strong><\/h3>\n<p>Aunque no se pueden separar unas de otras, ya que <strong>todas son complementarias entre s\u00ed<\/strong>, y El Bierzo ofrece unos excelentes motivos para visitarlo, os los vamos a contar de uno en uno:<\/p>\n<ul>\n<li><a href=\"#Enotursimo\">De vinos y enoturismo<\/a>.<\/li>\n<li><a href=\"#Naturaleza\">Una naturaleza virgen<\/a>.<\/li>\n<li><a href=\"#Patromonio\">Patrimonio hist\u00f3rico y art\u00edstico<\/a>.<\/li>\n<li><a href=\"#Gastroturismo\">Gastroturismo y bien comer<\/a>.<\/li>\n<\/ul>\n<p>&nbsp;<br \/>\nY ya ves que <strong>no son por falta de buenos motivos,..<\/strong> Y adem\u00e1s te damos <strong><a href=\"#informacion-adicional\">informaci\u00f3n adicional<\/a><\/strong> para viajar a El Bierzo en oto\u00f1o, o cuando t\u00fa quieras.<br \/>\n&nbsp;<\/p>\n<h4><strong>Denominaciones de origen<\/strong><\/h4>\n<p>Y es que, <strong>es en oto\u00f1o cuando llega el momento de recoger todo el esfuerzo del a\u00f1o<\/strong>. Peras, manzanas, casta\u00f1as y pimientos son los alimentos del momento, perfectos para disfrutar de ellos de mil y una formas. En conserva, asados, en reposter\u00eda,.. Uno de estos momentos es un tradicional magosto, donde al calor de un fuego se asan casta\u00f1as, y se cuentan y comparten historias. <strong>La comunidad se juntaba en un filand\u00f3n<\/strong>.<\/p>\n<p>Adem\u00e1s, regando estos momentos, los primeros caldos. <strong>Las variedades Menc\u00eda<\/strong>, una uva tinta de gran calidad, <strong>y la blanca Gogello<\/strong> son las aut\u00f3ctonas del lugar. Aunque hoy, con la moderna viticultura y t\u00e9cnicas de elaboraci\u00f3n de vinos, han elevado a estos vinos hasta las mejores mesas.<\/p>\n<figure id=\"attachment_24608\" aria-describedby=\"caption-attachment-24608\" style=\"width: 450px\" class=\"wp-caption aligncenter\"><img decoding=\"async\" src=\"https:\/\/destinocastillayleon.es\/index\/wp-content\/uploads\/2017\/02\/Variedades-de-uva-de-El-Bierzo.jpg\" alt=\"Variedades de uva de El Bierzo\" width=\"450\" height=\"311\" class=\"size-full wp-image-24608\" srcset=\"https:\/\/destinocastillayleon.es\/index\/wp-content\/uploads\/2017\/02\/Variedades-de-uva-de-El-Bierzo.jpg 450w, https:\/\/destinocastillayleon.es\/index\/wp-content\/uploads\/2017\/02\/Variedades-de-uva-de-El-Bierzo-300x207.jpg 300w\" sizes=\"(max-width: 450px) 100vw, 450px\" \/><figcaption id=\"caption-attachment-24608\" class=\"wp-caption-text\">Variedades de uva de El Bierzo; Godello y Menc\u00eda<\/figcaption><\/figure>\n<h2><strong>Motivos para visitar El Bierzo en Oto\u00f1o<\/strong><\/h2>\n<p><strong>La excusa est\u00e1 puesta. El oto\u00f1o, sus tradiciones y todo lo bueno que tiene que ofrecer El Bierzo<\/strong>, especialmente durante esta \u00e9poca del a\u00f1o. Pero <em>os vamos a poner los dientes largos<\/em> con los detalles.<a name=\"Enotursimo\"><\/a><\/p>\n<h3><strong>Vinos y enoturismo<\/strong><\/h3>\n<p>La primera excusa encima de la mesa <strong>gira en torno a estos vinos, quiz\u00e1s lo segundo m\u00e1s conocido de El Bierzo fuera de sus fronteras<\/strong>. Lo primero, aunque pase desapercibido, es <a href=\"https:\/\/destinocastillayleon.es\/index\/objetivo-el-camino-de-santiago\/\">el Camino de Santiago<\/a>, que hacer de esta comarca <strong>uno de los nodos m\u00e1s importantes al aglutinar varios ramales<\/strong> y dar pie al Camino Real de Invierno y al Camino Franc\u00e9s.<\/p>\n<p>La cultura del vino <strong>nace en esta tierra gracias a la tradici\u00f3n romana<\/strong>, que durante muchos a\u00f1os influy\u00f3 en la poblaci\u00f3n aut\u00f3ctona hasta ser una con ella. <strong>Generaci\u00f3n tras generaci\u00f3n, encontraron en la viticultura un modo de vida<\/strong>.<\/p>\n<figure id=\"attachment_26113\" aria-describedby=\"caption-attachment-26113\" style=\"width: 640px\" class=\"wp-caption aligncenter\"><img decoding=\"async\" src=\"https:\/\/destinocastillayleon.es\/index\/wp-content\/uploads\/2017\/09\/Vendimia-de-la-variedad-godello-en-el-Bierzo-Imagen-de-Traveler.jpg\" alt=\"viajar por El Bierzo en oto\u00f1o\" Title=\"Vendimia de la variedad godello en el Bierzo - Imagen de Traveler\" width=\"640\"\" class=\"size-full wp-image-26113\" srcset=\"https:\/\/destinocastillayleon.es\/index\/wp-content\/uploads\/2017\/09\/Vendimia-de-la-variedad-godello-en-el-Bierzo-Imagen-de-Traveler.jpg 640w, https:\/\/destinocastillayleon.es\/index\/wp-content\/uploads\/2017\/09\/Vendimia-de-la-variedad-godello-en-el-Bierzo-Imagen-de-Traveler-300x157.jpg 300w\" sizes=\"(max-width: 640px) 100vw, 640px\" \/><figcaption id=\"caption-attachment-26113\" class=\"wp-caption-text\">Vendimia de la variedad godello en el Bierzo &#8211; Imagen de Traveler<\/figcaption><\/figure>\n<p>Esta tradici\u00f3n viva, <strong>hoy se muestra con estos vinos originales de El Bierzo<\/strong>. Y es que no es solo producir y vender vinos, cada vez m\u00e1s, la orientaci\u00f3n al turismo, en un turismo del vino de calidad, ofrece vivir experiencias diferentes y \u00fanicas entorno a esta bebida.<\/p>\n<blockquote><p>En el d\u00e9cimo informe sobre demanda enotur\u00edstica de las Rutas del Vino de Espa\u00f1a, indica que el 22% de los encuestados desean visitar la Ruta del Vino del Bierzo pr\u00f3ximamente.<\/p><\/blockquote>\n<h4><strong>El enoturismo, mucho m\u00e1s all\u00e1 de las bodegas<\/strong><\/h4>\n<p>Este punto es realmente un inciso, <strong>vale para cualquier zona enotur\u00edstica. El enoturismo es un 20% vino, un 80% turismo<\/strong>. Por tanto, y aplicado a El Bierzo, la oferta tur\u00edstica permite recorrer senderos entre vi\u00f1edos y bosques; rutas de cicloturismo, visitas a edificios hist\u00f3ricos relacionados con el vino.<\/p>\n<figure id=\"attachment_8790\" aria-describedby=\"caption-attachment-8790\" style=\"width: 640px\" class=\"wp-caption aligncenter\"><img decoding=\"async\" src=\"https:\/\/destinocastillayleon.es\/index\/wp-content\/uploads\/2013\/11\/enoturismo-en-el-Bierzo.jpg\" alt=\"viajar por El Bierzo en oto\u00f1o\" Title=\"Enoturismo en el Bierzo\" width=\"640\" class=\"size-full wp-image-8790\" srcset=\"https:\/\/destinocastillayleon.es\/index\/wp-content\/uploads\/2013\/11\/enoturismo-en-el-Bierzo.jpg 796w, https:\/\/destinocastillayleon.es\/index\/wp-content\/uploads\/2013\/11\/enoturismo-en-el-Bierzo-300x200.jpg 300w\" sizes=\"(max-width: 796px) 100vw, 796px\" \/><figcaption id=\"caption-attachment-8790\" class=\"wp-caption-text\">Enoturismo en el Bierzo<\/figcaption><\/figure>\n<p>Una de las mejores referencias sobre el terreno <strong>te la ofrece la propia Ruta del Vino de El Bierzo<\/strong>, <a href=\"http:\/\/bierzoenoturismo.com\/\" rel=\"nofollow noopener noreferrer\" target=\"_Blank\">bierzoenoturismo.com<\/a>. D<strong>egustaciones, catas comentadas, maridajes y talleres son el colof\u00f3n final a visitas por vi\u00f1edos<\/strong>, exposiciones fotogr\u00e1ficas conciertos,..<\/p>\n<figure id=\"attachment_2060\" aria-describedby=\"caption-attachment-2060\" style=\"width: 640px\" class=\"wp-caption aligncenter\"><img decoding=\"async\" src=\"https:\/\/destinocastillayleon.es\/index\/wp-content\/uploads\/2013\/04\/Prada-a-tope-2.jpg\" alt=\"Palacio de Canedo, Casa de Prada a Tope\" width=\"640\" class=\"size-full wp-image-2060\" srcset=\"https:\/\/destinocastillayleon.es\/index\/wp-content\/uploads\/2013\/04\/Prada-a-tope-2.jpg 720w, https:\/\/destinocastillayleon.es\/index\/wp-content\/uploads\/2013\/04\/Prada-a-tope-2-300x200.jpg 300w\" sizes=\"(max-width: 720px) 100vw, 720px\" \/><figcaption id=\"caption-attachment-2060\" class=\"wp-caption-text\"><a href=\"https:\/\/www.booking.com\/hotel\/es\/palacio-de-canedo.es.html?aid=1281624;sid=6cacca2f390dbc7aeb8db2324842c4f9;age=12;dest_id=-375719;dest_type=city;dist=0;group_adults=2;group_children=1;hapos=1;hpos=1;no_rooms=1;req_adults=2;req_age=12;req_children=1;room1=A%2CA%2C12;sb_price_type=total;sr_order=popularity;srepoch=1571242362;srpvid=9b1371fd2ad4001e;type=total;ucfs=1&#038;#hotelTmpl\" rel=\"noopener nofollow noreferrer\" target=\"_blank\">Palacio de Canedo<\/a>, Casa de Prada a Tope<\/figcaption><\/figure>\n<p>Para desarrollar estas actividades, <strong>la mejor opci\u00f3n es <a href=\"https:\/\/www.booking.com\/hotel\/es\/palacio-de-canedo.es.html?aid=1281624;sid=6cacca2f390dbc7aeb8db2324842c4f9;age=12;dest_id=-375719;dest_type=city;dist=0;group_adults=2;group_children=1;hapos=1;hpos=1;no_rooms=1;req_adults=2;req_age=12;req_children=1;room1=A%2CA%2C12;sb_price_type=total;sr_order=popularity;srepoch=1571242362;srpvid=9b1371fd2ad4001e;type=total;ucfs=1&#038;#hotelTmpl\" rel=\"nofollow noopener noreferrer\" target=\"_blank\">hacer noche en la comarca<\/a><\/strong>; pues no podr\u00e9is vivirlo todo en un d\u00eda.<\/p>\n<h4><strong>Visita a lugares emblem\u00e1ticos<\/strong><\/h4>\n<p><strong>Es muy dif\u00edcil incluir en una \u00fanica publicaci\u00f3n todos los lugares especiales y rese\u00f1ables a visitar<\/strong> en El Bierzo; Podr\u00edamos partir, desde el mundo del vino, de los lagares tradicionales, algunos a los pies de los Caminos de Santiago. En esta comarca, est\u00e1 muy arraigada esta producci\u00f3n tradicional y t\u00edpica. <strong>Se tienen documentados m\u00e1s de 130, repartidos por toda la comarca, aunque no todos est\u00e1n restaurados y son visitables<\/strong>, pero s\u00ed los hay. En ellos, se puede ver c\u00f3mo se elaboraban vinos desde el siglo VIII.<\/p>\n<figure id=\"attachment_31740\" aria-describedby=\"caption-attachment-31740\" style=\"width: 380px\" class=\"wp-caption aligncenter\"><img decoding=\"async\" src=\"https:\/\/destinocastillayleon.es\/index\/wp-content\/uploads\/2019\/10\/Lagar-tradicional-El-Alvarico-en-Noceda-del-Bierzo-Imagen-de-Cardinalia.jpg\" alt=\"Lagar tradicional El Alvarico, en Noceda del Bierzo - Imagen de Cardinalia\" width=\"380\" height=\"520\" class=\"size-full wp-image-31740\" srcset=\"https:\/\/destinocastillayleon.es\/index\/wp-content\/uploads\/2019\/10\/Lagar-tradicional-El-Alvarico-en-Noceda-del-Bierzo-Imagen-de-Cardinalia.jpg 380w, https:\/\/destinocastillayleon.es\/index\/wp-content\/uploads\/2019\/10\/Lagar-tradicional-El-Alvarico-en-Noceda-del-Bierzo-Imagen-de-Cardinalia-219x300.jpg 219w\" sizes=\"(max-width: 380px) 100vw, 380px\" \/><figcaption id=\"caption-attachment-31740\" class=\"wp-caption-text\">Lagar tradicional El Alvarico, en Noceda del Bierzo &#8211; Imagen de Cardinalia<\/figcaption><\/figure>\n<p>Los visitables que conocemos son: el lagar de \u201cEl Alvarico\u201d y el del \u201cT\u00edo Isidro\u201d en <strong>Noceda del Bierzo<\/strong>, el de <strong>San Justo de Cabanillas<\/strong>, el de <strong>Villar de las Traviesas<\/strong> o el de <strong>Tejedo<\/strong>, dentro del t\u00e9rmino municipal de <strong>Folgoso de la Ribera<\/strong>. Sin olvidarnos de la majestuosa viga de madera del antiguo lagar de Caba\u00f1as Raras, restaurada y expuesta al aire libre en la zona conocida como La Poza.<\/p>\n<h4><strong>El Centro de interpretaci\u00f3n de la Vid y el Vino<\/strong><\/h4>\n<p>Este <strong>museo del vino est\u00e1 en Camponayara, en pleno Camino de Santiago<\/strong>. Este centro tiene como objetivo <strong>la formaci\u00f3n y la divulgaci\u00f3n de la cultura y el sector vitivin\u00edcola de El Bierzo<\/strong>, conform\u00e1ndose como un espacio abierto al conocimiento y al disfrute de este valor cultural, tradici\u00f3n, y motor econ\u00f3mico de muchos pueblos bercianos.<\/p>\n<figure id=\"attachment_31741\" aria-describedby=\"caption-attachment-31741\" style=\"width: 640px\" class=\"wp-caption aligncenter\"><img decoding=\"async\" src=\"https:\/\/destinocastillayleon.es\/index\/wp-content\/uploads\/2019\/10\/Centro-de-Interpretacion-de-la-Vid-y-el-Vino-CIVI-en-El-Bierzo-Imagen-de-Cardinalia.jpg\" alt=\"viajar por El Bierzo en oto\u00f1o\" Title=\"Centro de Interpretaci\u00f3n de la Vid y el Vino - CIVI en El Bierzo - Imagen de Cardinalia\" width=\"640\" height=\"426\" class=\"size-full wp-image-31741\" srcset=\"https:\/\/destinocastillayleon.es\/index\/wp-content\/uploads\/2019\/10\/Centro-de-Interpretacion-de-la-Vid-y-el-Vino-CIVI-en-El-Bierzo-Imagen-de-Cardinalia.jpg 640w, https:\/\/destinocastillayleon.es\/index\/wp-content\/uploads\/2019\/10\/Centro-de-Interpretacion-de-la-Vid-y-el-Vino-CIVI-en-El-Bierzo-Imagen-de-Cardinalia-300x200.jpg 300w, https:\/\/destinocastillayleon.es\/index\/wp-content\/uploads\/2019\/10\/Centro-de-Interpretacion-de-la-Vid-y-el-Vino-CIVI-en-El-Bierzo-Imagen-de-Cardinalia-600x400.jpg 600w\" sizes=\"(max-width: 640px) 100vw, 640px\" \/><figcaption id=\"caption-attachment-31741\" class=\"wp-caption-text\">Centro de Interpretaci\u00f3n de la Vid y el Vino &#8211; CIVI en El Bierzo &#8211; Imagen de Cardinalia<\/figcaption><\/figure>\n<p><strong>Informaci\u00f3n<\/strong><br \/>\n<strong>Centro de interpretaci\u00f3n de la Vid y el Vino de El Bierzo<\/strong><br \/>\nEspacio Natural la Cuesta (<a href=\"https:\/\/goo.gl\/maps\/noSzH5a7p2hKcDXdA\" target=\"_Blank\" rel=\"dofollow noopener noreferrer\">ver en un mapa<\/a>)<br \/>\n24410 &#8211; Camponaraya, Le\u00f3n<br \/>\nTfno.: +34 987 45 02 73<br \/>\nPara m\u00e1s informaci\u00f3n: <a href=\"https:\/\/camponaraya.es\/civi\" target=\"_Blank\" rel=\"nofollow noopener noreferrer\">camponaraya.es\/civi<\/a>.<a name=\"Naturaleza\"><\/a><\/p>\n<h3><strong>Naturaleza sin amordazar<\/strong><\/h3>\n<p>Aunque la zona de El Bierzo cuenta con un tejido industrial importante, este no afecta a toda la comarca, <strong>dejando grandes espacios naturales casi libres de toda intervenci\u00f3n humana<\/strong>. Y aunque en cualquier \u00e9poca es interesante disfrutar de este patrimonio natural, el oto\u00f1o viste con un manto distintivo a la comarca. Los inmensos valles, con sus, <strong>en algunos casos, <a href=\"https:\/\/destinocastillayleon.es\/index\/10-bosques-legendarios-de-castilla-y-leon\/\">bosques centenarios<\/a><\/strong>, son un lugar de encontrar especies aut\u00f3ctonas como casta\u00f1os, robles, alcornoques, que son el hogar de una fauna igualmente ind\u00f3mita.<\/p>\n<figure id=\"attachment_20713\" aria-describedby=\"caption-attachment-20713\" style=\"width: 640px\" class=\"wp-caption aligncenter\"><img decoding=\"async\" src=\"https:\/\/destinocastillayleon.es\/index\/wp-content\/uploads\/2015\/10\/c0b578dfe423f5b464bf0b58835afad8.jpg\" alt=\"Casta\u00f1o O Campano - Destino Castilla y Le\u00f3n\" width=\"640\" height=\"456\" class=\"size-full wp-image-20713\" srcset=\"https:\/\/destinocastillayleon.es\/index\/wp-content\/uploads\/2015\/10\/c0b578dfe423f5b464bf0b58835afad8.jpg 640w, https:\/\/destinocastillayleon.es\/index\/wp-content\/uploads\/2015\/10\/c0b578dfe423f5b464bf0b58835afad8-300x214.jpg 300w\" sizes=\"(max-width: 640px) 100vw, 640px\" \/><figcaption id=\"caption-attachment-20713\" class=\"wp-caption-text\">Casta\u00f1o O Campano &#8211; Imagen cortes\u00eda de Naturaleza y Medio Ambiente<\/figcaption><\/figure>\n<p>El <strong>Lobo ib\u00e9rico<\/strong>, aunque en peque\u00f1as comunidades, <strong>el corzo, el jabal\u00ed, el zorro o la gardu\u00f1a<\/strong>; y aunque en menor importancia, en el norte de la comarca y pr\u00f3ximos a la <a href=\"https:\/\/destinocastillayleon.es\/index\/viaje-al-valle-de-laciana-decubre-la-tierra-del-urogallo\/\">Mancomunidad de los Cuatro Valles<\/a>, <a href=\"https:\/\/destinocastillayleon.es\/index\/centro-de-interpretacion-del-urogallo\/\"><strong>el oso pardo y el urogallo<\/a>, iconos de la fauna ib\u00e9rica<\/strong> de las monta\u00f1as del Sistema Cant\u00e1brico.<\/p>\n<p>Al sur, nos encontramos con <a href=\"https:\/\/destinocastillayleon.es\/index\/las-medulas-de-leon-un-paisaje-patrimonio-de-la-humanidad\/\"><strong>las M\u00e9dulas<\/strong><\/a>, un yacimiento romano casi \u00fanico por su extensi\u00f3n y valor hist\u00f3rico. Pero no menos impresionantes lagos que alimentaban de forma artificial estas minas, como <strong>los lagos de Carucedo y Somido<\/strong>. Esta zona es atravesada por el Camino de Santiago Real de Invierno, que discurre por latitudes m\u00e1s meridionales intern\u00e1ndose por el sur de Galicia, siguiendo el r\u00edo Sil.<\/p>\n<figure id=\"attachment_21781\" aria-describedby=\"caption-attachment-21781\" style=\"width: 640px\" class=\"wp-caption aligncenter\"><img decoding=\"async\" src=\"https:\/\/destinocastillayleon.es\/index\/wp-content\/uploads\/2016\/01\/d5dbd84b9c42a9145dde86be7a9849fe.jpg\" alt=\"viajar por El Bierzo en oto\u00f1o\" Title=\"Paisaje de las M\u00e9dulas - Destino Castilla y Le\u00f3n\" width=\"796\" height=\"531\" class=\"size-full wp-image-21781\" srcset=\"https:\/\/destinocastillayleon.es\/index\/wp-content\/uploads\/2016\/01\/d5dbd84b9c42a9145dde86be7a9849fe.jpg 796w, https:\/\/destinocastillayleon.es\/index\/wp-content\/uploads\/2016\/01\/d5dbd84b9c42a9145dde86be7a9849fe-300x200.jpg 300w\" sizes=\"(max-width: 796px) 100vw, 796px\" \/><figcaption id=\"caption-attachment-21781\" class=\"wp-caption-text\">Paisaje de las M\u00e9dulas &#8211; Destino Castilla y Le\u00f3n<\/figcaption><\/figure>\n<p>Pero otras monta\u00f1as, como <strong>los Montes Aquilanos, donde destaca el interesante <a href=\"https:\/\/destinocastillayleon.es\/index\/el-valle-del-silencio-en-leon\/\">Valle del Silencio<\/a><\/strong>, espera al caminante que recorre otro ramal menor del Camino de Santiago.<\/p>\n<figure id=\"attachment_31743\" aria-describedby=\"caption-attachment-31743\" style=\"width: 640px\" class=\"wp-caption aligncenter\"><img decoding=\"async\" src=\"https:\/\/destinocastillayleon.es\/index\/wp-content\/uploads\/2019\/10\/9fd8261b77395873975c78058f1d0609.jpg\" alt=\"Paraje de el Valle del Silencio en El Bierzo - Destino Castilla y Le\u00f3n\" width=\"640\" height=\"428\" class=\"size-full wp-image-31743\" srcset=\"https:\/\/destinocastillayleon.es\/index\/wp-content\/uploads\/2019\/10\/9fd8261b77395873975c78058f1d0609.jpg 640w, https:\/\/destinocastillayleon.es\/index\/wp-content\/uploads\/2019\/10\/9fd8261b77395873975c78058f1d0609-300x200.jpg 300w, https:\/\/destinocastillayleon.es\/index\/wp-content\/uploads\/2019\/10\/9fd8261b77395873975c78058f1d0609-600x400.jpg 600w\" sizes=\"(max-width: 640px) 100vw, 640px\" \/><figcaption id=\"caption-attachment-31743\" class=\"wp-caption-text\">Paraje de el Valle del Silencio en El Bierzo &#8211; Destino Castilla y Le\u00f3n<\/figcaption><\/figure>\n<p>Y no nos podemos olvidar de <strong>los valles de Compludo<\/strong>, del que ya te hablamos donde hay una interesante <a href=\"https:\/\/destinocastillayleon.es\/index\/la-herreria-de-compludo\/\">fragua medieval<\/a>, ni de <strong>la Reserva de la Biosfera de los Ancares Leoneses<\/strong>; el Hayedo de Busmayor en el municipio de Barjas; <strong>el Alcornocal de Cobrana<\/strong> en el municipio de Congosto. Lugares con rutas se\u00f1alizadas para realizar senderismo por lugares casi salvajes y sin alterar notablemente por el hombre. <\/p>\n<p><figure id=\"attachment_31746\" aria-describedby=\"caption-attachment-31746\" style=\"width: 640px\" class=\"wp-caption aligncenter\"><img decoding=\"async\" src=\"https:\/\/destinocastillayleon.es\/index\/wp-content\/uploads\/2019\/10\/Hayedo-de-Busmayor-Imagen-de-Cardinalia.jpg\" alt=\"viajar por El Bierzo en oto\u00f1o\" Title=\"Hayedo de Bustamayor - Imagen de Cardinalia\" width=\"640\" height=\"427\" class=\"size-full wp-image-31746\" srcset=\"https:\/\/destinocastillayleon.es\/index\/wp-content\/uploads\/2019\/10\/Hayedo-de-Busmayor-Imagen-de-Cardinalia.jpg 640w, https:\/\/destinocastillayleon.es\/index\/wp-content\/uploads\/2019\/10\/Hayedo-de-Busmayor-Imagen-de-Cardinalia-300x200.jpg 300w, https:\/\/destinocastillayleon.es\/index\/wp-content\/uploads\/2019\/10\/Hayedo-de-Busmayor-Imagen-de-Cardinalia-600x400.jpg 600w\" sizes=\"(max-width: 640px) 100vw, 640px\" \/><figcaption id=\"caption-attachment-31746\" class=\"wp-caption-text\">Hayedo de Bustamayor &#8211; Imagen de Cardinalia<\/figcaption><\/figure><a name=\"Patromonio\"><\/a><\/p>\n<h3><strong>Historia en piedra, madera y pizarra<\/strong><\/h3>\n<p>El tercer motivo para viajar a El Bierzo en oto\u00f1o es <strong>descubrir su rico patrimonio hist\u00f3rico, legado de nuestros ancestros para nuestro actual disfrute<\/strong>. El bierzo ha sido un lugar interesante para vivir desde \u00e9poca prerromana, hasta casi la actualidad, donde el nefasto siglo XX ha hecho que algunos pueblos perdieran de forma irreversible sus poblaciones.<\/p>\n<p>Pero no todo est\u00e1 perdido, y una visita a esta comarca es como un viaje en el tiempo, <strong>donde encontrar castros, poblados, pallozas<\/strong>; ciudades y asentamientos romanos, que dan paso al medievo; y aunque por aqu\u00ed estuvieron los musulmanes del sur, su estancia no fue muy intensa.<\/p>\n<figure id=\"attachment_31752\" aria-describedby=\"caption-attachment-31752\" style=\"width: 640px\" class=\"wp-caption aligncenter\"><img decoding=\"async\" src=\"https:\/\/destinocastillayleon.es\/index\/wp-content\/uploads\/2019\/10\/Palloza-en-Pereda-de-Ancares-Imagen-de-Cardinalia.jpg\" alt=\"Palloza en Pereda de Ancares - Imagen de Cardinalia\" width=\"640\" height=\"426\" class=\"size-full wp-image-31752\" srcset=\"https:\/\/destinocastillayleon.es\/index\/wp-content\/uploads\/2019\/10\/Palloza-en-Pereda-de-Ancares-Imagen-de-Cardinalia.jpg 640w, https:\/\/destinocastillayleon.es\/index\/wp-content\/uploads\/2019\/10\/Palloza-en-Pereda-de-Ancares-Imagen-de-Cardinalia-300x200.jpg 300w, https:\/\/destinocastillayleon.es\/index\/wp-content\/uploads\/2019\/10\/Palloza-en-Pereda-de-Ancares-Imagen-de-Cardinalia-600x400.jpg 600w\" sizes=\"(max-width: 640px) 100vw, 640px\" \/><figcaption id=\"caption-attachment-31752\" class=\"wp-caption-text\">Palloza en Pereda de Ancares &#8211; Imagen de Cardinalia<\/figcaption><\/figure>\n<h4><strong>Castros celtas<\/strong><\/h4>\n<p>Esta tierra fue <a href=\"https:\/\/destinocastillayleon.es\/index\/castros-astures-en-el-valle-de-laciana\/\">tierra de los Astures<\/a>, una tribu c\u00e9ltica. De ella se conservar castros, construcciones permanentes donde viv\u00edan en clanes estos hombres, como las de <strong>Chano, Borrenes, San Juan de Paluezas y la Pe\u00f1a del Hombre o el Asentamiento Metal\u00fargico de Orellan<\/strong>. Al norte, pallozas; en el <a href=\"https:\/\/destinocastillayleon.es\/index\/valle-de-ancares\/\">valle de los Ancares<\/a>, <strong>Bolouta o Balboa<\/strong>.<\/p>\n<figure id=\"attachment_31751\" aria-describedby=\"caption-attachment-31751\" style=\"width: 640px\" class=\"wp-caption aligncenter\"><img decoding=\"async\" src=\"https:\/\/destinocastillayleon.es\/index\/wp-content\/uploads\/2019\/10\/45bca726e0c21190dfcdf640b743c434.jpg\" alt=\"Restos del Castro asutr de la Pe\u00f1a del Hombre, en Paradela de Muces - Imagen de Cardinalia\" width=\"640\" height=\"427\" class=\"size-full wp-image-31751\" srcset=\"https:\/\/destinocastillayleon.es\/index\/wp-content\/uploads\/2019\/10\/45bca726e0c21190dfcdf640b743c434.jpg 640w, https:\/\/destinocastillayleon.es\/index\/wp-content\/uploads\/2019\/10\/45bca726e0c21190dfcdf640b743c434-300x200.jpg 300w, https:\/\/destinocastillayleon.es\/index\/wp-content\/uploads\/2019\/10\/45bca726e0c21190dfcdf640b743c434-600x400.jpg 600w\" sizes=\"(max-width: 640px) 100vw, 640px\" \/><figcaption id=\"caption-attachment-31751\" class=\"wp-caption-text\">Restos del Castro asutr de la Pe\u00f1a del Hombre, en Paradela de Muces &#8211; Imagen de Cardinalia<\/figcaption><\/figure>\n<h4><strong>El legado de Roma<\/strong><\/h4>\n<p>Del paso de Roma por El Bierzo quedan vestigios, que van m\u00e1s all\u00e1 de las minas de oro de las M\u00e9dulas, o las de La Leitosa, similares, aunque de menor tama\u00f1o. Igualmente interesante, <strong>la Domus Romana, de Pedreiras de Lago<\/strong>; y una interminable <strong>red de canales h\u00eddricos, pantanos, estanques<\/strong> y otras construcciones que abastec\u00edan de agua a las minas y a las poblaciones romanas de la zona.<\/p>\n<figure id=\"attachment_31753\" aria-describedby=\"caption-attachment-31753\" style=\"width: 640px\" class=\"wp-caption aligncenter\"><img decoding=\"async\" src=\"https:\/\/destinocastillayleon.es\/index\/wp-content\/uploads\/2019\/10\/Domus-Romana-en-Pedreiras-de-Lago-Imagen-de-Cardinalia.jpg\" alt=\"Domus Romana en Pedreiras de Lago - Imagen de Cardinalia\" width=\"640\" height=\"426\" class=\"size-full wp-image-31753\" srcset=\"https:\/\/destinocastillayleon.es\/index\/wp-content\/uploads\/2019\/10\/Domus-Romana-en-Pedreiras-de-Lago-Imagen-de-Cardinalia.jpg 640w, https:\/\/destinocastillayleon.es\/index\/wp-content\/uploads\/2019\/10\/Domus-Romana-en-Pedreiras-de-Lago-Imagen-de-Cardinalia-300x200.jpg 300w, https:\/\/destinocastillayleon.es\/index\/wp-content\/uploads\/2019\/10\/Domus-Romana-en-Pedreiras-de-Lago-Imagen-de-Cardinalia-600x400.jpg 600w\" sizes=\"(max-width: 640px) 100vw, 640px\" \/><figcaption id=\"caption-attachment-31753\" class=\"wp-caption-text\">Domus Romana en Pedreiras de Lago &#8211; Imagen de Cardinalia<\/figcaption><\/figure>\n<p>Algunos de estos yacimientos son visitables mediante rutas en  las inmediaciones de <a href=\"https:\/\/destinocastillayleon.es\/index\/las-medulas-de-leon-un-paisaje-patrimonio-de-la-humanidad\/\">Las M\u00e9dulas<\/a> o en el Valle de la Abad\u00eda de Compludo; Y por supuesto, no nos podemos dejar el Pozo de Moyabarba.<\/p>\n<h4><strong>Una larga edad media<\/strong><\/h4>\n<p>Quiz\u00e1s por lo prolongada que fue, o al estar m\u00e1s pr\u00f3xima en el tiempo, es de esta \u00e9poca donde se pueden admirar m\u00e1s monumentos hist\u00f3ricos; empezando por <strong>los castillos templarios<\/strong>; el m\u00e1s conocido y famoso por su importancia y su belleza, el <a href=\"https:\/\/destinocastillayleon.es\/index\/castillo-templario-de-ponferrada\/\"><strong>Castillo de Ponferrada<\/strong><\/a>. Pero no es el \u00fanico, igualmente importantes para proteger los caminos para los peregrinos, destaca <strong>Cornatel, pero tambi\u00e9n Corull\u00f3n, Balboa o Sarrac\u00edn<\/strong>.<\/p>\n<figure id=\"attachment_2534\" aria-describedby=\"caption-attachment-2534\" style=\"width: 640px\" class=\"wp-caption aligncenter\"><img decoding=\"async\" src=\"https:\/\/destinocastillayleon.es\/index\/wp-content\/uploads\/2013\/05\/Castillo-de-Ponferrada-Portada.jpg\" alt=\"viajar por El Bierzo en oto\u00f1o\" Title=\"Castillo de Ponferrada\" width=\"640\" class=\"size-full wp-image-2534\" srcset=\"https:\/\/destinocastillayleon.es\/index\/wp-content\/uploads\/2013\/05\/Castillo-de-Ponferrada-Portada.jpg 795w, https:\/\/destinocastillayleon.es\/index\/wp-content\/uploads\/2013\/05\/Castillo-de-Ponferrada-Portada-300x200.jpg 300w\" sizes=\"(max-width: 795px) 100vw, 795px\" \/><figcaption id=\"caption-attachment-2534\" class=\"wp-caption-text\">Castillo de Ponferrada<\/figcaption><\/figure>\n<p>Pero como palacios fortaleza, resulta interesante y destacable <strong>el Palacio de los Marqueses de Villafranca del Bierzo<\/strong>, en plena ruta jacobea.<\/p>\n<p>En cuanto a edificios religiosos, destacan <strong>los monasterios de Santa Mar\u00eda de Carracero, <a href=\"https:\/\/destinocastillayleon.es\/index\/el-valle-del-silencio-en-leon\/#montes\">San Pedro de Montes<\/a><\/strong> (en el valle del silencio), o el de <strong>San Andr\u00e9s de Espinarceda;<\/strong> y entre las iglesias, muy especial es la <a href=\"https:\/\/destinocastillayleon.es\/index\/el-valle-del-silencio-en-leon\/#pe%C3%B1alba\"><strong>iglesia moz\u00e1rabe de Santiago de Pe\u00f1alba<\/strong><\/a>, o Santo Tom\u00e1s de las Ollas.<\/p>\n<figure id=\"attachment_24002\" aria-describedby=\"caption-attachment-24002\" style=\"width: 640px\" class=\"wp-caption aligncenter\"><img decoding=\"async\" src=\"https:\/\/destinocastillayleon.es\/index\/wp-content\/uploads\/2016\/11\/57afedac81be496fedddcf21d8029dd4.jpg\" alt=\"viajar por El Bierzo en oto\u00f1o\" Title=\"Iglesia moz\u00e1rabe de Pe\u00f1alba de Santiago - Destino Castilla y Leon\" width=\"640\" height=\"400\" class=\"size-full wp-image-24002\" srcset=\"https:\/\/destinocastillayleon.es\/index\/wp-content\/uploads\/2016\/11\/57afedac81be496fedddcf21d8029dd4.jpg 640w, https:\/\/destinocastillayleon.es\/index\/wp-content\/uploads\/2016\/11\/57afedac81be496fedddcf21d8029dd4-300x188.jpg 300w\" sizes=\"(max-width: 640px) 100vw, 640px\" \/><figcaption id=\"caption-attachment-24002\" class=\"wp-caption-text\">Iglesia moz\u00e1rabe de Pe\u00f1alba de Santiago &#8211; Destino Castilla y Leon<\/figcaption><\/figure>\n<h4><strong>Patrimonio etnogr\u00e1fico<\/strong><\/h4>\n<p>Y las gentes, un parte esencial de El Bierzo, con su tradiciones y sus costumbres, que mantienen la devoci\u00f3n por <strong>la Virgen de la Encina en la bas\u00edlica de Ponferrada dedicada a esta talla medieval<\/strong>. Pero no menos importante <strong>la hospitalidad de los pueblos de los Camino de Santiago, desde El Acebo<\/strong>, primer pueblo del Camino Franc\u00e9s, a <strong>Molinaseca, Colinas del Campo, Espinoso de Compludo, Las Salas, Lombillo o Villar de los Barrios<\/strong>.<\/p>\n<figure id=\"attachment_30848\" aria-describedby=\"caption-attachment-30848\" style=\"width: 640px\" class=\"wp-caption aligncenter\"><img decoding=\"async\" src=\"https:\/\/destinocastillayleon.es\/index\/wp-content\/uploads\/2019\/07\/6d64f46cc6cdc5b527fd81177215e5cc.jpg\" alt=\"Puente romano de Molinaseca - Destino Castilla y Le\u00f3n\" width=\"640\" height=\"400\" class=\"size-full wp-image-30848\" srcset=\"https:\/\/destinocastillayleon.es\/index\/wp-content\/uploads\/2019\/07\/6d64f46cc6cdc5b527fd81177215e5cc.jpg 640w, https:\/\/destinocastillayleon.es\/index\/wp-content\/uploads\/2019\/07\/6d64f46cc6cdc5b527fd81177215e5cc-300x188.jpg 300w\" sizes=\"(max-width: 640px) 100vw, 640px\" \/><figcaption id=\"caption-attachment-30848\" class=\"wp-caption-text\">Puente romano de Molinaseca &#8211; Destino Castilla y Le\u00f3n<\/figcaption><\/figure>\n<h4><strong>Edad moderna<\/strong><\/h4>\n<p>Un nuevo patrimonio digno de ser conservado es que nos legaron nuestros abuelos, con numerosos edificios representativos del siglo XIX y XX, como <strong>la F\u00e1brica de Luz, un Museo de la Energ\u00eda en Ponferrada<\/strong>, situada sobre una antigua central t\u00e9rmica que se usaba para generar luz el\u00e9ctrica en esta comarca.<\/p>\n<figure id=\"attachment_31750\" aria-describedby=\"caption-attachment-31750\" style=\"width: 624px\" class=\"wp-caption aligncenter\"><img decoding=\"async\" src=\"https:\/\/destinocastillayleon.es\/index\/wp-content\/uploads\/2019\/10\/710dff888142c4ac5b0fb0d39d5639bc.jpg\" alt=\"Museo de la Energ\u00eda de Ponferrada - Imagen de BierzoDigital\" width=\"624\" height=\"385\" class=\"size-full wp-image-31750\" srcset=\"https:\/\/destinocastillayleon.es\/index\/wp-content\/uploads\/2019\/10\/710dff888142c4ac5b0fb0d39d5639bc.jpg 624w, https:\/\/destinocastillayleon.es\/index\/wp-content\/uploads\/2019\/10\/710dff888142c4ac5b0fb0d39d5639bc-300x185.jpg 300w\" sizes=\"(max-width: 624px) 100vw, 624px\" \/><figcaption id=\"caption-attachment-31750\" class=\"wp-caption-text\">Museo de la Energ\u00eda de Ponferrada &#8211; Imagen de BierzoDigital<\/figcaption><\/figure>\n<p>Otro lugar interesante es el <strong>Parque Tem\u00e1tico del Pozo Julia<\/strong>, en Fabero; que permite recorrer unas instalaciones mineras conservadas igual que se dejaron en los a\u00f1os 50 del siglo XX, descubriendo las condiciones en que los mineros leones, asturianos, gallegos o palentinos, entre otros,.. desarrollaron esta duro actividad extractiva durante d\u00e9cadas.<a name=\"Gastroturismo\"><\/a><\/p>\n<h3><strong>Y la gastronom\u00eda por bandera<\/strong><\/h3>\n<p>Aunque ya hemos anticipado algo al principio, <strong>estamos hablando de uno de los mejores lugares para disfrutar de la gastronom\u00eda tradicional, pero tambi\u00e9n alcanza a las vanguardias de cualquier punto del planeta<\/strong>. Lo importante de El Bierzo es la primac\u00eda de los productos de temporada y de kil\u00f3metro cero, con lo que est\u00e1n en el mejor momento para su consumo, caracteriz\u00e1ndose por la calidad.<\/p>\n<p>La oferta culinaria <strong>se basa en el producto, centr\u00e1ndose en sus principales ingredientes que tienen certificados de denominaci\u00f3n de origen<\/strong>, como los pimientos, las peras, las manzanas, las casta\u00f1as y el botillo.<\/p>\n<h4><strong>Recetario tradicional<\/strong><\/h4>\n<p>As\u00ed, <strong>los pimientos asados, unos de los mejores del mundo, son entre otras cosas<\/strong>, la guarnici\u00f3n perfecta para las carnes y pescados. Pero tambi\u00e9n se pueden rellenar, o emplear para <strong>hacer una empanada berciana<\/strong>, que se caracteriza por un pan t\u00edpicamente berciano. Esta empanada posee un relleno al gusto de cada cual, pero suele llevar jam\u00f3n, patatas cocidas, chorizo y cebolla frita acompa\u00f1ando a los pimientos.<\/p>\n<figure id=\"attachment_31748\" aria-describedby=\"caption-attachment-31748\" style=\"width: 640px\" class=\"wp-caption aligncenter\"><img decoding=\"async\" src=\"https:\/\/destinocastillayleon.es\/index\/wp-content\/uploads\/2019\/10\/Empanada-berciana-Imagen-de-DeMesaEnMesa.jpg\" alt=\"Empanada berciana - Imagen de DeMesaEnMesa\" width=\"640\" height=\"426\" class=\"size-full wp-image-31748\" srcset=\"https:\/\/destinocastillayleon.es\/index\/wp-content\/uploads\/2019\/10\/Empanada-berciana-Imagen-de-DeMesaEnMesa.jpg 640w, https:\/\/destinocastillayleon.es\/index\/wp-content\/uploads\/2019\/10\/Empanada-berciana-Imagen-de-DeMesaEnMesa-300x200.jpg 300w, https:\/\/destinocastillayleon.es\/index\/wp-content\/uploads\/2019\/10\/Empanada-berciana-Imagen-de-DeMesaEnMesa-600x400.jpg 600w\" sizes=\"(max-width: 640px) 100vw, 640px\" \/><figcaption id=\"caption-attachment-31748\" class=\"wp-caption-text\">Empanada berciana &#8211; Imagen de DeMesaEnMesa<\/figcaption><\/figure>\n<p>Pero  igualmente buenas son las carnes de la comarca, <strong>donde destaca la ternera berciana<\/strong>. Brillante y rosada, con grasa blanca que da una textura tierna. Permite grandes chuletones y asados.<\/p>\n<h4><strong>El Botillo<\/strong><\/h4>\n<p><strong>Icono de El Bierzo, un producto peculiar y protagonista de muchas jornadas gastron\u00f3micas a lo largo del a\u00f1o en muchos restaurantes y mesones<\/strong>, como el Festival de Exaltaci\u00f3n del Botillo, organizado todos los a\u00f1os en Bembibre, <a href=\"https:\/\/destinocastillayleon.es\/index\/ciberbotillada-2019\/\">la Ciberbotillada<\/a> y otros m\u00e1s. Este cocido t\u00edpicamente berciano, que est\u00e1 protegido con una IGP, est\u00e1 elaborado con porciones de costilla, rabo, espinazo, paleta, carrillera y lengua de cerdo.<\/p>\n<figure id=\"attachment_29511\" aria-describedby=\"caption-attachment-29511\" style=\"width: 640px\" class=\"wp-caption aligncenter\"><img decoding=\"async\" src=\"https:\/\/destinocastillayleon.es\/index\/wp-content\/uploads\/2017\/06\/Botillo-completo-Imagen-de-El-Bierzo-Noticias.jpg\" alt=\"Botillo completo - Imagen de El Bierzo Noticias\" width=\"640\" class=\"size-full wp-image-29511\" srcset=\"https:\/\/destinocastillayleon.es\/index\/wp-content\/uploads\/2017\/06\/Botillo-completo-Imagen-de-El-Bierzo-Noticias.jpg 978w, https:\/\/destinocastillayleon.es\/index\/wp-content\/uploads\/2017\/06\/Botillo-completo-Imagen-de-El-Bierzo-Noticias-300x191.jpg 300w, https:\/\/destinocastillayleon.es\/index\/wp-content\/uploads\/2017\/06\/Botillo-completo-Imagen-de-El-Bierzo-Noticias-768x489.jpg 768w\" sizes=\"(max-width: 978px) 100vw, 978px\" \/><figcaption id=\"caption-attachment-29511\" class=\"wp-caption-text\">Botillo completo &#8211; Imagen de El Bierzo Noticias<\/figcaption><\/figure>\n<p>Anota en tu agenda de escapadas oto\u00f1ales la cita con El Bierzo durante los meses de octubre, noviembre y diciembre. Podr\u00e1s disfrutar y degustar las exquisitas elaboraciones que realizan los participantes en la Jornadas Gastron\u00f3micas de El Bierzo, festival culinario que va ya por la treinta y cinco edici\u00f3n y que este a\u00f1o 2019, se <strong>llevar\u00e1n a cabo del 18 de octubre al 8 de diciembre<\/strong>.<a name=\"informacion-adicional\"><\/a><br \/>\n&nbsp;<\/p>\n<h2><strong>Informaci\u00f3n extra para visitar El Bierzo en oto\u00f1o<\/strong><\/h2>\n<h3><strong>C\u00f3mo llegar<\/strong><\/h3>\n<p><a href=\"https:\/\/goo.gl\/maps\/nqYy9cwYkUkKgjU2A\" rel=\"noopener noreferrer\" target=\"_blank\">El Bierzo<\/a> es una comarca que se accede muy bien por carretera, pues est\u00e1 vertebrada de este a oeste <strong>por la autov\u00eda A6 Madrid-La Coru\u00f1a<\/strong>, pasando por las principales poblaciones bercianas, como <strong>Ponferrada <\/strong>o <strong>Villafranca del Bierzo<\/strong>.<\/p>\n<h3><strong>D\u00f3nde dormir<\/strong><\/h3>\n<p>Durante nuestras visitas a El Bierzo, generalmente hemos hecho noche en Ponferrada, en varios hoteles; En plan econ\u00f3mico, est\u00e1 muy <strong><a href=\"https:\/\/www.booking.com\/hotel\/es\/templeponferrada.es.html?aid=1281624&#038;sid=6cacca2f390dbc7aeb8db2324842c4f9&#038;age=12&#038;dest_id=-397088&#038;dest_type=city&#038;group_adults=2&#038;group_children=1&#038;hapos=1&#038;hpos=1&#038;no_rooms=1&#038;req_adults=2&#038;req_age=12&#038;req_children=1&#038;room1=A%2CA%2C12&#038;sr_order=popularity&#038;srepoch=1580225182&#038;srpvid=4dac6c8f963a01a0&#038;ucfs=1&#038;from=searchresults;highlight_room=#hotelTmpl\" rel=\"noopener noreferrer\" target=\"_blank\">el <strong>Hotel El Temple<\/a><\/strong>, de 3 estrellas<\/strong>, aunque viajando con algo m\u00e1s de presupuesto, hemos estado bien en <strong>el <a href=\"https:\/\/www.booking.com\/hotel\/es\/ponferrada.es.html?aid=1281624;sid=f6062a452c1ca37121ecaee6c73484e5;age=12;atlas_src=sr_iw_btn;dist=0;group_adults=2;group_children=1;no_rooms=1;room1=A%2CA%2C12;sb_price_type=total;type=total;ucfs=1&#038;\" rel=\"noopener noreferrer\" target=\"_blank\">Hotel AC Ponferrada<\/a>, de 4 estrellas<\/strong>.<\/p>\n<figure id=\"attachment_30794\" aria-describedby=\"caption-attachment-30794\" style=\"width: 640px\" class=\"wp-caption aligncenter\"><img decoding=\"async\" src=\"https:\/\/destinocastillayleon.es\/index\/wp-content\/uploads\/2017\/06\/d6058098fe57ca3b28b0c9173494cef4.jpg\" alt=\"Hotel AC Hotel Ponferrada - Destino Castilla y Le\u00f3n\" width=\"640\" height=\"400\" class=\"size-full wp-image-30794\" srcset=\"https:\/\/destinocastillayleon.es\/index\/wp-content\/uploads\/2017\/06\/d6058098fe57ca3b28b0c9173494cef4.jpg 640w, https:\/\/destinocastillayleon.es\/index\/wp-content\/uploads\/2017\/06\/d6058098fe57ca3b28b0c9173494cef4-300x188.jpg 300w\" sizes=\"(max-width: 640px) 100vw, 640px\" \/><figcaption id=\"caption-attachment-30794\" class=\"wp-caption-text\">Hotel AC Hotel Ponferrada &#8211; Destino Castilla y Le\u00f3n<\/figcaption><\/figure>\n<p>Otras opciones que s\u00ed hemos disfrutado ha sido en la zona sur, en las M\u00e9dulas, donde os aconsejar\u00edamos en Borrenes, <strong>el <a href=\"https:\/\/www.booking.com\/hotel\/es\/cornatel-medulas.es.html?aid=1281624;sid=55a1b5560d0bd9ffc62bed95494b9cb6;age=12;atlas_src=sr_iw_btn;dist=0;group_adults=2;group_children=1;no_rooms=1;room1=A%2CA%2C12;sb_price_type=total;type=total;ucfs=1&#038;\" rel=\"noopener noreferrer\" target=\"_blank\">Hotel Cornatel M\u00e9dulas<\/a>, de 3 estrellas<\/strong>, y en el norte el <a href=\"https:\/\/www.booking.com\/hotel\/es\/palacio-de-canedo.es.html?aid=1281624;sid=55a1b5560d0bd9ffc62bed95494b9cb6;age=12;atlas_src=sr_iw_btn;dist=0;group_adults=2;group_children=1;no_rooms=1;room1=A%2CA%2C12;sb_price_type=total;type=total;ucfs=1&#038;\" rel=\"noopener noreferrer\" target=\"_blank\"><strong>Hotel Palacio de Canedo<\/strong><\/a>, en Canedo, <a href=\"https:\/\/www.booking.com\/hotel\/es\/la-moncloa-de-san-lazaro.es.html?aid=1281624;sid=55a1b5560d0bd9ffc62bed95494b9cb6;age=12;atlas_src=sr_iw_btn;dist=0;group_adults=2;group_children=1;no_rooms=1;room1=A%2CA%2C12;sb_price_type=total;type=total;ucfs=1&#038;\" rel=\"noopener noreferrer\" target=\"_blank\"><strong>la Moncloa de San L\u00e1zaro<\/strong><\/a>, en Cacabelos; o el <a href=\"https:\/\/www.booking.com\/hotel\/es\/el-rincon-del-cuco.es.html?aid=1281624;sid=55a1b5560d0bd9ffc62bed95494b9cb6;age=12;atlas_src=sr_iw_btn;dist=0;group_adults=2;group_children=1;no_rooms=1;room1=A%2CA%2C12;sb_price_type=total;type=total;ucfs=1&#038;\" rel=\"noopener noreferrer\" target=\"_blank\"><strong>El Rinc\u00f3n del Cuco<\/strong><\/a>, hotel de 2 estrellas Ideal para familias en Tejedo de Ancares.<\/p>\n<h3><strong>D\u00f3nde comer<\/strong><\/h3>\n<p>Aqu\u00ed es lo m\u00e1s dificil, pues hemos comido bien en casi todas partes. Nos encant\u00f3 <strong>en Molinaseca el <a href=\"https:\/\/destinocastillayleon.es\/index\/leon-en-el-camino\/#El-Bordon\">Rte. El Bord\u00f3n<\/a><\/strong>. Por supuesto, el <a href=\"https:\/\/destinocastillayleon.es\/index\/comer-en-el-palacio-de-canedo\/\"><strong>Palacio de Canedo<\/strong><\/a> o <strong>La Moncloa de San L\u00e1zaro<\/strong>. En Ponferrada, <a href=\"https:\/\/destinocastillayleon.es\/index\/leon-en-el-camino\/#Las-Cuadras\"><strong>el Rte. Las Cuadras<\/strong><\/a>, aunque tambi\u00e9n hemos comido de tapeo.<\/p>\n<figure id=\"attachment_31762\" aria-describedby=\"caption-attachment-31762\" style=\"width: 640px\" class=\"wp-caption aligncenter\"><img decoding=\"async\" src=\"https:\/\/destinocastillayleon.es\/index\/wp-content\/uploads\/2019\/10\/54f20c93c924e39f1a64fb322ce48039.jpg\" alt=\"Comer en el Palacio de Canedo - Destino Castilla y Le\u00f3n\" width=\"640\" height=\"427\" class=\"size-full wp-image-31762\" srcset=\"https:\/\/destinocastillayleon.es\/index\/wp-content\/uploads\/2019\/10\/54f20c93c924e39f1a64fb322ce48039.jpg 640w, https:\/\/destinocastillayleon.es\/index\/wp-content\/uploads\/2019\/10\/54f20c93c924e39f1a64fb322ce48039-300x200.jpg 300w, https:\/\/destinocastillayleon.es\/index\/wp-content\/uploads\/2019\/10\/54f20c93c924e39f1a64fb322ce48039-600x400.jpg 600w\" sizes=\"(max-width: 640px) 100vw, 640px\" \/><figcaption id=\"caption-attachment-31762\" class=\"wp-caption-text\">Comer en el Palacio de Canedo &#8211; Destino Castilla y Le\u00f3n<\/figcaption><\/figure>\n<p>Y ya veis, <strong>que lo que sobran, finalmente son motivos para viajar por El Bierzo en oto\u00f1o, o en cualquier \u00e9poca del a\u00f1o<\/strong>, pero si que es cierto que en esta \u00e9poca, los colores del oto\u00f1o, el fruto de las cosechas y su patrimonio hist\u00f3rico, art\u00edstico y natural, se muestra con una belleza sin igual.<\/p>\n<h4>Y tambi\u00e9n te puede interesar<\/h4>\n<ul>\n<li><a href=\"https:\/\/destinocastillayleon.es\/index\/palacio-de-canedo\/\">Palacio de Canedo, El Falcon Crest del Bierzo<\/a>.<\/li>\n<li><a href=\"https:\/\/destinocastillayleon.es\/index\/castillo-templario-de-ponferrada\/\">Castillo Templario de Ponferrada<\/a>.<\/li>\n<li><a href=\"https:\/\/destinocastillayleon.es\/index\/leon-en-el-camino\/\">Le\u00f3n en el Camino, una forma diferente de conocer el Camino de Santiago<\/a>.<\/li>\n<\/ul>\n","protected":false},"excerpt":{"rendered":"<p>No hace falta buscar mucho para encontrar motivos para viajar por el Bierzo en oto\u00f1o, es una \u00e9poca del a\u00f1o especialmente interesante por su patrimonio natural, gastron\u00f3mico o hist\u00f3rico<\/p>\n","protected":false},"author":2,"featured_media":31758,"comment_status":"open","ping_status":"closed","sticky":false,"template":"","format":"standard","meta":{"rop_custom_images_group":[],"rop_custom_messages_group":[],"rop_publish_now":"initial","rop_publish_now_accounts":{"twitter_1150954226_1150954226":""},"rop_publish_now_history":[],"rop_publish_now_status":"pending","footnotes":""},"categories":[303,63,4713,4712,68,1417,384,74],"tags":[300,5815,56,229,5814],"class_list":["post-31723","post","type-post","status-publish","format-standard","has-post-thumbnail","hentry","category-gastronomia","category-leon","category-leon-gastronomia","category-leon-turismo","category-post_inicial","category-comer","category-rutas-2","category-rutas_por_cyl","tag-cacabelos","tag-las-medulas","tag-leon-2","tag-ponferrada","tag-viajar-por-el-bierzo-en-otono"],"yoast_head":"<!-- This site is optimized with the Yoast SEO Premium plugin v20.4 (Yoast SEO v27.4) - https:\/\/yoast.com\/product\/yoast-seo-premium-wordpress\/ -->\n<title>Motivos para viajar por El Bierzo en oto\u00f1o - Destino Castilla y Le\u00f3n<\/title>\n<meta name=\"description\" content=\"No hace falta buscar mucho para encontrar motivos para viajar por el Bierzo en oto\u00f1o, es una \u00e9poca del a\u00f1o especialmente interesante por su patrimonio\" \/>\n<meta name=\"robots\" content=\"index, follow, max-snippet:-1, max-image-preview:large, max-video-preview:-1\" \/>\n<link rel=\"canonical\" href=\"https:\/\/destinocastillayleon.es\/index\/viajar-por-el-bierzo-en-otono\/\" \/>\n<meta property=\"og:locale\" content=\"es_ES\" \/>\n<meta property=\"og:type\" content=\"article\" \/>\n<meta property=\"og:title\" content=\"Motivos para viajar por El Bierzo en oto\u00f1o - Destino Castilla y Le\u00f3n\" \/>\n<meta property=\"og:description\" content=\"No hace falta buscar mucho para encontrar motivos para viajar por el Bierzo en oto\u00f1o, es una \u00e9poca del a\u00f1o especialmente interesante por su patrimonio natural, gastron\u00f3mico o hist\u00f3rico\" \/>\n<meta property=\"og:url\" content=\"https:\/\/destinocastillayleon.es\/index\/viajar-por-el-bierzo-en-otono\/\" \/>\n<meta property=\"og:site_name\" content=\"Destino Castilla y Le\u00f3n\" \/>\n<meta property=\"article:publisher\" content=\"https:\/\/www.facebook.com\/DestinoCastillaYLeon\/\" \/>\n<meta property=\"article:author\" content=\"https:\/\/www.facebook.com\/profile.php?id=1158416854\" \/>\n<meta property=\"article:published_time\" content=\"2019-10-18T03:57:28+00:00\" \/>\n<meta property=\"article:modified_time\" content=\"2020-01-28T15:26:48+00:00\" \/>\n<meta property=\"og:image\" content=\"https:\/\/destinocastillayleon.es\/index\/wp-content\/uploads\/2017\/06\/120bfa34331b742bb9977cebd95df1f1.jpg\" \/>\n\t<meta property=\"og:image:width\" content=\"980\" \/>\n\t<meta property=\"og:image:height\" content=\"590\" \/>\n\t<meta property=\"og:image:type\" content=\"image\/jpeg\" \/>\n<meta name=\"author\" content=\"David V\u00e1zquez\" \/>\n<meta name=\"twitter:card\" content=\"summary_large_image\" \/>\n<meta name=\"twitter:title\" content=\"Motivos para viajar por El Bierzo en oto\u00f1o - Destino Castilla y Le\u00f3n\" \/>\n<meta name=\"twitter:description\" content=\"No hace falta buscar mucho para encontrar motivos para viajar por el Bierzo en oto\u00f1o, es una \u00e9poca del a\u00f1o especialmente interesante por su patrimonio natural, gastron\u00f3mico o hist\u00f3rico\" \/>\n<meta name=\"twitter:image\" content=\"https:\/\/destinocastillayleon.es\/index\/wp-content\/uploads\/2017\/06\/120bfa34331b742bb9977cebd95df1f1.jpg\" \/>\n<meta name=\"twitter:creator\" content=\"@https:\/\/twitter.com\/ContePantaleone\u200e\" \/>\n<meta name=\"twitter:site\" content=\"@destinocyl\" \/>\n<meta name=\"twitter:label1\" content=\"Escrito por\" \/>\n\t<meta name=\"twitter:data1\" content=\"David V\u00e1zquez\" \/>\n\t<meta name=\"twitter:label2\" content=\"Tiempo de lectura\" \/>\n\t<meta name=\"twitter:data2\" content=\"3 minutos\" \/>\n<script type=\"application\/ld+json\" class=\"yoast-schema-graph\">{\"@context\":\"https:\\\/\\\/schema.org\",\"@graph\":[{\"@type\":\"Article\",\"@id\":\"https:\\\/\\\/destinocastillayleon.es\\\/index\\\/viajar-por-el-bierzo-en-otono\\\/#article\",\"isPartOf\":{\"@id\":\"https:\\\/\\\/destinocastillayleon.es\\\/index\\\/viajar-por-el-bierzo-en-otono\\\/\"},\"author\":{\"name\":\"David V\u00e1zquez\",\"@id\":\"https:\\\/\\\/destinocastillayleon.es\\\/index\\\/#\\\/schema\\\/person\\\/189221bc8f6cc4fa28b18ad5c289d4c2\"},\"headline\":\"Motivos para viajar por El Bierzo en oto\u00f1o\",\"datePublished\":\"2019-10-18T03:57:28+00:00\",\"dateModified\":\"2020-01-28T15:26:48+00:00\",\"mainEntityOfPage\":{\"@id\":\"https:\\\/\\\/destinocastillayleon.es\\\/index\\\/viajar-por-el-bierzo-en-otono\\\/\"},\"wordCount\":648,\"commentCount\":3,\"image\":{\"@id\":\"https:\\\/\\\/destinocastillayleon.es\\\/index\\\/viajar-por-el-bierzo-en-otono\\\/#primaryimage\"},\"thumbnailUrl\":\"https:\\\/\\\/destinocastillayleon.es\\\/index\\\/wp-content\\\/uploads\\\/2017\\\/06\\\/120bfa34331b742bb9977cebd95df1f1.jpg\",\"keywords\":[\"Cacabelos\",\"las medulas\",\"le\u00f3n\",\"Ponferrada\",\"viajar por El Bierzo en oto\u00f1o\"],\"articleSection\":[\"Gastronomia\",\"Leon\",\"Leon gastronom\u00eda\",\"Leon turismo\",\"Post_inicial\",\"Restaurantes\",\"Rutas\",\"Rutas por Castilla y Le\u00f3n\"],\"inLanguage\":\"es\",\"potentialAction\":[{\"@type\":\"CommentAction\",\"name\":\"Comment\",\"target\":[\"https:\\\/\\\/destinocastillayleon.es\\\/index\\\/viajar-por-el-bierzo-en-otono\\\/#respond\"]}]},{\"@type\":\"WebPage\",\"@id\":\"https:\\\/\\\/destinocastillayleon.es\\\/index\\\/viajar-por-el-bierzo-en-otono\\\/\",\"url\":\"https:\\\/\\\/destinocastillayleon.es\\\/index\\\/viajar-por-el-bierzo-en-otono\\\/\",\"name\":\"Motivos para viajar por El Bierzo en oto\u00f1o - Destino Castilla y Le\u00f3n\",\"isPartOf\":{\"@id\":\"https:\\\/\\\/destinocastillayleon.es\\\/index\\\/#website\"},\"primaryImageOfPage\":{\"@id\":\"https:\\\/\\\/destinocastillayleon.es\\\/index\\\/viajar-por-el-bierzo-en-otono\\\/#primaryimage\"},\"image\":{\"@id\":\"https:\\\/\\\/destinocastillayleon.es\\\/index\\\/viajar-por-el-bierzo-en-otono\\\/#primaryimage\"},\"thumbnailUrl\":\"https:\\\/\\\/destinocastillayleon.es\\\/index\\\/wp-content\\\/uploads\\\/2017\\\/06\\\/120bfa34331b742bb9977cebd95df1f1.jpg\",\"datePublished\":\"2019-10-18T03:57:28+00:00\",\"dateModified\":\"2020-01-28T15:26:48+00:00\",\"author\":{\"@id\":\"https:\\\/\\\/destinocastillayleon.es\\\/index\\\/#\\\/schema\\\/person\\\/189221bc8f6cc4fa28b18ad5c289d4c2\"},\"description\":\"No hace falta buscar mucho para encontrar motivos para viajar por el Bierzo en oto\u00f1o, es una \u00e9poca del a\u00f1o especialmente interesante por su patrimonio\",\"breadcrumb\":{\"@id\":\"https:\\\/\\\/destinocastillayleon.es\\\/index\\\/viajar-por-el-bierzo-en-otono\\\/#breadcrumb\"},\"inLanguage\":\"es\",\"potentialAction\":[{\"@type\":\"ReadAction\",\"target\":[\"https:\\\/\\\/destinocastillayleon.es\\\/index\\\/viajar-por-el-bierzo-en-otono\\\/\"]}]},{\"@type\":\"ImageObject\",\"inLanguage\":\"es\",\"@id\":\"https:\\\/\\\/destinocastillayleon.es\\\/index\\\/viajar-por-el-bierzo-en-otono\\\/#primaryimage\",\"url\":\"https:\\\/\\\/destinocastillayleon.es\\\/index\\\/wp-content\\\/uploads\\\/2017\\\/06\\\/120bfa34331b742bb9977cebd95df1f1.jpg\",\"contentUrl\":\"https:\\\/\\\/destinocastillayleon.es\\\/index\\\/wp-content\\\/uploads\\\/2017\\\/06\\\/120bfa34331b742bb9977cebd95df1f1.jpg\",\"width\":980,\"height\":590,\"caption\":\"Oto\u00f1o en el Bierzo - Imagen de Cardinalia\"},{\"@type\":\"BreadcrumbList\",\"@id\":\"https:\\\/\\\/destinocastillayleon.es\\\/index\\\/viajar-por-el-bierzo-en-otono\\\/#breadcrumb\",\"itemListElement\":[{\"@type\":\"ListItem\",\"position\":1,\"name\":\"Portada\",\"item\":\"https:\\\/\\\/destinocastillayleon.es\\\/index\\\/\"},{\"@type\":\"ListItem\",\"position\":2,\"name\":\"Motivos para viajar por El Bierzo en oto\u00f1o\"}]},{\"@type\":\"WebSite\",\"@id\":\"https:\\\/\\\/destinocastillayleon.es\\\/index\\\/#website\",\"url\":\"https:\\\/\\\/destinocastillayleon.es\\\/index\\\/\",\"name\":\"Destino Castilla y Le\u00f3n\",\"description\":\"Medio digital independiente y revista de Castilla y Le\u00f3n dedicado al turismo, gastronom\u00eda y vino de Castilla y Le\u00f3n\",\"potentialAction\":[{\"@type\":\"SearchAction\",\"target\":{\"@type\":\"EntryPoint\",\"urlTemplate\":\"https:\\\/\\\/destinocastillayleon.es\\\/index\\\/?s={search_term_string}\"},\"query-input\":{\"@type\":\"PropertyValueSpecification\",\"valueRequired\":true,\"valueName\":\"search_term_string\"}}],\"inLanguage\":\"es\"},{\"@type\":\"Person\",\"@id\":\"https:\\\/\\\/destinocastillayleon.es\\\/index\\\/#\\\/schema\\\/person\\\/189221bc8f6cc4fa28b18ad5c289d4c2\",\"name\":\"David V\u00e1zquez\",\"image\":{\"@type\":\"ImageObject\",\"inLanguage\":\"es\",\"@id\":\"https:\\\/\\\/secure.gravatar.com\\\/avatar\\\/cd12db6c575a90c3b75cfa0f794b74d425201c768612fad17e9f13cd33d48be8?s=96&d=mm&r=g\",\"url\":\"https:\\\/\\\/secure.gravatar.com\\\/avatar\\\/cd12db6c575a90c3b75cfa0f794b74d425201c768612fad17e9f13cd33d48be8?s=96&d=mm&r=g\",\"contentUrl\":\"https:\\\/\\\/secure.gravatar.com\\\/avatar\\\/cd12db6c575a90c3b75cfa0f794b74d425201c768612fad17e9f13cd33d48be8?s=96&d=mm&r=g\",\"caption\":\"David V\u00e1zquez\"},\"description\":\"Ingeniero Industrial de vocaci\u00f3n y profesi\u00f3n, he encontrado en los blogs la forma de plasmar mi pasi\u00f3n por los viajes, la gastronom\u00eda y los vinos. Especialmente los procedentes de Castilla y Le\u00f3n\",\"sameAs\":[\"https:\\\/\\\/www.destinocastillayleon.es\",\"https:\\\/\\\/www.facebook.com\\\/profile.php?id=1158416854\",\"https:\\\/\\\/instagram.com\\\/conte.pantaleone\",\"https:\\\/\\\/www.linkedin.com\\\/pub\\\/david-vazquez-lozano\\\/37\\\/17a\\\/25a\",\"https:\\\/\\\/x.com\\\/https:\\\/\\\/twitter.com\\\/ContePantaleone\u200e\"],\"url\":\"https:\\\/\\\/destinocastillayleon.es\\\/index\\\/author\\\/coadministradorcyl\\\/\"}]}<\/script>\n<!-- \/ Yoast SEO Premium plugin. -->","yoast_head_json":{"title":"Motivos para viajar por El Bierzo en oto\u00f1o - Destino Castilla y Le\u00f3n","description":"No hace falta buscar mucho para encontrar motivos para viajar por el Bierzo en oto\u00f1o, es una \u00e9poca del a\u00f1o especialmente interesante por su patrimonio","robots":{"index":"index","follow":"follow","max-snippet":"max-snippet:-1","max-image-preview":"max-image-preview:large","max-video-preview":"max-video-preview:-1"},"canonical":"https:\/\/destinocastillayleon.es\/index\/viajar-por-el-bierzo-en-otono\/","og_locale":"es_ES","og_type":"article","og_title":"Motivos para viajar por El Bierzo en oto\u00f1o - Destino Castilla y Le\u00f3n","og_description":"No hace falta buscar mucho para encontrar motivos para viajar por el Bierzo en oto\u00f1o, es una \u00e9poca del a\u00f1o especialmente interesante por su patrimonio natural, gastron\u00f3mico o hist\u00f3rico","og_url":"https:\/\/destinocastillayleon.es\/index\/viajar-por-el-bierzo-en-otono\/","og_site_name":"Destino Castilla y Le\u00f3n","article_publisher":"https:\/\/www.facebook.com\/DestinoCastillaYLeon\/","article_author":"https:\/\/www.facebook.com\/profile.php?id=1158416854","article_published_time":"2019-10-18T03:57:28+00:00","article_modified_time":"2020-01-28T15:26:48+00:00","og_image":[{"width":980,"height":590,"url":"https:\/\/destinocastillayleon.es\/index\/wp-content\/uploads\/2017\/06\/120bfa34331b742bb9977cebd95df1f1.jpg","type":"image\/jpeg"}],"author":"David V\u00e1zquez","twitter_card":"summary_large_image","twitter_title":"Motivos para viajar por El Bierzo en oto\u00f1o - Destino Castilla y Le\u00f3n","twitter_description":"No hace falta buscar mucho para encontrar motivos para viajar por el Bierzo en oto\u00f1o, es una \u00e9poca del a\u00f1o especialmente interesante por su patrimonio natural, gastron\u00f3mico o hist\u00f3rico","twitter_image":"https:\/\/destinocastillayleon.es\/index\/wp-content\/uploads\/2017\/06\/120bfa34331b742bb9977cebd95df1f1.jpg","twitter_creator":"@https:\/\/twitter.com\/ContePantaleone\u200e","twitter_site":"@destinocyl","twitter_misc":{"Escrito por":"David V\u00e1zquez","Tiempo de lectura":"3 minutos"},"schema":{"@context":"https:\/\/schema.org","@graph":[{"@type":"Article","@id":"https:\/\/destinocastillayleon.es\/index\/viajar-por-el-bierzo-en-otono\/#article","isPartOf":{"@id":"https:\/\/destinocastillayleon.es\/index\/viajar-por-el-bierzo-en-otono\/"},"author":{"name":"David V\u00e1zquez","@id":"https:\/\/destinocastillayleon.es\/index\/#\/schema\/person\/189221bc8f6cc4fa28b18ad5c289d4c2"},"headline":"Motivos para viajar por El Bierzo en oto\u00f1o","datePublished":"2019-10-18T03:57:28+00:00","dateModified":"2020-01-28T15:26:48+00:00","mainEntityOfPage":{"@id":"https:\/\/destinocastillayleon.es\/index\/viajar-por-el-bierzo-en-otono\/"},"wordCount":648,"commentCount":3,"image":{"@id":"https:\/\/destinocastillayleon.es\/index\/viajar-por-el-bierzo-en-otono\/#primaryimage"},"thumbnailUrl":"https:\/\/destinocastillayleon.es\/index\/wp-content\/uploads\/2017\/06\/120bfa34331b742bb9977cebd95df1f1.jpg","keywords":["Cacabelos","las medulas","le\u00f3n","Ponferrada","viajar por El Bierzo en oto\u00f1o"],"articleSection":["Gastronomia","Leon","Leon gastronom\u00eda","Leon turismo","Post_inicial","Restaurantes","Rutas","Rutas por Castilla y Le\u00f3n"],"inLanguage":"es","potentialAction":[{"@type":"CommentAction","name":"Comment","target":["https:\/\/destinocastillayleon.es\/index\/viajar-por-el-bierzo-en-otono\/#respond"]}]},{"@type":"WebPage","@id":"https:\/\/destinocastillayleon.es\/index\/viajar-por-el-bierzo-en-otono\/","url":"https:\/\/destinocastillayleon.es\/index\/viajar-por-el-bierzo-en-otono\/","name":"Motivos para viajar por El Bierzo en oto\u00f1o - Destino Castilla y Le\u00f3n","isPartOf":{"@id":"https:\/\/destinocastillayleon.es\/index\/#website"},"primaryImageOfPage":{"@id":"https:\/\/destinocastillayleon.es\/index\/viajar-por-el-bierzo-en-otono\/#primaryimage"},"image":{"@id":"https:\/\/destinocastillayleon.es\/index\/viajar-por-el-bierzo-en-otono\/#primaryimage"},"thumbnailUrl":"https:\/\/destinocastillayleon.es\/index\/wp-content\/uploads\/2017\/06\/120bfa34331b742bb9977cebd95df1f1.jpg","datePublished":"2019-10-18T03:57:28+00:00","dateModified":"2020-01-28T15:26:48+00:00","author":{"@id":"https:\/\/destinocastillayleon.es\/index\/#\/schema\/person\/189221bc8f6cc4fa28b18ad5c289d4c2"},"description":"No hace falta buscar mucho para encontrar motivos para viajar por el Bierzo en oto\u00f1o, es una \u00e9poca del a\u00f1o especialmente interesante por su patrimonio","breadcrumb":{"@id":"https:\/\/destinocastillayleon.es\/index\/viajar-por-el-bierzo-en-otono\/#breadcrumb"},"inLanguage":"es","potentialAction":[{"@type":"ReadAction","target":["https:\/\/destinocastillayleon.es\/index\/viajar-por-el-bierzo-en-otono\/"]}]},{"@type":"ImageObject","inLanguage":"es","@id":"https:\/\/destinocastillayleon.es\/index\/viajar-por-el-bierzo-en-otono\/#primaryimage","url":"https:\/\/destinocastillayleon.es\/index\/wp-content\/uploads\/2017\/06\/120bfa34331b742bb9977cebd95df1f1.jpg","contentUrl":"https:\/\/destinocastillayleon.es\/index\/wp-content\/uploads\/2017\/06\/120bfa34331b742bb9977cebd95df1f1.jpg","width":980,"height":590,"caption":"Oto\u00f1o en el Bierzo - Imagen de Cardinalia"},{"@type":"BreadcrumbList","@id":"https:\/\/destinocastillayleon.es\/index\/viajar-por-el-bierzo-en-otono\/#breadcrumb","itemListElement":[{"@type":"ListItem","position":1,"name":"Portada","item":"https:\/\/destinocastillayleon.es\/index\/"},{"@type":"ListItem","position":2,"name":"Motivos para viajar por El Bierzo en oto\u00f1o"}]},{"@type":"WebSite","@id":"https:\/\/destinocastillayleon.es\/index\/#website","url":"https:\/\/destinocastillayleon.es\/index\/","name":"Destino Castilla y Le\u00f3n","description":"Medio digital independiente y revista de Castilla y Le\u00f3n dedicado al turismo, gastronom\u00eda y vino de Castilla y Le\u00f3n","potentialAction":[{"@type":"SearchAction","target":{"@type":"EntryPoint","urlTemplate":"https:\/\/destinocastillayleon.es\/index\/?s={search_term_string}"},"query-input":{"@type":"PropertyValueSpecification","valueRequired":true,"valueName":"search_term_string"}}],"inLanguage":"es"},{"@type":"Person","@id":"https:\/\/destinocastillayleon.es\/index\/#\/schema\/person\/189221bc8f6cc4fa28b18ad5c289d4c2","name":"David V\u00e1zquez","image":{"@type":"ImageObject","inLanguage":"es","@id":"https:\/\/secure.gravatar.com\/avatar\/cd12db6c575a90c3b75cfa0f794b74d425201c768612fad17e9f13cd33d48be8?s=96&d=mm&r=g","url":"https:\/\/secure.gravatar.com\/avatar\/cd12db6c575a90c3b75cfa0f794b74d425201c768612fad17e9f13cd33d48be8?s=96&d=mm&r=g","contentUrl":"https:\/\/secure.gravatar.com\/avatar\/cd12db6c575a90c3b75cfa0f794b74d425201c768612fad17e9f13cd33d48be8?s=96&d=mm&r=g","caption":"David V\u00e1zquez"},"description":"Ingeniero Industrial de vocaci\u00f3n y profesi\u00f3n, he encontrado en los blogs la forma de plasmar mi pasi\u00f3n por los viajes, la gastronom\u00eda y los vinos. Especialmente los procedentes de Castilla y Le\u00f3n","sameAs":["https:\/\/www.destinocastillayleon.es","https:\/\/www.facebook.com\/profile.php?id=1158416854","https:\/\/instagram.com\/conte.pantaleone","https:\/\/www.linkedin.com\/pub\/david-vazquez-lozano\/37\/17a\/25a","https:\/\/x.com\/https:\/\/twitter.com\/ContePantaleone\u200e"],"url":"https:\/\/destinocastillayleon.es\/index\/author\/coadministradorcyl\/"}]}},"_links":{"self":[{"href":"https:\/\/destinocastillayleon.es\/index\/wp-json\/wp\/v2\/posts\/31723","targetHints":{"allow":["GET"]}}],"collection":[{"href":"https:\/\/destinocastillayleon.es\/index\/wp-json\/wp\/v2\/posts"}],"about":[{"href":"https:\/\/destinocastillayleon.es\/index\/wp-json\/wp\/v2\/types\/post"}],"author":[{"embeddable":true,"href":"https:\/\/destinocastillayleon.es\/index\/wp-json\/wp\/v2\/users\/2"}],"replies":[{"embeddable":true,"href":"https:\/\/destinocastillayleon.es\/index\/wp-json\/wp\/v2\/comments?post=31723"}],"version-history":[{"count":25,"href":"https:\/\/destinocastillayleon.es\/index\/wp-json\/wp\/v2\/posts\/31723\/revisions"}],"predecessor-version":[{"id":32375,"href":"https:\/\/destinocastillayleon.es\/index\/wp-json\/wp\/v2\/posts\/31723\/revisions\/32375"}],"wp:featuredmedia":[{"embeddable":true,"href":"https:\/\/destinocastillayleon.es\/index\/wp-json\/wp\/v2\/media\/31758"}],"wp:attachment":[{"href":"https:\/\/destinocastillayleon.es\/index\/wp-json\/wp\/v2\/media?parent=31723"}],"wp:term":[{"taxonomy":"category","embeddable":true,"href":"https:\/\/destinocastillayleon.es\/index\/wp-json\/wp\/v2\/categories?post=31723"},{"taxonomy":"post_tag","embeddable":true,"href":"https:\/\/destinocastillayleon.es\/index\/wp-json\/wp\/v2\/tags?post=31723"}],"curies":[{"name":"wp","href":"https:\/\/api.w.org\/{rel}","templated":true}]}}