{"id":31627,"date":"2019-10-02T15:12:39","date_gmt":"2019-10-02T13:12:39","guid":{"rendered":"https:\/\/destinocastillayleon.es\/index\/?p=31627"},"modified":"2019-10-02T15:12:39","modified_gmt":"2019-10-02T13:12:39","slug":"iv-festival-rueda-rock","status":"publish","type":"post","link":"https:\/\/destinocastillayleon.es\/index\/iv-festival-rueda-rock\/","title":{"rendered":"IV Festival Rueda Rock"},"content":{"rendered":"<p><strong>Estamos en tiempos de vendimia, y de fiestas de la vendimia<\/strong>. Los principales pueblos vitivin\u00edcolas est\u00e1n organizando muchos eventos y fiestas para <strong>animar el fin de la campa\u00f1a de la vendimia<\/strong>. Entre estos pueblos, se encuentra <strong>Rueda, en Valladolid<\/strong>. Un pueblo que aspira a ser Capital Europea del Enoturismo 2020.<\/p>\n<blockquote><p>Con el \u00e1nimo de calentar motores, el fin de semana del 5 y 6 de octubre se celebran varios eventos con la intenci\u00f3n de generar una propuesta cultural y art\u00edstica, complementaria a la fiesta de la vendimia.<\/p><\/blockquote>\n<h3><strong>Primeras actividades culturales y art\u00edsticas <\/strong><\/h3>\n<p><strong>El viernes 4 de octubre<\/strong> empieza el programa con la inauguraci\u00f3n de <strong>la exposici\u00f3n de pinturas del Taller de Cesar Manjarr\u00e9s y alumnos<\/strong>, en la Casa de la Cultura de Rueda.<\/p>\n<figure id=\"attachment_31631\" aria-describedby=\"caption-attachment-31631\" style=\"width: 640px\" class=\"wp-caption aligncenter\"><img decoding=\"async\" src=\"https:\/\/destinocastillayleon.es\/index\/wp-content\/uploads\/2017\/06\/4b302a6d416001e75e5ec21445620099.jpg\" alt=\"Festival Rueda Rock\" title=\"Taller de pintura de Cesar Manjarr\u00e9s - Imagen de TordesillasAlD\u00eda\" width=\"640\" height=\"426\" class=\"size-full wp-image-31631\" srcset=\"https:\/\/destinocastillayleon.es\/index\/wp-content\/uploads\/2017\/06\/4b302a6d416001e75e5ec21445620099.jpg 640w, https:\/\/destinocastillayleon.es\/index\/wp-content\/uploads\/2017\/06\/4b302a6d416001e75e5ec21445620099-300x200.jpg 300w, https:\/\/destinocastillayleon.es\/index\/wp-content\/uploads\/2017\/06\/4b302a6d416001e75e5ec21445620099-600x400.jpg 600w\" sizes=\"(max-width: 640px) 100vw, 640px\" \/><figcaption id=\"caption-attachment-31631\" class=\"wp-caption-text\">Taller de pintura de Cesar Manjarr\u00e9s &#8211; Imagen de TordesillasAlD\u00eda<\/figcaption><\/figure>\n<p><strong>El s\u00e1bado 5 de octubre<\/strong> se conocer\u00e1n la obras presentadas a los <strong>concursos de fotograf\u00eda y pintura r\u00e1pida<\/strong>, actividades asociadas a la Fiesta de la Vendimia. El lugar elegido es la Oficina de Turismo de Rueda, a partir de las 12:00 horas.<\/p>\n<p>Y, <strong>por la tarde, se celebra la IV edici\u00f3n del Festival Rueda Rock<\/strong>, un gran concierto destinado <strong>a los amantes de la m\u00fasica Heavy Metal<\/strong>, con la presencia de grupos de reconocido prestigio.<\/p>\n<h2><strong>El Festival Rueda Rock<\/strong><\/h2>\n<p>Consolid\u00e1ndose <strong>como una cita imprescindible para los amantes del rock en la provincia de Valladolid<\/strong>, este a\u00f1o el cartel viene encabezado por bandas ya m\u00edticas. <strong>Saratoga, Azrael, Asgard Warriors y LuzNegra<\/strong>. Grupos que har\u00e1n saltar al p\u00fablico asistente al son de la m\u00fasica Heavy Metal.<\/p>\n<figure id=\"attachment_31632\" aria-describedby=\"caption-attachment-31632\" style=\"width: 380px\" class=\"wp-caption aligncenter\"><img decoding=\"async\" src=\"https:\/\/destinocastillayleon.es\/index\/wp-content\/uploads\/2017\/06\/Cartel-del-IV-Festival-Rueda-Rock.jpg\" alt=\"Cartel del IV Festival Rueda Rock\" width=\"380\" height=\"500\" class=\"size-full wp-image-31632\" srcset=\"https:\/\/destinocastillayleon.es\/index\/wp-content\/uploads\/2017\/06\/Cartel-del-IV-Festival-Rueda-Rock.jpg 380w, https:\/\/destinocastillayleon.es\/index\/wp-content\/uploads\/2017\/06\/Cartel-del-IV-Festival-Rueda-Rock-228x300.jpg 228w\" sizes=\"(max-width: 380px) 100vw, 380px\" \/><figcaption id=\"caption-attachment-31632\" class=\"wp-caption-text\">Cartel del IV Festival Rueda Rock<\/figcaption><\/figure>\n<blockquote><p>Para este festival se ha habilitado el Polideportivo Municipal de Rueda, empezando el s\u00e1bado, a las 20:00 horas.<\/p><\/blockquote>\n<p>La presencia del grupo Saratoga es <strong>un hito importante, al haber creado una identidad propia dentro del Heavy Metal internacional<\/strong>. Pero sin hacer de menos a los granadinos Azrael, con su Hard Rock m\u00e1s cl\u00e1sico y Speed Metal; O las bandas Asgard Warriors y Luz Negra, referentes nacionales.<\/p>\n<p>La entrada es <strong>gratuita hasta completar el aforo<\/strong>; y entre los asistentes, se sortear\u00e1 una guitarra el\u00e9ctrica firmada por los grupos.<\/p>\n<h3><strong>Paso al enoturismo m\u00e1s tradicional<\/strong><\/h3>\n<p><strong>El domingo 6 de octubre<\/strong> ser\u00e1 un d\u00eda m\u00e1s convencional, con una <strong>cata de vinos de Oro de Castilla<\/strong>, de la bodega Hermano Villar, en el patio del Ayuntamiento de Rueda, desde las 12:30 horas.<\/p>\n<figure id=\"attachment_31634\" aria-describedby=\"caption-attachment-31634\" style=\"width: 580px\" class=\"wp-caption aligncenter\"><img decoding=\"async\" src=\"https:\/\/destinocastillayleon.es\/index\/wp-content\/uploads\/2017\/06\/Cata-dirigida-de-vinos-Imagen-de-la-DO.Rueda_.jpg\" alt=\"Cata dirigida de vinos - Imagen de la DO.Rueda\" width=\"580\" class=\"size-full wp-image-31634\" srcset=\"https:\/\/destinocastillayleon.es\/index\/wp-content\/uploads\/2017\/06\/Cata-dirigida-de-vinos-Imagen-de-la-DO.Rueda_.jpg 640w, https:\/\/destinocastillayleon.es\/index\/wp-content\/uploads\/2017\/06\/Cata-dirigida-de-vinos-Imagen-de-la-DO.Rueda_-300x200.jpg 300w, https:\/\/destinocastillayleon.es\/index\/wp-content\/uploads\/2017\/06\/Cata-dirigida-de-vinos-Imagen-de-la-DO.Rueda_-600x400.jpg 600w\" sizes=\"(max-width: 640px) 100vw, 640px\" \/><figcaption id=\"caption-attachment-31634\" class=\"wp-caption-text\">Cata dirigida de vinos &#8211; Imagen de la DO. Rueda<\/figcaption><\/figure>\n<p>Y en plan familiar, <strong>por la tarde, <em>Concedeclown<\/em><\/strong> har\u00e1 disfrutar al p\u00fablico familiar con e<strong>l espect\u00e1culo Tach\u00e1n Tach\u00e1n 2.0<\/strong>, en la Casa de la Cultura.<\/p>\n<h2><strong>Informaci\u00f3n de inter\u00e9s<\/strong><\/h2>\n<h3><strong>C\u00f3mo llegar<\/strong><\/h3>\n<p><a href=\"https:\/\/goo.gl\/maps\/7YRKnyWEktLyUs6eA\" rel=\"noopener noreferrer\" target=\"_blank\"><strong>Rueda<\/a>, una de las capitales del vino de Espa\u00f1a est\u00e1 bastante bien comunicada por carretera<\/strong>, al estar <strong>junto a la autov\u00eda A6 Madrid-La Coru\u00f1a<\/strong>. Adem\u00e1s, dista apenas 17 km. de Medina del Campo, a la que se puede llegar por tren, incluido la Alta Velocidad.<\/p>\n<h3><strong>D\u00f3nde comer<\/strong><\/h3>\n<p>En Castilla y Le\u00f3n <strong>en general se come bastante bien<\/strong>; y Rueda no es menos. Aunque la oferta gastron\u00f3mica no es tan amplia como nos gustar\u00eda, te recomendamos dos sitios, <strong>el restaurante de Bodegas Yllera<\/strong>, o bien <strong>la Posada El Foro<\/strong>, entre otros lugares.<\/p>\n<figure id=\"attachment_31635\" aria-describedby=\"caption-attachment-31635\" style=\"width: 580px\" class=\"wp-caption aligncenter\"><img decoding=\"async\" src=\"https:\/\/destinocastillayleon.es\/index\/wp-content\/uploads\/2017\/06\/Comer-en-la-Posada-el-Foro-de-Rueda-Imagen-del-establecimiento.jpg\" alt=\"Comer en la Posada el Foro de Rueda - Imagen del establecimiento\" width=\"580\" height=\"386\" class=\"size-full wp-image-31635\" srcset=\"https:\/\/destinocastillayleon.es\/index\/wp-content\/uploads\/2017\/06\/Comer-en-la-Posada-el-Foro-de-Rueda-Imagen-del-establecimiento.jpg 580w, https:\/\/destinocastillayleon.es\/index\/wp-content\/uploads\/2017\/06\/Comer-en-la-Posada-el-Foro-de-Rueda-Imagen-del-establecimiento-300x200.jpg 300w\" sizes=\"(max-width: 580px) 100vw, 580px\" \/><figcaption id=\"caption-attachment-31635\" class=\"wp-caption-text\">Comer en la Posada el Foro de Rueda &#8211; Imagen del establecimiento<\/figcaption><\/figure>\n<h3><strong>D\u00f3nde dormir<\/strong><\/h3>\n<p>Hay <strong>varias actividades en Rueda durante todo el fin de semana<\/strong>, pero es que este fin de semana tambi\u00e9n est\u00e1 el Mercado Medieval de Tordesillas, uno de los mejores y m\u00e1s consolidados de Castilla y Le\u00f3n. As\u00ed que <strong>puedes hacer una escapada completa <a href=\"https:\/\/www.booking.com\/searchresults.es.html?city=-399846&#038;aid=1281624&#038;no_rooms=1&#038;group_adults=2&#038;group_children=1&#038;room1=A%2CA%2C12#map_closed\" rel=\"noopener noreferrer\" target=\"_blank\">haciendo noche en Rueda<\/a><\/strong> o en la zona.<\/p>\n<figure id=\"attachment_31633\" aria-describedby=\"caption-attachment-31633\" style=\"width: 580px\" class=\"wp-caption aligncenter\"><img decoding=\"async\" src=\"https:\/\/destinocastillayleon.es\/index\/wp-content\/uploads\/2017\/06\/Casa-Rural-Villa-Calera-en-Rueda-Imagen-de-la-casa-rural.jpg\" alt=\"Casa Rural Villa Calera en Rueda - Imagen de la casa rural\" width=\"580\" height=\"386\" class=\"size-full wp-image-31633\" srcset=\"https:\/\/destinocastillayleon.es\/index\/wp-content\/uploads\/2017\/06\/Casa-Rural-Villa-Calera-en-Rueda-Imagen-de-la-casa-rural.jpg 580w, https:\/\/destinocastillayleon.es\/index\/wp-content\/uploads\/2017\/06\/Casa-Rural-Villa-Calera-en-Rueda-Imagen-de-la-casa-rural-300x200.jpg 300w\" sizes=\"(max-width: 580px) 100vw, 580px\" \/><figcaption id=\"caption-attachment-31633\" class=\"wp-caption-text\">Casa Rural Villa Calera en Rueda &#8211; Imagen de la casa rural<\/figcaption><\/figure>\n<p>As\u00ed, te podemos sugerir <strong>la <a href=\"https:\/\/www.booking.com\/hotel\/es\/casa-rural-villa-calera.es.html?aid=1281624;sid=6cacca2f390dbc7aeb8db2324842c4f9;atlas_src=sr_iw_title;dist=0;group_adults=2;group_children=1;no_rooms=1;room1=A%2CA%2C12;sb_price_type=total;type=total;ucfs=1&#038;\" rel=\"noopener noreferrer\" target=\"_blank\">Casa Rural Villa Calera<\/a><\/strong>. Un lugar donde disfrutar y descansar, gracias al patio interior que goza de una barbacoa.<\/p>\n<h3><strong>Otros planes alternativos pr\u00f3ximos<\/strong><\/h3>\n<p>Y como no solo es cuesti\u00f3n de estar dando botes al ritmo del IV Festival Rueda Rock, <strong>desde Rueda pod\u00e9is disfrutar de muchas otras opciones para hacer turismo de interior<\/strong>. As\u00ed, como os hemos dicho, <a href=\"https:\/\/destinocastillayleon.es\/index\/rutas-historicas-por-medina-del-campo\/\"><strong>Medina del Campo<\/strong><\/a> y su <a href=\"https:\/\/destinocastillayleon.es\/index\/visitar-el-castillo-de-la-mota\/\">castillo de la Mota<\/a>; las mil y una cosas interesantes en <a href=\"https:\/\/destinocastillayleon.es\/index\/visita-olmedo-la-ciudad-del-caballero\/\"><strong>Olmedo<\/strong><\/a>, como su <a href=\"https:\/\/destinocastillayleon.es\/index\/visita-al-parque-tematico-del-mudejar\/\">parque tem\u00e1tico del mud\u00e9jar<\/a> y el <a href=\"https:\/\/destinocastillayleon.es\/index\/villa-romana-de-almenara-puras\/\">Museo de las Villas Romanas<\/a>.<\/p>\n<figure id=\"attachment_31636\" aria-describedby=\"caption-attachment-31636\" style=\"width: 640px\" class=\"wp-caption aligncenter\"><img decoding=\"async\" src=\"https:\/\/destinocastillayleon.es\/index\/wp-content\/uploads\/2017\/06\/c9769aee2e28b78eba435ddca62250f3.jpg\" alt=\"Festival Rueda Rock\" Title=\"Lugares pr\u00f3ximos e interesantes para visitar desde Rueda - Destino Castilla y Le\u00f3n\" width=\"640\" height=\"450\" class=\"size-full wp-image-31636\" srcset=\"https:\/\/destinocastillayleon.es\/index\/wp-content\/uploads\/2017\/06\/c9769aee2e28b78eba435ddca62250f3.jpg 640w, https:\/\/destinocastillayleon.es\/index\/wp-content\/uploads\/2017\/06\/c9769aee2e28b78eba435ddca62250f3-300x211.jpg 300w\" sizes=\"(max-width: 640px) 100vw, 640px\" \/><figcaption id=\"caption-attachment-31636\" class=\"wp-caption-text\">Lugares pr\u00f3ximos e interesantes para visitar desde Rueda &#8211; Destino Castilla y Le\u00f3n<\/figcaption><\/figure>\n<p>Y no te olvides del <strong>enoturismo y las bodegas de Rueda<\/strong>, como la de <a href=\"https:\/\/destinocastillayleon.es\/index\/enoturismo-en-bodegas-javier-sanz-viticultor\/\">Javier Sanz Viticultor<\/a>, en La Seca. En Villaverde de Medina, <a href=\"https:\/\/destinocastillayleon.es\/index\/bodega-castelo-de-medina\/\">Bodega Castelo de Medina<\/a>, o visitar pueblos \u00fanicos como <a href=\"https:\/\/destinocastillayleon.es\/index\/guia-para-pasar-el-dia-en-alaejos\/\"><strong>Alaejos<\/strong><\/a> o <a href=\"https:\/\/destinocastillayleon.es\/index\/viaje-a-madrigal-de-las-altas-torres\/\"><strong>Madrigal de las Altas Torres<\/strong><\/a>.<\/p>\n<p>y ya ves, que el IV Festival Rueda Rock, <strong>es solo la excusa para pasar un buen fin de semana por la Ruta del Vino de Rueda<\/strong>, descubriendo los muchos atractivos de patrimonio, cultura, arte,.. y por supuesto, vinos, que atesora esta comarca vitivin\u00edcola.<\/p>\n<p><font size=\"2\"><strong>Nota:<\/strong> Imagen de portada cortes\u00eda de <a href=\"https:\/\/pueblosycomarcas.com\/\" rel=\"noopener nofollow noreferrer\" target=\"_blank\">PueblosyComarcas.com<\/a><\/font><\/p>\n<h4>Tambi\u00e9n te puede interesar<\/h4>\n<ul>\n<li><a href=\"https:\/\/destinocastillayleon.es\/index\/bodegas-de-ramon-bilbao-en-rueda\/\">Enoturismo en las nuevas Bodegas de Ram\u00f3n Bilbao en Rueda<\/a>.<\/li>\n<li><a href=\"https:\/\/destinocastillayleon.es\/index\/enoturismo-en-rueda\/\">Gu\u00eda para pasar un d\u00eda completo de enoturismo en Rueda<\/a>.<\/li>\n<li><a href=\"https:\/\/destinocastillayleon.es\/index\/el-mercado-medieval-de-tordesillas-2019\/\">El Mercado Medieval de Tordesillas 2019<\/a>.<\/li>\n<\/ul>\n","protected":false},"excerpt":{"rendered":"<p>El pr\u00f3ximo fin de semana tienes una cita con el rock m\u00e1s duro en Rueda, Valladolid, para disfrutar entre otras cosas del IV Festival Rueda Rock. \u00bfConoc\u00edas esta otra forma de hacer enoturismo?<\/p>\n","protected":false},"author":2,"featured_media":31639,"comment_status":"open","ping_status":"closed","sticky":false,"template":"","format":"standard","meta":{"rop_custom_images_group":[],"rop_custom_messages_group":[],"rop_publish_now":"initial","rop_publish_now_accounts":{"twitter_1150954226_1150954226":""},"rop_publish_now_history":[],"rop_publish_now_status":"pending","footnotes":""},"categories":[77,1343,5511,68,4800],"tags":[93,2674,5759],"class_list":["post-31627","post","type-post","status-publish","format-standard","has-post-thumbnail","hentry","category-actualidad-y-agenda-de-castilla-y-leon","category-agenda","category-no-rescatar-en-rrss","category-post_inicial","category-valladolid-actualidad","tag-enoturismo-2","tag-que-hacer-en-rueda","tag-rueda"],"yoast_head":"<!-- This site is optimized with the Yoast SEO Premium plugin v20.4 (Yoast SEO v27.4) - https:\/\/yoast.com\/product\/yoast-seo-premium-wordpress\/ -->\n<title>IV Festival Rueda Rock y otras actividades - Destino Castilla y Le\u00f3n<\/title>\n<meta name=\"description\" content=\"El pr\u00f3ximo fin de semana tienes una cita con el rock m\u00e1s duro en Rueda, Valladolid, para disfrutar entre otras cosas del IV Festival Rueda Rock.\" \/>\n<meta name=\"robots\" content=\"index, follow, max-snippet:-1, max-image-preview:large, max-video-preview:-1\" \/>\n<link rel=\"canonical\" href=\"https:\/\/destinocastillayleon.es\/index\/iv-festival-rueda-rock\/\" \/>\n<meta property=\"og:locale\" content=\"es_ES\" \/>\n<meta property=\"og:type\" content=\"article\" \/>\n<meta property=\"og:title\" content=\"IV Festival Rueda Rock y otras actividades culturales en Rueda - Destino Castilla y Le\u00f3n\" \/>\n<meta property=\"og:description\" content=\"El pr\u00f3ximo fin de semana tienes una cita con el rock m\u00e1s duro en Rueda, Valladolid, para disfrutar entre otras cosas del IV Festival Rueda Rock.\" \/>\n<meta property=\"og:url\" content=\"https:\/\/destinocastillayleon.es\/index\/iv-festival-rueda-rock\/\" \/>\n<meta property=\"og:site_name\" content=\"Destino Castilla y Le\u00f3n\" \/>\n<meta property=\"article:publisher\" content=\"https:\/\/www.facebook.com\/DestinoCastillaYLeon\/\" \/>\n<meta property=\"article:author\" content=\"https:\/\/www.facebook.com\/profile.php?id=1158416854\" \/>\n<meta property=\"article:published_time\" content=\"2019-10-02T13:12:39+00:00\" \/>\n<meta property=\"og:image\" content=\"https:\/\/destinocastillayleon.es\/index\/wp-content\/uploads\/2019\/10\/II-Festival-Rueda-Rock.jpg\" \/>\n\t<meta property=\"og:image:width\" content=\"800\" \/>\n\t<meta property=\"og:image:height\" content=\"388\" \/>\n\t<meta property=\"og:image:type\" content=\"image\/jpeg\" \/>\n<meta name=\"author\" content=\"David V\u00e1zquez\" \/>\n<meta name=\"twitter:card\" content=\"summary_large_image\" \/>\n<meta name=\"twitter:title\" content=\"IV Festival Rueda Rock y otras actividades culturales en Rueda - Destino Castilla y Le\u00f3n\" \/>\n<meta name=\"twitter:creator\" content=\"@https:\/\/twitter.com\/ContePantaleone\u200e\" \/>\n<meta name=\"twitter:site\" content=\"@destinocyl\" \/>\n<meta name=\"twitter:label1\" content=\"Escrito por\" \/>\n\t<meta name=\"twitter:data1\" content=\"David V\u00e1zquez\" \/>\n\t<meta name=\"twitter:label2\" content=\"Tiempo de lectura\" \/>\n\t<meta name=\"twitter:data2\" content=\"5 minutos\" \/>\n<script type=\"application\/ld+json\" class=\"yoast-schema-graph\">{\"@context\":\"https:\\\/\\\/schema.org\",\"@graph\":[{\"@type\":\"Article\",\"@id\":\"https:\\\/\\\/destinocastillayleon.es\\\/index\\\/iv-festival-rueda-rock\\\/#article\",\"isPartOf\":{\"@id\":\"https:\\\/\\\/destinocastillayleon.es\\\/index\\\/iv-festival-rueda-rock\\\/\"},\"author\":{\"name\":\"David V\u00e1zquez\",\"@id\":\"https:\\\/\\\/destinocastillayleon.es\\\/index\\\/#\\\/schema\\\/person\\\/189221bc8f6cc4fa28b18ad5c289d4c2\"},\"headline\":\"IV Festival Rueda Rock\",\"datePublished\":\"2019-10-02T13:12:39+00:00\",\"mainEntityOfPage\":{\"@id\":\"https:\\\/\\\/destinocastillayleon.es\\\/index\\\/iv-festival-rueda-rock\\\/\"},\"wordCount\":922,\"commentCount\":0,\"image\":{\"@id\":\"https:\\\/\\\/destinocastillayleon.es\\\/index\\\/iv-festival-rueda-rock\\\/#primaryimage\"},\"thumbnailUrl\":\"https:\\\/\\\/destinocastillayleon.es\\\/index\\\/wp-content\\\/uploads\\\/2019\\\/10\\\/II-Festival-Rueda-Rock.jpg\",\"keywords\":[\"enoturismo\",\"que hacer en Rueda\",\"Rueda\"],\"articleSection\":[\"Actualidad\",\"Agenda\",\"No rescatar en RRSS\",\"Post_inicial\",\"Valladolid Actualidad\"],\"inLanguage\":\"es\",\"potentialAction\":[{\"@type\":\"CommentAction\",\"name\":\"Comment\",\"target\":[\"https:\\\/\\\/destinocastillayleon.es\\\/index\\\/iv-festival-rueda-rock\\\/#respond\"]}]},{\"@type\":\"WebPage\",\"@id\":\"https:\\\/\\\/destinocastillayleon.es\\\/index\\\/iv-festival-rueda-rock\\\/\",\"url\":\"https:\\\/\\\/destinocastillayleon.es\\\/index\\\/iv-festival-rueda-rock\\\/\",\"name\":\"IV Festival Rueda Rock y otras actividades - Destino Castilla y Le\u00f3n\",\"isPartOf\":{\"@id\":\"https:\\\/\\\/destinocastillayleon.es\\\/index\\\/#website\"},\"primaryImageOfPage\":{\"@id\":\"https:\\\/\\\/destinocastillayleon.es\\\/index\\\/iv-festival-rueda-rock\\\/#primaryimage\"},\"image\":{\"@id\":\"https:\\\/\\\/destinocastillayleon.es\\\/index\\\/iv-festival-rueda-rock\\\/#primaryimage\"},\"thumbnailUrl\":\"https:\\\/\\\/destinocastillayleon.es\\\/index\\\/wp-content\\\/uploads\\\/2019\\\/10\\\/II-Festival-Rueda-Rock.jpg\",\"datePublished\":\"2019-10-02T13:12:39+00:00\",\"author\":{\"@id\":\"https:\\\/\\\/destinocastillayleon.es\\\/index\\\/#\\\/schema\\\/person\\\/189221bc8f6cc4fa28b18ad5c289d4c2\"},\"description\":\"El pr\u00f3ximo fin de semana tienes una cita con el rock m\u00e1s duro en Rueda, Valladolid, para disfrutar entre otras cosas del IV Festival Rueda Rock.\",\"breadcrumb\":{\"@id\":\"https:\\\/\\\/destinocastillayleon.es\\\/index\\\/iv-festival-rueda-rock\\\/#breadcrumb\"},\"inLanguage\":\"es\",\"potentialAction\":[{\"@type\":\"ReadAction\",\"target\":[\"https:\\\/\\\/destinocastillayleon.es\\\/index\\\/iv-festival-rueda-rock\\\/\"]}]},{\"@type\":\"ImageObject\",\"inLanguage\":\"es\",\"@id\":\"https:\\\/\\\/destinocastillayleon.es\\\/index\\\/iv-festival-rueda-rock\\\/#primaryimage\",\"url\":\"https:\\\/\\\/destinocastillayleon.es\\\/index\\\/wp-content\\\/uploads\\\/2019\\\/10\\\/II-Festival-Rueda-Rock.jpg\",\"contentUrl\":\"https:\\\/\\\/destinocastillayleon.es\\\/index\\\/wp-content\\\/uploads\\\/2019\\\/10\\\/II-Festival-Rueda-Rock.jpg\",\"width\":800,\"height\":388,\"caption\":\"II Festival Rueda Rock\"},{\"@type\":\"BreadcrumbList\",\"@id\":\"https:\\\/\\\/destinocastillayleon.es\\\/index\\\/iv-festival-rueda-rock\\\/#breadcrumb\",\"itemListElement\":[{\"@type\":\"ListItem\",\"position\":1,\"name\":\"Portada\",\"item\":\"https:\\\/\\\/destinocastillayleon.es\\\/index\\\/\"},{\"@type\":\"ListItem\",\"position\":2,\"name\":\"IV Festival Rueda Rock\"}]},{\"@type\":\"WebSite\",\"@id\":\"https:\\\/\\\/destinocastillayleon.es\\\/index\\\/#website\",\"url\":\"https:\\\/\\\/destinocastillayleon.es\\\/index\\\/\",\"name\":\"Destino Castilla y Le\u00f3n\",\"description\":\"Medio digital independiente y revista de Castilla y Le\u00f3n dedicado al turismo, gastronom\u00eda y vino de Castilla y Le\u00f3n\",\"potentialAction\":[{\"@type\":\"SearchAction\",\"target\":{\"@type\":\"EntryPoint\",\"urlTemplate\":\"https:\\\/\\\/destinocastillayleon.es\\\/index\\\/?s={search_term_string}\"},\"query-input\":{\"@type\":\"PropertyValueSpecification\",\"valueRequired\":true,\"valueName\":\"search_term_string\"}}],\"inLanguage\":\"es\"},{\"@type\":\"Person\",\"@id\":\"https:\\\/\\\/destinocastillayleon.es\\\/index\\\/#\\\/schema\\\/person\\\/189221bc8f6cc4fa28b18ad5c289d4c2\",\"name\":\"David V\u00e1zquez\",\"image\":{\"@type\":\"ImageObject\",\"inLanguage\":\"es\",\"@id\":\"https:\\\/\\\/secure.gravatar.com\\\/avatar\\\/cd12db6c575a90c3b75cfa0f794b74d425201c768612fad17e9f13cd33d48be8?s=96&d=mm&r=g\",\"url\":\"https:\\\/\\\/secure.gravatar.com\\\/avatar\\\/cd12db6c575a90c3b75cfa0f794b74d425201c768612fad17e9f13cd33d48be8?s=96&d=mm&r=g\",\"contentUrl\":\"https:\\\/\\\/secure.gravatar.com\\\/avatar\\\/cd12db6c575a90c3b75cfa0f794b74d425201c768612fad17e9f13cd33d48be8?s=96&d=mm&r=g\",\"caption\":\"David V\u00e1zquez\"},\"description\":\"Ingeniero Industrial de vocaci\u00f3n y profesi\u00f3n, he encontrado en los blogs la forma de plasmar mi pasi\u00f3n por los viajes, la gastronom\u00eda y los vinos. Especialmente los procedentes de Castilla y Le\u00f3n\",\"sameAs\":[\"https:\\\/\\\/www.destinocastillayleon.es\",\"https:\\\/\\\/www.facebook.com\\\/profile.php?id=1158416854\",\"https:\\\/\\\/instagram.com\\\/conte.pantaleone\",\"https:\\\/\\\/www.linkedin.com\\\/pub\\\/david-vazquez-lozano\\\/37\\\/17a\\\/25a\",\"https:\\\/\\\/x.com\\\/https:\\\/\\\/twitter.com\\\/ContePantaleone\u200e\"],\"url\":\"https:\\\/\\\/destinocastillayleon.es\\\/index\\\/author\\\/coadministradorcyl\\\/\"}]}<\/script>\n<!-- \/ Yoast SEO Premium plugin. -->","yoast_head_json":{"title":"IV Festival Rueda Rock y otras actividades - Destino Castilla y Le\u00f3n","description":"El pr\u00f3ximo fin de semana tienes una cita con el rock m\u00e1s duro en Rueda, Valladolid, para disfrutar entre otras cosas del IV Festival Rueda Rock.","robots":{"index":"index","follow":"follow","max-snippet":"max-snippet:-1","max-image-preview":"max-image-preview:large","max-video-preview":"max-video-preview:-1"},"canonical":"https:\/\/destinocastillayleon.es\/index\/iv-festival-rueda-rock\/","og_locale":"es_ES","og_type":"article","og_title":"IV Festival Rueda Rock y otras actividades culturales en Rueda - Destino Castilla y Le\u00f3n","og_description":"El pr\u00f3ximo fin de semana tienes una cita con el rock m\u00e1s duro en Rueda, Valladolid, para disfrutar entre otras cosas del IV Festival Rueda Rock.","og_url":"https:\/\/destinocastillayleon.es\/index\/iv-festival-rueda-rock\/","og_site_name":"Destino Castilla y Le\u00f3n","article_publisher":"https:\/\/www.facebook.com\/DestinoCastillaYLeon\/","article_author":"https:\/\/www.facebook.com\/profile.php?id=1158416854","article_published_time":"2019-10-02T13:12:39+00:00","og_image":[{"width":800,"height":388,"url":"https:\/\/destinocastillayleon.es\/index\/wp-content\/uploads\/2019\/10\/II-Festival-Rueda-Rock.jpg","type":"image\/jpeg"}],"author":"David V\u00e1zquez","twitter_card":"summary_large_image","twitter_title":"IV Festival Rueda Rock y otras actividades culturales en Rueda - Destino Castilla y Le\u00f3n","twitter_creator":"@https:\/\/twitter.com\/ContePantaleone\u200e","twitter_site":"@destinocyl","twitter_misc":{"Escrito por":"David V\u00e1zquez","Tiempo de lectura":"5 minutos"},"schema":{"@context":"https:\/\/schema.org","@graph":[{"@type":"Article","@id":"https:\/\/destinocastillayleon.es\/index\/iv-festival-rueda-rock\/#article","isPartOf":{"@id":"https:\/\/destinocastillayleon.es\/index\/iv-festival-rueda-rock\/"},"author":{"name":"David V\u00e1zquez","@id":"https:\/\/destinocastillayleon.es\/index\/#\/schema\/person\/189221bc8f6cc4fa28b18ad5c289d4c2"},"headline":"IV Festival Rueda Rock","datePublished":"2019-10-02T13:12:39+00:00","mainEntityOfPage":{"@id":"https:\/\/destinocastillayleon.es\/index\/iv-festival-rueda-rock\/"},"wordCount":922,"commentCount":0,"image":{"@id":"https:\/\/destinocastillayleon.es\/index\/iv-festival-rueda-rock\/#primaryimage"},"thumbnailUrl":"https:\/\/destinocastillayleon.es\/index\/wp-content\/uploads\/2019\/10\/II-Festival-Rueda-Rock.jpg","keywords":["enoturismo","que hacer en Rueda","Rueda"],"articleSection":["Actualidad","Agenda","No rescatar en RRSS","Post_inicial","Valladolid Actualidad"],"inLanguage":"es","potentialAction":[{"@type":"CommentAction","name":"Comment","target":["https:\/\/destinocastillayleon.es\/index\/iv-festival-rueda-rock\/#respond"]}]},{"@type":"WebPage","@id":"https:\/\/destinocastillayleon.es\/index\/iv-festival-rueda-rock\/","url":"https:\/\/destinocastillayleon.es\/index\/iv-festival-rueda-rock\/","name":"IV Festival Rueda Rock y otras actividades - Destino Castilla y Le\u00f3n","isPartOf":{"@id":"https:\/\/destinocastillayleon.es\/index\/#website"},"primaryImageOfPage":{"@id":"https:\/\/destinocastillayleon.es\/index\/iv-festival-rueda-rock\/#primaryimage"},"image":{"@id":"https:\/\/destinocastillayleon.es\/index\/iv-festival-rueda-rock\/#primaryimage"},"thumbnailUrl":"https:\/\/destinocastillayleon.es\/index\/wp-content\/uploads\/2019\/10\/II-Festival-Rueda-Rock.jpg","datePublished":"2019-10-02T13:12:39+00:00","author":{"@id":"https:\/\/destinocastillayleon.es\/index\/#\/schema\/person\/189221bc8f6cc4fa28b18ad5c289d4c2"},"description":"El pr\u00f3ximo fin de semana tienes una cita con el rock m\u00e1s duro en Rueda, Valladolid, para disfrutar entre otras cosas del IV Festival Rueda Rock.","breadcrumb":{"@id":"https:\/\/destinocastillayleon.es\/index\/iv-festival-rueda-rock\/#breadcrumb"},"inLanguage":"es","potentialAction":[{"@type":"ReadAction","target":["https:\/\/destinocastillayleon.es\/index\/iv-festival-rueda-rock\/"]}]},{"@type":"ImageObject","inLanguage":"es","@id":"https:\/\/destinocastillayleon.es\/index\/iv-festival-rueda-rock\/#primaryimage","url":"https:\/\/destinocastillayleon.es\/index\/wp-content\/uploads\/2019\/10\/II-Festival-Rueda-Rock.jpg","contentUrl":"https:\/\/destinocastillayleon.es\/index\/wp-content\/uploads\/2019\/10\/II-Festival-Rueda-Rock.jpg","width":800,"height":388,"caption":"II Festival Rueda Rock"},{"@type":"BreadcrumbList","@id":"https:\/\/destinocastillayleon.es\/index\/iv-festival-rueda-rock\/#breadcrumb","itemListElement":[{"@type":"ListItem","position":1,"name":"Portada","item":"https:\/\/destinocastillayleon.es\/index\/"},{"@type":"ListItem","position":2,"name":"IV Festival Rueda Rock"}]},{"@type":"WebSite","@id":"https:\/\/destinocastillayleon.es\/index\/#website","url":"https:\/\/destinocastillayleon.es\/index\/","name":"Destino Castilla y Le\u00f3n","description":"Medio digital independiente y revista de Castilla y Le\u00f3n dedicado al turismo, gastronom\u00eda y vino de Castilla y Le\u00f3n","potentialAction":[{"@type":"SearchAction","target":{"@type":"EntryPoint","urlTemplate":"https:\/\/destinocastillayleon.es\/index\/?s={search_term_string}"},"query-input":{"@type":"PropertyValueSpecification","valueRequired":true,"valueName":"search_term_string"}}],"inLanguage":"es"},{"@type":"Person","@id":"https:\/\/destinocastillayleon.es\/index\/#\/schema\/person\/189221bc8f6cc4fa28b18ad5c289d4c2","name":"David V\u00e1zquez","image":{"@type":"ImageObject","inLanguage":"es","@id":"https:\/\/secure.gravatar.com\/avatar\/cd12db6c575a90c3b75cfa0f794b74d425201c768612fad17e9f13cd33d48be8?s=96&d=mm&r=g","url":"https:\/\/secure.gravatar.com\/avatar\/cd12db6c575a90c3b75cfa0f794b74d425201c768612fad17e9f13cd33d48be8?s=96&d=mm&r=g","contentUrl":"https:\/\/secure.gravatar.com\/avatar\/cd12db6c575a90c3b75cfa0f794b74d425201c768612fad17e9f13cd33d48be8?s=96&d=mm&r=g","caption":"David V\u00e1zquez"},"description":"Ingeniero Industrial de vocaci\u00f3n y profesi\u00f3n, he encontrado en los blogs la forma de plasmar mi pasi\u00f3n por los viajes, la gastronom\u00eda y los vinos. Especialmente los procedentes de Castilla y Le\u00f3n","sameAs":["https:\/\/www.destinocastillayleon.es","https:\/\/www.facebook.com\/profile.php?id=1158416854","https:\/\/instagram.com\/conte.pantaleone","https:\/\/www.linkedin.com\/pub\/david-vazquez-lozano\/37\/17a\/25a","https:\/\/x.com\/https:\/\/twitter.com\/ContePantaleone\u200e"],"url":"https:\/\/destinocastillayleon.es\/index\/author\/coadministradorcyl\/"}]}},"_links":{"self":[{"href":"https:\/\/destinocastillayleon.es\/index\/wp-json\/wp\/v2\/posts\/31627","targetHints":{"allow":["GET"]}}],"collection":[{"href":"https:\/\/destinocastillayleon.es\/index\/wp-json\/wp\/v2\/posts"}],"about":[{"href":"https:\/\/destinocastillayleon.es\/index\/wp-json\/wp\/v2\/types\/post"}],"author":[{"embeddable":true,"href":"https:\/\/destinocastillayleon.es\/index\/wp-json\/wp\/v2\/users\/2"}],"replies":[{"embeddable":true,"href":"https:\/\/destinocastillayleon.es\/index\/wp-json\/wp\/v2\/comments?post=31627"}],"version-history":[{"count":7,"href":"https:\/\/destinocastillayleon.es\/index\/wp-json\/wp\/v2\/posts\/31627\/revisions"}],"predecessor-version":[{"id":31641,"href":"https:\/\/destinocastillayleon.es\/index\/wp-json\/wp\/v2\/posts\/31627\/revisions\/31641"}],"wp:featuredmedia":[{"embeddable":true,"href":"https:\/\/destinocastillayleon.es\/index\/wp-json\/wp\/v2\/media\/31639"}],"wp:attachment":[{"href":"https:\/\/destinocastillayleon.es\/index\/wp-json\/wp\/v2\/media?parent=31627"}],"wp:term":[{"taxonomy":"category","embeddable":true,"href":"https:\/\/destinocastillayleon.es\/index\/wp-json\/wp\/v2\/categories?post=31627"},{"taxonomy":"post_tag","embeddable":true,"href":"https:\/\/destinocastillayleon.es\/index\/wp-json\/wp\/v2\/tags?post=31627"}],"curies":[{"name":"wp","href":"https:\/\/api.w.org\/{rel}","templated":true}]}}